{"id":1466,"date":"2024-11-09T22:43:25","date_gmt":"2024-11-09T21:43:25","guid":{"rendered":"https:\/\/www.strassenweb.de\/nachrichten\/so-pflanzen-sie-granatapfelkerne-damit-sie-im-herbst-suesse-fruechte-ernten-koennen\/"},"modified":"2024-11-09T22:43:26","modified_gmt":"2024-11-09T21:43:26","slug":"so-pflanzen-sie-granatapfelkerne-damit-sie-im-herbst-suesse-fruechte-ernten-koennen","status":"publish","type":"post","link":"https:\/\/www.strassenweb.de\/nachrichten\/so-pflanzen-sie-granatapfelkerne-damit-sie-im-herbst-suesse-fruechte-ernten-koennen\/","title":{"rendered":"So pflanzen Sie Granatapfelkerne \u2013 damit Sie im Herbst s\u00fc\u00dfe Fr\u00fcchte ernten k\u00f6nnen"},"content":{"rendered":"<p><\/p>\n<div id=\"article-body\" class=\"article__body \">\n<p>Granat\u00e4pfel aus dem eigenen Garten zu genie\u00dfen, ist f\u00fcr viele Obstg\u00e4rtner ein Privileg. W\u00e4hrend es m\u00f6glich ist, einen etablierten Granatapfelbaum in einer Baumschule zu kaufen, der fertig zum Pflanzen ist, kann es mit ein wenig Geduld viel lohnender sein, einen eigenen Baum von Grund auf zu z\u00fcchten.<\/p>\n<div id=\"ad-unit-1\" class=\"ad-unit\"><\/div>\n<p>Granatapfelb\u00e4ume und -str\u00e4ucher haben gl\u00e4nzende Bl\u00e4tter und sind im Nahen Osten beheimatet. Sie sind in den Winterh\u00e4rtezonen 7 bis 11 der USA winterhart und gibt es in einer Vielzahl von Sorten, darunter auch in kleineren Gr\u00f6\u00dfen, die es auf die Liste der besten Obstb\u00e4ume f\u00fcr den Topfanbau schaffen. Sie k\u00f6nnen sie aus ihren essbaren Samen ziehen und sie normalerweise im Herbst von ausgewachsenen B\u00e4umen ernten, wenn die Fr\u00fcchte eine tiefrot-violette Farbe annehmen.<\/p>\n<p>Wenn Sie sich der Herausforderung stellen m\u00f6chten, Ihren eigenen Granatapfelbaum zu z\u00fcchten, sind Sie hier genau richtig. Wir haben den ultimativen Leitfaden zum Pflanzen von Granatapfelkernen zusammengestellt, damit Sie mit selbst angebauten Fr\u00fcchten in Ihrem Garten beginnen k\u00f6nnen.<\/p>\n<div id=\"desktop-in-article\" class=\"in-article ad-unit\">\n<div id=\"desktop-taboola-mid-article\"><\/div>\n<\/div>\n<div id=\"mobile-in-article\" class=\"in-article ad-unit\">\n<div id=\"mobile-taboola-mid-article\"><\/div>\n<\/div>\n<figure class=\"van-image-figure inline-layout \" data-bordeaux-image-check>\n<div class=\"image-full-width-wrapper\">\n<div class=\"image-widthsetter\" style=\"max-width:2400px;\"><\/div>\n<\/div>\n<\/figure>\n<h3 class=\"article-body__section\" id=\"section-how-to-grow-pomegranate-from-seed\"><span>Wie man Granat\u00e4pfel aus Samen z\u00fcchtet<\/span><\/h3>\n<aside class=\"hawk-nest\" data-block-type=\"embed\" data-render-type=\"fte\" data-skip=\"dealsy\" data-widget-type=\"seasonal\">\n<div class=\"hawk-master-widget-hawk-base-wrapper\"><\/div>\n<\/aside>\n<p>\u201eS\u00e4mlinge keimen normalerweise innerhalb von 30 bis 40 Tagen\u201c, sagt Valeria Nyman, Gartenexpertin der Garten-App Taim.io. \u201eSeien Sie jedoch darauf vorbereitet, die lange Zeit in Kauf zu nehmen \u2013 die Fruchtbildung kann zwischen drei und f\u00fcnf Jahren dauern\u201c, f\u00fcgt sie hinzu.<\/p>\n<div class=\"van_vid_carousel\">\n<div class=\"van_vid_carousel__padding\">\n<div class=\"van_vid_carousel__container\"><\/div>\n<\/div>\n<\/div>\n<p>Robustere Granatapfelsorten vertragen Temperaturen von bis zu 14 \u00b0F. Wenn Sie jedoch in einem k\u00e4lteren Klima leben, ist es m\u00f6glicherweise am besten, eine Zwergsorte in einem Topf anzubauen, der in der k\u00e4lteren Jahreszeit in ein Gew\u00e4chshaus gestellt werden kann \u2013 wie dieser rote Granatapfelstrauch von schnell wachsenden B\u00e4umen.<\/p>\n<div id=\"ad-unit-2\" class=\"ad-unit\"><\/div>\n<p>Dennoch ist es am besten, die Samen drinnen auszus\u00e4en, um Ihren Granatapfelbaum in Schwung zu bringen. Hier finden Sie alles, was Sie wissen m\u00fcssen:<\/p>\n<h2 id=\"how-to-plant-pomegranate-seeds-3\">So pflanzen Sie Granatapfelkerne<\/h2>\n<figure class=\"van-image-figure inline-layout \" data-bordeaux-image-check>\n<div class=\"image-full-width-wrapper\">\n<div class=\"image-widthsetter\" style=\"max-width:2000px;\"><\/div>\n<\/div>\n<\/figure>\n<ul>\n<li><strong>Samen: <\/strong>Es gibt verschiedene M\u00f6glichkeiten, Granatapfelkerne zum Einpflanzen zu beschaffen. Sie k\u00f6nnen im Laden gekaufte Granatapfelkerne wie diese Granatapfelkerne von Walmart verwenden, diese sind jedoch m\u00f6glicherweise nicht die zuverl\u00e4ssigsten. \u201eNicht alle im Supermarkt erh\u00e4ltlichen Granat\u00e4pfel keimen wie die Mutterpflanze, da es sich bei vielen um Hybriden handelt\u201c, erkl\u00e4rt Valeria. \u201eUm bessere Ergebnisse zu erzielen, sollten Sie versuchen, Samen von Bio-Fr\u00fcchten zu sammeln, da diese mit gr\u00f6\u00dferer Wahrscheinlichkeit lebensf\u00e4hig sind\u201c, f\u00fcgt sie hinzu. Alternativ k\u00f6nnen Sie diese Granatapfelbaumsamen von Amazon pflanzen. Wichtig zu wissen ist, dass Sie Ihre Samen vor dem Pflanzen vom Arillus befreien m\u00fcssen, d. h. von der roten fleischigen H\u00fclle. \u201eLassen Sie die gereinigten Samen ein paar Tage trocknen, bevor Sie sie pflanzen\u201c, r\u00e4t Valeria. Unabh\u00e4ngig davon, welche Samen Sie pflanzen m\u00f6chten, m\u00fcssen Sie auch sicherstellen, dass Sie \u00fcber ein geeignetes Gef\u00e4\u00df f\u00fcr die Aussaat verf\u00fcgen, z. B. eine selbstgebaute Saatschale.<\/li>\n<li><strong>Boden: <\/strong>Wenn Sie einen Baum pflanzen, ist es wichtig zu wissen, welche Bodenart am besten geeignet ist. Granat\u00e4pfel gedeihen am besten in einem gut durchl\u00e4ssigen Boden mit einem leicht sauren pH-Wert. Diese Granatapfel-Blumenerdemischung von Amazon ist ideal zum Auspflanzen Ihres Granatapfelbaums. Verwenden Sie in der Zwischenzeit diese Saatgut-Starterde von Amazon f\u00fcr die Aussaat Ihrer Samen. \u201ePflanzen Sie die Samen etwa einen halben bis einen Zoll tief in ein feuchtes Pflanzsubstrat\u201c, sagt er <u>Tammy Sons<\/u>G\u00e4rtner und CEO von TN Nurseries. Einer der h\u00e4ufigsten Fehler bei der Aussaat von Samen besteht darin, die Samen nicht weit genug auseinander zu s\u00e4en. Versuchen Sie bei Granatapfelkernen, zwei oder drei in einem Segment Ihrer Samenschale zu verteilen.<\/li>\n<li><strong>Licht und Temperatur: <\/strong>\u201eGranatapfelkerne keimen am besten bei warmen Temperaturen von 25 bis 30 \u00b0C\u201c, bemerkt Tammy. Um das Keimen Ihrer Samen zu unterst\u00fctzen, stellen Sie Ihre Samenschale ebenfalls an einem Ort mit viel hellem Licht auf. M\u00f6glicherweise stellen Sie fest, dass Indoor-Anbausysteme die Keimung unterst\u00fctzen. Versuchen Sie, diese S\u00e4mlings-W\u00e4rmematte von Amazon zu verwenden, um Ihre Samen warm zu halten, und diese Wachstumslampe von Amazon, um f\u00fcr ausreichend Licht zu sorgen.<\/li>\n<li><strong>Wasser: <\/strong>Nach dem Pflanzen sollten Sie Ihre ges\u00e4ten Granatapfelkerne gut gie\u00dfen. Dies ist eine wesentliche Voraussetzung f\u00fcr die Samenkeimung. \u201eStellen Sie sicher, dass der Boden feucht, aber nicht durchn\u00e4sst bleibt\u201c, r\u00e4t Valeria. Mit diesem Feuchtigkeitsmesser von Amazon k\u00f6nnen Sie feststellen, wann Ihre Saaterde zum Auff\u00fcllen bereit ist \u2013 achten Sie darauf, dass sie nicht vollst\u00e4ndig austrocknet.<\/li>\n<\/ul>\n<h2 id=\"when-to-transplant-pomegranate-seedlings-3\">Wann sollten Granatapfels\u00e4mlinge verpflanzt werden?<\/h2>\n<figure class=\"van-image-figure inline-layout \" data-bordeaux-image-check>\n<div class=\"image-full-width-wrapper\">\n<div class=\"image-widthsetter\" style=\"max-width:2400px;\"><\/div>\n<\/div>\n<\/figure>\n<p>Nach etwa f\u00fcnf Wochen werden Sie bemerken, dass Ihre Granatapfelkerne sprie\u00dfen. Sorgen Sie weiterhin f\u00fcr optimale Licht-, Temperatur- und Feuchtigkeitsbedingungen, um das Wachstum des S\u00e4mlings zu f\u00f6rdern.<\/p>\n<p>\u201eSobald die S\u00e4mlinge eine H\u00f6he von etwa 10 bis 15 cm erreicht haben, k\u00f6nnen Sie sie verpflanzen\u201c, sagt Tammy.<\/p>\n<p>Wie bereits erw\u00e4hnt, k\u00f6nnen Sie Granatapfels\u00e4mlinge entweder direkt in die Erde oder in T\u00f6pfe pflanzen, je nachdem, welche Sorte Sie anbauen und wie gro\u00df sie wird.<\/p>\n<p>Achten Sie beim Pflanzen im Boden darauf, einen Standort zu w\u00e4hlen, der viel Sonne bekommt, aber vor starkem Wind gesch\u00fctzt ist: \u201eSorgen Sie w\u00e4hrend des Wachstums f\u00fcr ausreichend Sonnenlicht und Bel\u00fcftung\u201c, sagt Valeria. \u201eEs handelt sich in der Tat um d\u00fcrretolerante B\u00e4ume, aber sie freuen sich \u00fcber ein gr\u00fcndliches Einweichen von Zeit zu Zeit\u201c, f\u00fcgt sie hinzu.<\/p>\n<p>\u201eBew\u00e4ssern Sie den Granatapfel im ersten Jahr gut, um das Wurzelwachstum zu f\u00f6rdern.\u201c \u201eDanach k\u00f6nnen Sie etwa alle 10\u201314 Tage auf das Gie\u00dfen umsteigen\u201c, empfiehlt Tammy.<\/p>\n<h3 class=\"article-body__section\" id=\"section-faqs\"><span>FAQs<\/span><\/h3>\n<h2 id=\"how-do-you-harvest-pomegranate-seeds-3\">Wie erntet man Granatapfelkerne?<\/h2>\n<p>Sie k\u00f6nnen Granatapfelkerne aus einem Granatapfel ernten, indem Sie die Frucht aufschneiden und die Kerne herausl\u00f6ffeln \u2013 die rote fleischige H\u00fclle der Kerne: \u201eSch\u00e4len Sie die \u00e4u\u00dfere Schicht des Granatapfels, um die Kerne freizulegen, und sp\u00fclen Sie sie dann vorsichtig ab, um das Fruchtfleisch zu entfernen.\u201c sagt Valeria Nyman, Gartenexpertin der Garten-App Taim.io. Da es sich beim Granatapfel um eine z\u00e4he Frucht handelt, schneiden Sie ihn am besten vorsichtig mit einem scharfen K\u00fcchenmesser (erh\u00e4ltlich bei Walmart) auf.<\/p>\n<hr>\n<p>Das Z\u00fcchten eines Granatapfels aus Samen erfordert sicherlich etwas Geduld, da sich diese B\u00e4ume einige Jahre lang etablieren m\u00fcssen, bevor sie Fr\u00fcchte tragen. Um Ihren neuen Granatapfelbaum in einem gesunden Zustand und produktiv zu halten, erfahren Sie, wie Sie einen Granatapfelbaum oder -strauch beschneiden. Und wenn Sie auf der Suche nach einem einfacheren Obstbaum f\u00fcr den Innenanbau in Ihrem Zuhause sind, schauen Sie sich unsere Auswahl der besten Obstb\u00e4ume f\u00fcr den Innenbereich an.<\/p>\n<\/div>\n","protected":false},"excerpt":{"rendered":"<p>Granat\u00e4pfel aus dem eigenen Garten zu genie\u00dfen, ist f\u00fcr viele Obstg\u00e4rtner ein Privileg. W\u00e4hrend es m\u00f6glich ist, einen etablierten Granatapfelbaum in einer Baumschule zu kaufen,<\/p>\n","protected":false},"author":1,"featured_media":1467,"comment_status":"closed","ping_status":"","sticky":false,"template":"","format":"standard","meta":{"footnotes":""},"categories":[118],"tags":[598,1256,135,2722,203,689,246,165,2723],"class_list":["post-1466","post","type-post","status-publish","format-standard","has-post-thumbnail","hentry","category-haus-garten","tag-damit","tag-ernten","tag-fruechte","tag-granatapfelkerne","tag-herbst","tag-koennen","tag-pflanzen","tag-sie","tag-suesse","generate-columns","tablet-grid-50","mobile-grid-100","grid-parent","grid-50"],"yoast_head":"<!-- This site is optimized with the Yoast SEO plugin v27.3 - https:\/\/yoast.com\/product\/yoast-seo-wordpress\/ -->\n<title>So pflanzen Sie Granatapfelkerne \u2013 damit Sie im Herbst s\u00fc\u00dfe Fr\u00fcchte ernten k\u00f6nnen - Nachrichten - Stra\u00dfenweb<\/title>\n<meta name=\"robots\" content=\"index, follow, max-snippet:-1, max-image-preview:large, max-video-preview:-1\" \/>\n<link rel=\"canonical\" href=\"https:\/\/www.strassenweb.de\/nachrichten\/so-pflanzen-sie-granatapfelkerne-damit-sie-im-herbst-suesse-fruechte-ernten-koennen\/\" \/>\n<meta property=\"og:locale\" content=\"de_DE\" \/>\n<meta property=\"og:type\" content=\"article\" \/>\n<meta property=\"og:title\" content=\"So pflanzen Sie Granatapfelkerne \u2013 damit Sie im Herbst s\u00fc\u00dfe Fr\u00fcchte ernten k\u00f6nnen - Nachrichten - Stra\u00dfenweb\" \/>\n<meta property=\"og:description\" content=\"Granat\u00e4pfel aus dem eigenen Garten zu genie\u00dfen, ist f\u00fcr viele Obstg\u00e4rtner ein Privileg. W\u00e4hrend es m\u00f6glich ist, einen etablierten Granatapfelbaum in einer Baumschule zu kaufen,\" \/>\n<meta property=\"og:url\" content=\"https:\/\/www.strassenweb.de\/nachrichten\/so-pflanzen-sie-granatapfelkerne-damit-sie-im-herbst-suesse-fruechte-ernten-koennen\/\" \/>\n<meta property=\"og:site_name\" content=\"Stra\u00dfenweb\" \/>\n<meta property=\"article:publisher\" content=\"https:\/\/www.facebook.com\/strassenweb\/\" \/>\n<meta property=\"article:published_time\" content=\"2024-11-09T21:43:25+00:00\" \/>\n<meta property=\"article:modified_time\" content=\"2024-11-09T21:43:26+00:00\" \/>\n<meta property=\"og:image\" content=\"https:\/\/www.strassenweb.de\/nachrichten\/wp-content\/uploads\/2024\/11\/So-pflanzen-Sie-Granatapfelkerne-\u2013-damit-Sie-im-Herbst-suesse.jpg\" \/>\n\t<meta property=\"og:image:width\" content=\"1200\" \/>\n\t<meta property=\"og:image:height\" content=\"675\" \/>\n\t<meta property=\"og:image:type\" content=\"image\/jpeg\" \/>\n<meta name=\"author\" content=\"Robert Hoffmann\" \/>\n<meta name=\"twitter:card\" content=\"summary_large_image\" \/>\n<meta name=\"twitter:label1\" content=\"Verfasst von\" \/>\n\t<meta name=\"twitter:data1\" content=\"Robert Hoffmann\" \/>\n\t<meta name=\"twitter:label2\" content=\"Gesch\u00e4tzte Lesezeit\" \/>\n\t<meta name=\"twitter:data2\" content=\"5\u00a0Minuten\" \/>\n<script type=\"application\/ld+json\" class=\"yoast-schema-graph\">{\"@context\":\"https:\\\/\\\/schema.org\",\"@graph\":[{\"@type\":\"Article\",\"@id\":\"https:\\\/\\\/www.strassenweb.de\\\/nachrichten\\\/so-pflanzen-sie-granatapfelkerne-damit-sie-im-herbst-suesse-fruechte-ernten-koennen\\\/#article\",\"isPartOf\":{\"@id\":\"https:\\\/\\\/www.strassenweb.de\\\/nachrichten\\\/so-pflanzen-sie-granatapfelkerne-damit-sie-im-herbst-suesse-fruechte-ernten-koennen\\\/\"},\"author\":{\"name\":\"Robert Hoffmann\",\"@id\":\"https:\\\/\\\/www.strassenweb.de\\\/nachrichten\\\/#\\\/schema\\\/person\\\/87c9c9067f1211da429a744dc5a5aa41\"},\"headline\":\"So pflanzen Sie Granatapfelkerne \u2013 damit Sie im Herbst s\u00fc\u00dfe Fr\u00fcchte ernten k\u00f6nnen\",\"datePublished\":\"2024-11-09T21:43:25+00:00\",\"dateModified\":\"2024-11-09T21:43:26+00:00\",\"mainEntityOfPage\":{\"@id\":\"https:\\\/\\\/www.strassenweb.de\\\/nachrichten\\\/so-pflanzen-sie-granatapfelkerne-damit-sie-im-herbst-suesse-fruechte-ernten-koennen\\\/\"},\"wordCount\":1096,\"publisher\":{\"@id\":\"https:\\\/\\\/www.strassenweb.de\\\/nachrichten\\\/#organization\"},\"image\":{\"@id\":\"https:\\\/\\\/www.strassenweb.de\\\/nachrichten\\\/so-pflanzen-sie-granatapfelkerne-damit-sie-im-herbst-suesse-fruechte-ernten-koennen\\\/#primaryimage\"},\"thumbnailUrl\":\"https:\\\/\\\/www.strassenweb.de\\\/nachrichten\\\/wp-content\\\/uploads\\\/2024\\\/11\\\/So-pflanzen-Sie-Granatapfelkerne-\u2013-damit-Sie-im-Herbst-suesse.jpg\",\"keywords\":[\"damit\",\"ernten\",\"Fr\u00fcchte\",\"Granatapfelkerne\",\"Herbst\",\"k\u00f6nnen\",\"Pflanzen\",\"Sie\",\"s\u00fc\u00dfe\"],\"articleSection\":[\"Haus &amp; Garten\"],\"inLanguage\":\"de\"},{\"@type\":\"WebPage\",\"@id\":\"https:\\\/\\\/www.strassenweb.de\\\/nachrichten\\\/so-pflanzen-sie-granatapfelkerne-damit-sie-im-herbst-suesse-fruechte-ernten-koennen\\\/\",\"url\":\"https:\\\/\\\/www.strassenweb.de\\\/nachrichten\\\/so-pflanzen-sie-granatapfelkerne-damit-sie-im-herbst-suesse-fruechte-ernten-koennen\\\/\",\"name\":\"So pflanzen Sie Granatapfelkerne \u2013 damit Sie im Herbst s\u00fc\u00dfe Fr\u00fcchte ernten k\u00f6nnen - Nachrichten - Stra\u00dfenweb\",\"isPartOf\":{\"@id\":\"https:\\\/\\\/www.strassenweb.de\\\/nachrichten\\\/#website\"},\"primaryImageOfPage\":{\"@id\":\"https:\\\/\\\/www.strassenweb.de\\\/nachrichten\\\/so-pflanzen-sie-granatapfelkerne-damit-sie-im-herbst-suesse-fruechte-ernten-koennen\\\/#primaryimage\"},\"image\":{\"@id\":\"https:\\\/\\\/www.strassenweb.de\\\/nachrichten\\\/so-pflanzen-sie-granatapfelkerne-damit-sie-im-herbst-suesse-fruechte-ernten-koennen\\\/#primaryimage\"},\"thumbnailUrl\":\"https:\\\/\\\/www.strassenweb.de\\\/nachrichten\\\/wp-content\\\/uploads\\\/2024\\\/11\\\/So-pflanzen-Sie-Granatapfelkerne-\u2013-damit-Sie-im-Herbst-suesse.jpg\",\"datePublished\":\"2024-11-09T21:43:25+00:00\",\"dateModified\":\"2024-11-09T21:43:26+00:00\",\"breadcrumb\":{\"@id\":\"https:\\\/\\\/www.strassenweb.de\\\/nachrichten\\\/so-pflanzen-sie-granatapfelkerne-damit-sie-im-herbst-suesse-fruechte-ernten-koennen\\\/#breadcrumb\"},\"inLanguage\":\"de\",\"potentialAction\":[{\"@type\":\"ReadAction\",\"target\":[\"https:\\\/\\\/www.strassenweb.de\\\/nachrichten\\\/so-pflanzen-sie-granatapfelkerne-damit-sie-im-herbst-suesse-fruechte-ernten-koennen\\\/\"]}]},{\"@type\":\"ImageObject\",\"inLanguage\":\"de\",\"@id\":\"https:\\\/\\\/www.strassenweb.de\\\/nachrichten\\\/so-pflanzen-sie-granatapfelkerne-damit-sie-im-herbst-suesse-fruechte-ernten-koennen\\\/#primaryimage\",\"url\":\"https:\\\/\\\/www.strassenweb.de\\\/nachrichten\\\/wp-content\\\/uploads\\\/2024\\\/11\\\/So-pflanzen-Sie-Granatapfelkerne-\u2013-damit-Sie-im-Herbst-suesse.jpg\",\"contentUrl\":\"https:\\\/\\\/www.strassenweb.de\\\/nachrichten\\\/wp-content\\\/uploads\\\/2024\\\/11\\\/So-pflanzen-Sie-Granatapfelkerne-\u2013-damit-Sie-im-Herbst-suesse.jpg\",\"width\":1200,\"height\":675,\"caption\":\"So pflanzen Sie Granatapfelkerne \u2013 damit Sie im Herbst s\u00fc\u00dfe Fr\u00fcchte ernten k\u00f6nnen\"},{\"@type\":\"BreadcrumbList\",\"@id\":\"https:\\\/\\\/www.strassenweb.de\\\/nachrichten\\\/so-pflanzen-sie-granatapfelkerne-damit-sie-im-herbst-suesse-fruechte-ernten-koennen\\\/#breadcrumb\",\"itemListElement\":[{\"@type\":\"ListItem\",\"position\":1,\"name\":\"Home\",\"item\":\"https:\\\/\\\/www.strassenweb.de\\\/nachrichten\\\/\"},{\"@type\":\"ListItem\",\"position\":2,\"name\":\"So pflanzen Sie Granatapfelkerne \u2013 damit Sie im Herbst s\u00fc\u00dfe Fr\u00fcchte ernten k\u00f6nnen\"}]},{\"@type\":\"WebSite\",\"@id\":\"https:\\\/\\\/www.strassenweb.de\\\/nachrichten\\\/#website\",\"url\":\"https:\\\/\\\/www.strassenweb.de\\\/nachrichten\\\/\",\"name\":\"Stra\u00dfenweb\",\"description\":\"Stra\u00dfenverzeichnis f\u00fcr Deutschland\",\"publisher\":{\"@id\":\"https:\\\/\\\/www.strassenweb.de\\\/nachrichten\\\/#organization\"},\"potentialAction\":[{\"@type\":\"SearchAction\",\"target\":{\"@type\":\"EntryPoint\",\"urlTemplate\":\"https:\\\/\\\/www.strassenweb.de\\\/nachrichten\\\/?s={search_term_string}\"},\"query-input\":{\"@type\":\"PropertyValueSpecification\",\"valueRequired\":true,\"valueName\":\"search_term_string\"}}],\"inLanguage\":\"de\"},{\"@type\":\"Organization\",\"@id\":\"https:\\\/\\\/www.strassenweb.de\\\/nachrichten\\\/#organization\",\"name\":\"Stra\u00dfenweb\",\"url\":\"https:\\\/\\\/www.strassenweb.de\\\/nachrichten\\\/\",\"logo\":{\"@type\":\"ImageObject\",\"inLanguage\":\"de\",\"@id\":\"https:\\\/\\\/www.strassenweb.de\\\/nachrichten\\\/#\\\/schema\\\/logo\\\/image\\\/\",\"url\":\"https:\\\/\\\/www.strassenweb.de\\\/nachrichten\\\/wp-content\\\/uploads\\\/2024\\\/09\\\/cropped-favicon.png\",\"contentUrl\":\"https:\\\/\\\/www.strassenweb.de\\\/nachrichten\\\/wp-content\\\/uploads\\\/2024\\\/09\\\/cropped-favicon.png\",\"width\":512,\"height\":512,\"caption\":\"Stra\u00dfenweb\"},\"image\":{\"@id\":\"https:\\\/\\\/www.strassenweb.de\\\/nachrichten\\\/#\\\/schema\\\/logo\\\/image\\\/\"},\"sameAs\":[\"https:\\\/\\\/www.facebook.com\\\/strassenweb\\\/\"]},{\"@type\":\"Person\",\"@id\":\"https:\\\/\\\/www.strassenweb.de\\\/nachrichten\\\/#\\\/schema\\\/person\\\/87c9c9067f1211da429a744dc5a5aa41\",\"name\":\"Robert Hoffmann\",\"image\":{\"@type\":\"ImageObject\",\"inLanguage\":\"de\",\"@id\":\"https:\\\/\\\/www.strassenweb.de\\\/nachrichten\\\/wp-content\\\/uploads\\\/2024\\\/09\\\/strassenweb-150x150.jpg\",\"url\":\"https:\\\/\\\/www.strassenweb.de\\\/nachrichten\\\/wp-content\\\/uploads\\\/2024\\\/09\\\/strassenweb-150x150.jpg\",\"contentUrl\":\"https:\\\/\\\/www.strassenweb.de\\\/nachrichten\\\/wp-content\\\/uploads\\\/2024\\\/09\\\/strassenweb-150x150.jpg\",\"caption\":\"Robert Hoffmann\"},\"description\":\"Ich hei\u00dfe Robert Hoffmann und ich bin ein leidenschaftlicher Verfechter von \u00d6kologie und Biodiversit\u00e4t. Seit meiner Kindheit in den W\u00e4ldern Bayerns f\u00fchle ich mich mit der Natur verbunden und bin entschlossen, sie zu sch\u00fctzen. Heute widme ich mein Leben der Sensibilisierung anderer f\u00fcr die Bedeutung des Umweltschutzes f\u00fcr zuk\u00fcnftige Generationen.\",\"sameAs\":[\"https:\\\/\\\/www.strassenweb.de\\\/\"]}]}<\/script>\n<!-- \/ Yoast SEO plugin. -->","yoast_head_json":{"title":"So pflanzen Sie Granatapfelkerne \u2013 damit Sie im Herbst s\u00fc\u00dfe Fr\u00fcchte ernten k\u00f6nnen - Nachrichten - Stra\u00dfenweb","robots":{"index":"index","follow":"follow","max-snippet":"max-snippet:-1","max-image-preview":"max-image-preview:large","max-video-preview":"max-video-preview:-1"},"canonical":"https:\/\/www.strassenweb.de\/nachrichten\/so-pflanzen-sie-granatapfelkerne-damit-sie-im-herbst-suesse-fruechte-ernten-koennen\/","og_locale":"de_DE","og_type":"article","og_title":"So pflanzen Sie Granatapfelkerne \u2013 damit Sie im Herbst s\u00fc\u00dfe Fr\u00fcchte ernten k\u00f6nnen - Nachrichten - Stra\u00dfenweb","og_description":"Granat\u00e4pfel aus dem eigenen Garten zu genie\u00dfen, ist f\u00fcr viele Obstg\u00e4rtner ein Privileg. W\u00e4hrend es m\u00f6glich ist, einen etablierten Granatapfelbaum in einer Baumschule zu kaufen,","og_url":"https:\/\/www.strassenweb.de\/nachrichten\/so-pflanzen-sie-granatapfelkerne-damit-sie-im-herbst-suesse-fruechte-ernten-koennen\/","og_site_name":"Stra\u00dfenweb","article_publisher":"https:\/\/www.facebook.com\/strassenweb\/","article_published_time":"2024-11-09T21:43:25+00:00","article_modified_time":"2024-11-09T21:43:26+00:00","og_image":[{"width":1200,"height":675,"url":"https:\/\/www.strassenweb.de\/nachrichten\/wp-content\/uploads\/2024\/11\/So-pflanzen-Sie-Granatapfelkerne-\u2013-damit-Sie-im-Herbst-suesse.jpg","type":"image\/jpeg"}],"author":"Robert Hoffmann","twitter_card":"summary_large_image","twitter_misc":{"Verfasst von":"Robert Hoffmann","Gesch\u00e4tzte Lesezeit":"5\u00a0Minuten"},"schema":{"@context":"https:\/\/schema.org","@graph":[{"@type":"Article","@id":"https:\/\/www.strassenweb.de\/nachrichten\/so-pflanzen-sie-granatapfelkerne-damit-sie-im-herbst-suesse-fruechte-ernten-koennen\/#article","isPartOf":{"@id":"https:\/\/www.strassenweb.de\/nachrichten\/so-pflanzen-sie-granatapfelkerne-damit-sie-im-herbst-suesse-fruechte-ernten-koennen\/"},"author":{"name":"Robert Hoffmann","@id":"https:\/\/www.strassenweb.de\/nachrichten\/#\/schema\/person\/87c9c9067f1211da429a744dc5a5aa41"},"headline":"So pflanzen Sie Granatapfelkerne \u2013 damit Sie im Herbst s\u00fc\u00dfe Fr\u00fcchte ernten k\u00f6nnen","datePublished":"2024-11-09T21:43:25+00:00","dateModified":"2024-11-09T21:43:26+00:00","mainEntityOfPage":{"@id":"https:\/\/www.strassenweb.de\/nachrichten\/so-pflanzen-sie-granatapfelkerne-damit-sie-im-herbst-suesse-fruechte-ernten-koennen\/"},"wordCount":1096,"publisher":{"@id":"https:\/\/www.strassenweb.de\/nachrichten\/#organization"},"image":{"@id":"https:\/\/www.strassenweb.de\/nachrichten\/so-pflanzen-sie-granatapfelkerne-damit-sie-im-herbst-suesse-fruechte-ernten-koennen\/#primaryimage"},"thumbnailUrl":"https:\/\/www.strassenweb.de\/nachrichten\/wp-content\/uploads\/2024\/11\/So-pflanzen-Sie-Granatapfelkerne-\u2013-damit-Sie-im-Herbst-suesse.jpg","keywords":["damit","ernten","Fr\u00fcchte","Granatapfelkerne","Herbst","k\u00f6nnen","Pflanzen","Sie","s\u00fc\u00dfe"],"articleSection":["Haus &amp; Garten"],"inLanguage":"de"},{"@type":"WebPage","@id":"https:\/\/www.strassenweb.de\/nachrichten\/so-pflanzen-sie-granatapfelkerne-damit-sie-im-herbst-suesse-fruechte-ernten-koennen\/","url":"https:\/\/www.strassenweb.de\/nachrichten\/so-pflanzen-sie-granatapfelkerne-damit-sie-im-herbst-suesse-fruechte-ernten-koennen\/","name":"So pflanzen Sie Granatapfelkerne \u2013 damit Sie im Herbst s\u00fc\u00dfe Fr\u00fcchte ernten k\u00f6nnen - Nachrichten - Stra\u00dfenweb","isPartOf":{"@id":"https:\/\/www.strassenweb.de\/nachrichten\/#website"},"primaryImageOfPage":{"@id":"https:\/\/www.strassenweb.de\/nachrichten\/so-pflanzen-sie-granatapfelkerne-damit-sie-im-herbst-suesse-fruechte-ernten-koennen\/#primaryimage"},"image":{"@id":"https:\/\/www.strassenweb.de\/nachrichten\/so-pflanzen-sie-granatapfelkerne-damit-sie-im-herbst-suesse-fruechte-ernten-koennen\/#primaryimage"},"thumbnailUrl":"https:\/\/www.strassenweb.de\/nachrichten\/wp-content\/uploads\/2024\/11\/So-pflanzen-Sie-Granatapfelkerne-\u2013-damit-Sie-im-Herbst-suesse.jpg","datePublished":"2024-11-09T21:43:25+00:00","dateModified":"2024-11-09T21:43:26+00:00","breadcrumb":{"@id":"https:\/\/www.strassenweb.de\/nachrichten\/so-pflanzen-sie-granatapfelkerne-damit-sie-im-herbst-suesse-fruechte-ernten-koennen\/#breadcrumb"},"inLanguage":"de","potentialAction":[{"@type":"ReadAction","target":["https:\/\/www.strassenweb.de\/nachrichten\/so-pflanzen-sie-granatapfelkerne-damit-sie-im-herbst-suesse-fruechte-ernten-koennen\/"]}]},{"@type":"ImageObject","inLanguage":"de","@id":"https:\/\/www.strassenweb.de\/nachrichten\/so-pflanzen-sie-granatapfelkerne-damit-sie-im-herbst-suesse-fruechte-ernten-koennen\/#primaryimage","url":"https:\/\/www.strassenweb.de\/nachrichten\/wp-content\/uploads\/2024\/11\/So-pflanzen-Sie-Granatapfelkerne-\u2013-damit-Sie-im-Herbst-suesse.jpg","contentUrl":"https:\/\/www.strassenweb.de\/nachrichten\/wp-content\/uploads\/2024\/11\/So-pflanzen-Sie-Granatapfelkerne-\u2013-damit-Sie-im-Herbst-suesse.jpg","width":1200,"height":675,"caption":"So pflanzen Sie Granatapfelkerne \u2013 damit Sie im Herbst s\u00fc\u00dfe Fr\u00fcchte ernten k\u00f6nnen"},{"@type":"BreadcrumbList","@id":"https:\/\/www.strassenweb.de\/nachrichten\/so-pflanzen-sie-granatapfelkerne-damit-sie-im-herbst-suesse-fruechte-ernten-koennen\/#breadcrumb","itemListElement":[{"@type":"ListItem","position":1,"name":"Home","item":"https:\/\/www.strassenweb.de\/nachrichten\/"},{"@type":"ListItem","position":2,"name":"So pflanzen Sie Granatapfelkerne \u2013 damit Sie im Herbst s\u00fc\u00dfe Fr\u00fcchte ernten k\u00f6nnen"}]},{"@type":"WebSite","@id":"https:\/\/www.strassenweb.de\/nachrichten\/#website","url":"https:\/\/www.strassenweb.de\/nachrichten\/","name":"Stra\u00dfenweb","description":"Stra\u00dfenverzeichnis f\u00fcr Deutschland","publisher":{"@id":"https:\/\/www.strassenweb.de\/nachrichten\/#organization"},"potentialAction":[{"@type":"SearchAction","target":{"@type":"EntryPoint","urlTemplate":"https:\/\/www.strassenweb.de\/nachrichten\/?s={search_term_string}"},"query-input":{"@type":"PropertyValueSpecification","valueRequired":true,"valueName":"search_term_string"}}],"inLanguage":"de"},{"@type":"Organization","@id":"https:\/\/www.strassenweb.de\/nachrichten\/#organization","name":"Stra\u00dfenweb","url":"https:\/\/www.strassenweb.de\/nachrichten\/","logo":{"@type":"ImageObject","inLanguage":"de","@id":"https:\/\/www.strassenweb.de\/nachrichten\/#\/schema\/logo\/image\/","url":"https:\/\/www.strassenweb.de\/nachrichten\/wp-content\/uploads\/2024\/09\/cropped-favicon.png","contentUrl":"https:\/\/www.strassenweb.de\/nachrichten\/wp-content\/uploads\/2024\/09\/cropped-favicon.png","width":512,"height":512,"caption":"Stra\u00dfenweb"},"image":{"@id":"https:\/\/www.strassenweb.de\/nachrichten\/#\/schema\/logo\/image\/"},"sameAs":["https:\/\/www.facebook.com\/strassenweb\/"]},{"@type":"Person","@id":"https:\/\/www.strassenweb.de\/nachrichten\/#\/schema\/person\/87c9c9067f1211da429a744dc5a5aa41","name":"Robert Hoffmann","image":{"@type":"ImageObject","inLanguage":"de","@id":"https:\/\/www.strassenweb.de\/nachrichten\/wp-content\/uploads\/2024\/09\/strassenweb-150x150.jpg","url":"https:\/\/www.strassenweb.de\/nachrichten\/wp-content\/uploads\/2024\/09\/strassenweb-150x150.jpg","contentUrl":"https:\/\/www.strassenweb.de\/nachrichten\/wp-content\/uploads\/2024\/09\/strassenweb-150x150.jpg","caption":"Robert Hoffmann"},"description":"Ich hei\u00dfe Robert Hoffmann und ich bin ein leidenschaftlicher Verfechter von \u00d6kologie und Biodiversit\u00e4t. Seit meiner Kindheit in den W\u00e4ldern Bayerns f\u00fchle ich mich mit der Natur verbunden und bin entschlossen, sie zu sch\u00fctzen. Heute widme ich mein Leben der Sensibilisierung anderer f\u00fcr die Bedeutung des Umweltschutzes f\u00fcr zuk\u00fcnftige Generationen.","sameAs":["https:\/\/www.strassenweb.de\/"]}]}},"_links":{"self":[{"href":"https:\/\/www.strassenweb.de\/nachrichten\/wp-json\/wp\/v2\/posts\/1466","targetHints":{"allow":["GET"]}}],"collection":[{"href":"https:\/\/www.strassenweb.de\/nachrichten\/wp-json\/wp\/v2\/posts"}],"about":[{"href":"https:\/\/www.strassenweb.de\/nachrichten\/wp-json\/wp\/v2\/types\/post"}],"author":[{"embeddable":true,"href":"https:\/\/www.strassenweb.de\/nachrichten\/wp-json\/wp\/v2\/users\/1"}],"replies":[{"embeddable":true,"href":"https:\/\/www.strassenweb.de\/nachrichten\/wp-json\/wp\/v2\/comments?post=1466"}],"version-history":[{"count":0,"href":"https:\/\/www.strassenweb.de\/nachrichten\/wp-json\/wp\/v2\/posts\/1466\/revisions"}],"wp:featuredmedia":[{"embeddable":true,"href":"https:\/\/www.strassenweb.de\/nachrichten\/wp-json\/wp\/v2\/media\/1467"}],"wp:attachment":[{"href":"https:\/\/www.strassenweb.de\/nachrichten\/wp-json\/wp\/v2\/media?parent=1466"}],"wp:term":[{"taxonomy":"category","embeddable":true,"href":"https:\/\/www.strassenweb.de\/nachrichten\/wp-json\/wp\/v2\/categories?post=1466"},{"taxonomy":"post_tag","embeddable":true,"href":"https:\/\/www.strassenweb.de\/nachrichten\/wp-json\/wp\/v2\/tags?post=1466"}],"curies":[{"name":"wp","href":"https:\/\/api.w.org\/{rel}","templated":true}]}}