{"id":1454,"date":"2024-11-09T10:05:02","date_gmt":"2024-11-09T09:05:02","guid":{"rendered":"https:\/\/www.strassenweb.de\/nachrichten\/am-9-november-1989-begeht-deutschland-den-35-jahrestag-des-falls-der-berliner-mauer-inmitten-einer-neuen-phase-der-teilung\/"},"modified":"2024-11-09T10:05:04","modified_gmt":"2024-11-09T09:05:04","slug":"am-9-november-1989-begeht-deutschland-den-35-jahrestag-des-falls-der-berliner-mauer-inmitten-einer-neuen-phase-der-teilung","status":"publish","type":"post","link":"https:\/\/www.strassenweb.de\/nachrichten\/am-9-november-1989-begeht-deutschland-den-35-jahrestag-des-falls-der-berliner-mauer-inmitten-einer-neuen-phase-der-teilung\/","title":{"rendered":"Am 9. November 1989 begeht Deutschland den 35. Jahrestag des Falls der Berliner Mauer inmitten einer neuen Phase der Teilung"},"content":{"rendered":"<footer class=\"article-main__signed\"><\/footer>\n<p>Deutschland gedenkt an diesem Samstag <b>der 35. Jahrestag des Falls der Berliner Mauer<\/b>das Ereignis, das das Ende der Nachkriegstrennung zwischen Ost und West des Landes markierte, in einer Zeit der politischen Krise aufgrund des Zusammenbruchs der Regierungskoalition unter der F\u00fchrung von Bundeskanzler Olaf Scholz, der die Bev\u00f6lkerung dazu aufgefordert hat Aus\u00fcbung der Einheit in einem \u201eherausfordernden\u201c politischen Moment sowohl f\u00fcr das Land als auch f\u00fcr die Welt.<\/p>\n<p>\u201eDie Botschaft der Revolution von 1989 ist aktueller denn je: Mut, Vertrauen und Solidarit\u00e4t tragen Fr\u00fcchte. Wir erreichen nichts gegeneinander, wir sind nur gemeinsam stark\u201c, sagte der Kanzler in einer auf seinen sozialen Netzwerken ver\u00f6ffentlichten Botschaft.<\/p>\n<p>\u201eUnsere gemeinsame Geschichte im Herbst 1989 zeigt uns, wie wir unsere Ziele erreicht haben: indem wir vereint blieben, f\u00fcr Frieden und Freiheit, f\u00fcr Sicherheit und Wohlstand, f\u00fcr Rechtsstaatlichkeit und Demokratie\u201c, sagte die Kanzlerin in einer Videobotschaft<b> hat den Fall der Mauer als \u201egl\u00fccklichen H\u00f6hepunkt einer gesamteurop\u00e4ischen Entwicklung\u201c bezeichnet<\/b>.<\/p>\n<div class=\"article-main__social-embed\">\n<div data-mod=\"a3mod_twitter\" data-id=\"1855158398188183600\"><\/div>\n<\/div>\n<p>In diesem Sinne rief Scholz zur internationalen Solidarit\u00e4t im Allgemeinen und zur europ\u00e4ischen Solidarit\u00e4t im Besonderen auf und erinnerte in derselben Botschaft, die von der Deutschen Welle aufgegriffen wurde, daran, wie Deutschlands \u201eNachbarn\u201c zu diesem historischen Ereignis beigetragen haben.<\/p>\n<h2 class=\"title-h2\">Zusammenbruch der Koalition<\/h2>\n<p>Letzten Mittwoch, <b>Scholz k\u00fcndigte den Austritt der Liberalen aus der Regierungskoalition an<\/b>Gleichzeitig stellte er sicher, dass er sich am 15. Januar einer Vertrauensabstimmung unterziehen w\u00fcrde, was Neuwahlen im M\u00e4rz bedeuten w\u00fcrde. Obwohl der deutsche Bundeskanzler eine \u00c4nderung des Kalenders zun\u00e4chst ausschloss, \u00e4u\u00dferte er sich an diesem Freitag zum Abschluss des informellen Europ\u00e4ischen Rates in Budapest nicht so kategorisch.<\/p>\n<p>Der Bruch der Koalition aus SPD, Gr\u00fcnen und FDP ist auf Unstimmigkeiten \u00fcber die 1-Milliarde-Euro-Haushaltsl\u00fccke und die Wirtschaftskrise im Land zur\u00fcckzuf\u00fchren, deren Reaktion zu einer Spaltung innerhalb des B\u00fcndnisses gef\u00fchrt hat .<\/p>\n<p>So ist der wichtigste Oppositionsf\u00fchrer, Friedrich Merz, bereits offizieller Kanzlerkandidat der Konservativen und erscheint als Favorit in der Wahlabsicht, w\u00e4hrend der amtierende Wirtschaftsminister Robert Habeck an diesem Freitag seine Absicht bekannt gab, als Kandidat zu kandidieren Kandidat der Partei Los Verdes, Mitglied der aktuellen Regierungskoalition.<\/p>\n<h2 class=\"title-h2\">Gedenkwochenende<\/h2>\n<p>An diesem Wochenende wird die Stadt Berlin entlang der vier Kilometer langen Strecke der alten Mauer mit Tausenden von Plakaten bedeckt sein <b>Insbesondere am Sonntag wird die Hauptstadt des Landes Schauplatz eines Makrokonzerts mit einer Gruppe von \u201eHunderten\u201c popul\u00e4ren Musikern sein<\/b>wie der Stadtrat auf seiner Website erkl\u00e4rt.<\/p>\n<p>Die Mauer teilte Berlin von 1961 bis 1989 in zwei H\u00e4lften, einen Osten und einen Westen, die jeweils zum sozialistischen Staat der Deutschen Demokratischen Republik, zum Gebiet unter sowjetischer Besatzung nach dem Ende des Zweiten Weltkriegs und zur Bundesrepublik Deutschland geh\u00f6rten , im Einklang mit den Vereinigten Staaten und ihren westlichen Verb\u00fcndeten.<\/p>\n<p>Das Bauwerk war Ausdruck des sogenannten Eisernen Vorhangs, des historischen Wettbewerbs zwischen der Sowjetunion und den Vereinigten Staaten w\u00e4hrend des Kalten Krieges, und seine Aufhebung f\u00fchrte schlie\u00dflich dazu, dass nach der Schlie\u00dfung der ostdeutschen Beh\u00f6rden der einzige verbleibende Raum zwischen Ost und West geschlossen wurde den gr\u00f6\u00dften Teil der Grenze zu Westdeutschland, von der Ostsee bis zur ehemaligen Tschechoslowakei, im Jahr 1952.<\/p>\n<p>Der Fall der Mauer gipfelte schlie\u00dflich in einer Welle von Protesten, die einen Monat zuvor die Spaltung des Pr\u00e4sidenten der Deutschen Demokratischen Republik, Erich Honecker, ausgel\u00f6st hatte. Massendemonstrationen forderten eine Reform des Landes \u00e4hnlich der des sowjetischen F\u00fchrers Michail Gorbatschow.<\/p>\n<p>Schlie\u00dflich k\u00fcndigte der Informationssekret\u00e4r der Sozialistischen Einheitspartei Deutschlands, G\u00fcnter Schabowski, in einer bedeutsamen Nachtpressekonferenz am 9. November 1989 an, dass die B\u00fcrger des Landes legal ins Ausland reisen d\u00fcrften, bis dahin das Privileg einiger weniger.<\/p>\n<div><\/div>\n<p>Schabowski deutete mit zweifelnder Miene und zur \u00dcberraschung aller anwesenden Medien an, dass diese Ma\u00dfnahme sofort in Kraft treten w\u00fcrde, obwohl ihre Umsetzung in Wirklichkeit f\u00fcr 04:00 Uhr morgens des n\u00e4chsten Tages geplant war, aber die Entscheidung fiel bereits gegossen: Seine Aussage l\u00f6ste kurz vor Mitternacht die sofortige Mobilisierung Zehntausender Menschen aus, als die Grenzschutzbeamten beschlossen, die Grenz\u00fcberg\u00e4nge zu \u00f6ffnen, und die B\u00fcrger begannen, das historische Bauwerk abzurei\u00dfen, das nun in ein Relikt umgewandelt wurde.<\/p>\n","protected":false},"excerpt":{"rendered":"<p>Deutschland gedenkt an diesem Samstag der 35. Jahrestag des Falls der Berliner Mauerdas Ereignis, das das Ende der Nachkriegstrennung zwischen Ost und West des Landes<\/p>\n","protected":false},"author":1,"featured_media":1455,"comment_status":"closed","ping_status":"","sticky":false,"template":"","format":"standard","meta":{"footnotes":""},"categories":[4],"tags":[2700,2702,78,81,281,35,303,2701,2704,339,2703,494,926,2366,2705],"class_list":["post-1454","post","type-post","status-publish","format-standard","has-post-thumbnail","hentry","category-aktuelle-nachrichten","tag-begeht","tag-berliner","tag-den","tag-der","tag-des","tag-deutschland","tag-einer","tag-falls","tag-inmitten","tag-jahrestag","tag-mauer","tag-neuen","tag-november","tag-phase","tag-teilung","generate-columns","tablet-grid-50","mobile-grid-100","grid-parent","grid-50"],"yoast_head":"<!-- This site is optimized with the Yoast SEO plugin v27.3 - https:\/\/yoast.com\/product\/yoast-seo-wordpress\/ -->\n<title>Am 9. November 1989 begeht Deutschland den 35. Jahrestag des Falls der Berliner Mauer inmitten einer neuen Phase der Teilung - Nachrichten - Stra\u00dfenweb<\/title>\n<meta name=\"robots\" content=\"index, follow, max-snippet:-1, max-image-preview:large, max-video-preview:-1\" \/>\n<link rel=\"canonical\" href=\"https:\/\/www.strassenweb.de\/nachrichten\/am-9-november-1989-begeht-deutschland-den-35-jahrestag-des-falls-der-berliner-mauer-inmitten-einer-neuen-phase-der-teilung\/\" \/>\n<meta property=\"og:locale\" content=\"de_DE\" \/>\n<meta property=\"og:type\" content=\"article\" \/>\n<meta property=\"og:title\" content=\"Am 9. November 1989 begeht Deutschland den 35. Jahrestag des Falls der Berliner Mauer inmitten einer neuen Phase der Teilung - Nachrichten - Stra\u00dfenweb\" \/>\n<meta property=\"og:description\" content=\"Deutschland gedenkt an diesem Samstag der 35. Jahrestag des Falls der Berliner Mauerdas Ereignis, das das Ende der Nachkriegstrennung zwischen Ost und West des Landes\" \/>\n<meta property=\"og:url\" content=\"https:\/\/www.strassenweb.de\/nachrichten\/am-9-november-1989-begeht-deutschland-den-35-jahrestag-des-falls-der-berliner-mauer-inmitten-einer-neuen-phase-der-teilung\/\" \/>\n<meta property=\"og:site_name\" content=\"Stra\u00dfenweb\" \/>\n<meta property=\"article:publisher\" content=\"https:\/\/www.facebook.com\/strassenweb\/\" \/>\n<meta property=\"article:published_time\" content=\"2024-11-09T09:05:02+00:00\" \/>\n<meta property=\"article:modified_time\" content=\"2024-11-09T09:05:04+00:00\" \/>\n<meta property=\"og:image\" content=\"https:\/\/www.strassenweb.de\/nachrichten\/wp-content\/uploads\/2024\/11\/Am-9-November-1989-begeht-Deutschland-den-35-Jahrestag-des.jpeg\" \/>\n\t<meta property=\"og:image:width\" content=\"1280\" \/>\n\t<meta property=\"og:image:height\" content=\"720\" \/>\n\t<meta property=\"og:image:type\" content=\"image\/jpeg\" \/>\n<meta name=\"author\" content=\"Robert Hoffmann\" \/>\n<meta name=\"twitter:card\" content=\"summary_large_image\" \/>\n<meta name=\"twitter:label1\" content=\"Verfasst von\" \/>\n\t<meta name=\"twitter:data1\" content=\"Robert Hoffmann\" \/>\n\t<meta name=\"twitter:label2\" content=\"Gesch\u00e4tzte Lesezeit\" \/>\n\t<meta name=\"twitter:data2\" content=\"3\u00a0Minuten\" \/>\n<script type=\"application\/ld+json\" class=\"yoast-schema-graph\">{\"@context\":\"https:\\\/\\\/schema.org\",\"@graph\":[{\"@type\":\"Article\",\"@id\":\"https:\\\/\\\/www.strassenweb.de\\\/nachrichten\\\/am-9-november-1989-begeht-deutschland-den-35-jahrestag-des-falls-der-berliner-mauer-inmitten-einer-neuen-phase-der-teilung\\\/#article\",\"isPartOf\":{\"@id\":\"https:\\\/\\\/www.strassenweb.de\\\/nachrichten\\\/am-9-november-1989-begeht-deutschland-den-35-jahrestag-des-falls-der-berliner-mauer-inmitten-einer-neuen-phase-der-teilung\\\/\"},\"author\":{\"name\":\"Robert Hoffmann\",\"@id\":\"https:\\\/\\\/www.strassenweb.de\\\/nachrichten\\\/#\\\/schema\\\/person\\\/87c9c9067f1211da429a744dc5a5aa41\"},\"headline\":\"Am 9. November 1989 begeht Deutschland den 35. Jahrestag des Falls der Berliner Mauer inmitten einer neuen Phase der Teilung\",\"datePublished\":\"2024-11-09T09:05:02+00:00\",\"dateModified\":\"2024-11-09T09:05:04+00:00\",\"mainEntityOfPage\":{\"@id\":\"https:\\\/\\\/www.strassenweb.de\\\/nachrichten\\\/am-9-november-1989-begeht-deutschland-den-35-jahrestag-des-falls-der-berliner-mauer-inmitten-einer-neuen-phase-der-teilung\\\/\"},\"wordCount\":707,\"publisher\":{\"@id\":\"https:\\\/\\\/www.strassenweb.de\\\/nachrichten\\\/#organization\"},\"image\":{\"@id\":\"https:\\\/\\\/www.strassenweb.de\\\/nachrichten\\\/am-9-november-1989-begeht-deutschland-den-35-jahrestag-des-falls-der-berliner-mauer-inmitten-einer-neuen-phase-der-teilung\\\/#primaryimage\"},\"thumbnailUrl\":\"https:\\\/\\\/www.strassenweb.de\\\/nachrichten\\\/wp-content\\\/uploads\\\/2024\\\/11\\\/Am-9-November-1989-begeht-Deutschland-den-35-Jahrestag-des.jpeg\",\"keywords\":[\"begeht\",\"Berliner\",\"den\",\"der\",\"des\",\"Deutschland\",\"einer\",\"Falls\",\"inmitten\",\"Jahrestag\",\"Mauer\",\"neuen\",\"November\",\"Phase\",\"Teilung\"],\"articleSection\":[\"Aktuelle Nachrichten\"],\"inLanguage\":\"de\"},{\"@type\":\"WebPage\",\"@id\":\"https:\\\/\\\/www.strassenweb.de\\\/nachrichten\\\/am-9-november-1989-begeht-deutschland-den-35-jahrestag-des-falls-der-berliner-mauer-inmitten-einer-neuen-phase-der-teilung\\\/\",\"url\":\"https:\\\/\\\/www.strassenweb.de\\\/nachrichten\\\/am-9-november-1989-begeht-deutschland-den-35-jahrestag-des-falls-der-berliner-mauer-inmitten-einer-neuen-phase-der-teilung\\\/\",\"name\":\"Am 9. November 1989 begeht Deutschland den 35. Jahrestag des Falls der Berliner Mauer inmitten einer neuen Phase der Teilung - Nachrichten - Stra\u00dfenweb\",\"isPartOf\":{\"@id\":\"https:\\\/\\\/www.strassenweb.de\\\/nachrichten\\\/#website\"},\"primaryImageOfPage\":{\"@id\":\"https:\\\/\\\/www.strassenweb.de\\\/nachrichten\\\/am-9-november-1989-begeht-deutschland-den-35-jahrestag-des-falls-der-berliner-mauer-inmitten-einer-neuen-phase-der-teilung\\\/#primaryimage\"},\"image\":{\"@id\":\"https:\\\/\\\/www.strassenweb.de\\\/nachrichten\\\/am-9-november-1989-begeht-deutschland-den-35-jahrestag-des-falls-der-berliner-mauer-inmitten-einer-neuen-phase-der-teilung\\\/#primaryimage\"},\"thumbnailUrl\":\"https:\\\/\\\/www.strassenweb.de\\\/nachrichten\\\/wp-content\\\/uploads\\\/2024\\\/11\\\/Am-9-November-1989-begeht-Deutschland-den-35-Jahrestag-des.jpeg\",\"datePublished\":\"2024-11-09T09:05:02+00:00\",\"dateModified\":\"2024-11-09T09:05:04+00:00\",\"breadcrumb\":{\"@id\":\"https:\\\/\\\/www.strassenweb.de\\\/nachrichten\\\/am-9-november-1989-begeht-deutschland-den-35-jahrestag-des-falls-der-berliner-mauer-inmitten-einer-neuen-phase-der-teilung\\\/#breadcrumb\"},\"inLanguage\":\"de\",\"potentialAction\":[{\"@type\":\"ReadAction\",\"target\":[\"https:\\\/\\\/www.strassenweb.de\\\/nachrichten\\\/am-9-november-1989-begeht-deutschland-den-35-jahrestag-des-falls-der-berliner-mauer-inmitten-einer-neuen-phase-der-teilung\\\/\"]}]},{\"@type\":\"ImageObject\",\"inLanguage\":\"de\",\"@id\":\"https:\\\/\\\/www.strassenweb.de\\\/nachrichten\\\/am-9-november-1989-begeht-deutschland-den-35-jahrestag-des-falls-der-berliner-mauer-inmitten-einer-neuen-phase-der-teilung\\\/#primaryimage\",\"url\":\"https:\\\/\\\/www.strassenweb.de\\\/nachrichten\\\/wp-content\\\/uploads\\\/2024\\\/11\\\/Am-9-November-1989-begeht-Deutschland-den-35-Jahrestag-des.jpeg\",\"contentUrl\":\"https:\\\/\\\/www.strassenweb.de\\\/nachrichten\\\/wp-content\\\/uploads\\\/2024\\\/11\\\/Am-9-November-1989-begeht-Deutschland-den-35-Jahrestag-des.jpeg\",\"width\":1280,\"height\":720,\"caption\":\"Am 9. November 1989 begeht Deutschland den 35. Jahrestag des Falls der Berliner Mauer inmitten einer neuen Phase der Teilung\"},{\"@type\":\"BreadcrumbList\",\"@id\":\"https:\\\/\\\/www.strassenweb.de\\\/nachrichten\\\/am-9-november-1989-begeht-deutschland-den-35-jahrestag-des-falls-der-berliner-mauer-inmitten-einer-neuen-phase-der-teilung\\\/#breadcrumb\",\"itemListElement\":[{\"@type\":\"ListItem\",\"position\":1,\"name\":\"Home\",\"item\":\"https:\\\/\\\/www.strassenweb.de\\\/nachrichten\\\/\"},{\"@type\":\"ListItem\",\"position\":2,\"name\":\"Am 9. November 1989 begeht Deutschland den 35. Jahrestag des Falls der Berliner Mauer inmitten einer neuen Phase der Teilung\"}]},{\"@type\":\"WebSite\",\"@id\":\"https:\\\/\\\/www.strassenweb.de\\\/nachrichten\\\/#website\",\"url\":\"https:\\\/\\\/www.strassenweb.de\\\/nachrichten\\\/\",\"name\":\"Stra\u00dfenweb\",\"description\":\"Stra\u00dfenverzeichnis f\u00fcr Deutschland\",\"publisher\":{\"@id\":\"https:\\\/\\\/www.strassenweb.de\\\/nachrichten\\\/#organization\"},\"potentialAction\":[{\"@type\":\"SearchAction\",\"target\":{\"@type\":\"EntryPoint\",\"urlTemplate\":\"https:\\\/\\\/www.strassenweb.de\\\/nachrichten\\\/?s={search_term_string}\"},\"query-input\":{\"@type\":\"PropertyValueSpecification\",\"valueRequired\":true,\"valueName\":\"search_term_string\"}}],\"inLanguage\":\"de\"},{\"@type\":\"Organization\",\"@id\":\"https:\\\/\\\/www.strassenweb.de\\\/nachrichten\\\/#organization\",\"name\":\"Stra\u00dfenweb\",\"url\":\"https:\\\/\\\/www.strassenweb.de\\\/nachrichten\\\/\",\"logo\":{\"@type\":\"ImageObject\",\"inLanguage\":\"de\",\"@id\":\"https:\\\/\\\/www.strassenweb.de\\\/nachrichten\\\/#\\\/schema\\\/logo\\\/image\\\/\",\"url\":\"https:\\\/\\\/www.strassenweb.de\\\/nachrichten\\\/wp-content\\\/uploads\\\/2024\\\/09\\\/cropped-favicon.png\",\"contentUrl\":\"https:\\\/\\\/www.strassenweb.de\\\/nachrichten\\\/wp-content\\\/uploads\\\/2024\\\/09\\\/cropped-favicon.png\",\"width\":512,\"height\":512,\"caption\":\"Stra\u00dfenweb\"},\"image\":{\"@id\":\"https:\\\/\\\/www.strassenweb.de\\\/nachrichten\\\/#\\\/schema\\\/logo\\\/image\\\/\"},\"sameAs\":[\"https:\\\/\\\/www.facebook.com\\\/strassenweb\\\/\"]},{\"@type\":\"Person\",\"@id\":\"https:\\\/\\\/www.strassenweb.de\\\/nachrichten\\\/#\\\/schema\\\/person\\\/87c9c9067f1211da429a744dc5a5aa41\",\"name\":\"Robert Hoffmann\",\"image\":{\"@type\":\"ImageObject\",\"inLanguage\":\"de\",\"@id\":\"https:\\\/\\\/www.strassenweb.de\\\/nachrichten\\\/wp-content\\\/uploads\\\/2024\\\/09\\\/strassenweb-150x150.jpg\",\"url\":\"https:\\\/\\\/www.strassenweb.de\\\/nachrichten\\\/wp-content\\\/uploads\\\/2024\\\/09\\\/strassenweb-150x150.jpg\",\"contentUrl\":\"https:\\\/\\\/www.strassenweb.de\\\/nachrichten\\\/wp-content\\\/uploads\\\/2024\\\/09\\\/strassenweb-150x150.jpg\",\"caption\":\"Robert Hoffmann\"},\"description\":\"Ich hei\u00dfe Robert Hoffmann und ich bin ein leidenschaftlicher Verfechter von \u00d6kologie und Biodiversit\u00e4t. Seit meiner Kindheit in den W\u00e4ldern Bayerns f\u00fchle ich mich mit der Natur verbunden und bin entschlossen, sie zu sch\u00fctzen. Heute widme ich mein Leben der Sensibilisierung anderer f\u00fcr die Bedeutung des Umweltschutzes f\u00fcr zuk\u00fcnftige Generationen.\",\"sameAs\":[\"https:\\\/\\\/www.strassenweb.de\\\/\"]}]}<\/script>\n<!-- \/ Yoast SEO plugin. -->","yoast_head_json":{"title":"Am 9. November 1989 begeht Deutschland den 35. Jahrestag des Falls der Berliner Mauer inmitten einer neuen Phase der Teilung - Nachrichten - Stra\u00dfenweb","robots":{"index":"index","follow":"follow","max-snippet":"max-snippet:-1","max-image-preview":"max-image-preview:large","max-video-preview":"max-video-preview:-1"},"canonical":"https:\/\/www.strassenweb.de\/nachrichten\/am-9-november-1989-begeht-deutschland-den-35-jahrestag-des-falls-der-berliner-mauer-inmitten-einer-neuen-phase-der-teilung\/","og_locale":"de_DE","og_type":"article","og_title":"Am 9. November 1989 begeht Deutschland den 35. Jahrestag des Falls der Berliner Mauer inmitten einer neuen Phase der Teilung - Nachrichten - Stra\u00dfenweb","og_description":"Deutschland gedenkt an diesem Samstag der 35. Jahrestag des Falls der Berliner Mauerdas Ereignis, das das Ende der Nachkriegstrennung zwischen Ost und West des Landes","og_url":"https:\/\/www.strassenweb.de\/nachrichten\/am-9-november-1989-begeht-deutschland-den-35-jahrestag-des-falls-der-berliner-mauer-inmitten-einer-neuen-phase-der-teilung\/","og_site_name":"Stra\u00dfenweb","article_publisher":"https:\/\/www.facebook.com\/strassenweb\/","article_published_time":"2024-11-09T09:05:02+00:00","article_modified_time":"2024-11-09T09:05:04+00:00","og_image":[{"width":1280,"height":720,"url":"https:\/\/www.strassenweb.de\/nachrichten\/wp-content\/uploads\/2024\/11\/Am-9-November-1989-begeht-Deutschland-den-35-Jahrestag-des.jpeg","type":"image\/jpeg"}],"author":"Robert Hoffmann","twitter_card":"summary_large_image","twitter_misc":{"Verfasst von":"Robert Hoffmann","Gesch\u00e4tzte Lesezeit":"3\u00a0Minuten"},"schema":{"@context":"https:\/\/schema.org","@graph":[{"@type":"Article","@id":"https:\/\/www.strassenweb.de\/nachrichten\/am-9-november-1989-begeht-deutschland-den-35-jahrestag-des-falls-der-berliner-mauer-inmitten-einer-neuen-phase-der-teilung\/#article","isPartOf":{"@id":"https:\/\/www.strassenweb.de\/nachrichten\/am-9-november-1989-begeht-deutschland-den-35-jahrestag-des-falls-der-berliner-mauer-inmitten-einer-neuen-phase-der-teilung\/"},"author":{"name":"Robert Hoffmann","@id":"https:\/\/www.strassenweb.de\/nachrichten\/#\/schema\/person\/87c9c9067f1211da429a744dc5a5aa41"},"headline":"Am 9. November 1989 begeht Deutschland den 35. Jahrestag des Falls der Berliner Mauer inmitten einer neuen Phase der Teilung","datePublished":"2024-11-09T09:05:02+00:00","dateModified":"2024-11-09T09:05:04+00:00","mainEntityOfPage":{"@id":"https:\/\/www.strassenweb.de\/nachrichten\/am-9-november-1989-begeht-deutschland-den-35-jahrestag-des-falls-der-berliner-mauer-inmitten-einer-neuen-phase-der-teilung\/"},"wordCount":707,"publisher":{"@id":"https:\/\/www.strassenweb.de\/nachrichten\/#organization"},"image":{"@id":"https:\/\/www.strassenweb.de\/nachrichten\/am-9-november-1989-begeht-deutschland-den-35-jahrestag-des-falls-der-berliner-mauer-inmitten-einer-neuen-phase-der-teilung\/#primaryimage"},"thumbnailUrl":"https:\/\/www.strassenweb.de\/nachrichten\/wp-content\/uploads\/2024\/11\/Am-9-November-1989-begeht-Deutschland-den-35-Jahrestag-des.jpeg","keywords":["begeht","Berliner","den","der","des","Deutschland","einer","Falls","inmitten","Jahrestag","Mauer","neuen","November","Phase","Teilung"],"articleSection":["Aktuelle Nachrichten"],"inLanguage":"de"},{"@type":"WebPage","@id":"https:\/\/www.strassenweb.de\/nachrichten\/am-9-november-1989-begeht-deutschland-den-35-jahrestag-des-falls-der-berliner-mauer-inmitten-einer-neuen-phase-der-teilung\/","url":"https:\/\/www.strassenweb.de\/nachrichten\/am-9-november-1989-begeht-deutschland-den-35-jahrestag-des-falls-der-berliner-mauer-inmitten-einer-neuen-phase-der-teilung\/","name":"Am 9. November 1989 begeht Deutschland den 35. Jahrestag des Falls der Berliner Mauer inmitten einer neuen Phase der Teilung - Nachrichten - Stra\u00dfenweb","isPartOf":{"@id":"https:\/\/www.strassenweb.de\/nachrichten\/#website"},"primaryImageOfPage":{"@id":"https:\/\/www.strassenweb.de\/nachrichten\/am-9-november-1989-begeht-deutschland-den-35-jahrestag-des-falls-der-berliner-mauer-inmitten-einer-neuen-phase-der-teilung\/#primaryimage"},"image":{"@id":"https:\/\/www.strassenweb.de\/nachrichten\/am-9-november-1989-begeht-deutschland-den-35-jahrestag-des-falls-der-berliner-mauer-inmitten-einer-neuen-phase-der-teilung\/#primaryimage"},"thumbnailUrl":"https:\/\/www.strassenweb.de\/nachrichten\/wp-content\/uploads\/2024\/11\/Am-9-November-1989-begeht-Deutschland-den-35-Jahrestag-des.jpeg","datePublished":"2024-11-09T09:05:02+00:00","dateModified":"2024-11-09T09:05:04+00:00","breadcrumb":{"@id":"https:\/\/www.strassenweb.de\/nachrichten\/am-9-november-1989-begeht-deutschland-den-35-jahrestag-des-falls-der-berliner-mauer-inmitten-einer-neuen-phase-der-teilung\/#breadcrumb"},"inLanguage":"de","potentialAction":[{"@type":"ReadAction","target":["https:\/\/www.strassenweb.de\/nachrichten\/am-9-november-1989-begeht-deutschland-den-35-jahrestag-des-falls-der-berliner-mauer-inmitten-einer-neuen-phase-der-teilung\/"]}]},{"@type":"ImageObject","inLanguage":"de","@id":"https:\/\/www.strassenweb.de\/nachrichten\/am-9-november-1989-begeht-deutschland-den-35-jahrestag-des-falls-der-berliner-mauer-inmitten-einer-neuen-phase-der-teilung\/#primaryimage","url":"https:\/\/www.strassenweb.de\/nachrichten\/wp-content\/uploads\/2024\/11\/Am-9-November-1989-begeht-Deutschland-den-35-Jahrestag-des.jpeg","contentUrl":"https:\/\/www.strassenweb.de\/nachrichten\/wp-content\/uploads\/2024\/11\/Am-9-November-1989-begeht-Deutschland-den-35-Jahrestag-des.jpeg","width":1280,"height":720,"caption":"Am 9. November 1989 begeht Deutschland den 35. Jahrestag des Falls der Berliner Mauer inmitten einer neuen Phase der Teilung"},{"@type":"BreadcrumbList","@id":"https:\/\/www.strassenweb.de\/nachrichten\/am-9-november-1989-begeht-deutschland-den-35-jahrestag-des-falls-der-berliner-mauer-inmitten-einer-neuen-phase-der-teilung\/#breadcrumb","itemListElement":[{"@type":"ListItem","position":1,"name":"Home","item":"https:\/\/www.strassenweb.de\/nachrichten\/"},{"@type":"ListItem","position":2,"name":"Am 9. November 1989 begeht Deutschland den 35. Jahrestag des Falls der Berliner Mauer inmitten einer neuen Phase der Teilung"}]},{"@type":"WebSite","@id":"https:\/\/www.strassenweb.de\/nachrichten\/#website","url":"https:\/\/www.strassenweb.de\/nachrichten\/","name":"Stra\u00dfenweb","description":"Stra\u00dfenverzeichnis f\u00fcr Deutschland","publisher":{"@id":"https:\/\/www.strassenweb.de\/nachrichten\/#organization"},"potentialAction":[{"@type":"SearchAction","target":{"@type":"EntryPoint","urlTemplate":"https:\/\/www.strassenweb.de\/nachrichten\/?s={search_term_string}"},"query-input":{"@type":"PropertyValueSpecification","valueRequired":true,"valueName":"search_term_string"}}],"inLanguage":"de"},{"@type":"Organization","@id":"https:\/\/www.strassenweb.de\/nachrichten\/#organization","name":"Stra\u00dfenweb","url":"https:\/\/www.strassenweb.de\/nachrichten\/","logo":{"@type":"ImageObject","inLanguage":"de","@id":"https:\/\/www.strassenweb.de\/nachrichten\/#\/schema\/logo\/image\/","url":"https:\/\/www.strassenweb.de\/nachrichten\/wp-content\/uploads\/2024\/09\/cropped-favicon.png","contentUrl":"https:\/\/www.strassenweb.de\/nachrichten\/wp-content\/uploads\/2024\/09\/cropped-favicon.png","width":512,"height":512,"caption":"Stra\u00dfenweb"},"image":{"@id":"https:\/\/www.strassenweb.de\/nachrichten\/#\/schema\/logo\/image\/"},"sameAs":["https:\/\/www.facebook.com\/strassenweb\/"]},{"@type":"Person","@id":"https:\/\/www.strassenweb.de\/nachrichten\/#\/schema\/person\/87c9c9067f1211da429a744dc5a5aa41","name":"Robert Hoffmann","image":{"@type":"ImageObject","inLanguage":"de","@id":"https:\/\/www.strassenweb.de\/nachrichten\/wp-content\/uploads\/2024\/09\/strassenweb-150x150.jpg","url":"https:\/\/www.strassenweb.de\/nachrichten\/wp-content\/uploads\/2024\/09\/strassenweb-150x150.jpg","contentUrl":"https:\/\/www.strassenweb.de\/nachrichten\/wp-content\/uploads\/2024\/09\/strassenweb-150x150.jpg","caption":"Robert Hoffmann"},"description":"Ich hei\u00dfe Robert Hoffmann und ich bin ein leidenschaftlicher Verfechter von \u00d6kologie und Biodiversit\u00e4t. Seit meiner Kindheit in den W\u00e4ldern Bayerns f\u00fchle ich mich mit der Natur verbunden und bin entschlossen, sie zu sch\u00fctzen. Heute widme ich mein Leben der Sensibilisierung anderer f\u00fcr die Bedeutung des Umweltschutzes f\u00fcr zuk\u00fcnftige Generationen.","sameAs":["https:\/\/www.strassenweb.de\/"]}]}},"_links":{"self":[{"href":"https:\/\/www.strassenweb.de\/nachrichten\/wp-json\/wp\/v2\/posts\/1454","targetHints":{"allow":["GET"]}}],"collection":[{"href":"https:\/\/www.strassenweb.de\/nachrichten\/wp-json\/wp\/v2\/posts"}],"about":[{"href":"https:\/\/www.strassenweb.de\/nachrichten\/wp-json\/wp\/v2\/types\/post"}],"author":[{"embeddable":true,"href":"https:\/\/www.strassenweb.de\/nachrichten\/wp-json\/wp\/v2\/users\/1"}],"replies":[{"embeddable":true,"href":"https:\/\/www.strassenweb.de\/nachrichten\/wp-json\/wp\/v2\/comments?post=1454"}],"version-history":[{"count":0,"href":"https:\/\/www.strassenweb.de\/nachrichten\/wp-json\/wp\/v2\/posts\/1454\/revisions"}],"wp:featuredmedia":[{"embeddable":true,"href":"https:\/\/www.strassenweb.de\/nachrichten\/wp-json\/wp\/v2\/media\/1455"}],"wp:attachment":[{"href":"https:\/\/www.strassenweb.de\/nachrichten\/wp-json\/wp\/v2\/media?parent=1454"}],"wp:term":[{"taxonomy":"category","embeddable":true,"href":"https:\/\/www.strassenweb.de\/nachrichten\/wp-json\/wp\/v2\/categories?post=1454"},{"taxonomy":"post_tag","embeddable":true,"href":"https:\/\/www.strassenweb.de\/nachrichten\/wp-json\/wp\/v2\/tags?post=1454"}],"curies":[{"name":"wp","href":"https:\/\/api.w.org\/{rel}","templated":true}]}}