{"id":1448,"date":"2024-11-09T06:59:30","date_gmt":"2024-11-09T05:59:30","guid":{"rendered":"https:\/\/www.strassenweb.de\/nachrichten\/die-beruhigende-veranda-von-miranda-lambert-greift-einen-immergruenen-trend-auf-und-die-lieblingsfarbe-der-natur-hat-eine-besondere-ausstrahlung\/"},"modified":"2024-11-09T06:59:31","modified_gmt":"2024-11-09T05:59:31","slug":"die-beruhigende-veranda-von-miranda-lambert-greift-einen-immergruenen-trend-auf-und-die-lieblingsfarbe-der-natur-hat-eine-besondere-ausstrahlung","status":"publish","type":"post","link":"https:\/\/www.strassenweb.de\/nachrichten\/die-beruhigende-veranda-von-miranda-lambert-greift-einen-immergruenen-trend-auf-und-die-lieblingsfarbe-der-natur-hat-eine-besondere-ausstrahlung\/","title":{"rendered":"Die beruhigende Veranda von Miranda Lambert greift einen immergr\u00fcnen Trend auf \u2013 und die Lieblingsfarbe der Natur hat eine besondere Ausstrahlung"},"content":{"rendered":"<p><\/p>\n<div id=\"article-body\" class=\"article__body \">\n<p>F\u00fcr manche ist eine Veranda eine Oase; ein zweites Wohnzimmer, in dem es reichlich Sitzgelegenheiten gibt und bei dem die Farben ebenso sorgf\u00e4ltig \u00fcberlegt sind. Miranda Lambert ist in diesem Lager, das die Veranda liebt.<\/p>\n<div id=\"ad-unit-1\" class=\"ad-unit\"><\/div>\n<p>Die S\u00e4ngerin hat k\u00fcrzlich auf ihrer Instagram-Seite einen Clip geteilt, in dem sie auf einem Rattanstuhl sitzt und ihre gr\u00fcn gestrichenen W\u00e4nde im Blick hat. Ihre gr\u00fcnen W\u00e4nde sind leicht get\u00e4felt und in einem k\u00fchlen, erdenden Farbton gehalten. Wir lieben die K\u00fchnheit ihrer Farbwahl und haben uns dazu gebracht, dar\u00fcber nachzudenken, wie wir mit gr\u00fcner Farbe dekorieren k\u00f6nnten. Es stellt sich heraus, dass die Vorteile zahlreich sind.<\/p>\n<aside class=\"hawk-nest\" data-block-type=\"embed\" data-render-type=\"fte\" data-skip=\"dealsy\" data-widget-type=\"seasonal\">\n<div class=\"hawk-master-widget-hawk-base-wrapper\"><\/div>\n<\/aside>\n<p>Laut Experten wirkt sich die Farbe Gr\u00fcn, die in Designkonzepten wie Japandi und Organic Modern eine zentrale Rolle spielt, nicht nur optisch ansprechend aus, sondern wirkt sich auch positiv auf den Wert eines Hauses aus. \u201eDie Dekoration einer Veranda oder des Au\u00dfenbereichs eines Hauses mit gr\u00fcner Farbe kann ein mutiges und einladendes Statement setzen, das nicht nur die Attraktivit\u00e4t steigert, sondern auch den Wert eines Hauses auf subtile Weise steigern kann\u201c, sagt die in Westchester ans\u00e4ssige Designerin Nina Lichtenstein. \u201eGr\u00fcn in seinen vielen Farbt\u00f6nen ist eine vielseitige Wahl, die ein Haus mit seiner nat\u00fcrlichen Umgebung verbindet und es bei Designern und Hausbesitzern gleicherma\u00dfen beliebt macht.\u201c<\/p>\n<div id=\"desktop-in-article\" class=\"in-article ad-unit\">\n<div id=\"desktop-taboola-mid-article\"><\/div>\n<\/div>\n<div id=\"mobile-in-article\" class=\"in-article ad-unit\">\n<div id=\"mobile-taboola-mid-article\"><\/div>\n<\/div>\n<div class=\"instagram-embed\">\n<blockquote class=\"instagram-media\" data-instgrm-captioned data-instgrm-version=\"6\" style=\"width:99.375%; width:-webkit-calc(100% - 2px); width:calc(100% - 2px);\">\n<p>Ein von Miranda Lambert (@mirandalambert) geteilter Beitrag<\/p>\n<p>Ein Foto gepostet von am <\/p>\n<\/blockquote>\n<\/div>\n<p>Es ist der perfekte Farbton f\u00fcr Au\u00dfenw\u00e4nde. Lichtenstein f\u00e4hrt fort: \u201eVon tiefen Waldt\u00f6nen bis hin zu frischem Salbei und Olivgr\u00fcn schafft die gr\u00fcne Au\u00dfenfarbe eine Atmosph\u00e4re von Ruhe und zeitlosem Charme.\u201c Es ist eine Farbe, die sich geerdet und dauerhaft anf\u00fchlt, ein Gef\u00fchl von W\u00e4rme vermittelt und gleichzeitig wunderbar mit zeitgen\u00f6ssischen und traditionellen Architekturstilen harmoniert. Dunklere Gr\u00fcnt\u00f6ne wie J\u00e4gergr\u00fcn oder Smaragd wirken besonders eindrucksvoll an Haust\u00fcren oder Fensterl\u00e4den, wo sie Tiefe und Raffinesse verleihen. Sanftere Farbt\u00f6ne wie Salbei oder Minze wirken erfrischend und zug\u00e4nglich und schaffen eine einladende Atmosph\u00e4re, die G\u00e4ste mit einem Gef\u00fchl der Ruhe einl\u00e4dt.\u201c<\/p>\n<div class=\"van_vid_carousel\">\n<div class=\"van_vid_carousel__padding\">\n<div class=\"van_vid_carousel__container\"><\/div>\n<\/div>\n<\/div>\n<p>Gr\u00fcn greift auch den anhaltenden nat\u00fcrlichen und organischen modernen Dekortrend auf, der erdige und nachhaltige Materialien bevorzugt. Lichtenstein erkl\u00e4rt: \u201eDa Gr\u00fcnt\u00f6ne immer beliebter werden, werden sie zunehmend als sowohl stilvolle als auch nachhaltige Wahl angesehen, was einem gr\u00f6\u00dferen Trend zu nat\u00fcrlichen, von der Erde inspirierten Farbpaletten im Wohndesign entspricht.\u201c \u201eDieser Wandel hat Gr\u00fcn zu einer begehrten Farbe gemacht, die K\u00e4ufer ansprechend finden, sei es f\u00fcr einen gem\u00fctlichen Bungalow oder ein herrschaftliches Kolonialhaus.\u201c<\/p>\n<div id=\"ad-unit-2\" class=\"ad-unit\"><\/div>\n<h2 id=\"shop-the-olive-green-edit-3\">Kaufen Sie den Olive Green Edit<\/h2>\n<p>Wenn Sie die Verandafarbe von Lambert lieben, k\u00f6nnen Sie den Look ganz einfach in Ihrem eigenen Zuhause nachahmen, auch ohne Farbe. Die Integration einiger sorgf\u00e4ltig ausgew\u00e4hlter gr\u00fcner M\u00f6bel kann das gleiche beruhigende, nat\u00fcrliche Gef\u00fchl erzeugen.<\/p>\n<div class=\"product-container hero-product-container product-block-no-wrap\"><\/div>\n<hr>\n<p>Wenn Sie die Attraktivit\u00e4t von Bordsteinen steigern und zeitlose Farbtrends nutzen m\u00f6chten, ist Gr\u00fcn m\u00f6glicherweise die beste Wahl. Lichtenstein r\u00e4t: \u201eF\u00fcr Hausbesitzer, die einen Au\u00dfenbereich schaffen m\u00f6chten, der zeitlos und dennoch im Trend liegt, ist Gr\u00fcn eine au\u00dfergew\u00f6hnliche Wahl.\u201c Durch seine Vielseitigkeit in Bezug auf Farbton und Stil f\u00e4llt es auf und f\u00fcgt sich perfekt in nat\u00fcrliche Landschaften ein. Es bietet ein harmonisches, gehobenes Erscheinungsbild, das jedem Zuhause das Gef\u00fchl gibt, sowohl erfrischt als auch mit der Natur verwurzelt zu sein.\u201c<\/p>\n<div id=\"slice-container-newsletterForm-articleInbodyContent-gMpw6GFbesEarNrvJzDdQR\" class=\"slice-container newsletter-inbodyContent-slice newsletterForm-articleInbodyContent-gMpw6GFbesEarNrvJzDdQR slice-container-newsletterForm\"><\/div>\n<p>Wenn man bei der Gestaltung von Au\u00dfenbereichen die gleiche Sorgfalt wie bei Innenr\u00e4umen anwendet, kann man diesen Orten den Status eines Wohnzimmers verleihen.<\/p>\n<\/div>\n<p><script async src=\"\/\/www.instagram.com\/embed.js\"><\/script><\/p>\n","protected":false},"excerpt":{"rendered":"<p>F\u00fcr manche ist eine Veranda eine Oase; ein zweites Wohnzimmer, in dem es reichlich Sitzgelegenheiten gibt und bei dem die Farben ebenso sorgf\u00e4ltig \u00fcberlegt sind.<\/p>\n","protected":false},"author":1,"featured_media":1449,"comment_status":"closed","ping_status":"","sticky":false,"template":"","format":"standard","meta":{"footnotes":""},"categories":[118],"tags":[46,2695,2468,2694,81,9,74,166,305,189,2692,2691,2693,2690,805,504,37,1844,21],"class_list":["post-1448","post","type-post","status-publish","format-standard","has-post-thumbnail","hentry","category-haus-garten","tag-auf","tag-ausstrahlung","tag-beruhigende","tag-besondere","tag-der","tag-die","tag-eine","tag-einen","tag-greift","tag-hat","tag-immergruenen","tag-lambert","tag-lieblingsfarbe","tag-miranda","tag-natur","tag-trend","tag-und","tag-veranda","tag-von","generate-columns","tablet-grid-50","mobile-grid-100","grid-parent","grid-50"],"yoast_head":"<!-- This site is optimized with the Yoast SEO plugin v27.3 - https:\/\/yoast.com\/product\/yoast-seo-wordpress\/ -->\n<title>Die beruhigende Veranda von Miranda Lambert greift einen immergr\u00fcnen Trend auf \u2013 und die Lieblingsfarbe der Natur hat eine besondere Ausstrahlung - Nachrichten - Stra\u00dfenweb<\/title>\n<meta name=\"robots\" content=\"index, follow, max-snippet:-1, max-image-preview:large, max-video-preview:-1\" \/>\n<link rel=\"canonical\" href=\"https:\/\/www.strassenweb.de\/nachrichten\/die-beruhigende-veranda-von-miranda-lambert-greift-einen-immergruenen-trend-auf-und-die-lieblingsfarbe-der-natur-hat-eine-besondere-ausstrahlung\/\" \/>\n<meta property=\"og:locale\" content=\"de_DE\" \/>\n<meta property=\"og:type\" content=\"article\" \/>\n<meta property=\"og:title\" content=\"Die beruhigende Veranda von Miranda Lambert greift einen immergr\u00fcnen Trend auf \u2013 und die Lieblingsfarbe der Natur hat eine besondere Ausstrahlung - Nachrichten - Stra\u00dfenweb\" \/>\n<meta property=\"og:description\" content=\"F\u00fcr manche ist eine Veranda eine Oase; ein zweites Wohnzimmer, in dem es reichlich Sitzgelegenheiten gibt und bei dem die Farben ebenso sorgf\u00e4ltig \u00fcberlegt sind.\" \/>\n<meta property=\"og:url\" content=\"https:\/\/www.strassenweb.de\/nachrichten\/die-beruhigende-veranda-von-miranda-lambert-greift-einen-immergruenen-trend-auf-und-die-lieblingsfarbe-der-natur-hat-eine-besondere-ausstrahlung\/\" \/>\n<meta property=\"og:site_name\" content=\"Stra\u00dfenweb\" \/>\n<meta property=\"article:publisher\" content=\"https:\/\/www.facebook.com\/strassenweb\/\" \/>\n<meta property=\"article:published_time\" content=\"2024-11-09T05:59:30+00:00\" \/>\n<meta property=\"article:modified_time\" content=\"2024-11-09T05:59:31+00:00\" \/>\n<meta property=\"og:image\" content=\"https:\/\/www.strassenweb.de\/nachrichten\/wp-content\/uploads\/2024\/11\/Die-beruhigende-Veranda-von-Miranda-Lambert-greift-einen-immergruenen-Trend.jpg\" \/>\n\t<meta property=\"og:image:width\" content=\"1200\" \/>\n\t<meta property=\"og:image:height\" content=\"675\" \/>\n\t<meta property=\"og:image:type\" content=\"image\/jpeg\" \/>\n<meta name=\"author\" content=\"Robert Hoffmann\" \/>\n<meta name=\"twitter:card\" content=\"summary_large_image\" \/>\n<meta name=\"twitter:label1\" content=\"Verfasst von\" \/>\n\t<meta name=\"twitter:data1\" content=\"Robert Hoffmann\" \/>\n\t<meta name=\"twitter:label2\" content=\"Gesch\u00e4tzte Lesezeit\" \/>\n\t<meta name=\"twitter:data2\" content=\"3\u00a0Minuten\" \/>\n<script type=\"application\/ld+json\" class=\"yoast-schema-graph\">{\"@context\":\"https:\\\/\\\/schema.org\",\"@graph\":[{\"@type\":\"Article\",\"@id\":\"https:\\\/\\\/www.strassenweb.de\\\/nachrichten\\\/die-beruhigende-veranda-von-miranda-lambert-greift-einen-immergruenen-trend-auf-und-die-lieblingsfarbe-der-natur-hat-eine-besondere-ausstrahlung\\\/#article\",\"isPartOf\":{\"@id\":\"https:\\\/\\\/www.strassenweb.de\\\/nachrichten\\\/die-beruhigende-veranda-von-miranda-lambert-greift-einen-immergruenen-trend-auf-und-die-lieblingsfarbe-der-natur-hat-eine-besondere-ausstrahlung\\\/\"},\"author\":{\"name\":\"Robert Hoffmann\",\"@id\":\"https:\\\/\\\/www.strassenweb.de\\\/nachrichten\\\/#\\\/schema\\\/person\\\/87c9c9067f1211da429a744dc5a5aa41\"},\"headline\":\"Die beruhigende Veranda von Miranda Lambert greift einen immergr\u00fcnen Trend auf \u2013 und die Lieblingsfarbe der Natur hat eine besondere Ausstrahlung\",\"datePublished\":\"2024-11-09T05:59:30+00:00\",\"dateModified\":\"2024-11-09T05:59:31+00:00\",\"mainEntityOfPage\":{\"@id\":\"https:\\\/\\\/www.strassenweb.de\\\/nachrichten\\\/die-beruhigende-veranda-von-miranda-lambert-greift-einen-immergruenen-trend-auf-und-die-lieblingsfarbe-der-natur-hat-eine-besondere-ausstrahlung\\\/\"},\"wordCount\":637,\"publisher\":{\"@id\":\"https:\\\/\\\/www.strassenweb.de\\\/nachrichten\\\/#organization\"},\"image\":{\"@id\":\"https:\\\/\\\/www.strassenweb.de\\\/nachrichten\\\/die-beruhigende-veranda-von-miranda-lambert-greift-einen-immergruenen-trend-auf-und-die-lieblingsfarbe-der-natur-hat-eine-besondere-ausstrahlung\\\/#primaryimage\"},\"thumbnailUrl\":\"https:\\\/\\\/www.strassenweb.de\\\/nachrichten\\\/wp-content\\\/uploads\\\/2024\\\/11\\\/Die-beruhigende-Veranda-von-Miranda-Lambert-greift-einen-immergruenen-Trend.jpg\",\"keywords\":[\"auf\",\"Ausstrahlung\",\"beruhigende\",\"besondere\",\"der\",\"die\",\"eine\",\"einen\",\"greift\",\"hat\",\"immergr\u00fcnen\",\"Lambert\",\"Lieblingsfarbe\",\"Miranda\",\"Natur\",\"Trend\",\"und\",\"Veranda\",\"von\"],\"articleSection\":[\"Haus &amp; Garten\"],\"inLanguage\":\"de\"},{\"@type\":\"WebPage\",\"@id\":\"https:\\\/\\\/www.strassenweb.de\\\/nachrichten\\\/die-beruhigende-veranda-von-miranda-lambert-greift-einen-immergruenen-trend-auf-und-die-lieblingsfarbe-der-natur-hat-eine-besondere-ausstrahlung\\\/\",\"url\":\"https:\\\/\\\/www.strassenweb.de\\\/nachrichten\\\/die-beruhigende-veranda-von-miranda-lambert-greift-einen-immergruenen-trend-auf-und-die-lieblingsfarbe-der-natur-hat-eine-besondere-ausstrahlung\\\/\",\"name\":\"Die beruhigende Veranda von Miranda Lambert greift einen immergr\u00fcnen Trend auf \u2013 und die Lieblingsfarbe der Natur hat eine besondere Ausstrahlung - Nachrichten - Stra\u00dfenweb\",\"isPartOf\":{\"@id\":\"https:\\\/\\\/www.strassenweb.de\\\/nachrichten\\\/#website\"},\"primaryImageOfPage\":{\"@id\":\"https:\\\/\\\/www.strassenweb.de\\\/nachrichten\\\/die-beruhigende-veranda-von-miranda-lambert-greift-einen-immergruenen-trend-auf-und-die-lieblingsfarbe-der-natur-hat-eine-besondere-ausstrahlung\\\/#primaryimage\"},\"image\":{\"@id\":\"https:\\\/\\\/www.strassenweb.de\\\/nachrichten\\\/die-beruhigende-veranda-von-miranda-lambert-greift-einen-immergruenen-trend-auf-und-die-lieblingsfarbe-der-natur-hat-eine-besondere-ausstrahlung\\\/#primaryimage\"},\"thumbnailUrl\":\"https:\\\/\\\/www.strassenweb.de\\\/nachrichten\\\/wp-content\\\/uploads\\\/2024\\\/11\\\/Die-beruhigende-Veranda-von-Miranda-Lambert-greift-einen-immergruenen-Trend.jpg\",\"datePublished\":\"2024-11-09T05:59:30+00:00\",\"dateModified\":\"2024-11-09T05:59:31+00:00\",\"breadcrumb\":{\"@id\":\"https:\\\/\\\/www.strassenweb.de\\\/nachrichten\\\/die-beruhigende-veranda-von-miranda-lambert-greift-einen-immergruenen-trend-auf-und-die-lieblingsfarbe-der-natur-hat-eine-besondere-ausstrahlung\\\/#breadcrumb\"},\"inLanguage\":\"de\",\"potentialAction\":[{\"@type\":\"ReadAction\",\"target\":[\"https:\\\/\\\/www.strassenweb.de\\\/nachrichten\\\/die-beruhigende-veranda-von-miranda-lambert-greift-einen-immergruenen-trend-auf-und-die-lieblingsfarbe-der-natur-hat-eine-besondere-ausstrahlung\\\/\"]}]},{\"@type\":\"ImageObject\",\"inLanguage\":\"de\",\"@id\":\"https:\\\/\\\/www.strassenweb.de\\\/nachrichten\\\/die-beruhigende-veranda-von-miranda-lambert-greift-einen-immergruenen-trend-auf-und-die-lieblingsfarbe-der-natur-hat-eine-besondere-ausstrahlung\\\/#primaryimage\",\"url\":\"https:\\\/\\\/www.strassenweb.de\\\/nachrichten\\\/wp-content\\\/uploads\\\/2024\\\/11\\\/Die-beruhigende-Veranda-von-Miranda-Lambert-greift-einen-immergruenen-Trend.jpg\",\"contentUrl\":\"https:\\\/\\\/www.strassenweb.de\\\/nachrichten\\\/wp-content\\\/uploads\\\/2024\\\/11\\\/Die-beruhigende-Veranda-von-Miranda-Lambert-greift-einen-immergruenen-Trend.jpg\",\"width\":1200,\"height\":675,\"caption\":\"Die beruhigende Veranda von Miranda Lambert greift einen immergr\u00fcnen Trend auf \u2013 und die Lieblingsfarbe der Natur hat eine besondere Ausstrahlung\"},{\"@type\":\"BreadcrumbList\",\"@id\":\"https:\\\/\\\/www.strassenweb.de\\\/nachrichten\\\/die-beruhigende-veranda-von-miranda-lambert-greift-einen-immergruenen-trend-auf-und-die-lieblingsfarbe-der-natur-hat-eine-besondere-ausstrahlung\\\/#breadcrumb\",\"itemListElement\":[{\"@type\":\"ListItem\",\"position\":1,\"name\":\"Home\",\"item\":\"https:\\\/\\\/www.strassenweb.de\\\/nachrichten\\\/\"},{\"@type\":\"ListItem\",\"position\":2,\"name\":\"Die beruhigende Veranda von Miranda Lambert greift einen immergr\u00fcnen Trend auf \u2013 und die Lieblingsfarbe der Natur hat eine besondere Ausstrahlung\"}]},{\"@type\":\"WebSite\",\"@id\":\"https:\\\/\\\/www.strassenweb.de\\\/nachrichten\\\/#website\",\"url\":\"https:\\\/\\\/www.strassenweb.de\\\/nachrichten\\\/\",\"name\":\"Stra\u00dfenweb\",\"description\":\"Stra\u00dfenverzeichnis f\u00fcr Deutschland\",\"publisher\":{\"@id\":\"https:\\\/\\\/www.strassenweb.de\\\/nachrichten\\\/#organization\"},\"potentialAction\":[{\"@type\":\"SearchAction\",\"target\":{\"@type\":\"EntryPoint\",\"urlTemplate\":\"https:\\\/\\\/www.strassenweb.de\\\/nachrichten\\\/?s={search_term_string}\"},\"query-input\":{\"@type\":\"PropertyValueSpecification\",\"valueRequired\":true,\"valueName\":\"search_term_string\"}}],\"inLanguage\":\"de\"},{\"@type\":\"Organization\",\"@id\":\"https:\\\/\\\/www.strassenweb.de\\\/nachrichten\\\/#organization\",\"name\":\"Stra\u00dfenweb\",\"url\":\"https:\\\/\\\/www.strassenweb.de\\\/nachrichten\\\/\",\"logo\":{\"@type\":\"ImageObject\",\"inLanguage\":\"de\",\"@id\":\"https:\\\/\\\/www.strassenweb.de\\\/nachrichten\\\/#\\\/schema\\\/logo\\\/image\\\/\",\"url\":\"https:\\\/\\\/www.strassenweb.de\\\/nachrichten\\\/wp-content\\\/uploads\\\/2024\\\/09\\\/cropped-favicon.png\",\"contentUrl\":\"https:\\\/\\\/www.strassenweb.de\\\/nachrichten\\\/wp-content\\\/uploads\\\/2024\\\/09\\\/cropped-favicon.png\",\"width\":512,\"height\":512,\"caption\":\"Stra\u00dfenweb\"},\"image\":{\"@id\":\"https:\\\/\\\/www.strassenweb.de\\\/nachrichten\\\/#\\\/schema\\\/logo\\\/image\\\/\"},\"sameAs\":[\"https:\\\/\\\/www.facebook.com\\\/strassenweb\\\/\"]},{\"@type\":\"Person\",\"@id\":\"https:\\\/\\\/www.strassenweb.de\\\/nachrichten\\\/#\\\/schema\\\/person\\\/87c9c9067f1211da429a744dc5a5aa41\",\"name\":\"Robert Hoffmann\",\"image\":{\"@type\":\"ImageObject\",\"inLanguage\":\"de\",\"@id\":\"https:\\\/\\\/www.strassenweb.de\\\/nachrichten\\\/wp-content\\\/uploads\\\/2024\\\/09\\\/strassenweb-150x150.jpg\",\"url\":\"https:\\\/\\\/www.strassenweb.de\\\/nachrichten\\\/wp-content\\\/uploads\\\/2024\\\/09\\\/strassenweb-150x150.jpg\",\"contentUrl\":\"https:\\\/\\\/www.strassenweb.de\\\/nachrichten\\\/wp-content\\\/uploads\\\/2024\\\/09\\\/strassenweb-150x150.jpg\",\"caption\":\"Robert Hoffmann\"},\"description\":\"Ich hei\u00dfe Robert Hoffmann und ich bin ein leidenschaftlicher Verfechter von \u00d6kologie und Biodiversit\u00e4t. Seit meiner Kindheit in den W\u00e4ldern Bayerns f\u00fchle ich mich mit der Natur verbunden und bin entschlossen, sie zu sch\u00fctzen. Heute widme ich mein Leben der Sensibilisierung anderer f\u00fcr die Bedeutung des Umweltschutzes f\u00fcr zuk\u00fcnftige Generationen.\",\"sameAs\":[\"https:\\\/\\\/www.strassenweb.de\\\/\"]}]}<\/script>\n<!-- \/ Yoast SEO plugin. -->","yoast_head_json":{"title":"Die beruhigende Veranda von Miranda Lambert greift einen immergr\u00fcnen Trend auf \u2013 und die Lieblingsfarbe der Natur hat eine besondere Ausstrahlung - Nachrichten - Stra\u00dfenweb","robots":{"index":"index","follow":"follow","max-snippet":"max-snippet:-1","max-image-preview":"max-image-preview:large","max-video-preview":"max-video-preview:-1"},"canonical":"https:\/\/www.strassenweb.de\/nachrichten\/die-beruhigende-veranda-von-miranda-lambert-greift-einen-immergruenen-trend-auf-und-die-lieblingsfarbe-der-natur-hat-eine-besondere-ausstrahlung\/","og_locale":"de_DE","og_type":"article","og_title":"Die beruhigende Veranda von Miranda Lambert greift einen immergr\u00fcnen Trend auf \u2013 und die Lieblingsfarbe der Natur hat eine besondere Ausstrahlung - Nachrichten - Stra\u00dfenweb","og_description":"F\u00fcr manche ist eine Veranda eine Oase; ein zweites Wohnzimmer, in dem es reichlich Sitzgelegenheiten gibt und bei dem die Farben ebenso sorgf\u00e4ltig \u00fcberlegt sind.","og_url":"https:\/\/www.strassenweb.de\/nachrichten\/die-beruhigende-veranda-von-miranda-lambert-greift-einen-immergruenen-trend-auf-und-die-lieblingsfarbe-der-natur-hat-eine-besondere-ausstrahlung\/","og_site_name":"Stra\u00dfenweb","article_publisher":"https:\/\/www.facebook.com\/strassenweb\/","article_published_time":"2024-11-09T05:59:30+00:00","article_modified_time":"2024-11-09T05:59:31+00:00","og_image":[{"width":1200,"height":675,"url":"https:\/\/www.strassenweb.de\/nachrichten\/wp-content\/uploads\/2024\/11\/Die-beruhigende-Veranda-von-Miranda-Lambert-greift-einen-immergruenen-Trend.jpg","type":"image\/jpeg"}],"author":"Robert Hoffmann","twitter_card":"summary_large_image","twitter_misc":{"Verfasst von":"Robert Hoffmann","Gesch\u00e4tzte Lesezeit":"3\u00a0Minuten"},"schema":{"@context":"https:\/\/schema.org","@graph":[{"@type":"Article","@id":"https:\/\/www.strassenweb.de\/nachrichten\/die-beruhigende-veranda-von-miranda-lambert-greift-einen-immergruenen-trend-auf-und-die-lieblingsfarbe-der-natur-hat-eine-besondere-ausstrahlung\/#article","isPartOf":{"@id":"https:\/\/www.strassenweb.de\/nachrichten\/die-beruhigende-veranda-von-miranda-lambert-greift-einen-immergruenen-trend-auf-und-die-lieblingsfarbe-der-natur-hat-eine-besondere-ausstrahlung\/"},"author":{"name":"Robert Hoffmann","@id":"https:\/\/www.strassenweb.de\/nachrichten\/#\/schema\/person\/87c9c9067f1211da429a744dc5a5aa41"},"headline":"Die beruhigende Veranda von Miranda Lambert greift einen immergr\u00fcnen Trend auf \u2013 und die Lieblingsfarbe der Natur hat eine besondere Ausstrahlung","datePublished":"2024-11-09T05:59:30+00:00","dateModified":"2024-11-09T05:59:31+00:00","mainEntityOfPage":{"@id":"https:\/\/www.strassenweb.de\/nachrichten\/die-beruhigende-veranda-von-miranda-lambert-greift-einen-immergruenen-trend-auf-und-die-lieblingsfarbe-der-natur-hat-eine-besondere-ausstrahlung\/"},"wordCount":637,"publisher":{"@id":"https:\/\/www.strassenweb.de\/nachrichten\/#organization"},"image":{"@id":"https:\/\/www.strassenweb.de\/nachrichten\/die-beruhigende-veranda-von-miranda-lambert-greift-einen-immergruenen-trend-auf-und-die-lieblingsfarbe-der-natur-hat-eine-besondere-ausstrahlung\/#primaryimage"},"thumbnailUrl":"https:\/\/www.strassenweb.de\/nachrichten\/wp-content\/uploads\/2024\/11\/Die-beruhigende-Veranda-von-Miranda-Lambert-greift-einen-immergruenen-Trend.jpg","keywords":["auf","Ausstrahlung","beruhigende","besondere","der","die","eine","einen","greift","hat","immergr\u00fcnen","Lambert","Lieblingsfarbe","Miranda","Natur","Trend","und","Veranda","von"],"articleSection":["Haus &amp; Garten"],"inLanguage":"de"},{"@type":"WebPage","@id":"https:\/\/www.strassenweb.de\/nachrichten\/die-beruhigende-veranda-von-miranda-lambert-greift-einen-immergruenen-trend-auf-und-die-lieblingsfarbe-der-natur-hat-eine-besondere-ausstrahlung\/","url":"https:\/\/www.strassenweb.de\/nachrichten\/die-beruhigende-veranda-von-miranda-lambert-greift-einen-immergruenen-trend-auf-und-die-lieblingsfarbe-der-natur-hat-eine-besondere-ausstrahlung\/","name":"Die beruhigende Veranda von Miranda Lambert greift einen immergr\u00fcnen Trend auf \u2013 und die Lieblingsfarbe der Natur hat eine besondere Ausstrahlung - Nachrichten - Stra\u00dfenweb","isPartOf":{"@id":"https:\/\/www.strassenweb.de\/nachrichten\/#website"},"primaryImageOfPage":{"@id":"https:\/\/www.strassenweb.de\/nachrichten\/die-beruhigende-veranda-von-miranda-lambert-greift-einen-immergruenen-trend-auf-und-die-lieblingsfarbe-der-natur-hat-eine-besondere-ausstrahlung\/#primaryimage"},"image":{"@id":"https:\/\/www.strassenweb.de\/nachrichten\/die-beruhigende-veranda-von-miranda-lambert-greift-einen-immergruenen-trend-auf-und-die-lieblingsfarbe-der-natur-hat-eine-besondere-ausstrahlung\/#primaryimage"},"thumbnailUrl":"https:\/\/www.strassenweb.de\/nachrichten\/wp-content\/uploads\/2024\/11\/Die-beruhigende-Veranda-von-Miranda-Lambert-greift-einen-immergruenen-Trend.jpg","datePublished":"2024-11-09T05:59:30+00:00","dateModified":"2024-11-09T05:59:31+00:00","breadcrumb":{"@id":"https:\/\/www.strassenweb.de\/nachrichten\/die-beruhigende-veranda-von-miranda-lambert-greift-einen-immergruenen-trend-auf-und-die-lieblingsfarbe-der-natur-hat-eine-besondere-ausstrahlung\/#breadcrumb"},"inLanguage":"de","potentialAction":[{"@type":"ReadAction","target":["https:\/\/www.strassenweb.de\/nachrichten\/die-beruhigende-veranda-von-miranda-lambert-greift-einen-immergruenen-trend-auf-und-die-lieblingsfarbe-der-natur-hat-eine-besondere-ausstrahlung\/"]}]},{"@type":"ImageObject","inLanguage":"de","@id":"https:\/\/www.strassenweb.de\/nachrichten\/die-beruhigende-veranda-von-miranda-lambert-greift-einen-immergruenen-trend-auf-und-die-lieblingsfarbe-der-natur-hat-eine-besondere-ausstrahlung\/#primaryimage","url":"https:\/\/www.strassenweb.de\/nachrichten\/wp-content\/uploads\/2024\/11\/Die-beruhigende-Veranda-von-Miranda-Lambert-greift-einen-immergruenen-Trend.jpg","contentUrl":"https:\/\/www.strassenweb.de\/nachrichten\/wp-content\/uploads\/2024\/11\/Die-beruhigende-Veranda-von-Miranda-Lambert-greift-einen-immergruenen-Trend.jpg","width":1200,"height":675,"caption":"Die beruhigende Veranda von Miranda Lambert greift einen immergr\u00fcnen Trend auf \u2013 und die Lieblingsfarbe der Natur hat eine besondere Ausstrahlung"},{"@type":"BreadcrumbList","@id":"https:\/\/www.strassenweb.de\/nachrichten\/die-beruhigende-veranda-von-miranda-lambert-greift-einen-immergruenen-trend-auf-und-die-lieblingsfarbe-der-natur-hat-eine-besondere-ausstrahlung\/#breadcrumb","itemListElement":[{"@type":"ListItem","position":1,"name":"Home","item":"https:\/\/www.strassenweb.de\/nachrichten\/"},{"@type":"ListItem","position":2,"name":"Die beruhigende Veranda von Miranda Lambert greift einen immergr\u00fcnen Trend auf \u2013 und die Lieblingsfarbe der Natur hat eine besondere Ausstrahlung"}]},{"@type":"WebSite","@id":"https:\/\/www.strassenweb.de\/nachrichten\/#website","url":"https:\/\/www.strassenweb.de\/nachrichten\/","name":"Stra\u00dfenweb","description":"Stra\u00dfenverzeichnis f\u00fcr Deutschland","publisher":{"@id":"https:\/\/www.strassenweb.de\/nachrichten\/#organization"},"potentialAction":[{"@type":"SearchAction","target":{"@type":"EntryPoint","urlTemplate":"https:\/\/www.strassenweb.de\/nachrichten\/?s={search_term_string}"},"query-input":{"@type":"PropertyValueSpecification","valueRequired":true,"valueName":"search_term_string"}}],"inLanguage":"de"},{"@type":"Organization","@id":"https:\/\/www.strassenweb.de\/nachrichten\/#organization","name":"Stra\u00dfenweb","url":"https:\/\/www.strassenweb.de\/nachrichten\/","logo":{"@type":"ImageObject","inLanguage":"de","@id":"https:\/\/www.strassenweb.de\/nachrichten\/#\/schema\/logo\/image\/","url":"https:\/\/www.strassenweb.de\/nachrichten\/wp-content\/uploads\/2024\/09\/cropped-favicon.png","contentUrl":"https:\/\/www.strassenweb.de\/nachrichten\/wp-content\/uploads\/2024\/09\/cropped-favicon.png","width":512,"height":512,"caption":"Stra\u00dfenweb"},"image":{"@id":"https:\/\/www.strassenweb.de\/nachrichten\/#\/schema\/logo\/image\/"},"sameAs":["https:\/\/www.facebook.com\/strassenweb\/"]},{"@type":"Person","@id":"https:\/\/www.strassenweb.de\/nachrichten\/#\/schema\/person\/87c9c9067f1211da429a744dc5a5aa41","name":"Robert Hoffmann","image":{"@type":"ImageObject","inLanguage":"de","@id":"https:\/\/www.strassenweb.de\/nachrichten\/wp-content\/uploads\/2024\/09\/strassenweb-150x150.jpg","url":"https:\/\/www.strassenweb.de\/nachrichten\/wp-content\/uploads\/2024\/09\/strassenweb-150x150.jpg","contentUrl":"https:\/\/www.strassenweb.de\/nachrichten\/wp-content\/uploads\/2024\/09\/strassenweb-150x150.jpg","caption":"Robert Hoffmann"},"description":"Ich hei\u00dfe Robert Hoffmann und ich bin ein leidenschaftlicher Verfechter von \u00d6kologie und Biodiversit\u00e4t. Seit meiner Kindheit in den W\u00e4ldern Bayerns f\u00fchle ich mich mit der Natur verbunden und bin entschlossen, sie zu sch\u00fctzen. Heute widme ich mein Leben der Sensibilisierung anderer f\u00fcr die Bedeutung des Umweltschutzes f\u00fcr zuk\u00fcnftige Generationen.","sameAs":["https:\/\/www.strassenweb.de\/"]}]}},"_links":{"self":[{"href":"https:\/\/www.strassenweb.de\/nachrichten\/wp-json\/wp\/v2\/posts\/1448","targetHints":{"allow":["GET"]}}],"collection":[{"href":"https:\/\/www.strassenweb.de\/nachrichten\/wp-json\/wp\/v2\/posts"}],"about":[{"href":"https:\/\/www.strassenweb.de\/nachrichten\/wp-json\/wp\/v2\/types\/post"}],"author":[{"embeddable":true,"href":"https:\/\/www.strassenweb.de\/nachrichten\/wp-json\/wp\/v2\/users\/1"}],"replies":[{"embeddable":true,"href":"https:\/\/www.strassenweb.de\/nachrichten\/wp-json\/wp\/v2\/comments?post=1448"}],"version-history":[{"count":0,"href":"https:\/\/www.strassenweb.de\/nachrichten\/wp-json\/wp\/v2\/posts\/1448\/revisions"}],"wp:featuredmedia":[{"embeddable":true,"href":"https:\/\/www.strassenweb.de\/nachrichten\/wp-json\/wp\/v2\/media\/1449"}],"wp:attachment":[{"href":"https:\/\/www.strassenweb.de\/nachrichten\/wp-json\/wp\/v2\/media?parent=1448"}],"wp:term":[{"taxonomy":"category","embeddable":true,"href":"https:\/\/www.strassenweb.de\/nachrichten\/wp-json\/wp\/v2\/categories?post=1448"},{"taxonomy":"post_tag","embeddable":true,"href":"https:\/\/www.strassenweb.de\/nachrichten\/wp-json\/wp\/v2\/tags?post=1448"}],"curies":[{"name":"wp","href":"https:\/\/api.w.org\/{rel}","templated":true}]}}