{"id":144,"date":"2024-09-23T19:23:34","date_gmt":"2024-09-23T17:23:34","guid":{"rendered":"https:\/\/www.strassenweb.de\/nachrichten\/schwere-krise-in-deutschlanddeutschland-muss-sich-angesichts-der-schweren-krise-seiner-branche-neu-erfinden-es-ist-eine-wirtschaft-in-der-rezession\/"},"modified":"2024-09-23T19:23:36","modified_gmt":"2024-09-23T17:23:36","slug":"schwere-krise-in-deutschlanddeutschland-muss-sich-angesichts-der-schweren-krise-seiner-branche-neu-erfinden-es-ist-eine-wirtschaft-in-der-rezession","status":"publish","type":"post","link":"https:\/\/www.strassenweb.de\/nachrichten\/schwere-krise-in-deutschlanddeutschland-muss-sich-angesichts-der-schweren-krise-seiner-branche-neu-erfinden-es-ist-eine-wirtschaft-in-der-rezession\/","title":{"rendered":"Schwere Krise in DeutschlandDeutschland muss sich angesichts der schweren Krise seiner Branche neu erfinden: &quot;Es ist eine Wirtschaft in der Rezession&quot;"},"content":{"rendered":"<footer class=\"article-main__signed\"><\/footer>\n<p>Er <b>Aufstieg der extremen Rechten in Deutschland<\/b> ist ein Ergebnis davon, wie der Populismus Kapital ausgenutzt hat <b>schreckliche wirtschaftliche Situation<\/b> das durch das Land geht. Die deutsche Industrieproduktion befindet sich seit mehr als einem Jahr im freien Fall, was zu sinkenden Wachstumsprognosen gef\u00fchrt hat.<\/p>\n<p>Der Professor f\u00fcr Wirtschaftswissenschaften an der CEU San Pablo University <b>Rafael Pampill\u00f3n<\/b> erkl\u00e4rt, dass, wenn W\u00e4hler \u201edie Geduld verlieren, <b>Sie stimmen f\u00fcr die Extreme<\/b>\u201eSeit zwei Jahren verzeichnen wir ein negatives Wachstum.\u201c \u201eEs ist eine Wirtschaft, die sich in einer Rezession befindet\u201c, sagt er.<\/p>\n<p>Nach Angaben des Kraftfahrtbundesamtes ist der Pkw-Absatz im August um fast 28 % zur\u00fcckgegangen, bei Elektroautos sind es sogar 69 %. Santiago Carb\u00f3, Professor f\u00fcr Wirtschaftsanalyse an der Universit\u00e4t Valencia, versichert, dass dies damit zusammenh\u00e4ngt, dass Elektroautos aus China kommen.<b>geringere Kosten haben<\/b>\u201e, was traditionelle Unternehmen dazu zwingt, \u201eihre Kapazit\u00e4ten zu reduzieren\u201c.<\/p>\n<p><b>Volkswagen<\/b> Es wird sogar dar\u00fcber nachgedacht, mehrere Fabriken zu schlie\u00dfen, um der Krise zu begegnen. Ohne zu wissen, wie man sich an den technologischen Wandel und das Aufkommen k\u00fcnstlicher Intelligenz anpasst, steht Europa aufgrund des Wirtschaftsmotors des Kontinents vor einer gro\u00dfen Herausforderung.<\/p>\n<div><\/div>\n<p>\u201eDieses allein auf Deutschland basierende Wirtschaftsmodell muss sich \u00e4ndern und vielleicht muss es das auch.\u201c <b>gro\u00dfe europ\u00e4ische Automobilunternehmen<\/b>. Aber sie m\u00fcssen europ\u00e4isch sein, nicht nur deutsch oder franz\u00f6sisch, in den Bereichen Energie, Bankwesen und Telekommunikation\u201c, sagt Carb\u00f3. Kurz gesagt, Deutschland muss vor den Wahlen 2025 damit beginnen, sein Industriemodell zu \u00e4ndern.<\/p>\n","protected":false},"excerpt":{"rendered":"<p>Er Aufstieg der extremen Rechten in Deutschland ist ein Ergebnis davon, wie der Populismus Kapital ausgenutzt hat schreckliche wirtschaftliche Situation das durch das Land geht.<\/p>\n","protected":false},"author":1,"featured_media":145,"comment_status":"closed","ping_status":"","sticky":false,"template":"","format":"standard","meta":{"footnotes":""},"categories":[4],"tags":[237,240,81,236,74,241,15,235,141,191,242,244,158,238,239,142,243],"class_list":["post-144","post","type-post","status-publish","format-standard","has-post-thumbnail","hentry","category-aktuelle-nachrichten","tag-angesichts","tag-branche","tag-der","tag-deutschlanddeutschland","tag-eine","tag-erfinden","tag-ist","tag-krise","tag-muss","tag-neu","tag-quotes","tag-rezessionquot","tag-schwere","tag-schweren","tag-seiner","tag-sich","tag-wirtschaft","generate-columns","tablet-grid-50","mobile-grid-100","grid-parent","grid-50"],"yoast_head":"<!-- This site is optimized with the Yoast SEO plugin v27.3 - https:\/\/yoast.com\/product\/yoast-seo-wordpress\/ -->\n<title>Schwere Krise in DeutschlandDeutschland muss sich angesichts der schweren Krise seiner Branche neu erfinden: &quot;Es ist eine Wirtschaft in der Rezession&quot; - Nachrichten - Stra\u00dfenweb<\/title>\n<meta name=\"robots\" content=\"index, follow, max-snippet:-1, max-image-preview:large, max-video-preview:-1\" \/>\n<link rel=\"canonical\" href=\"https:\/\/www.strassenweb.de\/nachrichten\/schwere-krise-in-deutschlanddeutschland-muss-sich-angesichts-der-schweren-krise-seiner-branche-neu-erfinden-es-ist-eine-wirtschaft-in-der-rezession\/\" \/>\n<meta property=\"og:locale\" content=\"de_DE\" \/>\n<meta property=\"og:type\" content=\"article\" \/>\n<meta property=\"og:title\" content=\"Schwere Krise in DeutschlandDeutschland muss sich angesichts der schweren Krise seiner Branche neu erfinden: &quot;Es ist eine Wirtschaft in der Rezession&quot; - Nachrichten - Stra\u00dfenweb\" \/>\n<meta property=\"og:description\" content=\"Er Aufstieg der extremen Rechten in Deutschland ist ein Ergebnis davon, wie der Populismus Kapital ausgenutzt hat schreckliche wirtschaftliche Situation das durch das Land geht.\" \/>\n<meta property=\"og:url\" content=\"https:\/\/www.strassenweb.de\/nachrichten\/schwere-krise-in-deutschlanddeutschland-muss-sich-angesichts-der-schweren-krise-seiner-branche-neu-erfinden-es-ist-eine-wirtschaft-in-der-rezession\/\" \/>\n<meta property=\"og:site_name\" content=\"Stra\u00dfenweb\" \/>\n<meta property=\"article:publisher\" content=\"https:\/\/www.facebook.com\/strassenweb\/\" \/>\n<meta property=\"article:published_time\" content=\"2024-09-23T17:23:34+00:00\" \/>\n<meta property=\"article:modified_time\" content=\"2024-09-23T17:23:36+00:00\" \/>\n<meta property=\"og:image\" content=\"https:\/\/www.strassenweb.de\/nachrichten\/wp-content\/uploads\/2024\/09\/Schwere-Krise-in-DeutschlandDeutschland-muss-sich-angesichts-der-schweren-Krise.jpg\" \/>\n\t<meta property=\"og:image:width\" content=\"1280\" \/>\n\t<meta property=\"og:image:height\" content=\"720\" \/>\n\t<meta property=\"og:image:type\" content=\"image\/jpeg\" \/>\n<meta name=\"author\" content=\"Robert Hoffmann\" \/>\n<meta name=\"twitter:card\" content=\"summary_large_image\" \/>\n<meta name=\"twitter:label1\" content=\"Verfasst von\" \/>\n\t<meta name=\"twitter:data1\" content=\"Robert Hoffmann\" \/>\n\t<meta name=\"twitter:label2\" content=\"Gesch\u00e4tzte Lesezeit\" \/>\n\t<meta name=\"twitter:data2\" content=\"1\u00a0Minute\" \/>\n<script type=\"application\/ld+json\" class=\"yoast-schema-graph\">{\"@context\":\"https:\\\/\\\/schema.org\",\"@graph\":[{\"@type\":\"Article\",\"@id\":\"https:\\\/\\\/www.strassenweb.de\\\/nachrichten\\\/schwere-krise-in-deutschlanddeutschland-muss-sich-angesichts-der-schweren-krise-seiner-branche-neu-erfinden-es-ist-eine-wirtschaft-in-der-rezession\\\/#article\",\"isPartOf\":{\"@id\":\"https:\\\/\\\/www.strassenweb.de\\\/nachrichten\\\/schwere-krise-in-deutschlanddeutschland-muss-sich-angesichts-der-schweren-krise-seiner-branche-neu-erfinden-es-ist-eine-wirtschaft-in-der-rezession\\\/\"},\"author\":{\"name\":\"Robert Hoffmann\",\"@id\":\"https:\\\/\\\/www.strassenweb.de\\\/nachrichten\\\/#\\\/schema\\\/person\\\/87c9c9067f1211da429a744dc5a5aa41\"},\"headline\":\"Schwere Krise in DeutschlandDeutschland muss sich angesichts der schweren Krise seiner Branche neu erfinden: &quot;Es ist eine Wirtschaft in der Rezession&quot;\",\"datePublished\":\"2024-09-23T17:23:34+00:00\",\"dateModified\":\"2024-09-23T17:23:36+00:00\",\"mainEntityOfPage\":{\"@id\":\"https:\\\/\\\/www.strassenweb.de\\\/nachrichten\\\/schwere-krise-in-deutschlanddeutschland-muss-sich-angesichts-der-schweren-krise-seiner-branche-neu-erfinden-es-ist-eine-wirtschaft-in-der-rezession\\\/\"},\"wordCount\":271,\"publisher\":{\"@id\":\"https:\\\/\\\/www.strassenweb.de\\\/nachrichten\\\/#organization\"},\"image\":{\"@id\":\"https:\\\/\\\/www.strassenweb.de\\\/nachrichten\\\/schwere-krise-in-deutschlanddeutschland-muss-sich-angesichts-der-schweren-krise-seiner-branche-neu-erfinden-es-ist-eine-wirtschaft-in-der-rezession\\\/#primaryimage\"},\"thumbnailUrl\":\"https:\\\/\\\/www.strassenweb.de\\\/nachrichten\\\/wp-content\\\/uploads\\\/2024\\\/09\\\/Schwere-Krise-in-DeutschlandDeutschland-muss-sich-angesichts-der-schweren-Krise.jpg\",\"keywords\":[\"angesichts\",\"Branche\",\"der\",\"DeutschlandDeutschland\",\"eine\",\"erfinden\",\"ist\",\"Krise\",\"muss\",\"neu\",\"quotEs\",\"Rezessionquot\",\"schwere\",\"schweren\",\"seiner\",\"sich\",\"Wirtschaft\"],\"articleSection\":[\"Aktuelle Nachrichten\"],\"inLanguage\":\"de\"},{\"@type\":\"WebPage\",\"@id\":\"https:\\\/\\\/www.strassenweb.de\\\/nachrichten\\\/schwere-krise-in-deutschlanddeutschland-muss-sich-angesichts-der-schweren-krise-seiner-branche-neu-erfinden-es-ist-eine-wirtschaft-in-der-rezession\\\/\",\"url\":\"https:\\\/\\\/www.strassenweb.de\\\/nachrichten\\\/schwere-krise-in-deutschlanddeutschland-muss-sich-angesichts-der-schweren-krise-seiner-branche-neu-erfinden-es-ist-eine-wirtschaft-in-der-rezession\\\/\",\"name\":\"Schwere Krise in DeutschlandDeutschland muss sich angesichts der schweren Krise seiner Branche neu erfinden: &quot;Es ist eine Wirtschaft in der Rezession&quot; - Nachrichten - Stra\u00dfenweb\",\"isPartOf\":{\"@id\":\"https:\\\/\\\/www.strassenweb.de\\\/nachrichten\\\/#website\"},\"primaryImageOfPage\":{\"@id\":\"https:\\\/\\\/www.strassenweb.de\\\/nachrichten\\\/schwere-krise-in-deutschlanddeutschland-muss-sich-angesichts-der-schweren-krise-seiner-branche-neu-erfinden-es-ist-eine-wirtschaft-in-der-rezession\\\/#primaryimage\"},\"image\":{\"@id\":\"https:\\\/\\\/www.strassenweb.de\\\/nachrichten\\\/schwere-krise-in-deutschlanddeutschland-muss-sich-angesichts-der-schweren-krise-seiner-branche-neu-erfinden-es-ist-eine-wirtschaft-in-der-rezession\\\/#primaryimage\"},\"thumbnailUrl\":\"https:\\\/\\\/www.strassenweb.de\\\/nachrichten\\\/wp-content\\\/uploads\\\/2024\\\/09\\\/Schwere-Krise-in-DeutschlandDeutschland-muss-sich-angesichts-der-schweren-Krise.jpg\",\"datePublished\":\"2024-09-23T17:23:34+00:00\",\"dateModified\":\"2024-09-23T17:23:36+00:00\",\"breadcrumb\":{\"@id\":\"https:\\\/\\\/www.strassenweb.de\\\/nachrichten\\\/schwere-krise-in-deutschlanddeutschland-muss-sich-angesichts-der-schweren-krise-seiner-branche-neu-erfinden-es-ist-eine-wirtschaft-in-der-rezession\\\/#breadcrumb\"},\"inLanguage\":\"de\",\"potentialAction\":[{\"@type\":\"ReadAction\",\"target\":[\"https:\\\/\\\/www.strassenweb.de\\\/nachrichten\\\/schwere-krise-in-deutschlanddeutschland-muss-sich-angesichts-der-schweren-krise-seiner-branche-neu-erfinden-es-ist-eine-wirtschaft-in-der-rezession\\\/\"]}]},{\"@type\":\"ImageObject\",\"inLanguage\":\"de\",\"@id\":\"https:\\\/\\\/www.strassenweb.de\\\/nachrichten\\\/schwere-krise-in-deutschlanddeutschland-muss-sich-angesichts-der-schweren-krise-seiner-branche-neu-erfinden-es-ist-eine-wirtschaft-in-der-rezession\\\/#primaryimage\",\"url\":\"https:\\\/\\\/www.strassenweb.de\\\/nachrichten\\\/wp-content\\\/uploads\\\/2024\\\/09\\\/Schwere-Krise-in-DeutschlandDeutschland-muss-sich-angesichts-der-schweren-Krise.jpg\",\"contentUrl\":\"https:\\\/\\\/www.strassenweb.de\\\/nachrichten\\\/wp-content\\\/uploads\\\/2024\\\/09\\\/Schwere-Krise-in-DeutschlandDeutschland-muss-sich-angesichts-der-schweren-Krise.jpg\",\"width\":1280,\"height\":720,\"caption\":\"Schwere Krise in DeutschlandDeutschland muss sich angesichts der schweren Krise seiner Branche neu erfinden: &quot;Es ist eine Wirtschaft in der Rezession&quot;\"},{\"@type\":\"BreadcrumbList\",\"@id\":\"https:\\\/\\\/www.strassenweb.de\\\/nachrichten\\\/schwere-krise-in-deutschlanddeutschland-muss-sich-angesichts-der-schweren-krise-seiner-branche-neu-erfinden-es-ist-eine-wirtschaft-in-der-rezession\\\/#breadcrumb\",\"itemListElement\":[{\"@type\":\"ListItem\",\"position\":1,\"name\":\"Home\",\"item\":\"https:\\\/\\\/www.strassenweb.de\\\/nachrichten\\\/\"},{\"@type\":\"ListItem\",\"position\":2,\"name\":\"Schwere Krise in DeutschlandDeutschland muss sich angesichts der schweren Krise seiner Branche neu erfinden: &quot;Es ist eine Wirtschaft in der Rezession&quot;\"}]},{\"@type\":\"WebSite\",\"@id\":\"https:\\\/\\\/www.strassenweb.de\\\/nachrichten\\\/#website\",\"url\":\"https:\\\/\\\/www.strassenweb.de\\\/nachrichten\\\/\",\"name\":\"Stra\u00dfenweb\",\"description\":\"Stra\u00dfenverzeichnis f\u00fcr Deutschland\",\"publisher\":{\"@id\":\"https:\\\/\\\/www.strassenweb.de\\\/nachrichten\\\/#organization\"},\"potentialAction\":[{\"@type\":\"SearchAction\",\"target\":{\"@type\":\"EntryPoint\",\"urlTemplate\":\"https:\\\/\\\/www.strassenweb.de\\\/nachrichten\\\/?s={search_term_string}\"},\"query-input\":{\"@type\":\"PropertyValueSpecification\",\"valueRequired\":true,\"valueName\":\"search_term_string\"}}],\"inLanguage\":\"de\"},{\"@type\":\"Organization\",\"@id\":\"https:\\\/\\\/www.strassenweb.de\\\/nachrichten\\\/#organization\",\"name\":\"Stra\u00dfenweb\",\"url\":\"https:\\\/\\\/www.strassenweb.de\\\/nachrichten\\\/\",\"logo\":{\"@type\":\"ImageObject\",\"inLanguage\":\"de\",\"@id\":\"https:\\\/\\\/www.strassenweb.de\\\/nachrichten\\\/#\\\/schema\\\/logo\\\/image\\\/\",\"url\":\"https:\\\/\\\/www.strassenweb.de\\\/nachrichten\\\/wp-content\\\/uploads\\\/2024\\\/09\\\/cropped-favicon.png\",\"contentUrl\":\"https:\\\/\\\/www.strassenweb.de\\\/nachrichten\\\/wp-content\\\/uploads\\\/2024\\\/09\\\/cropped-favicon.png\",\"width\":512,\"height\":512,\"caption\":\"Stra\u00dfenweb\"},\"image\":{\"@id\":\"https:\\\/\\\/www.strassenweb.de\\\/nachrichten\\\/#\\\/schema\\\/logo\\\/image\\\/\"},\"sameAs\":[\"https:\\\/\\\/www.facebook.com\\\/strassenweb\\\/\"]},{\"@type\":\"Person\",\"@id\":\"https:\\\/\\\/www.strassenweb.de\\\/nachrichten\\\/#\\\/schema\\\/person\\\/87c9c9067f1211da429a744dc5a5aa41\",\"name\":\"Robert Hoffmann\",\"image\":{\"@type\":\"ImageObject\",\"inLanguage\":\"de\",\"@id\":\"https:\\\/\\\/www.strassenweb.de\\\/nachrichten\\\/wp-content\\\/uploads\\\/2024\\\/09\\\/strassenweb-150x150.jpg\",\"url\":\"https:\\\/\\\/www.strassenweb.de\\\/nachrichten\\\/wp-content\\\/uploads\\\/2024\\\/09\\\/strassenweb-150x150.jpg\",\"contentUrl\":\"https:\\\/\\\/www.strassenweb.de\\\/nachrichten\\\/wp-content\\\/uploads\\\/2024\\\/09\\\/strassenweb-150x150.jpg\",\"caption\":\"Robert Hoffmann\"},\"description\":\"Ich hei\u00dfe Robert Hoffmann und ich bin ein leidenschaftlicher Verfechter von \u00d6kologie und Biodiversit\u00e4t. Seit meiner Kindheit in den W\u00e4ldern Bayerns f\u00fchle ich mich mit der Natur verbunden und bin entschlossen, sie zu sch\u00fctzen. Heute widme ich mein Leben der Sensibilisierung anderer f\u00fcr die Bedeutung des Umweltschutzes f\u00fcr zuk\u00fcnftige Generationen.\",\"sameAs\":[\"https:\\\/\\\/www.strassenweb.de\\\/\"]}]}<\/script>\n<!-- \/ Yoast SEO plugin. -->","yoast_head_json":{"title":"Schwere Krise in DeutschlandDeutschland muss sich angesichts der schweren Krise seiner Branche neu erfinden: &quot;Es ist eine Wirtschaft in der Rezession&quot; - Nachrichten - Stra\u00dfenweb","robots":{"index":"index","follow":"follow","max-snippet":"max-snippet:-1","max-image-preview":"max-image-preview:large","max-video-preview":"max-video-preview:-1"},"canonical":"https:\/\/www.strassenweb.de\/nachrichten\/schwere-krise-in-deutschlanddeutschland-muss-sich-angesichts-der-schweren-krise-seiner-branche-neu-erfinden-es-ist-eine-wirtschaft-in-der-rezession\/","og_locale":"de_DE","og_type":"article","og_title":"Schwere Krise in DeutschlandDeutschland muss sich angesichts der schweren Krise seiner Branche neu erfinden: &quot;Es ist eine Wirtschaft in der Rezession&quot; - Nachrichten - Stra\u00dfenweb","og_description":"Er Aufstieg der extremen Rechten in Deutschland ist ein Ergebnis davon, wie der Populismus Kapital ausgenutzt hat schreckliche wirtschaftliche Situation das durch das Land geht.","og_url":"https:\/\/www.strassenweb.de\/nachrichten\/schwere-krise-in-deutschlanddeutschland-muss-sich-angesichts-der-schweren-krise-seiner-branche-neu-erfinden-es-ist-eine-wirtschaft-in-der-rezession\/","og_site_name":"Stra\u00dfenweb","article_publisher":"https:\/\/www.facebook.com\/strassenweb\/","article_published_time":"2024-09-23T17:23:34+00:00","article_modified_time":"2024-09-23T17:23:36+00:00","og_image":[{"width":1280,"height":720,"url":"https:\/\/www.strassenweb.de\/nachrichten\/wp-content\/uploads\/2024\/09\/Schwere-Krise-in-DeutschlandDeutschland-muss-sich-angesichts-der-schweren-Krise.jpg","type":"image\/jpeg"}],"author":"Robert Hoffmann","twitter_card":"summary_large_image","twitter_misc":{"Verfasst von":"Robert Hoffmann","Gesch\u00e4tzte Lesezeit":"1\u00a0Minute"},"schema":{"@context":"https:\/\/schema.org","@graph":[{"@type":"Article","@id":"https:\/\/www.strassenweb.de\/nachrichten\/schwere-krise-in-deutschlanddeutschland-muss-sich-angesichts-der-schweren-krise-seiner-branche-neu-erfinden-es-ist-eine-wirtschaft-in-der-rezession\/#article","isPartOf":{"@id":"https:\/\/www.strassenweb.de\/nachrichten\/schwere-krise-in-deutschlanddeutschland-muss-sich-angesichts-der-schweren-krise-seiner-branche-neu-erfinden-es-ist-eine-wirtschaft-in-der-rezession\/"},"author":{"name":"Robert Hoffmann","@id":"https:\/\/www.strassenweb.de\/nachrichten\/#\/schema\/person\/87c9c9067f1211da429a744dc5a5aa41"},"headline":"Schwere Krise in DeutschlandDeutschland muss sich angesichts der schweren Krise seiner Branche neu erfinden: &quot;Es ist eine Wirtschaft in der Rezession&quot;","datePublished":"2024-09-23T17:23:34+00:00","dateModified":"2024-09-23T17:23:36+00:00","mainEntityOfPage":{"@id":"https:\/\/www.strassenweb.de\/nachrichten\/schwere-krise-in-deutschlanddeutschland-muss-sich-angesichts-der-schweren-krise-seiner-branche-neu-erfinden-es-ist-eine-wirtschaft-in-der-rezession\/"},"wordCount":271,"publisher":{"@id":"https:\/\/www.strassenweb.de\/nachrichten\/#organization"},"image":{"@id":"https:\/\/www.strassenweb.de\/nachrichten\/schwere-krise-in-deutschlanddeutschland-muss-sich-angesichts-der-schweren-krise-seiner-branche-neu-erfinden-es-ist-eine-wirtschaft-in-der-rezession\/#primaryimage"},"thumbnailUrl":"https:\/\/www.strassenweb.de\/nachrichten\/wp-content\/uploads\/2024\/09\/Schwere-Krise-in-DeutschlandDeutschland-muss-sich-angesichts-der-schweren-Krise.jpg","keywords":["angesichts","Branche","der","DeutschlandDeutschland","eine","erfinden","ist","Krise","muss","neu","quotEs","Rezessionquot","schwere","schweren","seiner","sich","Wirtschaft"],"articleSection":["Aktuelle Nachrichten"],"inLanguage":"de"},{"@type":"WebPage","@id":"https:\/\/www.strassenweb.de\/nachrichten\/schwere-krise-in-deutschlanddeutschland-muss-sich-angesichts-der-schweren-krise-seiner-branche-neu-erfinden-es-ist-eine-wirtschaft-in-der-rezession\/","url":"https:\/\/www.strassenweb.de\/nachrichten\/schwere-krise-in-deutschlanddeutschland-muss-sich-angesichts-der-schweren-krise-seiner-branche-neu-erfinden-es-ist-eine-wirtschaft-in-der-rezession\/","name":"Schwere Krise in DeutschlandDeutschland muss sich angesichts der schweren Krise seiner Branche neu erfinden: &quot;Es ist eine Wirtschaft in der Rezession&quot; - Nachrichten - Stra\u00dfenweb","isPartOf":{"@id":"https:\/\/www.strassenweb.de\/nachrichten\/#website"},"primaryImageOfPage":{"@id":"https:\/\/www.strassenweb.de\/nachrichten\/schwere-krise-in-deutschlanddeutschland-muss-sich-angesichts-der-schweren-krise-seiner-branche-neu-erfinden-es-ist-eine-wirtschaft-in-der-rezession\/#primaryimage"},"image":{"@id":"https:\/\/www.strassenweb.de\/nachrichten\/schwere-krise-in-deutschlanddeutschland-muss-sich-angesichts-der-schweren-krise-seiner-branche-neu-erfinden-es-ist-eine-wirtschaft-in-der-rezession\/#primaryimage"},"thumbnailUrl":"https:\/\/www.strassenweb.de\/nachrichten\/wp-content\/uploads\/2024\/09\/Schwere-Krise-in-DeutschlandDeutschland-muss-sich-angesichts-der-schweren-Krise.jpg","datePublished":"2024-09-23T17:23:34+00:00","dateModified":"2024-09-23T17:23:36+00:00","breadcrumb":{"@id":"https:\/\/www.strassenweb.de\/nachrichten\/schwere-krise-in-deutschlanddeutschland-muss-sich-angesichts-der-schweren-krise-seiner-branche-neu-erfinden-es-ist-eine-wirtschaft-in-der-rezession\/#breadcrumb"},"inLanguage":"de","potentialAction":[{"@type":"ReadAction","target":["https:\/\/www.strassenweb.de\/nachrichten\/schwere-krise-in-deutschlanddeutschland-muss-sich-angesichts-der-schweren-krise-seiner-branche-neu-erfinden-es-ist-eine-wirtschaft-in-der-rezession\/"]}]},{"@type":"ImageObject","inLanguage":"de","@id":"https:\/\/www.strassenweb.de\/nachrichten\/schwere-krise-in-deutschlanddeutschland-muss-sich-angesichts-der-schweren-krise-seiner-branche-neu-erfinden-es-ist-eine-wirtschaft-in-der-rezession\/#primaryimage","url":"https:\/\/www.strassenweb.de\/nachrichten\/wp-content\/uploads\/2024\/09\/Schwere-Krise-in-DeutschlandDeutschland-muss-sich-angesichts-der-schweren-Krise.jpg","contentUrl":"https:\/\/www.strassenweb.de\/nachrichten\/wp-content\/uploads\/2024\/09\/Schwere-Krise-in-DeutschlandDeutschland-muss-sich-angesichts-der-schweren-Krise.jpg","width":1280,"height":720,"caption":"Schwere Krise in DeutschlandDeutschland muss sich angesichts der schweren Krise seiner Branche neu erfinden: &quot;Es ist eine Wirtschaft in der Rezession&quot;"},{"@type":"BreadcrumbList","@id":"https:\/\/www.strassenweb.de\/nachrichten\/schwere-krise-in-deutschlanddeutschland-muss-sich-angesichts-der-schweren-krise-seiner-branche-neu-erfinden-es-ist-eine-wirtschaft-in-der-rezession\/#breadcrumb","itemListElement":[{"@type":"ListItem","position":1,"name":"Home","item":"https:\/\/www.strassenweb.de\/nachrichten\/"},{"@type":"ListItem","position":2,"name":"Schwere Krise in DeutschlandDeutschland muss sich angesichts der schweren Krise seiner Branche neu erfinden: &quot;Es ist eine Wirtschaft in der Rezession&quot;"}]},{"@type":"WebSite","@id":"https:\/\/www.strassenweb.de\/nachrichten\/#website","url":"https:\/\/www.strassenweb.de\/nachrichten\/","name":"Stra\u00dfenweb","description":"Stra\u00dfenverzeichnis f\u00fcr Deutschland","publisher":{"@id":"https:\/\/www.strassenweb.de\/nachrichten\/#organization"},"potentialAction":[{"@type":"SearchAction","target":{"@type":"EntryPoint","urlTemplate":"https:\/\/www.strassenweb.de\/nachrichten\/?s={search_term_string}"},"query-input":{"@type":"PropertyValueSpecification","valueRequired":true,"valueName":"search_term_string"}}],"inLanguage":"de"},{"@type":"Organization","@id":"https:\/\/www.strassenweb.de\/nachrichten\/#organization","name":"Stra\u00dfenweb","url":"https:\/\/www.strassenweb.de\/nachrichten\/","logo":{"@type":"ImageObject","inLanguage":"de","@id":"https:\/\/www.strassenweb.de\/nachrichten\/#\/schema\/logo\/image\/","url":"https:\/\/www.strassenweb.de\/nachrichten\/wp-content\/uploads\/2024\/09\/cropped-favicon.png","contentUrl":"https:\/\/www.strassenweb.de\/nachrichten\/wp-content\/uploads\/2024\/09\/cropped-favicon.png","width":512,"height":512,"caption":"Stra\u00dfenweb"},"image":{"@id":"https:\/\/www.strassenweb.de\/nachrichten\/#\/schema\/logo\/image\/"},"sameAs":["https:\/\/www.facebook.com\/strassenweb\/"]},{"@type":"Person","@id":"https:\/\/www.strassenweb.de\/nachrichten\/#\/schema\/person\/87c9c9067f1211da429a744dc5a5aa41","name":"Robert Hoffmann","image":{"@type":"ImageObject","inLanguage":"de","@id":"https:\/\/www.strassenweb.de\/nachrichten\/wp-content\/uploads\/2024\/09\/strassenweb-150x150.jpg","url":"https:\/\/www.strassenweb.de\/nachrichten\/wp-content\/uploads\/2024\/09\/strassenweb-150x150.jpg","contentUrl":"https:\/\/www.strassenweb.de\/nachrichten\/wp-content\/uploads\/2024\/09\/strassenweb-150x150.jpg","caption":"Robert Hoffmann"},"description":"Ich hei\u00dfe Robert Hoffmann und ich bin ein leidenschaftlicher Verfechter von \u00d6kologie und Biodiversit\u00e4t. Seit meiner Kindheit in den W\u00e4ldern Bayerns f\u00fchle ich mich mit der Natur verbunden und bin entschlossen, sie zu sch\u00fctzen. Heute widme ich mein Leben der Sensibilisierung anderer f\u00fcr die Bedeutung des Umweltschutzes f\u00fcr zuk\u00fcnftige Generationen.","sameAs":["https:\/\/www.strassenweb.de\/"]}]}},"_links":{"self":[{"href":"https:\/\/www.strassenweb.de\/nachrichten\/wp-json\/wp\/v2\/posts\/144","targetHints":{"allow":["GET"]}}],"collection":[{"href":"https:\/\/www.strassenweb.de\/nachrichten\/wp-json\/wp\/v2\/posts"}],"about":[{"href":"https:\/\/www.strassenweb.de\/nachrichten\/wp-json\/wp\/v2\/types\/post"}],"author":[{"embeddable":true,"href":"https:\/\/www.strassenweb.de\/nachrichten\/wp-json\/wp\/v2\/users\/1"}],"replies":[{"embeddable":true,"href":"https:\/\/www.strassenweb.de\/nachrichten\/wp-json\/wp\/v2\/comments?post=144"}],"version-history":[{"count":0,"href":"https:\/\/www.strassenweb.de\/nachrichten\/wp-json\/wp\/v2\/posts\/144\/revisions"}],"wp:featuredmedia":[{"embeddable":true,"href":"https:\/\/www.strassenweb.de\/nachrichten\/wp-json\/wp\/v2\/media\/145"}],"wp:attachment":[{"href":"https:\/\/www.strassenweb.de\/nachrichten\/wp-json\/wp\/v2\/media?parent=144"}],"wp:term":[{"taxonomy":"category","embeddable":true,"href":"https:\/\/www.strassenweb.de\/nachrichten\/wp-json\/wp\/v2\/categories?post=144"},{"taxonomy":"post_tag","embeddable":true,"href":"https:\/\/www.strassenweb.de\/nachrichten\/wp-json\/wp\/v2\/tags?post=144"}],"curies":[{"name":"wp","href":"https:\/\/api.w.org\/{rel}","templated":true}]}}