{"id":1436,"date":"2024-11-08T23:08:06","date_gmt":"2024-11-08T22:08:06","guid":{"rendered":"https:\/\/www.strassenweb.de\/nachrichten\/ich-habe-gerade-die-perfekte-neutrale-lackfarbe-gefunden-und-zu-meiner-ueberraschung-lieben-designer-sie-genauso-wie-ich\/"},"modified":"2024-11-08T23:08:07","modified_gmt":"2024-11-08T22:08:07","slug":"ich-habe-gerade-die-perfekte-neutrale-lackfarbe-gefunden-und-zu-meiner-ueberraschung-lieben-designer-sie-genauso-wie-ich","status":"publish","type":"post","link":"https:\/\/www.strassenweb.de\/nachrichten\/ich-habe-gerade-die-perfekte-neutrale-lackfarbe-gefunden-und-zu-meiner-ueberraschung-lieben-designer-sie-genauso-wie-ich\/","title":{"rendered":"Ich habe gerade die perfekte neutrale Lackfarbe gefunden \u2013 und zu meiner \u00dcberraschung lieben Designer sie genauso wie ich"},"content":{"rendered":"<p><\/p>\n<div id=\"article-body\" class=\"article__body \">\n<p>Es ist eine gewagte Aussage, aber ich bin fest davon \u00fcberzeugt, dass ich den perfekten Farbton gefunden habe, der in nahezu jedem Raum funktioniert. Bei tr\u00fcbem, nach Norden gerichtetem Licht nimmt es eine F\u00fclle an, und bei nach S\u00fcden gerichtetem Sonnenschein scheint es in der Helligkeit zu tanzen und mit einem subtilen Schimmer zum Leben zu erwachen.<\/p>\n<div id=\"ad-unit-1\" class=\"ad-unit\"><\/div>\n<p>Ich habe es jetzt in zwei H\u00e4usern verwendet, einmal in einem dunklen Eingangsbereich und die ganze Treppe hinauf zu einem lichtdurchfluteten Flur und einmal in einer ganzen Wohnung \u2013 K\u00fcche, Schlafzimmer, Wohnbereich und alles. Die Farbe ist Slaked Lime &#8211; Mid von Little Greene.<\/p>\n<aside class=\"hawk-nest\" data-block-type=\"embed\" data-render-type=\"fte\" data-skip=\"dealsy\" data-widget-type=\"seasonal\">\n<div class=\"hawk-master-widget-hawk-base-wrapper\"><\/div>\n<\/aside>\n<p>Und es ist so viel mehr als \u201enur\u201c eine neutrale Farbe. Es liegt irgendwo zwischen Wei\u00df und Grau und hat die beruhigende Qualit\u00e4t von Grau und die blendend erhebende Qualit\u00e4t von Wei\u00df. Es wertet R\u00e4ume tags\u00fcber auf und l\u00e4sst sie nachts edel wirken. Es leuchtet in der D\u00e4mmerung, es glitzert am Morgen und ist sowohl entspannend als auch raffiniert. Ganz einfach: Es ist ein Wunderton.<\/p>\n<div id=\"desktop-in-article\" class=\"in-article ad-unit\">\n<div id=\"desktop-taboola-mid-article\"><\/div>\n<\/div>\n<div id=\"mobile-in-article\" class=\"in-article ad-unit\">\n<div id=\"mobile-taboola-mid-article\"><\/div>\n<\/div>\n<h3 class=\"article-body__section\" id=\"section-why-you-should-try-slaked-lime-mid-by-little-greene\"><span>Warum Sie Slaked Lime &#8211; Mid von Little Greene probieren sollten<\/span><\/h3>\n<p>Und ich bin nicht allein mit meiner Liebe zu Slaked Lime \u2013 Mid. Es gibt eine ganze Reihe von Designern, die ihn regelm\u00e4\u00dfig und wiederholt verwenden und immer wieder auf diesen beliebten Farbton zur\u00fcckgreifen. \u201eLittle Greene&#8217;s Slaked Lime \u2013 Mid ist der perfekte ruhige Neutralton, sein Gleichgewicht aus W\u00e4rme und subtilen erdigen Untert\u00f6nen machen ihn zu einem Farbton, der zu absolut allem passt\u201c, sagt die Designerin Leoma Harper. \u201eEs ist ein so vielseitiger Ton, den ich im Laufe der Jahre in vielen Kundenprojekten und in meinem eigenen Zuhause verwendet habe.\u201c \u201eWas mir am meisten gef\u00e4llt, ist, dass es bei allen Lichtverh\u00e4ltnissen so gut funktioniert und dabei immer seine W\u00e4rme beh\u00e4lt.\u201c<\/p>\n<div class=\"van_vid_carousel\">\n<div class=\"van_vid_carousel__padding\">\n<div class=\"van_vid_carousel__container\"><\/div>\n<\/div>\n<\/div>\n<figure class=\"van-image-figure inline-layout \" data-bordeaux-image-check>\n<div class=\"image-full-width-wrapper\">\n<div class=\"image-widthsetter\" style=\"max-width:2000px;\"><\/div>\n<\/div>\n<\/figure>\n<p>\u201eWir finden, dass Slaked Lime \u2013 Mid eine vielseitige Farbe mit gen\u00fcgend W\u00e4rme und Tiefe ist, um sowohl in nach S\u00fcden als auch in nach Norden ausgerichteten R\u00e4umen zu funktionieren\u201c, sagt die Designerin Fiona Brass, Gr\u00fcnderin von Fiona Brass Interiors. \u201eEs hat eine einfache Pigmentierung und bildet eine ausgewogene Basis f\u00fcr jedes unserer Raumdesigns, auf der je nach Fortschritt des Designs aufgebaut werden kann.\u201c<\/p>\n<div id=\"ad-unit-2\" class=\"ad-unit\"><\/div>\n<p>Es ist eine Farbe, mit der Sie spielen und die Sie mit anderen Farben aus der Little Green-Farbkarte kombinieren k\u00f6nnen. \u201eDie Tatsache, dass Slaked Lime \u2013 Mid zu einer Familie von vier Farben geh\u00f6rt, macht diesen Farbton f\u00fcr das Team noch attraktiver, wenn wir neue Designs und Schemata f\u00fcr unsere Projekte erstellen\u201c, sagt Fiona. \u201eIch verwende in meinem eigenen Zuhause schon seit vielen Jahren L\u00f6schkalkvarianten und liebe sie so sehr, dass sie immer noch meine Lieblingsfarben sind, mit denen ich arbeite.\u201c Es funktioniert so gut als starke Basis, auf der jedes Raumdesign w\u00e4chst und sich weiterentwickelt!&#8216;<\/p>\n<figure class=\"van-image-figure inline-layout \" data-bordeaux-image-check>\n<div class=\"image-full-width-wrapper\">\n<div class=\"image-widthsetter\" style=\"max-width:2000px;\"><\/div>\n<\/div>\n<\/figure>\n<p>\u201eIch liebe die Lackfarbe so sehr wegen ihrer Vielseitigkeit, wegen ihrer Neutralit\u00e4t, die weder zu warm noch zu kalt ist\u201c, sagt die Designerin Margot Tsim, Gr\u00fcnderin von Margot Tsim Interiors. \u201eViele Leute m\u00f6gen keine Graut\u00f6ne mehr, wollen aber auch nichts zu Gelbes, daher ist dieser Farbton meiner Meinung nach die perfekte Balance.\u201c Es eignet sich besonders f\u00fcr modernere oder klassisch-moderne Innenr\u00e4ume.\u201c<\/p>\n<p>Die Stimmung, die es erzeugt, f\u00fchlt sich im Moment sehr richtig an. \u201eEs ist ein sehr beruhigender und heiterer Farbton, der auf jeden Fall eine schlichtere \u00c4sthetik erg\u00e4nzen kann, aber er kann auch gut funktionieren, wenn Sie ihn mit einigen dunkleren T\u00f6nen in Ihrer Einrichtung kontrastieren\u201c, sagt Margot, ein typisches Beispiel daf\u00fcr ist diese K\u00fcche, die sie benutzt hat \u201eF\u00fcr mich ist es ein sehr friedlicher Ton, den ich gerne durch meine Arbeit einbringe.\u201c<\/p>\n<figure class=\"van-image-figure inline-layout \" data-bordeaux-image-check>\n<div class=\"image-full-width-wrapper\">\n<div class=\"image-widthsetter\" style=\"max-width:8612px;\"><\/div>\n<\/div>\n<\/figure>\n<p>\u201eSlaked Lime Mid ist aufgrund seiner Tiefe und W\u00e4rme einer unserer bevorzugten Neutralt\u00f6ne\u201c, sagt Samuel Pye, Gr\u00fcnder des Designstudios Echlin. \u201eDie Farbskalen von Little Greene sind f\u00fcr uns von entscheidender Bedeutung, da wir oft den Farbton einer Farbe variieren m\u00fcssen, um das Beste aus einem Raum herauszuholen, sei es, dass wir ihn etwas heller oder etwas dunkler machen, um die richtige Atmosph\u00e4re zu schaffen.\u201c \u201eWir haben die Farbe in vielen unserer Projekte verwendet und sie passt wunderbar zu modernen oder historischen H\u00e4usern.\u201c<\/p>\n<p>Wie bei vielen aktuellen Projekten durchqueren die meisten Projekte von Echlin souver\u00e4n die Epochen, und in diesem Wohnzimmer neben dem Atelier sehen Sie moderne Architektur und Formen aus der Mitte des Jahrhunderts. \u201eViele unserer Projekte beinhalten ein modernes und traditionelles Element, daher haben wir mit Slaked Lime Mid eine wunderbare M\u00f6glichkeit gefunden, alle R\u00e4ume miteinander zu verbinden\u201c, f\u00fcgt Samuel hinzu.<\/p>\n<figure class=\"van-image-figure inline-layout \" data-bordeaux-image-check>\n<div class=\"image-full-width-wrapper\">\n<div class=\"image-widthsetter\" style=\"max-width:2000px;\"><\/div>\n<\/div>\n<\/figure>\n<p>Als ich mit Designern \u00fcber Slaked Lime \u2013 Mid sprach, traf ich auf einen Fan, der auch \u00fcber einen weiteren Neutralton von Little Greene sprechen wollte. Eine Erinnerung daran: Auch wenn die H\u00e4lfte der Designwelt Ihnen sagt, dass sie die perfekte Farbe gefunden haben, lohnt es sich dennoch, andere als Kontrast auszuprobieren.<\/p>\n<p>\u201eLinen Wash ist eine Farbe, die ich in Projekten regelm\u00e4\u00dfig verwende, da sie immer Tiefe und W\u00e4rme verleiht\u201c, sagt Justine Cook, Gr\u00fcnderin von Harp Studio, die sie oben in diesem Raum verwendet hat. \u201eIch liebe die Qualit\u00e4t der Little Greene-Farbe und habe sogar meine Mutter davon besessen \u2013 sie ist auch eine Anh\u00e4ngerin des Leinenwaschens im ganzen Haus.\u201c Ich kombiniere es dann mit etwas Tieferem auf dem Holzwerk, um mehr Tiefe zu verleihen.\u201c<\/p>\n<p>Sie hat immer noch einen Platz f\u00fcr Slaked Lime Mid. \u201eIch verwende Slaked Lime Mid f\u00fcr einen etwas klareren, klareren Look und die schattierten T\u00f6ne eignen sich perfekt f\u00fcr Schichten und Tiefe\u201c, f\u00fcgt sie hinzu.<\/p>\n<\/div>\n","protected":false},"excerpt":{"rendered":"<p>Es ist eine gewagte Aussage, aber ich bin fest davon \u00fcberzeugt, dass ich den perfekten Farbton gefunden habe, der in nahezu jedem Raum funktioniert. Bei<\/p>\n","protected":false},"author":1,"featured_media":1437,"comment_status":"closed","ping_status":"","sticky":false,"template":"","format":"standard","meta":{"footnotes":""},"categories":[118],"tags":[216,9,626,2674,495,823,129,2672,217,1666,1653,2188,165,2673,37,26],"class_list":["post-1436","post","type-post","status-publish","format-standard","has-post-thumbnail","hentry","category-haus-garten","tag-designer","tag-die","tag-gefunden","tag-genauso","tag-gerade","tag-habe","tag-ich","tag-lackfarbe","tag-lieben","tag-meiner","tag-neutrale","tag-perfekte","tag-sie","tag-ueberraschung","tag-und","tag-wie","generate-columns","tablet-grid-50","mobile-grid-100","grid-parent","grid-50"],"yoast_head":"<!-- This site is optimized with the Yoast SEO plugin v27.3 - https:\/\/yoast.com\/product\/yoast-seo-wordpress\/ -->\n<title>Ich habe gerade die perfekte neutrale Lackfarbe gefunden \u2013 und zu meiner \u00dcberraschung lieben Designer sie genauso wie ich - Nachrichten - Stra\u00dfenweb<\/title>\n<meta name=\"robots\" content=\"index, follow, max-snippet:-1, max-image-preview:large, max-video-preview:-1\" \/>\n<link rel=\"canonical\" href=\"https:\/\/www.strassenweb.de\/nachrichten\/ich-habe-gerade-die-perfekte-neutrale-lackfarbe-gefunden-und-zu-meiner-ueberraschung-lieben-designer-sie-genauso-wie-ich\/\" \/>\n<meta property=\"og:locale\" content=\"de_DE\" \/>\n<meta property=\"og:type\" content=\"article\" \/>\n<meta property=\"og:title\" content=\"Ich habe gerade die perfekte neutrale Lackfarbe gefunden \u2013 und zu meiner \u00dcberraschung lieben Designer sie genauso wie ich - Nachrichten - Stra\u00dfenweb\" \/>\n<meta property=\"og:description\" content=\"Es ist eine gewagte Aussage, aber ich bin fest davon \u00fcberzeugt, dass ich den perfekten Farbton gefunden habe, der in nahezu jedem Raum funktioniert. Bei\" \/>\n<meta property=\"og:url\" content=\"https:\/\/www.strassenweb.de\/nachrichten\/ich-habe-gerade-die-perfekte-neutrale-lackfarbe-gefunden-und-zu-meiner-ueberraschung-lieben-designer-sie-genauso-wie-ich\/\" \/>\n<meta property=\"og:site_name\" content=\"Stra\u00dfenweb\" \/>\n<meta property=\"article:publisher\" content=\"https:\/\/www.facebook.com\/strassenweb\/\" \/>\n<meta property=\"article:published_time\" content=\"2024-11-08T22:08:06+00:00\" \/>\n<meta property=\"article:modified_time\" content=\"2024-11-08T22:08:07+00:00\" \/>\n<meta property=\"og:image\" content=\"https:\/\/www.strassenweb.de\/nachrichten\/wp-content\/uploads\/2024\/11\/Ich-habe-gerade-die-perfekte-neutrale-Lackfarbe-gefunden-\u2013-und.jpg\" \/>\n\t<meta property=\"og:image:width\" content=\"1200\" \/>\n\t<meta property=\"og:image:height\" content=\"675\" \/>\n\t<meta property=\"og:image:type\" content=\"image\/jpeg\" \/>\n<meta name=\"author\" content=\"Robert Hoffmann\" \/>\n<meta name=\"twitter:card\" content=\"summary_large_image\" \/>\n<meta name=\"twitter:label1\" content=\"Verfasst von\" \/>\n\t<meta name=\"twitter:data1\" content=\"Robert Hoffmann\" \/>\n\t<meta name=\"twitter:label2\" content=\"Gesch\u00e4tzte Lesezeit\" \/>\n\t<meta name=\"twitter:data2\" content=\"5\u00a0Minuten\" \/>\n<script type=\"application\/ld+json\" class=\"yoast-schema-graph\">{\"@context\":\"https:\\\/\\\/schema.org\",\"@graph\":[{\"@type\":\"Article\",\"@id\":\"https:\\\/\\\/www.strassenweb.de\\\/nachrichten\\\/ich-habe-gerade-die-perfekte-neutrale-lackfarbe-gefunden-und-zu-meiner-ueberraschung-lieben-designer-sie-genauso-wie-ich\\\/#article\",\"isPartOf\":{\"@id\":\"https:\\\/\\\/www.strassenweb.de\\\/nachrichten\\\/ich-habe-gerade-die-perfekte-neutrale-lackfarbe-gefunden-und-zu-meiner-ueberraschung-lieben-designer-sie-genauso-wie-ich\\\/\"},\"author\":{\"name\":\"Robert Hoffmann\",\"@id\":\"https:\\\/\\\/www.strassenweb.de\\\/nachrichten\\\/#\\\/schema\\\/person\\\/87c9c9067f1211da429a744dc5a5aa41\"},\"headline\":\"Ich habe gerade die perfekte neutrale Lackfarbe gefunden \u2013 und zu meiner \u00dcberraschung lieben Designer sie genauso wie ich\",\"datePublished\":\"2024-11-08T22:08:06+00:00\",\"dateModified\":\"2024-11-08T22:08:07+00:00\",\"mainEntityOfPage\":{\"@id\":\"https:\\\/\\\/www.strassenweb.de\\\/nachrichten\\\/ich-habe-gerade-die-perfekte-neutrale-lackfarbe-gefunden-und-zu-meiner-ueberraschung-lieben-designer-sie-genauso-wie-ich\\\/\"},\"wordCount\":961,\"publisher\":{\"@id\":\"https:\\\/\\\/www.strassenweb.de\\\/nachrichten\\\/#organization\"},\"image\":{\"@id\":\"https:\\\/\\\/www.strassenweb.de\\\/nachrichten\\\/ich-habe-gerade-die-perfekte-neutrale-lackfarbe-gefunden-und-zu-meiner-ueberraschung-lieben-designer-sie-genauso-wie-ich\\\/#primaryimage\"},\"thumbnailUrl\":\"https:\\\/\\\/www.strassenweb.de\\\/nachrichten\\\/wp-content\\\/uploads\\\/2024\\\/11\\\/Ich-habe-gerade-die-perfekte-neutrale-Lackfarbe-gefunden-\u2013-und.jpg\",\"keywords\":[\"Designer\",\"die\",\"gefunden\",\"genauso\",\"gerade\",\"habe\",\"ich\",\"Lackfarbe\",\"lieben\",\"meiner\",\"Neutrale\",\"perfekte\",\"Sie\",\"\u00dcberraschung\",\"und\",\"Wie\"],\"articleSection\":[\"Haus &amp; Garten\"],\"inLanguage\":\"de\"},{\"@type\":\"WebPage\",\"@id\":\"https:\\\/\\\/www.strassenweb.de\\\/nachrichten\\\/ich-habe-gerade-die-perfekte-neutrale-lackfarbe-gefunden-und-zu-meiner-ueberraschung-lieben-designer-sie-genauso-wie-ich\\\/\",\"url\":\"https:\\\/\\\/www.strassenweb.de\\\/nachrichten\\\/ich-habe-gerade-die-perfekte-neutrale-lackfarbe-gefunden-und-zu-meiner-ueberraschung-lieben-designer-sie-genauso-wie-ich\\\/\",\"name\":\"Ich habe gerade die perfekte neutrale Lackfarbe gefunden \u2013 und zu meiner \u00dcberraschung lieben Designer sie genauso wie ich - Nachrichten - Stra\u00dfenweb\",\"isPartOf\":{\"@id\":\"https:\\\/\\\/www.strassenweb.de\\\/nachrichten\\\/#website\"},\"primaryImageOfPage\":{\"@id\":\"https:\\\/\\\/www.strassenweb.de\\\/nachrichten\\\/ich-habe-gerade-die-perfekte-neutrale-lackfarbe-gefunden-und-zu-meiner-ueberraschung-lieben-designer-sie-genauso-wie-ich\\\/#primaryimage\"},\"image\":{\"@id\":\"https:\\\/\\\/www.strassenweb.de\\\/nachrichten\\\/ich-habe-gerade-die-perfekte-neutrale-lackfarbe-gefunden-und-zu-meiner-ueberraschung-lieben-designer-sie-genauso-wie-ich\\\/#primaryimage\"},\"thumbnailUrl\":\"https:\\\/\\\/www.strassenweb.de\\\/nachrichten\\\/wp-content\\\/uploads\\\/2024\\\/11\\\/Ich-habe-gerade-die-perfekte-neutrale-Lackfarbe-gefunden-\u2013-und.jpg\",\"datePublished\":\"2024-11-08T22:08:06+00:00\",\"dateModified\":\"2024-11-08T22:08:07+00:00\",\"breadcrumb\":{\"@id\":\"https:\\\/\\\/www.strassenweb.de\\\/nachrichten\\\/ich-habe-gerade-die-perfekte-neutrale-lackfarbe-gefunden-und-zu-meiner-ueberraschung-lieben-designer-sie-genauso-wie-ich\\\/#breadcrumb\"},\"inLanguage\":\"de\",\"potentialAction\":[{\"@type\":\"ReadAction\",\"target\":[\"https:\\\/\\\/www.strassenweb.de\\\/nachrichten\\\/ich-habe-gerade-die-perfekte-neutrale-lackfarbe-gefunden-und-zu-meiner-ueberraschung-lieben-designer-sie-genauso-wie-ich\\\/\"]}]},{\"@type\":\"ImageObject\",\"inLanguage\":\"de\",\"@id\":\"https:\\\/\\\/www.strassenweb.de\\\/nachrichten\\\/ich-habe-gerade-die-perfekte-neutrale-lackfarbe-gefunden-und-zu-meiner-ueberraschung-lieben-designer-sie-genauso-wie-ich\\\/#primaryimage\",\"url\":\"https:\\\/\\\/www.strassenweb.de\\\/nachrichten\\\/wp-content\\\/uploads\\\/2024\\\/11\\\/Ich-habe-gerade-die-perfekte-neutrale-Lackfarbe-gefunden-\u2013-und.jpg\",\"contentUrl\":\"https:\\\/\\\/www.strassenweb.de\\\/nachrichten\\\/wp-content\\\/uploads\\\/2024\\\/11\\\/Ich-habe-gerade-die-perfekte-neutrale-Lackfarbe-gefunden-\u2013-und.jpg\",\"width\":1200,\"height\":675,\"caption\":\"Ich habe gerade die perfekte neutrale Lackfarbe gefunden \u2013 und zu meiner \u00dcberraschung lieben Designer sie genauso wie ich\"},{\"@type\":\"BreadcrumbList\",\"@id\":\"https:\\\/\\\/www.strassenweb.de\\\/nachrichten\\\/ich-habe-gerade-die-perfekte-neutrale-lackfarbe-gefunden-und-zu-meiner-ueberraschung-lieben-designer-sie-genauso-wie-ich\\\/#breadcrumb\",\"itemListElement\":[{\"@type\":\"ListItem\",\"position\":1,\"name\":\"Home\",\"item\":\"https:\\\/\\\/www.strassenweb.de\\\/nachrichten\\\/\"},{\"@type\":\"ListItem\",\"position\":2,\"name\":\"Ich habe gerade die perfekte neutrale Lackfarbe gefunden \u2013 und zu meiner \u00dcberraschung lieben Designer sie genauso wie ich\"}]},{\"@type\":\"WebSite\",\"@id\":\"https:\\\/\\\/www.strassenweb.de\\\/nachrichten\\\/#website\",\"url\":\"https:\\\/\\\/www.strassenweb.de\\\/nachrichten\\\/\",\"name\":\"Stra\u00dfenweb\",\"description\":\"Stra\u00dfenverzeichnis f\u00fcr Deutschland\",\"publisher\":{\"@id\":\"https:\\\/\\\/www.strassenweb.de\\\/nachrichten\\\/#organization\"},\"potentialAction\":[{\"@type\":\"SearchAction\",\"target\":{\"@type\":\"EntryPoint\",\"urlTemplate\":\"https:\\\/\\\/www.strassenweb.de\\\/nachrichten\\\/?s={search_term_string}\"},\"query-input\":{\"@type\":\"PropertyValueSpecification\",\"valueRequired\":true,\"valueName\":\"search_term_string\"}}],\"inLanguage\":\"de\"},{\"@type\":\"Organization\",\"@id\":\"https:\\\/\\\/www.strassenweb.de\\\/nachrichten\\\/#organization\",\"name\":\"Stra\u00dfenweb\",\"url\":\"https:\\\/\\\/www.strassenweb.de\\\/nachrichten\\\/\",\"logo\":{\"@type\":\"ImageObject\",\"inLanguage\":\"de\",\"@id\":\"https:\\\/\\\/www.strassenweb.de\\\/nachrichten\\\/#\\\/schema\\\/logo\\\/image\\\/\",\"url\":\"https:\\\/\\\/www.strassenweb.de\\\/nachrichten\\\/wp-content\\\/uploads\\\/2024\\\/09\\\/cropped-favicon.png\",\"contentUrl\":\"https:\\\/\\\/www.strassenweb.de\\\/nachrichten\\\/wp-content\\\/uploads\\\/2024\\\/09\\\/cropped-favicon.png\",\"width\":512,\"height\":512,\"caption\":\"Stra\u00dfenweb\"},\"image\":{\"@id\":\"https:\\\/\\\/www.strassenweb.de\\\/nachrichten\\\/#\\\/schema\\\/logo\\\/image\\\/\"},\"sameAs\":[\"https:\\\/\\\/www.facebook.com\\\/strassenweb\\\/\"]},{\"@type\":\"Person\",\"@id\":\"https:\\\/\\\/www.strassenweb.de\\\/nachrichten\\\/#\\\/schema\\\/person\\\/87c9c9067f1211da429a744dc5a5aa41\",\"name\":\"Robert Hoffmann\",\"image\":{\"@type\":\"ImageObject\",\"inLanguage\":\"de\",\"@id\":\"https:\\\/\\\/www.strassenweb.de\\\/nachrichten\\\/wp-content\\\/uploads\\\/2024\\\/09\\\/strassenweb-150x150.jpg\",\"url\":\"https:\\\/\\\/www.strassenweb.de\\\/nachrichten\\\/wp-content\\\/uploads\\\/2024\\\/09\\\/strassenweb-150x150.jpg\",\"contentUrl\":\"https:\\\/\\\/www.strassenweb.de\\\/nachrichten\\\/wp-content\\\/uploads\\\/2024\\\/09\\\/strassenweb-150x150.jpg\",\"caption\":\"Robert Hoffmann\"},\"description\":\"Ich hei\u00dfe Robert Hoffmann und ich bin ein leidenschaftlicher Verfechter von \u00d6kologie und Biodiversit\u00e4t. Seit meiner Kindheit in den W\u00e4ldern Bayerns f\u00fchle ich mich mit der Natur verbunden und bin entschlossen, sie zu sch\u00fctzen. Heute widme ich mein Leben der Sensibilisierung anderer f\u00fcr die Bedeutung des Umweltschutzes f\u00fcr zuk\u00fcnftige Generationen.\",\"sameAs\":[\"https:\\\/\\\/www.strassenweb.de\\\/\"]}]}<\/script>\n<!-- \/ Yoast SEO plugin. -->","yoast_head_json":{"title":"Ich habe gerade die perfekte neutrale Lackfarbe gefunden \u2013 und zu meiner \u00dcberraschung lieben Designer sie genauso wie ich - Nachrichten - Stra\u00dfenweb","robots":{"index":"index","follow":"follow","max-snippet":"max-snippet:-1","max-image-preview":"max-image-preview:large","max-video-preview":"max-video-preview:-1"},"canonical":"https:\/\/www.strassenweb.de\/nachrichten\/ich-habe-gerade-die-perfekte-neutrale-lackfarbe-gefunden-und-zu-meiner-ueberraschung-lieben-designer-sie-genauso-wie-ich\/","og_locale":"de_DE","og_type":"article","og_title":"Ich habe gerade die perfekte neutrale Lackfarbe gefunden \u2013 und zu meiner \u00dcberraschung lieben Designer sie genauso wie ich - Nachrichten - Stra\u00dfenweb","og_description":"Es ist eine gewagte Aussage, aber ich bin fest davon \u00fcberzeugt, dass ich den perfekten Farbton gefunden habe, der in nahezu jedem Raum funktioniert. Bei","og_url":"https:\/\/www.strassenweb.de\/nachrichten\/ich-habe-gerade-die-perfekte-neutrale-lackfarbe-gefunden-und-zu-meiner-ueberraschung-lieben-designer-sie-genauso-wie-ich\/","og_site_name":"Stra\u00dfenweb","article_publisher":"https:\/\/www.facebook.com\/strassenweb\/","article_published_time":"2024-11-08T22:08:06+00:00","article_modified_time":"2024-11-08T22:08:07+00:00","og_image":[{"width":1200,"height":675,"url":"https:\/\/www.strassenweb.de\/nachrichten\/wp-content\/uploads\/2024\/11\/Ich-habe-gerade-die-perfekte-neutrale-Lackfarbe-gefunden-\u2013-und.jpg","type":"image\/jpeg"}],"author":"Robert Hoffmann","twitter_card":"summary_large_image","twitter_misc":{"Verfasst von":"Robert Hoffmann","Gesch\u00e4tzte Lesezeit":"5\u00a0Minuten"},"schema":{"@context":"https:\/\/schema.org","@graph":[{"@type":"Article","@id":"https:\/\/www.strassenweb.de\/nachrichten\/ich-habe-gerade-die-perfekte-neutrale-lackfarbe-gefunden-und-zu-meiner-ueberraschung-lieben-designer-sie-genauso-wie-ich\/#article","isPartOf":{"@id":"https:\/\/www.strassenweb.de\/nachrichten\/ich-habe-gerade-die-perfekte-neutrale-lackfarbe-gefunden-und-zu-meiner-ueberraschung-lieben-designer-sie-genauso-wie-ich\/"},"author":{"name":"Robert Hoffmann","@id":"https:\/\/www.strassenweb.de\/nachrichten\/#\/schema\/person\/87c9c9067f1211da429a744dc5a5aa41"},"headline":"Ich habe gerade die perfekte neutrale Lackfarbe gefunden \u2013 und zu meiner \u00dcberraschung lieben Designer sie genauso wie ich","datePublished":"2024-11-08T22:08:06+00:00","dateModified":"2024-11-08T22:08:07+00:00","mainEntityOfPage":{"@id":"https:\/\/www.strassenweb.de\/nachrichten\/ich-habe-gerade-die-perfekte-neutrale-lackfarbe-gefunden-und-zu-meiner-ueberraschung-lieben-designer-sie-genauso-wie-ich\/"},"wordCount":961,"publisher":{"@id":"https:\/\/www.strassenweb.de\/nachrichten\/#organization"},"image":{"@id":"https:\/\/www.strassenweb.de\/nachrichten\/ich-habe-gerade-die-perfekte-neutrale-lackfarbe-gefunden-und-zu-meiner-ueberraschung-lieben-designer-sie-genauso-wie-ich\/#primaryimage"},"thumbnailUrl":"https:\/\/www.strassenweb.de\/nachrichten\/wp-content\/uploads\/2024\/11\/Ich-habe-gerade-die-perfekte-neutrale-Lackfarbe-gefunden-\u2013-und.jpg","keywords":["Designer","die","gefunden","genauso","gerade","habe","ich","Lackfarbe","lieben","meiner","Neutrale","perfekte","Sie","\u00dcberraschung","und","Wie"],"articleSection":["Haus &amp; Garten"],"inLanguage":"de"},{"@type":"WebPage","@id":"https:\/\/www.strassenweb.de\/nachrichten\/ich-habe-gerade-die-perfekte-neutrale-lackfarbe-gefunden-und-zu-meiner-ueberraschung-lieben-designer-sie-genauso-wie-ich\/","url":"https:\/\/www.strassenweb.de\/nachrichten\/ich-habe-gerade-die-perfekte-neutrale-lackfarbe-gefunden-und-zu-meiner-ueberraschung-lieben-designer-sie-genauso-wie-ich\/","name":"Ich habe gerade die perfekte neutrale Lackfarbe gefunden \u2013 und zu meiner \u00dcberraschung lieben Designer sie genauso wie ich - Nachrichten - Stra\u00dfenweb","isPartOf":{"@id":"https:\/\/www.strassenweb.de\/nachrichten\/#website"},"primaryImageOfPage":{"@id":"https:\/\/www.strassenweb.de\/nachrichten\/ich-habe-gerade-die-perfekte-neutrale-lackfarbe-gefunden-und-zu-meiner-ueberraschung-lieben-designer-sie-genauso-wie-ich\/#primaryimage"},"image":{"@id":"https:\/\/www.strassenweb.de\/nachrichten\/ich-habe-gerade-die-perfekte-neutrale-lackfarbe-gefunden-und-zu-meiner-ueberraschung-lieben-designer-sie-genauso-wie-ich\/#primaryimage"},"thumbnailUrl":"https:\/\/www.strassenweb.de\/nachrichten\/wp-content\/uploads\/2024\/11\/Ich-habe-gerade-die-perfekte-neutrale-Lackfarbe-gefunden-\u2013-und.jpg","datePublished":"2024-11-08T22:08:06+00:00","dateModified":"2024-11-08T22:08:07+00:00","breadcrumb":{"@id":"https:\/\/www.strassenweb.de\/nachrichten\/ich-habe-gerade-die-perfekte-neutrale-lackfarbe-gefunden-und-zu-meiner-ueberraschung-lieben-designer-sie-genauso-wie-ich\/#breadcrumb"},"inLanguage":"de","potentialAction":[{"@type":"ReadAction","target":["https:\/\/www.strassenweb.de\/nachrichten\/ich-habe-gerade-die-perfekte-neutrale-lackfarbe-gefunden-und-zu-meiner-ueberraschung-lieben-designer-sie-genauso-wie-ich\/"]}]},{"@type":"ImageObject","inLanguage":"de","@id":"https:\/\/www.strassenweb.de\/nachrichten\/ich-habe-gerade-die-perfekte-neutrale-lackfarbe-gefunden-und-zu-meiner-ueberraschung-lieben-designer-sie-genauso-wie-ich\/#primaryimage","url":"https:\/\/www.strassenweb.de\/nachrichten\/wp-content\/uploads\/2024\/11\/Ich-habe-gerade-die-perfekte-neutrale-Lackfarbe-gefunden-\u2013-und.jpg","contentUrl":"https:\/\/www.strassenweb.de\/nachrichten\/wp-content\/uploads\/2024\/11\/Ich-habe-gerade-die-perfekte-neutrale-Lackfarbe-gefunden-\u2013-und.jpg","width":1200,"height":675,"caption":"Ich habe gerade die perfekte neutrale Lackfarbe gefunden \u2013 und zu meiner \u00dcberraschung lieben Designer sie genauso wie ich"},{"@type":"BreadcrumbList","@id":"https:\/\/www.strassenweb.de\/nachrichten\/ich-habe-gerade-die-perfekte-neutrale-lackfarbe-gefunden-und-zu-meiner-ueberraschung-lieben-designer-sie-genauso-wie-ich\/#breadcrumb","itemListElement":[{"@type":"ListItem","position":1,"name":"Home","item":"https:\/\/www.strassenweb.de\/nachrichten\/"},{"@type":"ListItem","position":2,"name":"Ich habe gerade die perfekte neutrale Lackfarbe gefunden \u2013 und zu meiner \u00dcberraschung lieben Designer sie genauso wie ich"}]},{"@type":"WebSite","@id":"https:\/\/www.strassenweb.de\/nachrichten\/#website","url":"https:\/\/www.strassenweb.de\/nachrichten\/","name":"Stra\u00dfenweb","description":"Stra\u00dfenverzeichnis f\u00fcr Deutschland","publisher":{"@id":"https:\/\/www.strassenweb.de\/nachrichten\/#organization"},"potentialAction":[{"@type":"SearchAction","target":{"@type":"EntryPoint","urlTemplate":"https:\/\/www.strassenweb.de\/nachrichten\/?s={search_term_string}"},"query-input":{"@type":"PropertyValueSpecification","valueRequired":true,"valueName":"search_term_string"}}],"inLanguage":"de"},{"@type":"Organization","@id":"https:\/\/www.strassenweb.de\/nachrichten\/#organization","name":"Stra\u00dfenweb","url":"https:\/\/www.strassenweb.de\/nachrichten\/","logo":{"@type":"ImageObject","inLanguage":"de","@id":"https:\/\/www.strassenweb.de\/nachrichten\/#\/schema\/logo\/image\/","url":"https:\/\/www.strassenweb.de\/nachrichten\/wp-content\/uploads\/2024\/09\/cropped-favicon.png","contentUrl":"https:\/\/www.strassenweb.de\/nachrichten\/wp-content\/uploads\/2024\/09\/cropped-favicon.png","width":512,"height":512,"caption":"Stra\u00dfenweb"},"image":{"@id":"https:\/\/www.strassenweb.de\/nachrichten\/#\/schema\/logo\/image\/"},"sameAs":["https:\/\/www.facebook.com\/strassenweb\/"]},{"@type":"Person","@id":"https:\/\/www.strassenweb.de\/nachrichten\/#\/schema\/person\/87c9c9067f1211da429a744dc5a5aa41","name":"Robert Hoffmann","image":{"@type":"ImageObject","inLanguage":"de","@id":"https:\/\/www.strassenweb.de\/nachrichten\/wp-content\/uploads\/2024\/09\/strassenweb-150x150.jpg","url":"https:\/\/www.strassenweb.de\/nachrichten\/wp-content\/uploads\/2024\/09\/strassenweb-150x150.jpg","contentUrl":"https:\/\/www.strassenweb.de\/nachrichten\/wp-content\/uploads\/2024\/09\/strassenweb-150x150.jpg","caption":"Robert Hoffmann"},"description":"Ich hei\u00dfe Robert Hoffmann und ich bin ein leidenschaftlicher Verfechter von \u00d6kologie und Biodiversit\u00e4t. Seit meiner Kindheit in den W\u00e4ldern Bayerns f\u00fchle ich mich mit der Natur verbunden und bin entschlossen, sie zu sch\u00fctzen. Heute widme ich mein Leben der Sensibilisierung anderer f\u00fcr die Bedeutung des Umweltschutzes f\u00fcr zuk\u00fcnftige Generationen.","sameAs":["https:\/\/www.strassenweb.de\/"]}]}},"_links":{"self":[{"href":"https:\/\/www.strassenweb.de\/nachrichten\/wp-json\/wp\/v2\/posts\/1436","targetHints":{"allow":["GET"]}}],"collection":[{"href":"https:\/\/www.strassenweb.de\/nachrichten\/wp-json\/wp\/v2\/posts"}],"about":[{"href":"https:\/\/www.strassenweb.de\/nachrichten\/wp-json\/wp\/v2\/types\/post"}],"author":[{"embeddable":true,"href":"https:\/\/www.strassenweb.de\/nachrichten\/wp-json\/wp\/v2\/users\/1"}],"replies":[{"embeddable":true,"href":"https:\/\/www.strassenweb.de\/nachrichten\/wp-json\/wp\/v2\/comments?post=1436"}],"version-history":[{"count":0,"href":"https:\/\/www.strassenweb.de\/nachrichten\/wp-json\/wp\/v2\/posts\/1436\/revisions"}],"wp:featuredmedia":[{"embeddable":true,"href":"https:\/\/www.strassenweb.de\/nachrichten\/wp-json\/wp\/v2\/media\/1437"}],"wp:attachment":[{"href":"https:\/\/www.strassenweb.de\/nachrichten\/wp-json\/wp\/v2\/media?parent=1436"}],"wp:term":[{"taxonomy":"category","embeddable":true,"href":"https:\/\/www.strassenweb.de\/nachrichten\/wp-json\/wp\/v2\/categories?post=1436"},{"taxonomy":"post_tag","embeddable":true,"href":"https:\/\/www.strassenweb.de\/nachrichten\/wp-json\/wp\/v2\/tags?post=1436"}],"curies":[{"name":"wp","href":"https:\/\/api.w.org\/{rel}","templated":true}]}}