{"id":1424,"date":"2024-11-08T08:39:21","date_gmt":"2024-11-08T07:39:21","guid":{"rendered":"https:\/\/www.strassenweb.de\/nachrichten\/es-ist-noch-nicht-zu-spaet-diese-zarten-winterbluehenden-blumenzwiebeln-zu-pflanzen-aber-sie-muessen-sie-jetzt-in-die-erde-bringen\/"},"modified":"2024-11-08T08:39:22","modified_gmt":"2024-11-08T07:39:22","slug":"es-ist-noch-nicht-zu-spaet-diese-zarten-winterbluehenden-blumenzwiebeln-zu-pflanzen-aber-sie-muessen-sie-jetzt-in-die-erde-bringen","status":"publish","type":"post","link":"https:\/\/www.strassenweb.de\/nachrichten\/es-ist-noch-nicht-zu-spaet-diese-zarten-winterbluehenden-blumenzwiebeln-zu-pflanzen-aber-sie-muessen-sie-jetzt-in-die-erde-bringen\/","title":{"rendered":"Es ist noch nicht zu sp\u00e4t, diese zarten winterbl\u00fchenden Blumenzwiebeln zu pflanzen, aber Sie m\u00fcssen sie jetzt in die Erde bringen"},"content":{"rendered":"<p><\/p>\n<div id=\"article-body\" class=\"article__body \">\n<p>Beim Z\u00fcchten von Schneegl\u00f6ckchen kommt es auf das richtige Timing an. Das Pflanzen von Blumenzwiebeln zu sp\u00e4t im Jahr, wenn der Winter Einzug h\u00e4lt, f\u00fchrt zu einer ausbleibenden Bl\u00fcte und Entt\u00e4uschungen. Deshalb ist es wichtig, die Blumenzwiebeln rechtzeitig in die Erde zu pflanzen. Als ehemaliger professioneller G\u00e4rtner habe ich in mehreren privaten G\u00e4rten im Vereinigten K\u00f6nigreich Schneegl\u00f6ckchen gez\u00fcchtet und wei\u00df, dass es entscheidend ist, sie zum richtigen Zeitpunkt zu pflanzen.<\/p>\n<div id=\"ad-unit-1\" class=\"ad-unit\"><\/div>\n<p>Im Allgemeinen ist der Herbst die Zeit zum Pflanzen von Blumenzwiebeln, und egal, ob Sie Schneegl\u00f6ckchen, Tulpen oder Narzissen z\u00fcchten m\u00f6chten, es ist eine gute Idee, im Oktober und November mit dem Pflanzen zu beginnen, da die Temperatur sinkt, aber bevor der Boden \u00fcberm\u00e4\u00dfig nass oder gefroren ist. Sie haben also noch ein paar Wochen Zeit, um etwas in den Boden zu bringen.<\/p>\n<p>Hier bespreche ich den idealen Zeitpunkt zum Pflanzen von Schneegl\u00f6ckchenzwiebeln in Ihrem Garten, um die besten Erfolgsaussichten zu haben und Ihnen dabei zu helfen, Ihre Rabatten und T\u00f6pfe in der k\u00e4ltesten Zeit des Jahres mit auff\u00e4lligen wei\u00dfen Bl\u00fcten zu f\u00fcllen.<\/p>\n<div id=\"desktop-in-article\" class=\"in-article ad-unit\">\n<div id=\"desktop-taboola-mid-article\"><\/div>\n<\/div>\n<div id=\"mobile-in-article\" class=\"in-article ad-unit\">\n<div id=\"mobile-taboola-mid-article\"><\/div>\n<\/div>\n<figure class=\"van-image-figure inline-layout \" data-bordeaux-image-check>\n<div class=\"image-full-width-wrapper\">\n<div class=\"image-widthsetter\" style=\"max-width:2400px;\"><\/div>\n<\/div>\n<\/figure>\n<h2 id=\"when-to-plant-snowdrop-bulbs-3\">Wann sollten Schneegl\u00f6ckchenzwiebeln gepflanzt werden?<\/h2>\n<aside class=\"hawk-nest\" data-block-type=\"embed\" data-render-type=\"fte\" data-skip=\"dealsy\" data-widget-type=\"seasonal\">\n<div class=\"hawk-master-widget-hawk-base-wrapper\"><\/div>\n<\/aside>\n<p>Denken Sie beim Pflanzen von Schneegl\u00f6ckchen daran, dass es sich um robuste, schneeresistente Blumen handelt. Obwohl sie empfindlich aussehen, k\u00f6nnen Schneegl\u00f6ckchen in der US-Winterh\u00e4rtezone 3 und h\u00f6her gez\u00fcchtet werden. Sie vertragen gefrorene Winter und bl\u00fchen oft, wenn der Boden gefroren ist.<\/p>\n<div class=\"van_vid_carousel\">\n<div class=\"van_vid_carousel__padding\">\n<div class=\"van_vid_carousel__container\"><\/div>\n<\/div>\n<\/div>\n<h3 class=\"article-body__section\" id=\"section-when-is-the-ideal-time-to-plant-snowdrop-bulbs\"><span>Wann ist der ideale Zeitpunkt zum Pflanzen von Schneegl\u00f6ckchenzwiebeln?<\/span><\/h3>\n<figure class=\"van-image-figure inline-layout \" data-bordeaux-image-check>\n<div class=\"image-full-width-wrapper\">\n<div class=\"image-widthsetter\" style=\"max-width:2400px;\"><\/div>\n<\/div>\n<\/figure>\n<p>Schneegl\u00f6ckchen bl\u00fchen normalerweise zwischen Januar und M\u00e4rz und sind ein Zeichen daf\u00fcr, dass der Fr\u00fchling bald naht. Das Pflanzen dieser Miniaturzwiebeln erfordert sorgf\u00e4ltiges Timing, um die besten Ergebnisse zu erzielen. Das ideale Pflanzfenster liegt normalerweise zwischen August und November. Es ist immer noch v\u00f6llig in Ordnung, erst im November zu pflanzen, aber meiner Erfahrung nach gilt: je fr\u00fcher, desto besser.<\/p>\n<div id=\"ad-unit-2\" class=\"ad-unit\"><\/div>\n<p>Wenn Sie sie bis November pflanzen, stellen Sie sicher, dass Ihre Zwiebeln gen\u00fcgend Zeit haben, zu sprie\u00dfen und Wurzeln zu bilden, bevor der Boden gefriert, sodass sie besser auf die Bildung gesunder Bl\u00e4tter und Blumen im neuen Jahr vorbereitet sind.<\/p>\n<p>Denken Sie beim Pflanzen daran, dass es sich um Blumenzwiebeln f\u00fcr den Schatten oder Halbschatten handelt. Au\u00dferdem ist es wichtig, einen Standort mit gut durchl\u00e4ssigem Boden zu w\u00e4hlen. Vermeiden Sie es, Blumenzwiebeln in durchn\u00e4ssten oder \u00fcberm\u00e4\u00dfig feuchten Boden zu pflanzen, da sie verfaulen k\u00f6nnen, wenn sie zu lange in ges\u00e4ttigtem Boden stehen.<\/p>\n<p>Was die Pflanztiefe der Blumenzwiebeln angeht, sollten Sie die Schneegl\u00f6ckchen mindestens 5 bis 7 cm tief eingraben. Positionieren Sie Ihre Gl\u00fchbirne mit der Spitze nach oben. Schneegl\u00f6ckchen sehen am besten aus, wenn sie in nat\u00fcrlichen Schneeverwehungen gepflanzt werden. Platzieren Sie daher 10 oder 15 Blumenzwiebeln in B\u00fcscheln im Abstand von 30 bis 60 cm in Ihren Rabatten.<\/p>\n<div class=\"product-container hero-product-container product-block-no-wrap\"><\/div>\n<h3 class=\"article-body__section\" id=\"section-what-if-i-miss-the-snowdrop-bulb-planting-window\"><span>Was passiert, wenn ich das Pflanzfenster f\u00fcr Schneegl\u00f6ckchenzwiebeln verpasse? <\/span><\/h3>\n<figure class=\"van-image-figure inline-layout \" data-bordeaux-image-check>\n<div class=\"image-full-width-wrapper\">\n<div class=\"image-widthsetter\" style=\"max-width:2400px;\"><\/div>\n<\/div>\n<\/figure>\n<p>Wenn Sie dieses Fenster verpassen, w\u00fcrde ich Ihnen nicht empfehlen, im Dezember Schneegl\u00f6ckchen zu pflanzen. Das zu sp\u00e4te Pflanzen von Blumenzwiebeln im Winter ist ein h\u00e4ufiger Fehler beim Blumenzwiebelpflanzen, den man vermeiden sollte und der zu einer Entt\u00e4uschung f\u00fchren kann, wenn keine Schneegl\u00f6ckchen erscheinen. Erw\u00e4gen Sie stattdessen, Schneegl\u00f6ckchen \u201eim Gr\u00fcnen\u201c zu pflanzen.<\/p>\n<p>Sie k\u00f6nnen in einem Gartencenter bereits bl\u00fchende Blumenzwiebeln kaufen, die eine sch\u00f6ne Erg\u00e4nzung zu einer Blumentopfpr\u00e4sentation darstellen k\u00f6nnten. Seien Sie beim Pflanzen jedoch vorsichtig, da Schneegl\u00f6ckchenzwiebeln zu dieser Jahreszeit nicht gut auf das Umstellen reagieren.<\/p>\n<p>Alternativ k\u00f6nnen Sie bis nach dem Bl\u00fchfenster warten und Schneegl\u00f6ckchen \u201eim Gr\u00fcnen\u201c pflanzen, normalerweise im Februar, M\u00e4rz oder April. Beim Pflanzen \u201eim Gr\u00fcnen\u201c werden lebende Pflanzen mit intaktem Laub verpflanzt. Sie sollten dies tun, bevor das Wetter w\u00e4rmer wird, idealerweise lange vor Mai. Denken Sie auch daran, dass die \u00dcberlebenschancen umso geringer sind, je l\u00e4nger Ihre Blumenzwiebeln aus der Erde kommen. Daher ist es immer vorzuziehen, sie so bald wie m\u00f6glich zu pflanzen.<\/p>\n<p>Graben Sie, \u00e4hnlich wie beim Pflanzen von Blumenzwiebeln im Herbst, einzelne L\u00f6cher in einer Tiefe von 5 bis 7,5 cm und positionieren Sie jedes B\u00fcschel in der gleichen Tiefe wie vor dem Ausheben \u2013 Sie m\u00f6chten nicht, dass die gr\u00fcnen St\u00e4ngel zu tief eingegraben werden. Oft k\u00f6nnen Sie die H\u00f6he der Oberfl\u00e4che anhand einer deutlichen Farbver\u00e4nderung am Stiel erkennen.<\/p>\n<p>Nach dem Pflanzen leicht gie\u00dfen, um den Boden zu beruhigen und Ihren neuen Schneegl\u00f6ckchen Auftrieb zu geben. Behalten Sie sie im Auge, da sie bei w\u00e4rmerem Wetter austrocknen k\u00f6nnten. W\u00e4hrend Sie in diesem Jahr von diesen frostharten Pflanzen keine Bl\u00fcten bekommen, wird eine Pflanzung \u201eim Gr\u00fcnen\u201c im Fr\u00fchjahr zu hervorragenden Ergebnissen und einem kr\u00e4ftigen Wachstum im folgenden Winter f\u00fchren.<\/p>\n<h3 class=\"article-body__section\" id=\"section-faqs\"><span>FAQs<\/span><\/h3>\n<h2 id=\"do-snowdrops-naturalize-when-planted-in-borders-3\">Verwildern Schneegl\u00f6ckchen, wenn sie in Rabatten gepflanzt werden? <\/h2>\n<p>Ja, Schneegl\u00f6ckchen verwildern und breiten sich in Ihrem Garten aus. Nach ein paar Jahren an einer Stelle ist es eine gute Idee, verstopfte Klumpen anzuheben und zu teilen, um sie zu ermutigen, verschiedene Bereiche des Gartens zu besiedeln. Dies geschieht am besten nach der Bl\u00fcte im M\u00e4rz oder April.<\/p>\n<h2 id=\"what-unusual-variety-of-snowdrop-would-you-recommend-3\">Welche ungew\u00f6hnliche Schneegl\u00f6ckchensorte w\u00fcrden Sie empfehlen?<\/h2>\n<p>Es gibt 20 Schneegl\u00f6ckchenarten, die alle in Europa und Asien heimisch sind. Am beliebtesten ist das Schneegl\u00f6ckchen, <em>Galanthus nivalis, <\/em>Aber es gibt noch viele andere M\u00f6glichkeiten, da im Laufe der Jahrhunderte mehr als 2.500 Sorten gez\u00fcchtet wurden. <em>Galanthus &#8218;Blonde Inge&#8216; <\/em>war schon immer einer meiner Favoriten, mit einer gelbgr\u00fcnen F\u00e4rbung, die die wei\u00dfen h\u00e4ngenden Bl\u00fctenbl\u00e4tter zierte.<\/p>\n<hr>\n<p>W\u00e4hrend es jedes Jahr viele neue Blumenzwiebelpflanztrends gibt, sind Schneegl\u00f6ckchen ein fester Bestandteil des Gartens und f\u00fcr mich eine zeitlose Bereicherung f\u00fcr jeden Raum. Versuchen Sie, sie neben Alpenveilchen und Krokodilen zu pflanzen, um zu Beginn des Jahres neben diesen zierlichen, wei\u00dfen Bl\u00fcten Farbtupfer zu setzen.<\/p>\n<\/div>\n","protected":false},"excerpt":{"rendered":"<p>Beim Z\u00fcchten von Schneegl\u00f6ckchen kommt es auf das richtige Timing an. Das Pflanzen von Blumenzwiebeln zu sp\u00e4t im Jahr, wenn der Winter Einzug h\u00e4lt, f\u00fchrt<\/p>\n","protected":false},"author":1,"featured_media":1425,"comment_status":"closed","ping_status":"","sticky":false,"template":"","format":"standard","meta":{"footnotes":""},"categories":[118],"tags":[357,1904,625,9,143,2398,15,1272,594,61,2659,246,165,1174,2661,2660],"class_list":["post-1424","post","type-post","status-publish","format-standard","has-post-thumbnail","hentry","category-haus-garten","tag-aber","tag-blumenzwiebeln","tag-bringen","tag-die","tag-diese","tag-erde","tag-ist","tag-jetzt","tag-muessen","tag-nicht","tag-noch","tag-pflanzen","tag-sie","tag-spaet","tag-winterbluehenden","tag-zarten","generate-columns","tablet-grid-50","mobile-grid-100","grid-parent","grid-50"],"yoast_head":"<!-- This site is optimized with the Yoast SEO plugin v27.3 - https:\/\/yoast.com\/product\/yoast-seo-wordpress\/ -->\n<title>Es ist noch nicht zu sp\u00e4t, diese zarten winterbl\u00fchenden Blumenzwiebeln zu pflanzen, aber Sie m\u00fcssen sie jetzt in die Erde bringen - Nachrichten - Stra\u00dfenweb<\/title>\n<meta name=\"robots\" content=\"index, follow, max-snippet:-1, max-image-preview:large, max-video-preview:-1\" \/>\n<link rel=\"canonical\" href=\"https:\/\/www.strassenweb.de\/nachrichten\/es-ist-noch-nicht-zu-spaet-diese-zarten-winterbluehenden-blumenzwiebeln-zu-pflanzen-aber-sie-muessen-sie-jetzt-in-die-erde-bringen\/\" \/>\n<meta property=\"og:locale\" content=\"de_DE\" \/>\n<meta property=\"og:type\" content=\"article\" \/>\n<meta property=\"og:title\" content=\"Es ist noch nicht zu sp\u00e4t, diese zarten winterbl\u00fchenden Blumenzwiebeln zu pflanzen, aber Sie m\u00fcssen sie jetzt in die Erde bringen - Nachrichten - Stra\u00dfenweb\" \/>\n<meta property=\"og:description\" content=\"Beim Z\u00fcchten von Schneegl\u00f6ckchen kommt es auf das richtige Timing an. Das Pflanzen von Blumenzwiebeln zu sp\u00e4t im Jahr, wenn der Winter Einzug h\u00e4lt, f\u00fchrt\" \/>\n<meta property=\"og:url\" content=\"https:\/\/www.strassenweb.de\/nachrichten\/es-ist-noch-nicht-zu-spaet-diese-zarten-winterbluehenden-blumenzwiebeln-zu-pflanzen-aber-sie-muessen-sie-jetzt-in-die-erde-bringen\/\" \/>\n<meta property=\"og:site_name\" content=\"Stra\u00dfenweb\" \/>\n<meta property=\"article:publisher\" content=\"https:\/\/www.facebook.com\/strassenweb\/\" \/>\n<meta property=\"article:published_time\" content=\"2024-11-08T07:39:21+00:00\" \/>\n<meta property=\"article:modified_time\" content=\"2024-11-08T07:39:22+00:00\" \/>\n<meta property=\"og:image\" content=\"https:\/\/www.strassenweb.de\/nachrichten\/wp-content\/uploads\/2024\/11\/Es-ist-noch-nicht-zu-spaet-diese-zarten-winterbluehenden-Blumenzwiebeln.jpg\" \/>\n\t<meta property=\"og:image:width\" content=\"1200\" \/>\n\t<meta property=\"og:image:height\" content=\"675\" \/>\n\t<meta property=\"og:image:type\" content=\"image\/jpeg\" \/>\n<meta name=\"author\" content=\"Robert Hoffmann\" \/>\n<meta name=\"twitter:card\" content=\"summary_large_image\" \/>\n<meta name=\"twitter:label1\" content=\"Verfasst von\" \/>\n\t<meta name=\"twitter:data1\" content=\"Robert Hoffmann\" \/>\n\t<meta name=\"twitter:label2\" content=\"Gesch\u00e4tzte Lesezeit\" \/>\n\t<meta name=\"twitter:data2\" content=\"5\u00a0Minuten\" \/>\n<script type=\"application\/ld+json\" class=\"yoast-schema-graph\">{\"@context\":\"https:\\\/\\\/schema.org\",\"@graph\":[{\"@type\":\"Article\",\"@id\":\"https:\\\/\\\/www.strassenweb.de\\\/nachrichten\\\/es-ist-noch-nicht-zu-spaet-diese-zarten-winterbluehenden-blumenzwiebeln-zu-pflanzen-aber-sie-muessen-sie-jetzt-in-die-erde-bringen\\\/#article\",\"isPartOf\":{\"@id\":\"https:\\\/\\\/www.strassenweb.de\\\/nachrichten\\\/es-ist-noch-nicht-zu-spaet-diese-zarten-winterbluehenden-blumenzwiebeln-zu-pflanzen-aber-sie-muessen-sie-jetzt-in-die-erde-bringen\\\/\"},\"author\":{\"name\":\"Robert Hoffmann\",\"@id\":\"https:\\\/\\\/www.strassenweb.de\\\/nachrichten\\\/#\\\/schema\\\/person\\\/87c9c9067f1211da429a744dc5a5aa41\"},\"headline\":\"Es ist noch nicht zu sp\u00e4t, diese zarten winterbl\u00fchenden Blumenzwiebeln zu pflanzen, aber Sie m\u00fcssen sie jetzt in die Erde bringen\",\"datePublished\":\"2024-11-08T07:39:21+00:00\",\"dateModified\":\"2024-11-08T07:39:22+00:00\",\"mainEntityOfPage\":{\"@id\":\"https:\\\/\\\/www.strassenweb.de\\\/nachrichten\\\/es-ist-noch-nicht-zu-spaet-diese-zarten-winterbluehenden-blumenzwiebeln-zu-pflanzen-aber-sie-muessen-sie-jetzt-in-die-erde-bringen\\\/\"},\"wordCount\":1028,\"publisher\":{\"@id\":\"https:\\\/\\\/www.strassenweb.de\\\/nachrichten\\\/#organization\"},\"image\":{\"@id\":\"https:\\\/\\\/www.strassenweb.de\\\/nachrichten\\\/es-ist-noch-nicht-zu-spaet-diese-zarten-winterbluehenden-blumenzwiebeln-zu-pflanzen-aber-sie-muessen-sie-jetzt-in-die-erde-bringen\\\/#primaryimage\"},\"thumbnailUrl\":\"https:\\\/\\\/www.strassenweb.de\\\/nachrichten\\\/wp-content\\\/uploads\\\/2024\\\/11\\\/Es-ist-noch-nicht-zu-spaet-diese-zarten-winterbluehenden-Blumenzwiebeln.jpg\",\"keywords\":[\"aber\",\"Blumenzwiebeln\",\"bringen\",\"die\",\"diese\",\"Erde\",\"ist\",\"jetzt\",\"m\u00fcssen\",\"nicht\",\"noch\",\"Pflanzen\",\"Sie\",\"sp\u00e4t\",\"winterbl\u00fchenden\",\"zarten\"],\"articleSection\":[\"Haus &amp; Garten\"],\"inLanguage\":\"de\"},{\"@type\":\"WebPage\",\"@id\":\"https:\\\/\\\/www.strassenweb.de\\\/nachrichten\\\/es-ist-noch-nicht-zu-spaet-diese-zarten-winterbluehenden-blumenzwiebeln-zu-pflanzen-aber-sie-muessen-sie-jetzt-in-die-erde-bringen\\\/\",\"url\":\"https:\\\/\\\/www.strassenweb.de\\\/nachrichten\\\/es-ist-noch-nicht-zu-spaet-diese-zarten-winterbluehenden-blumenzwiebeln-zu-pflanzen-aber-sie-muessen-sie-jetzt-in-die-erde-bringen\\\/\",\"name\":\"Es ist noch nicht zu sp\u00e4t, diese zarten winterbl\u00fchenden Blumenzwiebeln zu pflanzen, aber Sie m\u00fcssen sie jetzt in die Erde bringen - Nachrichten - Stra\u00dfenweb\",\"isPartOf\":{\"@id\":\"https:\\\/\\\/www.strassenweb.de\\\/nachrichten\\\/#website\"},\"primaryImageOfPage\":{\"@id\":\"https:\\\/\\\/www.strassenweb.de\\\/nachrichten\\\/es-ist-noch-nicht-zu-spaet-diese-zarten-winterbluehenden-blumenzwiebeln-zu-pflanzen-aber-sie-muessen-sie-jetzt-in-die-erde-bringen\\\/#primaryimage\"},\"image\":{\"@id\":\"https:\\\/\\\/www.strassenweb.de\\\/nachrichten\\\/es-ist-noch-nicht-zu-spaet-diese-zarten-winterbluehenden-blumenzwiebeln-zu-pflanzen-aber-sie-muessen-sie-jetzt-in-die-erde-bringen\\\/#primaryimage\"},\"thumbnailUrl\":\"https:\\\/\\\/www.strassenweb.de\\\/nachrichten\\\/wp-content\\\/uploads\\\/2024\\\/11\\\/Es-ist-noch-nicht-zu-spaet-diese-zarten-winterbluehenden-Blumenzwiebeln.jpg\",\"datePublished\":\"2024-11-08T07:39:21+00:00\",\"dateModified\":\"2024-11-08T07:39:22+00:00\",\"breadcrumb\":{\"@id\":\"https:\\\/\\\/www.strassenweb.de\\\/nachrichten\\\/es-ist-noch-nicht-zu-spaet-diese-zarten-winterbluehenden-blumenzwiebeln-zu-pflanzen-aber-sie-muessen-sie-jetzt-in-die-erde-bringen\\\/#breadcrumb\"},\"inLanguage\":\"de\",\"potentialAction\":[{\"@type\":\"ReadAction\",\"target\":[\"https:\\\/\\\/www.strassenweb.de\\\/nachrichten\\\/es-ist-noch-nicht-zu-spaet-diese-zarten-winterbluehenden-blumenzwiebeln-zu-pflanzen-aber-sie-muessen-sie-jetzt-in-die-erde-bringen\\\/\"]}]},{\"@type\":\"ImageObject\",\"inLanguage\":\"de\",\"@id\":\"https:\\\/\\\/www.strassenweb.de\\\/nachrichten\\\/es-ist-noch-nicht-zu-spaet-diese-zarten-winterbluehenden-blumenzwiebeln-zu-pflanzen-aber-sie-muessen-sie-jetzt-in-die-erde-bringen\\\/#primaryimage\",\"url\":\"https:\\\/\\\/www.strassenweb.de\\\/nachrichten\\\/wp-content\\\/uploads\\\/2024\\\/11\\\/Es-ist-noch-nicht-zu-spaet-diese-zarten-winterbluehenden-Blumenzwiebeln.jpg\",\"contentUrl\":\"https:\\\/\\\/www.strassenweb.de\\\/nachrichten\\\/wp-content\\\/uploads\\\/2024\\\/11\\\/Es-ist-noch-nicht-zu-spaet-diese-zarten-winterbluehenden-Blumenzwiebeln.jpg\",\"width\":1200,\"height\":675,\"caption\":\"Es ist noch nicht zu sp\u00e4t, diese zarten winterbl\u00fchenden Blumenzwiebeln zu pflanzen, aber Sie m\u00fcssen sie jetzt in die Erde bringen\"},{\"@type\":\"BreadcrumbList\",\"@id\":\"https:\\\/\\\/www.strassenweb.de\\\/nachrichten\\\/es-ist-noch-nicht-zu-spaet-diese-zarten-winterbluehenden-blumenzwiebeln-zu-pflanzen-aber-sie-muessen-sie-jetzt-in-die-erde-bringen\\\/#breadcrumb\",\"itemListElement\":[{\"@type\":\"ListItem\",\"position\":1,\"name\":\"Home\",\"item\":\"https:\\\/\\\/www.strassenweb.de\\\/nachrichten\\\/\"},{\"@type\":\"ListItem\",\"position\":2,\"name\":\"Es ist noch nicht zu sp\u00e4t, diese zarten winterbl\u00fchenden Blumenzwiebeln zu pflanzen, aber Sie m\u00fcssen sie jetzt in die Erde bringen\"}]},{\"@type\":\"WebSite\",\"@id\":\"https:\\\/\\\/www.strassenweb.de\\\/nachrichten\\\/#website\",\"url\":\"https:\\\/\\\/www.strassenweb.de\\\/nachrichten\\\/\",\"name\":\"Stra\u00dfenweb\",\"description\":\"Stra\u00dfenverzeichnis f\u00fcr Deutschland\",\"publisher\":{\"@id\":\"https:\\\/\\\/www.strassenweb.de\\\/nachrichten\\\/#organization\"},\"potentialAction\":[{\"@type\":\"SearchAction\",\"target\":{\"@type\":\"EntryPoint\",\"urlTemplate\":\"https:\\\/\\\/www.strassenweb.de\\\/nachrichten\\\/?s={search_term_string}\"},\"query-input\":{\"@type\":\"PropertyValueSpecification\",\"valueRequired\":true,\"valueName\":\"search_term_string\"}}],\"inLanguage\":\"de\"},{\"@type\":\"Organization\",\"@id\":\"https:\\\/\\\/www.strassenweb.de\\\/nachrichten\\\/#organization\",\"name\":\"Stra\u00dfenweb\",\"url\":\"https:\\\/\\\/www.strassenweb.de\\\/nachrichten\\\/\",\"logo\":{\"@type\":\"ImageObject\",\"inLanguage\":\"de\",\"@id\":\"https:\\\/\\\/www.strassenweb.de\\\/nachrichten\\\/#\\\/schema\\\/logo\\\/image\\\/\",\"url\":\"https:\\\/\\\/www.strassenweb.de\\\/nachrichten\\\/wp-content\\\/uploads\\\/2024\\\/09\\\/cropped-favicon.png\",\"contentUrl\":\"https:\\\/\\\/www.strassenweb.de\\\/nachrichten\\\/wp-content\\\/uploads\\\/2024\\\/09\\\/cropped-favicon.png\",\"width\":512,\"height\":512,\"caption\":\"Stra\u00dfenweb\"},\"image\":{\"@id\":\"https:\\\/\\\/www.strassenweb.de\\\/nachrichten\\\/#\\\/schema\\\/logo\\\/image\\\/\"},\"sameAs\":[\"https:\\\/\\\/www.facebook.com\\\/strassenweb\\\/\"]},{\"@type\":\"Person\",\"@id\":\"https:\\\/\\\/www.strassenweb.de\\\/nachrichten\\\/#\\\/schema\\\/person\\\/87c9c9067f1211da429a744dc5a5aa41\",\"name\":\"Robert Hoffmann\",\"image\":{\"@type\":\"ImageObject\",\"inLanguage\":\"de\",\"@id\":\"https:\\\/\\\/www.strassenweb.de\\\/nachrichten\\\/wp-content\\\/uploads\\\/2024\\\/09\\\/strassenweb-150x150.jpg\",\"url\":\"https:\\\/\\\/www.strassenweb.de\\\/nachrichten\\\/wp-content\\\/uploads\\\/2024\\\/09\\\/strassenweb-150x150.jpg\",\"contentUrl\":\"https:\\\/\\\/www.strassenweb.de\\\/nachrichten\\\/wp-content\\\/uploads\\\/2024\\\/09\\\/strassenweb-150x150.jpg\",\"caption\":\"Robert Hoffmann\"},\"description\":\"Ich hei\u00dfe Robert Hoffmann und ich bin ein leidenschaftlicher Verfechter von \u00d6kologie und Biodiversit\u00e4t. Seit meiner Kindheit in den W\u00e4ldern Bayerns f\u00fchle ich mich mit der Natur verbunden und bin entschlossen, sie zu sch\u00fctzen. Heute widme ich mein Leben der Sensibilisierung anderer f\u00fcr die Bedeutung des Umweltschutzes f\u00fcr zuk\u00fcnftige Generationen.\",\"sameAs\":[\"https:\\\/\\\/www.strassenweb.de\\\/\"]}]}<\/script>\n<!-- \/ Yoast SEO plugin. -->","yoast_head_json":{"title":"Es ist noch nicht zu sp\u00e4t, diese zarten winterbl\u00fchenden Blumenzwiebeln zu pflanzen, aber Sie m\u00fcssen sie jetzt in die Erde bringen - Nachrichten - Stra\u00dfenweb","robots":{"index":"index","follow":"follow","max-snippet":"max-snippet:-1","max-image-preview":"max-image-preview:large","max-video-preview":"max-video-preview:-1"},"canonical":"https:\/\/www.strassenweb.de\/nachrichten\/es-ist-noch-nicht-zu-spaet-diese-zarten-winterbluehenden-blumenzwiebeln-zu-pflanzen-aber-sie-muessen-sie-jetzt-in-die-erde-bringen\/","og_locale":"de_DE","og_type":"article","og_title":"Es ist noch nicht zu sp\u00e4t, diese zarten winterbl\u00fchenden Blumenzwiebeln zu pflanzen, aber Sie m\u00fcssen sie jetzt in die Erde bringen - Nachrichten - Stra\u00dfenweb","og_description":"Beim Z\u00fcchten von Schneegl\u00f6ckchen kommt es auf das richtige Timing an. Das Pflanzen von Blumenzwiebeln zu sp\u00e4t im Jahr, wenn der Winter Einzug h\u00e4lt, f\u00fchrt","og_url":"https:\/\/www.strassenweb.de\/nachrichten\/es-ist-noch-nicht-zu-spaet-diese-zarten-winterbluehenden-blumenzwiebeln-zu-pflanzen-aber-sie-muessen-sie-jetzt-in-die-erde-bringen\/","og_site_name":"Stra\u00dfenweb","article_publisher":"https:\/\/www.facebook.com\/strassenweb\/","article_published_time":"2024-11-08T07:39:21+00:00","article_modified_time":"2024-11-08T07:39:22+00:00","og_image":[{"width":1200,"height":675,"url":"https:\/\/www.strassenweb.de\/nachrichten\/wp-content\/uploads\/2024\/11\/Es-ist-noch-nicht-zu-spaet-diese-zarten-winterbluehenden-Blumenzwiebeln.jpg","type":"image\/jpeg"}],"author":"Robert Hoffmann","twitter_card":"summary_large_image","twitter_misc":{"Verfasst von":"Robert Hoffmann","Gesch\u00e4tzte Lesezeit":"5\u00a0Minuten"},"schema":{"@context":"https:\/\/schema.org","@graph":[{"@type":"Article","@id":"https:\/\/www.strassenweb.de\/nachrichten\/es-ist-noch-nicht-zu-spaet-diese-zarten-winterbluehenden-blumenzwiebeln-zu-pflanzen-aber-sie-muessen-sie-jetzt-in-die-erde-bringen\/#article","isPartOf":{"@id":"https:\/\/www.strassenweb.de\/nachrichten\/es-ist-noch-nicht-zu-spaet-diese-zarten-winterbluehenden-blumenzwiebeln-zu-pflanzen-aber-sie-muessen-sie-jetzt-in-die-erde-bringen\/"},"author":{"name":"Robert Hoffmann","@id":"https:\/\/www.strassenweb.de\/nachrichten\/#\/schema\/person\/87c9c9067f1211da429a744dc5a5aa41"},"headline":"Es ist noch nicht zu sp\u00e4t, diese zarten winterbl\u00fchenden Blumenzwiebeln zu pflanzen, aber Sie m\u00fcssen sie jetzt in die Erde bringen","datePublished":"2024-11-08T07:39:21+00:00","dateModified":"2024-11-08T07:39:22+00:00","mainEntityOfPage":{"@id":"https:\/\/www.strassenweb.de\/nachrichten\/es-ist-noch-nicht-zu-spaet-diese-zarten-winterbluehenden-blumenzwiebeln-zu-pflanzen-aber-sie-muessen-sie-jetzt-in-die-erde-bringen\/"},"wordCount":1028,"publisher":{"@id":"https:\/\/www.strassenweb.de\/nachrichten\/#organization"},"image":{"@id":"https:\/\/www.strassenweb.de\/nachrichten\/es-ist-noch-nicht-zu-spaet-diese-zarten-winterbluehenden-blumenzwiebeln-zu-pflanzen-aber-sie-muessen-sie-jetzt-in-die-erde-bringen\/#primaryimage"},"thumbnailUrl":"https:\/\/www.strassenweb.de\/nachrichten\/wp-content\/uploads\/2024\/11\/Es-ist-noch-nicht-zu-spaet-diese-zarten-winterbluehenden-Blumenzwiebeln.jpg","keywords":["aber","Blumenzwiebeln","bringen","die","diese","Erde","ist","jetzt","m\u00fcssen","nicht","noch","Pflanzen","Sie","sp\u00e4t","winterbl\u00fchenden","zarten"],"articleSection":["Haus &amp; Garten"],"inLanguage":"de"},{"@type":"WebPage","@id":"https:\/\/www.strassenweb.de\/nachrichten\/es-ist-noch-nicht-zu-spaet-diese-zarten-winterbluehenden-blumenzwiebeln-zu-pflanzen-aber-sie-muessen-sie-jetzt-in-die-erde-bringen\/","url":"https:\/\/www.strassenweb.de\/nachrichten\/es-ist-noch-nicht-zu-spaet-diese-zarten-winterbluehenden-blumenzwiebeln-zu-pflanzen-aber-sie-muessen-sie-jetzt-in-die-erde-bringen\/","name":"Es ist noch nicht zu sp\u00e4t, diese zarten winterbl\u00fchenden Blumenzwiebeln zu pflanzen, aber Sie m\u00fcssen sie jetzt in die Erde bringen - Nachrichten - Stra\u00dfenweb","isPartOf":{"@id":"https:\/\/www.strassenweb.de\/nachrichten\/#website"},"primaryImageOfPage":{"@id":"https:\/\/www.strassenweb.de\/nachrichten\/es-ist-noch-nicht-zu-spaet-diese-zarten-winterbluehenden-blumenzwiebeln-zu-pflanzen-aber-sie-muessen-sie-jetzt-in-die-erde-bringen\/#primaryimage"},"image":{"@id":"https:\/\/www.strassenweb.de\/nachrichten\/es-ist-noch-nicht-zu-spaet-diese-zarten-winterbluehenden-blumenzwiebeln-zu-pflanzen-aber-sie-muessen-sie-jetzt-in-die-erde-bringen\/#primaryimage"},"thumbnailUrl":"https:\/\/www.strassenweb.de\/nachrichten\/wp-content\/uploads\/2024\/11\/Es-ist-noch-nicht-zu-spaet-diese-zarten-winterbluehenden-Blumenzwiebeln.jpg","datePublished":"2024-11-08T07:39:21+00:00","dateModified":"2024-11-08T07:39:22+00:00","breadcrumb":{"@id":"https:\/\/www.strassenweb.de\/nachrichten\/es-ist-noch-nicht-zu-spaet-diese-zarten-winterbluehenden-blumenzwiebeln-zu-pflanzen-aber-sie-muessen-sie-jetzt-in-die-erde-bringen\/#breadcrumb"},"inLanguage":"de","potentialAction":[{"@type":"ReadAction","target":["https:\/\/www.strassenweb.de\/nachrichten\/es-ist-noch-nicht-zu-spaet-diese-zarten-winterbluehenden-blumenzwiebeln-zu-pflanzen-aber-sie-muessen-sie-jetzt-in-die-erde-bringen\/"]}]},{"@type":"ImageObject","inLanguage":"de","@id":"https:\/\/www.strassenweb.de\/nachrichten\/es-ist-noch-nicht-zu-spaet-diese-zarten-winterbluehenden-blumenzwiebeln-zu-pflanzen-aber-sie-muessen-sie-jetzt-in-die-erde-bringen\/#primaryimage","url":"https:\/\/www.strassenweb.de\/nachrichten\/wp-content\/uploads\/2024\/11\/Es-ist-noch-nicht-zu-spaet-diese-zarten-winterbluehenden-Blumenzwiebeln.jpg","contentUrl":"https:\/\/www.strassenweb.de\/nachrichten\/wp-content\/uploads\/2024\/11\/Es-ist-noch-nicht-zu-spaet-diese-zarten-winterbluehenden-Blumenzwiebeln.jpg","width":1200,"height":675,"caption":"Es ist noch nicht zu sp\u00e4t, diese zarten winterbl\u00fchenden Blumenzwiebeln zu pflanzen, aber Sie m\u00fcssen sie jetzt in die Erde bringen"},{"@type":"BreadcrumbList","@id":"https:\/\/www.strassenweb.de\/nachrichten\/es-ist-noch-nicht-zu-spaet-diese-zarten-winterbluehenden-blumenzwiebeln-zu-pflanzen-aber-sie-muessen-sie-jetzt-in-die-erde-bringen\/#breadcrumb","itemListElement":[{"@type":"ListItem","position":1,"name":"Home","item":"https:\/\/www.strassenweb.de\/nachrichten\/"},{"@type":"ListItem","position":2,"name":"Es ist noch nicht zu sp\u00e4t, diese zarten winterbl\u00fchenden Blumenzwiebeln zu pflanzen, aber Sie m\u00fcssen sie jetzt in die Erde bringen"}]},{"@type":"WebSite","@id":"https:\/\/www.strassenweb.de\/nachrichten\/#website","url":"https:\/\/www.strassenweb.de\/nachrichten\/","name":"Stra\u00dfenweb","description":"Stra\u00dfenverzeichnis f\u00fcr Deutschland","publisher":{"@id":"https:\/\/www.strassenweb.de\/nachrichten\/#organization"},"potentialAction":[{"@type":"SearchAction","target":{"@type":"EntryPoint","urlTemplate":"https:\/\/www.strassenweb.de\/nachrichten\/?s={search_term_string}"},"query-input":{"@type":"PropertyValueSpecification","valueRequired":true,"valueName":"search_term_string"}}],"inLanguage":"de"},{"@type":"Organization","@id":"https:\/\/www.strassenweb.de\/nachrichten\/#organization","name":"Stra\u00dfenweb","url":"https:\/\/www.strassenweb.de\/nachrichten\/","logo":{"@type":"ImageObject","inLanguage":"de","@id":"https:\/\/www.strassenweb.de\/nachrichten\/#\/schema\/logo\/image\/","url":"https:\/\/www.strassenweb.de\/nachrichten\/wp-content\/uploads\/2024\/09\/cropped-favicon.png","contentUrl":"https:\/\/www.strassenweb.de\/nachrichten\/wp-content\/uploads\/2024\/09\/cropped-favicon.png","width":512,"height":512,"caption":"Stra\u00dfenweb"},"image":{"@id":"https:\/\/www.strassenweb.de\/nachrichten\/#\/schema\/logo\/image\/"},"sameAs":["https:\/\/www.facebook.com\/strassenweb\/"]},{"@type":"Person","@id":"https:\/\/www.strassenweb.de\/nachrichten\/#\/schema\/person\/87c9c9067f1211da429a744dc5a5aa41","name":"Robert Hoffmann","image":{"@type":"ImageObject","inLanguage":"de","@id":"https:\/\/www.strassenweb.de\/nachrichten\/wp-content\/uploads\/2024\/09\/strassenweb-150x150.jpg","url":"https:\/\/www.strassenweb.de\/nachrichten\/wp-content\/uploads\/2024\/09\/strassenweb-150x150.jpg","contentUrl":"https:\/\/www.strassenweb.de\/nachrichten\/wp-content\/uploads\/2024\/09\/strassenweb-150x150.jpg","caption":"Robert Hoffmann"},"description":"Ich hei\u00dfe Robert Hoffmann und ich bin ein leidenschaftlicher Verfechter von \u00d6kologie und Biodiversit\u00e4t. Seit meiner Kindheit in den W\u00e4ldern Bayerns f\u00fchle ich mich mit der Natur verbunden und bin entschlossen, sie zu sch\u00fctzen. Heute widme ich mein Leben der Sensibilisierung anderer f\u00fcr die Bedeutung des Umweltschutzes f\u00fcr zuk\u00fcnftige Generationen.","sameAs":["https:\/\/www.strassenweb.de\/"]}]}},"_links":{"self":[{"href":"https:\/\/www.strassenweb.de\/nachrichten\/wp-json\/wp\/v2\/posts\/1424","targetHints":{"allow":["GET"]}}],"collection":[{"href":"https:\/\/www.strassenweb.de\/nachrichten\/wp-json\/wp\/v2\/posts"}],"about":[{"href":"https:\/\/www.strassenweb.de\/nachrichten\/wp-json\/wp\/v2\/types\/post"}],"author":[{"embeddable":true,"href":"https:\/\/www.strassenweb.de\/nachrichten\/wp-json\/wp\/v2\/users\/1"}],"replies":[{"embeddable":true,"href":"https:\/\/www.strassenweb.de\/nachrichten\/wp-json\/wp\/v2\/comments?post=1424"}],"version-history":[{"count":0,"href":"https:\/\/www.strassenweb.de\/nachrichten\/wp-json\/wp\/v2\/posts\/1424\/revisions"}],"wp:featuredmedia":[{"embeddable":true,"href":"https:\/\/www.strassenweb.de\/nachrichten\/wp-json\/wp\/v2\/media\/1425"}],"wp:attachment":[{"href":"https:\/\/www.strassenweb.de\/nachrichten\/wp-json\/wp\/v2\/media?parent=1424"}],"wp:term":[{"taxonomy":"category","embeddable":true,"href":"https:\/\/www.strassenweb.de\/nachrichten\/wp-json\/wp\/v2\/categories?post=1424"},{"taxonomy":"post_tag","embeddable":true,"href":"https:\/\/www.strassenweb.de\/nachrichten\/wp-json\/wp\/v2\/tags?post=1424"}],"curies":[{"name":"wp","href":"https:\/\/api.w.org\/{rel}","templated":true}]}}