{"id":1418,"date":"2024-11-07T22:42:07","date_gmt":"2024-11-07T21:42:07","guid":{"rendered":"https:\/\/www.strassenweb.de\/nachrichten\/soll-ich-am-black-friday-einen-grill-kaufen-warum-der-kauf-eines-grills-zur-falschen-jahreszeit-der-richtige-schritt-sein-kann\/"},"modified":"2024-11-07T22:42:08","modified_gmt":"2024-11-07T21:42:08","slug":"soll-ich-am-black-friday-einen-grill-kaufen-warum-der-kauf-eines-grills-zur-falschen-jahreszeit-der-richtige-schritt-sein-kann","status":"publish","type":"post","link":"https:\/\/www.strassenweb.de\/nachrichten\/soll-ich-am-black-friday-einen-grill-kaufen-warum-der-kauf-eines-grills-zur-falschen-jahreszeit-der-richtige-schritt-sein-kann\/","title":{"rendered":"Soll ich am Black Friday einen Grill kaufen? Warum der Kauf eines Grills zur falschen Jahreszeit der richtige Schritt sein kann"},"content":{"rendered":"<div id=\"article-body\" class=\"article__body \">\n<p>Black Friday und Cyber \u200b\u200bMonday werden normalerweise mit reduzierten Ger\u00e4ten, Ger\u00e4ten und Matratzen in Verbindung gebracht. Allerdings werden auch Grills oft zum Verkauf angeboten.<\/p>\n<div id=\"ad-unit-1\" class=\"ad-unit\"><\/div>\n<p>Es scheint kontraintuitiv zu sein, weil es die v\u00f6llig falsche Jahreszeit ist. In weiten Teilen des Landes wird es im Dezember viel zu kalt zum Grillen sein. Aber weil die Nachfrage gering ist, sind auch die Preise niedrig, wodurch Sie viel Geld sparen k\u00f6nnen.<\/p>\n<aside class=\"hawk-nest\" data-block-type=\"embed\" data-render-type=\"fte\" data-skip=\"dealsy\" data-widget-type=\"seasonal\">\n<div class=\"hawk-master-widget-hawk-base-wrapper\"><\/div>\n<\/aside>\n<p>Ich habe f\u00fcnf Black Fridays als Produkttester und Verbraucherjournalist gearbeitet und jedes Jahr werden einige der besten Grills zu stark reduzierten Preisen angeboten, aber nicht jedes Angebot ist legitim. Das ist alles, was Sie \u00fcber den Kauf eines Grills am Black Friday wissen m\u00fcssen.<\/p>\n<div id=\"desktop-in-article\" class=\"in-article ad-unit\">\n<div id=\"desktop-taboola-mid-article\"><\/div>\n<\/div>\n<div id=\"mobile-in-article\" class=\"in-article ad-unit\">\n<div id=\"mobile-taboola-mid-article\"><\/div>\n<\/div>\n<h3 class=\"article-body__section\" id=\"section-are-grills-cheaper-on-black-friday-than-other-sales\"><span>Sind Grills am Black Friday g\u00fcnstiger als andere Angebote?<\/span><\/h3>\n<figure class=\"van-image-figure inline-layout \" data-bordeaux-image-check>\n<div class=\"image-full-width-wrapper\">\n<div class=\"image-widthsetter\" style=\"max-width:2400px;\"><\/div>\n<\/div>\n<\/figure>\n<p>Es f\u00fchlt sich seltsam an, Ende November oder Dezember einen Grill zu kaufen, aber gerade diese Jahreszeit ist der Grund, warum die Preise so niedrig sind.<\/p>\n<div class=\"van_vid_carousel\">\n<div class=\"van_vid_carousel__padding\">\n<div class=\"van_vid_carousel__container\"><\/div>\n<\/div>\n<\/div>\n<p>Online-Einzelhandelsexperte Brandon Hartman erkl\u00e4rt: \u201eIch arbeite seit vielen Jahren im Einzelhandel und es ist nicht ungew\u00f6hnlich, am Black Friday hohe Preisnachl\u00e4sse f\u00fcr Grills zu sehen.\u201c Einzelh\u00e4ndler tun dies, weil der Winter naht und sie wissen, dass die Nachfrage nach Grills zur\u00fcckgehen wird. Sie bieten diese Rabatte an, um sicherzustellen, dass ihr Lagerbestand aufgebraucht ist.\u201c<\/p>\n<div id=\"ad-unit-2\" class=\"ad-unit\"><\/div>\n<p>Da sich immer weniger Menschen Grills w\u00fcnschen und die Gesch\u00e4fte ihre Grilllager r\u00e4umen wollen, bevor im Fr\u00fchjahr neue Modelle auf den Markt kommen, sinken die Preise. In meiner Zeit als Produkttester und Verbraucherjournalist habe ich gesehen, dass einige der besten Grills auf dem Markt am Black Friday f\u00fcr Hunderte von Dollar reduziert wurden.<\/p>\n<p>Das gilt nicht f\u00fcr jeden Grill, aber wenn Sie am Black Friday einen Grill kaufen, finden Sie manchmal Grillangebote zu viel g\u00fcnstigeren Preisen als am Memorial Day oder am 4. Juli, wodurch Sie Hunderte von Dollar sparen. Ich habe sogar Rabatte von bis zu 1.000 $ gesehen.<\/p>\n<h3 class=\"article-body__section\" id=\"section-are-black-friday-deals-legitimate\"><span>Sind Black-Friday-Angebote legitim?<\/span><\/h3>\n<figure class=\"van-image-figure inline-layout \" data-bordeaux-image-check>\n<div class=\"image-full-width-wrapper\">\n<div class=\"image-widthsetter\" style=\"max-width:2400px;\"><\/div>\n<\/div>\n<\/figure>\n<p>Am Black Friday stehen viele Grills zum Verkauf, aber die Verkaufspreise sind oft gef\u00e4lscht. Was wie ein guter Rabatt aussieht, ist v\u00f6llig irref\u00fchrend. In einer als \u201ePreisverankerung\u201c bekannten Praxis, die auch in der Matratzenbranche weit verbreitet ist, geben Gesch\u00e4fte einen \u201eVerkaufspreis\u201c an, bei dem es sich tats\u00e4chlich um den Einzelhandelspreis handelt, der mit einem gef\u00e4lschten Einzelhandelspreis verglichen wird, der viel h\u00f6her ist.<\/p>\n<p>Sie sehen beispielsweise einen Grill im Angebot f\u00fcr 700 US-Dollar, bei einem Preisnachlass von 1.500 US-Dollar. Es scheint ein tolles Angebot zu sein \u2013 mehr als die H\u00e4lfte g\u00fcnstiger. Wenn Sie jedoch das ganze Jahr \u00fcber auf die Preise achten, werden Sie feststellen, dass der Grill fast immer zu diesem Verkaufspreis von 700 US-Dollar gelistet ist und nicht zum angeblichen UVP von 1.500 US-Dollar. Das bedeutet, dass Sie den Grill zum vollen Preis kaufen und es keinen tats\u00e4chlichen Rabatt gibt.<\/p>\n<p>Als Beispiel aus der Praxis sehe ich oft meinen Lieblingsgrill, den Weber Spirit II E-310, der f\u00fcr 569,99 $ im Angebot ist. Dabei handelt es sich jedoch nicht wirklich um einen Ausverkauf, da es oft zu diesem Preis gelistet wird \u2013 oder zumindest schon seit einigen Jahren.<\/p>\n<p>Diese Preise sind nicht rechtsverbindlich; Solange das Gesch\u00e4ft den Preis im Laufe des Jahres ein wenig schwankt, handelt es sich technisch gesehen nicht um Fehlverkauf, sondern nur um eine unfaire Praxis.<\/p>\n<p>Brandon Hartman sagt: \u201e\u00dcberpr\u00fcfen Sie vor dem Kauf sorgf\u00e4ltig die Preishistorie des Grills, damit Sie sicher sein k\u00f6nnen, dass Sie tats\u00e4chlich einen angemessenen Rabatt oder Kosteneinsparungen erhalten.\u201c<\/p>\n<p>Dar\u00fcber hinaus unterliegen Grills, wie alle Produkte, einer Inflation. Angebote k\u00f6nnen nur relativ zum aktuellsten Preis sein. Nehmen Sie zum Beispiel dieses Angebot f\u00fcr den originalen Kettle-Grill von Weber.<\/p>\n<div class=\"hawk-nest\" data-editorial-currency=\"USD\" data-editorial-price=\"100.23\" data-editorial-was-price=\"119\" data-image=\"https:\/\/www.strassenweb.de\/nachrichten\/wp-content\/uploads\/2024\/11\/iX4YVx9XDFFRKJRUegvzbJ-200-100.jpg\" data-link=\"https:\/\/target.georiot.com\/Proxy.ashx?tsid=107655&amp;GR_URL=https%3A%2F%2Famazon.com%2FWeber-Original-Kettle-Charcoal-Grill%2Fdp%2FB00004RALW%3Ftag%3Dhawk-future-20%26ascsubtag%3Dhawk-custom-tracking-20\" data-link-merchant=\"Amazon US\" data-link-text=\"View Deal\" data-model-brand=\"Weber\" data-model-name=\"Weber Original Kettle 18\" data-model-product-name=\"Original Kettle 18\" data-show-fallback=\"button\" data-webp-image=\"https:\/\/www.strassenweb.de\/nachrichten\/wp-content\/uploads\/2024\/11\/iX4YVx9XDFFRKJRUegvzbJ-200-100.jpg.webp\" data-widget-introduction=\"&lt;p&gt;Weber's original kettle grill is a great example of the benefits and risks of buying a grill over Black Friday. There's around 20% off, so this is a deal worth buying on an excellent charcoal grill. &lt;\/p&gt;&lt;p&gt;However, the deal listed isn't entirely accurate. While the MSRP is listed as $130, it's often around $119, so it's a discount worth having, but it's not as good as it first appears. On top of that, the grill was worth $80 six years ago, and $70 a decade ago, so it's all relative. &lt;\/p&gt;\" data-widget-type=\"deal\" data-render-type=\"editorial\">\n<div class=\"hawk-master-widget-hawk-base-wrapper\">\n<div class=\"hawk-deal-widget-container\">\n<div class=\"hawk-deal-widget-wrap\">\n<div class=\"hawk-deal-widget-image-container\"><\/div>\n<div class=\"hawk-deal-widget-main\"><span class=\"hawk-deal-widget-title-product-title\"><span>Weber<\/span> <span class=\"hawk-deal-widget-title-capitalize\">Original Wasserkocher 18&#8243;:<\/span><\/span> <span class=\"hawk-deal-widget-title-was-price\">war 119 US-Dollar<\/span> <span class=\"hawk-deal-widget-title-retailer-price\"><span class=\"hawk-deal-widget-title-price\">jetzt 100,23 US-Dollar<\/span> <span class=\"hawk-deal-widget-title-retailer\">bei Amazon US<\/span><\/span><\/p>\n<p xmlns=\"http:\/\/www.w3.org\/1999\/xhtml\">Der Original-Kugelgrill von Weber ist ein gro\u00dfartiges Beispiel f\u00fcr die Vorteile und Risiken des Grillkaufs am Black Friday. Es gibt etwa 20 % Rabatt, es lohnt sich also, dieses Angebot f\u00fcr einen hervorragenden Holzkohlegrill zu kaufen. <\/p>\n<p>Allerdings ist das aufgef\u00fchrte Angebot nicht ganz korrekt. Obwohl der UVP mit 130 US-Dollar angegeben ist, liegt er oft bei etwa 119 US-Dollar. Es ist also ein lohnenswerter Rabatt, aber er ist nicht so gut, wie es zun\u00e4chst scheint. Dar\u00fcber hinaus war der Grill vor sechs Jahren 80 Dollar wert und vor einem Jahrzehnt 70 Dollar, also ist das alles relativ. <\/p>\n<\/div>\n<\/div>\n<div class=\"hawk-deal-widget-footer\">\n<div class=\"hawk-deal-widget-button-wrapper\">\n<div class=\"hawk-deal-widget-preferred-partner-wrapper\"><span>Angebot ansehen<\/span><\/div>\n<\/div>\n<\/div>\n<\/div>\n<\/div>\n<\/div>\n<h3 class=\"article-body__section\" id=\"section-what-are-the-downsides-to-buying-a-grill-in-winter\"><span>Welche Nachteile hat der Kauf eines Grills im Winter?<\/span><\/h3>\n<figure class=\"van-image-figure inline-layout \" data-bordeaux-image-check>\n<div class=\"image-full-width-wrapper\">\n<div class=\"image-widthsetter\" style=\"max-width:2400px;\"><\/div>\n<\/div>\n<\/figure>\n<p>Der Kauf eines Grills am Black Friday hat einige Nachteile. Der erste Grund ist, dass das Sortiment und der Lagerbestand an Grills oft auf \u00e4ltere, g\u00fcnstigere Modelle beschr\u00e4nkt sind. Die Lagerung dieser Produkte ist teuer, daher m\u00f6chten die Unternehmen ein wenig Geld damit verdienen, bevor sie vor der Einf\u00fchrung neuer Produkte im Fr\u00fchjahr vollst\u00e4ndig eingestellt werden. Das bedeutet, dass ein brandneuer, WLAN-f\u00e4higer Grill mit Timer und schickem Digitalthermometer wahrscheinlich nicht im Angebot sein wird. Stattdessen gibt es Rabatte auf g\u00fcnstige Grills, die schon seit Jahren auf dem Markt sind. Es k\u00f6nnen immer noch fantastische Produkte sein, und Sie k\u00f6nnen Hunderte von Dollar sparen, aber erwarten Sie nicht das Beste.<\/p>\n<p>Das bedeutet auch, dass Sie schnell sein m\u00fcssen. Im Fr\u00fchling verf\u00fcgen Grillhersteller und Einzelh\u00e4ndler \u00fcber reichlich Lagerbest\u00e4nde, um der steigenden Nachfrage gerecht zu werden, wenn das Wetter w\u00e4rmer wird. Im Herbst und Winter sind die Lagerbest\u00e4nde jedoch gering, da sie im Laufe des Sommers aufgebraucht sind und die Nachfrage geringer ist. Das bedeutet, dass Sie schnell handeln m\u00fcssen, wenn Sie einen Grill mit gro\u00dfem Rabatt entdecken. F\u00fcr diesen Grill gibt es wahrscheinlich nur wenige Vorr\u00e4te, und wenn Sie ihn dann nicht kaufen, wird es jemand anderes tun.<\/p>\n<p>Der Online-Verk\u00e4ufer Brandon Hartman hat mir eine gute Zusammenfassung gegeben: \u201eEin Nachteil ist, wie begrenzt die Auswahl und Verf\u00fcgbarkeit ist.\u201c Einzelh\u00e4ndler haben m\u00f6glicherweise nicht genau das Grillmodell, das Sie m\u00f6chten, da sie weniger Lagerbest\u00e4nde haben.&#8216;<\/p>\n<p>Das letzte Problem ist viel einfacher. Sofern Ihnen die K\u00e4lte nichts ausmacht, k\u00f6nnen Sie den Grill nicht sofort benutzen. Das Grillen h\u00e4ngt vom Wetter ab, und Sie werden wahrscheinlich nicht in eine Schneewehe gehen wollen, um ein paar Burger zu grillen.<\/p>\n<p>Das ist frustrierend, aber was noch wichtiger ist: Es bedeutet, dass Sie klug dar\u00fcber nachdenken m\u00fcssen, wo und wie Sie Ihren Grill aufbewahren, und dass Sie auch eine Grillabdeckung kaufen m\u00fcssen. Fairerweise muss man sagen, dass man immer eine Grillabdeckung verwenden sollte, aber im Sommer kommt man auch ohne aus. Im Winter f\u00fchrt dies jedoch dazu, dass Ihr Grill rostet, bevor Sie ihn \u00fcberhaupt nutzen k\u00f6nnen.<\/p>\n<hr>\n<p>Grills sind nicht das einzige Nischenprodukt, das am Black Friday gro\u00dfe Rabatte erh\u00e4lt. Bei uns bekommen Sie immer Hunderte von Dollar Rabatt auf Bettw\u00e4sche-Angebote, Matratzen-Angebote und Staubsauger, sodass Sie Geld f\u00fcr langweilige Dinge des t\u00e4glichen Bedarfs sparen.<\/p>\n<\/div>\n","protected":false},"excerpt":{"rendered":"<p>Black Friday und Cyber \u200b\u200bMonday werden normalerweise mit reduzierten Ger\u00e4ten, Ger\u00e4ten und Matratzen in Verbindung gebracht. Allerdings werden auch Grills oft zum Verkauf angeboten. Es<\/p>\n","protected":false},"author":1,"featured_media":1419,"comment_status":"closed","ping_status":"","sticky":false,"template":"","format":"standard","meta":{"footnotes":""},"categories":[118],"tags":[2651,81,166,827,2655,2652,2653,2654,129,772,781,2510,964,571,1422,306,1439,744,99],"class_list":["post-1418","post","type-post","status-publish","format-standard","has-post-thumbnail","hentry","category-haus-garten","tag-black","tag-der","tag-einen","tag-eines","tag-falschen","tag-friday","tag-grill","tag-grills","tag-ich","tag-jahreszeit","tag-kann","tag-kauf","tag-kaufen","tag-richtige","tag-schritt","tag-sein","tag-soll","tag-warum","tag-zur","generate-columns","tablet-grid-50","mobile-grid-100","grid-parent","grid-50"],"yoast_head":"<!-- This site is optimized with the Yoast SEO plugin v27.3 - https:\/\/yoast.com\/product\/yoast-seo-wordpress\/ -->\n<title>Soll ich am Black Friday einen Grill kaufen? Warum der Kauf eines Grills zur falschen Jahreszeit der richtige Schritt sein kann - Nachrichten - Stra\u00dfenweb<\/title>\n<meta name=\"robots\" content=\"index, follow, max-snippet:-1, max-image-preview:large, max-video-preview:-1\" \/>\n<link rel=\"canonical\" href=\"https:\/\/www.strassenweb.de\/nachrichten\/soll-ich-am-black-friday-einen-grill-kaufen-warum-der-kauf-eines-grills-zur-falschen-jahreszeit-der-richtige-schritt-sein-kann\/\" \/>\n<meta property=\"og:locale\" content=\"de_DE\" \/>\n<meta property=\"og:type\" content=\"article\" \/>\n<meta property=\"og:title\" content=\"Soll ich am Black Friday einen Grill kaufen? Warum der Kauf eines Grills zur falschen Jahreszeit der richtige Schritt sein kann - Nachrichten - Stra\u00dfenweb\" \/>\n<meta property=\"og:description\" content=\"Black Friday und Cyber \u200b\u200bMonday werden normalerweise mit reduzierten Ger\u00e4ten, Ger\u00e4ten und Matratzen in Verbindung gebracht. Allerdings werden auch Grills oft zum Verkauf angeboten. Es\" \/>\n<meta property=\"og:url\" content=\"https:\/\/www.strassenweb.de\/nachrichten\/soll-ich-am-black-friday-einen-grill-kaufen-warum-der-kauf-eines-grills-zur-falschen-jahreszeit-der-richtige-schritt-sein-kann\/\" \/>\n<meta property=\"og:site_name\" content=\"Stra\u00dfenweb\" \/>\n<meta property=\"article:publisher\" content=\"https:\/\/www.facebook.com\/strassenweb\/\" \/>\n<meta property=\"article:published_time\" content=\"2024-11-07T21:42:07+00:00\" \/>\n<meta property=\"article:modified_time\" content=\"2024-11-07T21:42:08+00:00\" \/>\n<meta property=\"og:image\" content=\"https:\/\/www.strassenweb.de\/nachrichten\/wp-content\/uploads\/2024\/11\/Soll-ich-am-Black-Friday-einen-Grill-kaufen-Warum-der.jpg\" \/>\n\t<meta property=\"og:image:width\" content=\"1200\" \/>\n\t<meta property=\"og:image:height\" content=\"675\" \/>\n\t<meta property=\"og:image:type\" content=\"image\/jpeg\" \/>\n<meta name=\"author\" content=\"Robert Hoffmann\" \/>\n<meta name=\"twitter:card\" content=\"summary_large_image\" \/>\n<meta name=\"twitter:label1\" content=\"Verfasst von\" \/>\n\t<meta name=\"twitter:data1\" content=\"Robert Hoffmann\" \/>\n\t<meta name=\"twitter:label2\" content=\"Gesch\u00e4tzte Lesezeit\" \/>\n\t<meta name=\"twitter:data2\" content=\"6\u00a0Minuten\" \/>\n<script type=\"application\/ld+json\" class=\"yoast-schema-graph\">{\"@context\":\"https:\\\/\\\/schema.org\",\"@graph\":[{\"@type\":\"Article\",\"@id\":\"https:\\\/\\\/www.strassenweb.de\\\/nachrichten\\\/soll-ich-am-black-friday-einen-grill-kaufen-warum-der-kauf-eines-grills-zur-falschen-jahreszeit-der-richtige-schritt-sein-kann\\\/#article\",\"isPartOf\":{\"@id\":\"https:\\\/\\\/www.strassenweb.de\\\/nachrichten\\\/soll-ich-am-black-friday-einen-grill-kaufen-warum-der-kauf-eines-grills-zur-falschen-jahreszeit-der-richtige-schritt-sein-kann\\\/\"},\"author\":{\"name\":\"Robert Hoffmann\",\"@id\":\"https:\\\/\\\/www.strassenweb.de\\\/nachrichten\\\/#\\\/schema\\\/person\\\/87c9c9067f1211da429a744dc5a5aa41\"},\"headline\":\"Soll ich am Black Friday einen Grill kaufen? Warum der Kauf eines Grills zur falschen Jahreszeit der richtige Schritt sein kann\",\"datePublished\":\"2024-11-07T21:42:07+00:00\",\"dateModified\":\"2024-11-07T21:42:08+00:00\",\"mainEntityOfPage\":{\"@id\":\"https:\\\/\\\/www.strassenweb.de\\\/nachrichten\\\/soll-ich-am-black-friday-einen-grill-kaufen-warum-der-kauf-eines-grills-zur-falschen-jahreszeit-der-richtige-schritt-sein-kann\\\/\"},\"wordCount\":1164,\"publisher\":{\"@id\":\"https:\\\/\\\/www.strassenweb.de\\\/nachrichten\\\/#organization\"},\"image\":{\"@id\":\"https:\\\/\\\/www.strassenweb.de\\\/nachrichten\\\/soll-ich-am-black-friday-einen-grill-kaufen-warum-der-kauf-eines-grills-zur-falschen-jahreszeit-der-richtige-schritt-sein-kann\\\/#primaryimage\"},\"thumbnailUrl\":\"https:\\\/\\\/www.strassenweb.de\\\/nachrichten\\\/wp-content\\\/uploads\\\/2024\\\/11\\\/Soll-ich-am-Black-Friday-einen-Grill-kaufen-Warum-der.jpg\",\"keywords\":[\"Black\",\"der\",\"einen\",\"eines\",\"falschen\",\"Friday\",\"Grill\",\"Grills\",\"ich\",\"Jahreszeit\",\"kann\",\"Kauf\",\"kaufen\",\"richtige\",\"Schritt\",\"sein\",\"soll\",\"warum\",\"zur\"],\"articleSection\":[\"Haus &amp; Garten\"],\"inLanguage\":\"de\"},{\"@type\":\"WebPage\",\"@id\":\"https:\\\/\\\/www.strassenweb.de\\\/nachrichten\\\/soll-ich-am-black-friday-einen-grill-kaufen-warum-der-kauf-eines-grills-zur-falschen-jahreszeit-der-richtige-schritt-sein-kann\\\/\",\"url\":\"https:\\\/\\\/www.strassenweb.de\\\/nachrichten\\\/soll-ich-am-black-friday-einen-grill-kaufen-warum-der-kauf-eines-grills-zur-falschen-jahreszeit-der-richtige-schritt-sein-kann\\\/\",\"name\":\"Soll ich am Black Friday einen Grill kaufen? Warum der Kauf eines Grills zur falschen Jahreszeit der richtige Schritt sein kann - Nachrichten - Stra\u00dfenweb\",\"isPartOf\":{\"@id\":\"https:\\\/\\\/www.strassenweb.de\\\/nachrichten\\\/#website\"},\"primaryImageOfPage\":{\"@id\":\"https:\\\/\\\/www.strassenweb.de\\\/nachrichten\\\/soll-ich-am-black-friday-einen-grill-kaufen-warum-der-kauf-eines-grills-zur-falschen-jahreszeit-der-richtige-schritt-sein-kann\\\/#primaryimage\"},\"image\":{\"@id\":\"https:\\\/\\\/www.strassenweb.de\\\/nachrichten\\\/soll-ich-am-black-friday-einen-grill-kaufen-warum-der-kauf-eines-grills-zur-falschen-jahreszeit-der-richtige-schritt-sein-kann\\\/#primaryimage\"},\"thumbnailUrl\":\"https:\\\/\\\/www.strassenweb.de\\\/nachrichten\\\/wp-content\\\/uploads\\\/2024\\\/11\\\/Soll-ich-am-Black-Friday-einen-Grill-kaufen-Warum-der.jpg\",\"datePublished\":\"2024-11-07T21:42:07+00:00\",\"dateModified\":\"2024-11-07T21:42:08+00:00\",\"breadcrumb\":{\"@id\":\"https:\\\/\\\/www.strassenweb.de\\\/nachrichten\\\/soll-ich-am-black-friday-einen-grill-kaufen-warum-der-kauf-eines-grills-zur-falschen-jahreszeit-der-richtige-schritt-sein-kann\\\/#breadcrumb\"},\"inLanguage\":\"de\",\"potentialAction\":[{\"@type\":\"ReadAction\",\"target\":[\"https:\\\/\\\/www.strassenweb.de\\\/nachrichten\\\/soll-ich-am-black-friday-einen-grill-kaufen-warum-der-kauf-eines-grills-zur-falschen-jahreszeit-der-richtige-schritt-sein-kann\\\/\"]}]},{\"@type\":\"ImageObject\",\"inLanguage\":\"de\",\"@id\":\"https:\\\/\\\/www.strassenweb.de\\\/nachrichten\\\/soll-ich-am-black-friday-einen-grill-kaufen-warum-der-kauf-eines-grills-zur-falschen-jahreszeit-der-richtige-schritt-sein-kann\\\/#primaryimage\",\"url\":\"https:\\\/\\\/www.strassenweb.de\\\/nachrichten\\\/wp-content\\\/uploads\\\/2024\\\/11\\\/Soll-ich-am-Black-Friday-einen-Grill-kaufen-Warum-der.jpg\",\"contentUrl\":\"https:\\\/\\\/www.strassenweb.de\\\/nachrichten\\\/wp-content\\\/uploads\\\/2024\\\/11\\\/Soll-ich-am-Black-Friday-einen-Grill-kaufen-Warum-der.jpg\",\"width\":1200,\"height\":675,\"caption\":\"Soll ich am Black Friday einen Grill kaufen? Warum der Kauf eines Grills zur falschen Jahreszeit der richtige Schritt sein kann\"},{\"@type\":\"BreadcrumbList\",\"@id\":\"https:\\\/\\\/www.strassenweb.de\\\/nachrichten\\\/soll-ich-am-black-friday-einen-grill-kaufen-warum-der-kauf-eines-grills-zur-falschen-jahreszeit-der-richtige-schritt-sein-kann\\\/#breadcrumb\",\"itemListElement\":[{\"@type\":\"ListItem\",\"position\":1,\"name\":\"Home\",\"item\":\"https:\\\/\\\/www.strassenweb.de\\\/nachrichten\\\/\"},{\"@type\":\"ListItem\",\"position\":2,\"name\":\"Soll ich am Black Friday einen Grill kaufen? Warum der Kauf eines Grills zur falschen Jahreszeit der richtige Schritt sein kann\"}]},{\"@type\":\"WebSite\",\"@id\":\"https:\\\/\\\/www.strassenweb.de\\\/nachrichten\\\/#website\",\"url\":\"https:\\\/\\\/www.strassenweb.de\\\/nachrichten\\\/\",\"name\":\"Stra\u00dfenweb\",\"description\":\"Stra\u00dfenverzeichnis f\u00fcr Deutschland\",\"publisher\":{\"@id\":\"https:\\\/\\\/www.strassenweb.de\\\/nachrichten\\\/#organization\"},\"potentialAction\":[{\"@type\":\"SearchAction\",\"target\":{\"@type\":\"EntryPoint\",\"urlTemplate\":\"https:\\\/\\\/www.strassenweb.de\\\/nachrichten\\\/?s={search_term_string}\"},\"query-input\":{\"@type\":\"PropertyValueSpecification\",\"valueRequired\":true,\"valueName\":\"search_term_string\"}}],\"inLanguage\":\"de\"},{\"@type\":\"Organization\",\"@id\":\"https:\\\/\\\/www.strassenweb.de\\\/nachrichten\\\/#organization\",\"name\":\"Stra\u00dfenweb\",\"url\":\"https:\\\/\\\/www.strassenweb.de\\\/nachrichten\\\/\",\"logo\":{\"@type\":\"ImageObject\",\"inLanguage\":\"de\",\"@id\":\"https:\\\/\\\/www.strassenweb.de\\\/nachrichten\\\/#\\\/schema\\\/logo\\\/image\\\/\",\"url\":\"https:\\\/\\\/www.strassenweb.de\\\/nachrichten\\\/wp-content\\\/uploads\\\/2024\\\/09\\\/cropped-favicon.png\",\"contentUrl\":\"https:\\\/\\\/www.strassenweb.de\\\/nachrichten\\\/wp-content\\\/uploads\\\/2024\\\/09\\\/cropped-favicon.png\",\"width\":512,\"height\":512,\"caption\":\"Stra\u00dfenweb\"},\"image\":{\"@id\":\"https:\\\/\\\/www.strassenweb.de\\\/nachrichten\\\/#\\\/schema\\\/logo\\\/image\\\/\"},\"sameAs\":[\"https:\\\/\\\/www.facebook.com\\\/strassenweb\\\/\"]},{\"@type\":\"Person\",\"@id\":\"https:\\\/\\\/www.strassenweb.de\\\/nachrichten\\\/#\\\/schema\\\/person\\\/87c9c9067f1211da429a744dc5a5aa41\",\"name\":\"Robert Hoffmann\",\"image\":{\"@type\":\"ImageObject\",\"inLanguage\":\"de\",\"@id\":\"https:\\\/\\\/www.strassenweb.de\\\/nachrichten\\\/wp-content\\\/uploads\\\/2024\\\/09\\\/strassenweb-150x150.jpg\",\"url\":\"https:\\\/\\\/www.strassenweb.de\\\/nachrichten\\\/wp-content\\\/uploads\\\/2024\\\/09\\\/strassenweb-150x150.jpg\",\"contentUrl\":\"https:\\\/\\\/www.strassenweb.de\\\/nachrichten\\\/wp-content\\\/uploads\\\/2024\\\/09\\\/strassenweb-150x150.jpg\",\"caption\":\"Robert Hoffmann\"},\"description\":\"Ich hei\u00dfe Robert Hoffmann und ich bin ein leidenschaftlicher Verfechter von \u00d6kologie und Biodiversit\u00e4t. Seit meiner Kindheit in den W\u00e4ldern Bayerns f\u00fchle ich mich mit der Natur verbunden und bin entschlossen, sie zu sch\u00fctzen. Heute widme ich mein Leben der Sensibilisierung anderer f\u00fcr die Bedeutung des Umweltschutzes f\u00fcr zuk\u00fcnftige Generationen.\",\"sameAs\":[\"https:\\\/\\\/www.strassenweb.de\\\/\"]}]}<\/script>\n<!-- \/ Yoast SEO plugin. -->","yoast_head_json":{"title":"Soll ich am Black Friday einen Grill kaufen? Warum der Kauf eines Grills zur falschen Jahreszeit der richtige Schritt sein kann - Nachrichten - Stra\u00dfenweb","robots":{"index":"index","follow":"follow","max-snippet":"max-snippet:-1","max-image-preview":"max-image-preview:large","max-video-preview":"max-video-preview:-1"},"canonical":"https:\/\/www.strassenweb.de\/nachrichten\/soll-ich-am-black-friday-einen-grill-kaufen-warum-der-kauf-eines-grills-zur-falschen-jahreszeit-der-richtige-schritt-sein-kann\/","og_locale":"de_DE","og_type":"article","og_title":"Soll ich am Black Friday einen Grill kaufen? Warum der Kauf eines Grills zur falschen Jahreszeit der richtige Schritt sein kann - Nachrichten - Stra\u00dfenweb","og_description":"Black Friday und Cyber \u200b\u200bMonday werden normalerweise mit reduzierten Ger\u00e4ten, Ger\u00e4ten und Matratzen in Verbindung gebracht. Allerdings werden auch Grills oft zum Verkauf angeboten. Es","og_url":"https:\/\/www.strassenweb.de\/nachrichten\/soll-ich-am-black-friday-einen-grill-kaufen-warum-der-kauf-eines-grills-zur-falschen-jahreszeit-der-richtige-schritt-sein-kann\/","og_site_name":"Stra\u00dfenweb","article_publisher":"https:\/\/www.facebook.com\/strassenweb\/","article_published_time":"2024-11-07T21:42:07+00:00","article_modified_time":"2024-11-07T21:42:08+00:00","og_image":[{"width":1200,"height":675,"url":"https:\/\/www.strassenweb.de\/nachrichten\/wp-content\/uploads\/2024\/11\/Soll-ich-am-Black-Friday-einen-Grill-kaufen-Warum-der.jpg","type":"image\/jpeg"}],"author":"Robert Hoffmann","twitter_card":"summary_large_image","twitter_misc":{"Verfasst von":"Robert Hoffmann","Gesch\u00e4tzte Lesezeit":"6\u00a0Minuten"},"schema":{"@context":"https:\/\/schema.org","@graph":[{"@type":"Article","@id":"https:\/\/www.strassenweb.de\/nachrichten\/soll-ich-am-black-friday-einen-grill-kaufen-warum-der-kauf-eines-grills-zur-falschen-jahreszeit-der-richtige-schritt-sein-kann\/#article","isPartOf":{"@id":"https:\/\/www.strassenweb.de\/nachrichten\/soll-ich-am-black-friday-einen-grill-kaufen-warum-der-kauf-eines-grills-zur-falschen-jahreszeit-der-richtige-schritt-sein-kann\/"},"author":{"name":"Robert Hoffmann","@id":"https:\/\/www.strassenweb.de\/nachrichten\/#\/schema\/person\/87c9c9067f1211da429a744dc5a5aa41"},"headline":"Soll ich am Black Friday einen Grill kaufen? Warum der Kauf eines Grills zur falschen Jahreszeit der richtige Schritt sein kann","datePublished":"2024-11-07T21:42:07+00:00","dateModified":"2024-11-07T21:42:08+00:00","mainEntityOfPage":{"@id":"https:\/\/www.strassenweb.de\/nachrichten\/soll-ich-am-black-friday-einen-grill-kaufen-warum-der-kauf-eines-grills-zur-falschen-jahreszeit-der-richtige-schritt-sein-kann\/"},"wordCount":1164,"publisher":{"@id":"https:\/\/www.strassenweb.de\/nachrichten\/#organization"},"image":{"@id":"https:\/\/www.strassenweb.de\/nachrichten\/soll-ich-am-black-friday-einen-grill-kaufen-warum-der-kauf-eines-grills-zur-falschen-jahreszeit-der-richtige-schritt-sein-kann\/#primaryimage"},"thumbnailUrl":"https:\/\/www.strassenweb.de\/nachrichten\/wp-content\/uploads\/2024\/11\/Soll-ich-am-Black-Friday-einen-Grill-kaufen-Warum-der.jpg","keywords":["Black","der","einen","eines","falschen","Friday","Grill","Grills","ich","Jahreszeit","kann","Kauf","kaufen","richtige","Schritt","sein","soll","warum","zur"],"articleSection":["Haus &amp; Garten"],"inLanguage":"de"},{"@type":"WebPage","@id":"https:\/\/www.strassenweb.de\/nachrichten\/soll-ich-am-black-friday-einen-grill-kaufen-warum-der-kauf-eines-grills-zur-falschen-jahreszeit-der-richtige-schritt-sein-kann\/","url":"https:\/\/www.strassenweb.de\/nachrichten\/soll-ich-am-black-friday-einen-grill-kaufen-warum-der-kauf-eines-grills-zur-falschen-jahreszeit-der-richtige-schritt-sein-kann\/","name":"Soll ich am Black Friday einen Grill kaufen? Warum der Kauf eines Grills zur falschen Jahreszeit der richtige Schritt sein kann - Nachrichten - Stra\u00dfenweb","isPartOf":{"@id":"https:\/\/www.strassenweb.de\/nachrichten\/#website"},"primaryImageOfPage":{"@id":"https:\/\/www.strassenweb.de\/nachrichten\/soll-ich-am-black-friday-einen-grill-kaufen-warum-der-kauf-eines-grills-zur-falschen-jahreszeit-der-richtige-schritt-sein-kann\/#primaryimage"},"image":{"@id":"https:\/\/www.strassenweb.de\/nachrichten\/soll-ich-am-black-friday-einen-grill-kaufen-warum-der-kauf-eines-grills-zur-falschen-jahreszeit-der-richtige-schritt-sein-kann\/#primaryimage"},"thumbnailUrl":"https:\/\/www.strassenweb.de\/nachrichten\/wp-content\/uploads\/2024\/11\/Soll-ich-am-Black-Friday-einen-Grill-kaufen-Warum-der.jpg","datePublished":"2024-11-07T21:42:07+00:00","dateModified":"2024-11-07T21:42:08+00:00","breadcrumb":{"@id":"https:\/\/www.strassenweb.de\/nachrichten\/soll-ich-am-black-friday-einen-grill-kaufen-warum-der-kauf-eines-grills-zur-falschen-jahreszeit-der-richtige-schritt-sein-kann\/#breadcrumb"},"inLanguage":"de","potentialAction":[{"@type":"ReadAction","target":["https:\/\/www.strassenweb.de\/nachrichten\/soll-ich-am-black-friday-einen-grill-kaufen-warum-der-kauf-eines-grills-zur-falschen-jahreszeit-der-richtige-schritt-sein-kann\/"]}]},{"@type":"ImageObject","inLanguage":"de","@id":"https:\/\/www.strassenweb.de\/nachrichten\/soll-ich-am-black-friday-einen-grill-kaufen-warum-der-kauf-eines-grills-zur-falschen-jahreszeit-der-richtige-schritt-sein-kann\/#primaryimage","url":"https:\/\/www.strassenweb.de\/nachrichten\/wp-content\/uploads\/2024\/11\/Soll-ich-am-Black-Friday-einen-Grill-kaufen-Warum-der.jpg","contentUrl":"https:\/\/www.strassenweb.de\/nachrichten\/wp-content\/uploads\/2024\/11\/Soll-ich-am-Black-Friday-einen-Grill-kaufen-Warum-der.jpg","width":1200,"height":675,"caption":"Soll ich am Black Friday einen Grill kaufen? Warum der Kauf eines Grills zur falschen Jahreszeit der richtige Schritt sein kann"},{"@type":"BreadcrumbList","@id":"https:\/\/www.strassenweb.de\/nachrichten\/soll-ich-am-black-friday-einen-grill-kaufen-warum-der-kauf-eines-grills-zur-falschen-jahreszeit-der-richtige-schritt-sein-kann\/#breadcrumb","itemListElement":[{"@type":"ListItem","position":1,"name":"Home","item":"https:\/\/www.strassenweb.de\/nachrichten\/"},{"@type":"ListItem","position":2,"name":"Soll ich am Black Friday einen Grill kaufen? Warum der Kauf eines Grills zur falschen Jahreszeit der richtige Schritt sein kann"}]},{"@type":"WebSite","@id":"https:\/\/www.strassenweb.de\/nachrichten\/#website","url":"https:\/\/www.strassenweb.de\/nachrichten\/","name":"Stra\u00dfenweb","description":"Stra\u00dfenverzeichnis f\u00fcr Deutschland","publisher":{"@id":"https:\/\/www.strassenweb.de\/nachrichten\/#organization"},"potentialAction":[{"@type":"SearchAction","target":{"@type":"EntryPoint","urlTemplate":"https:\/\/www.strassenweb.de\/nachrichten\/?s={search_term_string}"},"query-input":{"@type":"PropertyValueSpecification","valueRequired":true,"valueName":"search_term_string"}}],"inLanguage":"de"},{"@type":"Organization","@id":"https:\/\/www.strassenweb.de\/nachrichten\/#organization","name":"Stra\u00dfenweb","url":"https:\/\/www.strassenweb.de\/nachrichten\/","logo":{"@type":"ImageObject","inLanguage":"de","@id":"https:\/\/www.strassenweb.de\/nachrichten\/#\/schema\/logo\/image\/","url":"https:\/\/www.strassenweb.de\/nachrichten\/wp-content\/uploads\/2024\/09\/cropped-favicon.png","contentUrl":"https:\/\/www.strassenweb.de\/nachrichten\/wp-content\/uploads\/2024\/09\/cropped-favicon.png","width":512,"height":512,"caption":"Stra\u00dfenweb"},"image":{"@id":"https:\/\/www.strassenweb.de\/nachrichten\/#\/schema\/logo\/image\/"},"sameAs":["https:\/\/www.facebook.com\/strassenweb\/"]},{"@type":"Person","@id":"https:\/\/www.strassenweb.de\/nachrichten\/#\/schema\/person\/87c9c9067f1211da429a744dc5a5aa41","name":"Robert Hoffmann","image":{"@type":"ImageObject","inLanguage":"de","@id":"https:\/\/www.strassenweb.de\/nachrichten\/wp-content\/uploads\/2024\/09\/strassenweb-150x150.jpg","url":"https:\/\/www.strassenweb.de\/nachrichten\/wp-content\/uploads\/2024\/09\/strassenweb-150x150.jpg","contentUrl":"https:\/\/www.strassenweb.de\/nachrichten\/wp-content\/uploads\/2024\/09\/strassenweb-150x150.jpg","caption":"Robert Hoffmann"},"description":"Ich hei\u00dfe Robert Hoffmann und ich bin ein leidenschaftlicher Verfechter von \u00d6kologie und Biodiversit\u00e4t. Seit meiner Kindheit in den W\u00e4ldern Bayerns f\u00fchle ich mich mit der Natur verbunden und bin entschlossen, sie zu sch\u00fctzen. Heute widme ich mein Leben der Sensibilisierung anderer f\u00fcr die Bedeutung des Umweltschutzes f\u00fcr zuk\u00fcnftige Generationen.","sameAs":["https:\/\/www.strassenweb.de\/"]}]}},"_links":{"self":[{"href":"https:\/\/www.strassenweb.de\/nachrichten\/wp-json\/wp\/v2\/posts\/1418","targetHints":{"allow":["GET"]}}],"collection":[{"href":"https:\/\/www.strassenweb.de\/nachrichten\/wp-json\/wp\/v2\/posts"}],"about":[{"href":"https:\/\/www.strassenweb.de\/nachrichten\/wp-json\/wp\/v2\/types\/post"}],"author":[{"embeddable":true,"href":"https:\/\/www.strassenweb.de\/nachrichten\/wp-json\/wp\/v2\/users\/1"}],"replies":[{"embeddable":true,"href":"https:\/\/www.strassenweb.de\/nachrichten\/wp-json\/wp\/v2\/comments?post=1418"}],"version-history":[{"count":0,"href":"https:\/\/www.strassenweb.de\/nachrichten\/wp-json\/wp\/v2\/posts\/1418\/revisions"}],"wp:featuredmedia":[{"embeddable":true,"href":"https:\/\/www.strassenweb.de\/nachrichten\/wp-json\/wp\/v2\/media\/1419"}],"wp:attachment":[{"href":"https:\/\/www.strassenweb.de\/nachrichten\/wp-json\/wp\/v2\/media?parent=1418"}],"wp:term":[{"taxonomy":"category","embeddable":true,"href":"https:\/\/www.strassenweb.de\/nachrichten\/wp-json\/wp\/v2\/categories?post=1418"},{"taxonomy":"post_tag","embeddable":true,"href":"https:\/\/www.strassenweb.de\/nachrichten\/wp-json\/wp\/v2\/tags?post=1418"}],"curies":[{"name":"wp","href":"https:\/\/api.w.org\/{rel}","templated":true}]}}