{"id":1409,"date":"2024-11-07T13:40:29","date_gmt":"2024-11-07T12:40:29","guid":{"rendered":"https:\/\/www.strassenweb.de\/nachrichten\/nach-dem-scheitern-der-koalition11-07-2024-1234scholz-behauptet-er-werde-im-januar-eine-vertrauensfrage-stellen-waehrend-die-opposition-verlangt-dass-er-dies-jetzt-tut\/"},"modified":"2024-11-07T13:40:30","modified_gmt":"2024-11-07T12:40:30","slug":"nach-dem-scheitern-der-koalition11-07-2024-1234scholz-behauptet-er-werde-im-januar-eine-vertrauensfrage-stellen-waehrend-die-opposition-verlangt-dass-er-dies-jetzt-tut","status":"publish","type":"post","link":"https:\/\/www.strassenweb.de\/nachrichten\/nach-dem-scheitern-der-koalition11-07-2024-1234scholz-behauptet-er-werde-im-januar-eine-vertrauensfrage-stellen-waehrend-die-opposition-verlangt-dass-er-dies-jetzt-tut\/","title":{"rendered":"Nach dem Scheitern der Koalition11.07.2024 12:34Scholz behauptet, er werde im Januar eine Vertrauensfrage stellen, w\u00e4hrend die Opposition verlangt, dass er dies jetzt tut"},"content":{"rendered":"<footer class=\"article-main__signed\"><\/footer>\n<p>Politisches Erdbeben in <b>Deutschland <\/b>nach <b>die Regierung aufl\u00f6sen<\/b> Koalition unter F\u00fchrung des Sozialdemokraten <b>Olaf Scholz<\/b>die behauptet, dass sie sich im Januar einer Vertrauensabstimmung unterziehen werde, obwohl die Opposition verlangt, dass sie dies jetzt tut und den Weg f\u00fcr vorgezogene Neuwahlen frei macht.<\/p>\n<p>Die deutsche Bundeskanzlerin gab diesen Mittwoch bekannt <b>Entlassung seines Finanzministers<\/b>des liberalen Christen Lindner, und damit das Auseinanderbrechen der Koalition <b>Sozialdemokraten, Gr\u00fcne und Liberale <\/b>nach drei Jahren Streit. Dar\u00fcber hinaus deutete er an, dass er sich in der ersten Parlamentssitzung des neuen Jahres am 15. Januar einer Vertrauensfrage stellen werde. Scholz gab implizit zu, dass er nicht mit einer \u00dcberwindung rechnet, da er nicht \u00fcber die Mehrheit verf\u00fcgt, die dazu f\u00fchren w\u00fcrde <b>vorgezogene Wahlen<\/b>voraussichtlich im M\u00e4rz.<\/p>\n<p>Der F\u00fchrer der Konservativen <b>Christlich-Demokratische Union<\/b> (CDU) Friedrich Merz forderte ihn jedoch an diesem Donnerstag auf, sich der Vertrauensfrage zu unterwerfen <b>Sp\u00e4testens n\u00e4chste Woche<\/b>da die Regierungskoalition \u201ekeine Mehrheit mehr\u201c im Bundestag habe. Scholz hat jedoch behauptet, dass \u201e<b>Die Regierung wird jetzt ihre Aufgabe erf\u00fcllen<\/b> und die B\u00fcrger werden wieder entscheiden k\u00f6nnen, wie es weitergeht.\u201c<\/p>\n<h2 class=\"title-h2\">Bundespr\u00e4sident fordert Verantwortung<\/h2>\n<p>In diesem Zusammenhang m\u00f6chte der Bundespr\u00e4sident, <b>Frank-Walter Steinmeier<\/b>forderte an diesem Donnerstag alle politischen F\u00fchrer auf, sich dieser Herausforderung zu stellen. \u201eDies ist nicht die Zeit f\u00fcr Taktiken und Scharm\u00fctzel. Es ist die Zeit f\u00fcr gesunden Menschenverstand und Verantwortung.\u201c <b>Ich erwarte von allen Verantwortlichen, dass sie der Aufgabe gewachsen sind.<\/b> des Ausma\u00dfes der Herausforderungen&#8220;, sagte das Staatsoberhaupt.<\/p>\n<p>Steinmeier erinnerte daran, dass es in der 75-j\u00e4hrigen Geschichte der Bundesrepublik Deutschland selten vorgekommen sei, dass eine Regierungskoalition vor dem Ende der Legislaturperiode keine Mehrheit im Bundestag mehr h\u00e4tte, und wies darauf hin, dass der Zusammenbruch der Exekutive zwar \u201ees ist nicht das Ende der Welt, ja, das ist es <b>eine politische Krise, die wir hinter uns lassen m\u00fcssen<\/b> und das werden wir zur\u00fccklassen.<\/p>\n<p>\u201eDas Grundgesetz gibt klare Leitlinien f\u00fcr das weitere Vorgehen vor, unsere Demokratie ist stark\u201c, betonte Steinmeier, der erkl\u00e4rte, Scholz habe ihn am Vortag gebeten, Lindner und die beiden anderen Minister der FDP, die die Koalition verlassen werden, zu entlassen: bis jetzt Justizminister Marco Buschmann und Bildungsminister Bettina Stark-Watzinger.<\/p>\n<p>Der Minister f\u00fcr Verkehr und Digitales, der ebenfalls liberale Volker Wissing, bleibt hingegen auf Wunsch von Scholz im Amt und hat seinen Austritt aus Lindners Partei angek\u00fcndigt. Auch die Kanzlerin und die anderen sozialdemokratischen und gr\u00fcnen Minister bleiben in ihren jeweiligen \u00c4mtern, allerdings in einer Minderheitsregierung, wie es die deutsche Magna Carta vorsieht.<\/p>\n<p>Vor dem Zusammenbruch der Koalition war die Bundestagswahl f\u00fcr den 28. September angesetzt, doch nun ist die Wahrscheinlichkeit gro\u00df, dass Scholz die Abstimmung verlieren wird. <b>Sie werden voraussichtlich Anfang M\u00e4rz stattfinden<\/b>. Der deutsche Pr\u00e4sident <b>muss \u00fcber die Aufl\u00f6sung des Unterhauses entscheiden<\/b> wenn es der Kanzlerin das Vertrauen entzieht. &#8222;<b>Ich bin bereit, diese Entscheidung zu treffen<\/b>\u201e, versicherte Steinmeier und betonte, dass Deutschland \u201estabile Mehrheiten und eine handlungsf\u00e4hige Regierung\u201c brauche.<\/p>\n<div><\/div>\n<p>Der ehemalige Minister Lindner seinerseits <b>wirft Scholz vor, eine \u201ekalkulierte Trennung\u201c erzwungen zu haben<\/b> der Koalition und f\u00fchre Deutschland in eine \u201ePhase der Unsicherheit\u201c. Scholz\u2018 Hauptberater, J\u00f6rg Kukies, wird nun das Minderheits-Staatsfinanzportfolio \u00fcbernehmen.<\/p>\n","protected":false},"excerpt":{"rendered":"<p>Politisches Erdbeben in Deutschland nach die Regierung aufl\u00f6sen Koalition unter F\u00fchrung des Sozialdemokraten Olaf Scholzdie behauptet, dass sie sich im Januar einer Vertrauensabstimmung unterziehen werde,<\/p>\n","protected":false},"author":1,"featured_media":1410,"comment_status":"closed","ping_status":"","sticky":false,"template":"","format":"standard","meta":{"footnotes":""},"categories":[4],"tags":[2637,2638,51,91,81,9,503,74,2639,1272,2636,341,2641,2635,1642,2643,2642,2640,1500,1865],"class_list":["post-1409","post","type-post","status-publish","format-standard","has-post-thumbnail","hentry","category-aktuelle-nachrichten","tag-1234scholz","tag-behauptet","tag-dass","tag-dem","tag-der","tag-die","tag-dies","tag-eine","tag-januar","tag-jetzt","tag-koalition11-07-2024","tag-nach","tag-opposition","tag-scheitern","tag-stellen","tag-tut","tag-verlangt","tag-vertrauensfrage","tag-waehrend","tag-werde","generate-columns","tablet-grid-50","mobile-grid-100","grid-parent","grid-50"],"yoast_head":"<!-- This site is optimized with the Yoast SEO plugin v27.3 - https:\/\/yoast.com\/product\/yoast-seo-wordpress\/ -->\n<title>Nach dem Scheitern der Koalition11.07.2024 12:34Scholz behauptet, er werde im Januar eine Vertrauensfrage stellen, w\u00e4hrend die Opposition verlangt, dass er dies jetzt tut - Nachrichten - Stra\u00dfenweb<\/title>\n<meta name=\"robots\" content=\"index, follow, max-snippet:-1, max-image-preview:large, max-video-preview:-1\" \/>\n<link rel=\"canonical\" href=\"https:\/\/www.strassenweb.de\/nachrichten\/nach-dem-scheitern-der-koalition11-07-2024-1234scholz-behauptet-er-werde-im-januar-eine-vertrauensfrage-stellen-waehrend-die-opposition-verlangt-dass-er-dies-jetzt-tut\/\" \/>\n<meta property=\"og:locale\" content=\"de_DE\" \/>\n<meta property=\"og:type\" content=\"article\" \/>\n<meta property=\"og:title\" content=\"Nach dem Scheitern der Koalition11.07.2024 12:34Scholz behauptet, er werde im Januar eine Vertrauensfrage stellen, w\u00e4hrend die Opposition verlangt, dass er dies jetzt tut - Nachrichten - Stra\u00dfenweb\" \/>\n<meta property=\"og:description\" content=\"Politisches Erdbeben in Deutschland nach die Regierung aufl\u00f6sen Koalition unter F\u00fchrung des Sozialdemokraten Olaf Scholzdie behauptet, dass sie sich im Januar einer Vertrauensabstimmung unterziehen werde,\" \/>\n<meta property=\"og:url\" content=\"https:\/\/www.strassenweb.de\/nachrichten\/nach-dem-scheitern-der-koalition11-07-2024-1234scholz-behauptet-er-werde-im-januar-eine-vertrauensfrage-stellen-waehrend-die-opposition-verlangt-dass-er-dies-jetzt-tut\/\" \/>\n<meta property=\"og:site_name\" content=\"Stra\u00dfenweb\" \/>\n<meta property=\"article:publisher\" content=\"https:\/\/www.facebook.com\/strassenweb\/\" \/>\n<meta property=\"article:published_time\" content=\"2024-11-07T12:40:29+00:00\" \/>\n<meta property=\"article:modified_time\" content=\"2024-11-07T12:40:30+00:00\" \/>\n<meta property=\"og:image\" content=\"https:\/\/www.strassenweb.de\/nachrichten\/wp-content\/uploads\/2024\/11\/Nach-dem-Scheitern-der-Koalition11072024-1234Scholz-behauptet-er-werde-im.jpg\" \/>\n\t<meta property=\"og:image:width\" content=\"1280\" \/>\n\t<meta property=\"og:image:height\" content=\"720\" \/>\n\t<meta property=\"og:image:type\" content=\"image\/jpeg\" \/>\n<meta name=\"author\" content=\"Robert Hoffmann\" \/>\n<meta name=\"twitter:card\" content=\"summary_large_image\" \/>\n<meta name=\"twitter:label1\" content=\"Verfasst von\" \/>\n\t<meta name=\"twitter:data1\" content=\"Robert Hoffmann\" \/>\n\t<meta name=\"twitter:label2\" content=\"Gesch\u00e4tzte Lesezeit\" \/>\n\t<meta name=\"twitter:data2\" content=\"3\u00a0Minuten\" \/>\n<script type=\"application\/ld+json\" class=\"yoast-schema-graph\">{\"@context\":\"https:\\\/\\\/schema.org\",\"@graph\":[{\"@type\":\"Article\",\"@id\":\"https:\\\/\\\/www.strassenweb.de\\\/nachrichten\\\/nach-dem-scheitern-der-koalition11-07-2024-1234scholz-behauptet-er-werde-im-januar-eine-vertrauensfrage-stellen-waehrend-die-opposition-verlangt-dass-er-dies-jetzt-tut\\\/#article\",\"isPartOf\":{\"@id\":\"https:\\\/\\\/www.strassenweb.de\\\/nachrichten\\\/nach-dem-scheitern-der-koalition11-07-2024-1234scholz-behauptet-er-werde-im-januar-eine-vertrauensfrage-stellen-waehrend-die-opposition-verlangt-dass-er-dies-jetzt-tut\\\/\"},\"author\":{\"name\":\"Robert Hoffmann\",\"@id\":\"https:\\\/\\\/www.strassenweb.de\\\/nachrichten\\\/#\\\/schema\\\/person\\\/87c9c9067f1211da429a744dc5a5aa41\"},\"headline\":\"Nach dem Scheitern der Koalition11.07.2024 12:34Scholz behauptet, er werde im Januar eine Vertrauensfrage stellen, w\u00e4hrend die Opposition verlangt, dass er dies jetzt tut\",\"datePublished\":\"2024-11-07T12:40:29+00:00\",\"dateModified\":\"2024-11-07T12:40:30+00:00\",\"mainEntityOfPage\":{\"@id\":\"https:\\\/\\\/www.strassenweb.de\\\/nachrichten\\\/nach-dem-scheitern-der-koalition11-07-2024-1234scholz-behauptet-er-werde-im-januar-eine-vertrauensfrage-stellen-waehrend-die-opposition-verlangt-dass-er-dies-jetzt-tut\\\/\"},\"wordCount\":557,\"publisher\":{\"@id\":\"https:\\\/\\\/www.strassenweb.de\\\/nachrichten\\\/#organization\"},\"image\":{\"@id\":\"https:\\\/\\\/www.strassenweb.de\\\/nachrichten\\\/nach-dem-scheitern-der-koalition11-07-2024-1234scholz-behauptet-er-werde-im-januar-eine-vertrauensfrage-stellen-waehrend-die-opposition-verlangt-dass-er-dies-jetzt-tut\\\/#primaryimage\"},\"thumbnailUrl\":\"https:\\\/\\\/www.strassenweb.de\\\/nachrichten\\\/wp-content\\\/uploads\\\/2024\\\/11\\\/Nach-dem-Scheitern-der-Koalition11072024-1234Scholz-behauptet-er-werde-im.jpg\",\"keywords\":[\"1234Scholz\",\"behauptet\",\"dass\",\"dem\",\"der\",\"die\",\"dies\",\"eine\",\"Januar\",\"jetzt\",\"Koalition11.07.2024\",\"Nach\",\"Opposition\",\"Scheitern\",\"stellen\",\"tut\",\"verlangt\",\"Vertrauensfrage\",\"w\u00e4hrend\",\"werde\"],\"articleSection\":[\"Aktuelle Nachrichten\"],\"inLanguage\":\"de\"},{\"@type\":\"WebPage\",\"@id\":\"https:\\\/\\\/www.strassenweb.de\\\/nachrichten\\\/nach-dem-scheitern-der-koalition11-07-2024-1234scholz-behauptet-er-werde-im-januar-eine-vertrauensfrage-stellen-waehrend-die-opposition-verlangt-dass-er-dies-jetzt-tut\\\/\",\"url\":\"https:\\\/\\\/www.strassenweb.de\\\/nachrichten\\\/nach-dem-scheitern-der-koalition11-07-2024-1234scholz-behauptet-er-werde-im-januar-eine-vertrauensfrage-stellen-waehrend-die-opposition-verlangt-dass-er-dies-jetzt-tut\\\/\",\"name\":\"Nach dem Scheitern der Koalition11.07.2024 12:34Scholz behauptet, er werde im Januar eine Vertrauensfrage stellen, w\u00e4hrend die Opposition verlangt, dass er dies jetzt tut - Nachrichten - Stra\u00dfenweb\",\"isPartOf\":{\"@id\":\"https:\\\/\\\/www.strassenweb.de\\\/nachrichten\\\/#website\"},\"primaryImageOfPage\":{\"@id\":\"https:\\\/\\\/www.strassenweb.de\\\/nachrichten\\\/nach-dem-scheitern-der-koalition11-07-2024-1234scholz-behauptet-er-werde-im-januar-eine-vertrauensfrage-stellen-waehrend-die-opposition-verlangt-dass-er-dies-jetzt-tut\\\/#primaryimage\"},\"image\":{\"@id\":\"https:\\\/\\\/www.strassenweb.de\\\/nachrichten\\\/nach-dem-scheitern-der-koalition11-07-2024-1234scholz-behauptet-er-werde-im-januar-eine-vertrauensfrage-stellen-waehrend-die-opposition-verlangt-dass-er-dies-jetzt-tut\\\/#primaryimage\"},\"thumbnailUrl\":\"https:\\\/\\\/www.strassenweb.de\\\/nachrichten\\\/wp-content\\\/uploads\\\/2024\\\/11\\\/Nach-dem-Scheitern-der-Koalition11072024-1234Scholz-behauptet-er-werde-im.jpg\",\"datePublished\":\"2024-11-07T12:40:29+00:00\",\"dateModified\":\"2024-11-07T12:40:30+00:00\",\"breadcrumb\":{\"@id\":\"https:\\\/\\\/www.strassenweb.de\\\/nachrichten\\\/nach-dem-scheitern-der-koalition11-07-2024-1234scholz-behauptet-er-werde-im-januar-eine-vertrauensfrage-stellen-waehrend-die-opposition-verlangt-dass-er-dies-jetzt-tut\\\/#breadcrumb\"},\"inLanguage\":\"de\",\"potentialAction\":[{\"@type\":\"ReadAction\",\"target\":[\"https:\\\/\\\/www.strassenweb.de\\\/nachrichten\\\/nach-dem-scheitern-der-koalition11-07-2024-1234scholz-behauptet-er-werde-im-januar-eine-vertrauensfrage-stellen-waehrend-die-opposition-verlangt-dass-er-dies-jetzt-tut\\\/\"]}]},{\"@type\":\"ImageObject\",\"inLanguage\":\"de\",\"@id\":\"https:\\\/\\\/www.strassenweb.de\\\/nachrichten\\\/nach-dem-scheitern-der-koalition11-07-2024-1234scholz-behauptet-er-werde-im-januar-eine-vertrauensfrage-stellen-waehrend-die-opposition-verlangt-dass-er-dies-jetzt-tut\\\/#primaryimage\",\"url\":\"https:\\\/\\\/www.strassenweb.de\\\/nachrichten\\\/wp-content\\\/uploads\\\/2024\\\/11\\\/Nach-dem-Scheitern-der-Koalition11072024-1234Scholz-behauptet-er-werde-im.jpg\",\"contentUrl\":\"https:\\\/\\\/www.strassenweb.de\\\/nachrichten\\\/wp-content\\\/uploads\\\/2024\\\/11\\\/Nach-dem-Scheitern-der-Koalition11072024-1234Scholz-behauptet-er-werde-im.jpg\",\"width\":1280,\"height\":720,\"caption\":\"Nach dem Scheitern der Koalition11.07.2024 12:34Scholz behauptet, er werde im Januar eine Vertrauensfrage stellen, w\u00e4hrend die Opposition verlangt, dass er dies jetzt tut\"},{\"@type\":\"BreadcrumbList\",\"@id\":\"https:\\\/\\\/www.strassenweb.de\\\/nachrichten\\\/nach-dem-scheitern-der-koalition11-07-2024-1234scholz-behauptet-er-werde-im-januar-eine-vertrauensfrage-stellen-waehrend-die-opposition-verlangt-dass-er-dies-jetzt-tut\\\/#breadcrumb\",\"itemListElement\":[{\"@type\":\"ListItem\",\"position\":1,\"name\":\"Home\",\"item\":\"https:\\\/\\\/www.strassenweb.de\\\/nachrichten\\\/\"},{\"@type\":\"ListItem\",\"position\":2,\"name\":\"Nach dem Scheitern der Koalition11.07.2024 12:34Scholz behauptet, er werde im Januar eine Vertrauensfrage stellen, w\u00e4hrend die Opposition verlangt, dass er dies jetzt tut\"}]},{\"@type\":\"WebSite\",\"@id\":\"https:\\\/\\\/www.strassenweb.de\\\/nachrichten\\\/#website\",\"url\":\"https:\\\/\\\/www.strassenweb.de\\\/nachrichten\\\/\",\"name\":\"Stra\u00dfenweb\",\"description\":\"Stra\u00dfenverzeichnis f\u00fcr Deutschland\",\"publisher\":{\"@id\":\"https:\\\/\\\/www.strassenweb.de\\\/nachrichten\\\/#organization\"},\"potentialAction\":[{\"@type\":\"SearchAction\",\"target\":{\"@type\":\"EntryPoint\",\"urlTemplate\":\"https:\\\/\\\/www.strassenweb.de\\\/nachrichten\\\/?s={search_term_string}\"},\"query-input\":{\"@type\":\"PropertyValueSpecification\",\"valueRequired\":true,\"valueName\":\"search_term_string\"}}],\"inLanguage\":\"de\"},{\"@type\":\"Organization\",\"@id\":\"https:\\\/\\\/www.strassenweb.de\\\/nachrichten\\\/#organization\",\"name\":\"Stra\u00dfenweb\",\"url\":\"https:\\\/\\\/www.strassenweb.de\\\/nachrichten\\\/\",\"logo\":{\"@type\":\"ImageObject\",\"inLanguage\":\"de\",\"@id\":\"https:\\\/\\\/www.strassenweb.de\\\/nachrichten\\\/#\\\/schema\\\/logo\\\/image\\\/\",\"url\":\"https:\\\/\\\/www.strassenweb.de\\\/nachrichten\\\/wp-content\\\/uploads\\\/2024\\\/09\\\/cropped-favicon.png\",\"contentUrl\":\"https:\\\/\\\/www.strassenweb.de\\\/nachrichten\\\/wp-content\\\/uploads\\\/2024\\\/09\\\/cropped-favicon.png\",\"width\":512,\"height\":512,\"caption\":\"Stra\u00dfenweb\"},\"image\":{\"@id\":\"https:\\\/\\\/www.strassenweb.de\\\/nachrichten\\\/#\\\/schema\\\/logo\\\/image\\\/\"},\"sameAs\":[\"https:\\\/\\\/www.facebook.com\\\/strassenweb\\\/\"]},{\"@type\":\"Person\",\"@id\":\"https:\\\/\\\/www.strassenweb.de\\\/nachrichten\\\/#\\\/schema\\\/person\\\/87c9c9067f1211da429a744dc5a5aa41\",\"name\":\"Robert Hoffmann\",\"image\":{\"@type\":\"ImageObject\",\"inLanguage\":\"de\",\"@id\":\"https:\\\/\\\/www.strassenweb.de\\\/nachrichten\\\/wp-content\\\/uploads\\\/2024\\\/09\\\/strassenweb-150x150.jpg\",\"url\":\"https:\\\/\\\/www.strassenweb.de\\\/nachrichten\\\/wp-content\\\/uploads\\\/2024\\\/09\\\/strassenweb-150x150.jpg\",\"contentUrl\":\"https:\\\/\\\/www.strassenweb.de\\\/nachrichten\\\/wp-content\\\/uploads\\\/2024\\\/09\\\/strassenweb-150x150.jpg\",\"caption\":\"Robert Hoffmann\"},\"description\":\"Ich hei\u00dfe Robert Hoffmann und ich bin ein leidenschaftlicher Verfechter von \u00d6kologie und Biodiversit\u00e4t. Seit meiner Kindheit in den W\u00e4ldern Bayerns f\u00fchle ich mich mit der Natur verbunden und bin entschlossen, sie zu sch\u00fctzen. Heute widme ich mein Leben der Sensibilisierung anderer f\u00fcr die Bedeutung des Umweltschutzes f\u00fcr zuk\u00fcnftige Generationen.\",\"sameAs\":[\"https:\\\/\\\/www.strassenweb.de\\\/\"]}]}<\/script>\n<!-- \/ Yoast SEO plugin. -->","yoast_head_json":{"title":"Nach dem Scheitern der Koalition11.07.2024 12:34Scholz behauptet, er werde im Januar eine Vertrauensfrage stellen, w\u00e4hrend die Opposition verlangt, dass er dies jetzt tut - Nachrichten - Stra\u00dfenweb","robots":{"index":"index","follow":"follow","max-snippet":"max-snippet:-1","max-image-preview":"max-image-preview:large","max-video-preview":"max-video-preview:-1"},"canonical":"https:\/\/www.strassenweb.de\/nachrichten\/nach-dem-scheitern-der-koalition11-07-2024-1234scholz-behauptet-er-werde-im-januar-eine-vertrauensfrage-stellen-waehrend-die-opposition-verlangt-dass-er-dies-jetzt-tut\/","og_locale":"de_DE","og_type":"article","og_title":"Nach dem Scheitern der Koalition11.07.2024 12:34Scholz behauptet, er werde im Januar eine Vertrauensfrage stellen, w\u00e4hrend die Opposition verlangt, dass er dies jetzt tut - Nachrichten - Stra\u00dfenweb","og_description":"Politisches Erdbeben in Deutschland nach die Regierung aufl\u00f6sen Koalition unter F\u00fchrung des Sozialdemokraten Olaf Scholzdie behauptet, dass sie sich im Januar einer Vertrauensabstimmung unterziehen werde,","og_url":"https:\/\/www.strassenweb.de\/nachrichten\/nach-dem-scheitern-der-koalition11-07-2024-1234scholz-behauptet-er-werde-im-januar-eine-vertrauensfrage-stellen-waehrend-die-opposition-verlangt-dass-er-dies-jetzt-tut\/","og_site_name":"Stra\u00dfenweb","article_publisher":"https:\/\/www.facebook.com\/strassenweb\/","article_published_time":"2024-11-07T12:40:29+00:00","article_modified_time":"2024-11-07T12:40:30+00:00","og_image":[{"width":1280,"height":720,"url":"https:\/\/www.strassenweb.de\/nachrichten\/wp-content\/uploads\/2024\/11\/Nach-dem-Scheitern-der-Koalition11072024-1234Scholz-behauptet-er-werde-im.jpg","type":"image\/jpeg"}],"author":"Robert Hoffmann","twitter_card":"summary_large_image","twitter_misc":{"Verfasst von":"Robert Hoffmann","Gesch\u00e4tzte Lesezeit":"3\u00a0Minuten"},"schema":{"@context":"https:\/\/schema.org","@graph":[{"@type":"Article","@id":"https:\/\/www.strassenweb.de\/nachrichten\/nach-dem-scheitern-der-koalition11-07-2024-1234scholz-behauptet-er-werde-im-januar-eine-vertrauensfrage-stellen-waehrend-die-opposition-verlangt-dass-er-dies-jetzt-tut\/#article","isPartOf":{"@id":"https:\/\/www.strassenweb.de\/nachrichten\/nach-dem-scheitern-der-koalition11-07-2024-1234scholz-behauptet-er-werde-im-januar-eine-vertrauensfrage-stellen-waehrend-die-opposition-verlangt-dass-er-dies-jetzt-tut\/"},"author":{"name":"Robert Hoffmann","@id":"https:\/\/www.strassenweb.de\/nachrichten\/#\/schema\/person\/87c9c9067f1211da429a744dc5a5aa41"},"headline":"Nach dem Scheitern der Koalition11.07.2024 12:34Scholz behauptet, er werde im Januar eine Vertrauensfrage stellen, w\u00e4hrend die Opposition verlangt, dass er dies jetzt tut","datePublished":"2024-11-07T12:40:29+00:00","dateModified":"2024-11-07T12:40:30+00:00","mainEntityOfPage":{"@id":"https:\/\/www.strassenweb.de\/nachrichten\/nach-dem-scheitern-der-koalition11-07-2024-1234scholz-behauptet-er-werde-im-januar-eine-vertrauensfrage-stellen-waehrend-die-opposition-verlangt-dass-er-dies-jetzt-tut\/"},"wordCount":557,"publisher":{"@id":"https:\/\/www.strassenweb.de\/nachrichten\/#organization"},"image":{"@id":"https:\/\/www.strassenweb.de\/nachrichten\/nach-dem-scheitern-der-koalition11-07-2024-1234scholz-behauptet-er-werde-im-januar-eine-vertrauensfrage-stellen-waehrend-die-opposition-verlangt-dass-er-dies-jetzt-tut\/#primaryimage"},"thumbnailUrl":"https:\/\/www.strassenweb.de\/nachrichten\/wp-content\/uploads\/2024\/11\/Nach-dem-Scheitern-der-Koalition11072024-1234Scholz-behauptet-er-werde-im.jpg","keywords":["1234Scholz","behauptet","dass","dem","der","die","dies","eine","Januar","jetzt","Koalition11.07.2024","Nach","Opposition","Scheitern","stellen","tut","verlangt","Vertrauensfrage","w\u00e4hrend","werde"],"articleSection":["Aktuelle Nachrichten"],"inLanguage":"de"},{"@type":"WebPage","@id":"https:\/\/www.strassenweb.de\/nachrichten\/nach-dem-scheitern-der-koalition11-07-2024-1234scholz-behauptet-er-werde-im-januar-eine-vertrauensfrage-stellen-waehrend-die-opposition-verlangt-dass-er-dies-jetzt-tut\/","url":"https:\/\/www.strassenweb.de\/nachrichten\/nach-dem-scheitern-der-koalition11-07-2024-1234scholz-behauptet-er-werde-im-januar-eine-vertrauensfrage-stellen-waehrend-die-opposition-verlangt-dass-er-dies-jetzt-tut\/","name":"Nach dem Scheitern der Koalition11.07.2024 12:34Scholz behauptet, er werde im Januar eine Vertrauensfrage stellen, w\u00e4hrend die Opposition verlangt, dass er dies jetzt tut - Nachrichten - Stra\u00dfenweb","isPartOf":{"@id":"https:\/\/www.strassenweb.de\/nachrichten\/#website"},"primaryImageOfPage":{"@id":"https:\/\/www.strassenweb.de\/nachrichten\/nach-dem-scheitern-der-koalition11-07-2024-1234scholz-behauptet-er-werde-im-januar-eine-vertrauensfrage-stellen-waehrend-die-opposition-verlangt-dass-er-dies-jetzt-tut\/#primaryimage"},"image":{"@id":"https:\/\/www.strassenweb.de\/nachrichten\/nach-dem-scheitern-der-koalition11-07-2024-1234scholz-behauptet-er-werde-im-januar-eine-vertrauensfrage-stellen-waehrend-die-opposition-verlangt-dass-er-dies-jetzt-tut\/#primaryimage"},"thumbnailUrl":"https:\/\/www.strassenweb.de\/nachrichten\/wp-content\/uploads\/2024\/11\/Nach-dem-Scheitern-der-Koalition11072024-1234Scholz-behauptet-er-werde-im.jpg","datePublished":"2024-11-07T12:40:29+00:00","dateModified":"2024-11-07T12:40:30+00:00","breadcrumb":{"@id":"https:\/\/www.strassenweb.de\/nachrichten\/nach-dem-scheitern-der-koalition11-07-2024-1234scholz-behauptet-er-werde-im-januar-eine-vertrauensfrage-stellen-waehrend-die-opposition-verlangt-dass-er-dies-jetzt-tut\/#breadcrumb"},"inLanguage":"de","potentialAction":[{"@type":"ReadAction","target":["https:\/\/www.strassenweb.de\/nachrichten\/nach-dem-scheitern-der-koalition11-07-2024-1234scholz-behauptet-er-werde-im-januar-eine-vertrauensfrage-stellen-waehrend-die-opposition-verlangt-dass-er-dies-jetzt-tut\/"]}]},{"@type":"ImageObject","inLanguage":"de","@id":"https:\/\/www.strassenweb.de\/nachrichten\/nach-dem-scheitern-der-koalition11-07-2024-1234scholz-behauptet-er-werde-im-januar-eine-vertrauensfrage-stellen-waehrend-die-opposition-verlangt-dass-er-dies-jetzt-tut\/#primaryimage","url":"https:\/\/www.strassenweb.de\/nachrichten\/wp-content\/uploads\/2024\/11\/Nach-dem-Scheitern-der-Koalition11072024-1234Scholz-behauptet-er-werde-im.jpg","contentUrl":"https:\/\/www.strassenweb.de\/nachrichten\/wp-content\/uploads\/2024\/11\/Nach-dem-Scheitern-der-Koalition11072024-1234Scholz-behauptet-er-werde-im.jpg","width":1280,"height":720,"caption":"Nach dem Scheitern der Koalition11.07.2024 12:34Scholz behauptet, er werde im Januar eine Vertrauensfrage stellen, w\u00e4hrend die Opposition verlangt, dass er dies jetzt tut"},{"@type":"BreadcrumbList","@id":"https:\/\/www.strassenweb.de\/nachrichten\/nach-dem-scheitern-der-koalition11-07-2024-1234scholz-behauptet-er-werde-im-januar-eine-vertrauensfrage-stellen-waehrend-die-opposition-verlangt-dass-er-dies-jetzt-tut\/#breadcrumb","itemListElement":[{"@type":"ListItem","position":1,"name":"Home","item":"https:\/\/www.strassenweb.de\/nachrichten\/"},{"@type":"ListItem","position":2,"name":"Nach dem Scheitern der Koalition11.07.2024 12:34Scholz behauptet, er werde im Januar eine Vertrauensfrage stellen, w\u00e4hrend die Opposition verlangt, dass er dies jetzt tut"}]},{"@type":"WebSite","@id":"https:\/\/www.strassenweb.de\/nachrichten\/#website","url":"https:\/\/www.strassenweb.de\/nachrichten\/","name":"Stra\u00dfenweb","description":"Stra\u00dfenverzeichnis f\u00fcr Deutschland","publisher":{"@id":"https:\/\/www.strassenweb.de\/nachrichten\/#organization"},"potentialAction":[{"@type":"SearchAction","target":{"@type":"EntryPoint","urlTemplate":"https:\/\/www.strassenweb.de\/nachrichten\/?s={search_term_string}"},"query-input":{"@type":"PropertyValueSpecification","valueRequired":true,"valueName":"search_term_string"}}],"inLanguage":"de"},{"@type":"Organization","@id":"https:\/\/www.strassenweb.de\/nachrichten\/#organization","name":"Stra\u00dfenweb","url":"https:\/\/www.strassenweb.de\/nachrichten\/","logo":{"@type":"ImageObject","inLanguage":"de","@id":"https:\/\/www.strassenweb.de\/nachrichten\/#\/schema\/logo\/image\/","url":"https:\/\/www.strassenweb.de\/nachrichten\/wp-content\/uploads\/2024\/09\/cropped-favicon.png","contentUrl":"https:\/\/www.strassenweb.de\/nachrichten\/wp-content\/uploads\/2024\/09\/cropped-favicon.png","width":512,"height":512,"caption":"Stra\u00dfenweb"},"image":{"@id":"https:\/\/www.strassenweb.de\/nachrichten\/#\/schema\/logo\/image\/"},"sameAs":["https:\/\/www.facebook.com\/strassenweb\/"]},{"@type":"Person","@id":"https:\/\/www.strassenweb.de\/nachrichten\/#\/schema\/person\/87c9c9067f1211da429a744dc5a5aa41","name":"Robert Hoffmann","image":{"@type":"ImageObject","inLanguage":"de","@id":"https:\/\/www.strassenweb.de\/nachrichten\/wp-content\/uploads\/2024\/09\/strassenweb-150x150.jpg","url":"https:\/\/www.strassenweb.de\/nachrichten\/wp-content\/uploads\/2024\/09\/strassenweb-150x150.jpg","contentUrl":"https:\/\/www.strassenweb.de\/nachrichten\/wp-content\/uploads\/2024\/09\/strassenweb-150x150.jpg","caption":"Robert Hoffmann"},"description":"Ich hei\u00dfe Robert Hoffmann und ich bin ein leidenschaftlicher Verfechter von \u00d6kologie und Biodiversit\u00e4t. Seit meiner Kindheit in den W\u00e4ldern Bayerns f\u00fchle ich mich mit der Natur verbunden und bin entschlossen, sie zu sch\u00fctzen. Heute widme ich mein Leben der Sensibilisierung anderer f\u00fcr die Bedeutung des Umweltschutzes f\u00fcr zuk\u00fcnftige Generationen.","sameAs":["https:\/\/www.strassenweb.de\/"]}]}},"_links":{"self":[{"href":"https:\/\/www.strassenweb.de\/nachrichten\/wp-json\/wp\/v2\/posts\/1409","targetHints":{"allow":["GET"]}}],"collection":[{"href":"https:\/\/www.strassenweb.de\/nachrichten\/wp-json\/wp\/v2\/posts"}],"about":[{"href":"https:\/\/www.strassenweb.de\/nachrichten\/wp-json\/wp\/v2\/types\/post"}],"author":[{"embeddable":true,"href":"https:\/\/www.strassenweb.de\/nachrichten\/wp-json\/wp\/v2\/users\/1"}],"replies":[{"embeddable":true,"href":"https:\/\/www.strassenweb.de\/nachrichten\/wp-json\/wp\/v2\/comments?post=1409"}],"version-history":[{"count":0,"href":"https:\/\/www.strassenweb.de\/nachrichten\/wp-json\/wp\/v2\/posts\/1409\/revisions"}],"wp:featuredmedia":[{"embeddable":true,"href":"https:\/\/www.strassenweb.de\/nachrichten\/wp-json\/wp\/v2\/media\/1410"}],"wp:attachment":[{"href":"https:\/\/www.strassenweb.de\/nachrichten\/wp-json\/wp\/v2\/media?parent=1409"}],"wp:term":[{"taxonomy":"category","embeddable":true,"href":"https:\/\/www.strassenweb.de\/nachrichten\/wp-json\/wp\/v2\/categories?post=1409"},{"taxonomy":"post_tag","embeddable":true,"href":"https:\/\/www.strassenweb.de\/nachrichten\/wp-json\/wp\/v2\/tags?post=1409"}],"curies":[{"name":"wp","href":"https:\/\/api.w.org\/{rel}","templated":true}]}}