{"id":1406,"date":"2024-11-07T10:40:07","date_gmt":"2024-11-07T09:40:07","guid":{"rendered":"https:\/\/www.strassenweb.de\/nachrichten\/so-pflegen-sie-spechte-im-winter-kompetente-ratschlaege-damit-diese-voegel-die-kaelteren-monate-des-jahres-ueberstehen\/"},"modified":"2024-11-07T10:40:08","modified_gmt":"2024-11-07T09:40:08","slug":"so-pflegen-sie-spechte-im-winter-kompetente-ratschlaege-damit-diese-voegel-die-kaelteren-monate-des-jahres-ueberstehen","status":"publish","type":"post","link":"https:\/\/www.strassenweb.de\/nachrichten\/so-pflegen-sie-spechte-im-winter-kompetente-ratschlaege-damit-diese-voegel-die-kaelteren-monate-des-jahres-ueberstehen\/","title":{"rendered":"So pflegen Sie Spechte im Winter \u2013 kompetente Ratschl\u00e4ge, damit diese V\u00f6gel die k\u00e4lteren Monate des Jahres \u00fcberstehen"},"content":{"rendered":"<p><\/p>\n<div id=\"article-body\" class=\"article__body \">\n<p>Warum pickt ein Specht? Eigentlich aus mehreren Gr\u00fcnden. Dieser vertraute Trommelklang, der f\u00fcr manche bezaubernd, f\u00fcr andere jedoch wahnsinnig ist, ist das Ergebnis frenetischen Pickens, das 20 Picks pro Sekunde oder 12.000 Picks pro Tag ausmachen kann. Der Grund daf\u00fcr ist, dass Spechte diese Superhelden-\u00e4hnliche Pickf\u00e4higkeit nutzen m\u00fcssen, um Schutz zu finden, Insekten aufzusp\u00fcren und zu fressen und mit anderen Spechten zu kommunizieren.<\/p>\n<div id=\"ad-unit-1\" class=\"ad-unit\"><\/div>\n<p>Weltweit gibt es 239 Spechtarten, die in Amerika, Europa, Asien und Afrika trommelnd vorkommen. In Nordamerika gibt es 23 einheimische Arten, von denen einige, wie der N\u00f6rdliche Flimmerspecht, im Winter nach S\u00fcden ziehen, w\u00e4hrend die meisten von ihnen, darunter der Rotbauch- und der Flaumspecht, das ganze Jahr \u00fcber, auch im kalten Herbst, an ihrem Standort bleiben und Wintermonate.<\/p>\n<p>Als G\u00e4rtner haben wir die Verantwortung, die Tierwelt in unseren G\u00e4rten das ganze Jahr \u00fcber zu unterst\u00fctzen und zu pflegen, und es gibt ein paar schnelle und einfache Schritte, die dazu beitragen k\u00f6nnen, die Spechtpopulationen in Ihrer Region zu unterst\u00fctzen und zu st\u00e4rken. Wenn Sie also erfahren m\u00f6chten, wie Sie Gartenv\u00f6geln im Winter helfen k\u00f6nnen, finden Sie in unserem Expertenratgeber f\u00fcr Spechte alle Informationen, die Sie wissen m\u00fcssen.<\/p>\n<div id=\"desktop-in-article\" class=\"in-article ad-unit\">\n<div id=\"desktop-taboola-mid-article\"><\/div>\n<\/div>\n<div id=\"mobile-in-article\" class=\"in-article ad-unit\">\n<div id=\"mobile-taboola-mid-article\"><\/div>\n<\/div>\n<figure class=\"van-image-figure inline-layout \" data-bordeaux-image-check>\n<div class=\"image-full-width-wrapper\">\n<div class=\"image-widthsetter\" style=\"max-width:2400px;\"><\/div>\n<\/div>\n<\/figure>\n<h2 id=\"how-to-care-for-woodpeckers-in-winter-3\">So pflegen Sie Spechte im Winter<\/h2>\n<aside class=\"hawk-nest\" data-block-type=\"embed\" data-render-type=\"fte\" data-skip=\"dealsy\" data-widget-type=\"seasonal\">\n<div class=\"hawk-master-widget-hawk-base-wrapper\"><\/div>\n<\/aside>\n<p>Wenn Sie dieses Jahr einige Ideen f\u00fcr einen Wildgarten in Ihrem Garten umsetzen m\u00f6chten, ist es ein guter Anfang, zu lernen, wie Sie Spechte anlocken und in den Wintermonaten pflegen. Auch wenn Sie das Trommeln m\u00f6glicherweise als st\u00f6rend empfinden oder bef\u00fcrchten, dass Ihr Zuhause besch\u00e4digt wird, kann die Bereitstellung von ausreichend Schutz, Lebensraum und Nahrung in Ihren Grenzen (au\u00dferhalb Ihres Zuhauses) Spechte davon abhalten, Ihr Haus zu picken.<\/p>\n<div class=\"van_vid_carousel\">\n<div class=\"van_vid_carousel__padding\">\n<div class=\"van_vid_carousel__container\"><\/div>\n<\/div>\n<\/div>\n<h3 class=\"article-body__section\" id=\"section-1-providing-food-for-woodpeckers\"><span>1. Bereitstellung von Futter f\u00fcr Spechte<\/span><\/h3>\n<figure class=\"van-image-figure inline-layout \" data-bordeaux-image-check>\n<div class=\"image-full-width-wrapper\">\n<div class=\"image-widthsetter\" style=\"max-width:2400px;\"><\/div>\n<\/div>\n<\/figure>\n<p>Im Winter ist es wichtig, V\u00f6gel zu f\u00fcttern, insbesondere wenn die Temperaturen sinken und das Futter knapp wird. \u201eDer Anbau einheimischer Pflanzen, darunter Str\u00e4ucher mit Herbstbeeren wie Viburnum, Hartriegel, Preiselbeeren und Lorbeerbeeren, ist eine gute Idee, um V\u00f6geln im Herbst und Winter zu helfen\u201c, sagt Meredith Simpson, G\u00e4rtnerin und leitende Mitarbeiterin des Gel\u00e4ndepersonals im Oudolf Garden in Detroit. \u201eW\u00e4hlen Sie im Herbst und Winter einen nat\u00fcrlichen, unbeschnittenen Look, um eine maximale Fruchtproduktion und einen maximalen Obstkonsum zu erm\u00f6glichen.\u201c<\/p>\n<div id=\"ad-unit-2\" class=\"ad-unit\"><\/div>\n<p>\u201eHier im Oudolf-Garten schneiden wir den Garten erst sehr sp\u00e4t im Winter oder sogar im fr\u00fchen Fr\u00fchling ab\u201c, f\u00fcgt Meredith hinzu. \u201eIm Allgemeinen lassen wir Stauden bis kurz vor dem Austrieb der Fr\u00fchlingszwiebeln stehen.\u201c Dies bietet \u00fcberwinternden V\u00f6geln einen tollen Lebensraum, in dem Insekten und Samenk\u00f6pfe gern als Nahrung dienen.<\/p>\n<p>\u201eLassen Sie die Samenk\u00f6pfe von Stauden wie Echinacea, wildem Chinin und Kugeldisteln stehen\u201c, sagt Meredith. \u201eWir lieben es, Spechte, Finken und Spatzen zu beobachten, wenn sie im Winter im Garten fressen, h\u00fcpfen und singen.\u201c<\/p>\n<p>Meredith empfiehlt au\u00dferdem, die Bl\u00e4tter so zu belassen, dass sie einen Mulch in Ihren Rabatten bilden. \u201eRaupen und andere Insekten, die in der Laubstreu gefunden werden, werden von V\u00f6geln zum Fressen aufgenommen.\u201c \u201eIn diesen verrottenden Bl\u00e4ttern steckt so viel Leben, das V\u00f6gel ern\u00e4hrt und gleichzeitig dazu beitr\u00e4gt, die Bodengesundheit zu verbessern, wenn die Bl\u00e4tter zerfallen.\u201c Das ist also eine Aufgabe, die Sie von Ihrer Wintergarten-Checkliste streichen sollten.<\/p>\n<p>Wenn Sie auch den Spechten in Ihrem Garten zus\u00e4tzlichen Auftrieb geben m\u00f6chten, k\u00f6nnen Sie auch ein oder zwei Futterh\u00e4uschen aufstellen und diese mit Erdn\u00fcssen oder Sonnenblumenkernen f\u00fcllen, die den Spechten beides gefallen. Alternativ k\u00f6nnen Sie Meisenkn\u00f6del oder Talg in B\u00e4ume und Str\u00e4ucher h\u00e4ngen, was ihnen auch sehr gut gef\u00e4llt. Spechttalgkuchen ist bei Amazon erh\u00e4ltlich.<\/p>\n<div class=\"product-container hero-product-container product-block-no-wrap\"><\/div>\n<h3 class=\"article-body__section\" id=\"section-2-providing-shelter-and-habitat-for-woodpeckers\"><span>2. Bereitstellung von Schutz und Lebensraum f\u00fcr Spechte<\/span><\/h3>\n<figure class=\"van-image-figure inline-layout \" data-bordeaux-image-check>\n<div class=\"image-full-width-wrapper\">\n<div class=\"image-widthsetter\" style=\"max-width:2400px;\"><\/div>\n<\/div>\n<\/figure>\n<p>\u201eF\u00fcr Spechte und andere in H\u00f6hlen nistende V\u00f6gel wie Meisen sollten Sie, wann immer Sie k\u00f6nnen, einen toten Baum oder einen teilweisen Ast stehen lassen\u201c, sagt Meredith. \u201eGelegentlich verlieren B\u00e4ume bei Herbst- oder Winterst\u00fcrmen einen dicken Ast oder Stamm.<\/p>\n<p>\u201eWenn Sie k\u00f6nnen, hinterlassen Sie heruntergefallene \u00c4ste und Baumst\u00fcmpfe f\u00fcr diese wundersch\u00f6nen V\u00f6gel.\u201c Dar\u00fcber hinaus stellen Insekten, die in der Rinde abgefallener \u00c4ste Tunnel graben, im Winter eine wichtige Nahrungsquelle f\u00fcr V\u00f6gel dar. Wenn Sie heruntergefallene \u00c4ste aus Sicherheits- oder Stilgr\u00fcnden bewegen m\u00fcssen, sollten Sie dar\u00fcber nachdenken, Baumst\u00e4mme und \u00c4ste hinter den Beeten zu stapeln.<\/p>\n<p>Es ist zwar besser, Spechte in Baumh\u00f6hlen nisten zu lassen, Sie k\u00f6nnen aber auch ein oder zwei der besten Vogelh\u00e4uschen aufh\u00e4ngen, die den Spechten, die zu Besuch kommen, im Winter eine einfache M\u00f6glichkeit zum Schlafen bieten. Positionieren Sie diese Nistk\u00e4sten auf hohen B\u00e4umen, damit Spechte eine gute Sicht auf ihre Umgebung haben.<\/p>\n<h3 class=\"article-body__section\" id=\"section-3-provide-water-in-winter\"><span>3. Stellen Sie im Winter Wasser zur Verf\u00fcgung<\/span><\/h3>\n<figure class=\"van-image-figure inline-layout \" data-bordeaux-image-check>\n<div class=\"image-full-width-wrapper\">\n<div class=\"image-widthsetter\" style=\"max-width:2400px;\"><\/div>\n<\/div>\n<\/figure>\n<p>W\u00e4hrend der Wintermonate ist es wichtig, Spechten und anderen V\u00f6geln Zugang zu Wasser zu erm\u00f6glichen. Auch wenn wir uns im November, Dezember und Januar m\u00f6glicherweise nicht so oft in unseren G\u00e4rten aufhalten, brauchen V\u00f6gel dennoch Fl\u00fcssigkeitszufuhr.<\/p>\n<p>Behalten Sie bei der Pflege von Vogeltr\u00e4nken im Winter die Wasserstellen im Auge, insbesondere wenn die Temperatur unter den Gefrierpunkt f\u00e4llt. M\u00f6glicherweise m\u00fcssen Sie das Eis aufbrechen, um sicherzustellen, dass V\u00f6gel Zugang zu Wasser haben.<\/p>\n<p>Es gibt viele attraktive Optionen, die Sie online kaufen k\u00f6nnen, wie zum Beispiel diese h\u00e4ngende Vogeltr\u00e4nke von Amazon, die an einem Ast baumelt und Ihnen eine gute Gelegenheit bietet, vorbeikommende V\u00f6gel zu beobachten. Alternativ k\u00f6nnen Sie ganz einfach lernen, wie man ein Vogelbad herstellt, indem Sie einfach einen alten Topfuntersetzer oder eine Plastikschale verwenden und diese jede Woche mit frischem Wasser f\u00fcllen.<\/p>\n<h3 class=\"article-body__section\" id=\"section-faqs\"><span>FAQs<\/span><\/h3>\n<h2 id=\"are-woodpeckers-endangered-3\">Sind Spechte gef\u00e4hrdet?<\/h2>\n<p>W\u00e4hrend viele Spechtarten in ganz Nordamerika gedeihen, gibt es eine Handvoll Arten, die als gef\u00e4hrdet, bedroht oder gef\u00e4hrdet gelten, darunter der Elfenbeinschnabelspecht. Der Anbau einheimischer Pflanzen und die Pflege von Waldlebensr\u00e4umen werden einen kleinen Beitrag zur Unterst\u00fctzung der Spechte leisten. Beispielsweise wurde der Rotkakardenspecht in den letzten Jahren von gef\u00e4hrdet auf gef\u00e4hrdet herabgestuft. Dies ist zwar nicht \u00fcbertrieben, zeigt aber, dass wir durch die Pflege dieser einheimischen V\u00f6gel den R\u00fcckgang der Arten umkehren k\u00f6nnen.<\/p>\n<hr>\n<p>\u201eDas Beste, was Sie tun k\u00f6nnen, um Spechten zu helfen\u201c, f\u00fcgt Meredith hinzu, \u201eist, biologisch anzubauen.\u201c Das Verspr\u00fchen oder Verwenden von Chemikalien in Ihrem Garten, sei es gegen M\u00fccken oder andere Sch\u00e4dlinge, ist unbedingt zu vermeiden. Diese Chemikalien t\u00f6ten Insekten, die eine lebenswichtige Nahrungs- und Proteinquelle f\u00fcr V\u00f6gel und andere Wildtiere darstellen.\u201c<\/p>\n<p>Weitere Informationen und Inspiration finden Sie in unserem Ratgeber zum Permakultur-Gartenbau mit vielen Tipps und Tricks, wie Sie in Ihrem Garten auf Bio-Anbau umsteigen k\u00f6nnen.<\/p>\n<\/div>\n","protected":false},"excerpt":{"rendered":"<p>Warum pickt ein Specht? Eigentlich aus mehreren Gr\u00fcnden. Dieser vertraute Trommelklang, der f\u00fcr manche bezaubernd, f\u00fcr andere jedoch wahnsinnig ist, ist das Ergebnis frenetischen Pickens,<\/p>\n","protected":false},"author":1,"featured_media":1407,"comment_status":"closed","ping_status":"","sticky":false,"template":"","format":"standard","meta":{"footnotes":""},"categories":[118],"tags":[598,281,9,143,282,1009,2222,1010,2631,2633,165,2632,2634,918,204],"class_list":["post-1406","post","type-post","status-publish","format-standard","has-post-thumbnail","hentry","category-haus-garten","tag-damit","tag-des","tag-die","tag-diese","tag-jahres","tag-kaelteren","tag-kompetente","tag-monate","tag-pflegen","tag-ratschlaege","tag-sie","tag-spechte","tag-ueberstehen","tag-voegel","tag-winter","generate-columns","tablet-grid-50","mobile-grid-100","grid-parent","grid-50"],"yoast_head":"<!-- This site is optimized with the Yoast SEO plugin v27.3 - https:\/\/yoast.com\/product\/yoast-seo-wordpress\/ -->\n<title>So pflegen Sie Spechte im Winter \u2013 kompetente Ratschl\u00e4ge, damit diese V\u00f6gel die k\u00e4lteren Monate des Jahres \u00fcberstehen - Nachrichten - Stra\u00dfenweb<\/title>\n<meta name=\"robots\" content=\"index, follow, max-snippet:-1, max-image-preview:large, max-video-preview:-1\" \/>\n<link rel=\"canonical\" href=\"https:\/\/www.strassenweb.de\/nachrichten\/so-pflegen-sie-spechte-im-winter-kompetente-ratschlaege-damit-diese-voegel-die-kaelteren-monate-des-jahres-ueberstehen\/\" \/>\n<meta property=\"og:locale\" content=\"de_DE\" \/>\n<meta property=\"og:type\" content=\"article\" \/>\n<meta property=\"og:title\" content=\"So pflegen Sie Spechte im Winter \u2013 kompetente Ratschl\u00e4ge, damit diese V\u00f6gel die k\u00e4lteren Monate des Jahres \u00fcberstehen - Nachrichten - Stra\u00dfenweb\" \/>\n<meta property=\"og:description\" content=\"Warum pickt ein Specht? Eigentlich aus mehreren Gr\u00fcnden. Dieser vertraute Trommelklang, der f\u00fcr manche bezaubernd, f\u00fcr andere jedoch wahnsinnig ist, ist das Ergebnis frenetischen Pickens,\" \/>\n<meta property=\"og:url\" content=\"https:\/\/www.strassenweb.de\/nachrichten\/so-pflegen-sie-spechte-im-winter-kompetente-ratschlaege-damit-diese-voegel-die-kaelteren-monate-des-jahres-ueberstehen\/\" \/>\n<meta property=\"og:site_name\" content=\"Stra\u00dfenweb\" \/>\n<meta property=\"article:publisher\" content=\"https:\/\/www.facebook.com\/strassenweb\/\" \/>\n<meta property=\"article:published_time\" content=\"2024-11-07T09:40:07+00:00\" \/>\n<meta property=\"article:modified_time\" content=\"2024-11-07T09:40:08+00:00\" \/>\n<meta property=\"og:image\" content=\"https:\/\/www.strassenweb.de\/nachrichten\/wp-content\/uploads\/2024\/11\/So-pflegen-Sie-Spechte-im-Winter-\u2013-kompetente-Ratschlaege-damit.jpg\" \/>\n\t<meta property=\"og:image:width\" content=\"1200\" \/>\n\t<meta property=\"og:image:height\" content=\"675\" \/>\n\t<meta property=\"og:image:type\" content=\"image\/jpeg\" \/>\n<meta name=\"author\" content=\"Robert Hoffmann\" \/>\n<meta name=\"twitter:card\" content=\"summary_large_image\" \/>\n<meta name=\"twitter:label1\" content=\"Verfasst von\" \/>\n\t<meta name=\"twitter:data1\" content=\"Robert Hoffmann\" \/>\n\t<meta name=\"twitter:label2\" content=\"Gesch\u00e4tzte Lesezeit\" \/>\n\t<meta name=\"twitter:data2\" content=\"6\u00a0Minuten\" \/>\n<script type=\"application\/ld+json\" class=\"yoast-schema-graph\">{\"@context\":\"https:\\\/\\\/schema.org\",\"@graph\":[{\"@type\":\"Article\",\"@id\":\"https:\\\/\\\/www.strassenweb.de\\\/nachrichten\\\/so-pflegen-sie-spechte-im-winter-kompetente-ratschlaege-damit-diese-voegel-die-kaelteren-monate-des-jahres-ueberstehen\\\/#article\",\"isPartOf\":{\"@id\":\"https:\\\/\\\/www.strassenweb.de\\\/nachrichten\\\/so-pflegen-sie-spechte-im-winter-kompetente-ratschlaege-damit-diese-voegel-die-kaelteren-monate-des-jahres-ueberstehen\\\/\"},\"author\":{\"name\":\"Robert Hoffmann\",\"@id\":\"https:\\\/\\\/www.strassenweb.de\\\/nachrichten\\\/#\\\/schema\\\/person\\\/87c9c9067f1211da429a744dc5a5aa41\"},\"headline\":\"So pflegen Sie Spechte im Winter \u2013 kompetente Ratschl\u00e4ge, damit diese V\u00f6gel die k\u00e4lteren Monate des Jahres \u00fcberstehen\",\"datePublished\":\"2024-11-07T09:40:07+00:00\",\"dateModified\":\"2024-11-07T09:40:08+00:00\",\"mainEntityOfPage\":{\"@id\":\"https:\\\/\\\/www.strassenweb.de\\\/nachrichten\\\/so-pflegen-sie-spechte-im-winter-kompetente-ratschlaege-damit-diese-voegel-die-kaelteren-monate-des-jahres-ueberstehen\\\/\"},\"wordCount\":1149,\"publisher\":{\"@id\":\"https:\\\/\\\/www.strassenweb.de\\\/nachrichten\\\/#organization\"},\"image\":{\"@id\":\"https:\\\/\\\/www.strassenweb.de\\\/nachrichten\\\/so-pflegen-sie-spechte-im-winter-kompetente-ratschlaege-damit-diese-voegel-die-kaelteren-monate-des-jahres-ueberstehen\\\/#primaryimage\"},\"thumbnailUrl\":\"https:\\\/\\\/www.strassenweb.de\\\/nachrichten\\\/wp-content\\\/uploads\\\/2024\\\/11\\\/So-pflegen-Sie-Spechte-im-Winter-\u2013-kompetente-Ratschlaege-damit.jpg\",\"keywords\":[\"damit\",\"des\",\"die\",\"diese\",\"Jahres\",\"k\u00e4lteren\",\"Kompetente\",\"Monate\",\"pflegen\",\"Ratschl\u00e4ge\",\"Sie\",\"Spechte\",\"\u00fcberstehen\",\"V\u00f6gel\",\"Winter\"],\"articleSection\":[\"Haus &amp; Garten\"],\"inLanguage\":\"de\"},{\"@type\":\"WebPage\",\"@id\":\"https:\\\/\\\/www.strassenweb.de\\\/nachrichten\\\/so-pflegen-sie-spechte-im-winter-kompetente-ratschlaege-damit-diese-voegel-die-kaelteren-monate-des-jahres-ueberstehen\\\/\",\"url\":\"https:\\\/\\\/www.strassenweb.de\\\/nachrichten\\\/so-pflegen-sie-spechte-im-winter-kompetente-ratschlaege-damit-diese-voegel-die-kaelteren-monate-des-jahres-ueberstehen\\\/\",\"name\":\"So pflegen Sie Spechte im Winter \u2013 kompetente Ratschl\u00e4ge, damit diese V\u00f6gel die k\u00e4lteren Monate des Jahres \u00fcberstehen - Nachrichten - Stra\u00dfenweb\",\"isPartOf\":{\"@id\":\"https:\\\/\\\/www.strassenweb.de\\\/nachrichten\\\/#website\"},\"primaryImageOfPage\":{\"@id\":\"https:\\\/\\\/www.strassenweb.de\\\/nachrichten\\\/so-pflegen-sie-spechte-im-winter-kompetente-ratschlaege-damit-diese-voegel-die-kaelteren-monate-des-jahres-ueberstehen\\\/#primaryimage\"},\"image\":{\"@id\":\"https:\\\/\\\/www.strassenweb.de\\\/nachrichten\\\/so-pflegen-sie-spechte-im-winter-kompetente-ratschlaege-damit-diese-voegel-die-kaelteren-monate-des-jahres-ueberstehen\\\/#primaryimage\"},\"thumbnailUrl\":\"https:\\\/\\\/www.strassenweb.de\\\/nachrichten\\\/wp-content\\\/uploads\\\/2024\\\/11\\\/So-pflegen-Sie-Spechte-im-Winter-\u2013-kompetente-Ratschlaege-damit.jpg\",\"datePublished\":\"2024-11-07T09:40:07+00:00\",\"dateModified\":\"2024-11-07T09:40:08+00:00\",\"breadcrumb\":{\"@id\":\"https:\\\/\\\/www.strassenweb.de\\\/nachrichten\\\/so-pflegen-sie-spechte-im-winter-kompetente-ratschlaege-damit-diese-voegel-die-kaelteren-monate-des-jahres-ueberstehen\\\/#breadcrumb\"},\"inLanguage\":\"de\",\"potentialAction\":[{\"@type\":\"ReadAction\",\"target\":[\"https:\\\/\\\/www.strassenweb.de\\\/nachrichten\\\/so-pflegen-sie-spechte-im-winter-kompetente-ratschlaege-damit-diese-voegel-die-kaelteren-monate-des-jahres-ueberstehen\\\/\"]}]},{\"@type\":\"ImageObject\",\"inLanguage\":\"de\",\"@id\":\"https:\\\/\\\/www.strassenweb.de\\\/nachrichten\\\/so-pflegen-sie-spechte-im-winter-kompetente-ratschlaege-damit-diese-voegel-die-kaelteren-monate-des-jahres-ueberstehen\\\/#primaryimage\",\"url\":\"https:\\\/\\\/www.strassenweb.de\\\/nachrichten\\\/wp-content\\\/uploads\\\/2024\\\/11\\\/So-pflegen-Sie-Spechte-im-Winter-\u2013-kompetente-Ratschlaege-damit.jpg\",\"contentUrl\":\"https:\\\/\\\/www.strassenweb.de\\\/nachrichten\\\/wp-content\\\/uploads\\\/2024\\\/11\\\/So-pflegen-Sie-Spechte-im-Winter-\u2013-kompetente-Ratschlaege-damit.jpg\",\"width\":1200,\"height\":675,\"caption\":\"So pflegen Sie Spechte im Winter \u2013 kompetente Ratschl\u00e4ge, damit diese V\u00f6gel die k\u00e4lteren Monate des Jahres \u00fcberstehen\"},{\"@type\":\"BreadcrumbList\",\"@id\":\"https:\\\/\\\/www.strassenweb.de\\\/nachrichten\\\/so-pflegen-sie-spechte-im-winter-kompetente-ratschlaege-damit-diese-voegel-die-kaelteren-monate-des-jahres-ueberstehen\\\/#breadcrumb\",\"itemListElement\":[{\"@type\":\"ListItem\",\"position\":1,\"name\":\"Home\",\"item\":\"https:\\\/\\\/www.strassenweb.de\\\/nachrichten\\\/\"},{\"@type\":\"ListItem\",\"position\":2,\"name\":\"So pflegen Sie Spechte im Winter \u2013 kompetente Ratschl\u00e4ge, damit diese V\u00f6gel die k\u00e4lteren Monate des Jahres \u00fcberstehen\"}]},{\"@type\":\"WebSite\",\"@id\":\"https:\\\/\\\/www.strassenweb.de\\\/nachrichten\\\/#website\",\"url\":\"https:\\\/\\\/www.strassenweb.de\\\/nachrichten\\\/\",\"name\":\"Stra\u00dfenweb\",\"description\":\"Stra\u00dfenverzeichnis f\u00fcr Deutschland\",\"publisher\":{\"@id\":\"https:\\\/\\\/www.strassenweb.de\\\/nachrichten\\\/#organization\"},\"potentialAction\":[{\"@type\":\"SearchAction\",\"target\":{\"@type\":\"EntryPoint\",\"urlTemplate\":\"https:\\\/\\\/www.strassenweb.de\\\/nachrichten\\\/?s={search_term_string}\"},\"query-input\":{\"@type\":\"PropertyValueSpecification\",\"valueRequired\":true,\"valueName\":\"search_term_string\"}}],\"inLanguage\":\"de\"},{\"@type\":\"Organization\",\"@id\":\"https:\\\/\\\/www.strassenweb.de\\\/nachrichten\\\/#organization\",\"name\":\"Stra\u00dfenweb\",\"url\":\"https:\\\/\\\/www.strassenweb.de\\\/nachrichten\\\/\",\"logo\":{\"@type\":\"ImageObject\",\"inLanguage\":\"de\",\"@id\":\"https:\\\/\\\/www.strassenweb.de\\\/nachrichten\\\/#\\\/schema\\\/logo\\\/image\\\/\",\"url\":\"https:\\\/\\\/www.strassenweb.de\\\/nachrichten\\\/wp-content\\\/uploads\\\/2024\\\/09\\\/cropped-favicon.png\",\"contentUrl\":\"https:\\\/\\\/www.strassenweb.de\\\/nachrichten\\\/wp-content\\\/uploads\\\/2024\\\/09\\\/cropped-favicon.png\",\"width\":512,\"height\":512,\"caption\":\"Stra\u00dfenweb\"},\"image\":{\"@id\":\"https:\\\/\\\/www.strassenweb.de\\\/nachrichten\\\/#\\\/schema\\\/logo\\\/image\\\/\"},\"sameAs\":[\"https:\\\/\\\/www.facebook.com\\\/strassenweb\\\/\"]},{\"@type\":\"Person\",\"@id\":\"https:\\\/\\\/www.strassenweb.de\\\/nachrichten\\\/#\\\/schema\\\/person\\\/87c9c9067f1211da429a744dc5a5aa41\",\"name\":\"Robert Hoffmann\",\"image\":{\"@type\":\"ImageObject\",\"inLanguage\":\"de\",\"@id\":\"https:\\\/\\\/www.strassenweb.de\\\/nachrichten\\\/wp-content\\\/uploads\\\/2024\\\/09\\\/strassenweb-150x150.jpg\",\"url\":\"https:\\\/\\\/www.strassenweb.de\\\/nachrichten\\\/wp-content\\\/uploads\\\/2024\\\/09\\\/strassenweb-150x150.jpg\",\"contentUrl\":\"https:\\\/\\\/www.strassenweb.de\\\/nachrichten\\\/wp-content\\\/uploads\\\/2024\\\/09\\\/strassenweb-150x150.jpg\",\"caption\":\"Robert Hoffmann\"},\"description\":\"Ich hei\u00dfe Robert Hoffmann und ich bin ein leidenschaftlicher Verfechter von \u00d6kologie und Biodiversit\u00e4t. Seit meiner Kindheit in den W\u00e4ldern Bayerns f\u00fchle ich mich mit der Natur verbunden und bin entschlossen, sie zu sch\u00fctzen. Heute widme ich mein Leben der Sensibilisierung anderer f\u00fcr die Bedeutung des Umweltschutzes f\u00fcr zuk\u00fcnftige Generationen.\",\"sameAs\":[\"https:\\\/\\\/www.strassenweb.de\\\/\"]}]}<\/script>\n<!-- \/ Yoast SEO plugin. -->","yoast_head_json":{"title":"So pflegen Sie Spechte im Winter \u2013 kompetente Ratschl\u00e4ge, damit diese V\u00f6gel die k\u00e4lteren Monate des Jahres \u00fcberstehen - Nachrichten - Stra\u00dfenweb","robots":{"index":"index","follow":"follow","max-snippet":"max-snippet:-1","max-image-preview":"max-image-preview:large","max-video-preview":"max-video-preview:-1"},"canonical":"https:\/\/www.strassenweb.de\/nachrichten\/so-pflegen-sie-spechte-im-winter-kompetente-ratschlaege-damit-diese-voegel-die-kaelteren-monate-des-jahres-ueberstehen\/","og_locale":"de_DE","og_type":"article","og_title":"So pflegen Sie Spechte im Winter \u2013 kompetente Ratschl\u00e4ge, damit diese V\u00f6gel die k\u00e4lteren Monate des Jahres \u00fcberstehen - Nachrichten - Stra\u00dfenweb","og_description":"Warum pickt ein Specht? Eigentlich aus mehreren Gr\u00fcnden. Dieser vertraute Trommelklang, der f\u00fcr manche bezaubernd, f\u00fcr andere jedoch wahnsinnig ist, ist das Ergebnis frenetischen Pickens,","og_url":"https:\/\/www.strassenweb.de\/nachrichten\/so-pflegen-sie-spechte-im-winter-kompetente-ratschlaege-damit-diese-voegel-die-kaelteren-monate-des-jahres-ueberstehen\/","og_site_name":"Stra\u00dfenweb","article_publisher":"https:\/\/www.facebook.com\/strassenweb\/","article_published_time":"2024-11-07T09:40:07+00:00","article_modified_time":"2024-11-07T09:40:08+00:00","og_image":[{"width":1200,"height":675,"url":"https:\/\/www.strassenweb.de\/nachrichten\/wp-content\/uploads\/2024\/11\/So-pflegen-Sie-Spechte-im-Winter-\u2013-kompetente-Ratschlaege-damit.jpg","type":"image\/jpeg"}],"author":"Robert Hoffmann","twitter_card":"summary_large_image","twitter_misc":{"Verfasst von":"Robert Hoffmann","Gesch\u00e4tzte Lesezeit":"6\u00a0Minuten"},"schema":{"@context":"https:\/\/schema.org","@graph":[{"@type":"Article","@id":"https:\/\/www.strassenweb.de\/nachrichten\/so-pflegen-sie-spechte-im-winter-kompetente-ratschlaege-damit-diese-voegel-die-kaelteren-monate-des-jahres-ueberstehen\/#article","isPartOf":{"@id":"https:\/\/www.strassenweb.de\/nachrichten\/so-pflegen-sie-spechte-im-winter-kompetente-ratschlaege-damit-diese-voegel-die-kaelteren-monate-des-jahres-ueberstehen\/"},"author":{"name":"Robert Hoffmann","@id":"https:\/\/www.strassenweb.de\/nachrichten\/#\/schema\/person\/87c9c9067f1211da429a744dc5a5aa41"},"headline":"So pflegen Sie Spechte im Winter \u2013 kompetente Ratschl\u00e4ge, damit diese V\u00f6gel die k\u00e4lteren Monate des Jahres \u00fcberstehen","datePublished":"2024-11-07T09:40:07+00:00","dateModified":"2024-11-07T09:40:08+00:00","mainEntityOfPage":{"@id":"https:\/\/www.strassenweb.de\/nachrichten\/so-pflegen-sie-spechte-im-winter-kompetente-ratschlaege-damit-diese-voegel-die-kaelteren-monate-des-jahres-ueberstehen\/"},"wordCount":1149,"publisher":{"@id":"https:\/\/www.strassenweb.de\/nachrichten\/#organization"},"image":{"@id":"https:\/\/www.strassenweb.de\/nachrichten\/so-pflegen-sie-spechte-im-winter-kompetente-ratschlaege-damit-diese-voegel-die-kaelteren-monate-des-jahres-ueberstehen\/#primaryimage"},"thumbnailUrl":"https:\/\/www.strassenweb.de\/nachrichten\/wp-content\/uploads\/2024\/11\/So-pflegen-Sie-Spechte-im-Winter-\u2013-kompetente-Ratschlaege-damit.jpg","keywords":["damit","des","die","diese","Jahres","k\u00e4lteren","Kompetente","Monate","pflegen","Ratschl\u00e4ge","Sie","Spechte","\u00fcberstehen","V\u00f6gel","Winter"],"articleSection":["Haus &amp; Garten"],"inLanguage":"de"},{"@type":"WebPage","@id":"https:\/\/www.strassenweb.de\/nachrichten\/so-pflegen-sie-spechte-im-winter-kompetente-ratschlaege-damit-diese-voegel-die-kaelteren-monate-des-jahres-ueberstehen\/","url":"https:\/\/www.strassenweb.de\/nachrichten\/so-pflegen-sie-spechte-im-winter-kompetente-ratschlaege-damit-diese-voegel-die-kaelteren-monate-des-jahres-ueberstehen\/","name":"So pflegen Sie Spechte im Winter \u2013 kompetente Ratschl\u00e4ge, damit diese V\u00f6gel die k\u00e4lteren Monate des Jahres \u00fcberstehen - Nachrichten - Stra\u00dfenweb","isPartOf":{"@id":"https:\/\/www.strassenweb.de\/nachrichten\/#website"},"primaryImageOfPage":{"@id":"https:\/\/www.strassenweb.de\/nachrichten\/so-pflegen-sie-spechte-im-winter-kompetente-ratschlaege-damit-diese-voegel-die-kaelteren-monate-des-jahres-ueberstehen\/#primaryimage"},"image":{"@id":"https:\/\/www.strassenweb.de\/nachrichten\/so-pflegen-sie-spechte-im-winter-kompetente-ratschlaege-damit-diese-voegel-die-kaelteren-monate-des-jahres-ueberstehen\/#primaryimage"},"thumbnailUrl":"https:\/\/www.strassenweb.de\/nachrichten\/wp-content\/uploads\/2024\/11\/So-pflegen-Sie-Spechte-im-Winter-\u2013-kompetente-Ratschlaege-damit.jpg","datePublished":"2024-11-07T09:40:07+00:00","dateModified":"2024-11-07T09:40:08+00:00","breadcrumb":{"@id":"https:\/\/www.strassenweb.de\/nachrichten\/so-pflegen-sie-spechte-im-winter-kompetente-ratschlaege-damit-diese-voegel-die-kaelteren-monate-des-jahres-ueberstehen\/#breadcrumb"},"inLanguage":"de","potentialAction":[{"@type":"ReadAction","target":["https:\/\/www.strassenweb.de\/nachrichten\/so-pflegen-sie-spechte-im-winter-kompetente-ratschlaege-damit-diese-voegel-die-kaelteren-monate-des-jahres-ueberstehen\/"]}]},{"@type":"ImageObject","inLanguage":"de","@id":"https:\/\/www.strassenweb.de\/nachrichten\/so-pflegen-sie-spechte-im-winter-kompetente-ratschlaege-damit-diese-voegel-die-kaelteren-monate-des-jahres-ueberstehen\/#primaryimage","url":"https:\/\/www.strassenweb.de\/nachrichten\/wp-content\/uploads\/2024\/11\/So-pflegen-Sie-Spechte-im-Winter-\u2013-kompetente-Ratschlaege-damit.jpg","contentUrl":"https:\/\/www.strassenweb.de\/nachrichten\/wp-content\/uploads\/2024\/11\/So-pflegen-Sie-Spechte-im-Winter-\u2013-kompetente-Ratschlaege-damit.jpg","width":1200,"height":675,"caption":"So pflegen Sie Spechte im Winter \u2013 kompetente Ratschl\u00e4ge, damit diese V\u00f6gel die k\u00e4lteren Monate des Jahres \u00fcberstehen"},{"@type":"BreadcrumbList","@id":"https:\/\/www.strassenweb.de\/nachrichten\/so-pflegen-sie-spechte-im-winter-kompetente-ratschlaege-damit-diese-voegel-die-kaelteren-monate-des-jahres-ueberstehen\/#breadcrumb","itemListElement":[{"@type":"ListItem","position":1,"name":"Home","item":"https:\/\/www.strassenweb.de\/nachrichten\/"},{"@type":"ListItem","position":2,"name":"So pflegen Sie Spechte im Winter \u2013 kompetente Ratschl\u00e4ge, damit diese V\u00f6gel die k\u00e4lteren Monate des Jahres \u00fcberstehen"}]},{"@type":"WebSite","@id":"https:\/\/www.strassenweb.de\/nachrichten\/#website","url":"https:\/\/www.strassenweb.de\/nachrichten\/","name":"Stra\u00dfenweb","description":"Stra\u00dfenverzeichnis f\u00fcr Deutschland","publisher":{"@id":"https:\/\/www.strassenweb.de\/nachrichten\/#organization"},"potentialAction":[{"@type":"SearchAction","target":{"@type":"EntryPoint","urlTemplate":"https:\/\/www.strassenweb.de\/nachrichten\/?s={search_term_string}"},"query-input":{"@type":"PropertyValueSpecification","valueRequired":true,"valueName":"search_term_string"}}],"inLanguage":"de"},{"@type":"Organization","@id":"https:\/\/www.strassenweb.de\/nachrichten\/#organization","name":"Stra\u00dfenweb","url":"https:\/\/www.strassenweb.de\/nachrichten\/","logo":{"@type":"ImageObject","inLanguage":"de","@id":"https:\/\/www.strassenweb.de\/nachrichten\/#\/schema\/logo\/image\/","url":"https:\/\/www.strassenweb.de\/nachrichten\/wp-content\/uploads\/2024\/09\/cropped-favicon.png","contentUrl":"https:\/\/www.strassenweb.de\/nachrichten\/wp-content\/uploads\/2024\/09\/cropped-favicon.png","width":512,"height":512,"caption":"Stra\u00dfenweb"},"image":{"@id":"https:\/\/www.strassenweb.de\/nachrichten\/#\/schema\/logo\/image\/"},"sameAs":["https:\/\/www.facebook.com\/strassenweb\/"]},{"@type":"Person","@id":"https:\/\/www.strassenweb.de\/nachrichten\/#\/schema\/person\/87c9c9067f1211da429a744dc5a5aa41","name":"Robert Hoffmann","image":{"@type":"ImageObject","inLanguage":"de","@id":"https:\/\/www.strassenweb.de\/nachrichten\/wp-content\/uploads\/2024\/09\/strassenweb-150x150.jpg","url":"https:\/\/www.strassenweb.de\/nachrichten\/wp-content\/uploads\/2024\/09\/strassenweb-150x150.jpg","contentUrl":"https:\/\/www.strassenweb.de\/nachrichten\/wp-content\/uploads\/2024\/09\/strassenweb-150x150.jpg","caption":"Robert Hoffmann"},"description":"Ich hei\u00dfe Robert Hoffmann und ich bin ein leidenschaftlicher Verfechter von \u00d6kologie und Biodiversit\u00e4t. Seit meiner Kindheit in den W\u00e4ldern Bayerns f\u00fchle ich mich mit der Natur verbunden und bin entschlossen, sie zu sch\u00fctzen. Heute widme ich mein Leben der Sensibilisierung anderer f\u00fcr die Bedeutung des Umweltschutzes f\u00fcr zuk\u00fcnftige Generationen.","sameAs":["https:\/\/www.strassenweb.de\/"]}]}},"_links":{"self":[{"href":"https:\/\/www.strassenweb.de\/nachrichten\/wp-json\/wp\/v2\/posts\/1406","targetHints":{"allow":["GET"]}}],"collection":[{"href":"https:\/\/www.strassenweb.de\/nachrichten\/wp-json\/wp\/v2\/posts"}],"about":[{"href":"https:\/\/www.strassenweb.de\/nachrichten\/wp-json\/wp\/v2\/types\/post"}],"author":[{"embeddable":true,"href":"https:\/\/www.strassenweb.de\/nachrichten\/wp-json\/wp\/v2\/users\/1"}],"replies":[{"embeddable":true,"href":"https:\/\/www.strassenweb.de\/nachrichten\/wp-json\/wp\/v2\/comments?post=1406"}],"version-history":[{"count":0,"href":"https:\/\/www.strassenweb.de\/nachrichten\/wp-json\/wp\/v2\/posts\/1406\/revisions"}],"wp:featuredmedia":[{"embeddable":true,"href":"https:\/\/www.strassenweb.de\/nachrichten\/wp-json\/wp\/v2\/media\/1407"}],"wp:attachment":[{"href":"https:\/\/www.strassenweb.de\/nachrichten\/wp-json\/wp\/v2\/media?parent=1406"}],"wp:term":[{"taxonomy":"category","embeddable":true,"href":"https:\/\/www.strassenweb.de\/nachrichten\/wp-json\/wp\/v2\/categories?post=1406"},{"taxonomy":"post_tag","embeddable":true,"href":"https:\/\/www.strassenweb.de\/nachrichten\/wp-json\/wp\/v2\/tags?post=1406"}],"curies":[{"name":"wp","href":"https:\/\/api.w.org\/{rel}","templated":true}]}}