{"id":1394,"date":"2024-11-06T21:40:43","date_gmt":"2024-11-06T20:40:43","guid":{"rendered":"https:\/\/www.strassenweb.de\/nachrichten\/politisches-erdbeben-im-land11-06-2024-2139bundeskanzler-scholz-entlaesst-den-finanzminister-und-stellt-die-koalition-vor-den-auseinanderbruch\/"},"modified":"2024-11-06T21:40:44","modified_gmt":"2024-11-06T20:40:44","slug":"politisches-erdbeben-im-land11-06-2024-2139bundeskanzler-scholz-entlaesst-den-finanzminister-und-stellt-die-koalition-vor-den-auseinanderbruch","status":"publish","type":"post","link":"https:\/\/www.strassenweb.de\/nachrichten\/politisches-erdbeben-im-land11-06-2024-2139bundeskanzler-scholz-entlaesst-den-finanzminister-und-stellt-die-koalition-vor-den-auseinanderbruch\/","title":{"rendered":"Politisches Erdbeben im Land11.06.2024 21:39Bundeskanzler Scholz entl\u00e4sst den Finanzminister und stellt die Koalition vor den Auseinanderbruch"},"content":{"rendered":"<footer class=\"article-main__signed\"><\/footer>\n<p>Der deutsche Bundeskanzler, der Sozialdemokrat Olaf Scholz, hat an diesem Mittwoch seinen Finanzminister, den liberalen F\u00fchrer Christian Lindner, entlassen, nachdem er vorgeschlagen hatte, angesichts der schweren Krise der Koalition aus Sozialdemokraten, Gr\u00fcnen und Liberalen vorgezogene Neuwahlen auszurufen angesichts einer m\u00f6glichen Trennung.<\/p>\n<p>Das gab der Sprecher der Kanzlerin, Steffen Hebestreit, bekannt, der von der Wochenzeitung \u201eDie Zeit\u201c zitiert wurde, w\u00e4hrend auch andere Medien wie der Fernsehsender NTV und die Bild-Zeitung die Entlassung Lindners bekannt gaben. Die Vorsitzenden der drei Parteien, aus denen sich die Trilaterale zusammensetzt, trafen sich heute Nachmittag in Berlin zu einem Treffen, an dem auch Scholz, Lindner und der Vizekanzler und Wirtschaftsminister, der Gr\u00fcne Robert Habeck, teilnahmen, die seitdem mehrere Treffen abgehalten haben Am Montag versuchen drei Bands, ihre Positionen n\u00e4her zusammenzubringen.<\/p>\n<p>Ziel war es, die Koalition zu retten, die weniger als ein Jahr vor den f\u00fcr Herbst 2025 geplanten Parlamentswahlen in einer tiefen Krise steckte und die Popularit\u00e4t der drei Formationen Umfragen zufolge auf ein Minimum gesunken ist. Ausl\u00f6ser des Auseinanderbrechens waren grundlegende Meinungsverschiedenheiten \u00fcber die Pl\u00e4ne zur Wiederbelebung der deutschen Wirtschaft im zweiten Jahr der Rezession und \u00fcber die Haushaltspl\u00e4ne f\u00fcr das kommende Jahr, die sich noch im parlamentarischen Verfahren befinden.<\/p>\n<p>Experten zufolge er\u00f6ffnet der Austritt der Liberalen aus der Regierung unterschiedliche Szenarien, darunter die M\u00f6glichkeit, dass Scholz\u2018 Sozialdemokraten und die Gr\u00fcnen versuchen, als Minderheit zu regieren, oder dass sich die Kanzlerin einer Vertrauensfrage unterwirft und dann vorgezogene Neuwahlen ausruft. was Sie k\u00f6nnten im M\u00e4rz stattfinden.<\/p>\n<div><\/div>\n<p>Eine andere M\u00f6glichkeit besteht darin, dass Scholz versucht, eine Koalition mit der konservativen Opposition der Christlich-Demokratischen Union (CDU) zu bilden, die sich dieser M\u00f6glichkeit bisher jedoch nicht ge\u00f6ffnet zeigt.<\/p>\n","protected":false},"excerpt":{"rendered":"<p>Der deutsche Bundeskanzler, der Sozialdemokrat Olaf Scholz, hat an diesem Mittwoch seinen Finanzminister, den liberalen F\u00fchrer Christian Lindner, entlassen, nachdem er vorgeschlagen hatte, angesichts der<\/p>\n","protected":false},"author":1,"featured_media":1395,"comment_status":"closed","ping_status":"","sticky":false,"template":"","format":"standard","meta":{"footnotes":""},"categories":[4],"tags":[2608,2613,78,9,2610,2606,2611,2599,2607,2605,2609,2612,37,524],"class_list":["post-1394","post","type-post","status-publish","format-standard","has-post-thumbnail","hentry","category-aktuelle-nachrichten","tag-2139bundeskanzler","tag-auseinanderbruch","tag-den","tag-die","tag-entlaesst","tag-erdbeben","tag-finanzminister","tag-koalition","tag-land11-06-2024","tag-politisches","tag-scholz","tag-stellt","tag-und","tag-vor","generate-columns","tablet-grid-50","mobile-grid-100","grid-parent","grid-50"],"yoast_head":"<!-- This site is optimized with the Yoast SEO plugin v27.3 - https:\/\/yoast.com\/product\/yoast-seo-wordpress\/ -->\n<title>Politisches Erdbeben im Land11.06.2024 21:39Bundeskanzler Scholz entl\u00e4sst den Finanzminister und stellt die Koalition vor den Auseinanderbruch - Nachrichten - Stra\u00dfenweb<\/title>\n<meta name=\"robots\" content=\"index, follow, max-snippet:-1, max-image-preview:large, max-video-preview:-1\" \/>\n<link rel=\"canonical\" href=\"https:\/\/www.strassenweb.de\/nachrichten\/politisches-erdbeben-im-land11-06-2024-2139bundeskanzler-scholz-entlaesst-den-finanzminister-und-stellt-die-koalition-vor-den-auseinanderbruch\/\" \/>\n<meta property=\"og:locale\" content=\"de_DE\" \/>\n<meta property=\"og:type\" content=\"article\" \/>\n<meta property=\"og:title\" content=\"Politisches Erdbeben im Land11.06.2024 21:39Bundeskanzler Scholz entl\u00e4sst den Finanzminister und stellt die Koalition vor den Auseinanderbruch - Nachrichten - Stra\u00dfenweb\" \/>\n<meta property=\"og:description\" content=\"Der deutsche Bundeskanzler, der Sozialdemokrat Olaf Scholz, hat an diesem Mittwoch seinen Finanzminister, den liberalen F\u00fchrer Christian Lindner, entlassen, nachdem er vorgeschlagen hatte, angesichts der\" \/>\n<meta property=\"og:url\" content=\"https:\/\/www.strassenweb.de\/nachrichten\/politisches-erdbeben-im-land11-06-2024-2139bundeskanzler-scholz-entlaesst-den-finanzminister-und-stellt-die-koalition-vor-den-auseinanderbruch\/\" \/>\n<meta property=\"og:site_name\" content=\"Stra\u00dfenweb\" \/>\n<meta property=\"article:publisher\" content=\"https:\/\/www.facebook.com\/strassenweb\/\" \/>\n<meta property=\"article:published_time\" content=\"2024-11-06T20:40:43+00:00\" \/>\n<meta property=\"article:modified_time\" content=\"2024-11-06T20:40:44+00:00\" \/>\n<meta property=\"og:image\" content=\"https:\/\/www.strassenweb.de\/nachrichten\/wp-content\/uploads\/2024\/11\/Politisches-Erdbeben-im-Land11062024-2139Bundeskanzler-Scholz-entlaesst-den-Finanzminister-und.jpg\" \/>\n\t<meta property=\"og:image:width\" content=\"1280\" \/>\n\t<meta property=\"og:image:height\" content=\"720\" \/>\n\t<meta property=\"og:image:type\" content=\"image\/jpeg\" \/>\n<meta name=\"author\" content=\"Robert Hoffmann\" \/>\n<meta name=\"twitter:card\" content=\"summary_large_image\" \/>\n<meta name=\"twitter:label1\" content=\"Verfasst von\" \/>\n\t<meta name=\"twitter:data1\" content=\"Robert Hoffmann\" \/>\n\t<meta name=\"twitter:label2\" content=\"Gesch\u00e4tzte Lesezeit\" \/>\n\t<meta name=\"twitter:data2\" content=\"1\u00a0Minute\" \/>\n<script type=\"application\/ld+json\" class=\"yoast-schema-graph\">{\"@context\":\"https:\\\/\\\/schema.org\",\"@graph\":[{\"@type\":\"Article\",\"@id\":\"https:\\\/\\\/www.strassenweb.de\\\/nachrichten\\\/politisches-erdbeben-im-land11-06-2024-2139bundeskanzler-scholz-entlaesst-den-finanzminister-und-stellt-die-koalition-vor-den-auseinanderbruch\\\/#article\",\"isPartOf\":{\"@id\":\"https:\\\/\\\/www.strassenweb.de\\\/nachrichten\\\/politisches-erdbeben-im-land11-06-2024-2139bundeskanzler-scholz-entlaesst-den-finanzminister-und-stellt-die-koalition-vor-den-auseinanderbruch\\\/\"},\"author\":{\"name\":\"Robert Hoffmann\",\"@id\":\"https:\\\/\\\/www.strassenweb.de\\\/nachrichten\\\/#\\\/schema\\\/person\\\/87c9c9067f1211da429a744dc5a5aa41\"},\"headline\":\"Politisches Erdbeben im Land11.06.2024 21:39Bundeskanzler Scholz entl\u00e4sst den Finanzminister und stellt die Koalition vor den Auseinanderbruch\",\"datePublished\":\"2024-11-06T20:40:43+00:00\",\"dateModified\":\"2024-11-06T20:40:44+00:00\",\"mainEntityOfPage\":{\"@id\":\"https:\\\/\\\/www.strassenweb.de\\\/nachrichten\\\/politisches-erdbeben-im-land11-06-2024-2139bundeskanzler-scholz-entlaesst-den-finanzminister-und-stellt-die-koalition-vor-den-auseinanderbruch\\\/\"},\"wordCount\":305,\"publisher\":{\"@id\":\"https:\\\/\\\/www.strassenweb.de\\\/nachrichten\\\/#organization\"},\"image\":{\"@id\":\"https:\\\/\\\/www.strassenweb.de\\\/nachrichten\\\/politisches-erdbeben-im-land11-06-2024-2139bundeskanzler-scholz-entlaesst-den-finanzminister-und-stellt-die-koalition-vor-den-auseinanderbruch\\\/#primaryimage\"},\"thumbnailUrl\":\"https:\\\/\\\/www.strassenweb.de\\\/nachrichten\\\/wp-content\\\/uploads\\\/2024\\\/11\\\/Politisches-Erdbeben-im-Land11062024-2139Bundeskanzler-Scholz-entlaesst-den-Finanzminister-und.jpg\",\"keywords\":[\"2139Bundeskanzler\",\"Auseinanderbruch\",\"den\",\"die\",\"entl\u00e4sst\",\"Erdbeben\",\"Finanzminister\",\"Koalition\",\"Land11.06.2024\",\"Politisches\",\"Scholz\",\"stellt\",\"und\",\"vor\"],\"articleSection\":[\"Aktuelle Nachrichten\"],\"inLanguage\":\"de\"},{\"@type\":\"WebPage\",\"@id\":\"https:\\\/\\\/www.strassenweb.de\\\/nachrichten\\\/politisches-erdbeben-im-land11-06-2024-2139bundeskanzler-scholz-entlaesst-den-finanzminister-und-stellt-die-koalition-vor-den-auseinanderbruch\\\/\",\"url\":\"https:\\\/\\\/www.strassenweb.de\\\/nachrichten\\\/politisches-erdbeben-im-land11-06-2024-2139bundeskanzler-scholz-entlaesst-den-finanzminister-und-stellt-die-koalition-vor-den-auseinanderbruch\\\/\",\"name\":\"Politisches Erdbeben im Land11.06.2024 21:39Bundeskanzler Scholz entl\u00e4sst den Finanzminister und stellt die Koalition vor den Auseinanderbruch - Nachrichten - Stra\u00dfenweb\",\"isPartOf\":{\"@id\":\"https:\\\/\\\/www.strassenweb.de\\\/nachrichten\\\/#website\"},\"primaryImageOfPage\":{\"@id\":\"https:\\\/\\\/www.strassenweb.de\\\/nachrichten\\\/politisches-erdbeben-im-land11-06-2024-2139bundeskanzler-scholz-entlaesst-den-finanzminister-und-stellt-die-koalition-vor-den-auseinanderbruch\\\/#primaryimage\"},\"image\":{\"@id\":\"https:\\\/\\\/www.strassenweb.de\\\/nachrichten\\\/politisches-erdbeben-im-land11-06-2024-2139bundeskanzler-scholz-entlaesst-den-finanzminister-und-stellt-die-koalition-vor-den-auseinanderbruch\\\/#primaryimage\"},\"thumbnailUrl\":\"https:\\\/\\\/www.strassenweb.de\\\/nachrichten\\\/wp-content\\\/uploads\\\/2024\\\/11\\\/Politisches-Erdbeben-im-Land11062024-2139Bundeskanzler-Scholz-entlaesst-den-Finanzminister-und.jpg\",\"datePublished\":\"2024-11-06T20:40:43+00:00\",\"dateModified\":\"2024-11-06T20:40:44+00:00\",\"breadcrumb\":{\"@id\":\"https:\\\/\\\/www.strassenweb.de\\\/nachrichten\\\/politisches-erdbeben-im-land11-06-2024-2139bundeskanzler-scholz-entlaesst-den-finanzminister-und-stellt-die-koalition-vor-den-auseinanderbruch\\\/#breadcrumb\"},\"inLanguage\":\"de\",\"potentialAction\":[{\"@type\":\"ReadAction\",\"target\":[\"https:\\\/\\\/www.strassenweb.de\\\/nachrichten\\\/politisches-erdbeben-im-land11-06-2024-2139bundeskanzler-scholz-entlaesst-den-finanzminister-und-stellt-die-koalition-vor-den-auseinanderbruch\\\/\"]}]},{\"@type\":\"ImageObject\",\"inLanguage\":\"de\",\"@id\":\"https:\\\/\\\/www.strassenweb.de\\\/nachrichten\\\/politisches-erdbeben-im-land11-06-2024-2139bundeskanzler-scholz-entlaesst-den-finanzminister-und-stellt-die-koalition-vor-den-auseinanderbruch\\\/#primaryimage\",\"url\":\"https:\\\/\\\/www.strassenweb.de\\\/nachrichten\\\/wp-content\\\/uploads\\\/2024\\\/11\\\/Politisches-Erdbeben-im-Land11062024-2139Bundeskanzler-Scholz-entlaesst-den-Finanzminister-und.jpg\",\"contentUrl\":\"https:\\\/\\\/www.strassenweb.de\\\/nachrichten\\\/wp-content\\\/uploads\\\/2024\\\/11\\\/Politisches-Erdbeben-im-Land11062024-2139Bundeskanzler-Scholz-entlaesst-den-Finanzminister-und.jpg\",\"width\":1280,\"height\":720,\"caption\":\"Politisches Erdbeben im Land11.06.2024 21:39Bundeskanzler Scholz entl\u00e4sst den Finanzminister und stellt die Koalition vor den Auseinanderbruch\"},{\"@type\":\"BreadcrumbList\",\"@id\":\"https:\\\/\\\/www.strassenweb.de\\\/nachrichten\\\/politisches-erdbeben-im-land11-06-2024-2139bundeskanzler-scholz-entlaesst-den-finanzminister-und-stellt-die-koalition-vor-den-auseinanderbruch\\\/#breadcrumb\",\"itemListElement\":[{\"@type\":\"ListItem\",\"position\":1,\"name\":\"Home\",\"item\":\"https:\\\/\\\/www.strassenweb.de\\\/nachrichten\\\/\"},{\"@type\":\"ListItem\",\"position\":2,\"name\":\"Politisches Erdbeben im Land11.06.2024 21:39Bundeskanzler Scholz entl\u00e4sst den Finanzminister und stellt die Koalition vor den Auseinanderbruch\"}]},{\"@type\":\"WebSite\",\"@id\":\"https:\\\/\\\/www.strassenweb.de\\\/nachrichten\\\/#website\",\"url\":\"https:\\\/\\\/www.strassenweb.de\\\/nachrichten\\\/\",\"name\":\"Stra\u00dfenweb\",\"description\":\"Stra\u00dfenverzeichnis f\u00fcr Deutschland\",\"publisher\":{\"@id\":\"https:\\\/\\\/www.strassenweb.de\\\/nachrichten\\\/#organization\"},\"potentialAction\":[{\"@type\":\"SearchAction\",\"target\":{\"@type\":\"EntryPoint\",\"urlTemplate\":\"https:\\\/\\\/www.strassenweb.de\\\/nachrichten\\\/?s={search_term_string}\"},\"query-input\":{\"@type\":\"PropertyValueSpecification\",\"valueRequired\":true,\"valueName\":\"search_term_string\"}}],\"inLanguage\":\"de\"},{\"@type\":\"Organization\",\"@id\":\"https:\\\/\\\/www.strassenweb.de\\\/nachrichten\\\/#organization\",\"name\":\"Stra\u00dfenweb\",\"url\":\"https:\\\/\\\/www.strassenweb.de\\\/nachrichten\\\/\",\"logo\":{\"@type\":\"ImageObject\",\"inLanguage\":\"de\",\"@id\":\"https:\\\/\\\/www.strassenweb.de\\\/nachrichten\\\/#\\\/schema\\\/logo\\\/image\\\/\",\"url\":\"https:\\\/\\\/www.strassenweb.de\\\/nachrichten\\\/wp-content\\\/uploads\\\/2024\\\/09\\\/cropped-favicon.png\",\"contentUrl\":\"https:\\\/\\\/www.strassenweb.de\\\/nachrichten\\\/wp-content\\\/uploads\\\/2024\\\/09\\\/cropped-favicon.png\",\"width\":512,\"height\":512,\"caption\":\"Stra\u00dfenweb\"},\"image\":{\"@id\":\"https:\\\/\\\/www.strassenweb.de\\\/nachrichten\\\/#\\\/schema\\\/logo\\\/image\\\/\"},\"sameAs\":[\"https:\\\/\\\/www.facebook.com\\\/strassenweb\\\/\"]},{\"@type\":\"Person\",\"@id\":\"https:\\\/\\\/www.strassenweb.de\\\/nachrichten\\\/#\\\/schema\\\/person\\\/87c9c9067f1211da429a744dc5a5aa41\",\"name\":\"Robert Hoffmann\",\"image\":{\"@type\":\"ImageObject\",\"inLanguage\":\"de\",\"@id\":\"https:\\\/\\\/www.strassenweb.de\\\/nachrichten\\\/wp-content\\\/uploads\\\/2024\\\/09\\\/strassenweb-150x150.jpg\",\"url\":\"https:\\\/\\\/www.strassenweb.de\\\/nachrichten\\\/wp-content\\\/uploads\\\/2024\\\/09\\\/strassenweb-150x150.jpg\",\"contentUrl\":\"https:\\\/\\\/www.strassenweb.de\\\/nachrichten\\\/wp-content\\\/uploads\\\/2024\\\/09\\\/strassenweb-150x150.jpg\",\"caption\":\"Robert Hoffmann\"},\"description\":\"Ich hei\u00dfe Robert Hoffmann und ich bin ein leidenschaftlicher Verfechter von \u00d6kologie und Biodiversit\u00e4t. Seit meiner Kindheit in den W\u00e4ldern Bayerns f\u00fchle ich mich mit der Natur verbunden und bin entschlossen, sie zu sch\u00fctzen. Heute widme ich mein Leben der Sensibilisierung anderer f\u00fcr die Bedeutung des Umweltschutzes f\u00fcr zuk\u00fcnftige Generationen.\",\"sameAs\":[\"https:\\\/\\\/www.strassenweb.de\\\/\"]}]}<\/script>\n<!-- \/ Yoast SEO plugin. -->","yoast_head_json":{"title":"Politisches Erdbeben im Land11.06.2024 21:39Bundeskanzler Scholz entl\u00e4sst den Finanzminister und stellt die Koalition vor den Auseinanderbruch - Nachrichten - Stra\u00dfenweb","robots":{"index":"index","follow":"follow","max-snippet":"max-snippet:-1","max-image-preview":"max-image-preview:large","max-video-preview":"max-video-preview:-1"},"canonical":"https:\/\/www.strassenweb.de\/nachrichten\/politisches-erdbeben-im-land11-06-2024-2139bundeskanzler-scholz-entlaesst-den-finanzminister-und-stellt-die-koalition-vor-den-auseinanderbruch\/","og_locale":"de_DE","og_type":"article","og_title":"Politisches Erdbeben im Land11.06.2024 21:39Bundeskanzler Scholz entl\u00e4sst den Finanzminister und stellt die Koalition vor den Auseinanderbruch - Nachrichten - Stra\u00dfenweb","og_description":"Der deutsche Bundeskanzler, der Sozialdemokrat Olaf Scholz, hat an diesem Mittwoch seinen Finanzminister, den liberalen F\u00fchrer Christian Lindner, entlassen, nachdem er vorgeschlagen hatte, angesichts der","og_url":"https:\/\/www.strassenweb.de\/nachrichten\/politisches-erdbeben-im-land11-06-2024-2139bundeskanzler-scholz-entlaesst-den-finanzminister-und-stellt-die-koalition-vor-den-auseinanderbruch\/","og_site_name":"Stra\u00dfenweb","article_publisher":"https:\/\/www.facebook.com\/strassenweb\/","article_published_time":"2024-11-06T20:40:43+00:00","article_modified_time":"2024-11-06T20:40:44+00:00","og_image":[{"width":1280,"height":720,"url":"https:\/\/www.strassenweb.de\/nachrichten\/wp-content\/uploads\/2024\/11\/Politisches-Erdbeben-im-Land11062024-2139Bundeskanzler-Scholz-entlaesst-den-Finanzminister-und.jpg","type":"image\/jpeg"}],"author":"Robert Hoffmann","twitter_card":"summary_large_image","twitter_misc":{"Verfasst von":"Robert Hoffmann","Gesch\u00e4tzte Lesezeit":"1\u00a0Minute"},"schema":{"@context":"https:\/\/schema.org","@graph":[{"@type":"Article","@id":"https:\/\/www.strassenweb.de\/nachrichten\/politisches-erdbeben-im-land11-06-2024-2139bundeskanzler-scholz-entlaesst-den-finanzminister-und-stellt-die-koalition-vor-den-auseinanderbruch\/#article","isPartOf":{"@id":"https:\/\/www.strassenweb.de\/nachrichten\/politisches-erdbeben-im-land11-06-2024-2139bundeskanzler-scholz-entlaesst-den-finanzminister-und-stellt-die-koalition-vor-den-auseinanderbruch\/"},"author":{"name":"Robert Hoffmann","@id":"https:\/\/www.strassenweb.de\/nachrichten\/#\/schema\/person\/87c9c9067f1211da429a744dc5a5aa41"},"headline":"Politisches Erdbeben im Land11.06.2024 21:39Bundeskanzler Scholz entl\u00e4sst den Finanzminister und stellt die Koalition vor den Auseinanderbruch","datePublished":"2024-11-06T20:40:43+00:00","dateModified":"2024-11-06T20:40:44+00:00","mainEntityOfPage":{"@id":"https:\/\/www.strassenweb.de\/nachrichten\/politisches-erdbeben-im-land11-06-2024-2139bundeskanzler-scholz-entlaesst-den-finanzminister-und-stellt-die-koalition-vor-den-auseinanderbruch\/"},"wordCount":305,"publisher":{"@id":"https:\/\/www.strassenweb.de\/nachrichten\/#organization"},"image":{"@id":"https:\/\/www.strassenweb.de\/nachrichten\/politisches-erdbeben-im-land11-06-2024-2139bundeskanzler-scholz-entlaesst-den-finanzminister-und-stellt-die-koalition-vor-den-auseinanderbruch\/#primaryimage"},"thumbnailUrl":"https:\/\/www.strassenweb.de\/nachrichten\/wp-content\/uploads\/2024\/11\/Politisches-Erdbeben-im-Land11062024-2139Bundeskanzler-Scholz-entlaesst-den-Finanzminister-und.jpg","keywords":["2139Bundeskanzler","Auseinanderbruch","den","die","entl\u00e4sst","Erdbeben","Finanzminister","Koalition","Land11.06.2024","Politisches","Scholz","stellt","und","vor"],"articleSection":["Aktuelle Nachrichten"],"inLanguage":"de"},{"@type":"WebPage","@id":"https:\/\/www.strassenweb.de\/nachrichten\/politisches-erdbeben-im-land11-06-2024-2139bundeskanzler-scholz-entlaesst-den-finanzminister-und-stellt-die-koalition-vor-den-auseinanderbruch\/","url":"https:\/\/www.strassenweb.de\/nachrichten\/politisches-erdbeben-im-land11-06-2024-2139bundeskanzler-scholz-entlaesst-den-finanzminister-und-stellt-die-koalition-vor-den-auseinanderbruch\/","name":"Politisches Erdbeben im Land11.06.2024 21:39Bundeskanzler Scholz entl\u00e4sst den Finanzminister und stellt die Koalition vor den Auseinanderbruch - Nachrichten - Stra\u00dfenweb","isPartOf":{"@id":"https:\/\/www.strassenweb.de\/nachrichten\/#website"},"primaryImageOfPage":{"@id":"https:\/\/www.strassenweb.de\/nachrichten\/politisches-erdbeben-im-land11-06-2024-2139bundeskanzler-scholz-entlaesst-den-finanzminister-und-stellt-die-koalition-vor-den-auseinanderbruch\/#primaryimage"},"image":{"@id":"https:\/\/www.strassenweb.de\/nachrichten\/politisches-erdbeben-im-land11-06-2024-2139bundeskanzler-scholz-entlaesst-den-finanzminister-und-stellt-die-koalition-vor-den-auseinanderbruch\/#primaryimage"},"thumbnailUrl":"https:\/\/www.strassenweb.de\/nachrichten\/wp-content\/uploads\/2024\/11\/Politisches-Erdbeben-im-Land11062024-2139Bundeskanzler-Scholz-entlaesst-den-Finanzminister-und.jpg","datePublished":"2024-11-06T20:40:43+00:00","dateModified":"2024-11-06T20:40:44+00:00","breadcrumb":{"@id":"https:\/\/www.strassenweb.de\/nachrichten\/politisches-erdbeben-im-land11-06-2024-2139bundeskanzler-scholz-entlaesst-den-finanzminister-und-stellt-die-koalition-vor-den-auseinanderbruch\/#breadcrumb"},"inLanguage":"de","potentialAction":[{"@type":"ReadAction","target":["https:\/\/www.strassenweb.de\/nachrichten\/politisches-erdbeben-im-land11-06-2024-2139bundeskanzler-scholz-entlaesst-den-finanzminister-und-stellt-die-koalition-vor-den-auseinanderbruch\/"]}]},{"@type":"ImageObject","inLanguage":"de","@id":"https:\/\/www.strassenweb.de\/nachrichten\/politisches-erdbeben-im-land11-06-2024-2139bundeskanzler-scholz-entlaesst-den-finanzminister-und-stellt-die-koalition-vor-den-auseinanderbruch\/#primaryimage","url":"https:\/\/www.strassenweb.de\/nachrichten\/wp-content\/uploads\/2024\/11\/Politisches-Erdbeben-im-Land11062024-2139Bundeskanzler-Scholz-entlaesst-den-Finanzminister-und.jpg","contentUrl":"https:\/\/www.strassenweb.de\/nachrichten\/wp-content\/uploads\/2024\/11\/Politisches-Erdbeben-im-Land11062024-2139Bundeskanzler-Scholz-entlaesst-den-Finanzminister-und.jpg","width":1280,"height":720,"caption":"Politisches Erdbeben im Land11.06.2024 21:39Bundeskanzler Scholz entl\u00e4sst den Finanzminister und stellt die Koalition vor den Auseinanderbruch"},{"@type":"BreadcrumbList","@id":"https:\/\/www.strassenweb.de\/nachrichten\/politisches-erdbeben-im-land11-06-2024-2139bundeskanzler-scholz-entlaesst-den-finanzminister-und-stellt-die-koalition-vor-den-auseinanderbruch\/#breadcrumb","itemListElement":[{"@type":"ListItem","position":1,"name":"Home","item":"https:\/\/www.strassenweb.de\/nachrichten\/"},{"@type":"ListItem","position":2,"name":"Politisches Erdbeben im Land11.06.2024 21:39Bundeskanzler Scholz entl\u00e4sst den Finanzminister und stellt die Koalition vor den Auseinanderbruch"}]},{"@type":"WebSite","@id":"https:\/\/www.strassenweb.de\/nachrichten\/#website","url":"https:\/\/www.strassenweb.de\/nachrichten\/","name":"Stra\u00dfenweb","description":"Stra\u00dfenverzeichnis f\u00fcr Deutschland","publisher":{"@id":"https:\/\/www.strassenweb.de\/nachrichten\/#organization"},"potentialAction":[{"@type":"SearchAction","target":{"@type":"EntryPoint","urlTemplate":"https:\/\/www.strassenweb.de\/nachrichten\/?s={search_term_string}"},"query-input":{"@type":"PropertyValueSpecification","valueRequired":true,"valueName":"search_term_string"}}],"inLanguage":"de"},{"@type":"Organization","@id":"https:\/\/www.strassenweb.de\/nachrichten\/#organization","name":"Stra\u00dfenweb","url":"https:\/\/www.strassenweb.de\/nachrichten\/","logo":{"@type":"ImageObject","inLanguage":"de","@id":"https:\/\/www.strassenweb.de\/nachrichten\/#\/schema\/logo\/image\/","url":"https:\/\/www.strassenweb.de\/nachrichten\/wp-content\/uploads\/2024\/09\/cropped-favicon.png","contentUrl":"https:\/\/www.strassenweb.de\/nachrichten\/wp-content\/uploads\/2024\/09\/cropped-favicon.png","width":512,"height":512,"caption":"Stra\u00dfenweb"},"image":{"@id":"https:\/\/www.strassenweb.de\/nachrichten\/#\/schema\/logo\/image\/"},"sameAs":["https:\/\/www.facebook.com\/strassenweb\/"]},{"@type":"Person","@id":"https:\/\/www.strassenweb.de\/nachrichten\/#\/schema\/person\/87c9c9067f1211da429a744dc5a5aa41","name":"Robert Hoffmann","image":{"@type":"ImageObject","inLanguage":"de","@id":"https:\/\/www.strassenweb.de\/nachrichten\/wp-content\/uploads\/2024\/09\/strassenweb-150x150.jpg","url":"https:\/\/www.strassenweb.de\/nachrichten\/wp-content\/uploads\/2024\/09\/strassenweb-150x150.jpg","contentUrl":"https:\/\/www.strassenweb.de\/nachrichten\/wp-content\/uploads\/2024\/09\/strassenweb-150x150.jpg","caption":"Robert Hoffmann"},"description":"Ich hei\u00dfe Robert Hoffmann und ich bin ein leidenschaftlicher Verfechter von \u00d6kologie und Biodiversit\u00e4t. Seit meiner Kindheit in den W\u00e4ldern Bayerns f\u00fchle ich mich mit der Natur verbunden und bin entschlossen, sie zu sch\u00fctzen. Heute widme ich mein Leben der Sensibilisierung anderer f\u00fcr die Bedeutung des Umweltschutzes f\u00fcr zuk\u00fcnftige Generationen.","sameAs":["https:\/\/www.strassenweb.de\/"]}]}},"_links":{"self":[{"href":"https:\/\/www.strassenweb.de\/nachrichten\/wp-json\/wp\/v2\/posts\/1394","targetHints":{"allow":["GET"]}}],"collection":[{"href":"https:\/\/www.strassenweb.de\/nachrichten\/wp-json\/wp\/v2\/posts"}],"about":[{"href":"https:\/\/www.strassenweb.de\/nachrichten\/wp-json\/wp\/v2\/types\/post"}],"author":[{"embeddable":true,"href":"https:\/\/www.strassenweb.de\/nachrichten\/wp-json\/wp\/v2\/users\/1"}],"replies":[{"embeddable":true,"href":"https:\/\/www.strassenweb.de\/nachrichten\/wp-json\/wp\/v2\/comments?post=1394"}],"version-history":[{"count":0,"href":"https:\/\/www.strassenweb.de\/nachrichten\/wp-json\/wp\/v2\/posts\/1394\/revisions"}],"wp:featuredmedia":[{"embeddable":true,"href":"https:\/\/www.strassenweb.de\/nachrichten\/wp-json\/wp\/v2\/media\/1395"}],"wp:attachment":[{"href":"https:\/\/www.strassenweb.de\/nachrichten\/wp-json\/wp\/v2\/media?parent=1394"}],"wp:term":[{"taxonomy":"category","embeddable":true,"href":"https:\/\/www.strassenweb.de\/nachrichten\/wp-json\/wp\/v2\/categories?post=1394"},{"taxonomy":"post_tag","embeddable":true,"href":"https:\/\/www.strassenweb.de\/nachrichten\/wp-json\/wp\/v2\/tags?post=1394"}],"curies":[{"name":"wp","href":"https:\/\/api.w.org\/{rel}","templated":true}]}}