{"id":1367,"date":"2024-11-05T18:41:52","date_gmt":"2024-11-05T17:41:52","guid":{"rendered":"https:\/\/www.strassenweb.de\/nachrichten\/gibt-es-fuer-lila-im-jahr-2025-ein-comeback-designer-und-farbexperten-aeussern-sich-zu-diesem-spaltenden-und-nostalgischen-farbton\/"},"modified":"2024-11-05T18:41:53","modified_gmt":"2024-11-05T17:41:53","slug":"gibt-es-fuer-lila-im-jahr-2025-ein-comeback-designer-und-farbexperten-aeussern-sich-zu-diesem-spaltenden-und-nostalgischen-farbton","status":"publish","type":"post","link":"https:\/\/www.strassenweb.de\/nachrichten\/gibt-es-fuer-lila-im-jahr-2025-ein-comeback-designer-und-farbexperten-aeussern-sich-zu-diesem-spaltenden-und-nostalgischen-farbton\/","title":{"rendered":"Gibt es f\u00fcr Lila im Jahr 2025 ein Comeback? Designer und Farbexperten \u00e4u\u00dfern sich zu diesem spaltenden und nostalgischen Farbton"},"content":{"rendered":"<p><\/p>\n<div id=\"article-body\" class=\"article__body \">\n<p>W\u00e4hrend Farbtrends kommen und gehen, ist Lila eine der umstrittenen Farben, die wir schon lange nicht mehr als gro\u00dfen Farbtrend gesehen haben. Lila wird oft mit den 90er- und fr\u00fchen 2000er-Jahren in Verbindung gebracht und ist eine auff\u00e4llige Farbe, die nostalgisch wirkt und bei der Verwendung in der Inneneinrichtung Gefahr l\u00e4uft, veraltet zu wirken.<\/p>\n<div id=\"ad-unit-1\" class=\"ad-unit\"><\/div>\n<p>Diese einst vertretene Ansicht beginnt sich jedoch zu \u00e4ndern. W\u00e4hrend wir uns dem Jahr 2025 n\u00e4hern, setzen sich Designer f\u00fcr die Dekoration mit Lila ein, und es k\u00f6nnte sich dabei um den unerwarteten Farbtrend handeln, \u00fcber den Sie Bescheid wissen m\u00fcssen.<\/p>\n<aside class=\"hawk-nest\" data-block-type=\"embed\" data-render-type=\"fte\" data-skip=\"dealsy\" data-widget-type=\"seasonal\">\n<div class=\"hawk-master-widget-hawk-base-wrapper\"><\/div>\n<\/aside>\n<p>Hier sprechen wir mit Designern und Farbexperten \u00fcber diesen aufkommenden Farbtrend, die die Vorteile lilafarbener Raumideen erl\u00e4utern \u2013 ob die tiefsten Violettt\u00f6ne oder viel sanftere Fliedert\u00f6ne.<\/p>\n<div id=\"desktop-in-article\" class=\"in-article ad-unit\">\n<div id=\"desktop-taboola-mid-article\"><\/div>\n<\/div>\n<div id=\"mobile-in-article\" class=\"in-article ad-unit\">\n<div id=\"mobile-taboola-mid-article\"><\/div>\n<\/div>\n<h3 class=\"article-body__section\" id=\"section-is-purple-making-a-comeback\"><span>Macht Lila ein Comeback? <\/span><\/h3>\n<p>Lila d\u00fcrfte im Jahr 2025 fest auf der Karte stehen. Dieser unerwartete, gewagte Farbton taucht in den Ank\u00fcndigungen begehrter Farben des Jahres zur Farbe des Jahres auf, was bedeutet, dass es vielleicht endlich an der Zeit ist, diese einst veraltete Farbe noch einmal zu \u00fcberdenken.<\/p>\n<div class=\"van_vid_carousel\">\n<div class=\"van_vid_carousel__padding\">\n<div class=\"van_vid_carousel__container\"><\/div>\n<\/div>\n<\/div>\n<p>Von Benjamin Moores mit Spannung erwartetem Cinnamon Slate, einem braun-violetten Hybrid, bis hin zu Gliddens Purple Basil, einer viel kr\u00e4ftigeren, tiefvioletten Farbe; Lila ist eines, das Sie f\u00fcr das kommende Jahr auf Ihrem Radar haben sollten.<\/p>\n<div id=\"ad-unit-2\" class=\"ad-unit\"><\/div>\n<p>\u201eWas polarisierende Farben angeht, ist Lila einer der umstrittensten Farbt\u00f6ne in der Farbpalette des Dekorateurs\u201c, sagt Helen Shaw, Marketingleiterin (International) bei Benjamin Moore. \u201eEs bietet jedoch eine breite Palette dynamischer Farbt\u00f6ne, von tiefem Maulbeerrot bis hin zu zarten cremefarbenen Veilchen, die bei kluger Anwendung transformativ sein k\u00f6nnen.\u201c<\/p>\n<figure class=\"van-image-figure inline-layout \" data-bordeaux-image-check>\n<div class=\"image-full-width-wrapper\">\n<div class=\"image-widthsetter\" style=\"max-width:2000px;\"><\/div>\n<\/div><figcaption class=\"inline-layout \">\n<div class=\"caption-text\">\n<p>Benjamin Moores Farbe des Jahres 2025: Cinnamon Slate<\/p>\n<\/div>\n<\/figcaption><\/figure>\n<p>F\u00fcr den Innenarchitekten Swati Goorha geht es beim Wiederaufleben von Lila darum, seine beruhigenden und vertrauten Qualit\u00e4ten in moderne H\u00e4user zu bringen und ein willkommenes Gef\u00fchl der Ruhe inmitten lebhafterer Farbtrends zu vermitteln:<\/p>\n<p>\u201eDas Wiederaufleben von Lila als zentraler Farbtrend f\u00fcr 2025 spiegelt eine Mischung aus Nostalgie und Moderne wider.\u201c Lila wird traditionell mit Kreativit\u00e4t, Spiritualit\u00e4t und Luxus in Verbindung gebracht und ruft ein Gef\u00fchl der Ruhe und Selbstbeobachtung hervor, was es in der heutigen schnelllebigen Welt besonders attraktiv macht.<\/p>\n<p>\u201eIch kann mir vorstellen, dass wir verschiedene Lilat\u00f6ne \u2013 Lavendel, tiefes Violett und zartes Lila \u2013 in die Innenarchitektur integrieren werden. In der Inneneinrichtung k\u00f6nnen hellere Lilat\u00f6ne ruhige R\u00e4ume schaffen, die zum Entspannen einladen, w\u00e4hrend tiefere T\u00f6ne einen Hauch von Dramatik und Raffinesse verleihen k\u00f6nnen. Erwarten Sie Lila in Textilien, Akzentw\u00e4nden und sogar M\u00f6beln.<\/p>\n<p>\u201eDas Wiederaufleben von Lila kann die Sehnsucht nach Kreativit\u00e4t und emotionaler Verbindung symbolisieren und macht es zu einer starken Wahl im Jahr 2025.\u201c<\/p>\n<h3 class=\"article-body__section\" id=\"section-what-are-the-benefits-of-decorating-with-purple\"><span>Welche Vorteile bietet die Dekoration mit Lila? <\/span><\/h3>\n<p>\u201eLila war schon immer eine Farbe der Tiefe und des Mysteriums, und mit seinem Wiederaufleben im Jahr 2025 zeugt dieser Farbton von einem gesellschaftlichen Wandel hin zu Selbstbeobachtung, W\u00e4rme und Verbundenheit\u201c, erkl\u00e4rt Erica McLain, Gr\u00fcnderin von McLain by Design Interiors. \u201eBeim Design rufen Farben psychologische Reaktionen hervor, die tiefgreifende Auswirkungen auf unser Wohlbefinden haben, und diese erdigen, nostalgischen Lilat\u00f6ne \u2013 Rosine, Burgund, Brombeere und Lavendel \u2013 sind bereit, R\u00e4ume zu schaffen, die uns n\u00e4hren und erheben.\u201c<\/p>\n<p>\u201eIn der Farbtheorie symbolisiert Lila Luxus, Weisheit und Ruhe.\u201c Seine verschiedenen Farbt\u00f6ne wirken entweder beruhigend oder anregend und machen ihn vielseitig f\u00fcr verschiedene R\u00e4ume und Funktionen im Zuhause. Tiefe Violettt\u00f6ne wie Brombeere oder Rosine erzeugen eine erdende Wirkung, w\u00e4hrend hellere T\u00f6ne wie Lavendel f\u00fcr Ruhe und Ausgeglichenheit sorgen\u201c, f\u00fcgt Erica hinzu.<\/p>\n<figure class=\"van-image-figure inline-layout \" data-bordeaux-image-check>\n<div class=\"image-full-width-wrapper\">\n<div class=\"image-widthsetter\" style=\"max-width:2000px;\"><\/div>\n<\/div>\n<\/figure>\n<p>Zus\u00e4tzlich zu seinen psychologischen Vorteilen gilt Lila als vielseitige Farbe, die gut zu vielen Einrichtungsstilen passt.<\/p>\n<p>\u201eDer perfekte Farbtupfer Lila funktioniert in fast jeder Umgebung, die ich mir vorstellen kann\u201c, f\u00fcgt Innenarchitektin Nadia Watts hinzu. \u201eLila hat eine leichte Eleganz, es ist kraftvoll und verspielt zugleich.\u201c Mauve bringt Nostalgie, Anmut und Sentimentalit\u00e4t mit sich; Violett bietet Frieden und Wohlstand, w\u00e4hrend Ultraviolett Geheimnis und Transformation heraufbeschw\u00f6rt. Es gibt nicht nur ein Lila f\u00fcr jede Palette, es gibt auch ein Lila f\u00fcr jede Stimmung.\u201c<\/p>\n<p>Und obwohl Lila eher als k\u00fchle Farbe angesehen wird, l\u00e4sst es sich tats\u00e4chlich sowohl auf k\u00fchle als auch auf warme Farbschemata \u00fcbertragen: \u201eMir gef\u00e4llt an der Farbe Lila am besten, dass sie sich je nach konkreter Situation tats\u00e4chlich als warm oder k\u00fchl lesen l\u00e4sst.\u201c \u201eSchatten und was dazu passt\u201c, sagt Designerin Kathy Kuo.<\/p>\n<h3 class=\"article-body__section\" id=\"section-which-shades-of-purple-are-we-going-to-see-more-of\"><span>Von welchen Lilat\u00f6nen werden wir mehr sehen?<\/span><\/h3>\n<p>Da es im Reich der Farbe Lila so viel Abwechslung gibt, gibt es viele Farbt\u00f6ne, die am besten zu Ihrem Raum passen. Egal, ob Sie tiefes und stimmungsvolles Lila oder viel hellere, weichere Versionen bevorzugen, Designer gehen davon aus, dass im n\u00e4chsten Jahr verschiedene Lila-T\u00f6ne im Mittelpunkt stehen werden.<\/p>\n<figure class=\"van-image-figure inline-layout \" data-bordeaux-image-check>\n<div class=\"image-full-width-wrapper\">\n<div class=\"image-widthsetter\" style=\"max-width:2000px;\"><\/div>\n<\/div>\n<\/figure>\n<p>\u201eLila ist vielseitig \u2013 seine verschiedenen Farbt\u00f6ne, von Lavendel bis hin zu tiefem Pflaumenblau, rufen ein Gef\u00fchl von Ruhe und Tiefe hervor\u201c, erkl\u00e4rt Donna Mondi von Donna Mondi Interior Design, die sich in diesem lila Schlafzimmer f\u00fcr ein hellviolettes Design entschieden hat.<\/p>\n<p>\u201eBei einem aktuellen Schlafzimmerprojekt habe ich sanfte, ged\u00e4mpfte T\u00f6ne verwendet, um eine erholsame, intime Umgebung zu schaffen\u201c, f\u00fcgt der Designer hinzu. \u201eLila kann sowohl als sanfter Akzent als auch als markanter Blickfang fungieren.\u201c<\/p>\n<p>Da hellviolette Farben so sanft sind, k\u00f6nnen sie eine tolle Alternative zum Dekorieren mit neutralen Farben sein, da sie f\u00fcr mehr Interesse und Tiefe sorgen und gleichzeitig eine beruhigende Atmosph\u00e4re bewahren:<\/p>\n<p>\u201eBlassere Pigmente verleihen einem Raum eine frische, verspielte Atmosph\u00e4re\u201c, sagt Helen Shaw. \u201eSie bieten eine gro\u00dfartige Alternative zu herk\u00f6mmlichen Neutralt\u00f6nen, da der Unterton einen Hauch von W\u00e4rme verleiht, der beruhigt und dennoch einen Hauch von Energie bietet.\u201c<\/p>\n<figure class=\"van-image-figure inline-layout \" data-bordeaux-image-check>\n<div class=\"image-full-width-wrapper\">\n<div class=\"image-widthsetter\" style=\"max-width:2000px;\"><\/div>\n<\/div>\n<\/figure>\n<p>Alternativ sind dunklere und kr\u00e4ftigere Lilat\u00f6ne eine gro\u00dfartige M\u00f6glichkeit, dem Zuhause Dramatik zu verleihen, insbesondere wenn sie mutig mit farbintensiven Ideen kombiniert werden.<\/p>\n<p>\u201eWenn man einen tiefen, satten Farbton mit Farbe durchtr\u00e4nkt, entsteht sofort ein einzigartiges Gef\u00fchl von Erhabenheit und Luxus, das mit keiner anderen Farbe zu reproduzieren ist\u201c, f\u00fcgt Helen hinzu. \u201eDie Verwendung der dunkelsten Farbt\u00f6ne vom Boden bis zur Decke l\u00e4sst das Auge glauben, der Raum sei gr\u00f6\u00dfer, w\u00e4hrend viel nat\u00fcrliches Licht zeigt, wie dynamisch die Farbe sein kann.\u201c<\/p>\n<p>Aber es geht nicht nur um Farbideen, das Dekorieren mit Lila kann genauso effektiv sein, wenn es als Dekoration verwendet wird. \u201eTiefere Farbt\u00f6ne wie Pflaume und Aubergine k\u00f6nnen in Teppichen ein starkes Statement setzen, insbesondere in kr\u00e4ftigen Mustern oder als satte, solide Hintergr\u00fcnde\u201c, schl\u00e4gt Donna Mondi vor. \u201eDiese Teppiche verleihen einem Raum Tiefe und Raffinesse und lassen den Boden selbst zum Mittelpunkt werden.\u201c Sie funktionieren wunderbar in modernen und vielseitigen R\u00e4umen und erden den Raum.\u201c<\/p>\n<p>F\u00fcr einen verspielteren Look greifen Sie zu kr\u00e4ftigen Lilat\u00f6nen, die irgendwo zwischen hell und dunkel liegen \u2013 eine weitere trendige M\u00f6glichkeit, diesen Farbtrend fortzusetzen. Diese Farbt\u00f6ne k\u00f6nnen eine gro\u00dfartige M\u00f6glichkeit sein, einen farbenfrohen Mittelpunkt im Zuhause zu schaffen, schl\u00e4gt Helen Shaw vor:<\/p>\n<p>\u201eF\u00fcr einen weniger ernsten und verspielteren Ansatz eignen sich hellere Mittelt\u00f6ne, deren Verwendung schwieriger sein kann, perfekt f\u00fcr die Hervorhebung architektonischer Details wie Treppen oder Architrave.\u201c Wenn Sie noch einen Schritt weiter gehen, k\u00f6nnen Sie sie mit einem pikanten Komplement\u00e4rton kombinieren. \u201eDiese Farbkombination eignet sich perfekt f\u00fcr die Gestaltung kleiner R\u00e4ume oder f\u00fcr die Gestaltung eines Blickfangs wie einem B\u00fccherregal oder einem M\u00f6belst\u00fcck.\u201c<\/p>\n<div class=\"product-container hero-product-container product-block-no-wrap\"><\/div>\n<hr>\n<p>Ganz gleich, ob Sie bereits mit diesem kr\u00e4ftigen Farbtrend einverstanden sind und bereit sind, die W\u00e4nde in einem kr\u00e4ftigen Lila-Ton zu streichen, oder einen neutralen Look beibehalten und dem Dekor kleine violette Akzente hinzuf\u00fcgen m\u00f6chten, Sie k\u00f6nnen sicher sein, dass das Dekorieren mit Lila in Mode ist f\u00fcr das kommende Jahr.<\/p>\n<\/div>\n","protected":false},"excerpt":{"rendered":"<p>W\u00e4hrend Farbtrends kommen und gehen, ist Lila eine der umstrittenen Farben, die wir schon lange nicht mehr als gro\u00dfen Farbtrend gesehen haben. Lila wird oft<\/p>\n","protected":false},"author":1,"featured_media":1368,"comment_status":"closed","ping_status":"","sticky":false,"template":"","format":"standard","meta":{"footnotes":""},"categories":[118],"tags":[2561,2187,216,32,43,1801,210,55,53,384,2560,2563,142,2562,37],"class_list":["post-1367","post","type-post","status-publish","format-standard","has-post-thumbnail","hentry","category-haus-garten","tag-aeussern","tag-comeback","tag-designer","tag-diesem","tag-ein","tag-farbexperten","tag-farbton","tag-fuer","tag-gibt","tag-jahr","tag-lila","tag-nostalgischen","tag-sich","tag-spaltenden","tag-und","generate-columns","tablet-grid-50","mobile-grid-100","grid-parent","grid-50"],"yoast_head":"<!-- This site is optimized with the Yoast SEO plugin v27.3 - https:\/\/yoast.com\/product\/yoast-seo-wordpress\/ -->\n<title>Gibt es f\u00fcr Lila im Jahr 2025 ein Comeback? Designer und Farbexperten \u00e4u\u00dfern sich zu diesem spaltenden und nostalgischen Farbton - Nachrichten - Stra\u00dfenweb<\/title>\n<meta name=\"robots\" content=\"index, follow, max-snippet:-1, max-image-preview:large, max-video-preview:-1\" \/>\n<link rel=\"canonical\" href=\"https:\/\/www.strassenweb.de\/nachrichten\/gibt-es-fuer-lila-im-jahr-2025-ein-comeback-designer-und-farbexperten-aeussern-sich-zu-diesem-spaltenden-und-nostalgischen-farbton\/\" \/>\n<meta property=\"og:locale\" content=\"de_DE\" \/>\n<meta property=\"og:type\" content=\"article\" \/>\n<meta property=\"og:title\" content=\"Gibt es f\u00fcr Lila im Jahr 2025 ein Comeback? Designer und Farbexperten \u00e4u\u00dfern sich zu diesem spaltenden und nostalgischen Farbton - Nachrichten - Stra\u00dfenweb\" \/>\n<meta property=\"og:description\" content=\"W\u00e4hrend Farbtrends kommen und gehen, ist Lila eine der umstrittenen Farben, die wir schon lange nicht mehr als gro\u00dfen Farbtrend gesehen haben. Lila wird oft\" \/>\n<meta property=\"og:url\" content=\"https:\/\/www.strassenweb.de\/nachrichten\/gibt-es-fuer-lila-im-jahr-2025-ein-comeback-designer-und-farbexperten-aeussern-sich-zu-diesem-spaltenden-und-nostalgischen-farbton\/\" \/>\n<meta property=\"og:site_name\" content=\"Stra\u00dfenweb\" \/>\n<meta property=\"article:publisher\" content=\"https:\/\/www.facebook.com\/strassenweb\/\" \/>\n<meta property=\"article:published_time\" content=\"2024-11-05T17:41:52+00:00\" \/>\n<meta property=\"article:modified_time\" content=\"2024-11-05T17:41:53+00:00\" \/>\n<meta property=\"og:image\" content=\"https:\/\/www.strassenweb.de\/nachrichten\/wp-content\/uploads\/2024\/11\/Gibt-es-fuer-Lila-im-Jahr-2025-ein-Comeback-Designer.jpg\" \/>\n\t<meta property=\"og:image:width\" content=\"1200\" \/>\n\t<meta property=\"og:image:height\" content=\"675\" \/>\n\t<meta property=\"og:image:type\" content=\"image\/jpeg\" \/>\n<meta name=\"author\" content=\"Robert Hoffmann\" \/>\n<meta name=\"twitter:card\" content=\"summary_large_image\" \/>\n<meta name=\"twitter:label1\" content=\"Verfasst von\" \/>\n\t<meta name=\"twitter:data1\" content=\"Robert Hoffmann\" \/>\n\t<meta name=\"twitter:label2\" content=\"Gesch\u00e4tzte Lesezeit\" \/>\n\t<meta name=\"twitter:data2\" content=\"7\u00a0Minuten\" \/>\n<script type=\"application\/ld+json\" class=\"yoast-schema-graph\">{\"@context\":\"https:\\\/\\\/schema.org\",\"@graph\":[{\"@type\":\"Article\",\"@id\":\"https:\\\/\\\/www.strassenweb.de\\\/nachrichten\\\/gibt-es-fuer-lila-im-jahr-2025-ein-comeback-designer-und-farbexperten-aeussern-sich-zu-diesem-spaltenden-und-nostalgischen-farbton\\\/#article\",\"isPartOf\":{\"@id\":\"https:\\\/\\\/www.strassenweb.de\\\/nachrichten\\\/gibt-es-fuer-lila-im-jahr-2025-ein-comeback-designer-und-farbexperten-aeussern-sich-zu-diesem-spaltenden-und-nostalgischen-farbton\\\/\"},\"author\":{\"name\":\"Robert Hoffmann\",\"@id\":\"https:\\\/\\\/www.strassenweb.de\\\/nachrichten\\\/#\\\/schema\\\/person\\\/87c9c9067f1211da429a744dc5a5aa41\"},\"headline\":\"Gibt es f\u00fcr Lila im Jahr 2025 ein Comeback? Designer und Farbexperten \u00e4u\u00dfern sich zu diesem spaltenden und nostalgischen Farbton\",\"datePublished\":\"2024-11-05T17:41:52+00:00\",\"dateModified\":\"2024-11-05T17:41:53+00:00\",\"mainEntityOfPage\":{\"@id\":\"https:\\\/\\\/www.strassenweb.de\\\/nachrichten\\\/gibt-es-fuer-lila-im-jahr-2025-ein-comeback-designer-und-farbexperten-aeussern-sich-zu-diesem-spaltenden-und-nostalgischen-farbton\\\/\"},\"wordCount\":1337,\"publisher\":{\"@id\":\"https:\\\/\\\/www.strassenweb.de\\\/nachrichten\\\/#organization\"},\"image\":{\"@id\":\"https:\\\/\\\/www.strassenweb.de\\\/nachrichten\\\/gibt-es-fuer-lila-im-jahr-2025-ein-comeback-designer-und-farbexperten-aeussern-sich-zu-diesem-spaltenden-und-nostalgischen-farbton\\\/#primaryimage\"},\"thumbnailUrl\":\"https:\\\/\\\/www.strassenweb.de\\\/nachrichten\\\/wp-content\\\/uploads\\\/2024\\\/11\\\/Gibt-es-fuer-Lila-im-Jahr-2025-ein-Comeback-Designer.jpg\",\"keywords\":[\"\u00e4u\u00dfern\",\"Comeback\",\"Designer\",\"diesem\",\"ein\",\"Farbexperten\",\"Farbton\",\"f\u00fcr\",\"gibt\",\"Jahr\",\"Lila\",\"nostalgischen\",\"sich\",\"spaltenden\",\"und\"],\"articleSection\":[\"Haus &amp; Garten\"],\"inLanguage\":\"de\"},{\"@type\":\"WebPage\",\"@id\":\"https:\\\/\\\/www.strassenweb.de\\\/nachrichten\\\/gibt-es-fuer-lila-im-jahr-2025-ein-comeback-designer-und-farbexperten-aeussern-sich-zu-diesem-spaltenden-und-nostalgischen-farbton\\\/\",\"url\":\"https:\\\/\\\/www.strassenweb.de\\\/nachrichten\\\/gibt-es-fuer-lila-im-jahr-2025-ein-comeback-designer-und-farbexperten-aeussern-sich-zu-diesem-spaltenden-und-nostalgischen-farbton\\\/\",\"name\":\"Gibt es f\u00fcr Lila im Jahr 2025 ein Comeback? Designer und Farbexperten \u00e4u\u00dfern sich zu diesem spaltenden und nostalgischen Farbton - Nachrichten - Stra\u00dfenweb\",\"isPartOf\":{\"@id\":\"https:\\\/\\\/www.strassenweb.de\\\/nachrichten\\\/#website\"},\"primaryImageOfPage\":{\"@id\":\"https:\\\/\\\/www.strassenweb.de\\\/nachrichten\\\/gibt-es-fuer-lila-im-jahr-2025-ein-comeback-designer-und-farbexperten-aeussern-sich-zu-diesem-spaltenden-und-nostalgischen-farbton\\\/#primaryimage\"},\"image\":{\"@id\":\"https:\\\/\\\/www.strassenweb.de\\\/nachrichten\\\/gibt-es-fuer-lila-im-jahr-2025-ein-comeback-designer-und-farbexperten-aeussern-sich-zu-diesem-spaltenden-und-nostalgischen-farbton\\\/#primaryimage\"},\"thumbnailUrl\":\"https:\\\/\\\/www.strassenweb.de\\\/nachrichten\\\/wp-content\\\/uploads\\\/2024\\\/11\\\/Gibt-es-fuer-Lila-im-Jahr-2025-ein-Comeback-Designer.jpg\",\"datePublished\":\"2024-11-05T17:41:52+00:00\",\"dateModified\":\"2024-11-05T17:41:53+00:00\",\"breadcrumb\":{\"@id\":\"https:\\\/\\\/www.strassenweb.de\\\/nachrichten\\\/gibt-es-fuer-lila-im-jahr-2025-ein-comeback-designer-und-farbexperten-aeussern-sich-zu-diesem-spaltenden-und-nostalgischen-farbton\\\/#breadcrumb\"},\"inLanguage\":\"de\",\"potentialAction\":[{\"@type\":\"ReadAction\",\"target\":[\"https:\\\/\\\/www.strassenweb.de\\\/nachrichten\\\/gibt-es-fuer-lila-im-jahr-2025-ein-comeback-designer-und-farbexperten-aeussern-sich-zu-diesem-spaltenden-und-nostalgischen-farbton\\\/\"]}]},{\"@type\":\"ImageObject\",\"inLanguage\":\"de\",\"@id\":\"https:\\\/\\\/www.strassenweb.de\\\/nachrichten\\\/gibt-es-fuer-lila-im-jahr-2025-ein-comeback-designer-und-farbexperten-aeussern-sich-zu-diesem-spaltenden-und-nostalgischen-farbton\\\/#primaryimage\",\"url\":\"https:\\\/\\\/www.strassenweb.de\\\/nachrichten\\\/wp-content\\\/uploads\\\/2024\\\/11\\\/Gibt-es-fuer-Lila-im-Jahr-2025-ein-Comeback-Designer.jpg\",\"contentUrl\":\"https:\\\/\\\/www.strassenweb.de\\\/nachrichten\\\/wp-content\\\/uploads\\\/2024\\\/11\\\/Gibt-es-fuer-Lila-im-Jahr-2025-ein-Comeback-Designer.jpg\",\"width\":1200,\"height\":675,\"caption\":\"Gibt es f\u00fcr Lila im Jahr 2025 ein Comeback? Designer und Farbexperten \u00e4u\u00dfern sich zu diesem spaltenden und nostalgischen Farbton\"},{\"@type\":\"BreadcrumbList\",\"@id\":\"https:\\\/\\\/www.strassenweb.de\\\/nachrichten\\\/gibt-es-fuer-lila-im-jahr-2025-ein-comeback-designer-und-farbexperten-aeussern-sich-zu-diesem-spaltenden-und-nostalgischen-farbton\\\/#breadcrumb\",\"itemListElement\":[{\"@type\":\"ListItem\",\"position\":1,\"name\":\"Home\",\"item\":\"https:\\\/\\\/www.strassenweb.de\\\/nachrichten\\\/\"},{\"@type\":\"ListItem\",\"position\":2,\"name\":\"Gibt es f\u00fcr Lila im Jahr 2025 ein Comeback? Designer und Farbexperten \u00e4u\u00dfern sich zu diesem spaltenden und nostalgischen Farbton\"}]},{\"@type\":\"WebSite\",\"@id\":\"https:\\\/\\\/www.strassenweb.de\\\/nachrichten\\\/#website\",\"url\":\"https:\\\/\\\/www.strassenweb.de\\\/nachrichten\\\/\",\"name\":\"Stra\u00dfenweb\",\"description\":\"Stra\u00dfenverzeichnis f\u00fcr Deutschland\",\"publisher\":{\"@id\":\"https:\\\/\\\/www.strassenweb.de\\\/nachrichten\\\/#organization\"},\"potentialAction\":[{\"@type\":\"SearchAction\",\"target\":{\"@type\":\"EntryPoint\",\"urlTemplate\":\"https:\\\/\\\/www.strassenweb.de\\\/nachrichten\\\/?s={search_term_string}\"},\"query-input\":{\"@type\":\"PropertyValueSpecification\",\"valueRequired\":true,\"valueName\":\"search_term_string\"}}],\"inLanguage\":\"de\"},{\"@type\":\"Organization\",\"@id\":\"https:\\\/\\\/www.strassenweb.de\\\/nachrichten\\\/#organization\",\"name\":\"Stra\u00dfenweb\",\"url\":\"https:\\\/\\\/www.strassenweb.de\\\/nachrichten\\\/\",\"logo\":{\"@type\":\"ImageObject\",\"inLanguage\":\"de\",\"@id\":\"https:\\\/\\\/www.strassenweb.de\\\/nachrichten\\\/#\\\/schema\\\/logo\\\/image\\\/\",\"url\":\"https:\\\/\\\/www.strassenweb.de\\\/nachrichten\\\/wp-content\\\/uploads\\\/2024\\\/09\\\/cropped-favicon.png\",\"contentUrl\":\"https:\\\/\\\/www.strassenweb.de\\\/nachrichten\\\/wp-content\\\/uploads\\\/2024\\\/09\\\/cropped-favicon.png\",\"width\":512,\"height\":512,\"caption\":\"Stra\u00dfenweb\"},\"image\":{\"@id\":\"https:\\\/\\\/www.strassenweb.de\\\/nachrichten\\\/#\\\/schema\\\/logo\\\/image\\\/\"},\"sameAs\":[\"https:\\\/\\\/www.facebook.com\\\/strassenweb\\\/\"]},{\"@type\":\"Person\",\"@id\":\"https:\\\/\\\/www.strassenweb.de\\\/nachrichten\\\/#\\\/schema\\\/person\\\/87c9c9067f1211da429a744dc5a5aa41\",\"name\":\"Robert Hoffmann\",\"image\":{\"@type\":\"ImageObject\",\"inLanguage\":\"de\",\"@id\":\"https:\\\/\\\/www.strassenweb.de\\\/nachrichten\\\/wp-content\\\/uploads\\\/2024\\\/09\\\/strassenweb-150x150.jpg\",\"url\":\"https:\\\/\\\/www.strassenweb.de\\\/nachrichten\\\/wp-content\\\/uploads\\\/2024\\\/09\\\/strassenweb-150x150.jpg\",\"contentUrl\":\"https:\\\/\\\/www.strassenweb.de\\\/nachrichten\\\/wp-content\\\/uploads\\\/2024\\\/09\\\/strassenweb-150x150.jpg\",\"caption\":\"Robert Hoffmann\"},\"description\":\"Ich hei\u00dfe Robert Hoffmann und ich bin ein leidenschaftlicher Verfechter von \u00d6kologie und Biodiversit\u00e4t. Seit meiner Kindheit in den W\u00e4ldern Bayerns f\u00fchle ich mich mit der Natur verbunden und bin entschlossen, sie zu sch\u00fctzen. Heute widme ich mein Leben der Sensibilisierung anderer f\u00fcr die Bedeutung des Umweltschutzes f\u00fcr zuk\u00fcnftige Generationen.\",\"sameAs\":[\"https:\\\/\\\/www.strassenweb.de\\\/\"]}]}<\/script>\n<!-- \/ Yoast SEO plugin. -->","yoast_head_json":{"title":"Gibt es f\u00fcr Lila im Jahr 2025 ein Comeback? Designer und Farbexperten \u00e4u\u00dfern sich zu diesem spaltenden und nostalgischen Farbton - Nachrichten - Stra\u00dfenweb","robots":{"index":"index","follow":"follow","max-snippet":"max-snippet:-1","max-image-preview":"max-image-preview:large","max-video-preview":"max-video-preview:-1"},"canonical":"https:\/\/www.strassenweb.de\/nachrichten\/gibt-es-fuer-lila-im-jahr-2025-ein-comeback-designer-und-farbexperten-aeussern-sich-zu-diesem-spaltenden-und-nostalgischen-farbton\/","og_locale":"de_DE","og_type":"article","og_title":"Gibt es f\u00fcr Lila im Jahr 2025 ein Comeback? Designer und Farbexperten \u00e4u\u00dfern sich zu diesem spaltenden und nostalgischen Farbton - Nachrichten - Stra\u00dfenweb","og_description":"W\u00e4hrend Farbtrends kommen und gehen, ist Lila eine der umstrittenen Farben, die wir schon lange nicht mehr als gro\u00dfen Farbtrend gesehen haben. Lila wird oft","og_url":"https:\/\/www.strassenweb.de\/nachrichten\/gibt-es-fuer-lila-im-jahr-2025-ein-comeback-designer-und-farbexperten-aeussern-sich-zu-diesem-spaltenden-und-nostalgischen-farbton\/","og_site_name":"Stra\u00dfenweb","article_publisher":"https:\/\/www.facebook.com\/strassenweb\/","article_published_time":"2024-11-05T17:41:52+00:00","article_modified_time":"2024-11-05T17:41:53+00:00","og_image":[{"width":1200,"height":675,"url":"https:\/\/www.strassenweb.de\/nachrichten\/wp-content\/uploads\/2024\/11\/Gibt-es-fuer-Lila-im-Jahr-2025-ein-Comeback-Designer.jpg","type":"image\/jpeg"}],"author":"Robert Hoffmann","twitter_card":"summary_large_image","twitter_misc":{"Verfasst von":"Robert Hoffmann","Gesch\u00e4tzte Lesezeit":"7\u00a0Minuten"},"schema":{"@context":"https:\/\/schema.org","@graph":[{"@type":"Article","@id":"https:\/\/www.strassenweb.de\/nachrichten\/gibt-es-fuer-lila-im-jahr-2025-ein-comeback-designer-und-farbexperten-aeussern-sich-zu-diesem-spaltenden-und-nostalgischen-farbton\/#article","isPartOf":{"@id":"https:\/\/www.strassenweb.de\/nachrichten\/gibt-es-fuer-lila-im-jahr-2025-ein-comeback-designer-und-farbexperten-aeussern-sich-zu-diesem-spaltenden-und-nostalgischen-farbton\/"},"author":{"name":"Robert Hoffmann","@id":"https:\/\/www.strassenweb.de\/nachrichten\/#\/schema\/person\/87c9c9067f1211da429a744dc5a5aa41"},"headline":"Gibt es f\u00fcr Lila im Jahr 2025 ein Comeback? Designer und Farbexperten \u00e4u\u00dfern sich zu diesem spaltenden und nostalgischen Farbton","datePublished":"2024-11-05T17:41:52+00:00","dateModified":"2024-11-05T17:41:53+00:00","mainEntityOfPage":{"@id":"https:\/\/www.strassenweb.de\/nachrichten\/gibt-es-fuer-lila-im-jahr-2025-ein-comeback-designer-und-farbexperten-aeussern-sich-zu-diesem-spaltenden-und-nostalgischen-farbton\/"},"wordCount":1337,"publisher":{"@id":"https:\/\/www.strassenweb.de\/nachrichten\/#organization"},"image":{"@id":"https:\/\/www.strassenweb.de\/nachrichten\/gibt-es-fuer-lila-im-jahr-2025-ein-comeback-designer-und-farbexperten-aeussern-sich-zu-diesem-spaltenden-und-nostalgischen-farbton\/#primaryimage"},"thumbnailUrl":"https:\/\/www.strassenweb.de\/nachrichten\/wp-content\/uploads\/2024\/11\/Gibt-es-fuer-Lila-im-Jahr-2025-ein-Comeback-Designer.jpg","keywords":["\u00e4u\u00dfern","Comeback","Designer","diesem","ein","Farbexperten","Farbton","f\u00fcr","gibt","Jahr","Lila","nostalgischen","sich","spaltenden","und"],"articleSection":["Haus &amp; Garten"],"inLanguage":"de"},{"@type":"WebPage","@id":"https:\/\/www.strassenweb.de\/nachrichten\/gibt-es-fuer-lila-im-jahr-2025-ein-comeback-designer-und-farbexperten-aeussern-sich-zu-diesem-spaltenden-und-nostalgischen-farbton\/","url":"https:\/\/www.strassenweb.de\/nachrichten\/gibt-es-fuer-lila-im-jahr-2025-ein-comeback-designer-und-farbexperten-aeussern-sich-zu-diesem-spaltenden-und-nostalgischen-farbton\/","name":"Gibt es f\u00fcr Lila im Jahr 2025 ein Comeback? Designer und Farbexperten \u00e4u\u00dfern sich zu diesem spaltenden und nostalgischen Farbton - Nachrichten - Stra\u00dfenweb","isPartOf":{"@id":"https:\/\/www.strassenweb.de\/nachrichten\/#website"},"primaryImageOfPage":{"@id":"https:\/\/www.strassenweb.de\/nachrichten\/gibt-es-fuer-lila-im-jahr-2025-ein-comeback-designer-und-farbexperten-aeussern-sich-zu-diesem-spaltenden-und-nostalgischen-farbton\/#primaryimage"},"image":{"@id":"https:\/\/www.strassenweb.de\/nachrichten\/gibt-es-fuer-lila-im-jahr-2025-ein-comeback-designer-und-farbexperten-aeussern-sich-zu-diesem-spaltenden-und-nostalgischen-farbton\/#primaryimage"},"thumbnailUrl":"https:\/\/www.strassenweb.de\/nachrichten\/wp-content\/uploads\/2024\/11\/Gibt-es-fuer-Lila-im-Jahr-2025-ein-Comeback-Designer.jpg","datePublished":"2024-11-05T17:41:52+00:00","dateModified":"2024-11-05T17:41:53+00:00","breadcrumb":{"@id":"https:\/\/www.strassenweb.de\/nachrichten\/gibt-es-fuer-lila-im-jahr-2025-ein-comeback-designer-und-farbexperten-aeussern-sich-zu-diesem-spaltenden-und-nostalgischen-farbton\/#breadcrumb"},"inLanguage":"de","potentialAction":[{"@type":"ReadAction","target":["https:\/\/www.strassenweb.de\/nachrichten\/gibt-es-fuer-lila-im-jahr-2025-ein-comeback-designer-und-farbexperten-aeussern-sich-zu-diesem-spaltenden-und-nostalgischen-farbton\/"]}]},{"@type":"ImageObject","inLanguage":"de","@id":"https:\/\/www.strassenweb.de\/nachrichten\/gibt-es-fuer-lila-im-jahr-2025-ein-comeback-designer-und-farbexperten-aeussern-sich-zu-diesem-spaltenden-und-nostalgischen-farbton\/#primaryimage","url":"https:\/\/www.strassenweb.de\/nachrichten\/wp-content\/uploads\/2024\/11\/Gibt-es-fuer-Lila-im-Jahr-2025-ein-Comeback-Designer.jpg","contentUrl":"https:\/\/www.strassenweb.de\/nachrichten\/wp-content\/uploads\/2024\/11\/Gibt-es-fuer-Lila-im-Jahr-2025-ein-Comeback-Designer.jpg","width":1200,"height":675,"caption":"Gibt es f\u00fcr Lila im Jahr 2025 ein Comeback? Designer und Farbexperten \u00e4u\u00dfern sich zu diesem spaltenden und nostalgischen Farbton"},{"@type":"BreadcrumbList","@id":"https:\/\/www.strassenweb.de\/nachrichten\/gibt-es-fuer-lila-im-jahr-2025-ein-comeback-designer-und-farbexperten-aeussern-sich-zu-diesem-spaltenden-und-nostalgischen-farbton\/#breadcrumb","itemListElement":[{"@type":"ListItem","position":1,"name":"Home","item":"https:\/\/www.strassenweb.de\/nachrichten\/"},{"@type":"ListItem","position":2,"name":"Gibt es f\u00fcr Lila im Jahr 2025 ein Comeback? Designer und Farbexperten \u00e4u\u00dfern sich zu diesem spaltenden und nostalgischen Farbton"}]},{"@type":"WebSite","@id":"https:\/\/www.strassenweb.de\/nachrichten\/#website","url":"https:\/\/www.strassenweb.de\/nachrichten\/","name":"Stra\u00dfenweb","description":"Stra\u00dfenverzeichnis f\u00fcr Deutschland","publisher":{"@id":"https:\/\/www.strassenweb.de\/nachrichten\/#organization"},"potentialAction":[{"@type":"SearchAction","target":{"@type":"EntryPoint","urlTemplate":"https:\/\/www.strassenweb.de\/nachrichten\/?s={search_term_string}"},"query-input":{"@type":"PropertyValueSpecification","valueRequired":true,"valueName":"search_term_string"}}],"inLanguage":"de"},{"@type":"Organization","@id":"https:\/\/www.strassenweb.de\/nachrichten\/#organization","name":"Stra\u00dfenweb","url":"https:\/\/www.strassenweb.de\/nachrichten\/","logo":{"@type":"ImageObject","inLanguage":"de","@id":"https:\/\/www.strassenweb.de\/nachrichten\/#\/schema\/logo\/image\/","url":"https:\/\/www.strassenweb.de\/nachrichten\/wp-content\/uploads\/2024\/09\/cropped-favicon.png","contentUrl":"https:\/\/www.strassenweb.de\/nachrichten\/wp-content\/uploads\/2024\/09\/cropped-favicon.png","width":512,"height":512,"caption":"Stra\u00dfenweb"},"image":{"@id":"https:\/\/www.strassenweb.de\/nachrichten\/#\/schema\/logo\/image\/"},"sameAs":["https:\/\/www.facebook.com\/strassenweb\/"]},{"@type":"Person","@id":"https:\/\/www.strassenweb.de\/nachrichten\/#\/schema\/person\/87c9c9067f1211da429a744dc5a5aa41","name":"Robert Hoffmann","image":{"@type":"ImageObject","inLanguage":"de","@id":"https:\/\/www.strassenweb.de\/nachrichten\/wp-content\/uploads\/2024\/09\/strassenweb-150x150.jpg","url":"https:\/\/www.strassenweb.de\/nachrichten\/wp-content\/uploads\/2024\/09\/strassenweb-150x150.jpg","contentUrl":"https:\/\/www.strassenweb.de\/nachrichten\/wp-content\/uploads\/2024\/09\/strassenweb-150x150.jpg","caption":"Robert Hoffmann"},"description":"Ich hei\u00dfe Robert Hoffmann und ich bin ein leidenschaftlicher Verfechter von \u00d6kologie und Biodiversit\u00e4t. Seit meiner Kindheit in den W\u00e4ldern Bayerns f\u00fchle ich mich mit der Natur verbunden und bin entschlossen, sie zu sch\u00fctzen. Heute widme ich mein Leben der Sensibilisierung anderer f\u00fcr die Bedeutung des Umweltschutzes f\u00fcr zuk\u00fcnftige Generationen.","sameAs":["https:\/\/www.strassenweb.de\/"]}]}},"_links":{"self":[{"href":"https:\/\/www.strassenweb.de\/nachrichten\/wp-json\/wp\/v2\/posts\/1367","targetHints":{"allow":["GET"]}}],"collection":[{"href":"https:\/\/www.strassenweb.de\/nachrichten\/wp-json\/wp\/v2\/posts"}],"about":[{"href":"https:\/\/www.strassenweb.de\/nachrichten\/wp-json\/wp\/v2\/types\/post"}],"author":[{"embeddable":true,"href":"https:\/\/www.strassenweb.de\/nachrichten\/wp-json\/wp\/v2\/users\/1"}],"replies":[{"embeddable":true,"href":"https:\/\/www.strassenweb.de\/nachrichten\/wp-json\/wp\/v2\/comments?post=1367"}],"version-history":[{"count":0,"href":"https:\/\/www.strassenweb.de\/nachrichten\/wp-json\/wp\/v2\/posts\/1367\/revisions"}],"wp:featuredmedia":[{"embeddable":true,"href":"https:\/\/www.strassenweb.de\/nachrichten\/wp-json\/wp\/v2\/media\/1368"}],"wp:attachment":[{"href":"https:\/\/www.strassenweb.de\/nachrichten\/wp-json\/wp\/v2\/media?parent=1367"}],"wp:term":[{"taxonomy":"category","embeddable":true,"href":"https:\/\/www.strassenweb.de\/nachrichten\/wp-json\/wp\/v2\/categories?post=1367"},{"taxonomy":"post_tag","embeddable":true,"href":"https:\/\/www.strassenweb.de\/nachrichten\/wp-json\/wp\/v2\/tags?post=1367"}],"curies":[{"name":"wp","href":"https:\/\/api.w.org\/{rel}","templated":true}]}}