{"id":1349,"date":"2024-11-04T22:15:51","date_gmt":"2024-11-04T21:15:51","guid":{"rendered":"https:\/\/www.strassenweb.de\/nachrichten\/alle-sagten-mir-ich-solle-mich-bei-meinem-umbau-fuer-diese-praktische-kuechenbeleuchtung-entscheiden-hier-erfahren-sie-warum-ich-es-bereue-und-was-ich-stattdessen-tun-wuerde\/"},"modified":"2024-11-04T22:15:52","modified_gmt":"2024-11-04T21:15:52","slug":"alle-sagten-mir-ich-solle-mich-bei-meinem-umbau-fuer-diese-praktische-kuechenbeleuchtung-entscheiden-hier-erfahren-sie-warum-ich-es-bereue-und-was-ich-stattdessen-tun-wuerde","status":"publish","type":"post","link":"https:\/\/www.strassenweb.de\/nachrichten\/alle-sagten-mir-ich-solle-mich-bei-meinem-umbau-fuer-diese-praktische-kuechenbeleuchtung-entscheiden-hier-erfahren-sie-warum-ich-es-bereue-und-was-ich-stattdessen-tun-wuerde\/","title":{"rendered":"Alle sagten mir, ich solle mich bei meinem Umbau f\u00fcr diese praktische K\u00fcchenbeleuchtung entscheiden \u2013 hier erfahren Sie, warum ich es bereue und was ich stattdessen tun w\u00fcrde"},"content":{"rendered":"<p><\/p>\n<div id=\"article-body\" class=\"article__body \">\n<p>Wenn Sie umbauen, wird die K\u00fcche oft zu Ihrem Abgesang. Als sogenanntes Herzst\u00fcck des Hauses ist es wirklich das <em>St\u00fcck Widerstand<\/em> einer Renovierung. Nat\u00fcrlich m\u00f6chten Sie es genau richtig machen.<\/p>\n<div id=\"ad-unit-1\" class=\"ad-unit\"><\/div>\n<p>Obwohl meine K\u00fcche noch nicht ganz fertig ist (ich habe eine lange Liste an Malerarbeiten zu erledigen), habe ich auf dieser langsamen Renovierungsreise festgestellt, dass bei der Renovierung der K\u00fcche ein paar Fehler gemacht wurden, die ich jetzt bereue.<\/p>\n<p>Der Umbau oder die Modernisierung einer K\u00fcche erfordert unz\u00e4hlige Entscheidungen, und die Beleuchtung ist eine der wichtigsten. Aus diesem Grund denke ich, dass diese praktische und beliebte Idee f\u00fcr die K\u00fcchenbeleuchtung eigentlich ein schlechter Schachzug war \u2013 und was ich stattdessen getan h\u00e4tte.<\/p>\n<div id=\"desktop-in-article\" class=\"in-article ad-unit\">\n<div id=\"desktop-taboola-mid-article\"><\/div>\n<\/div>\n<div id=\"mobile-in-article\" class=\"in-article ad-unit\">\n<div id=\"mobile-taboola-mid-article\"><\/div>\n<\/div>\n<figure class=\"van-image-figure inline-layout \" data-bordeaux-image-check>\n<div class=\"image-full-width-wrapper\">\n<div class=\"image-widthsetter\" style=\"max-width:2400px;\"><\/div>\n<\/div>\n<\/figure>\n<p>R\u00fcckblick ist eine wunderbare Sache; Aber als ich anfing, die K\u00fcche zu planen, war es f\u00fcr mich ein Anf\u00e4ngerfehler, die Beleuchtung nur im Nachhinein zu ber\u00fccksichtigen.<\/p>\n<div class=\"van_vid_carousel\">\n<div class=\"van_vid_carousel__padding\">\n<div class=\"van_vid_carousel__container\"><\/div>\n<\/div>\n<\/div>\n<aside class=\"hawk-nest\" data-block-type=\"embed\" data-render-type=\"fte\" data-skip=\"dealsy\" data-widget-type=\"seasonal\">\n<div class=\"hawk-master-widget-hawk-base-wrapper\"><\/div>\n<\/aside>\n<p>Als ich in Innenr\u00e4umen arbeitete, verstand ich nat\u00fcrlich, dass ich Lichtschichten mit alternativen Lichtquellen erzeugen musste. Also habe ich Scones anbringen lassen, die auf beiden Seiten des Herdes stehen, und eine Pendelleuchte \u00fcber unserer Fr\u00fchst\u00fccksecke h\u00e4ngen lassen. Und das waren beides gro\u00dfartige Entscheidungen.<\/p>\n<div id=\"ad-unit-2\" class=\"ad-unit\"><\/div>\n<p>Der einzige Fehler, den ich bei der K\u00fcchenbeleuchtung gemacht habe, sind die zehn in die Decke eingelassenen Strahler.<\/p>\n<figure class=\"van-image-figure inline-layout \" data-bordeaux-image-check>\n<div class=\"image-full-width-wrapper\">\n<div class=\"image-widthsetter\" style=\"max-width:2000px;\"><\/div>\n<\/div>\n<\/figure>\n<p>Normalerweise als \u201eDosenleuchten\u201c bezeichnet, hat sich mein Elektriker die Freiheit genommen, an einem Tag, an dem ich kein WFBS (von der Baustelle aus arbeitend) war, Reihen dieser Einbau-Downlights in unserer K\u00fcche zu installieren.<\/p>\n<p>Sicher, sie hatten ein paar gute Gr\u00fcnde. Erstens: Unsere K\u00fcche profitiert nicht von viel nat\u00fcrlichem Licht. Wir haben ein Velux-Fenster einbauen lassen und haben ziemlich gro\u00dfe Fenster, die jedoch nur an einer Seite der K\u00fcche verlaufen, sodass k\u00fcnstliche Hilfe erforderlich war.<\/p>\n<p>Und \u00e4hnlich wie die gem\u00fctliche K\u00fcche im Haus der Textildesignerin Cathy Nordstr\u00f6m (siehe oben) ist auch die kleine K\u00fcche in meinem viktorianischen Haus knapp an Platz und hat niedrige Decken (niedriger als die von Cathy), sodass wir in der Auswahl ziemlich eingeschr\u00e4nkt waren.<\/p>\n<figure class=\"van-image-figure inline-layout \" data-bordeaux-image-check>\n<div class=\"image-full-width-wrapper\">\n<div class=\"image-widthsetter\" style=\"max-width:2000px;\"><\/div>\n<\/div>\n<\/figure>\n<p>Diese kleinen, modernen Leuchten werden oft f\u00fcr ihr klares Design und ihre F\u00e4higkeit, schattenfreies Licht in einem Raum zu spenden, gelobt. Auch wenn ich nicht danach gefragt habe, dachte ich, dass sie f\u00fcr einen so funktionalen Raum eine narrensichere Wahl w\u00e4ren . Aber nachdem ich eine Weile mit ihnen gelebt hatte, begann ich, die Nachteile von Downlights zu bemerken.<\/p>\n<p>Obwohl meine K\u00fcche von verschiedenen Lichtquellen profitiert, wirkt sie manchmal etwas steril und es fehlt ihr die einladende W\u00e4rme, die ich mir vorgestellt habe. Auch wenn es in einem weichen Buttergelb gestrichen ist. Und erst als ich weitere Nachforschungen anstellte, wurde mir klar, wie sehr Scheinwerfer in der Innenarchitektengemeinschaft verhasst sind.<\/p>\n<p>W\u00e4hrend sich die meisten einig sind, dass es daf\u00fcr absolut eine Zeit und einen Ort gibt (haupts\u00e4chlich in R\u00e4umen mit niedriger Decke, wie bei mir), w\u00fcrden viele Innenarchitekten einen anderen und etwas kreativeren Ansatz vorziehen.<\/p>\n<figure class=\"van-image-figure inline-layout \" data-bordeaux-image-check>\n<div class=\"image-full-width-wrapper\">\n<div class=\"image-widthsetter\" style=\"max-width:2000px;\"><\/div>\n<\/div>\n<\/figure>\n<p>Wie die Innenarchitektin Emily Henderson in einem Blogbeitrag erkl\u00e4rte: \u201eDesigner m\u00f6gen keine generischen Baumaterialien, daher gibt es ein gewisses Ma\u00df an Snobismus gegen\u00fcber diesen einfachen Einrichtungsgegenst\u00e4nden\u201c, schl\u00e4gt sie vor. \u201eAber ohne sie, vor allem in bestimmten R\u00e4umen zu bestimmten Jahreszeiten, herrscht oft Frustration, wenn man einfach nichts sieht.\u201c<\/p>\n<p>\u201eDeshalb bin ich ein Ja zu Einbauleuchten in der K\u00fcche, nur um Ihre Kochr\u00e4ume zu beleuchten\u201c, sagt Emily. Diese Arbeitsleuchten sind mehr praktisch als h\u00fcbsch und wurden genau aus diesem Grund entwickelt: um Ihnen zu helfen, Licht auf eine Aufgabe zu werfen. Und das Gitter aus Dosenlichtern in der Mitte meiner Decke wird dieser Aufgabe sozusagen nicht wirklich gerecht.<\/p>\n<figure class=\"van-image-figure inline-layout \" data-bordeaux-image-check>\n<div class=\"image-full-width-wrapper\">\n<div class=\"image-widthsetter\" style=\"max-width:2000px;\"><\/div>\n<\/div>\n<\/figure>\n<p>Wie funktioniert die Einbaubeleuchtung? <em>Und <\/em>F\u00fchlst du dich besser? R\u00fcckblickend gibt es einige M\u00f6glichkeiten, wie ich mit einer ausgewogenen Mischung verschiedener Lichter f\u00fcr unterschiedliche Zwecke und intelligenterem Denken sowohl Atmosph\u00e4re als auch Funktionalit\u00e4t h\u00e4tte erreichen k\u00f6nnen.<\/p>\n<h3 class=\"article-body__section\" id=\"section-1-better-positioning\"><span>1. Bessere Positionierung<\/span><\/h3>\n<p>Erfolgreicher w\u00e4re es gewesen, drei Strahler direkt \u00fcber meinen Arbeitsplatten einzubauen, anstatt wie bisher den Boden zu beleuchten.<\/p>\n<p>Dies h\u00e4tte die Strahler besser in meiner K\u00fcche verteilt und anstatt ein Raster (oder Reihen von Landebahnlichtern) zu erzeugen, w\u00fcrde es stattdessen nur als Arbeitsbeleuchtung in den Bereichen dienen, in denen ich es am meisten ben\u00f6tige, wie dem Herd oder der Sp\u00fcle.<\/p>\n<p>Und vor allem ist eine Kombination von Lichtquellen erforderlich.<\/p>\n<h3 class=\"article-body__section\" id=\"section-2-under-shelf-or-under-cabinet-lights\"><span>2. Unterregal- oder Unterschrankleuchten<\/span><\/h3>\n<p>Wenn ich mehr Zeit h\u00e4tte, w\u00fcrde ich unter den offenen Regalen in meiner K\u00fcche etwas Beleuchtung anbringen, um die Arbeitsplatten zus\u00e4tzlich zu beleuchten.<\/p>\n<p>Wenn Sie Schr\u00e4nke anstelle von Regalen haben, funktioniert dies genauso und sorgt f\u00fcr mehr Helligkeit und Flexibilit\u00e4t, sodass sich die K\u00fcche an verschiedene Aktivit\u00e4ten und Tageszeiten anpassen kann.<\/p>\n<p>Klar, die Wandlampen eignen sich sehr gut, um das Regal zu beleuchten &#8230; aber sie sind nicht wirklich funktionell genug, um mir beim Gem\u00fcseschneiden zu helfen. Es sind also einige LED-Unterschrankleuchten von Amazon bestellt.<\/p>\n<h3 class=\"article-body__section\" id=\"section-3-lampscaping\"><span>3. Lampengestaltung<\/span><\/h3>\n<p>Aber f\u00fcr eine schnellere L\u00f6sung m\u00f6chte ich die Lampengestaltungstechnik einf\u00fchren, indem ich einfach ein paar unerwartete Tischlampen an den Seiten der K\u00fcche und auf der K\u00fccheninsel platziere, um warmes und hilfreiches Licht in die R\u00e4ume zu werfen.<\/p>\n<p>Schlie\u00dflich w\u00fcrde ich auch sicherstellen, dass alle Lichter an einem separaten und vor allem dimmbaren Stromkreis angeschlossen sind. Dieser Ansatz h\u00e4tte es mir erm\u00f6glicht, einen Raum zu schaffen, der sich an unterschiedliche Bed\u00fcrfnisse und Stimmungen anpasst und Praktikabilit\u00e4t mit der W\u00e4rme verbindet, nach der ich mich sehne.<\/p>\n<div class=\"product-container hero-product-container product-block-no-wrap\"><\/div>\n<hr>\n<p>Obwohl sie ihre Vorz\u00fcge haben, k\u00f6nnen Einbauleuchten allein in einer K\u00fcche \u00fcberm\u00e4\u00dfig hell und klinisch wirken, wenn sie nicht mit anderen Lichtquellen kombiniert werden. Wenn Sie eine K\u00fcchenrenovierung in Betracht ziehen, lernen Sie bitte aus meiner Erfahrung und machen Sie sich bei der Auswahl der Beleuchtung Gedanken und achten Sie darauf, dass Sie Optionen w\u00e4hlen, die sowohl Stil als auch Zweckm\u00e4\u00dfigkeit bieten.<\/p>\n<\/div>\n","protected":false},"excerpt":{"rendered":"<p>Wenn Sie umbauen, wird die K\u00fcche oft zu Ihrem Abgesang. Als sogenanntes Herzst\u00fcck des Hauses ist es wirklich das St\u00fcck Widerstand einer Renovierung. Nat\u00fcrlich m\u00f6chten<\/p>\n","protected":false},"author":1,"featured_media":1350,"comment_status":"closed","ping_status":"","sticky":false,"template":"","format":"standard","meta":{"footnotes":""},"categories":[118],"tags":[176,152,2532,143,1889,164,55,163,129,2531,1860,1122,603,2530,2528,165,2529,646,553,1367,37,744,1529],"class_list":["post-1349","post","type-post","status-publish","format-standard","has-post-thumbnail","hentry","category-haus-garten","tag-alle","tag-bei","tag-bereue","tag-diese","tag-entscheiden","tag-erfahren","tag-fuer","tag-hier","tag-ich","tag-kuechenbeleuchtung","tag-meinem","tag-mich","tag-mir","tag-praktische","tag-sagten","tag-sie","tag-solle","tag-stattdessen","tag-tun","tag-umbau","tag-und","tag-warum","tag-wuerde","generate-columns","tablet-grid-50","mobile-grid-100","grid-parent","grid-50"],"yoast_head":"<!-- This site is optimized with the Yoast SEO plugin v27.3 - https:\/\/yoast.com\/product\/yoast-seo-wordpress\/ -->\n<title>Alle sagten mir, ich solle mich bei meinem Umbau f\u00fcr diese praktische K\u00fcchenbeleuchtung entscheiden \u2013 hier erfahren Sie, warum ich es bereue und was ich stattdessen tun w\u00fcrde - Nachrichten - Stra\u00dfenweb<\/title>\n<meta name=\"robots\" content=\"index, follow, max-snippet:-1, max-image-preview:large, max-video-preview:-1\" \/>\n<link rel=\"canonical\" href=\"https:\/\/www.strassenweb.de\/nachrichten\/alle-sagten-mir-ich-solle-mich-bei-meinem-umbau-fuer-diese-praktische-kuechenbeleuchtung-entscheiden-hier-erfahren-sie-warum-ich-es-bereue-und-was-ich-stattdessen-tun-wuerde\/\" \/>\n<meta property=\"og:locale\" content=\"de_DE\" \/>\n<meta property=\"og:type\" content=\"article\" \/>\n<meta property=\"og:title\" content=\"Alle sagten mir, ich solle mich bei meinem Umbau f\u00fcr diese praktische K\u00fcchenbeleuchtung entscheiden \u2013 hier erfahren Sie, warum ich es bereue und was ich stattdessen tun w\u00fcrde - Nachrichten - Stra\u00dfenweb\" \/>\n<meta property=\"og:description\" content=\"Wenn Sie umbauen, wird die K\u00fcche oft zu Ihrem Abgesang. Als sogenanntes Herzst\u00fcck des Hauses ist es wirklich das St\u00fcck Widerstand einer Renovierung. Nat\u00fcrlich m\u00f6chten\" \/>\n<meta property=\"og:url\" content=\"https:\/\/www.strassenweb.de\/nachrichten\/alle-sagten-mir-ich-solle-mich-bei-meinem-umbau-fuer-diese-praktische-kuechenbeleuchtung-entscheiden-hier-erfahren-sie-warum-ich-es-bereue-und-was-ich-stattdessen-tun-wuerde\/\" \/>\n<meta property=\"og:site_name\" content=\"Stra\u00dfenweb\" \/>\n<meta property=\"article:publisher\" content=\"https:\/\/www.facebook.com\/strassenweb\/\" \/>\n<meta property=\"article:published_time\" content=\"2024-11-04T21:15:51+00:00\" \/>\n<meta property=\"article:modified_time\" content=\"2024-11-04T21:15:52+00:00\" \/>\n<meta property=\"og:image\" content=\"https:\/\/www.strassenweb.de\/nachrichten\/wp-content\/uploads\/2024\/11\/Alle-sagten-mir-ich-solle-mich-bei-meinem-Umbau-fuer.jpg\" \/>\n\t<meta property=\"og:image:width\" content=\"1200\" \/>\n\t<meta property=\"og:image:height\" content=\"675\" \/>\n\t<meta property=\"og:image:type\" content=\"image\/jpeg\" \/>\n<meta name=\"author\" content=\"Robert Hoffmann\" \/>\n<meta name=\"twitter:card\" content=\"summary_large_image\" \/>\n<meta name=\"twitter:label1\" content=\"Verfasst von\" \/>\n\t<meta name=\"twitter:data1\" content=\"Robert Hoffmann\" \/>\n\t<meta name=\"twitter:label2\" content=\"Gesch\u00e4tzte Lesezeit\" \/>\n\t<meta name=\"twitter:data2\" content=\"5\u00a0Minuten\" \/>\n<script type=\"application\/ld+json\" class=\"yoast-schema-graph\">{\"@context\":\"https:\\\/\\\/schema.org\",\"@graph\":[{\"@type\":\"Article\",\"@id\":\"https:\\\/\\\/www.strassenweb.de\\\/nachrichten\\\/alle-sagten-mir-ich-solle-mich-bei-meinem-umbau-fuer-diese-praktische-kuechenbeleuchtung-entscheiden-hier-erfahren-sie-warum-ich-es-bereue-und-was-ich-stattdessen-tun-wuerde\\\/#article\",\"isPartOf\":{\"@id\":\"https:\\\/\\\/www.strassenweb.de\\\/nachrichten\\\/alle-sagten-mir-ich-solle-mich-bei-meinem-umbau-fuer-diese-praktische-kuechenbeleuchtung-entscheiden-hier-erfahren-sie-warum-ich-es-bereue-und-was-ich-stattdessen-tun-wuerde\\\/\"},\"author\":{\"name\":\"Robert Hoffmann\",\"@id\":\"https:\\\/\\\/www.strassenweb.de\\\/nachrichten\\\/#\\\/schema\\\/person\\\/87c9c9067f1211da429a744dc5a5aa41\"},\"headline\":\"Alle sagten mir, ich solle mich bei meinem Umbau f\u00fcr diese praktische K\u00fcchenbeleuchtung entscheiden \u2013 hier erfahren Sie, warum ich es bereue und was ich stattdessen tun w\u00fcrde\",\"datePublished\":\"2024-11-04T21:15:51+00:00\",\"dateModified\":\"2024-11-04T21:15:52+00:00\",\"mainEntityOfPage\":{\"@id\":\"https:\\\/\\\/www.strassenweb.de\\\/nachrichten\\\/alle-sagten-mir-ich-solle-mich-bei-meinem-umbau-fuer-diese-praktische-kuechenbeleuchtung-entscheiden-hier-erfahren-sie-warum-ich-es-bereue-und-was-ich-stattdessen-tun-wuerde\\\/\"},\"wordCount\":1038,\"publisher\":{\"@id\":\"https:\\\/\\\/www.strassenweb.de\\\/nachrichten\\\/#organization\"},\"image\":{\"@id\":\"https:\\\/\\\/www.strassenweb.de\\\/nachrichten\\\/alle-sagten-mir-ich-solle-mich-bei-meinem-umbau-fuer-diese-praktische-kuechenbeleuchtung-entscheiden-hier-erfahren-sie-warum-ich-es-bereue-und-was-ich-stattdessen-tun-wuerde\\\/#primaryimage\"},\"thumbnailUrl\":\"https:\\\/\\\/www.strassenweb.de\\\/nachrichten\\\/wp-content\\\/uploads\\\/2024\\\/11\\\/Alle-sagten-mir-ich-solle-mich-bei-meinem-Umbau-fuer.jpg\",\"keywords\":[\"alle\",\"Bei\",\"bereue\",\"diese\",\"entscheiden\",\"erfahren\",\"f\u00fcr\",\"hier\",\"ich\",\"K\u00fcchenbeleuchtung\",\"meinem\",\"mich\",\"mir\",\"praktische\",\"sagten\",\"Sie\",\"solle\",\"stattdessen\",\"tun\",\"Umbau\",\"und\",\"warum\",\"w\u00fcrde\"],\"articleSection\":[\"Haus &amp; Garten\"],\"inLanguage\":\"de\"},{\"@type\":\"WebPage\",\"@id\":\"https:\\\/\\\/www.strassenweb.de\\\/nachrichten\\\/alle-sagten-mir-ich-solle-mich-bei-meinem-umbau-fuer-diese-praktische-kuechenbeleuchtung-entscheiden-hier-erfahren-sie-warum-ich-es-bereue-und-was-ich-stattdessen-tun-wuerde\\\/\",\"url\":\"https:\\\/\\\/www.strassenweb.de\\\/nachrichten\\\/alle-sagten-mir-ich-solle-mich-bei-meinem-umbau-fuer-diese-praktische-kuechenbeleuchtung-entscheiden-hier-erfahren-sie-warum-ich-es-bereue-und-was-ich-stattdessen-tun-wuerde\\\/\",\"name\":\"Alle sagten mir, ich solle mich bei meinem Umbau f\u00fcr diese praktische K\u00fcchenbeleuchtung entscheiden \u2013 hier erfahren Sie, warum ich es bereue und was ich stattdessen tun w\u00fcrde - Nachrichten - Stra\u00dfenweb\",\"isPartOf\":{\"@id\":\"https:\\\/\\\/www.strassenweb.de\\\/nachrichten\\\/#website\"},\"primaryImageOfPage\":{\"@id\":\"https:\\\/\\\/www.strassenweb.de\\\/nachrichten\\\/alle-sagten-mir-ich-solle-mich-bei-meinem-umbau-fuer-diese-praktische-kuechenbeleuchtung-entscheiden-hier-erfahren-sie-warum-ich-es-bereue-und-was-ich-stattdessen-tun-wuerde\\\/#primaryimage\"},\"image\":{\"@id\":\"https:\\\/\\\/www.strassenweb.de\\\/nachrichten\\\/alle-sagten-mir-ich-solle-mich-bei-meinem-umbau-fuer-diese-praktische-kuechenbeleuchtung-entscheiden-hier-erfahren-sie-warum-ich-es-bereue-und-was-ich-stattdessen-tun-wuerde\\\/#primaryimage\"},\"thumbnailUrl\":\"https:\\\/\\\/www.strassenweb.de\\\/nachrichten\\\/wp-content\\\/uploads\\\/2024\\\/11\\\/Alle-sagten-mir-ich-solle-mich-bei-meinem-Umbau-fuer.jpg\",\"datePublished\":\"2024-11-04T21:15:51+00:00\",\"dateModified\":\"2024-11-04T21:15:52+00:00\",\"breadcrumb\":{\"@id\":\"https:\\\/\\\/www.strassenweb.de\\\/nachrichten\\\/alle-sagten-mir-ich-solle-mich-bei-meinem-umbau-fuer-diese-praktische-kuechenbeleuchtung-entscheiden-hier-erfahren-sie-warum-ich-es-bereue-und-was-ich-stattdessen-tun-wuerde\\\/#breadcrumb\"},\"inLanguage\":\"de\",\"potentialAction\":[{\"@type\":\"ReadAction\",\"target\":[\"https:\\\/\\\/www.strassenweb.de\\\/nachrichten\\\/alle-sagten-mir-ich-solle-mich-bei-meinem-umbau-fuer-diese-praktische-kuechenbeleuchtung-entscheiden-hier-erfahren-sie-warum-ich-es-bereue-und-was-ich-stattdessen-tun-wuerde\\\/\"]}]},{\"@type\":\"ImageObject\",\"inLanguage\":\"de\",\"@id\":\"https:\\\/\\\/www.strassenweb.de\\\/nachrichten\\\/alle-sagten-mir-ich-solle-mich-bei-meinem-umbau-fuer-diese-praktische-kuechenbeleuchtung-entscheiden-hier-erfahren-sie-warum-ich-es-bereue-und-was-ich-stattdessen-tun-wuerde\\\/#primaryimage\",\"url\":\"https:\\\/\\\/www.strassenweb.de\\\/nachrichten\\\/wp-content\\\/uploads\\\/2024\\\/11\\\/Alle-sagten-mir-ich-solle-mich-bei-meinem-Umbau-fuer.jpg\",\"contentUrl\":\"https:\\\/\\\/www.strassenweb.de\\\/nachrichten\\\/wp-content\\\/uploads\\\/2024\\\/11\\\/Alle-sagten-mir-ich-solle-mich-bei-meinem-Umbau-fuer.jpg\",\"width\":1200,\"height\":675,\"caption\":\"Alle sagten mir, ich solle mich bei meinem Umbau f\u00fcr diese praktische K\u00fcchenbeleuchtung entscheiden \u2013 hier erfahren Sie, warum ich es bereue und was ich stattdessen tun w\u00fcrde\"},{\"@type\":\"BreadcrumbList\",\"@id\":\"https:\\\/\\\/www.strassenweb.de\\\/nachrichten\\\/alle-sagten-mir-ich-solle-mich-bei-meinem-umbau-fuer-diese-praktische-kuechenbeleuchtung-entscheiden-hier-erfahren-sie-warum-ich-es-bereue-und-was-ich-stattdessen-tun-wuerde\\\/#breadcrumb\",\"itemListElement\":[{\"@type\":\"ListItem\",\"position\":1,\"name\":\"Home\",\"item\":\"https:\\\/\\\/www.strassenweb.de\\\/nachrichten\\\/\"},{\"@type\":\"ListItem\",\"position\":2,\"name\":\"Alle sagten mir, ich solle mich bei meinem Umbau f\u00fcr diese praktische K\u00fcchenbeleuchtung entscheiden \u2013 hier erfahren Sie, warum ich es bereue und was ich stattdessen tun w\u00fcrde\"}]},{\"@type\":\"WebSite\",\"@id\":\"https:\\\/\\\/www.strassenweb.de\\\/nachrichten\\\/#website\",\"url\":\"https:\\\/\\\/www.strassenweb.de\\\/nachrichten\\\/\",\"name\":\"Stra\u00dfenweb\",\"description\":\"Stra\u00dfenverzeichnis f\u00fcr Deutschland\",\"publisher\":{\"@id\":\"https:\\\/\\\/www.strassenweb.de\\\/nachrichten\\\/#organization\"},\"potentialAction\":[{\"@type\":\"SearchAction\",\"target\":{\"@type\":\"EntryPoint\",\"urlTemplate\":\"https:\\\/\\\/www.strassenweb.de\\\/nachrichten\\\/?s={search_term_string}\"},\"query-input\":{\"@type\":\"PropertyValueSpecification\",\"valueRequired\":true,\"valueName\":\"search_term_string\"}}],\"inLanguage\":\"de\"},{\"@type\":\"Organization\",\"@id\":\"https:\\\/\\\/www.strassenweb.de\\\/nachrichten\\\/#organization\",\"name\":\"Stra\u00dfenweb\",\"url\":\"https:\\\/\\\/www.strassenweb.de\\\/nachrichten\\\/\",\"logo\":{\"@type\":\"ImageObject\",\"inLanguage\":\"de\",\"@id\":\"https:\\\/\\\/www.strassenweb.de\\\/nachrichten\\\/#\\\/schema\\\/logo\\\/image\\\/\",\"url\":\"https:\\\/\\\/www.strassenweb.de\\\/nachrichten\\\/wp-content\\\/uploads\\\/2024\\\/09\\\/cropped-favicon.png\",\"contentUrl\":\"https:\\\/\\\/www.strassenweb.de\\\/nachrichten\\\/wp-content\\\/uploads\\\/2024\\\/09\\\/cropped-favicon.png\",\"width\":512,\"height\":512,\"caption\":\"Stra\u00dfenweb\"},\"image\":{\"@id\":\"https:\\\/\\\/www.strassenweb.de\\\/nachrichten\\\/#\\\/schema\\\/logo\\\/image\\\/\"},\"sameAs\":[\"https:\\\/\\\/www.facebook.com\\\/strassenweb\\\/\"]},{\"@type\":\"Person\",\"@id\":\"https:\\\/\\\/www.strassenweb.de\\\/nachrichten\\\/#\\\/schema\\\/person\\\/87c9c9067f1211da429a744dc5a5aa41\",\"name\":\"Robert Hoffmann\",\"image\":{\"@type\":\"ImageObject\",\"inLanguage\":\"de\",\"@id\":\"https:\\\/\\\/www.strassenweb.de\\\/nachrichten\\\/wp-content\\\/uploads\\\/2024\\\/09\\\/strassenweb-150x150.jpg\",\"url\":\"https:\\\/\\\/www.strassenweb.de\\\/nachrichten\\\/wp-content\\\/uploads\\\/2024\\\/09\\\/strassenweb-150x150.jpg\",\"contentUrl\":\"https:\\\/\\\/www.strassenweb.de\\\/nachrichten\\\/wp-content\\\/uploads\\\/2024\\\/09\\\/strassenweb-150x150.jpg\",\"caption\":\"Robert Hoffmann\"},\"description\":\"Ich hei\u00dfe Robert Hoffmann und ich bin ein leidenschaftlicher Verfechter von \u00d6kologie und Biodiversit\u00e4t. Seit meiner Kindheit in den W\u00e4ldern Bayerns f\u00fchle ich mich mit der Natur verbunden und bin entschlossen, sie zu sch\u00fctzen. Heute widme ich mein Leben der Sensibilisierung anderer f\u00fcr die Bedeutung des Umweltschutzes f\u00fcr zuk\u00fcnftige Generationen.\",\"sameAs\":[\"https:\\\/\\\/www.strassenweb.de\\\/\"]}]}<\/script>\n<!-- \/ Yoast SEO plugin. -->","yoast_head_json":{"title":"Alle sagten mir, ich solle mich bei meinem Umbau f\u00fcr diese praktische K\u00fcchenbeleuchtung entscheiden \u2013 hier erfahren Sie, warum ich es bereue und was ich stattdessen tun w\u00fcrde - Nachrichten - Stra\u00dfenweb","robots":{"index":"index","follow":"follow","max-snippet":"max-snippet:-1","max-image-preview":"max-image-preview:large","max-video-preview":"max-video-preview:-1"},"canonical":"https:\/\/www.strassenweb.de\/nachrichten\/alle-sagten-mir-ich-solle-mich-bei-meinem-umbau-fuer-diese-praktische-kuechenbeleuchtung-entscheiden-hier-erfahren-sie-warum-ich-es-bereue-und-was-ich-stattdessen-tun-wuerde\/","og_locale":"de_DE","og_type":"article","og_title":"Alle sagten mir, ich solle mich bei meinem Umbau f\u00fcr diese praktische K\u00fcchenbeleuchtung entscheiden \u2013 hier erfahren Sie, warum ich es bereue und was ich stattdessen tun w\u00fcrde - Nachrichten - Stra\u00dfenweb","og_description":"Wenn Sie umbauen, wird die K\u00fcche oft zu Ihrem Abgesang. Als sogenanntes Herzst\u00fcck des Hauses ist es wirklich das St\u00fcck Widerstand einer Renovierung. Nat\u00fcrlich m\u00f6chten","og_url":"https:\/\/www.strassenweb.de\/nachrichten\/alle-sagten-mir-ich-solle-mich-bei-meinem-umbau-fuer-diese-praktische-kuechenbeleuchtung-entscheiden-hier-erfahren-sie-warum-ich-es-bereue-und-was-ich-stattdessen-tun-wuerde\/","og_site_name":"Stra\u00dfenweb","article_publisher":"https:\/\/www.facebook.com\/strassenweb\/","article_published_time":"2024-11-04T21:15:51+00:00","article_modified_time":"2024-11-04T21:15:52+00:00","og_image":[{"width":1200,"height":675,"url":"https:\/\/www.strassenweb.de\/nachrichten\/wp-content\/uploads\/2024\/11\/Alle-sagten-mir-ich-solle-mich-bei-meinem-Umbau-fuer.jpg","type":"image\/jpeg"}],"author":"Robert Hoffmann","twitter_card":"summary_large_image","twitter_misc":{"Verfasst von":"Robert Hoffmann","Gesch\u00e4tzte Lesezeit":"5\u00a0Minuten"},"schema":{"@context":"https:\/\/schema.org","@graph":[{"@type":"Article","@id":"https:\/\/www.strassenweb.de\/nachrichten\/alle-sagten-mir-ich-solle-mich-bei-meinem-umbau-fuer-diese-praktische-kuechenbeleuchtung-entscheiden-hier-erfahren-sie-warum-ich-es-bereue-und-was-ich-stattdessen-tun-wuerde\/#article","isPartOf":{"@id":"https:\/\/www.strassenweb.de\/nachrichten\/alle-sagten-mir-ich-solle-mich-bei-meinem-umbau-fuer-diese-praktische-kuechenbeleuchtung-entscheiden-hier-erfahren-sie-warum-ich-es-bereue-und-was-ich-stattdessen-tun-wuerde\/"},"author":{"name":"Robert Hoffmann","@id":"https:\/\/www.strassenweb.de\/nachrichten\/#\/schema\/person\/87c9c9067f1211da429a744dc5a5aa41"},"headline":"Alle sagten mir, ich solle mich bei meinem Umbau f\u00fcr diese praktische K\u00fcchenbeleuchtung entscheiden \u2013 hier erfahren Sie, warum ich es bereue und was ich stattdessen tun w\u00fcrde","datePublished":"2024-11-04T21:15:51+00:00","dateModified":"2024-11-04T21:15:52+00:00","mainEntityOfPage":{"@id":"https:\/\/www.strassenweb.de\/nachrichten\/alle-sagten-mir-ich-solle-mich-bei-meinem-umbau-fuer-diese-praktische-kuechenbeleuchtung-entscheiden-hier-erfahren-sie-warum-ich-es-bereue-und-was-ich-stattdessen-tun-wuerde\/"},"wordCount":1038,"publisher":{"@id":"https:\/\/www.strassenweb.de\/nachrichten\/#organization"},"image":{"@id":"https:\/\/www.strassenweb.de\/nachrichten\/alle-sagten-mir-ich-solle-mich-bei-meinem-umbau-fuer-diese-praktische-kuechenbeleuchtung-entscheiden-hier-erfahren-sie-warum-ich-es-bereue-und-was-ich-stattdessen-tun-wuerde\/#primaryimage"},"thumbnailUrl":"https:\/\/www.strassenweb.de\/nachrichten\/wp-content\/uploads\/2024\/11\/Alle-sagten-mir-ich-solle-mich-bei-meinem-Umbau-fuer.jpg","keywords":["alle","Bei","bereue","diese","entscheiden","erfahren","f\u00fcr","hier","ich","K\u00fcchenbeleuchtung","meinem","mich","mir","praktische","sagten","Sie","solle","stattdessen","tun","Umbau","und","warum","w\u00fcrde"],"articleSection":["Haus &amp; Garten"],"inLanguage":"de"},{"@type":"WebPage","@id":"https:\/\/www.strassenweb.de\/nachrichten\/alle-sagten-mir-ich-solle-mich-bei-meinem-umbau-fuer-diese-praktische-kuechenbeleuchtung-entscheiden-hier-erfahren-sie-warum-ich-es-bereue-und-was-ich-stattdessen-tun-wuerde\/","url":"https:\/\/www.strassenweb.de\/nachrichten\/alle-sagten-mir-ich-solle-mich-bei-meinem-umbau-fuer-diese-praktische-kuechenbeleuchtung-entscheiden-hier-erfahren-sie-warum-ich-es-bereue-und-was-ich-stattdessen-tun-wuerde\/","name":"Alle sagten mir, ich solle mich bei meinem Umbau f\u00fcr diese praktische K\u00fcchenbeleuchtung entscheiden \u2013 hier erfahren Sie, warum ich es bereue und was ich stattdessen tun w\u00fcrde - Nachrichten - Stra\u00dfenweb","isPartOf":{"@id":"https:\/\/www.strassenweb.de\/nachrichten\/#website"},"primaryImageOfPage":{"@id":"https:\/\/www.strassenweb.de\/nachrichten\/alle-sagten-mir-ich-solle-mich-bei-meinem-umbau-fuer-diese-praktische-kuechenbeleuchtung-entscheiden-hier-erfahren-sie-warum-ich-es-bereue-und-was-ich-stattdessen-tun-wuerde\/#primaryimage"},"image":{"@id":"https:\/\/www.strassenweb.de\/nachrichten\/alle-sagten-mir-ich-solle-mich-bei-meinem-umbau-fuer-diese-praktische-kuechenbeleuchtung-entscheiden-hier-erfahren-sie-warum-ich-es-bereue-und-was-ich-stattdessen-tun-wuerde\/#primaryimage"},"thumbnailUrl":"https:\/\/www.strassenweb.de\/nachrichten\/wp-content\/uploads\/2024\/11\/Alle-sagten-mir-ich-solle-mich-bei-meinem-Umbau-fuer.jpg","datePublished":"2024-11-04T21:15:51+00:00","dateModified":"2024-11-04T21:15:52+00:00","breadcrumb":{"@id":"https:\/\/www.strassenweb.de\/nachrichten\/alle-sagten-mir-ich-solle-mich-bei-meinem-umbau-fuer-diese-praktische-kuechenbeleuchtung-entscheiden-hier-erfahren-sie-warum-ich-es-bereue-und-was-ich-stattdessen-tun-wuerde\/#breadcrumb"},"inLanguage":"de","potentialAction":[{"@type":"ReadAction","target":["https:\/\/www.strassenweb.de\/nachrichten\/alle-sagten-mir-ich-solle-mich-bei-meinem-umbau-fuer-diese-praktische-kuechenbeleuchtung-entscheiden-hier-erfahren-sie-warum-ich-es-bereue-und-was-ich-stattdessen-tun-wuerde\/"]}]},{"@type":"ImageObject","inLanguage":"de","@id":"https:\/\/www.strassenweb.de\/nachrichten\/alle-sagten-mir-ich-solle-mich-bei-meinem-umbau-fuer-diese-praktische-kuechenbeleuchtung-entscheiden-hier-erfahren-sie-warum-ich-es-bereue-und-was-ich-stattdessen-tun-wuerde\/#primaryimage","url":"https:\/\/www.strassenweb.de\/nachrichten\/wp-content\/uploads\/2024\/11\/Alle-sagten-mir-ich-solle-mich-bei-meinem-Umbau-fuer.jpg","contentUrl":"https:\/\/www.strassenweb.de\/nachrichten\/wp-content\/uploads\/2024\/11\/Alle-sagten-mir-ich-solle-mich-bei-meinem-Umbau-fuer.jpg","width":1200,"height":675,"caption":"Alle sagten mir, ich solle mich bei meinem Umbau f\u00fcr diese praktische K\u00fcchenbeleuchtung entscheiden \u2013 hier erfahren Sie, warum ich es bereue und was ich stattdessen tun w\u00fcrde"},{"@type":"BreadcrumbList","@id":"https:\/\/www.strassenweb.de\/nachrichten\/alle-sagten-mir-ich-solle-mich-bei-meinem-umbau-fuer-diese-praktische-kuechenbeleuchtung-entscheiden-hier-erfahren-sie-warum-ich-es-bereue-und-was-ich-stattdessen-tun-wuerde\/#breadcrumb","itemListElement":[{"@type":"ListItem","position":1,"name":"Home","item":"https:\/\/www.strassenweb.de\/nachrichten\/"},{"@type":"ListItem","position":2,"name":"Alle sagten mir, ich solle mich bei meinem Umbau f\u00fcr diese praktische K\u00fcchenbeleuchtung entscheiden \u2013 hier erfahren Sie, warum ich es bereue und was ich stattdessen tun w\u00fcrde"}]},{"@type":"WebSite","@id":"https:\/\/www.strassenweb.de\/nachrichten\/#website","url":"https:\/\/www.strassenweb.de\/nachrichten\/","name":"Stra\u00dfenweb","description":"Stra\u00dfenverzeichnis f\u00fcr Deutschland","publisher":{"@id":"https:\/\/www.strassenweb.de\/nachrichten\/#organization"},"potentialAction":[{"@type":"SearchAction","target":{"@type":"EntryPoint","urlTemplate":"https:\/\/www.strassenweb.de\/nachrichten\/?s={search_term_string}"},"query-input":{"@type":"PropertyValueSpecification","valueRequired":true,"valueName":"search_term_string"}}],"inLanguage":"de"},{"@type":"Organization","@id":"https:\/\/www.strassenweb.de\/nachrichten\/#organization","name":"Stra\u00dfenweb","url":"https:\/\/www.strassenweb.de\/nachrichten\/","logo":{"@type":"ImageObject","inLanguage":"de","@id":"https:\/\/www.strassenweb.de\/nachrichten\/#\/schema\/logo\/image\/","url":"https:\/\/www.strassenweb.de\/nachrichten\/wp-content\/uploads\/2024\/09\/cropped-favicon.png","contentUrl":"https:\/\/www.strassenweb.de\/nachrichten\/wp-content\/uploads\/2024\/09\/cropped-favicon.png","width":512,"height":512,"caption":"Stra\u00dfenweb"},"image":{"@id":"https:\/\/www.strassenweb.de\/nachrichten\/#\/schema\/logo\/image\/"},"sameAs":["https:\/\/www.facebook.com\/strassenweb\/"]},{"@type":"Person","@id":"https:\/\/www.strassenweb.de\/nachrichten\/#\/schema\/person\/87c9c9067f1211da429a744dc5a5aa41","name":"Robert Hoffmann","image":{"@type":"ImageObject","inLanguage":"de","@id":"https:\/\/www.strassenweb.de\/nachrichten\/wp-content\/uploads\/2024\/09\/strassenweb-150x150.jpg","url":"https:\/\/www.strassenweb.de\/nachrichten\/wp-content\/uploads\/2024\/09\/strassenweb-150x150.jpg","contentUrl":"https:\/\/www.strassenweb.de\/nachrichten\/wp-content\/uploads\/2024\/09\/strassenweb-150x150.jpg","caption":"Robert Hoffmann"},"description":"Ich hei\u00dfe Robert Hoffmann und ich bin ein leidenschaftlicher Verfechter von \u00d6kologie und Biodiversit\u00e4t. Seit meiner Kindheit in den W\u00e4ldern Bayerns f\u00fchle ich mich mit der Natur verbunden und bin entschlossen, sie zu sch\u00fctzen. Heute widme ich mein Leben der Sensibilisierung anderer f\u00fcr die Bedeutung des Umweltschutzes f\u00fcr zuk\u00fcnftige Generationen.","sameAs":["https:\/\/www.strassenweb.de\/"]}]}},"_links":{"self":[{"href":"https:\/\/www.strassenweb.de\/nachrichten\/wp-json\/wp\/v2\/posts\/1349","targetHints":{"allow":["GET"]}}],"collection":[{"href":"https:\/\/www.strassenweb.de\/nachrichten\/wp-json\/wp\/v2\/posts"}],"about":[{"href":"https:\/\/www.strassenweb.de\/nachrichten\/wp-json\/wp\/v2\/types\/post"}],"author":[{"embeddable":true,"href":"https:\/\/www.strassenweb.de\/nachrichten\/wp-json\/wp\/v2\/users\/1"}],"replies":[{"embeddable":true,"href":"https:\/\/www.strassenweb.de\/nachrichten\/wp-json\/wp\/v2\/comments?post=1349"}],"version-history":[{"count":0,"href":"https:\/\/www.strassenweb.de\/nachrichten\/wp-json\/wp\/v2\/posts\/1349\/revisions"}],"wp:featuredmedia":[{"embeddable":true,"href":"https:\/\/www.strassenweb.de\/nachrichten\/wp-json\/wp\/v2\/media\/1350"}],"wp:attachment":[{"href":"https:\/\/www.strassenweb.de\/nachrichten\/wp-json\/wp\/v2\/media?parent=1349"}],"wp:term":[{"taxonomy":"category","embeddable":true,"href":"https:\/\/www.strassenweb.de\/nachrichten\/wp-json\/wp\/v2\/categories?post=1349"},{"taxonomy":"post_tag","embeddable":true,"href":"https:\/\/www.strassenweb.de\/nachrichten\/wp-json\/wp\/v2\/tags?post=1349"}],"curies":[{"name":"wp","href":"https:\/\/api.w.org\/{rel}","templated":true}]}}