{"id":1347,"date":"2024-11-04T18:04:07","date_gmt":"2024-11-04T17:04:07","guid":{"rendered":"https:\/\/www.strassenweb.de\/nachrichten\/alarmierende-zunahme-der-verbrechen-gegen-dachse-ein-beunruhigender-trend-im-anhaltenden-angriff-auf-die-natur\/"},"modified":"2024-11-04T18:04:07","modified_gmt":"2024-11-04T17:04:07","slug":"alarmierende-zunahme-der-verbrechen-gegen-dachse-ein-beunruhigender-trend-im-anhaltenden-angriff-auf-die-natur","status":"publish","type":"post","link":"https:\/\/www.strassenweb.de\/nachrichten\/alarmierende-zunahme-der-verbrechen-gegen-dachse-ein-beunruhigender-trend-im-anhaltenden-angriff-auf-die-natur\/","title":{"rendered":"Alarmierende Zunahme der Verbrechen gegen Dachse: Ein beunruhigender Trend im anhaltenden Angriff auf die Natur"},"content":{"rendered":"<p><strong>Der Jahresbericht zeigt, dass die Verbrechen gegen Dachse zunehmen, Einheiten zur Wildtierkriminalit\u00e4t aufgel\u00f6st werden und die Strafen nach wie vor niedrig sind.<\/strong><\/p>\n<p>Die gemeldeten Verbrechen gegen Dachse sind im Jahr 2023 um weitere 6 % gestiegen. Heute ver\u00f6ffentlicht im Jahresbericht von Wildlife and Countryside Link. Wildtierkriminalit\u00e4t nimmt zu, wird nachrangig behandelt und stark untermeldet.  <\/p>\n<p>Gleichzeitig stehen die Wildtierkriminalit\u00e4tseinheiten der Polizei unter gro\u00dfem Druck, da Einheiten aufgel\u00f6st oder Personal reduziert werden. Der Bericht zeigt auch, dass Verbrechen gegen Wildtiere selten strafrechtlich verfolgt werden und die Strafen nach wie vor sehr niedrig sind. <\/p>\n<h2 class=\"wp-block-heading\">Wildtierkriminalit\u00e4t nimmt zu<\/h2>\n<p>Craig Fellowes CBE, Wildlife Crime and Training Officer des Badger Trust, sagte:<\/p>\n<p>\u201eDie Kriminalit\u00e4t gegen Dachse ist nach wie vor weit verbreitet \u2013 sei es die Hetze gegen Dachse durch kriminelle Banden, die Blockierung von Siedlungen durch Jagden oder die Missachtung des Dachsschutzgesetzes durch Projektentwickler.\u201c Diese Verbrechen werden nicht immer erfasst und die Strafen f\u00fcr solche Verbrechen sind sehr niedrig. Diese Ungleichheit muss sich \u00e4ndern und mit der Straftat gegen Haustiere in Einklang gebracht werden.  <\/p>\n<p>Die Polizei arbeitet in vielen Bereichen sehr hart, aber die Abteilungen f\u00fcr Wildtierkriminalit\u00e4t sind unterbesetzt und k\u00f6nnen unterbewertet werden. Sie brauchen unsere Unterst\u00fctzung, um diese Kriminellen zu fassen und strafrechtlich zu verfolgen. Bitte melden Sie daher alle Wildtierverbrechen, die Sie sehen.\u201c<\/p>\n<h2 class=\"wp-block-heading\">Angriff auf die Natur<\/h2>\n<p>Peter Hambly, Gesch\u00e4ftsf\u00fchrer von Badger Trust, f\u00fcgte hinzu:<\/p>\n<p>\u201eWildtierkriminalit\u00e4t ist ein wichtiger Teil des Angriffs auf die Natur, der unvermindert anh\u00e4lt. Wir m\u00fcssen diesen Kriminellen Einhalt gebieten, w\u00e4hrend sie weiterhin die Tierwelt in unserem Land vernichten. Dachsen und anderen Tieren muss ihr wahrer Wert f\u00fcr unser Land und unterst\u00fctzende \u00d6kosysteme beigemessen werden, deshalb brauchen sie angemessenen Schutz vor den Menschen, die versuchen, sie zu verletzen und zu t\u00f6ten. <\/p>\n<p>Verbrechen gegen die Natur m\u00fcssen als das behandelt werden, was sie sind \u2013 Verbrechen gegen uns alle. Aus diesem Grund m\u00fcssen wir Verbrechen gegen Wildtiere denen gegen Haustiere gleichstellen und zur Abschreckung h\u00e4rtere Strafen einf\u00fchren, ein entscheidender Schritt im Kampf gegen Wildtierkriminalit\u00e4t.<\/p>\n<p>Er f\u00fcgte hinzu:<\/p>\n<p>\u201eDer Abgeordnete des Defra-Au\u00dfenministers Steve Reed war in Kolumbien und vertrat das Vereinigte K\u00f6nigreich bei einer UN-Naturkonferenz. Jetzt muss er sich darauf konzentrieren, die Natur in seinem eigenen Garten richtig zu sch\u00fctzen.   <\/p>\n<p>Reed sagte k\u00fcrzlich: \u201eEltern bef\u00fcrchten jetzt, dass ihre Kinder und Enkel m\u00f6glicherweise nie die Sch\u00f6nheit der Natur erleben werden, wie dies fr\u00fchere Generationen getan haben.\u201c Wir stimmen zu, und er kann damit beginnen, angemessene Schutzma\u00dfnahmen f\u00fcr Wildtiere einzuf\u00fchren und diese in diesem Land durchzusetzen.  Der Angriff auf die Natur muss jetzt ein Ende haben.\u201c<\/p>\n<p>F\u00fcr weitere Informationen wenden Sie sich bitte an Peter Hambly.<\/p>\n","protected":false},"excerpt":{"rendered":"<p>Der Jahresbericht zeigt, dass die Verbrechen gegen Dachse zunehmen, Einheiten zur Wildtierkriminalit\u00e4t aufgel\u00f6st werden und die Strafen nach wie vor niedrig sind. Die gemeldeten Verbrechen<\/p>\n","protected":false},"author":1,"featured_media":222,"comment_status":"closed","ping_status":"","sticky":false,"template":"","format":"standard","meta":{"footnotes":""},"categories":[101],"tags":[2073,2527,2526,46,2525,1139,81,9,43,294,805,504,2524,2523],"class_list":["post-1347","post","type-post","status-publish","format-standard","has-post-thumbnail","hentry","category-oekologie","tag-alarmierende","tag-angriff","tag-anhaltenden","tag-auf","tag-beunruhigender","tag-dachse","tag-der","tag-die","tag-ein","tag-gegen","tag-natur","tag-trend","tag-verbrechen","tag-zunahme","generate-columns","tablet-grid-50","mobile-grid-100","grid-parent","grid-50"],"yoast_head":"<!-- This site is optimized with the Yoast SEO plugin v27.3 - https:\/\/yoast.com\/product\/yoast-seo-wordpress\/ -->\n<title>Alarmierende Zunahme der Verbrechen gegen Dachse: Ein beunruhigender Trend im anhaltenden Angriff auf die Natur - Nachrichten - Stra\u00dfenweb<\/title>\n<meta name=\"robots\" content=\"index, follow, max-snippet:-1, max-image-preview:large, max-video-preview:-1\" \/>\n<link rel=\"canonical\" href=\"https:\/\/www.strassenweb.de\/nachrichten\/alarmierende-zunahme-der-verbrechen-gegen-dachse-ein-beunruhigender-trend-im-anhaltenden-angriff-auf-die-natur\/\" \/>\n<meta property=\"og:locale\" content=\"de_DE\" \/>\n<meta property=\"og:type\" content=\"article\" \/>\n<meta property=\"og:title\" content=\"Alarmierende Zunahme der Verbrechen gegen Dachse: Ein beunruhigender Trend im anhaltenden Angriff auf die Natur - Nachrichten - Stra\u00dfenweb\" \/>\n<meta property=\"og:description\" content=\"Der Jahresbericht zeigt, dass die Verbrechen gegen Dachse zunehmen, Einheiten zur Wildtierkriminalit\u00e4t aufgel\u00f6st werden und die Strafen nach wie vor niedrig sind. Die gemeldeten Verbrechen\" \/>\n<meta property=\"og:url\" content=\"https:\/\/www.strassenweb.de\/nachrichten\/alarmierende-zunahme-der-verbrechen-gegen-dachse-ein-beunruhigender-trend-im-anhaltenden-angriff-auf-die-natur\/\" \/>\n<meta property=\"og:site_name\" content=\"Stra\u00dfenweb\" \/>\n<meta property=\"article:publisher\" content=\"https:\/\/www.facebook.com\/strassenweb\/\" \/>\n<meta property=\"article:published_time\" content=\"2024-11-04T17:04:07+00:00\" \/>\n<meta property=\"og:image\" content=\"https:\/\/www.strassenweb.de\/nachrichten\/wp-content\/uploads\/2024\/09\/INFORMATIONEN-ZUR-DEMONSTRATION-ZUR-BEENDIGUNG-DER-DACHS-ABSCHLUSS-AM-DIENSTAG-3.jpg\" \/>\n\t<meta property=\"og:image:width\" content=\"900\" \/>\n\t<meta property=\"og:image:height\" content=\"600\" \/>\n\t<meta property=\"og:image:type\" content=\"image\/jpeg\" \/>\n<meta name=\"author\" content=\"Robert Hoffmann\" \/>\n<meta name=\"twitter:card\" content=\"summary_large_image\" \/>\n<meta name=\"twitter:label1\" content=\"Verfasst von\" \/>\n\t<meta name=\"twitter:data1\" content=\"Robert Hoffmann\" \/>\n\t<meta name=\"twitter:label2\" content=\"Gesch\u00e4tzte Lesezeit\" \/>\n\t<meta name=\"twitter:data2\" content=\"2\u00a0Minuten\" \/>\n<script type=\"application\/ld+json\" class=\"yoast-schema-graph\">{\"@context\":\"https:\\\/\\\/schema.org\",\"@graph\":[{\"@type\":\"Article\",\"@id\":\"https:\\\/\\\/www.strassenweb.de\\\/nachrichten\\\/alarmierende-zunahme-der-verbrechen-gegen-dachse-ein-beunruhigender-trend-im-anhaltenden-angriff-auf-die-natur\\\/#article\",\"isPartOf\":{\"@id\":\"https:\\\/\\\/www.strassenweb.de\\\/nachrichten\\\/alarmierende-zunahme-der-verbrechen-gegen-dachse-ein-beunruhigender-trend-im-anhaltenden-angriff-auf-die-natur\\\/\"},\"author\":{\"name\":\"Robert Hoffmann\",\"@id\":\"https:\\\/\\\/www.strassenweb.de\\\/nachrichten\\\/#\\\/schema\\\/person\\\/87c9c9067f1211da429a744dc5a5aa41\"},\"headline\":\"Alarmierende Zunahme der Verbrechen gegen Dachse: Ein beunruhigender Trend im anhaltenden Angriff auf die Natur\",\"datePublished\":\"2024-11-04T17:04:07+00:00\",\"mainEntityOfPage\":{\"@id\":\"https:\\\/\\\/www.strassenweb.de\\\/nachrichten\\\/alarmierende-zunahme-der-verbrechen-gegen-dachse-ein-beunruhigender-trend-im-anhaltenden-angriff-auf-die-natur\\\/\"},\"wordCount\":475,\"publisher\":{\"@id\":\"https:\\\/\\\/www.strassenweb.de\\\/nachrichten\\\/#organization\"},\"image\":{\"@id\":\"https:\\\/\\\/www.strassenweb.de\\\/nachrichten\\\/alarmierende-zunahme-der-verbrechen-gegen-dachse-ein-beunruhigender-trend-im-anhaltenden-angriff-auf-die-natur\\\/#primaryimage\"},\"thumbnailUrl\":\"https:\\\/\\\/www.strassenweb.de\\\/nachrichten\\\/wp-content\\\/uploads\\\/2024\\\/09\\\/INFORMATIONEN-ZUR-DEMONSTRATION-ZUR-BEENDIGUNG-DER-DACHS-ABSCHLUSS-AM-DIENSTAG-3.jpg\",\"keywords\":[\"alarmierende\",\"Angriff\",\"anhaltenden\",\"auf\",\"beunruhigender\",\"Dachse\",\"der\",\"die\",\"ein\",\"gegen\",\"Natur\",\"Trend\",\"Verbrechen\",\"Zunahme\"],\"articleSection\":[\"\u00d6kologie\"],\"inLanguage\":\"de\"},{\"@type\":\"WebPage\",\"@id\":\"https:\\\/\\\/www.strassenweb.de\\\/nachrichten\\\/alarmierende-zunahme-der-verbrechen-gegen-dachse-ein-beunruhigender-trend-im-anhaltenden-angriff-auf-die-natur\\\/\",\"url\":\"https:\\\/\\\/www.strassenweb.de\\\/nachrichten\\\/alarmierende-zunahme-der-verbrechen-gegen-dachse-ein-beunruhigender-trend-im-anhaltenden-angriff-auf-die-natur\\\/\",\"name\":\"Alarmierende Zunahme der Verbrechen gegen Dachse: Ein beunruhigender Trend im anhaltenden Angriff auf die Natur - Nachrichten - Stra\u00dfenweb\",\"isPartOf\":{\"@id\":\"https:\\\/\\\/www.strassenweb.de\\\/nachrichten\\\/#website\"},\"primaryImageOfPage\":{\"@id\":\"https:\\\/\\\/www.strassenweb.de\\\/nachrichten\\\/alarmierende-zunahme-der-verbrechen-gegen-dachse-ein-beunruhigender-trend-im-anhaltenden-angriff-auf-die-natur\\\/#primaryimage\"},\"image\":{\"@id\":\"https:\\\/\\\/www.strassenweb.de\\\/nachrichten\\\/alarmierende-zunahme-der-verbrechen-gegen-dachse-ein-beunruhigender-trend-im-anhaltenden-angriff-auf-die-natur\\\/#primaryimage\"},\"thumbnailUrl\":\"https:\\\/\\\/www.strassenweb.de\\\/nachrichten\\\/wp-content\\\/uploads\\\/2024\\\/09\\\/INFORMATIONEN-ZUR-DEMONSTRATION-ZUR-BEENDIGUNG-DER-DACHS-ABSCHLUSS-AM-DIENSTAG-3.jpg\",\"datePublished\":\"2024-11-04T17:04:07+00:00\",\"breadcrumb\":{\"@id\":\"https:\\\/\\\/www.strassenweb.de\\\/nachrichten\\\/alarmierende-zunahme-der-verbrechen-gegen-dachse-ein-beunruhigender-trend-im-anhaltenden-angriff-auf-die-natur\\\/#breadcrumb\"},\"inLanguage\":\"de\",\"potentialAction\":[{\"@type\":\"ReadAction\",\"target\":[\"https:\\\/\\\/www.strassenweb.de\\\/nachrichten\\\/alarmierende-zunahme-der-verbrechen-gegen-dachse-ein-beunruhigender-trend-im-anhaltenden-angriff-auf-die-natur\\\/\"]}]},{\"@type\":\"ImageObject\",\"inLanguage\":\"de\",\"@id\":\"https:\\\/\\\/www.strassenweb.de\\\/nachrichten\\\/alarmierende-zunahme-der-verbrechen-gegen-dachse-ein-beunruhigender-trend-im-anhaltenden-angriff-auf-die-natur\\\/#primaryimage\",\"url\":\"https:\\\/\\\/www.strassenweb.de\\\/nachrichten\\\/wp-content\\\/uploads\\\/2024\\\/09\\\/INFORMATIONEN-ZUR-DEMONSTRATION-ZUR-BEENDIGUNG-DER-DACHS-ABSCHLUSS-AM-DIENSTAG-3.jpg\",\"contentUrl\":\"https:\\\/\\\/www.strassenweb.de\\\/nachrichten\\\/wp-content\\\/uploads\\\/2024\\\/09\\\/INFORMATIONEN-ZUR-DEMONSTRATION-ZUR-BEENDIGUNG-DER-DACHS-ABSCHLUSS-AM-DIENSTAG-3.jpg\",\"width\":900,\"height\":600,\"caption\":\"National Day of Action Against the Badger Cull called for Tuesday, 3 September 2024\"},{\"@type\":\"BreadcrumbList\",\"@id\":\"https:\\\/\\\/www.strassenweb.de\\\/nachrichten\\\/alarmierende-zunahme-der-verbrechen-gegen-dachse-ein-beunruhigender-trend-im-anhaltenden-angriff-auf-die-natur\\\/#breadcrumb\",\"itemListElement\":[{\"@type\":\"ListItem\",\"position\":1,\"name\":\"Home\",\"item\":\"https:\\\/\\\/www.strassenweb.de\\\/nachrichten\\\/\"},{\"@type\":\"ListItem\",\"position\":2,\"name\":\"Alarmierende Zunahme der Verbrechen gegen Dachse: Ein beunruhigender Trend im anhaltenden Angriff auf die Natur\"}]},{\"@type\":\"WebSite\",\"@id\":\"https:\\\/\\\/www.strassenweb.de\\\/nachrichten\\\/#website\",\"url\":\"https:\\\/\\\/www.strassenweb.de\\\/nachrichten\\\/\",\"name\":\"Stra\u00dfenweb\",\"description\":\"Stra\u00dfenverzeichnis f\u00fcr Deutschland\",\"publisher\":{\"@id\":\"https:\\\/\\\/www.strassenweb.de\\\/nachrichten\\\/#organization\"},\"potentialAction\":[{\"@type\":\"SearchAction\",\"target\":{\"@type\":\"EntryPoint\",\"urlTemplate\":\"https:\\\/\\\/www.strassenweb.de\\\/nachrichten\\\/?s={search_term_string}\"},\"query-input\":{\"@type\":\"PropertyValueSpecification\",\"valueRequired\":true,\"valueName\":\"search_term_string\"}}],\"inLanguage\":\"de\"},{\"@type\":\"Organization\",\"@id\":\"https:\\\/\\\/www.strassenweb.de\\\/nachrichten\\\/#organization\",\"name\":\"Stra\u00dfenweb\",\"url\":\"https:\\\/\\\/www.strassenweb.de\\\/nachrichten\\\/\",\"logo\":{\"@type\":\"ImageObject\",\"inLanguage\":\"de\",\"@id\":\"https:\\\/\\\/www.strassenweb.de\\\/nachrichten\\\/#\\\/schema\\\/logo\\\/image\\\/\",\"url\":\"https:\\\/\\\/www.strassenweb.de\\\/nachrichten\\\/wp-content\\\/uploads\\\/2024\\\/09\\\/cropped-favicon.png\",\"contentUrl\":\"https:\\\/\\\/www.strassenweb.de\\\/nachrichten\\\/wp-content\\\/uploads\\\/2024\\\/09\\\/cropped-favicon.png\",\"width\":512,\"height\":512,\"caption\":\"Stra\u00dfenweb\"},\"image\":{\"@id\":\"https:\\\/\\\/www.strassenweb.de\\\/nachrichten\\\/#\\\/schema\\\/logo\\\/image\\\/\"},\"sameAs\":[\"https:\\\/\\\/www.facebook.com\\\/strassenweb\\\/\"]},{\"@type\":\"Person\",\"@id\":\"https:\\\/\\\/www.strassenweb.de\\\/nachrichten\\\/#\\\/schema\\\/person\\\/87c9c9067f1211da429a744dc5a5aa41\",\"name\":\"Robert Hoffmann\",\"image\":{\"@type\":\"ImageObject\",\"inLanguage\":\"de\",\"@id\":\"https:\\\/\\\/www.strassenweb.de\\\/nachrichten\\\/wp-content\\\/uploads\\\/2024\\\/09\\\/strassenweb-150x150.jpg\",\"url\":\"https:\\\/\\\/www.strassenweb.de\\\/nachrichten\\\/wp-content\\\/uploads\\\/2024\\\/09\\\/strassenweb-150x150.jpg\",\"contentUrl\":\"https:\\\/\\\/www.strassenweb.de\\\/nachrichten\\\/wp-content\\\/uploads\\\/2024\\\/09\\\/strassenweb-150x150.jpg\",\"caption\":\"Robert Hoffmann\"},\"description\":\"Ich hei\u00dfe Robert Hoffmann und ich bin ein leidenschaftlicher Verfechter von \u00d6kologie und Biodiversit\u00e4t. Seit meiner Kindheit in den W\u00e4ldern Bayerns f\u00fchle ich mich mit der Natur verbunden und bin entschlossen, sie zu sch\u00fctzen. Heute widme ich mein Leben der Sensibilisierung anderer f\u00fcr die Bedeutung des Umweltschutzes f\u00fcr zuk\u00fcnftige Generationen.\",\"sameAs\":[\"https:\\\/\\\/www.strassenweb.de\\\/\"]}]}<\/script>\n<!-- \/ Yoast SEO plugin. -->","yoast_head_json":{"title":"Alarmierende Zunahme der Verbrechen gegen Dachse: Ein beunruhigender Trend im anhaltenden Angriff auf die Natur - Nachrichten - Stra\u00dfenweb","robots":{"index":"index","follow":"follow","max-snippet":"max-snippet:-1","max-image-preview":"max-image-preview:large","max-video-preview":"max-video-preview:-1"},"canonical":"https:\/\/www.strassenweb.de\/nachrichten\/alarmierende-zunahme-der-verbrechen-gegen-dachse-ein-beunruhigender-trend-im-anhaltenden-angriff-auf-die-natur\/","og_locale":"de_DE","og_type":"article","og_title":"Alarmierende Zunahme der Verbrechen gegen Dachse: Ein beunruhigender Trend im anhaltenden Angriff auf die Natur - Nachrichten - Stra\u00dfenweb","og_description":"Der Jahresbericht zeigt, dass die Verbrechen gegen Dachse zunehmen, Einheiten zur Wildtierkriminalit\u00e4t aufgel\u00f6st werden und die Strafen nach wie vor niedrig sind. Die gemeldeten Verbrechen","og_url":"https:\/\/www.strassenweb.de\/nachrichten\/alarmierende-zunahme-der-verbrechen-gegen-dachse-ein-beunruhigender-trend-im-anhaltenden-angriff-auf-die-natur\/","og_site_name":"Stra\u00dfenweb","article_publisher":"https:\/\/www.facebook.com\/strassenweb\/","article_published_time":"2024-11-04T17:04:07+00:00","og_image":[{"width":900,"height":600,"url":"https:\/\/www.strassenweb.de\/nachrichten\/wp-content\/uploads\/2024\/09\/INFORMATIONEN-ZUR-DEMONSTRATION-ZUR-BEENDIGUNG-DER-DACHS-ABSCHLUSS-AM-DIENSTAG-3.jpg","type":"image\/jpeg"}],"author":"Robert Hoffmann","twitter_card":"summary_large_image","twitter_misc":{"Verfasst von":"Robert Hoffmann","Gesch\u00e4tzte Lesezeit":"2\u00a0Minuten"},"schema":{"@context":"https:\/\/schema.org","@graph":[{"@type":"Article","@id":"https:\/\/www.strassenweb.de\/nachrichten\/alarmierende-zunahme-der-verbrechen-gegen-dachse-ein-beunruhigender-trend-im-anhaltenden-angriff-auf-die-natur\/#article","isPartOf":{"@id":"https:\/\/www.strassenweb.de\/nachrichten\/alarmierende-zunahme-der-verbrechen-gegen-dachse-ein-beunruhigender-trend-im-anhaltenden-angriff-auf-die-natur\/"},"author":{"name":"Robert Hoffmann","@id":"https:\/\/www.strassenweb.de\/nachrichten\/#\/schema\/person\/87c9c9067f1211da429a744dc5a5aa41"},"headline":"Alarmierende Zunahme der Verbrechen gegen Dachse: Ein beunruhigender Trend im anhaltenden Angriff auf die Natur","datePublished":"2024-11-04T17:04:07+00:00","mainEntityOfPage":{"@id":"https:\/\/www.strassenweb.de\/nachrichten\/alarmierende-zunahme-der-verbrechen-gegen-dachse-ein-beunruhigender-trend-im-anhaltenden-angriff-auf-die-natur\/"},"wordCount":475,"publisher":{"@id":"https:\/\/www.strassenweb.de\/nachrichten\/#organization"},"image":{"@id":"https:\/\/www.strassenweb.de\/nachrichten\/alarmierende-zunahme-der-verbrechen-gegen-dachse-ein-beunruhigender-trend-im-anhaltenden-angriff-auf-die-natur\/#primaryimage"},"thumbnailUrl":"https:\/\/www.strassenweb.de\/nachrichten\/wp-content\/uploads\/2024\/09\/INFORMATIONEN-ZUR-DEMONSTRATION-ZUR-BEENDIGUNG-DER-DACHS-ABSCHLUSS-AM-DIENSTAG-3.jpg","keywords":["alarmierende","Angriff","anhaltenden","auf","beunruhigender","Dachse","der","die","ein","gegen","Natur","Trend","Verbrechen","Zunahme"],"articleSection":["\u00d6kologie"],"inLanguage":"de"},{"@type":"WebPage","@id":"https:\/\/www.strassenweb.de\/nachrichten\/alarmierende-zunahme-der-verbrechen-gegen-dachse-ein-beunruhigender-trend-im-anhaltenden-angriff-auf-die-natur\/","url":"https:\/\/www.strassenweb.de\/nachrichten\/alarmierende-zunahme-der-verbrechen-gegen-dachse-ein-beunruhigender-trend-im-anhaltenden-angriff-auf-die-natur\/","name":"Alarmierende Zunahme der Verbrechen gegen Dachse: Ein beunruhigender Trend im anhaltenden Angriff auf die Natur - Nachrichten - Stra\u00dfenweb","isPartOf":{"@id":"https:\/\/www.strassenweb.de\/nachrichten\/#website"},"primaryImageOfPage":{"@id":"https:\/\/www.strassenweb.de\/nachrichten\/alarmierende-zunahme-der-verbrechen-gegen-dachse-ein-beunruhigender-trend-im-anhaltenden-angriff-auf-die-natur\/#primaryimage"},"image":{"@id":"https:\/\/www.strassenweb.de\/nachrichten\/alarmierende-zunahme-der-verbrechen-gegen-dachse-ein-beunruhigender-trend-im-anhaltenden-angriff-auf-die-natur\/#primaryimage"},"thumbnailUrl":"https:\/\/www.strassenweb.de\/nachrichten\/wp-content\/uploads\/2024\/09\/INFORMATIONEN-ZUR-DEMONSTRATION-ZUR-BEENDIGUNG-DER-DACHS-ABSCHLUSS-AM-DIENSTAG-3.jpg","datePublished":"2024-11-04T17:04:07+00:00","breadcrumb":{"@id":"https:\/\/www.strassenweb.de\/nachrichten\/alarmierende-zunahme-der-verbrechen-gegen-dachse-ein-beunruhigender-trend-im-anhaltenden-angriff-auf-die-natur\/#breadcrumb"},"inLanguage":"de","potentialAction":[{"@type":"ReadAction","target":["https:\/\/www.strassenweb.de\/nachrichten\/alarmierende-zunahme-der-verbrechen-gegen-dachse-ein-beunruhigender-trend-im-anhaltenden-angriff-auf-die-natur\/"]}]},{"@type":"ImageObject","inLanguage":"de","@id":"https:\/\/www.strassenweb.de\/nachrichten\/alarmierende-zunahme-der-verbrechen-gegen-dachse-ein-beunruhigender-trend-im-anhaltenden-angriff-auf-die-natur\/#primaryimage","url":"https:\/\/www.strassenweb.de\/nachrichten\/wp-content\/uploads\/2024\/09\/INFORMATIONEN-ZUR-DEMONSTRATION-ZUR-BEENDIGUNG-DER-DACHS-ABSCHLUSS-AM-DIENSTAG-3.jpg","contentUrl":"https:\/\/www.strassenweb.de\/nachrichten\/wp-content\/uploads\/2024\/09\/INFORMATIONEN-ZUR-DEMONSTRATION-ZUR-BEENDIGUNG-DER-DACHS-ABSCHLUSS-AM-DIENSTAG-3.jpg","width":900,"height":600,"caption":"National Day of Action Against the Badger Cull called for Tuesday, 3 September 2024"},{"@type":"BreadcrumbList","@id":"https:\/\/www.strassenweb.de\/nachrichten\/alarmierende-zunahme-der-verbrechen-gegen-dachse-ein-beunruhigender-trend-im-anhaltenden-angriff-auf-die-natur\/#breadcrumb","itemListElement":[{"@type":"ListItem","position":1,"name":"Home","item":"https:\/\/www.strassenweb.de\/nachrichten\/"},{"@type":"ListItem","position":2,"name":"Alarmierende Zunahme der Verbrechen gegen Dachse: Ein beunruhigender Trend im anhaltenden Angriff auf die Natur"}]},{"@type":"WebSite","@id":"https:\/\/www.strassenweb.de\/nachrichten\/#website","url":"https:\/\/www.strassenweb.de\/nachrichten\/","name":"Stra\u00dfenweb","description":"Stra\u00dfenverzeichnis f\u00fcr Deutschland","publisher":{"@id":"https:\/\/www.strassenweb.de\/nachrichten\/#organization"},"potentialAction":[{"@type":"SearchAction","target":{"@type":"EntryPoint","urlTemplate":"https:\/\/www.strassenweb.de\/nachrichten\/?s={search_term_string}"},"query-input":{"@type":"PropertyValueSpecification","valueRequired":true,"valueName":"search_term_string"}}],"inLanguage":"de"},{"@type":"Organization","@id":"https:\/\/www.strassenweb.de\/nachrichten\/#organization","name":"Stra\u00dfenweb","url":"https:\/\/www.strassenweb.de\/nachrichten\/","logo":{"@type":"ImageObject","inLanguage":"de","@id":"https:\/\/www.strassenweb.de\/nachrichten\/#\/schema\/logo\/image\/","url":"https:\/\/www.strassenweb.de\/nachrichten\/wp-content\/uploads\/2024\/09\/cropped-favicon.png","contentUrl":"https:\/\/www.strassenweb.de\/nachrichten\/wp-content\/uploads\/2024\/09\/cropped-favicon.png","width":512,"height":512,"caption":"Stra\u00dfenweb"},"image":{"@id":"https:\/\/www.strassenweb.de\/nachrichten\/#\/schema\/logo\/image\/"},"sameAs":["https:\/\/www.facebook.com\/strassenweb\/"]},{"@type":"Person","@id":"https:\/\/www.strassenweb.de\/nachrichten\/#\/schema\/person\/87c9c9067f1211da429a744dc5a5aa41","name":"Robert Hoffmann","image":{"@type":"ImageObject","inLanguage":"de","@id":"https:\/\/www.strassenweb.de\/nachrichten\/wp-content\/uploads\/2024\/09\/strassenweb-150x150.jpg","url":"https:\/\/www.strassenweb.de\/nachrichten\/wp-content\/uploads\/2024\/09\/strassenweb-150x150.jpg","contentUrl":"https:\/\/www.strassenweb.de\/nachrichten\/wp-content\/uploads\/2024\/09\/strassenweb-150x150.jpg","caption":"Robert Hoffmann"},"description":"Ich hei\u00dfe Robert Hoffmann und ich bin ein leidenschaftlicher Verfechter von \u00d6kologie und Biodiversit\u00e4t. Seit meiner Kindheit in den W\u00e4ldern Bayerns f\u00fchle ich mich mit der Natur verbunden und bin entschlossen, sie zu sch\u00fctzen. Heute widme ich mein Leben der Sensibilisierung anderer f\u00fcr die Bedeutung des Umweltschutzes f\u00fcr zuk\u00fcnftige Generationen.","sameAs":["https:\/\/www.strassenweb.de\/"]}]}},"_links":{"self":[{"href":"https:\/\/www.strassenweb.de\/nachrichten\/wp-json\/wp\/v2\/posts\/1347","targetHints":{"allow":["GET"]}}],"collection":[{"href":"https:\/\/www.strassenweb.de\/nachrichten\/wp-json\/wp\/v2\/posts"}],"about":[{"href":"https:\/\/www.strassenweb.de\/nachrichten\/wp-json\/wp\/v2\/types\/post"}],"author":[{"embeddable":true,"href":"https:\/\/www.strassenweb.de\/nachrichten\/wp-json\/wp\/v2\/users\/1"}],"replies":[{"embeddable":true,"href":"https:\/\/www.strassenweb.de\/nachrichten\/wp-json\/wp\/v2\/comments?post=1347"}],"version-history":[{"count":0,"href":"https:\/\/www.strassenweb.de\/nachrichten\/wp-json\/wp\/v2\/posts\/1347\/revisions"}],"wp:featuredmedia":[{"embeddable":true,"href":"https:\/\/www.strassenweb.de\/nachrichten\/wp-json\/wp\/v2\/media\/222"}],"wp:attachment":[{"href":"https:\/\/www.strassenweb.de\/nachrichten\/wp-json\/wp\/v2\/media?parent=1347"}],"wp:term":[{"taxonomy":"category","embeddable":true,"href":"https:\/\/www.strassenweb.de\/nachrichten\/wp-json\/wp\/v2\/categories?post=1347"},{"taxonomy":"post_tag","embeddable":true,"href":"https:\/\/www.strassenweb.de\/nachrichten\/wp-json\/wp\/v2\/tags?post=1347"}],"curies":[{"name":"wp","href":"https:\/\/api.w.org\/{rel}","templated":true}]}}