{"id":13443,"date":"2026-05-03T15:39:53","date_gmt":"2026-05-03T13:39:53","guid":{"rendered":"https:\/\/www.strassenweb.de\/nachrichten\/ihr-leitfaden-zum-beschneiden-im-mai-was-sie-jetzt-fuer-ein-herrliches-sommerwachstum-zurueckschneiden-sollten-und-was-sie-in-ruhe-lassen-sollten\/"},"modified":"2026-05-03T15:39:59","modified_gmt":"2026-05-03T13:39:59","slug":"ihr-leitfaden-zum-beschneiden-im-mai-was-sie-jetzt-fuer-ein-herrliches-sommerwachstum-zurueckschneiden-sollten-und-was-sie-in-ruhe-lassen-sollten","status":"publish","type":"post","link":"https:\/\/www.strassenweb.de\/nachrichten\/ihr-leitfaden-zum-beschneiden-im-mai-was-sie-jetzt-fuer-ein-herrliches-sommerwachstum-zurueckschneiden-sollten-und-was-sie-in-ruhe-lassen-sollten\/","title":{"rendered":"Ihr Leitfaden zum Beschneiden im Mai: Was Sie jetzt f\u00fcr ein herrliches Sommerwachstum zur\u00fcckschneiden sollten \u2013 und was Sie in Ruhe lassen sollten"},"content":{"rendered":"<div id=\"article-body\" class=\"article__body \">\n<div data-analytics-id=\"utility-bar\" analytics-name=\"utility-bar\" id=\"utility-bar\" class=\"font-ui-heading flex justify-between items-center py-2 border-t border-b border-gray-300 border-solid mb-5 mx-auto\" data-component-name=\"UtilityBar\" data-mrf-recirculation=\"utility-bar\">\n<div class=\"flex gap-2 text-(#333) subcontainer\">\n<div class=\"relative tooltip-container\" role=\"tooltip\">\n<button id=\"utilitybar__button--share\" type=\"button\" aria-label=\"Share this article\" aria-expanded=\"false\" aria-controls=\"utilitybar__dropdown--share\" aria-haspopup=\"true\" data-analytics-id=\"article-social\" analytics-label=\"utility-bar-share\" analytics-name=\"utility-bar\" data-component-name=\"UtilityBar:ShareArticle:Button\" class=\"relative text-inherit leading-none text-xs flex items-center gap-1 font-ui-heading\" data-mrf-recirculation=\"article-social\"><br \/>\n<svg class=\"m-auto pointer-events-none size-5 text-inherit\" data-component-name=\"Icon\" aria-hidden=\"true\" width=\"23\" height=\"21\" viewbox=\"0 0 23 21\" fill=\"none\" xmlns=\"http:\/\/www.w3.org\/2000\/svg\">\n<path d=\"M13.8583 1.82131L18.7293 6.12806C20.6528 7.82875 21.6146 8.67912 21.6146 9.77454C21.6146 10.8701 20.6528 11.7204 18.7293 13.4211L13.8583 17.7279C12.9803 18.5041 12.5414 18.8923 12.1794 18.7306C11.8174 18.5689 11.8174 17.9847 11.8174 16.8162V13.9565C7.40295 13.9565 2.62061 16.0475 0.78125 19.5323C0.78125 8.38058 7.3212 5.59268 11.8174 5.59268V2.73294C11.8174 1.56445 11.8174 0.980213 12.1794 0.818536C12.5414 0.656859 12.9803 1.045 13.8583 1.82131Z\" stroke=\"#1B1B1B\" stroke-width=\"1.5625\" stroke-linecap=\"round\" stroke-linejoin=\"round\"><\/path>\n<\/svg><\/p>\n<p>Aktie<\/button><\/p>\n<div data-component-name=\"Social:Dropdown\" role=\"menu\" id=\"utilitybar__dropdown--share\" aria-labelledby=\"utilitybar__button--share\" class=\"absolute left-0 top-full w-44 bg-white rounded-md shadow-md border border-neutral-200 z-(9996) list-none m-0 py-2 px-3 border-solid\" style=\"grid-area: social-icons;\">\n<ul class=\"!m-0\">\n<li class=\"!p-0 !m-0 list-none border-b border-gray-200 border-solid\">\n<button type=\"button\" onclick=\"navigator.clipboard.writeText(window.location.href).then(() =&gt; {alert('Link copied')}).catch(err =&gt; {console.error('Failed to copy: ', err)})\" data-platform=\"copy_link\" data-action=\"\" class=\"font-ui-heading py-2 text-sm text-neutral-700 hover:bg-neutral-100 transition-colors no-underline block cursor-pointer border-0 bg-transparent hover:(&amp;_svg):filter-none w-full text-left normal-case\" aria-label=\"Copy link\" role=\"menuitem\" data-analytics-id=\"article-social\" analytics-label=\"utility-bar-social-share-copy-link\" analytics-name=\"utility-bar-secondary\" data-mrf-recirculation=\"article-social\"><br \/>\n<svg class=\"text-black size-8 w-6 h-6 inline-block mr-1.5\" data-component-name=\"Icon\" aria-hidden=\"true\" xmlns=\"http:\/\/www.w3.org\/2000\/svg\" fill=\"none\" viewbox=\"0 0 24 24\" stroke-width=\"1.5\" stroke=\"currentColor\" data-slot=\"icon\">\n<path stroke-linecap=\"round\" stroke-linejoin=\"round\" d=\"M13.19 8.688a4.5 4.5 0 0 1 1.242 7.244l-4.5 4.5a4.5 4.5 0 0 1-6.364-6.364l1.757-1.757m13.35-.622 1.757-1.757a4.5 4.5 0 0 0-6.364-6.364l-4.5 4.5a4.5 4.5 0 0 0 1.242 7.244\"><\/path>\n<\/svg><\/p>\n<p>Link kopieren<br \/>\n<\/button>\n<\/li>\n<li class=\"!p-0 !m-0 list-none border-b border-gray-200 border-solid\">\n<p><svg class=\"size-8 w-6 h-6 inline-block mr-1.5 text-primary-500\" data-component-name=\"Icon\" aria-hidden=\"true\" height=\"24\" viewbox=\"0 0 24 24\" width=\"24\" xmlns=\"http:\/\/www.w3.org\/2000\/svg\">\n<circle cx=\"12\" cy=\"12\" fill=\"#3b5998\" r=\"12\"><\/circle>\n<path d=\"m13.079 19h-2.9v-7h-1.441v-2.408h1.442v-1.456c0-1.96.813-3.136 3.136-3.136h1.933v2.408h-1.2c-.91 0-.965.35-.965.966v1.218h2.183l-.257 2.408h-1.931z\" fill=\"#fff\"><\/path>\n<\/svg><\/p>\n<p>Facebook<\/p>\n<\/li>\n<li class=\"!p-0 !m-0 list-none border-b border-gray-200 border-solid\">\n<a rel=\"nofollow\" href=\"https:\/\/twitter.com\/intent\/tweet?text=Your+May+Pruning+Guide%3A+What+to+Cut+Back+Now+for+Glorious+Summer+Growth+%E2%80%93+and+What+to+Leave+Alone&amp;url=https%3A%2F%2Fwww.homesandgardens.com%2Fgardens%2Fplants-to-prune-in-may-2026\" data-platform=\"X\" class=\"font-ui-heading py-2 text-sm text-neutral-700 hover:bg-neutral-100 transition-colors no-underline block cursor-pointer border-0 bg-transparent hover:(&amp;_svg):filter-none\" aria-label=\"Share this page on X\" role=\"menuitem\" data-analytics-id=\"article-social\" analytics-label=\"utility-bar-social-share-X\" analytics-name=\"utility-bar-secondary\" target=\"_blank\" data-mrf-recirculation=\"article-social\"><br \/>\n<svg class=\"size-8 w-6 h-6 inline-block mr-1.5 text-primary-500\" data-component-name=\"Icon\" aria-hidden=\"true\" width=\"24\" height=\"24\" viewbox=\"0 0 24 24\" fill=\"none\" xmlns=\"http:\/\/www.w3.org\/2000\/svg\">\n<path fill-rule=\"evenodd\" clip-rule=\"evenodd\" d=\"M12 24C5.372 24 0 18.627 0 12C0 5.373 5.372 0 12 0C18.627 0 24 5.373 24 12C24 18.627 18.627 24 12 24Z\" fill=\"black\"><\/path>\n<path d=\"M13.1403 11.0842L17.6068 6H16.5488L12.6689 10.4137L9.57237 6H6L10.6836 12.6749L6 18.0059H7.05804L11.1526 13.3439L14.4235 18.0059H17.9959M7.4399 6.78133H9.06534L16.548 17.2629H14.9221\" fill=\"white\"><\/path>\n<\/svg><\/p>\n<p>X<br \/>\n<\/a>\n<\/li>\n<li class=\"!p-0 !m-0 list-none border-b border-gray-200 border-solid sm:hidden\">\n<p><svg class=\"size-8 w-6 h-6 inline-block mr-1.5 text-primary-500\" data-component-name=\"Icon\" aria-hidden=\"true\" width=\"24\" height=\"24\" viewbox=\"0 0 24 24\" fill=\"none\" xmlns=\"http:\/\/www.w3.org\/2000\/svg\">\n<g clip-path=\"url(#clip0_7607_1303)\">\n<path d=\"M12 24C18.6274 24 24 18.6274 24 12C24 5.37258 18.6274 0 12 0C5.37258 0 0 5.37258 0 12C0 18.6274 5.37258 24 12 24Z\" fill=\"#25D366\"><\/path>\n<path d=\"M16.9074 7.03131C16.2656 6.38465 15.5016 5.87206 14.6599 5.52334C13.8182 5.17462 12.9155 4.99674 12.0044 5.00005C10.7864 5.00124 9.59004 5.32242 8.53521 5.93143C7.48037 6.54045 6.60407 7.41592 5.99404 8.47015C5.38402 9.5244 5.06169 10.7204 5.05933 11.9384C5.05697 13.1565 5.37467 14.3537 5.98061 15.4103L5 19.0088L8.6773 18.0457C9.69271 18.6106 10.8337 18.9117 11.9956 18.9213C13.8428 18.9213 15.6151 18.1917 16.9269 16.8914C18.2387 15.5911 18.9838 13.8252 19 11.9782C18.9939 11.0565 18.8058 10.1451 18.4467 9.29619C18.0877 8.4473 17.5645 7.67764 16.9074 7.03131ZM12.0044 17.7218C10.9692 17.7225 9.95298 17.4442 9.06254 16.9163L8.85241 16.7849L6.6723 17.3628L7.25016 15.2352L7.11007 15.0163C6.3652 13.8139 6.0872 12.38 6.32875 10.9863C6.57029 9.59269 7.31461 8.33602 8.42068 7.4544C9.52675 6.57278 10.9177 6.12745 12.3302 6.20278C13.7426 6.27809 15.0784 6.86883 16.0844 7.86308C17.1841 8.93842 17.8136 10.4052 17.8355 11.9431C17.8217 13.4805 17.2012 14.9502 16.1091 16.0325C15.0171 17.1146 13.5418 17.7218 12.0044 17.7218ZM15.1651 13.3966C14.99 13.309 14.1407 12.8887 13.9831 12.8362C13.8255 12.7837 13.7029 12.7486 13.5891 12.9238C13.4179 13.1585 13.2336 13.3835 13.0375 13.5979C12.9412 13.7205 12.8361 13.7293 12.661 13.5979C11.6627 13.2034 10.8309 12.4767 10.3058 11.5404C10.122 11.2339 10.4809 11.2515 10.8136 10.5948C10.8382 10.5474 10.851 10.4949 10.851 10.4416C10.851 10.3883 10.8382 10.3357 10.8136 10.2884C10.8136 10.2008 10.4196 9.34276 10.2795 9.0013C10.1395 8.65983 9.99937 8.71236 9.88555 8.70361H9.54409C9.45562 8.70497 9.36846 8.7252 9.28843 8.76295C9.20841 8.80069 9.13736 8.85509 9.08005 8.9225C8.88359 9.11352 8.73037 9.34444 8.63068 9.59968C8.531 9.85492 8.48719 10.1286 8.50219 10.4022C8.55709 11.0572 8.80375 11.6814 9.21138 12.1971C9.95752 13.3141 10.9801 14.219 12.1795 14.8237C12.8086 15.1909 13.5396 15.3445 14.2633 15.2615C14.5042 15.2137 14.7325 15.1157 14.9331 14.9738C15.1338 14.8321 15.3023 14.6496 15.4278 14.4385C15.544 14.1807 15.5806 13.8941 15.5328 13.6154C15.454 13.5279 15.3402 13.4841 15.1651 13.3966Z\" fill=\"white\"><\/path>\n<\/g>\n<defs>\n<clippath id=\"clip0_7607_1303\">\n<rect width=\"24\" height=\"24\" fill=\"white\"><\/rect>\n<\/clippath>\n<\/defs>\n<\/svg><\/p>\n<p>WhatsApp<\/p>\n<\/li>\n<li class=\"!p-0 !m-0 list-none border-b border-gray-200 border-solid\">\n<p><svg class=\"size-8 w-6 h-6 inline-block mr-1.5 text-primary-500\" data-component-name=\"Icon\" aria-hidden=\"true\" height=\"24\" viewbox=\"0 0 24 24\" width=\"24\" xmlns=\"http:\/\/www.w3.org\/2000\/svg\">\n<circle cx=\"12\" cy=\"12\" fill=\"#bd081c\" r=\"12\"><\/circle>\n<path d=\"m12.336 5c-3.822 0-5.754 2.744-5.754 5.025a3.065 3.065 0 0 0 1.652 3.066.279.279 0 0 0 .407-.2l.154-.644a.373.373 0 0 0 -.113-.448 2.341 2.341 0 0 1 -.532-1.582 3.812 3.812 0 0 1 3.961-3.849 3.009 3.009 0 0 1 3.346 3.08c0 2.323-1.022 4.283-2.547 4.283a1.253 1.253 0 0 1 -1.273-1.554 17.616 17.616 0 0 0 .713-2.856 1.081 1.081 0 0 0 -1.092-1.2c-.854 0-1.553.881-1.553 2.071a2.954 2.954 0 0 0 .266 1.274l-1.038 4.383a9.389 9.389 0 0 0 -.027 3.065.109.109 0 0 0 .2.042 8.737 8.737 0 0 0 1.457-2.631l.561-2.212a2.3 2.3 0 0 0 1.959 1.008c2.59 0 4.34-2.366 4.34-5.516a4.8 4.8 0 0 0 -5.087-4.605z\" fill=\"#fff\"><\/path>\n<\/svg><\/p>\n<p>Pinterest<\/p>\n<\/li>\n<\/ul>\n<\/div>\n<div class=\"font-ui-heading max-sm:hidden tooltip absolute left-1\/2 bg-gray-900 text-white text-xs leading-none px-3 py-1.5 rounded-md z-(10001) whitespace-nowrap\" id=\"tooltip-share-this-article\" role=\"tooltip\" aria-hidden=\"true\">\n<p>Teilen Sie diesen Artikel\n<\/p><\/div>\n<\/div>\n<div class=\"relative tooltip-container\" role=\"tooltip\">\n<div class=\"font-ui-heading max-sm:hidden tooltip absolute left-1\/2 bg-gray-900 text-white text-xs leading-none px-3 py-1.5 rounded-md z-(10001) whitespace-nowrap\" id=\"tooltip-join-the-conversation\" role=\"tooltip\" aria-hidden=\"true\">\n<p>Beteiligen Sie sich an der Unterhaltung\n<\/p><\/div>\n<\/div>\n<\/div>\n<div class=\"flex gap-2 text-(#333) subcontainer\">\n<div class=\"relative tooltip-container\" role=\"tooltip\">\n<p><svg class=\"inline-block m-auto size-5 text-inherit filter grayscale brightness-0 contrast-100\" data-component-name=\"Icon\" aria-hidden=\"true\" xmlns=\"http:\/\/www.w3.org\/2000\/svg\" width=\"20\" height=\"20\" fill=\"none\" viewbox=\"0 0 20 20\">\n<path fill=\"#4285F4\" d=\"M18.8 10.208c0-.65-.058-1.275-.167-1.875H10v3.55h4.933a4.226 4.226 0 0 1-1.841 2.759v2.308h2.975C17.8 15.35 18.8 13 18.8 10.208Z\"><\/path>\n<path fill=\"#34A853\" d=\"M10 19.167c2.475 0 4.55-.817 6.066-2.217l-2.975-2.308c-.816.55-1.858.883-3.091.883-2.384 0-4.409-1.608-5.134-3.775h-3.05v2.367c1.509 2.991 4.6 5.05 8.184 5.05Z\"><\/path>\n<path fill=\"#FBBC05\" d=\"M4.865 11.742A5.493 5.493 0 0 1 4.574 10c0-.608.108-1.192.291-1.742V5.892h-3.05A9.054 9.054 0 0 0 .832 10c0 1.483.358 2.875.983 4.108l2.375-1.85.675-.516Z\"><\/path>\n<path fill=\"#EA4335\" d=\"M10 4.483c1.35 0 2.55.467 3.508 1.367l2.625-2.625C14.541 1.742 12.475.833 10 .833c-3.584 0-6.675 2.059-8.184 5.059l3.05 2.366C5.591 6.092 7.616 4.483 10 4.483Z\"><\/path>\n<\/svg><\/p>\n<p>Folgen Sie uns<\/p>\n<div class=\"font-ui-heading max-sm:hidden tooltip absolute left-1\/2 bg-gray-900 text-white text-xs leading-none px-3 py-1.5 rounded-md z-(10001) whitespace-nowrap\" id=\"tooltip-add-us-as-a-preferred-source-on-google\" role=\"tooltip\" aria-hidden=\"true\">\nF\u00fcgen Sie uns als bevorzugte Quelle bei Google hinzu\n<\/div>\n<\/div>\n<div class=\"relative tooltip-container\" role=\"tooltip\">\n<button type=\"button\" class=\"no-underline hover:no-underline newsletter-pop-up-trigger relative text-inherit leading-none text-xs flex items-center gap-1 font-ui-heading\" data-component-name=\"UtilityBar:Newsletter:Button\" id=\"utilitybar__button--newsletter\" aria-label=\"Newsletter\" data-analytics-id=\"article-social\" analytics-label=\"utility-bar-newsletters\" analytics-name=\"utility-bar\" data-mrf-recirculation=\"article-social\"><br \/>\n<svg class=\"inline-block m-auto size-5 text-inherit\" data-component-name=\"Icon\" aria-hidden=\"true\" xmlns=\"http:\/\/www.w3.org\/2000\/svg\" fill=\"none\" viewbox=\"0 0 24 24\" stroke-width=\"1.5\" stroke=\"currentColor\" data-slot=\"icon\">\n<path stroke-linecap=\"round\" stroke-linejoin=\"round\" d=\"M21.75 6.75v10.5a2.25 2.25 0 0 1-2.25 2.25h-15a2.25 2.25 0 0 1-2.25-2.25V6.75m19.5 0A2.25 2.25 0 0 0 19.5 4.5h-15a2.25 2.25 0 0 0-2.25 2.25m19.5 0v.243a2.25 2.25 0 0 1-1.07 1.916l-7.5 4.615a2.25 2.25 0 0 1-2.36 0L3.32 8.91a2.25 2.25 0 0 1-1.07-1.916V6.75\"><\/path>\n<\/svg><\/p>\n<p>Newsletter<br \/>\n<\/button><\/p>\n<div class=\"font-ui-heading max-sm:hidden tooltip absolute left-1\/2 bg-gray-900 text-white text-xs leading-none px-3 py-1.5 rounded-md z-(10001) whitespace-nowrap\" id=\"tooltip-subscribe-to-our-newsletter\" role=\"tooltip\" aria-hidden=\"true\">\n<p>Abonnieren Sie unseren Newsletter\n<\/p><\/div>\n<\/div>\n<\/div>\n<\/div>\n<p id=\"elk-5184fd69-6bf4-4fea-85ce-dce0006b49b5\">Zu wissen, was man im Mai beschneiden sollte und was nicht, h\u00e4ngt vor allem davon ab, wann eine Pflanze bl\u00fcht. Es klingt einfach und ist es oft auch. Wenn Str\u00e4ucher, B\u00e4ume und Kletterpflanzen im Fr\u00fchling bl\u00fchen und ihre Bl\u00fcte beendet haben, beschneiden Sie sie. Wenn sie noch bl\u00fchen oder ihr Potenzial noch nicht erreicht haben, halten Sie die Schnittwerkzeuge fern.<\/p>\n<div id=\"ad-unit-1\" class=\"ad-unit\"><\/div>\n<p>Dies ist eine sehr allgemeine \u00dcbersicht \u00fcber Pflanzen, die im Mai beschnitten werden sollten, sie trifft jedoch auf viele Pflanzen zu. Zus\u00e4tzlich zum Beschneiden von fr\u00fchlingsbl\u00fchenden Pflanzen, die ihre Bl\u00fcte beendet haben, k\u00f6nnen Sie auch Stauden vor der Bl\u00fcte zur\u00fcckschneiden, um sie im Sommer besser zur Geltung zu bringen. Dar\u00fcber hinaus ist der Mai auch ein g\u00fcnstiger Zeitpunkt, um immergr\u00fcne Pflanzen zu beschneiden.<\/p>\n<aside data-block-type=\"embed\" data-render-type=\"fte\" data-skip=\"dealsy\" data-widget-type=\"seasonal\" class=\"hawk-root\"><\/aside>\n<p id=\"elk-5184fd69-6bf4-4fea-85ce-dce0006b49b5-2\" class=\"paywall\" aria-hidden=\"true\">Bevor Sie sich auf den Weg machen und ernsthaft mit dem Schneiden beginnen, verr\u00e4t Ihnen dieser Leitfaden f\u00fcr Pflanzen, die Sie im Mai beschneiden sollten, was Ihre Aufmerksamkeit erfordert und von welchen Sie in diesem Monat die Werkzeuge fernhalten sollten. Es enth\u00e4lt Ratschl\u00e4ge zum Beschneiden von Str\u00e4uchern, B\u00e4umen, Kletterpflanzen, Stauden, Blumen und Hecken, die zu jeder Fr\u00fchlings-Gartencheckliste hinzugef\u00fcgt werden k\u00f6nnen.<\/p>\n<p><span class=\"article-continues-below block py-2 text-sm\">Der Artikel wird weiter unten fortgesetzt <svg aria-hidden=\"true\" class=\"inline-block w-2.5 h-2.5 ml-2\" fill=\"currentColor\" preserveaspectratio=\"xMidYMid meet\" xmlns=\"http:\/\/www.w3.org\/2000\/svg\" viewbox=\"0 0 1000 1000\"><path d=\"M1000 100L500 900 0 100h1000z\"><\/path><\/svg><\/span><\/p>\n<div id=\"mid-article-leaderboard\" class=\"ad-unit sm:hidden block\" style=\"height: 140px; margin: 10px 0;\"><\/div>\n<div class=\"van_vid_carousel\">\n<div class=\"van_vid_carousel__padding\">\n<div class=\"van_vid_carousel__container\">\n<div class=\"jw-carousel-signposting\" style=\"display: none;\"><span class=\"jw-carousel-signposting__title\"><\/span><\/div>\n<\/div>\n<\/div>\n<\/div>\n<aside data-component-name=\"Recirculation:ArticleRiver\" data-recirculation-type=\"inline\" data-mrf-recirculation=\"Trending Bar\" data-nosnippet class=\"clear-both pt-2 pb-0 mb-4\">\n        <span class=\"\n            flex\n            after:content-('') after:flex-1 after:ml-4 after:my-(0.7rem) after:border-t after:border-solid after:border-(#333)\n            before:content-('') before:flex-1 before:mr-4 before:my-(0.7rem) before:border-t before:border-solid before:border-(#333)\n            font-article-heading pb-0 text-(length:var(--article-river-title--font-size,1em)) uppercase sm:text-(length:var(--article-river-title--font-size,0.875em)) font-normal\n        \"><\/p>\n<p>            Vielleicht gef\u00e4llt es Ihnen<br \/>\n        <\/span><\/p>\n<ul class=\"flex flex-col gap-0 m-0 max-w-full\">\n<li class=\"m-0 list-none border-b border-solid border-(#ededed) py-2.5\" data-recirculation-id=\"recirculation-card-1\" id=\"recirculation-inline-1\" data-analytics-id=\"recirculation-inline-1\" analytics-label=\"\" data-mrf-recirculation=\"recirculation-inline-1\">\n<picture data-new-v2-image=\"true\" class=\"aspect-square size-(85px) md:size-20 flex-shrink-0\"><source type=\"image\/webp\"  ><\/source><\/p>\n<\/picture>\n                        <span class=\"w-full text-base font-(var(--article-river-item--font-weight,500)) font-article-heading line-clamp-3 md:line-clamp-2\">Beschneiden Sie im April nicht alles \u2013 6 Pflanzen, die jetzt zur\u00fcckgeschnitten werden m\u00fcssen, und was Sie diesen Monat nicht ber\u00fchren sollten<\/span><\/p>\n<\/li>\n<li class=\"m-0 list-none border-b border-solid border-(#ededed) py-2.5\" data-recirculation-id=\"recirculation-card-2\" id=\"recirculation-inline-2\" data-analytics-id=\"recirculation-inline-2\" analytics-label=\"\" data-mrf-recirculation=\"recirculation-inline-2\">\n<picture data-new-v2-image=\"true\" class=\"aspect-square size-(85px) md:size-20 flex-shrink-0\"><source type=\"image\/webp\"  ><\/source><br \/>\n    <img decoding=\"async\" alt=\"Str\u00e4ucher um eine Bank in einem botanischen Garten\"   loading=\"lazy\" data-new-v2-image=\"true\" src=\"https:\/\/www.strassenweb.de\/nachrichten\/wp-content\/uploads\/2026\/03\/Bn4oR2kLrqyKWQ2GXHoHTe.jpg\" data-pin-media=\"https:\/\/www.strassenweb.de\/nachrichten\/wp-content\/uploads\/2026\/03\/Bn4oR2kLrqyKWQ2GXHoHTe.jpg\" class=\"rounded-(var(--image--border-radius,0)) aspect-square size-(85px) md:size-20 object-cover flex-shrink-0\" data-pin-nopin=\"true\">\n    <\/picture>\n                        <span class=\"w-full text-base font-(var(--article-river-item--font-weight,500)) font-article-heading line-clamp-3 md:line-clamp-2\">Stoppen Sie \u2013 beschneiden Sie noch nicht alles. Hier erfahren Sie, was im M\u00e4rz tats\u00e4chlich gek\u00fcrzt werden muss und was Sie vermeiden sollten <\/span><\/p>\n<\/li>\n<li class=\"m-0 list-none border-b border-solid border-(#333) py-2.5\" data-recirculation-id=\"recirculation-card-3\" id=\"recirculation-inline-3\" data-analytics-id=\"recirculation-inline-3\" analytics-label=\"\" data-mrf-recirculation=\"recirculation-inline-3\">\n<picture data-new-v2-image=\"true\" class=\"aspect-square size-(85px) md:size-20 flex-shrink-0\"><source type=\"image\/webp\"  ><\/source><br \/>\n    <img decoding=\"async\" alt=\"Ein professionell gestalteter Garten mit B\u00e4umen, blau-wei\u00df bl\u00fchenden Pflanzen und Steinwegen\"   loading=\"lazy\" data-new-v2-image=\"true\" src=\"https:\/\/www.strassenweb.de\/nachrichten\/wp-content\/uploads\/2025\/06\/mWpyqSjDBSRenqwrFnoSkm.jpg\" data-pin-media=\"https:\/\/www.strassenweb.de\/nachrichten\/wp-content\/uploads\/2025\/06\/mWpyqSjDBSRenqwrFnoSkm.jpg\" class=\"rounded-(var(--image--border-radius,0)) aspect-square size-(85px) md:size-20 object-cover flex-shrink-0\" data-pin-nopin=\"true\">\n    <\/picture>\n                        <span class=\"w-full text-base font-(var(--article-river-item--font-weight,500)) font-article-heading line-clamp-3 md:line-clamp-2\">Z\u00f6gern Sie nicht, diese 5 bl\u00fchenden B\u00e4ume im Fr\u00fchling zu beschneiden \u2013 Sie k\u00f6nnten die herrliche Bl\u00fcte verpassen<\/span><\/p>\n<\/li>\n<\/ul>\n<\/aside>\n<h3 class=\"article-body__section\" id=\"section-plants-to-prune-in-may\"><span>Pflanzen zum Beschneiden im Mai<\/span><\/h3>\n<h2 id=\"spring-flowering-shrubs-3\">Fr\u00fchlingsbl\u00fchende Str\u00e4ucher<\/h2>\n<figure class=\"van-image-figure inline-layout \" data-bordeaux-image-check id=\"elk-68cd62d8-1149-455f-b976-eef246ae3b84\">\n<div class=\"image-full-width-wrapper\">\n<div class=\"image-widthsetter\" style=\"max-width:2000px;\"><\/div>\n<\/div>\n<\/figure>\n<p id=\"elk-3fc6e558-bfeb-46b0-95b8-27adfb602904\">Eine der wichtigsten Pflanzen, die man im Mai beschneiden sollte, sind fr\u00fchlingsbl\u00fchende Str\u00e4ucher. Die Sch\u00f6nheiten haben ihre Bl\u00fctezeit f\u00fcr dieses Jahr hinter sich, und jetzt ist es an der Zeit, ihnen etwas Liebe zu zeigen, damit sie im n\u00e4chsten Jahr eine Wiederholung veranstalten.<\/p>\n<div id=\"ad-unit-2\" class=\"ad-unit\"><\/div>\n<p>Str\u00e4ucher wie Forsythie, Flieder, Azalee, Rhododendron, mexikanische Orangenbl\u00fcte, Weigelie und Kerria m\u00fcssen direkt nach der Bl\u00fcte beschnitten werden. Sobald die Blumen verbl\u00fcht sind, ist es Zeit zum Handeln. Diese Ma\u00dfnahme ist gerechtfertigt, da diese Str\u00e4ucher auf altem Holz bl\u00fchen. Das Wachstum, das Sie durch den Schnitt in diesem Monat f\u00f6rdern, tr\u00e4gt also die Knospen und Bl\u00fcten des n\u00e4chsten Fr\u00fchlings.<\/p>\n<p>Beim Fr\u00fchlingsschnitt dieser bl\u00fchenden Str\u00e4ucher geht es haupts\u00e4chlich darum, abgestorbene, kranke, besch\u00e4digte und sich kreuzende Zweige zu entfernen. Schneiden Sie die Pflanze immer bis zur Knospe oder bis zur Basis zur\u00fcck, um frisches, produktives neues Wachstum zu f\u00f6rdern. Entfernen Sie bei \u00e4lteren Str\u00e4uchern ein oder zwei der \u00e4ltesten St\u00e4ngel, jedoch nicht mehr als ein Drittel.<\/p>\n<h2 id=\"herbaceous-perennials-3\">Krautige Stauden<\/h2>\n<figure class=\"van-image-figure inline-layout \" data-bordeaux-image-check id=\"elk-813d84e0-fd9d-4692-9598-ee08f1970017\">\n<div class=\"image-full-width-wrapper\">\n<div class=\"image-widthsetter\" style=\"max-width:900px;\"><\/div>\n<\/div>\n<\/figure>\n<p id=\"elk-38db5829-20a8-4036-88f3-63396c287c18\">In Gro\u00dfbritannien gibt es eine Schnittmethode, die als \u201eThe Chelsea Chop\u201c bekannt ist und bei der Stauden im Mai anl\u00e4sslich der RHS Chelsea Flower Show zur\u00fcckgeschnitten werden.<\/p>\n<div id=\"slice-container-newsletterForm-articleInbodyContent-CVhVxTKdSQTMP2VdzjWx8j\" class=\"slice-container newsletter-inbodyContent-slice newsletterForm-articleInbodyContent-CVhVxTKdSQTMP2VdzjWx8j slice-container-newsletterForm\"><\/div>\n<p>Eine Reihe der besten Stauden kann man um ein Drittel zerkleinern, und der Wahnsinn hat echte Methode. Diese Schnitttechnik f\u00f6rdert ein buschigeres Wachstum, weniger Ausfransen im Sommer und mehr Bl\u00fcten, da die Pflanze viele Seitentriebe entwickelt.<\/p>\n<p>Zu den Stauden in Ihren Blumenbeeten, die von dieser Schnitttechnik Ende Mai profitieren k\u00f6nnten, geh\u00f6ren Helenium, Phlox, Sonnenhut, Schwarz\u00e4ugige Susanne, Sedum, Aster, Schafgarbe, winterharte Geranien und Monarda. Wenn Sie davor Angst haben, dies auszuprobieren, k\u00f6nnen Sie bestimmte Klumpen abschneiden und andere nicht, oder sogar die H\u00e4lfte eines Klumpens machen und den Rest stehen lassen.<\/p>\n<p>Die Methode ist einfach. Benutzen Sie eine Baum- oder Heckenschere und schneiden Sie die Staude um etwa ein Drittel bis die H\u00e4lfte zur\u00fcck.<\/p>\n<aside data-component-name=\"Recirculation:ArticleRiver\" data-recirculation-type=\"inline\" data-mrf-recirculation=\"Trending Bar\" data-nosnippet class=\"clear-both pt-2 pb-0 mb-4\">\n        <span class=\"\n            flex\n            after:content-('') after:flex-1 after:ml-4 after:my-(0.7rem) after:border-t after:border-solid after:border-(#333)\n            before:content-('') before:flex-1 before:mr-4 before:my-(0.7rem) before:border-t before:border-solid before:border-(#333)\n            font-article-heading pb-0 text-(length:var(--article-river-title--font-size,1em)) uppercase sm:text-(length:var(--article-river-title--font-size,0.875em)) font-normal\n        \"><\/p>\n<p>            Was Sie als n\u00e4chstes lesen sollten<br \/>\n        <\/span><\/p>\n<ul class=\"flex flex-col gap-0 m-0 max-w-full\">\n<li class=\"m-0 list-none border-b border-solid border-(#ededed) py-2.5\" data-recirculation-id=\"recirculation-card-1\" id=\"recirculation-inline-2-1\" data-analytics-id=\"recirculation-2-inline-1\" analytics-label=\"\" data-mrf-recirculation=\"recirculation-2-inline-1\">\n<picture data-new-v2-image=\"true\" class=\"aspect-square size-(85px) md:size-20 flex-shrink-0\"><source type=\"image\/webp\"  ><\/source><br \/>\n    <img decoding=\"async\" alt=\"Rote und gr\u00fcne \u00c4pfel auf einem Apfelbaum in einem Obstgarten\"   loading=\"lazy\" data-new-v2-image=\"true\" src=\"https:\/\/www.strassenweb.de\/nachrichten\/wp-content\/uploads\/2026\/04\/C9UVcT3CM5SnmKAJH7sMaf.jpg\" data-pin-media=\"https:\/\/www.strassenweb.de\/nachrichten\/wp-content\/uploads\/2026\/04\/C9UVcT3CM5SnmKAJH7sMaf.jpg\" class=\"rounded-(var(--image--border-radius,0)) aspect-square size-(85px) md:size-20 object-cover flex-shrink-0\" data-pin-nopin=\"true\">\n    <\/picture>\n                        <span class=\"w-full text-base font-(var(--article-river-item--font-weight,500)) font-article-heading line-clamp-3 md:line-clamp-2\">Wenn die Obstb\u00e4ume im Fr\u00fchling erwachen, beschneiden Sie diese 6 Sorten im April, um die bisher besten Ernten zu erzielen<\/span><\/p>\n<\/li>\n<li class=\"m-0 list-none border-b border-solid border-(#ededed) py-2.5\" data-recirculation-id=\"recirculation-card-2\" id=\"recirculation-inline-2-2\" data-analytics-id=\"recirculation-2-inline-2\" analytics-label=\"\" data-mrf-recirculation=\"recirculation-2-inline-2\">\n<picture data-new-v2-image=\"true\" class=\"aspect-square size-(85px) md:size-20 flex-shrink-0\"><source type=\"image\/webp\"  ><\/source><br \/>\n    <img decoding=\"async\" alt=\"Wei\u00dfer Lattenzaun mit rosa Rosen und Lavendelbepflanzung\"   loading=\"lazy\" data-new-v2-image=\"true\" src=\"https:\/\/www.strassenweb.de\/nachrichten\/wp-content\/uploads\/2026\/05\/wYhAHgBBKejYhzWaFnHtw.jpg\" data-pin-media=\"https:\/\/www.strassenweb.de\/nachrichten\/wp-content\/uploads\/2026\/05\/wYhAHgBBKejYhzWaFnHtw.jpg\" class=\"rounded-(var(--image--border-radius,0)) aspect-square size-(85px) md:size-20 object-cover flex-shrink-0\" data-pin-nopin=\"true\">\n    <\/picture>\n                        <span class=\"w-full text-base font-(var(--article-river-item--font-weight,500)) font-article-heading line-clamp-3 md:line-clamp-2\">Was tun mit Lavendel im Mai f\u00fcr mehr Bl\u00fcten, st\u00e4rkeres Wachstum und eine l\u00e4ngere Bl\u00fctezeit?<\/span><\/p>\n<\/li>\n<li class=\"m-0 list-none border-b border-solid border-(#333) py-2.5\" data-recirculation-id=\"recirculation-card-3\" id=\"recirculation-inline-2-3\" data-analytics-id=\"recirculation-2-inline-3\" analytics-label=\"\" data-mrf-recirculation=\"recirculation-2-inline-3\">\n<picture data-new-v2-image=\"true\" class=\"aspect-square size-(85px) md:size-20 flex-shrink-0\"><source type=\"image\/webp\"  ><\/source><br \/>\n    <img decoding=\"async\" alt=\"Ein Blumenbeet voller bunter mehrj\u00e4hriger Pflanzen\"   loading=\"lazy\" data-new-v2-image=\"true\" src=\"https:\/\/www.strassenweb.de\/nachrichten\/wp-content\/uploads\/2026\/03\/L88zVb9BNYbrefNsqa8dXn.jpg\" data-pin-media=\"https:\/\/www.strassenweb.de\/nachrichten\/wp-content\/uploads\/2026\/03\/L88zVb9BNYbrefNsqa8dXn.jpg\" class=\"rounded-(var(--image--border-radius,0)) aspect-square size-(85px) md:size-20 object-cover flex-shrink-0\" data-pin-nopin=\"true\">\n    <\/picture>\n                        <span class=\"w-full text-base font-(var(--article-river-item--font-weight,500)) font-article-heading line-clamp-3 md:line-clamp-2\">Die March Garden Divide \u2013 Was jetzt zu tun ist (und worauf man warten sollte)<\/span><\/p>\n<\/li>\n<\/ul>\n<\/aside>\n<h2 id=\"evergreen-hedges-3\">Immergr\u00fcne Hecken<\/h2>\n<figure class=\"van-image-figure inline-layout \" data-bordeaux-image-check id=\"elk-eed5b864-d56e-4f01-90ee-ecf96fb7bf3d\">\n<div class=\"image-full-width-wrapper\">\n<div class=\"image-widthsetter\" style=\"max-width:2400px;\"><\/div>\n<\/div>\n<\/figure>\n<p id=\"elk-0e41f352-e9a0-45c7-9e3e-46b278c74fab\">Der Mai ist ein guter Monat, um immergr\u00fcne Str\u00e4ucher und Hecken vorsichtig zu beschneiden. Nach dem Ende des Frosts ist es der perfekte Zeitpunkt, Hecken und Str\u00e4ucher wie Buchsbaum, Eibe, Zypresse und Liguster zu s\u00e4ubern und in Form zu bringen.<\/p>\n<p>Der Fr\u00fchjahrsschnitt beseitigt Wintersch\u00e4den und regt neues Wachstum an. Wenn Sie bis zu 20 % zur\u00fcckschneiden, erholt sich die Hecke mit schnellem Wachstum, deckt etwaige Schnittschnitte ab und sorgt daf\u00fcr, dass sie im Sommer \u00fcppig aussieht.<\/p>\n<p>Beim Beschneiden immergr\u00fcner Hecken sind scharfe Schnittwerkzeuge ein Muss. Stumpfe Werkzeuge besch\u00e4digen die Bl\u00e4tter oder verursachen einen gezackten Riss. Dies hinterl\u00e4sst hinterher eine unansehnliche Hecke und kann vermieden werden, indem Sie sich einen Moment Zeit nehmen, um Ihre Werkzeuge zu sch\u00e4rfen, bevor Sie losfahren.<\/p>\n<p>Mit einem Werkzeugsch\u00e4rfer im Taschenformat, wie diesem Gartenger\u00e4tesch\u00e4rfer bei Amazon, geht das schnell.<\/p>\n<h2 id=\"early-climbers-3\">Fr\u00fchaufsteiger<\/h2>\n<figure class=\"van-image-figure inline-layout \" data-bordeaux-image-check id=\"elk-ff41ad5e-9998-47c2-8302-f5ec42afe123\">\n<div class=\"image-full-width-wrapper\">\n<div class=\"image-widthsetter\" style=\"max-width:2400px;\"><\/div>\n<\/div>\n<\/figure>\n<p id=\"elk-db22b403-4227-4ae7-867f-757458e3eef6\">Fr\u00fchbl\u00fchende Kletterpflanzen sollten ebenso wie fr\u00fchlingsbl\u00fchende Str\u00e4ucher nach der Bl\u00fcte beschnitten werden.<\/p>\n<p>Dazu geh\u00f6ren fr\u00fche Clematisarten wie Clematis montana. Einst fr\u00fche Clematis, eine Gruppe, zu der auch geh\u00f6rt <em>C. alpina, C. Macropetala und C. cirrhosa<\/em>Nach der Bl\u00fcte k\u00f6nnen \u00fcberwucherte St\u00e4ngel entwirrt und auf ein Paar gesunde Knospen zur\u00fcckgeschnitten werden.<\/p>\n<p>Weitere Kletterpflanzen, die im Mai beschnitten werden sollten, sind Abelia, Akebia, winterbl\u00fchende Lonicera und alle an der Wand ausgebildeten Pyracantha.<\/p>\n<p>Eine weitere wichtige Aufgabe f\u00fcr Kletterer im Mai ist das Anbinden neuer Triebe. Die St\u00e4ngel wachsen im Fr\u00fchjahr schnell, nehmen Sie sich also Zeit, um neue Triebe an ihre Kletterpflanzenst\u00fctzen heranzuf\u00fchren. Verwenden Sie weiche Kabelbinder, um eine Besch\u00e4digung der St\u00e4mme zu vermeiden \u2013 ich habe oft flexible Kabelbinder wie diese bei Amazon verwendet, um Kletterpflanzen sicher anzubinden.<\/p>\n<h2 id=\"spring-bulbs-3\">Fr\u00fchlingszwiebeln<\/h2>\n<figure class=\"van-image-figure inline-layout \" data-bordeaux-image-check id=\"elk-1da5dc2c-7655-4080-ac7e-7d5cf34827b7\">\n<div class=\"image-full-width-wrapper\">\n<div class=\"image-widthsetter\" style=\"max-width:2400px;\"><\/div>\n<\/div>\n<\/figure>\n<p id=\"elk-c315022a-27fe-4803-897d-e9988e90bb60\">Diese Aufgabe spaltet die Meinungen in der Gartenbauwelt, daher \u00fcberlassen wir es Ihnen, ob Sie sie im Mai erledigen. Alles in allem hat das Herausschneiden von Fr\u00fchlingszwiebeln Vorteile, es handelt sich jedoch nicht immer um eine unbedingt erforderliche Aufgabe.<\/p>\n<p>Nachdem die Bl\u00fcten Ihrer Narzissen, Hyazinthen oder Tulpen verbl\u00fcht sind, schneiden Sie sie ab, um die Energie auf die Zwiebel zu konzentrieren und nicht auf die Bildung von Samen. Dies kann einen Unterschied f\u00fcr die Pr\u00e4sentation im n\u00e4chsten Jahr machen.<\/p>\n<p>Entfernen Sie die alten Bl\u00fcten, aber schneiden Sie das Laub nicht zur\u00fcck. Die St\u00e4ngel und Bl\u00e4tter sollten nach der Bl\u00fcte mindestens sechs Wochen lang stehen bleiben, um die Photosynthese aufrechtzuerhalten und die Zwiebel zu ern\u00e4hren. Schneiden Sie das Laub erst ab, wenn es auf nat\u00fcrliche Weise vollst\u00e4ndig abgestorben ist.<\/p>\n<p>Sie sehen, wie einige G\u00e4rtner das Laub verknoten. Tun Sie dies nicht, da es das Sonnenlicht aktiv einschr\u00e4nkt und die Photosynthese einschr\u00e4nkt. Um im n\u00e4chsten Fr\u00fchjahr die kr\u00e4ftigsten Bl\u00fcten zu erhalten, schneiden Sie die Bl\u00fcten ab und ber\u00fchren Sie das Laub nicht.<\/p>\n<h2 id=\"shop-pruning-tools-3\">Kaufen Sie Schnittwerkzeuge<\/h2>\n<div class=\"product-container hero-product-container product-block-no-wrap\">\n<div class=\"product-block-row\"><\/div>\n<div class=\"product-block-row\"><\/div>\n<div class=\"product-block-row\"><\/div>\n<\/div>\n<h3 class=\"article-body__section\" id=\"section-plants-to-never-prune-in-may\"><span>Pflanzen, die im Mai niemals beschnitten werden sollten<\/span><\/h3>\n<h2 id=\"plants-that-are-blooming-3\">Pflanzen, die bl\u00fchen<\/h2>\n<p id=\"elk-860d5451-62cc-4ec4-ac5a-9ed0109f4080\">Im Mai kann es fr\u00fchlingsbl\u00fchende Str\u00e4ucher und B\u00e4ume geben, die noch bl\u00fchen. Es ist eine enorme Verschwendung, sie zu beschneiden, w\u00e4hrend sie noch bl\u00fchen.<\/p>\n<p>Das Gleiche gilt f\u00fcr alle Pflanzen, die im Fr\u00fchling bl\u00fchen, dieses Jahr aber noch nicht ihr volles Bl\u00fchpotenzial erreicht haben \u2013 Sie riskieren, die Bl\u00fctenknospen zu entfernen, wenn Sie sie jetzt schneiden.<\/p>\n<p>Alle Pflanzen in Ihrem Garten, die im Fr\u00fchling bl\u00fchen, bl\u00fchen auch auf altem Holz. Daher sollten Sie sich daran erinnern, sie zu beschneiden, nachdem sie das ganze Jahr \u00fcber mit der Bl\u00fcte fertig sind.<\/p>\n<h2 id=\"spring-flowering-perennials-3\">Fr\u00fchlingsbl\u00fchende Stauden<\/h2>\n<figure class=\"van-image-figure inline-layout \" data-bordeaux-image-check id=\"elk-262a053d-10cd-4648-8d57-6b5ed0c5c936\">\n<div class=\"image-full-width-wrapper\">\n<div class=\"image-widthsetter\" style=\"max-width:2400px;\"><\/div>\n<\/div>\n<\/figure>\n<p id=\"elk-43ce6959-5d4d-4022-a409-8fb2b87d26ef\">Viele Stauden erbl\u00fchen im Fr\u00fchling und sorgen f\u00fcr fr\u00fche Farbe in den G\u00e4rten. Beeilen Sie sich nicht, diese fr\u00fchlingsbl\u00fchenden Stauden zur\u00fcckzuschneiden, da dies Auswirkungen auf die Pr\u00e4sentation im n\u00e4chsten Jahr haben kann.<\/p>\n<p>Arten wie Tr\u00e4nendes Herz, Akelei und Nieswurz l\u00e4sst man am besten auf nat\u00fcrliche Weise absterben. Dadurch hat die Pflanze viel Zeit, Energie f\u00fcr die Pr\u00e4sentation im n\u00e4chsten Jahr zu speichern.<\/p>\n<p>Bei Akelei und anderen Selbsts\u00e4ern verringert ein zu fr\u00fches Entfernen der Bl\u00fcten die Ausbreitungsgefahr. W\u00e4hrend dies f\u00fcr einige G\u00e4rtner ideal sein mag, w\u00fcnschen sich andere m\u00f6glicherweise, dass im n\u00e4chsten Jahr neue Blumen erscheinen.<\/p>\n<h2 id=\"bleeder-trees-3\">Blutende B\u00e4ume<\/h2>\n<p id=\"elk-7096e9cc-3fb4-486d-a53c-970c7c22c853\">Manche B\u00e4ume haben den Ruf, im zeitigen Fr\u00fchjahr Saft auszubluten. Tats\u00e4chlich werden Ahorn-, Birken-, Buchen-, Ulmen- und Walnussb\u00e4ume als \u201eBlutb\u00e4ume\u201c bezeichnet, da sie zu bestimmten Jahreszeiten dazu neigen, Saft aus Schnittschnitten auszuscheiden.<\/p>\n<p>Im Fr\u00fchling erreicht der Saft seinen H\u00f6hepunkt, und das Beschneiden in diesem Monat wird nicht nur schmutzig, sondern riskiert auch, dass die B\u00e4ume gestresst und anf\u00e4llig f\u00fcr Sch\u00e4dlinge oder Krankheiten werden. Es ist besser, im Hochsommer Feuer zu machen und diese B\u00e4ume zu beschneiden.<\/p>\n<h2 id=\"hedges-with-nesting-birds-3\">Hecken mit nistenden V\u00f6geln<\/h2>\n<figure class=\"van-image-figure inline-layout \" data-bordeaux-image-check id=\"elk-0d708d01-263b-43ed-84f6-b26e6536f282\">\n<div class=\"image-full-width-wrapper\">\n<div class=\"image-widthsetter\" style=\"max-width:2000px;\"><\/div>\n<\/div>\n<\/figure>\n<p id=\"elk-fc440fd4-7a35-49ef-9763-6fb4d5b88c8b\">Im Mai ist die Hauptbrutzeit der V\u00f6gel. Es wird daher empfohlen, den Heckenschnitt zu unterbrechen, um sie nicht zu st\u00f6ren.<\/p>\n<p>Das Zugvogelvertragsgesetz verbietet die St\u00f6rung oder Zerst\u00f6rung aktiver einheimischer Vogelnester. Zu dieser Jahreszeit bauen viele V\u00f6gel ihre Nester oder lassen sich dort nieder.<\/p>\n<p>Da Hecken und Str\u00e4ucher aufgrund des Schutzes und Unterschlupfs, den sie bieten, ein erstklassiger Lebensraum f\u00fcr V\u00f6gel sein k\u00f6nnen, kann jeder R\u00fcckschnitt, der diese Nester st\u00f6rt, zu Problemen f\u00fchren und m\u00f6glicherweise mit Strafen oder Bu\u00dfgeldern rechnen.<\/p>\n<hr id=\"elk-97685e42-bccb-4ff2-912b-91e4a4eaba3d\">\n<p id=\"elk-a87a937d-9585-449f-8264-73a9b16976ff\">Im Mai besteht in einigen Regionen der USA eine hohe Wahrscheinlichkeit, dass es h\u00e4ufig zu St\u00fcrmen kommt. Wenn Sie in solchen betroffenen Gebieten leben, ist es von Vorteil, sich vorzubereiten, indem Sie auf \u00c4ste achten und diese beschneiden, die bei St\u00fcrmen herunterfallen k\u00f6nnten. Sobald das schlimmste Wetter vor\u00fcber ist, \u00fcberpr\u00fcfen Sie erneut, ob \u00c4ste oder St\u00e4ngel gef\u00e4hrlich aussehen, und entfernen Sie diese bei Bedarf.<\/p>\n<p>Wenn Sie inspirierende Gartenideen, Outdoor-Ratschl\u00e4ge und die neuesten Nachrichten lieben, warum melden Sie sich dann nicht f\u00fcr unseren Newsletter an und erhalten die neuesten Features direkt in Ihren Posteingang?<\/p>\n<div class=\"block mb-5\" id=\"articleTag\" data-component-name=\"PostArticleLinks\" data-nosnippet data-mrf-recirculation=\"post-article-links\">\n<div class=\"border-b border-b-black border-solid py-2.5 text-black font-bold uppercase\">THEMEN<\/div>\n<nav class=\"py-2.5 flex gap-2.5 flex-wrap\" data-analytics-id=\"article-tag\" data-mrf-recirculation=\"article-tag\">\n<p>Beschneidung<\/p>\n<\/nav>\n<\/div>\n<\/div>\n<p><script async src=\"https:\/\/platform.twitter.com\/widgets.js\" charset=\"utf-8\"><\/script><\/p>\n","protected":false},"excerpt":{"rendered":"<p>Aktie Link kopieren Facebook X WhatsApp Pinterest Teilen Sie diesen Artikel Beteiligen Sie sich an der Unterhaltung Folgen Sie uns F\u00fcgen Sie uns als bevorzugte<\/p>\n","protected":false},"author":1,"featured_media":13444,"comment_status":"closed","ping_status":"","sticky":false,"template":"","format":"standard","meta":{"footnotes":""},"categories":[118],"tags":[445,43,55,3357,170,1272,1657,541,7024,3406,165,560,13884,37,67,2452],"class_list":["post-13443","post","type-post","status-publish","format-standard","has-post-thumbnail","hentry","category-haus-garten","tag-beschneiden","tag-ein","tag-fuer","tag-herrliches","tag-ihr","tag-jetzt","tag-lassen","tag-leitfaden","tag-mai","tag-ruhe","tag-sie","tag-sollten","tag-sommerwachstum","tag-und","tag-zum","tag-zurueckschneiden","generate-columns","tablet-grid-50","mobile-grid-100","grid-parent","grid-50"],"yoast_head":"<!-- This site is optimized with the Yoast SEO plugin v27.3 - https:\/\/yoast.com\/product\/yoast-seo-wordpress\/ -->\n<title>Ihr Leitfaden zum Beschneiden im Mai: Was Sie jetzt f\u00fcr ein herrliches Sommerwachstum zur\u00fcckschneiden sollten \u2013 und was Sie in Ruhe lassen sollten - Nachrichten - Stra\u00dfenweb<\/title>\n<meta name=\"robots\" content=\"index, follow, max-snippet:-1, max-image-preview:large, max-video-preview:-1\" \/>\n<link rel=\"canonical\" href=\"https:\/\/www.strassenweb.de\/nachrichten\/ihr-leitfaden-zum-beschneiden-im-mai-was-sie-jetzt-fuer-ein-herrliches-sommerwachstum-zurueckschneiden-sollten-und-was-sie-in-ruhe-lassen-sollten\/\" \/>\n<meta property=\"og:locale\" content=\"de_DE\" \/>\n<meta property=\"og:type\" content=\"article\" \/>\n<meta property=\"og:title\" content=\"Ihr Leitfaden zum Beschneiden im Mai: Was Sie jetzt f\u00fcr ein herrliches Sommerwachstum zur\u00fcckschneiden sollten \u2013 und was Sie in Ruhe lassen sollten - Nachrichten - Stra\u00dfenweb\" \/>\n<meta property=\"og:description\" content=\"Aktie Link kopieren Facebook X WhatsApp Pinterest Teilen Sie diesen Artikel Beteiligen Sie sich an der Unterhaltung Folgen Sie uns F\u00fcgen Sie uns als bevorzugte\" \/>\n<meta property=\"og:url\" content=\"https:\/\/www.strassenweb.de\/nachrichten\/ihr-leitfaden-zum-beschneiden-im-mai-was-sie-jetzt-fuer-ein-herrliches-sommerwachstum-zurueckschneiden-sollten-und-was-sie-in-ruhe-lassen-sollten\/\" \/>\n<meta property=\"og:site_name\" content=\"Stra\u00dfenweb\" \/>\n<meta property=\"article:publisher\" content=\"https:\/\/www.facebook.com\/strassenweb\/\" \/>\n<meta property=\"article:published_time\" content=\"2026-05-03T13:39:53+00:00\" \/>\n<meta property=\"article:modified_time\" content=\"2026-05-03T13:39:59+00:00\" \/>\n<meta property=\"og:image\" content=\"https:\/\/www.strassenweb.de\/nachrichten\/wp-content\/uploads\/2026\/05\/Ihr-Leitfaden-zum-Beschneiden-im-Mai-Was-Sie-jetzt-fuer.jpg\" \/>\n\t<meta property=\"og:image:width\" content=\"1600\" \/>\n\t<meta property=\"og:image:height\" content=\"900\" \/>\n\t<meta property=\"og:image:type\" content=\"image\/jpeg\" \/>\n<meta name=\"author\" content=\"Robert Hoffmann\" \/>\n<meta name=\"twitter:card\" content=\"summary_large_image\" \/>\n<meta name=\"twitter:label1\" content=\"Verfasst von\" \/>\n\t<meta name=\"twitter:data1\" content=\"Robert Hoffmann\" \/>\n\t<meta name=\"twitter:label2\" content=\"Gesch\u00e4tzte Lesezeit\" \/>\n\t<meta name=\"twitter:data2\" content=\"9\u00a0Minuten\" \/>\n<script type=\"application\/ld+json\" class=\"yoast-schema-graph\">{\"@context\":\"https:\\\/\\\/schema.org\",\"@graph\":[{\"@type\":\"Article\",\"@id\":\"https:\\\/\\\/www.strassenweb.de\\\/nachrichten\\\/ihr-leitfaden-zum-beschneiden-im-mai-was-sie-jetzt-fuer-ein-herrliches-sommerwachstum-zurueckschneiden-sollten-und-was-sie-in-ruhe-lassen-sollten\\\/#article\",\"isPartOf\":{\"@id\":\"https:\\\/\\\/www.strassenweb.de\\\/nachrichten\\\/ihr-leitfaden-zum-beschneiden-im-mai-was-sie-jetzt-fuer-ein-herrliches-sommerwachstum-zurueckschneiden-sollten-und-was-sie-in-ruhe-lassen-sollten\\\/\"},\"author\":{\"name\":\"Robert Hoffmann\",\"@id\":\"https:\\\/\\\/www.strassenweb.de\\\/nachrichten\\\/#\\\/schema\\\/person\\\/87c9c9067f1211da429a744dc5a5aa41\"},\"headline\":\"Ihr Leitfaden zum Beschneiden im Mai: Was Sie jetzt f\u00fcr ein herrliches Sommerwachstum zur\u00fcckschneiden sollten \u2013 und was Sie in Ruhe lassen sollten\",\"datePublished\":\"2026-05-03T13:39:53+00:00\",\"dateModified\":\"2026-05-03T13:39:59+00:00\",\"mainEntityOfPage\":{\"@id\":\"https:\\\/\\\/www.strassenweb.de\\\/nachrichten\\\/ihr-leitfaden-zum-beschneiden-im-mai-was-sie-jetzt-fuer-ein-herrliches-sommerwachstum-zurueckschneiden-sollten-und-was-sie-in-ruhe-lassen-sollten\\\/\"},\"wordCount\":1794,\"publisher\":{\"@id\":\"https:\\\/\\\/www.strassenweb.de\\\/nachrichten\\\/#organization\"},\"image\":{\"@id\":\"https:\\\/\\\/www.strassenweb.de\\\/nachrichten\\\/ihr-leitfaden-zum-beschneiden-im-mai-was-sie-jetzt-fuer-ein-herrliches-sommerwachstum-zurueckschneiden-sollten-und-was-sie-in-ruhe-lassen-sollten\\\/#primaryimage\"},\"thumbnailUrl\":\"https:\\\/\\\/www.strassenweb.de\\\/nachrichten\\\/wp-content\\\/uploads\\\/2026\\\/05\\\/Ihr-Leitfaden-zum-Beschneiden-im-Mai-Was-Sie-jetzt-fuer.jpg\",\"keywords\":[\"beschneiden\",\"ein\",\"f\u00fcr\",\"herrliches\",\"Ihr\",\"jetzt\",\"lassen\",\"Leitfaden\",\"Mai\",\"Ruhe\",\"Sie\",\"sollten\",\"Sommerwachstum\",\"und\",\"zum\",\"zur\u00fcckschneiden\"],\"articleSection\":[\"Haus &amp; Garten\"],\"inLanguage\":\"de\"},{\"@type\":\"WebPage\",\"@id\":\"https:\\\/\\\/www.strassenweb.de\\\/nachrichten\\\/ihr-leitfaden-zum-beschneiden-im-mai-was-sie-jetzt-fuer-ein-herrliches-sommerwachstum-zurueckschneiden-sollten-und-was-sie-in-ruhe-lassen-sollten\\\/\",\"url\":\"https:\\\/\\\/www.strassenweb.de\\\/nachrichten\\\/ihr-leitfaden-zum-beschneiden-im-mai-was-sie-jetzt-fuer-ein-herrliches-sommerwachstum-zurueckschneiden-sollten-und-was-sie-in-ruhe-lassen-sollten\\\/\",\"name\":\"Ihr Leitfaden zum Beschneiden im Mai: Was Sie jetzt f\u00fcr ein herrliches Sommerwachstum zur\u00fcckschneiden sollten \u2013 und was Sie in Ruhe lassen sollten - Nachrichten - Stra\u00dfenweb\",\"isPartOf\":{\"@id\":\"https:\\\/\\\/www.strassenweb.de\\\/nachrichten\\\/#website\"},\"primaryImageOfPage\":{\"@id\":\"https:\\\/\\\/www.strassenweb.de\\\/nachrichten\\\/ihr-leitfaden-zum-beschneiden-im-mai-was-sie-jetzt-fuer-ein-herrliches-sommerwachstum-zurueckschneiden-sollten-und-was-sie-in-ruhe-lassen-sollten\\\/#primaryimage\"},\"image\":{\"@id\":\"https:\\\/\\\/www.strassenweb.de\\\/nachrichten\\\/ihr-leitfaden-zum-beschneiden-im-mai-was-sie-jetzt-fuer-ein-herrliches-sommerwachstum-zurueckschneiden-sollten-und-was-sie-in-ruhe-lassen-sollten\\\/#primaryimage\"},\"thumbnailUrl\":\"https:\\\/\\\/www.strassenweb.de\\\/nachrichten\\\/wp-content\\\/uploads\\\/2026\\\/05\\\/Ihr-Leitfaden-zum-Beschneiden-im-Mai-Was-Sie-jetzt-fuer.jpg\",\"datePublished\":\"2026-05-03T13:39:53+00:00\",\"dateModified\":\"2026-05-03T13:39:59+00:00\",\"breadcrumb\":{\"@id\":\"https:\\\/\\\/www.strassenweb.de\\\/nachrichten\\\/ihr-leitfaden-zum-beschneiden-im-mai-was-sie-jetzt-fuer-ein-herrliches-sommerwachstum-zurueckschneiden-sollten-und-was-sie-in-ruhe-lassen-sollten\\\/#breadcrumb\"},\"inLanguage\":\"de\",\"potentialAction\":[{\"@type\":\"ReadAction\",\"target\":[\"https:\\\/\\\/www.strassenweb.de\\\/nachrichten\\\/ihr-leitfaden-zum-beschneiden-im-mai-was-sie-jetzt-fuer-ein-herrliches-sommerwachstum-zurueckschneiden-sollten-und-was-sie-in-ruhe-lassen-sollten\\\/\"]}]},{\"@type\":\"ImageObject\",\"inLanguage\":\"de\",\"@id\":\"https:\\\/\\\/www.strassenweb.de\\\/nachrichten\\\/ihr-leitfaden-zum-beschneiden-im-mai-was-sie-jetzt-fuer-ein-herrliches-sommerwachstum-zurueckschneiden-sollten-und-was-sie-in-ruhe-lassen-sollten\\\/#primaryimage\",\"url\":\"https:\\\/\\\/www.strassenweb.de\\\/nachrichten\\\/wp-content\\\/uploads\\\/2026\\\/05\\\/Ihr-Leitfaden-zum-Beschneiden-im-Mai-Was-Sie-jetzt-fuer.jpg\",\"contentUrl\":\"https:\\\/\\\/www.strassenweb.de\\\/nachrichten\\\/wp-content\\\/uploads\\\/2026\\\/05\\\/Ihr-Leitfaden-zum-Beschneiden-im-Mai-Was-Sie-jetzt-fuer.jpg\",\"width\":1600,\"height\":900,\"caption\":\"A spring garden featuring boxwood balls and bright tulips\"},{\"@type\":\"BreadcrumbList\",\"@id\":\"https:\\\/\\\/www.strassenweb.de\\\/nachrichten\\\/ihr-leitfaden-zum-beschneiden-im-mai-was-sie-jetzt-fuer-ein-herrliches-sommerwachstum-zurueckschneiden-sollten-und-was-sie-in-ruhe-lassen-sollten\\\/#breadcrumb\",\"itemListElement\":[{\"@type\":\"ListItem\",\"position\":1,\"name\":\"Home\",\"item\":\"https:\\\/\\\/www.strassenweb.de\\\/nachrichten\\\/\"},{\"@type\":\"ListItem\",\"position\":2,\"name\":\"Ihr Leitfaden zum Beschneiden im Mai: Was Sie jetzt f\u00fcr ein herrliches Sommerwachstum zur\u00fcckschneiden sollten \u2013 und was Sie in Ruhe lassen sollten\"}]},{\"@type\":\"WebSite\",\"@id\":\"https:\\\/\\\/www.strassenweb.de\\\/nachrichten\\\/#website\",\"url\":\"https:\\\/\\\/www.strassenweb.de\\\/nachrichten\\\/\",\"name\":\"Stra\u00dfenweb\",\"description\":\"Stra\u00dfenverzeichnis f\u00fcr Deutschland\",\"publisher\":{\"@id\":\"https:\\\/\\\/www.strassenweb.de\\\/nachrichten\\\/#organization\"},\"potentialAction\":[{\"@type\":\"SearchAction\",\"target\":{\"@type\":\"EntryPoint\",\"urlTemplate\":\"https:\\\/\\\/www.strassenweb.de\\\/nachrichten\\\/?s={search_term_string}\"},\"query-input\":{\"@type\":\"PropertyValueSpecification\",\"valueRequired\":true,\"valueName\":\"search_term_string\"}}],\"inLanguage\":\"de\"},{\"@type\":\"Organization\",\"@id\":\"https:\\\/\\\/www.strassenweb.de\\\/nachrichten\\\/#organization\",\"name\":\"Stra\u00dfenweb\",\"url\":\"https:\\\/\\\/www.strassenweb.de\\\/nachrichten\\\/\",\"logo\":{\"@type\":\"ImageObject\",\"inLanguage\":\"de\",\"@id\":\"https:\\\/\\\/www.strassenweb.de\\\/nachrichten\\\/#\\\/schema\\\/logo\\\/image\\\/\",\"url\":\"https:\\\/\\\/www.strassenweb.de\\\/nachrichten\\\/wp-content\\\/uploads\\\/2024\\\/09\\\/cropped-favicon.png\",\"contentUrl\":\"https:\\\/\\\/www.strassenweb.de\\\/nachrichten\\\/wp-content\\\/uploads\\\/2024\\\/09\\\/cropped-favicon.png\",\"width\":512,\"height\":512,\"caption\":\"Stra\u00dfenweb\"},\"image\":{\"@id\":\"https:\\\/\\\/www.strassenweb.de\\\/nachrichten\\\/#\\\/schema\\\/logo\\\/image\\\/\"},\"sameAs\":[\"https:\\\/\\\/www.facebook.com\\\/strassenweb\\\/\"]},{\"@type\":\"Person\",\"@id\":\"https:\\\/\\\/www.strassenweb.de\\\/nachrichten\\\/#\\\/schema\\\/person\\\/87c9c9067f1211da429a744dc5a5aa41\",\"name\":\"Robert Hoffmann\",\"image\":{\"@type\":\"ImageObject\",\"inLanguage\":\"de\",\"@id\":\"https:\\\/\\\/www.strassenweb.de\\\/nachrichten\\\/wp-content\\\/uploads\\\/2024\\\/09\\\/strassenweb-150x150.jpg\",\"url\":\"https:\\\/\\\/www.strassenweb.de\\\/nachrichten\\\/wp-content\\\/uploads\\\/2024\\\/09\\\/strassenweb-150x150.jpg\",\"contentUrl\":\"https:\\\/\\\/www.strassenweb.de\\\/nachrichten\\\/wp-content\\\/uploads\\\/2024\\\/09\\\/strassenweb-150x150.jpg\",\"caption\":\"Robert Hoffmann\"},\"description\":\"Ich hei\u00dfe Robert Hoffmann und ich bin ein leidenschaftlicher Verfechter von \u00d6kologie und Biodiversit\u00e4t. Seit meiner Kindheit in den W\u00e4ldern Bayerns f\u00fchle ich mich mit der Natur verbunden und bin entschlossen, sie zu sch\u00fctzen. Heute widme ich mein Leben der Sensibilisierung anderer f\u00fcr die Bedeutung des Umweltschutzes f\u00fcr zuk\u00fcnftige Generationen.\",\"sameAs\":[\"https:\\\/\\\/www.strassenweb.de\\\/\"]}]}<\/script>\n<!-- \/ Yoast SEO plugin. -->","yoast_head_json":{"title":"Ihr Leitfaden zum Beschneiden im Mai: Was Sie jetzt f\u00fcr ein herrliches Sommerwachstum zur\u00fcckschneiden sollten \u2013 und was Sie in Ruhe lassen sollten - Nachrichten - Stra\u00dfenweb","robots":{"index":"index","follow":"follow","max-snippet":"max-snippet:-1","max-image-preview":"max-image-preview:large","max-video-preview":"max-video-preview:-1"},"canonical":"https:\/\/www.strassenweb.de\/nachrichten\/ihr-leitfaden-zum-beschneiden-im-mai-was-sie-jetzt-fuer-ein-herrliches-sommerwachstum-zurueckschneiden-sollten-und-was-sie-in-ruhe-lassen-sollten\/","og_locale":"de_DE","og_type":"article","og_title":"Ihr Leitfaden zum Beschneiden im Mai: Was Sie jetzt f\u00fcr ein herrliches Sommerwachstum zur\u00fcckschneiden sollten \u2013 und was Sie in Ruhe lassen sollten - Nachrichten - Stra\u00dfenweb","og_description":"Aktie Link kopieren Facebook X WhatsApp Pinterest Teilen Sie diesen Artikel Beteiligen Sie sich an der Unterhaltung Folgen Sie uns F\u00fcgen Sie uns als bevorzugte","og_url":"https:\/\/www.strassenweb.de\/nachrichten\/ihr-leitfaden-zum-beschneiden-im-mai-was-sie-jetzt-fuer-ein-herrliches-sommerwachstum-zurueckschneiden-sollten-und-was-sie-in-ruhe-lassen-sollten\/","og_site_name":"Stra\u00dfenweb","article_publisher":"https:\/\/www.facebook.com\/strassenweb\/","article_published_time":"2026-05-03T13:39:53+00:00","article_modified_time":"2026-05-03T13:39:59+00:00","og_image":[{"width":1600,"height":900,"url":"https:\/\/www.strassenweb.de\/nachrichten\/wp-content\/uploads\/2026\/05\/Ihr-Leitfaden-zum-Beschneiden-im-Mai-Was-Sie-jetzt-fuer.jpg","type":"image\/jpeg"}],"author":"Robert Hoffmann","twitter_card":"summary_large_image","twitter_misc":{"Verfasst von":"Robert Hoffmann","Gesch\u00e4tzte Lesezeit":"9\u00a0Minuten"},"schema":{"@context":"https:\/\/schema.org","@graph":[{"@type":"Article","@id":"https:\/\/www.strassenweb.de\/nachrichten\/ihr-leitfaden-zum-beschneiden-im-mai-was-sie-jetzt-fuer-ein-herrliches-sommerwachstum-zurueckschneiden-sollten-und-was-sie-in-ruhe-lassen-sollten\/#article","isPartOf":{"@id":"https:\/\/www.strassenweb.de\/nachrichten\/ihr-leitfaden-zum-beschneiden-im-mai-was-sie-jetzt-fuer-ein-herrliches-sommerwachstum-zurueckschneiden-sollten-und-was-sie-in-ruhe-lassen-sollten\/"},"author":{"name":"Robert Hoffmann","@id":"https:\/\/www.strassenweb.de\/nachrichten\/#\/schema\/person\/87c9c9067f1211da429a744dc5a5aa41"},"headline":"Ihr Leitfaden zum Beschneiden im Mai: Was Sie jetzt f\u00fcr ein herrliches Sommerwachstum zur\u00fcckschneiden sollten \u2013 und was Sie in Ruhe lassen sollten","datePublished":"2026-05-03T13:39:53+00:00","dateModified":"2026-05-03T13:39:59+00:00","mainEntityOfPage":{"@id":"https:\/\/www.strassenweb.de\/nachrichten\/ihr-leitfaden-zum-beschneiden-im-mai-was-sie-jetzt-fuer-ein-herrliches-sommerwachstum-zurueckschneiden-sollten-und-was-sie-in-ruhe-lassen-sollten\/"},"wordCount":1794,"publisher":{"@id":"https:\/\/www.strassenweb.de\/nachrichten\/#organization"},"image":{"@id":"https:\/\/www.strassenweb.de\/nachrichten\/ihr-leitfaden-zum-beschneiden-im-mai-was-sie-jetzt-fuer-ein-herrliches-sommerwachstum-zurueckschneiden-sollten-und-was-sie-in-ruhe-lassen-sollten\/#primaryimage"},"thumbnailUrl":"https:\/\/www.strassenweb.de\/nachrichten\/wp-content\/uploads\/2026\/05\/Ihr-Leitfaden-zum-Beschneiden-im-Mai-Was-Sie-jetzt-fuer.jpg","keywords":["beschneiden","ein","f\u00fcr","herrliches","Ihr","jetzt","lassen","Leitfaden","Mai","Ruhe","Sie","sollten","Sommerwachstum","und","zum","zur\u00fcckschneiden"],"articleSection":["Haus &amp; Garten"],"inLanguage":"de"},{"@type":"WebPage","@id":"https:\/\/www.strassenweb.de\/nachrichten\/ihr-leitfaden-zum-beschneiden-im-mai-was-sie-jetzt-fuer-ein-herrliches-sommerwachstum-zurueckschneiden-sollten-und-was-sie-in-ruhe-lassen-sollten\/","url":"https:\/\/www.strassenweb.de\/nachrichten\/ihr-leitfaden-zum-beschneiden-im-mai-was-sie-jetzt-fuer-ein-herrliches-sommerwachstum-zurueckschneiden-sollten-und-was-sie-in-ruhe-lassen-sollten\/","name":"Ihr Leitfaden zum Beschneiden im Mai: Was Sie jetzt f\u00fcr ein herrliches Sommerwachstum zur\u00fcckschneiden sollten \u2013 und was Sie in Ruhe lassen sollten - Nachrichten - Stra\u00dfenweb","isPartOf":{"@id":"https:\/\/www.strassenweb.de\/nachrichten\/#website"},"primaryImageOfPage":{"@id":"https:\/\/www.strassenweb.de\/nachrichten\/ihr-leitfaden-zum-beschneiden-im-mai-was-sie-jetzt-fuer-ein-herrliches-sommerwachstum-zurueckschneiden-sollten-und-was-sie-in-ruhe-lassen-sollten\/#primaryimage"},"image":{"@id":"https:\/\/www.strassenweb.de\/nachrichten\/ihr-leitfaden-zum-beschneiden-im-mai-was-sie-jetzt-fuer-ein-herrliches-sommerwachstum-zurueckschneiden-sollten-und-was-sie-in-ruhe-lassen-sollten\/#primaryimage"},"thumbnailUrl":"https:\/\/www.strassenweb.de\/nachrichten\/wp-content\/uploads\/2026\/05\/Ihr-Leitfaden-zum-Beschneiden-im-Mai-Was-Sie-jetzt-fuer.jpg","datePublished":"2026-05-03T13:39:53+00:00","dateModified":"2026-05-03T13:39:59+00:00","breadcrumb":{"@id":"https:\/\/www.strassenweb.de\/nachrichten\/ihr-leitfaden-zum-beschneiden-im-mai-was-sie-jetzt-fuer-ein-herrliches-sommerwachstum-zurueckschneiden-sollten-und-was-sie-in-ruhe-lassen-sollten\/#breadcrumb"},"inLanguage":"de","potentialAction":[{"@type":"ReadAction","target":["https:\/\/www.strassenweb.de\/nachrichten\/ihr-leitfaden-zum-beschneiden-im-mai-was-sie-jetzt-fuer-ein-herrliches-sommerwachstum-zurueckschneiden-sollten-und-was-sie-in-ruhe-lassen-sollten\/"]}]},{"@type":"ImageObject","inLanguage":"de","@id":"https:\/\/www.strassenweb.de\/nachrichten\/ihr-leitfaden-zum-beschneiden-im-mai-was-sie-jetzt-fuer-ein-herrliches-sommerwachstum-zurueckschneiden-sollten-und-was-sie-in-ruhe-lassen-sollten\/#primaryimage","url":"https:\/\/www.strassenweb.de\/nachrichten\/wp-content\/uploads\/2026\/05\/Ihr-Leitfaden-zum-Beschneiden-im-Mai-Was-Sie-jetzt-fuer.jpg","contentUrl":"https:\/\/www.strassenweb.de\/nachrichten\/wp-content\/uploads\/2026\/05\/Ihr-Leitfaden-zum-Beschneiden-im-Mai-Was-Sie-jetzt-fuer.jpg","width":1600,"height":900,"caption":"A spring garden featuring boxwood balls and bright tulips"},{"@type":"BreadcrumbList","@id":"https:\/\/www.strassenweb.de\/nachrichten\/ihr-leitfaden-zum-beschneiden-im-mai-was-sie-jetzt-fuer-ein-herrliches-sommerwachstum-zurueckschneiden-sollten-und-was-sie-in-ruhe-lassen-sollten\/#breadcrumb","itemListElement":[{"@type":"ListItem","position":1,"name":"Home","item":"https:\/\/www.strassenweb.de\/nachrichten\/"},{"@type":"ListItem","position":2,"name":"Ihr Leitfaden zum Beschneiden im Mai: Was Sie jetzt f\u00fcr ein herrliches Sommerwachstum zur\u00fcckschneiden sollten \u2013 und was Sie in Ruhe lassen sollten"}]},{"@type":"WebSite","@id":"https:\/\/www.strassenweb.de\/nachrichten\/#website","url":"https:\/\/www.strassenweb.de\/nachrichten\/","name":"Stra\u00dfenweb","description":"Stra\u00dfenverzeichnis f\u00fcr Deutschland","publisher":{"@id":"https:\/\/www.strassenweb.de\/nachrichten\/#organization"},"potentialAction":[{"@type":"SearchAction","target":{"@type":"EntryPoint","urlTemplate":"https:\/\/www.strassenweb.de\/nachrichten\/?s={search_term_string}"},"query-input":{"@type":"PropertyValueSpecification","valueRequired":true,"valueName":"search_term_string"}}],"inLanguage":"de"},{"@type":"Organization","@id":"https:\/\/www.strassenweb.de\/nachrichten\/#organization","name":"Stra\u00dfenweb","url":"https:\/\/www.strassenweb.de\/nachrichten\/","logo":{"@type":"ImageObject","inLanguage":"de","@id":"https:\/\/www.strassenweb.de\/nachrichten\/#\/schema\/logo\/image\/","url":"https:\/\/www.strassenweb.de\/nachrichten\/wp-content\/uploads\/2024\/09\/cropped-favicon.png","contentUrl":"https:\/\/www.strassenweb.de\/nachrichten\/wp-content\/uploads\/2024\/09\/cropped-favicon.png","width":512,"height":512,"caption":"Stra\u00dfenweb"},"image":{"@id":"https:\/\/www.strassenweb.de\/nachrichten\/#\/schema\/logo\/image\/"},"sameAs":["https:\/\/www.facebook.com\/strassenweb\/"]},{"@type":"Person","@id":"https:\/\/www.strassenweb.de\/nachrichten\/#\/schema\/person\/87c9c9067f1211da429a744dc5a5aa41","name":"Robert Hoffmann","image":{"@type":"ImageObject","inLanguage":"de","@id":"https:\/\/www.strassenweb.de\/nachrichten\/wp-content\/uploads\/2024\/09\/strassenweb-150x150.jpg","url":"https:\/\/www.strassenweb.de\/nachrichten\/wp-content\/uploads\/2024\/09\/strassenweb-150x150.jpg","contentUrl":"https:\/\/www.strassenweb.de\/nachrichten\/wp-content\/uploads\/2024\/09\/strassenweb-150x150.jpg","caption":"Robert Hoffmann"},"description":"Ich hei\u00dfe Robert Hoffmann und ich bin ein leidenschaftlicher Verfechter von \u00d6kologie und Biodiversit\u00e4t. Seit meiner Kindheit in den W\u00e4ldern Bayerns f\u00fchle ich mich mit der Natur verbunden und bin entschlossen, sie zu sch\u00fctzen. Heute widme ich mein Leben der Sensibilisierung anderer f\u00fcr die Bedeutung des Umweltschutzes f\u00fcr zuk\u00fcnftige Generationen.","sameAs":["https:\/\/www.strassenweb.de\/"]}]}},"_links":{"self":[{"href":"https:\/\/www.strassenweb.de\/nachrichten\/wp-json\/wp\/v2\/posts\/13443","targetHints":{"allow":["GET"]}}],"collection":[{"href":"https:\/\/www.strassenweb.de\/nachrichten\/wp-json\/wp\/v2\/posts"}],"about":[{"href":"https:\/\/www.strassenweb.de\/nachrichten\/wp-json\/wp\/v2\/types\/post"}],"author":[{"embeddable":true,"href":"https:\/\/www.strassenweb.de\/nachrichten\/wp-json\/wp\/v2\/users\/1"}],"replies":[{"embeddable":true,"href":"https:\/\/www.strassenweb.de\/nachrichten\/wp-json\/wp\/v2\/comments?post=13443"}],"version-history":[{"count":1,"href":"https:\/\/www.strassenweb.de\/nachrichten\/wp-json\/wp\/v2\/posts\/13443\/revisions"}],"predecessor-version":[{"id":13445,"href":"https:\/\/www.strassenweb.de\/nachrichten\/wp-json\/wp\/v2\/posts\/13443\/revisions\/13445"}],"wp:featuredmedia":[{"embeddable":true,"href":"https:\/\/www.strassenweb.de\/nachrichten\/wp-json\/wp\/v2\/media\/13444"}],"wp:attachment":[{"href":"https:\/\/www.strassenweb.de\/nachrichten\/wp-json\/wp\/v2\/media?parent=13443"}],"wp:term":[{"taxonomy":"category","embeddable":true,"href":"https:\/\/www.strassenweb.de\/nachrichten\/wp-json\/wp\/v2\/categories?post=13443"},{"taxonomy":"post_tag","embeddable":true,"href":"https:\/\/www.strassenweb.de\/nachrichten\/wp-json\/wp\/v2\/tags?post=13443"}],"curies":[{"name":"wp","href":"https:\/\/api.w.org\/{rel}","templated":true}]}}