{"id":1341,"date":"2024-11-04T12:51:53","date_gmt":"2024-11-04T11:51:53","guid":{"rendered":"https:\/\/www.strassenweb.de\/nachrichten\/ich-sehe-diese-unerwartete-farbkombination-ueberall-deshalb-lieben-designer-die-kombination-aus-salbeigruen-und-hellblau-die-man-nie-zusammen-sehen-sollte\/"},"modified":"2024-11-04T12:51:55","modified_gmt":"2024-11-04T11:51:55","slug":"ich-sehe-diese-unerwartete-farbkombination-ueberall-deshalb-lieben-designer-die-kombination-aus-salbeigruen-und-hellblau-die-man-nie-zusammen-sehen-sollte","status":"publish","type":"post","link":"https:\/\/www.strassenweb.de\/nachrichten\/ich-sehe-diese-unerwartete-farbkombination-ueberall-deshalb-lieben-designer-die-kombination-aus-salbeigruen-und-hellblau-die-man-nie-zusammen-sehen-sollte\/","title":{"rendered":"\u201eIch sehe diese unerwartete Farbkombination \u00fcberall\u201c \u2013 deshalb lieben Designer die Kombination aus Salbeigr\u00fcn und Hellblau, die man nie zusammen sehen sollte"},"content":{"rendered":"<p><\/p>\n<div id=\"article-body\" class=\"article__body \">\n<p>Sowohl Blau als auch Gr\u00fcn sind f\u00fcr ihre beruhigenden und erdenden Eigenschaften bekannt. Gr\u00fcn mit seiner tiefen Verbundenheit zur Natur \u2013 denken Sie an \u00fcppige Bl\u00e4tter, lebendige Pflanzen und weitl\u00e4ufige Wiesen. Im Gegensatz dazu erinnert Blau an Meereswellen und ruhige Seen.<\/p>\n<div id=\"ad-unit-1\" class=\"ad-unit\"><\/div>\n<p>Wie jede Farbe umfassen Blau und Gr\u00fcn ein Spektrum von hell bis dunkel und von ged\u00e4mpft bis lebendig, aber wenn man sich f\u00fcr weichere, ged\u00e4mpftere T\u00f6ne entscheidet und diese miteinander vermischt, entsteht eine au\u00dfergew\u00f6hnlich harmonische Farbkombination, die die wahre Verk\u00f6rperung von Gelassenheit darstellt. Meiner Meinung nach k\u00f6nnte man sich kein beruhigenderes Duo aussuchen.<\/p>\n<aside class=\"hawk-nest\" data-block-type=\"embed\" data-render-type=\"fte\" data-skip=\"dealsy\" data-widget-type=\"seasonal\">\n<div class=\"hawk-master-widget-hawk-base-wrapper\"><\/div>\n<\/aside>\n<p>Wie Innenarchitektin Laure Nell sagt: \u201eZusammen ergeben diese beiden Farbt\u00f6ne eine subtile, aber vielschichtige Farbpalette, die sich zeitlos, anpassungsf\u00e4hig und einfach unerwartet genug anf\u00fchlt, um neu zu wirken.\u201c \u201eF\u00fcgt sich harmonisch in verschiedene R\u00e4ume ein, von minimalistisch-modern bis hin zu traditionell mehrschichtigen Innenr\u00e4umen.\u201c<\/p>\n<div id=\"desktop-in-article\" class=\"in-article ad-unit\">\n<div id=\"desktop-taboola-mid-article\"><\/div>\n<\/div>\n<div id=\"mobile-in-article\" class=\"in-article ad-unit\">\n<div id=\"mobile-taboola-mid-article\"><\/div>\n<\/div>\n<p>Pers\u00f6nlich bin ich ein begeisterter Verfechter der beruhigenden Wirkung von Gr\u00fcn; Verschiedene Farbt\u00f6ne, von tiefem Wald bis hin zu sanftem Salbei, finden ihren Weg in mein Zuhause, erg\u00e4nzt durch ged\u00e4mpfte blaue Akzente in meinem Badezimmer und meiner K\u00fcche. Und als jemand, der haupts\u00e4chlich von zu Hause aus arbeitet, ist es wichtig, eine Umgebung mit Farben zu schaffen, die Ruhe und Achtsamkeit f\u00f6rdern.<\/p>\n<div class=\"van_vid_carousel\">\n<div class=\"van_vid_carousel__padding\">\n<div class=\"van_vid_carousel__container\"><\/div>\n<\/div>\n<\/div>\n<figure class=\"van-image-figure inline-layout \" data-bordeaux-image-check>\n<div class=\"image-full-width-wrapper\">\n<div class=\"image-widthsetter\" style=\"max-width:2000px;\"><\/div>\n<\/div>\n<\/figure>\n<p>Auch wenn Ihnen das alte Sprichwort \u201eBlau und Gr\u00fcn sollte man nie sehen\u201c bekannt vorkommt, bin ich zusammen mit einer Gruppe erfahrener Innenarchitekten, die meine Meinung unterst\u00fctzen, fest davon \u00fcberzeugt, dass diese Farbkombination aus Erde und Meer eine absolute Traumkombination ist.<\/p>\n<div id=\"ad-unit-2\" class=\"ad-unit\"><\/div>\n<p>Nina Lichtenstein erkl\u00e4rt: \u201eObwohl sie zu k\u00fchlen T\u00f6nen geh\u00f6ren, bieten diese Farbt\u00f6ne einen subtilen Kontrast, der eher erg\u00e4nzt als konkurriert.\u201c Salbeigr\u00fcn bringt eine erdige W\u00e4rme mit sich, die einen Raum erdet, w\u00e4hrend Hellblau ein luftiges, weitl\u00e4ufiges Gef\u00fchl vermittelt und an einen weiten Himmel und ruhiges Wasser erinnert.\u201c<\/p>\n<p>\u201eZusammen schaffen sie eine ruhige Umgebung ohne die K\u00e4lte, die manchmal mit k\u00fchleren Farben verbunden ist.\u201c \u201eDiese Kombination ist vielseitig genug, um in jedem Raum zu funktionieren, von lichtdurchfluteten Wohnr\u00e4umen bis hin zu gem\u00fctlichen Schlafzimmern, was sie zu einer ersten Wahl f\u00fcr Designer macht, die Charakter hinzuf\u00fcgen m\u00f6chten, ohne einen Raum zu \u00fcberfordern.\u201c<\/p>\n<p>Um zu beweisen, wie gut diese Farbt\u00f6ne zusammenpassen, habe ich Designer gefragt, wie sie diese beiden Farben zusammenbringen w\u00fcrden, um einen trendigen und dennoch zeitlosen Raum zu schaffen.<\/p>\n<h3 class=\"article-body__section\" id=\"section-1-creating-calm-in-the-kitchen\"><span>1. Ruhe in der K\u00fcche schaffen <\/span><\/h3>\n<figure class=\"van-image-figure inline-layout \" data-bordeaux-image-check>\n<div class=\"image-full-width-wrapper\">\n<div class=\"image-widthsetter\" style=\"max-width:2000px;\"><\/div>\n<\/div>\n<\/figure>\n<p>Die K\u00fcche wird oft als das Herzst\u00fcck des Hauses beschrieben. Ein lebendiger Treffpunkt, an dem Menschen zusammenkommen, Gespr\u00e4che gef\u00fchrt werden und Aktivit\u00e4ten gedeihen. W\u00e4hrend K\u00fcchentrends traditionell auf sterile Wei\u00df- und Schwarzt\u00f6ne setzten, hat sich in den letzten Jahren eine Verlagerung hin zu Farbe herausgebildet, wobei viele eine individuellere und pers\u00f6nlichere Herangehensweise an diesen gesch\u00e4ftigen Familienraum verfolgen.<\/p>\n<p>Bei all der Energie und dem Chaos, die in einer K\u00fcche herrschen, hat Plain English Design f\u00fcr sein Design im Landhausstil eine beruhigende Kombination aus ged\u00e4mpftem Blau und Salbeigr\u00fcn gew\u00e4hlt. Merlin Wright, Designdirektor bei Plain English Design, erkl\u00e4rt: \u201eGr\u00fcn ist eine beliebte Farbe f\u00fcr Innenr\u00e4ume, weil sie untrennbar mit der Natur verbunden ist und eine beruhigende und erhebende Wirkung hat.\u201c Wenn wir uns eine Landschaft vorstellen, sehen wir, wie sch\u00f6n Gr\u00fcn andere nat\u00fcrliche Farbt\u00f6ne wie Blau, Braun und Grau erg\u00e4nzt. \u201eWir verwenden oft Tonschemata mit ged\u00e4mpften Variationen derselben Farbe, um die ruhigen Effekte der Natur nachzubilden.\u201c<\/p>\n<p>In diesem besonderen Raum zeichnet sich das Design durch ein zweifarbiges Blau f\u00fcr die Insel und die W\u00e4nde aus, w\u00e4hrend die Speisekammern im Hintergrund in einem dezenten Salbeigr\u00fcn gestrichen sind, das das Blau stark widerspiegelt.<\/p>\n<h3 class=\"article-body__section\" id=\"section-2-connecting-spaces\"><span>2. R\u00e4ume verbinden <\/span><\/h3>\n<figure class=\"van-image-figure inline-layout \" data-bordeaux-image-check>\n<div class=\"image-full-width-wrapper\">\n<div class=\"image-widthsetter\" style=\"max-width:2000px;\"><\/div>\n<\/div>\n<\/figure>\n<p>In diesem Raum verbindet die Innenarchitektin Nicola Harding die R\u00e4ume geschickt, indem sie die Farbe des Architravs, der Sockelleiste und der T\u00fcr mit den W\u00e4nden im Nebenraum spiegelt.<\/p>\n<p>Durch die Einbindung \u00e4hnlicher Farbt\u00f6ne, Texturen und Oberfl\u00e4chen im gesamten Haus schafft Nicola ein zusammenh\u00e4ngendes Gef\u00fchl, das es jedem Raum erm\u00f6glicht, sich anders und dennoch verbunden zu f\u00fchlen. Hier harmonieren die Nussbaum-Akzentm\u00f6bel perfekt mit der Blau- und Gr\u00fcnpalette und sorgen f\u00fcr ein naturalistisches Gef\u00fchl, w\u00e4hrend ein markantes St\u00fcck in kr\u00e4ftigem Blau neben komplement\u00e4ren Farbt\u00f6nen seinen perfekten Platz findet.<\/p>\n<p>Nicola bemerkt: \u201eDieses gro\u00dfz\u00fcgige georgianische Landhaus wurde f\u00fcr das Familienleben neu belebt. Im Erdgeschoss sind die Eingangsbereiche und Verbindungsr\u00e4ume in kr\u00e4ftigen Blau- und Gr\u00fcnt\u00f6nen gehalten. Im Eingangsbereich sind die W\u00e4nde in Chelsea Green II gehalten, die Holzarbeiten in Salvia von Paint &#038; Paper Library.<\/p>\n<p>Ich habe diesen Ansatz auch bei mir zu Hause gew\u00e4hlt. Ich habe festgestellt, dass dezente Gr\u00fcnt\u00f6ne als einheitliche Farbe dienen und den gesamten Raum zusammenhalten. Jeder Raum hat seinen eigenen, einzigartigen Charakter, dennoch sind sie durch eine vertraute Farbpalette synchronisiert, die sich wunderbar in die angrenzenden R\u00e4ume einf\u00fcgt.<\/p>\n<h3 class=\"article-body__section\" id=\"section-3-mix-and-match-with-tiles-in-a-bathroom-space\"><span>3. Kombinieren Sie sie mit den Fliesen im Badezimmer <\/span><\/h3>\n<figure class=\"van-image-figure inline-layout \" data-bordeaux-image-check>\n<div class=\"image-full-width-wrapper\">\n<div class=\"image-widthsetter\" style=\"max-width:2000px;\"><\/div>\n<\/div>\n<\/figure>\n<p>Wenn es darum geht, Blau und Gr\u00fcn in Ihr Zuhause zu integrieren, geht es nicht nur um Farbe. Wenn Sie sich mit der Gestaltung Ihres Badezimmers befassen, gl\u00e4nzt diese ruhige Kombination dank ihrer nat\u00fcrlichen Assoziation mit Wasser. Unz\u00e4hlige Fliesen in allen erdenklichen Farbt\u00f6nen bieten den perfekten Ort zum Experimentieren.<\/p>\n<p>Sanfte, ged\u00e4mpfte T\u00f6ne passen wunderbar zusammen, und f\u00fcr einen mehrschichtigen Look spielen Sie mit Fliesen in verschiedenen Formen und Farbt\u00f6nen, die eng miteinander verwandt sind. Wei\u00dfe Fliesen k\u00f6nnen als neutraler Erdungspunkt dienen und alles zusammenhalten.<\/p>\n<p>Nina Lichtenstein erkl\u00e4rt: \u201eDesigner nutzen diese Kombination auf clevere Weise.\u201c In Badezimmern schaffen salbeifarbene und hellblaue Fliesenr\u00fcckw\u00e4nde eine einzigartige Farbgeschichte, die sich frisch und einladend anf\u00fchlt und eine Spa-\u00e4hnliche Atmosph\u00e4re hervorruft, ohne sich auf standardm\u00e4\u00dfige Neutralt\u00f6ne zu verlassen. Dieses beruhigende Duo passt wunderbar zu nat\u00fcrlichen Texturen wie Marmor und Stein, und f\u00fcr einen Hauch von Glamour erg\u00e4nzt ein Hauch von Messing die Farben wunderbar.<\/p>\n<p>Wenn es darum geht, Farbe in mein Zuhause zu bringen, sind Fliesen meine mit Abstand liebste Wahl. Fliesen bieten eine einzigartige Vielseitigkeit in Bezug auf Form, Oberfl\u00e4che und Muster und erm\u00f6glichen einen v\u00f6llig individuellen Look.<\/p>\n<h3 class=\"article-body__section\" id=\"section-4-subtle-patterns-with-botanical-inspired-wallpaper\"><span>4. Dezente Muster mit botanisch inspirierten Tapeten <\/span><\/h3>\n<figure class=\"van-image-figure inline-layout \" data-bordeaux-image-check>\n<div class=\"image-full-width-wrapper\">\n<div class=\"image-widthsetter\" style=\"max-width:2000px;\"><\/div>\n<\/div>\n<\/figure>\n<p>Farbgetr\u00e4nkte W\u00e4nde und gewagte Mal-auf-Farbe-Techniken setzen sicherlich ein Statement, doch manchmal ist ein subtilerer Ansatz erforderlich, und Tapeten k\u00f6nnen eine fantastische M\u00f6glichkeit sein, eine Farbpalette einzuf\u00fchren, ohne den Raum zu \u00fcberfordern, insbesondere in kleineren oder schmalen Bereichen des Hauses.<\/p>\n<p>F\u00fcr R\u00e4ume, in denen der Platz knapp ist, kann die Einhaltung der 70-20-10-Regel eine hilfreiche Richtlinie sein. Die Verwendung einer hellen Neutralfarbe als Grundfarbe kann eine Illusion von Offenheit erzeugen.<\/p>\n<p>Bei dieser Designstrategie mit blassblauen und gr\u00fcnen Farbt\u00f6nen f\u00fchlt es sich instinktiv an, die Natur zu umarmen. Ruth Mottershead, Kreativdirektorin bei Little Greene, betont: \u201eDie Hencroft-Tapete in der Farbgebung Blue Primula zeigt stilisierte Schl\u00fcsselblumen in Gr\u00fcn- und Blaut\u00f6nen, die perfekt dazu geeignet sind, einem Raum Pers\u00f6nlichkeit und Charakter zu verleihen.\u201c<\/p>\n<p>Diese botanische Kombination harmoniert wunderbar mit nat\u00fcrlichen Materialien wie Holz- oder Steinb\u00f6den und Rattanm\u00f6beln. Es funktioniert wunderbar in einem Flur. Wenn Sie die Haust\u00fcr \u00f6ffnen, herrscht sofort eine einladende und einladende Atmosph\u00e4re, die den Ton f\u00fcr den Rest des Hauses angibt.<\/p>\n<h3 class=\"article-body__section\" id=\"section-5-painting-accent-furniture\"><span>5. Akzentm\u00f6bel bemalen <\/span><\/h3>\n<figure class=\"van-image-figure inline-layout \" data-bordeaux-image-check>\n<div class=\"image-full-width-wrapper\">\n<div class=\"image-widthsetter\" style=\"max-width:2000px;\"><\/div>\n<\/div>\n<\/figure>\n<p>Es gibt unz\u00e4hlige M\u00f6glichkeiten, einem Raum eine Farbkombination zu verleihen, und das Bemalen von Akzentm\u00f6beln ist eine der einfachsten Methoden.<\/p>\n<p>F\u00fcr diejenigen, die eine dezentere Wandgestaltung mit einer dominanten Farbe bevorzugen, kann die Hinzuf\u00fcgung eines M\u00f6belst\u00fccks in einem kontrastierenden Farbton diesen Trend aufgreifen, ohne sich auf die langfristige Verpflichtung einlassen zu m\u00fcssen, eine Wand zu streichen, und den ganzen Aufwand, der damit einhergeht, wenn Sie Ihre Wand wechseln Geist.<\/p>\n<p>Wenn Sie zuf\u00e4llig auf das perfekte St\u00fcck in genau der richtigen Farbe sto\u00dfen, k\u00f6nnen Sie sich gl\u00fccklich sch\u00e4tzen. Wenn nicht, warum nicht ein DIY-Projekt in Angriff nehmen, um es nach Ihren W\u00fcnschen anzupassen?<\/p>\n<p>Die Innenarchitektin Pandora Taylor hat diesen Ansatz aufgegriffen und ein atemberaubendes Heldenst\u00fcck ausgew\u00e4hlt, das in Calke Green von Farrow &#038; Ball gestrichen wurde und die beruhigenden W\u00e4nde in Parma Grey (ebenfalls von Farrow &#038; Ball) erg\u00e4nzt.<\/p>\n<p>Pandora erkl\u00e4rt: \u201eDieser Raum verf\u00fcgt \u00fcber eine Kombination aus Hellblau und Gr\u00fcn in einer staubigen, raffinierten Farbfamilie.\u201c Diese leicht ged\u00e4mpften T\u00f6ne sind eine wunderbare M\u00f6glichkeit, Farbe hinzuzuf\u00fcgen, ohne den Raum zu \u00fcberfordern. Gr\u00fcn und Blau rufen so freudige Bilder hervor. \u201eStellen Sie sich einen blauen Himmel und eine \u00fcppige Landschaft vor \u2013 dieses erfolgreiche Paar kann einen Raum wirklich erhellen und ihn einladender wirken lassen.\u201c<\/p>\n<hr>\n<p>All diese traumhaften R\u00e4ume beweisen, wie gut ged\u00e4mpfte Gr\u00fcn- und Blaut\u00f6ne zusammenpassen. Es ist ein Entwurf, der im Moment sehr im Trend liegt, aber auch eine zeitlose und lebenswerte Atmosph\u00e4re vermittelt. Wie uns Emily Kantz, Farbmarketingmanagerin bei Sherwin-Williams, erinnert: \u201eSalbeigr\u00fcn und Hellblau sind \u00fcberall, von Spa-\u00e4hnlichen Badezimmern, hellen und luftigen Wohnzimmern bis hin zu ruhigen und entspannenden Schlafzimmern \u2013 diese Farbkombination ist ein echter Hingucker!\u201c<\/p>\n<\/div>\n","protected":false},"excerpt":{"rendered":"<p>Sowohl Blau als auch Gr\u00fcn sind f\u00fcr ihre beruhigenden und erdenden Eigenschaften bekannt. Gr\u00fcn mit seiner tiefen Verbundenheit zur Natur \u2013 denken Sie an \u00fcppige<\/p>\n","protected":false},"author":1,"featured_media":1342,"comment_status":"closed","ping_status":"","sticky":false,"template":"","format":"standard","meta":{"footnotes":""},"categories":[118],"tags":[287,613,216,9,143,2515,2518,129,1791,217,134,460,2517,2514,1559,62,2516,37,532,1349],"class_list":["post-1341","post","type-post","status-publish","format-standard","has-post-thumbnail","hentry","category-haus-garten","tag-aus","tag-deshalb","tag-designer","tag-die","tag-diese","tag-farbkombination","tag-hellblau","tag-ich","tag-kombination","tag-lieben","tag-man","tag-nie","tag-salbeigruen","tag-sehe","tag-sehen","tag-sollte","tag-ueberall","tag-und","tag-unerwartete","tag-zusammen","generate-columns","tablet-grid-50","mobile-grid-100","grid-parent","grid-50"],"yoast_head":"<!-- This site is optimized with the Yoast SEO plugin v27.3 - https:\/\/yoast.com\/product\/yoast-seo-wordpress\/ -->\n<title>\u201eIch sehe diese unerwartete Farbkombination \u00fcberall\u201c \u2013 deshalb lieben Designer die Kombination aus Salbeigr\u00fcn und Hellblau, die man nie zusammen sehen sollte - Nachrichten - Stra\u00dfenweb<\/title>\n<meta name=\"robots\" content=\"index, follow, max-snippet:-1, max-image-preview:large, max-video-preview:-1\" \/>\n<link rel=\"canonical\" href=\"https:\/\/www.strassenweb.de\/nachrichten\/ich-sehe-diese-unerwartete-farbkombination-ueberall-deshalb-lieben-designer-die-kombination-aus-salbeigruen-und-hellblau-die-man-nie-zusammen-sehen-sollte\/\" \/>\n<meta property=\"og:locale\" content=\"de_DE\" \/>\n<meta property=\"og:type\" content=\"article\" \/>\n<meta property=\"og:title\" content=\"\u201eIch sehe diese unerwartete Farbkombination \u00fcberall\u201c \u2013 deshalb lieben Designer die Kombination aus Salbeigr\u00fcn und Hellblau, die man nie zusammen sehen sollte - Nachrichten - Stra\u00dfenweb\" \/>\n<meta property=\"og:description\" content=\"Sowohl Blau als auch Gr\u00fcn sind f\u00fcr ihre beruhigenden und erdenden Eigenschaften bekannt. Gr\u00fcn mit seiner tiefen Verbundenheit zur Natur \u2013 denken Sie an \u00fcppige\" \/>\n<meta property=\"og:url\" content=\"https:\/\/www.strassenweb.de\/nachrichten\/ich-sehe-diese-unerwartete-farbkombination-ueberall-deshalb-lieben-designer-die-kombination-aus-salbeigruen-und-hellblau-die-man-nie-zusammen-sehen-sollte\/\" \/>\n<meta property=\"og:site_name\" content=\"Stra\u00dfenweb\" \/>\n<meta property=\"article:publisher\" content=\"https:\/\/www.facebook.com\/strassenweb\/\" \/>\n<meta property=\"article:published_time\" content=\"2024-11-04T11:51:53+00:00\" \/>\n<meta property=\"article:modified_time\" content=\"2024-11-04T11:51:55+00:00\" \/>\n<meta property=\"og:image\" content=\"https:\/\/www.strassenweb.de\/nachrichten\/wp-content\/uploads\/2024\/11\/\u201eIch-sehe-diese-unerwartete-Farbkombination-ueberall-\u2013-deshalb-lieben-Designer.jpg\" \/>\n\t<meta property=\"og:image:width\" content=\"1200\" \/>\n\t<meta property=\"og:image:height\" content=\"675\" \/>\n\t<meta property=\"og:image:type\" content=\"image\/jpeg\" \/>\n<meta name=\"author\" content=\"Robert Hoffmann\" \/>\n<meta name=\"twitter:card\" content=\"summary_large_image\" \/>\n<meta name=\"twitter:label1\" content=\"Verfasst von\" \/>\n\t<meta name=\"twitter:data1\" content=\"Robert Hoffmann\" \/>\n\t<meta name=\"twitter:label2\" content=\"Gesch\u00e4tzte Lesezeit\" \/>\n\t<meta name=\"twitter:data2\" content=\"8\u00a0Minuten\" \/>\n<script type=\"application\/ld+json\" class=\"yoast-schema-graph\">{\"@context\":\"https:\\\/\\\/schema.org\",\"@graph\":[{\"@type\":\"Article\",\"@id\":\"https:\\\/\\\/www.strassenweb.de\\\/nachrichten\\\/ich-sehe-diese-unerwartete-farbkombination-ueberall-deshalb-lieben-designer-die-kombination-aus-salbeigruen-und-hellblau-die-man-nie-zusammen-sehen-sollte\\\/#article\",\"isPartOf\":{\"@id\":\"https:\\\/\\\/www.strassenweb.de\\\/nachrichten\\\/ich-sehe-diese-unerwartete-farbkombination-ueberall-deshalb-lieben-designer-die-kombination-aus-salbeigruen-und-hellblau-die-man-nie-zusammen-sehen-sollte\\\/\"},\"author\":{\"name\":\"Robert Hoffmann\",\"@id\":\"https:\\\/\\\/www.strassenweb.de\\\/nachrichten\\\/#\\\/schema\\\/person\\\/87c9c9067f1211da429a744dc5a5aa41\"},\"headline\":\"\u201eIch sehe diese unerwartete Farbkombination \u00fcberall\u201c \u2013 deshalb lieben Designer die Kombination aus Salbeigr\u00fcn und Hellblau, die man nie zusammen sehen sollte\",\"datePublished\":\"2024-11-04T11:51:53+00:00\",\"dateModified\":\"2024-11-04T11:51:55+00:00\",\"mainEntityOfPage\":{\"@id\":\"https:\\\/\\\/www.strassenweb.de\\\/nachrichten\\\/ich-sehe-diese-unerwartete-farbkombination-ueberall-deshalb-lieben-designer-die-kombination-aus-salbeigruen-und-hellblau-die-man-nie-zusammen-sehen-sollte\\\/\"},\"wordCount\":1578,\"publisher\":{\"@id\":\"https:\\\/\\\/www.strassenweb.de\\\/nachrichten\\\/#organization\"},\"image\":{\"@id\":\"https:\\\/\\\/www.strassenweb.de\\\/nachrichten\\\/ich-sehe-diese-unerwartete-farbkombination-ueberall-deshalb-lieben-designer-die-kombination-aus-salbeigruen-und-hellblau-die-man-nie-zusammen-sehen-sollte\\\/#primaryimage\"},\"thumbnailUrl\":\"https:\\\/\\\/www.strassenweb.de\\\/nachrichten\\\/wp-content\\\/uploads\\\/2024\\\/11\\\/\u201eIch-sehe-diese-unerwartete-Farbkombination-ueberall-\u2013-deshalb-lieben-Designer.jpg\",\"keywords\":[\"aus\",\"deshalb\",\"Designer\",\"die\",\"diese\",\"Farbkombination\",\"Hellblau\",\"ich\",\"Kombination\",\"lieben\",\"man\",\"nie\",\"Salbeigr\u00fcn\",\"sehe\",\"sehen\",\"Sollte\",\"\u00fcberall\",\"und\",\"unerwartete\",\"zusammen\"],\"articleSection\":[\"Haus &amp; Garten\"],\"inLanguage\":\"de\"},{\"@type\":\"WebPage\",\"@id\":\"https:\\\/\\\/www.strassenweb.de\\\/nachrichten\\\/ich-sehe-diese-unerwartete-farbkombination-ueberall-deshalb-lieben-designer-die-kombination-aus-salbeigruen-und-hellblau-die-man-nie-zusammen-sehen-sollte\\\/\",\"url\":\"https:\\\/\\\/www.strassenweb.de\\\/nachrichten\\\/ich-sehe-diese-unerwartete-farbkombination-ueberall-deshalb-lieben-designer-die-kombination-aus-salbeigruen-und-hellblau-die-man-nie-zusammen-sehen-sollte\\\/\",\"name\":\"\u201eIch sehe diese unerwartete Farbkombination \u00fcberall\u201c \u2013 deshalb lieben Designer die Kombination aus Salbeigr\u00fcn und Hellblau, die man nie zusammen sehen sollte - Nachrichten - Stra\u00dfenweb\",\"isPartOf\":{\"@id\":\"https:\\\/\\\/www.strassenweb.de\\\/nachrichten\\\/#website\"},\"primaryImageOfPage\":{\"@id\":\"https:\\\/\\\/www.strassenweb.de\\\/nachrichten\\\/ich-sehe-diese-unerwartete-farbkombination-ueberall-deshalb-lieben-designer-die-kombination-aus-salbeigruen-und-hellblau-die-man-nie-zusammen-sehen-sollte\\\/#primaryimage\"},\"image\":{\"@id\":\"https:\\\/\\\/www.strassenweb.de\\\/nachrichten\\\/ich-sehe-diese-unerwartete-farbkombination-ueberall-deshalb-lieben-designer-die-kombination-aus-salbeigruen-und-hellblau-die-man-nie-zusammen-sehen-sollte\\\/#primaryimage\"},\"thumbnailUrl\":\"https:\\\/\\\/www.strassenweb.de\\\/nachrichten\\\/wp-content\\\/uploads\\\/2024\\\/11\\\/\u201eIch-sehe-diese-unerwartete-Farbkombination-ueberall-\u2013-deshalb-lieben-Designer.jpg\",\"datePublished\":\"2024-11-04T11:51:53+00:00\",\"dateModified\":\"2024-11-04T11:51:55+00:00\",\"breadcrumb\":{\"@id\":\"https:\\\/\\\/www.strassenweb.de\\\/nachrichten\\\/ich-sehe-diese-unerwartete-farbkombination-ueberall-deshalb-lieben-designer-die-kombination-aus-salbeigruen-und-hellblau-die-man-nie-zusammen-sehen-sollte\\\/#breadcrumb\"},\"inLanguage\":\"de\",\"potentialAction\":[{\"@type\":\"ReadAction\",\"target\":[\"https:\\\/\\\/www.strassenweb.de\\\/nachrichten\\\/ich-sehe-diese-unerwartete-farbkombination-ueberall-deshalb-lieben-designer-die-kombination-aus-salbeigruen-und-hellblau-die-man-nie-zusammen-sehen-sollte\\\/\"]}]},{\"@type\":\"ImageObject\",\"inLanguage\":\"de\",\"@id\":\"https:\\\/\\\/www.strassenweb.de\\\/nachrichten\\\/ich-sehe-diese-unerwartete-farbkombination-ueberall-deshalb-lieben-designer-die-kombination-aus-salbeigruen-und-hellblau-die-man-nie-zusammen-sehen-sollte\\\/#primaryimage\",\"url\":\"https:\\\/\\\/www.strassenweb.de\\\/nachrichten\\\/wp-content\\\/uploads\\\/2024\\\/11\\\/\u201eIch-sehe-diese-unerwartete-Farbkombination-ueberall-\u2013-deshalb-lieben-Designer.jpg\",\"contentUrl\":\"https:\\\/\\\/www.strassenweb.de\\\/nachrichten\\\/wp-content\\\/uploads\\\/2024\\\/11\\\/\u201eIch-sehe-diese-unerwartete-Farbkombination-ueberall-\u2013-deshalb-lieben-Designer.jpg\",\"width\":1200,\"height\":675,\"caption\":\"\u201eIch sehe diese unerwartete Farbkombination \u00fcberall\u201c \u2013 deshalb lieben Designer die Kombination aus Salbeigr\u00fcn und Hellblau, die man nie zusammen sehen sollte\"},{\"@type\":\"BreadcrumbList\",\"@id\":\"https:\\\/\\\/www.strassenweb.de\\\/nachrichten\\\/ich-sehe-diese-unerwartete-farbkombination-ueberall-deshalb-lieben-designer-die-kombination-aus-salbeigruen-und-hellblau-die-man-nie-zusammen-sehen-sollte\\\/#breadcrumb\",\"itemListElement\":[{\"@type\":\"ListItem\",\"position\":1,\"name\":\"Home\",\"item\":\"https:\\\/\\\/www.strassenweb.de\\\/nachrichten\\\/\"},{\"@type\":\"ListItem\",\"position\":2,\"name\":\"\u201eIch sehe diese unerwartete Farbkombination \u00fcberall\u201c \u2013 deshalb lieben Designer die Kombination aus Salbeigr\u00fcn und Hellblau, die man nie zusammen sehen sollte\"}]},{\"@type\":\"WebSite\",\"@id\":\"https:\\\/\\\/www.strassenweb.de\\\/nachrichten\\\/#website\",\"url\":\"https:\\\/\\\/www.strassenweb.de\\\/nachrichten\\\/\",\"name\":\"Stra\u00dfenweb\",\"description\":\"Stra\u00dfenverzeichnis f\u00fcr Deutschland\",\"publisher\":{\"@id\":\"https:\\\/\\\/www.strassenweb.de\\\/nachrichten\\\/#organization\"},\"potentialAction\":[{\"@type\":\"SearchAction\",\"target\":{\"@type\":\"EntryPoint\",\"urlTemplate\":\"https:\\\/\\\/www.strassenweb.de\\\/nachrichten\\\/?s={search_term_string}\"},\"query-input\":{\"@type\":\"PropertyValueSpecification\",\"valueRequired\":true,\"valueName\":\"search_term_string\"}}],\"inLanguage\":\"de\"},{\"@type\":\"Organization\",\"@id\":\"https:\\\/\\\/www.strassenweb.de\\\/nachrichten\\\/#organization\",\"name\":\"Stra\u00dfenweb\",\"url\":\"https:\\\/\\\/www.strassenweb.de\\\/nachrichten\\\/\",\"logo\":{\"@type\":\"ImageObject\",\"inLanguage\":\"de\",\"@id\":\"https:\\\/\\\/www.strassenweb.de\\\/nachrichten\\\/#\\\/schema\\\/logo\\\/image\\\/\",\"url\":\"https:\\\/\\\/www.strassenweb.de\\\/nachrichten\\\/wp-content\\\/uploads\\\/2024\\\/09\\\/cropped-favicon.png\",\"contentUrl\":\"https:\\\/\\\/www.strassenweb.de\\\/nachrichten\\\/wp-content\\\/uploads\\\/2024\\\/09\\\/cropped-favicon.png\",\"width\":512,\"height\":512,\"caption\":\"Stra\u00dfenweb\"},\"image\":{\"@id\":\"https:\\\/\\\/www.strassenweb.de\\\/nachrichten\\\/#\\\/schema\\\/logo\\\/image\\\/\"},\"sameAs\":[\"https:\\\/\\\/www.facebook.com\\\/strassenweb\\\/\"]},{\"@type\":\"Person\",\"@id\":\"https:\\\/\\\/www.strassenweb.de\\\/nachrichten\\\/#\\\/schema\\\/person\\\/87c9c9067f1211da429a744dc5a5aa41\",\"name\":\"Robert Hoffmann\",\"image\":{\"@type\":\"ImageObject\",\"inLanguage\":\"de\",\"@id\":\"https:\\\/\\\/www.strassenweb.de\\\/nachrichten\\\/wp-content\\\/uploads\\\/2024\\\/09\\\/strassenweb-150x150.jpg\",\"url\":\"https:\\\/\\\/www.strassenweb.de\\\/nachrichten\\\/wp-content\\\/uploads\\\/2024\\\/09\\\/strassenweb-150x150.jpg\",\"contentUrl\":\"https:\\\/\\\/www.strassenweb.de\\\/nachrichten\\\/wp-content\\\/uploads\\\/2024\\\/09\\\/strassenweb-150x150.jpg\",\"caption\":\"Robert Hoffmann\"},\"description\":\"Ich hei\u00dfe Robert Hoffmann und ich bin ein leidenschaftlicher Verfechter von \u00d6kologie und Biodiversit\u00e4t. Seit meiner Kindheit in den W\u00e4ldern Bayerns f\u00fchle ich mich mit der Natur verbunden und bin entschlossen, sie zu sch\u00fctzen. Heute widme ich mein Leben der Sensibilisierung anderer f\u00fcr die Bedeutung des Umweltschutzes f\u00fcr zuk\u00fcnftige Generationen.\",\"sameAs\":[\"https:\\\/\\\/www.strassenweb.de\\\/\"]}]}<\/script>\n<!-- \/ Yoast SEO plugin. -->","yoast_head_json":{"title":"\u201eIch sehe diese unerwartete Farbkombination \u00fcberall\u201c \u2013 deshalb lieben Designer die Kombination aus Salbeigr\u00fcn und Hellblau, die man nie zusammen sehen sollte - Nachrichten - Stra\u00dfenweb","robots":{"index":"index","follow":"follow","max-snippet":"max-snippet:-1","max-image-preview":"max-image-preview:large","max-video-preview":"max-video-preview:-1"},"canonical":"https:\/\/www.strassenweb.de\/nachrichten\/ich-sehe-diese-unerwartete-farbkombination-ueberall-deshalb-lieben-designer-die-kombination-aus-salbeigruen-und-hellblau-die-man-nie-zusammen-sehen-sollte\/","og_locale":"de_DE","og_type":"article","og_title":"\u201eIch sehe diese unerwartete Farbkombination \u00fcberall\u201c \u2013 deshalb lieben Designer die Kombination aus Salbeigr\u00fcn und Hellblau, die man nie zusammen sehen sollte - Nachrichten - Stra\u00dfenweb","og_description":"Sowohl Blau als auch Gr\u00fcn sind f\u00fcr ihre beruhigenden und erdenden Eigenschaften bekannt. Gr\u00fcn mit seiner tiefen Verbundenheit zur Natur \u2013 denken Sie an \u00fcppige","og_url":"https:\/\/www.strassenweb.de\/nachrichten\/ich-sehe-diese-unerwartete-farbkombination-ueberall-deshalb-lieben-designer-die-kombination-aus-salbeigruen-und-hellblau-die-man-nie-zusammen-sehen-sollte\/","og_site_name":"Stra\u00dfenweb","article_publisher":"https:\/\/www.facebook.com\/strassenweb\/","article_published_time":"2024-11-04T11:51:53+00:00","article_modified_time":"2024-11-04T11:51:55+00:00","og_image":[{"width":1200,"height":675,"url":"https:\/\/www.strassenweb.de\/nachrichten\/wp-content\/uploads\/2024\/11\/\u201eIch-sehe-diese-unerwartete-Farbkombination-ueberall-\u2013-deshalb-lieben-Designer.jpg","type":"image\/jpeg"}],"author":"Robert Hoffmann","twitter_card":"summary_large_image","twitter_misc":{"Verfasst von":"Robert Hoffmann","Gesch\u00e4tzte Lesezeit":"8\u00a0Minuten"},"schema":{"@context":"https:\/\/schema.org","@graph":[{"@type":"Article","@id":"https:\/\/www.strassenweb.de\/nachrichten\/ich-sehe-diese-unerwartete-farbkombination-ueberall-deshalb-lieben-designer-die-kombination-aus-salbeigruen-und-hellblau-die-man-nie-zusammen-sehen-sollte\/#article","isPartOf":{"@id":"https:\/\/www.strassenweb.de\/nachrichten\/ich-sehe-diese-unerwartete-farbkombination-ueberall-deshalb-lieben-designer-die-kombination-aus-salbeigruen-und-hellblau-die-man-nie-zusammen-sehen-sollte\/"},"author":{"name":"Robert Hoffmann","@id":"https:\/\/www.strassenweb.de\/nachrichten\/#\/schema\/person\/87c9c9067f1211da429a744dc5a5aa41"},"headline":"\u201eIch sehe diese unerwartete Farbkombination \u00fcberall\u201c \u2013 deshalb lieben Designer die Kombination aus Salbeigr\u00fcn und Hellblau, die man nie zusammen sehen sollte","datePublished":"2024-11-04T11:51:53+00:00","dateModified":"2024-11-04T11:51:55+00:00","mainEntityOfPage":{"@id":"https:\/\/www.strassenweb.de\/nachrichten\/ich-sehe-diese-unerwartete-farbkombination-ueberall-deshalb-lieben-designer-die-kombination-aus-salbeigruen-und-hellblau-die-man-nie-zusammen-sehen-sollte\/"},"wordCount":1578,"publisher":{"@id":"https:\/\/www.strassenweb.de\/nachrichten\/#organization"},"image":{"@id":"https:\/\/www.strassenweb.de\/nachrichten\/ich-sehe-diese-unerwartete-farbkombination-ueberall-deshalb-lieben-designer-die-kombination-aus-salbeigruen-und-hellblau-die-man-nie-zusammen-sehen-sollte\/#primaryimage"},"thumbnailUrl":"https:\/\/www.strassenweb.de\/nachrichten\/wp-content\/uploads\/2024\/11\/\u201eIch-sehe-diese-unerwartete-Farbkombination-ueberall-\u2013-deshalb-lieben-Designer.jpg","keywords":["aus","deshalb","Designer","die","diese","Farbkombination","Hellblau","ich","Kombination","lieben","man","nie","Salbeigr\u00fcn","sehe","sehen","Sollte","\u00fcberall","und","unerwartete","zusammen"],"articleSection":["Haus &amp; Garten"],"inLanguage":"de"},{"@type":"WebPage","@id":"https:\/\/www.strassenweb.de\/nachrichten\/ich-sehe-diese-unerwartete-farbkombination-ueberall-deshalb-lieben-designer-die-kombination-aus-salbeigruen-und-hellblau-die-man-nie-zusammen-sehen-sollte\/","url":"https:\/\/www.strassenweb.de\/nachrichten\/ich-sehe-diese-unerwartete-farbkombination-ueberall-deshalb-lieben-designer-die-kombination-aus-salbeigruen-und-hellblau-die-man-nie-zusammen-sehen-sollte\/","name":"\u201eIch sehe diese unerwartete Farbkombination \u00fcberall\u201c \u2013 deshalb lieben Designer die Kombination aus Salbeigr\u00fcn und Hellblau, die man nie zusammen sehen sollte - Nachrichten - Stra\u00dfenweb","isPartOf":{"@id":"https:\/\/www.strassenweb.de\/nachrichten\/#website"},"primaryImageOfPage":{"@id":"https:\/\/www.strassenweb.de\/nachrichten\/ich-sehe-diese-unerwartete-farbkombination-ueberall-deshalb-lieben-designer-die-kombination-aus-salbeigruen-und-hellblau-die-man-nie-zusammen-sehen-sollte\/#primaryimage"},"image":{"@id":"https:\/\/www.strassenweb.de\/nachrichten\/ich-sehe-diese-unerwartete-farbkombination-ueberall-deshalb-lieben-designer-die-kombination-aus-salbeigruen-und-hellblau-die-man-nie-zusammen-sehen-sollte\/#primaryimage"},"thumbnailUrl":"https:\/\/www.strassenweb.de\/nachrichten\/wp-content\/uploads\/2024\/11\/\u201eIch-sehe-diese-unerwartete-Farbkombination-ueberall-\u2013-deshalb-lieben-Designer.jpg","datePublished":"2024-11-04T11:51:53+00:00","dateModified":"2024-11-04T11:51:55+00:00","breadcrumb":{"@id":"https:\/\/www.strassenweb.de\/nachrichten\/ich-sehe-diese-unerwartete-farbkombination-ueberall-deshalb-lieben-designer-die-kombination-aus-salbeigruen-und-hellblau-die-man-nie-zusammen-sehen-sollte\/#breadcrumb"},"inLanguage":"de","potentialAction":[{"@type":"ReadAction","target":["https:\/\/www.strassenweb.de\/nachrichten\/ich-sehe-diese-unerwartete-farbkombination-ueberall-deshalb-lieben-designer-die-kombination-aus-salbeigruen-und-hellblau-die-man-nie-zusammen-sehen-sollte\/"]}]},{"@type":"ImageObject","inLanguage":"de","@id":"https:\/\/www.strassenweb.de\/nachrichten\/ich-sehe-diese-unerwartete-farbkombination-ueberall-deshalb-lieben-designer-die-kombination-aus-salbeigruen-und-hellblau-die-man-nie-zusammen-sehen-sollte\/#primaryimage","url":"https:\/\/www.strassenweb.de\/nachrichten\/wp-content\/uploads\/2024\/11\/\u201eIch-sehe-diese-unerwartete-Farbkombination-ueberall-\u2013-deshalb-lieben-Designer.jpg","contentUrl":"https:\/\/www.strassenweb.de\/nachrichten\/wp-content\/uploads\/2024\/11\/\u201eIch-sehe-diese-unerwartete-Farbkombination-ueberall-\u2013-deshalb-lieben-Designer.jpg","width":1200,"height":675,"caption":"\u201eIch sehe diese unerwartete Farbkombination \u00fcberall\u201c \u2013 deshalb lieben Designer die Kombination aus Salbeigr\u00fcn und Hellblau, die man nie zusammen sehen sollte"},{"@type":"BreadcrumbList","@id":"https:\/\/www.strassenweb.de\/nachrichten\/ich-sehe-diese-unerwartete-farbkombination-ueberall-deshalb-lieben-designer-die-kombination-aus-salbeigruen-und-hellblau-die-man-nie-zusammen-sehen-sollte\/#breadcrumb","itemListElement":[{"@type":"ListItem","position":1,"name":"Home","item":"https:\/\/www.strassenweb.de\/nachrichten\/"},{"@type":"ListItem","position":2,"name":"\u201eIch sehe diese unerwartete Farbkombination \u00fcberall\u201c \u2013 deshalb lieben Designer die Kombination aus Salbeigr\u00fcn und Hellblau, die man nie zusammen sehen sollte"}]},{"@type":"WebSite","@id":"https:\/\/www.strassenweb.de\/nachrichten\/#website","url":"https:\/\/www.strassenweb.de\/nachrichten\/","name":"Stra\u00dfenweb","description":"Stra\u00dfenverzeichnis f\u00fcr Deutschland","publisher":{"@id":"https:\/\/www.strassenweb.de\/nachrichten\/#organization"},"potentialAction":[{"@type":"SearchAction","target":{"@type":"EntryPoint","urlTemplate":"https:\/\/www.strassenweb.de\/nachrichten\/?s={search_term_string}"},"query-input":{"@type":"PropertyValueSpecification","valueRequired":true,"valueName":"search_term_string"}}],"inLanguage":"de"},{"@type":"Organization","@id":"https:\/\/www.strassenweb.de\/nachrichten\/#organization","name":"Stra\u00dfenweb","url":"https:\/\/www.strassenweb.de\/nachrichten\/","logo":{"@type":"ImageObject","inLanguage":"de","@id":"https:\/\/www.strassenweb.de\/nachrichten\/#\/schema\/logo\/image\/","url":"https:\/\/www.strassenweb.de\/nachrichten\/wp-content\/uploads\/2024\/09\/cropped-favicon.png","contentUrl":"https:\/\/www.strassenweb.de\/nachrichten\/wp-content\/uploads\/2024\/09\/cropped-favicon.png","width":512,"height":512,"caption":"Stra\u00dfenweb"},"image":{"@id":"https:\/\/www.strassenweb.de\/nachrichten\/#\/schema\/logo\/image\/"},"sameAs":["https:\/\/www.facebook.com\/strassenweb\/"]},{"@type":"Person","@id":"https:\/\/www.strassenweb.de\/nachrichten\/#\/schema\/person\/87c9c9067f1211da429a744dc5a5aa41","name":"Robert Hoffmann","image":{"@type":"ImageObject","inLanguage":"de","@id":"https:\/\/www.strassenweb.de\/nachrichten\/wp-content\/uploads\/2024\/09\/strassenweb-150x150.jpg","url":"https:\/\/www.strassenweb.de\/nachrichten\/wp-content\/uploads\/2024\/09\/strassenweb-150x150.jpg","contentUrl":"https:\/\/www.strassenweb.de\/nachrichten\/wp-content\/uploads\/2024\/09\/strassenweb-150x150.jpg","caption":"Robert Hoffmann"},"description":"Ich hei\u00dfe Robert Hoffmann und ich bin ein leidenschaftlicher Verfechter von \u00d6kologie und Biodiversit\u00e4t. Seit meiner Kindheit in den W\u00e4ldern Bayerns f\u00fchle ich mich mit der Natur verbunden und bin entschlossen, sie zu sch\u00fctzen. Heute widme ich mein Leben der Sensibilisierung anderer f\u00fcr die Bedeutung des Umweltschutzes f\u00fcr zuk\u00fcnftige Generationen.","sameAs":["https:\/\/www.strassenweb.de\/"]}]}},"_links":{"self":[{"href":"https:\/\/www.strassenweb.de\/nachrichten\/wp-json\/wp\/v2\/posts\/1341","targetHints":{"allow":["GET"]}}],"collection":[{"href":"https:\/\/www.strassenweb.de\/nachrichten\/wp-json\/wp\/v2\/posts"}],"about":[{"href":"https:\/\/www.strassenweb.de\/nachrichten\/wp-json\/wp\/v2\/types\/post"}],"author":[{"embeddable":true,"href":"https:\/\/www.strassenweb.de\/nachrichten\/wp-json\/wp\/v2\/users\/1"}],"replies":[{"embeddable":true,"href":"https:\/\/www.strassenweb.de\/nachrichten\/wp-json\/wp\/v2\/comments?post=1341"}],"version-history":[{"count":0,"href":"https:\/\/www.strassenweb.de\/nachrichten\/wp-json\/wp\/v2\/posts\/1341\/revisions"}],"wp:featuredmedia":[{"embeddable":true,"href":"https:\/\/www.strassenweb.de\/nachrichten\/wp-json\/wp\/v2\/media\/1342"}],"wp:attachment":[{"href":"https:\/\/www.strassenweb.de\/nachrichten\/wp-json\/wp\/v2\/media?parent=1341"}],"wp:term":[{"taxonomy":"category","embeddable":true,"href":"https:\/\/www.strassenweb.de\/nachrichten\/wp-json\/wp\/v2\/categories?post=1341"},{"taxonomy":"post_tag","embeddable":true,"href":"https:\/\/www.strassenweb.de\/nachrichten\/wp-json\/wp\/v2\/tags?post=1341"}],"curies":[{"name":"wp","href":"https:\/\/api.w.org\/{rel}","templated":true}]}}