{"id":13399,"date":"2026-05-01T19:39:20","date_gmt":"2026-05-01T17:39:20","guid":{"rendered":"https:\/\/www.strassenweb.de\/nachrichten\/plug-in-solarmodule-im-wert-von-500-stehen-kurz-vor-dem-verkauf-das-erfahren-sie\/"},"modified":"2026-05-01T19:39:24","modified_gmt":"2026-05-01T17:39:24","slug":"plug-in-solarmodule-im-wert-von-500-stehen-kurz-vor-dem-verkauf-das-erfahren-sie","status":"publish","type":"post","link":"https:\/\/www.strassenweb.de\/nachrichten\/plug-in-solarmodule-im-wert-von-500-stehen-kurz-vor-dem-verkauf-das-erfahren-sie\/","title":{"rendered":"Plug-in-Solarmodule im Wert von 500 \u00a3 stehen kurz vor dem Verkauf \u2013 das erfahren Sie &#8230;"},"content":{"rendered":"<p>Es wird erwartet, dass Plug-in-Solarmodule in den n\u00e4chsten Monaten in Gro\u00dfbritannien f\u00fcr rund 500 \u00a3 offiziell in den Handel kommen. Es m\u00fcssen jedoch noch einige H\u00fcrden f\u00fcr die Regierung und die Haushalte \u00fcberwunden werden, bevor dies zu der benutzerfreundlichen Option wird, die in anderen europ\u00e4ischen L\u00e4ndern beliebt ist.<\/p>\n<p>Plug-in-Solaranlagen bestehen typischerweise aus einem oder mehreren Modulen, die an den Seiten eines Balkons (oder im Garten) montiert werden k\u00f6nnen und dann \u00fcber einen Wechselrichter mit dem Haus verbunden werden. Der Wechselrichter wandelt die Art des von den Modulen erzeugten Stroms in die vom Netz verwendete Spannung und Frequenz um.<\/p>\n<p>Theoretisch kann dieser Strom \u00fcber einen Standardstecker in ein Haus eingespeist werden. Dies war im Vereinigten K\u00f6nigreich aus Sicherheits- und Regulierungsgr\u00fcnden nicht m\u00f6glich, aber diese Vorschriften werden jetzt ge\u00e4ndert, um dies zu erm\u00f6glichen, vorausgesetzt, die Panels erf\u00fcllen neue Sicherheitsstandards.<\/p>\n<p>In Deutschland waren im Jahr 2025 Millionen solcher Panels im Einsatz. Der deutsche Supermarkt Lidl und das britische Unternehmen Island arbeiten bereits mit der britischen Regierung zusammen, um sie im Vereinigten K\u00f6nigreich zum Verkauf anzubieten. Diese Panels k\u00f6nnten je nach Positionierung des Systems etwa 200\u2013500 kWh pro Jahr erzeugen, etwa 10 % der Energie eines typischen Haushalts.<\/p>\n<h2 class=\"wp-block-heading\">Was die Regierung tun muss<\/h2>\n<p>Die Pl\u00e4ne der Regierung sehen Plug-in-Installationen mit bis zu 800 W vorbehaltlich mehrerer Richtlinien vor. Es ist jedoch immer noch nicht klar, ob m\u00f6glicherweise \u00c4nderungen an den Planungsgesetzen erforderlich sein werden. Mieter m\u00fcssten sich auch bei einem Wohngemeinschaftsprojekt bei ihrem Vermieter erkundigen (da Balkon-Solaranlagen Auswirkungen auf die Geb\u00e4udeversicherung haben k\u00f6nnten, die oft im gesamten H\u00e4userblock gemeinsam genutzt wird). F\u00fcr Menschen, die in einem Schutzgebiet leben, kann es auch planungsrechtliche Einschr\u00e4nkungen geben.<\/p>\n<p>Um eine optimale Leistung zu erzielen, sollten Sie die Solarmodule neigen. Dies kann aber auch im Widerspruch zu bestehenden Planungsregeln stehen. Ohne diesen Winkel k\u00f6nnte die Leistung um 30\u201345 % sinken. M\u00fcssen sich die Planungsregeln diesbez\u00fcglich \u00e4ndern?<\/p>\n<p>Die Regierung verspricht neue Sicherheitsstandards und \u201eAnti-Islanding\u201c-Ma\u00dfnahmen f\u00fcr diese Kits. \u201eAnti-Islanding\u201c bezieht sich auf die Gefahr, dass die Steckerstifte nach dem Ausstecken des Steckers f\u00fcr kurze Zeit unter Spannung stehen oder das Stromnetz ausf\u00e4llt und die Panels weiterhin Strom in das Haus einspeisen, ohne dass der Strom genutzt werden kann. In diesen F\u00e4llen ist eine Art Sicherheitsmechanismus erforderlich, um den Stromfluss zu stoppen.<\/p>\n<p>Der Berufsverband Institute of Engineering and Technology und der Branchenverband Electrical Contractors Association haben bereits Bedenken hinsichtlich der Verwendung dieser Art von Solarmodulen ge\u00e4u\u00dfert. Es ist klar, dass einige Haushalte in Gro\u00dfbritannien \u00fcber \u00e4ltere elektrische Systeme verf\u00fcgen, die mit Plug-in-Solar nicht zurechtkommen. Fr\u00fchere britische Baunormen ber\u00fccksichtigten nicht, dass der Strom auf diese Weise \u00fcber einen Stecker in H\u00e4user eingespeist wird.<\/p>\n<p>W\u00e4hrend einige dieser online erh\u00e4ltlichen Plug-in-Ger\u00e4te von guter Qualit\u00e4t sind, sind andere billig hergestellt, was ein weiteres Problem darstellt. Es muss einen Industriestandard und eine Durchsetzung geben. https:\/\/www.youtube.com\/embed\/eKIh7wvE4gQ?wmode=transparent&#038;start=0 Plug-in-Solarmodule sind bei Mietern in Deutschland beliebt.<\/p>\n<h2 class=\"wp-block-heading\">Woran Hausbesitzer denken m\u00fcssen<\/h2>\n<p>F\u00fcr die meisten Menschen, die in H\u00e4usern (und nicht in Wohnungen) leben, wird es ziemlich einfach sein, aber einige (einschlie\u00dflich derjenigen in Naturschutzgebieten) ben\u00f6tigen m\u00f6glicherweise eine Baugenehmigung. Die meisten Menschen sollten sich auch bei ihren Versicherern erkundigen.<\/p>\n<p>Balkon-Solar ist nicht f\u00fcr jeden ideal. Wenn Ihr Balkon einen Teil des Tages im Schatten liegt oder nach Norden ausgerichtet ist, profitieren Sie m\u00f6glicherweise nur wenig davon. Es lohnt sich, dies zu \u00fcberpr\u00fcfen.<\/p>\n<p>Sie m\u00fcssen dennoch Ihren \u00f6rtlichen Netzbetreiber benachrichtigen, der Ihr Netz wartet und repariert. Das ist bei Ihrem Energieversorger anders. Sie m\u00fcssen au\u00dferdem eine G98-Meldung ausf\u00fcllen. Mit diesem Online-Formular teilen Sie Ihrem Stromversorger mit, dass Sie \u00fcber eine Solaranlage verf\u00fcgen, die Strom ins Netz einspeist. Diese Formulare werden in der Regel von Elektrikern ausgef\u00fcllt. Es ist noch nicht klar, ob Haushalte oder Mieter diese Antr\u00e4ge selbst bearbeiten k\u00f6nnen.<\/p>\n<p>Sie ben\u00f6tigen einen wetterfesten Au\u00dfenstecker f\u00fcr ein Ger\u00e4t auf Ihrem Balkon und zum Anschluss an Ihr Haus. Wenn Sie einen Elektriker mit der Installation beauftragen, ist es m\u00f6glicherweise sicherer, das System einfach direkt an das Stromnetz anzuschlie\u00dfen. Aber Sie k\u00f6nnen ein Kabel nicht einfach durch ein offenes Fenster verlegen, da das nicht sicher w\u00e4re. Au\u00dferdem w\u00fcrde ein offenes Fenster die W\u00e4rme entweichen lassen, und H\u00e4user verbrauchen in der Regel mehr Energie f\u00fcr die Heizung als f\u00fcr den Strom, wodurch m\u00f6glicherweise alle Vorteile des Solar-Kits zunichte gemacht werden.<\/p>\n<p>Eine weitere \u00dcberlegung ist, was mit der Kraft selbst geschehen soll. Der vom Stromnetz f\u00fcr Haushalte, die \u00fcbersch\u00fcssige Energie liefern, gezahlte Preis ist oft viel niedriger als der Preis f\u00fcr den Kauf von Strom aus dem Stromnetz, sodass die Haushalte wirklich so viel Strom wie m\u00f6glich selbst nutzen m\u00f6chten. Eine L\u00f6sung hierf\u00fcr ist der Kauf einer Batterie. Diese k\u00f6nnen zwar mehrere Hundert Pfund kosten, bedeuten aber, dass Sie den Akku tags\u00fcber aufladen und den Strom dann nachts nutzen k\u00f6nnen. Eine Batterie erh\u00f6ht also die Flexibilit\u00e4t, erh\u00f6ht aber auch die Kosten und verk\u00fcrzt die Amortisationszeit.<\/p>\n<p>Die Regierung hofft, dass Plug-in-Solaranlagen mehr Menschen dazu ermutigen k\u00f6nnten, Solarenergie zu nutzen, was wiederum Investitionen in gr\u00f6\u00dfere Anlagen, beispielsweise auf D\u00e4chern, f\u00f6rdern k\u00f6nnte, die weitaus mehr Strom produzieren k\u00f6nnen. Es sei jedoch daran erinnert, dass es in Deutschland umgekehrt funktionierte: Zuerst kamen Solaranlagen auf D\u00e4chern (unterst\u00fctzt durch staatliche Zusch\u00fcsse) und dann f\u00fcllten Balkonsysteme die L\u00fccken.<\/p>\n<p>Indem die Regierung einige dieser praktischen Probleme schnell angeht, kann sie eine umfassendere Umstellung auf Solarenergie f\u00f6rdern.<\/p>\n<p>Dylan Ryan, Dozent f\u00fcr Maschinenbau und Energietechnik, <em>Edinburgh Napier University<\/em><\/p>\n<p>  wird von The Conversation unter einer Creative Commons-Lizenz erneut ver\u00f6ffentlicht. <\/p>\n<p>Foto: Millionen Panels sind deutschlandweit verbaut. Ingrid Balabanova\/Shutterstock<\/p><\/p>\n","protected":false},"excerpt":{"rendered":"<p>Es wird erwartet, dass Plug-in-Solarmodule in den n\u00e4chsten Monaten in Gro\u00dfbritannien f\u00fcr rund 500 \u00a3 offiziell in den Handel kommen. Es m\u00fcssen jedoch noch einige<\/p>\n","protected":false},"author":1,"featured_media":13400,"comment_status":"closed","ping_status":"","sticky":false,"template":"","format":"standard","meta":{"footnotes":""},"categories":[101],"tags":[112,91,164,6063,15024,165,1207,735,21,524,1114],"class_list":["post-13399","post","type-post","status-publish","format-standard","has-post-thumbnail","hentry","category-oekologie","tag-das","tag-dem","tag-erfahren","tag-kurz","tag-pluginsolarmodule","tag-sie","tag-stehen","tag-verkauf","tag-von","tag-vor","tag-wert","generate-columns","tablet-grid-50","mobile-grid-100","grid-parent","grid-50"],"yoast_head":"<!-- This site is optimized with the Yoast SEO plugin v27.3 - https:\/\/yoast.com\/product\/yoast-seo-wordpress\/ -->\n<title>Plug-in-Solarmodule im Wert von 500 \u00a3 stehen kurz vor dem Verkauf \u2013 das erfahren Sie ... - Nachrichten - Stra\u00dfenweb<\/title>\n<meta name=\"robots\" content=\"index, follow, max-snippet:-1, max-image-preview:large, max-video-preview:-1\" \/>\n<link rel=\"canonical\" href=\"https:\/\/www.strassenweb.de\/nachrichten\/plug-in-solarmodule-im-wert-von-500-stehen-kurz-vor-dem-verkauf-das-erfahren-sie\/\" \/>\n<meta property=\"og:locale\" content=\"de_DE\" \/>\n<meta property=\"og:type\" content=\"article\" \/>\n<meta property=\"og:title\" content=\"Plug-in-Solarmodule im Wert von 500 \u00a3 stehen kurz vor dem Verkauf \u2013 das erfahren Sie ... - Nachrichten - Stra\u00dfenweb\" \/>\n<meta property=\"og:description\" content=\"Es wird erwartet, dass Plug-in-Solarmodule in den n\u00e4chsten Monaten in Gro\u00dfbritannien f\u00fcr rund 500 \u00a3 offiziell in den Handel kommen. Es m\u00fcssen jedoch noch einige\" \/>\n<meta property=\"og:url\" content=\"https:\/\/www.strassenweb.de\/nachrichten\/plug-in-solarmodule-im-wert-von-500-stehen-kurz-vor-dem-verkauf-das-erfahren-sie\/\" \/>\n<meta property=\"og:site_name\" content=\"Stra\u00dfenweb\" \/>\n<meta property=\"article:publisher\" content=\"https:\/\/www.facebook.com\/strassenweb\/\" \/>\n<meta property=\"article:published_time\" content=\"2026-05-01T17:39:20+00:00\" \/>\n<meta property=\"article:modified_time\" content=\"2026-05-01T17:39:24+00:00\" \/>\n<meta property=\"og:image\" content=\"https:\/\/www.strassenweb.de\/nachrichten\/wp-content\/uploads\/2026\/05\/Plug-in-Solarmodule-im-Wert-von-500-stehen-kurz-vor-dem-Verkauf.jpg\" \/>\n\t<meta property=\"og:image:width\" content=\"753\" \/>\n\t<meta property=\"og:image:height\" content=\"423\" \/>\n\t<meta property=\"og:image:type\" content=\"image\/jpeg\" \/>\n<meta name=\"author\" content=\"Robert Hoffmann\" \/>\n<meta name=\"twitter:card\" content=\"summary_large_image\" \/>\n<meta name=\"twitter:label1\" content=\"Verfasst von\" \/>\n\t<meta name=\"twitter:data1\" content=\"Robert Hoffmann\" \/>\n\t<meta name=\"twitter:label2\" content=\"Gesch\u00e4tzte Lesezeit\" \/>\n\t<meta name=\"twitter:data2\" content=\"5\u00a0Minuten\" \/>\n<script type=\"application\/ld+json\" class=\"yoast-schema-graph\">{\"@context\":\"https:\\\/\\\/schema.org\",\"@graph\":[{\"@type\":\"Article\",\"@id\":\"https:\\\/\\\/www.strassenweb.de\\\/nachrichten\\\/plug-in-solarmodule-im-wert-von-500-stehen-kurz-vor-dem-verkauf-das-erfahren-sie\\\/#article\",\"isPartOf\":{\"@id\":\"https:\\\/\\\/www.strassenweb.de\\\/nachrichten\\\/plug-in-solarmodule-im-wert-von-500-stehen-kurz-vor-dem-verkauf-das-erfahren-sie\\\/\"},\"author\":{\"name\":\"Robert Hoffmann\",\"@id\":\"https:\\\/\\\/www.strassenweb.de\\\/nachrichten\\\/#\\\/schema\\\/person\\\/87c9c9067f1211da429a744dc5a5aa41\"},\"headline\":\"Plug-in-Solarmodule im Wert von 500 \u00a3 stehen kurz vor dem Verkauf \u2013 das erfahren Sie &#8230;\",\"datePublished\":\"2026-05-01T17:39:20+00:00\",\"dateModified\":\"2026-05-01T17:39:24+00:00\",\"mainEntityOfPage\":{\"@id\":\"https:\\\/\\\/www.strassenweb.de\\\/nachrichten\\\/plug-in-solarmodule-im-wert-von-500-stehen-kurz-vor-dem-verkauf-das-erfahren-sie\\\/\"},\"wordCount\":1008,\"publisher\":{\"@id\":\"https:\\\/\\\/www.strassenweb.de\\\/nachrichten\\\/#organization\"},\"image\":{\"@id\":\"https:\\\/\\\/www.strassenweb.de\\\/nachrichten\\\/plug-in-solarmodule-im-wert-von-500-stehen-kurz-vor-dem-verkauf-das-erfahren-sie\\\/#primaryimage\"},\"thumbnailUrl\":\"https:\\\/\\\/www.strassenweb.de\\\/nachrichten\\\/wp-content\\\/uploads\\\/2026\\\/05\\\/Plug-in-Solarmodule-im-Wert-von-500-stehen-kurz-vor-dem-Verkauf.jpg\",\"keywords\":[\"das\",\"dem\",\"erfahren\",\"kurz\",\"PluginSolarmodule\",\"Sie\",\"stehen\",\"Verkauf\",\"von\",\"vor\",\"wert\"],\"articleSection\":[\"\u00d6kologie\"],\"inLanguage\":\"de\"},{\"@type\":\"WebPage\",\"@id\":\"https:\\\/\\\/www.strassenweb.de\\\/nachrichten\\\/plug-in-solarmodule-im-wert-von-500-stehen-kurz-vor-dem-verkauf-das-erfahren-sie\\\/\",\"url\":\"https:\\\/\\\/www.strassenweb.de\\\/nachrichten\\\/plug-in-solarmodule-im-wert-von-500-stehen-kurz-vor-dem-verkauf-das-erfahren-sie\\\/\",\"name\":\"Plug-in-Solarmodule im Wert von 500 \u00a3 stehen kurz vor dem Verkauf \u2013 das erfahren Sie ... - Nachrichten - Stra\u00dfenweb\",\"isPartOf\":{\"@id\":\"https:\\\/\\\/www.strassenweb.de\\\/nachrichten\\\/#website\"},\"primaryImageOfPage\":{\"@id\":\"https:\\\/\\\/www.strassenweb.de\\\/nachrichten\\\/plug-in-solarmodule-im-wert-von-500-stehen-kurz-vor-dem-verkauf-das-erfahren-sie\\\/#primaryimage\"},\"image\":{\"@id\":\"https:\\\/\\\/www.strassenweb.de\\\/nachrichten\\\/plug-in-solarmodule-im-wert-von-500-stehen-kurz-vor-dem-verkauf-das-erfahren-sie\\\/#primaryimage\"},\"thumbnailUrl\":\"https:\\\/\\\/www.strassenweb.de\\\/nachrichten\\\/wp-content\\\/uploads\\\/2026\\\/05\\\/Plug-in-Solarmodule-im-Wert-von-500-stehen-kurz-vor-dem-Verkauf.jpg\",\"datePublished\":\"2026-05-01T17:39:20+00:00\",\"dateModified\":\"2026-05-01T17:39:24+00:00\",\"breadcrumb\":{\"@id\":\"https:\\\/\\\/www.strassenweb.de\\\/nachrichten\\\/plug-in-solarmodule-im-wert-von-500-stehen-kurz-vor-dem-verkauf-das-erfahren-sie\\\/#breadcrumb\"},\"inLanguage\":\"de\",\"potentialAction\":[{\"@type\":\"ReadAction\",\"target\":[\"https:\\\/\\\/www.strassenweb.de\\\/nachrichten\\\/plug-in-solarmodule-im-wert-von-500-stehen-kurz-vor-dem-verkauf-das-erfahren-sie\\\/\"]}]},{\"@type\":\"ImageObject\",\"inLanguage\":\"de\",\"@id\":\"https:\\\/\\\/www.strassenweb.de\\\/nachrichten\\\/plug-in-solarmodule-im-wert-von-500-stehen-kurz-vor-dem-verkauf-das-erfahren-sie\\\/#primaryimage\",\"url\":\"https:\\\/\\\/www.strassenweb.de\\\/nachrichten\\\/wp-content\\\/uploads\\\/2026\\\/05\\\/Plug-in-Solarmodule-im-Wert-von-500-stehen-kurz-vor-dem-Verkauf.jpg\",\"contentUrl\":\"https:\\\/\\\/www.strassenweb.de\\\/nachrichten\\\/wp-content\\\/uploads\\\/2026\\\/05\\\/Plug-in-Solarmodule-im-Wert-von-500-stehen-kurz-vor-dem-Verkauf.jpg\",\"width\":753,\"height\":423,\"caption\":\"\u00a3500 plug\u2011in solar panels are about to go on sale \u2013 here\u2019s what you need to know\"},{\"@type\":\"BreadcrumbList\",\"@id\":\"https:\\\/\\\/www.strassenweb.de\\\/nachrichten\\\/plug-in-solarmodule-im-wert-von-500-stehen-kurz-vor-dem-verkauf-das-erfahren-sie\\\/#breadcrumb\",\"itemListElement\":[{\"@type\":\"ListItem\",\"position\":1,\"name\":\"Home\",\"item\":\"https:\\\/\\\/www.strassenweb.de\\\/nachrichten\\\/\"},{\"@type\":\"ListItem\",\"position\":2,\"name\":\"Plug-in-Solarmodule im Wert von 500 \u00a3 stehen kurz vor dem Verkauf \u2013 das erfahren Sie &#8230;\"}]},{\"@type\":\"WebSite\",\"@id\":\"https:\\\/\\\/www.strassenweb.de\\\/nachrichten\\\/#website\",\"url\":\"https:\\\/\\\/www.strassenweb.de\\\/nachrichten\\\/\",\"name\":\"Stra\u00dfenweb\",\"description\":\"Stra\u00dfenverzeichnis f\u00fcr Deutschland\",\"publisher\":{\"@id\":\"https:\\\/\\\/www.strassenweb.de\\\/nachrichten\\\/#organization\"},\"potentialAction\":[{\"@type\":\"SearchAction\",\"target\":{\"@type\":\"EntryPoint\",\"urlTemplate\":\"https:\\\/\\\/www.strassenweb.de\\\/nachrichten\\\/?s={search_term_string}\"},\"query-input\":{\"@type\":\"PropertyValueSpecification\",\"valueRequired\":true,\"valueName\":\"search_term_string\"}}],\"inLanguage\":\"de\"},{\"@type\":\"Organization\",\"@id\":\"https:\\\/\\\/www.strassenweb.de\\\/nachrichten\\\/#organization\",\"name\":\"Stra\u00dfenweb\",\"url\":\"https:\\\/\\\/www.strassenweb.de\\\/nachrichten\\\/\",\"logo\":{\"@type\":\"ImageObject\",\"inLanguage\":\"de\",\"@id\":\"https:\\\/\\\/www.strassenweb.de\\\/nachrichten\\\/#\\\/schema\\\/logo\\\/image\\\/\",\"url\":\"https:\\\/\\\/www.strassenweb.de\\\/nachrichten\\\/wp-content\\\/uploads\\\/2024\\\/09\\\/cropped-favicon.png\",\"contentUrl\":\"https:\\\/\\\/www.strassenweb.de\\\/nachrichten\\\/wp-content\\\/uploads\\\/2024\\\/09\\\/cropped-favicon.png\",\"width\":512,\"height\":512,\"caption\":\"Stra\u00dfenweb\"},\"image\":{\"@id\":\"https:\\\/\\\/www.strassenweb.de\\\/nachrichten\\\/#\\\/schema\\\/logo\\\/image\\\/\"},\"sameAs\":[\"https:\\\/\\\/www.facebook.com\\\/strassenweb\\\/\"]},{\"@type\":\"Person\",\"@id\":\"https:\\\/\\\/www.strassenweb.de\\\/nachrichten\\\/#\\\/schema\\\/person\\\/87c9c9067f1211da429a744dc5a5aa41\",\"name\":\"Robert Hoffmann\",\"image\":{\"@type\":\"ImageObject\",\"inLanguage\":\"de\",\"@id\":\"https:\\\/\\\/www.strassenweb.de\\\/nachrichten\\\/wp-content\\\/uploads\\\/2024\\\/09\\\/strassenweb-150x150.jpg\",\"url\":\"https:\\\/\\\/www.strassenweb.de\\\/nachrichten\\\/wp-content\\\/uploads\\\/2024\\\/09\\\/strassenweb-150x150.jpg\",\"contentUrl\":\"https:\\\/\\\/www.strassenweb.de\\\/nachrichten\\\/wp-content\\\/uploads\\\/2024\\\/09\\\/strassenweb-150x150.jpg\",\"caption\":\"Robert Hoffmann\"},\"description\":\"Ich hei\u00dfe Robert Hoffmann und ich bin ein leidenschaftlicher Verfechter von \u00d6kologie und Biodiversit\u00e4t. Seit meiner Kindheit in den W\u00e4ldern Bayerns f\u00fchle ich mich mit der Natur verbunden und bin entschlossen, sie zu sch\u00fctzen. Heute widme ich mein Leben der Sensibilisierung anderer f\u00fcr die Bedeutung des Umweltschutzes f\u00fcr zuk\u00fcnftige Generationen.\",\"sameAs\":[\"https:\\\/\\\/www.strassenweb.de\\\/\"]}]}<\/script>\n<!-- \/ Yoast SEO plugin. -->","yoast_head_json":{"title":"Plug-in-Solarmodule im Wert von 500 \u00a3 stehen kurz vor dem Verkauf \u2013 das erfahren Sie ... - Nachrichten - Stra\u00dfenweb","robots":{"index":"index","follow":"follow","max-snippet":"max-snippet:-1","max-image-preview":"max-image-preview:large","max-video-preview":"max-video-preview:-1"},"canonical":"https:\/\/www.strassenweb.de\/nachrichten\/plug-in-solarmodule-im-wert-von-500-stehen-kurz-vor-dem-verkauf-das-erfahren-sie\/","og_locale":"de_DE","og_type":"article","og_title":"Plug-in-Solarmodule im Wert von 500 \u00a3 stehen kurz vor dem Verkauf \u2013 das erfahren Sie ... - Nachrichten - Stra\u00dfenweb","og_description":"Es wird erwartet, dass Plug-in-Solarmodule in den n\u00e4chsten Monaten in Gro\u00dfbritannien f\u00fcr rund 500 \u00a3 offiziell in den Handel kommen. Es m\u00fcssen jedoch noch einige","og_url":"https:\/\/www.strassenweb.de\/nachrichten\/plug-in-solarmodule-im-wert-von-500-stehen-kurz-vor-dem-verkauf-das-erfahren-sie\/","og_site_name":"Stra\u00dfenweb","article_publisher":"https:\/\/www.facebook.com\/strassenweb\/","article_published_time":"2026-05-01T17:39:20+00:00","article_modified_time":"2026-05-01T17:39:24+00:00","og_image":[{"width":753,"height":423,"url":"https:\/\/www.strassenweb.de\/nachrichten\/wp-content\/uploads\/2026\/05\/Plug-in-Solarmodule-im-Wert-von-500-stehen-kurz-vor-dem-Verkauf.jpg","type":"image\/jpeg"}],"author":"Robert Hoffmann","twitter_card":"summary_large_image","twitter_misc":{"Verfasst von":"Robert Hoffmann","Gesch\u00e4tzte Lesezeit":"5\u00a0Minuten"},"schema":{"@context":"https:\/\/schema.org","@graph":[{"@type":"Article","@id":"https:\/\/www.strassenweb.de\/nachrichten\/plug-in-solarmodule-im-wert-von-500-stehen-kurz-vor-dem-verkauf-das-erfahren-sie\/#article","isPartOf":{"@id":"https:\/\/www.strassenweb.de\/nachrichten\/plug-in-solarmodule-im-wert-von-500-stehen-kurz-vor-dem-verkauf-das-erfahren-sie\/"},"author":{"name":"Robert Hoffmann","@id":"https:\/\/www.strassenweb.de\/nachrichten\/#\/schema\/person\/87c9c9067f1211da429a744dc5a5aa41"},"headline":"Plug-in-Solarmodule im Wert von 500 \u00a3 stehen kurz vor dem Verkauf \u2013 das erfahren Sie &#8230;","datePublished":"2026-05-01T17:39:20+00:00","dateModified":"2026-05-01T17:39:24+00:00","mainEntityOfPage":{"@id":"https:\/\/www.strassenweb.de\/nachrichten\/plug-in-solarmodule-im-wert-von-500-stehen-kurz-vor-dem-verkauf-das-erfahren-sie\/"},"wordCount":1008,"publisher":{"@id":"https:\/\/www.strassenweb.de\/nachrichten\/#organization"},"image":{"@id":"https:\/\/www.strassenweb.de\/nachrichten\/plug-in-solarmodule-im-wert-von-500-stehen-kurz-vor-dem-verkauf-das-erfahren-sie\/#primaryimage"},"thumbnailUrl":"https:\/\/www.strassenweb.de\/nachrichten\/wp-content\/uploads\/2026\/05\/Plug-in-Solarmodule-im-Wert-von-500-stehen-kurz-vor-dem-Verkauf.jpg","keywords":["das","dem","erfahren","kurz","PluginSolarmodule","Sie","stehen","Verkauf","von","vor","wert"],"articleSection":["\u00d6kologie"],"inLanguage":"de"},{"@type":"WebPage","@id":"https:\/\/www.strassenweb.de\/nachrichten\/plug-in-solarmodule-im-wert-von-500-stehen-kurz-vor-dem-verkauf-das-erfahren-sie\/","url":"https:\/\/www.strassenweb.de\/nachrichten\/plug-in-solarmodule-im-wert-von-500-stehen-kurz-vor-dem-verkauf-das-erfahren-sie\/","name":"Plug-in-Solarmodule im Wert von 500 \u00a3 stehen kurz vor dem Verkauf \u2013 das erfahren Sie ... - Nachrichten - Stra\u00dfenweb","isPartOf":{"@id":"https:\/\/www.strassenweb.de\/nachrichten\/#website"},"primaryImageOfPage":{"@id":"https:\/\/www.strassenweb.de\/nachrichten\/plug-in-solarmodule-im-wert-von-500-stehen-kurz-vor-dem-verkauf-das-erfahren-sie\/#primaryimage"},"image":{"@id":"https:\/\/www.strassenweb.de\/nachrichten\/plug-in-solarmodule-im-wert-von-500-stehen-kurz-vor-dem-verkauf-das-erfahren-sie\/#primaryimage"},"thumbnailUrl":"https:\/\/www.strassenweb.de\/nachrichten\/wp-content\/uploads\/2026\/05\/Plug-in-Solarmodule-im-Wert-von-500-stehen-kurz-vor-dem-Verkauf.jpg","datePublished":"2026-05-01T17:39:20+00:00","dateModified":"2026-05-01T17:39:24+00:00","breadcrumb":{"@id":"https:\/\/www.strassenweb.de\/nachrichten\/plug-in-solarmodule-im-wert-von-500-stehen-kurz-vor-dem-verkauf-das-erfahren-sie\/#breadcrumb"},"inLanguage":"de","potentialAction":[{"@type":"ReadAction","target":["https:\/\/www.strassenweb.de\/nachrichten\/plug-in-solarmodule-im-wert-von-500-stehen-kurz-vor-dem-verkauf-das-erfahren-sie\/"]}]},{"@type":"ImageObject","inLanguage":"de","@id":"https:\/\/www.strassenweb.de\/nachrichten\/plug-in-solarmodule-im-wert-von-500-stehen-kurz-vor-dem-verkauf-das-erfahren-sie\/#primaryimage","url":"https:\/\/www.strassenweb.de\/nachrichten\/wp-content\/uploads\/2026\/05\/Plug-in-Solarmodule-im-Wert-von-500-stehen-kurz-vor-dem-Verkauf.jpg","contentUrl":"https:\/\/www.strassenweb.de\/nachrichten\/wp-content\/uploads\/2026\/05\/Plug-in-Solarmodule-im-Wert-von-500-stehen-kurz-vor-dem-Verkauf.jpg","width":753,"height":423,"caption":"\u00a3500 plug\u2011in solar panels are about to go on sale \u2013 here\u2019s what you need to know"},{"@type":"BreadcrumbList","@id":"https:\/\/www.strassenweb.de\/nachrichten\/plug-in-solarmodule-im-wert-von-500-stehen-kurz-vor-dem-verkauf-das-erfahren-sie\/#breadcrumb","itemListElement":[{"@type":"ListItem","position":1,"name":"Home","item":"https:\/\/www.strassenweb.de\/nachrichten\/"},{"@type":"ListItem","position":2,"name":"Plug-in-Solarmodule im Wert von 500 \u00a3 stehen kurz vor dem Verkauf \u2013 das erfahren Sie &#8230;"}]},{"@type":"WebSite","@id":"https:\/\/www.strassenweb.de\/nachrichten\/#website","url":"https:\/\/www.strassenweb.de\/nachrichten\/","name":"Stra\u00dfenweb","description":"Stra\u00dfenverzeichnis f\u00fcr Deutschland","publisher":{"@id":"https:\/\/www.strassenweb.de\/nachrichten\/#organization"},"potentialAction":[{"@type":"SearchAction","target":{"@type":"EntryPoint","urlTemplate":"https:\/\/www.strassenweb.de\/nachrichten\/?s={search_term_string}"},"query-input":{"@type":"PropertyValueSpecification","valueRequired":true,"valueName":"search_term_string"}}],"inLanguage":"de"},{"@type":"Organization","@id":"https:\/\/www.strassenweb.de\/nachrichten\/#organization","name":"Stra\u00dfenweb","url":"https:\/\/www.strassenweb.de\/nachrichten\/","logo":{"@type":"ImageObject","inLanguage":"de","@id":"https:\/\/www.strassenweb.de\/nachrichten\/#\/schema\/logo\/image\/","url":"https:\/\/www.strassenweb.de\/nachrichten\/wp-content\/uploads\/2024\/09\/cropped-favicon.png","contentUrl":"https:\/\/www.strassenweb.de\/nachrichten\/wp-content\/uploads\/2024\/09\/cropped-favicon.png","width":512,"height":512,"caption":"Stra\u00dfenweb"},"image":{"@id":"https:\/\/www.strassenweb.de\/nachrichten\/#\/schema\/logo\/image\/"},"sameAs":["https:\/\/www.facebook.com\/strassenweb\/"]},{"@type":"Person","@id":"https:\/\/www.strassenweb.de\/nachrichten\/#\/schema\/person\/87c9c9067f1211da429a744dc5a5aa41","name":"Robert Hoffmann","image":{"@type":"ImageObject","inLanguage":"de","@id":"https:\/\/www.strassenweb.de\/nachrichten\/wp-content\/uploads\/2024\/09\/strassenweb-150x150.jpg","url":"https:\/\/www.strassenweb.de\/nachrichten\/wp-content\/uploads\/2024\/09\/strassenweb-150x150.jpg","contentUrl":"https:\/\/www.strassenweb.de\/nachrichten\/wp-content\/uploads\/2024\/09\/strassenweb-150x150.jpg","caption":"Robert Hoffmann"},"description":"Ich hei\u00dfe Robert Hoffmann und ich bin ein leidenschaftlicher Verfechter von \u00d6kologie und Biodiversit\u00e4t. Seit meiner Kindheit in den W\u00e4ldern Bayerns f\u00fchle ich mich mit der Natur verbunden und bin entschlossen, sie zu sch\u00fctzen. Heute widme ich mein Leben der Sensibilisierung anderer f\u00fcr die Bedeutung des Umweltschutzes f\u00fcr zuk\u00fcnftige Generationen.","sameAs":["https:\/\/www.strassenweb.de\/"]}]}},"_links":{"self":[{"href":"https:\/\/www.strassenweb.de\/nachrichten\/wp-json\/wp\/v2\/posts\/13399","targetHints":{"allow":["GET"]}}],"collection":[{"href":"https:\/\/www.strassenweb.de\/nachrichten\/wp-json\/wp\/v2\/posts"}],"about":[{"href":"https:\/\/www.strassenweb.de\/nachrichten\/wp-json\/wp\/v2\/types\/post"}],"author":[{"embeddable":true,"href":"https:\/\/www.strassenweb.de\/nachrichten\/wp-json\/wp\/v2\/users\/1"}],"replies":[{"embeddable":true,"href":"https:\/\/www.strassenweb.de\/nachrichten\/wp-json\/wp\/v2\/comments?post=13399"}],"version-history":[{"count":1,"href":"https:\/\/www.strassenweb.de\/nachrichten\/wp-json\/wp\/v2\/posts\/13399\/revisions"}],"predecessor-version":[{"id":13401,"href":"https:\/\/www.strassenweb.de\/nachrichten\/wp-json\/wp\/v2\/posts\/13399\/revisions\/13401"}],"wp:featuredmedia":[{"embeddable":true,"href":"https:\/\/www.strassenweb.de\/nachrichten\/wp-json\/wp\/v2\/media\/13400"}],"wp:attachment":[{"href":"https:\/\/www.strassenweb.de\/nachrichten\/wp-json\/wp\/v2\/media?parent=13399"}],"wp:term":[{"taxonomy":"category","embeddable":true,"href":"https:\/\/www.strassenweb.de\/nachrichten\/wp-json\/wp\/v2\/categories?post=13399"},{"taxonomy":"post_tag","embeddable":true,"href":"https:\/\/www.strassenweb.de\/nachrichten\/wp-json\/wp\/v2\/tags?post=13399"}],"curies":[{"name":"wp","href":"https:\/\/api.w.org\/{rel}","templated":true}]}}