{"id":13375,"date":"2026-04-30T22:39:19","date_gmt":"2026-04-30T20:39:19","guid":{"rendered":"https:\/\/www.strassenweb.de\/nachrichten\/walisische-landschaft-was-die-gruenen-und-die-reform-ihnen-versprechen\/"},"modified":"2026-04-30T22:39:24","modified_gmt":"2026-04-30T20:39:24","slug":"walisische-landschaft-was-die-gruenen-und-die-reform-ihnen-versprechen","status":"publish","type":"post","link":"https:\/\/www.strassenweb.de\/nachrichten\/walisische-landschaft-was-die-gruenen-und-die-reform-ihnen-versprechen\/","title":{"rendered":"Walisische Landschaft \u2013 was die Gr\u00fcnen und die Reform ihnen versprechen &#8230;"},"content":{"rendered":"<p><em>Im letzten Teil unserer Serie \u00fcber Umweltthemen und den Wahlkampf in Wales befassen wir uns insbesondere mit der l\u00e4ndlichen Politik zweier Parteien, die neue Anw\u00e4rter auf Sitze im Senedd sind.<\/em><\/p>\n<p>Die Wahlen zum walisischen Parlament, dem Senedd, am 7. Mai d\u00fcrften die unberechenbarsten seit der Bildung der dezentralen Regierung im Jahr 1999 sein. Da aktuelle Umfragen darauf hindeuten, dass es in vielen Wahlkreisen knapp ausf\u00e4llt, k\u00f6nnten W\u00e4hler auf dem Land einen entscheidenden Einfluss auf das Endergebnis haben.<\/p>\n<p>Themen wie landwirtschaftliche Unterst\u00fctzung, Windparks, Masten und \u00c4nderungen der l\u00e4ndlichen Gesundheitsversorgung sind umstritten, aber sie sind Teil einer gr\u00f6\u00dferen Frage \u00fcber die Zukunft des l\u00e4ndlichen Wales. Interessanterweise repr\u00e4sentieren die beiden Parteien, die voraussichtlich zum ersten Mal durch Wahlen Sitze im Senedd gewinnen werden \u2013 Reform UK und die Gr\u00fcne Partei (Reform UK hat durch \u00dcberl\u00e4ufer zwei Sitze im scheidenden Senedd) \u2013 gegens\u00e4tzliche Visionen der walisischen Landschaft.<\/p>\n<h2 class=\"wp-block-heading\">Die l\u00e4ndliche Vision der Reform<\/h2>\n<p>Reform UK hat sich direkt an unzufriedene Landw\u00e4hler gewandt. Mit einem Titelbild, das mit Narzissen bedeckte gr\u00fcne H\u00fcgel zeigt, hei\u00dft es in dem Reform-Manifest, es werde \u201ewalisische Landwirte unterst\u00fctzen\u201c. Es verspricht, \u201edie Landwirtschaft als strategisches nationales Gut zu behandeln\u201c.<\/p>\n<p>Zu den konkreten Ma\u00dfnahmen geh\u00f6ren: Reform des neuen Post-Brexit-Programms f\u00fcr nachhaltige Landwirtschaft mit Schwerpunkt auf der Lebensmittelproduktion, Finanzierung von Junglandwirteclubs, Abschaffung von Netto-Null-Zielen und Verbot neuer Onshore-Windparks und Solaranlagen, Reduzierung von Umweltvorschriften und Schutz der rechtm\u00e4\u00dfigen Freilassung von Wildv\u00f6geln. Au\u00dferdem ist geplant, \u201edie Planungsvorschriften zu rationalisieren\u201c und den \u201eb\u00fcrokratischen Aufwand\u201c abzubauen.<\/p>\n<p>Reform konkurriert mit den Konservativen um die W\u00e4hler, die diese Version des l\u00e4ndlichen Wales anspricht. Obwohl das Manifest der Konservativen im Ton weniger dramatisch ist, insbesondere in Bezug auf Netto-Null, sieht es auch die Abschaffung des Sustainable Farming Scheme und die Einf\u00fchrung eines Moratoriums f\u00fcr Wind- und Solarkraftwerke im industriellen Ma\u00dfstab vor.<\/p>\n<h2 class=\"wp-block-heading\">Eine gr\u00fcne Vision<\/h2>\n<p>Die st\u00e4rksten Aussichten haben die Gr\u00fcnen in st\u00e4dtischen Wahlkreisen. Ihre Plattform enth\u00e4lt jedoch Richtlinien, die erhebliche Auswirkungen auf das l\u00e4ndliche Wales haben w\u00fcrden. Dazu geh\u00f6ren ein Landreformgesetz, das es Gemeinden leichter macht, Land zu kaufen, ein \u201eWelsh Right to Roam\u201c, das einen \u201everantwortungsvollen Zugang zur Landschaft\u201c bietet, eine nationale Wiederaufbaustrategie und Verpflichtungen zu einem nachhaltigen Landwirtschaftsprogramm, das \u201enaturfreundliche Landwirtschaft\u201c und Ziele im Bereich erneuerbare Energien belohnt.<\/p>\n<p>Diese stellen eine ganz andere Vision f\u00fcr die Reform des walisischen l\u00e4ndlichen Raums dar. Sie spiegeln aber auch einen alternativen, fast gegenkulturellen Zweig der walisischen l\u00e4ndlichen Gesellschaft wider, der seit den 1960er Jahren Menschen willkommen hei\u00dft, die auf der Suche nach einer neuen Lebensweise in l\u00e4ndliche Gebiete zogen, und Pioniere des \u00f6kologischen Landbaus und der umweltvertr\u00e4glichen Entwicklung war.<\/p>\n<p>Derzeit gibt es gr\u00fcne Stadtr\u00e4te im l\u00e4ndlichen Monmouthshire und Powys. Einige Prognosen deuten darauf hin, dass die Partei zwei oder drei Senedd-Sitze in deutlich l\u00e4ndlichen Wahlkreisen gewinnen k\u00f6nnte. https:\/\/www.youtube.com\/embed\/IYFqnX1z7Eo?wmode=transparent&#038;start=0 Walisische Landwirte protestieren gegen Pl\u00e4ne der Regierung, Subventionen f\u00fcr die Landwirtschaft mit dem Pflanzen von B\u00e4umen zu verkn\u00fcpfen.<\/p>\n<p>Wenn die Gr\u00fcnen landesweit mehr als 10 % der Stimmen erreichen, werden sie dies wahrscheinlich erreichen, indem sie Plaid Cymru Stimmen entziehen, auch in l\u00e4ndlichen Gebieten.<\/p>\n<p>Plaid Cymru braucht sowohl l\u00e4ndliche als auch st\u00e4dtische Sitze, um die gr\u00f6\u00dfte Partei zu werden. Sein Manifest enth\u00e4lt einen bedeutenden Abschnitt zur l\u00e4ndlichen Politik, der jedoch weniger prominent ist als das von Reform UK. Die l\u00e4ndliche Politik von Plaid teilt im Gro\u00dfen und Ganzen den umweltfreundlichen Ansatz der Gr\u00fcnen, aber der Einfluss konservativer l\u00e4ndlicher W\u00e4hler in den Kerngebieten zeigt sich in der sorgf\u00e4ltigen Positionierung zu Landwirtschaft, Windparks und Masten sowie im Fehlen von Erw\u00e4hnungen von Wiederverwilderung.<\/p>\n<p>In Fragen des l\u00e4ndlichen Raums und der Umwelt stehen die Gr\u00fcnen eher auf der Seite der Labour-Partei, w\u00e4hrend Plaid Cymru den Liberaldemokraten n\u00e4her steht.<\/p>\n<h2 class=\"wp-block-heading\">Politik im l\u00e4ndlichen Wales<\/h2>\n<p>Wales wird manchmal als \u00fcberwiegend l\u00e4ndlich gepr\u00e4gt beschrieben, doch w\u00e4hrend 80 % des Landes l\u00e4ndliche Gebiete sind, leben die meisten Menschen in St\u00e4dten. Dennoch lebt rund ein Drittel der walisischen Bev\u00f6lkerung in der N\u00e4he des l\u00e4ndlichen Raums, in \u00fcberwiegend l\u00e4ndlichen Gemeinden.<\/p>\n<p>In den letzten 25 Jahren kam es im l\u00e4ndlichen Wales zu erheblichen sozialen und wirtschaftlichen Umstrukturierungen, einschlie\u00dflich eines R\u00fcckgangs der Arbeitspl\u00e4tze in der Landwirtschaft und im verarbeitenden Gewerbe sowie der Tatsache, dass viele junge Menschen das Land verlie\u00dfen, um Arbeit zu finden. Diese Gebiete stehen vor Herausforderungen durch niedrige L\u00f6hne, sp\u00e4rliche Infrastruktur, prek\u00e4re \u00f6ffentliche Dienstleistungen und konkurrierende Visionen f\u00fcr die Landnutzung.<\/p>\n<p>Drei Themen haben insbesondere Aufmerksamkeit erregt. Erstens l\u00f6sten die Pl\u00e4ne f\u00fcr das Sustainable Farming Scheme (die walisische Regierung plant Agrarsubventionen als Ersatz f\u00fcr EU-Mittel) im Jahr 2024 Proteste walisischer Landwirte aus, insbesondere gegen die vorgeschlagene Auflage, 10 % des Ackerlandes mit B\u00e4umen zu bepflanzen. Letzteres wurde sp\u00e4ter zur\u00fcckgezogen.<\/p>\n<p>Zweitens gab es Widerstand gegen die Entwicklung neuer Windparks und Mastleitungen. Auch Wiederaufbauprojekte waren umstritten. Drittens haben die Verschlechterung der Dienstleistungen in Krankenh\u00e4usern, die l\u00e4ndliche Gebiete versorgen, und die Schlie\u00dfung von Dorfschulen lokale Kampagnen ausgel\u00f6st.<\/p>\n<p>Die \u00f6ffentliche Wut \u00fcber diese und andere Themen richtete sich h\u00e4ufig gegen Welsh Labour, die seit 1999 in Wales regierende Partei, w\u00e4hrend andere Parteien versuchten, sie als stadtorientiert darzustellen.<\/p>\n<p>Labour gewann bei den britischen Parlamentswahlen 2024 tats\u00e4chlich l\u00e4ndliche Wahlkreise, und der derzeitige Erste Minister Eluned Morgan interessiert sich seit langem f\u00fcr l\u00e4ndliche Angelegenheiten und entwirft 2017 einen Plan f\u00fcr das l\u00e4ndliche Wales. Das Labour-Manifest verspricht, \u201edie F\u00e4higkeiten und die Produktivit\u00e4t im l\u00e4ndlichen Wales zu steigern\u201c und \u201eErn\u00e4hrung, Land- und Forstwirtschaft\u201c zu f\u00f6rdern.<\/p>\n<p>Die traditionelle Hochburg des nationalistischen Plaid Cymru liegt im l\u00e4ndlichen Norden und Westen von Wales. W\u00e4hrend die Konservativen ihre st\u00e4rkste Unterst\u00fctzung in l\u00e4ndlichen Bezirken nahe der englischen Grenze und in Teilen von S\u00fcdwales haben. Die best\u00e4ndigste Unterst\u00fctzung f\u00fcr die walisischen Liberaldemokraten findet sich im l\u00e4ndlichen Mittelwales.<\/p>\n<h2 class=\"wp-block-heading\">Ergebnisse, auf die Sie achten sollten<\/h2>\n<p>Einige wichtige Ergebnisse geben einen Hinweis auf die politische Temperatur im l\u00e4ndlichen Wales:<\/p>\n<ul class=\"wp-block-list\">\n<li>Ob Plaid Cymru oder Reform UK die meisten Stimmen erhalten: Brycheiniog Tawe Nedd, Gwynedd Maldwyn und Sir Gaerfyrddin<\/li>\n<li>Ob die Gr\u00fcnen einen Sitz in Ceredigion Penfro, Gwynedd Maldwyn oder Sir Fynwy Torfaen gewinnen<\/li>\n<li>Ob die Konservativen Sitze in Bangor Conwy M\u00f4n, Brycheiniog Tawe Nedd und Ceredigion Penfro bekommen und die Liberaldemokraten ihren Sitz in Brychceiniog Tawe behalten<\/li>\n<li>Ob Eluned Morgan von Labour ihren Sitz in Ceredigion Penfro behalten kann.<\/li>\n<\/ul>\n<p>Sollte, was wahrscheinlich ist, keine Partei eine Mehrheit haben, werden l\u00e4ndliche Themen in den Koalitionsgespr\u00e4chen eine wichtige Rolle spielen. Eine gemeinsame l\u00e4ndliche Vision k\u00f6nnte zu einer Einigung zwischen Reform UK und den Konservativen beitragen. w\u00e4hrend Verhandlungen zwischen Plaid Cymru, Labour oder den Gr\u00fcnen Differenzen in der l\u00e4ndlichen und umweltpolitischen Politik l\u00f6sen m\u00fcssen. Dies k\u00f6nnte tiefgreifende Folgen f\u00fcr die Zukunft des l\u00e4ndlichen Wales haben.<\/p>\n<p>Michael Woods, Professor f\u00fcr Humangeographie, <em>Aberystwyth-Universit\u00e4t<\/em><\/p>\n<p>  wird von The Conversation unter einer Creative Commons-Lizenz erneut ver\u00f6ffentlicht. <\/p>\n<p>Foto von Jake Willett auf Unsplash<\/p>\n","protected":false},"excerpt":{"rendered":"<p>Im letzten Teil unserer Serie \u00fcber Umweltthemen und den Wahlkampf in Wales befassen wir uns insbesondere mit der l\u00e4ndlichen Politik zweier Parteien, die neue Anw\u00e4rter<\/p>\n","protected":false},"author":1,"featured_media":13376,"comment_status":"closed","ping_status":"","sticky":false,"template":"","format":"standard","meta":{"footnotes":""},"categories":[101],"tags":[9,4005,1046,1557,15005,37,4345,15004],"class_list":["post-13375","post","type-post","status-publish","format-standard","has-post-thumbnail","hentry","category-oekologie","tag-die","tag-gruenen","tag-ihnen","tag-landschaft","tag-reform","tag-und","tag-versprechen","tag-walisische","generate-columns","tablet-grid-50","mobile-grid-100","grid-parent","grid-50"],"yoast_head":"<!-- This site is optimized with the Yoast SEO plugin v27.3 - https:\/\/yoast.com\/product\/yoast-seo-wordpress\/ -->\n<title>Walisische Landschaft \u2013 was die Gr\u00fcnen und die Reform ihnen versprechen ... - Nachrichten - Stra\u00dfenweb<\/title>\n<meta name=\"robots\" content=\"index, follow, max-snippet:-1, max-image-preview:large, max-video-preview:-1\" \/>\n<link rel=\"canonical\" href=\"https:\/\/www.strassenweb.de\/nachrichten\/walisische-landschaft-was-die-gruenen-und-die-reform-ihnen-versprechen\/\" \/>\n<meta property=\"og:locale\" content=\"de_DE\" \/>\n<meta property=\"og:type\" content=\"article\" \/>\n<meta property=\"og:title\" content=\"Walisische Landschaft \u2013 was die Gr\u00fcnen und die Reform ihnen versprechen ... - Nachrichten - Stra\u00dfenweb\" \/>\n<meta property=\"og:description\" content=\"Im letzten Teil unserer Serie \u00fcber Umweltthemen und den Wahlkampf in Wales befassen wir uns insbesondere mit der l\u00e4ndlichen Politik zweier Parteien, die neue Anw\u00e4rter\" \/>\n<meta property=\"og:url\" content=\"https:\/\/www.strassenweb.de\/nachrichten\/walisische-landschaft-was-die-gruenen-und-die-reform-ihnen-versprechen\/\" \/>\n<meta property=\"og:site_name\" content=\"Stra\u00dfenweb\" \/>\n<meta property=\"article:publisher\" content=\"https:\/\/www.facebook.com\/strassenweb\/\" \/>\n<meta property=\"article:published_time\" content=\"2026-04-30T20:39:19+00:00\" \/>\n<meta property=\"article:modified_time\" content=\"2026-04-30T20:39:24+00:00\" \/>\n<meta property=\"og:image\" content=\"https:\/\/www.strassenweb.de\/nachrichten\/wp-content\/uploads\/2026\/04\/Walisische-Landschaft-\u2013-was-die-Gruenen-und-die-Reform-ihnen.jpg\" \/>\n\t<meta property=\"og:image:width\" content=\"900\" \/>\n\t<meta property=\"og:image:height\" content=\"601\" \/>\n\t<meta property=\"og:image:type\" content=\"image\/jpeg\" \/>\n<meta name=\"author\" content=\"Robert Hoffmann\" \/>\n<meta name=\"twitter:card\" content=\"summary_large_image\" \/>\n<meta name=\"twitter:label1\" content=\"Verfasst von\" \/>\n\t<meta name=\"twitter:data1\" content=\"Robert Hoffmann\" \/>\n\t<meta name=\"twitter:label2\" content=\"Gesch\u00e4tzte Lesezeit\" \/>\n\t<meta name=\"twitter:data2\" content=\"6\u00a0Minuten\" \/>\n<script type=\"application\/ld+json\" class=\"yoast-schema-graph\">{\"@context\":\"https:\\\/\\\/schema.org\",\"@graph\":[{\"@type\":\"Article\",\"@id\":\"https:\\\/\\\/www.strassenweb.de\\\/nachrichten\\\/walisische-landschaft-was-die-gruenen-und-die-reform-ihnen-versprechen\\\/#article\",\"isPartOf\":{\"@id\":\"https:\\\/\\\/www.strassenweb.de\\\/nachrichten\\\/walisische-landschaft-was-die-gruenen-und-die-reform-ihnen-versprechen\\\/\"},\"author\":{\"name\":\"Robert Hoffmann\",\"@id\":\"https:\\\/\\\/www.strassenweb.de\\\/nachrichten\\\/#\\\/schema\\\/person\\\/87c9c9067f1211da429a744dc5a5aa41\"},\"headline\":\"Walisische Landschaft \u2013 was die Gr\u00fcnen und die Reform ihnen versprechen &#8230;\",\"datePublished\":\"2026-04-30T20:39:19+00:00\",\"dateModified\":\"2026-04-30T20:39:24+00:00\",\"mainEntityOfPage\":{\"@id\":\"https:\\\/\\\/www.strassenweb.de\\\/nachrichten\\\/walisische-landschaft-was-die-gruenen-und-die-reform-ihnen-versprechen\\\/\"},\"wordCount\":1230,\"publisher\":{\"@id\":\"https:\\\/\\\/www.strassenweb.de\\\/nachrichten\\\/#organization\"},\"image\":{\"@id\":\"https:\\\/\\\/www.strassenweb.de\\\/nachrichten\\\/walisische-landschaft-was-die-gruenen-und-die-reform-ihnen-versprechen\\\/#primaryimage\"},\"thumbnailUrl\":\"https:\\\/\\\/www.strassenweb.de\\\/nachrichten\\\/wp-content\\\/uploads\\\/2026\\\/04\\\/Walisische-Landschaft-\u2013-was-die-Gruenen-und-die-Reform-ihnen.jpg\",\"keywords\":[\"die\",\"gr\u00fcnen\",\"ihnen\",\"Landschaft\",\"Reform\",\"und\",\"versprechen\",\"Walisische\"],\"articleSection\":[\"\u00d6kologie\"],\"inLanguage\":\"de\"},{\"@type\":\"WebPage\",\"@id\":\"https:\\\/\\\/www.strassenweb.de\\\/nachrichten\\\/walisische-landschaft-was-die-gruenen-und-die-reform-ihnen-versprechen\\\/\",\"url\":\"https:\\\/\\\/www.strassenweb.de\\\/nachrichten\\\/walisische-landschaft-was-die-gruenen-und-die-reform-ihnen-versprechen\\\/\",\"name\":\"Walisische Landschaft \u2013 was die Gr\u00fcnen und die Reform ihnen versprechen ... - Nachrichten - Stra\u00dfenweb\",\"isPartOf\":{\"@id\":\"https:\\\/\\\/www.strassenweb.de\\\/nachrichten\\\/#website\"},\"primaryImageOfPage\":{\"@id\":\"https:\\\/\\\/www.strassenweb.de\\\/nachrichten\\\/walisische-landschaft-was-die-gruenen-und-die-reform-ihnen-versprechen\\\/#primaryimage\"},\"image\":{\"@id\":\"https:\\\/\\\/www.strassenweb.de\\\/nachrichten\\\/walisische-landschaft-was-die-gruenen-und-die-reform-ihnen-versprechen\\\/#primaryimage\"},\"thumbnailUrl\":\"https:\\\/\\\/www.strassenweb.de\\\/nachrichten\\\/wp-content\\\/uploads\\\/2026\\\/04\\\/Walisische-Landschaft-\u2013-was-die-Gruenen-und-die-Reform-ihnen.jpg\",\"datePublished\":\"2026-04-30T20:39:19+00:00\",\"dateModified\":\"2026-04-30T20:39:24+00:00\",\"breadcrumb\":{\"@id\":\"https:\\\/\\\/www.strassenweb.de\\\/nachrichten\\\/walisische-landschaft-was-die-gruenen-und-die-reform-ihnen-versprechen\\\/#breadcrumb\"},\"inLanguage\":\"de\",\"potentialAction\":[{\"@type\":\"ReadAction\",\"target\":[\"https:\\\/\\\/www.strassenweb.de\\\/nachrichten\\\/walisische-landschaft-was-die-gruenen-und-die-reform-ihnen-versprechen\\\/\"]}]},{\"@type\":\"ImageObject\",\"inLanguage\":\"de\",\"@id\":\"https:\\\/\\\/www.strassenweb.de\\\/nachrichten\\\/walisische-landschaft-was-die-gruenen-und-die-reform-ihnen-versprechen\\\/#primaryimage\",\"url\":\"https:\\\/\\\/www.strassenweb.de\\\/nachrichten\\\/wp-content\\\/uploads\\\/2026\\\/04\\\/Walisische-Landschaft-\u2013-was-die-Gruenen-und-die-Reform-ihnen.jpg\",\"contentUrl\":\"https:\\\/\\\/www.strassenweb.de\\\/nachrichten\\\/wp-content\\\/uploads\\\/2026\\\/04\\\/Walisische-Landschaft-\u2013-was-die-Gruenen-und-die-Reform-ihnen.jpg\",\"width\":900,\"height\":601,\"caption\":\"Welsh countryside \u2013 what Greens and Reform are promising they would change after\u00a0election\"},{\"@type\":\"BreadcrumbList\",\"@id\":\"https:\\\/\\\/www.strassenweb.de\\\/nachrichten\\\/walisische-landschaft-was-die-gruenen-und-die-reform-ihnen-versprechen\\\/#breadcrumb\",\"itemListElement\":[{\"@type\":\"ListItem\",\"position\":1,\"name\":\"Home\",\"item\":\"https:\\\/\\\/www.strassenweb.de\\\/nachrichten\\\/\"},{\"@type\":\"ListItem\",\"position\":2,\"name\":\"Walisische Landschaft \u2013 was die Gr\u00fcnen und die Reform ihnen versprechen &#8230;\"}]},{\"@type\":\"WebSite\",\"@id\":\"https:\\\/\\\/www.strassenweb.de\\\/nachrichten\\\/#website\",\"url\":\"https:\\\/\\\/www.strassenweb.de\\\/nachrichten\\\/\",\"name\":\"Stra\u00dfenweb\",\"description\":\"Stra\u00dfenverzeichnis f\u00fcr Deutschland\",\"publisher\":{\"@id\":\"https:\\\/\\\/www.strassenweb.de\\\/nachrichten\\\/#organization\"},\"potentialAction\":[{\"@type\":\"SearchAction\",\"target\":{\"@type\":\"EntryPoint\",\"urlTemplate\":\"https:\\\/\\\/www.strassenweb.de\\\/nachrichten\\\/?s={search_term_string}\"},\"query-input\":{\"@type\":\"PropertyValueSpecification\",\"valueRequired\":true,\"valueName\":\"search_term_string\"}}],\"inLanguage\":\"de\"},{\"@type\":\"Organization\",\"@id\":\"https:\\\/\\\/www.strassenweb.de\\\/nachrichten\\\/#organization\",\"name\":\"Stra\u00dfenweb\",\"url\":\"https:\\\/\\\/www.strassenweb.de\\\/nachrichten\\\/\",\"logo\":{\"@type\":\"ImageObject\",\"inLanguage\":\"de\",\"@id\":\"https:\\\/\\\/www.strassenweb.de\\\/nachrichten\\\/#\\\/schema\\\/logo\\\/image\\\/\",\"url\":\"https:\\\/\\\/www.strassenweb.de\\\/nachrichten\\\/wp-content\\\/uploads\\\/2024\\\/09\\\/cropped-favicon.png\",\"contentUrl\":\"https:\\\/\\\/www.strassenweb.de\\\/nachrichten\\\/wp-content\\\/uploads\\\/2024\\\/09\\\/cropped-favicon.png\",\"width\":512,\"height\":512,\"caption\":\"Stra\u00dfenweb\"},\"image\":{\"@id\":\"https:\\\/\\\/www.strassenweb.de\\\/nachrichten\\\/#\\\/schema\\\/logo\\\/image\\\/\"},\"sameAs\":[\"https:\\\/\\\/www.facebook.com\\\/strassenweb\\\/\"]},{\"@type\":\"Person\",\"@id\":\"https:\\\/\\\/www.strassenweb.de\\\/nachrichten\\\/#\\\/schema\\\/person\\\/87c9c9067f1211da429a744dc5a5aa41\",\"name\":\"Robert Hoffmann\",\"image\":{\"@type\":\"ImageObject\",\"inLanguage\":\"de\",\"@id\":\"https:\\\/\\\/www.strassenweb.de\\\/nachrichten\\\/wp-content\\\/uploads\\\/2024\\\/09\\\/strassenweb-150x150.jpg\",\"url\":\"https:\\\/\\\/www.strassenweb.de\\\/nachrichten\\\/wp-content\\\/uploads\\\/2024\\\/09\\\/strassenweb-150x150.jpg\",\"contentUrl\":\"https:\\\/\\\/www.strassenweb.de\\\/nachrichten\\\/wp-content\\\/uploads\\\/2024\\\/09\\\/strassenweb-150x150.jpg\",\"caption\":\"Robert Hoffmann\"},\"description\":\"Ich hei\u00dfe Robert Hoffmann und ich bin ein leidenschaftlicher Verfechter von \u00d6kologie und Biodiversit\u00e4t. Seit meiner Kindheit in den W\u00e4ldern Bayerns f\u00fchle ich mich mit der Natur verbunden und bin entschlossen, sie zu sch\u00fctzen. Heute widme ich mein Leben der Sensibilisierung anderer f\u00fcr die Bedeutung des Umweltschutzes f\u00fcr zuk\u00fcnftige Generationen.\",\"sameAs\":[\"https:\\\/\\\/www.strassenweb.de\\\/\"]}]}<\/script>\n<!-- \/ Yoast SEO plugin. -->","yoast_head_json":{"title":"Walisische Landschaft \u2013 was die Gr\u00fcnen und die Reform ihnen versprechen ... - Nachrichten - Stra\u00dfenweb","robots":{"index":"index","follow":"follow","max-snippet":"max-snippet:-1","max-image-preview":"max-image-preview:large","max-video-preview":"max-video-preview:-1"},"canonical":"https:\/\/www.strassenweb.de\/nachrichten\/walisische-landschaft-was-die-gruenen-und-die-reform-ihnen-versprechen\/","og_locale":"de_DE","og_type":"article","og_title":"Walisische Landschaft \u2013 was die Gr\u00fcnen und die Reform ihnen versprechen ... - Nachrichten - Stra\u00dfenweb","og_description":"Im letzten Teil unserer Serie \u00fcber Umweltthemen und den Wahlkampf in Wales befassen wir uns insbesondere mit der l\u00e4ndlichen Politik zweier Parteien, die neue Anw\u00e4rter","og_url":"https:\/\/www.strassenweb.de\/nachrichten\/walisische-landschaft-was-die-gruenen-und-die-reform-ihnen-versprechen\/","og_site_name":"Stra\u00dfenweb","article_publisher":"https:\/\/www.facebook.com\/strassenweb\/","article_published_time":"2026-04-30T20:39:19+00:00","article_modified_time":"2026-04-30T20:39:24+00:00","og_image":[{"width":900,"height":601,"url":"https:\/\/www.strassenweb.de\/nachrichten\/wp-content\/uploads\/2026\/04\/Walisische-Landschaft-\u2013-was-die-Gruenen-und-die-Reform-ihnen.jpg","type":"image\/jpeg"}],"author":"Robert Hoffmann","twitter_card":"summary_large_image","twitter_misc":{"Verfasst von":"Robert Hoffmann","Gesch\u00e4tzte Lesezeit":"6\u00a0Minuten"},"schema":{"@context":"https:\/\/schema.org","@graph":[{"@type":"Article","@id":"https:\/\/www.strassenweb.de\/nachrichten\/walisische-landschaft-was-die-gruenen-und-die-reform-ihnen-versprechen\/#article","isPartOf":{"@id":"https:\/\/www.strassenweb.de\/nachrichten\/walisische-landschaft-was-die-gruenen-und-die-reform-ihnen-versprechen\/"},"author":{"name":"Robert Hoffmann","@id":"https:\/\/www.strassenweb.de\/nachrichten\/#\/schema\/person\/87c9c9067f1211da429a744dc5a5aa41"},"headline":"Walisische Landschaft \u2013 was die Gr\u00fcnen und die Reform ihnen versprechen &#8230;","datePublished":"2026-04-30T20:39:19+00:00","dateModified":"2026-04-30T20:39:24+00:00","mainEntityOfPage":{"@id":"https:\/\/www.strassenweb.de\/nachrichten\/walisische-landschaft-was-die-gruenen-und-die-reform-ihnen-versprechen\/"},"wordCount":1230,"publisher":{"@id":"https:\/\/www.strassenweb.de\/nachrichten\/#organization"},"image":{"@id":"https:\/\/www.strassenweb.de\/nachrichten\/walisische-landschaft-was-die-gruenen-und-die-reform-ihnen-versprechen\/#primaryimage"},"thumbnailUrl":"https:\/\/www.strassenweb.de\/nachrichten\/wp-content\/uploads\/2026\/04\/Walisische-Landschaft-\u2013-was-die-Gruenen-und-die-Reform-ihnen.jpg","keywords":["die","gr\u00fcnen","ihnen","Landschaft","Reform","und","versprechen","Walisische"],"articleSection":["\u00d6kologie"],"inLanguage":"de"},{"@type":"WebPage","@id":"https:\/\/www.strassenweb.de\/nachrichten\/walisische-landschaft-was-die-gruenen-und-die-reform-ihnen-versprechen\/","url":"https:\/\/www.strassenweb.de\/nachrichten\/walisische-landschaft-was-die-gruenen-und-die-reform-ihnen-versprechen\/","name":"Walisische Landschaft \u2013 was die Gr\u00fcnen und die Reform ihnen versprechen ... - Nachrichten - Stra\u00dfenweb","isPartOf":{"@id":"https:\/\/www.strassenweb.de\/nachrichten\/#website"},"primaryImageOfPage":{"@id":"https:\/\/www.strassenweb.de\/nachrichten\/walisische-landschaft-was-die-gruenen-und-die-reform-ihnen-versprechen\/#primaryimage"},"image":{"@id":"https:\/\/www.strassenweb.de\/nachrichten\/walisische-landschaft-was-die-gruenen-und-die-reform-ihnen-versprechen\/#primaryimage"},"thumbnailUrl":"https:\/\/www.strassenweb.de\/nachrichten\/wp-content\/uploads\/2026\/04\/Walisische-Landschaft-\u2013-was-die-Gruenen-und-die-Reform-ihnen.jpg","datePublished":"2026-04-30T20:39:19+00:00","dateModified":"2026-04-30T20:39:24+00:00","breadcrumb":{"@id":"https:\/\/www.strassenweb.de\/nachrichten\/walisische-landschaft-was-die-gruenen-und-die-reform-ihnen-versprechen\/#breadcrumb"},"inLanguage":"de","potentialAction":[{"@type":"ReadAction","target":["https:\/\/www.strassenweb.de\/nachrichten\/walisische-landschaft-was-die-gruenen-und-die-reform-ihnen-versprechen\/"]}]},{"@type":"ImageObject","inLanguage":"de","@id":"https:\/\/www.strassenweb.de\/nachrichten\/walisische-landschaft-was-die-gruenen-und-die-reform-ihnen-versprechen\/#primaryimage","url":"https:\/\/www.strassenweb.de\/nachrichten\/wp-content\/uploads\/2026\/04\/Walisische-Landschaft-\u2013-was-die-Gruenen-und-die-Reform-ihnen.jpg","contentUrl":"https:\/\/www.strassenweb.de\/nachrichten\/wp-content\/uploads\/2026\/04\/Walisische-Landschaft-\u2013-was-die-Gruenen-und-die-Reform-ihnen.jpg","width":900,"height":601,"caption":"Welsh countryside \u2013 what Greens and Reform are promising they would change after\u00a0election"},{"@type":"BreadcrumbList","@id":"https:\/\/www.strassenweb.de\/nachrichten\/walisische-landschaft-was-die-gruenen-und-die-reform-ihnen-versprechen\/#breadcrumb","itemListElement":[{"@type":"ListItem","position":1,"name":"Home","item":"https:\/\/www.strassenweb.de\/nachrichten\/"},{"@type":"ListItem","position":2,"name":"Walisische Landschaft \u2013 was die Gr\u00fcnen und die Reform ihnen versprechen &#8230;"}]},{"@type":"WebSite","@id":"https:\/\/www.strassenweb.de\/nachrichten\/#website","url":"https:\/\/www.strassenweb.de\/nachrichten\/","name":"Stra\u00dfenweb","description":"Stra\u00dfenverzeichnis f\u00fcr Deutschland","publisher":{"@id":"https:\/\/www.strassenweb.de\/nachrichten\/#organization"},"potentialAction":[{"@type":"SearchAction","target":{"@type":"EntryPoint","urlTemplate":"https:\/\/www.strassenweb.de\/nachrichten\/?s={search_term_string}"},"query-input":{"@type":"PropertyValueSpecification","valueRequired":true,"valueName":"search_term_string"}}],"inLanguage":"de"},{"@type":"Organization","@id":"https:\/\/www.strassenweb.de\/nachrichten\/#organization","name":"Stra\u00dfenweb","url":"https:\/\/www.strassenweb.de\/nachrichten\/","logo":{"@type":"ImageObject","inLanguage":"de","@id":"https:\/\/www.strassenweb.de\/nachrichten\/#\/schema\/logo\/image\/","url":"https:\/\/www.strassenweb.de\/nachrichten\/wp-content\/uploads\/2024\/09\/cropped-favicon.png","contentUrl":"https:\/\/www.strassenweb.de\/nachrichten\/wp-content\/uploads\/2024\/09\/cropped-favicon.png","width":512,"height":512,"caption":"Stra\u00dfenweb"},"image":{"@id":"https:\/\/www.strassenweb.de\/nachrichten\/#\/schema\/logo\/image\/"},"sameAs":["https:\/\/www.facebook.com\/strassenweb\/"]},{"@type":"Person","@id":"https:\/\/www.strassenweb.de\/nachrichten\/#\/schema\/person\/87c9c9067f1211da429a744dc5a5aa41","name":"Robert Hoffmann","image":{"@type":"ImageObject","inLanguage":"de","@id":"https:\/\/www.strassenweb.de\/nachrichten\/wp-content\/uploads\/2024\/09\/strassenweb-150x150.jpg","url":"https:\/\/www.strassenweb.de\/nachrichten\/wp-content\/uploads\/2024\/09\/strassenweb-150x150.jpg","contentUrl":"https:\/\/www.strassenweb.de\/nachrichten\/wp-content\/uploads\/2024\/09\/strassenweb-150x150.jpg","caption":"Robert Hoffmann"},"description":"Ich hei\u00dfe Robert Hoffmann und ich bin ein leidenschaftlicher Verfechter von \u00d6kologie und Biodiversit\u00e4t. Seit meiner Kindheit in den W\u00e4ldern Bayerns f\u00fchle ich mich mit der Natur verbunden und bin entschlossen, sie zu sch\u00fctzen. Heute widme ich mein Leben der Sensibilisierung anderer f\u00fcr die Bedeutung des Umweltschutzes f\u00fcr zuk\u00fcnftige Generationen.","sameAs":["https:\/\/www.strassenweb.de\/"]}]}},"_links":{"self":[{"href":"https:\/\/www.strassenweb.de\/nachrichten\/wp-json\/wp\/v2\/posts\/13375","targetHints":{"allow":["GET"]}}],"collection":[{"href":"https:\/\/www.strassenweb.de\/nachrichten\/wp-json\/wp\/v2\/posts"}],"about":[{"href":"https:\/\/www.strassenweb.de\/nachrichten\/wp-json\/wp\/v2\/types\/post"}],"author":[{"embeddable":true,"href":"https:\/\/www.strassenweb.de\/nachrichten\/wp-json\/wp\/v2\/users\/1"}],"replies":[{"embeddable":true,"href":"https:\/\/www.strassenweb.de\/nachrichten\/wp-json\/wp\/v2\/comments?post=13375"}],"version-history":[{"count":1,"href":"https:\/\/www.strassenweb.de\/nachrichten\/wp-json\/wp\/v2\/posts\/13375\/revisions"}],"predecessor-version":[{"id":13377,"href":"https:\/\/www.strassenweb.de\/nachrichten\/wp-json\/wp\/v2\/posts\/13375\/revisions\/13377"}],"wp:featuredmedia":[{"embeddable":true,"href":"https:\/\/www.strassenweb.de\/nachrichten\/wp-json\/wp\/v2\/media\/13376"}],"wp:attachment":[{"href":"https:\/\/www.strassenweb.de\/nachrichten\/wp-json\/wp\/v2\/media?parent=13375"}],"wp:term":[{"taxonomy":"category","embeddable":true,"href":"https:\/\/www.strassenweb.de\/nachrichten\/wp-json\/wp\/v2\/categories?post=13375"},{"taxonomy":"post_tag","embeddable":true,"href":"https:\/\/www.strassenweb.de\/nachrichten\/wp-json\/wp\/v2\/tags?post=13375"}],"curies":[{"name":"wp","href":"https:\/\/api.w.org\/{rel}","templated":true}]}}