{"id":13372,"date":"2026-04-30T21:39:21","date_gmt":"2026-04-30T19:39:21","guid":{"rendered":"https:\/\/www.strassenweb.de\/nachrichten\/was-tun-mit-lavendel-im-mai-fuer-mehr-blueten-staerkeres-wachstum-und-eine-laengere-bluetezeit\/"},"modified":"2026-04-30T21:39:28","modified_gmt":"2026-04-30T19:39:28","slug":"was-tun-mit-lavendel-im-mai-fuer-mehr-blueten-staerkeres-wachstum-und-eine-laengere-bluetezeit","status":"publish","type":"post","link":"https:\/\/www.strassenweb.de\/nachrichten\/was-tun-mit-lavendel-im-mai-fuer-mehr-blueten-staerkeres-wachstum-und-eine-laengere-bluetezeit\/","title":{"rendered":"Was tun mit Lavendel im Mai f\u00fcr mehr Bl\u00fcten, st\u00e4rkeres Wachstum und eine l\u00e4ngere Bl\u00fctezeit?"},"content":{"rendered":"<div id=\"article-body\" class=\"article__body \">\n<div data-analytics-id=\"utility-bar\" analytics-name=\"utility-bar\" id=\"utility-bar\" class=\"font-ui-heading flex justify-between items-center py-2 border-t border-b border-gray-300 border-solid mb-5 mx-auto\" data-component-name=\"UtilityBar\" data-mrf-recirculation=\"utility-bar\">\n<div class=\"flex gap-2 text-(#333) subcontainer\">\n<div class=\"relative tooltip-container\" role=\"tooltip\">\n<button id=\"utilitybar__button--share\" type=\"button\" aria-label=\"Share this article\" aria-expanded=\"false\" aria-controls=\"utilitybar__dropdown--share\" aria-haspopup=\"true\" data-analytics-id=\"article-social\" analytics-label=\"utility-bar-share\" analytics-name=\"utility-bar\" data-component-name=\"UtilityBar:ShareArticle:Button\" class=\"relative text-inherit leading-none text-xs flex items-center gap-1 font-ui-heading\" data-mrf-recirculation=\"article-social\"><br \/>\n<svg class=\"m-auto pointer-events-none size-5 text-inherit\" data-component-name=\"Icon\" aria-hidden=\"true\" width=\"23\" height=\"21\" viewbox=\"0 0 23 21\" fill=\"none\" xmlns=\"http:\/\/www.w3.org\/2000\/svg\">\n<path d=\"M13.8583 1.82131L18.7293 6.12806C20.6528 7.82875 21.6146 8.67912 21.6146 9.77454C21.6146 10.8701 20.6528 11.7204 18.7293 13.4211L13.8583 17.7279C12.9803 18.5041 12.5414 18.8923 12.1794 18.7306C11.8174 18.5689 11.8174 17.9847 11.8174 16.8162V13.9565C7.40295 13.9565 2.62061 16.0475 0.78125 19.5323C0.78125 8.38058 7.3212 5.59268 11.8174 5.59268V2.73294C11.8174 1.56445 11.8174 0.980213 12.1794 0.818536C12.5414 0.656859 12.9803 1.045 13.8583 1.82131Z\" stroke=\"#1B1B1B\" stroke-width=\"1.5625\" stroke-linecap=\"round\" stroke-linejoin=\"round\"><\/path>\n<\/svg><\/p>\n<p>Aktie<\/button><\/p>\n<div data-component-name=\"Social:Dropdown\" role=\"menu\" id=\"utilitybar__dropdown--share\" aria-labelledby=\"utilitybar__button--share\" class=\"absolute left-0 top-full w-44 bg-white rounded-md shadow-md border border-neutral-200 z-(9996) list-none m-0 py-2 px-3 border-solid\" style=\"grid-area: social-icons;\">\n<ul class=\"!m-0\">\n<li class=\"!p-0 !m-0 list-none border-b border-gray-200 border-solid\">\n<button type=\"button\" onclick=\"navigator.clipboard.writeText(window.location.href).then(() =&gt; {alert('Link copied')}).catch(err =&gt; {console.error('Failed to copy: ', err)})\" data-platform=\"copy_link\" data-action=\"\" class=\"font-ui-heading py-2 text-sm text-neutral-700 hover:bg-neutral-100 transition-colors no-underline block cursor-pointer border-0 bg-transparent hover:(&amp;_svg):filter-none w-full text-left normal-case\" aria-label=\"Copy link\" role=\"menuitem\" data-analytics-id=\"article-social\" analytics-label=\"utility-bar-social-share-copy-link\" analytics-name=\"utility-bar-secondary\" data-mrf-recirculation=\"article-social\"><br \/>\n<svg class=\"text-black size-8 w-6 h-6 inline-block mr-1.5\" data-component-name=\"Icon\" aria-hidden=\"true\" xmlns=\"http:\/\/www.w3.org\/2000\/svg\" fill=\"none\" viewbox=\"0 0 24 24\" stroke-width=\"1.5\" stroke=\"currentColor\" data-slot=\"icon\">\n<path stroke-linecap=\"round\" stroke-linejoin=\"round\" d=\"M13.19 8.688a4.5 4.5 0 0 1 1.242 7.244l-4.5 4.5a4.5 4.5 0 0 1-6.364-6.364l1.757-1.757m13.35-.622 1.757-1.757a4.5 4.5 0 0 0-6.364-6.364l-4.5 4.5a4.5 4.5 0 0 0 1.242 7.244\"><\/path>\n<\/svg><\/p>\n<p>Link kopieren<br \/>\n<\/button>\n<\/li>\n<li class=\"!p-0 !m-0 list-none border-b border-gray-200 border-solid\">\n<p><svg class=\"size-8 w-6 h-6 inline-block mr-1.5 text-primary-500\" data-component-name=\"Icon\" aria-hidden=\"true\" height=\"24\" viewbox=\"0 0 24 24\" width=\"24\" xmlns=\"http:\/\/www.w3.org\/2000\/svg\">\n<circle cx=\"12\" cy=\"12\" fill=\"#3b5998\" r=\"12\"><\/circle>\n<path d=\"m13.079 19h-2.9v-7h-1.441v-2.408h1.442v-1.456c0-1.96.813-3.136 3.136-3.136h1.933v2.408h-1.2c-.91 0-.965.35-.965.966v1.218h2.183l-.257 2.408h-1.931z\" fill=\"#fff\"><\/path>\n<\/svg><\/p>\n<p>Facebook<\/p>\n<\/li>\n<li class=\"!p-0 !m-0 list-none border-b border-gray-200 border-solid\">\n<a rel=\"nofollow\" href=\"https:\/\/twitter.com\/intent\/tweet?text=What+To+Do+With+Lavender+In+May+For+More+Flowers%2C+Stronger+Growth%2C+And+A+Longer+Bloom+Season&amp;url=https%3A%2F%2Fwww.homesandgardens.com%2Fgardens%2Fwhat-to-do-with-lavender-in-may\" data-platform=\"X\" class=\"font-ui-heading py-2 text-sm text-neutral-700 hover:bg-neutral-100 transition-colors no-underline block cursor-pointer border-0 bg-transparent hover:(&amp;_svg):filter-none\" aria-label=\"Share this page on X\" role=\"menuitem\" data-analytics-id=\"article-social\" analytics-label=\"utility-bar-social-share-X\" analytics-name=\"utility-bar-secondary\" target=\"_blank\" data-mrf-recirculation=\"article-social\"><br \/>\n<svg class=\"size-8 w-6 h-6 inline-block mr-1.5 text-primary-500\" data-component-name=\"Icon\" aria-hidden=\"true\" width=\"24\" height=\"24\" viewbox=\"0 0 24 24\" fill=\"none\" xmlns=\"http:\/\/www.w3.org\/2000\/svg\">\n<path fill-rule=\"evenodd\" clip-rule=\"evenodd\" d=\"M12 24C5.372 24 0 18.627 0 12C0 5.373 5.372 0 12 0C18.627 0 24 5.373 24 12C24 18.627 18.627 24 12 24Z\" fill=\"black\"><\/path>\n<path d=\"M13.1403 11.0842L17.6068 6H16.5488L12.6689 10.4137L9.57237 6H6L10.6836 12.6749L6 18.0059H7.05804L11.1526 13.3439L14.4235 18.0059H17.9959M7.4399 6.78133H9.06534L16.548 17.2629H14.9221\" fill=\"white\"><\/path>\n<\/svg><\/p>\n<p>X<br \/>\n<\/a>\n<\/li>\n<li class=\"!p-0 !m-0 list-none border-b border-gray-200 border-solid sm:hidden\">\n<p><svg class=\"size-8 w-6 h-6 inline-block mr-1.5 text-primary-500\" data-component-name=\"Icon\" aria-hidden=\"true\" width=\"24\" height=\"24\" viewbox=\"0 0 24 24\" fill=\"none\" xmlns=\"http:\/\/www.w3.org\/2000\/svg\">\n<g clip-path=\"url(#clip0_7607_1303)\">\n<path d=\"M12 24C18.6274 24 24 18.6274 24 12C24 5.37258 18.6274 0 12 0C5.37258 0 0 5.37258 0 12C0 18.6274 5.37258 24 12 24Z\" fill=\"#25D366\"><\/path>\n<path d=\"M16.9074 7.03131C16.2656 6.38465 15.5016 5.87206 14.6599 5.52334C13.8182 5.17462 12.9155 4.99674 12.0044 5.00005C10.7864 5.00124 9.59004 5.32242 8.53521 5.93143C7.48037 6.54045 6.60407 7.41592 5.99404 8.47015C5.38402 9.5244 5.06169 10.7204 5.05933 11.9384C5.05697 13.1565 5.37467 14.3537 5.98061 15.4103L5 19.0088L8.6773 18.0457C9.69271 18.6106 10.8337 18.9117 11.9956 18.9213C13.8428 18.9213 15.6151 18.1917 16.9269 16.8914C18.2387 15.5911 18.9838 13.8252 19 11.9782C18.9939 11.0565 18.8058 10.1451 18.4467 9.29619C18.0877 8.4473 17.5645 7.67764 16.9074 7.03131ZM12.0044 17.7218C10.9692 17.7225 9.95298 17.4442 9.06254 16.9163L8.85241 16.7849L6.6723 17.3628L7.25016 15.2352L7.11007 15.0163C6.3652 13.8139 6.0872 12.38 6.32875 10.9863C6.57029 9.59269 7.31461 8.33602 8.42068 7.4544C9.52675 6.57278 10.9177 6.12745 12.3302 6.20278C13.7426 6.27809 15.0784 6.86883 16.0844 7.86308C17.1841 8.93842 17.8136 10.4052 17.8355 11.9431C17.8217 13.4805 17.2012 14.9502 16.1091 16.0325C15.0171 17.1146 13.5418 17.7218 12.0044 17.7218ZM15.1651 13.3966C14.99 13.309 14.1407 12.8887 13.9831 12.8362C13.8255 12.7837 13.7029 12.7486 13.5891 12.9238C13.4179 13.1585 13.2336 13.3835 13.0375 13.5979C12.9412 13.7205 12.8361 13.7293 12.661 13.5979C11.6627 13.2034 10.8309 12.4767 10.3058 11.5404C10.122 11.2339 10.4809 11.2515 10.8136 10.5948C10.8382 10.5474 10.851 10.4949 10.851 10.4416C10.851 10.3883 10.8382 10.3357 10.8136 10.2884C10.8136 10.2008 10.4196 9.34276 10.2795 9.0013C10.1395 8.65983 9.99937 8.71236 9.88555 8.70361H9.54409C9.45562 8.70497 9.36846 8.7252 9.28843 8.76295C9.20841 8.80069 9.13736 8.85509 9.08005 8.9225C8.88359 9.11352 8.73037 9.34444 8.63068 9.59968C8.531 9.85492 8.48719 10.1286 8.50219 10.4022C8.55709 11.0572 8.80375 11.6814 9.21138 12.1971C9.95752 13.3141 10.9801 14.219 12.1795 14.8237C12.8086 15.1909 13.5396 15.3445 14.2633 15.2615C14.5042 15.2137 14.7325 15.1157 14.9331 14.9738C15.1338 14.8321 15.3023 14.6496 15.4278 14.4385C15.544 14.1807 15.5806 13.8941 15.5328 13.6154C15.454 13.5279 15.3402 13.4841 15.1651 13.3966Z\" fill=\"white\"><\/path>\n<\/g>\n<defs>\n<clippath id=\"clip0_7607_1303\">\n<rect width=\"24\" height=\"24\" fill=\"white\"><\/rect>\n<\/clippath>\n<\/defs>\n<\/svg><\/p>\n<p>WhatsApp<\/p>\n<\/li>\n<li class=\"!p-0 !m-0 list-none border-b border-gray-200 border-solid\">\n<p><svg class=\"size-8 w-6 h-6 inline-block mr-1.5 text-primary-500\" data-component-name=\"Icon\" aria-hidden=\"true\" height=\"24\" viewbox=\"0 0 24 24\" width=\"24\" xmlns=\"http:\/\/www.w3.org\/2000\/svg\">\n<circle cx=\"12\" cy=\"12\" fill=\"#bd081c\" r=\"12\"><\/circle>\n<path d=\"m12.336 5c-3.822 0-5.754 2.744-5.754 5.025a3.065 3.065 0 0 0 1.652 3.066.279.279 0 0 0 .407-.2l.154-.644a.373.373 0 0 0 -.113-.448 2.341 2.341 0 0 1 -.532-1.582 3.812 3.812 0 0 1 3.961-3.849 3.009 3.009 0 0 1 3.346 3.08c0 2.323-1.022 4.283-2.547 4.283a1.253 1.253 0 0 1 -1.273-1.554 17.616 17.616 0 0 0 .713-2.856 1.081 1.081 0 0 0 -1.092-1.2c-.854 0-1.553.881-1.553 2.071a2.954 2.954 0 0 0 .266 1.274l-1.038 4.383a9.389 9.389 0 0 0 -.027 3.065.109.109 0 0 0 .2.042 8.737 8.737 0 0 0 1.457-2.631l.561-2.212a2.3 2.3 0 0 0 1.959 1.008c2.59 0 4.34-2.366 4.34-5.516a4.8 4.8 0 0 0 -5.087-4.605z\" fill=\"#fff\"><\/path>\n<\/svg><\/p>\n<p>Pinterest<\/p>\n<\/li>\n<\/ul>\n<\/div>\n<div class=\"font-ui-heading max-sm:hidden tooltip absolute left-1\/2 bg-gray-900 text-white text-xs leading-none px-3 py-1.5 rounded-md z-(10001) whitespace-nowrap\" id=\"tooltip-share-this-article\" role=\"tooltip\" aria-hidden=\"true\">\n<p>Teilen Sie diesen Artikel\n<\/p><\/div>\n<\/div>\n<div class=\"relative tooltip-container\" role=\"tooltip\">\n<div class=\"font-ui-heading max-sm:hidden tooltip absolute left-1\/2 bg-gray-900 text-white text-xs leading-none px-3 py-1.5 rounded-md z-(10001) whitespace-nowrap\" id=\"tooltip-join-the-conversation\" role=\"tooltip\" aria-hidden=\"true\">\n<p>Beteiligen Sie sich an der Unterhaltung\n<\/p><\/div>\n<\/div>\n<\/div>\n<div class=\"flex gap-2 text-(#333) subcontainer\">\n<div class=\"relative tooltip-container\" role=\"tooltip\">\n<p><svg class=\"inline-block m-auto size-5 text-inherit filter grayscale brightness-0 contrast-100\" data-component-name=\"Icon\" aria-hidden=\"true\" xmlns=\"http:\/\/www.w3.org\/2000\/svg\" width=\"20\" height=\"20\" fill=\"none\" viewbox=\"0 0 20 20\">\n<path fill=\"#4285F4\" d=\"M18.8 10.208c0-.65-.058-1.275-.167-1.875H10v3.55h4.933a4.226 4.226 0 0 1-1.841 2.759v2.308h2.975C17.8 15.35 18.8 13 18.8 10.208Z\"><\/path>\n<path fill=\"#34A853\" d=\"M10 19.167c2.475 0 4.55-.817 6.066-2.217l-2.975-2.308c-.816.55-1.858.883-3.091.883-2.384 0-4.409-1.608-5.134-3.775h-3.05v2.367c1.509 2.991 4.6 5.05 8.184 5.05Z\"><\/path>\n<path fill=\"#FBBC05\" d=\"M4.865 11.742A5.493 5.493 0 0 1 4.574 10c0-.608.108-1.192.291-1.742V5.892h-3.05A9.054 9.054 0 0 0 .832 10c0 1.483.358 2.875.983 4.108l2.375-1.85.675-.516Z\"><\/path>\n<path fill=\"#EA4335\" d=\"M10 4.483c1.35 0 2.55.467 3.508 1.367l2.625-2.625C14.541 1.742 12.475.833 10 .833c-3.584 0-6.675 2.059-8.184 5.059l3.05 2.366C5.591 6.092 7.616 4.483 10 4.483Z\"><\/path>\n<\/svg><\/p>\n<p>Folgen Sie uns<\/p>\n<div class=\"font-ui-heading max-sm:hidden tooltip absolute left-1\/2 bg-gray-900 text-white text-xs leading-none px-3 py-1.5 rounded-md z-(10001) whitespace-nowrap\" id=\"tooltip-add-us-as-a-preferred-source-on-google\" role=\"tooltip\" aria-hidden=\"true\">\nF\u00fcgen Sie uns als bevorzugte Quelle bei Google hinzu\n<\/div>\n<\/div>\n<div class=\"relative tooltip-container\" role=\"tooltip\">\n<button type=\"button\" class=\"no-underline hover:no-underline newsletter-pop-up-trigger relative text-inherit leading-none text-xs flex items-center gap-1 font-ui-heading\" data-component-name=\"UtilityBar:Newsletter:Button\" id=\"utilitybar__button--newsletter\" aria-label=\"Newsletter\" data-analytics-id=\"article-social\" analytics-label=\"utility-bar-newsletters\" analytics-name=\"utility-bar\" data-mrf-recirculation=\"article-social\"><br \/>\n<svg class=\"inline-block m-auto size-5 text-inherit\" data-component-name=\"Icon\" aria-hidden=\"true\" xmlns=\"http:\/\/www.w3.org\/2000\/svg\" fill=\"none\" viewbox=\"0 0 24 24\" stroke-width=\"1.5\" stroke=\"currentColor\" data-slot=\"icon\">\n<path stroke-linecap=\"round\" stroke-linejoin=\"round\" d=\"M21.75 6.75v10.5a2.25 2.25 0 0 1-2.25 2.25h-15a2.25 2.25 0 0 1-2.25-2.25V6.75m19.5 0A2.25 2.25 0 0 0 19.5 4.5h-15a2.25 2.25 0 0 0-2.25 2.25m19.5 0v.243a2.25 2.25 0 0 1-1.07 1.916l-7.5 4.615a2.25 2.25 0 0 1-2.36 0L3.32 8.91a2.25 2.25 0 0 1-1.07-1.916V6.75\"><\/path>\n<\/svg><\/p>\n<p>Newsletter<br \/>\n<\/button><\/p>\n<div class=\"font-ui-heading max-sm:hidden tooltip absolute left-1\/2 bg-gray-900 text-white text-xs leading-none px-3 py-1.5 rounded-md z-(10001) whitespace-nowrap\" id=\"tooltip-subscribe-to-our-newsletter\" role=\"tooltip\" aria-hidden=\"true\">\n<p>Abonnieren Sie unseren Newsletter\n<\/p><\/div>\n<\/div>\n<\/div>\n<\/div>\n<p id=\"elk-f506ffa0-20fd-46dc-8d4a-bf5c5c08c643\">Wenn der Mai vor der T\u00fcr steht, kommt der Lavendel erst richtig zur Geltung. Das silbrige Laub wird weicher und f\u00fcllt sich, die St\u00e4ngel beginnen sich zu dehnen und Sie werden normalerweise bemerken, dass sich die ersten Knospen zu bilden beginnen. Es ist eine sch\u00f6ne B\u00fchne \u2013 wohl eine der sch\u00f6nsten \u2013, aber auch eine wichtige. Was Sie jetzt tun, beeinflusst wirklich, wie Ihre Pflanze im Sommer aussehen und bl\u00fchen wird.<\/p>\n<div id=\"ad-unit-1\" class=\"ad-unit\"><\/div>\n<p>Wenn Sie herausfinden m\u00f6chten, wie Sie Lavendel gut anbauen k\u00f6nnen \u2013 oder \u00fcber eine durchdachtere Landschaftsgestaltung mit Lavendel nachdenken \u2013 ist dies der richtige Zeitpunkt, sich ein wenig mehr zu engagieren.<\/p>\n<aside data-block-type=\"embed\" data-render-type=\"fte\" data-skip=\"dealsy\" data-widget-type=\"seasonal\" class=\"hawk-root\"><\/aside>\n<p id=\"elk-f506ffa0-20fd-46dc-8d4a-bf5c5c08c643-2\">Wenn Sie im Mai die richtige Balance finden, wird Ihr Lavendel Sie mit st\u00e4rkerem Wachstum, einer eleganteren Form und weitaus gro\u00dfz\u00fcgigeren Bl\u00fcten belohnen. Hier erfahren Sie genau, was Sie jetzt tun m\u00fcssen, damit es den ganzen Sommer \u00fcber gedeiht.<\/p>\n<p><span class=\"article-continues-below block py-2 text-sm\">Der Artikel wird weiter unten fortgesetzt <svg aria-hidden=\"true\" class=\"inline-block w-2.5 h-2.5 ml-2\" fill=\"currentColor\" preserveaspectratio=\"xMidYMid meet\" xmlns=\"http:\/\/www.w3.org\/2000\/svg\" viewbox=\"0 0 1000 1000\"><path d=\"M1000 100L500 900 0 100h1000z\"><\/path><\/svg><\/span><\/p>\n<div id=\"mid-article-leaderboard\" class=\"ad-unit sm:hidden block\" style=\"height: 140px; margin: 10px 0;\"><\/div>\n<div class=\"van_vid_carousel\">\n<div class=\"van_vid_carousel__padding\">\n<div class=\"van_vid_carousel__container\">\n<div class=\"jw-carousel-signposting\" style=\"display: none;\"><span class=\"jw-carousel-signposting__title\"><\/span><\/div>\n<\/div>\n<\/div>\n<\/div>\n<aside data-component-name=\"Recirculation:ArticleRiver\" data-recirculation-type=\"inline\" data-mrf-recirculation=\"Trending Bar\" data-nosnippet class=\"clear-both pt-2 pb-0 mb-4\">\n        <span class=\"\n            flex\n            after:content-('') after:flex-1 after:ml-4 after:my-(0.7rem) after:border-t after:border-solid after:border-(#333)\n            before:content-('') before:flex-1 before:mr-4 before:my-(0.7rem) before:border-t before:border-solid before:border-(#333)\n            font-article-heading pb-0 text-(length:var(--article-river-title--font-size,1em)) uppercase sm:text-(length:var(--article-river-title--font-size,0.875em)) font-normal\n        \"><\/p>\n<p>            Vielleicht gef\u00e4llt es Ihnen<br \/>\n        <\/span><\/p>\n<ul class=\"flex flex-col gap-0 m-0 max-w-full\">\n<li class=\"m-0 list-none border-b border-solid border-(#ededed) py-2.5\" data-recirculation-id=\"recirculation-card-1\" id=\"recirculation-inline-1\" data-analytics-id=\"recirculation-inline-1\" analytics-label=\"\" data-mrf-recirculation=\"recirculation-inline-1\">\n<picture data-new-v2-image=\"true\" class=\"aspect-square size-(85px) md:size-20 flex-shrink-0\"><source type=\"image\/webp\"  ><\/source><\/p>\n<\/picture>\n                        <span class=\"w-full text-base font-(var(--article-river-item--font-weight,500)) font-article-heading line-clamp-3 md:line-clamp-2\">Was Sie im April mit Lavendel tun k\u00f6nnen, um Ihre Pflanze auf die bisher beste Sommerbl\u00fcte vorzubereiten<\/span><\/p>\n<\/li>\n<li class=\"m-0 list-none border-b border-solid border-(#ededed) py-2.5\" data-recirculation-id=\"recirculation-card-2\" id=\"recirculation-inline-2\" data-analytics-id=\"recirculation-inline-2\" analytics-label=\"\" data-mrf-recirculation=\"recirculation-inline-2\">\n<picture data-new-v2-image=\"true\" class=\"aspect-square size-(85px) md:size-20 flex-shrink-0\"><source type=\"image\/webp\"  ><\/source><br \/>\n    <img decoding=\"async\" alt=\"Sind Hortensien resistent gegen Hirsche?\"   loading=\"lazy\" data-new-v2-image=\"true\" src=\"https:\/\/www.strassenweb.de\/nachrichten\/wp-content\/uploads\/2026\/04\/BeBUFe2AKQJUWi8jk6gYmX.jpg\" data-pin-media=\"https:\/\/www.strassenweb.de\/nachrichten\/wp-content\/uploads\/2026\/04\/BeBUFe2AKQJUWi8jk6gYmX.jpg\" class=\"rounded-(var(--image--border-radius,0)) aspect-square size-(85px) md:size-20 object-cover flex-shrink-0\" data-pin-nopin=\"true\">\n    <\/picture>\n                        <span class=\"w-full text-base font-(var(--article-river-item--font-weight,500)) font-article-heading line-clamp-3 md:line-clamp-2\">Was Sie mit Hortensien im April f\u00fcr vollere Bl\u00fcten tun sollten \u2013 und der einfache Fehler, der Sie einen bl\u00fchenden Sommer kosten k\u00f6nnte<\/span><\/p>\n<\/li>\n<li class=\"m-0 list-none border-b border-solid border-(#333) py-2.5\" data-recirculation-id=\"recirculation-card-3\" id=\"recirculation-inline-3\" data-analytics-id=\"recirculation-inline-3\" analytics-label=\"\" data-mrf-recirculation=\"recirculation-inline-3\">\n<picture data-new-v2-image=\"true\" class=\"aspect-square size-(85px) md:size-20 flex-shrink-0\"><source type=\"image\/webp\"  ><\/source><br \/>\n    <img decoding=\"async\" alt=\"Wie man Sternjasmin anbaut\"   loading=\"lazy\" data-new-v2-image=\"true\" src=\"https:\/\/www.strassenweb.de\/nachrichten\/wp-content\/uploads\/2026\/04\/Vd4QyavBXNV2tXZ5jDmWhD.jpg\" data-pin-media=\"https:\/\/www.strassenweb.de\/nachrichten\/wp-content\/uploads\/2026\/04\/Vd4QyavBXNV2tXZ5jDmWhD.jpg\" class=\"rounded-(var(--image--border-radius,0)) aspect-square size-(85px) md:size-20 object-cover flex-shrink-0\" data-pin-nopin=\"true\">\n    <\/picture>\n                        <span class=\"w-full text-base font-(var(--article-river-item--font-weight,500)) font-article-heading line-clamp-3 md:line-clamp-2\">Wenn Sie diese 5 Dinge im April tun, wird Ihre Sternjasminpflanze den ganzen Sommer \u00fcber unglaublich duften<\/span><\/p>\n<\/li>\n<\/ul>\n<\/aside>\n<h3 class=\"article-body__section\" id=\"section-1-lightly-trim-to-shape-and-encourage-fullness\"><span>1. Leicht trimmen, um die Form zu formen und die F\u00fclle zu f\u00f6rdern <\/span><\/h3>\n<figure class=\"van-image-figure inline-layout \" data-bordeaux-image-check id=\"elk-2e3b634a-478c-4870-a4e5-c42ea1b016b7\">\n<div class=\"image-full-width-wrapper\">\n<div class=\"image-widthsetter\" style=\"max-width:2400px;\"><\/div>\n<\/div>\n<\/figure>\n<p id=\"elk-7b7d1bf3-11db-4976-9d9e-eb92ffbae287\">Wenn Ihr Lavendel im Fr\u00fchling ein weiches, frisches Wachstum aufweist, ist dies der Moment, in dem ein wenig Aufmerksamkeit viel bewirken kann. Wenn es um das Beschneiden von Lavendel geht, kommt es darauf an, sanft und nicht schwerf\u00e4llig zu sein \u2013 und ganz ehrlich: Mit den richtigen Werkzeugen geht es viel einfacher, es richtig zu machen.<\/p>\n<div id=\"ad-unit-2\" class=\"ad-unit\"><\/div>\n<p>Ich greife immer zu einer guten Gartenschere, wie der Fiskars Bypass-Gartenschere von Amazon. Sie sorgen f\u00fcr einen sauberen, pr\u00e4zisen Schnitt, was genau das ist, was Lavendel in diesem Stadium braucht.<\/p>\n<p>Betrachten Sie es weniger als Beschneiden im herk\u00f6mmlichen Sinne, sondern eher als Formen. Durch einfaches Kneifen oder Abschneiden der Spitzen des neuen Wachstums wird die Pflanze dazu angeregt, sich auf nat\u00fcrliche Weise zu verzweigen. Mit der Zeit entsteht dadurch eine vollere, ausgewogenere Form und letztendlich mehr bl\u00fchende St\u00e4ngel.<\/p>\n<p>Der Schl\u00fcssel liegt darin, innerhalb des sanften gr\u00fcnen Wachstums zu bleiben. Lavendel reagiert wirklich nicht gut darauf, in alte, verholzte St\u00e4ngel zur\u00fcckgeschnitten zu werden, daher ist hier Zur\u00fcckhaltung angesagt. Wenn sich die Knospen gerade erst zu bilden beginnen, kann ein sehr leichter Schnitt tats\u00e4chlich hilfreich sein, der die Bl\u00fcte leicht versetzt und oft das Gesamtbild verl\u00e4ngert, anstatt alles auf einmal bl\u00fchen zu lassen.<\/p>\n<div id=\"slice-container-newsletterForm-articleInbodyContent-XUArEgfCsu3j6tnnk6mh2e\" class=\"slice-container newsletter-inbodyContent-slice newsletterForm-articleInbodyContent-XUArEgfCsu3j6tnnk6mh2e slice-container-newsletterForm\"><\/div>\n<h3 class=\"article-body__section\" id=\"section-2-keep-it-dry-sunny-and-well-balanced\"><span>2. Halten Sie es trocken, sonnig und ausgewogen <\/span><\/h3>\n<figure class=\"van-image-figure inline-layout \" data-bordeaux-image-check id=\"elk-4f590e39-21b6-4124-8751-d89660dafb3c\">\n<div class=\"image-full-width-wrapper\">\n<div class=\"image-widthsetter\" style=\"max-width:2400px;\"><\/div>\n<\/div>\n<\/figure>\n<p id=\"elk-0b07e389-7039-45c1-b251-2971072c6524\">Wenn es im Mai eine Sache gibt, auf die man achten sollte, dann ist es, es nicht zu \u00fcbertreiben. Beim Gie\u00dfen von Lavendel gilt: Weniger ist wirklich mehr. Lavendel lebt von einer einfachen, fast entspannten Pflege \u2013 viel Sonnenschein, hervorragende Drainage und sehr wenig Eingriff.<\/p>\n<p>Es sei daran erinnert, dass Lavendel nach seiner Etablierung d\u00fcrretolerant ist, was die Menschen oft \u00fcberrascht. Diese nat\u00fcrliche Widerstandsf\u00e4higkeit bedeutet, dass es tats\u00e4chlich Erde bevorzugt, die zwischen den Bew\u00e4sserungen austrocknet, gegen\u00fcber dauerhaft feuchten Bedingungen. W\u00e4hrend es also verlockend sein kann, bei steigenden Temperaturen h\u00e4ufiger zur Gie\u00dfkanne zu greifen, ist es f\u00fcr die langfristige Gesundheit der Pflanze weitaus besser, sich zur\u00fcckzuhalten und den Boden atmen zu lassen.<\/p>\n<p>Bei T\u00f6pfen wird dieses Gleichgewicht noch wichtiger. Stellen Sie sicher, dass das Wasser ungehindert abflie\u00dfen kann, und lassen Sie die Beh\u00e4lter nicht in Untertassen mit Wasser stehen. Bei Gartenr\u00e4ndern erf\u00fcllt eine einfache Schicht Kies oder Splitt rund um den Boden eine doppelte Funktion: Sie hilft bei der Entw\u00e4sserung, sorgt aber auch f\u00fcr den weichen, mediterranen Look, zu dem Lavendel von Natur aus so gut passt.<\/p>\n<aside data-component-name=\"Recirculation:ArticleRiver\" data-recirculation-type=\"inline\" data-mrf-recirculation=\"Trending Bar\" data-nosnippet class=\"clear-both pt-2 pb-0 mb-4\">\n        <span class=\"\n            flex\n            after:content-('') after:flex-1 after:ml-4 after:my-(0.7rem) after:border-t after:border-solid after:border-(#333)\n            before:content-('') before:flex-1 before:mr-4 before:my-(0.7rem) before:border-t before:border-solid before:border-(#333)\n            font-article-heading pb-0 text-(length:var(--article-river-title--font-size,1em)) uppercase sm:text-(length:var(--article-river-title--font-size,0.875em)) font-normal\n        \"><\/p>\n<p>            Was Sie als n\u00e4chstes lesen sollten<br \/>\n        <\/span><\/p>\n<ul class=\"flex flex-col gap-0 m-0 max-w-full\">\n<li class=\"m-0 list-none border-b border-solid border-(#ededed) py-2.5\" data-recirculation-id=\"recirculation-card-1\" id=\"recirculation-inline-2-1\" data-analytics-id=\"recirculation-2-inline-1\" analytics-label=\"\" data-mrf-recirculation=\"recirculation-2-inline-1\">\n<picture data-new-v2-image=\"true\" class=\"aspect-square size-(85px) md:size-20 flex-shrink-0\"><source type=\"image\/webp\"  ><\/source><br \/>\n    <img decoding=\"async\" alt=\"Lavendelbl\u00fcten aus n\u00e4chster N\u00e4he\"   loading=\"lazy\" data-new-v2-image=\"true\" src=\"https:\/\/www.strassenweb.de\/nachrichten\/wp-content\/uploads\/2026\/04\/ntAD5m8VmpwdQ3WLWdHuph.jpg\" data-pin-media=\"https:\/\/www.strassenweb.de\/nachrichten\/wp-content\/uploads\/2026\/04\/ntAD5m8VmpwdQ3WLWdHuph.jpg\" class=\"rounded-(var(--image--border-radius,0)) aspect-square size-(85px) md:size-20 object-cover flex-shrink-0\" data-pin-nopin=\"true\">\n    <\/picture>\n                        <span class=\"w-full text-base font-(var(--article-river-item--font-weight,500)) font-article-heading line-clamp-3 md:line-clamp-2\">Dieser immergr\u00fcne Strauch sorgt daf\u00fcr, dass Ihr Gartenweg den ganzen Sommer \u00fcber elegant aussieht und vertr\u00e4umt duftet<\/span><\/p>\n<\/li>\n<li class=\"m-0 list-none border-b border-solid border-(#ededed) py-2.5\" data-recirculation-id=\"recirculation-card-2\" id=\"recirculation-inline-2-2\" data-analytics-id=\"recirculation-2-inline-2\" analytics-label=\"\" data-mrf-recirculation=\"recirculation-2-inline-2\">\n<picture data-new-v2-image=\"true\" class=\"aspect-square size-(85px) md:size-20 flex-shrink-0\"><source type=\"image\/webp\"  ><\/source><br \/>\n    <img decoding=\"async\" alt=\"Ein moderner Garten mit Hochbeeten, Sitzbereich und Beeten voller Blumen und Str\u00e4ucher\"   loading=\"lazy\" data-new-v2-image=\"true\" src=\"https:\/\/www.strassenweb.de\/nachrichten\/wp-content\/uploads\/2025\/07\/DfR2aWqm9HxCSPBjREWw2m.jpg\" data-pin-media=\"https:\/\/www.strassenweb.de\/nachrichten\/wp-content\/uploads\/2025\/07\/DfR2aWqm9HxCSPBjREWw2m.jpg\" class=\"rounded-(var(--image--border-radius,0)) aspect-square size-(85px) md:size-20 object-cover flex-shrink-0\" data-pin-nopin=\"true\">\n    <\/picture>\n                        <span class=\"w-full text-base font-(var(--article-river-item--font-weight,500)) font-article-heading line-clamp-3 md:line-clamp-2\">Was Sie im Mai pflanzen sollten \u2013 f\u00fcr einen Garten, der den ganzen Sommer \u00fcber praktisch f\u00fcr sich selbst sorgt<\/span><\/p>\n<\/li>\n<li class=\"m-0 list-none border-b border-solid border-(#333) py-2.5\" data-recirculation-id=\"recirculation-card-3\" id=\"recirculation-inline-2-3\" data-analytics-id=\"recirculation-2-inline-3\" analytics-label=\"\" data-mrf-recirculation=\"recirculation-2-inline-3\">\n<picture data-new-v2-image=\"true\" class=\"aspect-square size-(85px) md:size-20 flex-shrink-0\"><source type=\"image\/webp\"  ><\/source><br \/>\n    <img decoding=\"async\" alt=\"Rosen bl\u00fchen\"   loading=\"lazy\" data-new-v2-image=\"true\" src=\"https:\/\/www.strassenweb.de\/nachrichten\/wp-content\/uploads\/2026\/04\/qjC4wAuTaP29ni79yYA284.jpg\" data-pin-media=\"https:\/\/www.strassenweb.de\/nachrichten\/wp-content\/uploads\/2026\/04\/qjC4wAuTaP29ni79yYA284.jpg\" class=\"rounded-(var(--image--border-radius,0)) aspect-square size-(85px) md:size-20 object-cover flex-shrink-0\" data-pin-nopin=\"true\">\n    <\/picture>\n                        <span class=\"w-full text-base font-(var(--article-river-item--font-weight,500)) font-article-heading line-clamp-3 md:line-clamp-2\">Was Ihre Rosen im April wirklich brauchen \u2013 Profis verraten 5 Insider-Tipps f\u00fcr gr\u00f6\u00dfere Bl\u00fcten im Sommer<\/span><\/p>\n<\/li>\n<\/ul>\n<\/aside>\n<h3 class=\"article-body__section\" id=\"section-3-resist-the-urge-to-feed\"><span>3. Widerstehen Sie dem Futterdrang <\/span><\/h3>\n<p id=\"elk-9c83a41b-d336-4e05-8239-b6558d72be5a\">Es ist leicht anzunehmen, dass die D\u00fcngung von Lavendel zu mehr Bl\u00fcten f\u00fchrt, aber bei dieser Pflanze ist das selten der Fall. Tats\u00e4chlich schadet zu viel F\u00fcttern oft mehr, als dass es n\u00fctzt.<\/p>\n<p>Reichhaltiger Boden oder starkes D\u00fcngen f\u00fchren tendenziell zu weichem, bl\u00e4ttrigem Wachstum auf Kosten der Bl\u00fctenbildung, sodass die Pflanzen eher etwas locker als ordentlich strukturiert aussehen. Lavendel zeigt seine beste Seite unter magereren Bedingungen, wo das Wachstum langsamer, robuster und viel st\u00e4rker auf die Bl\u00fcte ausgerichtet ist.<\/p>\n<p>Wenn Ihr Boden besonders n\u00e4hrstoffarm ist, reicht in der Regel eine ganz leichte Kompostierung aus. Andernfalls widerstehen Sie am besten dem Drang, Lavendel zu d\u00fcngen, und lassen Sie ihn einfach in sein nat\u00fcrliches Wachstumsmuster eintauchen \u2013 er wird Sie daf\u00fcr viel gro\u00dfz\u00fcgiger belohnen.<\/p>\n<h3 class=\"article-body__section\" id=\"section-4-clear-space-around-the-base-for-healthier-growth\"><span>4. Freiraum rund um die Basis f\u00fcr ges\u00fcnderes Wachstum<\/span><\/h3>\n<figure class=\"van-image-figure inline-layout \" data-bordeaux-image-check id=\"elk-ee14ac6e-54b7-4db3-b0a0-6cb91fe02110\">\n<div class=\"image-full-width-wrapper\">\n<div class=\"image-widthsetter\" style=\"max-width:2400px;\"><\/div>\n<\/div>\n<\/figure>\n<p id=\"elk-e0dc068c-5619-466f-8aef-2a041ce8514c\">Wenn der Lavendel im Mai zu wachsen beginnt, ist es sehr wichtig, ihm etwas Luft zum Atmen zu geben. Es lohnt sich, sich ein paar Minuten Zeit zu nehmen, um Unkraut oder Konkurrenzpflanzen rund um den Sockel zu entfernen \u2013 nichts Schweres, nur ein einfaches Aufr\u00e4umen, um alles offen und aufger\u00e4umt zu halten.<\/p>\n<p>Ein gutes Unkrautbek\u00e4mpfungsger\u00e4t erleichtert diese Arbeit erheblich. So etwas wie der meistverkaufte Grampa&#8217;s Weeder von Amazon ist ideal, um direkt in den Boden einzudringen, ohne die Lavendelwurzeln zu st\u00f6ren. So k\u00f6nnen Sie Unkraut sauber entfernen und den Bereich um die Pflanze sauber halten.<\/p>\n<p>Es mag sich wie ein kleiner Schritt anf\u00fchlen, aber er zahlt sich aus. Eine bessere Luftzirkulation tr\u00e4gt dazu bei, dass Lavendel gesund bleibt, insbesondere wenn die Temperaturen steigen, und verringert das Risiko von Problemen sp\u00e4ter in der Saison. Es gibt auch einen optischen Vorteil: Wenn die Basis klar ist, kommt Lavendel seine nat\u00fcrliche Form besonders gut zur Geltung und die gesamte Bepflanzung wirkt gezielter und raffinierter.<\/p>\n<h3 class=\"article-body__section\" id=\"section-5-begin-light-harvesting-and-deadheading\"><span>5. Beginnen Sie mit der Lichternte und dem Deadheading <\/span><\/h3>\n<figure class=\"van-image-figure inline-layout \" data-bordeaux-image-check id=\"elk-bd8d3892-531e-492f-b708-5d0a4ab0a26e\">\n<div class=\"image-full-width-wrapper\">\n<div class=\"image-widthsetter\" style=\"max-width:2400px;\"><\/div>\n<\/div>\n<\/figure>\n<p id=\"elk-91419869-0f30-43c3-bbe7-9e12ba5681dc\">Gegen Ende Mai, besonders wenn Sie eine warme Jahreszeit hatten, werden Sie oft sehen, wie sich die ersten Lavendelbl\u00fcten \u00f6ffnen. Es ist ein sch\u00f6ner Moment im Garten und auch n\u00fctzlich, wenn Sie wissen, was als n\u00e4chstes zu tun ist.<\/p>\n<p>Jetzt k\u00f6nnen Sie mit dem Schneiden einiger St\u00e4ngel f\u00fcr das Haus beginnen. Schneiden Sie sie einfach \u00fcber einem Satz Bl\u00e4tter ab, nichts allzu kompliziertes. Es ist eine dieser kleinen Arbeiten, die sich sofort auszahlt \u2013 Sie erhalten frische, duftende St\u00e4ngel, die Sie drinnen genie\u00dfen k\u00f6nnen, und regen gleichzeitig die Pflanze sanft dazu an, weiterhin mehr Bl\u00fcten zu produzieren.<\/p>\n<p>Und es ist wirklich eher eine st\u00e4ndige Gewohnheit als eine einzelne Aufgabe. Im Laufe der Saison k\u00f6nnen Sie bei Bedarf immer wieder darauf zur\u00fcckgreifen. Wenn Sie die St\u00e4ngel nicht abschneiden, lohnt es sich dennoch, sich einen Moment Zeit zu nehmen, um den Lavendel abzusterben, w\u00e4hrend die Bl\u00fcten verblassen. Es sorgt daf\u00fcr, dass die Pflanze ordentlich aussieht, aber was noch wichtiger ist: Es hindert sie daran, Energie in die Samenproduktion zu stecken, und treibt sie stattdessen wieder in neues Wachstum und zuk\u00fcnftige Bl\u00fcten.<\/p>\n<h3 class=\"article-body__section\" id=\"section-6-make-the-most-of-the-sun\"><span>6. Machen Sie das Beste aus der Sonne <\/span><\/h3>\n<figure class=\"van-image-figure inline-layout \" data-bordeaux-image-check id=\"elk-7c37aa5a-7040-4518-8e22-d656f7caea75\">\n<div class=\"image-full-width-wrapper\">\n<div class=\"image-widthsetter\" style=\"max-width:2000px;\"><\/div>\n<\/div>\n<\/figure>\n<p id=\"elk-73786164-9867-4ef1-9e24-0b7faee6da15\">Lavendel ist im Grunde genommen eine mediterrane Pflanze. Wenn ihm also eines am Herzen liegt, dann ist es das Sonnenlicht.<\/p>\n<p>Im Mai lohnt es sich, vor allem wenn es sich in einem Beh\u00e4lter befindet, etwas \u00fcberlegt zu sein, wo man es platziert. Zu dieser Jahreszeit stelle ich meine T\u00f6pfe oft um, um sicherzustellen, dass sie das beste Licht abbekommen \u2013 Lavendel reagiert schnell darauf und man kann den Unterschied normalerweise innerhalb von ein paar Wochen sehen.<\/p>\n<p>Streben Sie mindestens sechs Stunden direkte Sonneneinstrahlung pro Tag an, obwohl mehr immer besser ist, wenn Sie damit zurechtkommen. Diese eine einfache Entscheidung \u2013 allein die richtige Positionierung \u2013 hat gr\u00f6\u00dfere Auswirkungen, als die meisten Menschen erwarten. Es zeigt sich tats\u00e4chlich sp\u00e4ter in einem st\u00e4rkeren Wachstum und einer viel besseren Bl\u00fctenpracht.<\/p>\n<h3 class=\"article-body__section\" id=\"section-shop-lavender-care-for-may\"><span>Kaufen Sie Lavendelpflege f\u00fcr Mai<\/span><\/h3>\n<div class=\"product-container hero-product-container product-block-no-wrap\">\n<div class=\"product-block-row\"><\/div>\n<div class=\"product-block-row\"><\/div>\n<div class=\"product-block-row\"><\/div>\n<\/div>\n<p id=\"elk-6affe7f4-a08d-4674-8308-4b661d16a049\">Zu diesem Zeitpunkt der Saison ist das Beste, was Sie f\u00fcr Lavendel tun k\u00f6nnen, dem Drang zu widerstehen, ihn zu sehr zu pflegen. Kleine Anpassungen gen\u00fcgen \u2013 es leicht geformt zu halten, sicherzustellen, dass es nicht \u00fcberf\u00fcllt ist, und die trockenen, sonnigen Bedingungen beizubehalten, die es von Natur aus bevorzugt.<\/p>\n<p>Wenn Sie noch Erweiterungen f\u00fcr Ihren Garten planen, lohnt es sich auch zu \u00fcberlegen, wann Sie Lavendel pflanzen, zusammen mit Lavendel-Begleitpflanzen wie Rosmarin, Salvia oder Echinacea, die alle unter \u00e4hnlichen Bedingungen wunderbar funktionieren und zum Aufbau eines zusammenh\u00e4ngenden Pflanzschemas beitragen.<\/p>\n<p>Danach hei\u00dft es wirklich, einen Schritt zur\u00fcckzutreten. Lassen Sie die Pflanze von hier aus die Oberhand gewinnen, und wenn der Sommer kommt, wird sie sich zu etwas Vollem, Duftendem und Ruhig Beeindruckendem entwickelt haben.<\/p>\n<p id=\"elk-57e4eb3a-03d7-4361-81bc-9362a476baf4\">Lieben Sie saisonale Gartenideen, Outdoor-Tipps und die neuesten Nachrichten? <u>Melden Sie sich f\u00fcr unseren Newsletter an<\/u> und erhalten Sie die neuesten Funktionen direkt in Ihren Posteingang.<\/p>\n<div class=\"block mb-5\" id=\"articleTag\" data-component-name=\"PostArticleLinks\" data-nosnippet data-mrf-recirculation=\"post-article-links\">\n<div class=\"border-b border-b-black border-solid py-2.5 text-black font-bold uppercase\">THEMEN<\/div>\n<nav class=\"py-2.5 flex gap-2.5 flex-wrap\" data-analytics-id=\"article-tag\" data-mrf-recirculation=\"article-tag\">\n<p>Lavendel<\/p>\n<\/nav>\n<\/div>\n<\/div>\n<p><script async src=\"https:\/\/platform.twitter.com\/widgets.js\" charset=\"utf-8\"><\/script><\/p>\n","protected":false},"excerpt":{"rendered":"<p>Aktie Link kopieren Facebook X WhatsApp Pinterest Teilen Sie diesen Artikel Beteiligen Sie sich an der Unterhaltung Folgen Sie uns F\u00fcgen Sie uns als bevorzugte<\/p>\n","protected":false},"author":1,"featured_media":13373,"comment_status":"closed","ping_status":"","sticky":false,"template":"","format":"standard","meta":{"footnotes":""},"categories":[118],"tags":[1201,15003,74,55,5115,7289,7024,301,146,13883,553,37,4134],"class_list":["post-13372","post","type-post","status-publish","format-standard","has-post-thumbnail","hentry","category-haus-garten","tag-blueten","tag-bluetezeit","tag-eine","tag-fuer","tag-laengere","tag-lavendel","tag-mai","tag-mehr","tag-mit","tag-staerkeres","tag-tun","tag-und","tag-wachstum","generate-columns","tablet-grid-50","mobile-grid-100","grid-parent","grid-50"],"yoast_head":"<!-- This site is optimized with the Yoast SEO plugin v27.3 - https:\/\/yoast.com\/product\/yoast-seo-wordpress\/ -->\n<title>Was tun mit Lavendel im Mai f\u00fcr mehr Bl\u00fcten, st\u00e4rkeres Wachstum und eine l\u00e4ngere Bl\u00fctezeit? - Nachrichten - Stra\u00dfenweb<\/title>\n<meta name=\"robots\" content=\"index, follow, max-snippet:-1, max-image-preview:large, max-video-preview:-1\" \/>\n<link rel=\"canonical\" href=\"https:\/\/www.strassenweb.de\/nachrichten\/was-tun-mit-lavendel-im-mai-fuer-mehr-blueten-staerkeres-wachstum-und-eine-laengere-bluetezeit\/\" \/>\n<meta property=\"og:locale\" content=\"de_DE\" \/>\n<meta property=\"og:type\" content=\"article\" \/>\n<meta property=\"og:title\" content=\"Was tun mit Lavendel im Mai f\u00fcr mehr Bl\u00fcten, st\u00e4rkeres Wachstum und eine l\u00e4ngere Bl\u00fctezeit? - Nachrichten - Stra\u00dfenweb\" \/>\n<meta property=\"og:description\" content=\"Aktie Link kopieren Facebook X WhatsApp Pinterest Teilen Sie diesen Artikel Beteiligen Sie sich an der Unterhaltung Folgen Sie uns F\u00fcgen Sie uns als bevorzugte\" \/>\n<meta property=\"og:url\" content=\"https:\/\/www.strassenweb.de\/nachrichten\/was-tun-mit-lavendel-im-mai-fuer-mehr-blueten-staerkeres-wachstum-und-eine-laengere-bluetezeit\/\" \/>\n<meta property=\"og:site_name\" content=\"Stra\u00dfenweb\" \/>\n<meta property=\"article:publisher\" content=\"https:\/\/www.facebook.com\/strassenweb\/\" \/>\n<meta property=\"article:published_time\" content=\"2026-04-30T19:39:21+00:00\" \/>\n<meta property=\"article:modified_time\" content=\"2026-04-30T19:39:28+00:00\" \/>\n<meta property=\"og:image\" content=\"https:\/\/www.strassenweb.de\/nachrichten\/wp-content\/uploads\/2026\/04\/Was-tun-mit-Lavendel-im-Mai-fuer-mehr-Blueten-staerkeres.jpg\" \/>\n\t<meta property=\"og:image:width\" content=\"1600\" \/>\n\t<meta property=\"og:image:height\" content=\"900\" \/>\n\t<meta property=\"og:image:type\" content=\"image\/jpeg\" \/>\n<meta name=\"author\" content=\"Robert Hoffmann\" \/>\n<meta name=\"twitter:card\" content=\"summary_large_image\" \/>\n<meta name=\"twitter:label1\" content=\"Verfasst von\" \/>\n\t<meta name=\"twitter:data1\" content=\"Robert Hoffmann\" \/>\n\t<meta name=\"twitter:label2\" content=\"Gesch\u00e4tzte Lesezeit\" \/>\n\t<meta name=\"twitter:data2\" content=\"8\u00a0Minuten\" \/>\n<script type=\"application\/ld+json\" class=\"yoast-schema-graph\">{\"@context\":\"https:\\\/\\\/schema.org\",\"@graph\":[{\"@type\":\"Article\",\"@id\":\"https:\\\/\\\/www.strassenweb.de\\\/nachrichten\\\/was-tun-mit-lavendel-im-mai-fuer-mehr-blueten-staerkeres-wachstum-und-eine-laengere-bluetezeit\\\/#article\",\"isPartOf\":{\"@id\":\"https:\\\/\\\/www.strassenweb.de\\\/nachrichten\\\/was-tun-mit-lavendel-im-mai-fuer-mehr-blueten-staerkeres-wachstum-und-eine-laengere-bluetezeit\\\/\"},\"author\":{\"name\":\"Robert Hoffmann\",\"@id\":\"https:\\\/\\\/www.strassenweb.de\\\/nachrichten\\\/#\\\/schema\\\/person\\\/87c9c9067f1211da429a744dc5a5aa41\"},\"headline\":\"Was tun mit Lavendel im Mai f\u00fcr mehr Bl\u00fcten, st\u00e4rkeres Wachstum und eine l\u00e4ngere Bl\u00fctezeit?\",\"datePublished\":\"2026-04-30T19:39:21+00:00\",\"dateModified\":\"2026-04-30T19:39:28+00:00\",\"mainEntityOfPage\":{\"@id\":\"https:\\\/\\\/www.strassenweb.de\\\/nachrichten\\\/was-tun-mit-lavendel-im-mai-fuer-mehr-blueten-staerkeres-wachstum-und-eine-laengere-bluetezeit\\\/\"},\"wordCount\":1608,\"publisher\":{\"@id\":\"https:\\\/\\\/www.strassenweb.de\\\/nachrichten\\\/#organization\"},\"image\":{\"@id\":\"https:\\\/\\\/www.strassenweb.de\\\/nachrichten\\\/was-tun-mit-lavendel-im-mai-fuer-mehr-blueten-staerkeres-wachstum-und-eine-laengere-bluetezeit\\\/#primaryimage\"},\"thumbnailUrl\":\"https:\\\/\\\/www.strassenweb.de\\\/nachrichten\\\/wp-content\\\/uploads\\\/2026\\\/04\\\/Was-tun-mit-Lavendel-im-Mai-fuer-mehr-Blueten-staerkeres.jpg\",\"keywords\":[\"Bl\u00fcten\",\"Bl\u00fctezeit\",\"eine\",\"f\u00fcr\",\"l\u00e4ngere\",\"Lavendel\",\"Mai\",\"mehr\",\"mit\",\"st\u00e4rkeres\",\"tun\",\"und\",\"Wachstum\"],\"articleSection\":[\"Haus &amp; Garten\"],\"inLanguage\":\"de\"},{\"@type\":\"WebPage\",\"@id\":\"https:\\\/\\\/www.strassenweb.de\\\/nachrichten\\\/was-tun-mit-lavendel-im-mai-fuer-mehr-blueten-staerkeres-wachstum-und-eine-laengere-bluetezeit\\\/\",\"url\":\"https:\\\/\\\/www.strassenweb.de\\\/nachrichten\\\/was-tun-mit-lavendel-im-mai-fuer-mehr-blueten-staerkeres-wachstum-und-eine-laengere-bluetezeit\\\/\",\"name\":\"Was tun mit Lavendel im Mai f\u00fcr mehr Bl\u00fcten, st\u00e4rkeres Wachstum und eine l\u00e4ngere Bl\u00fctezeit? - Nachrichten - Stra\u00dfenweb\",\"isPartOf\":{\"@id\":\"https:\\\/\\\/www.strassenweb.de\\\/nachrichten\\\/#website\"},\"primaryImageOfPage\":{\"@id\":\"https:\\\/\\\/www.strassenweb.de\\\/nachrichten\\\/was-tun-mit-lavendel-im-mai-fuer-mehr-blueten-staerkeres-wachstum-und-eine-laengere-bluetezeit\\\/#primaryimage\"},\"image\":{\"@id\":\"https:\\\/\\\/www.strassenweb.de\\\/nachrichten\\\/was-tun-mit-lavendel-im-mai-fuer-mehr-blueten-staerkeres-wachstum-und-eine-laengere-bluetezeit\\\/#primaryimage\"},\"thumbnailUrl\":\"https:\\\/\\\/www.strassenweb.de\\\/nachrichten\\\/wp-content\\\/uploads\\\/2026\\\/04\\\/Was-tun-mit-Lavendel-im-Mai-fuer-mehr-Blueten-staerkeres.jpg\",\"datePublished\":\"2026-04-30T19:39:21+00:00\",\"dateModified\":\"2026-04-30T19:39:28+00:00\",\"breadcrumb\":{\"@id\":\"https:\\\/\\\/www.strassenweb.de\\\/nachrichten\\\/was-tun-mit-lavendel-im-mai-fuer-mehr-blueten-staerkeres-wachstum-und-eine-laengere-bluetezeit\\\/#breadcrumb\"},\"inLanguage\":\"de\",\"potentialAction\":[{\"@type\":\"ReadAction\",\"target\":[\"https:\\\/\\\/www.strassenweb.de\\\/nachrichten\\\/was-tun-mit-lavendel-im-mai-fuer-mehr-blueten-staerkeres-wachstum-und-eine-laengere-bluetezeit\\\/\"]}]},{\"@type\":\"ImageObject\",\"inLanguage\":\"de\",\"@id\":\"https:\\\/\\\/www.strassenweb.de\\\/nachrichten\\\/was-tun-mit-lavendel-im-mai-fuer-mehr-blueten-staerkeres-wachstum-und-eine-laengere-bluetezeit\\\/#primaryimage\",\"url\":\"https:\\\/\\\/www.strassenweb.de\\\/nachrichten\\\/wp-content\\\/uploads\\\/2026\\\/04\\\/Was-tun-mit-Lavendel-im-Mai-fuer-mehr-Blueten-staerkeres.jpg\",\"contentUrl\":\"https:\\\/\\\/www.strassenweb.de\\\/nachrichten\\\/wp-content\\\/uploads\\\/2026\\\/04\\\/Was-tun-mit-Lavendel-im-Mai-fuer-mehr-Blueten-staerkeres.jpg\",\"width\":1600,\"height\":900,\"caption\":\"White picket fence with pink roses and lavender planting\"},{\"@type\":\"BreadcrumbList\",\"@id\":\"https:\\\/\\\/www.strassenweb.de\\\/nachrichten\\\/was-tun-mit-lavendel-im-mai-fuer-mehr-blueten-staerkeres-wachstum-und-eine-laengere-bluetezeit\\\/#breadcrumb\",\"itemListElement\":[{\"@type\":\"ListItem\",\"position\":1,\"name\":\"Home\",\"item\":\"https:\\\/\\\/www.strassenweb.de\\\/nachrichten\\\/\"},{\"@type\":\"ListItem\",\"position\":2,\"name\":\"Was tun mit Lavendel im Mai f\u00fcr mehr Bl\u00fcten, st\u00e4rkeres Wachstum und eine l\u00e4ngere Bl\u00fctezeit?\"}]},{\"@type\":\"WebSite\",\"@id\":\"https:\\\/\\\/www.strassenweb.de\\\/nachrichten\\\/#website\",\"url\":\"https:\\\/\\\/www.strassenweb.de\\\/nachrichten\\\/\",\"name\":\"Stra\u00dfenweb\",\"description\":\"Stra\u00dfenverzeichnis f\u00fcr Deutschland\",\"publisher\":{\"@id\":\"https:\\\/\\\/www.strassenweb.de\\\/nachrichten\\\/#organization\"},\"potentialAction\":[{\"@type\":\"SearchAction\",\"target\":{\"@type\":\"EntryPoint\",\"urlTemplate\":\"https:\\\/\\\/www.strassenweb.de\\\/nachrichten\\\/?s={search_term_string}\"},\"query-input\":{\"@type\":\"PropertyValueSpecification\",\"valueRequired\":true,\"valueName\":\"search_term_string\"}}],\"inLanguage\":\"de\"},{\"@type\":\"Organization\",\"@id\":\"https:\\\/\\\/www.strassenweb.de\\\/nachrichten\\\/#organization\",\"name\":\"Stra\u00dfenweb\",\"url\":\"https:\\\/\\\/www.strassenweb.de\\\/nachrichten\\\/\",\"logo\":{\"@type\":\"ImageObject\",\"inLanguage\":\"de\",\"@id\":\"https:\\\/\\\/www.strassenweb.de\\\/nachrichten\\\/#\\\/schema\\\/logo\\\/image\\\/\",\"url\":\"https:\\\/\\\/www.strassenweb.de\\\/nachrichten\\\/wp-content\\\/uploads\\\/2024\\\/09\\\/cropped-favicon.png\",\"contentUrl\":\"https:\\\/\\\/www.strassenweb.de\\\/nachrichten\\\/wp-content\\\/uploads\\\/2024\\\/09\\\/cropped-favicon.png\",\"width\":512,\"height\":512,\"caption\":\"Stra\u00dfenweb\"},\"image\":{\"@id\":\"https:\\\/\\\/www.strassenweb.de\\\/nachrichten\\\/#\\\/schema\\\/logo\\\/image\\\/\"},\"sameAs\":[\"https:\\\/\\\/www.facebook.com\\\/strassenweb\\\/\"]},{\"@type\":\"Person\",\"@id\":\"https:\\\/\\\/www.strassenweb.de\\\/nachrichten\\\/#\\\/schema\\\/person\\\/87c9c9067f1211da429a744dc5a5aa41\",\"name\":\"Robert Hoffmann\",\"image\":{\"@type\":\"ImageObject\",\"inLanguage\":\"de\",\"@id\":\"https:\\\/\\\/www.strassenweb.de\\\/nachrichten\\\/wp-content\\\/uploads\\\/2024\\\/09\\\/strassenweb-150x150.jpg\",\"url\":\"https:\\\/\\\/www.strassenweb.de\\\/nachrichten\\\/wp-content\\\/uploads\\\/2024\\\/09\\\/strassenweb-150x150.jpg\",\"contentUrl\":\"https:\\\/\\\/www.strassenweb.de\\\/nachrichten\\\/wp-content\\\/uploads\\\/2024\\\/09\\\/strassenweb-150x150.jpg\",\"caption\":\"Robert Hoffmann\"},\"description\":\"Ich hei\u00dfe Robert Hoffmann und ich bin ein leidenschaftlicher Verfechter von \u00d6kologie und Biodiversit\u00e4t. Seit meiner Kindheit in den W\u00e4ldern Bayerns f\u00fchle ich mich mit der Natur verbunden und bin entschlossen, sie zu sch\u00fctzen. Heute widme ich mein Leben der Sensibilisierung anderer f\u00fcr die Bedeutung des Umweltschutzes f\u00fcr zuk\u00fcnftige Generationen.\",\"sameAs\":[\"https:\\\/\\\/www.strassenweb.de\\\/\"]}]}<\/script>\n<!-- \/ Yoast SEO plugin. -->","yoast_head_json":{"title":"Was tun mit Lavendel im Mai f\u00fcr mehr Bl\u00fcten, st\u00e4rkeres Wachstum und eine l\u00e4ngere Bl\u00fctezeit? - Nachrichten - Stra\u00dfenweb","robots":{"index":"index","follow":"follow","max-snippet":"max-snippet:-1","max-image-preview":"max-image-preview:large","max-video-preview":"max-video-preview:-1"},"canonical":"https:\/\/www.strassenweb.de\/nachrichten\/was-tun-mit-lavendel-im-mai-fuer-mehr-blueten-staerkeres-wachstum-und-eine-laengere-bluetezeit\/","og_locale":"de_DE","og_type":"article","og_title":"Was tun mit Lavendel im Mai f\u00fcr mehr Bl\u00fcten, st\u00e4rkeres Wachstum und eine l\u00e4ngere Bl\u00fctezeit? - Nachrichten - Stra\u00dfenweb","og_description":"Aktie Link kopieren Facebook X WhatsApp Pinterest Teilen Sie diesen Artikel Beteiligen Sie sich an der Unterhaltung Folgen Sie uns F\u00fcgen Sie uns als bevorzugte","og_url":"https:\/\/www.strassenweb.de\/nachrichten\/was-tun-mit-lavendel-im-mai-fuer-mehr-blueten-staerkeres-wachstum-und-eine-laengere-bluetezeit\/","og_site_name":"Stra\u00dfenweb","article_publisher":"https:\/\/www.facebook.com\/strassenweb\/","article_published_time":"2026-04-30T19:39:21+00:00","article_modified_time":"2026-04-30T19:39:28+00:00","og_image":[{"width":1600,"height":900,"url":"https:\/\/www.strassenweb.de\/nachrichten\/wp-content\/uploads\/2026\/04\/Was-tun-mit-Lavendel-im-Mai-fuer-mehr-Blueten-staerkeres.jpg","type":"image\/jpeg"}],"author":"Robert Hoffmann","twitter_card":"summary_large_image","twitter_misc":{"Verfasst von":"Robert Hoffmann","Gesch\u00e4tzte Lesezeit":"8\u00a0Minuten"},"schema":{"@context":"https:\/\/schema.org","@graph":[{"@type":"Article","@id":"https:\/\/www.strassenweb.de\/nachrichten\/was-tun-mit-lavendel-im-mai-fuer-mehr-blueten-staerkeres-wachstum-und-eine-laengere-bluetezeit\/#article","isPartOf":{"@id":"https:\/\/www.strassenweb.de\/nachrichten\/was-tun-mit-lavendel-im-mai-fuer-mehr-blueten-staerkeres-wachstum-und-eine-laengere-bluetezeit\/"},"author":{"name":"Robert Hoffmann","@id":"https:\/\/www.strassenweb.de\/nachrichten\/#\/schema\/person\/87c9c9067f1211da429a744dc5a5aa41"},"headline":"Was tun mit Lavendel im Mai f\u00fcr mehr Bl\u00fcten, st\u00e4rkeres Wachstum und eine l\u00e4ngere Bl\u00fctezeit?","datePublished":"2026-04-30T19:39:21+00:00","dateModified":"2026-04-30T19:39:28+00:00","mainEntityOfPage":{"@id":"https:\/\/www.strassenweb.de\/nachrichten\/was-tun-mit-lavendel-im-mai-fuer-mehr-blueten-staerkeres-wachstum-und-eine-laengere-bluetezeit\/"},"wordCount":1608,"publisher":{"@id":"https:\/\/www.strassenweb.de\/nachrichten\/#organization"},"image":{"@id":"https:\/\/www.strassenweb.de\/nachrichten\/was-tun-mit-lavendel-im-mai-fuer-mehr-blueten-staerkeres-wachstum-und-eine-laengere-bluetezeit\/#primaryimage"},"thumbnailUrl":"https:\/\/www.strassenweb.de\/nachrichten\/wp-content\/uploads\/2026\/04\/Was-tun-mit-Lavendel-im-Mai-fuer-mehr-Blueten-staerkeres.jpg","keywords":["Bl\u00fcten","Bl\u00fctezeit","eine","f\u00fcr","l\u00e4ngere","Lavendel","Mai","mehr","mit","st\u00e4rkeres","tun","und","Wachstum"],"articleSection":["Haus &amp; Garten"],"inLanguage":"de"},{"@type":"WebPage","@id":"https:\/\/www.strassenweb.de\/nachrichten\/was-tun-mit-lavendel-im-mai-fuer-mehr-blueten-staerkeres-wachstum-und-eine-laengere-bluetezeit\/","url":"https:\/\/www.strassenweb.de\/nachrichten\/was-tun-mit-lavendel-im-mai-fuer-mehr-blueten-staerkeres-wachstum-und-eine-laengere-bluetezeit\/","name":"Was tun mit Lavendel im Mai f\u00fcr mehr Bl\u00fcten, st\u00e4rkeres Wachstum und eine l\u00e4ngere Bl\u00fctezeit? - Nachrichten - Stra\u00dfenweb","isPartOf":{"@id":"https:\/\/www.strassenweb.de\/nachrichten\/#website"},"primaryImageOfPage":{"@id":"https:\/\/www.strassenweb.de\/nachrichten\/was-tun-mit-lavendel-im-mai-fuer-mehr-blueten-staerkeres-wachstum-und-eine-laengere-bluetezeit\/#primaryimage"},"image":{"@id":"https:\/\/www.strassenweb.de\/nachrichten\/was-tun-mit-lavendel-im-mai-fuer-mehr-blueten-staerkeres-wachstum-und-eine-laengere-bluetezeit\/#primaryimage"},"thumbnailUrl":"https:\/\/www.strassenweb.de\/nachrichten\/wp-content\/uploads\/2026\/04\/Was-tun-mit-Lavendel-im-Mai-fuer-mehr-Blueten-staerkeres.jpg","datePublished":"2026-04-30T19:39:21+00:00","dateModified":"2026-04-30T19:39:28+00:00","breadcrumb":{"@id":"https:\/\/www.strassenweb.de\/nachrichten\/was-tun-mit-lavendel-im-mai-fuer-mehr-blueten-staerkeres-wachstum-und-eine-laengere-bluetezeit\/#breadcrumb"},"inLanguage":"de","potentialAction":[{"@type":"ReadAction","target":["https:\/\/www.strassenweb.de\/nachrichten\/was-tun-mit-lavendel-im-mai-fuer-mehr-blueten-staerkeres-wachstum-und-eine-laengere-bluetezeit\/"]}]},{"@type":"ImageObject","inLanguage":"de","@id":"https:\/\/www.strassenweb.de\/nachrichten\/was-tun-mit-lavendel-im-mai-fuer-mehr-blueten-staerkeres-wachstum-und-eine-laengere-bluetezeit\/#primaryimage","url":"https:\/\/www.strassenweb.de\/nachrichten\/wp-content\/uploads\/2026\/04\/Was-tun-mit-Lavendel-im-Mai-fuer-mehr-Blueten-staerkeres.jpg","contentUrl":"https:\/\/www.strassenweb.de\/nachrichten\/wp-content\/uploads\/2026\/04\/Was-tun-mit-Lavendel-im-Mai-fuer-mehr-Blueten-staerkeres.jpg","width":1600,"height":900,"caption":"White picket fence with pink roses and lavender planting"},{"@type":"BreadcrumbList","@id":"https:\/\/www.strassenweb.de\/nachrichten\/was-tun-mit-lavendel-im-mai-fuer-mehr-blueten-staerkeres-wachstum-und-eine-laengere-bluetezeit\/#breadcrumb","itemListElement":[{"@type":"ListItem","position":1,"name":"Home","item":"https:\/\/www.strassenweb.de\/nachrichten\/"},{"@type":"ListItem","position":2,"name":"Was tun mit Lavendel im Mai f\u00fcr mehr Bl\u00fcten, st\u00e4rkeres Wachstum und eine l\u00e4ngere Bl\u00fctezeit?"}]},{"@type":"WebSite","@id":"https:\/\/www.strassenweb.de\/nachrichten\/#website","url":"https:\/\/www.strassenweb.de\/nachrichten\/","name":"Stra\u00dfenweb","description":"Stra\u00dfenverzeichnis f\u00fcr Deutschland","publisher":{"@id":"https:\/\/www.strassenweb.de\/nachrichten\/#organization"},"potentialAction":[{"@type":"SearchAction","target":{"@type":"EntryPoint","urlTemplate":"https:\/\/www.strassenweb.de\/nachrichten\/?s={search_term_string}"},"query-input":{"@type":"PropertyValueSpecification","valueRequired":true,"valueName":"search_term_string"}}],"inLanguage":"de"},{"@type":"Organization","@id":"https:\/\/www.strassenweb.de\/nachrichten\/#organization","name":"Stra\u00dfenweb","url":"https:\/\/www.strassenweb.de\/nachrichten\/","logo":{"@type":"ImageObject","inLanguage":"de","@id":"https:\/\/www.strassenweb.de\/nachrichten\/#\/schema\/logo\/image\/","url":"https:\/\/www.strassenweb.de\/nachrichten\/wp-content\/uploads\/2024\/09\/cropped-favicon.png","contentUrl":"https:\/\/www.strassenweb.de\/nachrichten\/wp-content\/uploads\/2024\/09\/cropped-favicon.png","width":512,"height":512,"caption":"Stra\u00dfenweb"},"image":{"@id":"https:\/\/www.strassenweb.de\/nachrichten\/#\/schema\/logo\/image\/"},"sameAs":["https:\/\/www.facebook.com\/strassenweb\/"]},{"@type":"Person","@id":"https:\/\/www.strassenweb.de\/nachrichten\/#\/schema\/person\/87c9c9067f1211da429a744dc5a5aa41","name":"Robert Hoffmann","image":{"@type":"ImageObject","inLanguage":"de","@id":"https:\/\/www.strassenweb.de\/nachrichten\/wp-content\/uploads\/2024\/09\/strassenweb-150x150.jpg","url":"https:\/\/www.strassenweb.de\/nachrichten\/wp-content\/uploads\/2024\/09\/strassenweb-150x150.jpg","contentUrl":"https:\/\/www.strassenweb.de\/nachrichten\/wp-content\/uploads\/2024\/09\/strassenweb-150x150.jpg","caption":"Robert Hoffmann"},"description":"Ich hei\u00dfe Robert Hoffmann und ich bin ein leidenschaftlicher Verfechter von \u00d6kologie und Biodiversit\u00e4t. Seit meiner Kindheit in den W\u00e4ldern Bayerns f\u00fchle ich mich mit der Natur verbunden und bin entschlossen, sie zu sch\u00fctzen. Heute widme ich mein Leben der Sensibilisierung anderer f\u00fcr die Bedeutung des Umweltschutzes f\u00fcr zuk\u00fcnftige Generationen.","sameAs":["https:\/\/www.strassenweb.de\/"]}]}},"_links":{"self":[{"href":"https:\/\/www.strassenweb.de\/nachrichten\/wp-json\/wp\/v2\/posts\/13372","targetHints":{"allow":["GET"]}}],"collection":[{"href":"https:\/\/www.strassenweb.de\/nachrichten\/wp-json\/wp\/v2\/posts"}],"about":[{"href":"https:\/\/www.strassenweb.de\/nachrichten\/wp-json\/wp\/v2\/types\/post"}],"author":[{"embeddable":true,"href":"https:\/\/www.strassenweb.de\/nachrichten\/wp-json\/wp\/v2\/users\/1"}],"replies":[{"embeddable":true,"href":"https:\/\/www.strassenweb.de\/nachrichten\/wp-json\/wp\/v2\/comments?post=13372"}],"version-history":[{"count":1,"href":"https:\/\/www.strassenweb.de\/nachrichten\/wp-json\/wp\/v2\/posts\/13372\/revisions"}],"predecessor-version":[{"id":13374,"href":"https:\/\/www.strassenweb.de\/nachrichten\/wp-json\/wp\/v2\/posts\/13372\/revisions\/13374"}],"wp:featuredmedia":[{"embeddable":true,"href":"https:\/\/www.strassenweb.de\/nachrichten\/wp-json\/wp\/v2\/media\/13373"}],"wp:attachment":[{"href":"https:\/\/www.strassenweb.de\/nachrichten\/wp-json\/wp\/v2\/media?parent=13372"}],"wp:term":[{"taxonomy":"category","embeddable":true,"href":"https:\/\/www.strassenweb.de\/nachrichten\/wp-json\/wp\/v2\/categories?post=13372"},{"taxonomy":"post_tag","embeddable":true,"href":"https:\/\/www.strassenweb.de\/nachrichten\/wp-json\/wp\/v2\/tags?post=13372"}],"curies":[{"name":"wp","href":"https:\/\/api.w.org\/{rel}","templated":true}]}}