{"id":13361,"date":"2026-04-30T13:39:20","date_gmt":"2026-04-30T11:39:20","guid":{"rendered":"https:\/\/www.strassenweb.de\/nachrichten\/vertrauen-pflegt-die-natur-und-verlangt-von-der-neuen-regierung-mutig-vorzugehen\/"},"modified":"2026-04-30T13:39:26","modified_gmt":"2026-04-30T11:39:26","slug":"vertrauen-pflegt-die-natur-und-verlangt-von-der-neuen-regierung-mutig-vorzugehen","status":"publish","type":"post","link":"https:\/\/www.strassenweb.de\/nachrichten\/vertrauen-pflegt-die-natur-und-verlangt-von-der-neuen-regierung-mutig-vorzugehen\/","title":{"rendered":"Vertrauen pflegt die Natur und verlangt von der neuen Regierung, mutig vorzugehen &#8230;"},"content":{"rendered":"<p>Schottlands gr\u00f6\u00dfte Naturschutzorganisation, der National Trust for Scotland, feiert die Regeneration von mehr als 2.000 Hektar einheimischem Kiefernwald, der das kontinuierliche Wachstum wichtiger Waldlebensr\u00e4ume sicherstellt, die Einf\u00fchrung einer naturfreundlichen Landwirtschaft im ganzen Land und den Schutz eines der seltensten V\u00f6gel Gro\u00dfbritanniens unter den zahlreichen Naturschutzleistungen des vergangenen Jahres.<\/p>\n<p>Die Wohlt\u00e4tigkeitsorganisation hat ihre erste j\u00e4hrliche \u00dcberpr\u00fcfung ihres Plans f\u00fcr die Natur ver\u00f6ffentlicht und nutzt die Gelegenheit, um von der neuen schottischen Regierung mehr Investitionen in die Natur zu fordern.<\/p>\n<p>Im vergangenen Jahr hat der National Trust for Scotland 2,65 Millionen Pfund in Naturschutzprojekte investiert, die durch die Beitr\u00e4ge der Unterst\u00fctzer und Geldgeber der Wohlt\u00e4tigkeitsorganisation erm\u00f6glicht wurden.<\/p>\n<p>\u201eDiese Erfolge sind ein greifbarer Beweis daf\u00fcr, dass Investitionen in gro\u00dfem Ma\u00dfstab positive Ertr\u00e4ge f\u00fcr Natur, Klima und Gesellschaft bringen\u201c, sagt CEO Philip Long OBE.<\/p>\n<p>Jeff Waddell, Leiter Naturschutz beim National Trust for Scotland, sagte: \u201eUnsere Wohlt\u00e4tigkeitsorganisation hat nun das erste volle Jahr unseres Plans f\u00fcr die Natur abgeschlossen und wir sind mit den Ergebnissen hocherfreut.<\/p>\n<p>\u201eZum Beispiel wurden auf dem Mar Lodge Estate, dem gr\u00f6\u00dften Naturschutzgebiet der britischen Inseln, \u00fcber 2.000 Hektar einheimischer Kiefernwald regeneriert. Dies spiegelt sich in den wichtigen Restaurierungsarbeiten im Old Wood of Drum in Aberdeenshire wider, um alte B\u00e4ume zu erhalten und die Waldweidefl\u00e4che zu verdoppeln.\u201c<\/p>\n<p>Weitere im Jahresr\u00fcckblick hervorgehobene Erfolge sind:<\/p>\n<ul class=\"wp-block-list\">\n<li>Investitionen in naturfreundliche Landwirtschafts- und Weidepraktiken auf Iona sowie in Canna, Torridon und Balmacara;<\/li>\n<li>Erh\u00f6hte Populationen von Wachtelk\u00f6nigen auf den Inseln Canna und Sanday;<\/li>\n<li>Zunehmende Wildblumen und Orchideen auf dem Schlachtfeld von Bannockburn und dem Golfplatz Kingarrock Hickory;<\/li>\n<li>Den Niedergang der seltensten Pflanzen des Landes wie Alpen-Enzian in Ben Lawers, Kleiner Kuhweizen in Glencoe und Oblong Woodsia in Grey Mare&#8217;s Tail umkehren;<\/li>\n<li>\u00dcberwachung von Seev\u00f6geln in St. Kilda und Canna, einschlie\u00dflich der Verwendung von GPS-Trackern, die dabei halfen, die Ern\u00e4hrungsgewohnheiten von Manx-Sturmtauchern zu verstehen;<\/li>\n<li>Die Kleine Mar\u00e4ne ist der seltenste S\u00fc\u00dfwasserfisch Schottlands und gedeiht am Grey Mare&#8217;s Tail in der N\u00e4he von Moffat.<\/li>\n<li>Laufende \u00f6ffentliche Engagement- und Schulbildungsprogramme in ganz Schottland durch Ranger-Teams.<\/li>\n<\/ul>\n<p>Jeff Waddell f\u00fcgte hinzu: \u201eDies ist erst der Anfang: Der Plan f\u00fcr die Natur des Trusts basiert auf nachhaltigen Investitionen, die auf Schottlands am st\u00e4rksten gef\u00e4hrdete Lebensr\u00e4ume und Arten abzielen. <\/p>\n<p>\u201eIm kommenden Jahr planen wir, die landschaftsgro\u00dfe Wiederherstellung einheimischer W\u00e4lder auf dem Mar Lodge Estate und Glen Rosa auf Arran fortzusetzen sowie \u00d6ffentlichkeits- und Partnerschaftsarbeit mit benachbarten Anwesen und \u00f6rtlichen Gemeinden zu betreiben.<\/p>\n<p>\u201eAu\u00dferdem wird bei Ben Lawers in Perthshire intensiv daran gearbeitet, Z\u00e4une zum Schutz seltener Gebirgsweidenb\u00fcsche wiederherzustellen.<\/p>\n<p>\u201eIn nur einem Jahr haben wir gezeigt, dass echte Verbesserungen des Zustands der Natur m\u00f6glich sind, wenn Investitionen get\u00e4tigt werden, und wir sind unseren engagierten Unterst\u00fctzern und Partnern, darunter den Spielern der Postcode Lottery sowie Tim und Kim Allen, die unsere Seevogelschutzarbeit finanziert haben, sehr dankbar, dass sie all diese Erfolge m\u00f6glich gemacht haben.\u201c<\/p>\n<p>Phil Long OBE, Gesch\u00e4ftsf\u00fchrer des National Trust for Scotland, sagte: \u201eEin gesundes \u00d6kosystem ist die Grundlage sowohl der Natur als auch der Gesellschaft, und wir vom National Trust for Scotland sind entschlossen, mit der gro\u00dfz\u00fcgigen Unterst\u00fctzung der schottischen Regierung und vieler anderer Organisationen und Menschen unseren Teil dazu beizutragen.\u201c<\/p>\n<p>\u201eDie von uns bereitgestellten Beispiele zeigen, was in relativ kurzer Zeit m\u00f6glich ist, und wir hoffen, dass sie eine Inspiration f\u00fcr die Politiker und politischen Entscheidungstr\u00e4ger sind, die nach den schottischen Wahlen am 7. Mai eine neue Regierung bilden wollen.\u201c <\/p>\n<p>\u201eZus\u00e4tzlich zu den praktischen Beispielen aus unserem Jahresr\u00fcckblick haben wir vor den Wahlen unser sogenanntes \u201aManifest\u2018 ver\u00f6ffentlicht. Darin legen wir eine Reihe von Ma\u00dfnahmen dar, die unserer Erfahrung nach den Zustand der schottischen Natur erheblich verbessern und erhebliche Vorteile f\u00fcr die schottische Wirtschaft und das soziale Wohlergehen mit sich bringen w\u00fcrden.\u201c<\/p>\n<p>Das Manifest des Trusts enth\u00e4lt Vorschl\u00e4ge, dass die neue schottische Regierung:<\/p>\n<ul class=\"wp-block-list\">\n<li>Erh\u00f6hung der Ausgaben f\u00fcr Natur auf 2 % des BIP;<\/li>\n<li>Sich zu Anreizen und gesetzlichen Zielen durch Nature Networks als Teil des Natural Environment Bill verpflichten;<\/li>\n<li>Einf\u00fchrung eines gesetzlichen Nettogewinns f\u00fcr die biologische Vielfalt von 10 % als Gegenleistung f\u00fcr die Genehmigung neuer Entwicklungen;<\/li>\n<li>Neuausrichtung der Forstsubventionen, um einheimische Baumarten zu priorisieren, die die Natur unterst\u00fctzen und nicht sch\u00e4digen;<\/li>\n<li>Investieren Sie in Biosicherheit, um Seev\u00f6gel zu sch\u00fctzen;<\/li>\n<li>Offshore-Windparkprojekte nur an Standorten zuzulassen, an denen die Natur am wenigsten gesch\u00e4digt wird;<\/li>\n<li>Sicherstellen, dass die Finanzierung von Landwirtschaft und Kleinbauernh\u00f6fen gr\u00f6\u00dfere \u00f6ffentliche Vorteile bringt, einschlie\u00dflich einer st\u00e4rkeren Anwendung klima- und naturfreundlicher Techniken;<\/li>\n<li>Entwicklung und Durchsetzung von Meeresschutzgebieten (MPAs) und Beratung zum Fischereimanagement sowie zu Fangbeschr\u00e4nkungen in K\u00fcstengew\u00e4ssern.<\/li>\n<\/ul>\n<p>Phil Long f\u00fcgte hinzu: \u201eWir haben gezeigt, dass es m\u00f6glich ist, die Verschlechterung von Lebensr\u00e4umen umzukehren und bedrohte Arten durch gezielte Investitionen zu sch\u00fctzen. Wir fordern die neue schottische Regierung dringend auf, auf den bisherigen Fortschritten aufzubauen und ein \u00e4hnliches Ma\u00df an Engagement und Widerstandsf\u00e4higkeit zu zeigen und das Notwendige zu tun, zum Wohle der Natur und auch f\u00fcr uns alle, die wir in Schottland leben und arbeiten.\u201c<\/p>\n<p>Der j\u00e4hrliche Bericht des Trust \u00fcber seinen Plan f\u00fcr die Natur kann vollst\u00e4ndig auf seiner Website gelesen werden.<\/p>\n<p><em>Foto: Alan Crawford und Bronwen Thomas untersuchen alte B\u00e4ume im Drum-Wald<\/em><\/p>\n<p><em>Weitere Informationen zum National Trust for Scotland finden Sie unter www.nts.org.uk.<\/em><\/p><\/p>\n","protected":false},"excerpt":{"rendered":"<p>Schottlands gr\u00f6\u00dfte Naturschutzorganisation, der National Trust for Scotland, feiert die Regeneration von mehr als 2.000 Hektar einheimischem Kiefernwald, der das kontinuierliche Wachstum wichtiger Waldlebensr\u00e4ume sicherstellt,<\/p>\n","protected":false},"author":1,"featured_media":13362,"comment_status":"closed","ping_status":"","sticky":false,"template":"","format":"standard","meta":{"footnotes":""},"categories":[101],"tags":[81,9,1751,805,494,2859,140,37,2642,602,21,14989],"class_list":["post-13361","post","type-post","status-publish","format-standard","has-post-thumbnail","hentry","category-oekologie","tag-der","tag-die","tag-mutig","tag-natur","tag-neuen","tag-pflegt","tag-regierung","tag-und","tag-verlangt","tag-vertrauen","tag-von","tag-vorzugehen","generate-columns","tablet-grid-50","mobile-grid-100","grid-parent","grid-50"],"yoast_head":"<!-- This site is optimized with the Yoast SEO plugin v27.3 - https:\/\/yoast.com\/product\/yoast-seo-wordpress\/ -->\n<title>Vertrauen pflegt die Natur und verlangt von der neuen Regierung, mutig vorzugehen ... - Nachrichten - Stra\u00dfenweb<\/title>\n<meta name=\"robots\" content=\"index, follow, max-snippet:-1, max-image-preview:large, max-video-preview:-1\" \/>\n<link rel=\"canonical\" href=\"https:\/\/www.strassenweb.de\/nachrichten\/vertrauen-pflegt-die-natur-und-verlangt-von-der-neuen-regierung-mutig-vorzugehen\/\" \/>\n<meta property=\"og:locale\" content=\"de_DE\" \/>\n<meta property=\"og:type\" content=\"article\" \/>\n<meta property=\"og:title\" content=\"Vertrauen pflegt die Natur und verlangt von der neuen Regierung, mutig vorzugehen ... - Nachrichten - Stra\u00dfenweb\" \/>\n<meta property=\"og:description\" content=\"Schottlands gr\u00f6\u00dfte Naturschutzorganisation, der National Trust for Scotland, feiert die Regeneration von mehr als 2.000 Hektar einheimischem Kiefernwald, der das kontinuierliche Wachstum wichtiger Waldlebensr\u00e4ume sicherstellt,\" \/>\n<meta property=\"og:url\" content=\"https:\/\/www.strassenweb.de\/nachrichten\/vertrauen-pflegt-die-natur-und-verlangt-von-der-neuen-regierung-mutig-vorzugehen\/\" \/>\n<meta property=\"og:site_name\" content=\"Stra\u00dfenweb\" \/>\n<meta property=\"article:publisher\" content=\"https:\/\/www.facebook.com\/strassenweb\/\" \/>\n<meta property=\"article:published_time\" content=\"2026-04-30T11:39:20+00:00\" \/>\n<meta property=\"article:modified_time\" content=\"2026-04-30T11:39:26+00:00\" \/>\n<meta property=\"og:image\" content=\"https:\/\/www.strassenweb.de\/nachrichten\/wp-content\/uploads\/2026\/04\/Vertrauen-pflegt-die-Natur-und-verlangt-von-der-neuen-Regierung.jpg\" \/>\n\t<meta property=\"og:image:width\" content=\"900\" \/>\n\t<meta property=\"og:image:height\" content=\"600\" \/>\n\t<meta property=\"og:image:type\" content=\"image\/jpeg\" \/>\n<meta name=\"author\" content=\"Robert Hoffmann\" \/>\n<meta name=\"twitter:card\" content=\"summary_large_image\" \/>\n<meta name=\"twitter:label1\" content=\"Verfasst von\" \/>\n\t<meta name=\"twitter:data1\" content=\"Robert Hoffmann\" \/>\n\t<meta name=\"twitter:label2\" content=\"Gesch\u00e4tzte Lesezeit\" \/>\n\t<meta name=\"twitter:data2\" content=\"5\u00a0Minuten\" \/>\n<script type=\"application\/ld+json\" class=\"yoast-schema-graph\">{\"@context\":\"https:\\\/\\\/schema.org\",\"@graph\":[{\"@type\":\"Article\",\"@id\":\"https:\\\/\\\/www.strassenweb.de\\\/nachrichten\\\/vertrauen-pflegt-die-natur-und-verlangt-von-der-neuen-regierung-mutig-vorzugehen\\\/#article\",\"isPartOf\":{\"@id\":\"https:\\\/\\\/www.strassenweb.de\\\/nachrichten\\\/vertrauen-pflegt-die-natur-und-verlangt-von-der-neuen-regierung-mutig-vorzugehen\\\/\"},\"author\":{\"name\":\"Robert Hoffmann\",\"@id\":\"https:\\\/\\\/www.strassenweb.de\\\/nachrichten\\\/#\\\/schema\\\/person\\\/87c9c9067f1211da429a744dc5a5aa41\"},\"headline\":\"Vertrauen pflegt die Natur und verlangt von der neuen Regierung, mutig vorzugehen &#8230;\",\"datePublished\":\"2026-04-30T11:39:20+00:00\",\"dateModified\":\"2026-04-30T11:39:26+00:00\",\"mainEntityOfPage\":{\"@id\":\"https:\\\/\\\/www.strassenweb.de\\\/nachrichten\\\/vertrauen-pflegt-die-natur-und-verlangt-von-der-neuen-regierung-mutig-vorzugehen\\\/\"},\"wordCount\":931,\"publisher\":{\"@id\":\"https:\\\/\\\/www.strassenweb.de\\\/nachrichten\\\/#organization\"},\"image\":{\"@id\":\"https:\\\/\\\/www.strassenweb.de\\\/nachrichten\\\/vertrauen-pflegt-die-natur-und-verlangt-von-der-neuen-regierung-mutig-vorzugehen\\\/#primaryimage\"},\"thumbnailUrl\":\"https:\\\/\\\/www.strassenweb.de\\\/nachrichten\\\/wp-content\\\/uploads\\\/2026\\\/04\\\/Vertrauen-pflegt-die-Natur-und-verlangt-von-der-neuen-Regierung.jpg\",\"keywords\":[\"der\",\"die\",\"mutig\",\"Natur\",\"neuen\",\"pflegt\",\"Regierung\",\"und\",\"verlangt\",\"Vertrauen\",\"von\",\"vorzugehen\"],\"articleSection\":[\"\u00d6kologie\"],\"inLanguage\":\"de\"},{\"@type\":\"WebPage\",\"@id\":\"https:\\\/\\\/www.strassenweb.de\\\/nachrichten\\\/vertrauen-pflegt-die-natur-und-verlangt-von-der-neuen-regierung-mutig-vorzugehen\\\/\",\"url\":\"https:\\\/\\\/www.strassenweb.de\\\/nachrichten\\\/vertrauen-pflegt-die-natur-und-verlangt-von-der-neuen-regierung-mutig-vorzugehen\\\/\",\"name\":\"Vertrauen pflegt die Natur und verlangt von der neuen Regierung, mutig vorzugehen ... - Nachrichten - Stra\u00dfenweb\",\"isPartOf\":{\"@id\":\"https:\\\/\\\/www.strassenweb.de\\\/nachrichten\\\/#website\"},\"primaryImageOfPage\":{\"@id\":\"https:\\\/\\\/www.strassenweb.de\\\/nachrichten\\\/vertrauen-pflegt-die-natur-und-verlangt-von-der-neuen-regierung-mutig-vorzugehen\\\/#primaryimage\"},\"image\":{\"@id\":\"https:\\\/\\\/www.strassenweb.de\\\/nachrichten\\\/vertrauen-pflegt-die-natur-und-verlangt-von-der-neuen-regierung-mutig-vorzugehen\\\/#primaryimage\"},\"thumbnailUrl\":\"https:\\\/\\\/www.strassenweb.de\\\/nachrichten\\\/wp-content\\\/uploads\\\/2026\\\/04\\\/Vertrauen-pflegt-die-Natur-und-verlangt-von-der-neuen-Regierung.jpg\",\"datePublished\":\"2026-04-30T11:39:20+00:00\",\"dateModified\":\"2026-04-30T11:39:26+00:00\",\"breadcrumb\":{\"@id\":\"https:\\\/\\\/www.strassenweb.de\\\/nachrichten\\\/vertrauen-pflegt-die-natur-und-verlangt-von-der-neuen-regierung-mutig-vorzugehen\\\/#breadcrumb\"},\"inLanguage\":\"de\",\"potentialAction\":[{\"@type\":\"ReadAction\",\"target\":[\"https:\\\/\\\/www.strassenweb.de\\\/nachrichten\\\/vertrauen-pflegt-die-natur-und-verlangt-von-der-neuen-regierung-mutig-vorzugehen\\\/\"]}]},{\"@type\":\"ImageObject\",\"inLanguage\":\"de\",\"@id\":\"https:\\\/\\\/www.strassenweb.de\\\/nachrichten\\\/vertrauen-pflegt-die-natur-und-verlangt-von-der-neuen-regierung-mutig-vorzugehen\\\/#primaryimage\",\"url\":\"https:\\\/\\\/www.strassenweb.de\\\/nachrichten\\\/wp-content\\\/uploads\\\/2026\\\/04\\\/Vertrauen-pflegt-die-Natur-und-verlangt-von-der-neuen-Regierung.jpg\",\"contentUrl\":\"https:\\\/\\\/www.strassenweb.de\\\/nachrichten\\\/wp-content\\\/uploads\\\/2026\\\/04\\\/Vertrauen-pflegt-die-Natur-und-verlangt-von-der-neuen-Regierung.jpg\",\"width\":900,\"height\":600,\"caption\":\"Trust nurtures nature and asks incoming government to take bold action\"},{\"@type\":\"BreadcrumbList\",\"@id\":\"https:\\\/\\\/www.strassenweb.de\\\/nachrichten\\\/vertrauen-pflegt-die-natur-und-verlangt-von-der-neuen-regierung-mutig-vorzugehen\\\/#breadcrumb\",\"itemListElement\":[{\"@type\":\"ListItem\",\"position\":1,\"name\":\"Home\",\"item\":\"https:\\\/\\\/www.strassenweb.de\\\/nachrichten\\\/\"},{\"@type\":\"ListItem\",\"position\":2,\"name\":\"Vertrauen pflegt die Natur und verlangt von der neuen Regierung, mutig vorzugehen &#8230;\"}]},{\"@type\":\"WebSite\",\"@id\":\"https:\\\/\\\/www.strassenweb.de\\\/nachrichten\\\/#website\",\"url\":\"https:\\\/\\\/www.strassenweb.de\\\/nachrichten\\\/\",\"name\":\"Stra\u00dfenweb\",\"description\":\"Stra\u00dfenverzeichnis f\u00fcr Deutschland\",\"publisher\":{\"@id\":\"https:\\\/\\\/www.strassenweb.de\\\/nachrichten\\\/#organization\"},\"potentialAction\":[{\"@type\":\"SearchAction\",\"target\":{\"@type\":\"EntryPoint\",\"urlTemplate\":\"https:\\\/\\\/www.strassenweb.de\\\/nachrichten\\\/?s={search_term_string}\"},\"query-input\":{\"@type\":\"PropertyValueSpecification\",\"valueRequired\":true,\"valueName\":\"search_term_string\"}}],\"inLanguage\":\"de\"},{\"@type\":\"Organization\",\"@id\":\"https:\\\/\\\/www.strassenweb.de\\\/nachrichten\\\/#organization\",\"name\":\"Stra\u00dfenweb\",\"url\":\"https:\\\/\\\/www.strassenweb.de\\\/nachrichten\\\/\",\"logo\":{\"@type\":\"ImageObject\",\"inLanguage\":\"de\",\"@id\":\"https:\\\/\\\/www.strassenweb.de\\\/nachrichten\\\/#\\\/schema\\\/logo\\\/image\\\/\",\"url\":\"https:\\\/\\\/www.strassenweb.de\\\/nachrichten\\\/wp-content\\\/uploads\\\/2024\\\/09\\\/cropped-favicon.png\",\"contentUrl\":\"https:\\\/\\\/www.strassenweb.de\\\/nachrichten\\\/wp-content\\\/uploads\\\/2024\\\/09\\\/cropped-favicon.png\",\"width\":512,\"height\":512,\"caption\":\"Stra\u00dfenweb\"},\"image\":{\"@id\":\"https:\\\/\\\/www.strassenweb.de\\\/nachrichten\\\/#\\\/schema\\\/logo\\\/image\\\/\"},\"sameAs\":[\"https:\\\/\\\/www.facebook.com\\\/strassenweb\\\/\"]},{\"@type\":\"Person\",\"@id\":\"https:\\\/\\\/www.strassenweb.de\\\/nachrichten\\\/#\\\/schema\\\/person\\\/87c9c9067f1211da429a744dc5a5aa41\",\"name\":\"Robert Hoffmann\",\"image\":{\"@type\":\"ImageObject\",\"inLanguage\":\"de\",\"@id\":\"https:\\\/\\\/www.strassenweb.de\\\/nachrichten\\\/wp-content\\\/uploads\\\/2024\\\/09\\\/strassenweb-150x150.jpg\",\"url\":\"https:\\\/\\\/www.strassenweb.de\\\/nachrichten\\\/wp-content\\\/uploads\\\/2024\\\/09\\\/strassenweb-150x150.jpg\",\"contentUrl\":\"https:\\\/\\\/www.strassenweb.de\\\/nachrichten\\\/wp-content\\\/uploads\\\/2024\\\/09\\\/strassenweb-150x150.jpg\",\"caption\":\"Robert Hoffmann\"},\"description\":\"Ich hei\u00dfe Robert Hoffmann und ich bin ein leidenschaftlicher Verfechter von \u00d6kologie und Biodiversit\u00e4t. Seit meiner Kindheit in den W\u00e4ldern Bayerns f\u00fchle ich mich mit der Natur verbunden und bin entschlossen, sie zu sch\u00fctzen. Heute widme ich mein Leben der Sensibilisierung anderer f\u00fcr die Bedeutung des Umweltschutzes f\u00fcr zuk\u00fcnftige Generationen.\",\"sameAs\":[\"https:\\\/\\\/www.strassenweb.de\\\/\"]}]}<\/script>\n<!-- \/ Yoast SEO plugin. -->","yoast_head_json":{"title":"Vertrauen pflegt die Natur und verlangt von der neuen Regierung, mutig vorzugehen ... - Nachrichten - Stra\u00dfenweb","robots":{"index":"index","follow":"follow","max-snippet":"max-snippet:-1","max-image-preview":"max-image-preview:large","max-video-preview":"max-video-preview:-1"},"canonical":"https:\/\/www.strassenweb.de\/nachrichten\/vertrauen-pflegt-die-natur-und-verlangt-von-der-neuen-regierung-mutig-vorzugehen\/","og_locale":"de_DE","og_type":"article","og_title":"Vertrauen pflegt die Natur und verlangt von der neuen Regierung, mutig vorzugehen ... - Nachrichten - Stra\u00dfenweb","og_description":"Schottlands gr\u00f6\u00dfte Naturschutzorganisation, der National Trust for Scotland, feiert die Regeneration von mehr als 2.000 Hektar einheimischem Kiefernwald, der das kontinuierliche Wachstum wichtiger Waldlebensr\u00e4ume sicherstellt,","og_url":"https:\/\/www.strassenweb.de\/nachrichten\/vertrauen-pflegt-die-natur-und-verlangt-von-der-neuen-regierung-mutig-vorzugehen\/","og_site_name":"Stra\u00dfenweb","article_publisher":"https:\/\/www.facebook.com\/strassenweb\/","article_published_time":"2026-04-30T11:39:20+00:00","article_modified_time":"2026-04-30T11:39:26+00:00","og_image":[{"width":900,"height":600,"url":"https:\/\/www.strassenweb.de\/nachrichten\/wp-content\/uploads\/2026\/04\/Vertrauen-pflegt-die-Natur-und-verlangt-von-der-neuen-Regierung.jpg","type":"image\/jpeg"}],"author":"Robert Hoffmann","twitter_card":"summary_large_image","twitter_misc":{"Verfasst von":"Robert Hoffmann","Gesch\u00e4tzte Lesezeit":"5\u00a0Minuten"},"schema":{"@context":"https:\/\/schema.org","@graph":[{"@type":"Article","@id":"https:\/\/www.strassenweb.de\/nachrichten\/vertrauen-pflegt-die-natur-und-verlangt-von-der-neuen-regierung-mutig-vorzugehen\/#article","isPartOf":{"@id":"https:\/\/www.strassenweb.de\/nachrichten\/vertrauen-pflegt-die-natur-und-verlangt-von-der-neuen-regierung-mutig-vorzugehen\/"},"author":{"name":"Robert Hoffmann","@id":"https:\/\/www.strassenweb.de\/nachrichten\/#\/schema\/person\/87c9c9067f1211da429a744dc5a5aa41"},"headline":"Vertrauen pflegt die Natur und verlangt von der neuen Regierung, mutig vorzugehen &#8230;","datePublished":"2026-04-30T11:39:20+00:00","dateModified":"2026-04-30T11:39:26+00:00","mainEntityOfPage":{"@id":"https:\/\/www.strassenweb.de\/nachrichten\/vertrauen-pflegt-die-natur-und-verlangt-von-der-neuen-regierung-mutig-vorzugehen\/"},"wordCount":931,"publisher":{"@id":"https:\/\/www.strassenweb.de\/nachrichten\/#organization"},"image":{"@id":"https:\/\/www.strassenweb.de\/nachrichten\/vertrauen-pflegt-die-natur-und-verlangt-von-der-neuen-regierung-mutig-vorzugehen\/#primaryimage"},"thumbnailUrl":"https:\/\/www.strassenweb.de\/nachrichten\/wp-content\/uploads\/2026\/04\/Vertrauen-pflegt-die-Natur-und-verlangt-von-der-neuen-Regierung.jpg","keywords":["der","die","mutig","Natur","neuen","pflegt","Regierung","und","verlangt","Vertrauen","von","vorzugehen"],"articleSection":["\u00d6kologie"],"inLanguage":"de"},{"@type":"WebPage","@id":"https:\/\/www.strassenweb.de\/nachrichten\/vertrauen-pflegt-die-natur-und-verlangt-von-der-neuen-regierung-mutig-vorzugehen\/","url":"https:\/\/www.strassenweb.de\/nachrichten\/vertrauen-pflegt-die-natur-und-verlangt-von-der-neuen-regierung-mutig-vorzugehen\/","name":"Vertrauen pflegt die Natur und verlangt von der neuen Regierung, mutig vorzugehen ... - Nachrichten - Stra\u00dfenweb","isPartOf":{"@id":"https:\/\/www.strassenweb.de\/nachrichten\/#website"},"primaryImageOfPage":{"@id":"https:\/\/www.strassenweb.de\/nachrichten\/vertrauen-pflegt-die-natur-und-verlangt-von-der-neuen-regierung-mutig-vorzugehen\/#primaryimage"},"image":{"@id":"https:\/\/www.strassenweb.de\/nachrichten\/vertrauen-pflegt-die-natur-und-verlangt-von-der-neuen-regierung-mutig-vorzugehen\/#primaryimage"},"thumbnailUrl":"https:\/\/www.strassenweb.de\/nachrichten\/wp-content\/uploads\/2026\/04\/Vertrauen-pflegt-die-Natur-und-verlangt-von-der-neuen-Regierung.jpg","datePublished":"2026-04-30T11:39:20+00:00","dateModified":"2026-04-30T11:39:26+00:00","breadcrumb":{"@id":"https:\/\/www.strassenweb.de\/nachrichten\/vertrauen-pflegt-die-natur-und-verlangt-von-der-neuen-regierung-mutig-vorzugehen\/#breadcrumb"},"inLanguage":"de","potentialAction":[{"@type":"ReadAction","target":["https:\/\/www.strassenweb.de\/nachrichten\/vertrauen-pflegt-die-natur-und-verlangt-von-der-neuen-regierung-mutig-vorzugehen\/"]}]},{"@type":"ImageObject","inLanguage":"de","@id":"https:\/\/www.strassenweb.de\/nachrichten\/vertrauen-pflegt-die-natur-und-verlangt-von-der-neuen-regierung-mutig-vorzugehen\/#primaryimage","url":"https:\/\/www.strassenweb.de\/nachrichten\/wp-content\/uploads\/2026\/04\/Vertrauen-pflegt-die-Natur-und-verlangt-von-der-neuen-Regierung.jpg","contentUrl":"https:\/\/www.strassenweb.de\/nachrichten\/wp-content\/uploads\/2026\/04\/Vertrauen-pflegt-die-Natur-und-verlangt-von-der-neuen-Regierung.jpg","width":900,"height":600,"caption":"Trust nurtures nature and asks incoming government to take bold action"},{"@type":"BreadcrumbList","@id":"https:\/\/www.strassenweb.de\/nachrichten\/vertrauen-pflegt-die-natur-und-verlangt-von-der-neuen-regierung-mutig-vorzugehen\/#breadcrumb","itemListElement":[{"@type":"ListItem","position":1,"name":"Home","item":"https:\/\/www.strassenweb.de\/nachrichten\/"},{"@type":"ListItem","position":2,"name":"Vertrauen pflegt die Natur und verlangt von der neuen Regierung, mutig vorzugehen &#8230;"}]},{"@type":"WebSite","@id":"https:\/\/www.strassenweb.de\/nachrichten\/#website","url":"https:\/\/www.strassenweb.de\/nachrichten\/","name":"Stra\u00dfenweb","description":"Stra\u00dfenverzeichnis f\u00fcr Deutschland","publisher":{"@id":"https:\/\/www.strassenweb.de\/nachrichten\/#organization"},"potentialAction":[{"@type":"SearchAction","target":{"@type":"EntryPoint","urlTemplate":"https:\/\/www.strassenweb.de\/nachrichten\/?s={search_term_string}"},"query-input":{"@type":"PropertyValueSpecification","valueRequired":true,"valueName":"search_term_string"}}],"inLanguage":"de"},{"@type":"Organization","@id":"https:\/\/www.strassenweb.de\/nachrichten\/#organization","name":"Stra\u00dfenweb","url":"https:\/\/www.strassenweb.de\/nachrichten\/","logo":{"@type":"ImageObject","inLanguage":"de","@id":"https:\/\/www.strassenweb.de\/nachrichten\/#\/schema\/logo\/image\/","url":"https:\/\/www.strassenweb.de\/nachrichten\/wp-content\/uploads\/2024\/09\/cropped-favicon.png","contentUrl":"https:\/\/www.strassenweb.de\/nachrichten\/wp-content\/uploads\/2024\/09\/cropped-favicon.png","width":512,"height":512,"caption":"Stra\u00dfenweb"},"image":{"@id":"https:\/\/www.strassenweb.de\/nachrichten\/#\/schema\/logo\/image\/"},"sameAs":["https:\/\/www.facebook.com\/strassenweb\/"]},{"@type":"Person","@id":"https:\/\/www.strassenweb.de\/nachrichten\/#\/schema\/person\/87c9c9067f1211da429a744dc5a5aa41","name":"Robert Hoffmann","image":{"@type":"ImageObject","inLanguage":"de","@id":"https:\/\/www.strassenweb.de\/nachrichten\/wp-content\/uploads\/2024\/09\/strassenweb-150x150.jpg","url":"https:\/\/www.strassenweb.de\/nachrichten\/wp-content\/uploads\/2024\/09\/strassenweb-150x150.jpg","contentUrl":"https:\/\/www.strassenweb.de\/nachrichten\/wp-content\/uploads\/2024\/09\/strassenweb-150x150.jpg","caption":"Robert Hoffmann"},"description":"Ich hei\u00dfe Robert Hoffmann und ich bin ein leidenschaftlicher Verfechter von \u00d6kologie und Biodiversit\u00e4t. Seit meiner Kindheit in den W\u00e4ldern Bayerns f\u00fchle ich mich mit der Natur verbunden und bin entschlossen, sie zu sch\u00fctzen. Heute widme ich mein Leben der Sensibilisierung anderer f\u00fcr die Bedeutung des Umweltschutzes f\u00fcr zuk\u00fcnftige Generationen.","sameAs":["https:\/\/www.strassenweb.de\/"]}]}},"_links":{"self":[{"href":"https:\/\/www.strassenweb.de\/nachrichten\/wp-json\/wp\/v2\/posts\/13361","targetHints":{"allow":["GET"]}}],"collection":[{"href":"https:\/\/www.strassenweb.de\/nachrichten\/wp-json\/wp\/v2\/posts"}],"about":[{"href":"https:\/\/www.strassenweb.de\/nachrichten\/wp-json\/wp\/v2\/types\/post"}],"author":[{"embeddable":true,"href":"https:\/\/www.strassenweb.de\/nachrichten\/wp-json\/wp\/v2\/users\/1"}],"replies":[{"embeddable":true,"href":"https:\/\/www.strassenweb.de\/nachrichten\/wp-json\/wp\/v2\/comments?post=13361"}],"version-history":[{"count":1,"href":"https:\/\/www.strassenweb.de\/nachrichten\/wp-json\/wp\/v2\/posts\/13361\/revisions"}],"predecessor-version":[{"id":13363,"href":"https:\/\/www.strassenweb.de\/nachrichten\/wp-json\/wp\/v2\/posts\/13361\/revisions\/13363"}],"wp:featuredmedia":[{"embeddable":true,"href":"https:\/\/www.strassenweb.de\/nachrichten\/wp-json\/wp\/v2\/media\/13362"}],"wp:attachment":[{"href":"https:\/\/www.strassenweb.de\/nachrichten\/wp-json\/wp\/v2\/media?parent=13361"}],"wp:term":[{"taxonomy":"category","embeddable":true,"href":"https:\/\/www.strassenweb.de\/nachrichten\/wp-json\/wp\/v2\/categories?post=13361"},{"taxonomy":"post_tag","embeddable":true,"href":"https:\/\/www.strassenweb.de\/nachrichten\/wp-json\/wp\/v2\/tags?post=13361"}],"curies":[{"name":"wp","href":"https:\/\/api.w.org\/{rel}","templated":true}]}}