{"id":13340,"date":"2026-04-30T01:39:31","date_gmt":"2026-04-29T23:39:31","guid":{"rendered":"https:\/\/www.strassenweb.de\/nachrichten\/europaeischer-stand-des-klimas-2025\/"},"modified":"2026-04-30T01:39:36","modified_gmt":"2026-04-29T23:39:36","slug":"europaeischer-stand-des-klimas-2025","status":"publish","type":"post","link":"https:\/\/www.strassenweb.de\/nachrichten\/europaeischer-stand-des-klimas-2025\/","title":{"rendered":"Europ\u00e4ischer Stand des Klimas 2025"},"content":{"rendered":"<h4 class=\"wp-block-heading\">Der Bericht von ECMWF und WMO beleuchtet die Auswirkungen des Klimawandels auf Menschen und Artenvielfalt auf dem sich am schnellsten erw\u00e4rmenden Kontinent.<\/h4>\n<p>Kernbotschaften<\/p>\n<ul class=\"wp-block-list\">\n<li>Hitzewellen erstrecken sich von der Arktis bis zum Mittelmeer<\/li>\n<li>Die Meeresoberfl\u00e4chentemperatur ist die h\u00f6chste seit Beginn der Aufzeichnungen<\/li>\n<li>Waldbr\u00e4nde brannten das gr\u00f6\u00dfte Gebiet seit Beginn der Aufzeichnungen nieder.<\/li>\n<li>70 % der Fl\u00fcsse hatten unterdurchschnittliche Jahresabfl\u00fcsse<\/li>\n<li>Europa setzt sich f\u00fcr Klima und Biodiversit\u00e4t ein<\/li>\n<\/ul>\n<p>Die rasche Erw\u00e4rmung in Europa verringert die Schnee- und Eisdecke, w\u00e4hrend gef\u00e4hrlich hohe Lufttemperaturen, D\u00fcrre, Hitzewellen und Rekordtemperaturen der Ozeane Regionen von der Arktis bis zum Mittelmeer beeintr\u00e4chtigen. Europa ist wie viele andere Regionen der Welt zunehmenden Auswirkungen ausgesetzt \u2013 von Rekordhitzewellen an Land und auf See \u00fcber verheerende Waldbr\u00e4nde bis hin zum anhaltenden Verlust der biologischen Vielfalt \u2013 mit Folgen f\u00fcr Gesellschaften und \u00d6kosysteme in ganz Europa.<\/p>\n<p>Die Ergebnisse werden heute im Rahmen des Berichts European State of the Climate (ESOTC) 2025 ver\u00f6ffentlicht, der vom Europ\u00e4ischen Zentrum f\u00fcr mittelfristige Wettervorhersage (ECMWF), das den Copernicus Climate Change Service implementiert, und der Weltorganisation f\u00fcr Meteorologie (WMO) erstellt wurde. Der Bericht b\u00fcndelt die Arbeit von rund 100 wissenschaftlichen Mitwirkenden und bietet einen umfassenden \u00dcberblick \u00fcber die wichtigsten Ver\u00e4nderungen der Klimaindikatoren f\u00fcr den sich am schnellsten erw\u00e4rmenden Kontinent der Welt, darunter kalte Umgebungen, Meeres\u00f6kosysteme, Fl\u00fcsse und Seen, Waldbrandgefahr und mehr.  Es wird eine breite Palette an Grafiken und visuellen Darstellungen zur Verf\u00fcgung gestellt, die die wichtigsten Ergebnisse der Daten hervorheben.<\/p>\n<figure class=\"wp-block-image size-full\"><\/figure>\n<h4 class=\"wp-block-heading\">Melden Sie wichtige Erkenntnisse<\/h4>\n<ul class=\"wp-block-list\">\n<li>Mindestens 95 % Europas erlebten im Jahr 2025 \u00fcberdurchschnittliche Jahrestemperaturen. <\/li>\n<li>Eine dreiw\u00f6chige Rekordhitzewelle traf das subarktische Fennoskandinavien mit Temperaturen in der N\u00e4he und innerhalb des Polarkreises von \u00fcber 30 \u00b0C.<\/li>\n<li>Gletscher in allen europ\u00e4ischen Regionen verzeichneten einen Nettomassenverlust, wobei Island den zweitgr\u00f6\u00dften Gletscherverlust seit Beginn der Aufzeichnungen verzeichnete; die Schneedecke lag 31 % unter dem Durchschnitt; Der gr\u00f6nl\u00e4ndische Eisschild verlor 139 Gigatonnen (139 Milliarden Tonnen) Eis.<\/li>\n<li>Die j\u00e4hrliche Meeresoberfl\u00e4chentemperatur in der europ\u00e4ischen Region war die h\u00f6chste seit Beginn der Aufzeichnungen, und 86 % der Region erlebten mindestens \u201estarke\u201c Meereshitzewellen. <\/li>\n<li>Waldbr\u00e4nde verbrannten rund 1.034.550 Hektar, die gr\u00f6\u00dfte Fl\u00e4che seit Beginn der Aufzeichnungen.<\/li>\n<li>Die Flussabfl\u00fcsse waren in ganz Europa 11 Monate im Jahr unterdurchschnittlich, wobei 70 % der Fl\u00fcsse j\u00e4hrlich unterdurchschnittliche Abfl\u00fcsse verzeichneten.<\/li>\n<li>Tausende Menschen in ganz Europa waren von St\u00fcrmen und \u00dcberschwemmungen betroffen, obwohl extreme Regenf\u00e4lle und \u00dcberschwemmungen weniger verbreitet waren als in den letzten Jahren.<\/li>\n<li>Erneuerbare Energien lieferten im Jahr 2025 fast die H\u00e4lfte (46,4 %) des europ\u00e4ischen Stroms, wobei die Solarenergie einen neuen Beitragsrekord von 12,5 % erreichte.<\/li>\n<li>Die biologische Vielfalt ist f\u00fcr eine nachhaltige Zukunft von entscheidender Bedeutung, aber der Klimawandel ist eine der Hauptursachen f\u00fcr ihre Verschlechterung. Klimawandel und Biodiversit\u00e4t sind innerhalb der europ\u00e4ischen Politik und Rahmenbedingungen eng miteinander verbunden.<\/li>\n<\/ul>\n<figure class=\"wp-block-image size-full\"><img loading=\"lazy\" decoding=\"async\" width=\"624\" height=\"660\" src=\"https:\/\/www.strassenweb.de\/nachrichten\/wp-content\/uploads\/2026\/04\/1777505971_260_Europaeischer-Stand-des-Klimas-2025.png\" alt=\"C3S:ECMWF\" class=\"wp-image-33554\"  ><\/figure>\n<p><strong>Florian Pappenberger, Generaldirektor des Europ\u00e4ischen Zentrums f\u00fcr mittelfristige Wettervorhersage<\/strong>sagte: \u201eEuropa ist der sich am schnellsten erw\u00e4rmende Kontinent, und die Auswirkungen sind bereits schwerwiegend. Fast die gesamte Region hat \u00fcberdurchschnittliche Jahrestemperaturen erlebt. Im Jahr 2025 verzeichneten das subarktische Norwegen, Schweden und Finnland mit 21 aufeinanderfolgenden Tagen und Temperaturen \u00fcber 30 \u00b0C am Polarkreis selbst die schlimmste Hitzewelle seit Beginn der Aufzeichnungen. Der Bericht 2025 bietet klare, umsetzbare Erkenntnisse, um politische Entscheidungen zu unterst\u00fctzen und der \u00d6ffentlichkeit zu helfen, das sich \u00e4ndernde Klima, in dem wir leben, besser zu verstehen.\u201c<\/p>\n<p><strong>Celeste Saulo, Generalsekret\u00e4rin der Weltorganisation f\u00fcr Meteorologie<\/strong>sagte: \u201eDer WMO State of the Climate hat das Ungleichgewicht der Energie auf unserem Planeten offengelegt, und der European State of the Climate, der gemeinsam von WMO und ECMWF erstellt wurde, spiegelt die Auswirkungen f\u00fcr Europa wider. Unsere gemeinsame Anstrengung zur Erstellung des ESOTC spiegelt wider, wie sich der Klimawandel auf die Artenvielfalt auswirkt und welche mutigen Initiativen europ\u00e4ische Entscheidungstr\u00e4ger zu ihrem Schutz und ihrer Wiederherstellung ergreifen.\u201c<\/p>\n<h4 class=\"wp-block-heading\">Rasante Ver\u00e4nderungen wirken sich auf die k\u00e4lteren Regionen Europas aus <\/h4>\n<p>Der Bericht zeigt einen anhaltenden Trend einer raschen Erw\u00e4rmung in den k\u00e4ltesten Regionen Europas \u2013 auch in der Arktis und den Alpen, wo Schnee und Eis eine entscheidende Rolle bei der Verlangsamung des Klimawandels spielen, indem sie Sonnenlicht zur\u00fcck in den Weltraum reflektieren (der Albedo-Effekt).<\/p>\n<p>Mindestens 95 % Europas verzeichneten im Jahr 2025 \u00fcberdurchschnittliche Jahrestemperaturen, w\u00e4hrend der Anteil Europas, in dem es Wintertage mit Minustemperaturen gibt, schrumpft. Das subarktische Fennoskandinavien erlebte im Juli mit einer Dauer von drei Wochen die l\u00e4ngste Hitzewelle seit Beginn der Aufzeichnungen. W\u00e4hrend dieser Zeit erreichten und \u00fcberstiegen die Temperaturen in der N\u00e4he und innerhalb des Polarkreises 30 \u00b0C und erreichten mit 34,9 \u00b0C ihren H\u00f6hepunkt in Frosta, Norwegen. Unterdessen verzeichnete Europa insgesamt eine rekordverd\u00e4chtige Anzahl an K\u00e4ltestresstagen, wobei 90 % des Kontinents weniger Tage als der Durchschnitt mit mindestens \u201estarkem\u201c K\u00e4ltestress erlebten. Die Tiefsttemperaturen blieben fast das ganze Jahr \u00fcber \u00fcber dem Durchschnitt.<\/p>\n<figure class=\"wp-block-image size-full\"><img loading=\"lazy\" decoding=\"async\" width=\"900\" height=\"574\" src=\"https:\/\/www.strassenweb.de\/nachrichten\/wp-content\/uploads\/2026\/04\/1777505971_493_Europaeischer-Stand-des-Klimas-2025.png\" alt=\"\" class=\"wp-image-33555\"  ><\/figure>\n<p>\u00dcberdurchschnittliche Temperaturen und unterdurchschnittliche Niederschl\u00e4ge f\u00fchrten zu einem erheblichen Verlust der Schnee- und Eisdecke. Im M\u00e4rz 2025 lag die schneebedeckte Fl\u00e4che in Europa rund 1,32 Millionen Quadratkilometer (31 %) unter dem Durchschnitt \u2013 das entspricht der Fl\u00e4che von Frankreich, Italien, Deutschland, der Schweiz und \u00d6sterreich zusammen. Dies war die drittniedrigste Schneemenge seit Beginn der Aufzeichnungen im Jahr 1983. Auch die Gletscher verzeichneten einen Nettomassenverlust, wobei Island den zweitgr\u00f6\u00dften Gletschermassenverlust seit Beginn der Aufzeichnungen verzeichnete. Dar\u00fcber hinaus verlor der gr\u00f6nl\u00e4ndische Eisschild 139 Gigatonnen (139 Milliarden Tonnen) Eis \u2013 etwa das 1,5-fache der in allen Gletschern der europ\u00e4ischen Alpen gespeicherten Menge. Dieser Eisverlust tr\u00e4gt zum Anstieg des globalen Meeresspiegels bei, wobei jeder Zentimeter Anstieg weitere 6 Millionen Menschen K\u00fcsten\u00fcberschwemmungen aussetzt.<\/p>\n<p><strong>Samantha Burgess, Strategische Leiterin f\u00fcr Klima beim ECMWF<\/strong>sagte: \u201eDie ESOTC 2025 zeichnet ein klares Bild: Das Tempo des Klimawandels erfordert dringendere Ma\u00dfnahmen. Angesichts steigender Temperaturen und weit verbreiteter Waldbr\u00e4nde und D\u00fcrren sind die Beweise eindeutig; der Klimawandel ist keine zuk\u00fcnftige Bedrohung, er ist unsere gegenw\u00e4rtige Realit\u00e4t. Bei der Bew\u00e4ltigung der Auswirkungen auf den Verlust der biologischen Vielfalt m\u00fcssen wir mit der Geschwindigkeit der Anpassung bei der Umstellung auf saubere Energie mithalten und gleichzeitig sicherstellen, dass unsere Richtlinien und Entscheidungen weiterhin auf fundierten wissenschaftlichen Erkenntnissen basieren.\u201c<\/p>\n<h4 class=\"wp-block-heading\">Zeichnen Sie die Meeresw\u00e4rme und die Erw\u00e4rmung der Ozeane auf<\/h4>\n<p>Der globale Ozean hat etwa 90 % der \u00fcbersch\u00fcssigen W\u00e4rme absorbiert, die durch vom Menschen verursachte Treibhausgasemissionen verursacht wird. Im Jahr 2025 erlebte die europ\u00e4ische Meeresregion die h\u00f6chste j\u00e4hrliche Meeresoberfl\u00e4chentemperatur seit Beginn der Aufzeichnungen und markierte damit das vierte Jahr in Folge mit Rekordw\u00e4rme. Dieser langfristige Trend wirkt sich negativ auf die Artenvielfalt, Arten und Lebensr\u00e4ume aus. Meereshitzewellen k\u00f6nnen auch mit Hitzewellen \u00fcber Land zusammenfallen und zu extremeren Temperaturen und Luftfeuchtigkeit, auch \u00fcber Nacht, f\u00fchren, was die Erholung der Menschen von Hitzestress verlangsamen und den Schlaf st\u00f6ren kann.<\/p>\n<p>Im Jahr 2025 waren Meereshitzewellen weit verbreitet und betrafen 86 % der europ\u00e4ischen Meeresregion. Sie waren auch intensiver: 36 % der Region erlebten \u201eschwere\u201c oder \u201eextreme\u201c Bedingungen \u2013 der h\u00f6chste Anteil seit Beginn der Aufzeichnungen. <\/p>\n<figure class=\"wp-block-image size-full\"><img loading=\"lazy\" decoding=\"async\" width=\"624\" height=\"375\" src=\"https:\/\/www.strassenweb.de\/nachrichten\/wp-content\/uploads\/2026\/04\/1777505971_269_Europaeischer-Stand-des-Klimas-2025.png\" alt=\"\" class=\"wp-image-33559\"  ><\/figure>\n<p>Das gesamte Mittelmeer erlebte in den letzten drei Jahren jeweils mindestens einen Tag mit \u201estarken\u201c Meereshitzewellenbedingungen, und im Jahr 2025 war die j\u00e4hrliche durchschnittliche Meeresoberfl\u00e4chentemperatur die zweith\u00f6chste, die jemals beobachtet wurde. \u201eSchwere\u201c Meereshitzewellen traten auch im Norwegischen Meer auf, das sich \u00fcber Nordeuropa und die Arktis erstreckt. Sie fielen mit der Rekordhitzewelle \u00fcber dem subarktischen Fennoskandinavien zusammen und verdeutlichten die geografische Ausbreitung der Meereserw\u00e4rmung in ganz Europa.<\/p>\n<p><strong>Mauro Facchini, Leiter der Copernicus-Abteilung der Europ\u00e4ischen Kommission<\/strong>sagte: \u201eDer Bericht \u201eEuropean State of the Climate 2025\u201c zeigt einmal mehr den Wert unserer gemeinsamen Bem\u00fchungen, ein erstklassiges europ\u00e4isches Erdbeobachtungssystem zu schaffen. Die Aufrechterhaltung unserer eigenen hochmodernen, zuverl\u00e4ssigen Datens\u00e4tze unseres Erdsystems ist von entscheidender Bedeutung f\u00fcr fundierte politische Entscheidungen in unserem sich schnell \u00e4ndernden Klima. Copernicus ist von entscheidender Bedeutung, um uns dabei zu helfen, unsere Souver\u00e4nit\u00e4t, unsere Umwelt, Lebensmittelsysteme, Sicherheit und Wirtschaft zu bewahren.\u201c<\/p>\n<h4 class=\"wp-block-heading\">Klimabedingungen setzen Europas Wasser unter Druck\u00a8<\/h4>\n<p>In ganz Europa verzeichneten rund 70 % der Fl\u00fcsse unterdurchschnittliche Abfl\u00fcsse, w\u00e4hrend es hinsichtlich der Bodenfeuchtigkeit eines der drei trockensten Jahre seit 1992 war. Im Mai war etwa die H\u00e4lfte Europas (53 %) von D\u00fcrrebedingungen betroffen. Diese Muster spiegeln eine Kombination von Faktoren wider, darunter atmosph\u00e4rische Zirkulation und Niederschlagsvariabilit\u00e4t sowie l\u00e4ngerfristige Klimatrends.<\/p>\n<p><strong>Du\u0161an Chrenek, Hauptberater f\u00fcr den digitalen gr\u00fcnen Wandel bei der GD Klima<\/strong>sagte: \u201eDas Signal des Klimawandels bleibt in ganz Europa eindeutig, und der Bericht \u201eEuropean State of the Climate 2025\u201c ist eine deutliche Erinnerung daran, dass wir sowohl die Anpassungs- als auch die Eind\u00e4mmungsbem\u00fchungen aufrechterhalten und beschleunigen m\u00fcssen. Diese Ausgabe liefert \u00fcberzeugende Beweise f\u00fcr die tiefgreifenden Auswirkungen des Klimawandels auf die Intensit\u00e4t extremer Wetterereignisse, die Artenvielfalt und die Wirtschaft und bekr\u00e4ftigt gleichzeitig Europas strategische Ambition, seine Erdbeobachtungsf\u00e4higkeiten durch die Nutzung modernster Technologien weiter zu st\u00e4rken.\u201c<\/p>\n<h4 class=\"wp-block-heading\">Steigende Temperaturen und zunehmende Waldbr\u00e4nde<\/h4>\n<p>In ganz Europa kam es im Jahr 2025 zu weit verbreiteten warmen Bedingungen \u2013 auf mindestens 95 % des Kontinents wurden \u00fcberdurchschnittliche Temperaturen gemessen. Gro\u00dfe Teile Europas waren von Hitzewellen betroffen, vom Mittelmeer bis zur Arktis, darunter Europas zweitschwerste Hitzewelle seit Beginn der Aufzeichnungen und die l\u00e4ngste und schwerste Hitzewelle im subarktischen Fennoskandinavien im Juli. Auch in weiten Teilen Europas gab es \u00fcberdurchschnittlich viele Tage mit mindestens \u201estarkem\u201c Hitzestress, wobei S\u00fcd- und Ostspanien bis zu 50 Tage mehr als der Durchschnitt mit \u201egef\u00fchlten\u201c Temperaturen \u00fcber 32 \u00b0C verzeichneten.<\/p>\n<figure class=\"wp-block-image size-full\"><img loading=\"lazy\" decoding=\"async\" width=\"900\" height=\"685\" src=\"https:\/\/www.strassenweb.de\/nachrichten\/wp-content\/uploads\/2026\/04\/1777505971_797_Europaeischer-Stand-des-Klimas-2025.png\" alt=\"\" class=\"wp-image-33557\"  ><\/figure>\n<p>Hei\u00dfe und trockene Bedingungen trugen zu einer Rekordzahl an Waldbr\u00e4nden in ganz Europa bei. Insgesamt wurde in ganz Europa eine Rekordfl\u00e4che von rund 1.034.000 Hektar niedergebrannt \u2013 eine Fl\u00e4che, die gr\u00f6\u00dfer als Zypern ist \u2013 und die Waldbrandemissionen erreichten den h\u00f6chsten Stand seit Beginn der Aufzeichnungen. Spanien war besonders stark betroffen und verursachte rund die H\u00e4lfte der Emissionen. Neben Spanien verzeichneten Zypern, das Vereinigte K\u00f6nigreich, die Niederlande und Deutschland die h\u00f6chsten Waldbrandemissionen seit Beginn der Aufzeichnungen. Waldbr\u00e4nde stellen auch ein erhebliches Risiko f\u00fcr die Artenvielfalt dar und Waldbr\u00e4nde in Torfgebieten k\u00f6nnen gro\u00dfe Kohlenstoffspeicher freisetzen, was den Klimawandel weiter verst\u00e4rkt. Die Europ\u00e4ische Kommission hat die steigende Waldbrandgefahr als Hauptpriorit\u00e4t identifiziert, da Prognosen des Sechsten Sachstandsberichts des Zwischenstaatlichen Ausschusses f\u00fcr Klima\u00e4nderungen zeigen, dass die Waldbrandgefahr in allen Regionen Europas wahrscheinlich zunehmen wird.<\/p>\n<h4 class=\"wp-block-heading\">Klimaauswirkungen wirken sich zunehmend auf die Artenvielfalt aus<\/h4>\n<p>Zahlreiche Extremereignisse im Jahr 2025 \u2013 darunter D\u00fcrren, Waldbr\u00e4nde sowie Hitzewellen an Land und im Meer \u2013 beeintr\u00e4chtigten die Artenvielfalt in Meeres- und Land\u00f6kosystemen. Dar\u00fcber hinaus steht die Natur unter erh\u00f6htem Stress durch schrumpfende und sich ver\u00e4ndernde Lebensr\u00e4ume, Unterbrechungen saisonaler Muster aufgrund w\u00e4rmerer Temperaturen und \u00c4nderungen der Niederschl\u00e4ge. Der Bericht skizziert konkrete Beispiele f\u00fcr die Auswirkungen des Klimawandels auf empfindliche \u00d6kosysteme, beispielsweise die Auswirkungen von Meereshitzewellen auf Seegraswiesen im Mittelmeer und Waldbr\u00e4nde in Torfmooren. Die Umweltpolitik in Europa hat zunehmend die engen Zusammenh\u00e4nge zwischen Klima und Biodiversit\u00e4t erkannt und koordinierte \u201eNatur-Klima\u201c-Ans\u00e4tze entwickelt, um die Widerstandsf\u00e4higkeit der \u00d6kosysteme zu st\u00e4rken.<\/p>\n<p>Die Europ\u00e4ische Union hat sich zu rechtsverbindlichen Zielen verpflichtet, um \u00d6kosysteme in gro\u00dfem Ma\u00dfstab wiederherzustellen, einschlie\u00dflich mindestens 20 % der Land- und Meeresfl\u00e4chen bis 2030 und aller bed\u00fcrftigen \u00d6kosysteme bis 2050. Diese Arbeit wird auch durch den europ\u00e4ischen Gr\u00fcnen Deal und das EU-Klimagesetz untermauert, die den Schutz der biologischen Vielfalt in umfassendere Klimastrategien einbetten. Dar\u00fcber hinaus werden naturbasierte L\u00f6sungen wie die Wiederherstellung von Seegraswiesen f\u00fcr ihre Rolle bei der Unterst\u00fctzung der Artenvielfalt, der Speicherung von Kohlenstoff und der St\u00e4rkung der K\u00fcstenresilienz anerkannt. Obwohl diese Schritte wichtige Ma\u00dfnahmen darstellen, m\u00fcssen die Fortschritte in Europa beschleunigt werden, um mehr und bessere Ma\u00dfnahmen zum Schutz der Natur und der biologischen Vielfalt zu ergreifen. <\/p>\n<p>Quelle: Weltorganisation f\u00fcr Meteorologie (WMO), \u201eEurop\u00e4ischer Stand des Klimas 2025: Rekordhitzewellen vom Mittelmeer bis zur Arktis, w\u00e4hrend die Gletscher schrumpfen und die Schneedecke abnimmt\u201c<\/p>\n<p>Haftungsausschluss:<br \/>Die in Artikeln oder in hier erscheinenden Anzeigen ge\u00e4u\u00dferten Meinungen sind die Meinungen des Autors oder Werbetreibenden und spiegeln nicht unbedingt die Meinung der WMO oder ihrer Mitglieder wider.<\/p>\n<p>Die Nutzung von WMO-Material erfolgt auf alleinige Gefahr des Nutzers. Die WMO haftet unter keinen Umst\u00e4nden f\u00fcr Verluste, Sch\u00e4den, Verbindlichkeiten oder Ausgaben, die angeblich aus der Verwendung von WMO-Material resultieren, und zwar ohne Einschr\u00e4nkung f\u00fcr diesbez\u00fcgliche Fehler, Fehler, Auslassungen, Unterbrechungen oder Verz\u00f6gerungen. Keine der hierin enthaltenen Bestimmungen stellt eine Einschr\u00e4nkung oder einen Verzicht auf die Vorrechte und Immunit\u00e4ten der WMO dar, die ausdr\u00fccklich vorbehalten sind.<\/p><\/p>\n","protected":false},"excerpt":{"rendered":"<p>Der Bericht von ECMWF und WMO beleuchtet die Auswirkungen des Klimawandels auf Menschen und Artenvielfalt auf dem sich am schnellsten erw\u00e4rmenden Kontinent. Kernbotschaften Hitzewellen erstrecken<\/p>\n","protected":false},"author":1,"featured_media":13341,"comment_status":"closed","ping_status":"","sticky":false,"template":"","format":"standard","meta":{"footnotes":""},"categories":[101],"tags":[281,511,14983,1420],"class_list":["post-13340","post","type-post","status-publish","format-standard","has-post-thumbnail","hentry","category-oekologie","tag-des","tag-europaeischer","tag-klimas","tag-stand","generate-columns","tablet-grid-50","mobile-grid-100","grid-parent","grid-50"],"yoast_head":"<!-- This site is optimized with the Yoast SEO plugin v27.3 - https:\/\/yoast.com\/product\/yoast-seo-wordpress\/ -->\n<title>Europ\u00e4ischer Stand des Klimas 2025 - Nachrichten - Stra\u00dfenweb<\/title>\n<meta name=\"robots\" content=\"index, follow, max-snippet:-1, max-image-preview:large, max-video-preview:-1\" \/>\n<link rel=\"canonical\" href=\"https:\/\/www.strassenweb.de\/nachrichten\/europaeischer-stand-des-klimas-2025\/\" \/>\n<meta property=\"og:locale\" content=\"de_DE\" \/>\n<meta property=\"og:type\" content=\"article\" \/>\n<meta property=\"og:title\" content=\"Europ\u00e4ischer Stand des Klimas 2025 - Nachrichten - Stra\u00dfenweb\" \/>\n<meta property=\"og:description\" content=\"Der Bericht von ECMWF und WMO beleuchtet die Auswirkungen des Klimawandels auf Menschen und Artenvielfalt auf dem sich am schnellsten erw\u00e4rmenden Kontinent. Kernbotschaften Hitzewellen erstrecken\" \/>\n<meta property=\"og:url\" content=\"https:\/\/www.strassenweb.de\/nachrichten\/europaeischer-stand-des-klimas-2025\/\" \/>\n<meta property=\"og:site_name\" content=\"Stra\u00dfenweb\" \/>\n<meta property=\"article:publisher\" content=\"https:\/\/www.facebook.com\/strassenweb\/\" \/>\n<meta property=\"article:published_time\" content=\"2026-04-29T23:39:31+00:00\" \/>\n<meta property=\"article:modified_time\" content=\"2026-04-29T23:39:36+00:00\" \/>\n<meta property=\"og:image\" content=\"https:\/\/www.strassenweb.de\/nachrichten\/wp-content\/uploads\/2026\/04\/Europaeischer-Stand-des-Klimas-2025.jpg\" \/>\n\t<meta property=\"og:image:width\" content=\"900\" \/>\n\t<meta property=\"og:image:height\" content=\"600\" \/>\n\t<meta property=\"og:image:type\" content=\"image\/jpeg\" \/>\n<meta name=\"author\" content=\"Robert Hoffmann\" \/>\n<meta name=\"twitter:card\" content=\"summary_large_image\" \/>\n<meta name=\"twitter:label1\" content=\"Verfasst von\" \/>\n\t<meta name=\"twitter:data1\" content=\"Robert Hoffmann\" \/>\n\t<meta name=\"twitter:label2\" content=\"Gesch\u00e4tzte Lesezeit\" \/>\n\t<meta name=\"twitter:data2\" content=\"10\u00a0Minuten\" \/>\n<script type=\"application\/ld+json\" class=\"yoast-schema-graph\">{\"@context\":\"https:\\\/\\\/schema.org\",\"@graph\":[{\"@type\":\"Article\",\"@id\":\"https:\\\/\\\/www.strassenweb.de\\\/nachrichten\\\/europaeischer-stand-des-klimas-2025\\\/#article\",\"isPartOf\":{\"@id\":\"https:\\\/\\\/www.strassenweb.de\\\/nachrichten\\\/europaeischer-stand-des-klimas-2025\\\/\"},\"author\":{\"name\":\"Robert Hoffmann\",\"@id\":\"https:\\\/\\\/www.strassenweb.de\\\/nachrichten\\\/#\\\/schema\\\/person\\\/87c9c9067f1211da429a744dc5a5aa41\"},\"headline\":\"Europ\u00e4ischer Stand des Klimas 2025\",\"datePublished\":\"2026-04-29T23:39:31+00:00\",\"dateModified\":\"2026-04-29T23:39:36+00:00\",\"mainEntityOfPage\":{\"@id\":\"https:\\\/\\\/www.strassenweb.de\\\/nachrichten\\\/europaeischer-stand-des-klimas-2025\\\/\"},\"wordCount\":2076,\"publisher\":{\"@id\":\"https:\\\/\\\/www.strassenweb.de\\\/nachrichten\\\/#organization\"},\"image\":{\"@id\":\"https:\\\/\\\/www.strassenweb.de\\\/nachrichten\\\/europaeischer-stand-des-klimas-2025\\\/#primaryimage\"},\"thumbnailUrl\":\"https:\\\/\\\/www.strassenweb.de\\\/nachrichten\\\/wp-content\\\/uploads\\\/2026\\\/04\\\/Europaeischer-Stand-des-Klimas-2025.jpg\",\"keywords\":[\"des\",\"europ\u00e4ischer\",\"Klimas\",\"Stand\"],\"articleSection\":[\"\u00d6kologie\"],\"inLanguage\":\"de\"},{\"@type\":\"WebPage\",\"@id\":\"https:\\\/\\\/www.strassenweb.de\\\/nachrichten\\\/europaeischer-stand-des-klimas-2025\\\/\",\"url\":\"https:\\\/\\\/www.strassenweb.de\\\/nachrichten\\\/europaeischer-stand-des-klimas-2025\\\/\",\"name\":\"Europ\u00e4ischer Stand des Klimas 2025 - Nachrichten - Stra\u00dfenweb\",\"isPartOf\":{\"@id\":\"https:\\\/\\\/www.strassenweb.de\\\/nachrichten\\\/#website\"},\"primaryImageOfPage\":{\"@id\":\"https:\\\/\\\/www.strassenweb.de\\\/nachrichten\\\/europaeischer-stand-des-klimas-2025\\\/#primaryimage\"},\"image\":{\"@id\":\"https:\\\/\\\/www.strassenweb.de\\\/nachrichten\\\/europaeischer-stand-des-klimas-2025\\\/#primaryimage\"},\"thumbnailUrl\":\"https:\\\/\\\/www.strassenweb.de\\\/nachrichten\\\/wp-content\\\/uploads\\\/2026\\\/04\\\/Europaeischer-Stand-des-Klimas-2025.jpg\",\"datePublished\":\"2026-04-29T23:39:31+00:00\",\"dateModified\":\"2026-04-29T23:39:36+00:00\",\"breadcrumb\":{\"@id\":\"https:\\\/\\\/www.strassenweb.de\\\/nachrichten\\\/europaeischer-stand-des-klimas-2025\\\/#breadcrumb\"},\"inLanguage\":\"de\",\"potentialAction\":[{\"@type\":\"ReadAction\",\"target\":[\"https:\\\/\\\/www.strassenweb.de\\\/nachrichten\\\/europaeischer-stand-des-klimas-2025\\\/\"]}]},{\"@type\":\"ImageObject\",\"inLanguage\":\"de\",\"@id\":\"https:\\\/\\\/www.strassenweb.de\\\/nachrichten\\\/europaeischer-stand-des-klimas-2025\\\/#primaryimage\",\"url\":\"https:\\\/\\\/www.strassenweb.de\\\/nachrichten\\\/wp-content\\\/uploads\\\/2026\\\/04\\\/Europaeischer-Stand-des-Klimas-2025.jpg\",\"contentUrl\":\"https:\\\/\\\/www.strassenweb.de\\\/nachrichten\\\/wp-content\\\/uploads\\\/2026\\\/04\\\/Europaeischer-Stand-des-Klimas-2025.jpg\",\"width\":900,\"height\":600,\"caption\":\"European state of the climate 2025\"},{\"@type\":\"BreadcrumbList\",\"@id\":\"https:\\\/\\\/www.strassenweb.de\\\/nachrichten\\\/europaeischer-stand-des-klimas-2025\\\/#breadcrumb\",\"itemListElement\":[{\"@type\":\"ListItem\",\"position\":1,\"name\":\"Home\",\"item\":\"https:\\\/\\\/www.strassenweb.de\\\/nachrichten\\\/\"},{\"@type\":\"ListItem\",\"position\":2,\"name\":\"Europ\u00e4ischer Stand des Klimas 2025\"}]},{\"@type\":\"WebSite\",\"@id\":\"https:\\\/\\\/www.strassenweb.de\\\/nachrichten\\\/#website\",\"url\":\"https:\\\/\\\/www.strassenweb.de\\\/nachrichten\\\/\",\"name\":\"Stra\u00dfenweb\",\"description\":\"Stra\u00dfenverzeichnis f\u00fcr Deutschland\",\"publisher\":{\"@id\":\"https:\\\/\\\/www.strassenweb.de\\\/nachrichten\\\/#organization\"},\"potentialAction\":[{\"@type\":\"SearchAction\",\"target\":{\"@type\":\"EntryPoint\",\"urlTemplate\":\"https:\\\/\\\/www.strassenweb.de\\\/nachrichten\\\/?s={search_term_string}\"},\"query-input\":{\"@type\":\"PropertyValueSpecification\",\"valueRequired\":true,\"valueName\":\"search_term_string\"}}],\"inLanguage\":\"de\"},{\"@type\":\"Organization\",\"@id\":\"https:\\\/\\\/www.strassenweb.de\\\/nachrichten\\\/#organization\",\"name\":\"Stra\u00dfenweb\",\"url\":\"https:\\\/\\\/www.strassenweb.de\\\/nachrichten\\\/\",\"logo\":{\"@type\":\"ImageObject\",\"inLanguage\":\"de\",\"@id\":\"https:\\\/\\\/www.strassenweb.de\\\/nachrichten\\\/#\\\/schema\\\/logo\\\/image\\\/\",\"url\":\"https:\\\/\\\/www.strassenweb.de\\\/nachrichten\\\/wp-content\\\/uploads\\\/2024\\\/09\\\/cropped-favicon.png\",\"contentUrl\":\"https:\\\/\\\/www.strassenweb.de\\\/nachrichten\\\/wp-content\\\/uploads\\\/2024\\\/09\\\/cropped-favicon.png\",\"width\":512,\"height\":512,\"caption\":\"Stra\u00dfenweb\"},\"image\":{\"@id\":\"https:\\\/\\\/www.strassenweb.de\\\/nachrichten\\\/#\\\/schema\\\/logo\\\/image\\\/\"},\"sameAs\":[\"https:\\\/\\\/www.facebook.com\\\/strassenweb\\\/\"]},{\"@type\":\"Person\",\"@id\":\"https:\\\/\\\/www.strassenweb.de\\\/nachrichten\\\/#\\\/schema\\\/person\\\/87c9c9067f1211da429a744dc5a5aa41\",\"name\":\"Robert Hoffmann\",\"image\":{\"@type\":\"ImageObject\",\"inLanguage\":\"de\",\"@id\":\"https:\\\/\\\/www.strassenweb.de\\\/nachrichten\\\/wp-content\\\/uploads\\\/2024\\\/09\\\/strassenweb-150x150.jpg\",\"url\":\"https:\\\/\\\/www.strassenweb.de\\\/nachrichten\\\/wp-content\\\/uploads\\\/2024\\\/09\\\/strassenweb-150x150.jpg\",\"contentUrl\":\"https:\\\/\\\/www.strassenweb.de\\\/nachrichten\\\/wp-content\\\/uploads\\\/2024\\\/09\\\/strassenweb-150x150.jpg\",\"caption\":\"Robert Hoffmann\"},\"description\":\"Ich hei\u00dfe Robert Hoffmann und ich bin ein leidenschaftlicher Verfechter von \u00d6kologie und Biodiversit\u00e4t. Seit meiner Kindheit in den W\u00e4ldern Bayerns f\u00fchle ich mich mit der Natur verbunden und bin entschlossen, sie zu sch\u00fctzen. Heute widme ich mein Leben der Sensibilisierung anderer f\u00fcr die Bedeutung des Umweltschutzes f\u00fcr zuk\u00fcnftige Generationen.\",\"sameAs\":[\"https:\\\/\\\/www.strassenweb.de\\\/\"]}]}<\/script>\n<!-- \/ Yoast SEO plugin. -->","yoast_head_json":{"title":"Europ\u00e4ischer Stand des Klimas 2025 - Nachrichten - Stra\u00dfenweb","robots":{"index":"index","follow":"follow","max-snippet":"max-snippet:-1","max-image-preview":"max-image-preview:large","max-video-preview":"max-video-preview:-1"},"canonical":"https:\/\/www.strassenweb.de\/nachrichten\/europaeischer-stand-des-klimas-2025\/","og_locale":"de_DE","og_type":"article","og_title":"Europ\u00e4ischer Stand des Klimas 2025 - Nachrichten - Stra\u00dfenweb","og_description":"Der Bericht von ECMWF und WMO beleuchtet die Auswirkungen des Klimawandels auf Menschen und Artenvielfalt auf dem sich am schnellsten erw\u00e4rmenden Kontinent. Kernbotschaften Hitzewellen erstrecken","og_url":"https:\/\/www.strassenweb.de\/nachrichten\/europaeischer-stand-des-klimas-2025\/","og_site_name":"Stra\u00dfenweb","article_publisher":"https:\/\/www.facebook.com\/strassenweb\/","article_published_time":"2026-04-29T23:39:31+00:00","article_modified_time":"2026-04-29T23:39:36+00:00","og_image":[{"width":900,"height":600,"url":"https:\/\/www.strassenweb.de\/nachrichten\/wp-content\/uploads\/2026\/04\/Europaeischer-Stand-des-Klimas-2025.jpg","type":"image\/jpeg"}],"author":"Robert Hoffmann","twitter_card":"summary_large_image","twitter_misc":{"Verfasst von":"Robert Hoffmann","Gesch\u00e4tzte Lesezeit":"10\u00a0Minuten"},"schema":{"@context":"https:\/\/schema.org","@graph":[{"@type":"Article","@id":"https:\/\/www.strassenweb.de\/nachrichten\/europaeischer-stand-des-klimas-2025\/#article","isPartOf":{"@id":"https:\/\/www.strassenweb.de\/nachrichten\/europaeischer-stand-des-klimas-2025\/"},"author":{"name":"Robert Hoffmann","@id":"https:\/\/www.strassenweb.de\/nachrichten\/#\/schema\/person\/87c9c9067f1211da429a744dc5a5aa41"},"headline":"Europ\u00e4ischer Stand des Klimas 2025","datePublished":"2026-04-29T23:39:31+00:00","dateModified":"2026-04-29T23:39:36+00:00","mainEntityOfPage":{"@id":"https:\/\/www.strassenweb.de\/nachrichten\/europaeischer-stand-des-klimas-2025\/"},"wordCount":2076,"publisher":{"@id":"https:\/\/www.strassenweb.de\/nachrichten\/#organization"},"image":{"@id":"https:\/\/www.strassenweb.de\/nachrichten\/europaeischer-stand-des-klimas-2025\/#primaryimage"},"thumbnailUrl":"https:\/\/www.strassenweb.de\/nachrichten\/wp-content\/uploads\/2026\/04\/Europaeischer-Stand-des-Klimas-2025.jpg","keywords":["des","europ\u00e4ischer","Klimas","Stand"],"articleSection":["\u00d6kologie"],"inLanguage":"de"},{"@type":"WebPage","@id":"https:\/\/www.strassenweb.de\/nachrichten\/europaeischer-stand-des-klimas-2025\/","url":"https:\/\/www.strassenweb.de\/nachrichten\/europaeischer-stand-des-klimas-2025\/","name":"Europ\u00e4ischer Stand des Klimas 2025 - Nachrichten - Stra\u00dfenweb","isPartOf":{"@id":"https:\/\/www.strassenweb.de\/nachrichten\/#website"},"primaryImageOfPage":{"@id":"https:\/\/www.strassenweb.de\/nachrichten\/europaeischer-stand-des-klimas-2025\/#primaryimage"},"image":{"@id":"https:\/\/www.strassenweb.de\/nachrichten\/europaeischer-stand-des-klimas-2025\/#primaryimage"},"thumbnailUrl":"https:\/\/www.strassenweb.de\/nachrichten\/wp-content\/uploads\/2026\/04\/Europaeischer-Stand-des-Klimas-2025.jpg","datePublished":"2026-04-29T23:39:31+00:00","dateModified":"2026-04-29T23:39:36+00:00","breadcrumb":{"@id":"https:\/\/www.strassenweb.de\/nachrichten\/europaeischer-stand-des-klimas-2025\/#breadcrumb"},"inLanguage":"de","potentialAction":[{"@type":"ReadAction","target":["https:\/\/www.strassenweb.de\/nachrichten\/europaeischer-stand-des-klimas-2025\/"]}]},{"@type":"ImageObject","inLanguage":"de","@id":"https:\/\/www.strassenweb.de\/nachrichten\/europaeischer-stand-des-klimas-2025\/#primaryimage","url":"https:\/\/www.strassenweb.de\/nachrichten\/wp-content\/uploads\/2026\/04\/Europaeischer-Stand-des-Klimas-2025.jpg","contentUrl":"https:\/\/www.strassenweb.de\/nachrichten\/wp-content\/uploads\/2026\/04\/Europaeischer-Stand-des-Klimas-2025.jpg","width":900,"height":600,"caption":"European state of the climate 2025"},{"@type":"BreadcrumbList","@id":"https:\/\/www.strassenweb.de\/nachrichten\/europaeischer-stand-des-klimas-2025\/#breadcrumb","itemListElement":[{"@type":"ListItem","position":1,"name":"Home","item":"https:\/\/www.strassenweb.de\/nachrichten\/"},{"@type":"ListItem","position":2,"name":"Europ\u00e4ischer Stand des Klimas 2025"}]},{"@type":"WebSite","@id":"https:\/\/www.strassenweb.de\/nachrichten\/#website","url":"https:\/\/www.strassenweb.de\/nachrichten\/","name":"Stra\u00dfenweb","description":"Stra\u00dfenverzeichnis f\u00fcr Deutschland","publisher":{"@id":"https:\/\/www.strassenweb.de\/nachrichten\/#organization"},"potentialAction":[{"@type":"SearchAction","target":{"@type":"EntryPoint","urlTemplate":"https:\/\/www.strassenweb.de\/nachrichten\/?s={search_term_string}"},"query-input":{"@type":"PropertyValueSpecification","valueRequired":true,"valueName":"search_term_string"}}],"inLanguage":"de"},{"@type":"Organization","@id":"https:\/\/www.strassenweb.de\/nachrichten\/#organization","name":"Stra\u00dfenweb","url":"https:\/\/www.strassenweb.de\/nachrichten\/","logo":{"@type":"ImageObject","inLanguage":"de","@id":"https:\/\/www.strassenweb.de\/nachrichten\/#\/schema\/logo\/image\/","url":"https:\/\/www.strassenweb.de\/nachrichten\/wp-content\/uploads\/2024\/09\/cropped-favicon.png","contentUrl":"https:\/\/www.strassenweb.de\/nachrichten\/wp-content\/uploads\/2024\/09\/cropped-favicon.png","width":512,"height":512,"caption":"Stra\u00dfenweb"},"image":{"@id":"https:\/\/www.strassenweb.de\/nachrichten\/#\/schema\/logo\/image\/"},"sameAs":["https:\/\/www.facebook.com\/strassenweb\/"]},{"@type":"Person","@id":"https:\/\/www.strassenweb.de\/nachrichten\/#\/schema\/person\/87c9c9067f1211da429a744dc5a5aa41","name":"Robert Hoffmann","image":{"@type":"ImageObject","inLanguage":"de","@id":"https:\/\/www.strassenweb.de\/nachrichten\/wp-content\/uploads\/2024\/09\/strassenweb-150x150.jpg","url":"https:\/\/www.strassenweb.de\/nachrichten\/wp-content\/uploads\/2024\/09\/strassenweb-150x150.jpg","contentUrl":"https:\/\/www.strassenweb.de\/nachrichten\/wp-content\/uploads\/2024\/09\/strassenweb-150x150.jpg","caption":"Robert Hoffmann"},"description":"Ich hei\u00dfe Robert Hoffmann und ich bin ein leidenschaftlicher Verfechter von \u00d6kologie und Biodiversit\u00e4t. Seit meiner Kindheit in den W\u00e4ldern Bayerns f\u00fchle ich mich mit der Natur verbunden und bin entschlossen, sie zu sch\u00fctzen. Heute widme ich mein Leben der Sensibilisierung anderer f\u00fcr die Bedeutung des Umweltschutzes f\u00fcr zuk\u00fcnftige Generationen.","sameAs":["https:\/\/www.strassenweb.de\/"]}]}},"_links":{"self":[{"href":"https:\/\/www.strassenweb.de\/nachrichten\/wp-json\/wp\/v2\/posts\/13340","targetHints":{"allow":["GET"]}}],"collection":[{"href":"https:\/\/www.strassenweb.de\/nachrichten\/wp-json\/wp\/v2\/posts"}],"about":[{"href":"https:\/\/www.strassenweb.de\/nachrichten\/wp-json\/wp\/v2\/types\/post"}],"author":[{"embeddable":true,"href":"https:\/\/www.strassenweb.de\/nachrichten\/wp-json\/wp\/v2\/users\/1"}],"replies":[{"embeddable":true,"href":"https:\/\/www.strassenweb.de\/nachrichten\/wp-json\/wp\/v2\/comments?post=13340"}],"version-history":[{"count":1,"href":"https:\/\/www.strassenweb.de\/nachrichten\/wp-json\/wp\/v2\/posts\/13340\/revisions"}],"predecessor-version":[{"id":13342,"href":"https:\/\/www.strassenweb.de\/nachrichten\/wp-json\/wp\/v2\/posts\/13340\/revisions\/13342"}],"wp:featuredmedia":[{"embeddable":true,"href":"https:\/\/www.strassenweb.de\/nachrichten\/wp-json\/wp\/v2\/media\/13341"}],"wp:attachment":[{"href":"https:\/\/www.strassenweb.de\/nachrichten\/wp-json\/wp\/v2\/media?parent=13340"}],"wp:term":[{"taxonomy":"category","embeddable":true,"href":"https:\/\/www.strassenweb.de\/nachrichten\/wp-json\/wp\/v2\/categories?post=13340"},{"taxonomy":"post_tag","embeddable":true,"href":"https:\/\/www.strassenweb.de\/nachrichten\/wp-json\/wp\/v2\/tags?post=13340"}],"curies":[{"name":"wp","href":"https:\/\/api.w.org\/{rel}","templated":true}]}}