{"id":1330,"date":"2024-11-03T19:53:35","date_gmt":"2024-11-03T18:53:35","guid":{"rendered":"https:\/\/www.strassenweb.de\/nachrichten\/die-terrasse-des-frozen-stars-idina-menzel-greift-mit-einer-unerwarteten-einrichtung-den-luxustrend-2024-auf-sie-ist-gemuetlich-genug-fuer-jede-jahreszeit\/"},"modified":"2024-11-03T19:53:36","modified_gmt":"2024-11-03T18:53:36","slug":"die-terrasse-des-frozen-stars-idina-menzel-greift-mit-einer-unerwarteten-einrichtung-den-luxustrend-2024-auf-sie-ist-gemuetlich-genug-fuer-jede-jahreszeit","status":"publish","type":"post","link":"https:\/\/www.strassenweb.de\/nachrichten\/die-terrasse-des-frozen-stars-idina-menzel-greift-mit-einer-unerwarteten-einrichtung-den-luxustrend-2024-auf-sie-ist-gemuetlich-genug-fuer-jede-jahreszeit\/","title":{"rendered":"Die Terrasse des Frozen-Stars Idina Menzel greift mit einer unerwarteten Einrichtung den Luxustrend 2024 auf \u2013 sie ist gem\u00fctlich genug f\u00fcr jede Jahreszeit"},"content":{"rendered":"<p><\/p>\n<div id=\"article-body\" class=\"article__body \">\n<p>Die Begriffe \u201eTeppich\u201c und \u201edrau\u00dfen\u201c scheinen nicht zusammenzupassen, aber die dynamische Kombination kann jede Terrasse verwandeln. Angesichts der Vielzahl luxuri\u00f6ser und stilvoller Outdoor-Teppiche auf dem Markt ist es keine \u00dcberraschung, dass Innenarchitekten und Prominente gleicherma\u00dfen dazu \u00fcbergehen, diese unerwarteten M\u00f6bel in ihre Au\u00dfenbereiche einzubauen. Idina Menzel demonstriert auf ihrer wundersch\u00f6nen Terrasse, welche starke Wirkung Teppiche haben k\u00f6nnen.<\/p>\n<div id=\"ad-unit-1\" class=\"ad-unit\"><\/div>\n<p>Der <em>B\u00f6se <\/em>Star hat auf der Terrasse ein Video geteilt, um die Einf\u00fchrung ihrer Encore by Idina-Kollektion mit QVC anzuk\u00fcndigen, aber wir konnten uns nur auf ihren Hintergrund konzentrieren. Menzels Au\u00dfenbereich ist in Grau und Blau gehalten und wird durch einen Chevron-Teppich in Blau, Grau und Schokolade abgerundet. Dar\u00fcber spiegeln Betontische, ein Sofa und ein Sessel die Farbt\u00f6ne des Teppichs wider. Ihr Couchtisch ist mit Kerzen und Pflanzen geschm\u00fcckt und sorgt f\u00fcr eine gem\u00fctliche, wohnliche Atmosph\u00e4re.<\/p>\n<aside class=\"hawk-nest\" data-block-type=\"embed\" data-render-type=\"fte\" data-skip=\"dealsy\" data-widget-type=\"seasonal\">\n<div class=\"hawk-master-widget-hawk-base-wrapper\"><\/div>\n<\/aside>\n<p>\u00dcber die einfache Sch\u00f6nheit hinaus ist Menzels Entscheidung, einen Outdoor-Teppich zu verwenden, ein Zeichen f\u00fcr eine umfassendere kulturelle Wende hin zur Gem\u00fctlichkeit unserer Au\u00dfenbereiche. Eine der einfachsten M\u00f6glichkeiten, dies zu erreichen, ist, wie diese Terrasse zeigt, die Schaffung eines \u201eWohnzimmers im Freien\u201c. \u201eDas Wohnzimmer im Freien ist f\u00fcr Hausbesitzer zu einem Muss geworden, da wir Au\u00dfenr\u00e4ume schaffen m\u00f6chten, die eine echte Erweiterung unseres Zuhauses darstellen\u201c, sagt Reilly Gray, Designexperte bei der Luxus-Au\u00dfenm\u00f6belmarke Suns Lifestyle. \u201eSie erm\u00f6glichen es Ihnen, das Beste aus Ihrem Garten zu machen und gleichzeitig den Komfort Ihres Lieblingsstuhls (oder Platzes auf dem Sofa) beizubehalten. Sie bieten den perfekten R\u00fcckzugsort, egal ob Sie mit einem Buch entspannen oder Ihre Lieben unterhalten.\u201c Ganz gleich, ob Sie einen gro\u00dfen Garten, einen kompakten Innenhof oder einen Balkon haben, Sie k\u00f6nnen Ihren Au\u00dfenbereich ganz einfach in eine Lounge verwandeln.\u201c<\/p>\n<div id=\"desktop-in-article\" class=\"in-article ad-unit\">\n<div id=\"desktop-taboola-mid-article\"><\/div>\n<\/div>\n<div id=\"mobile-in-article\" class=\"in-article ad-unit\">\n<div id=\"mobile-taboola-mid-article\"><\/div>\n<\/div>\n<div class=\"instagram-embed\">\n<blockquote class=\"instagram-media\" data-instgrm-captioned data-instgrm-version=\"6\" style=\"width:99.375%; width:-webkit-calc(100% - 2px); width:calc(100% - 2px);\">\n<p>Ein Beitrag geteilt von Idina Menzel (@idinamenzel)<\/p>\n<p>Ein Foto gepostet von am <\/p>\n<\/blockquote>\n<\/div>\n<p>Gl\u00fccklicherweise unterscheidet sich der Prozess zur Gestaltung eines Wohnzimmers im Freien nicht von der Gestaltung der Innenr\u00e4ume Ihres Zuhauses. Gray erkl\u00e4rt: \u201e\u00dcberlegen Sie genau wie in Ihrem Zuhause, wer den Raum nutzt, wie er genutzt wird und wie oft, da dies dabei hilft, zu bestimmen, wie viele Sitzgelegenheiten Sie ben\u00f6tigen und wie flexibel die Sitzm\u00f6glichkeiten sein m\u00fcssen.\u201c Nehmen Sie unbedingt genaue Messungen vor, damit Sie wissen, wie viel Platz zur Verf\u00fcgung steht. Schlie\u00dflich m\u00f6chten Sie sicherstellen, dass Ihre M\u00f6bel bequem hineinpassen und weder zu gro\u00df noch zu klein im Raum wirken. Sobald Sie die praktischen Aspekte gekl\u00e4rt haben, geht es darum, hochwertige St\u00fccke auszuw\u00e4hlen, die Ihren Bed\u00fcrfnissen und dem gew\u00fcnschten Look entsprechen.\u201c<\/p>\n<div class=\"van_vid_carousel\">\n<div class=\"van_vid_carousel__padding\">\n<div class=\"van_vid_carousel__container\"><\/div>\n<\/div>\n<\/div>\n<p>Sie f\u00e4hrt fort: \u201eAus stilistischer Sicht m\u00fcssen Sie auch entscheiden, ob sich Ihr Wohnraum im Freien von Ihrem Zuhause abheben oder es erg\u00e4nzen soll.\u201c Wenn Sie beispielsweise in einem sehr modern eingerichteten Haus wohnen, ist die Wahl von M\u00f6beln mit klaren, minimalistischen Linien m\u00f6glicherweise die bessere Option, w\u00e4hrend ein traditionelles Zuhause eher zu formsch\u00f6neren M\u00f6beln mit Vintage- oder Antik-Flair passt. Wir beobachten, dass sich Kunden von den so lange beliebten grauen M\u00f6belstoffen abwenden und sich stattdessen f\u00fcr w\u00e4rmere Neutralt\u00f6ne, sanfte Gr\u00fcnt\u00f6ne und Terrakottat\u00f6ne entscheiden. \u201eDiese tragen dazu bei, ein w\u00e4rmeres, entspannteres und einladenderes Gef\u00fchl zu schaffen, das mit Textilien und Accessoires zum Leben erweckt werden kann.\u201c<\/p>\n<div id=\"ad-unit-2\" class=\"ad-unit\"><\/div>\n<h2 id=\"shop-our-favorite-outdoor-rugs-3\">Kaufen Sie unsere beliebtesten Outdoor-Teppiche<\/h2>\n<p>Ein Outdoor-Teppich ist das unverzichtbare Accessoire, um Ihren Terrassenraum unabh\u00e4ngig von der Jahreszeit aufzuwerten. Hier sind sechs unserer Top-Tipps.<\/p>\n<div class=\"product-container hero-product-container product-block-no-wrap\"><\/div>\n<hr>\n<p>Es sind die strukturierten M\u00f6bel, die einen Au\u00dfenbereich zum Leben erwecken. Gray kommt zu dem Schluss: \u201eDenken Sie daran, den letzten Schliff nicht zu vergessen.\u201c \u00dcberlagern Sie Outdoor-Kissen mit f\u00fchlbaren Texturen und einer ged\u00e4mpften Farbpalette aus Blau-, Wei\u00df- und Neutralt\u00f6nen, um eine entspannte Atmosph\u00e4re zu schaffen, und f\u00fcgen Sie einen Teppich und Outdoor-Pouffs hinzu, um ein von Ibiza inspiriertes Gef\u00fchl zu schaffen.\u201c<\/p>\n<div id=\"slice-container-newsletterForm-articleInbodyContent-kVSS9EUbGhUGDcWDvV2BvN\" class=\"slice-container newsletter-inbodyContent-slice newsletterForm-articleInbodyContent-kVSS9EUbGhUGDcWDvV2BvN slice-container-newsletterForm\"><\/div>\n<p>Wenn Sie das n\u00e4chste Mal die Terrasse dekorieren, sollten Sie die Bedeutung von Teppichen nicht au\u00dfer Acht lassen.<\/p>\n<hr>\n<\/div>\n<p><script async src=\"\/\/www.instagram.com\/embed.js\"><\/script><\/p>\n","protected":false},"excerpt":{"rendered":"<p>Die Begriffe \u201eTeppich\u201c und \u201edrau\u00dfen\u201c scheinen nicht zusammenzupassen, aber die dynamische Kombination kann jede Terrasse verwandeln. Angesichts der Vielzahl luxuri\u00f6ser und stilvoller Outdoor-Teppiche auf dem<\/p>\n","protected":false},"author":1,"featured_media":1331,"comment_status":"closed","ping_status":"","sticky":false,"template":"","format":"standard","meta":{"footnotes":""},"categories":[118],"tags":[46,78,281,9,303,2084,2492,55,934,2497,305,2493,15,772,2236,2496,2494,146,165,2491,2495],"class_list":["post-1330","post","type-post","status-publish","format-standard","has-post-thumbnail","hentry","category-haus-garten","tag-auf","tag-den","tag-des","tag-die","tag-einer","tag-einrichtung","tag-frozenstars","tag-fuer","tag-gemuetlich","tag-genug","tag-greift","tag-idina","tag-ist","tag-jahreszeit","tag-jede","tag-luxustrend","tag-menzel","tag-mit","tag-sie","tag-terrasse","tag-unerwarteten","generate-columns","tablet-grid-50","mobile-grid-100","grid-parent","grid-50"],"yoast_head":"<!-- This site is optimized with the Yoast SEO plugin v27.3 - https:\/\/yoast.com\/product\/yoast-seo-wordpress\/ -->\n<title>Die Terrasse des Frozen-Stars Idina Menzel greift mit einer unerwarteten Einrichtung den Luxustrend 2024 auf \u2013 sie ist gem\u00fctlich genug f\u00fcr jede Jahreszeit - Nachrichten - Stra\u00dfenweb<\/title>\n<meta name=\"robots\" content=\"index, follow, max-snippet:-1, max-image-preview:large, max-video-preview:-1\" \/>\n<link rel=\"canonical\" href=\"https:\/\/www.strassenweb.de\/nachrichten\/die-terrasse-des-frozen-stars-idina-menzel-greift-mit-einer-unerwarteten-einrichtung-den-luxustrend-2024-auf-sie-ist-gemuetlich-genug-fuer-jede-jahreszeit\/\" \/>\n<meta property=\"og:locale\" content=\"de_DE\" \/>\n<meta property=\"og:type\" content=\"article\" \/>\n<meta property=\"og:title\" content=\"Die Terrasse des Frozen-Stars Idina Menzel greift mit einer unerwarteten Einrichtung den Luxustrend 2024 auf \u2013 sie ist gem\u00fctlich genug f\u00fcr jede Jahreszeit - Nachrichten - Stra\u00dfenweb\" \/>\n<meta property=\"og:description\" content=\"Die Begriffe \u201eTeppich\u201c und \u201edrau\u00dfen\u201c scheinen nicht zusammenzupassen, aber die dynamische Kombination kann jede Terrasse verwandeln. Angesichts der Vielzahl luxuri\u00f6ser und stilvoller Outdoor-Teppiche auf dem\" \/>\n<meta property=\"og:url\" content=\"https:\/\/www.strassenweb.de\/nachrichten\/die-terrasse-des-frozen-stars-idina-menzel-greift-mit-einer-unerwarteten-einrichtung-den-luxustrend-2024-auf-sie-ist-gemuetlich-genug-fuer-jede-jahreszeit\/\" \/>\n<meta property=\"og:site_name\" content=\"Stra\u00dfenweb\" \/>\n<meta property=\"article:publisher\" content=\"https:\/\/www.facebook.com\/strassenweb\/\" \/>\n<meta property=\"article:published_time\" content=\"2024-11-03T18:53:35+00:00\" \/>\n<meta property=\"article:modified_time\" content=\"2024-11-03T18:53:36+00:00\" \/>\n<meta property=\"og:image\" content=\"https:\/\/www.strassenweb.de\/nachrichten\/wp-content\/uploads\/2024\/11\/Die-Terrasse-des-Frozen-Stars-Idina-Menzel-greift-mit-einer-unerwarteten.jpg\" \/>\n\t<meta property=\"og:image:width\" content=\"1200\" \/>\n\t<meta property=\"og:image:height\" content=\"675\" \/>\n\t<meta property=\"og:image:type\" content=\"image\/jpeg\" \/>\n<meta name=\"author\" content=\"Robert Hoffmann\" \/>\n<meta name=\"twitter:card\" content=\"summary_large_image\" \/>\n<meta name=\"twitter:label1\" content=\"Verfasst von\" \/>\n\t<meta name=\"twitter:data1\" content=\"Robert Hoffmann\" \/>\n\t<meta name=\"twitter:label2\" content=\"Gesch\u00e4tzte Lesezeit\" \/>\n\t<meta name=\"twitter:data2\" content=\"3\u00a0Minuten\" \/>\n<script type=\"application\/ld+json\" class=\"yoast-schema-graph\">{\"@context\":\"https:\\\/\\\/schema.org\",\"@graph\":[{\"@type\":\"Article\",\"@id\":\"https:\\\/\\\/www.strassenweb.de\\\/nachrichten\\\/die-terrasse-des-frozen-stars-idina-menzel-greift-mit-einer-unerwarteten-einrichtung-den-luxustrend-2024-auf-sie-ist-gemuetlich-genug-fuer-jede-jahreszeit\\\/#article\",\"isPartOf\":{\"@id\":\"https:\\\/\\\/www.strassenweb.de\\\/nachrichten\\\/die-terrasse-des-frozen-stars-idina-menzel-greift-mit-einer-unerwarteten-einrichtung-den-luxustrend-2024-auf-sie-ist-gemuetlich-genug-fuer-jede-jahreszeit\\\/\"},\"author\":{\"name\":\"Robert Hoffmann\",\"@id\":\"https:\\\/\\\/www.strassenweb.de\\\/nachrichten\\\/#\\\/schema\\\/person\\\/87c9c9067f1211da429a744dc5a5aa41\"},\"headline\":\"Die Terrasse des Frozen-Stars Idina Menzel greift mit einer unerwarteten Einrichtung den Luxustrend 2024 auf \u2013 sie ist gem\u00fctlich genug f\u00fcr jede Jahreszeit\",\"datePublished\":\"2024-11-03T18:53:35+00:00\",\"dateModified\":\"2024-11-03T18:53:36+00:00\",\"mainEntityOfPage\":{\"@id\":\"https:\\\/\\\/www.strassenweb.de\\\/nachrichten\\\/die-terrasse-des-frozen-stars-idina-menzel-greift-mit-einer-unerwarteten-einrichtung-den-luxustrend-2024-auf-sie-ist-gemuetlich-genug-fuer-jede-jahreszeit\\\/\"},\"wordCount\":704,\"publisher\":{\"@id\":\"https:\\\/\\\/www.strassenweb.de\\\/nachrichten\\\/#organization\"},\"image\":{\"@id\":\"https:\\\/\\\/www.strassenweb.de\\\/nachrichten\\\/die-terrasse-des-frozen-stars-idina-menzel-greift-mit-einer-unerwarteten-einrichtung-den-luxustrend-2024-auf-sie-ist-gemuetlich-genug-fuer-jede-jahreszeit\\\/#primaryimage\"},\"thumbnailUrl\":\"https:\\\/\\\/www.strassenweb.de\\\/nachrichten\\\/wp-content\\\/uploads\\\/2024\\\/11\\\/Die-Terrasse-des-Frozen-Stars-Idina-Menzel-greift-mit-einer-unerwarteten.jpg\",\"keywords\":[\"auf\",\"den\",\"des\",\"die\",\"einer\",\"Einrichtung\",\"FrozenStars\",\"f\u00fcr\",\"gem\u00fctlich\",\"genug\",\"greift\",\"Idina\",\"ist\",\"Jahreszeit\",\"jede\",\"Luxustrend\",\"Menzel\",\"mit\",\"Sie\",\"Terrasse\",\"unerwarteten\"],\"articleSection\":[\"Haus &amp; Garten\"],\"inLanguage\":\"de\"},{\"@type\":\"WebPage\",\"@id\":\"https:\\\/\\\/www.strassenweb.de\\\/nachrichten\\\/die-terrasse-des-frozen-stars-idina-menzel-greift-mit-einer-unerwarteten-einrichtung-den-luxustrend-2024-auf-sie-ist-gemuetlich-genug-fuer-jede-jahreszeit\\\/\",\"url\":\"https:\\\/\\\/www.strassenweb.de\\\/nachrichten\\\/die-terrasse-des-frozen-stars-idina-menzel-greift-mit-einer-unerwarteten-einrichtung-den-luxustrend-2024-auf-sie-ist-gemuetlich-genug-fuer-jede-jahreszeit\\\/\",\"name\":\"Die Terrasse des Frozen-Stars Idina Menzel greift mit einer unerwarteten Einrichtung den Luxustrend 2024 auf \u2013 sie ist gem\u00fctlich genug f\u00fcr jede Jahreszeit - Nachrichten - Stra\u00dfenweb\",\"isPartOf\":{\"@id\":\"https:\\\/\\\/www.strassenweb.de\\\/nachrichten\\\/#website\"},\"primaryImageOfPage\":{\"@id\":\"https:\\\/\\\/www.strassenweb.de\\\/nachrichten\\\/die-terrasse-des-frozen-stars-idina-menzel-greift-mit-einer-unerwarteten-einrichtung-den-luxustrend-2024-auf-sie-ist-gemuetlich-genug-fuer-jede-jahreszeit\\\/#primaryimage\"},\"image\":{\"@id\":\"https:\\\/\\\/www.strassenweb.de\\\/nachrichten\\\/die-terrasse-des-frozen-stars-idina-menzel-greift-mit-einer-unerwarteten-einrichtung-den-luxustrend-2024-auf-sie-ist-gemuetlich-genug-fuer-jede-jahreszeit\\\/#primaryimage\"},\"thumbnailUrl\":\"https:\\\/\\\/www.strassenweb.de\\\/nachrichten\\\/wp-content\\\/uploads\\\/2024\\\/11\\\/Die-Terrasse-des-Frozen-Stars-Idina-Menzel-greift-mit-einer-unerwarteten.jpg\",\"datePublished\":\"2024-11-03T18:53:35+00:00\",\"dateModified\":\"2024-11-03T18:53:36+00:00\",\"breadcrumb\":{\"@id\":\"https:\\\/\\\/www.strassenweb.de\\\/nachrichten\\\/die-terrasse-des-frozen-stars-idina-menzel-greift-mit-einer-unerwarteten-einrichtung-den-luxustrend-2024-auf-sie-ist-gemuetlich-genug-fuer-jede-jahreszeit\\\/#breadcrumb\"},\"inLanguage\":\"de\",\"potentialAction\":[{\"@type\":\"ReadAction\",\"target\":[\"https:\\\/\\\/www.strassenweb.de\\\/nachrichten\\\/die-terrasse-des-frozen-stars-idina-menzel-greift-mit-einer-unerwarteten-einrichtung-den-luxustrend-2024-auf-sie-ist-gemuetlich-genug-fuer-jede-jahreszeit\\\/\"]}]},{\"@type\":\"ImageObject\",\"inLanguage\":\"de\",\"@id\":\"https:\\\/\\\/www.strassenweb.de\\\/nachrichten\\\/die-terrasse-des-frozen-stars-idina-menzel-greift-mit-einer-unerwarteten-einrichtung-den-luxustrend-2024-auf-sie-ist-gemuetlich-genug-fuer-jede-jahreszeit\\\/#primaryimage\",\"url\":\"https:\\\/\\\/www.strassenweb.de\\\/nachrichten\\\/wp-content\\\/uploads\\\/2024\\\/11\\\/Die-Terrasse-des-Frozen-Stars-Idina-Menzel-greift-mit-einer-unerwarteten.jpg\",\"contentUrl\":\"https:\\\/\\\/www.strassenweb.de\\\/nachrichten\\\/wp-content\\\/uploads\\\/2024\\\/11\\\/Die-Terrasse-des-Frozen-Stars-Idina-Menzel-greift-mit-einer-unerwarteten.jpg\",\"width\":1200,\"height\":675,\"caption\":\"Die Terrasse des Frozen-Stars Idina Menzel greift mit einer unerwarteten Einrichtung den Luxustrend 2024 auf \u2013 sie ist gem\u00fctlich genug f\u00fcr jede Jahreszeit\"},{\"@type\":\"BreadcrumbList\",\"@id\":\"https:\\\/\\\/www.strassenweb.de\\\/nachrichten\\\/die-terrasse-des-frozen-stars-idina-menzel-greift-mit-einer-unerwarteten-einrichtung-den-luxustrend-2024-auf-sie-ist-gemuetlich-genug-fuer-jede-jahreszeit\\\/#breadcrumb\",\"itemListElement\":[{\"@type\":\"ListItem\",\"position\":1,\"name\":\"Home\",\"item\":\"https:\\\/\\\/www.strassenweb.de\\\/nachrichten\\\/\"},{\"@type\":\"ListItem\",\"position\":2,\"name\":\"Die Terrasse des Frozen-Stars Idina Menzel greift mit einer unerwarteten Einrichtung den Luxustrend 2024 auf \u2013 sie ist gem\u00fctlich genug f\u00fcr jede Jahreszeit\"}]},{\"@type\":\"WebSite\",\"@id\":\"https:\\\/\\\/www.strassenweb.de\\\/nachrichten\\\/#website\",\"url\":\"https:\\\/\\\/www.strassenweb.de\\\/nachrichten\\\/\",\"name\":\"Stra\u00dfenweb\",\"description\":\"Stra\u00dfenverzeichnis f\u00fcr Deutschland\",\"publisher\":{\"@id\":\"https:\\\/\\\/www.strassenweb.de\\\/nachrichten\\\/#organization\"},\"potentialAction\":[{\"@type\":\"SearchAction\",\"target\":{\"@type\":\"EntryPoint\",\"urlTemplate\":\"https:\\\/\\\/www.strassenweb.de\\\/nachrichten\\\/?s={search_term_string}\"},\"query-input\":{\"@type\":\"PropertyValueSpecification\",\"valueRequired\":true,\"valueName\":\"search_term_string\"}}],\"inLanguage\":\"de\"},{\"@type\":\"Organization\",\"@id\":\"https:\\\/\\\/www.strassenweb.de\\\/nachrichten\\\/#organization\",\"name\":\"Stra\u00dfenweb\",\"url\":\"https:\\\/\\\/www.strassenweb.de\\\/nachrichten\\\/\",\"logo\":{\"@type\":\"ImageObject\",\"inLanguage\":\"de\",\"@id\":\"https:\\\/\\\/www.strassenweb.de\\\/nachrichten\\\/#\\\/schema\\\/logo\\\/image\\\/\",\"url\":\"https:\\\/\\\/www.strassenweb.de\\\/nachrichten\\\/wp-content\\\/uploads\\\/2024\\\/09\\\/cropped-favicon.png\",\"contentUrl\":\"https:\\\/\\\/www.strassenweb.de\\\/nachrichten\\\/wp-content\\\/uploads\\\/2024\\\/09\\\/cropped-favicon.png\",\"width\":512,\"height\":512,\"caption\":\"Stra\u00dfenweb\"},\"image\":{\"@id\":\"https:\\\/\\\/www.strassenweb.de\\\/nachrichten\\\/#\\\/schema\\\/logo\\\/image\\\/\"},\"sameAs\":[\"https:\\\/\\\/www.facebook.com\\\/strassenweb\\\/\"]},{\"@type\":\"Person\",\"@id\":\"https:\\\/\\\/www.strassenweb.de\\\/nachrichten\\\/#\\\/schema\\\/person\\\/87c9c9067f1211da429a744dc5a5aa41\",\"name\":\"Robert Hoffmann\",\"image\":{\"@type\":\"ImageObject\",\"inLanguage\":\"de\",\"@id\":\"https:\\\/\\\/www.strassenweb.de\\\/nachrichten\\\/wp-content\\\/uploads\\\/2024\\\/09\\\/strassenweb-150x150.jpg\",\"url\":\"https:\\\/\\\/www.strassenweb.de\\\/nachrichten\\\/wp-content\\\/uploads\\\/2024\\\/09\\\/strassenweb-150x150.jpg\",\"contentUrl\":\"https:\\\/\\\/www.strassenweb.de\\\/nachrichten\\\/wp-content\\\/uploads\\\/2024\\\/09\\\/strassenweb-150x150.jpg\",\"caption\":\"Robert Hoffmann\"},\"description\":\"Ich hei\u00dfe Robert Hoffmann und ich bin ein leidenschaftlicher Verfechter von \u00d6kologie und Biodiversit\u00e4t. Seit meiner Kindheit in den W\u00e4ldern Bayerns f\u00fchle ich mich mit der Natur verbunden und bin entschlossen, sie zu sch\u00fctzen. Heute widme ich mein Leben der Sensibilisierung anderer f\u00fcr die Bedeutung des Umweltschutzes f\u00fcr zuk\u00fcnftige Generationen.\",\"sameAs\":[\"https:\\\/\\\/www.strassenweb.de\\\/\"]}]}<\/script>\n<!-- \/ Yoast SEO plugin. -->","yoast_head_json":{"title":"Die Terrasse des Frozen-Stars Idina Menzel greift mit einer unerwarteten Einrichtung den Luxustrend 2024 auf \u2013 sie ist gem\u00fctlich genug f\u00fcr jede Jahreszeit - Nachrichten - Stra\u00dfenweb","robots":{"index":"index","follow":"follow","max-snippet":"max-snippet:-1","max-image-preview":"max-image-preview:large","max-video-preview":"max-video-preview:-1"},"canonical":"https:\/\/www.strassenweb.de\/nachrichten\/die-terrasse-des-frozen-stars-idina-menzel-greift-mit-einer-unerwarteten-einrichtung-den-luxustrend-2024-auf-sie-ist-gemuetlich-genug-fuer-jede-jahreszeit\/","og_locale":"de_DE","og_type":"article","og_title":"Die Terrasse des Frozen-Stars Idina Menzel greift mit einer unerwarteten Einrichtung den Luxustrend 2024 auf \u2013 sie ist gem\u00fctlich genug f\u00fcr jede Jahreszeit - Nachrichten - Stra\u00dfenweb","og_description":"Die Begriffe \u201eTeppich\u201c und \u201edrau\u00dfen\u201c scheinen nicht zusammenzupassen, aber die dynamische Kombination kann jede Terrasse verwandeln. Angesichts der Vielzahl luxuri\u00f6ser und stilvoller Outdoor-Teppiche auf dem","og_url":"https:\/\/www.strassenweb.de\/nachrichten\/die-terrasse-des-frozen-stars-idina-menzel-greift-mit-einer-unerwarteten-einrichtung-den-luxustrend-2024-auf-sie-ist-gemuetlich-genug-fuer-jede-jahreszeit\/","og_site_name":"Stra\u00dfenweb","article_publisher":"https:\/\/www.facebook.com\/strassenweb\/","article_published_time":"2024-11-03T18:53:35+00:00","article_modified_time":"2024-11-03T18:53:36+00:00","og_image":[{"width":1200,"height":675,"url":"https:\/\/www.strassenweb.de\/nachrichten\/wp-content\/uploads\/2024\/11\/Die-Terrasse-des-Frozen-Stars-Idina-Menzel-greift-mit-einer-unerwarteten.jpg","type":"image\/jpeg"}],"author":"Robert Hoffmann","twitter_card":"summary_large_image","twitter_misc":{"Verfasst von":"Robert Hoffmann","Gesch\u00e4tzte Lesezeit":"3\u00a0Minuten"},"schema":{"@context":"https:\/\/schema.org","@graph":[{"@type":"Article","@id":"https:\/\/www.strassenweb.de\/nachrichten\/die-terrasse-des-frozen-stars-idina-menzel-greift-mit-einer-unerwarteten-einrichtung-den-luxustrend-2024-auf-sie-ist-gemuetlich-genug-fuer-jede-jahreszeit\/#article","isPartOf":{"@id":"https:\/\/www.strassenweb.de\/nachrichten\/die-terrasse-des-frozen-stars-idina-menzel-greift-mit-einer-unerwarteten-einrichtung-den-luxustrend-2024-auf-sie-ist-gemuetlich-genug-fuer-jede-jahreszeit\/"},"author":{"name":"Robert Hoffmann","@id":"https:\/\/www.strassenweb.de\/nachrichten\/#\/schema\/person\/87c9c9067f1211da429a744dc5a5aa41"},"headline":"Die Terrasse des Frozen-Stars Idina Menzel greift mit einer unerwarteten Einrichtung den Luxustrend 2024 auf \u2013 sie ist gem\u00fctlich genug f\u00fcr jede Jahreszeit","datePublished":"2024-11-03T18:53:35+00:00","dateModified":"2024-11-03T18:53:36+00:00","mainEntityOfPage":{"@id":"https:\/\/www.strassenweb.de\/nachrichten\/die-terrasse-des-frozen-stars-idina-menzel-greift-mit-einer-unerwarteten-einrichtung-den-luxustrend-2024-auf-sie-ist-gemuetlich-genug-fuer-jede-jahreszeit\/"},"wordCount":704,"publisher":{"@id":"https:\/\/www.strassenweb.de\/nachrichten\/#organization"},"image":{"@id":"https:\/\/www.strassenweb.de\/nachrichten\/die-terrasse-des-frozen-stars-idina-menzel-greift-mit-einer-unerwarteten-einrichtung-den-luxustrend-2024-auf-sie-ist-gemuetlich-genug-fuer-jede-jahreszeit\/#primaryimage"},"thumbnailUrl":"https:\/\/www.strassenweb.de\/nachrichten\/wp-content\/uploads\/2024\/11\/Die-Terrasse-des-Frozen-Stars-Idina-Menzel-greift-mit-einer-unerwarteten.jpg","keywords":["auf","den","des","die","einer","Einrichtung","FrozenStars","f\u00fcr","gem\u00fctlich","genug","greift","Idina","ist","Jahreszeit","jede","Luxustrend","Menzel","mit","Sie","Terrasse","unerwarteten"],"articleSection":["Haus &amp; Garten"],"inLanguage":"de"},{"@type":"WebPage","@id":"https:\/\/www.strassenweb.de\/nachrichten\/die-terrasse-des-frozen-stars-idina-menzel-greift-mit-einer-unerwarteten-einrichtung-den-luxustrend-2024-auf-sie-ist-gemuetlich-genug-fuer-jede-jahreszeit\/","url":"https:\/\/www.strassenweb.de\/nachrichten\/die-terrasse-des-frozen-stars-idina-menzel-greift-mit-einer-unerwarteten-einrichtung-den-luxustrend-2024-auf-sie-ist-gemuetlich-genug-fuer-jede-jahreszeit\/","name":"Die Terrasse des Frozen-Stars Idina Menzel greift mit einer unerwarteten Einrichtung den Luxustrend 2024 auf \u2013 sie ist gem\u00fctlich genug f\u00fcr jede Jahreszeit - Nachrichten - Stra\u00dfenweb","isPartOf":{"@id":"https:\/\/www.strassenweb.de\/nachrichten\/#website"},"primaryImageOfPage":{"@id":"https:\/\/www.strassenweb.de\/nachrichten\/die-terrasse-des-frozen-stars-idina-menzel-greift-mit-einer-unerwarteten-einrichtung-den-luxustrend-2024-auf-sie-ist-gemuetlich-genug-fuer-jede-jahreszeit\/#primaryimage"},"image":{"@id":"https:\/\/www.strassenweb.de\/nachrichten\/die-terrasse-des-frozen-stars-idina-menzel-greift-mit-einer-unerwarteten-einrichtung-den-luxustrend-2024-auf-sie-ist-gemuetlich-genug-fuer-jede-jahreszeit\/#primaryimage"},"thumbnailUrl":"https:\/\/www.strassenweb.de\/nachrichten\/wp-content\/uploads\/2024\/11\/Die-Terrasse-des-Frozen-Stars-Idina-Menzel-greift-mit-einer-unerwarteten.jpg","datePublished":"2024-11-03T18:53:35+00:00","dateModified":"2024-11-03T18:53:36+00:00","breadcrumb":{"@id":"https:\/\/www.strassenweb.de\/nachrichten\/die-terrasse-des-frozen-stars-idina-menzel-greift-mit-einer-unerwarteten-einrichtung-den-luxustrend-2024-auf-sie-ist-gemuetlich-genug-fuer-jede-jahreszeit\/#breadcrumb"},"inLanguage":"de","potentialAction":[{"@type":"ReadAction","target":["https:\/\/www.strassenweb.de\/nachrichten\/die-terrasse-des-frozen-stars-idina-menzel-greift-mit-einer-unerwarteten-einrichtung-den-luxustrend-2024-auf-sie-ist-gemuetlich-genug-fuer-jede-jahreszeit\/"]}]},{"@type":"ImageObject","inLanguage":"de","@id":"https:\/\/www.strassenweb.de\/nachrichten\/die-terrasse-des-frozen-stars-idina-menzel-greift-mit-einer-unerwarteten-einrichtung-den-luxustrend-2024-auf-sie-ist-gemuetlich-genug-fuer-jede-jahreszeit\/#primaryimage","url":"https:\/\/www.strassenweb.de\/nachrichten\/wp-content\/uploads\/2024\/11\/Die-Terrasse-des-Frozen-Stars-Idina-Menzel-greift-mit-einer-unerwarteten.jpg","contentUrl":"https:\/\/www.strassenweb.de\/nachrichten\/wp-content\/uploads\/2024\/11\/Die-Terrasse-des-Frozen-Stars-Idina-Menzel-greift-mit-einer-unerwarteten.jpg","width":1200,"height":675,"caption":"Die Terrasse des Frozen-Stars Idina Menzel greift mit einer unerwarteten Einrichtung den Luxustrend 2024 auf \u2013 sie ist gem\u00fctlich genug f\u00fcr jede Jahreszeit"},{"@type":"BreadcrumbList","@id":"https:\/\/www.strassenweb.de\/nachrichten\/die-terrasse-des-frozen-stars-idina-menzel-greift-mit-einer-unerwarteten-einrichtung-den-luxustrend-2024-auf-sie-ist-gemuetlich-genug-fuer-jede-jahreszeit\/#breadcrumb","itemListElement":[{"@type":"ListItem","position":1,"name":"Home","item":"https:\/\/www.strassenweb.de\/nachrichten\/"},{"@type":"ListItem","position":2,"name":"Die Terrasse des Frozen-Stars Idina Menzel greift mit einer unerwarteten Einrichtung den Luxustrend 2024 auf \u2013 sie ist gem\u00fctlich genug f\u00fcr jede Jahreszeit"}]},{"@type":"WebSite","@id":"https:\/\/www.strassenweb.de\/nachrichten\/#website","url":"https:\/\/www.strassenweb.de\/nachrichten\/","name":"Stra\u00dfenweb","description":"Stra\u00dfenverzeichnis f\u00fcr Deutschland","publisher":{"@id":"https:\/\/www.strassenweb.de\/nachrichten\/#organization"},"potentialAction":[{"@type":"SearchAction","target":{"@type":"EntryPoint","urlTemplate":"https:\/\/www.strassenweb.de\/nachrichten\/?s={search_term_string}"},"query-input":{"@type":"PropertyValueSpecification","valueRequired":true,"valueName":"search_term_string"}}],"inLanguage":"de"},{"@type":"Organization","@id":"https:\/\/www.strassenweb.de\/nachrichten\/#organization","name":"Stra\u00dfenweb","url":"https:\/\/www.strassenweb.de\/nachrichten\/","logo":{"@type":"ImageObject","inLanguage":"de","@id":"https:\/\/www.strassenweb.de\/nachrichten\/#\/schema\/logo\/image\/","url":"https:\/\/www.strassenweb.de\/nachrichten\/wp-content\/uploads\/2024\/09\/cropped-favicon.png","contentUrl":"https:\/\/www.strassenweb.de\/nachrichten\/wp-content\/uploads\/2024\/09\/cropped-favicon.png","width":512,"height":512,"caption":"Stra\u00dfenweb"},"image":{"@id":"https:\/\/www.strassenweb.de\/nachrichten\/#\/schema\/logo\/image\/"},"sameAs":["https:\/\/www.facebook.com\/strassenweb\/"]},{"@type":"Person","@id":"https:\/\/www.strassenweb.de\/nachrichten\/#\/schema\/person\/87c9c9067f1211da429a744dc5a5aa41","name":"Robert Hoffmann","image":{"@type":"ImageObject","inLanguage":"de","@id":"https:\/\/www.strassenweb.de\/nachrichten\/wp-content\/uploads\/2024\/09\/strassenweb-150x150.jpg","url":"https:\/\/www.strassenweb.de\/nachrichten\/wp-content\/uploads\/2024\/09\/strassenweb-150x150.jpg","contentUrl":"https:\/\/www.strassenweb.de\/nachrichten\/wp-content\/uploads\/2024\/09\/strassenweb-150x150.jpg","caption":"Robert Hoffmann"},"description":"Ich hei\u00dfe Robert Hoffmann und ich bin ein leidenschaftlicher Verfechter von \u00d6kologie und Biodiversit\u00e4t. Seit meiner Kindheit in den W\u00e4ldern Bayerns f\u00fchle ich mich mit der Natur verbunden und bin entschlossen, sie zu sch\u00fctzen. Heute widme ich mein Leben der Sensibilisierung anderer f\u00fcr die Bedeutung des Umweltschutzes f\u00fcr zuk\u00fcnftige Generationen.","sameAs":["https:\/\/www.strassenweb.de\/"]}]}},"_links":{"self":[{"href":"https:\/\/www.strassenweb.de\/nachrichten\/wp-json\/wp\/v2\/posts\/1330","targetHints":{"allow":["GET"]}}],"collection":[{"href":"https:\/\/www.strassenweb.de\/nachrichten\/wp-json\/wp\/v2\/posts"}],"about":[{"href":"https:\/\/www.strassenweb.de\/nachrichten\/wp-json\/wp\/v2\/types\/post"}],"author":[{"embeddable":true,"href":"https:\/\/www.strassenweb.de\/nachrichten\/wp-json\/wp\/v2\/users\/1"}],"replies":[{"embeddable":true,"href":"https:\/\/www.strassenweb.de\/nachrichten\/wp-json\/wp\/v2\/comments?post=1330"}],"version-history":[{"count":0,"href":"https:\/\/www.strassenweb.de\/nachrichten\/wp-json\/wp\/v2\/posts\/1330\/revisions"}],"wp:featuredmedia":[{"embeddable":true,"href":"https:\/\/www.strassenweb.de\/nachrichten\/wp-json\/wp\/v2\/media\/1331"}],"wp:attachment":[{"href":"https:\/\/www.strassenweb.de\/nachrichten\/wp-json\/wp\/v2\/media?parent=1330"}],"wp:term":[{"taxonomy":"category","embeddable":true,"href":"https:\/\/www.strassenweb.de\/nachrichten\/wp-json\/wp\/v2\/categories?post=1330"},{"taxonomy":"post_tag","embeddable":true,"href":"https:\/\/www.strassenweb.de\/nachrichten\/wp-json\/wp\/v2\/tags?post=1330"}],"curies":[{"name":"wp","href":"https:\/\/api.w.org\/{rel}","templated":true}]}}