{"id":13298,"date":"2026-04-28T16:39:31","date_gmt":"2026-04-28T14:39:31","guid":{"rendered":"https:\/\/www.strassenweb.de\/nachrichten\/folgendes-wissen-wir-ueber-die-klimakosten-von-white-trails\/"},"modified":"2026-04-28T16:39:37","modified_gmt":"2026-04-28T14:39:37","slug":"folgendes-wissen-wir-ueber-die-klimakosten-von-white-trails","status":"publish","type":"post","link":"https:\/\/www.strassenweb.de\/nachrichten\/folgendes-wissen-wir-ueber-die-klimakosten-von-white-trails\/","title":{"rendered":"Folgendes wissen wir \u00fcber die Klimakosten von White Trails \u2026"},"content":{"rendered":"<p>Kondensstreifen, kurz f\u00fcr Kondensstreifen, sind die wei\u00dfen Streifen, die oft am Himmel hinter Flugzeugen zu sehen sind. Der internationale Wolkenatlas, der Wolken klassifiziert, hat eine eigene Kategorie: Cirrus homogenitus, ein Beispiel f\u00fcr k\u00fcnstliche Wolken.<\/p>\n<p>Kondensstreifen tragen zum Klimawandel bei und verst\u00e4rken die Erw\u00e4rmung durch den Kohlendioxidaussto\u00df der Luftfahrt. Obwohl das genaue Ausma\u00df der durch diese zart aussehenden Wolken verursachten Erw\u00e4rmung ungewiss ist, deuten die aktuellen Erkenntnisse darauf hin, dass eine Reduzierung der Anzahl von Kondensstreifen das Potenzial hat, die Auswirkungen von Fl\u00fcgen auf das Klima zu verringern.<\/p>\n<p>Kondensstreifen bestehen aus Eiskristallen. Diese reflektieren das Sonnenlicht, wodurch die Erdoberfl\u00e4che weniger Energie erh\u00e4lt, aber gleichzeitig einen Teil der von der Erde ausgehenden Infrarotstrahlung einf\u00e4ngt. Abh\u00e4ngig vom Gleichgewicht zwischen diesen beiden gegens\u00e4tzlichen Effekten, einem Nettoenergieverlust oder einem Energiegewinn, k\u00f6nnen sich einzelne Kondensstreifen im Laufe ihrer Lebensdauer entweder erw\u00e4rmen oder abk\u00fchlen, aber die Erw\u00e4rmung \u00fcberwiegt, wenn man sie \u00fcber die globale, j\u00e4hrliche Kondensstreifenpopulation gemittelt betrachtet.<\/p>\n<h2 class=\"wp-block-heading\">Wie werden sie hergestellt?<\/h2>\n<p>Kondensstreifen bilden sich hinter Flugzeugen in einer H\u00f6he von etwa 10\u201311 km. Sie entstehen nur in ausreichend kalten und feuchten Regionen der Atmosph\u00e4re, wo Wasserdampf an den von Flugzeugtriebwerken ausgesto\u00dfenen Ru\u00dfpartikeln kondensiert und Fl\u00fcssigkeitstr\u00f6pfchen bildet, die zu Eiskristallen gefrieren. Die Regionen mit den meisten Kondensstreifen liegen \u00fcber Europa, dem Nordatlantik und dem \u00f6stlichen Nordamerika. In Asien sind sie seltener.<\/p>\n<p>Zur Bildung von Kondensstreifen werden Ru\u00dfpartikel ben\u00f6tigt, doch auch Motoren, die nur sehr wenige Ru\u00dfpartikel aussto\u00dfen, erzeugen Kondensstreifen. Andere Partikel, die sich h\u00e4ufig in der Triebwerksfahne bilden, \u00fcbernehmen die Kontrolle und f\u00fchren zur Bildung von Kondensstreifen. Einige Kombinationen von Kraftstoff- und Motortechnologie k\u00f6nnten jedoch dennoch eine M\u00f6glichkeit bieten, weniger Kondensstreifen zu bilden, oder zumindest Kondensstreifen mit geringeren Auswirkungen auf das Klima.<\/p>\n<p>Die Eigenschaften eines Kondensstreifens h\u00e4ngen zun\u00e4chst von der Gr\u00f6\u00dfe, Form und Triebwerksposition des Flugzeugs ab, das ihn erzeugt hat, letztlich sind aber die atmosph\u00e4rischen Bedingungen wichtiger.<\/p>\n<p>In einer trockenen Atmosph\u00e4re halten Kondensstreifen nur wenige Minuten an und bedecken eine winzige Fl\u00e4che: Ihre Auswirkungen auf das Klima sind vernachl\u00e4ssigbar. Wenn die Atmosph\u00e4re jedoch kalt und feucht genug bleibt, bilden sich viele Kondensstreifen, wachsen und verschmelzen zu Feldern aus Eiswolken, den sogenannten Kondensstreifenzirren.<\/p>\n<p>Kondensstreifenzirren wirken sich auf das Klima aus, da sie mehrere Stunden andauern und gro\u00dfe Gebiete bedecken k\u00f6nnen, manchmal sogar ganze L\u00e4nder, wie beispielsweise im Vereinigten K\u00f6nigreich und in Frankreich beobachtet wurde.<\/p>\n<figure class=\"wp-block-image\"><\/figure>\n<p>Einige Kondensstreifen-Zirruswolken k\u00f6nnen die gleichen Auswirkungen auf das Klima haben wie Dutzende oder sogar Hunderte Tonnen Kohlendioxid.<\/p>\n<p>Zwei Effekte machen Kondensstreifen besonders wirksam. Obwohl Kondensstreifen zun\u00e4chst aus den wenigen hundert Kilogramm Wasserdampf und den Dutzenden Gramm Ru\u00df entstehen, die jede Flugminute freigesetzt werden, gewinnen sie dann durch die Luftfeuchtigkeit an Masse. Au\u00dferdem absorbieren Eiskristalle Infrarotstrahlung praktisch bei allen Wellenl\u00e4ngen, w\u00e4hrend Kohlendioxid nur in schmalen Wellenl\u00e4ngenbereichen absorbiert.<\/p>\n<p>Kondensstreifenzirren beeintr\u00e4chtigen jedoch f\u00fcr einige Stunden stark den Energiefluss in die Erde hinein und aus ihr heraus. Dies steht im Gegensatz zu den vergleichsweise schw\u00e4cheren Ver\u00e4nderungen durch Kohlendioxid, die \u00fcber Jahrhunderte anhalten. Die durch einen Flug verursachte Erw\u00e4rmung wird also zun\u00e4chst durch Kondensstreifen dominiert, einige Jahre nach dem Flug wird jedoch Kohlendioxid dominieren.<\/p>\n<p>Die Umleitung von Flugzeugen, um Fl\u00fcge in Regionen zu vermeiden, in denen sich Kondensstreifen bilden, k\u00f6nnte die durch einen wachsenden Luftverkehrssektor verursachte Klimaerw\u00e4rmung verlangsamen. Aber es gibt noch viele Dinge, die Wissenschaftler verstehen m\u00fcssen, um mit dieser Art der Planung vorherzusagen, bei welchen Fl\u00fcgen ihre Klimaauswirkungen am st\u00e4rksten reduziert w\u00fcrden.<\/p>\n<p>Die Wettervorhersagen zur Luftfeuchtigkeit in Flugh\u00f6he m\u00fcssen verbessert werden. Eine M\u00f6glichkeit dazu besteht darin, die Luftfeuchtigkeit genauer und h\u00e4ufiger zu messen. Dies ist das Ziel des Mist-Forschungsprojekts, bei dem ich mit Honeywell Aerospace UK und Boeing UK zusammenarbeite, um einen Feuchtigkeitssensor zur Erkennung der Kondensstreifenbildung zu entwickeln, zu sehen, wie der Sensor in Verkehrsflugzeuge integriert werden kann, und zu bewerten, wie sich bessere Feuchtigkeitsmessungen auf die vorhergesagten Klimaauswirkungen von Kondensstreifen auswirken.<\/p>\n<p>Viele Forschungsprojekte versuchen, die Klimaauswirkungen von Kondensstreifen besser zu quantifizieren und Wege zu finden, um weniger w\u00e4rmende Kondensstreifen zu bilden. Der Wechsel der Kraftstoff- oder Motortechnologie erfolgt langsam. Eine Optimierung der Flugbahnen anhand von Wettervorhersagen, um die kalten, feuchten Regionen der Atmosph\u00e4re zu meiden, in denen sich Kondensstreifen bilden, k\u00f6nnte jedoch schneller m\u00f6glich sein.<\/p>\n<p>Nicolas Bellouin, Professor f\u00fcr Klimaprozesse, <em>Universit\u00e4t Reading<\/em><\/p>\n<p>  wird von The Conversation unter einer Creative Commons-Lizenz erneut ver\u00f6ffentlicht. <\/p>\n<p>Hauptfoto von Brigitte Elsner auf Unsplash<\/p><\/p>\n","protected":false},"excerpt":{"rendered":"<p>Kondensstreifen, kurz f\u00fcr Kondensstreifen, sind die wei\u00dfen Streifen, die oft am Himmel hinter Flugzeugen zu sehen sind. Der internationale Wolkenatlas, der Wolken klassifiziert, hat eine<\/p>\n","protected":false},"author":1,"featured_media":13299,"comment_status":"closed","ping_status":"","sticky":false,"template":"","format":"standard","meta":{"footnotes":""},"categories":[101],"tags":[9,5850,14958,14959,260,21,2483,411,2774],"class_list":["post-13298","post","type-post","status-publish","format-standard","has-post-thumbnail","hentry","category-oekologie","tag-die","tag-folgendes","tag-klimakosten","tag-trails","tag-ueber","tag-von","tag-white","tag-wir","tag-wissen","generate-columns","tablet-grid-50","mobile-grid-100","grid-parent","grid-50"],"yoast_head":"<!-- This site is optimized with the Yoast SEO plugin v27.3 - https:\/\/yoast.com\/product\/yoast-seo-wordpress\/ -->\n<title>Folgendes wissen wir \u00fcber die Klimakosten von White Trails \u2026 - Nachrichten - Stra\u00dfenweb<\/title>\n<meta name=\"robots\" content=\"index, follow, max-snippet:-1, max-image-preview:large, max-video-preview:-1\" \/>\n<link rel=\"canonical\" href=\"https:\/\/www.strassenweb.de\/nachrichten\/folgendes-wissen-wir-ueber-die-klimakosten-von-white-trails\/\" \/>\n<meta property=\"og:locale\" content=\"de_DE\" \/>\n<meta property=\"og:type\" content=\"article\" \/>\n<meta property=\"og:title\" content=\"Folgendes wissen wir \u00fcber die Klimakosten von White Trails \u2026 - Nachrichten - Stra\u00dfenweb\" \/>\n<meta property=\"og:description\" content=\"Kondensstreifen, kurz f\u00fcr Kondensstreifen, sind die wei\u00dfen Streifen, die oft am Himmel hinter Flugzeugen zu sehen sind. Der internationale Wolkenatlas, der Wolken klassifiziert, hat eine\" \/>\n<meta property=\"og:url\" content=\"https:\/\/www.strassenweb.de\/nachrichten\/folgendes-wissen-wir-ueber-die-klimakosten-von-white-trails\/\" \/>\n<meta property=\"og:site_name\" content=\"Stra\u00dfenweb\" \/>\n<meta property=\"article:publisher\" content=\"https:\/\/www.facebook.com\/strassenweb\/\" \/>\n<meta property=\"article:published_time\" content=\"2026-04-28T14:39:31+00:00\" \/>\n<meta property=\"article:modified_time\" content=\"2026-04-28T14:39:37+00:00\" \/>\n<meta property=\"og:image\" content=\"https:\/\/www.strassenweb.de\/nachrichten\/wp-content\/uploads\/2026\/04\/Folgendes-wissen-wir-ueber-die-Klimakosten-von-White-Trails-\u2026.jpg\" \/>\n\t<meta property=\"og:image:width\" content=\"900\" \/>\n\t<meta property=\"og:image:height\" content=\"600\" \/>\n\t<meta property=\"og:image:type\" content=\"image\/jpeg\" \/>\n<meta name=\"author\" content=\"Robert Hoffmann\" \/>\n<meta name=\"twitter:card\" content=\"summary_large_image\" \/>\n<meta name=\"twitter:label1\" content=\"Verfasst von\" \/>\n\t<meta name=\"twitter:data1\" content=\"Robert Hoffmann\" \/>\n\t<meta name=\"twitter:label2\" content=\"Gesch\u00e4tzte Lesezeit\" \/>\n\t<meta name=\"twitter:data2\" content=\"4\u00a0Minuten\" \/>\n<script type=\"application\/ld+json\" class=\"yoast-schema-graph\">{\"@context\":\"https:\\\/\\\/schema.org\",\"@graph\":[{\"@type\":\"Article\",\"@id\":\"https:\\\/\\\/www.strassenweb.de\\\/nachrichten\\\/folgendes-wissen-wir-ueber-die-klimakosten-von-white-trails\\\/#article\",\"isPartOf\":{\"@id\":\"https:\\\/\\\/www.strassenweb.de\\\/nachrichten\\\/folgendes-wissen-wir-ueber-die-klimakosten-von-white-trails\\\/\"},\"author\":{\"name\":\"Robert Hoffmann\",\"@id\":\"https:\\\/\\\/www.strassenweb.de\\\/nachrichten\\\/#\\\/schema\\\/person\\\/87c9c9067f1211da429a744dc5a5aa41\"},\"headline\":\"Folgendes wissen wir \u00fcber die Klimakosten von White Trails \u2026\",\"datePublished\":\"2026-04-28T14:39:31+00:00\",\"dateModified\":\"2026-04-28T14:39:37+00:00\",\"mainEntityOfPage\":{\"@id\":\"https:\\\/\\\/www.strassenweb.de\\\/nachrichten\\\/folgendes-wissen-wir-ueber-die-klimakosten-von-white-trails\\\/\"},\"wordCount\":776,\"publisher\":{\"@id\":\"https:\\\/\\\/www.strassenweb.de\\\/nachrichten\\\/#organization\"},\"image\":{\"@id\":\"https:\\\/\\\/www.strassenweb.de\\\/nachrichten\\\/folgendes-wissen-wir-ueber-die-klimakosten-von-white-trails\\\/#primaryimage\"},\"thumbnailUrl\":\"https:\\\/\\\/www.strassenweb.de\\\/nachrichten\\\/wp-content\\\/uploads\\\/2026\\\/04\\\/Folgendes-wissen-wir-ueber-die-Klimakosten-von-White-Trails-\u2026.jpg\",\"keywords\":[\"die\",\"Folgendes\",\"Klimakosten\",\"Trails\",\"\u00fcber\",\"von\",\"White\",\"wir\",\"wissen\"],\"articleSection\":[\"\u00d6kologie\"],\"inLanguage\":\"de\"},{\"@type\":\"WebPage\",\"@id\":\"https:\\\/\\\/www.strassenweb.de\\\/nachrichten\\\/folgendes-wissen-wir-ueber-die-klimakosten-von-white-trails\\\/\",\"url\":\"https:\\\/\\\/www.strassenweb.de\\\/nachrichten\\\/folgendes-wissen-wir-ueber-die-klimakosten-von-white-trails\\\/\",\"name\":\"Folgendes wissen wir \u00fcber die Klimakosten von White Trails \u2026 - Nachrichten - Stra\u00dfenweb\",\"isPartOf\":{\"@id\":\"https:\\\/\\\/www.strassenweb.de\\\/nachrichten\\\/#website\"},\"primaryImageOfPage\":{\"@id\":\"https:\\\/\\\/www.strassenweb.de\\\/nachrichten\\\/folgendes-wissen-wir-ueber-die-klimakosten-von-white-trails\\\/#primaryimage\"},\"image\":{\"@id\":\"https:\\\/\\\/www.strassenweb.de\\\/nachrichten\\\/folgendes-wissen-wir-ueber-die-klimakosten-von-white-trails\\\/#primaryimage\"},\"thumbnailUrl\":\"https:\\\/\\\/www.strassenweb.de\\\/nachrichten\\\/wp-content\\\/uploads\\\/2026\\\/04\\\/Folgendes-wissen-wir-ueber-die-Klimakosten-von-White-Trails-\u2026.jpg\",\"datePublished\":\"2026-04-28T14:39:31+00:00\",\"dateModified\":\"2026-04-28T14:39:37+00:00\",\"breadcrumb\":{\"@id\":\"https:\\\/\\\/www.strassenweb.de\\\/nachrichten\\\/folgendes-wissen-wir-ueber-die-klimakosten-von-white-trails\\\/#breadcrumb\"},\"inLanguage\":\"de\",\"potentialAction\":[{\"@type\":\"ReadAction\",\"target\":[\"https:\\\/\\\/www.strassenweb.de\\\/nachrichten\\\/folgendes-wissen-wir-ueber-die-klimakosten-von-white-trails\\\/\"]}]},{\"@type\":\"ImageObject\",\"inLanguage\":\"de\",\"@id\":\"https:\\\/\\\/www.strassenweb.de\\\/nachrichten\\\/folgendes-wissen-wir-ueber-die-klimakosten-von-white-trails\\\/#primaryimage\",\"url\":\"https:\\\/\\\/www.strassenweb.de\\\/nachrichten\\\/wp-content\\\/uploads\\\/2026\\\/04\\\/Folgendes-wissen-wir-ueber-die-Klimakosten-von-White-Trails-\u2026.jpg\",\"contentUrl\":\"https:\\\/\\\/www.strassenweb.de\\\/nachrichten\\\/wp-content\\\/uploads\\\/2026\\\/04\\\/Folgendes-wissen-wir-ueber-die-Klimakosten-von-White-Trails-\u2026.jpg\",\"width\":900,\"height\":600,\"caption\":\"Here\u2019s what we know about the climate cost of white trails aircraft leave in the\u00a0sky\"},{\"@type\":\"BreadcrumbList\",\"@id\":\"https:\\\/\\\/www.strassenweb.de\\\/nachrichten\\\/folgendes-wissen-wir-ueber-die-klimakosten-von-white-trails\\\/#breadcrumb\",\"itemListElement\":[{\"@type\":\"ListItem\",\"position\":1,\"name\":\"Home\",\"item\":\"https:\\\/\\\/www.strassenweb.de\\\/nachrichten\\\/\"},{\"@type\":\"ListItem\",\"position\":2,\"name\":\"Folgendes wissen wir \u00fcber die Klimakosten von White Trails \u2026\"}]},{\"@type\":\"WebSite\",\"@id\":\"https:\\\/\\\/www.strassenweb.de\\\/nachrichten\\\/#website\",\"url\":\"https:\\\/\\\/www.strassenweb.de\\\/nachrichten\\\/\",\"name\":\"Stra\u00dfenweb\",\"description\":\"Stra\u00dfenverzeichnis f\u00fcr Deutschland\",\"publisher\":{\"@id\":\"https:\\\/\\\/www.strassenweb.de\\\/nachrichten\\\/#organization\"},\"potentialAction\":[{\"@type\":\"SearchAction\",\"target\":{\"@type\":\"EntryPoint\",\"urlTemplate\":\"https:\\\/\\\/www.strassenweb.de\\\/nachrichten\\\/?s={search_term_string}\"},\"query-input\":{\"@type\":\"PropertyValueSpecification\",\"valueRequired\":true,\"valueName\":\"search_term_string\"}}],\"inLanguage\":\"de\"},{\"@type\":\"Organization\",\"@id\":\"https:\\\/\\\/www.strassenweb.de\\\/nachrichten\\\/#organization\",\"name\":\"Stra\u00dfenweb\",\"url\":\"https:\\\/\\\/www.strassenweb.de\\\/nachrichten\\\/\",\"logo\":{\"@type\":\"ImageObject\",\"inLanguage\":\"de\",\"@id\":\"https:\\\/\\\/www.strassenweb.de\\\/nachrichten\\\/#\\\/schema\\\/logo\\\/image\\\/\",\"url\":\"https:\\\/\\\/www.strassenweb.de\\\/nachrichten\\\/wp-content\\\/uploads\\\/2024\\\/09\\\/cropped-favicon.png\",\"contentUrl\":\"https:\\\/\\\/www.strassenweb.de\\\/nachrichten\\\/wp-content\\\/uploads\\\/2024\\\/09\\\/cropped-favicon.png\",\"width\":512,\"height\":512,\"caption\":\"Stra\u00dfenweb\"},\"image\":{\"@id\":\"https:\\\/\\\/www.strassenweb.de\\\/nachrichten\\\/#\\\/schema\\\/logo\\\/image\\\/\"},\"sameAs\":[\"https:\\\/\\\/www.facebook.com\\\/strassenweb\\\/\"]},{\"@type\":\"Person\",\"@id\":\"https:\\\/\\\/www.strassenweb.de\\\/nachrichten\\\/#\\\/schema\\\/person\\\/87c9c9067f1211da429a744dc5a5aa41\",\"name\":\"Robert Hoffmann\",\"image\":{\"@type\":\"ImageObject\",\"inLanguage\":\"de\",\"@id\":\"https:\\\/\\\/www.strassenweb.de\\\/nachrichten\\\/wp-content\\\/uploads\\\/2024\\\/09\\\/strassenweb-150x150.jpg\",\"url\":\"https:\\\/\\\/www.strassenweb.de\\\/nachrichten\\\/wp-content\\\/uploads\\\/2024\\\/09\\\/strassenweb-150x150.jpg\",\"contentUrl\":\"https:\\\/\\\/www.strassenweb.de\\\/nachrichten\\\/wp-content\\\/uploads\\\/2024\\\/09\\\/strassenweb-150x150.jpg\",\"caption\":\"Robert Hoffmann\"},\"description\":\"Ich hei\u00dfe Robert Hoffmann und ich bin ein leidenschaftlicher Verfechter von \u00d6kologie und Biodiversit\u00e4t. Seit meiner Kindheit in den W\u00e4ldern Bayerns f\u00fchle ich mich mit der Natur verbunden und bin entschlossen, sie zu sch\u00fctzen. Heute widme ich mein Leben der Sensibilisierung anderer f\u00fcr die Bedeutung des Umweltschutzes f\u00fcr zuk\u00fcnftige Generationen.\",\"sameAs\":[\"https:\\\/\\\/www.strassenweb.de\\\/\"]}]}<\/script>\n<!-- \/ Yoast SEO plugin. -->","yoast_head_json":{"title":"Folgendes wissen wir \u00fcber die Klimakosten von White Trails \u2026 - Nachrichten - Stra\u00dfenweb","robots":{"index":"index","follow":"follow","max-snippet":"max-snippet:-1","max-image-preview":"max-image-preview:large","max-video-preview":"max-video-preview:-1"},"canonical":"https:\/\/www.strassenweb.de\/nachrichten\/folgendes-wissen-wir-ueber-die-klimakosten-von-white-trails\/","og_locale":"de_DE","og_type":"article","og_title":"Folgendes wissen wir \u00fcber die Klimakosten von White Trails \u2026 - Nachrichten - Stra\u00dfenweb","og_description":"Kondensstreifen, kurz f\u00fcr Kondensstreifen, sind die wei\u00dfen Streifen, die oft am Himmel hinter Flugzeugen zu sehen sind. Der internationale Wolkenatlas, der Wolken klassifiziert, hat eine","og_url":"https:\/\/www.strassenweb.de\/nachrichten\/folgendes-wissen-wir-ueber-die-klimakosten-von-white-trails\/","og_site_name":"Stra\u00dfenweb","article_publisher":"https:\/\/www.facebook.com\/strassenweb\/","article_published_time":"2026-04-28T14:39:31+00:00","article_modified_time":"2026-04-28T14:39:37+00:00","og_image":[{"width":900,"height":600,"url":"https:\/\/www.strassenweb.de\/nachrichten\/wp-content\/uploads\/2026\/04\/Folgendes-wissen-wir-ueber-die-Klimakosten-von-White-Trails-\u2026.jpg","type":"image\/jpeg"}],"author":"Robert Hoffmann","twitter_card":"summary_large_image","twitter_misc":{"Verfasst von":"Robert Hoffmann","Gesch\u00e4tzte Lesezeit":"4\u00a0Minuten"},"schema":{"@context":"https:\/\/schema.org","@graph":[{"@type":"Article","@id":"https:\/\/www.strassenweb.de\/nachrichten\/folgendes-wissen-wir-ueber-die-klimakosten-von-white-trails\/#article","isPartOf":{"@id":"https:\/\/www.strassenweb.de\/nachrichten\/folgendes-wissen-wir-ueber-die-klimakosten-von-white-trails\/"},"author":{"name":"Robert Hoffmann","@id":"https:\/\/www.strassenweb.de\/nachrichten\/#\/schema\/person\/87c9c9067f1211da429a744dc5a5aa41"},"headline":"Folgendes wissen wir \u00fcber die Klimakosten von White Trails \u2026","datePublished":"2026-04-28T14:39:31+00:00","dateModified":"2026-04-28T14:39:37+00:00","mainEntityOfPage":{"@id":"https:\/\/www.strassenweb.de\/nachrichten\/folgendes-wissen-wir-ueber-die-klimakosten-von-white-trails\/"},"wordCount":776,"publisher":{"@id":"https:\/\/www.strassenweb.de\/nachrichten\/#organization"},"image":{"@id":"https:\/\/www.strassenweb.de\/nachrichten\/folgendes-wissen-wir-ueber-die-klimakosten-von-white-trails\/#primaryimage"},"thumbnailUrl":"https:\/\/www.strassenweb.de\/nachrichten\/wp-content\/uploads\/2026\/04\/Folgendes-wissen-wir-ueber-die-Klimakosten-von-White-Trails-\u2026.jpg","keywords":["die","Folgendes","Klimakosten","Trails","\u00fcber","von","White","wir","wissen"],"articleSection":["\u00d6kologie"],"inLanguage":"de"},{"@type":"WebPage","@id":"https:\/\/www.strassenweb.de\/nachrichten\/folgendes-wissen-wir-ueber-die-klimakosten-von-white-trails\/","url":"https:\/\/www.strassenweb.de\/nachrichten\/folgendes-wissen-wir-ueber-die-klimakosten-von-white-trails\/","name":"Folgendes wissen wir \u00fcber die Klimakosten von White Trails \u2026 - Nachrichten - Stra\u00dfenweb","isPartOf":{"@id":"https:\/\/www.strassenweb.de\/nachrichten\/#website"},"primaryImageOfPage":{"@id":"https:\/\/www.strassenweb.de\/nachrichten\/folgendes-wissen-wir-ueber-die-klimakosten-von-white-trails\/#primaryimage"},"image":{"@id":"https:\/\/www.strassenweb.de\/nachrichten\/folgendes-wissen-wir-ueber-die-klimakosten-von-white-trails\/#primaryimage"},"thumbnailUrl":"https:\/\/www.strassenweb.de\/nachrichten\/wp-content\/uploads\/2026\/04\/Folgendes-wissen-wir-ueber-die-Klimakosten-von-White-Trails-\u2026.jpg","datePublished":"2026-04-28T14:39:31+00:00","dateModified":"2026-04-28T14:39:37+00:00","breadcrumb":{"@id":"https:\/\/www.strassenweb.de\/nachrichten\/folgendes-wissen-wir-ueber-die-klimakosten-von-white-trails\/#breadcrumb"},"inLanguage":"de","potentialAction":[{"@type":"ReadAction","target":["https:\/\/www.strassenweb.de\/nachrichten\/folgendes-wissen-wir-ueber-die-klimakosten-von-white-trails\/"]}]},{"@type":"ImageObject","inLanguage":"de","@id":"https:\/\/www.strassenweb.de\/nachrichten\/folgendes-wissen-wir-ueber-die-klimakosten-von-white-trails\/#primaryimage","url":"https:\/\/www.strassenweb.de\/nachrichten\/wp-content\/uploads\/2026\/04\/Folgendes-wissen-wir-ueber-die-Klimakosten-von-White-Trails-\u2026.jpg","contentUrl":"https:\/\/www.strassenweb.de\/nachrichten\/wp-content\/uploads\/2026\/04\/Folgendes-wissen-wir-ueber-die-Klimakosten-von-White-Trails-\u2026.jpg","width":900,"height":600,"caption":"Here\u2019s what we know about the climate cost of white trails aircraft leave in the\u00a0sky"},{"@type":"BreadcrumbList","@id":"https:\/\/www.strassenweb.de\/nachrichten\/folgendes-wissen-wir-ueber-die-klimakosten-von-white-trails\/#breadcrumb","itemListElement":[{"@type":"ListItem","position":1,"name":"Home","item":"https:\/\/www.strassenweb.de\/nachrichten\/"},{"@type":"ListItem","position":2,"name":"Folgendes wissen wir \u00fcber die Klimakosten von White Trails \u2026"}]},{"@type":"WebSite","@id":"https:\/\/www.strassenweb.de\/nachrichten\/#website","url":"https:\/\/www.strassenweb.de\/nachrichten\/","name":"Stra\u00dfenweb","description":"Stra\u00dfenverzeichnis f\u00fcr Deutschland","publisher":{"@id":"https:\/\/www.strassenweb.de\/nachrichten\/#organization"},"potentialAction":[{"@type":"SearchAction","target":{"@type":"EntryPoint","urlTemplate":"https:\/\/www.strassenweb.de\/nachrichten\/?s={search_term_string}"},"query-input":{"@type":"PropertyValueSpecification","valueRequired":true,"valueName":"search_term_string"}}],"inLanguage":"de"},{"@type":"Organization","@id":"https:\/\/www.strassenweb.de\/nachrichten\/#organization","name":"Stra\u00dfenweb","url":"https:\/\/www.strassenweb.de\/nachrichten\/","logo":{"@type":"ImageObject","inLanguage":"de","@id":"https:\/\/www.strassenweb.de\/nachrichten\/#\/schema\/logo\/image\/","url":"https:\/\/www.strassenweb.de\/nachrichten\/wp-content\/uploads\/2024\/09\/cropped-favicon.png","contentUrl":"https:\/\/www.strassenweb.de\/nachrichten\/wp-content\/uploads\/2024\/09\/cropped-favicon.png","width":512,"height":512,"caption":"Stra\u00dfenweb"},"image":{"@id":"https:\/\/www.strassenweb.de\/nachrichten\/#\/schema\/logo\/image\/"},"sameAs":["https:\/\/www.facebook.com\/strassenweb\/"]},{"@type":"Person","@id":"https:\/\/www.strassenweb.de\/nachrichten\/#\/schema\/person\/87c9c9067f1211da429a744dc5a5aa41","name":"Robert Hoffmann","image":{"@type":"ImageObject","inLanguage":"de","@id":"https:\/\/www.strassenweb.de\/nachrichten\/wp-content\/uploads\/2024\/09\/strassenweb-150x150.jpg","url":"https:\/\/www.strassenweb.de\/nachrichten\/wp-content\/uploads\/2024\/09\/strassenweb-150x150.jpg","contentUrl":"https:\/\/www.strassenweb.de\/nachrichten\/wp-content\/uploads\/2024\/09\/strassenweb-150x150.jpg","caption":"Robert Hoffmann"},"description":"Ich hei\u00dfe Robert Hoffmann und ich bin ein leidenschaftlicher Verfechter von \u00d6kologie und Biodiversit\u00e4t. Seit meiner Kindheit in den W\u00e4ldern Bayerns f\u00fchle ich mich mit der Natur verbunden und bin entschlossen, sie zu sch\u00fctzen. Heute widme ich mein Leben der Sensibilisierung anderer f\u00fcr die Bedeutung des Umweltschutzes f\u00fcr zuk\u00fcnftige Generationen.","sameAs":["https:\/\/www.strassenweb.de\/"]}]}},"_links":{"self":[{"href":"https:\/\/www.strassenweb.de\/nachrichten\/wp-json\/wp\/v2\/posts\/13298","targetHints":{"allow":["GET"]}}],"collection":[{"href":"https:\/\/www.strassenweb.de\/nachrichten\/wp-json\/wp\/v2\/posts"}],"about":[{"href":"https:\/\/www.strassenweb.de\/nachrichten\/wp-json\/wp\/v2\/types\/post"}],"author":[{"embeddable":true,"href":"https:\/\/www.strassenweb.de\/nachrichten\/wp-json\/wp\/v2\/users\/1"}],"replies":[{"embeddable":true,"href":"https:\/\/www.strassenweb.de\/nachrichten\/wp-json\/wp\/v2\/comments?post=13298"}],"version-history":[{"count":1,"href":"https:\/\/www.strassenweb.de\/nachrichten\/wp-json\/wp\/v2\/posts\/13298\/revisions"}],"predecessor-version":[{"id":13300,"href":"https:\/\/www.strassenweb.de\/nachrichten\/wp-json\/wp\/v2\/posts\/13298\/revisions\/13300"}],"wp:featuredmedia":[{"embeddable":true,"href":"https:\/\/www.strassenweb.de\/nachrichten\/wp-json\/wp\/v2\/media\/13299"}],"wp:attachment":[{"href":"https:\/\/www.strassenweb.de\/nachrichten\/wp-json\/wp\/v2\/media?parent=13298"}],"wp:term":[{"taxonomy":"category","embeddable":true,"href":"https:\/\/www.strassenweb.de\/nachrichten\/wp-json\/wp\/v2\/categories?post=13298"},{"taxonomy":"post_tag","embeddable":true,"href":"https:\/\/www.strassenweb.de\/nachrichten\/wp-json\/wp\/v2\/tags?post=13298"}],"curies":[{"name":"wp","href":"https:\/\/api.w.org\/{rel}","templated":true}]}}