{"id":13292,"date":"2026-04-28T13:39:45","date_gmt":"2026-04-28T11:39:45","guid":{"rendered":"https:\/\/www.strassenweb.de\/nachrichten\/ofcom-untersucht-klimaleugnung\/"},"modified":"2026-04-28T13:39:49","modified_gmt":"2026-04-28T11:39:49","slug":"ofcom-untersucht-klimaleugnung","status":"publish","type":"post","link":"https:\/\/www.strassenweb.de\/nachrichten\/ofcom-untersucht-klimaleugnung\/","title":{"rendered":"Ofcom \u201euntersucht Klimaleugnung\u201c"},"content":{"rendered":"<h4 class=\"wp-block-heading\">Die britische Regulierungsbeh\u00f6rde reagiert auf Beschwerden \u00fcber \u201egef\u00e4hrliche Klimal\u00fcgen\u201c, die von TalkTV und TalkRadio ausgestrahlt wurden.<\/h4>\n<p>Ofcom, die Regulierungsbeh\u00f6rde f\u00fcr Kommunikationsdienste im Vereinigten K\u00f6nigreich, wird Beschwerden \u00fcber die Leugnung des Klimawandels im Fernsehen und im Radio untersuchen \u2013 zum zweiten Mal in fast 20 Jahren. <\/p>\n<p>Laut einem \u00f6ffentlichen Einstellungstracker der Regierung wurden allein seit 2020 mehr als 1.200 Beschwerden bei der Regulierungsbeh\u00f6rde eingereicht. Die Beschwerden gegen die Talk-Sendungen wurden von Stop Funding Heat eingereicht.  <\/p>\n<p>Ofcom lehnte diese Beschwerden urspr\u00fcnglich ab, wurde jedoch vom Good Law Project (GLP) zu einer Kehrtwende gezwungen, das ihm im Januar ein Schreiben schrieb und mit rechtlichen Schritten drohte, falls keine Untersuchungen zu den Sendungen eingeleitet w\u00fcrden.  <\/p>\n<p><strong>Pseudowissenschaft<\/strong><\/p>\n<p>Bei einem \u00f6ffentlichen Unterst\u00fctzungsaufruf der GLP gingen mehr als 15.000 E-Mails an Ofcom. Die Regulierungsbeh\u00f6rde ist nun zu dem Schluss gekommen, dass ihr Ansatz zur \u201eangemessenen Unparteilichkeit\u201c in den Sendungen \u201e\u00fcberdacht werden muss\u201c. <\/p>\n<p>Entsprechend <em>Der W\u00e4chter<\/em>Eine Beschwerde betraf Kommentare eines Talk-Gastes, der im November sagte, dass der Klimawandel \u201eein bewusster Versuch war, falsche Angst zu erzeugen \u2026 aus etwas Falschem\u201c. <\/p>\n<p>Ofcom hat au\u00dferdem einen zweiten Fall wegen einer anderen Sendung im November er\u00f6ffnet, in der ein Gast sagte, die Energiepolitik der Labour-Regierung sei \u201eselbstm\u00f6rderisch\u201c, \u201ein vielen F\u00e4llen von Pseudowissenschaft getrieben\u201c und \u201eeine Art Sektenverhalten\u201c.<\/p>\n<p>Die Regulierungsbeh\u00f6rde untersucht au\u00dferdem eine Beschwerde \u00fcber eine Diskussion zum Thema geschlechtsneutrale Sprache im Gerichtssystem.<\/p>\n<p><strong>Irref\u00fchrung<\/strong><\/p>\n<p>Unabh\u00e4ngig von der Korrespondenz mit der GLP hat sie nach einer Zuschauerbeschwerde eine vierte Untersuchung einer Sendung auf Talk eingeleitet, in der es um eine Diskussion zu Nachrichtenmeldungen \u00fcber Energieproduktion und -verbrauch im Vereinigten K\u00f6nigreich sowie den Ansatz der Regierung zur Energie- und Netto-Null-Politik ging.<\/p>\n<p>Allerdings hielt Ofcom an seiner Entscheidung fest, drei weitere Klimabeschwerden nicht zu untersuchen.<\/p>\n<p>Ein Sprecher der GLP sagte: \u201eDies sendet eine klare Botschaft: TalkTV kann nicht damit durchkommen, L\u00fcgen zu verbreiten, um seine Agenda voranzutreiben. Wir werden genau beobachten, um sicherzustellen, dass Ofcom TalkTV nicht noch einmal aus der Patsche l\u00e4sst.\u201c<\/p>\n<p>In einer Erkl\u00e4rung sagte Ofcom: \u201eBei der erneuten Pr\u00fcfung der Sendungen sind wir zu dem Schluss gekommen, dass sie potenziell wesentliche Probleme im Rahmen des Rundfunkgesetzes aufwerfen, die eine Untersuchung rechtfertigen. Wir haben daher Untersuchungen eingeleitet, ob sie gegen unsere Regeln zur gebotenen Unparteilichkeit und zur materiellen Irref\u00fchrung versto\u00dfen haben.\u201c <\/p>\n<p>Ein Sprecher von Talk sagte: \u201eWir werden in diesen Angelegenheiten wie immer mit Ofcom zusammenarbeiten.\u201c<\/p>\n<p><strong>Durchsetzung<\/strong><\/p>\n<p>Laut GLP hat Ofcom in fast 20 Jahren nur zwei Sendungen zum Thema Klimawandel untersucht, einmal im Jahr 2007 und einmal im Jahr 2017.<\/p>\n<p>Anfang des Jahres prahlte Ofcom bei einem Austausch mit dem Net-Zero-Ausschuss im Parlament damit, dass Rundfunkveranstalter die Umweltschutzvorschriften einhielten. <\/p>\n<p>Auf die Frage des Labour-Abgeordneten Bill Esterton nach der mangelnden Reaktion auf mehr als 1.200 Klimabeschwerden allein seit 2020 sagte Laura Rhea, Ofcom-Direktorin f\u00fcr Standards und Publikumsschutz, dass jede eingegangene Beschwerde vollst\u00e4ndig gepr\u00fcft worden sei.<\/p>\n<p>\u201eDie Tatsache, dass keine Untersuchungen stattgefunden haben, deutet meiner Meinung nach wahrscheinlich darauf hin, dass die von uns regulierten Rundfunkveranstalter den Kodex gut verstehen und unsere Regeln im Gro\u00dfen und Ganzen einhalten\u201c, sagte sie.<\/p>\n<p>Ein GLP-Sprecher sagte: \u201eUnserer Ansicht nach liegt der Grund daf\u00fcr, dass seit vielen Jahren keine Untersuchungen zu Klima-Fehlinformationen stattgefunden haben, nicht in der Einhaltung der Vorschriften seitens der Rundfunkanstalten, sondern darin, dass Ofcom seine Regeln nicht durchgesetzt hat.\u201c <\/p>\n<p><em>Quelle: Artikel von Catherine Early, urspr\u00fcnglich ver\u00f6ffentlicht in The Ecologist am 27. April 2026.<br \/>Lizenziert unter Creative Commons Attribution 4.0 (CC BY 4.0).<br \/>https:\/\/theecologist.org\/2026\/apr\/27\/ofcom-investigating-climate-denial<\/em><\/p>\n<p><em>Foto von Matt Palmer auf Unsplash<\/em><\/p><\/p>\n","protected":false},"excerpt":{"rendered":"<p>Die britische Regulierungsbeh\u00f6rde reagiert auf Beschwerden \u00fcber \u201egef\u00e4hrliche Klimal\u00fcgen\u201c, die von TalkTV und TalkRadio ausgestrahlt wurden. Ofcom, die Regulierungsbeh\u00f6rde f\u00fcr Kommunikationsdienste im Vereinigten K\u00f6nigreich, wird<\/p>\n","protected":false},"author":1,"featured_media":13293,"comment_status":"closed","ping_status":"","sticky":false,"template":"","format":"standard","meta":{"footnotes":""},"categories":[101],"tags":[14953,14951,14952],"class_list":["post-13292","post","type-post","status-publish","format-standard","has-post-thumbnail","hentry","category-oekologie","tag-klimaleugnung","tag-ofcom","tag-untersucht","generate-columns","tablet-grid-50","mobile-grid-100","grid-parent","grid-50"],"yoast_head":"<!-- This site is optimized with the Yoast SEO plugin v27.3 - https:\/\/yoast.com\/product\/yoast-seo-wordpress\/ -->\n<title>Ofcom \u201euntersucht Klimaleugnung\u201c - Nachrichten - Stra\u00dfenweb<\/title>\n<meta name=\"robots\" content=\"index, follow, max-snippet:-1, max-image-preview:large, max-video-preview:-1\" \/>\n<link rel=\"canonical\" href=\"https:\/\/www.strassenweb.de\/nachrichten\/ofcom-untersucht-klimaleugnung\/\" \/>\n<meta property=\"og:locale\" content=\"de_DE\" \/>\n<meta property=\"og:type\" content=\"article\" \/>\n<meta property=\"og:title\" content=\"Ofcom \u201euntersucht Klimaleugnung\u201c - Nachrichten - Stra\u00dfenweb\" \/>\n<meta property=\"og:description\" content=\"Die britische Regulierungsbeh\u00f6rde reagiert auf Beschwerden \u00fcber \u201egef\u00e4hrliche Klimal\u00fcgen\u201c, die von TalkTV und TalkRadio ausgestrahlt wurden. Ofcom, die Regulierungsbeh\u00f6rde f\u00fcr Kommunikationsdienste im Vereinigten K\u00f6nigreich, wird\" \/>\n<meta property=\"og:url\" content=\"https:\/\/www.strassenweb.de\/nachrichten\/ofcom-untersucht-klimaleugnung\/\" \/>\n<meta property=\"og:site_name\" content=\"Stra\u00dfenweb\" \/>\n<meta property=\"article:publisher\" content=\"https:\/\/www.facebook.com\/strassenweb\/\" \/>\n<meta property=\"article:published_time\" content=\"2026-04-28T11:39:45+00:00\" \/>\n<meta property=\"article:modified_time\" content=\"2026-04-28T11:39:49+00:00\" \/>\n<meta property=\"og:image\" content=\"https:\/\/www.strassenweb.de\/nachrichten\/wp-content\/uploads\/2026\/04\/Ofcom-\u201euntersucht-Klimaleugnung.jpg\" \/>\n\t<meta property=\"og:image:width\" content=\"900\" \/>\n\t<meta property=\"og:image:height\" content=\"600\" \/>\n\t<meta property=\"og:image:type\" content=\"image\/jpeg\" \/>\n<meta name=\"author\" content=\"Robert Hoffmann\" \/>\n<meta name=\"twitter:card\" content=\"summary_large_image\" \/>\n<meta name=\"twitter:label1\" content=\"Verfasst von\" \/>\n\t<meta name=\"twitter:data1\" content=\"Robert Hoffmann\" \/>\n\t<meta name=\"twitter:label2\" content=\"Gesch\u00e4tzte Lesezeit\" \/>\n\t<meta name=\"twitter:data2\" content=\"3\u00a0Minuten\" \/>\n<script type=\"application\/ld+json\" class=\"yoast-schema-graph\">{\"@context\":\"https:\\\/\\\/schema.org\",\"@graph\":[{\"@type\":\"Article\",\"@id\":\"https:\\\/\\\/www.strassenweb.de\\\/nachrichten\\\/ofcom-untersucht-klimaleugnung\\\/#article\",\"isPartOf\":{\"@id\":\"https:\\\/\\\/www.strassenweb.de\\\/nachrichten\\\/ofcom-untersucht-klimaleugnung\\\/\"},\"author\":{\"name\":\"Robert Hoffmann\",\"@id\":\"https:\\\/\\\/www.strassenweb.de\\\/nachrichten\\\/#\\\/schema\\\/person\\\/87c9c9067f1211da429a744dc5a5aa41\"},\"headline\":\"Ofcom \u201euntersucht Klimaleugnung\u201c\",\"datePublished\":\"2026-04-28T11:39:45+00:00\",\"dateModified\":\"2026-04-28T11:39:49+00:00\",\"mainEntityOfPage\":{\"@id\":\"https:\\\/\\\/www.strassenweb.de\\\/nachrichten\\\/ofcom-untersucht-klimaleugnung\\\/\"},\"wordCount\":590,\"publisher\":{\"@id\":\"https:\\\/\\\/www.strassenweb.de\\\/nachrichten\\\/#organization\"},\"image\":{\"@id\":\"https:\\\/\\\/www.strassenweb.de\\\/nachrichten\\\/ofcom-untersucht-klimaleugnung\\\/#primaryimage\"},\"thumbnailUrl\":\"https:\\\/\\\/www.strassenweb.de\\\/nachrichten\\\/wp-content\\\/uploads\\\/2026\\\/04\\\/Ofcom-\u201euntersucht-Klimaleugnung.jpg\",\"keywords\":[\"Klimaleugnung\",\"Ofcom\",\"untersucht\"],\"articleSection\":[\"\u00d6kologie\"],\"inLanguage\":\"de\"},{\"@type\":\"WebPage\",\"@id\":\"https:\\\/\\\/www.strassenweb.de\\\/nachrichten\\\/ofcom-untersucht-klimaleugnung\\\/\",\"url\":\"https:\\\/\\\/www.strassenweb.de\\\/nachrichten\\\/ofcom-untersucht-klimaleugnung\\\/\",\"name\":\"Ofcom \u201euntersucht Klimaleugnung\u201c - Nachrichten - Stra\u00dfenweb\",\"isPartOf\":{\"@id\":\"https:\\\/\\\/www.strassenweb.de\\\/nachrichten\\\/#website\"},\"primaryImageOfPage\":{\"@id\":\"https:\\\/\\\/www.strassenweb.de\\\/nachrichten\\\/ofcom-untersucht-klimaleugnung\\\/#primaryimage\"},\"image\":{\"@id\":\"https:\\\/\\\/www.strassenweb.de\\\/nachrichten\\\/ofcom-untersucht-klimaleugnung\\\/#primaryimage\"},\"thumbnailUrl\":\"https:\\\/\\\/www.strassenweb.de\\\/nachrichten\\\/wp-content\\\/uploads\\\/2026\\\/04\\\/Ofcom-\u201euntersucht-Klimaleugnung.jpg\",\"datePublished\":\"2026-04-28T11:39:45+00:00\",\"dateModified\":\"2026-04-28T11:39:49+00:00\",\"breadcrumb\":{\"@id\":\"https:\\\/\\\/www.strassenweb.de\\\/nachrichten\\\/ofcom-untersucht-klimaleugnung\\\/#breadcrumb\"},\"inLanguage\":\"de\",\"potentialAction\":[{\"@type\":\"ReadAction\",\"target\":[\"https:\\\/\\\/www.strassenweb.de\\\/nachrichten\\\/ofcom-untersucht-klimaleugnung\\\/\"]}]},{\"@type\":\"ImageObject\",\"inLanguage\":\"de\",\"@id\":\"https:\\\/\\\/www.strassenweb.de\\\/nachrichten\\\/ofcom-untersucht-klimaleugnung\\\/#primaryimage\",\"url\":\"https:\\\/\\\/www.strassenweb.de\\\/nachrichten\\\/wp-content\\\/uploads\\\/2026\\\/04\\\/Ofcom-\u201euntersucht-Klimaleugnung.jpg\",\"contentUrl\":\"https:\\\/\\\/www.strassenweb.de\\\/nachrichten\\\/wp-content\\\/uploads\\\/2026\\\/04\\\/Ofcom-\u201euntersucht-Klimaleugnung.jpg\",\"width\":900,\"height\":600,\"caption\":\"Ofcom\"},{\"@type\":\"BreadcrumbList\",\"@id\":\"https:\\\/\\\/www.strassenweb.de\\\/nachrichten\\\/ofcom-untersucht-klimaleugnung\\\/#breadcrumb\",\"itemListElement\":[{\"@type\":\"ListItem\",\"position\":1,\"name\":\"Home\",\"item\":\"https:\\\/\\\/www.strassenweb.de\\\/nachrichten\\\/\"},{\"@type\":\"ListItem\",\"position\":2,\"name\":\"Ofcom \u201euntersucht Klimaleugnung\u201c\"}]},{\"@type\":\"WebSite\",\"@id\":\"https:\\\/\\\/www.strassenweb.de\\\/nachrichten\\\/#website\",\"url\":\"https:\\\/\\\/www.strassenweb.de\\\/nachrichten\\\/\",\"name\":\"Stra\u00dfenweb\",\"description\":\"Stra\u00dfenverzeichnis f\u00fcr Deutschland\",\"publisher\":{\"@id\":\"https:\\\/\\\/www.strassenweb.de\\\/nachrichten\\\/#organization\"},\"potentialAction\":[{\"@type\":\"SearchAction\",\"target\":{\"@type\":\"EntryPoint\",\"urlTemplate\":\"https:\\\/\\\/www.strassenweb.de\\\/nachrichten\\\/?s={search_term_string}\"},\"query-input\":{\"@type\":\"PropertyValueSpecification\",\"valueRequired\":true,\"valueName\":\"search_term_string\"}}],\"inLanguage\":\"de\"},{\"@type\":\"Organization\",\"@id\":\"https:\\\/\\\/www.strassenweb.de\\\/nachrichten\\\/#organization\",\"name\":\"Stra\u00dfenweb\",\"url\":\"https:\\\/\\\/www.strassenweb.de\\\/nachrichten\\\/\",\"logo\":{\"@type\":\"ImageObject\",\"inLanguage\":\"de\",\"@id\":\"https:\\\/\\\/www.strassenweb.de\\\/nachrichten\\\/#\\\/schema\\\/logo\\\/image\\\/\",\"url\":\"https:\\\/\\\/www.strassenweb.de\\\/nachrichten\\\/wp-content\\\/uploads\\\/2024\\\/09\\\/cropped-favicon.png\",\"contentUrl\":\"https:\\\/\\\/www.strassenweb.de\\\/nachrichten\\\/wp-content\\\/uploads\\\/2024\\\/09\\\/cropped-favicon.png\",\"width\":512,\"height\":512,\"caption\":\"Stra\u00dfenweb\"},\"image\":{\"@id\":\"https:\\\/\\\/www.strassenweb.de\\\/nachrichten\\\/#\\\/schema\\\/logo\\\/image\\\/\"},\"sameAs\":[\"https:\\\/\\\/www.facebook.com\\\/strassenweb\\\/\"]},{\"@type\":\"Person\",\"@id\":\"https:\\\/\\\/www.strassenweb.de\\\/nachrichten\\\/#\\\/schema\\\/person\\\/87c9c9067f1211da429a744dc5a5aa41\",\"name\":\"Robert Hoffmann\",\"image\":{\"@type\":\"ImageObject\",\"inLanguage\":\"de\",\"@id\":\"https:\\\/\\\/www.strassenweb.de\\\/nachrichten\\\/wp-content\\\/uploads\\\/2024\\\/09\\\/strassenweb-150x150.jpg\",\"url\":\"https:\\\/\\\/www.strassenweb.de\\\/nachrichten\\\/wp-content\\\/uploads\\\/2024\\\/09\\\/strassenweb-150x150.jpg\",\"contentUrl\":\"https:\\\/\\\/www.strassenweb.de\\\/nachrichten\\\/wp-content\\\/uploads\\\/2024\\\/09\\\/strassenweb-150x150.jpg\",\"caption\":\"Robert Hoffmann\"},\"description\":\"Ich hei\u00dfe Robert Hoffmann und ich bin ein leidenschaftlicher Verfechter von \u00d6kologie und Biodiversit\u00e4t. Seit meiner Kindheit in den W\u00e4ldern Bayerns f\u00fchle ich mich mit der Natur verbunden und bin entschlossen, sie zu sch\u00fctzen. Heute widme ich mein Leben der Sensibilisierung anderer f\u00fcr die Bedeutung des Umweltschutzes f\u00fcr zuk\u00fcnftige Generationen.\",\"sameAs\":[\"https:\\\/\\\/www.strassenweb.de\\\/\"]}]}<\/script>\n<!-- \/ Yoast SEO plugin. -->","yoast_head_json":{"title":"Ofcom \u201euntersucht Klimaleugnung\u201c - Nachrichten - Stra\u00dfenweb","robots":{"index":"index","follow":"follow","max-snippet":"max-snippet:-1","max-image-preview":"max-image-preview:large","max-video-preview":"max-video-preview:-1"},"canonical":"https:\/\/www.strassenweb.de\/nachrichten\/ofcom-untersucht-klimaleugnung\/","og_locale":"de_DE","og_type":"article","og_title":"Ofcom \u201euntersucht Klimaleugnung\u201c - Nachrichten - Stra\u00dfenweb","og_description":"Die britische Regulierungsbeh\u00f6rde reagiert auf Beschwerden \u00fcber \u201egef\u00e4hrliche Klimal\u00fcgen\u201c, die von TalkTV und TalkRadio ausgestrahlt wurden. Ofcom, die Regulierungsbeh\u00f6rde f\u00fcr Kommunikationsdienste im Vereinigten K\u00f6nigreich, wird","og_url":"https:\/\/www.strassenweb.de\/nachrichten\/ofcom-untersucht-klimaleugnung\/","og_site_name":"Stra\u00dfenweb","article_publisher":"https:\/\/www.facebook.com\/strassenweb\/","article_published_time":"2026-04-28T11:39:45+00:00","article_modified_time":"2026-04-28T11:39:49+00:00","og_image":[{"width":900,"height":600,"url":"https:\/\/www.strassenweb.de\/nachrichten\/wp-content\/uploads\/2026\/04\/Ofcom-\u201euntersucht-Klimaleugnung.jpg","type":"image\/jpeg"}],"author":"Robert Hoffmann","twitter_card":"summary_large_image","twitter_misc":{"Verfasst von":"Robert Hoffmann","Gesch\u00e4tzte Lesezeit":"3\u00a0Minuten"},"schema":{"@context":"https:\/\/schema.org","@graph":[{"@type":"Article","@id":"https:\/\/www.strassenweb.de\/nachrichten\/ofcom-untersucht-klimaleugnung\/#article","isPartOf":{"@id":"https:\/\/www.strassenweb.de\/nachrichten\/ofcom-untersucht-klimaleugnung\/"},"author":{"name":"Robert Hoffmann","@id":"https:\/\/www.strassenweb.de\/nachrichten\/#\/schema\/person\/87c9c9067f1211da429a744dc5a5aa41"},"headline":"Ofcom \u201euntersucht Klimaleugnung\u201c","datePublished":"2026-04-28T11:39:45+00:00","dateModified":"2026-04-28T11:39:49+00:00","mainEntityOfPage":{"@id":"https:\/\/www.strassenweb.de\/nachrichten\/ofcom-untersucht-klimaleugnung\/"},"wordCount":590,"publisher":{"@id":"https:\/\/www.strassenweb.de\/nachrichten\/#organization"},"image":{"@id":"https:\/\/www.strassenweb.de\/nachrichten\/ofcom-untersucht-klimaleugnung\/#primaryimage"},"thumbnailUrl":"https:\/\/www.strassenweb.de\/nachrichten\/wp-content\/uploads\/2026\/04\/Ofcom-\u201euntersucht-Klimaleugnung.jpg","keywords":["Klimaleugnung","Ofcom","untersucht"],"articleSection":["\u00d6kologie"],"inLanguage":"de"},{"@type":"WebPage","@id":"https:\/\/www.strassenweb.de\/nachrichten\/ofcom-untersucht-klimaleugnung\/","url":"https:\/\/www.strassenweb.de\/nachrichten\/ofcom-untersucht-klimaleugnung\/","name":"Ofcom \u201euntersucht Klimaleugnung\u201c - Nachrichten - Stra\u00dfenweb","isPartOf":{"@id":"https:\/\/www.strassenweb.de\/nachrichten\/#website"},"primaryImageOfPage":{"@id":"https:\/\/www.strassenweb.de\/nachrichten\/ofcom-untersucht-klimaleugnung\/#primaryimage"},"image":{"@id":"https:\/\/www.strassenweb.de\/nachrichten\/ofcom-untersucht-klimaleugnung\/#primaryimage"},"thumbnailUrl":"https:\/\/www.strassenweb.de\/nachrichten\/wp-content\/uploads\/2026\/04\/Ofcom-\u201euntersucht-Klimaleugnung.jpg","datePublished":"2026-04-28T11:39:45+00:00","dateModified":"2026-04-28T11:39:49+00:00","breadcrumb":{"@id":"https:\/\/www.strassenweb.de\/nachrichten\/ofcom-untersucht-klimaleugnung\/#breadcrumb"},"inLanguage":"de","potentialAction":[{"@type":"ReadAction","target":["https:\/\/www.strassenweb.de\/nachrichten\/ofcom-untersucht-klimaleugnung\/"]}]},{"@type":"ImageObject","inLanguage":"de","@id":"https:\/\/www.strassenweb.de\/nachrichten\/ofcom-untersucht-klimaleugnung\/#primaryimage","url":"https:\/\/www.strassenweb.de\/nachrichten\/wp-content\/uploads\/2026\/04\/Ofcom-\u201euntersucht-Klimaleugnung.jpg","contentUrl":"https:\/\/www.strassenweb.de\/nachrichten\/wp-content\/uploads\/2026\/04\/Ofcom-\u201euntersucht-Klimaleugnung.jpg","width":900,"height":600,"caption":"Ofcom"},{"@type":"BreadcrumbList","@id":"https:\/\/www.strassenweb.de\/nachrichten\/ofcom-untersucht-klimaleugnung\/#breadcrumb","itemListElement":[{"@type":"ListItem","position":1,"name":"Home","item":"https:\/\/www.strassenweb.de\/nachrichten\/"},{"@type":"ListItem","position":2,"name":"Ofcom \u201euntersucht Klimaleugnung\u201c"}]},{"@type":"WebSite","@id":"https:\/\/www.strassenweb.de\/nachrichten\/#website","url":"https:\/\/www.strassenweb.de\/nachrichten\/","name":"Stra\u00dfenweb","description":"Stra\u00dfenverzeichnis f\u00fcr Deutschland","publisher":{"@id":"https:\/\/www.strassenweb.de\/nachrichten\/#organization"},"potentialAction":[{"@type":"SearchAction","target":{"@type":"EntryPoint","urlTemplate":"https:\/\/www.strassenweb.de\/nachrichten\/?s={search_term_string}"},"query-input":{"@type":"PropertyValueSpecification","valueRequired":true,"valueName":"search_term_string"}}],"inLanguage":"de"},{"@type":"Organization","@id":"https:\/\/www.strassenweb.de\/nachrichten\/#organization","name":"Stra\u00dfenweb","url":"https:\/\/www.strassenweb.de\/nachrichten\/","logo":{"@type":"ImageObject","inLanguage":"de","@id":"https:\/\/www.strassenweb.de\/nachrichten\/#\/schema\/logo\/image\/","url":"https:\/\/www.strassenweb.de\/nachrichten\/wp-content\/uploads\/2024\/09\/cropped-favicon.png","contentUrl":"https:\/\/www.strassenweb.de\/nachrichten\/wp-content\/uploads\/2024\/09\/cropped-favicon.png","width":512,"height":512,"caption":"Stra\u00dfenweb"},"image":{"@id":"https:\/\/www.strassenweb.de\/nachrichten\/#\/schema\/logo\/image\/"},"sameAs":["https:\/\/www.facebook.com\/strassenweb\/"]},{"@type":"Person","@id":"https:\/\/www.strassenweb.de\/nachrichten\/#\/schema\/person\/87c9c9067f1211da429a744dc5a5aa41","name":"Robert Hoffmann","image":{"@type":"ImageObject","inLanguage":"de","@id":"https:\/\/www.strassenweb.de\/nachrichten\/wp-content\/uploads\/2024\/09\/strassenweb-150x150.jpg","url":"https:\/\/www.strassenweb.de\/nachrichten\/wp-content\/uploads\/2024\/09\/strassenweb-150x150.jpg","contentUrl":"https:\/\/www.strassenweb.de\/nachrichten\/wp-content\/uploads\/2024\/09\/strassenweb-150x150.jpg","caption":"Robert Hoffmann"},"description":"Ich hei\u00dfe Robert Hoffmann und ich bin ein leidenschaftlicher Verfechter von \u00d6kologie und Biodiversit\u00e4t. Seit meiner Kindheit in den W\u00e4ldern Bayerns f\u00fchle ich mich mit der Natur verbunden und bin entschlossen, sie zu sch\u00fctzen. Heute widme ich mein Leben der Sensibilisierung anderer f\u00fcr die Bedeutung des Umweltschutzes f\u00fcr zuk\u00fcnftige Generationen.","sameAs":["https:\/\/www.strassenweb.de\/"]}]}},"_links":{"self":[{"href":"https:\/\/www.strassenweb.de\/nachrichten\/wp-json\/wp\/v2\/posts\/13292","targetHints":{"allow":["GET"]}}],"collection":[{"href":"https:\/\/www.strassenweb.de\/nachrichten\/wp-json\/wp\/v2\/posts"}],"about":[{"href":"https:\/\/www.strassenweb.de\/nachrichten\/wp-json\/wp\/v2\/types\/post"}],"author":[{"embeddable":true,"href":"https:\/\/www.strassenweb.de\/nachrichten\/wp-json\/wp\/v2\/users\/1"}],"replies":[{"embeddable":true,"href":"https:\/\/www.strassenweb.de\/nachrichten\/wp-json\/wp\/v2\/comments?post=13292"}],"version-history":[{"count":1,"href":"https:\/\/www.strassenweb.de\/nachrichten\/wp-json\/wp\/v2\/posts\/13292\/revisions"}],"predecessor-version":[{"id":13294,"href":"https:\/\/www.strassenweb.de\/nachrichten\/wp-json\/wp\/v2\/posts\/13292\/revisions\/13294"}],"wp:featuredmedia":[{"embeddable":true,"href":"https:\/\/www.strassenweb.de\/nachrichten\/wp-json\/wp\/v2\/media\/13293"}],"wp:attachment":[{"href":"https:\/\/www.strassenweb.de\/nachrichten\/wp-json\/wp\/v2\/media?parent=13292"}],"wp:term":[{"taxonomy":"category","embeddable":true,"href":"https:\/\/www.strassenweb.de\/nachrichten\/wp-json\/wp\/v2\/categories?post=13292"},{"taxonomy":"post_tag","embeddable":true,"href":"https:\/\/www.strassenweb.de\/nachrichten\/wp-json\/wp\/v2\/tags?post=13292"}],"curies":[{"name":"wp","href":"https:\/\/api.w.org\/{rel}","templated":true}]}}