{"id":13244,"date":"2026-04-26T19:40:13","date_gmt":"2026-04-26T17:40:13","guid":{"rendered":"https:\/\/www.strassenweb.de\/nachrichten\/koennte-die-erwaermung-der-meere-die-weissen-haie-zurueck-in-den-norden-bringen\/"},"modified":"2026-04-26T19:40:17","modified_gmt":"2026-04-26T17:40:17","slug":"koennte-die-erwaermung-der-meere-die-weissen-haie-zurueck-in-den-norden-bringen","status":"publish","type":"post","link":"https:\/\/www.strassenweb.de\/nachrichten\/koennte-die-erwaermung-der-meere-die-weissen-haie-zurueck-in-den-norden-bringen\/","title":{"rendered":"K\u00f6nnte die Erw\u00e4rmung der Meere die Wei\u00dfen Haie zur\u00fcck in den Norden bringen &#8230;"},"content":{"rendered":"<p>Da sich auf der Erde ein Klima ver\u00e4ndert, das seit mehreren Hunderttausend Jahren nicht mehr zu beobachten war, m\u00fcssen wir m\u00f6glicherweise in alten Umgebungen nach Hinweisen suchen, was als n\u00e4chstes passieren k\u00f6nnte.<\/p>\n<p>Unsere neue Studie \u00fcber zwei Walfossilien mit erhaltenen Fragmenten von Haifischz\u00e4hnen legt nahe, dass die modernen Nachkommen dieser Tiere erneut in der s\u00fcdlichen Region der Nordsee zwischen Gro\u00dfbritannien, Belgien und D\u00e4nemark umherstreifen k\u00f6nnten. Der Klimawandel k\u00f6nnte die Bedingungen wiederherstellen, die es den Vorfahren der Wei\u00dfen Haie erm\u00f6glichten, in diesen Gew\u00e4ssern zu jagen.<\/p>\n<p>Wenn Sie Informationen dar\u00fcber w\u00fcnschen, wie Tiere und andere Organismen auf die Art von Klimaver\u00e4nderungen reagieren k\u00f6nnten, die unser Planet derzeit erlebt, ben\u00f6tigen Sie Beweise f\u00fcr fr\u00fchere Reaktionen auf solche Ver\u00e4nderungen.<\/p>\n<p>Die Pal\u00e4o\u00f6kologie, die Untersuchung der Wechselwirkungen zwischen Organismen in der tiefen Vergangenheit, wird seit einigen Jahren in den Dienst der Naturschutzwissenschaft gestellt.<\/p>\n<p>Ein Beispiel f\u00fcr eine vergangene Meereslandschaft, die uns wichtige Informationen liefern k\u00f6nnte, ist der s\u00fcdliche Teil der Nordsee, der vor einigen Millionen Jahren von gro\u00dfen Meerestieren bewohnt war. In der heutigen Zeit weist das Gebiet eine relativ geringe Vielfalt an Wildtieren auf.<\/p>\n<p>Aber vor etwa 4 bis 5 Millionen Jahren war die Nordsee die Heimat mehrerer gro\u00dfer Haiarten, darunter der heute lokal ausgestorbene Sechskiemerhai mit stumpfer Nase und ein Verwandter des modernen Wei\u00dfen Hais. In dieser Region lebten fr\u00fcher der Gr\u00f6nlandhai, au\u00dferdem kleine Glattwale, ein Verwandter des Belugawals, und Bartenwale. Es war auch die Heimat ausgestorbener Delfine, wie z <em>Pliodelphis doelensis<\/em> der etwa die Gr\u00f6\u00dfe eines gew\u00f6hnlichen Delfins hatte, sowie Schweinswale und mehrere Robbenarten. Viele dieser Tiere, wie alle Wale und Robben sowie einige der Haie, sind inzwischen ausgestorben. Andere, darunter viele andere Haie, sind inzwischen in ferne Ozeane ausgewandert.<\/p>\n<p>Es scheint, dass es in der s\u00fcdlichen Nordsee w\u00e4hrend der Eiszeit des Plioz\u00e4n-Pleistoz\u00e4ns zu einem gro\u00dfen Wechsel von Walarten kam, wobei die meisten kleinen Bartenwale ausstarben und andere Walfamilien (wie die des Belugawals) auswanderten. Dieser Umsatz k\u00f6nnte durchaus f\u00fcr das Verschwinden der gro\u00dfen Haie aus der Nordsee verantwortlich gewesen sein, einschlie\u00dflich der gro\u00dfen wei\u00dfen Verwandten und der stumpfnasigen Sechskiemerhaie, die sich von den kleineren Walen ern\u00e4hrten.<\/p>\n<p>Gelegentlich geben Fossilienfunde einen Einblick in die fr\u00fcheren Beziehungen zwischen Arten. Dies kann Wissenschaftlern helfen, diese Nahrungsnetze und die Funktionsweise fr\u00fcherer \u00d6kosysteme besser zu verstehen.<\/p>\n<p>Haibissspuren auf Knochen fossiler Meeress\u00e4ugetiere sind relativ h\u00e4ufig und verraten Zeitintervalle, in denen zwei Tiere interagierten. Allerdings ist es oft schwierig, die Raubtierart zu identifizieren. Wesentlich seltener sind Bissspuren mit versteinerten Zahnfragmenten. Dies haben wir in zwei Walsch\u00e4deln aus dem fr\u00fchen Plioz\u00e4n (vor etwa 5 bis 4 Millionen Jahren) in der Nordsee gefunden.<\/p>\n<figure class=\"wp-block-image\"><\/figure>\n<p>Der erste dieser beiden Sch\u00e4del geh\u00f6rte einem winzigen, ausgestorbenen Glattwal, der von Fossilienliebhabern von Vater und Sohn (Robert und John Stewart \u2013 Mitautor dieses Artikels) Mitte der 1980er Jahre in den Docks in Antwerpen, Belgien, gefunden wurde. Etwa 40 Jahre sp\u00e4ter wurde der Sch\u00e4del dem Institut f\u00fcr Naturwissenschaften in Br\u00fcssel gespendet, wo er von einem von uns (Olivier Lambert) als eines von nur zwei Fossilienexemplaren identifiziert wurde <em>Balaenella brachyrhynus<\/em>eine winzige Glattwalart, die nur aus der Nordsee bekannt ist.<\/p>\n<p>Bei einer weiteren Untersuchung wurden Bissspuren auf der Oberseite des Sch\u00e4dels festgestellt, und in einer dieser Spuren befand sich ein Zahnfragment eines Hais. In unserer Studie wurde mit Hilfe des Haispezialisten Frederik Mollen mithilfe von Mikro-CT-Scans identifiziert, dass die Zahnspitze zu einem Teil eines unteren Zahns eines Sechskiemerhais mit stumpfer Nase geh\u00f6rt <em>Hexanchus griseus<\/em>die heute im Mittelmeer h\u00e4ufig vorkommt. Die Position der Bisse macht es wahrscheinlich, dass der Wal gefressen wurde, als er mit dem Bauch nach oben im Treiben lag.<\/p>\n<p>Der zweite Sch\u00e4del stammt von einem nahen Verwandten des ausgestorbenen Belugawals <em>Casatia thermophila<\/em> wurde Anfang der 1980er Jahre entdeckt. Es wurde w\u00e4hrend der Ausgrabung eines neuen Docks im Hafen von Antwerpen von einem anderen Vater-Sohn-Team \u2013 Paul Gigase, von Beruf Pathologe, und seinem Sohn Pierre \u2013 gefunden.<\/p>\n<p>In diesem Fall k\u00f6nnte der Wal, der ebenfalls Bissspuren mit der Spitze eines Haifischzahns aufwies, von einem ausgestorbenen Makohai, einem Verwandten des heutigen Wei\u00dfen Hais, angegriffen worden sein. Es scheint, dass der Hai versuchte, den Kopf des Wals vom Rest des K\u00f6rpers zu trennen, und sich dabei auf die fettreiche Melone konzentrierte, eine Gewebemasse, die an der Echoortung auf der Oberseite des Kopfes des Tieres beteiligt ist.<\/p>\n<figure class=\"wp-block-image\"><img decoding=\"async\" src=\"https:\/\/images.theconversation.com\/files\/731603\/original\/file-20260422-57-f8i7fx.png?ixlib=rb-4.1.0&amp;q=45&amp;auto=format&amp;w=754&amp;fit=clip\" alt=\"Bild eines fossilen Sch\u00e4dels\"><\/figure>\n<p>Diese Fossilien sind ein direkter Beweis daf\u00fcr, dass Verwandte der heutigen Haie sich von diesen Walen ern\u00e4hrten. Auch wenn sich die fossilen Belege auf zwei Tierpaare beschr\u00e4nken, handelt es sich doch um konkrete Beispiele f\u00fcr ein solches Verhalten.<\/p>\n<p>Die anhaltende Krise der Artenvielfalt steht in direktem Zusammenhang mit dem Klimawandel und hat (oder wird) Auswirkungen auf die Verbreitung von Meeress\u00e4ugetieren. Von der globalen Erw\u00e4rmung d\u00fcrften vor allem Flachmeere betroffen sein. Der s\u00fcdliche Teil der Nordsee ist nicht gro\u00df oder tief genug f\u00fcr moderne Bartenwale, die gr\u00f6\u00dfer sind als ihre Vorfahren und im Nordatlantik leben, wie der moderne Glattwal, der Buckelwal und die Finnwale. Aber w\u00e4rmere Meere k\u00f6nnten Delfine und Robben anlocken und damit wiederum Wei\u00dfe Haie oder andere gro\u00dfe Meeresr\u00e4uber.<\/p>\n<p>In der Nordsee haben Wissenschaftler bereits kurzfristige Ver\u00e4nderungen in der Verbreitung von Schweinswalen und Robben beobachtet. Entlang der K\u00fcste der s\u00fcdlichen Nordsee haben sich neue Robbenkolonien niedergelassen, und die Zahl der j\u00e4hrlich an belgischen Str\u00e4nden gestrandeten Schweinswale schwankt stark.<\/p>\n<p>Das versteinerte Verhalten der verschwundenen Wale und Haie verdeutlicht, dass sich in der \u00d6kologie der Nordsee alles ver\u00e4ndert.<\/p>\n<p>John Stewart, Professor f\u00fcr Evolution\u00e4re Pal\u00e4o\u00f6kologie, <em>Universit\u00e4t Bournemouth<\/em> und Olivier Lambert, Forscher f\u00fcr Wirbeltierpal\u00e4ontologie, <em>K\u00f6niglich Belgisches Institut f\u00fcr Naturwissenschaften<\/em><\/p>\n<p>  wird von The Conversation unter einer Creative Commons-Lizenz erneut ver\u00f6ffentlicht. <\/p>\n<p>Foto von Gerald Sch\u00f6mbs auf Unsplash<\/p>\n","protected":false},"excerpt":{"rendered":"<p>Da sich auf der Erde ein Klima ver\u00e4ndert, das seit mehreren Hunderttausend Jahren nicht mehr zu beobachten war, m\u00fcssen wir m\u00f6glicherweise in alten Umgebungen nach<\/p>\n","protected":false},"author":1,"featured_media":13245,"comment_status":"closed","ping_status":"","sticky":false,"template":"","format":"standard","meta":{"footnotes":""},"categories":[101],"tags":[625,78,81,9,2916,14913,694,7761,1590,2930,309],"class_list":["post-13244","post","type-post","status-publish","format-standard","has-post-thumbnail","hentry","category-oekologie","tag-bringen","tag-den","tag-der","tag-die","tag-erwaermung","tag-haie","tag-koennte","tag-meere","tag-norden","tag-weissen","tag-zurueck","generate-columns","tablet-grid-50","mobile-grid-100","grid-parent","grid-50"],"yoast_head":"<!-- This site is optimized with the Yoast SEO plugin v27.3 - https:\/\/yoast.com\/product\/yoast-seo-wordpress\/ -->\n<title>K\u00f6nnte die Erw\u00e4rmung der Meere die Wei\u00dfen Haie zur\u00fcck in den Norden bringen ... - Nachrichten - Stra\u00dfenweb<\/title>\n<meta name=\"robots\" content=\"index, follow, max-snippet:-1, max-image-preview:large, max-video-preview:-1\" \/>\n<link rel=\"canonical\" href=\"https:\/\/www.strassenweb.de\/nachrichten\/koennte-die-erwaermung-der-meere-die-weissen-haie-zurueck-in-den-norden-bringen\/\" \/>\n<meta property=\"og:locale\" content=\"de_DE\" \/>\n<meta property=\"og:type\" content=\"article\" \/>\n<meta property=\"og:title\" content=\"K\u00f6nnte die Erw\u00e4rmung der Meere die Wei\u00dfen Haie zur\u00fcck in den Norden bringen ... - Nachrichten - Stra\u00dfenweb\" \/>\n<meta property=\"og:description\" content=\"Da sich auf der Erde ein Klima ver\u00e4ndert, das seit mehreren Hunderttausend Jahren nicht mehr zu beobachten war, m\u00fcssen wir m\u00f6glicherweise in alten Umgebungen nach\" \/>\n<meta property=\"og:url\" content=\"https:\/\/www.strassenweb.de\/nachrichten\/koennte-die-erwaermung-der-meere-die-weissen-haie-zurueck-in-den-norden-bringen\/\" \/>\n<meta property=\"og:site_name\" content=\"Stra\u00dfenweb\" \/>\n<meta property=\"article:publisher\" content=\"https:\/\/www.facebook.com\/strassenweb\/\" \/>\n<meta property=\"article:published_time\" content=\"2026-04-26T17:40:13+00:00\" \/>\n<meta property=\"article:modified_time\" content=\"2026-04-26T17:40:17+00:00\" \/>\n<meta property=\"og:image\" content=\"https:\/\/www.strassenweb.de\/nachrichten\/wp-content\/uploads\/2026\/04\/Koennte-die-Erwaermung-der-Meere-die-Weissen-Haie-zurueck-in.jpeg\" \/>\n\t<meta property=\"og:image:width\" content=\"900\" \/>\n\t<meta property=\"og:image:height\" content=\"600\" \/>\n\t<meta property=\"og:image:type\" content=\"image\/jpeg\" \/>\n<meta name=\"author\" content=\"Robert Hoffmann\" \/>\n<meta name=\"twitter:card\" content=\"summary_large_image\" \/>\n<meta name=\"twitter:label1\" content=\"Verfasst von\" \/>\n\t<meta name=\"twitter:data1\" content=\"Robert Hoffmann\" \/>\n\t<meta name=\"twitter:label2\" content=\"Gesch\u00e4tzte Lesezeit\" \/>\n\t<meta name=\"twitter:data2\" content=\"5\u00a0Minuten\" \/>\n<script type=\"application\/ld+json\" class=\"yoast-schema-graph\">{\"@context\":\"https:\\\/\\\/schema.org\",\"@graph\":[{\"@type\":\"Article\",\"@id\":\"https:\\\/\\\/www.strassenweb.de\\\/nachrichten\\\/koennte-die-erwaermung-der-meere-die-weissen-haie-zurueck-in-den-norden-bringen\\\/#article\",\"isPartOf\":{\"@id\":\"https:\\\/\\\/www.strassenweb.de\\\/nachrichten\\\/koennte-die-erwaermung-der-meere-die-weissen-haie-zurueck-in-den-norden-bringen\\\/\"},\"author\":{\"name\":\"Robert Hoffmann\",\"@id\":\"https:\\\/\\\/www.strassenweb.de\\\/nachrichten\\\/#\\\/schema\\\/person\\\/87c9c9067f1211da429a744dc5a5aa41\"},\"headline\":\"K\u00f6nnte die Erw\u00e4rmung der Meere die Wei\u00dfen Haie zur\u00fcck in den Norden bringen &#8230;\",\"datePublished\":\"2026-04-26T17:40:13+00:00\",\"dateModified\":\"2026-04-26T17:40:17+00:00\",\"mainEntityOfPage\":{\"@id\":\"https:\\\/\\\/www.strassenweb.de\\\/nachrichten\\\/koennte-die-erwaermung-der-meere-die-weissen-haie-zurueck-in-den-norden-bringen\\\/\"},\"wordCount\":1015,\"publisher\":{\"@id\":\"https:\\\/\\\/www.strassenweb.de\\\/nachrichten\\\/#organization\"},\"image\":{\"@id\":\"https:\\\/\\\/www.strassenweb.de\\\/nachrichten\\\/koennte-die-erwaermung-der-meere-die-weissen-haie-zurueck-in-den-norden-bringen\\\/#primaryimage\"},\"thumbnailUrl\":\"https:\\\/\\\/www.strassenweb.de\\\/nachrichten\\\/wp-content\\\/uploads\\\/2026\\\/04\\\/Koennte-die-Erwaermung-der-Meere-die-Weissen-Haie-zurueck-in.jpeg\",\"keywords\":[\"bringen\",\"den\",\"der\",\"die\",\"Erw\u00e4rmung\",\"Haie\",\"k\u00f6nnte\",\"Meere\",\"Norden\",\"wei\u00dfen\",\"zur\u00fcck\"],\"articleSection\":[\"\u00d6kologie\"],\"inLanguage\":\"de\"},{\"@type\":\"WebPage\",\"@id\":\"https:\\\/\\\/www.strassenweb.de\\\/nachrichten\\\/koennte-die-erwaermung-der-meere-die-weissen-haie-zurueck-in-den-norden-bringen\\\/\",\"url\":\"https:\\\/\\\/www.strassenweb.de\\\/nachrichten\\\/koennte-die-erwaermung-der-meere-die-weissen-haie-zurueck-in-den-norden-bringen\\\/\",\"name\":\"K\u00f6nnte die Erw\u00e4rmung der Meere die Wei\u00dfen Haie zur\u00fcck in den Norden bringen ... - Nachrichten - Stra\u00dfenweb\",\"isPartOf\":{\"@id\":\"https:\\\/\\\/www.strassenweb.de\\\/nachrichten\\\/#website\"},\"primaryImageOfPage\":{\"@id\":\"https:\\\/\\\/www.strassenweb.de\\\/nachrichten\\\/koennte-die-erwaermung-der-meere-die-weissen-haie-zurueck-in-den-norden-bringen\\\/#primaryimage\"},\"image\":{\"@id\":\"https:\\\/\\\/www.strassenweb.de\\\/nachrichten\\\/koennte-die-erwaermung-der-meere-die-weissen-haie-zurueck-in-den-norden-bringen\\\/#primaryimage\"},\"thumbnailUrl\":\"https:\\\/\\\/www.strassenweb.de\\\/nachrichten\\\/wp-content\\\/uploads\\\/2026\\\/04\\\/Koennte-die-Erwaermung-der-Meere-die-Weissen-Haie-zurueck-in.jpeg\",\"datePublished\":\"2026-04-26T17:40:13+00:00\",\"dateModified\":\"2026-04-26T17:40:17+00:00\",\"breadcrumb\":{\"@id\":\"https:\\\/\\\/www.strassenweb.de\\\/nachrichten\\\/koennte-die-erwaermung-der-meere-die-weissen-haie-zurueck-in-den-norden-bringen\\\/#breadcrumb\"},\"inLanguage\":\"de\",\"potentialAction\":[{\"@type\":\"ReadAction\",\"target\":[\"https:\\\/\\\/www.strassenweb.de\\\/nachrichten\\\/koennte-die-erwaermung-der-meere-die-weissen-haie-zurueck-in-den-norden-bringen\\\/\"]}]},{\"@type\":\"ImageObject\",\"inLanguage\":\"de\",\"@id\":\"https:\\\/\\\/www.strassenweb.de\\\/nachrichten\\\/koennte-die-erwaermung-der-meere-die-weissen-haie-zurueck-in-den-norden-bringen\\\/#primaryimage\",\"url\":\"https:\\\/\\\/www.strassenweb.de\\\/nachrichten\\\/wp-content\\\/uploads\\\/2026\\\/04\\\/Koennte-die-Erwaermung-der-Meere-die-Weissen-Haie-zurueck-in.jpeg\",\"contentUrl\":\"https:\\\/\\\/www.strassenweb.de\\\/nachrichten\\\/wp-content\\\/uploads\\\/2026\\\/04\\\/Koennte-die-Erwaermung-der-Meere-die-Weissen-Haie-zurueck-in.jpeg\",\"width\":900,\"height\":600,\"caption\":\"Could warming seas bring great white sharks back to the North Sea? A 5\u2011million\u2011year\u2011old shark tooth may provide\u00a0clues\"},{\"@type\":\"BreadcrumbList\",\"@id\":\"https:\\\/\\\/www.strassenweb.de\\\/nachrichten\\\/koennte-die-erwaermung-der-meere-die-weissen-haie-zurueck-in-den-norden-bringen\\\/#breadcrumb\",\"itemListElement\":[{\"@type\":\"ListItem\",\"position\":1,\"name\":\"Home\",\"item\":\"https:\\\/\\\/www.strassenweb.de\\\/nachrichten\\\/\"},{\"@type\":\"ListItem\",\"position\":2,\"name\":\"K\u00f6nnte die Erw\u00e4rmung der Meere die Wei\u00dfen Haie zur\u00fcck in den Norden bringen &#8230;\"}]},{\"@type\":\"WebSite\",\"@id\":\"https:\\\/\\\/www.strassenweb.de\\\/nachrichten\\\/#website\",\"url\":\"https:\\\/\\\/www.strassenweb.de\\\/nachrichten\\\/\",\"name\":\"Stra\u00dfenweb\",\"description\":\"Stra\u00dfenverzeichnis f\u00fcr Deutschland\",\"publisher\":{\"@id\":\"https:\\\/\\\/www.strassenweb.de\\\/nachrichten\\\/#organization\"},\"potentialAction\":[{\"@type\":\"SearchAction\",\"target\":{\"@type\":\"EntryPoint\",\"urlTemplate\":\"https:\\\/\\\/www.strassenweb.de\\\/nachrichten\\\/?s={search_term_string}\"},\"query-input\":{\"@type\":\"PropertyValueSpecification\",\"valueRequired\":true,\"valueName\":\"search_term_string\"}}],\"inLanguage\":\"de\"},{\"@type\":\"Organization\",\"@id\":\"https:\\\/\\\/www.strassenweb.de\\\/nachrichten\\\/#organization\",\"name\":\"Stra\u00dfenweb\",\"url\":\"https:\\\/\\\/www.strassenweb.de\\\/nachrichten\\\/\",\"logo\":{\"@type\":\"ImageObject\",\"inLanguage\":\"de\",\"@id\":\"https:\\\/\\\/www.strassenweb.de\\\/nachrichten\\\/#\\\/schema\\\/logo\\\/image\\\/\",\"url\":\"https:\\\/\\\/www.strassenweb.de\\\/nachrichten\\\/wp-content\\\/uploads\\\/2024\\\/09\\\/cropped-favicon.png\",\"contentUrl\":\"https:\\\/\\\/www.strassenweb.de\\\/nachrichten\\\/wp-content\\\/uploads\\\/2024\\\/09\\\/cropped-favicon.png\",\"width\":512,\"height\":512,\"caption\":\"Stra\u00dfenweb\"},\"image\":{\"@id\":\"https:\\\/\\\/www.strassenweb.de\\\/nachrichten\\\/#\\\/schema\\\/logo\\\/image\\\/\"},\"sameAs\":[\"https:\\\/\\\/www.facebook.com\\\/strassenweb\\\/\"]},{\"@type\":\"Person\",\"@id\":\"https:\\\/\\\/www.strassenweb.de\\\/nachrichten\\\/#\\\/schema\\\/person\\\/87c9c9067f1211da429a744dc5a5aa41\",\"name\":\"Robert Hoffmann\",\"image\":{\"@type\":\"ImageObject\",\"inLanguage\":\"de\",\"@id\":\"https:\\\/\\\/www.strassenweb.de\\\/nachrichten\\\/wp-content\\\/uploads\\\/2024\\\/09\\\/strassenweb-150x150.jpg\",\"url\":\"https:\\\/\\\/www.strassenweb.de\\\/nachrichten\\\/wp-content\\\/uploads\\\/2024\\\/09\\\/strassenweb-150x150.jpg\",\"contentUrl\":\"https:\\\/\\\/www.strassenweb.de\\\/nachrichten\\\/wp-content\\\/uploads\\\/2024\\\/09\\\/strassenweb-150x150.jpg\",\"caption\":\"Robert Hoffmann\"},\"description\":\"Ich hei\u00dfe Robert Hoffmann und ich bin ein leidenschaftlicher Verfechter von \u00d6kologie und Biodiversit\u00e4t. Seit meiner Kindheit in den W\u00e4ldern Bayerns f\u00fchle ich mich mit der Natur verbunden und bin entschlossen, sie zu sch\u00fctzen. Heute widme ich mein Leben der Sensibilisierung anderer f\u00fcr die Bedeutung des Umweltschutzes f\u00fcr zuk\u00fcnftige Generationen.\",\"sameAs\":[\"https:\\\/\\\/www.strassenweb.de\\\/\"]}]}<\/script>\n<!-- \/ Yoast SEO plugin. -->","yoast_head_json":{"title":"K\u00f6nnte die Erw\u00e4rmung der Meere die Wei\u00dfen Haie zur\u00fcck in den Norden bringen ... - Nachrichten - Stra\u00dfenweb","robots":{"index":"index","follow":"follow","max-snippet":"max-snippet:-1","max-image-preview":"max-image-preview:large","max-video-preview":"max-video-preview:-1"},"canonical":"https:\/\/www.strassenweb.de\/nachrichten\/koennte-die-erwaermung-der-meere-die-weissen-haie-zurueck-in-den-norden-bringen\/","og_locale":"de_DE","og_type":"article","og_title":"K\u00f6nnte die Erw\u00e4rmung der Meere die Wei\u00dfen Haie zur\u00fcck in den Norden bringen ... - Nachrichten - Stra\u00dfenweb","og_description":"Da sich auf der Erde ein Klima ver\u00e4ndert, das seit mehreren Hunderttausend Jahren nicht mehr zu beobachten war, m\u00fcssen wir m\u00f6glicherweise in alten Umgebungen nach","og_url":"https:\/\/www.strassenweb.de\/nachrichten\/koennte-die-erwaermung-der-meere-die-weissen-haie-zurueck-in-den-norden-bringen\/","og_site_name":"Stra\u00dfenweb","article_publisher":"https:\/\/www.facebook.com\/strassenweb\/","article_published_time":"2026-04-26T17:40:13+00:00","article_modified_time":"2026-04-26T17:40:17+00:00","og_image":[{"width":900,"height":600,"url":"https:\/\/www.strassenweb.de\/nachrichten\/wp-content\/uploads\/2026\/04\/Koennte-die-Erwaermung-der-Meere-die-Weissen-Haie-zurueck-in.jpeg","type":"image\/jpeg"}],"author":"Robert Hoffmann","twitter_card":"summary_large_image","twitter_misc":{"Verfasst von":"Robert Hoffmann","Gesch\u00e4tzte Lesezeit":"5\u00a0Minuten"},"schema":{"@context":"https:\/\/schema.org","@graph":[{"@type":"Article","@id":"https:\/\/www.strassenweb.de\/nachrichten\/koennte-die-erwaermung-der-meere-die-weissen-haie-zurueck-in-den-norden-bringen\/#article","isPartOf":{"@id":"https:\/\/www.strassenweb.de\/nachrichten\/koennte-die-erwaermung-der-meere-die-weissen-haie-zurueck-in-den-norden-bringen\/"},"author":{"name":"Robert Hoffmann","@id":"https:\/\/www.strassenweb.de\/nachrichten\/#\/schema\/person\/87c9c9067f1211da429a744dc5a5aa41"},"headline":"K\u00f6nnte die Erw\u00e4rmung der Meere die Wei\u00dfen Haie zur\u00fcck in den Norden bringen &#8230;","datePublished":"2026-04-26T17:40:13+00:00","dateModified":"2026-04-26T17:40:17+00:00","mainEntityOfPage":{"@id":"https:\/\/www.strassenweb.de\/nachrichten\/koennte-die-erwaermung-der-meere-die-weissen-haie-zurueck-in-den-norden-bringen\/"},"wordCount":1015,"publisher":{"@id":"https:\/\/www.strassenweb.de\/nachrichten\/#organization"},"image":{"@id":"https:\/\/www.strassenweb.de\/nachrichten\/koennte-die-erwaermung-der-meere-die-weissen-haie-zurueck-in-den-norden-bringen\/#primaryimage"},"thumbnailUrl":"https:\/\/www.strassenweb.de\/nachrichten\/wp-content\/uploads\/2026\/04\/Koennte-die-Erwaermung-der-Meere-die-Weissen-Haie-zurueck-in.jpeg","keywords":["bringen","den","der","die","Erw\u00e4rmung","Haie","k\u00f6nnte","Meere","Norden","wei\u00dfen","zur\u00fcck"],"articleSection":["\u00d6kologie"],"inLanguage":"de"},{"@type":"WebPage","@id":"https:\/\/www.strassenweb.de\/nachrichten\/koennte-die-erwaermung-der-meere-die-weissen-haie-zurueck-in-den-norden-bringen\/","url":"https:\/\/www.strassenweb.de\/nachrichten\/koennte-die-erwaermung-der-meere-die-weissen-haie-zurueck-in-den-norden-bringen\/","name":"K\u00f6nnte die Erw\u00e4rmung der Meere die Wei\u00dfen Haie zur\u00fcck in den Norden bringen ... - Nachrichten - Stra\u00dfenweb","isPartOf":{"@id":"https:\/\/www.strassenweb.de\/nachrichten\/#website"},"primaryImageOfPage":{"@id":"https:\/\/www.strassenweb.de\/nachrichten\/koennte-die-erwaermung-der-meere-die-weissen-haie-zurueck-in-den-norden-bringen\/#primaryimage"},"image":{"@id":"https:\/\/www.strassenweb.de\/nachrichten\/koennte-die-erwaermung-der-meere-die-weissen-haie-zurueck-in-den-norden-bringen\/#primaryimage"},"thumbnailUrl":"https:\/\/www.strassenweb.de\/nachrichten\/wp-content\/uploads\/2026\/04\/Koennte-die-Erwaermung-der-Meere-die-Weissen-Haie-zurueck-in.jpeg","datePublished":"2026-04-26T17:40:13+00:00","dateModified":"2026-04-26T17:40:17+00:00","breadcrumb":{"@id":"https:\/\/www.strassenweb.de\/nachrichten\/koennte-die-erwaermung-der-meere-die-weissen-haie-zurueck-in-den-norden-bringen\/#breadcrumb"},"inLanguage":"de","potentialAction":[{"@type":"ReadAction","target":["https:\/\/www.strassenweb.de\/nachrichten\/koennte-die-erwaermung-der-meere-die-weissen-haie-zurueck-in-den-norden-bringen\/"]}]},{"@type":"ImageObject","inLanguage":"de","@id":"https:\/\/www.strassenweb.de\/nachrichten\/koennte-die-erwaermung-der-meere-die-weissen-haie-zurueck-in-den-norden-bringen\/#primaryimage","url":"https:\/\/www.strassenweb.de\/nachrichten\/wp-content\/uploads\/2026\/04\/Koennte-die-Erwaermung-der-Meere-die-Weissen-Haie-zurueck-in.jpeg","contentUrl":"https:\/\/www.strassenweb.de\/nachrichten\/wp-content\/uploads\/2026\/04\/Koennte-die-Erwaermung-der-Meere-die-Weissen-Haie-zurueck-in.jpeg","width":900,"height":600,"caption":"Could warming seas bring great white sharks back to the North Sea? A 5\u2011million\u2011year\u2011old shark tooth may provide\u00a0clues"},{"@type":"BreadcrumbList","@id":"https:\/\/www.strassenweb.de\/nachrichten\/koennte-die-erwaermung-der-meere-die-weissen-haie-zurueck-in-den-norden-bringen\/#breadcrumb","itemListElement":[{"@type":"ListItem","position":1,"name":"Home","item":"https:\/\/www.strassenweb.de\/nachrichten\/"},{"@type":"ListItem","position":2,"name":"K\u00f6nnte die Erw\u00e4rmung der Meere die Wei\u00dfen Haie zur\u00fcck in den Norden bringen &#8230;"}]},{"@type":"WebSite","@id":"https:\/\/www.strassenweb.de\/nachrichten\/#website","url":"https:\/\/www.strassenweb.de\/nachrichten\/","name":"Stra\u00dfenweb","description":"Stra\u00dfenverzeichnis f\u00fcr Deutschland","publisher":{"@id":"https:\/\/www.strassenweb.de\/nachrichten\/#organization"},"potentialAction":[{"@type":"SearchAction","target":{"@type":"EntryPoint","urlTemplate":"https:\/\/www.strassenweb.de\/nachrichten\/?s={search_term_string}"},"query-input":{"@type":"PropertyValueSpecification","valueRequired":true,"valueName":"search_term_string"}}],"inLanguage":"de"},{"@type":"Organization","@id":"https:\/\/www.strassenweb.de\/nachrichten\/#organization","name":"Stra\u00dfenweb","url":"https:\/\/www.strassenweb.de\/nachrichten\/","logo":{"@type":"ImageObject","inLanguage":"de","@id":"https:\/\/www.strassenweb.de\/nachrichten\/#\/schema\/logo\/image\/","url":"https:\/\/www.strassenweb.de\/nachrichten\/wp-content\/uploads\/2024\/09\/cropped-favicon.png","contentUrl":"https:\/\/www.strassenweb.de\/nachrichten\/wp-content\/uploads\/2024\/09\/cropped-favicon.png","width":512,"height":512,"caption":"Stra\u00dfenweb"},"image":{"@id":"https:\/\/www.strassenweb.de\/nachrichten\/#\/schema\/logo\/image\/"},"sameAs":["https:\/\/www.facebook.com\/strassenweb\/"]},{"@type":"Person","@id":"https:\/\/www.strassenweb.de\/nachrichten\/#\/schema\/person\/87c9c9067f1211da429a744dc5a5aa41","name":"Robert Hoffmann","image":{"@type":"ImageObject","inLanguage":"de","@id":"https:\/\/www.strassenweb.de\/nachrichten\/wp-content\/uploads\/2024\/09\/strassenweb-150x150.jpg","url":"https:\/\/www.strassenweb.de\/nachrichten\/wp-content\/uploads\/2024\/09\/strassenweb-150x150.jpg","contentUrl":"https:\/\/www.strassenweb.de\/nachrichten\/wp-content\/uploads\/2024\/09\/strassenweb-150x150.jpg","caption":"Robert Hoffmann"},"description":"Ich hei\u00dfe Robert Hoffmann und ich bin ein leidenschaftlicher Verfechter von \u00d6kologie und Biodiversit\u00e4t. Seit meiner Kindheit in den W\u00e4ldern Bayerns f\u00fchle ich mich mit der Natur verbunden und bin entschlossen, sie zu sch\u00fctzen. Heute widme ich mein Leben der Sensibilisierung anderer f\u00fcr die Bedeutung des Umweltschutzes f\u00fcr zuk\u00fcnftige Generationen.","sameAs":["https:\/\/www.strassenweb.de\/"]}]}},"_links":{"self":[{"href":"https:\/\/www.strassenweb.de\/nachrichten\/wp-json\/wp\/v2\/posts\/13244","targetHints":{"allow":["GET"]}}],"collection":[{"href":"https:\/\/www.strassenweb.de\/nachrichten\/wp-json\/wp\/v2\/posts"}],"about":[{"href":"https:\/\/www.strassenweb.de\/nachrichten\/wp-json\/wp\/v2\/types\/post"}],"author":[{"embeddable":true,"href":"https:\/\/www.strassenweb.de\/nachrichten\/wp-json\/wp\/v2\/users\/1"}],"replies":[{"embeddable":true,"href":"https:\/\/www.strassenweb.de\/nachrichten\/wp-json\/wp\/v2\/comments?post=13244"}],"version-history":[{"count":1,"href":"https:\/\/www.strassenweb.de\/nachrichten\/wp-json\/wp\/v2\/posts\/13244\/revisions"}],"predecessor-version":[{"id":13246,"href":"https:\/\/www.strassenweb.de\/nachrichten\/wp-json\/wp\/v2\/posts\/13244\/revisions\/13246"}],"wp:featuredmedia":[{"embeddable":true,"href":"https:\/\/www.strassenweb.de\/nachrichten\/wp-json\/wp\/v2\/media\/13245"}],"wp:attachment":[{"href":"https:\/\/www.strassenweb.de\/nachrichten\/wp-json\/wp\/v2\/media?parent=13244"}],"wp:term":[{"taxonomy":"category","embeddable":true,"href":"https:\/\/www.strassenweb.de\/nachrichten\/wp-json\/wp\/v2\/categories?post=13244"},{"taxonomy":"post_tag","embeddable":true,"href":"https:\/\/www.strassenweb.de\/nachrichten\/wp-json\/wp\/v2\/tags?post=13244"}],"curies":[{"name":"wp","href":"https:\/\/api.w.org\/{rel}","templated":true}]}}