{"id":1303,"date":"2024-11-02T07:18:52","date_gmt":"2024-11-02T06:18:52","guid":{"rendered":"https:\/\/www.strassenweb.de\/nachrichten\/7-stauden-die-sie-im-november-nicht-zurueckschneiden-sollten-um-den-garten-naturfreundlich-zu-halten-und-fuer-mehr-winterinteresse-zu-sorgen\/"},"modified":"2024-11-02T07:18:53","modified_gmt":"2024-11-02T06:18:53","slug":"7-stauden-die-sie-im-november-nicht-zurueckschneiden-sollten-um-den-garten-naturfreundlich-zu-halten-und-fuer-mehr-winterinteresse-zu-sorgen","status":"publish","type":"post","link":"https:\/\/www.strassenweb.de\/nachrichten\/7-stauden-die-sie-im-november-nicht-zurueckschneiden-sollten-um-den-garten-naturfreundlich-zu-halten-und-fuer-mehr-winterinteresse-zu-sorgen\/","title":{"rendered":"7 Stauden, die Sie im November nicht zur\u00fcckschneiden sollten, um den Garten naturfreundlich zu halten und f\u00fcr mehr Winterinteresse zu sorgen"},"content":{"rendered":"<p><\/p>\n<div id=\"article-body\" class=\"article__body \">\n<p>W\u00e4hrend der Herbst den Garten einh\u00fcllt, denken viele G\u00e4rtner daran, sich auf den Winter vorzubereiten und Stauden zur\u00fcckzuschneiden, deren Bl\u00fctezeit im Sommer bereits l\u00e4ngst \u00fcberschritten zu sein scheint. Die Bl\u00fctenpracht scheint schon lange vorbei zu sein, da der erste Frost an den Bl\u00e4ttern nagt, aber beeilen Sie sich nicht zu schnell, um all diese Stauden zur\u00fcckzuschneiden.<\/p>\n<div id=\"ad-unit-1\" class=\"ad-unit\"><\/div>\n<p>Ein R\u00fcckschnitt im November kommt einigen mehrj\u00e4hrigen Pflanzen zugute, doch nicht alle ben\u00f6tigen eine solche Behandlung im Herbst. Eine gro\u00dfe Auswahl an Stauden erfreuen einen Wintergarten und bieten V\u00f6geln und anderen Best\u00e4ubern im Rahmen von Wildgartenideen wertvolle Nahrung und Schutz. Manche Stauden ben\u00f6tigen auch den Schutz alter Bl\u00e4tter vor Winterfr\u00f6sten.<\/p>\n<p>Um Ihnen dabei zu helfen, herauszufinden, welche Pflanzen Sie diesen Monat am besten in Ihren Blumenbeeten lassen sollten, nennt unser Ratgeber sieben Stauden, die Sie im November nicht zur\u00fcckschneiden sollten, und erkl\u00e4rt, warum Sie erw\u00e4gen sollten, sie bis zum Fr\u00fchjahr stehen zu lassen.<\/p>\n<div id=\"desktop-in-article\" class=\"in-article ad-unit\">\n<div id=\"desktop-taboola-mid-article\"><\/div>\n<\/div>\n<div id=\"mobile-in-article\" class=\"in-article ad-unit\">\n<div id=\"mobile-taboola-mid-article\"><\/div>\n<\/div>\n<figure class=\"van-image-figure inline-layout \" data-bordeaux-image-check>\n<div class=\"image-full-width-wrapper\">\n<div class=\"image-widthsetter\" style=\"max-width:2400px;\"><\/div>\n<\/div>\n<\/figure>\n<h2 id=\"what-perennials-should-not-be-cut-back-in-the-fall-3\">Welche Stauden sollten im Herbst nicht zur\u00fcckgeschnitten werden? <\/h2>\n<aside class=\"hawk-nest\" data-block-type=\"embed\" data-render-type=\"fte\" data-skip=\"dealsy\" data-widget-type=\"seasonal\">\n<div class=\"hawk-master-widget-hawk-base-wrapper\"><\/div>\n<\/aside>\n<p>Um sie gesund zu halten, schneidet man manche Stauden am besten im Herbst zur\u00fcck, da das Pflanzenmaterial Krankheiten und Sch\u00e4dlinge \u00fcberwintern kann, die im Fr\u00fchjahr m\u00f6glicherweise erneut auftreten. Dann gibt es noch die G\u00e4rtner, die einen aufger\u00e4umten Garten bevorzugen und das Zur\u00fcckschneiden aller Stauden auf ihre Herbst-Gartencheckliste setzen. Bevor Sie sich diesen Monat jedoch auf den Weg machen, Ihre Stauden zu beschneiden, \u00fcberlegen Sie, ob es sinnvoll ist, einige davon an Ort und Stelle zu belassen.<\/p>\n<div class=\"van_vid_carousel\">\n<div class=\"van_vid_carousel__padding\">\n<div class=\"van_vid_carousel__container\"><\/div>\n<\/div>\n<\/div>\n<h3 class=\"article-body__section\" id=\"section-1-black-eyed-susan\"><span>1. Schwarz\u00e4ugige Susan<\/span><\/h3>\n<figure class=\"van-image-figure inline-layout \" data-bordeaux-image-check>\n<div class=\"image-full-width-wrapper\">\n<div class=\"image-widthsetter\" style=\"max-width:2000px;\"><\/div>\n<\/div>\n<\/figure>\n<p>Schwarz\u00e4ugige Susannen, auch Rudbeckien genannt, verdanken ihren Namen ihren markanten Mittelzapfen. Diese dunklen Zapfen werden w\u00e4hrend der langen Bl\u00fctezeit von Sommer bis Herbst von hellen Bl\u00fctenbl\u00e4ttern flankiert, die \u00fcblicherweise gelb sind. Es gibt jedoch auch rote, goldene und orangefarbene Sorten, wenn Sie nach verschiedenen Sorten schwarz\u00e4ugiger Susans f\u00fcr den Anbau suchen.<\/p>\n<div id=\"ad-unit-2\" class=\"ad-unit\"><\/div>\n<p>Im Sp\u00e4therbst und Winter sind die getrockneten Bl\u00fctenk\u00f6pfe eine wertvolle Nahrungsquelle f\u00fcr eine Reihe von V\u00f6geln, darunter Stieglitz, Kardin\u00e4le und Spatzen. W\u00e4hrend die Bl\u00fcten der Schwarz\u00e4ugigen Susanne verblassen, bleibt der dunkle Mittelkegel erhalten und dient als Leuchtfeuer nahrhafter Samen f\u00fcr die V\u00f6gel.<\/p>\n<p>Wenn Sie sich daf\u00fcr entscheiden, Schwarzaugen-Sonnenblumen im Fr\u00fchjahr zur\u00fcckzuschneiden, ist das nicht nur gut f\u00fcr die Tierwelt, sondern Sie profitieren auch davon, dass die dunklen Zapfen im Winter besonders attraktiv aussehen, wenn sie mit Frost bedeckt sind.<\/p>\n<h3 class=\"article-body__section\" id=\"section-2-coneflowers\"><span>2. Sonnenhut<\/span><\/h3>\n<figure class=\"van-image-figure inline-layout \" data-bordeaux-image-check>\n<div class=\"image-full-width-wrapper\">\n<div class=\"image-widthsetter\" style=\"max-width:2000px;\"><\/div>\n<\/div>\n<\/figure>\n<p>Sonnenhut oder Echinacea \u00e4hneln den Schwarzaugen-Sonnenblumen insofern, als sie einen zentralen Kegel haben, der von hellen Bl\u00fctenbl\u00e4ttern umgeben ist. Diese Form macht sie zu beliebten Pflanzen f\u00fcr Best\u00e4uber und V\u00f6gel, w\u00e4hrend G\u00e4rtner, die Farbtupfer hinzuf\u00fcgen und Wildtiere in ihren Garten locken m\u00f6chten, aus einer breiten Palette von Sonnenhutsorten w\u00e4hlen k\u00f6nnen.<\/p>\n<p>Sonnenhutblumen k\u00f6nnen im Winter architektonisch aussehen, wobei die Sorten zwischen zwei und f\u00fcnf Fu\u00df hoch sind, und die getrockneten Samenk\u00f6pfe strahlen auch, wenn sie von Frost ber\u00fchrt werden. Die Samenk\u00f6pfe sind im Winter eine gro\u00dfartige Nahrungsquelle f\u00fcr V\u00f6gel, darunter Kardin\u00e4le, Blauh\u00e4her, Stieglitz und andere Wildtiere.<\/p>\n<p>Wenn Sie Sonnenhut im Fr\u00fchling zur\u00fcckschneiden, sch\u00fctzen die St\u00e4ngel die Krone der Pflanze vor extremer Winterk\u00e4lte. Das Mulchen rund um die Pflanze kann dazu beitragen, Sonnenhut winterfest zu machen und die Wurzeln vor dem schlimmsten Winterwetter zu sch\u00fctzen.<\/p>\n<h3 class=\"article-body__section\" id=\"section-3-coral-bells\"><span>3. Korallenglocken<\/span><\/h3>\n<figure class=\"van-image-figure inline-layout \" data-bordeaux-image-check>\n<div class=\"image-full-width-wrapper\">\n<div class=\"image-widthsetter\" style=\"max-width:2000px;\"><\/div>\n<\/div>\n<\/figure>\n<p>Korallengl\u00f6ckchen oder Heuchera gibt es in einem Kaleidoskop lebendiger Blattfarben unter Hunderten verschiedener Heuchera-Sorten, aus denen Sie w\u00e4hlen k\u00f6nnen. Korallengl\u00f6ckchen sind immergr\u00fcne, mehrj\u00e4hrige Pflanzen in w\u00e4rmeren Klimazonen, die das ganze Jahr \u00fcber f\u00fcr Farbe und Interesse sorgen. Heuchera eignet sich hervorragend als Bodendecker, insbesondere f\u00fcr schattigere Standorte, und ist einfach zu z\u00fcchten und zu pflegen.<\/p>\n<p>Wenn Sie in einer Gegend leben, in der Ihre Korallenglocken 12 Monate im Jahr f\u00fcr Farbe sorgen, wird Ihnen das Zur\u00fcckschneiden im Herbst das winterliche Interesse nehmen. Selbst wenn Ihre Pflanze im Winter abstirbt, sch\u00fctzen die alten Bl\u00e4tter die empfindliche Krone vor Winterfr\u00f6sten. Das Zur\u00fcckschneiden der Korallenglocken im Herbst kann zu gro\u00dfen Sch\u00e4den an der Pflanze f\u00fchren. Lassen Sie alle gesunden Bl\u00e4tter unber\u00fchrt, in der Gewissheit, dass sie der Pflanze im n\u00e4chsten Fr\u00fchjahr zu einem kr\u00e4ftigeren Wachstum verhelfen.<\/p>\n<h3 class=\"article-body__section\" id=\"section-4-globe-thistle\"><span>4. Kugeldistel<\/span><\/h3>\n<figure class=\"van-image-figure inline-layout \" data-bordeaux-image-check>\n<div class=\"image-full-width-wrapper\">\n<div class=\"image-widthsetter\" style=\"max-width:2000px;\"><\/div>\n<\/div>\n<\/figure>\n<p>Kugeldisteln tragen auch den botanischen Namen Echinops und die mehrj\u00e4hrigen Pflanzen sind eine auff\u00e4llige Erg\u00e4nzung f\u00fcr Gartenideen. Sie produzieren gro\u00dfe kugelf\u00f6rmige Bl\u00fcten auf hohen, mit stacheligem Blattwerk bedeckten Stielen, was sie zu einer herausragenden Erg\u00e4nzung f\u00fcr jedes Blumenbeet oder jeden Rabatt macht. Am besten bekannt f\u00fcr ihre blauen Bl\u00fcten, haben verschiedene Sorten violette oder wei\u00dfe Bl\u00fcten und Kugeldisteln sind hirschresistente Pflanzen und d\u00fcrretolerante Stauden.<\/p>\n<p>Kugeldisteln sind im Sommer und fr\u00fchen Herbst gro\u00dfartige Pflanzen f\u00fcr Bienen und Schmetterlinge. Ihre Vorteile f\u00fcr die Tierwelt bleiben bis in den Winter bestehen, da ihre getrockneten Samenk\u00f6pfe den V\u00f6geln wertvolle Nahrung bieten. Die aufrechten Pflanzen und getrockneten Samenk\u00f6pfe sorgen zudem f\u00fcr Struktur und \u00c4sthetik in einem Wintergarten \u2013 sie alle tragen dazu bei, sie im Herbst nicht zur\u00fcckzuschneiden. Wenn Sie Kugeldisteln jedoch zur\u00fcckschneiden, tragen Sie Handschuhe, um sich vor den stacheligen Bl\u00e4ttern und St\u00e4ngeln zu sch\u00fctzen.<\/p>\n<h3 class=\"article-body__section\" id=\"section-5-milkweed\"><span>5. Wolfsmilch<\/span><\/h3>\n<figure class=\"van-image-figure inline-layout \" data-bordeaux-image-check>\n<div class=\"image-full-width-wrapper\">\n<div class=\"image-widthsetter\" style=\"max-width:2400px;\"><\/div>\n<\/div>\n<\/figure>\n<p>Wolfsmilch ist das ganze Jahr \u00fcber eine wertvolle einheimische Pflanze f\u00fcr Best\u00e4uber. Es ist insbesondere eine sehr wichtige Nahrungsquelle f\u00fcr Monarchfalter und die einzige Wirtspflanze, auf der die Insekten ihre Eier ablegen und die jungen Raupen fressen k\u00f6nnen.<\/p>\n<p>Neben dem Monarchfalter lockt Wolfsmilch hervorragend Kolibris, Bienen und andere Schmetterlinge an. Da die Population der Pflanze in den letzten 20 Jahren zur\u00fcckgegangen ist, ist der Anbau von Wolfsmilch im Hinterhof eine fantastische M\u00f6glichkeit, eine Vielzahl n\u00fctzlicher Insekten und Best\u00e4uber zu unterst\u00fctzen.<\/p>\n<p>Im Herbst k\u00f6nnen diese Best\u00e4uber und Insekten in den hohlen St\u00e4ngeln der Pflanze Schutz suchen, wenn sie im Garten stehen bleiben.<\/p>\n<h3 class=\"article-body__section\" id=\"section-6-red-hot-poker\"><span>6. Red Hot Poker<\/span><\/h3>\n<figure class=\"van-image-figure inline-layout \" data-bordeaux-image-check>\n<div class=\"image-full-width-wrapper\">\n<div class=\"image-widthsetter\" style=\"max-width:2400px;\"><\/div>\n<\/div>\n<\/figure>\n<p>Kniphofia, besser bekannt als Red Hot Poker, sind beeindruckende Pflanzen dank ihrer leuchtenden Bl\u00fctenstiele, die in leuchtenden Rot-, Orange- und Gelbt\u00f6nen erh\u00e4ltlich sind und eine H\u00f6he von bis zu 1,20 m erreichen k\u00f6nnen.<\/p>\n<p>Geeignet f\u00fcr die US-Winterh\u00e4rtezone f\u00fcnf bis US-Winterh\u00e4rtezone neun. Red Hot Pokers lieben W\u00e4rme und eignen sich hervorragend f\u00fcr d\u00fcrretolerante Pflanzideen. W\u00e4hrend sie Hitze lieben, m\u00f6gen sie keine K\u00e4lte, und das bestimmt, wann gl\u00fchende Sch\u00fcrhaken beschnitten werden m\u00fcssen. Am besten lassen Sie das Laub der Pflanze bis zum Fr\u00fchjahr an Ort und Stelle, da es die empfindliche Krone der Pflanze im Winter sch\u00fctzt.<\/p>\n<h3 class=\"article-body__section\" id=\"section-7-sedum\"><span>7. Fetthenne<\/span><\/h3>\n<figure class=\"van-image-figure inline-layout \" data-bordeaux-image-check>\n<div class=\"image-full-width-wrapper\">\n<div class=\"image-widthsetter\" style=\"max-width:2000px;\"><\/div>\n<\/div>\n<\/figure>\n<p>Sedum ist eine breite Pflanzengattung, die von hohen Pflanzen f\u00fcr Rabatten bis hin zu niedrig wachsenden Pflanzen reicht, die sich ideal als Bodendecker eignen. Es handelt sich um sehr robuste Pflanzen, die f\u00fcr die Winterh\u00e4rtezone 3 und h\u00f6her in den USA geeignet sind, und es ist f\u00fcr die Natur von Vorteil, Sedumpflanzen f\u00fcr den Winter nicht zur\u00fcckzuschneiden.<\/p>\n<p>Die getrockneten Bl\u00fctenk\u00f6pfe bieten vielen Wildtieren, darunter vielen einheimischen V\u00f6geln, Schutz und Nahrung. Sedums sind eine der vielen Stauden auf dieser Liste, die sich hervorragend zum F\u00fcttern von V\u00f6geln im Winter eignen. Sie sind eine weitere Pflanze, die auch einem Wintergarten Struktur und Textur verleiht, insbesondere die h\u00f6heren Rabatten-Fetthenne.<\/p>\n<h2 id=\"shop-pruning-tools-3\">Kaufen Sie Schnittwerkzeuge <\/h2>\n<div class=\"product-container hero-product-container product-block-no-wrap\"><\/div>\n<h3 class=\"article-body__section\" id=\"section-faqs\"><span>FAQs<\/span><\/h3>\n<h2 id=\"should-phlox-be-cut-back-in-the-fall-3\">Sollte Phlox im Herbst zur\u00fcckgeschnitten werden? <\/h2>\n<p>Wenn Sie wissen, wie man Phlox anbaut, haben Sie vielleicht schon einmal Mehltau erlebt, da die Pflanzen sehr anf\u00e4llig sind. Dieses Risiko erh\u00f6ht sich bei nassem und kaltem Wetter. Schneiden Sie daher Phlox im Herbst zur\u00fcck, um Infektionen vorzubeugen, da die Sporen auf dem Pflanzenmaterial \u00fcberwintern und im Fr\u00fchjahr erneut zuschlagen k\u00f6nnen.<\/p>\n<h2 id=\"should-you-cut-back-geraniums-for-winter-3\">Sollte man Geranien f\u00fcr den Winter zur\u00fcckschneiden? <\/h2>\n<p>Geranien oder Pelargonien sind keine winterharten Pflanzen und sollten ins Haus gebracht werden, um die Geranien zu \u00fcberwintern und sie gesund zu halten. Das Beschneiden von Geranien f\u00fcr den Winter, wenn sie ins Haus kommen, entfernt totes oder krankes Wachstum und beh\u00e4lt eine kompakte Form.<\/p>\n<hr>\n<p>Wenn Sie in Ihren Blumenbeeten Ziergr\u00e4ser anbauen, sollten Sie diese auch diesen Monat am besten unbeschnitten lassen. Sie verleihen einem Herbst- und Wintergarten Farbe, Struktur und mehr Spannung. Der beste Zeitpunkt, Ziergr\u00e4ser zur\u00fcckzuschneiden, ist der Fr\u00fchling.<\/p>\n<\/div>\n","protected":false},"excerpt":{"rendered":"<p>W\u00e4hrend der Herbst den Garten einh\u00fcllt, denken viele G\u00e4rtner daran, sich auf den Winter vorzubereiten und Stauden zur\u00fcckzuschneiden, deren Bl\u00fctezeit im Sommer bereits l\u00e4ngst \u00fcberschritten<\/p>\n","protected":false},"author":1,"featured_media":1304,"comment_status":"closed","ping_status":"","sticky":false,"template":"","format":"standard","meta":{"footnotes":""},"categories":[118],"tags":[78,9,55,320,720,301,2453,61,926,165,560,253,1199,37,2454,2452],"class_list":["post-1303","post","type-post","status-publish","format-standard","has-post-thumbnail","hentry","category-haus-garten","tag-den","tag-die","tag-fuer","tag-garten","tag-halten","tag-mehr","tag-naturfreundlich","tag-nicht","tag-november","tag-sie","tag-sollten","tag-sorgen","tag-stauden","tag-und","tag-winterinteresse","tag-zurueckschneiden","generate-columns","tablet-grid-50","mobile-grid-100","grid-parent","grid-50"],"yoast_head":"<!-- This site is optimized with the Yoast SEO plugin v27.3 - https:\/\/yoast.com\/product\/yoast-seo-wordpress\/ -->\n<title>7 Stauden, die Sie im November nicht zur\u00fcckschneiden sollten, um den Garten naturfreundlich zu halten und f\u00fcr mehr Winterinteresse zu sorgen - Nachrichten - Stra\u00dfenweb<\/title>\n<meta name=\"robots\" content=\"index, follow, max-snippet:-1, max-image-preview:large, max-video-preview:-1\" \/>\n<link rel=\"canonical\" href=\"https:\/\/www.strassenweb.de\/nachrichten\/7-stauden-die-sie-im-november-nicht-zurueckschneiden-sollten-um-den-garten-naturfreundlich-zu-halten-und-fuer-mehr-winterinteresse-zu-sorgen\/\" \/>\n<meta property=\"og:locale\" content=\"de_DE\" \/>\n<meta property=\"og:type\" content=\"article\" \/>\n<meta property=\"og:title\" content=\"7 Stauden, die Sie im November nicht zur\u00fcckschneiden sollten, um den Garten naturfreundlich zu halten und f\u00fcr mehr Winterinteresse zu sorgen - Nachrichten - Stra\u00dfenweb\" \/>\n<meta property=\"og:description\" content=\"W\u00e4hrend der Herbst den Garten einh\u00fcllt, denken viele G\u00e4rtner daran, sich auf den Winter vorzubereiten und Stauden zur\u00fcckzuschneiden, deren Bl\u00fctezeit im Sommer bereits l\u00e4ngst \u00fcberschritten\" \/>\n<meta property=\"og:url\" content=\"https:\/\/www.strassenweb.de\/nachrichten\/7-stauden-die-sie-im-november-nicht-zurueckschneiden-sollten-um-den-garten-naturfreundlich-zu-halten-und-fuer-mehr-winterinteresse-zu-sorgen\/\" \/>\n<meta property=\"og:site_name\" content=\"Stra\u00dfenweb\" \/>\n<meta property=\"article:publisher\" content=\"https:\/\/www.facebook.com\/strassenweb\/\" \/>\n<meta property=\"article:published_time\" content=\"2024-11-02T06:18:52+00:00\" \/>\n<meta property=\"article:modified_time\" content=\"2024-11-02T06:18:53+00:00\" \/>\n<meta property=\"og:image\" content=\"https:\/\/www.strassenweb.de\/nachrichten\/wp-content\/uploads\/2024\/11\/7-Stauden-die-Sie-im-November-nicht-zurueckschneiden-sollten-um.jpg\" \/>\n\t<meta property=\"og:image:width\" content=\"1200\" \/>\n\t<meta property=\"og:image:height\" content=\"675\" \/>\n\t<meta property=\"og:image:type\" content=\"image\/jpeg\" \/>\n<meta name=\"author\" content=\"Robert Hoffmann\" \/>\n<meta name=\"twitter:card\" content=\"summary_large_image\" \/>\n<meta name=\"twitter:label1\" content=\"Verfasst von\" \/>\n\t<meta name=\"twitter:data1\" content=\"Robert Hoffmann\" \/>\n\t<meta name=\"twitter:label2\" content=\"Gesch\u00e4tzte Lesezeit\" \/>\n\t<meta name=\"twitter:data2\" content=\"7\u00a0Minuten\" \/>\n<script type=\"application\/ld+json\" class=\"yoast-schema-graph\">{\"@context\":\"https:\\\/\\\/schema.org\",\"@graph\":[{\"@type\":\"Article\",\"@id\":\"https:\\\/\\\/www.strassenweb.de\\\/nachrichten\\\/7-stauden-die-sie-im-november-nicht-zurueckschneiden-sollten-um-den-garten-naturfreundlich-zu-halten-und-fuer-mehr-winterinteresse-zu-sorgen\\\/#article\",\"isPartOf\":{\"@id\":\"https:\\\/\\\/www.strassenweb.de\\\/nachrichten\\\/7-stauden-die-sie-im-november-nicht-zurueckschneiden-sollten-um-den-garten-naturfreundlich-zu-halten-und-fuer-mehr-winterinteresse-zu-sorgen\\\/\"},\"author\":{\"name\":\"Robert Hoffmann\",\"@id\":\"https:\\\/\\\/www.strassenweb.de\\\/nachrichten\\\/#\\\/schema\\\/person\\\/87c9c9067f1211da429a744dc5a5aa41\"},\"headline\":\"7 Stauden, die Sie im November nicht zur\u00fcckschneiden sollten, um den Garten naturfreundlich zu halten und f\u00fcr mehr Winterinteresse zu sorgen\",\"datePublished\":\"2024-11-02T06:18:52+00:00\",\"dateModified\":\"2024-11-02T06:18:53+00:00\",\"mainEntityOfPage\":{\"@id\":\"https:\\\/\\\/www.strassenweb.de\\\/nachrichten\\\/7-stauden-die-sie-im-november-nicht-zurueckschneiden-sollten-um-den-garten-naturfreundlich-zu-halten-und-fuer-mehr-winterinteresse-zu-sorgen\\\/\"},\"wordCount\":1439,\"publisher\":{\"@id\":\"https:\\\/\\\/www.strassenweb.de\\\/nachrichten\\\/#organization\"},\"image\":{\"@id\":\"https:\\\/\\\/www.strassenweb.de\\\/nachrichten\\\/7-stauden-die-sie-im-november-nicht-zurueckschneiden-sollten-um-den-garten-naturfreundlich-zu-halten-und-fuer-mehr-winterinteresse-zu-sorgen\\\/#primaryimage\"},\"thumbnailUrl\":\"https:\\\/\\\/www.strassenweb.de\\\/nachrichten\\\/wp-content\\\/uploads\\\/2024\\\/11\\\/7-Stauden-die-Sie-im-November-nicht-zurueckschneiden-sollten-um.jpg\",\"keywords\":[\"den\",\"die\",\"f\u00fcr\",\"Garten\",\"halten\",\"mehr\",\"naturfreundlich\",\"nicht\",\"November\",\"Sie\",\"sollten\",\"sorgen\",\"Stauden\",\"und\",\"Winterinteresse\",\"zur\u00fcckschneiden\"],\"articleSection\":[\"Haus &amp; Garten\"],\"inLanguage\":\"de\"},{\"@type\":\"WebPage\",\"@id\":\"https:\\\/\\\/www.strassenweb.de\\\/nachrichten\\\/7-stauden-die-sie-im-november-nicht-zurueckschneiden-sollten-um-den-garten-naturfreundlich-zu-halten-und-fuer-mehr-winterinteresse-zu-sorgen\\\/\",\"url\":\"https:\\\/\\\/www.strassenweb.de\\\/nachrichten\\\/7-stauden-die-sie-im-november-nicht-zurueckschneiden-sollten-um-den-garten-naturfreundlich-zu-halten-und-fuer-mehr-winterinteresse-zu-sorgen\\\/\",\"name\":\"7 Stauden, die Sie im November nicht zur\u00fcckschneiden sollten, um den Garten naturfreundlich zu halten und f\u00fcr mehr Winterinteresse zu sorgen - Nachrichten - Stra\u00dfenweb\",\"isPartOf\":{\"@id\":\"https:\\\/\\\/www.strassenweb.de\\\/nachrichten\\\/#website\"},\"primaryImageOfPage\":{\"@id\":\"https:\\\/\\\/www.strassenweb.de\\\/nachrichten\\\/7-stauden-die-sie-im-november-nicht-zurueckschneiden-sollten-um-den-garten-naturfreundlich-zu-halten-und-fuer-mehr-winterinteresse-zu-sorgen\\\/#primaryimage\"},\"image\":{\"@id\":\"https:\\\/\\\/www.strassenweb.de\\\/nachrichten\\\/7-stauden-die-sie-im-november-nicht-zurueckschneiden-sollten-um-den-garten-naturfreundlich-zu-halten-und-fuer-mehr-winterinteresse-zu-sorgen\\\/#primaryimage\"},\"thumbnailUrl\":\"https:\\\/\\\/www.strassenweb.de\\\/nachrichten\\\/wp-content\\\/uploads\\\/2024\\\/11\\\/7-Stauden-die-Sie-im-November-nicht-zurueckschneiden-sollten-um.jpg\",\"datePublished\":\"2024-11-02T06:18:52+00:00\",\"dateModified\":\"2024-11-02T06:18:53+00:00\",\"breadcrumb\":{\"@id\":\"https:\\\/\\\/www.strassenweb.de\\\/nachrichten\\\/7-stauden-die-sie-im-november-nicht-zurueckschneiden-sollten-um-den-garten-naturfreundlich-zu-halten-und-fuer-mehr-winterinteresse-zu-sorgen\\\/#breadcrumb\"},\"inLanguage\":\"de\",\"potentialAction\":[{\"@type\":\"ReadAction\",\"target\":[\"https:\\\/\\\/www.strassenweb.de\\\/nachrichten\\\/7-stauden-die-sie-im-november-nicht-zurueckschneiden-sollten-um-den-garten-naturfreundlich-zu-halten-und-fuer-mehr-winterinteresse-zu-sorgen\\\/\"]}]},{\"@type\":\"ImageObject\",\"inLanguage\":\"de\",\"@id\":\"https:\\\/\\\/www.strassenweb.de\\\/nachrichten\\\/7-stauden-die-sie-im-november-nicht-zurueckschneiden-sollten-um-den-garten-naturfreundlich-zu-halten-und-fuer-mehr-winterinteresse-zu-sorgen\\\/#primaryimage\",\"url\":\"https:\\\/\\\/www.strassenweb.de\\\/nachrichten\\\/wp-content\\\/uploads\\\/2024\\\/11\\\/7-Stauden-die-Sie-im-November-nicht-zurueckschneiden-sollten-um.jpg\",\"contentUrl\":\"https:\\\/\\\/www.strassenweb.de\\\/nachrichten\\\/wp-content\\\/uploads\\\/2024\\\/11\\\/7-Stauden-die-Sie-im-November-nicht-zurueckschneiden-sollten-um.jpg\",\"width\":1200,\"height\":675,\"caption\":\"7 Stauden, die Sie im November nicht zur\u00fcckschneiden sollten, um den Garten naturfreundlich zu halten und f\u00fcr mehr Winterinteresse zu sorgen\"},{\"@type\":\"BreadcrumbList\",\"@id\":\"https:\\\/\\\/www.strassenweb.de\\\/nachrichten\\\/7-stauden-die-sie-im-november-nicht-zurueckschneiden-sollten-um-den-garten-naturfreundlich-zu-halten-und-fuer-mehr-winterinteresse-zu-sorgen\\\/#breadcrumb\",\"itemListElement\":[{\"@type\":\"ListItem\",\"position\":1,\"name\":\"Home\",\"item\":\"https:\\\/\\\/www.strassenweb.de\\\/nachrichten\\\/\"},{\"@type\":\"ListItem\",\"position\":2,\"name\":\"7 Stauden, die Sie im November nicht zur\u00fcckschneiden sollten, um den Garten naturfreundlich zu halten und f\u00fcr mehr Winterinteresse zu sorgen\"}]},{\"@type\":\"WebSite\",\"@id\":\"https:\\\/\\\/www.strassenweb.de\\\/nachrichten\\\/#website\",\"url\":\"https:\\\/\\\/www.strassenweb.de\\\/nachrichten\\\/\",\"name\":\"Stra\u00dfenweb\",\"description\":\"Stra\u00dfenverzeichnis f\u00fcr Deutschland\",\"publisher\":{\"@id\":\"https:\\\/\\\/www.strassenweb.de\\\/nachrichten\\\/#organization\"},\"potentialAction\":[{\"@type\":\"SearchAction\",\"target\":{\"@type\":\"EntryPoint\",\"urlTemplate\":\"https:\\\/\\\/www.strassenweb.de\\\/nachrichten\\\/?s={search_term_string}\"},\"query-input\":{\"@type\":\"PropertyValueSpecification\",\"valueRequired\":true,\"valueName\":\"search_term_string\"}}],\"inLanguage\":\"de\"},{\"@type\":\"Organization\",\"@id\":\"https:\\\/\\\/www.strassenweb.de\\\/nachrichten\\\/#organization\",\"name\":\"Stra\u00dfenweb\",\"url\":\"https:\\\/\\\/www.strassenweb.de\\\/nachrichten\\\/\",\"logo\":{\"@type\":\"ImageObject\",\"inLanguage\":\"de\",\"@id\":\"https:\\\/\\\/www.strassenweb.de\\\/nachrichten\\\/#\\\/schema\\\/logo\\\/image\\\/\",\"url\":\"https:\\\/\\\/www.strassenweb.de\\\/nachrichten\\\/wp-content\\\/uploads\\\/2024\\\/09\\\/cropped-favicon.png\",\"contentUrl\":\"https:\\\/\\\/www.strassenweb.de\\\/nachrichten\\\/wp-content\\\/uploads\\\/2024\\\/09\\\/cropped-favicon.png\",\"width\":512,\"height\":512,\"caption\":\"Stra\u00dfenweb\"},\"image\":{\"@id\":\"https:\\\/\\\/www.strassenweb.de\\\/nachrichten\\\/#\\\/schema\\\/logo\\\/image\\\/\"},\"sameAs\":[\"https:\\\/\\\/www.facebook.com\\\/strassenweb\\\/\"]},{\"@type\":\"Person\",\"@id\":\"https:\\\/\\\/www.strassenweb.de\\\/nachrichten\\\/#\\\/schema\\\/person\\\/87c9c9067f1211da429a744dc5a5aa41\",\"name\":\"Robert Hoffmann\",\"image\":{\"@type\":\"ImageObject\",\"inLanguage\":\"de\",\"@id\":\"https:\\\/\\\/www.strassenweb.de\\\/nachrichten\\\/wp-content\\\/uploads\\\/2024\\\/09\\\/strassenweb-150x150.jpg\",\"url\":\"https:\\\/\\\/www.strassenweb.de\\\/nachrichten\\\/wp-content\\\/uploads\\\/2024\\\/09\\\/strassenweb-150x150.jpg\",\"contentUrl\":\"https:\\\/\\\/www.strassenweb.de\\\/nachrichten\\\/wp-content\\\/uploads\\\/2024\\\/09\\\/strassenweb-150x150.jpg\",\"caption\":\"Robert Hoffmann\"},\"description\":\"Ich hei\u00dfe Robert Hoffmann und ich bin ein leidenschaftlicher Verfechter von \u00d6kologie und Biodiversit\u00e4t. Seit meiner Kindheit in den W\u00e4ldern Bayerns f\u00fchle ich mich mit der Natur verbunden und bin entschlossen, sie zu sch\u00fctzen. Heute widme ich mein Leben der Sensibilisierung anderer f\u00fcr die Bedeutung des Umweltschutzes f\u00fcr zuk\u00fcnftige Generationen.\",\"sameAs\":[\"https:\\\/\\\/www.strassenweb.de\\\/\"]}]}<\/script>\n<!-- \/ Yoast SEO plugin. -->","yoast_head_json":{"title":"7 Stauden, die Sie im November nicht zur\u00fcckschneiden sollten, um den Garten naturfreundlich zu halten und f\u00fcr mehr Winterinteresse zu sorgen - Nachrichten - Stra\u00dfenweb","robots":{"index":"index","follow":"follow","max-snippet":"max-snippet:-1","max-image-preview":"max-image-preview:large","max-video-preview":"max-video-preview:-1"},"canonical":"https:\/\/www.strassenweb.de\/nachrichten\/7-stauden-die-sie-im-november-nicht-zurueckschneiden-sollten-um-den-garten-naturfreundlich-zu-halten-und-fuer-mehr-winterinteresse-zu-sorgen\/","og_locale":"de_DE","og_type":"article","og_title":"7 Stauden, die Sie im November nicht zur\u00fcckschneiden sollten, um den Garten naturfreundlich zu halten und f\u00fcr mehr Winterinteresse zu sorgen - Nachrichten - Stra\u00dfenweb","og_description":"W\u00e4hrend der Herbst den Garten einh\u00fcllt, denken viele G\u00e4rtner daran, sich auf den Winter vorzubereiten und Stauden zur\u00fcckzuschneiden, deren Bl\u00fctezeit im Sommer bereits l\u00e4ngst \u00fcberschritten","og_url":"https:\/\/www.strassenweb.de\/nachrichten\/7-stauden-die-sie-im-november-nicht-zurueckschneiden-sollten-um-den-garten-naturfreundlich-zu-halten-und-fuer-mehr-winterinteresse-zu-sorgen\/","og_site_name":"Stra\u00dfenweb","article_publisher":"https:\/\/www.facebook.com\/strassenweb\/","article_published_time":"2024-11-02T06:18:52+00:00","article_modified_time":"2024-11-02T06:18:53+00:00","og_image":[{"width":1200,"height":675,"url":"https:\/\/www.strassenweb.de\/nachrichten\/wp-content\/uploads\/2024\/11\/7-Stauden-die-Sie-im-November-nicht-zurueckschneiden-sollten-um.jpg","type":"image\/jpeg"}],"author":"Robert Hoffmann","twitter_card":"summary_large_image","twitter_misc":{"Verfasst von":"Robert Hoffmann","Gesch\u00e4tzte Lesezeit":"7\u00a0Minuten"},"schema":{"@context":"https:\/\/schema.org","@graph":[{"@type":"Article","@id":"https:\/\/www.strassenweb.de\/nachrichten\/7-stauden-die-sie-im-november-nicht-zurueckschneiden-sollten-um-den-garten-naturfreundlich-zu-halten-und-fuer-mehr-winterinteresse-zu-sorgen\/#article","isPartOf":{"@id":"https:\/\/www.strassenweb.de\/nachrichten\/7-stauden-die-sie-im-november-nicht-zurueckschneiden-sollten-um-den-garten-naturfreundlich-zu-halten-und-fuer-mehr-winterinteresse-zu-sorgen\/"},"author":{"name":"Robert Hoffmann","@id":"https:\/\/www.strassenweb.de\/nachrichten\/#\/schema\/person\/87c9c9067f1211da429a744dc5a5aa41"},"headline":"7 Stauden, die Sie im November nicht zur\u00fcckschneiden sollten, um den Garten naturfreundlich zu halten und f\u00fcr mehr Winterinteresse zu sorgen","datePublished":"2024-11-02T06:18:52+00:00","dateModified":"2024-11-02T06:18:53+00:00","mainEntityOfPage":{"@id":"https:\/\/www.strassenweb.de\/nachrichten\/7-stauden-die-sie-im-november-nicht-zurueckschneiden-sollten-um-den-garten-naturfreundlich-zu-halten-und-fuer-mehr-winterinteresse-zu-sorgen\/"},"wordCount":1439,"publisher":{"@id":"https:\/\/www.strassenweb.de\/nachrichten\/#organization"},"image":{"@id":"https:\/\/www.strassenweb.de\/nachrichten\/7-stauden-die-sie-im-november-nicht-zurueckschneiden-sollten-um-den-garten-naturfreundlich-zu-halten-und-fuer-mehr-winterinteresse-zu-sorgen\/#primaryimage"},"thumbnailUrl":"https:\/\/www.strassenweb.de\/nachrichten\/wp-content\/uploads\/2024\/11\/7-Stauden-die-Sie-im-November-nicht-zurueckschneiden-sollten-um.jpg","keywords":["den","die","f\u00fcr","Garten","halten","mehr","naturfreundlich","nicht","November","Sie","sollten","sorgen","Stauden","und","Winterinteresse","zur\u00fcckschneiden"],"articleSection":["Haus &amp; Garten"],"inLanguage":"de"},{"@type":"WebPage","@id":"https:\/\/www.strassenweb.de\/nachrichten\/7-stauden-die-sie-im-november-nicht-zurueckschneiden-sollten-um-den-garten-naturfreundlich-zu-halten-und-fuer-mehr-winterinteresse-zu-sorgen\/","url":"https:\/\/www.strassenweb.de\/nachrichten\/7-stauden-die-sie-im-november-nicht-zurueckschneiden-sollten-um-den-garten-naturfreundlich-zu-halten-und-fuer-mehr-winterinteresse-zu-sorgen\/","name":"7 Stauden, die Sie im November nicht zur\u00fcckschneiden sollten, um den Garten naturfreundlich zu halten und f\u00fcr mehr Winterinteresse zu sorgen - Nachrichten - Stra\u00dfenweb","isPartOf":{"@id":"https:\/\/www.strassenweb.de\/nachrichten\/#website"},"primaryImageOfPage":{"@id":"https:\/\/www.strassenweb.de\/nachrichten\/7-stauden-die-sie-im-november-nicht-zurueckschneiden-sollten-um-den-garten-naturfreundlich-zu-halten-und-fuer-mehr-winterinteresse-zu-sorgen\/#primaryimage"},"image":{"@id":"https:\/\/www.strassenweb.de\/nachrichten\/7-stauden-die-sie-im-november-nicht-zurueckschneiden-sollten-um-den-garten-naturfreundlich-zu-halten-und-fuer-mehr-winterinteresse-zu-sorgen\/#primaryimage"},"thumbnailUrl":"https:\/\/www.strassenweb.de\/nachrichten\/wp-content\/uploads\/2024\/11\/7-Stauden-die-Sie-im-November-nicht-zurueckschneiden-sollten-um.jpg","datePublished":"2024-11-02T06:18:52+00:00","dateModified":"2024-11-02T06:18:53+00:00","breadcrumb":{"@id":"https:\/\/www.strassenweb.de\/nachrichten\/7-stauden-die-sie-im-november-nicht-zurueckschneiden-sollten-um-den-garten-naturfreundlich-zu-halten-und-fuer-mehr-winterinteresse-zu-sorgen\/#breadcrumb"},"inLanguage":"de","potentialAction":[{"@type":"ReadAction","target":["https:\/\/www.strassenweb.de\/nachrichten\/7-stauden-die-sie-im-november-nicht-zurueckschneiden-sollten-um-den-garten-naturfreundlich-zu-halten-und-fuer-mehr-winterinteresse-zu-sorgen\/"]}]},{"@type":"ImageObject","inLanguage":"de","@id":"https:\/\/www.strassenweb.de\/nachrichten\/7-stauden-die-sie-im-november-nicht-zurueckschneiden-sollten-um-den-garten-naturfreundlich-zu-halten-und-fuer-mehr-winterinteresse-zu-sorgen\/#primaryimage","url":"https:\/\/www.strassenweb.de\/nachrichten\/wp-content\/uploads\/2024\/11\/7-Stauden-die-Sie-im-November-nicht-zurueckschneiden-sollten-um.jpg","contentUrl":"https:\/\/www.strassenweb.de\/nachrichten\/wp-content\/uploads\/2024\/11\/7-Stauden-die-Sie-im-November-nicht-zurueckschneiden-sollten-um.jpg","width":1200,"height":675,"caption":"7 Stauden, die Sie im November nicht zur\u00fcckschneiden sollten, um den Garten naturfreundlich zu halten und f\u00fcr mehr Winterinteresse zu sorgen"},{"@type":"BreadcrumbList","@id":"https:\/\/www.strassenweb.de\/nachrichten\/7-stauden-die-sie-im-november-nicht-zurueckschneiden-sollten-um-den-garten-naturfreundlich-zu-halten-und-fuer-mehr-winterinteresse-zu-sorgen\/#breadcrumb","itemListElement":[{"@type":"ListItem","position":1,"name":"Home","item":"https:\/\/www.strassenweb.de\/nachrichten\/"},{"@type":"ListItem","position":2,"name":"7 Stauden, die Sie im November nicht zur\u00fcckschneiden sollten, um den Garten naturfreundlich zu halten und f\u00fcr mehr Winterinteresse zu sorgen"}]},{"@type":"WebSite","@id":"https:\/\/www.strassenweb.de\/nachrichten\/#website","url":"https:\/\/www.strassenweb.de\/nachrichten\/","name":"Stra\u00dfenweb","description":"Stra\u00dfenverzeichnis f\u00fcr Deutschland","publisher":{"@id":"https:\/\/www.strassenweb.de\/nachrichten\/#organization"},"potentialAction":[{"@type":"SearchAction","target":{"@type":"EntryPoint","urlTemplate":"https:\/\/www.strassenweb.de\/nachrichten\/?s={search_term_string}"},"query-input":{"@type":"PropertyValueSpecification","valueRequired":true,"valueName":"search_term_string"}}],"inLanguage":"de"},{"@type":"Organization","@id":"https:\/\/www.strassenweb.de\/nachrichten\/#organization","name":"Stra\u00dfenweb","url":"https:\/\/www.strassenweb.de\/nachrichten\/","logo":{"@type":"ImageObject","inLanguage":"de","@id":"https:\/\/www.strassenweb.de\/nachrichten\/#\/schema\/logo\/image\/","url":"https:\/\/www.strassenweb.de\/nachrichten\/wp-content\/uploads\/2024\/09\/cropped-favicon.png","contentUrl":"https:\/\/www.strassenweb.de\/nachrichten\/wp-content\/uploads\/2024\/09\/cropped-favicon.png","width":512,"height":512,"caption":"Stra\u00dfenweb"},"image":{"@id":"https:\/\/www.strassenweb.de\/nachrichten\/#\/schema\/logo\/image\/"},"sameAs":["https:\/\/www.facebook.com\/strassenweb\/"]},{"@type":"Person","@id":"https:\/\/www.strassenweb.de\/nachrichten\/#\/schema\/person\/87c9c9067f1211da429a744dc5a5aa41","name":"Robert Hoffmann","image":{"@type":"ImageObject","inLanguage":"de","@id":"https:\/\/www.strassenweb.de\/nachrichten\/wp-content\/uploads\/2024\/09\/strassenweb-150x150.jpg","url":"https:\/\/www.strassenweb.de\/nachrichten\/wp-content\/uploads\/2024\/09\/strassenweb-150x150.jpg","contentUrl":"https:\/\/www.strassenweb.de\/nachrichten\/wp-content\/uploads\/2024\/09\/strassenweb-150x150.jpg","caption":"Robert Hoffmann"},"description":"Ich hei\u00dfe Robert Hoffmann und ich bin ein leidenschaftlicher Verfechter von \u00d6kologie und Biodiversit\u00e4t. Seit meiner Kindheit in den W\u00e4ldern Bayerns f\u00fchle ich mich mit der Natur verbunden und bin entschlossen, sie zu sch\u00fctzen. Heute widme ich mein Leben der Sensibilisierung anderer f\u00fcr die Bedeutung des Umweltschutzes f\u00fcr zuk\u00fcnftige Generationen.","sameAs":["https:\/\/www.strassenweb.de\/"]}]}},"_links":{"self":[{"href":"https:\/\/www.strassenweb.de\/nachrichten\/wp-json\/wp\/v2\/posts\/1303","targetHints":{"allow":["GET"]}}],"collection":[{"href":"https:\/\/www.strassenweb.de\/nachrichten\/wp-json\/wp\/v2\/posts"}],"about":[{"href":"https:\/\/www.strassenweb.de\/nachrichten\/wp-json\/wp\/v2\/types\/post"}],"author":[{"embeddable":true,"href":"https:\/\/www.strassenweb.de\/nachrichten\/wp-json\/wp\/v2\/users\/1"}],"replies":[{"embeddable":true,"href":"https:\/\/www.strassenweb.de\/nachrichten\/wp-json\/wp\/v2\/comments?post=1303"}],"version-history":[{"count":0,"href":"https:\/\/www.strassenweb.de\/nachrichten\/wp-json\/wp\/v2\/posts\/1303\/revisions"}],"wp:featuredmedia":[{"embeddable":true,"href":"https:\/\/www.strassenweb.de\/nachrichten\/wp-json\/wp\/v2\/media\/1304"}],"wp:attachment":[{"href":"https:\/\/www.strassenweb.de\/nachrichten\/wp-json\/wp\/v2\/media?parent=1303"}],"wp:term":[{"taxonomy":"category","embeddable":true,"href":"https:\/\/www.strassenweb.de\/nachrichten\/wp-json\/wp\/v2\/categories?post=1303"},{"taxonomy":"post_tag","embeddable":true,"href":"https:\/\/www.strassenweb.de\/nachrichten\/wp-json\/wp\/v2\/tags?post=1303"}],"curies":[{"name":"wp","href":"https:\/\/api.w.org\/{rel}","templated":true}]}}