{"id":1300,"date":"2024-11-02T01:55:31","date_gmt":"2024-11-02T00:55:31","guid":{"rendered":"https:\/\/www.strassenweb.de\/nachrichten\/ich-konnte-4-jahre-lang-keine-hartnaeckigen-brandflecken-von-meinem-glasherd-bekommen-bis-ich-backpulver-ausprobierte-es-funktionierte-wie-von-zauberhand\/"},"modified":"2024-11-02T01:55:33","modified_gmt":"2024-11-02T00:55:33","slug":"ich-konnte-4-jahre-lang-keine-hartnaeckigen-brandflecken-von-meinem-glasherd-bekommen-bis-ich-backpulver-ausprobierte-es-funktionierte-wie-von-zauberhand","status":"publish","type":"post","link":"https:\/\/www.strassenweb.de\/nachrichten\/ich-konnte-4-jahre-lang-keine-hartnaeckigen-brandflecken-von-meinem-glasherd-bekommen-bis-ich-backpulver-ausprobierte-es-funktionierte-wie-von-zauberhand\/","title":{"rendered":"Ich konnte 4 Jahre lang keine hartn\u00e4ckigen Brandflecken von meinem Glasherd bekommen, bis ich Backpulver ausprobierte \u2013 es funktionierte wie von Zauberhand"},"content":{"rendered":"<div id=\"article-body\" class=\"article__body \">\n<p>Mein Haus war neu gebaut, als wir einzogen, und es war makellos. Das Glaskochfeld, das erste elektrische, das ich je hatte, war neu f\u00fcr mich und innerhalb weniger Wochen hatte ich das Glas mit dem Boden eines Topfes versengt.<\/p>\n<div id=\"ad-unit-1\" class=\"ad-unit\"><\/div>\n<p>Ich habe vier Jahre lang versucht, die Flecken wegzuwischen, und musste schlie\u00dflich feststellen, dass sich diese Flecken nicht l\u00f6sten. Dann interviewte ich Dutzende Reinigungsexperten f\u00fcr meine Rolle als Leiter von Solved hier bei Homes &#038; Gardens und stellte fest, dass Backpulver ein brillantes, sanftes, nat\u00fcrliches und vor allem abrasives Reinigungsmittel ist.<\/p>\n<aside class=\"hawk-nest\" data-block-type=\"embed\" data-render-type=\"fte\" data-skip=\"dealsy\" data-widget-type=\"seasonal\">\n<div class=\"hawk-master-widget-hawk-base-wrapper\"><\/div>\n<\/aside>\n<p>Ich probierte diesen Reinigungstipp aus und war erstaunt, dass die Brandflecken am Rand endlich verschwunden waren. Hier erfahren Sie, was ich getan habe und wie Sie Backpulver bedenkenlos auf Ihrem Glasherd verwenden k\u00f6nnen.<\/p>\n<div id=\"desktop-in-article\" class=\"in-article ad-unit\">\n<div id=\"desktop-taboola-mid-article\"><\/div>\n<\/div>\n<div id=\"mobile-in-article\" class=\"in-article ad-unit\">\n<div id=\"mobile-taboola-mid-article\"><\/div>\n<\/div>\n<h2 id=\"using-baking-soda-on-glass-stovetop-scorch-marks-3\">Mit Backpulver Brandflecken auf dem Glasherd entfernen<\/h2>\n<p>Es ist schnell, einfach und sehr effektiv. Hier ist, was ich verwendet habe, falls Sie sich entscheiden, es auszuprobieren.<\/p>\n<div class=\"van_vid_carousel\">\n<div class=\"van_vid_carousel__padding\">\n<div class=\"van_vid_carousel__container\"><\/div>\n<\/div>\n<\/div>\n<ul>\n<li>Backpulver, erh\u00e4ltlich bei Walmart oder in Ihrem \u00fcblichen Lebensmittelgesch\u00e4ft.<\/li>\n<li>Ein Mikrofasertuch, auch bei Walmart erh\u00e4ltlich<\/li>\n<li>Ein Scotch-Bright-Schwamm, erh\u00e4ltlich im Multipack bei Walmart<\/li>\n<\/ul>\n<h3 class=\"article-body__section\" id=\"section-the-scorch-mark-problem-i-had-on-my-glass-stovetop\"><span>Das Problem mit den Brandflecken, das ich auf meinem Glaskochfeld hatte<\/span><\/h3>\n<figure class=\"van-image-figure inline-layout \" data-bordeaux-image-check>\n<div class=\"image-full-width-wrapper\">\n<div class=\"image-widthsetter\" style=\"max-width:2000px;\"><\/div>\n<\/div><figcaption class=\"inline-layout \">\n<div class=\"caption-text\">\n<p>Ich habe auf meinem Elektroherd persischen S\u00fc\u00df- und Sauerkirschreis mit Safran-H\u00fchnchen gekocht, ein Gericht namens Albaloo-polo ba morghe (Kirschreis mit H\u00fchnchen). <\/p>\n<\/div>\n<\/figcaption><\/figure>\n<p>Ich habe persische Wurzeln und Junge, kochen wir gerne? Reis steht an den meisten Tagen bei uns zu Hause auf dem Speiseplan und selbst die erfahrensten Reisk\u00f6che wie ich machen hin und wieder einen Patzer, wenn sie sehen, wie Wasser \u00fcber den Topfrand und auf die Glasplatte des Kochfelds l\u00e4uft.<\/p>\n<div id=\"ad-unit-2\" class=\"ad-unit\"><\/div>\n<div id=\"slice-container-imageGallery-yScPJhpRF8pQHVJeqJqyib-ZepQllkSs2kbSafjG0QrqtJpgpFXSk61\" class=\"slice-container imageGallery-wrapper imageGallery-yScPJhpRF8pQHVJeqJqyib-ZepQllkSs2kbSafjG0QrqtJpgpFXSk61 slice-container-imageGallery\">\n<div data-hydrate=\"true\" class=\"inline-gallery first-slide-only\">\n<div class=\"inline-gallery__count\">Bild <!-- -->1<!-- --> von <!-- -->5<\/div>\n<div class=\"inline-gallery__arrows show\">\n<div class=\"arrows__arrows-inner\">\n<div data-testid=\"arrow-click-left\" class=\"arrows__left disable\" data-analytics-id=\"gallery-see-more\"><svg xmlns=\"http:\/\/www.w3.org\/2000\/svg\" viewbox=\"0 0 32 32\" width=\"32\" height=\"32\"><path d=\"M4.2 0l25.6 16.011L4.2 32V0z\"><\/path><\/svg><\/div>\n<div data-testid=\"arrow-click-right\" class=\"arrows__right \" data-analytics-id=\"gallery-see-more\"><svg xmlns=\"http:\/\/www.w3.org\/2000\/svg\" viewbox=\"0 0 32 32\" width=\"32\" height=\"32\"><path d=\"M4.2 0l25.6 16.011L4.2 32V0z\"><\/path><\/svg><\/div>\n<\/div>\n<\/div>\n<div style=\"overflow-x:hidden\" class=\"inline-gallery__items\">\n<div style=\"-webkit-flex-direction:row;flex-direction:row;-webkit-transition:all 0s ease 0s;transition:all 0s ease 0s;-webkit-transform:translate(0%, 0);transform:translate(0%, 0);direction:ltr;display:flex;will-change:transform\" class=\"react-swipeable-view-container\">\n<div style=\"width:100%;-webkit-flex-shrink:0;flex-shrink:0;overflow:auto\" aria-hidden=\"false\" data-swipeable=\"true\">\n<div class=\"items__item\">\n<div class=\"item__image-cont\">\n<div class=\"image-cont__image\">\n<figure class=\"image-wrapped__wrapper\" data-bordeaux-image-check=\"false\">\n<div class=\"image-wrapped__widthsetter\" style=\"max-width:2000px\">\n<div class=\"image-wrapped__aspect-padding\" style=\"padding-bottom:120%\">\n<div style=\"display:contents\"><picture data-hydrate=\"true\"><source class=\"image-wrapped__image image__image\" type=\"image\/webp\"   data-normal=\"https:\/\/vanilla.futurecdn.net\/cyclingnews\/media\/img\/missing-image.svg\" data-original-mos=\"https:\/\/www.strassenweb.de\/nachrichten\/wp-content\/uploads\/2024\/11\/YxswGQQVzFw97jFj3mMCAN.jpg\" data-pin-media=\"https:\/\/www.strassenweb.de\/nachrichten\/wp-content\/uploads\/2024\/11\/YxswGQQVzFw97jFj3mMCAN.jpg\" data-pin-nopin=\"true\" data-slice-image=\"true\"><\/source><source class=\"image-wrapped__image image__image\" type=\"image\/jpeg\"   data-normal=\"https:\/\/vanilla.futurecdn.net\/cyclingnews\/media\/img\/missing-image.svg\" data-original-mos=\"https:\/\/www.strassenweb.de\/nachrichten\/wp-content\/uploads\/2024\/11\/YxswGQQVzFw97jFj3mMCAN.jpg\" data-pin-media=\"https:\/\/www.strassenweb.de\/nachrichten\/wp-content\/uploads\/2024\/11\/YxswGQQVzFw97jFj3mMCAN.jpg\" data-pin-nopin=\"true\" data-slice-image=\"true\"><\/source><\/picture><\/div>\n<\/div>\n<\/div>\n<\/figure>\n<\/div>\n<p><button class=\"image-cont__expand\" data-testid=\"expandButton\" data-analytics-id=\"gallery-expand-image\"><svg xmlns=\"http:\/\/www.w3.org\/2000\/svg\" width=\"32\" height=\"32\" viewbox=\"0 0 32 32\"><path d=\"M31.557 12.067L31.773 0 19.791.213l.05 3.216 6.225-.115-7.347 7.39 2.422 2.434 7.34-7.382-.108 6.213 3.184.098zM.215 19.903L0 31.97l11.984-.213-.05-3.217-6.225.113 7.348-7.388-2.42-2.436-7.34 7.383L3.402 20l-3.187-.098zM20.004 31.704L32 32.001l-.293-12.059-3.195.03.154 6.263-7.396-7.44-2.407 2.42 7.389 7.43-6.174-.148-.074 3.207zM12.213.33L.22.034l.293 12.059 3.195-.032-.152-6.26 7.394 7.438 2.404-2.418L5.967 3.39l6.174.15.072-3.209z\"><\/path><\/svg><\/button><\/div>\n<div class=\"item__description\"><\/div>\n<\/div>\n<\/div>\n<div style=\"width:100%;-webkit-flex-shrink:0;flex-shrink:0;overflow:auto\" aria-hidden=\"true\" data-swipeable=\"true\">\n<div class=\"items__item\">\n<div class=\"item__image-cont\">\n<div class=\"image-cont__image\">\n<figure class=\"image-wrapped__wrapper\" data-bordeaux-image-check=\"false\">\n<div class=\"image-wrapped__widthsetter\" style=\"max-width:2000px\">\n<div class=\"image-wrapped__aspect-padding\" style=\"padding-bottom:120%\">\n<div style=\"display:contents\"><picture data-hydrate=\"true\"><source class=\"image-wrapped__image image__image\" type=\"image\/webp\"   data-normal=\"https:\/\/vanilla.futurecdn.net\/cyclingnews\/media\/img\/missing-image.svg\" data-original-mos=\"https:\/\/www.strassenweb.de\/nachrichten\/wp-content\/uploads\/2024\/11\/Tu8vUkDu5zZKrVne2uqL9N.jpg\" data-pin-media=\"https:\/\/www.strassenweb.de\/nachrichten\/wp-content\/uploads\/2024\/11\/Tu8vUkDu5zZKrVne2uqL9N.jpg\" data-pin-nopin=\"true\" data-slice-image=\"true\"><\/source><source class=\"image-wrapped__image image__image\" type=\"image\/jpeg\"   data-normal=\"https:\/\/vanilla.futurecdn.net\/cyclingnews\/media\/img\/missing-image.svg\" data-original-mos=\"https:\/\/www.strassenweb.de\/nachrichten\/wp-content\/uploads\/2024\/11\/Tu8vUkDu5zZKrVne2uqL9N.jpg\" data-pin-media=\"https:\/\/www.strassenweb.de\/nachrichten\/wp-content\/uploads\/2024\/11\/Tu8vUkDu5zZKrVne2uqL9N.jpg\" data-pin-nopin=\"true\" data-slice-image=\"true\"><\/source><img decoding=\"async\" alt=\"Mein Auberginen-Safran-Lamm, khoresht bademjoon\"  class=\"image-wrapped__image image__image\" loading=\"lazy\" data-normal=\"https:\/\/vanilla.futurecdn.net\/cyclingnews\/media\/img\/missing-image.svg\" src=\"https:\/\/www.strassenweb.de\/nachrichten\/wp-content\/uploads\/2024\/11\/Tu8vUkDu5zZKrVne2uqL9N.jpg\" data-pin-media=\"https:\/\/www.strassenweb.de\/nachrichten\/wp-content\/uploads\/2024\/11\/Tu8vUkDu5zZKrVne2uqL9N.jpg\" data-pin-nopin=\"true\" data-slice-image=\"true\"><\/picture><\/div>\n<\/div>\n<\/div>\n<\/figure>\n<\/div>\n<p><button class=\"image-cont__expand\" data-testid=\"expandButton\" data-analytics-id=\"gallery-expand-image\"><svg xmlns=\"http:\/\/www.w3.org\/2000\/svg\" width=\"32\" height=\"32\" viewbox=\"0 0 32 32\"><path d=\"M31.557 12.067L31.773 0 19.791.213l.05 3.216 6.225-.115-7.347 7.39 2.422 2.434 7.34-7.382-.108 6.213 3.184.098zM.215 19.903L0 31.97l11.984-.213-.05-3.217-6.225.113 7.348-7.388-2.42-2.436-7.34 7.383L3.402 20l-3.187-.098zM20.004 31.704L32 32.001l-.293-12.059-3.195.03.154 6.263-7.396-7.44-2.407 2.42 7.389 7.43-6.174-.148-.074 3.207zM12.213.33L.22.034l.293 12.059 3.195-.032-.152-6.26 7.394 7.438 2.404-2.418L5.967 3.39l6.174.15.072-3.209z\"><\/path><\/svg><\/button><\/div>\n<div class=\"item__description\"><\/div>\n<\/div>\n<\/div>\n<div style=\"width:100%;-webkit-flex-shrink:0;flex-shrink:0;overflow:auto\" aria-hidden=\"true\" data-swipeable=\"true\">\n<div class=\"items__item\">\n<div class=\"item__image-cont\">\n<div class=\"image-cont__image\">\n<figure class=\"image-wrapped__wrapper\" data-bordeaux-image-check=\"false\">\n<div class=\"image-wrapped__widthsetter\" style=\"max-width:2000px\">\n<div class=\"image-wrapped__aspect-padding\" style=\"padding-bottom:120%\">\n<div style=\"display:contents\"><picture data-hydrate=\"true\"><source class=\"image-wrapped__image image__image\" type=\"image\/webp\"   data-normal=\"https:\/\/vanilla.futurecdn.net\/cyclingnews\/media\/img\/missing-image.svg\" data-original-mos=\"https:\/\/www.strassenweb.de\/nachrichten\/wp-content\/uploads\/2024\/11\/DheoGe3Y9TfHRq487u2SAN.jpg\" data-pin-media=\"https:\/\/www.strassenweb.de\/nachrichten\/wp-content\/uploads\/2024\/11\/DheoGe3Y9TfHRq487u2SAN.jpg\" data-pin-nopin=\"true\" data-slice-image=\"true\"><\/source><source class=\"image-wrapped__image image__image\" type=\"image\/jpeg\"   data-normal=\"https:\/\/vanilla.futurecdn.net\/cyclingnews\/media\/img\/missing-image.svg\" data-original-mos=\"https:\/\/www.strassenweb.de\/nachrichten\/wp-content\/uploads\/2024\/11\/DheoGe3Y9TfHRq487u2SAN.jpg\" data-pin-media=\"https:\/\/www.strassenweb.de\/nachrichten\/wp-content\/uploads\/2024\/11\/DheoGe3Y9TfHRq487u2SAN.jpg\" data-pin-nopin=\"true\" data-slice-image=\"true\"><\/source><img decoding=\"async\" alt=\"Das Rezept f\u00fcr Kirschreis meiner Gro\u00dfmutter ist in Arbeit\"  class=\"image-wrapped__image image__image\" loading=\"lazy\" data-normal=\"https:\/\/vanilla.futurecdn.net\/cyclingnews\/media\/img\/missing-image.svg\" src=\"https:\/\/www.strassenweb.de\/nachrichten\/wp-content\/uploads\/2024\/11\/DheoGe3Y9TfHRq487u2SAN.jpg\" data-pin-media=\"https:\/\/www.strassenweb.de\/nachrichten\/wp-content\/uploads\/2024\/11\/DheoGe3Y9TfHRq487u2SAN.jpg\" data-pin-nopin=\"true\" data-slice-image=\"true\"><\/picture><\/div>\n<\/div>\n<\/div>\n<\/figure>\n<\/div>\n<p><button class=\"image-cont__expand\" data-testid=\"expandButton\" data-analytics-id=\"gallery-expand-image\"><svg xmlns=\"http:\/\/www.w3.org\/2000\/svg\" width=\"32\" height=\"32\" viewbox=\"0 0 32 32\"><path d=\"M31.557 12.067L31.773 0 19.791.213l.05 3.216 6.225-.115-7.347 7.39 2.422 2.434 7.34-7.382-.108 6.213 3.184.098zM.215 19.903L0 31.97l11.984-.213-.05-3.217-6.225.113 7.348-7.388-2.42-2.436-7.34 7.383L3.402 20l-3.187-.098zM20.004 31.704L32 32.001l-.293-12.059-3.195.03.154 6.263-7.396-7.44-2.407 2.42 7.389 7.43-6.174-.148-.074 3.207zM12.213.33L.22.034l.293 12.059 3.195-.032-.152-6.26 7.394 7.438 2.404-2.418L5.967 3.39l6.174.15.072-3.209z\"><\/path><\/svg><\/button><\/div>\n<div class=\"item__description\"><\/div>\n<\/div>\n<\/div>\n<div style=\"width:100%;-webkit-flex-shrink:0;flex-shrink:0;overflow:auto\" aria-hidden=\"true\" data-swipeable=\"true\">\n<div class=\"items__item\">\n<div class=\"item__image-cont\">\n<div class=\"image-cont__image\">\n<figure class=\"image-wrapped__wrapper\" data-bordeaux-image-check=\"false\">\n<div class=\"image-wrapped__widthsetter\" style=\"max-width:2000px\">\n<div class=\"image-wrapped__aspect-padding\" style=\"padding-bottom:120%\">\n<div style=\"display:contents\"><picture data-hydrate=\"true\"><source class=\"image-wrapped__image image__image\" type=\"image\/webp\"   data-normal=\"https:\/\/vanilla.futurecdn.net\/cyclingnews\/media\/img\/missing-image.svg\" data-original-mos=\"https:\/\/www.strassenweb.de\/nachrichten\/wp-content\/uploads\/2024\/11\/ScSuNZhFkd28phTWn3wxxM.jpg\" data-pin-media=\"https:\/\/www.strassenweb.de\/nachrichten\/wp-content\/uploads\/2024\/11\/ScSuNZhFkd28phTWn3wxxM.jpg\" data-pin-nopin=\"true\" data-slice-image=\"true\"><\/source><source class=\"image-wrapped__image image__image\" type=\"image\/jpeg\"   data-normal=\"https:\/\/vanilla.futurecdn.net\/cyclingnews\/media\/img\/missing-image.svg\" data-original-mos=\"https:\/\/www.strassenweb.de\/nachrichten\/wp-content\/uploads\/2024\/11\/ScSuNZhFkd28phTWn3wxxM.jpg\" data-pin-media=\"https:\/\/www.strassenweb.de\/nachrichten\/wp-content\/uploads\/2024\/11\/ScSuNZhFkd28phTWn3wxxM.jpg\" data-pin-nopin=\"true\" data-slice-image=\"true\"><\/source><img decoding=\"async\" alt=\"Mein persisches Wohlf\u00fchlessen, ein Lamm-, Kichererbsen- und Kartoffeleintopf namens Aab Goosht\"  class=\"image-wrapped__image image__image\" loading=\"lazy\" data-normal=\"https:\/\/vanilla.futurecdn.net\/cyclingnews\/media\/img\/missing-image.svg\" src=\"https:\/\/www.strassenweb.de\/nachrichten\/wp-content\/uploads\/2024\/11\/ScSuNZhFkd28phTWn3wxxM.jpg\" data-pin-media=\"https:\/\/www.strassenweb.de\/nachrichten\/wp-content\/uploads\/2024\/11\/ScSuNZhFkd28phTWn3wxxM.jpg\" data-pin-nopin=\"true\" data-slice-image=\"true\"><\/picture><\/div>\n<\/div>\n<\/div>\n<\/figure>\n<\/div>\n<p><button class=\"image-cont__expand\" data-testid=\"expandButton\" data-analytics-id=\"gallery-expand-image\"><svg xmlns=\"http:\/\/www.w3.org\/2000\/svg\" width=\"32\" height=\"32\" viewbox=\"0 0 32 32\"><path d=\"M31.557 12.067L31.773 0 19.791.213l.05 3.216 6.225-.115-7.347 7.39 2.422 2.434 7.34-7.382-.108 6.213 3.184.098zM.215 19.903L0 31.97l11.984-.213-.05-3.217-6.225.113 7.348-7.388-2.42-2.436-7.34 7.383L3.402 20l-3.187-.098zM20.004 31.704L32 32.001l-.293-12.059-3.195.03.154 6.263-7.396-7.44-2.407 2.42 7.389 7.43-6.174-.148-.074 3.207zM12.213.33L.22.034l.293 12.059 3.195-.032-.152-6.26 7.394 7.438 2.404-2.418L5.967 3.39l6.174.15.072-3.209z\"><\/path><\/svg><\/button><\/div>\n<div class=\"item__description\"><\/div>\n<\/div>\n<\/div>\n<div style=\"width:100%;-webkit-flex-shrink:0;flex-shrink:0;overflow:auto\" aria-hidden=\"true\" data-swipeable=\"true\">\n<div class=\"items__item\">\n<div class=\"item__image-cont\">\n<div class=\"image-cont__image\">\n<figure class=\"image-wrapped__wrapper\" data-bordeaux-image-check=\"false\">\n<div class=\"image-wrapped__widthsetter\" style=\"max-width:2000px\">\n<div class=\"image-wrapped__aspect-padding\" style=\"padding-bottom:120%\">\n<div style=\"display:contents\"><picture data-hydrate=\"true\"><source class=\"image-wrapped__image image__image\" type=\"image\/webp\"   data-normal=\"https:\/\/vanilla.futurecdn.net\/cyclingnews\/media\/img\/missing-image.svg\" data-original-mos=\"https:\/\/www.strassenweb.de\/nachrichten\/wp-content\/uploads\/2024\/11\/KVoR8N3UJaX4p9MvT8jL2N.jpg\" data-pin-media=\"https:\/\/www.strassenweb.de\/nachrichten\/wp-content\/uploads\/2024\/11\/KVoR8N3UJaX4p9MvT8jL2N.jpg\" data-pin-nopin=\"true\" data-slice-image=\"true\"><\/source><source class=\"image-wrapped__image image__image\" type=\"image\/jpeg\"   data-normal=\"https:\/\/vanilla.futurecdn.net\/cyclingnews\/media\/img\/missing-image.svg\" data-original-mos=\"https:\/\/www.strassenweb.de\/nachrichten\/wp-content\/uploads\/2024\/11\/KVoR8N3UJaX4p9MvT8jL2N.jpg\" data-pin-media=\"https:\/\/www.strassenweb.de\/nachrichten\/wp-content\/uploads\/2024\/11\/KVoR8N3UJaX4p9MvT8jL2N.jpg\" data-pin-nopin=\"true\" data-slice-image=\"true\"><\/source><img decoding=\"async\" alt=\"Mein persisches Tahchin mit H\u00fchnchen, Auberginen und Safranjoghurt mit knusprigem Tahdig\"  class=\"image-wrapped__image image__image\" loading=\"lazy\" data-normal=\"https:\/\/vanilla.futurecdn.net\/cyclingnews\/media\/img\/missing-image.svg\" src=\"https:\/\/www.strassenweb.de\/nachrichten\/wp-content\/uploads\/2024\/11\/KVoR8N3UJaX4p9MvT8jL2N.jpg\" data-pin-media=\"https:\/\/www.strassenweb.de\/nachrichten\/wp-content\/uploads\/2024\/11\/KVoR8N3UJaX4p9MvT8jL2N.jpg\" data-pin-nopin=\"true\" data-slice-image=\"true\"><\/picture><\/div>\n<\/div>\n<\/div>\n<\/figure>\n<\/div>\n<p><button class=\"image-cont__expand\" data-testid=\"expandButton\" data-analytics-id=\"gallery-expand-image\"><svg xmlns=\"http:\/\/www.w3.org\/2000\/svg\" width=\"32\" height=\"32\" viewbox=\"0 0 32 32\"><path d=\"M31.557 12.067L31.773 0 19.791.213l.05 3.216 6.225-.115-7.347 7.39 2.422 2.434 7.34-7.382-.108 6.213 3.184.098zM.215 19.903L0 31.97l11.984-.213-.05-3.217-6.225.113 7.348-7.388-2.42-2.436-7.34 7.383L3.402 20l-3.187-.098zM20.004 31.704L32 32.001l-.293-12.059-3.195.03.154 6.263-7.396-7.44-2.407 2.42 7.389 7.43-6.174-.148-.074 3.207zM12.213.33L.22.034l.293 12.059 3.195-.032-.152-6.26 7.394 7.438 2.404-2.418L5.967 3.39l6.174.15.072-3.209z\"><\/path><\/svg><\/button><\/div>\n<div class=\"item__description\"><\/div>\n<\/div>\n<\/div>\n<\/div>\n<\/div>\n<\/div>\n<\/div>\n<p>Das einzige Problem f\u00fcr mich waren versch\u00fcttete Fl\u00fcssigkeiten, die einen Brandfleck auf dem Herd hinterlie\u00dfen, meist in einem Ring. Die auf der rechten Seite (siehe unten) waren wirklich hartn\u00e4ckig und lie\u00dfen sich nicht anheben. Ich habe versucht, mein Glaskochfeld mit handels\u00fcblichen Reinigungsmitteln und sogar einem selbstgemachten Glasreinigungsspray mit Essig, dem kraftvollen Reinigungsmittel der Natur, zu reinigen. Bei den Brandflecken, die Sie rechts sehen k\u00f6nnen, hat es nicht funktioniert:<\/p>\n<figure class=\"van-image-figure inline-layout \" data-bordeaux-image-check>\n<div class=\"image-full-width-wrapper\">\n<div class=\"image-widthsetter\" style=\"max-width:2000px;\"><\/div>\n<\/div><figcaption class=\"inline-layout \">\n<div class=\"caption-text\">\n<p>Die Brandflecken am Rand der Kochplatten meines elektrischen Glaskochfelds lie\u00dfen sich nur schwer entfernen<\/p>\n<\/div>\n<\/figcaption><\/figure>\n<p>Hinzu kommt das Kochrepertoire meines Mannes, bei dem es nur um Pasta geht, und der vordere linke Ring bekam jede Woche eine absolute Pr\u00fcgelstrafe ab. Nach einer Weile wurde mir klar, dass ich die Brandflecken am Rand des Rings nie loswerden w\u00fcrde, obwohl ich das Kochfeld nach jedem Kochvorgang gereinigt habe.<\/p>\n<p>Dann erz\u00e4hlte mir Karina Toner, Betriebsleiterin und Reinigungsprofi bei Spekless, wie man aus Wasser und Backpulver (erh\u00e4ltlich bei Amazon) eine schnelle und einfache Reinigungspaste herstellen kann.<\/p>\n<div class=\"product-container hero-product-container product-block-no-wrap\"><\/div>\n<h3 class=\"article-body__section\" id=\"section-what-i-did\"><span>Was ich getan habe<\/span><\/h3>\n<p>Diese Reinigungsarbeit war wirklich einfach durchzuf\u00fchren und ich erledigte sie, w\u00e4hrend der Wasserkocher f\u00fcr eine Tasse Kardamontee kochte. Sie ben\u00f6tigen also nur f\u00fcnf Minuten und ein paar Dinge, um es selbst auszuprobieren.<\/p>\n<ul>\n<li>Machen Sie eine Paste. Ich habe einen Essl\u00f6ffel Backpulver verwendet und etwas Wasser hinzugef\u00fcgt, bis eine k\u00f6rnige Paste entstanden ist.<\/li>\n<li>Dann verteile ich es rund um die Glasplatte, aber nur auf den Brandflecken auf der rechten Seite, um es einfacher testen zu k\u00f6nnen. Verwenden Sie es, wo immer Sie es brauchen.<\/li>\n<li>Ich lie\u00df es ein paar Minuten stehen, bis mein Wasserkocher kochte, und rieb die Paste dann mit einem Schwamm vorsichtig in Kreisen auf die Brandflecken. Voila! Es hat sich gel\u00f6st.<\/li>\n<li>Anschlie\u00dfend entfernte ich die Paste mit einem feuchten Mikrofasertuch und trocknete die Stelle mit einem Papiertuch.<\/li>\n<\/ul>\n<div id=\"slice-container-imageGallery-yScPJhpRF8pQHVJeqJqyib-myvM7zNWBaiWxHKdlBlWWbCFjoDaqfjB\" class=\"slice-container imageGallery-wrapper imageGallery-yScPJhpRF8pQHVJeqJqyib-myvM7zNWBaiWxHKdlBlWWbCFjoDaqfjB slice-container-imageGallery\">\n<div data-hydrate=\"true\" class=\"inline-gallery first-slide-only\">\n<div class=\"inline-gallery__count\">Bild <!-- -->1<!-- --> von <!-- -->3<\/div>\n<div class=\"inline-gallery__arrows show\">\n<div class=\"arrows__arrows-inner\">\n<div data-testid=\"arrow-click-left\" class=\"arrows__left disable\" data-analytics-id=\"gallery-see-more\"><svg xmlns=\"http:\/\/www.w3.org\/2000\/svg\" viewbox=\"0 0 32 32\" width=\"32\" height=\"32\"><path d=\"M4.2 0l25.6 16.011L4.2 32V0z\"><\/path><\/svg><\/div>\n<div data-testid=\"arrow-click-right\" class=\"arrows__right \" data-analytics-id=\"gallery-see-more\"><svg xmlns=\"http:\/\/www.w3.org\/2000\/svg\" viewbox=\"0 0 32 32\" width=\"32\" height=\"32\"><path d=\"M4.2 0l25.6 16.011L4.2 32V0z\"><\/path><\/svg><\/div>\n<\/div>\n<\/div>\n<div style=\"overflow-x:hidden\" class=\"inline-gallery__items\">\n<div style=\"-webkit-flex-direction:row;flex-direction:row;-webkit-transition:all 0s ease 0s;transition:all 0s ease 0s;-webkit-transform:translate(0%, 0);transform:translate(0%, 0);direction:ltr;display:flex;will-change:transform\" class=\"react-swipeable-view-container\">\n<div style=\"width:100%;-webkit-flex-shrink:0;flex-shrink:0;overflow:auto\" aria-hidden=\"false\" data-swipeable=\"true\">\n<div class=\"items__item\">\n<div class=\"item__image-cont\">\n<div class=\"image-cont__image\">\n<figure class=\"image-wrapped__wrapper\" data-bordeaux-image-check=\"false\">\n<div class=\"image-wrapped__widthsetter\" style=\"max-width:2000px\">\n<div class=\"image-wrapped__aspect-padding\" style=\"padding-bottom:120%\">\n<div style=\"display:contents\"><picture data-hydrate=\"true\"><source class=\"image-wrapped__image image__image\" type=\"image\/webp\"   data-normal=\"https:\/\/vanilla.futurecdn.net\/cyclingnews\/media\/img\/missing-image.svg\" data-original-mos=\"https:\/\/www.strassenweb.de\/nachrichten\/wp-content\/uploads\/2024\/11\/w2u74ymiQT9n6fkA4Yz77H.jpg\" data-pin-media=\"https:\/\/www.strassenweb.de\/nachrichten\/wp-content\/uploads\/2024\/11\/w2u74ymiQT9n6fkA4Yz77H.jpg\" data-pin-nopin=\"true\" data-slice-image=\"true\"><\/source><source class=\"image-wrapped__image image__image\" type=\"image\/jpeg\"   data-normal=\"https:\/\/vanilla.futurecdn.net\/cyclingnews\/media\/img\/missing-image.svg\" data-original-mos=\"https:\/\/www.strassenweb.de\/nachrichten\/wp-content\/uploads\/2024\/11\/w2u74ymiQT9n6fkA4Yz77H.jpg\" data-pin-media=\"https:\/\/www.strassenweb.de\/nachrichten\/wp-content\/uploads\/2024\/11\/w2u74ymiQT9n6fkA4Yz77H.jpg\" data-pin-nopin=\"true\" data-slice-image=\"true\"><\/source><img decoding=\"async\" alt=\"Ich gie\u00dfe Backpulver aus einer Plastikflasche mit wiederverschlie\u00dfbarem Deckel in einen Eierbecher auf meinem elektrischen Stopper aus schwarzem Glas\"  class=\"image-wrapped__image image__image\" loading=\"lazy\" data-normal=\"https:\/\/vanilla.futurecdn.net\/cyclingnews\/media\/img\/missing-image.svg\" src=\"https:\/\/www.strassenweb.de\/nachrichten\/wp-content\/uploads\/2024\/11\/w2u74ymiQT9n6fkA4Yz77H.jpg\" data-pin-media=\"https:\/\/www.strassenweb.de\/nachrichten\/wp-content\/uploads\/2024\/11\/w2u74ymiQT9n6fkA4Yz77H.jpg\" data-pin-nopin=\"true\" data-slice-image=\"true\"><\/picture><\/div>\n<\/div>\n<\/div>\n<\/figure>\n<\/div>\n<p><button class=\"image-cont__expand\" data-testid=\"expandButton\" data-analytics-id=\"gallery-expand-image\"><svg xmlns=\"http:\/\/www.w3.org\/2000\/svg\" width=\"32\" height=\"32\" viewbox=\"0 0 32 32\"><path d=\"M31.557 12.067L31.773 0 19.791.213l.05 3.216 6.225-.115-7.347 7.39 2.422 2.434 7.34-7.382-.108 6.213 3.184.098zM.215 19.903L0 31.97l11.984-.213-.05-3.217-6.225.113 7.348-7.388-2.42-2.436-7.34 7.383L3.402 20l-3.187-.098zM20.004 31.704L32 32.001l-.293-12.059-3.195.03.154 6.263-7.396-7.44-2.407 2.42 7.389 7.43-6.174-.148-.074 3.207zM12.213.33L.22.034l.293 12.059 3.195-.032-.152-6.26 7.394 7.438 2.404-2.418L5.967 3.39l6.174.15.072-3.209z\"><\/path><\/svg><\/button><\/div>\n<div class=\"item__description\"><\/div>\n<\/div>\n<\/div>\n<div style=\"width:100%;-webkit-flex-shrink:0;flex-shrink:0;overflow:auto\" aria-hidden=\"true\" data-swipeable=\"true\">\n<div class=\"items__item\">\n<div class=\"item__image-cont\">\n<div class=\"image-cont__image\">\n<figure class=\"image-wrapped__wrapper\" data-bordeaux-image-check=\"false\">\n<div class=\"image-wrapped__widthsetter\" style=\"max-width:2000px\">\n<div class=\"image-wrapped__aspect-padding\" style=\"padding-bottom:120%\">\n<div style=\"display:contents\"><picture data-hydrate=\"true\"><source class=\"image-wrapped__image image__image\" type=\"image\/webp\"   data-normal=\"https:\/\/vanilla.futurecdn.net\/cyclingnews\/media\/img\/missing-image.svg\" data-original-mos=\"https:\/\/www.strassenweb.de\/nachrichten\/wp-content\/uploads\/2024\/11\/YzyowisB7eAYWTR7HPts3H.jpg\" data-pin-media=\"https:\/\/www.strassenweb.de\/nachrichten\/wp-content\/uploads\/2024\/11\/YzyowisB7eAYWTR7HPts3H.jpg\" data-pin-nopin=\"true\" data-slice-image=\"true\"><\/source><source class=\"image-wrapped__image image__image\" type=\"image\/jpeg\"   data-normal=\"https:\/\/vanilla.futurecdn.net\/cyclingnews\/media\/img\/missing-image.svg\" data-original-mos=\"https:\/\/www.strassenweb.de\/nachrichten\/wp-content\/uploads\/2024\/11\/YzyowisB7eAYWTR7HPts3H.jpg\" data-pin-media=\"https:\/\/www.strassenweb.de\/nachrichten\/wp-content\/uploads\/2024\/11\/YzyowisB7eAYWTR7HPts3H.jpg\" data-pin-nopin=\"true\" data-slice-image=\"true\"><\/source><img decoding=\"async\" alt=\"Ich habe eine Paste aus Backpulver hergestellt, indem ich Wasser hinzuf\u00fcgte und mit einem L\u00f6ffel verr\u00fchrte\"  class=\"image-wrapped__image image__image\" loading=\"lazy\" data-normal=\"https:\/\/vanilla.futurecdn.net\/cyclingnews\/media\/img\/missing-image.svg\" src=\"https:\/\/www.strassenweb.de\/nachrichten\/wp-content\/uploads\/2024\/11\/YzyowisB7eAYWTR7HPts3H.jpg\" data-pin-media=\"https:\/\/www.strassenweb.de\/nachrichten\/wp-content\/uploads\/2024\/11\/YzyowisB7eAYWTR7HPts3H.jpg\" data-pin-nopin=\"true\" data-slice-image=\"true\"><\/picture><\/div>\n<\/div>\n<\/div>\n<\/figure>\n<\/div>\n<p><button class=\"image-cont__expand\" data-testid=\"expandButton\" data-analytics-id=\"gallery-expand-image\"><svg xmlns=\"http:\/\/www.w3.org\/2000\/svg\" width=\"32\" height=\"32\" viewbox=\"0 0 32 32\"><path d=\"M31.557 12.067L31.773 0 19.791.213l.05 3.216 6.225-.115-7.347 7.39 2.422 2.434 7.34-7.382-.108 6.213 3.184.098zM.215 19.903L0 31.97l11.984-.213-.05-3.217-6.225.113 7.348-7.388-2.42-2.436-7.34 7.383L3.402 20l-3.187-.098zM20.004 31.704L32 32.001l-.293-12.059-3.195.03.154 6.263-7.396-7.44-2.407 2.42 7.389 7.43-6.174-.148-.074 3.207zM12.213.33L.22.034l.293 12.059 3.195-.032-.152-6.26 7.394 7.438 2.404-2.418L5.967 3.39l6.174.15.072-3.209z\"><\/path><\/svg><\/button><\/div>\n<div class=\"item__description\"><\/div>\n<\/div>\n<\/div>\n<div style=\"width:100%;-webkit-flex-shrink:0;flex-shrink:0;overflow:auto\" aria-hidden=\"true\" data-swipeable=\"true\">\n<div class=\"items__item\">\n<div class=\"item__image-cont\">\n<div class=\"image-cont__image\">\n<figure class=\"image-wrapped__wrapper\" data-bordeaux-image-check=\"false\">\n<div class=\"image-wrapped__widthsetter\" style=\"max-width:2000px\">\n<div class=\"image-wrapped__aspect-padding\" style=\"padding-bottom:120%\">\n<div style=\"display:contents\"><picture data-hydrate=\"true\"><source class=\"image-wrapped__image image__image\" type=\"image\/webp\"   data-normal=\"https:\/\/vanilla.futurecdn.net\/cyclingnews\/media\/img\/missing-image.svg\" data-original-mos=\"https:\/\/www.strassenweb.de\/nachrichten\/wp-content\/uploads\/2024\/11\/AT9NBHR52a6FEgs9iPxiEH.jpg\" data-pin-media=\"https:\/\/www.strassenweb.de\/nachrichten\/wp-content\/uploads\/2024\/11\/AT9NBHR52a6FEgs9iPxiEH.jpg\" data-pin-nopin=\"true\" data-slice-image=\"true\"><\/source><source class=\"image-wrapped__image image__image\" type=\"image\/jpeg\"   data-normal=\"https:\/\/vanilla.futurecdn.net\/cyclingnews\/media\/img\/missing-image.svg\" data-original-mos=\"https:\/\/www.strassenweb.de\/nachrichten\/wp-content\/uploads\/2024\/11\/AT9NBHR52a6FEgs9iPxiEH.jpg\" data-pin-media=\"https:\/\/www.strassenweb.de\/nachrichten\/wp-content\/uploads\/2024\/11\/AT9NBHR52a6FEgs9iPxiEH.jpg\" data-pin-nopin=\"true\" data-slice-image=\"true\"><\/source><img decoding=\"async\" alt=\"Ich verteile die Paste vorsichtig auf den Brandflecken\"  class=\"image-wrapped__image image__image\" loading=\"lazy\" data-normal=\"https:\/\/vanilla.futurecdn.net\/cyclingnews\/media\/img\/missing-image.svg\" src=\"https:\/\/www.strassenweb.de\/nachrichten\/wp-content\/uploads\/2024\/11\/AT9NBHR52a6FEgs9iPxiEH.jpg\" data-pin-media=\"https:\/\/www.strassenweb.de\/nachrichten\/wp-content\/uploads\/2024\/11\/AT9NBHR52a6FEgs9iPxiEH.jpg\" data-pin-nopin=\"true\" data-slice-image=\"true\"><\/picture><\/div>\n<\/div>\n<\/div>\n<\/figure>\n<\/div>\n<p><button class=\"image-cont__expand\" data-testid=\"expandButton\" data-analytics-id=\"gallery-expand-image\"><svg xmlns=\"http:\/\/www.w3.org\/2000\/svg\" width=\"32\" height=\"32\" viewbox=\"0 0 32 32\"><path d=\"M31.557 12.067L31.773 0 19.791.213l.05 3.216 6.225-.115-7.347 7.39 2.422 2.434 7.34-7.382-.108 6.213 3.184.098zM.215 19.903L0 31.97l11.984-.213-.05-3.217-6.225.113 7.348-7.388-2.42-2.436-7.34 7.383L3.402 20l-3.187-.098zM20.004 31.704L32 32.001l-.293-12.059-3.195.03.154 6.263-7.396-7.44-2.407 2.42 7.389 7.43-6.174-.148-.074 3.207zM12.213.33L.22.034l.293 12.059 3.195-.032-.152-6.26 7.394 7.438 2.404-2.418L5.967 3.39l6.174.15.072-3.209z\"><\/path><\/svg><\/button><\/div>\n<div class=\"item__description\"><\/div>\n<\/div>\n<\/div>\n<\/div>\n<\/div>\n<\/div>\n<\/div>\n<p>Perfekt! Nachdem ich die ganze Zeit \u00fcber geglaubt hatte, die Brandflecken w\u00e4ren dauerhaft und Teil eines Glaskochfelds, wurde mir klar, dass es nicht so bleiben musste.<\/p>\n<p>Wenn Sie es bei Ihnen ausprobieren, versuchen Sie es zuerst mit der hinteren H\u00e4lfte, um sicherzustellen, dass die Oberfl\u00e4che keine negativen Auswirkungen hat. Es sollte kein Problem sein, aber wie bei allen neuen Reinigungsmethoden ist es am besten, es zuerst an einer diskreten Stelle auszuprobieren.<\/p>\n<h3 class=\"article-body__section\" id=\"section-my-verdict\"><span>Mein Urteil<\/span><\/h3>\n<p>Am Rand funktionierte es wirklich gut, wo ich mich konzentrierte (da mir das Backpulver ausging) und ich konnte ehrlich gesagt nicht glauben, dass ich vier Jahre lang mit den Brandflecken gelebt hatte. Eine echte Wohltat.<\/p>\n<p>Es ist erw\u00e4hnenswert, dass es nicht alle Noten auf einmal bekommen hat, aber ich bin damit einverstanden. Ich werde dies in meine regelm\u00e4\u00dfige K\u00fcchenreinigungs-Checkliste integrieren und bin zuversichtlich, dass es mit der Zeit einfacher sein wird, ein sauberes und brennfreies Kochfeld zu erhalten.<\/p>\n<p>Wenn ich das n\u00e4chste Mal meinen Natronvorrat habe, werde ich es im ganzen Ring ausprobieren und hier berichten.<\/p>\n<div id=\"slice-container-imageGallery-yScPJhpRF8pQHVJeqJqyib-whBC1I9K5ZVHX5AwHU2E4nnrHeIl3SkA\" class=\"slice-container imageGallery-wrapper imageGallery-yScPJhpRF8pQHVJeqJqyib-whBC1I9K5ZVHX5AwHU2E4nnrHeIl3SkA slice-container-imageGallery\">\n<div data-hydrate=\"true\" class=\"inline-gallery first-slide-only\">\n<div class=\"inline-gallery__count\">Bild <!-- -->1<!-- --> von <!-- -->2<\/div>\n<div class=\"inline-gallery__arrows show\">\n<div class=\"arrows__arrows-inner\">\n<div data-testid=\"arrow-click-left\" class=\"arrows__left disable\" data-analytics-id=\"gallery-see-more\"><svg xmlns=\"http:\/\/www.w3.org\/2000\/svg\" viewbox=\"0 0 32 32\" width=\"32\" height=\"32\"><path d=\"M4.2 0l25.6 16.011L4.2 32V0z\"><\/path><\/svg><\/div>\n<div data-testid=\"arrow-click-right\" class=\"arrows__right \" data-analytics-id=\"gallery-see-more\"><svg xmlns=\"http:\/\/www.w3.org\/2000\/svg\" viewbox=\"0 0 32 32\" width=\"32\" height=\"32\"><path d=\"M4.2 0l25.6 16.011L4.2 32V0z\"><\/path><\/svg><\/div>\n<\/div>\n<\/div>\n<div style=\"overflow-x:hidden\" class=\"inline-gallery__items\">\n<div style=\"-webkit-flex-direction:row;flex-direction:row;-webkit-transition:all 0s ease 0s;transition:all 0s ease 0s;-webkit-transform:translate(0%, 0);transform:translate(0%, 0);direction:ltr;display:flex;will-change:transform\" class=\"react-swipeable-view-container\">\n<div style=\"width:100%;-webkit-flex-shrink:0;flex-shrink:0;overflow:auto\" aria-hidden=\"false\" data-swipeable=\"true\">\n<div class=\"items__item\">\n<div class=\"item__image-cont\">\n<div class=\"image-cont__image\">\n<figure class=\"image-wrapped__wrapper\" data-bordeaux-image-check=\"false\">\n<div class=\"image-wrapped__widthsetter\" style=\"max-width:2000px\">\n<div class=\"image-wrapped__aspect-padding\" style=\"padding-bottom:120%\">\n<div style=\"display:contents\"><picture data-hydrate=\"true\"><source class=\"image-wrapped__image image__image\" type=\"image\/webp\"   data-normal=\"https:\/\/vanilla.futurecdn.net\/cyclingnews\/media\/img\/missing-image.svg\" data-original-mos=\"https:\/\/www.strassenweb.de\/nachrichten\/wp-content\/uploads\/2024\/11\/3WgdyDg3NzQ85STFvJb2PQ.jpg\" data-pin-media=\"https:\/\/www.strassenweb.de\/nachrichten\/wp-content\/uploads\/2024\/11\/3WgdyDg3NzQ85STFvJb2PQ.jpg\" data-pin-nopin=\"true\" data-slice-image=\"true\"><\/source><source class=\"image-wrapped__image image__image\" type=\"image\/jpeg\"   data-normal=\"https:\/\/vanilla.futurecdn.net\/cyclingnews\/media\/img\/missing-image.svg\" data-original-mos=\"https:\/\/www.strassenweb.de\/nachrichten\/wp-content\/uploads\/2024\/11\/3WgdyDg3NzQ85STFvJb2PQ.jpg\" data-pin-media=\"https:\/\/www.strassenweb.de\/nachrichten\/wp-content\/uploads\/2024\/11\/3WgdyDg3NzQ85STFvJb2PQ.jpg\" data-pin-nopin=\"true\" data-slice-image=\"true\"><\/source><img decoding=\"async\" alt=\"Die Brandflecken auf der rechten Seite konnten mit handels\u00fcblichen Reinigungsmitteln nicht entfernt werden\"  class=\"image-wrapped__image image__image\" loading=\"lazy\" data-normal=\"https:\/\/vanilla.futurecdn.net\/cyclingnews\/media\/img\/missing-image.svg\" src=\"https:\/\/www.strassenweb.de\/nachrichten\/wp-content\/uploads\/2024\/11\/3WgdyDg3NzQ85STFvJb2PQ.jpg\" data-pin-media=\"https:\/\/www.strassenweb.de\/nachrichten\/wp-content\/uploads\/2024\/11\/3WgdyDg3NzQ85STFvJb2PQ.jpg\" data-pin-nopin=\"true\" data-slice-image=\"true\"><\/picture><\/div>\n<\/div>\n<\/div>\n<\/figure>\n<\/div>\n<p><button class=\"image-cont__expand\" data-testid=\"expandButton\" data-analytics-id=\"gallery-expand-image\"><svg xmlns=\"http:\/\/www.w3.org\/2000\/svg\" width=\"32\" height=\"32\" viewbox=\"0 0 32 32\"><path d=\"M31.557 12.067L31.773 0 19.791.213l.05 3.216 6.225-.115-7.347 7.39 2.422 2.434 7.34-7.382-.108 6.213 3.184.098zM.215 19.903L0 31.97l11.984-.213-.05-3.217-6.225.113 7.348-7.388-2.42-2.436-7.34 7.383L3.402 20l-3.187-.098zM20.004 31.704L32 32.001l-.293-12.059-3.195.03.154 6.263-7.396-7.44-2.407 2.42 7.389 7.43-6.174-.148-.074 3.207zM12.213.33L.22.034l.293 12.059 3.195-.032-.152-6.26 7.394 7.438 2.404-2.418L5.967 3.39l6.174.15.072-3.209z\"><\/path><\/svg><\/button><\/div>\n<h4 class=\"item__title\">Vor<\/h4>\n<div class=\"item__description\"><\/div>\n<\/div>\n<\/div>\n<div style=\"width:100%;-webkit-flex-shrink:0;flex-shrink:0;overflow:auto\" aria-hidden=\"true\" data-swipeable=\"true\">\n<div class=\"items__item\">\n<div class=\"item__image-cont\">\n<div class=\"image-cont__image\">\n<figure class=\"image-wrapped__wrapper\" data-bordeaux-image-check=\"false\">\n<div class=\"image-wrapped__widthsetter\" style=\"max-width:2000px\">\n<div class=\"image-wrapped__aspect-padding\" style=\"padding-bottom:120%\">\n<div style=\"display:contents\"><picture data-hydrate=\"true\"><source class=\"image-wrapped__image image__image\" type=\"image\/webp\"   data-normal=\"https:\/\/vanilla.futurecdn.net\/cyclingnews\/media\/img\/missing-image.svg\" data-original-mos=\"https:\/\/www.strassenweb.de\/nachrichten\/wp-content\/uploads\/2024\/11\/d2BUNNUmJgFuzwoA5fWJNQ.jpg\" data-pin-media=\"https:\/\/www.strassenweb.de\/nachrichten\/wp-content\/uploads\/2024\/11\/d2BUNNUmJgFuzwoA5fWJNQ.jpg\" data-pin-nopin=\"true\" data-slice-image=\"true\"><\/source><source class=\"image-wrapped__image image__image\" type=\"image\/jpeg\"   data-normal=\"https:\/\/vanilla.futurecdn.net\/cyclingnews\/media\/img\/missing-image.svg\" data-original-mos=\"https:\/\/www.strassenweb.de\/nachrichten\/wp-content\/uploads\/2024\/11\/d2BUNNUmJgFuzwoA5fWJNQ.jpg\" data-pin-media=\"https:\/\/www.strassenweb.de\/nachrichten\/wp-content\/uploads\/2024\/11\/d2BUNNUmJgFuzwoA5fWJNQ.jpg\" data-pin-nopin=\"true\" data-slice-image=\"true\"><\/source><img decoding=\"async\" alt=\"Die Brandflecken an der rechten Seitenkante, auf die ich mich konzentrierte, waren verschwunden\"  class=\"image-wrapped__image image__image\" loading=\"lazy\" data-normal=\"https:\/\/vanilla.futurecdn.net\/cyclingnews\/media\/img\/missing-image.svg\" src=\"https:\/\/www.strassenweb.de\/nachrichten\/wp-content\/uploads\/2024\/11\/d2BUNNUmJgFuzwoA5fWJNQ.jpg\" data-pin-media=\"https:\/\/www.strassenweb.de\/nachrichten\/wp-content\/uploads\/2024\/11\/d2BUNNUmJgFuzwoA5fWJNQ.jpg\" data-pin-nopin=\"true\" data-slice-image=\"true\"><\/picture><\/div>\n<\/div>\n<\/div>\n<\/figure>\n<\/div>\n<p><button class=\"image-cont__expand\" data-testid=\"expandButton\" data-analytics-id=\"gallery-expand-image\"><svg xmlns=\"http:\/\/www.w3.org\/2000\/svg\" width=\"32\" height=\"32\" viewbox=\"0 0 32 32\"><path d=\"M31.557 12.067L31.773 0 19.791.213l.05 3.216 6.225-.115-7.347 7.39 2.422 2.434 7.34-7.382-.108 6.213 3.184.098zM.215 19.903L0 31.97l11.984-.213-.05-3.217-6.225.113 7.348-7.388-2.42-2.436-7.34 7.383L3.402 20l-3.187-.098zM20.004 31.704L32 32.001l-.293-12.059-3.195.03.154 6.263-7.396-7.44-2.407 2.42 7.389 7.43-6.174-.148-.074 3.207zM12.213.33L.22.034l.293 12.059 3.195-.032-.152-6.26 7.394 7.438 2.404-2.418L5.967 3.39l6.174.15.072-3.209z\"><\/path><\/svg><\/button><\/div>\n<h4 class=\"item__title\">Nach<\/h4>\n<div class=\"item__description\"><\/div>\n<\/div>\n<\/div>\n<\/div>\n<\/div>\n<\/div>\n<\/div>\n<hr>\n<p>Als n\u00e4chstes besch\u00e4ftigen wir uns mit dem Zitronen-Hack, den ich ausprobiert habe, als ich hartn\u00e4ckige Wasserflecken von meinen Wasserh\u00e4hnen entfernte, und wie er Kalkablagerungen beseitigte, die ich mit handels\u00fcblichen Reinigungsmitteln nicht entfernen konnte.<\/p>\n<p>Erfahren Sie au\u00dferdem alles dar\u00fcber, was Sie im Haushalt mit Backpulver reinigen k\u00f6nnen.<\/p>\n<\/div>\n","protected":false},"excerpt":{"rendered":"<p>Mein Haus war neu gebaut, als wir einzogen, und es war makellos. Das Glaskochfeld, das erste elektrische, das ich je hatte, war neu f\u00fcr mich<\/p>\n","protected":false},"author":1,"featured_media":1301,"comment_status":"closed","ping_status":"","sticky":false,"template":"","format":"standard","meta":{"footnotes":""},"categories":[118],"tags":[2450,2449,1611,180,2447,2451,2448,2446,129,831,1771,694,2445,1860,21,26,2320],"class_list":["post-1300","post","type-post","status-publish","format-standard","has-post-thumbnail","hentry","category-haus-garten","tag-ausprobierte","tag-backpulver","tag-bekommen","tag-bis","tag-brandflecken","tag-funktionierte","tag-glasherd","tag-hartnaeckigen","tag-ich","tag-jahre","tag-keine","tag-koennte","tag-lang","tag-meinem","tag-von","tag-wie","tag-zauberhand","generate-columns","tablet-grid-50","mobile-grid-100","grid-parent","grid-50"],"yoast_head":"<!-- This site is optimized with the Yoast SEO plugin v27.3 - https:\/\/yoast.com\/product\/yoast-seo-wordpress\/ -->\n<title>Ich konnte 4 Jahre lang keine hartn\u00e4ckigen Brandflecken von meinem Glasherd bekommen, bis ich Backpulver ausprobierte \u2013 es funktionierte wie von Zauberhand - Nachrichten - Stra\u00dfenweb<\/title>\n<meta name=\"robots\" content=\"index, follow, max-snippet:-1, max-image-preview:large, max-video-preview:-1\" \/>\n<link rel=\"canonical\" href=\"https:\/\/www.strassenweb.de\/nachrichten\/ich-konnte-4-jahre-lang-keine-hartnaeckigen-brandflecken-von-meinem-glasherd-bekommen-bis-ich-backpulver-ausprobierte-es-funktionierte-wie-von-zauberhand\/\" \/>\n<meta property=\"og:locale\" content=\"de_DE\" \/>\n<meta property=\"og:type\" content=\"article\" \/>\n<meta property=\"og:title\" content=\"Ich konnte 4 Jahre lang keine hartn\u00e4ckigen Brandflecken von meinem Glasherd bekommen, bis ich Backpulver ausprobierte \u2013 es funktionierte wie von Zauberhand - Nachrichten - Stra\u00dfenweb\" \/>\n<meta property=\"og:description\" content=\"Mein Haus war neu gebaut, als wir einzogen, und es war makellos. Das Glaskochfeld, das erste elektrische, das ich je hatte, war neu f\u00fcr mich\" \/>\n<meta property=\"og:url\" content=\"https:\/\/www.strassenweb.de\/nachrichten\/ich-konnte-4-jahre-lang-keine-hartnaeckigen-brandflecken-von-meinem-glasherd-bekommen-bis-ich-backpulver-ausprobierte-es-funktionierte-wie-von-zauberhand\/\" \/>\n<meta property=\"og:site_name\" content=\"Stra\u00dfenweb\" \/>\n<meta property=\"article:publisher\" content=\"https:\/\/www.facebook.com\/strassenweb\/\" \/>\n<meta property=\"article:published_time\" content=\"2024-11-02T00:55:31+00:00\" \/>\n<meta property=\"article:modified_time\" content=\"2024-11-02T00:55:33+00:00\" \/>\n<meta property=\"og:image\" content=\"https:\/\/www.strassenweb.de\/nachrichten\/wp-content\/uploads\/2024\/11\/Ich-konnte-4-Jahre-lang-keine-hartnaeckigen-Brandflecken-von-meinem.jpg\" \/>\n\t<meta property=\"og:image:width\" content=\"1200\" \/>\n\t<meta property=\"og:image:height\" content=\"675\" \/>\n\t<meta property=\"og:image:type\" content=\"image\/jpeg\" \/>\n<meta name=\"author\" content=\"Robert Hoffmann\" \/>\n<meta name=\"twitter:card\" content=\"summary_large_image\" \/>\n<meta name=\"twitter:label1\" content=\"Verfasst von\" \/>\n\t<meta name=\"twitter:data1\" content=\"Robert Hoffmann\" \/>\n\t<meta name=\"twitter:label2\" content=\"Gesch\u00e4tzte Lesezeit\" \/>\n\t<meta name=\"twitter:data2\" content=\"4\u00a0Minuten\" \/>\n<script type=\"application\/ld+json\" class=\"yoast-schema-graph\">{\"@context\":\"https:\\\/\\\/schema.org\",\"@graph\":[{\"@type\":\"Article\",\"@id\":\"https:\\\/\\\/www.strassenweb.de\\\/nachrichten\\\/ich-konnte-4-jahre-lang-keine-hartnaeckigen-brandflecken-von-meinem-glasherd-bekommen-bis-ich-backpulver-ausprobierte-es-funktionierte-wie-von-zauberhand\\\/#article\",\"isPartOf\":{\"@id\":\"https:\\\/\\\/www.strassenweb.de\\\/nachrichten\\\/ich-konnte-4-jahre-lang-keine-hartnaeckigen-brandflecken-von-meinem-glasherd-bekommen-bis-ich-backpulver-ausprobierte-es-funktionierte-wie-von-zauberhand\\\/\"},\"author\":{\"name\":\"Robert Hoffmann\",\"@id\":\"https:\\\/\\\/www.strassenweb.de\\\/nachrichten\\\/#\\\/schema\\\/person\\\/87c9c9067f1211da429a744dc5a5aa41\"},\"headline\":\"Ich konnte 4 Jahre lang keine hartn\u00e4ckigen Brandflecken von meinem Glasherd bekommen, bis ich Backpulver ausprobierte \u2013 es funktionierte wie von Zauberhand\",\"datePublished\":\"2024-11-02T00:55:31+00:00\",\"dateModified\":\"2024-11-02T00:55:33+00:00\",\"mainEntityOfPage\":{\"@id\":\"https:\\\/\\\/www.strassenweb.de\\\/nachrichten\\\/ich-konnte-4-jahre-lang-keine-hartnaeckigen-brandflecken-von-meinem-glasherd-bekommen-bis-ich-backpulver-ausprobierte-es-funktionierte-wie-von-zauberhand\\\/\"},\"wordCount\":842,\"publisher\":{\"@id\":\"https:\\\/\\\/www.strassenweb.de\\\/nachrichten\\\/#organization\"},\"image\":{\"@id\":\"https:\\\/\\\/www.strassenweb.de\\\/nachrichten\\\/ich-konnte-4-jahre-lang-keine-hartnaeckigen-brandflecken-von-meinem-glasherd-bekommen-bis-ich-backpulver-ausprobierte-es-funktionierte-wie-von-zauberhand\\\/#primaryimage\"},\"thumbnailUrl\":\"https:\\\/\\\/www.strassenweb.de\\\/nachrichten\\\/wp-content\\\/uploads\\\/2024\\\/11\\\/Ich-konnte-4-Jahre-lang-keine-hartnaeckigen-Brandflecken-von-meinem.jpg\",\"keywords\":[\"ausprobierte\",\"Backpulver\",\"bekommen\",\"bis\",\"Brandflecken\",\"funktionierte\",\"Glasherd\",\"hartn\u00e4ckigen\",\"ich\",\"Jahre\",\"keine\",\"k\u00f6nnte\",\"lang\",\"meinem\",\"von\",\"Wie\",\"Zauberhand\"],\"articleSection\":[\"Haus &amp; Garten\"],\"inLanguage\":\"de\"},{\"@type\":\"WebPage\",\"@id\":\"https:\\\/\\\/www.strassenweb.de\\\/nachrichten\\\/ich-konnte-4-jahre-lang-keine-hartnaeckigen-brandflecken-von-meinem-glasherd-bekommen-bis-ich-backpulver-ausprobierte-es-funktionierte-wie-von-zauberhand\\\/\",\"url\":\"https:\\\/\\\/www.strassenweb.de\\\/nachrichten\\\/ich-konnte-4-jahre-lang-keine-hartnaeckigen-brandflecken-von-meinem-glasherd-bekommen-bis-ich-backpulver-ausprobierte-es-funktionierte-wie-von-zauberhand\\\/\",\"name\":\"Ich konnte 4 Jahre lang keine hartn\u00e4ckigen Brandflecken von meinem Glasherd bekommen, bis ich Backpulver ausprobierte \u2013 es funktionierte wie von Zauberhand - Nachrichten - Stra\u00dfenweb\",\"isPartOf\":{\"@id\":\"https:\\\/\\\/www.strassenweb.de\\\/nachrichten\\\/#website\"},\"primaryImageOfPage\":{\"@id\":\"https:\\\/\\\/www.strassenweb.de\\\/nachrichten\\\/ich-konnte-4-jahre-lang-keine-hartnaeckigen-brandflecken-von-meinem-glasherd-bekommen-bis-ich-backpulver-ausprobierte-es-funktionierte-wie-von-zauberhand\\\/#primaryimage\"},\"image\":{\"@id\":\"https:\\\/\\\/www.strassenweb.de\\\/nachrichten\\\/ich-konnte-4-jahre-lang-keine-hartnaeckigen-brandflecken-von-meinem-glasherd-bekommen-bis-ich-backpulver-ausprobierte-es-funktionierte-wie-von-zauberhand\\\/#primaryimage\"},\"thumbnailUrl\":\"https:\\\/\\\/www.strassenweb.de\\\/nachrichten\\\/wp-content\\\/uploads\\\/2024\\\/11\\\/Ich-konnte-4-Jahre-lang-keine-hartnaeckigen-Brandflecken-von-meinem.jpg\",\"datePublished\":\"2024-11-02T00:55:31+00:00\",\"dateModified\":\"2024-11-02T00:55:33+00:00\",\"breadcrumb\":{\"@id\":\"https:\\\/\\\/www.strassenweb.de\\\/nachrichten\\\/ich-konnte-4-jahre-lang-keine-hartnaeckigen-brandflecken-von-meinem-glasherd-bekommen-bis-ich-backpulver-ausprobierte-es-funktionierte-wie-von-zauberhand\\\/#breadcrumb\"},\"inLanguage\":\"de\",\"potentialAction\":[{\"@type\":\"ReadAction\",\"target\":[\"https:\\\/\\\/www.strassenweb.de\\\/nachrichten\\\/ich-konnte-4-jahre-lang-keine-hartnaeckigen-brandflecken-von-meinem-glasherd-bekommen-bis-ich-backpulver-ausprobierte-es-funktionierte-wie-von-zauberhand\\\/\"]}]},{\"@type\":\"ImageObject\",\"inLanguage\":\"de\",\"@id\":\"https:\\\/\\\/www.strassenweb.de\\\/nachrichten\\\/ich-konnte-4-jahre-lang-keine-hartnaeckigen-brandflecken-von-meinem-glasherd-bekommen-bis-ich-backpulver-ausprobierte-es-funktionierte-wie-von-zauberhand\\\/#primaryimage\",\"url\":\"https:\\\/\\\/www.strassenweb.de\\\/nachrichten\\\/wp-content\\\/uploads\\\/2024\\\/11\\\/Ich-konnte-4-Jahre-lang-keine-hartnaeckigen-Brandflecken-von-meinem.jpg\",\"contentUrl\":\"https:\\\/\\\/www.strassenweb.de\\\/nachrichten\\\/wp-content\\\/uploads\\\/2024\\\/11\\\/Ich-konnte-4-Jahre-lang-keine-hartnaeckigen-Brandflecken-von-meinem.jpg\",\"width\":1200,\"height\":675,\"caption\":\"Ich konnte 4 Jahre lang keine hartn\u00e4ckigen Brandflecken von meinem Glasherd bekommen, bis ich Backpulver ausprobierte \u2013 es funktionierte wie von Zauberhand\"},{\"@type\":\"BreadcrumbList\",\"@id\":\"https:\\\/\\\/www.strassenweb.de\\\/nachrichten\\\/ich-konnte-4-jahre-lang-keine-hartnaeckigen-brandflecken-von-meinem-glasherd-bekommen-bis-ich-backpulver-ausprobierte-es-funktionierte-wie-von-zauberhand\\\/#breadcrumb\",\"itemListElement\":[{\"@type\":\"ListItem\",\"position\":1,\"name\":\"Home\",\"item\":\"https:\\\/\\\/www.strassenweb.de\\\/nachrichten\\\/\"},{\"@type\":\"ListItem\",\"position\":2,\"name\":\"Ich konnte 4 Jahre lang keine hartn\u00e4ckigen Brandflecken von meinem Glasherd bekommen, bis ich Backpulver ausprobierte \u2013 es funktionierte wie von Zauberhand\"}]},{\"@type\":\"WebSite\",\"@id\":\"https:\\\/\\\/www.strassenweb.de\\\/nachrichten\\\/#website\",\"url\":\"https:\\\/\\\/www.strassenweb.de\\\/nachrichten\\\/\",\"name\":\"Stra\u00dfenweb\",\"description\":\"Stra\u00dfenverzeichnis f\u00fcr Deutschland\",\"publisher\":{\"@id\":\"https:\\\/\\\/www.strassenweb.de\\\/nachrichten\\\/#organization\"},\"potentialAction\":[{\"@type\":\"SearchAction\",\"target\":{\"@type\":\"EntryPoint\",\"urlTemplate\":\"https:\\\/\\\/www.strassenweb.de\\\/nachrichten\\\/?s={search_term_string}\"},\"query-input\":{\"@type\":\"PropertyValueSpecification\",\"valueRequired\":true,\"valueName\":\"search_term_string\"}}],\"inLanguage\":\"de\"},{\"@type\":\"Organization\",\"@id\":\"https:\\\/\\\/www.strassenweb.de\\\/nachrichten\\\/#organization\",\"name\":\"Stra\u00dfenweb\",\"url\":\"https:\\\/\\\/www.strassenweb.de\\\/nachrichten\\\/\",\"logo\":{\"@type\":\"ImageObject\",\"inLanguage\":\"de\",\"@id\":\"https:\\\/\\\/www.strassenweb.de\\\/nachrichten\\\/#\\\/schema\\\/logo\\\/image\\\/\",\"url\":\"https:\\\/\\\/www.strassenweb.de\\\/nachrichten\\\/wp-content\\\/uploads\\\/2024\\\/09\\\/cropped-favicon.png\",\"contentUrl\":\"https:\\\/\\\/www.strassenweb.de\\\/nachrichten\\\/wp-content\\\/uploads\\\/2024\\\/09\\\/cropped-favicon.png\",\"width\":512,\"height\":512,\"caption\":\"Stra\u00dfenweb\"},\"image\":{\"@id\":\"https:\\\/\\\/www.strassenweb.de\\\/nachrichten\\\/#\\\/schema\\\/logo\\\/image\\\/\"},\"sameAs\":[\"https:\\\/\\\/www.facebook.com\\\/strassenweb\\\/\"]},{\"@type\":\"Person\",\"@id\":\"https:\\\/\\\/www.strassenweb.de\\\/nachrichten\\\/#\\\/schema\\\/person\\\/87c9c9067f1211da429a744dc5a5aa41\",\"name\":\"Robert Hoffmann\",\"image\":{\"@type\":\"ImageObject\",\"inLanguage\":\"de\",\"@id\":\"https:\\\/\\\/www.strassenweb.de\\\/nachrichten\\\/wp-content\\\/uploads\\\/2024\\\/09\\\/strassenweb-150x150.jpg\",\"url\":\"https:\\\/\\\/www.strassenweb.de\\\/nachrichten\\\/wp-content\\\/uploads\\\/2024\\\/09\\\/strassenweb-150x150.jpg\",\"contentUrl\":\"https:\\\/\\\/www.strassenweb.de\\\/nachrichten\\\/wp-content\\\/uploads\\\/2024\\\/09\\\/strassenweb-150x150.jpg\",\"caption\":\"Robert Hoffmann\"},\"description\":\"Ich hei\u00dfe Robert Hoffmann und ich bin ein leidenschaftlicher Verfechter von \u00d6kologie und Biodiversit\u00e4t. Seit meiner Kindheit in den W\u00e4ldern Bayerns f\u00fchle ich mich mit der Natur verbunden und bin entschlossen, sie zu sch\u00fctzen. Heute widme ich mein Leben der Sensibilisierung anderer f\u00fcr die Bedeutung des Umweltschutzes f\u00fcr zuk\u00fcnftige Generationen.\",\"sameAs\":[\"https:\\\/\\\/www.strassenweb.de\\\/\"]}]}<\/script>\n<!-- \/ Yoast SEO plugin. -->","yoast_head_json":{"title":"Ich konnte 4 Jahre lang keine hartn\u00e4ckigen Brandflecken von meinem Glasherd bekommen, bis ich Backpulver ausprobierte \u2013 es funktionierte wie von Zauberhand - Nachrichten - Stra\u00dfenweb","robots":{"index":"index","follow":"follow","max-snippet":"max-snippet:-1","max-image-preview":"max-image-preview:large","max-video-preview":"max-video-preview:-1"},"canonical":"https:\/\/www.strassenweb.de\/nachrichten\/ich-konnte-4-jahre-lang-keine-hartnaeckigen-brandflecken-von-meinem-glasherd-bekommen-bis-ich-backpulver-ausprobierte-es-funktionierte-wie-von-zauberhand\/","og_locale":"de_DE","og_type":"article","og_title":"Ich konnte 4 Jahre lang keine hartn\u00e4ckigen Brandflecken von meinem Glasherd bekommen, bis ich Backpulver ausprobierte \u2013 es funktionierte wie von Zauberhand - Nachrichten - Stra\u00dfenweb","og_description":"Mein Haus war neu gebaut, als wir einzogen, und es war makellos. Das Glaskochfeld, das erste elektrische, das ich je hatte, war neu f\u00fcr mich","og_url":"https:\/\/www.strassenweb.de\/nachrichten\/ich-konnte-4-jahre-lang-keine-hartnaeckigen-brandflecken-von-meinem-glasherd-bekommen-bis-ich-backpulver-ausprobierte-es-funktionierte-wie-von-zauberhand\/","og_site_name":"Stra\u00dfenweb","article_publisher":"https:\/\/www.facebook.com\/strassenweb\/","article_published_time":"2024-11-02T00:55:31+00:00","article_modified_time":"2024-11-02T00:55:33+00:00","og_image":[{"width":1200,"height":675,"url":"https:\/\/www.strassenweb.de\/nachrichten\/wp-content\/uploads\/2024\/11\/Ich-konnte-4-Jahre-lang-keine-hartnaeckigen-Brandflecken-von-meinem.jpg","type":"image\/jpeg"}],"author":"Robert Hoffmann","twitter_card":"summary_large_image","twitter_misc":{"Verfasst von":"Robert Hoffmann","Gesch\u00e4tzte Lesezeit":"4\u00a0Minuten"},"schema":{"@context":"https:\/\/schema.org","@graph":[{"@type":"Article","@id":"https:\/\/www.strassenweb.de\/nachrichten\/ich-konnte-4-jahre-lang-keine-hartnaeckigen-brandflecken-von-meinem-glasherd-bekommen-bis-ich-backpulver-ausprobierte-es-funktionierte-wie-von-zauberhand\/#article","isPartOf":{"@id":"https:\/\/www.strassenweb.de\/nachrichten\/ich-konnte-4-jahre-lang-keine-hartnaeckigen-brandflecken-von-meinem-glasherd-bekommen-bis-ich-backpulver-ausprobierte-es-funktionierte-wie-von-zauberhand\/"},"author":{"name":"Robert Hoffmann","@id":"https:\/\/www.strassenweb.de\/nachrichten\/#\/schema\/person\/87c9c9067f1211da429a744dc5a5aa41"},"headline":"Ich konnte 4 Jahre lang keine hartn\u00e4ckigen Brandflecken von meinem Glasherd bekommen, bis ich Backpulver ausprobierte \u2013 es funktionierte wie von Zauberhand","datePublished":"2024-11-02T00:55:31+00:00","dateModified":"2024-11-02T00:55:33+00:00","mainEntityOfPage":{"@id":"https:\/\/www.strassenweb.de\/nachrichten\/ich-konnte-4-jahre-lang-keine-hartnaeckigen-brandflecken-von-meinem-glasherd-bekommen-bis-ich-backpulver-ausprobierte-es-funktionierte-wie-von-zauberhand\/"},"wordCount":842,"publisher":{"@id":"https:\/\/www.strassenweb.de\/nachrichten\/#organization"},"image":{"@id":"https:\/\/www.strassenweb.de\/nachrichten\/ich-konnte-4-jahre-lang-keine-hartnaeckigen-brandflecken-von-meinem-glasherd-bekommen-bis-ich-backpulver-ausprobierte-es-funktionierte-wie-von-zauberhand\/#primaryimage"},"thumbnailUrl":"https:\/\/www.strassenweb.de\/nachrichten\/wp-content\/uploads\/2024\/11\/Ich-konnte-4-Jahre-lang-keine-hartnaeckigen-Brandflecken-von-meinem.jpg","keywords":["ausprobierte","Backpulver","bekommen","bis","Brandflecken","funktionierte","Glasherd","hartn\u00e4ckigen","ich","Jahre","keine","k\u00f6nnte","lang","meinem","von","Wie","Zauberhand"],"articleSection":["Haus &amp; Garten"],"inLanguage":"de"},{"@type":"WebPage","@id":"https:\/\/www.strassenweb.de\/nachrichten\/ich-konnte-4-jahre-lang-keine-hartnaeckigen-brandflecken-von-meinem-glasherd-bekommen-bis-ich-backpulver-ausprobierte-es-funktionierte-wie-von-zauberhand\/","url":"https:\/\/www.strassenweb.de\/nachrichten\/ich-konnte-4-jahre-lang-keine-hartnaeckigen-brandflecken-von-meinem-glasherd-bekommen-bis-ich-backpulver-ausprobierte-es-funktionierte-wie-von-zauberhand\/","name":"Ich konnte 4 Jahre lang keine hartn\u00e4ckigen Brandflecken von meinem Glasherd bekommen, bis ich Backpulver ausprobierte \u2013 es funktionierte wie von Zauberhand - Nachrichten - Stra\u00dfenweb","isPartOf":{"@id":"https:\/\/www.strassenweb.de\/nachrichten\/#website"},"primaryImageOfPage":{"@id":"https:\/\/www.strassenweb.de\/nachrichten\/ich-konnte-4-jahre-lang-keine-hartnaeckigen-brandflecken-von-meinem-glasherd-bekommen-bis-ich-backpulver-ausprobierte-es-funktionierte-wie-von-zauberhand\/#primaryimage"},"image":{"@id":"https:\/\/www.strassenweb.de\/nachrichten\/ich-konnte-4-jahre-lang-keine-hartnaeckigen-brandflecken-von-meinem-glasherd-bekommen-bis-ich-backpulver-ausprobierte-es-funktionierte-wie-von-zauberhand\/#primaryimage"},"thumbnailUrl":"https:\/\/www.strassenweb.de\/nachrichten\/wp-content\/uploads\/2024\/11\/Ich-konnte-4-Jahre-lang-keine-hartnaeckigen-Brandflecken-von-meinem.jpg","datePublished":"2024-11-02T00:55:31+00:00","dateModified":"2024-11-02T00:55:33+00:00","breadcrumb":{"@id":"https:\/\/www.strassenweb.de\/nachrichten\/ich-konnte-4-jahre-lang-keine-hartnaeckigen-brandflecken-von-meinem-glasherd-bekommen-bis-ich-backpulver-ausprobierte-es-funktionierte-wie-von-zauberhand\/#breadcrumb"},"inLanguage":"de","potentialAction":[{"@type":"ReadAction","target":["https:\/\/www.strassenweb.de\/nachrichten\/ich-konnte-4-jahre-lang-keine-hartnaeckigen-brandflecken-von-meinem-glasherd-bekommen-bis-ich-backpulver-ausprobierte-es-funktionierte-wie-von-zauberhand\/"]}]},{"@type":"ImageObject","inLanguage":"de","@id":"https:\/\/www.strassenweb.de\/nachrichten\/ich-konnte-4-jahre-lang-keine-hartnaeckigen-brandflecken-von-meinem-glasherd-bekommen-bis-ich-backpulver-ausprobierte-es-funktionierte-wie-von-zauberhand\/#primaryimage","url":"https:\/\/www.strassenweb.de\/nachrichten\/wp-content\/uploads\/2024\/11\/Ich-konnte-4-Jahre-lang-keine-hartnaeckigen-Brandflecken-von-meinem.jpg","contentUrl":"https:\/\/www.strassenweb.de\/nachrichten\/wp-content\/uploads\/2024\/11\/Ich-konnte-4-Jahre-lang-keine-hartnaeckigen-Brandflecken-von-meinem.jpg","width":1200,"height":675,"caption":"Ich konnte 4 Jahre lang keine hartn\u00e4ckigen Brandflecken von meinem Glasherd bekommen, bis ich Backpulver ausprobierte \u2013 es funktionierte wie von Zauberhand"},{"@type":"BreadcrumbList","@id":"https:\/\/www.strassenweb.de\/nachrichten\/ich-konnte-4-jahre-lang-keine-hartnaeckigen-brandflecken-von-meinem-glasherd-bekommen-bis-ich-backpulver-ausprobierte-es-funktionierte-wie-von-zauberhand\/#breadcrumb","itemListElement":[{"@type":"ListItem","position":1,"name":"Home","item":"https:\/\/www.strassenweb.de\/nachrichten\/"},{"@type":"ListItem","position":2,"name":"Ich konnte 4 Jahre lang keine hartn\u00e4ckigen Brandflecken von meinem Glasherd bekommen, bis ich Backpulver ausprobierte \u2013 es funktionierte wie von Zauberhand"}]},{"@type":"WebSite","@id":"https:\/\/www.strassenweb.de\/nachrichten\/#website","url":"https:\/\/www.strassenweb.de\/nachrichten\/","name":"Stra\u00dfenweb","description":"Stra\u00dfenverzeichnis f\u00fcr Deutschland","publisher":{"@id":"https:\/\/www.strassenweb.de\/nachrichten\/#organization"},"potentialAction":[{"@type":"SearchAction","target":{"@type":"EntryPoint","urlTemplate":"https:\/\/www.strassenweb.de\/nachrichten\/?s={search_term_string}"},"query-input":{"@type":"PropertyValueSpecification","valueRequired":true,"valueName":"search_term_string"}}],"inLanguage":"de"},{"@type":"Organization","@id":"https:\/\/www.strassenweb.de\/nachrichten\/#organization","name":"Stra\u00dfenweb","url":"https:\/\/www.strassenweb.de\/nachrichten\/","logo":{"@type":"ImageObject","inLanguage":"de","@id":"https:\/\/www.strassenweb.de\/nachrichten\/#\/schema\/logo\/image\/","url":"https:\/\/www.strassenweb.de\/nachrichten\/wp-content\/uploads\/2024\/09\/cropped-favicon.png","contentUrl":"https:\/\/www.strassenweb.de\/nachrichten\/wp-content\/uploads\/2024\/09\/cropped-favicon.png","width":512,"height":512,"caption":"Stra\u00dfenweb"},"image":{"@id":"https:\/\/www.strassenweb.de\/nachrichten\/#\/schema\/logo\/image\/"},"sameAs":["https:\/\/www.facebook.com\/strassenweb\/"]},{"@type":"Person","@id":"https:\/\/www.strassenweb.de\/nachrichten\/#\/schema\/person\/87c9c9067f1211da429a744dc5a5aa41","name":"Robert Hoffmann","image":{"@type":"ImageObject","inLanguage":"de","@id":"https:\/\/www.strassenweb.de\/nachrichten\/wp-content\/uploads\/2024\/09\/strassenweb-150x150.jpg","url":"https:\/\/www.strassenweb.de\/nachrichten\/wp-content\/uploads\/2024\/09\/strassenweb-150x150.jpg","contentUrl":"https:\/\/www.strassenweb.de\/nachrichten\/wp-content\/uploads\/2024\/09\/strassenweb-150x150.jpg","caption":"Robert Hoffmann"},"description":"Ich hei\u00dfe Robert Hoffmann und ich bin ein leidenschaftlicher Verfechter von \u00d6kologie und Biodiversit\u00e4t. Seit meiner Kindheit in den W\u00e4ldern Bayerns f\u00fchle ich mich mit der Natur verbunden und bin entschlossen, sie zu sch\u00fctzen. Heute widme ich mein Leben der Sensibilisierung anderer f\u00fcr die Bedeutung des Umweltschutzes f\u00fcr zuk\u00fcnftige Generationen.","sameAs":["https:\/\/www.strassenweb.de\/"]}]}},"_links":{"self":[{"href":"https:\/\/www.strassenweb.de\/nachrichten\/wp-json\/wp\/v2\/posts\/1300","targetHints":{"allow":["GET"]}}],"collection":[{"href":"https:\/\/www.strassenweb.de\/nachrichten\/wp-json\/wp\/v2\/posts"}],"about":[{"href":"https:\/\/www.strassenweb.de\/nachrichten\/wp-json\/wp\/v2\/types\/post"}],"author":[{"embeddable":true,"href":"https:\/\/www.strassenweb.de\/nachrichten\/wp-json\/wp\/v2\/users\/1"}],"replies":[{"embeddable":true,"href":"https:\/\/www.strassenweb.de\/nachrichten\/wp-json\/wp\/v2\/comments?post=1300"}],"version-history":[{"count":0,"href":"https:\/\/www.strassenweb.de\/nachrichten\/wp-json\/wp\/v2\/posts\/1300\/revisions"}],"wp:featuredmedia":[{"embeddable":true,"href":"https:\/\/www.strassenweb.de\/nachrichten\/wp-json\/wp\/v2\/media\/1301"}],"wp:attachment":[{"href":"https:\/\/www.strassenweb.de\/nachrichten\/wp-json\/wp\/v2\/media?parent=1300"}],"wp:term":[{"taxonomy":"category","embeddable":true,"href":"https:\/\/www.strassenweb.de\/nachrichten\/wp-json\/wp\/v2\/categories?post=1300"},{"taxonomy":"post_tag","embeddable":true,"href":"https:\/\/www.strassenweb.de\/nachrichten\/wp-json\/wp\/v2\/tags?post=1300"}],"curies":[{"name":"wp","href":"https:\/\/api.w.org\/{rel}","templated":true}]}}