{"id":1286,"date":"2024-11-01T10:13:50","date_gmt":"2024-11-01T09:13:50","guid":{"rendered":"https:\/\/www.strassenweb.de\/nachrichten\/im-stilvollen-und-dennoch-praktischen-kinderzimmer-von-alexandra-daddario-ihre-salbeigruentoene-und-boucle-accessoires-verwandeln-den-raum-in-einen-zufluchtsort\/"},"modified":"2024-11-01T10:13:51","modified_gmt":"2024-11-01T09:13:51","slug":"im-stilvollen-und-dennoch-praktischen-kinderzimmer-von-alexandra-daddario-ihre-salbeigruentoene-und-boucle-accessoires-verwandeln-den-raum-in-einen-zufluchtsort","status":"publish","type":"post","link":"https:\/\/www.strassenweb.de\/nachrichten\/im-stilvollen-und-dennoch-praktischen-kinderzimmer-von-alexandra-daddario-ihre-salbeigruentoene-und-boucle-accessoires-verwandeln-den-raum-in-einen-zufluchtsort\/","title":{"rendered":"Im stilvollen und dennoch praktischen Kinderzimmer von Alexandra Daddario \u2013 ihre Salbeigr\u00fcnt\u00f6ne und Boucl\u00e9-Accessoires verwandeln den Raum in einen Zufluchtsort"},"content":{"rendered":"<p><\/p>\n<div id=\"article-body\" class=\"article__body \">\n<p>Alexandra Daddario hat in puncto Design eine gro\u00dfe Autorit\u00e4t \u2013 schlie\u00dflich wird nicht jeder nach Dior gefragt. Zuletzt erstreckte sich ihr Einfluss auch auf die Gestaltung von Kinderzimmern, wobei ihr die Expertin Babylist zur Seite stand. Das Ergebnis ist nat\u00fcrlich ebenso praktisch wie schick \u2013 perfekt vorbereitet f\u00fcr das erste Kind der Schauspielerin.<\/p>\n<div id=\"ad-unit-1\" class=\"ad-unit\"><\/div>\n<p>\u201eHier ist ein Blick auf mein kleines Kinderzimmer in New York. Da ich zum ersten Mal Mutter wurde, brauchte ich ALLES, und Babylist und ihre Registrierung machten die Kuratierung eines so besonderen Raums so einfach und reibungslos. \u201eIch hatte Spa\u00df und es hat mir den Stress genommen, das Beste f\u00fcr mein Baby auszuw\u00e4hlen\u201c, teilte Daddario \u00fcber Instagram mit. \u201eVielen Dank an Babylist, dass Sie mir geholfen haben, alles zu bekommen, was ich brauchte, um auf das Baby vorbereitet zu sein!\u201c<\/p>\n<p>Das Kinderzimmer bleibt dem typischen New-York-City-Stil treu und verf\u00fcgt \u00fcber Design-Eigenheiten, die die st\u00e4dtische Postleitzahl zelebrieren \u2013 darunter eine unverputzte Ziegelwand und hohe Fenster mit Blick auf die Stadt. Trotz seiner rohen, industriellen Anmutung hat Daddario jedoch gezielt beruhigende salbeigr\u00fcne Farbe und Boucl\u00e9-Stoffm\u00f6bel eingesetzt, um W\u00e4rme in das erste Zimmer ihres Babys zu bringen.<\/p>\n<div id=\"desktop-in-article\" class=\"in-article ad-unit\">\n<div id=\"desktop-taboola-mid-article\"><\/div>\n<\/div>\n<div id=\"mobile-in-article\" class=\"in-article ad-unit\">\n<div id=\"mobile-taboola-mid-article\"><\/div>\n<\/div>\n<figure class=\"van-image-figure inline-layout \" data-bordeaux-image-check>\n<div class=\"image-full-width-wrapper\">\n<div class=\"image-widthsetter\" style=\"max-width:2000px;\"><\/div>\n<\/div>\n<\/figure>\n<p>Salbeigr\u00fcn geh\u00f6rt seit vier Jahren besonders zu den Lieblingst\u00f6nen der Designer \u2013 gesch\u00e4tzt f\u00fcr seine erdigen, therapeutischen Eigenschaften (und seine Vielseitigkeit, bekannt als \u201eneue Neutralit\u00e4t\u201c). Allerdings wird seine Kraft auch im Jahr 2025 nicht nachlassen, wie Emma Mottram, Designexpertin bei Laufen, mitteilt. Mottram erkl\u00e4rt, dass Salbeigr\u00fcn dem Farbton \u00e4hnelt, der unten auf Daddarios Kinderzimmer-B\u00fccherregal zu sehen ist.<\/p>\n<div class=\"van_vid_carousel\">\n<div class=\"van_vid_carousel__padding\">\n<div class=\"van_vid_carousel__container\"><\/div>\n<\/div>\n<\/div>\n<p>\u201eDieses sanfte, ged\u00e4mpfte Gr\u00fcn sorgt f\u00fcr eine beruhigende, nat\u00fcrliche \u00c4sthetik, die sich nahtlos sowohl in zeitgen\u00f6ssische als auch in traditionelle Designs einf\u00fcgt\u201c, sagt Mottram \u00fcber den Farbtrend, der ihrer Meinung nach unser Design im Jahr 2025 pr\u00e4gen wird.<\/p>\n<div id=\"ad-unit-2\" class=\"ad-unit\"><\/div>\n<figure class=\"van-image-figure inline-layout \" data-bordeaux-image-check>\n<div class=\"image-full-width-wrapper\">\n<div class=\"image-widthsetter\" style=\"max-width:2000px;\"><\/div>\n<\/div>\n<\/figure>\n<p>\u201eSeine beruhigende Wirkung und Vielseitigkeit machen es zur idealen Wahl f\u00fcr diejenigen, die einen ruhigen, stilvollen R\u00fcckzugsort schaffen m\u00f6chten.\u201c Die steigende Beliebtheit von Sage Green ist vor allem auf seine Verbindung zur Natur zur\u00fcckzuf\u00fchren. \u201eDa Hausbesitzer immer mehr Wert auf Wellness und den beruhigenden Einfluss nat\u00fcrlicher Elemente legen, gewinnen ruhige Farben wie Salbeigr\u00fcn an Bedeutung.\u201c<\/p>\n<figure class=\"van-image-figure inline-layout \" data-bordeaux-image-check>\n<div class=\"image-full-width-wrapper\">\n<div class=\"image-widthsetter\" style=\"max-width:2000px;\"><\/div>\n<\/div>\n<\/figure>\n<p>Abgesehen von den Farbt\u00f6nen sorgte Daddario mit einem rostfarbenen Boucl\u00e9-Akzentstuhl f\u00fcr noch mehr W\u00e4rme und Interesse. \u00c4hnlich wie Salbeigr\u00fcn ist Boucl\u00e9 sicherlich kein neuer Trend; Diese gew\u00e4hlte Farbgebung bietet jedoch eine frische Variante des Klassikers. \u201eVor zwei bis drei Jahren w\u00e4re es schwierig gewesen, einen Boucl\u00e9-Sessel oder ein Boucl\u00e9-Sofa zu finden, aber heute gibt es sie in fast jedem Gesch\u00e4ft. Der Unterschied besteht jetzt jedoch darin, dass wir uns von Wei\u00df entfernen. Fr\u00fcher drehte sich alles um den elfenbeinwei\u00dfen Boucl\u00e9. Aber farbiges Boucl\u00e9 wird immer beliebter\u201c, kommentiert Innenarchitektin Kelly Collins.<\/p>\n<div id=\"slice-container-newsletterForm-articleInbodyContent-ED3LXxxwt7vNAfLSTDm4iJ\" class=\"slice-container newsletter-inbodyContent-slice newsletterForm-articleInbodyContent-ED3LXxxwt7vNAfLSTDm4iJ slice-container-newsletterForm\"><\/div>\n<p>Das Ergebnis? Eine zeitgem\u00e4\u00dfe Variante eines bereits modernen Grundnahrungsmittels \u2013 darauf ausgelegt, W\u00e4rme in das st\u00e4dtische Kinderzimmer zu bringen.<\/p>\n<figure class=\"van-image-figure inline-layout \" data-bordeaux-image-check>\n<div class=\"image-full-width-wrapper\">\n<div class=\"image-widthsetter\" style=\"max-width:2000px;\"><\/div>\n<\/div>\n<\/figure>\n<p>Daddario erstellte au\u00dferdem eine Liste mit allen Must-Haves aus dem Babylist Shop, einer Zusammenstellung von von Experten ausgew\u00e4hlten und von echten Eltern getesteten Produkten. Auf ihrer Wunschliste steht alles, was sie sich als frischgebackene Mutter w\u00fcnscht (alles hier verf\u00fcgbar). Wir haben einige wesentliche Elemente aus ihrer Liste aufgelistet (neben einem von ihr inspirierten Stuhl).<em> Das<\/em> Boucl\u00e9-St\u00fcck unten).<\/p>\n<div class=\"product-container hero-product-container product-block-no-wrap\"><\/div>\n<hr>\n<aside class=\"hawk-nest\" data-block-type=\"embed\" data-render-type=\"fte\" data-skip=\"dealsy\" data-widget-type=\"seasonal\">\n<div class=\"hawk-master-widget-hawk-base-wrapper\"><\/div>\n<\/aside>\n<\/div>\n<p><script async src=\"\/\/www.instagram.com\/embed.js\"><\/script><\/p>\n","protected":false},"excerpt":{"rendered":"<p>Alexandra Daddario hat in puncto Design eine gro\u00dfe Autorit\u00e4t \u2013 schlie\u00dflich wird nicht jeder nach Dior gefragt. Zuletzt erstreckte sich ihr Einfluss auch auf die<\/p>\n","protected":false},"author":1,"featured_media":1287,"comment_status":"closed","ping_status":"","sticky":false,"template":"","format":"standard","meta":{"footnotes":""},"categories":[118],"tags":[2421,2424,2422,78,2280,166,225,2420,2419,182,2423,1376,37,1140,21,2425],"class_list":["post-1286","post","type-post","status-publish","format-standard","has-post-thumbnail","hentry","category-haus-garten","tag-alexandra","tag-boucleaccessoires","tag-daddario","tag-den","tag-dennoch","tag-einen","tag-ihre","tag-kinderzimmer","tag-praktischen","tag-raum","tag-salbeigruentoene","tag-stilvollen","tag-und","tag-verwandeln","tag-von","tag-zufluchtsort","generate-columns","tablet-grid-50","mobile-grid-100","grid-parent","grid-50"],"yoast_head":"<!-- This site is optimized with the Yoast SEO plugin v27.3 - https:\/\/yoast.com\/product\/yoast-seo-wordpress\/ -->\n<title>Im stilvollen und dennoch praktischen Kinderzimmer von Alexandra Daddario \u2013 ihre Salbeigr\u00fcnt\u00f6ne und Boucl\u00e9-Accessoires verwandeln den Raum in einen Zufluchtsort - Nachrichten - Stra\u00dfenweb<\/title>\n<meta name=\"robots\" content=\"index, follow, max-snippet:-1, max-image-preview:large, max-video-preview:-1\" \/>\n<link rel=\"canonical\" href=\"https:\/\/www.strassenweb.de\/nachrichten\/im-stilvollen-und-dennoch-praktischen-kinderzimmer-von-alexandra-daddario-ihre-salbeigruentoene-und-boucle-accessoires-verwandeln-den-raum-in-einen-zufluchtsort\/\" \/>\n<meta property=\"og:locale\" content=\"de_DE\" \/>\n<meta property=\"og:type\" content=\"article\" \/>\n<meta property=\"og:title\" content=\"Im stilvollen und dennoch praktischen Kinderzimmer von Alexandra Daddario \u2013 ihre Salbeigr\u00fcnt\u00f6ne und Boucl\u00e9-Accessoires verwandeln den Raum in einen Zufluchtsort - Nachrichten - Stra\u00dfenweb\" \/>\n<meta property=\"og:description\" content=\"Alexandra Daddario hat in puncto Design eine gro\u00dfe Autorit\u00e4t \u2013 schlie\u00dflich wird nicht jeder nach Dior gefragt. Zuletzt erstreckte sich ihr Einfluss auch auf die\" \/>\n<meta property=\"og:url\" content=\"https:\/\/www.strassenweb.de\/nachrichten\/im-stilvollen-und-dennoch-praktischen-kinderzimmer-von-alexandra-daddario-ihre-salbeigruentoene-und-boucle-accessoires-verwandeln-den-raum-in-einen-zufluchtsort\/\" \/>\n<meta property=\"og:site_name\" content=\"Stra\u00dfenweb\" \/>\n<meta property=\"article:publisher\" content=\"https:\/\/www.facebook.com\/strassenweb\/\" \/>\n<meta property=\"article:published_time\" content=\"2024-11-01T09:13:50+00:00\" \/>\n<meta property=\"article:modified_time\" content=\"2024-11-01T09:13:51+00:00\" \/>\n<meta property=\"og:image\" content=\"https:\/\/www.strassenweb.de\/nachrichten\/wp-content\/uploads\/2024\/11\/Im-stilvollen-und-dennoch-praktischen-Kinderzimmer-von-Alexandra-Daddario-\u2013.jpg\" \/>\n\t<meta property=\"og:image:width\" content=\"1200\" \/>\n\t<meta property=\"og:image:height\" content=\"675\" \/>\n\t<meta property=\"og:image:type\" content=\"image\/jpeg\" \/>\n<meta name=\"author\" content=\"Robert Hoffmann\" \/>\n<meta name=\"twitter:card\" content=\"summary_large_image\" \/>\n<meta name=\"twitter:label1\" content=\"Verfasst von\" \/>\n\t<meta name=\"twitter:data1\" content=\"Robert Hoffmann\" \/>\n\t<meta name=\"twitter:label2\" content=\"Gesch\u00e4tzte Lesezeit\" \/>\n\t<meta name=\"twitter:data2\" content=\"3\u00a0Minuten\" \/>\n<script type=\"application\/ld+json\" class=\"yoast-schema-graph\">{\"@context\":\"https:\\\/\\\/schema.org\",\"@graph\":[{\"@type\":\"Article\",\"@id\":\"https:\\\/\\\/www.strassenweb.de\\\/nachrichten\\\/im-stilvollen-und-dennoch-praktischen-kinderzimmer-von-alexandra-daddario-ihre-salbeigruentoene-und-boucle-accessoires-verwandeln-den-raum-in-einen-zufluchtsort\\\/#article\",\"isPartOf\":{\"@id\":\"https:\\\/\\\/www.strassenweb.de\\\/nachrichten\\\/im-stilvollen-und-dennoch-praktischen-kinderzimmer-von-alexandra-daddario-ihre-salbeigruentoene-und-boucle-accessoires-verwandeln-den-raum-in-einen-zufluchtsort\\\/\"},\"author\":{\"name\":\"Robert Hoffmann\",\"@id\":\"https:\\\/\\\/www.strassenweb.de\\\/nachrichten\\\/#\\\/schema\\\/person\\\/87c9c9067f1211da429a744dc5a5aa41\"},\"headline\":\"Im stilvollen und dennoch praktischen Kinderzimmer von Alexandra Daddario \u2013 ihre Salbeigr\u00fcnt\u00f6ne und Boucl\u00e9-Accessoires verwandeln den Raum in einen Zufluchtsort\",\"datePublished\":\"2024-11-01T09:13:50+00:00\",\"dateModified\":\"2024-11-01T09:13:51+00:00\",\"mainEntityOfPage\":{\"@id\":\"https:\\\/\\\/www.strassenweb.de\\\/nachrichten\\\/im-stilvollen-und-dennoch-praktischen-kinderzimmer-von-alexandra-daddario-ihre-salbeigruentoene-und-boucle-accessoires-verwandeln-den-raum-in-einen-zufluchtsort\\\/\"},\"wordCount\":575,\"publisher\":{\"@id\":\"https:\\\/\\\/www.strassenweb.de\\\/nachrichten\\\/#organization\"},\"image\":{\"@id\":\"https:\\\/\\\/www.strassenweb.de\\\/nachrichten\\\/im-stilvollen-und-dennoch-praktischen-kinderzimmer-von-alexandra-daddario-ihre-salbeigruentoene-und-boucle-accessoires-verwandeln-den-raum-in-einen-zufluchtsort\\\/#primaryimage\"},\"thumbnailUrl\":\"https:\\\/\\\/www.strassenweb.de\\\/nachrichten\\\/wp-content\\\/uploads\\\/2024\\\/11\\\/Im-stilvollen-und-dennoch-praktischen-Kinderzimmer-von-Alexandra-Daddario-\u2013.jpg\",\"keywords\":[\"Alexandra\",\"Boucl\u00e9Accessoires\",\"Daddario\",\"den\",\"dennoch\",\"einen\",\"ihre\",\"Kinderzimmer\",\"praktischen\",\"Raum\",\"Salbeigr\u00fcnt\u00f6ne\",\"stilvollen\",\"und\",\"Verwandeln\",\"von\",\"Zufluchtsort\"],\"articleSection\":[\"Haus &amp; Garten\"],\"inLanguage\":\"de\"},{\"@type\":\"WebPage\",\"@id\":\"https:\\\/\\\/www.strassenweb.de\\\/nachrichten\\\/im-stilvollen-und-dennoch-praktischen-kinderzimmer-von-alexandra-daddario-ihre-salbeigruentoene-und-boucle-accessoires-verwandeln-den-raum-in-einen-zufluchtsort\\\/\",\"url\":\"https:\\\/\\\/www.strassenweb.de\\\/nachrichten\\\/im-stilvollen-und-dennoch-praktischen-kinderzimmer-von-alexandra-daddario-ihre-salbeigruentoene-und-boucle-accessoires-verwandeln-den-raum-in-einen-zufluchtsort\\\/\",\"name\":\"Im stilvollen und dennoch praktischen Kinderzimmer von Alexandra Daddario \u2013 ihre Salbeigr\u00fcnt\u00f6ne und Boucl\u00e9-Accessoires verwandeln den Raum in einen Zufluchtsort - Nachrichten - Stra\u00dfenweb\",\"isPartOf\":{\"@id\":\"https:\\\/\\\/www.strassenweb.de\\\/nachrichten\\\/#website\"},\"primaryImageOfPage\":{\"@id\":\"https:\\\/\\\/www.strassenweb.de\\\/nachrichten\\\/im-stilvollen-und-dennoch-praktischen-kinderzimmer-von-alexandra-daddario-ihre-salbeigruentoene-und-boucle-accessoires-verwandeln-den-raum-in-einen-zufluchtsort\\\/#primaryimage\"},\"image\":{\"@id\":\"https:\\\/\\\/www.strassenweb.de\\\/nachrichten\\\/im-stilvollen-und-dennoch-praktischen-kinderzimmer-von-alexandra-daddario-ihre-salbeigruentoene-und-boucle-accessoires-verwandeln-den-raum-in-einen-zufluchtsort\\\/#primaryimage\"},\"thumbnailUrl\":\"https:\\\/\\\/www.strassenweb.de\\\/nachrichten\\\/wp-content\\\/uploads\\\/2024\\\/11\\\/Im-stilvollen-und-dennoch-praktischen-Kinderzimmer-von-Alexandra-Daddario-\u2013.jpg\",\"datePublished\":\"2024-11-01T09:13:50+00:00\",\"dateModified\":\"2024-11-01T09:13:51+00:00\",\"breadcrumb\":{\"@id\":\"https:\\\/\\\/www.strassenweb.de\\\/nachrichten\\\/im-stilvollen-und-dennoch-praktischen-kinderzimmer-von-alexandra-daddario-ihre-salbeigruentoene-und-boucle-accessoires-verwandeln-den-raum-in-einen-zufluchtsort\\\/#breadcrumb\"},\"inLanguage\":\"de\",\"potentialAction\":[{\"@type\":\"ReadAction\",\"target\":[\"https:\\\/\\\/www.strassenweb.de\\\/nachrichten\\\/im-stilvollen-und-dennoch-praktischen-kinderzimmer-von-alexandra-daddario-ihre-salbeigruentoene-und-boucle-accessoires-verwandeln-den-raum-in-einen-zufluchtsort\\\/\"]}]},{\"@type\":\"ImageObject\",\"inLanguage\":\"de\",\"@id\":\"https:\\\/\\\/www.strassenweb.de\\\/nachrichten\\\/im-stilvollen-und-dennoch-praktischen-kinderzimmer-von-alexandra-daddario-ihre-salbeigruentoene-und-boucle-accessoires-verwandeln-den-raum-in-einen-zufluchtsort\\\/#primaryimage\",\"url\":\"https:\\\/\\\/www.strassenweb.de\\\/nachrichten\\\/wp-content\\\/uploads\\\/2024\\\/11\\\/Im-stilvollen-und-dennoch-praktischen-Kinderzimmer-von-Alexandra-Daddario-\u2013.jpg\",\"contentUrl\":\"https:\\\/\\\/www.strassenweb.de\\\/nachrichten\\\/wp-content\\\/uploads\\\/2024\\\/11\\\/Im-stilvollen-und-dennoch-praktischen-Kinderzimmer-von-Alexandra-Daddario-\u2013.jpg\",\"width\":1200,\"height\":675,\"caption\":\"Im stilvollen und dennoch praktischen Kinderzimmer von Alexandra Daddario \u2013 ihre Salbeigr\u00fcnt\u00f6ne und Boucl\u00e9-Accessoires verwandeln den Raum in einen Zufluchtsort\"},{\"@type\":\"BreadcrumbList\",\"@id\":\"https:\\\/\\\/www.strassenweb.de\\\/nachrichten\\\/im-stilvollen-und-dennoch-praktischen-kinderzimmer-von-alexandra-daddario-ihre-salbeigruentoene-und-boucle-accessoires-verwandeln-den-raum-in-einen-zufluchtsort\\\/#breadcrumb\",\"itemListElement\":[{\"@type\":\"ListItem\",\"position\":1,\"name\":\"Home\",\"item\":\"https:\\\/\\\/www.strassenweb.de\\\/nachrichten\\\/\"},{\"@type\":\"ListItem\",\"position\":2,\"name\":\"Im stilvollen und dennoch praktischen Kinderzimmer von Alexandra Daddario \u2013 ihre Salbeigr\u00fcnt\u00f6ne und Boucl\u00e9-Accessoires verwandeln den Raum in einen Zufluchtsort\"}]},{\"@type\":\"WebSite\",\"@id\":\"https:\\\/\\\/www.strassenweb.de\\\/nachrichten\\\/#website\",\"url\":\"https:\\\/\\\/www.strassenweb.de\\\/nachrichten\\\/\",\"name\":\"Stra\u00dfenweb\",\"description\":\"Stra\u00dfenverzeichnis f\u00fcr Deutschland\",\"publisher\":{\"@id\":\"https:\\\/\\\/www.strassenweb.de\\\/nachrichten\\\/#organization\"},\"potentialAction\":[{\"@type\":\"SearchAction\",\"target\":{\"@type\":\"EntryPoint\",\"urlTemplate\":\"https:\\\/\\\/www.strassenweb.de\\\/nachrichten\\\/?s={search_term_string}\"},\"query-input\":{\"@type\":\"PropertyValueSpecification\",\"valueRequired\":true,\"valueName\":\"search_term_string\"}}],\"inLanguage\":\"de\"},{\"@type\":\"Organization\",\"@id\":\"https:\\\/\\\/www.strassenweb.de\\\/nachrichten\\\/#organization\",\"name\":\"Stra\u00dfenweb\",\"url\":\"https:\\\/\\\/www.strassenweb.de\\\/nachrichten\\\/\",\"logo\":{\"@type\":\"ImageObject\",\"inLanguage\":\"de\",\"@id\":\"https:\\\/\\\/www.strassenweb.de\\\/nachrichten\\\/#\\\/schema\\\/logo\\\/image\\\/\",\"url\":\"https:\\\/\\\/www.strassenweb.de\\\/nachrichten\\\/wp-content\\\/uploads\\\/2024\\\/09\\\/cropped-favicon.png\",\"contentUrl\":\"https:\\\/\\\/www.strassenweb.de\\\/nachrichten\\\/wp-content\\\/uploads\\\/2024\\\/09\\\/cropped-favicon.png\",\"width\":512,\"height\":512,\"caption\":\"Stra\u00dfenweb\"},\"image\":{\"@id\":\"https:\\\/\\\/www.strassenweb.de\\\/nachrichten\\\/#\\\/schema\\\/logo\\\/image\\\/\"},\"sameAs\":[\"https:\\\/\\\/www.facebook.com\\\/strassenweb\\\/\"]},{\"@type\":\"Person\",\"@id\":\"https:\\\/\\\/www.strassenweb.de\\\/nachrichten\\\/#\\\/schema\\\/person\\\/87c9c9067f1211da429a744dc5a5aa41\",\"name\":\"Robert Hoffmann\",\"image\":{\"@type\":\"ImageObject\",\"inLanguage\":\"de\",\"@id\":\"https:\\\/\\\/www.strassenweb.de\\\/nachrichten\\\/wp-content\\\/uploads\\\/2024\\\/09\\\/strassenweb-150x150.jpg\",\"url\":\"https:\\\/\\\/www.strassenweb.de\\\/nachrichten\\\/wp-content\\\/uploads\\\/2024\\\/09\\\/strassenweb-150x150.jpg\",\"contentUrl\":\"https:\\\/\\\/www.strassenweb.de\\\/nachrichten\\\/wp-content\\\/uploads\\\/2024\\\/09\\\/strassenweb-150x150.jpg\",\"caption\":\"Robert Hoffmann\"},\"description\":\"Ich hei\u00dfe Robert Hoffmann und ich bin ein leidenschaftlicher Verfechter von \u00d6kologie und Biodiversit\u00e4t. Seit meiner Kindheit in den W\u00e4ldern Bayerns f\u00fchle ich mich mit der Natur verbunden und bin entschlossen, sie zu sch\u00fctzen. Heute widme ich mein Leben der Sensibilisierung anderer f\u00fcr die Bedeutung des Umweltschutzes f\u00fcr zuk\u00fcnftige Generationen.\",\"sameAs\":[\"https:\\\/\\\/www.strassenweb.de\\\/\"]}]}<\/script>\n<!-- \/ Yoast SEO plugin. -->","yoast_head_json":{"title":"Im stilvollen und dennoch praktischen Kinderzimmer von Alexandra Daddario \u2013 ihre Salbeigr\u00fcnt\u00f6ne und Boucl\u00e9-Accessoires verwandeln den Raum in einen Zufluchtsort - Nachrichten - Stra\u00dfenweb","robots":{"index":"index","follow":"follow","max-snippet":"max-snippet:-1","max-image-preview":"max-image-preview:large","max-video-preview":"max-video-preview:-1"},"canonical":"https:\/\/www.strassenweb.de\/nachrichten\/im-stilvollen-und-dennoch-praktischen-kinderzimmer-von-alexandra-daddario-ihre-salbeigruentoene-und-boucle-accessoires-verwandeln-den-raum-in-einen-zufluchtsort\/","og_locale":"de_DE","og_type":"article","og_title":"Im stilvollen und dennoch praktischen Kinderzimmer von Alexandra Daddario \u2013 ihre Salbeigr\u00fcnt\u00f6ne und Boucl\u00e9-Accessoires verwandeln den Raum in einen Zufluchtsort - Nachrichten - Stra\u00dfenweb","og_description":"Alexandra Daddario hat in puncto Design eine gro\u00dfe Autorit\u00e4t \u2013 schlie\u00dflich wird nicht jeder nach Dior gefragt. Zuletzt erstreckte sich ihr Einfluss auch auf die","og_url":"https:\/\/www.strassenweb.de\/nachrichten\/im-stilvollen-und-dennoch-praktischen-kinderzimmer-von-alexandra-daddario-ihre-salbeigruentoene-und-boucle-accessoires-verwandeln-den-raum-in-einen-zufluchtsort\/","og_site_name":"Stra\u00dfenweb","article_publisher":"https:\/\/www.facebook.com\/strassenweb\/","article_published_time":"2024-11-01T09:13:50+00:00","article_modified_time":"2024-11-01T09:13:51+00:00","og_image":[{"width":1200,"height":675,"url":"https:\/\/www.strassenweb.de\/nachrichten\/wp-content\/uploads\/2024\/11\/Im-stilvollen-und-dennoch-praktischen-Kinderzimmer-von-Alexandra-Daddario-\u2013.jpg","type":"image\/jpeg"}],"author":"Robert Hoffmann","twitter_card":"summary_large_image","twitter_misc":{"Verfasst von":"Robert Hoffmann","Gesch\u00e4tzte Lesezeit":"3\u00a0Minuten"},"schema":{"@context":"https:\/\/schema.org","@graph":[{"@type":"Article","@id":"https:\/\/www.strassenweb.de\/nachrichten\/im-stilvollen-und-dennoch-praktischen-kinderzimmer-von-alexandra-daddario-ihre-salbeigruentoene-und-boucle-accessoires-verwandeln-den-raum-in-einen-zufluchtsort\/#article","isPartOf":{"@id":"https:\/\/www.strassenweb.de\/nachrichten\/im-stilvollen-und-dennoch-praktischen-kinderzimmer-von-alexandra-daddario-ihre-salbeigruentoene-und-boucle-accessoires-verwandeln-den-raum-in-einen-zufluchtsort\/"},"author":{"name":"Robert Hoffmann","@id":"https:\/\/www.strassenweb.de\/nachrichten\/#\/schema\/person\/87c9c9067f1211da429a744dc5a5aa41"},"headline":"Im stilvollen und dennoch praktischen Kinderzimmer von Alexandra Daddario \u2013 ihre Salbeigr\u00fcnt\u00f6ne und Boucl\u00e9-Accessoires verwandeln den Raum in einen Zufluchtsort","datePublished":"2024-11-01T09:13:50+00:00","dateModified":"2024-11-01T09:13:51+00:00","mainEntityOfPage":{"@id":"https:\/\/www.strassenweb.de\/nachrichten\/im-stilvollen-und-dennoch-praktischen-kinderzimmer-von-alexandra-daddario-ihre-salbeigruentoene-und-boucle-accessoires-verwandeln-den-raum-in-einen-zufluchtsort\/"},"wordCount":575,"publisher":{"@id":"https:\/\/www.strassenweb.de\/nachrichten\/#organization"},"image":{"@id":"https:\/\/www.strassenweb.de\/nachrichten\/im-stilvollen-und-dennoch-praktischen-kinderzimmer-von-alexandra-daddario-ihre-salbeigruentoene-und-boucle-accessoires-verwandeln-den-raum-in-einen-zufluchtsort\/#primaryimage"},"thumbnailUrl":"https:\/\/www.strassenweb.de\/nachrichten\/wp-content\/uploads\/2024\/11\/Im-stilvollen-und-dennoch-praktischen-Kinderzimmer-von-Alexandra-Daddario-\u2013.jpg","keywords":["Alexandra","Boucl\u00e9Accessoires","Daddario","den","dennoch","einen","ihre","Kinderzimmer","praktischen","Raum","Salbeigr\u00fcnt\u00f6ne","stilvollen","und","Verwandeln","von","Zufluchtsort"],"articleSection":["Haus &amp; Garten"],"inLanguage":"de"},{"@type":"WebPage","@id":"https:\/\/www.strassenweb.de\/nachrichten\/im-stilvollen-und-dennoch-praktischen-kinderzimmer-von-alexandra-daddario-ihre-salbeigruentoene-und-boucle-accessoires-verwandeln-den-raum-in-einen-zufluchtsort\/","url":"https:\/\/www.strassenweb.de\/nachrichten\/im-stilvollen-und-dennoch-praktischen-kinderzimmer-von-alexandra-daddario-ihre-salbeigruentoene-und-boucle-accessoires-verwandeln-den-raum-in-einen-zufluchtsort\/","name":"Im stilvollen und dennoch praktischen Kinderzimmer von Alexandra Daddario \u2013 ihre Salbeigr\u00fcnt\u00f6ne und Boucl\u00e9-Accessoires verwandeln den Raum in einen Zufluchtsort - Nachrichten - Stra\u00dfenweb","isPartOf":{"@id":"https:\/\/www.strassenweb.de\/nachrichten\/#website"},"primaryImageOfPage":{"@id":"https:\/\/www.strassenweb.de\/nachrichten\/im-stilvollen-und-dennoch-praktischen-kinderzimmer-von-alexandra-daddario-ihre-salbeigruentoene-und-boucle-accessoires-verwandeln-den-raum-in-einen-zufluchtsort\/#primaryimage"},"image":{"@id":"https:\/\/www.strassenweb.de\/nachrichten\/im-stilvollen-und-dennoch-praktischen-kinderzimmer-von-alexandra-daddario-ihre-salbeigruentoene-und-boucle-accessoires-verwandeln-den-raum-in-einen-zufluchtsort\/#primaryimage"},"thumbnailUrl":"https:\/\/www.strassenweb.de\/nachrichten\/wp-content\/uploads\/2024\/11\/Im-stilvollen-und-dennoch-praktischen-Kinderzimmer-von-Alexandra-Daddario-\u2013.jpg","datePublished":"2024-11-01T09:13:50+00:00","dateModified":"2024-11-01T09:13:51+00:00","breadcrumb":{"@id":"https:\/\/www.strassenweb.de\/nachrichten\/im-stilvollen-und-dennoch-praktischen-kinderzimmer-von-alexandra-daddario-ihre-salbeigruentoene-und-boucle-accessoires-verwandeln-den-raum-in-einen-zufluchtsort\/#breadcrumb"},"inLanguage":"de","potentialAction":[{"@type":"ReadAction","target":["https:\/\/www.strassenweb.de\/nachrichten\/im-stilvollen-und-dennoch-praktischen-kinderzimmer-von-alexandra-daddario-ihre-salbeigruentoene-und-boucle-accessoires-verwandeln-den-raum-in-einen-zufluchtsort\/"]}]},{"@type":"ImageObject","inLanguage":"de","@id":"https:\/\/www.strassenweb.de\/nachrichten\/im-stilvollen-und-dennoch-praktischen-kinderzimmer-von-alexandra-daddario-ihre-salbeigruentoene-und-boucle-accessoires-verwandeln-den-raum-in-einen-zufluchtsort\/#primaryimage","url":"https:\/\/www.strassenweb.de\/nachrichten\/wp-content\/uploads\/2024\/11\/Im-stilvollen-und-dennoch-praktischen-Kinderzimmer-von-Alexandra-Daddario-\u2013.jpg","contentUrl":"https:\/\/www.strassenweb.de\/nachrichten\/wp-content\/uploads\/2024\/11\/Im-stilvollen-und-dennoch-praktischen-Kinderzimmer-von-Alexandra-Daddario-\u2013.jpg","width":1200,"height":675,"caption":"Im stilvollen und dennoch praktischen Kinderzimmer von Alexandra Daddario \u2013 ihre Salbeigr\u00fcnt\u00f6ne und Boucl\u00e9-Accessoires verwandeln den Raum in einen Zufluchtsort"},{"@type":"BreadcrumbList","@id":"https:\/\/www.strassenweb.de\/nachrichten\/im-stilvollen-und-dennoch-praktischen-kinderzimmer-von-alexandra-daddario-ihre-salbeigruentoene-und-boucle-accessoires-verwandeln-den-raum-in-einen-zufluchtsort\/#breadcrumb","itemListElement":[{"@type":"ListItem","position":1,"name":"Home","item":"https:\/\/www.strassenweb.de\/nachrichten\/"},{"@type":"ListItem","position":2,"name":"Im stilvollen und dennoch praktischen Kinderzimmer von Alexandra Daddario \u2013 ihre Salbeigr\u00fcnt\u00f6ne und Boucl\u00e9-Accessoires verwandeln den Raum in einen Zufluchtsort"}]},{"@type":"WebSite","@id":"https:\/\/www.strassenweb.de\/nachrichten\/#website","url":"https:\/\/www.strassenweb.de\/nachrichten\/","name":"Stra\u00dfenweb","description":"Stra\u00dfenverzeichnis f\u00fcr Deutschland","publisher":{"@id":"https:\/\/www.strassenweb.de\/nachrichten\/#organization"},"potentialAction":[{"@type":"SearchAction","target":{"@type":"EntryPoint","urlTemplate":"https:\/\/www.strassenweb.de\/nachrichten\/?s={search_term_string}"},"query-input":{"@type":"PropertyValueSpecification","valueRequired":true,"valueName":"search_term_string"}}],"inLanguage":"de"},{"@type":"Organization","@id":"https:\/\/www.strassenweb.de\/nachrichten\/#organization","name":"Stra\u00dfenweb","url":"https:\/\/www.strassenweb.de\/nachrichten\/","logo":{"@type":"ImageObject","inLanguage":"de","@id":"https:\/\/www.strassenweb.de\/nachrichten\/#\/schema\/logo\/image\/","url":"https:\/\/www.strassenweb.de\/nachrichten\/wp-content\/uploads\/2024\/09\/cropped-favicon.png","contentUrl":"https:\/\/www.strassenweb.de\/nachrichten\/wp-content\/uploads\/2024\/09\/cropped-favicon.png","width":512,"height":512,"caption":"Stra\u00dfenweb"},"image":{"@id":"https:\/\/www.strassenweb.de\/nachrichten\/#\/schema\/logo\/image\/"},"sameAs":["https:\/\/www.facebook.com\/strassenweb\/"]},{"@type":"Person","@id":"https:\/\/www.strassenweb.de\/nachrichten\/#\/schema\/person\/87c9c9067f1211da429a744dc5a5aa41","name":"Robert Hoffmann","image":{"@type":"ImageObject","inLanguage":"de","@id":"https:\/\/www.strassenweb.de\/nachrichten\/wp-content\/uploads\/2024\/09\/strassenweb-150x150.jpg","url":"https:\/\/www.strassenweb.de\/nachrichten\/wp-content\/uploads\/2024\/09\/strassenweb-150x150.jpg","contentUrl":"https:\/\/www.strassenweb.de\/nachrichten\/wp-content\/uploads\/2024\/09\/strassenweb-150x150.jpg","caption":"Robert Hoffmann"},"description":"Ich hei\u00dfe Robert Hoffmann und ich bin ein leidenschaftlicher Verfechter von \u00d6kologie und Biodiversit\u00e4t. Seit meiner Kindheit in den W\u00e4ldern Bayerns f\u00fchle ich mich mit der Natur verbunden und bin entschlossen, sie zu sch\u00fctzen. Heute widme ich mein Leben der Sensibilisierung anderer f\u00fcr die Bedeutung des Umweltschutzes f\u00fcr zuk\u00fcnftige Generationen.","sameAs":["https:\/\/www.strassenweb.de\/"]}]}},"_links":{"self":[{"href":"https:\/\/www.strassenweb.de\/nachrichten\/wp-json\/wp\/v2\/posts\/1286","targetHints":{"allow":["GET"]}}],"collection":[{"href":"https:\/\/www.strassenweb.de\/nachrichten\/wp-json\/wp\/v2\/posts"}],"about":[{"href":"https:\/\/www.strassenweb.de\/nachrichten\/wp-json\/wp\/v2\/types\/post"}],"author":[{"embeddable":true,"href":"https:\/\/www.strassenweb.de\/nachrichten\/wp-json\/wp\/v2\/users\/1"}],"replies":[{"embeddable":true,"href":"https:\/\/www.strassenweb.de\/nachrichten\/wp-json\/wp\/v2\/comments?post=1286"}],"version-history":[{"count":0,"href":"https:\/\/www.strassenweb.de\/nachrichten\/wp-json\/wp\/v2\/posts\/1286\/revisions"}],"wp:featuredmedia":[{"embeddable":true,"href":"https:\/\/www.strassenweb.de\/nachrichten\/wp-json\/wp\/v2\/media\/1287"}],"wp:attachment":[{"href":"https:\/\/www.strassenweb.de\/nachrichten\/wp-json\/wp\/v2\/media?parent=1286"}],"wp:term":[{"taxonomy":"category","embeddable":true,"href":"https:\/\/www.strassenweb.de\/nachrichten\/wp-json\/wp\/v2\/categories?post=1286"},{"taxonomy":"post_tag","embeddable":true,"href":"https:\/\/www.strassenweb.de\/nachrichten\/wp-json\/wp\/v2\/tags?post=1286"}],"curies":[{"name":"wp","href":"https:\/\/api.w.org\/{rel}","templated":true}]}}