{"id":1257,"date":"2024-10-31T12:41:31","date_gmt":"2024-10-31T11:41:31","guid":{"rendered":"https:\/\/www.strassenweb.de\/nachrichten\/warum-ich-meine-waende-nicht-streiche-6-alternative-moeglichkeiten-wie-ich-stattdessen-farbe-in-mein-zuhause-bringe\/"},"modified":"2024-10-31T12:41:32","modified_gmt":"2024-10-31T11:41:32","slug":"warum-ich-meine-waende-nicht-streiche-6-alternative-moeglichkeiten-wie-ich-stattdessen-farbe-in-mein-zuhause-bringe","status":"publish","type":"post","link":"https:\/\/www.strassenweb.de\/nachrichten\/warum-ich-meine-waende-nicht-streiche-6-alternative-moeglichkeiten-wie-ich-stattdessen-farbe-in-mein-zuhause-bringe\/","title":{"rendered":"Warum ich meine W\u00e4nde nicht streiche \u2013 6 alternative M\u00f6glichkeiten, wie ich stattdessen Farbe in mein Zuhause bringe"},"content":{"rendered":"<p><\/p>\n<div id=\"article-body\" class=\"article__body \">\n<p>Ich renoviere gerade mein Haus und jetzt haben wir es geschafft <em>Endlich <\/em>Wenn ich in der Phase der Farbauswahl des Projekts ankomme, f\u00fchle ich mich ziemlich entscheidungsm\u00fcde.<\/p>\n<div id=\"ad-unit-1\" class=\"ad-unit\"><\/div>\n<p>W\u00e4hrend es also ein paar R\u00e4ume gibt, in denen ich auf Farbe setze und fl\u00fcsterndes Blau f\u00fcr mein Wohnzimmer und Buttergelb f\u00fcr die K\u00fcche w\u00e4hle, habe ich mich f\u00fcr einige R\u00e4ume entschieden, einfach mit Wei\u00df zu dekorieren. Und ja, diese Entscheidung ist sicherlich ein wenig von Faulheit gepr\u00e4gt, aber ich freue mich tats\u00e4chlich darauf, mich auf die einfache, pure Sch\u00f6nheit wei\u00dfer Raumideen einzulassen.<\/p>\n<p>Hier sind die 6 alternativen \u2013 und etwas unerwarteten \u2013 M\u00f6glichkeiten, wie ich meinem Zuhause Farbe verleihen kann, ohne die W\u00e4nde zu streichen. Denn manchmal ist ganz in Wei\u00df wirklich in Ordnung.<\/p>\n<div id=\"desktop-in-article\" class=\"in-article ad-unit\">\n<div id=\"desktop-taboola-mid-article\"><\/div>\n<\/div>\n<div id=\"mobile-in-article\" class=\"in-article ad-unit\">\n<div id=\"mobile-taboola-mid-article\"><\/div>\n<\/div>\n<figure class=\"van-image-figure inline-layout \" data-bordeaux-image-check>\n<div class=\"image-full-width-wrapper\">\n<div class=\"image-widthsetter\" style=\"max-width:2400px;\"><\/div>\n<\/div>\n<\/figure>\n<p>Es ist schon komisch, dass wei\u00dfe W\u00e4nde oft einen schlechten Ruf bekommen? Ein ganz in Wei\u00df gehaltener Raum, der normalerweise f\u00fcr Neubauten oder Mietwohnungen reserviert ist, ist etwas, das Innenarchitekten in der Regel unbedingt in die H\u00e4nde bekommen und mit satten Farbt\u00f6nen \u00fcberfluten m\u00f6chten.<\/p>\n<div class=\"van_vid_carousel\">\n<div class=\"van_vid_carousel__padding\">\n<div class=\"van_vid_carousel__container\"><\/div>\n<\/div>\n<\/div>\n<aside class=\"hawk-nest\" data-block-type=\"embed\" data-render-type=\"fte\" data-skip=\"dealsy\" data-widget-type=\"seasonal\">\n<div class=\"hawk-master-widget-hawk-base-wrapper\"><\/div>\n<\/aside>\n<p>Aber ich denke, es ist h\u00f6chste Zeit, dass wir der wei\u00dfen Farbe die Aufmerksamkeit schenken, die sie verdient. Ruhig, zur\u00fcckhaltend und kombinierbar \u2013 wei\u00dfe W\u00e4nde sind wie eine leere Leinwand, die geradezu danach schreit, Ihrer Einrichtung einen wilden Hauch von Druck, Textur und Farbe zu verleihen.<\/p>\n<div id=\"ad-unit-2\" class=\"ad-unit\"><\/div>\n<p>Farbe in Ihr Zuhause zu bringen, kann sich wie eine gro\u00dfe Verpflichtung anf\u00fchlen, insbesondere wenn es darum geht, W\u00e4nde zu streichen. Von klassischen Wanddekorationsideen bis hin zu etwas unerwarteteren Raumfarbideen \u2013 hier sind die alternativen M\u00f6glichkeiten, wie ich meinem Zuhause stattdessen Farbe verleihe. Einige sind etwas dauerhafter und andere k\u00f6nnen als Inspiration f\u00fcr die Dekoration eines Mietraums verwendet werden, ohne sich auf gestrichene W\u00e4nde festlegen zu m\u00fcssen.<\/p>\n<h3 class=\"article-body__section\" id=\"section-1-oversized-art-and-tapestries\"><span>1. \u00dcbergro\u00dfe Kunst und Wandteppiche<\/span><\/h3>\n<figure class=\"van-image-figure inline-layout \" data-bordeaux-image-check>\n<div class=\"image-full-width-wrapper\">\n<div class=\"image-widthsetter\" style=\"max-width:2000px;\"><\/div>\n<\/div>\n<\/figure>\n<p>Um den W\u00e4nden Farbe zu verleihen, muss man nicht unbedingt einen Pinsel in die Hand nehmen. Es gibt so viele M\u00f6glichkeiten zu experimentieren und herauszufinden, was sich richtig anf\u00fchlt, ohne sich in ein gro\u00dfes Malprojekt zu st\u00fcrzen. Da ich meine W\u00e4nde nat\u00fcrlich nicht ganz leer lassen m\u00f6chte, suche ich nach \u00fcbergro\u00dfen Kunstwerken, mit denen ich in meinen R\u00e4umen eine gro\u00dfe Wirkung erzielen kann.<\/p>\n<p>Ich bin kein gro\u00dfer Fan von Galeriew\u00e4nden, einfach weil es schwierig ist, sie wirklich richtig hinzubekommen. Wenn ich also in gro\u00dfformatige St\u00fccke investiere, kann ich schnell eine leere Wand f\u00fcllen, ohne nach 10 bis 20 kleineren St\u00fccken suchen zu m\u00fcssen.<\/p>\n<p>Vintage-Kunst und Wandteppiche stehen derzeit auf meiner Wunschliste. Das Dekorieren mit Kunst kann ein teures Unterfangen sein, daher sind Secondhand-L\u00e4den und Antiquit\u00e4tenm\u00e4rkte meine bevorzugte Anlaufstelle, um einzigartige und vielseitige St\u00fccke zu einem g\u00fcnstigeren Preis zu finden.<\/p>\n<h3 class=\"article-body__section\" id=\"section-2-a-statement-headboard\"><span>2. Ein Statement-Kopfteil<\/span><\/h3>\n<figure class=\"van-image-figure inline-layout \" data-bordeaux-image-check>\n<div class=\"image-full-width-wrapper\">\n<div class=\"image-widthsetter\" style=\"max-width:2400px;\"><\/div>\n<\/div>\n<\/figure>\n<p>In meinem Hauptschlafzimmer halte ich die W\u00e4nde in einem wirklich hellen Wei\u00df mit rosa Untert\u00f6nen (ich habe nicht gesagt, dass es strahlend wei\u00df sein muss!) und werde ein auff\u00e4lliges gepolstertes Kopfteil verwenden, um dem Raum den Wow-Faktor zu verleihen.<\/p>\n<p>Das Bett ist der Anker des Zimmers. Anstatt mich f\u00fcr ein traditionelles Holzbettgestell oder ein Vintage-Schmiedeeisen zu entscheiden, lasse ich mich von diesem von Vaughan Design &#038; Development entworfenen Schlafzimmer inspirieren und f\u00fcge eine Farbkombination aus Blau und Rot in meinen Schlafraum ein .<\/p>\n<p>Mit einem Kopfteil k\u00f6nnen Sie der Wand auf nicht dauerhafte Weise Farbe, Muster und Textur hinzuf\u00fcgen, um dem Raum Gem\u00fctlichkeit zu verleihen. Gepolsterte Kopfteile kommen hier besonders gut zur Geltung, insbesondere wenn Sie edle Stoffe wie Samt oder lebhaft gemusterte Bettw\u00e4sche verwenden. F\u00fcr diejenigen, die einen dezenteren Look bevorzugen, kann ein ged\u00e4mpfter, aber strukturierter Stoff wie Boucl\u00e9 dennoch Interesse wecken, ohne die Weichheit des Raumes zu \u00fcbert\u00f6nen.<\/p>\n<h3 class=\"article-body__section\" id=\"section-3-painted-woodwork-and-cabinetry\"><span>3. Bemalte Holzarbeiten und M\u00f6bel<\/span><\/h3>\n<figure class=\"van-image-figure inline-layout \" data-bordeaux-image-check>\n<div class=\"image-full-width-wrapper\">\n<div class=\"image-widthsetter\" style=\"max-width:2000px;\"><\/div>\n<\/div>\n<\/figure>\n<p>Wenn du <em>tat<\/em> Wenn Sie einen kleinen und konzentrierten Pinsel in die Hand nehmen m\u00f6chten, wird das Streichen von Holzarbeiten oder M\u00f6belst\u00fccken in einem Raum sofort das Erscheinungsbild und die Atmosph\u00e4re des gesamten Raums ver\u00e4ndern. Ich habe mich entschieden, die Kleiderschr\u00e4nke in meinem Schlafzimmer und die Schr\u00e4nke in meinem Wohnzimmer zu streichen, um einen Farbtupfer hinzuzuf\u00fcgen.<\/p>\n<p>Dabei kann es sich einfach um Holzarbeiten handeln \u2013 einschlie\u00dflich Fu\u00dfleisten, Zierleisten oder Verzierungen, die einen Raum einrahmen \u2013 oder um gr\u00f6\u00dfere Gegenst\u00e4nde wie bemalte K\u00fcchenschr\u00e4nke, Staur\u00e4ume im Wohnzimmer oder Schuhabstellschr\u00e4nke, wie in dem oben von Studio Duggan entworfenen Haus in London.<\/p>\n<p>Lackierte M\u00f6bel und Verkleidungen lassen sich leicht aktualisieren, sodass Sie ohne gro\u00dfen Aufwand mit Farbtrends experimentieren k\u00f6nnen. Sie geben Ihnen die volle Kontrolle \u00fcber die Stimmung Ihres Raumes, ohne die Dauerhaftigkeit einer kompletten Wandbehandlung.<\/p>\n<h3 class=\"article-body__section\" id=\"section-4-floor-to-ceiling-drapery\"><span>4. Vom Boden bis zur Decke reichende Vorh\u00e4nge<\/span><\/h3>\n<figure class=\"van-image-figure inline-layout \" data-bordeaux-image-check>\n<div class=\"image-full-width-wrapper\">\n<div class=\"image-widthsetter\" style=\"max-width:2000px;\"><\/div>\n<\/div>\n<\/figure>\n<p>Elegante, vom Boden bis zur Decke reichende Vorh\u00e4nge k\u00f6nnen ganz von selbst eine farbige Wand schaffen, ohne dass Farbe erforderlich ist.<\/p>\n<p>Und sie haben transformative Kraft. Lange Vorh\u00e4nge k\u00f6nnen einen kleinen Raum gr\u00f6\u00dfer wirken lassen und einen gro\u00dfen Raum intimer wirken lassen. Die Entscheidung f\u00fcr Vorh\u00e4nge in kr\u00e4ftigen Farbt\u00f6nen oder kr\u00e4ftigen Mustern verleiht dem Raum Pers\u00f6nlichkeit und ver\u00e4ndert die Atmosph\u00e4re.<\/p>\n<p>Die Vielseitigkeit raumhoher Fensterdekorationen erm\u00f6glicht es Ihnen auch, die Farbgebung eines Raumes einfach und relativ kosteng\u00fcnstig zu \u00e4ndern. Wenn Sie beispielsweise die Vorh\u00e4nge saisonal austauschen, k\u00f6nnen Sie im Winter mit tiefen, gem\u00fctlichen Farben wie Burgund oder Waldgr\u00fcn f\u00fcr W\u00e4rme sorgen oder in den w\u00e4rmeren Monaten mit hellen, transparenten Stoffen wie nat\u00fcrlichem Leinen f\u00fcr eine luftigere Atmosph\u00e4re sorgen.<\/p>\n<h3 class=\"article-body__section\" id=\"section-5-unexpected-tile\"><span>5. Unerwartete Kachel<\/span><\/h3>\n<figure class=\"van-image-figure inline-layout \" data-bordeaux-image-check>\n<div class=\"image-full-width-wrapper\">\n<div class=\"image-widthsetter\" style=\"max-width:2000px;\"><\/div>\n<\/div>\n<\/figure>\n<p>Fliesen bieten eine langlebige, waschbare und endlos anpassbare M\u00f6glichkeit, Farbe einzubringen. Bei so vielen Optionen an Mustern, Oberfl\u00e4chen und Farbt\u00f6nen gibt es so viele unerwartete M\u00f6glichkeiten, Fliesen zu verwenden, um ein einzigartiges und fast architektonisches Element in einem Raum zu schaffen.<\/p>\n<p>Dazu k\u00f6nnten ein kr\u00e4ftiger Schachbrettboden, Vintage-Delfter-Fliesen in der K\u00fcche als Spritzschutz, eine geflieste Fensterverkleidung oder eine auff\u00e4llige Kaminverkleidung geh\u00f6ren, wie der tiefgr\u00fcne Kaminsims oben.<\/p>\n<p>Pers\u00f6nlich habe ich fast alle oben genannten Punkte abgehakt. \u00dcberraschenderweise lassen sich Fliesen ganz einfach selbst basteln, und Sie k\u00f6nnen kleine Mengen von Orten wie dem Facebook-Marktplatz abholen, wenn Sie beispielsweise nur eine R\u00fcckwand f\u00fcr den Waschtisch oder einen kleinen Kaminofen anfertigen m\u00f6chten.<\/p>\n<h3 class=\"article-body__section\" id=\"section-6-furniture-and-rugs\"><span>6. M\u00f6bel und Teppiche<\/span><\/h3>\n<figure class=\"van-image-figure inline-layout \" data-bordeaux-image-check>\n<div class=\"image-full-width-wrapper\">\n<div class=\"image-widthsetter\" style=\"max-width:2000px;\"><\/div>\n<\/div>\n<\/figure>\n<p>Abgesehen von einem auff\u00e4lligen Kopfteil werde ich auch andere M\u00f6belst\u00fccke verwenden, um jedem Raum meines Hauses, auch den farbenfrohen, einen Farbakzent zu verleihen.<\/p>\n<p>Um es weniger entmutigend zu machen, beginne ich mit einem auff\u00e4lligen St\u00fcck f\u00fcr jeden Raum, wie einer tiefblauen Couch oder einem unerwartet roten Sessel, um ein Gef\u00fchl von farbenfrohem Minimalismus zu vermitteln. Der gleiche Ansatz gilt auch f\u00fcr einen farbenfrohen Teppich, der eine gro\u00dfe Bodenfl\u00e4che bedeckt und dem Raum einen Hauch von Farbe verleiht.<\/p>\n<p>Wenn sich Ihr Stil oder Ihre Farbvorlieben im Laufe der Zeit \u00e4ndern, ist der Austausch eines Stuhls oder Teppichs viel einfacher als ein Neuanstrich. Dieser Ansatz gibt Ihnen die Freiheit, je nach Stimmung mit neuen Looks und Trends zu spielen. Das ist etwas, wovon ich mich eher mitrei\u00dfen lasse.<\/p>\n<div class=\"product-container hero-product-container product-block-no-wrap\"><\/div>\n<hr>\n<p>Ganz gleich, ob Sie ein auff\u00e4lliges Statement setzen oder subtile W\u00e4rme hinzuf\u00fcgen m\u00f6chten: Mit diesen farbenfrohen Ideen k\u00f6nnen Sie Ihren Raum individuell gestalten, ohne auch nur einen Pinsel in die Hand nehmen zu m\u00fcssen.<\/p>\n<\/div>\n","protected":false},"excerpt":{"rendered":"<p>Ich renoviere gerade mein Haus und jetzt haben wir es geschafft Endlich Wenn ich in der Phase der Farbauswahl des Projekts ankomme, f\u00fchle ich mich<\/p>\n","protected":false},"author":1,"featured_media":1258,"comment_status":"closed","ping_status":"","sticky":false,"template":"","format":"standard","meta":{"footnotes":""},"categories":[118],"tags":[685,2387,1202,129,778,1054,119,61,646,2386,2385,744,26,171],"class_list":["post-1257","post","type-post","status-publish","format-standard","has-post-thumbnail","hentry","category-haus-garten","tag-alternative","tag-bringe","tag-farbe","tag-ich","tag-mein","tag-meine","tag-moeglichkeiten","tag-nicht","tag-stattdessen","tag-streiche","tag-waende","tag-warum","tag-wie","tag-zuhause","generate-columns","tablet-grid-50","mobile-grid-100","grid-parent","grid-50"],"yoast_head":"<!-- This site is optimized with the Yoast SEO plugin v27.3 - https:\/\/yoast.com\/product\/yoast-seo-wordpress\/ -->\n<title>Warum ich meine W\u00e4nde nicht streiche \u2013 6 alternative M\u00f6glichkeiten, wie ich stattdessen Farbe in mein Zuhause bringe - Nachrichten - Stra\u00dfenweb<\/title>\n<meta name=\"robots\" content=\"index, follow, max-snippet:-1, max-image-preview:large, max-video-preview:-1\" \/>\n<link rel=\"canonical\" href=\"https:\/\/www.strassenweb.de\/nachrichten\/warum-ich-meine-waende-nicht-streiche-6-alternative-moeglichkeiten-wie-ich-stattdessen-farbe-in-mein-zuhause-bringe\/\" \/>\n<meta property=\"og:locale\" content=\"de_DE\" \/>\n<meta property=\"og:type\" content=\"article\" \/>\n<meta property=\"og:title\" content=\"Warum ich meine W\u00e4nde nicht streiche \u2013 6 alternative M\u00f6glichkeiten, wie ich stattdessen Farbe in mein Zuhause bringe - Nachrichten - Stra\u00dfenweb\" \/>\n<meta property=\"og:description\" content=\"Ich renoviere gerade mein Haus und jetzt haben wir es geschafft Endlich Wenn ich in der Phase der Farbauswahl des Projekts ankomme, f\u00fchle ich mich\" \/>\n<meta property=\"og:url\" content=\"https:\/\/www.strassenweb.de\/nachrichten\/warum-ich-meine-waende-nicht-streiche-6-alternative-moeglichkeiten-wie-ich-stattdessen-farbe-in-mein-zuhause-bringe\/\" \/>\n<meta property=\"og:site_name\" content=\"Stra\u00dfenweb\" \/>\n<meta property=\"article:publisher\" content=\"https:\/\/www.facebook.com\/strassenweb\/\" \/>\n<meta property=\"article:published_time\" content=\"2024-10-31T11:41:31+00:00\" \/>\n<meta property=\"article:modified_time\" content=\"2024-10-31T11:41:32+00:00\" \/>\n<meta property=\"og:image\" content=\"https:\/\/www.strassenweb.de\/nachrichten\/wp-content\/uploads\/2024\/10\/Warum-ich-meine-Waende-nicht-streiche-\u2013-6-alternative-Moeglichkeiten.jpg\" \/>\n\t<meta property=\"og:image:width\" content=\"1200\" \/>\n\t<meta property=\"og:image:height\" content=\"675\" \/>\n\t<meta property=\"og:image:type\" content=\"image\/jpeg\" \/>\n<meta name=\"author\" content=\"Robert Hoffmann\" \/>\n<meta name=\"twitter:card\" content=\"summary_large_image\" \/>\n<meta name=\"twitter:label1\" content=\"Verfasst von\" \/>\n\t<meta name=\"twitter:data1\" content=\"Robert Hoffmann\" \/>\n\t<meta name=\"twitter:label2\" content=\"Gesch\u00e4tzte Lesezeit\" \/>\n\t<meta name=\"twitter:data2\" content=\"6\u00a0Minuten\" \/>\n<script type=\"application\/ld+json\" class=\"yoast-schema-graph\">{\"@context\":\"https:\\\/\\\/schema.org\",\"@graph\":[{\"@type\":\"Article\",\"@id\":\"https:\\\/\\\/www.strassenweb.de\\\/nachrichten\\\/warum-ich-meine-waende-nicht-streiche-6-alternative-moeglichkeiten-wie-ich-stattdessen-farbe-in-mein-zuhause-bringe\\\/#article\",\"isPartOf\":{\"@id\":\"https:\\\/\\\/www.strassenweb.de\\\/nachrichten\\\/warum-ich-meine-waende-nicht-streiche-6-alternative-moeglichkeiten-wie-ich-stattdessen-farbe-in-mein-zuhause-bringe\\\/\"},\"author\":{\"name\":\"Robert Hoffmann\",\"@id\":\"https:\\\/\\\/www.strassenweb.de\\\/nachrichten\\\/#\\\/schema\\\/person\\\/87c9c9067f1211da429a744dc5a5aa41\"},\"headline\":\"Warum ich meine W\u00e4nde nicht streiche \u2013 6 alternative M\u00f6glichkeiten, wie ich stattdessen Farbe in mein Zuhause bringe\",\"datePublished\":\"2024-10-31T11:41:31+00:00\",\"dateModified\":\"2024-10-31T11:41:32+00:00\",\"mainEntityOfPage\":{\"@id\":\"https:\\\/\\\/www.strassenweb.de\\\/nachrichten\\\/warum-ich-meine-waende-nicht-streiche-6-alternative-moeglichkeiten-wie-ich-stattdessen-farbe-in-mein-zuhause-bringe\\\/\"},\"wordCount\":1266,\"publisher\":{\"@id\":\"https:\\\/\\\/www.strassenweb.de\\\/nachrichten\\\/#organization\"},\"image\":{\"@id\":\"https:\\\/\\\/www.strassenweb.de\\\/nachrichten\\\/warum-ich-meine-waende-nicht-streiche-6-alternative-moeglichkeiten-wie-ich-stattdessen-farbe-in-mein-zuhause-bringe\\\/#primaryimage\"},\"thumbnailUrl\":\"https:\\\/\\\/www.strassenweb.de\\\/nachrichten\\\/wp-content\\\/uploads\\\/2024\\\/10\\\/Warum-ich-meine-Waende-nicht-streiche-\u2013-6-alternative-Moeglichkeiten.jpg\",\"keywords\":[\"alternative\",\"bringe\",\"Farbe\",\"ich\",\"mein\",\"meine\",\"M\u00f6glichkeiten\",\"nicht\",\"stattdessen\",\"streiche\",\"W\u00e4nde\",\"warum\",\"Wie\",\"Zuhause\"],\"articleSection\":[\"Haus &amp; Garten\"],\"inLanguage\":\"de\"},{\"@type\":\"WebPage\",\"@id\":\"https:\\\/\\\/www.strassenweb.de\\\/nachrichten\\\/warum-ich-meine-waende-nicht-streiche-6-alternative-moeglichkeiten-wie-ich-stattdessen-farbe-in-mein-zuhause-bringe\\\/\",\"url\":\"https:\\\/\\\/www.strassenweb.de\\\/nachrichten\\\/warum-ich-meine-waende-nicht-streiche-6-alternative-moeglichkeiten-wie-ich-stattdessen-farbe-in-mein-zuhause-bringe\\\/\",\"name\":\"Warum ich meine W\u00e4nde nicht streiche \u2013 6 alternative M\u00f6glichkeiten, wie ich stattdessen Farbe in mein Zuhause bringe - Nachrichten - Stra\u00dfenweb\",\"isPartOf\":{\"@id\":\"https:\\\/\\\/www.strassenweb.de\\\/nachrichten\\\/#website\"},\"primaryImageOfPage\":{\"@id\":\"https:\\\/\\\/www.strassenweb.de\\\/nachrichten\\\/warum-ich-meine-waende-nicht-streiche-6-alternative-moeglichkeiten-wie-ich-stattdessen-farbe-in-mein-zuhause-bringe\\\/#primaryimage\"},\"image\":{\"@id\":\"https:\\\/\\\/www.strassenweb.de\\\/nachrichten\\\/warum-ich-meine-waende-nicht-streiche-6-alternative-moeglichkeiten-wie-ich-stattdessen-farbe-in-mein-zuhause-bringe\\\/#primaryimage\"},\"thumbnailUrl\":\"https:\\\/\\\/www.strassenweb.de\\\/nachrichten\\\/wp-content\\\/uploads\\\/2024\\\/10\\\/Warum-ich-meine-Waende-nicht-streiche-\u2013-6-alternative-Moeglichkeiten.jpg\",\"datePublished\":\"2024-10-31T11:41:31+00:00\",\"dateModified\":\"2024-10-31T11:41:32+00:00\",\"breadcrumb\":{\"@id\":\"https:\\\/\\\/www.strassenweb.de\\\/nachrichten\\\/warum-ich-meine-waende-nicht-streiche-6-alternative-moeglichkeiten-wie-ich-stattdessen-farbe-in-mein-zuhause-bringe\\\/#breadcrumb\"},\"inLanguage\":\"de\",\"potentialAction\":[{\"@type\":\"ReadAction\",\"target\":[\"https:\\\/\\\/www.strassenweb.de\\\/nachrichten\\\/warum-ich-meine-waende-nicht-streiche-6-alternative-moeglichkeiten-wie-ich-stattdessen-farbe-in-mein-zuhause-bringe\\\/\"]}]},{\"@type\":\"ImageObject\",\"inLanguage\":\"de\",\"@id\":\"https:\\\/\\\/www.strassenweb.de\\\/nachrichten\\\/warum-ich-meine-waende-nicht-streiche-6-alternative-moeglichkeiten-wie-ich-stattdessen-farbe-in-mein-zuhause-bringe\\\/#primaryimage\",\"url\":\"https:\\\/\\\/www.strassenweb.de\\\/nachrichten\\\/wp-content\\\/uploads\\\/2024\\\/10\\\/Warum-ich-meine-Waende-nicht-streiche-\u2013-6-alternative-Moeglichkeiten.jpg\",\"contentUrl\":\"https:\\\/\\\/www.strassenweb.de\\\/nachrichten\\\/wp-content\\\/uploads\\\/2024\\\/10\\\/Warum-ich-meine-Waende-nicht-streiche-\u2013-6-alternative-Moeglichkeiten.jpg\",\"width\":1200,\"height\":675,\"caption\":\"Warum ich meine W\u00e4nde nicht streiche \u2013 6 alternative M\u00f6glichkeiten, wie ich stattdessen Farbe in mein Zuhause bringe\"},{\"@type\":\"BreadcrumbList\",\"@id\":\"https:\\\/\\\/www.strassenweb.de\\\/nachrichten\\\/warum-ich-meine-waende-nicht-streiche-6-alternative-moeglichkeiten-wie-ich-stattdessen-farbe-in-mein-zuhause-bringe\\\/#breadcrumb\",\"itemListElement\":[{\"@type\":\"ListItem\",\"position\":1,\"name\":\"Home\",\"item\":\"https:\\\/\\\/www.strassenweb.de\\\/nachrichten\\\/\"},{\"@type\":\"ListItem\",\"position\":2,\"name\":\"Warum ich meine W\u00e4nde nicht streiche \u2013 6 alternative M\u00f6glichkeiten, wie ich stattdessen Farbe in mein Zuhause bringe\"}]},{\"@type\":\"WebSite\",\"@id\":\"https:\\\/\\\/www.strassenweb.de\\\/nachrichten\\\/#website\",\"url\":\"https:\\\/\\\/www.strassenweb.de\\\/nachrichten\\\/\",\"name\":\"Stra\u00dfenweb\",\"description\":\"Stra\u00dfenverzeichnis f\u00fcr Deutschland\",\"publisher\":{\"@id\":\"https:\\\/\\\/www.strassenweb.de\\\/nachrichten\\\/#organization\"},\"potentialAction\":[{\"@type\":\"SearchAction\",\"target\":{\"@type\":\"EntryPoint\",\"urlTemplate\":\"https:\\\/\\\/www.strassenweb.de\\\/nachrichten\\\/?s={search_term_string}\"},\"query-input\":{\"@type\":\"PropertyValueSpecification\",\"valueRequired\":true,\"valueName\":\"search_term_string\"}}],\"inLanguage\":\"de\"},{\"@type\":\"Organization\",\"@id\":\"https:\\\/\\\/www.strassenweb.de\\\/nachrichten\\\/#organization\",\"name\":\"Stra\u00dfenweb\",\"url\":\"https:\\\/\\\/www.strassenweb.de\\\/nachrichten\\\/\",\"logo\":{\"@type\":\"ImageObject\",\"inLanguage\":\"de\",\"@id\":\"https:\\\/\\\/www.strassenweb.de\\\/nachrichten\\\/#\\\/schema\\\/logo\\\/image\\\/\",\"url\":\"https:\\\/\\\/www.strassenweb.de\\\/nachrichten\\\/wp-content\\\/uploads\\\/2024\\\/09\\\/cropped-favicon.png\",\"contentUrl\":\"https:\\\/\\\/www.strassenweb.de\\\/nachrichten\\\/wp-content\\\/uploads\\\/2024\\\/09\\\/cropped-favicon.png\",\"width\":512,\"height\":512,\"caption\":\"Stra\u00dfenweb\"},\"image\":{\"@id\":\"https:\\\/\\\/www.strassenweb.de\\\/nachrichten\\\/#\\\/schema\\\/logo\\\/image\\\/\"},\"sameAs\":[\"https:\\\/\\\/www.facebook.com\\\/strassenweb\\\/\"]},{\"@type\":\"Person\",\"@id\":\"https:\\\/\\\/www.strassenweb.de\\\/nachrichten\\\/#\\\/schema\\\/person\\\/87c9c9067f1211da429a744dc5a5aa41\",\"name\":\"Robert Hoffmann\",\"image\":{\"@type\":\"ImageObject\",\"inLanguage\":\"de\",\"@id\":\"https:\\\/\\\/www.strassenweb.de\\\/nachrichten\\\/wp-content\\\/uploads\\\/2024\\\/09\\\/strassenweb-150x150.jpg\",\"url\":\"https:\\\/\\\/www.strassenweb.de\\\/nachrichten\\\/wp-content\\\/uploads\\\/2024\\\/09\\\/strassenweb-150x150.jpg\",\"contentUrl\":\"https:\\\/\\\/www.strassenweb.de\\\/nachrichten\\\/wp-content\\\/uploads\\\/2024\\\/09\\\/strassenweb-150x150.jpg\",\"caption\":\"Robert Hoffmann\"},\"description\":\"Ich hei\u00dfe Robert Hoffmann und ich bin ein leidenschaftlicher Verfechter von \u00d6kologie und Biodiversit\u00e4t. Seit meiner Kindheit in den W\u00e4ldern Bayerns f\u00fchle ich mich mit der Natur verbunden und bin entschlossen, sie zu sch\u00fctzen. Heute widme ich mein Leben der Sensibilisierung anderer f\u00fcr die Bedeutung des Umweltschutzes f\u00fcr zuk\u00fcnftige Generationen.\",\"sameAs\":[\"https:\\\/\\\/www.strassenweb.de\\\/\"]}]}<\/script>\n<!-- \/ Yoast SEO plugin. -->","yoast_head_json":{"title":"Warum ich meine W\u00e4nde nicht streiche \u2013 6 alternative M\u00f6glichkeiten, wie ich stattdessen Farbe in mein Zuhause bringe - Nachrichten - Stra\u00dfenweb","robots":{"index":"index","follow":"follow","max-snippet":"max-snippet:-1","max-image-preview":"max-image-preview:large","max-video-preview":"max-video-preview:-1"},"canonical":"https:\/\/www.strassenweb.de\/nachrichten\/warum-ich-meine-waende-nicht-streiche-6-alternative-moeglichkeiten-wie-ich-stattdessen-farbe-in-mein-zuhause-bringe\/","og_locale":"de_DE","og_type":"article","og_title":"Warum ich meine W\u00e4nde nicht streiche \u2013 6 alternative M\u00f6glichkeiten, wie ich stattdessen Farbe in mein Zuhause bringe - Nachrichten - Stra\u00dfenweb","og_description":"Ich renoviere gerade mein Haus und jetzt haben wir es geschafft Endlich Wenn ich in der Phase der Farbauswahl des Projekts ankomme, f\u00fchle ich mich","og_url":"https:\/\/www.strassenweb.de\/nachrichten\/warum-ich-meine-waende-nicht-streiche-6-alternative-moeglichkeiten-wie-ich-stattdessen-farbe-in-mein-zuhause-bringe\/","og_site_name":"Stra\u00dfenweb","article_publisher":"https:\/\/www.facebook.com\/strassenweb\/","article_published_time":"2024-10-31T11:41:31+00:00","article_modified_time":"2024-10-31T11:41:32+00:00","og_image":[{"width":1200,"height":675,"url":"https:\/\/www.strassenweb.de\/nachrichten\/wp-content\/uploads\/2024\/10\/Warum-ich-meine-Waende-nicht-streiche-\u2013-6-alternative-Moeglichkeiten.jpg","type":"image\/jpeg"}],"author":"Robert Hoffmann","twitter_card":"summary_large_image","twitter_misc":{"Verfasst von":"Robert Hoffmann","Gesch\u00e4tzte Lesezeit":"6\u00a0Minuten"},"schema":{"@context":"https:\/\/schema.org","@graph":[{"@type":"Article","@id":"https:\/\/www.strassenweb.de\/nachrichten\/warum-ich-meine-waende-nicht-streiche-6-alternative-moeglichkeiten-wie-ich-stattdessen-farbe-in-mein-zuhause-bringe\/#article","isPartOf":{"@id":"https:\/\/www.strassenweb.de\/nachrichten\/warum-ich-meine-waende-nicht-streiche-6-alternative-moeglichkeiten-wie-ich-stattdessen-farbe-in-mein-zuhause-bringe\/"},"author":{"name":"Robert Hoffmann","@id":"https:\/\/www.strassenweb.de\/nachrichten\/#\/schema\/person\/87c9c9067f1211da429a744dc5a5aa41"},"headline":"Warum ich meine W\u00e4nde nicht streiche \u2013 6 alternative M\u00f6glichkeiten, wie ich stattdessen Farbe in mein Zuhause bringe","datePublished":"2024-10-31T11:41:31+00:00","dateModified":"2024-10-31T11:41:32+00:00","mainEntityOfPage":{"@id":"https:\/\/www.strassenweb.de\/nachrichten\/warum-ich-meine-waende-nicht-streiche-6-alternative-moeglichkeiten-wie-ich-stattdessen-farbe-in-mein-zuhause-bringe\/"},"wordCount":1266,"publisher":{"@id":"https:\/\/www.strassenweb.de\/nachrichten\/#organization"},"image":{"@id":"https:\/\/www.strassenweb.de\/nachrichten\/warum-ich-meine-waende-nicht-streiche-6-alternative-moeglichkeiten-wie-ich-stattdessen-farbe-in-mein-zuhause-bringe\/#primaryimage"},"thumbnailUrl":"https:\/\/www.strassenweb.de\/nachrichten\/wp-content\/uploads\/2024\/10\/Warum-ich-meine-Waende-nicht-streiche-\u2013-6-alternative-Moeglichkeiten.jpg","keywords":["alternative","bringe","Farbe","ich","mein","meine","M\u00f6glichkeiten","nicht","stattdessen","streiche","W\u00e4nde","warum","Wie","Zuhause"],"articleSection":["Haus &amp; Garten"],"inLanguage":"de"},{"@type":"WebPage","@id":"https:\/\/www.strassenweb.de\/nachrichten\/warum-ich-meine-waende-nicht-streiche-6-alternative-moeglichkeiten-wie-ich-stattdessen-farbe-in-mein-zuhause-bringe\/","url":"https:\/\/www.strassenweb.de\/nachrichten\/warum-ich-meine-waende-nicht-streiche-6-alternative-moeglichkeiten-wie-ich-stattdessen-farbe-in-mein-zuhause-bringe\/","name":"Warum ich meine W\u00e4nde nicht streiche \u2013 6 alternative M\u00f6glichkeiten, wie ich stattdessen Farbe in mein Zuhause bringe - Nachrichten - Stra\u00dfenweb","isPartOf":{"@id":"https:\/\/www.strassenweb.de\/nachrichten\/#website"},"primaryImageOfPage":{"@id":"https:\/\/www.strassenweb.de\/nachrichten\/warum-ich-meine-waende-nicht-streiche-6-alternative-moeglichkeiten-wie-ich-stattdessen-farbe-in-mein-zuhause-bringe\/#primaryimage"},"image":{"@id":"https:\/\/www.strassenweb.de\/nachrichten\/warum-ich-meine-waende-nicht-streiche-6-alternative-moeglichkeiten-wie-ich-stattdessen-farbe-in-mein-zuhause-bringe\/#primaryimage"},"thumbnailUrl":"https:\/\/www.strassenweb.de\/nachrichten\/wp-content\/uploads\/2024\/10\/Warum-ich-meine-Waende-nicht-streiche-\u2013-6-alternative-Moeglichkeiten.jpg","datePublished":"2024-10-31T11:41:31+00:00","dateModified":"2024-10-31T11:41:32+00:00","breadcrumb":{"@id":"https:\/\/www.strassenweb.de\/nachrichten\/warum-ich-meine-waende-nicht-streiche-6-alternative-moeglichkeiten-wie-ich-stattdessen-farbe-in-mein-zuhause-bringe\/#breadcrumb"},"inLanguage":"de","potentialAction":[{"@type":"ReadAction","target":["https:\/\/www.strassenweb.de\/nachrichten\/warum-ich-meine-waende-nicht-streiche-6-alternative-moeglichkeiten-wie-ich-stattdessen-farbe-in-mein-zuhause-bringe\/"]}]},{"@type":"ImageObject","inLanguage":"de","@id":"https:\/\/www.strassenweb.de\/nachrichten\/warum-ich-meine-waende-nicht-streiche-6-alternative-moeglichkeiten-wie-ich-stattdessen-farbe-in-mein-zuhause-bringe\/#primaryimage","url":"https:\/\/www.strassenweb.de\/nachrichten\/wp-content\/uploads\/2024\/10\/Warum-ich-meine-Waende-nicht-streiche-\u2013-6-alternative-Moeglichkeiten.jpg","contentUrl":"https:\/\/www.strassenweb.de\/nachrichten\/wp-content\/uploads\/2024\/10\/Warum-ich-meine-Waende-nicht-streiche-\u2013-6-alternative-Moeglichkeiten.jpg","width":1200,"height":675,"caption":"Warum ich meine W\u00e4nde nicht streiche \u2013 6 alternative M\u00f6glichkeiten, wie ich stattdessen Farbe in mein Zuhause bringe"},{"@type":"BreadcrumbList","@id":"https:\/\/www.strassenweb.de\/nachrichten\/warum-ich-meine-waende-nicht-streiche-6-alternative-moeglichkeiten-wie-ich-stattdessen-farbe-in-mein-zuhause-bringe\/#breadcrumb","itemListElement":[{"@type":"ListItem","position":1,"name":"Home","item":"https:\/\/www.strassenweb.de\/nachrichten\/"},{"@type":"ListItem","position":2,"name":"Warum ich meine W\u00e4nde nicht streiche \u2013 6 alternative M\u00f6glichkeiten, wie ich stattdessen Farbe in mein Zuhause bringe"}]},{"@type":"WebSite","@id":"https:\/\/www.strassenweb.de\/nachrichten\/#website","url":"https:\/\/www.strassenweb.de\/nachrichten\/","name":"Stra\u00dfenweb","description":"Stra\u00dfenverzeichnis f\u00fcr Deutschland","publisher":{"@id":"https:\/\/www.strassenweb.de\/nachrichten\/#organization"},"potentialAction":[{"@type":"SearchAction","target":{"@type":"EntryPoint","urlTemplate":"https:\/\/www.strassenweb.de\/nachrichten\/?s={search_term_string}"},"query-input":{"@type":"PropertyValueSpecification","valueRequired":true,"valueName":"search_term_string"}}],"inLanguage":"de"},{"@type":"Organization","@id":"https:\/\/www.strassenweb.de\/nachrichten\/#organization","name":"Stra\u00dfenweb","url":"https:\/\/www.strassenweb.de\/nachrichten\/","logo":{"@type":"ImageObject","inLanguage":"de","@id":"https:\/\/www.strassenweb.de\/nachrichten\/#\/schema\/logo\/image\/","url":"https:\/\/www.strassenweb.de\/nachrichten\/wp-content\/uploads\/2024\/09\/cropped-favicon.png","contentUrl":"https:\/\/www.strassenweb.de\/nachrichten\/wp-content\/uploads\/2024\/09\/cropped-favicon.png","width":512,"height":512,"caption":"Stra\u00dfenweb"},"image":{"@id":"https:\/\/www.strassenweb.de\/nachrichten\/#\/schema\/logo\/image\/"},"sameAs":["https:\/\/www.facebook.com\/strassenweb\/"]},{"@type":"Person","@id":"https:\/\/www.strassenweb.de\/nachrichten\/#\/schema\/person\/87c9c9067f1211da429a744dc5a5aa41","name":"Robert Hoffmann","image":{"@type":"ImageObject","inLanguage":"de","@id":"https:\/\/www.strassenweb.de\/nachrichten\/wp-content\/uploads\/2024\/09\/strassenweb-150x150.jpg","url":"https:\/\/www.strassenweb.de\/nachrichten\/wp-content\/uploads\/2024\/09\/strassenweb-150x150.jpg","contentUrl":"https:\/\/www.strassenweb.de\/nachrichten\/wp-content\/uploads\/2024\/09\/strassenweb-150x150.jpg","caption":"Robert Hoffmann"},"description":"Ich hei\u00dfe Robert Hoffmann und ich bin ein leidenschaftlicher Verfechter von \u00d6kologie und Biodiversit\u00e4t. Seit meiner Kindheit in den W\u00e4ldern Bayerns f\u00fchle ich mich mit der Natur verbunden und bin entschlossen, sie zu sch\u00fctzen. Heute widme ich mein Leben der Sensibilisierung anderer f\u00fcr die Bedeutung des Umweltschutzes f\u00fcr zuk\u00fcnftige Generationen.","sameAs":["https:\/\/www.strassenweb.de\/"]}]}},"_links":{"self":[{"href":"https:\/\/www.strassenweb.de\/nachrichten\/wp-json\/wp\/v2\/posts\/1257","targetHints":{"allow":["GET"]}}],"collection":[{"href":"https:\/\/www.strassenweb.de\/nachrichten\/wp-json\/wp\/v2\/posts"}],"about":[{"href":"https:\/\/www.strassenweb.de\/nachrichten\/wp-json\/wp\/v2\/types\/post"}],"author":[{"embeddable":true,"href":"https:\/\/www.strassenweb.de\/nachrichten\/wp-json\/wp\/v2\/users\/1"}],"replies":[{"embeddable":true,"href":"https:\/\/www.strassenweb.de\/nachrichten\/wp-json\/wp\/v2\/comments?post=1257"}],"version-history":[{"count":0,"href":"https:\/\/www.strassenweb.de\/nachrichten\/wp-json\/wp\/v2\/posts\/1257\/revisions"}],"wp:featuredmedia":[{"embeddable":true,"href":"https:\/\/www.strassenweb.de\/nachrichten\/wp-json\/wp\/v2\/media\/1258"}],"wp:attachment":[{"href":"https:\/\/www.strassenweb.de\/nachrichten\/wp-json\/wp\/v2\/media?parent=1257"}],"wp:term":[{"taxonomy":"category","embeddable":true,"href":"https:\/\/www.strassenweb.de\/nachrichten\/wp-json\/wp\/v2\/categories?post=1257"},{"taxonomy":"post_tag","embeddable":true,"href":"https:\/\/www.strassenweb.de\/nachrichten\/wp-json\/wp\/v2\/tags?post=1257"}],"curies":[{"name":"wp","href":"https:\/\/api.w.org\/{rel}","templated":true}]}}