{"id":1254,"date":"2024-10-31T08:54:01","date_gmt":"2024-10-31T07:54:01","guid":{"rendered":"https:\/\/www.strassenweb.de\/nachrichten\/das-vom-boden-bis-zur-decke-reichende-wohnzimmerregal-von-josh-brolin-ist-das-schoenste-und-architektonisch-interessanteste-design-das-ich-je-gesehen-habe\/"},"modified":"2024-10-31T08:54:02","modified_gmt":"2024-10-31T07:54:02","slug":"das-vom-boden-bis-zur-decke-reichende-wohnzimmerregal-von-josh-brolin-ist-das-schoenste-und-architektonisch-interessanteste-design-das-ich-je-gesehen-habe","status":"publish","type":"post","link":"https:\/\/www.strassenweb.de\/nachrichten\/das-vom-boden-bis-zur-decke-reichende-wohnzimmerregal-von-josh-brolin-ist-das-schoenste-und-architektonisch-interessanteste-design-das-ich-je-gesehen-habe\/","title":{"rendered":"Das vom Boden bis zur Decke reichende Wohnzimmerregal von Josh Brolin ist das sch\u00f6nste \u2013 und architektonisch interessanteste \u2013 Design, das ich je gesehen habe"},"content":{"rendered":"<p><\/p>\n<div id=\"article-body\" class=\"article__body \">\n<p>Schlicht, elegant und mit so viel Stauraum wie m\u00f6glich war das Mantra f\u00fcr den Wohnraum des Schauspielers Josh Brolin, der ein exquisites Beispiel ma\u00dfgeschneiderter Tischlerei pr\u00e4sentiert.<\/p>\n<div id=\"ad-unit-1\" class=\"ad-unit\"><\/div>\n<p>Entworfen von Pierce &#038; Ward, dem Expertenteam hinter den entz\u00fcckenden H\u00e4usern von Johnny Galecki, Dakota Johnson und Emma Roberts, wollte das Traumduo nicht nur den Stauraum im Wohnzimmer maximieren, sondern ihn auch zu einem eigenst\u00e4ndigen Feature machen.<\/p>\n<aside class=\"hawk-nest\" data-block-type=\"embed\" data-render-type=\"fte\" data-skip=\"dealsy\" data-widget-type=\"seasonal\">\n<div class=\"hawk-master-widget-hawk-base-wrapper\"><\/div>\n<\/aside>\n<p>Ohne exquisite Tischlerei wird selbst der pr\u00e4chtigste Raum nicht mehr als eine Kiste sein. Das glaubt Bruce Hodgson, Gr\u00fcnder des Architekturtischlerei-Spezialisten Artichoke. \u201eWundersch\u00f6n gearbeitete und konzipierte Tischlerarbeiten k\u00f6nnen einem Innenraum Dramatik verleihen, indem sie Licht und Schatten einsetzen, um ihm Tiefe zu verleihen, sowie \u00d6ffnungen und wichtige Elemente einrahmen\u201c, sagt er. \u201eEs kann auch eine entscheidende Rolle bei der Manipulation von Proportionen spielen.\u201c<\/p>\n<div id=\"desktop-in-article\" class=\"in-article ad-unit\">\n<div id=\"desktop-taboola-mid-article\"><\/div>\n<\/div>\n<div id=\"mobile-in-article\" class=\"in-article ad-unit\">\n<div id=\"mobile-taboola-mid-article\"><\/div>\n<\/div>\n<p>Da wir mehr Zeit zu Hause verbringen, wird uns der Platzbedarf st\u00e4rker denn je bewusst. \u201eR\u00e4ume, die einst vergessen waren, werden zu ruhigen R\u00e4umen oder multifunktionalen Wohnbereichen verj\u00fcngt\u201c, sagt Simon Tcherniak, leitender M\u00f6beldesigner bei Neville Johnson. \u201eHausbesitzer sind auf der Suche nach dynamischen R\u00e4umen, die es ihnen erm\u00f6glichen, ihre dekorativen F\u00e4higkeiten zur Geltung zu bringen und gleichzeitig Platz f\u00fcr die Aufbewahrung wichtiger Gegenst\u00e4nde wie Glaswaren und Serviergeschirr zu bieten.\u201c<\/p>\n<div class=\"van_vid_carousel\">\n<div class=\"van_vid_carousel__padding\">\n<div class=\"van_vid_carousel__container\"><\/div>\n<\/div>\n<\/div>\n<div class=\"instagram-embed\">\n<blockquote class=\"instagram-media\" data-instgrm-captioned data-instgrm-version=\"6\" style=\"width:99.375%; width:-webkit-calc(100% - 2px); width:calc(100% - 2px);\">\n<p>Ein von Pierce &#038; Ward (@pierceandward) geteilter Beitrag<\/p>\n<p>Ein Foto gepostet von am <\/p>\n<\/blockquote>\n<\/div>\n<p>Diese wundersch\u00f6ne Wand aus ma\u00dfgeschneiderter Tischlerei ist \u00e4u\u00dferst charaktervoll und bietet viel offenen und geschlossenen Stauraum. In einem Gespr\u00e4ch mit der New York Times beschrieben die Designerinnen Louisa Pierce und Emily Ward Brolins Geschmack als eine Mischung aus \u201everr\u00fccktem Kaleidoskop\u201c und \u201eeurop\u00e4ischer Gesch\u00e4ftigkeit der alten Welt\u201c \u2013 dieser ruhige Winkel ist das perfekte Beispiel f\u00fcr dieses Ethos. Es macht Spa\u00df und ist verspielt, wie jedes Design sein sollte. Aber es ist auch wichtig, die praktischen Aspekte zu ber\u00fccksichtigen.<\/p>\n<div id=\"ad-unit-2\" class=\"ad-unit\"><\/div>\n<p>\u201eDie richtige Konfiguration entscheidet \u00fcber Design und Funktionalit\u00e4t\u201c, sagt Rachel Hutcheson, nationale Einzelhandelsmanagerin bei Sharps. \u201eEin sinnvoller Ausgangspunkt ist die Beurteilung Ihres Speicherbedarfs.\u201c Denken Sie dar\u00fcber nach, wie viel Kleidung und Schuhe Sie haben, ob Sie m\u00f6glicherweise Platz f\u00fcr B\u00fccher und Kunstwerke ben\u00f6tigen und wie viel Platz Sie in Zukunft ben\u00f6tigen k\u00f6nnten. \u201eSie k\u00f6nnen versteckten Stauraum mit offenen Wohnzimmerregalen kombinieren, um den Platz zu maximieren\u201c, f\u00fcgt sie hinzu.<\/p>\n<p>Regale mit einheitlicher Gr\u00f6\u00dfe eignen sich gut f\u00fcr Bibliotheken, f\u00fcr eine h\u00e4usliche Umgebung jedoch weniger. Wenn Sie ma\u00dfgeschneiderte Schreinereiarbeiten in Auftrag geben, achten Sie darauf, dass Sie einen H\u00f6henmix anfordern, um unterschiedliche Gr\u00f6\u00dfen und Formen von B\u00fcchern und Objekten unterzubringen. Gehen Sie noch einen Schritt weiter und unterteilen Sie die Regale mit einem eigenen Platz f\u00fcr Lieblingskunstwerke oder Skulpturen. Ber\u00fccksichtigen Sie dies von Anfang an, um sicherzustellen, dass Ihre St\u00fccke bequem Platz haben. Wenn die Regale tief genug sind, k\u00f6nnen Sie sie zur Pr\u00e4sentation von Kuriosit\u00e4ten und Reisegegenst\u00e4nden verwenden.<\/p>\n<div id=\"slice-container-newsletterForm-articleInbodyContent-7JFLA2Q9BFpt8aRrh6tVt6\" class=\"slice-container newsletter-inbodyContent-slice newsletterForm-articleInbodyContent-7JFLA2Q9BFpt8aRrh6tVt6 slice-container-newsletterForm\"><\/div>\n<p>Unabh\u00e4ngig von der Gr\u00f6\u00dfe Ihres Zuhauses ist es wichtig, eine ruhige Wohnzimmerecke zu schaffen, die als R\u00fcckzugsort vom L\u00e4rm des Alltags dienen kann.<\/p>\n<h2 id=\"shop-the-look-3\">Shoppen Sie den Look<\/h2>\n<p>Ma\u00dfgeschneiderte Aufbewahrung kann man einfach nicht von der Stange kaufen. Es erfordert eine sorgf\u00e4ltige Planung und ist oft teuer \u2013 obwohl sich die Investition durchaus lohnt. Der einfachste Weg, diesen Look zu reproduzieren, insbesondere wenn Sie bereits \u00fcber einen eigenen offenen Stauraum verf\u00fcgen, sind dekorative Accessoires. Unten habe ich eine kuratierte Auswahl meiner Lieblingsdesigns aufgelistet.<\/p>\n<div class=\"product-container hero-product-container product-block-no-wrap\"><\/div>\n<\/div>\n<p><script async src=\"\/\/www.instagram.com\/embed.js\"><\/script><\/p>\n","protected":false},"excerpt":{"rendered":"<p>Schlicht, elegant und mit so viel Stauraum wie m\u00f6glich war das Mantra f\u00fcr den Wohnraum des Schauspielers Josh Brolin, der ein exquisites Beispiel ma\u00dfgeschneiderter Tischlerei<\/p>\n","protected":false},"author":1,"featured_media":1255,"comment_status":"closed","ping_status":"","sticky":false,"template":"","format":"standard","meta":{"footnotes":""},"categories":[118],"tags":[2383,180,489,2381,112,1788,679,1905,823,129,2384,15,2380,2378,2382,37,758,21,2379,99],"class_list":["post-1254","post","type-post","status-publish","format-standard","has-post-thumbnail","hentry","category-haus-garten","tag-architektonisch","tag-bis","tag-boeden","tag-brolin","tag-das","tag-decke","tag-design","tag-gesehen","tag-habe","tag-ich","tag-interessanteste","tag-ist","tag-josh","tag-reichende","tag-schoenste","tag-und","tag-vom","tag-von","tag-wohnzimmerregal","tag-zur","generate-columns","tablet-grid-50","mobile-grid-100","grid-parent","grid-50"],"yoast_head":"<!-- This site is optimized with the Yoast SEO plugin v27.3 - https:\/\/yoast.com\/product\/yoast-seo-wordpress\/ -->\n<title>Das vom Boden bis zur Decke reichende Wohnzimmerregal von Josh Brolin ist das sch\u00f6nste \u2013 und architektonisch interessanteste \u2013 Design, das ich je gesehen habe - Nachrichten - Stra\u00dfenweb<\/title>\n<meta name=\"robots\" content=\"index, follow, max-snippet:-1, max-image-preview:large, max-video-preview:-1\" \/>\n<link rel=\"canonical\" href=\"https:\/\/www.strassenweb.de\/nachrichten\/das-vom-boden-bis-zur-decke-reichende-wohnzimmerregal-von-josh-brolin-ist-das-schoenste-und-architektonisch-interessanteste-design-das-ich-je-gesehen-habe\/\" \/>\n<meta property=\"og:locale\" content=\"de_DE\" \/>\n<meta property=\"og:type\" content=\"article\" \/>\n<meta property=\"og:title\" content=\"Das vom Boden bis zur Decke reichende Wohnzimmerregal von Josh Brolin ist das sch\u00f6nste \u2013 und architektonisch interessanteste \u2013 Design, das ich je gesehen habe - Nachrichten - Stra\u00dfenweb\" \/>\n<meta property=\"og:description\" content=\"Schlicht, elegant und mit so viel Stauraum wie m\u00f6glich war das Mantra f\u00fcr den Wohnraum des Schauspielers Josh Brolin, der ein exquisites Beispiel ma\u00dfgeschneiderter Tischlerei\" \/>\n<meta property=\"og:url\" content=\"https:\/\/www.strassenweb.de\/nachrichten\/das-vom-boden-bis-zur-decke-reichende-wohnzimmerregal-von-josh-brolin-ist-das-schoenste-und-architektonisch-interessanteste-design-das-ich-je-gesehen-habe\/\" \/>\n<meta property=\"og:site_name\" content=\"Stra\u00dfenweb\" \/>\n<meta property=\"article:publisher\" content=\"https:\/\/www.facebook.com\/strassenweb\/\" \/>\n<meta property=\"article:published_time\" content=\"2024-10-31T07:54:01+00:00\" \/>\n<meta property=\"article:modified_time\" content=\"2024-10-31T07:54:02+00:00\" \/>\n<meta property=\"og:image\" content=\"https:\/\/www.strassenweb.de\/nachrichten\/wp-content\/uploads\/2024\/10\/Das-vom-Boden-bis-zur-Decke-reichende-Wohnzimmerregal-von-Josh.jpg\" \/>\n\t<meta property=\"og:image:width\" content=\"1200\" \/>\n\t<meta property=\"og:image:height\" content=\"675\" \/>\n\t<meta property=\"og:image:type\" content=\"image\/jpeg\" \/>\n<meta name=\"author\" content=\"Robert Hoffmann\" \/>\n<meta name=\"twitter:card\" content=\"summary_large_image\" \/>\n<meta name=\"twitter:label1\" content=\"Verfasst von\" \/>\n\t<meta name=\"twitter:data1\" content=\"Robert Hoffmann\" \/>\n\t<meta name=\"twitter:label2\" content=\"Gesch\u00e4tzte Lesezeit\" \/>\n\t<meta name=\"twitter:data2\" content=\"3\u00a0Minuten\" \/>\n<script type=\"application\/ld+json\" class=\"yoast-schema-graph\">{\"@context\":\"https:\\\/\\\/schema.org\",\"@graph\":[{\"@type\":\"Article\",\"@id\":\"https:\\\/\\\/www.strassenweb.de\\\/nachrichten\\\/das-vom-boden-bis-zur-decke-reichende-wohnzimmerregal-von-josh-brolin-ist-das-schoenste-und-architektonisch-interessanteste-design-das-ich-je-gesehen-habe\\\/#article\",\"isPartOf\":{\"@id\":\"https:\\\/\\\/www.strassenweb.de\\\/nachrichten\\\/das-vom-boden-bis-zur-decke-reichende-wohnzimmerregal-von-josh-brolin-ist-das-schoenste-und-architektonisch-interessanteste-design-das-ich-je-gesehen-habe\\\/\"},\"author\":{\"name\":\"Robert Hoffmann\",\"@id\":\"https:\\\/\\\/www.strassenweb.de\\\/nachrichten\\\/#\\\/schema\\\/person\\\/87c9c9067f1211da429a744dc5a5aa41\"},\"headline\":\"Das vom Boden bis zur Decke reichende Wohnzimmerregal von Josh Brolin ist das sch\u00f6nste \u2013 und architektonisch interessanteste \u2013 Design, das ich je gesehen habe\",\"datePublished\":\"2024-10-31T07:54:01+00:00\",\"dateModified\":\"2024-10-31T07:54:02+00:00\",\"mainEntityOfPage\":{\"@id\":\"https:\\\/\\\/www.strassenweb.de\\\/nachrichten\\\/das-vom-boden-bis-zur-decke-reichende-wohnzimmerregal-von-josh-brolin-ist-das-schoenste-und-architektonisch-interessanteste-design-das-ich-je-gesehen-habe\\\/\"},\"wordCount\":607,\"publisher\":{\"@id\":\"https:\\\/\\\/www.strassenweb.de\\\/nachrichten\\\/#organization\"},\"image\":{\"@id\":\"https:\\\/\\\/www.strassenweb.de\\\/nachrichten\\\/das-vom-boden-bis-zur-decke-reichende-wohnzimmerregal-von-josh-brolin-ist-das-schoenste-und-architektonisch-interessanteste-design-das-ich-je-gesehen-habe\\\/#primaryimage\"},\"thumbnailUrl\":\"https:\\\/\\\/www.strassenweb.de\\\/nachrichten\\\/wp-content\\\/uploads\\\/2024\\\/10\\\/Das-vom-Boden-bis-zur-Decke-reichende-Wohnzimmerregal-von-Josh.jpg\",\"keywords\":[\"architektonisch\",\"bis\",\"B\u00f6den\",\"Brolin\",\"das\",\"Decke\",\"Design\",\"gesehen\",\"habe\",\"ich\",\"interessanteste\",\"ist\",\"Josh\",\"reichende\",\"sch\u00f6nste\",\"und\",\"vom\",\"von\",\"Wohnzimmerregal\",\"zur\"],\"articleSection\":[\"Haus &amp; Garten\"],\"inLanguage\":\"de\"},{\"@type\":\"WebPage\",\"@id\":\"https:\\\/\\\/www.strassenweb.de\\\/nachrichten\\\/das-vom-boden-bis-zur-decke-reichende-wohnzimmerregal-von-josh-brolin-ist-das-schoenste-und-architektonisch-interessanteste-design-das-ich-je-gesehen-habe\\\/\",\"url\":\"https:\\\/\\\/www.strassenweb.de\\\/nachrichten\\\/das-vom-boden-bis-zur-decke-reichende-wohnzimmerregal-von-josh-brolin-ist-das-schoenste-und-architektonisch-interessanteste-design-das-ich-je-gesehen-habe\\\/\",\"name\":\"Das vom Boden bis zur Decke reichende Wohnzimmerregal von Josh Brolin ist das sch\u00f6nste \u2013 und architektonisch interessanteste \u2013 Design, das ich je gesehen habe - Nachrichten - Stra\u00dfenweb\",\"isPartOf\":{\"@id\":\"https:\\\/\\\/www.strassenweb.de\\\/nachrichten\\\/#website\"},\"primaryImageOfPage\":{\"@id\":\"https:\\\/\\\/www.strassenweb.de\\\/nachrichten\\\/das-vom-boden-bis-zur-decke-reichende-wohnzimmerregal-von-josh-brolin-ist-das-schoenste-und-architektonisch-interessanteste-design-das-ich-je-gesehen-habe\\\/#primaryimage\"},\"image\":{\"@id\":\"https:\\\/\\\/www.strassenweb.de\\\/nachrichten\\\/das-vom-boden-bis-zur-decke-reichende-wohnzimmerregal-von-josh-brolin-ist-das-schoenste-und-architektonisch-interessanteste-design-das-ich-je-gesehen-habe\\\/#primaryimage\"},\"thumbnailUrl\":\"https:\\\/\\\/www.strassenweb.de\\\/nachrichten\\\/wp-content\\\/uploads\\\/2024\\\/10\\\/Das-vom-Boden-bis-zur-Decke-reichende-Wohnzimmerregal-von-Josh.jpg\",\"datePublished\":\"2024-10-31T07:54:01+00:00\",\"dateModified\":\"2024-10-31T07:54:02+00:00\",\"breadcrumb\":{\"@id\":\"https:\\\/\\\/www.strassenweb.de\\\/nachrichten\\\/das-vom-boden-bis-zur-decke-reichende-wohnzimmerregal-von-josh-brolin-ist-das-schoenste-und-architektonisch-interessanteste-design-das-ich-je-gesehen-habe\\\/#breadcrumb\"},\"inLanguage\":\"de\",\"potentialAction\":[{\"@type\":\"ReadAction\",\"target\":[\"https:\\\/\\\/www.strassenweb.de\\\/nachrichten\\\/das-vom-boden-bis-zur-decke-reichende-wohnzimmerregal-von-josh-brolin-ist-das-schoenste-und-architektonisch-interessanteste-design-das-ich-je-gesehen-habe\\\/\"]}]},{\"@type\":\"ImageObject\",\"inLanguage\":\"de\",\"@id\":\"https:\\\/\\\/www.strassenweb.de\\\/nachrichten\\\/das-vom-boden-bis-zur-decke-reichende-wohnzimmerregal-von-josh-brolin-ist-das-schoenste-und-architektonisch-interessanteste-design-das-ich-je-gesehen-habe\\\/#primaryimage\",\"url\":\"https:\\\/\\\/www.strassenweb.de\\\/nachrichten\\\/wp-content\\\/uploads\\\/2024\\\/10\\\/Das-vom-Boden-bis-zur-Decke-reichende-Wohnzimmerregal-von-Josh.jpg\",\"contentUrl\":\"https:\\\/\\\/www.strassenweb.de\\\/nachrichten\\\/wp-content\\\/uploads\\\/2024\\\/10\\\/Das-vom-Boden-bis-zur-Decke-reichende-Wohnzimmerregal-von-Josh.jpg\",\"width\":1200,\"height\":675,\"caption\":\"Das vom Boden bis zur Decke reichende Wohnzimmerregal von Josh Brolin ist das sch\u00f6nste \u2013 und architektonisch interessanteste \u2013 Design, das ich je gesehen habe\"},{\"@type\":\"BreadcrumbList\",\"@id\":\"https:\\\/\\\/www.strassenweb.de\\\/nachrichten\\\/das-vom-boden-bis-zur-decke-reichende-wohnzimmerregal-von-josh-brolin-ist-das-schoenste-und-architektonisch-interessanteste-design-das-ich-je-gesehen-habe\\\/#breadcrumb\",\"itemListElement\":[{\"@type\":\"ListItem\",\"position\":1,\"name\":\"Home\",\"item\":\"https:\\\/\\\/www.strassenweb.de\\\/nachrichten\\\/\"},{\"@type\":\"ListItem\",\"position\":2,\"name\":\"Das vom Boden bis zur Decke reichende Wohnzimmerregal von Josh Brolin ist das sch\u00f6nste \u2013 und architektonisch interessanteste \u2013 Design, das ich je gesehen habe\"}]},{\"@type\":\"WebSite\",\"@id\":\"https:\\\/\\\/www.strassenweb.de\\\/nachrichten\\\/#website\",\"url\":\"https:\\\/\\\/www.strassenweb.de\\\/nachrichten\\\/\",\"name\":\"Stra\u00dfenweb\",\"description\":\"Stra\u00dfenverzeichnis f\u00fcr Deutschland\",\"publisher\":{\"@id\":\"https:\\\/\\\/www.strassenweb.de\\\/nachrichten\\\/#organization\"},\"potentialAction\":[{\"@type\":\"SearchAction\",\"target\":{\"@type\":\"EntryPoint\",\"urlTemplate\":\"https:\\\/\\\/www.strassenweb.de\\\/nachrichten\\\/?s={search_term_string}\"},\"query-input\":{\"@type\":\"PropertyValueSpecification\",\"valueRequired\":true,\"valueName\":\"search_term_string\"}}],\"inLanguage\":\"de\"},{\"@type\":\"Organization\",\"@id\":\"https:\\\/\\\/www.strassenweb.de\\\/nachrichten\\\/#organization\",\"name\":\"Stra\u00dfenweb\",\"url\":\"https:\\\/\\\/www.strassenweb.de\\\/nachrichten\\\/\",\"logo\":{\"@type\":\"ImageObject\",\"inLanguage\":\"de\",\"@id\":\"https:\\\/\\\/www.strassenweb.de\\\/nachrichten\\\/#\\\/schema\\\/logo\\\/image\\\/\",\"url\":\"https:\\\/\\\/www.strassenweb.de\\\/nachrichten\\\/wp-content\\\/uploads\\\/2024\\\/09\\\/cropped-favicon.png\",\"contentUrl\":\"https:\\\/\\\/www.strassenweb.de\\\/nachrichten\\\/wp-content\\\/uploads\\\/2024\\\/09\\\/cropped-favicon.png\",\"width\":512,\"height\":512,\"caption\":\"Stra\u00dfenweb\"},\"image\":{\"@id\":\"https:\\\/\\\/www.strassenweb.de\\\/nachrichten\\\/#\\\/schema\\\/logo\\\/image\\\/\"},\"sameAs\":[\"https:\\\/\\\/www.facebook.com\\\/strassenweb\\\/\"]},{\"@type\":\"Person\",\"@id\":\"https:\\\/\\\/www.strassenweb.de\\\/nachrichten\\\/#\\\/schema\\\/person\\\/87c9c9067f1211da429a744dc5a5aa41\",\"name\":\"Robert Hoffmann\",\"image\":{\"@type\":\"ImageObject\",\"inLanguage\":\"de\",\"@id\":\"https:\\\/\\\/www.strassenweb.de\\\/nachrichten\\\/wp-content\\\/uploads\\\/2024\\\/09\\\/strassenweb-150x150.jpg\",\"url\":\"https:\\\/\\\/www.strassenweb.de\\\/nachrichten\\\/wp-content\\\/uploads\\\/2024\\\/09\\\/strassenweb-150x150.jpg\",\"contentUrl\":\"https:\\\/\\\/www.strassenweb.de\\\/nachrichten\\\/wp-content\\\/uploads\\\/2024\\\/09\\\/strassenweb-150x150.jpg\",\"caption\":\"Robert Hoffmann\"},\"description\":\"Ich hei\u00dfe Robert Hoffmann und ich bin ein leidenschaftlicher Verfechter von \u00d6kologie und Biodiversit\u00e4t. Seit meiner Kindheit in den W\u00e4ldern Bayerns f\u00fchle ich mich mit der Natur verbunden und bin entschlossen, sie zu sch\u00fctzen. Heute widme ich mein Leben der Sensibilisierung anderer f\u00fcr die Bedeutung des Umweltschutzes f\u00fcr zuk\u00fcnftige Generationen.\",\"sameAs\":[\"https:\\\/\\\/www.strassenweb.de\\\/\"]}]}<\/script>\n<!-- \/ Yoast SEO plugin. -->","yoast_head_json":{"title":"Das vom Boden bis zur Decke reichende Wohnzimmerregal von Josh Brolin ist das sch\u00f6nste \u2013 und architektonisch interessanteste \u2013 Design, das ich je gesehen habe - Nachrichten - Stra\u00dfenweb","robots":{"index":"index","follow":"follow","max-snippet":"max-snippet:-1","max-image-preview":"max-image-preview:large","max-video-preview":"max-video-preview:-1"},"canonical":"https:\/\/www.strassenweb.de\/nachrichten\/das-vom-boden-bis-zur-decke-reichende-wohnzimmerregal-von-josh-brolin-ist-das-schoenste-und-architektonisch-interessanteste-design-das-ich-je-gesehen-habe\/","og_locale":"de_DE","og_type":"article","og_title":"Das vom Boden bis zur Decke reichende Wohnzimmerregal von Josh Brolin ist das sch\u00f6nste \u2013 und architektonisch interessanteste \u2013 Design, das ich je gesehen habe - Nachrichten - Stra\u00dfenweb","og_description":"Schlicht, elegant und mit so viel Stauraum wie m\u00f6glich war das Mantra f\u00fcr den Wohnraum des Schauspielers Josh Brolin, der ein exquisites Beispiel ma\u00dfgeschneiderter Tischlerei","og_url":"https:\/\/www.strassenweb.de\/nachrichten\/das-vom-boden-bis-zur-decke-reichende-wohnzimmerregal-von-josh-brolin-ist-das-schoenste-und-architektonisch-interessanteste-design-das-ich-je-gesehen-habe\/","og_site_name":"Stra\u00dfenweb","article_publisher":"https:\/\/www.facebook.com\/strassenweb\/","article_published_time":"2024-10-31T07:54:01+00:00","article_modified_time":"2024-10-31T07:54:02+00:00","og_image":[{"width":1200,"height":675,"url":"https:\/\/www.strassenweb.de\/nachrichten\/wp-content\/uploads\/2024\/10\/Das-vom-Boden-bis-zur-Decke-reichende-Wohnzimmerregal-von-Josh.jpg","type":"image\/jpeg"}],"author":"Robert Hoffmann","twitter_card":"summary_large_image","twitter_misc":{"Verfasst von":"Robert Hoffmann","Gesch\u00e4tzte Lesezeit":"3\u00a0Minuten"},"schema":{"@context":"https:\/\/schema.org","@graph":[{"@type":"Article","@id":"https:\/\/www.strassenweb.de\/nachrichten\/das-vom-boden-bis-zur-decke-reichende-wohnzimmerregal-von-josh-brolin-ist-das-schoenste-und-architektonisch-interessanteste-design-das-ich-je-gesehen-habe\/#article","isPartOf":{"@id":"https:\/\/www.strassenweb.de\/nachrichten\/das-vom-boden-bis-zur-decke-reichende-wohnzimmerregal-von-josh-brolin-ist-das-schoenste-und-architektonisch-interessanteste-design-das-ich-je-gesehen-habe\/"},"author":{"name":"Robert Hoffmann","@id":"https:\/\/www.strassenweb.de\/nachrichten\/#\/schema\/person\/87c9c9067f1211da429a744dc5a5aa41"},"headline":"Das vom Boden bis zur Decke reichende Wohnzimmerregal von Josh Brolin ist das sch\u00f6nste \u2013 und architektonisch interessanteste \u2013 Design, das ich je gesehen habe","datePublished":"2024-10-31T07:54:01+00:00","dateModified":"2024-10-31T07:54:02+00:00","mainEntityOfPage":{"@id":"https:\/\/www.strassenweb.de\/nachrichten\/das-vom-boden-bis-zur-decke-reichende-wohnzimmerregal-von-josh-brolin-ist-das-schoenste-und-architektonisch-interessanteste-design-das-ich-je-gesehen-habe\/"},"wordCount":607,"publisher":{"@id":"https:\/\/www.strassenweb.de\/nachrichten\/#organization"},"image":{"@id":"https:\/\/www.strassenweb.de\/nachrichten\/das-vom-boden-bis-zur-decke-reichende-wohnzimmerregal-von-josh-brolin-ist-das-schoenste-und-architektonisch-interessanteste-design-das-ich-je-gesehen-habe\/#primaryimage"},"thumbnailUrl":"https:\/\/www.strassenweb.de\/nachrichten\/wp-content\/uploads\/2024\/10\/Das-vom-Boden-bis-zur-Decke-reichende-Wohnzimmerregal-von-Josh.jpg","keywords":["architektonisch","bis","B\u00f6den","Brolin","das","Decke","Design","gesehen","habe","ich","interessanteste","ist","Josh","reichende","sch\u00f6nste","und","vom","von","Wohnzimmerregal","zur"],"articleSection":["Haus &amp; Garten"],"inLanguage":"de"},{"@type":"WebPage","@id":"https:\/\/www.strassenweb.de\/nachrichten\/das-vom-boden-bis-zur-decke-reichende-wohnzimmerregal-von-josh-brolin-ist-das-schoenste-und-architektonisch-interessanteste-design-das-ich-je-gesehen-habe\/","url":"https:\/\/www.strassenweb.de\/nachrichten\/das-vom-boden-bis-zur-decke-reichende-wohnzimmerregal-von-josh-brolin-ist-das-schoenste-und-architektonisch-interessanteste-design-das-ich-je-gesehen-habe\/","name":"Das vom Boden bis zur Decke reichende Wohnzimmerregal von Josh Brolin ist das sch\u00f6nste \u2013 und architektonisch interessanteste \u2013 Design, das ich je gesehen habe - Nachrichten - Stra\u00dfenweb","isPartOf":{"@id":"https:\/\/www.strassenweb.de\/nachrichten\/#website"},"primaryImageOfPage":{"@id":"https:\/\/www.strassenweb.de\/nachrichten\/das-vom-boden-bis-zur-decke-reichende-wohnzimmerregal-von-josh-brolin-ist-das-schoenste-und-architektonisch-interessanteste-design-das-ich-je-gesehen-habe\/#primaryimage"},"image":{"@id":"https:\/\/www.strassenweb.de\/nachrichten\/das-vom-boden-bis-zur-decke-reichende-wohnzimmerregal-von-josh-brolin-ist-das-schoenste-und-architektonisch-interessanteste-design-das-ich-je-gesehen-habe\/#primaryimage"},"thumbnailUrl":"https:\/\/www.strassenweb.de\/nachrichten\/wp-content\/uploads\/2024\/10\/Das-vom-Boden-bis-zur-Decke-reichende-Wohnzimmerregal-von-Josh.jpg","datePublished":"2024-10-31T07:54:01+00:00","dateModified":"2024-10-31T07:54:02+00:00","breadcrumb":{"@id":"https:\/\/www.strassenweb.de\/nachrichten\/das-vom-boden-bis-zur-decke-reichende-wohnzimmerregal-von-josh-brolin-ist-das-schoenste-und-architektonisch-interessanteste-design-das-ich-je-gesehen-habe\/#breadcrumb"},"inLanguage":"de","potentialAction":[{"@type":"ReadAction","target":["https:\/\/www.strassenweb.de\/nachrichten\/das-vom-boden-bis-zur-decke-reichende-wohnzimmerregal-von-josh-brolin-ist-das-schoenste-und-architektonisch-interessanteste-design-das-ich-je-gesehen-habe\/"]}]},{"@type":"ImageObject","inLanguage":"de","@id":"https:\/\/www.strassenweb.de\/nachrichten\/das-vom-boden-bis-zur-decke-reichende-wohnzimmerregal-von-josh-brolin-ist-das-schoenste-und-architektonisch-interessanteste-design-das-ich-je-gesehen-habe\/#primaryimage","url":"https:\/\/www.strassenweb.de\/nachrichten\/wp-content\/uploads\/2024\/10\/Das-vom-Boden-bis-zur-Decke-reichende-Wohnzimmerregal-von-Josh.jpg","contentUrl":"https:\/\/www.strassenweb.de\/nachrichten\/wp-content\/uploads\/2024\/10\/Das-vom-Boden-bis-zur-Decke-reichende-Wohnzimmerregal-von-Josh.jpg","width":1200,"height":675,"caption":"Das vom Boden bis zur Decke reichende Wohnzimmerregal von Josh Brolin ist das sch\u00f6nste \u2013 und architektonisch interessanteste \u2013 Design, das ich je gesehen habe"},{"@type":"BreadcrumbList","@id":"https:\/\/www.strassenweb.de\/nachrichten\/das-vom-boden-bis-zur-decke-reichende-wohnzimmerregal-von-josh-brolin-ist-das-schoenste-und-architektonisch-interessanteste-design-das-ich-je-gesehen-habe\/#breadcrumb","itemListElement":[{"@type":"ListItem","position":1,"name":"Home","item":"https:\/\/www.strassenweb.de\/nachrichten\/"},{"@type":"ListItem","position":2,"name":"Das vom Boden bis zur Decke reichende Wohnzimmerregal von Josh Brolin ist das sch\u00f6nste \u2013 und architektonisch interessanteste \u2013 Design, das ich je gesehen habe"}]},{"@type":"WebSite","@id":"https:\/\/www.strassenweb.de\/nachrichten\/#website","url":"https:\/\/www.strassenweb.de\/nachrichten\/","name":"Stra\u00dfenweb","description":"Stra\u00dfenverzeichnis f\u00fcr Deutschland","publisher":{"@id":"https:\/\/www.strassenweb.de\/nachrichten\/#organization"},"potentialAction":[{"@type":"SearchAction","target":{"@type":"EntryPoint","urlTemplate":"https:\/\/www.strassenweb.de\/nachrichten\/?s={search_term_string}"},"query-input":{"@type":"PropertyValueSpecification","valueRequired":true,"valueName":"search_term_string"}}],"inLanguage":"de"},{"@type":"Organization","@id":"https:\/\/www.strassenweb.de\/nachrichten\/#organization","name":"Stra\u00dfenweb","url":"https:\/\/www.strassenweb.de\/nachrichten\/","logo":{"@type":"ImageObject","inLanguage":"de","@id":"https:\/\/www.strassenweb.de\/nachrichten\/#\/schema\/logo\/image\/","url":"https:\/\/www.strassenweb.de\/nachrichten\/wp-content\/uploads\/2024\/09\/cropped-favicon.png","contentUrl":"https:\/\/www.strassenweb.de\/nachrichten\/wp-content\/uploads\/2024\/09\/cropped-favicon.png","width":512,"height":512,"caption":"Stra\u00dfenweb"},"image":{"@id":"https:\/\/www.strassenweb.de\/nachrichten\/#\/schema\/logo\/image\/"},"sameAs":["https:\/\/www.facebook.com\/strassenweb\/"]},{"@type":"Person","@id":"https:\/\/www.strassenweb.de\/nachrichten\/#\/schema\/person\/87c9c9067f1211da429a744dc5a5aa41","name":"Robert Hoffmann","image":{"@type":"ImageObject","inLanguage":"de","@id":"https:\/\/www.strassenweb.de\/nachrichten\/wp-content\/uploads\/2024\/09\/strassenweb-150x150.jpg","url":"https:\/\/www.strassenweb.de\/nachrichten\/wp-content\/uploads\/2024\/09\/strassenweb-150x150.jpg","contentUrl":"https:\/\/www.strassenweb.de\/nachrichten\/wp-content\/uploads\/2024\/09\/strassenweb-150x150.jpg","caption":"Robert Hoffmann"},"description":"Ich hei\u00dfe Robert Hoffmann und ich bin ein leidenschaftlicher Verfechter von \u00d6kologie und Biodiversit\u00e4t. Seit meiner Kindheit in den W\u00e4ldern Bayerns f\u00fchle ich mich mit der Natur verbunden und bin entschlossen, sie zu sch\u00fctzen. Heute widme ich mein Leben der Sensibilisierung anderer f\u00fcr die Bedeutung des Umweltschutzes f\u00fcr zuk\u00fcnftige Generationen.","sameAs":["https:\/\/www.strassenweb.de\/"]}]}},"_links":{"self":[{"href":"https:\/\/www.strassenweb.de\/nachrichten\/wp-json\/wp\/v2\/posts\/1254","targetHints":{"allow":["GET"]}}],"collection":[{"href":"https:\/\/www.strassenweb.de\/nachrichten\/wp-json\/wp\/v2\/posts"}],"about":[{"href":"https:\/\/www.strassenweb.de\/nachrichten\/wp-json\/wp\/v2\/types\/post"}],"author":[{"embeddable":true,"href":"https:\/\/www.strassenweb.de\/nachrichten\/wp-json\/wp\/v2\/users\/1"}],"replies":[{"embeddable":true,"href":"https:\/\/www.strassenweb.de\/nachrichten\/wp-json\/wp\/v2\/comments?post=1254"}],"version-history":[{"count":0,"href":"https:\/\/www.strassenweb.de\/nachrichten\/wp-json\/wp\/v2\/posts\/1254\/revisions"}],"wp:featuredmedia":[{"embeddable":true,"href":"https:\/\/www.strassenweb.de\/nachrichten\/wp-json\/wp\/v2\/media\/1255"}],"wp:attachment":[{"href":"https:\/\/www.strassenweb.de\/nachrichten\/wp-json\/wp\/v2\/media?parent=1254"}],"wp:term":[{"taxonomy":"category","embeddable":true,"href":"https:\/\/www.strassenweb.de\/nachrichten\/wp-json\/wp\/v2\/categories?post=1254"},{"taxonomy":"post_tag","embeddable":true,"href":"https:\/\/www.strassenweb.de\/nachrichten\/wp-json\/wp\/v2\/tags?post=1254"}],"curies":[{"name":"wp","href":"https:\/\/api.w.org\/{rel}","templated":true}]}}