{"id":1240,"date":"2024-10-30T15:40:44","date_gmt":"2024-10-30T14:40:44","guid":{"rendered":"https:\/\/www.strassenweb.de\/nachrichten\/ich-bin-ein-serienorganisator-aber-ich-hasse-den-trend-zum-auffuellen-von-lagerbestaenden-hier-sind-die-4-gruende-warum-sie-darauf-verzichten-sollten\/"},"modified":"2024-10-30T15:40:46","modified_gmt":"2024-10-30T14:40:46","slug":"ich-bin-ein-serienorganisator-aber-ich-hasse-den-trend-zum-auffuellen-von-lagerbestaenden-hier-sind-die-4-gruende-warum-sie-darauf-verzichten-sollten","status":"publish","type":"post","link":"https:\/\/www.strassenweb.de\/nachrichten\/ich-bin-ein-serienorganisator-aber-ich-hasse-den-trend-zum-auffuellen-von-lagerbestaenden-hier-sind-die-4-gruende-warum-sie-darauf-verzichten-sollten\/","title":{"rendered":"Ich bin ein Serienorganisator, aber ich hasse den Trend zum Auff\u00fcllen von Lagerbest\u00e4nden \u2013 hier sind die 4 Gr\u00fcnde, warum Sie darauf verzichten sollten"},"content":{"rendered":"<p><\/p>\n<div id=\"article-body\" class=\"article__body \">\n<p>Ich liebe es, organisiert zu bleiben \u2013 das ist einer der Gr\u00fcnde, warum ich hier als Inhaltsredakteur f\u00fcr Solved arbeite <em>H&#038;G<\/em>. Das Organisieren war eine Praxis, die mir mein ehemaliger Milit\u00e4rvater schon als ganz kleines Kind beigebracht hatte und die sich bis ins Erwachsenenalter fortsetzte. Ehrlich gesagt vergeht keine Woche, in der ich nicht mindestens einen Tag damit verbringe, mein Zuhause aufzur\u00e4umen und aufzur\u00e4umen.<\/p>\n<div id=\"ad-unit-1\" class=\"ad-unit\"><\/div>\n<p>Ich schaue mir zwar gern befriedigende Videos von Menschen an, die online ihre R\u00e4ume organisieren, aber es gibt einen Trend, dem ich einfach nicht folgen kann: den Trend zur Wiederauff\u00fcllung, bei dem die Leute K\u00fchlschr\u00e4nke oder Vorratskammern mit einer F\u00fclle verschiedener Waren f\u00fcllen. Im letzten Jahr ist es in den sozialen Medien zu einem erheblichen Aufschwung gekommen, aber ich glaube, dass eine solche Aufstockung der Lagerbest\u00e4nde das Organisieren tats\u00e4chlich schwieriger macht \u2013 und das aus mehreren wichtigen Gr\u00fcnden.<\/p>\n<aside class=\"hawk-nest\" data-block-type=\"embed\" data-render-type=\"fte\" data-skip=\"dealsy\" data-widget-type=\"seasonal\">\n<div class=\"hawk-master-widget-hawk-base-wrapper\"><\/div>\n<\/aside>\n<p>Hier beschreibe ich, warum ich den Trend zur Wiederauff\u00fcllung der Lagerbest\u00e4nde hasse und wie er die Verwaltung eines Hauses tats\u00e4chlich erschwert. Stattdessen teile ich smart <u>Heimorganisation<\/u> Alternativen, um Ihren Raum funktional, aber nicht \u00fcberf\u00fcllt zu halten.<\/p>\n<div id=\"desktop-in-article\" class=\"in-article ad-unit\">\n<div id=\"desktop-taboola-mid-article\"><\/div>\n<\/div>\n<div id=\"mobile-in-article\" class=\"in-article ad-unit\">\n<div id=\"mobile-taboola-mid-article\"><\/div>\n<\/div>\n<h2 id=\"why-i-hate-the-restocking-trend-3\">Warum ich den Trend zur Wiederauff\u00fcllung der Lagerbest\u00e4nde hasse <\/h2>\n<p>Falls Sie sich nicht auskennen: Der Trend zum Wiederauff\u00fcllen von Lagerbest\u00e4nden besteht darin, viele Produkte auf einmal zu kaufen, normalerweise in einem Gro\u00dfhandelsgesch\u00e4ft wie Costco, und dann Gl\u00e4ser und Beh\u00e4lter bei Ihnen zu Hause wieder aufzuf\u00fcllen und den Restbestand irgendwo in einem Schrank aufzubewahren.<\/p>\n<div class=\"van_vid_carousel\">\n<div class=\"van_vid_carousel__padding\">\n<div class=\"van_vid_carousel__container\"><\/div>\n<\/div>\n<\/div>\n<p>Obwohl es m\u00f6glich ist <u>Organisieren Sie Ihr Zuhause nach dem Gro\u00dfeinkauf von Lebensmitteln<\/u> Auf diese Weise gef\u00e4llt es mir nicht, weil es Ihre w\u00f6chentlichen Eink\u00e4ufe sehr aufw\u00e4ndig macht \u2013 und mehr Lagerraum beansprucht, als es wirklich braucht.<\/p>\n<div id=\"ad-unit-2\" class=\"ad-unit\"><\/div>\n<p>Als Trend ist es einer davon <u>Dinge, die Ihre K\u00fcche immer unordentlich aussehen lassen<\/u>. Deshalb halte ich mich davon fern.<\/p>\n<h3 class=\"article-body__section\" id=\"section-1-it-creates-the-need-for-double-the-storage\"><span>1. Es entsteht der Bedarf an doppeltem Speicherplatz <\/span><\/h3>\n<figure class=\"van-image-figure inline-layout \" data-bordeaux-image-check>\n<div class=\"image-full-width-wrapper\">\n<div class=\"image-widthsetter\" style=\"max-width:2400px;\"><\/div>\n<\/div>\n<\/figure>\n<p>Wenn Sie nicht in der Lage sind, jedes einzelne P\u00e4ckchen in Ihre Gl\u00e4ser und Beh\u00e4lter zu leeren, werden Sie fast immer Restbest\u00e4nde in Ihrem Zuhause haben, seien es getrocknete Lebensmittel oder Ersatz-Toilettenartikel.<\/p>\n<p>Das bedeutet dann, dass Sie die doppelte Wohnfl\u00e4che ben\u00f6tigen <u>Aufbewahrungsideen<\/u> \u2013 einen Platz zum Aufbewahren der Gegenst\u00e4nde, die Sie gerade benutzen (z. B. Ihre K\u00fcchenschr\u00e4nke oder Ihren Badezimmerwaschtisch) und einen weiteren Aufbewahrungsort, um die Reste au\u00dfer Sichtweite zu halten. Meiner Meinung nach ist dies keine gro\u00dfartige Raumausnutzung. Tats\u00e4chlich kommt es h\u00e4ufig vor <u>So verschwenden Sie Platz in Ihrer K\u00fcche<\/u>.<\/p>\n<p>Stattdessen ist es besser, nur das zu kaufen, was Sie brauchen, oder auf die F\u00fclle des Wiederauff\u00fcllungstrends zu setzen, wie Carol Appelbaum, Gr\u00fcnderin von <u>Luxuri\u00f6ser Profi-Organizer<\/u> schl\u00e4gt vor.<\/p>\n<p>Carol erkl\u00e4rt: \u201eHochorganisierte Menschen wissen, wie wichtig es ist, minimal zu sein.\u201c Sie sind sich bewusst, dass zu viele gleiche Artikel zu Unordnung und Desorganisation f\u00fchren k\u00f6nnen. Stattdessen entscheiden sie sich f\u00fcr weniger, qualitativ hochwertige Artikel, die mehreren Zwecken dienen. Dieser Ansatz spart Platz und erleichtert die Aufrechterhaltung eines aufger\u00e4umten und organisierten Zuhauses.<\/p>\n<p>\u201eDurch die regelm\u00e4\u00dfige \u00dcberpr\u00fcfung ihrer Habseligkeiten und das Weglassen von Gegenst\u00e4nden, die ihnen nicht mehr dienen, entsteht ein Wohnumfeld, das sich ger\u00e4umig, luxuri\u00f6s und frei von unn\u00f6tigen Ablenkungen anf\u00fchlt.\u201c<\/p>\n<h3 class=\"article-body__section\" id=\"section-2-it-creates-waste\"><span>2. Es entsteht Abfall <\/span><\/h3>\n<figure class=\"van-image-figure inline-layout \" data-bordeaux-image-check>\n<div class=\"image-full-width-wrapper\">\n<div class=\"image-widthsetter\" style=\"max-width:2000px;\"><\/div>\n<\/div>\n<\/figure>\n<p>Ich bin immer auf der Suche nach mehr <u>M\u00f6glichkeiten, zu Hause nachhaltig zu sein<\/u>. Es scheint vielleicht nicht viel zu bewirken, aber f\u00fcr jeden wiederverwendeten oder recycelten Beh\u00e4lter landet etwas weniger auf der M\u00fclldeponie. Wiederholen Sie dies w\u00f6chentlich, und das ist eine Menge vermiedener Verschwendung.<\/p>\n<p>Wenn wir uns auf den Wiederauff\u00fcllungstrend konzentrieren und versuchen, die bildsch\u00f6nen R\u00e4ume, die wir online sehen, nachzuahmen, k\u00f6nnen wir versucht sein, weit mehr zu kaufen, als wir brauchen, was dazu f\u00fchrt, dass wir Artikel schlie\u00dflich wegwerfen, wenn wir sie nicht rechtzeitig verwenden oder es nicht bemerken Wir m\u00f6gen eigentlich nicht genug, um alles aufzubrauchen.<\/p>\n<p>Selbst wenn Sie ein in gro\u00dfen Mengen gekauftes Produkt erfolgreich vollst\u00e4ndig verbrauchen, reduzieren wir den Nutzen und die Lebensdauer der Originalverpackung, indem wir es aus dem im Laden gekauften Beh\u00e4lter in einen \u201esch\u00f6neren\u201c Beh\u00e4lter entleeren. Ja, es gibt einige F\u00e4lle, in denen dies benutzerdefiniert ist <u>Ideen zur Lebensmittelaufbewahrung k\u00f6nnen Ihnen helfen, Lebensmittelverschwendung zu reduzieren<\/u>aber meistens ist das Store-Paket mehr als ausreichend. Es ist weit mehr <u>umweltfreundlicher Organisationstipp f\u00fcr ein nachhaltigeres Zuhause<\/u>.<\/p>\n<p><em>Alle Preise gelten zum Zeitpunkt der Ver\u00f6ffentlichung.<\/em><\/p>\n<div class=\"product-container hero-product-container product-block-no-wrap\"><\/div>\n<h3 class=\"article-body__section\" id=\"section-3-it-adds-time-to-your-chores\"><span>3. Es erh\u00f6ht die Zeit f\u00fcr Ihre Aufgaben <\/span><\/h3>\n<figure class=\"van-image-figure inline-layout \" data-bordeaux-image-check>\n<div class=\"image-full-width-wrapper\">\n<div class=\"image-widthsetter\" style=\"max-width:2400px;\"><\/div>\n<\/div>\n<\/figure>\n<p>Sofern Sie Hausarbeiten nicht wirklich lieben, sind die meisten von uns immer auf der Suche danach <u>M\u00f6glichkeiten, ein arbeitsfreies Wochenende zu genie\u00dfen<\/u>. Das bedeutet, dass wir unsere Reinigungs- und Aufr\u00e4umarbeiten so pr\u00e4gnant und effektiv wie m\u00f6glich gestalten.<\/p>\n<p>Wenn Sie jedoch versuchen, dem Trend zur Wiederauff\u00fcllung Ihrer Lagerbest\u00e4nde zu folgen, investieren Sie aktiv Zeit in Ihre Aufgaben. Pakete \u00f6ffnen m\u00fcssen, <u>Getrocknete Lebensmittel umf\u00fcllen<\/u>und ein Zuhause f\u00fcr die Reste zu finden bedeutet, sich Zeit zu nehmen, um sich zu entspannen oder Zeit mit der Familie zu verbringen. Beim Erstellen guter Organisationssysteme geht es darum, Zeit und Energie zu sparen und nicht zu verschwenden.<\/p>\n<p>Es sei denn, Sie betreiben einen erfolgreichen Social-Media-Kanal, auf dem Sie mit Videos Geld verdienen <u>\u00c4sthetische Organisationstricks<\/u>Oftmals lohnt es sich aber gar nicht \u2013 vor allem, wenn die Dinge dann sowieso hinter Schrankt\u00fcren versteckt sind.<\/p>\n<p>Silvia de Denaro Vieira, CEO und Mitbegr\u00fcnderin der Home-Management-App <u>Koexistieren<\/u> sagt, dass die Umgehung dieses Problems normalerweise bedeutet, im Voraus zu planen, um die Arbeitszeit gering zu halten. Sie sagt zum Beispiel: \u201eBei uns zu Hause erstellen wir w\u00f6chentliche Einkaufslisten und halten uns daran, um zu verhindern, dass wir Dinge mitnehmen, die wir nicht brauchen.\u201c Wir verwenden auch Packlisten f\u00fcr Reisen, um sicherzustellen, dass wir alles haben, was wir brauchen, ohne zu viel einzupacken. Es geht darum, organisiert und durchdacht zu sein, um das Leben ein bisschen einfacher zu machen.\u201c<\/p>\n<h3 class=\"article-body__section\" id=\"section-4-it-promotes-overconsumption\"><span>4. Es f\u00f6rdert \u00fcberm\u00e4\u00dfigen Konsum <\/span><\/h3>\n<figure class=\"van-image-figure inline-layout \" data-bordeaux-image-check>\n<div class=\"image-full-width-wrapper\">\n<div class=\"image-widthsetter\" style=\"max-width:1000px;\"><\/div>\n<\/div>\n<\/figure>\n<p>Der Gro\u00dfeinkauf von Produkten hat seine Zeit und seinen Ort. Wenn Sie beispielsweise einen sehr gro\u00dfen Haushalt haben, in dem die Dinge schnell und ohne viel Abfall verbraucht werden, ist das sicherlich praktischer, als drei- bis viermal pro Woche zum Einkaufen zu laufen. F\u00fcr kleinere Haushalte mit vier oder weniger Personen ist es jedoch fast immer \u00fcbertrieben. Wenn es Ihr Ziel ist, Ihre Beh\u00e4lter voll zu halten, damit Ihre K\u00fcche oder <u>Organisation der Waschk\u00fcche<\/u> \u201eSieht sch\u00f6ner aus\u201c, dann konsumieren Sie wahrscheinlich zu viel.<\/p>\n<p>\u00dcberm\u00e4\u00dfiger Konsum kann Ihre pers\u00f6nlichen Finanzen und Ihre Lagerhaltung belasten und gleichzeitig eine \u00dcberproduktion beg\u00fcnstigen, was bedeutet, dass mehr erzeugt wird, was wiederum zu mehr Abfall f\u00fchrt. Deshalb bevorzuge ich das sehr <u>Unterkonsumtrend<\/u>Dabei liegt der Schwerpunkt darauf, die gesamte Lebensdauer eines Produkts zu nutzen, bevor es ersetzt wird, sei es eine Tube Zahnpasta oder ein Mantel.<\/p>\n<p>Kathy Cohoon, Betriebsleiterin bei <u>Zwei Dienstm\u00e4dchen<\/u> stimmt zu. Sie sagt: \u201eIch denke, der Trend zum Unterkonsum ist ein Hauch frischer Luft.\u201c Bei all dem Druck, immer wieder Dinge zu kaufen und anzuh\u00e4ufen, ist es sch\u00f6n zu sehen, dass sich ein Wandel hin zu einer st\u00e4rkeren Achtsamkeit gegen\u00fcber dem, was wir wirklich brauchen, vollzieht. Es ist, als ob man auf die Pause-Taste dr\u00fcckt und wirklich dar\u00fcber nachdenkt, was es wert ist, in unser Zuhause zu kommen. Au\u00dferdem ist es eine gro\u00dfartige M\u00f6glichkeit, unsere R\u00e4ume aufger\u00e4umt zu halten und den Stresspegel niedrig zu halten.\u201c<\/p>\n<hr>\n<p>Es ist wichtig anzumerken, dass ich mich schon lange daf\u00fcr entschieden habe, Produkte in sch\u00f6nere Gl\u00e4ser und Beh\u00e4lter aufzuf\u00fcllen, bevor mir klar wurde, wie viel schwieriger es mein Leben machte. Eine Zeit lang f\u00fchlte ich mich dadurch etwas besser, wie mein Zuhause aussah, und ich bin mir sicher, dass das bei vielen anderen auch der Fall ist. Es lohnt sich jedoch auch, auf Ihre Gewohnheiten zu achten und sowohl auf die Verschwendung zu achten, die sie verursachen, als auch darauf, wann es keinen Spa\u00df mehr macht.<\/p>\n<p>Wenn das Bef\u00fcllen von Gl\u00e4sern von befriedigend zu stressig wird, w\u00e4hrend Sie versuchen, die Perfektion voranzutreiben, ist es wichtig, eine Grenze zu ziehen. Eine allgemeine Aura der Entspannung und intelligente Systeme sind nur zwei von vielen Dingen <u>Profi-Organisatoren merken es in einem gut organisierten Zuhause immer<\/u>Ohne sie ist es immer noch nur visuell organisiertes Chaos.<\/p>\n<\/div>\n","protected":false},"excerpt":{"rendered":"<p>Ich liebe es, organisiert zu bleiben \u2013 das ist einer der Gr\u00fcnde, warum ich hier als Inhaltsredakteur f\u00fcr Solved arbeite H&#038;G. Das Organisieren war eine<\/p>\n","protected":false},"author":1,"featured_media":1241,"comment_status":"closed","ping_status":"","sticky":false,"template":"","format":"standard","meta":{"footnotes":""},"categories":[118],"tags":[357,2360,1210,2362,78,9,43,1056,2359,163,129,2361,2358,165,58,560,504,449,21,744,67],"class_list":["post-1240","post","type-post","status-publish","format-standard","has-post-thumbnail","hentry","category-haus-garten","tag-aber","tag-auffuellen","tag-bin","tag-darauf","tag-den","tag-die","tag-ein","tag-gruende","tag-hasse","tag-hier","tag-ich","tag-lagerbestaenden","tag-serienorganisator","tag-sie","tag-sind","tag-sollten","tag-trend","tag-verzichten","tag-von","tag-warum","tag-zum","generate-columns","tablet-grid-50","mobile-grid-100","grid-parent","grid-50"],"yoast_head":"<!-- This site is optimized with the Yoast SEO plugin v27.3 - https:\/\/yoast.com\/product\/yoast-seo-wordpress\/ -->\n<title>Ich bin ein Serienorganisator, aber ich hasse den Trend zum Auff\u00fcllen von Lagerbest\u00e4nden \u2013 hier sind die 4 Gr\u00fcnde, warum Sie darauf verzichten sollten - Nachrichten - Stra\u00dfenweb<\/title>\n<meta name=\"robots\" content=\"index, follow, max-snippet:-1, max-image-preview:large, max-video-preview:-1\" \/>\n<link rel=\"canonical\" href=\"https:\/\/www.strassenweb.de\/nachrichten\/ich-bin-ein-serienorganisator-aber-ich-hasse-den-trend-zum-auffuellen-von-lagerbestaenden-hier-sind-die-4-gruende-warum-sie-darauf-verzichten-sollten\/\" \/>\n<meta property=\"og:locale\" content=\"de_DE\" \/>\n<meta property=\"og:type\" content=\"article\" \/>\n<meta property=\"og:title\" content=\"Ich bin ein Serienorganisator, aber ich hasse den Trend zum Auff\u00fcllen von Lagerbest\u00e4nden \u2013 hier sind die 4 Gr\u00fcnde, warum Sie darauf verzichten sollten - Nachrichten - Stra\u00dfenweb\" \/>\n<meta property=\"og:description\" content=\"Ich liebe es, organisiert zu bleiben \u2013 das ist einer der Gr\u00fcnde, warum ich hier als Inhaltsredakteur f\u00fcr Solved arbeite H&#038;G. Das Organisieren war eine\" \/>\n<meta property=\"og:url\" content=\"https:\/\/www.strassenweb.de\/nachrichten\/ich-bin-ein-serienorganisator-aber-ich-hasse-den-trend-zum-auffuellen-von-lagerbestaenden-hier-sind-die-4-gruende-warum-sie-darauf-verzichten-sollten\/\" \/>\n<meta property=\"og:site_name\" content=\"Stra\u00dfenweb\" \/>\n<meta property=\"article:publisher\" content=\"https:\/\/www.facebook.com\/strassenweb\/\" \/>\n<meta property=\"article:published_time\" content=\"2024-10-30T14:40:44+00:00\" \/>\n<meta property=\"article:modified_time\" content=\"2024-10-30T14:40:46+00:00\" \/>\n<meta property=\"og:image\" content=\"https:\/\/www.strassenweb.de\/nachrichten\/wp-content\/uploads\/2024\/10\/Ich-bin-ein-Serienorganisator-aber-ich-hasse-den-Trend-zum.jpg\" \/>\n\t<meta property=\"og:image:width\" content=\"1200\" \/>\n\t<meta property=\"og:image:height\" content=\"675\" \/>\n\t<meta property=\"og:image:type\" content=\"image\/jpeg\" \/>\n<meta name=\"author\" content=\"Robert Hoffmann\" \/>\n<meta name=\"twitter:card\" content=\"summary_large_image\" \/>\n<meta name=\"twitter:label1\" content=\"Verfasst von\" \/>\n\t<meta name=\"twitter:data1\" content=\"Robert Hoffmann\" \/>\n\t<meta name=\"twitter:label2\" content=\"Gesch\u00e4tzte Lesezeit\" \/>\n\t<meta name=\"twitter:data2\" content=\"7\u00a0Minuten\" \/>\n<script type=\"application\/ld+json\" class=\"yoast-schema-graph\">{\"@context\":\"https:\\\/\\\/schema.org\",\"@graph\":[{\"@type\":\"Article\",\"@id\":\"https:\\\/\\\/www.strassenweb.de\\\/nachrichten\\\/ich-bin-ein-serienorganisator-aber-ich-hasse-den-trend-zum-auffuellen-von-lagerbestaenden-hier-sind-die-4-gruende-warum-sie-darauf-verzichten-sollten\\\/#article\",\"isPartOf\":{\"@id\":\"https:\\\/\\\/www.strassenweb.de\\\/nachrichten\\\/ich-bin-ein-serienorganisator-aber-ich-hasse-den-trend-zum-auffuellen-von-lagerbestaenden-hier-sind-die-4-gruende-warum-sie-darauf-verzichten-sollten\\\/\"},\"author\":{\"name\":\"Robert Hoffmann\",\"@id\":\"https:\\\/\\\/www.strassenweb.de\\\/nachrichten\\\/#\\\/schema\\\/person\\\/87c9c9067f1211da429a744dc5a5aa41\"},\"headline\":\"Ich bin ein Serienorganisator, aber ich hasse den Trend zum Auff\u00fcllen von Lagerbest\u00e4nden \u2013 hier sind die 4 Gr\u00fcnde, warum Sie darauf verzichten sollten\",\"datePublished\":\"2024-10-30T14:40:44+00:00\",\"dateModified\":\"2024-10-30T14:40:46+00:00\",\"mainEntityOfPage\":{\"@id\":\"https:\\\/\\\/www.strassenweb.de\\\/nachrichten\\\/ich-bin-ein-serienorganisator-aber-ich-hasse-den-trend-zum-auffuellen-von-lagerbestaenden-hier-sind-die-4-gruende-warum-sie-darauf-verzichten-sollten\\\/\"},\"wordCount\":1442,\"publisher\":{\"@id\":\"https:\\\/\\\/www.strassenweb.de\\\/nachrichten\\\/#organization\"},\"image\":{\"@id\":\"https:\\\/\\\/www.strassenweb.de\\\/nachrichten\\\/ich-bin-ein-serienorganisator-aber-ich-hasse-den-trend-zum-auffuellen-von-lagerbestaenden-hier-sind-die-4-gruende-warum-sie-darauf-verzichten-sollten\\\/#primaryimage\"},\"thumbnailUrl\":\"https:\\\/\\\/www.strassenweb.de\\\/nachrichten\\\/wp-content\\\/uploads\\\/2024\\\/10\\\/Ich-bin-ein-Serienorganisator-aber-ich-hasse-den-Trend-zum.jpg\",\"keywords\":[\"aber\",\"Auff\u00fcllen\",\"bin\",\"darauf\",\"den\",\"die\",\"ein\",\"Gr\u00fcnde\",\"hasse\",\"hier\",\"ich\",\"Lagerbest\u00e4nden\",\"Serienorganisator\",\"Sie\",\"sind\",\"sollten\",\"Trend\",\"verzichten\",\"von\",\"warum\",\"zum\"],\"articleSection\":[\"Haus &amp; Garten\"],\"inLanguage\":\"de\"},{\"@type\":\"WebPage\",\"@id\":\"https:\\\/\\\/www.strassenweb.de\\\/nachrichten\\\/ich-bin-ein-serienorganisator-aber-ich-hasse-den-trend-zum-auffuellen-von-lagerbestaenden-hier-sind-die-4-gruende-warum-sie-darauf-verzichten-sollten\\\/\",\"url\":\"https:\\\/\\\/www.strassenweb.de\\\/nachrichten\\\/ich-bin-ein-serienorganisator-aber-ich-hasse-den-trend-zum-auffuellen-von-lagerbestaenden-hier-sind-die-4-gruende-warum-sie-darauf-verzichten-sollten\\\/\",\"name\":\"Ich bin ein Serienorganisator, aber ich hasse den Trend zum Auff\u00fcllen von Lagerbest\u00e4nden \u2013 hier sind die 4 Gr\u00fcnde, warum Sie darauf verzichten sollten - Nachrichten - Stra\u00dfenweb\",\"isPartOf\":{\"@id\":\"https:\\\/\\\/www.strassenweb.de\\\/nachrichten\\\/#website\"},\"primaryImageOfPage\":{\"@id\":\"https:\\\/\\\/www.strassenweb.de\\\/nachrichten\\\/ich-bin-ein-serienorganisator-aber-ich-hasse-den-trend-zum-auffuellen-von-lagerbestaenden-hier-sind-die-4-gruende-warum-sie-darauf-verzichten-sollten\\\/#primaryimage\"},\"image\":{\"@id\":\"https:\\\/\\\/www.strassenweb.de\\\/nachrichten\\\/ich-bin-ein-serienorganisator-aber-ich-hasse-den-trend-zum-auffuellen-von-lagerbestaenden-hier-sind-die-4-gruende-warum-sie-darauf-verzichten-sollten\\\/#primaryimage\"},\"thumbnailUrl\":\"https:\\\/\\\/www.strassenweb.de\\\/nachrichten\\\/wp-content\\\/uploads\\\/2024\\\/10\\\/Ich-bin-ein-Serienorganisator-aber-ich-hasse-den-Trend-zum.jpg\",\"datePublished\":\"2024-10-30T14:40:44+00:00\",\"dateModified\":\"2024-10-30T14:40:46+00:00\",\"breadcrumb\":{\"@id\":\"https:\\\/\\\/www.strassenweb.de\\\/nachrichten\\\/ich-bin-ein-serienorganisator-aber-ich-hasse-den-trend-zum-auffuellen-von-lagerbestaenden-hier-sind-die-4-gruende-warum-sie-darauf-verzichten-sollten\\\/#breadcrumb\"},\"inLanguage\":\"de\",\"potentialAction\":[{\"@type\":\"ReadAction\",\"target\":[\"https:\\\/\\\/www.strassenweb.de\\\/nachrichten\\\/ich-bin-ein-serienorganisator-aber-ich-hasse-den-trend-zum-auffuellen-von-lagerbestaenden-hier-sind-die-4-gruende-warum-sie-darauf-verzichten-sollten\\\/\"]}]},{\"@type\":\"ImageObject\",\"inLanguage\":\"de\",\"@id\":\"https:\\\/\\\/www.strassenweb.de\\\/nachrichten\\\/ich-bin-ein-serienorganisator-aber-ich-hasse-den-trend-zum-auffuellen-von-lagerbestaenden-hier-sind-die-4-gruende-warum-sie-darauf-verzichten-sollten\\\/#primaryimage\",\"url\":\"https:\\\/\\\/www.strassenweb.de\\\/nachrichten\\\/wp-content\\\/uploads\\\/2024\\\/10\\\/Ich-bin-ein-Serienorganisator-aber-ich-hasse-den-Trend-zum.jpg\",\"contentUrl\":\"https:\\\/\\\/www.strassenweb.de\\\/nachrichten\\\/wp-content\\\/uploads\\\/2024\\\/10\\\/Ich-bin-ein-Serienorganisator-aber-ich-hasse-den-Trend-zum.jpg\",\"width\":1200,\"height\":675,\"caption\":\"Ich bin ein Serienorganisator, aber ich hasse den Trend zum Auff\u00fcllen von Lagerbest\u00e4nden \u2013 hier sind die 4 Gr\u00fcnde, warum Sie darauf verzichten sollten\"},{\"@type\":\"BreadcrumbList\",\"@id\":\"https:\\\/\\\/www.strassenweb.de\\\/nachrichten\\\/ich-bin-ein-serienorganisator-aber-ich-hasse-den-trend-zum-auffuellen-von-lagerbestaenden-hier-sind-die-4-gruende-warum-sie-darauf-verzichten-sollten\\\/#breadcrumb\",\"itemListElement\":[{\"@type\":\"ListItem\",\"position\":1,\"name\":\"Home\",\"item\":\"https:\\\/\\\/www.strassenweb.de\\\/nachrichten\\\/\"},{\"@type\":\"ListItem\",\"position\":2,\"name\":\"Ich bin ein Serienorganisator, aber ich hasse den Trend zum Auff\u00fcllen von Lagerbest\u00e4nden \u2013 hier sind die 4 Gr\u00fcnde, warum Sie darauf verzichten sollten\"}]},{\"@type\":\"WebSite\",\"@id\":\"https:\\\/\\\/www.strassenweb.de\\\/nachrichten\\\/#website\",\"url\":\"https:\\\/\\\/www.strassenweb.de\\\/nachrichten\\\/\",\"name\":\"Stra\u00dfenweb\",\"description\":\"Stra\u00dfenverzeichnis f\u00fcr Deutschland\",\"publisher\":{\"@id\":\"https:\\\/\\\/www.strassenweb.de\\\/nachrichten\\\/#organization\"},\"potentialAction\":[{\"@type\":\"SearchAction\",\"target\":{\"@type\":\"EntryPoint\",\"urlTemplate\":\"https:\\\/\\\/www.strassenweb.de\\\/nachrichten\\\/?s={search_term_string}\"},\"query-input\":{\"@type\":\"PropertyValueSpecification\",\"valueRequired\":true,\"valueName\":\"search_term_string\"}}],\"inLanguage\":\"de\"},{\"@type\":\"Organization\",\"@id\":\"https:\\\/\\\/www.strassenweb.de\\\/nachrichten\\\/#organization\",\"name\":\"Stra\u00dfenweb\",\"url\":\"https:\\\/\\\/www.strassenweb.de\\\/nachrichten\\\/\",\"logo\":{\"@type\":\"ImageObject\",\"inLanguage\":\"de\",\"@id\":\"https:\\\/\\\/www.strassenweb.de\\\/nachrichten\\\/#\\\/schema\\\/logo\\\/image\\\/\",\"url\":\"https:\\\/\\\/www.strassenweb.de\\\/nachrichten\\\/wp-content\\\/uploads\\\/2024\\\/09\\\/cropped-favicon.png\",\"contentUrl\":\"https:\\\/\\\/www.strassenweb.de\\\/nachrichten\\\/wp-content\\\/uploads\\\/2024\\\/09\\\/cropped-favicon.png\",\"width\":512,\"height\":512,\"caption\":\"Stra\u00dfenweb\"},\"image\":{\"@id\":\"https:\\\/\\\/www.strassenweb.de\\\/nachrichten\\\/#\\\/schema\\\/logo\\\/image\\\/\"},\"sameAs\":[\"https:\\\/\\\/www.facebook.com\\\/strassenweb\\\/\"]},{\"@type\":\"Person\",\"@id\":\"https:\\\/\\\/www.strassenweb.de\\\/nachrichten\\\/#\\\/schema\\\/person\\\/87c9c9067f1211da429a744dc5a5aa41\",\"name\":\"Robert Hoffmann\",\"image\":{\"@type\":\"ImageObject\",\"inLanguage\":\"de\",\"@id\":\"https:\\\/\\\/www.strassenweb.de\\\/nachrichten\\\/wp-content\\\/uploads\\\/2024\\\/09\\\/strassenweb-150x150.jpg\",\"url\":\"https:\\\/\\\/www.strassenweb.de\\\/nachrichten\\\/wp-content\\\/uploads\\\/2024\\\/09\\\/strassenweb-150x150.jpg\",\"contentUrl\":\"https:\\\/\\\/www.strassenweb.de\\\/nachrichten\\\/wp-content\\\/uploads\\\/2024\\\/09\\\/strassenweb-150x150.jpg\",\"caption\":\"Robert Hoffmann\"},\"description\":\"Ich hei\u00dfe Robert Hoffmann und ich bin ein leidenschaftlicher Verfechter von \u00d6kologie und Biodiversit\u00e4t. Seit meiner Kindheit in den W\u00e4ldern Bayerns f\u00fchle ich mich mit der Natur verbunden und bin entschlossen, sie zu sch\u00fctzen. Heute widme ich mein Leben der Sensibilisierung anderer f\u00fcr die Bedeutung des Umweltschutzes f\u00fcr zuk\u00fcnftige Generationen.\",\"sameAs\":[\"https:\\\/\\\/www.strassenweb.de\\\/\"]}]}<\/script>\n<!-- \/ Yoast SEO plugin. -->","yoast_head_json":{"title":"Ich bin ein Serienorganisator, aber ich hasse den Trend zum Auff\u00fcllen von Lagerbest\u00e4nden \u2013 hier sind die 4 Gr\u00fcnde, warum Sie darauf verzichten sollten - Nachrichten - Stra\u00dfenweb","robots":{"index":"index","follow":"follow","max-snippet":"max-snippet:-1","max-image-preview":"max-image-preview:large","max-video-preview":"max-video-preview:-1"},"canonical":"https:\/\/www.strassenweb.de\/nachrichten\/ich-bin-ein-serienorganisator-aber-ich-hasse-den-trend-zum-auffuellen-von-lagerbestaenden-hier-sind-die-4-gruende-warum-sie-darauf-verzichten-sollten\/","og_locale":"de_DE","og_type":"article","og_title":"Ich bin ein Serienorganisator, aber ich hasse den Trend zum Auff\u00fcllen von Lagerbest\u00e4nden \u2013 hier sind die 4 Gr\u00fcnde, warum Sie darauf verzichten sollten - Nachrichten - Stra\u00dfenweb","og_description":"Ich liebe es, organisiert zu bleiben \u2013 das ist einer der Gr\u00fcnde, warum ich hier als Inhaltsredakteur f\u00fcr Solved arbeite H&#038;G. Das Organisieren war eine","og_url":"https:\/\/www.strassenweb.de\/nachrichten\/ich-bin-ein-serienorganisator-aber-ich-hasse-den-trend-zum-auffuellen-von-lagerbestaenden-hier-sind-die-4-gruende-warum-sie-darauf-verzichten-sollten\/","og_site_name":"Stra\u00dfenweb","article_publisher":"https:\/\/www.facebook.com\/strassenweb\/","article_published_time":"2024-10-30T14:40:44+00:00","article_modified_time":"2024-10-30T14:40:46+00:00","og_image":[{"width":1200,"height":675,"url":"https:\/\/www.strassenweb.de\/nachrichten\/wp-content\/uploads\/2024\/10\/Ich-bin-ein-Serienorganisator-aber-ich-hasse-den-Trend-zum.jpg","type":"image\/jpeg"}],"author":"Robert Hoffmann","twitter_card":"summary_large_image","twitter_misc":{"Verfasst von":"Robert Hoffmann","Gesch\u00e4tzte Lesezeit":"7\u00a0Minuten"},"schema":{"@context":"https:\/\/schema.org","@graph":[{"@type":"Article","@id":"https:\/\/www.strassenweb.de\/nachrichten\/ich-bin-ein-serienorganisator-aber-ich-hasse-den-trend-zum-auffuellen-von-lagerbestaenden-hier-sind-die-4-gruende-warum-sie-darauf-verzichten-sollten\/#article","isPartOf":{"@id":"https:\/\/www.strassenweb.de\/nachrichten\/ich-bin-ein-serienorganisator-aber-ich-hasse-den-trend-zum-auffuellen-von-lagerbestaenden-hier-sind-die-4-gruende-warum-sie-darauf-verzichten-sollten\/"},"author":{"name":"Robert Hoffmann","@id":"https:\/\/www.strassenweb.de\/nachrichten\/#\/schema\/person\/87c9c9067f1211da429a744dc5a5aa41"},"headline":"Ich bin ein Serienorganisator, aber ich hasse den Trend zum Auff\u00fcllen von Lagerbest\u00e4nden \u2013 hier sind die 4 Gr\u00fcnde, warum Sie darauf verzichten sollten","datePublished":"2024-10-30T14:40:44+00:00","dateModified":"2024-10-30T14:40:46+00:00","mainEntityOfPage":{"@id":"https:\/\/www.strassenweb.de\/nachrichten\/ich-bin-ein-serienorganisator-aber-ich-hasse-den-trend-zum-auffuellen-von-lagerbestaenden-hier-sind-die-4-gruende-warum-sie-darauf-verzichten-sollten\/"},"wordCount":1442,"publisher":{"@id":"https:\/\/www.strassenweb.de\/nachrichten\/#organization"},"image":{"@id":"https:\/\/www.strassenweb.de\/nachrichten\/ich-bin-ein-serienorganisator-aber-ich-hasse-den-trend-zum-auffuellen-von-lagerbestaenden-hier-sind-die-4-gruende-warum-sie-darauf-verzichten-sollten\/#primaryimage"},"thumbnailUrl":"https:\/\/www.strassenweb.de\/nachrichten\/wp-content\/uploads\/2024\/10\/Ich-bin-ein-Serienorganisator-aber-ich-hasse-den-Trend-zum.jpg","keywords":["aber","Auff\u00fcllen","bin","darauf","den","die","ein","Gr\u00fcnde","hasse","hier","ich","Lagerbest\u00e4nden","Serienorganisator","Sie","sind","sollten","Trend","verzichten","von","warum","zum"],"articleSection":["Haus &amp; Garten"],"inLanguage":"de"},{"@type":"WebPage","@id":"https:\/\/www.strassenweb.de\/nachrichten\/ich-bin-ein-serienorganisator-aber-ich-hasse-den-trend-zum-auffuellen-von-lagerbestaenden-hier-sind-die-4-gruende-warum-sie-darauf-verzichten-sollten\/","url":"https:\/\/www.strassenweb.de\/nachrichten\/ich-bin-ein-serienorganisator-aber-ich-hasse-den-trend-zum-auffuellen-von-lagerbestaenden-hier-sind-die-4-gruende-warum-sie-darauf-verzichten-sollten\/","name":"Ich bin ein Serienorganisator, aber ich hasse den Trend zum Auff\u00fcllen von Lagerbest\u00e4nden \u2013 hier sind die 4 Gr\u00fcnde, warum Sie darauf verzichten sollten - Nachrichten - Stra\u00dfenweb","isPartOf":{"@id":"https:\/\/www.strassenweb.de\/nachrichten\/#website"},"primaryImageOfPage":{"@id":"https:\/\/www.strassenweb.de\/nachrichten\/ich-bin-ein-serienorganisator-aber-ich-hasse-den-trend-zum-auffuellen-von-lagerbestaenden-hier-sind-die-4-gruende-warum-sie-darauf-verzichten-sollten\/#primaryimage"},"image":{"@id":"https:\/\/www.strassenweb.de\/nachrichten\/ich-bin-ein-serienorganisator-aber-ich-hasse-den-trend-zum-auffuellen-von-lagerbestaenden-hier-sind-die-4-gruende-warum-sie-darauf-verzichten-sollten\/#primaryimage"},"thumbnailUrl":"https:\/\/www.strassenweb.de\/nachrichten\/wp-content\/uploads\/2024\/10\/Ich-bin-ein-Serienorganisator-aber-ich-hasse-den-Trend-zum.jpg","datePublished":"2024-10-30T14:40:44+00:00","dateModified":"2024-10-30T14:40:46+00:00","breadcrumb":{"@id":"https:\/\/www.strassenweb.de\/nachrichten\/ich-bin-ein-serienorganisator-aber-ich-hasse-den-trend-zum-auffuellen-von-lagerbestaenden-hier-sind-die-4-gruende-warum-sie-darauf-verzichten-sollten\/#breadcrumb"},"inLanguage":"de","potentialAction":[{"@type":"ReadAction","target":["https:\/\/www.strassenweb.de\/nachrichten\/ich-bin-ein-serienorganisator-aber-ich-hasse-den-trend-zum-auffuellen-von-lagerbestaenden-hier-sind-die-4-gruende-warum-sie-darauf-verzichten-sollten\/"]}]},{"@type":"ImageObject","inLanguage":"de","@id":"https:\/\/www.strassenweb.de\/nachrichten\/ich-bin-ein-serienorganisator-aber-ich-hasse-den-trend-zum-auffuellen-von-lagerbestaenden-hier-sind-die-4-gruende-warum-sie-darauf-verzichten-sollten\/#primaryimage","url":"https:\/\/www.strassenweb.de\/nachrichten\/wp-content\/uploads\/2024\/10\/Ich-bin-ein-Serienorganisator-aber-ich-hasse-den-Trend-zum.jpg","contentUrl":"https:\/\/www.strassenweb.de\/nachrichten\/wp-content\/uploads\/2024\/10\/Ich-bin-ein-Serienorganisator-aber-ich-hasse-den-Trend-zum.jpg","width":1200,"height":675,"caption":"Ich bin ein Serienorganisator, aber ich hasse den Trend zum Auff\u00fcllen von Lagerbest\u00e4nden \u2013 hier sind die 4 Gr\u00fcnde, warum Sie darauf verzichten sollten"},{"@type":"BreadcrumbList","@id":"https:\/\/www.strassenweb.de\/nachrichten\/ich-bin-ein-serienorganisator-aber-ich-hasse-den-trend-zum-auffuellen-von-lagerbestaenden-hier-sind-die-4-gruende-warum-sie-darauf-verzichten-sollten\/#breadcrumb","itemListElement":[{"@type":"ListItem","position":1,"name":"Home","item":"https:\/\/www.strassenweb.de\/nachrichten\/"},{"@type":"ListItem","position":2,"name":"Ich bin ein Serienorganisator, aber ich hasse den Trend zum Auff\u00fcllen von Lagerbest\u00e4nden \u2013 hier sind die 4 Gr\u00fcnde, warum Sie darauf verzichten sollten"}]},{"@type":"WebSite","@id":"https:\/\/www.strassenweb.de\/nachrichten\/#website","url":"https:\/\/www.strassenweb.de\/nachrichten\/","name":"Stra\u00dfenweb","description":"Stra\u00dfenverzeichnis f\u00fcr Deutschland","publisher":{"@id":"https:\/\/www.strassenweb.de\/nachrichten\/#organization"},"potentialAction":[{"@type":"SearchAction","target":{"@type":"EntryPoint","urlTemplate":"https:\/\/www.strassenweb.de\/nachrichten\/?s={search_term_string}"},"query-input":{"@type":"PropertyValueSpecification","valueRequired":true,"valueName":"search_term_string"}}],"inLanguage":"de"},{"@type":"Organization","@id":"https:\/\/www.strassenweb.de\/nachrichten\/#organization","name":"Stra\u00dfenweb","url":"https:\/\/www.strassenweb.de\/nachrichten\/","logo":{"@type":"ImageObject","inLanguage":"de","@id":"https:\/\/www.strassenweb.de\/nachrichten\/#\/schema\/logo\/image\/","url":"https:\/\/www.strassenweb.de\/nachrichten\/wp-content\/uploads\/2024\/09\/cropped-favicon.png","contentUrl":"https:\/\/www.strassenweb.de\/nachrichten\/wp-content\/uploads\/2024\/09\/cropped-favicon.png","width":512,"height":512,"caption":"Stra\u00dfenweb"},"image":{"@id":"https:\/\/www.strassenweb.de\/nachrichten\/#\/schema\/logo\/image\/"},"sameAs":["https:\/\/www.facebook.com\/strassenweb\/"]},{"@type":"Person","@id":"https:\/\/www.strassenweb.de\/nachrichten\/#\/schema\/person\/87c9c9067f1211da429a744dc5a5aa41","name":"Robert Hoffmann","image":{"@type":"ImageObject","inLanguage":"de","@id":"https:\/\/www.strassenweb.de\/nachrichten\/wp-content\/uploads\/2024\/09\/strassenweb-150x150.jpg","url":"https:\/\/www.strassenweb.de\/nachrichten\/wp-content\/uploads\/2024\/09\/strassenweb-150x150.jpg","contentUrl":"https:\/\/www.strassenweb.de\/nachrichten\/wp-content\/uploads\/2024\/09\/strassenweb-150x150.jpg","caption":"Robert Hoffmann"},"description":"Ich hei\u00dfe Robert Hoffmann und ich bin ein leidenschaftlicher Verfechter von \u00d6kologie und Biodiversit\u00e4t. Seit meiner Kindheit in den W\u00e4ldern Bayerns f\u00fchle ich mich mit der Natur verbunden und bin entschlossen, sie zu sch\u00fctzen. Heute widme ich mein Leben der Sensibilisierung anderer f\u00fcr die Bedeutung des Umweltschutzes f\u00fcr zuk\u00fcnftige Generationen.","sameAs":["https:\/\/www.strassenweb.de\/"]}]}},"_links":{"self":[{"href":"https:\/\/www.strassenweb.de\/nachrichten\/wp-json\/wp\/v2\/posts\/1240","targetHints":{"allow":["GET"]}}],"collection":[{"href":"https:\/\/www.strassenweb.de\/nachrichten\/wp-json\/wp\/v2\/posts"}],"about":[{"href":"https:\/\/www.strassenweb.de\/nachrichten\/wp-json\/wp\/v2\/types\/post"}],"author":[{"embeddable":true,"href":"https:\/\/www.strassenweb.de\/nachrichten\/wp-json\/wp\/v2\/users\/1"}],"replies":[{"embeddable":true,"href":"https:\/\/www.strassenweb.de\/nachrichten\/wp-json\/wp\/v2\/comments?post=1240"}],"version-history":[{"count":0,"href":"https:\/\/www.strassenweb.de\/nachrichten\/wp-json\/wp\/v2\/posts\/1240\/revisions"}],"wp:featuredmedia":[{"embeddable":true,"href":"https:\/\/www.strassenweb.de\/nachrichten\/wp-json\/wp\/v2\/media\/1241"}],"wp:attachment":[{"href":"https:\/\/www.strassenweb.de\/nachrichten\/wp-json\/wp\/v2\/media?parent=1240"}],"wp:term":[{"taxonomy":"category","embeddable":true,"href":"https:\/\/www.strassenweb.de\/nachrichten\/wp-json\/wp\/v2\/categories?post=1240"},{"taxonomy":"post_tag","embeddable":true,"href":"https:\/\/www.strassenweb.de\/nachrichten\/wp-json\/wp\/v2\/tags?post=1240"}],"curies":[{"name":"wp","href":"https:\/\/api.w.org\/{rel}","templated":true}]}}