{"id":1227,"date":"2024-10-29T18:48:31","date_gmt":"2024-10-29T17:48:31","guid":{"rendered":"https:\/\/www.strassenweb.de\/nachrichten\/europaeischer-igel-auf-der-roten-liste-der-iucn-als-nahezu-gefaehrdet-aufgefuehrt\/"},"modified":"2024-10-29T18:48:32","modified_gmt":"2024-10-29T17:48:32","slug":"europaeischer-igel-auf-der-roten-liste-der-iucn-als-nahezu-gefaehrdet-aufgefuehrt","status":"publish","type":"post","link":"https:\/\/www.strassenweb.de\/nachrichten\/europaeischer-igel-auf-der-roten-liste-der-iucn-als-nahezu-gefaehrdet-aufgefuehrt\/","title":{"rendered":"Europ\u00e4ischer Igel auf der Roten Liste der IUCN als \u201enahezu gef\u00e4hrdet\u201c aufgef\u00fchrt"},"content":{"rendered":"<p>Der Erhaltungszustand des Westeurop\u00e4ischen Igels (<em>Erinaceus europaeus<\/em>) wurde von \u201eLeast Concern\u201c auf \u201eLeast Concern\u201c aktualisiert <strong>Nahezu bedroht<\/strong> in der neuesten Version der Roten Liste der IUCN. Diese Ver\u00e4nderung basiert auf einem R\u00fcckgang, der sich in vielen Bereichen seines Verbreitungsgebiets innerhalb von 10 Jahren 30 % ann\u00e4hert oder sogar \u00fcberschreitet. <\/p>\n<p><em>\u201eDie \u00c4nderung des Status des westeurop\u00e4ischen Igels erfolgt nach sorgf\u00e4ltiger Pr\u00fcfung lokaler, regionaler und nationaler Erhebungen in seinem gesamten Verbreitungsgebiet. Leider deuten die Beweise auf einen besorgniserregenden und weit verbreiteten Abw\u00e4rtstrend hin. Die Bewertung der Roten Liste macht auch Datenunsicherheiten deutlich \u2013 beispielsweise sind die Grenzen der Verbreitung dieser Art nicht ganz klar und es bestehen Wissensl\u00fccken \u00fcber ihre Populationen. \u201eEs besteht immer noch eine Chance, den Niedergang des westeurop\u00e4ischen Igels zu stoppen, und wir m\u00fcssen darauf abzielen, eine weitere Verschlechterung des Status zu verhindern.\u201c<\/em> erkl\u00e4rte Abi Gazzard, Programmbeauftragter beim IUCN SSC Small Mammal Specialist Group Mitglied. <\/p>\n<p><strong>Westeurop\u00e4ischer Igel: Nahezu bedroht<\/strong><\/p>\n<p>Der westeurop\u00e4ische Igel, der einst in ganz Europa reichlich vorhanden war, sieht sich heute mit einer rapide schrumpfenden Population konfrontiert. Stadtentwicklung, landwirtschaftliche Ausweitung und Stra\u00dfeninfrastruktur haben den Lebensraum des Igels fragmentiert, w\u00e4hrend Fahrzeugunf\u00e4lle, der Einsatz von Pestiziden und schlecht bewirtschaftete G\u00e4rten ihre Zahl weiterhin verringern. \u00dcberwachungsbem\u00fchungen deuten darauf hin, dass ihr R\u00fcckgang im letzten Jahrzehnt um mehr als 30 % zunehmen k\u00f6nnte, was die Art ernsthaft gef\u00e4hrdet. <\/p>\n<p><em>\u201eF\u00fcr den Durchschnittsb\u00fcrger d\u00fcrfte dieser R\u00fcckgang keine \u00dcberraschung sein. Wenn Igel ins Gespr\u00e4ch kommen, dauert es nicht lange, bis jemand sagt, dass er sie einfach nicht mehr sieht. Wir hoffen, dass wir mit Ma\u00dfnahmen reagieren, die diese Erinnerungen wieder zum Leben erwecken, wenn Igel immer mehr zu einer fernen Erinnerung aus unserer Kindheit werden.\u201c<\/em> sagte Hope Nothhelfer, Kommunikationsbeauftragte bei der Mammal Society. <\/p>\n<p><strong>Die Bedeutung der Datenerfassung f\u00fcr den Igelschutz<\/strong><\/p>\n<p>Die Mammal Society ruft die \u00d6ffentlichkeit auf, sich an den Bem\u00fchungen zur \u00dcberwachung von Igeln zu beteiligen, indem sie Sichtungen \u00fcber die Mammal Mapper-App aufzeichnet und sich \u00fcber lokale S\u00e4ugetiergruppen mit anderen Natursch\u00fctzern zusammenschlie\u00dft. Die Erhebung dieser Daten wird dazu beitragen, Naturschutzstrategien zu entwickeln und Schutzma\u00dfnahmen auf kritische Gebiete zu konzentrieren. <\/p>\n<p>\u201e<em>Wir k\u00f6nnten Igeln in ganz Chiswick nicht helfen, ohne zuvor Daten zu sammeln, um Populations-Hotspots zu entdecken. Mithilfe von Wildkameras (bereitgestellt von London Hogwatch und der Mammal Society) k\u00f6nnen wir seit mehreren Jahren Igel verfolgen. Kontinuierliche \u00dcberwachung und Aufzeichnung sind wichtig, damit wir die Populationszahlen im Auge behalten und gezielte Projekte erstellen k\u00f6nnen, die Menschen dazu ermutigen, Igeln zu helfen.<\/em>\u201c, sagte Joanne Gilbert, Vorsitzende von Wild Chiswick, einer lokalen Gruppe der Mammal Society. <\/p>\n<p>Wildtierfreundliche Gartenbewirtschaftungspraktiken k\u00f6nnen dazu beitragen, dass Igel sowohl in st\u00e4dtischen als auch in l\u00e4ndlichen Gebieten gedeihen. Dazu geh\u00f6rt das Freilassen kleiner L\u00fccken in den Z\u00e4unen, um den Igeln die Bewegung zu erm\u00f6glichen, die Reduzierung des Pestizideinsatzes und die Bereitstellung von Nahrung und Unterschlupf durch die Errichtung von Baumst\u00e4mmen oder Igelh\u00e4usern. Schulgel\u00e4nde und Universit\u00e4tsgel\u00e4nde sind eine hervorragende Gelegenheit f\u00fcr die Schaffung von Lebensr\u00e4umen f\u00fcr Igel. <\/p>\n<p><em>\u201eJeder kann mit einfachen Schritten dazu beitragen, den steilen R\u00fcckgang der Igelzahlen umzukehren, etwa indem er eine flache Wasserschale bereitstellt, eine Igelautobahn anlegt und vor dem Schneiden nach Nestern sucht.\u201c Gemeinsame kleine Aktionen ermutigen junge Menschen, sich mit der Tierwelt auseinanderzusetzen, und f\u00fchren zu einem besseren Gesamtverst\u00e4ndnis f\u00fcr die F\u00f6rderung der Artenvielfalt \u2013 eine wichtige Inspiration f\u00fcr den Start meiner erfolgreichen Kampagne \u201eBe Hedgehog Aware\u201c im Alter von 13 Jahren. Ich freue mich, den Naturschutz weiterhin zu unterst\u00fctzen Bem\u00fchungen als Jugendbotschafter der Mammal Society\u201c,<\/em> sagte Dylan Allman, Jugendbotschafter bei der Mammal Society und Hedgehog Champion bei Hedgehog Aware. <\/p>\n<p><strong>Fakten und Statistiken zum Igel<\/strong><\/p>\n<ul class=\"wp-block-list\">\n<li>Der Igel, Gro\u00dfbritanniens einziges stacheliges S\u00e4ugetier, ist unverkennbar. Es kommt auf dem gesamten britischen Festland und in Irland vor und wurde auf den Orkney-Inseln, den Shetlandinseln, der Isle of Man und einigen Kanalinseln eingef\u00fchrt. <\/li>\n<li><strong>Igel sind ein Indikator f\u00fcr eine gesunde Umwelt<\/strong>da sie sich von einer Vielzahl wirbelloser Bodentiere ern\u00e4hren. Ein R\u00fcckgang der Igelbest\u00e4nde deutet auf eine Verschlechterung der Gesundheit des gesamten \u00d6kosystems hin.<\/li>\n<li><strong>Als gr\u00f6\u00dfte Bedrohung f\u00fcr Igel wird der Verlust ihres Lebensraums angesehen<\/strong>mit dem Wechsel von der Weidewirtschaft zum Ackerbau und der Vergr\u00f6\u00dferung der Feldgr\u00f6\u00dfe durch die Entfernung von Hecken in den letzten 30 Jahren. Der Einsatz von Chemikalien in G\u00e4rten und in der Intensivlandwirtschaft zerst\u00f6rt die Nahrungsbed\u00fcrfnisse der Igel und kann sie auch direkt vergiften. Viele kommen auch auf der Stra\u00dfe ums Leben. <\/li>\n<\/ul>\n<p>Eines von vier britischen S\u00e4ugetieren ist vom Aussterben bedroht, viele andere sind im Niedergang begriffen. Auf den Britischen Inseln und in Irland leben viele S\u00e4ugetierarten, von der winzigen Zwergspitzmaus bis zum riesigen Blauwal. Und doch geh\u00f6ren S\u00e4ugetiere zu den am wenigsten erfassten Arten in Gro\u00dfbritannien. Indem wir Natursch\u00fctzer, Studenten, B\u00fcrgerwissenschaftler und Natursch\u00fctzer in die Lage versetzen, jetzt und in Zukunft eine Schl\u00fcsselrolle beim Naturschutz an der Basis zu spielen, wird den S\u00e4ugetieren eine gl\u00e4nzende Zukunft gesichert. <\/p>\n<hr class=\"wp-block-separator has-alpha-channel-opacity\">\n<p>: Igel von Alick Simmons<\/p>\n","protected":false},"excerpt":{"rendered":"<p>Der Erhaltungszustand des Westeurop\u00e4ischen Igels (Erinaceus europaeus) wurde von \u201eLeast Concern\u201c auf \u201eLeast Concern\u201c aktualisiert Nahezu bedroht in der neuesten Version der Roten Liste der<\/p>\n","protected":false},"author":1,"featured_media":1228,"comment_status":"closed","ping_status":"","sticky":false,"template":"","format":"standard","meta":{"footnotes":""},"categories":[101],"tags":[935,46,2336,81,511,2335,2332,2334,2333,2014,871],"class_list":["post-1227","post","type-post","status-publish","format-standard","has-post-thumbnail","hentry","category-oekologie","tag-als","tag-auf","tag-aufgefuehrt","tag-der","tag-europaeischer","tag-gefaehrdet","tag-igel","tag-iucn","tag-liste","tag-nahezu","tag-roten","generate-columns","tablet-grid-50","mobile-grid-100","grid-parent","grid-50"],"yoast_head":"<!-- This site is optimized with the Yoast SEO plugin v27.3 - https:\/\/yoast.com\/product\/yoast-seo-wordpress\/ -->\n<title>Europ\u00e4ischer Igel auf der Roten Liste der IUCN als \u201enahezu gef\u00e4hrdet\u201c aufgef\u00fchrt - Nachrichten - Stra\u00dfenweb<\/title>\n<meta name=\"robots\" content=\"index, follow, max-snippet:-1, max-image-preview:large, max-video-preview:-1\" \/>\n<link rel=\"canonical\" href=\"https:\/\/www.strassenweb.de\/nachrichten\/europaeischer-igel-auf-der-roten-liste-der-iucn-als-nahezu-gefaehrdet-aufgefuehrt\/\" \/>\n<meta property=\"og:locale\" content=\"de_DE\" \/>\n<meta property=\"og:type\" content=\"article\" \/>\n<meta property=\"og:title\" content=\"Europ\u00e4ischer Igel auf der Roten Liste der IUCN als \u201enahezu gef\u00e4hrdet\u201c aufgef\u00fchrt - Nachrichten - Stra\u00dfenweb\" \/>\n<meta property=\"og:description\" content=\"Der Erhaltungszustand des Westeurop\u00e4ischen Igels (Erinaceus europaeus) wurde von \u201eLeast Concern\u201c auf \u201eLeast Concern\u201c aktualisiert Nahezu bedroht in der neuesten Version der Roten Liste der\" \/>\n<meta property=\"og:url\" content=\"https:\/\/www.strassenweb.de\/nachrichten\/europaeischer-igel-auf-der-roten-liste-der-iucn-als-nahezu-gefaehrdet-aufgefuehrt\/\" \/>\n<meta property=\"og:site_name\" content=\"Stra\u00dfenweb\" \/>\n<meta property=\"article:publisher\" content=\"https:\/\/www.facebook.com\/strassenweb\/\" \/>\n<meta property=\"article:published_time\" content=\"2024-10-29T17:48:31+00:00\" \/>\n<meta property=\"article:modified_time\" content=\"2024-10-29T17:48:32+00:00\" \/>\n<meta property=\"og:image\" content=\"https:\/\/www.strassenweb.de\/nachrichten\/wp-content\/uploads\/2024\/10\/Europaeischer-Igel-auf-der-Roten-Liste-der-IUCN-als-\u201enahezu.jpg\" \/>\n\t<meta property=\"og:image:width\" content=\"900\" \/>\n\t<meta property=\"og:image:height\" content=\"584\" \/>\n\t<meta property=\"og:image:type\" content=\"image\/jpeg\" \/>\n<meta name=\"author\" content=\"Robert Hoffmann\" \/>\n<meta name=\"twitter:card\" content=\"summary_large_image\" \/>\n<meta name=\"twitter:label1\" content=\"Verfasst von\" \/>\n\t<meta name=\"twitter:data1\" content=\"Robert Hoffmann\" \/>\n\t<meta name=\"twitter:label2\" content=\"Gesch\u00e4tzte Lesezeit\" \/>\n\t<meta name=\"twitter:data2\" content=\"4\u00a0Minuten\" \/>\n<script type=\"application\/ld+json\" class=\"yoast-schema-graph\">{\"@context\":\"https:\\\/\\\/schema.org\",\"@graph\":[{\"@type\":\"Article\",\"@id\":\"https:\\\/\\\/www.strassenweb.de\\\/nachrichten\\\/europaeischer-igel-auf-der-roten-liste-der-iucn-als-nahezu-gefaehrdet-aufgefuehrt\\\/#article\",\"isPartOf\":{\"@id\":\"https:\\\/\\\/www.strassenweb.de\\\/nachrichten\\\/europaeischer-igel-auf-der-roten-liste-der-iucn-als-nahezu-gefaehrdet-aufgefuehrt\\\/\"},\"author\":{\"name\":\"Robert Hoffmann\",\"@id\":\"https:\\\/\\\/www.strassenweb.de\\\/nachrichten\\\/#\\\/schema\\\/person\\\/87c9c9067f1211da429a744dc5a5aa41\"},\"headline\":\"Europ\u00e4ischer Igel auf der Roten Liste der IUCN als \u201enahezu gef\u00e4hrdet\u201c aufgef\u00fchrt\",\"datePublished\":\"2024-10-29T17:48:31+00:00\",\"dateModified\":\"2024-10-29T17:48:32+00:00\",\"mainEntityOfPage\":{\"@id\":\"https:\\\/\\\/www.strassenweb.de\\\/nachrichten\\\/europaeischer-igel-auf-der-roten-liste-der-iucn-als-nahezu-gefaehrdet-aufgefuehrt\\\/\"},\"wordCount\":875,\"publisher\":{\"@id\":\"https:\\\/\\\/www.strassenweb.de\\\/nachrichten\\\/#organization\"},\"image\":{\"@id\":\"https:\\\/\\\/www.strassenweb.de\\\/nachrichten\\\/europaeischer-igel-auf-der-roten-liste-der-iucn-als-nahezu-gefaehrdet-aufgefuehrt\\\/#primaryimage\"},\"thumbnailUrl\":\"https:\\\/\\\/www.strassenweb.de\\\/nachrichten\\\/wp-content\\\/uploads\\\/2024\\\/10\\\/Europaeischer-Igel-auf-der-Roten-Liste-der-IUCN-als-\u201enahezu.jpg\",\"keywords\":[\"als\",\"auf\",\"aufgef\u00fchrt\",\"der\",\"europ\u00e4ischer\",\"gef\u00e4hrdet\",\"Igel\",\"IUCN\",\"Liste\",\"nahezu\",\"roten\"],\"articleSection\":[\"\u00d6kologie\"],\"inLanguage\":\"de\"},{\"@type\":\"WebPage\",\"@id\":\"https:\\\/\\\/www.strassenweb.de\\\/nachrichten\\\/europaeischer-igel-auf-der-roten-liste-der-iucn-als-nahezu-gefaehrdet-aufgefuehrt\\\/\",\"url\":\"https:\\\/\\\/www.strassenweb.de\\\/nachrichten\\\/europaeischer-igel-auf-der-roten-liste-der-iucn-als-nahezu-gefaehrdet-aufgefuehrt\\\/\",\"name\":\"Europ\u00e4ischer Igel auf der Roten Liste der IUCN als \u201enahezu gef\u00e4hrdet\u201c aufgef\u00fchrt - Nachrichten - Stra\u00dfenweb\",\"isPartOf\":{\"@id\":\"https:\\\/\\\/www.strassenweb.de\\\/nachrichten\\\/#website\"},\"primaryImageOfPage\":{\"@id\":\"https:\\\/\\\/www.strassenweb.de\\\/nachrichten\\\/europaeischer-igel-auf-der-roten-liste-der-iucn-als-nahezu-gefaehrdet-aufgefuehrt\\\/#primaryimage\"},\"image\":{\"@id\":\"https:\\\/\\\/www.strassenweb.de\\\/nachrichten\\\/europaeischer-igel-auf-der-roten-liste-der-iucn-als-nahezu-gefaehrdet-aufgefuehrt\\\/#primaryimage\"},\"thumbnailUrl\":\"https:\\\/\\\/www.strassenweb.de\\\/nachrichten\\\/wp-content\\\/uploads\\\/2024\\\/10\\\/Europaeischer-Igel-auf-der-Roten-Liste-der-IUCN-als-\u201enahezu.jpg\",\"datePublished\":\"2024-10-29T17:48:31+00:00\",\"dateModified\":\"2024-10-29T17:48:32+00:00\",\"breadcrumb\":{\"@id\":\"https:\\\/\\\/www.strassenweb.de\\\/nachrichten\\\/europaeischer-igel-auf-der-roten-liste-der-iucn-als-nahezu-gefaehrdet-aufgefuehrt\\\/#breadcrumb\"},\"inLanguage\":\"de\",\"potentialAction\":[{\"@type\":\"ReadAction\",\"target\":[\"https:\\\/\\\/www.strassenweb.de\\\/nachrichten\\\/europaeischer-igel-auf-der-roten-liste-der-iucn-als-nahezu-gefaehrdet-aufgefuehrt\\\/\"]}]},{\"@type\":\"ImageObject\",\"inLanguage\":\"de\",\"@id\":\"https:\\\/\\\/www.strassenweb.de\\\/nachrichten\\\/europaeischer-igel-auf-der-roten-liste-der-iucn-als-nahezu-gefaehrdet-aufgefuehrt\\\/#primaryimage\",\"url\":\"https:\\\/\\\/www.strassenweb.de\\\/nachrichten\\\/wp-content\\\/uploads\\\/2024\\\/10\\\/Europaeischer-Igel-auf-der-Roten-Liste-der-IUCN-als-\u201enahezu.jpg\",\"contentUrl\":\"https:\\\/\\\/www.strassenweb.de\\\/nachrichten\\\/wp-content\\\/uploads\\\/2024\\\/10\\\/Europaeischer-Igel-auf-der-Roten-Liste-der-IUCN-als-\u201enahezu.jpg\",\"width\":900,\"height\":584,\"caption\":\"European hedgehog listed as Near Threatened on IUCN Red List\"},{\"@type\":\"BreadcrumbList\",\"@id\":\"https:\\\/\\\/www.strassenweb.de\\\/nachrichten\\\/europaeischer-igel-auf-der-roten-liste-der-iucn-als-nahezu-gefaehrdet-aufgefuehrt\\\/#breadcrumb\",\"itemListElement\":[{\"@type\":\"ListItem\",\"position\":1,\"name\":\"Home\",\"item\":\"https:\\\/\\\/www.strassenweb.de\\\/nachrichten\\\/\"},{\"@type\":\"ListItem\",\"position\":2,\"name\":\"Europ\u00e4ischer Igel auf der Roten Liste der IUCN als \u201enahezu gef\u00e4hrdet\u201c aufgef\u00fchrt\"}]},{\"@type\":\"WebSite\",\"@id\":\"https:\\\/\\\/www.strassenweb.de\\\/nachrichten\\\/#website\",\"url\":\"https:\\\/\\\/www.strassenweb.de\\\/nachrichten\\\/\",\"name\":\"Stra\u00dfenweb\",\"description\":\"Stra\u00dfenverzeichnis f\u00fcr Deutschland\",\"publisher\":{\"@id\":\"https:\\\/\\\/www.strassenweb.de\\\/nachrichten\\\/#organization\"},\"potentialAction\":[{\"@type\":\"SearchAction\",\"target\":{\"@type\":\"EntryPoint\",\"urlTemplate\":\"https:\\\/\\\/www.strassenweb.de\\\/nachrichten\\\/?s={search_term_string}\"},\"query-input\":{\"@type\":\"PropertyValueSpecification\",\"valueRequired\":true,\"valueName\":\"search_term_string\"}}],\"inLanguage\":\"de\"},{\"@type\":\"Organization\",\"@id\":\"https:\\\/\\\/www.strassenweb.de\\\/nachrichten\\\/#organization\",\"name\":\"Stra\u00dfenweb\",\"url\":\"https:\\\/\\\/www.strassenweb.de\\\/nachrichten\\\/\",\"logo\":{\"@type\":\"ImageObject\",\"inLanguage\":\"de\",\"@id\":\"https:\\\/\\\/www.strassenweb.de\\\/nachrichten\\\/#\\\/schema\\\/logo\\\/image\\\/\",\"url\":\"https:\\\/\\\/www.strassenweb.de\\\/nachrichten\\\/wp-content\\\/uploads\\\/2024\\\/09\\\/cropped-favicon.png\",\"contentUrl\":\"https:\\\/\\\/www.strassenweb.de\\\/nachrichten\\\/wp-content\\\/uploads\\\/2024\\\/09\\\/cropped-favicon.png\",\"width\":512,\"height\":512,\"caption\":\"Stra\u00dfenweb\"},\"image\":{\"@id\":\"https:\\\/\\\/www.strassenweb.de\\\/nachrichten\\\/#\\\/schema\\\/logo\\\/image\\\/\"},\"sameAs\":[\"https:\\\/\\\/www.facebook.com\\\/strassenweb\\\/\"]},{\"@type\":\"Person\",\"@id\":\"https:\\\/\\\/www.strassenweb.de\\\/nachrichten\\\/#\\\/schema\\\/person\\\/87c9c9067f1211da429a744dc5a5aa41\",\"name\":\"Robert Hoffmann\",\"image\":{\"@type\":\"ImageObject\",\"inLanguage\":\"de\",\"@id\":\"https:\\\/\\\/www.strassenweb.de\\\/nachrichten\\\/wp-content\\\/uploads\\\/2024\\\/09\\\/strassenweb-150x150.jpg\",\"url\":\"https:\\\/\\\/www.strassenweb.de\\\/nachrichten\\\/wp-content\\\/uploads\\\/2024\\\/09\\\/strassenweb-150x150.jpg\",\"contentUrl\":\"https:\\\/\\\/www.strassenweb.de\\\/nachrichten\\\/wp-content\\\/uploads\\\/2024\\\/09\\\/strassenweb-150x150.jpg\",\"caption\":\"Robert Hoffmann\"},\"description\":\"Ich hei\u00dfe Robert Hoffmann und ich bin ein leidenschaftlicher Verfechter von \u00d6kologie und Biodiversit\u00e4t. Seit meiner Kindheit in den W\u00e4ldern Bayerns f\u00fchle ich mich mit der Natur verbunden und bin entschlossen, sie zu sch\u00fctzen. Heute widme ich mein Leben der Sensibilisierung anderer f\u00fcr die Bedeutung des Umweltschutzes f\u00fcr zuk\u00fcnftige Generationen.\",\"sameAs\":[\"https:\\\/\\\/www.strassenweb.de\\\/\"]}]}<\/script>\n<!-- \/ Yoast SEO plugin. -->","yoast_head_json":{"title":"Europ\u00e4ischer Igel auf der Roten Liste der IUCN als \u201enahezu gef\u00e4hrdet\u201c aufgef\u00fchrt - Nachrichten - Stra\u00dfenweb","robots":{"index":"index","follow":"follow","max-snippet":"max-snippet:-1","max-image-preview":"max-image-preview:large","max-video-preview":"max-video-preview:-1"},"canonical":"https:\/\/www.strassenweb.de\/nachrichten\/europaeischer-igel-auf-der-roten-liste-der-iucn-als-nahezu-gefaehrdet-aufgefuehrt\/","og_locale":"de_DE","og_type":"article","og_title":"Europ\u00e4ischer Igel auf der Roten Liste der IUCN als \u201enahezu gef\u00e4hrdet\u201c aufgef\u00fchrt - Nachrichten - Stra\u00dfenweb","og_description":"Der Erhaltungszustand des Westeurop\u00e4ischen Igels (Erinaceus europaeus) wurde von \u201eLeast Concern\u201c auf \u201eLeast Concern\u201c aktualisiert Nahezu bedroht in der neuesten Version der Roten Liste der","og_url":"https:\/\/www.strassenweb.de\/nachrichten\/europaeischer-igel-auf-der-roten-liste-der-iucn-als-nahezu-gefaehrdet-aufgefuehrt\/","og_site_name":"Stra\u00dfenweb","article_publisher":"https:\/\/www.facebook.com\/strassenweb\/","article_published_time":"2024-10-29T17:48:31+00:00","article_modified_time":"2024-10-29T17:48:32+00:00","og_image":[{"width":900,"height":584,"url":"https:\/\/www.strassenweb.de\/nachrichten\/wp-content\/uploads\/2024\/10\/Europaeischer-Igel-auf-der-Roten-Liste-der-IUCN-als-\u201enahezu.jpg","type":"image\/jpeg"}],"author":"Robert Hoffmann","twitter_card":"summary_large_image","twitter_misc":{"Verfasst von":"Robert Hoffmann","Gesch\u00e4tzte Lesezeit":"4\u00a0Minuten"},"schema":{"@context":"https:\/\/schema.org","@graph":[{"@type":"Article","@id":"https:\/\/www.strassenweb.de\/nachrichten\/europaeischer-igel-auf-der-roten-liste-der-iucn-als-nahezu-gefaehrdet-aufgefuehrt\/#article","isPartOf":{"@id":"https:\/\/www.strassenweb.de\/nachrichten\/europaeischer-igel-auf-der-roten-liste-der-iucn-als-nahezu-gefaehrdet-aufgefuehrt\/"},"author":{"name":"Robert Hoffmann","@id":"https:\/\/www.strassenweb.de\/nachrichten\/#\/schema\/person\/87c9c9067f1211da429a744dc5a5aa41"},"headline":"Europ\u00e4ischer Igel auf der Roten Liste der IUCN als \u201enahezu gef\u00e4hrdet\u201c aufgef\u00fchrt","datePublished":"2024-10-29T17:48:31+00:00","dateModified":"2024-10-29T17:48:32+00:00","mainEntityOfPage":{"@id":"https:\/\/www.strassenweb.de\/nachrichten\/europaeischer-igel-auf-der-roten-liste-der-iucn-als-nahezu-gefaehrdet-aufgefuehrt\/"},"wordCount":875,"publisher":{"@id":"https:\/\/www.strassenweb.de\/nachrichten\/#organization"},"image":{"@id":"https:\/\/www.strassenweb.de\/nachrichten\/europaeischer-igel-auf-der-roten-liste-der-iucn-als-nahezu-gefaehrdet-aufgefuehrt\/#primaryimage"},"thumbnailUrl":"https:\/\/www.strassenweb.de\/nachrichten\/wp-content\/uploads\/2024\/10\/Europaeischer-Igel-auf-der-Roten-Liste-der-IUCN-als-\u201enahezu.jpg","keywords":["als","auf","aufgef\u00fchrt","der","europ\u00e4ischer","gef\u00e4hrdet","Igel","IUCN","Liste","nahezu","roten"],"articleSection":["\u00d6kologie"],"inLanguage":"de"},{"@type":"WebPage","@id":"https:\/\/www.strassenweb.de\/nachrichten\/europaeischer-igel-auf-der-roten-liste-der-iucn-als-nahezu-gefaehrdet-aufgefuehrt\/","url":"https:\/\/www.strassenweb.de\/nachrichten\/europaeischer-igel-auf-der-roten-liste-der-iucn-als-nahezu-gefaehrdet-aufgefuehrt\/","name":"Europ\u00e4ischer Igel auf der Roten Liste der IUCN als \u201enahezu gef\u00e4hrdet\u201c aufgef\u00fchrt - Nachrichten - Stra\u00dfenweb","isPartOf":{"@id":"https:\/\/www.strassenweb.de\/nachrichten\/#website"},"primaryImageOfPage":{"@id":"https:\/\/www.strassenweb.de\/nachrichten\/europaeischer-igel-auf-der-roten-liste-der-iucn-als-nahezu-gefaehrdet-aufgefuehrt\/#primaryimage"},"image":{"@id":"https:\/\/www.strassenweb.de\/nachrichten\/europaeischer-igel-auf-der-roten-liste-der-iucn-als-nahezu-gefaehrdet-aufgefuehrt\/#primaryimage"},"thumbnailUrl":"https:\/\/www.strassenweb.de\/nachrichten\/wp-content\/uploads\/2024\/10\/Europaeischer-Igel-auf-der-Roten-Liste-der-IUCN-als-\u201enahezu.jpg","datePublished":"2024-10-29T17:48:31+00:00","dateModified":"2024-10-29T17:48:32+00:00","breadcrumb":{"@id":"https:\/\/www.strassenweb.de\/nachrichten\/europaeischer-igel-auf-der-roten-liste-der-iucn-als-nahezu-gefaehrdet-aufgefuehrt\/#breadcrumb"},"inLanguage":"de","potentialAction":[{"@type":"ReadAction","target":["https:\/\/www.strassenweb.de\/nachrichten\/europaeischer-igel-auf-der-roten-liste-der-iucn-als-nahezu-gefaehrdet-aufgefuehrt\/"]}]},{"@type":"ImageObject","inLanguage":"de","@id":"https:\/\/www.strassenweb.de\/nachrichten\/europaeischer-igel-auf-der-roten-liste-der-iucn-als-nahezu-gefaehrdet-aufgefuehrt\/#primaryimage","url":"https:\/\/www.strassenweb.de\/nachrichten\/wp-content\/uploads\/2024\/10\/Europaeischer-Igel-auf-der-Roten-Liste-der-IUCN-als-\u201enahezu.jpg","contentUrl":"https:\/\/www.strassenweb.de\/nachrichten\/wp-content\/uploads\/2024\/10\/Europaeischer-Igel-auf-der-Roten-Liste-der-IUCN-als-\u201enahezu.jpg","width":900,"height":584,"caption":"European hedgehog listed as Near Threatened on IUCN Red List"},{"@type":"BreadcrumbList","@id":"https:\/\/www.strassenweb.de\/nachrichten\/europaeischer-igel-auf-der-roten-liste-der-iucn-als-nahezu-gefaehrdet-aufgefuehrt\/#breadcrumb","itemListElement":[{"@type":"ListItem","position":1,"name":"Home","item":"https:\/\/www.strassenweb.de\/nachrichten\/"},{"@type":"ListItem","position":2,"name":"Europ\u00e4ischer Igel auf der Roten Liste der IUCN als \u201enahezu gef\u00e4hrdet\u201c aufgef\u00fchrt"}]},{"@type":"WebSite","@id":"https:\/\/www.strassenweb.de\/nachrichten\/#website","url":"https:\/\/www.strassenweb.de\/nachrichten\/","name":"Stra\u00dfenweb","description":"Stra\u00dfenverzeichnis f\u00fcr Deutschland","publisher":{"@id":"https:\/\/www.strassenweb.de\/nachrichten\/#organization"},"potentialAction":[{"@type":"SearchAction","target":{"@type":"EntryPoint","urlTemplate":"https:\/\/www.strassenweb.de\/nachrichten\/?s={search_term_string}"},"query-input":{"@type":"PropertyValueSpecification","valueRequired":true,"valueName":"search_term_string"}}],"inLanguage":"de"},{"@type":"Organization","@id":"https:\/\/www.strassenweb.de\/nachrichten\/#organization","name":"Stra\u00dfenweb","url":"https:\/\/www.strassenweb.de\/nachrichten\/","logo":{"@type":"ImageObject","inLanguage":"de","@id":"https:\/\/www.strassenweb.de\/nachrichten\/#\/schema\/logo\/image\/","url":"https:\/\/www.strassenweb.de\/nachrichten\/wp-content\/uploads\/2024\/09\/cropped-favicon.png","contentUrl":"https:\/\/www.strassenweb.de\/nachrichten\/wp-content\/uploads\/2024\/09\/cropped-favicon.png","width":512,"height":512,"caption":"Stra\u00dfenweb"},"image":{"@id":"https:\/\/www.strassenweb.de\/nachrichten\/#\/schema\/logo\/image\/"},"sameAs":["https:\/\/www.facebook.com\/strassenweb\/"]},{"@type":"Person","@id":"https:\/\/www.strassenweb.de\/nachrichten\/#\/schema\/person\/87c9c9067f1211da429a744dc5a5aa41","name":"Robert Hoffmann","image":{"@type":"ImageObject","inLanguage":"de","@id":"https:\/\/www.strassenweb.de\/nachrichten\/wp-content\/uploads\/2024\/09\/strassenweb-150x150.jpg","url":"https:\/\/www.strassenweb.de\/nachrichten\/wp-content\/uploads\/2024\/09\/strassenweb-150x150.jpg","contentUrl":"https:\/\/www.strassenweb.de\/nachrichten\/wp-content\/uploads\/2024\/09\/strassenweb-150x150.jpg","caption":"Robert Hoffmann"},"description":"Ich hei\u00dfe Robert Hoffmann und ich bin ein leidenschaftlicher Verfechter von \u00d6kologie und Biodiversit\u00e4t. Seit meiner Kindheit in den W\u00e4ldern Bayerns f\u00fchle ich mich mit der Natur verbunden und bin entschlossen, sie zu sch\u00fctzen. Heute widme ich mein Leben der Sensibilisierung anderer f\u00fcr die Bedeutung des Umweltschutzes f\u00fcr zuk\u00fcnftige Generationen.","sameAs":["https:\/\/www.strassenweb.de\/"]}]}},"_links":{"self":[{"href":"https:\/\/www.strassenweb.de\/nachrichten\/wp-json\/wp\/v2\/posts\/1227","targetHints":{"allow":["GET"]}}],"collection":[{"href":"https:\/\/www.strassenweb.de\/nachrichten\/wp-json\/wp\/v2\/posts"}],"about":[{"href":"https:\/\/www.strassenweb.de\/nachrichten\/wp-json\/wp\/v2\/types\/post"}],"author":[{"embeddable":true,"href":"https:\/\/www.strassenweb.de\/nachrichten\/wp-json\/wp\/v2\/users\/1"}],"replies":[{"embeddable":true,"href":"https:\/\/www.strassenweb.de\/nachrichten\/wp-json\/wp\/v2\/comments?post=1227"}],"version-history":[{"count":0,"href":"https:\/\/www.strassenweb.de\/nachrichten\/wp-json\/wp\/v2\/posts\/1227\/revisions"}],"wp:featuredmedia":[{"embeddable":true,"href":"https:\/\/www.strassenweb.de\/nachrichten\/wp-json\/wp\/v2\/media\/1228"}],"wp:attachment":[{"href":"https:\/\/www.strassenweb.de\/nachrichten\/wp-json\/wp\/v2\/media?parent=1227"}],"wp:term":[{"taxonomy":"category","embeddable":true,"href":"https:\/\/www.strassenweb.de\/nachrichten\/wp-json\/wp\/v2\/categories?post=1227"},{"taxonomy":"post_tag","embeddable":true,"href":"https:\/\/www.strassenweb.de\/nachrichten\/wp-json\/wp\/v2\/tags?post=1227"}],"curies":[{"name":"wp","href":"https:\/\/api.w.org\/{rel}","templated":true}]}}