{"id":1210,"date":"2024-10-29T01:44:12","date_gmt":"2024-10-29T00:44:12","guid":{"rendered":"https:\/\/www.strassenweb.de\/nachrichten\/ich-bin-aufgeraeumt-nicht-sauber-deshalb-ist-das-in-ordnung-und-ich-finde-die-balance-in-meinem-zuhause\/"},"modified":"2024-10-29T01:44:13","modified_gmt":"2024-10-29T00:44:13","slug":"ich-bin-aufgeraeumt-nicht-sauber-deshalb-ist-das-in-ordnung-und-ich-finde-die-balance-in-meinem-zuhause","status":"publish","type":"post","link":"https:\/\/www.strassenweb.de\/nachrichten\/ich-bin-aufgeraeumt-nicht-sauber-deshalb-ist-das-in-ordnung-und-ich-finde-die-balance-in-meinem-zuhause\/","title":{"rendered":"Ich bin aufger\u00e4umt, nicht sauber \u2013 deshalb ist das in Ordnung und ich finde die Balance in meinem Zuhause"},"content":{"rendered":"<p><\/p>\n<div id=\"article-body\" class=\"article__body \">\n<p>Als <em>H&#038;G<\/em> Mit dem gel\u00f6sten Editor verbringe ich einen Gro\u00dfteil meiner Zeit damit, neue Reinigungs-Hacks zu testen und dar\u00fcber zu schreiben und zu lesen, wie man ein Zuhause reinigen und organisieren kann. Wenn es darum geht, den \u00dcberblick \u00fcber meinen eigenen Raum zu behalten, fehlt mir daher oft die Motivation. Deshalb habe ich beschlossen, ordentlich und nicht sauber zu sein.<\/p>\n<div id=\"ad-unit-1\" class=\"ad-unit\"><\/div>\n<p>Ich bin in die Fu\u00dfstapfen der Home-Guruin und Content-Erstellerin Audrey Barton (@organizedchaos4 auf TikTok) getreten und habe beschlossen, nicht mehr nach Perfektion zu streben, sondern Aufgaben und Reinigungstipps zu priorisieren, die mir mehr Freizeit erm\u00f6glichen. Das hei\u00dft nicht, dass mein Zuhause in irgendeiner Weise im Dreck versinkt. Ich halte immer noch alle wichtigen Bereiche sauber und hygienisch, aber wenn ich \u00fcberlege, wie man reinigt, wenn man sich \u00fcberfordert f\u00fchlt, \u00fcberspringe ich jetzt ein paar bestimmte Aufgaben.<\/p>\n<aside class=\"hawk-nest\" data-block-type=\"embed\" data-render-type=\"fte\" data-skip=\"dealsy\" data-widget-type=\"seasonal\">\n<div class=\"hawk-master-widget-hawk-base-wrapper\"><\/div>\n<\/aside>\n<p>Hier erkl\u00e4re ich, was es f\u00fcr mich bedeutet, ordentlich und nicht sauber zu sein, und warum es der einzige Weg ist, dieses sorgf\u00e4ltige Gleichgewicht zu finden <u>Genie\u00dfen Sie ein arbeitsfreies Wochenende<\/u>.<\/p>\n<div id=\"desktop-in-article\" class=\"in-article ad-unit\">\n<div id=\"desktop-taboola-mid-article\"><\/div>\n<\/div>\n<div id=\"mobile-in-article\" class=\"in-article ad-unit\">\n<div id=\"mobile-taboola-mid-article\"><\/div>\n<\/div>\n<h2 id=\"how-i-find-the-right-cleaning-balance-in-my-home-3\">Wie ich die richtige Reinigungsbalance in meinem Zuhause finde<\/h2>\n<p>Audreys Rat, \u201ewir m\u00fcssen uns einfach damit abfinden, dass wir nur das tun k\u00f6nnen, was wir k\u00f6nnen\u201c, ist der beste Putztrick, den ich bisher geh\u00f6rt habe.<\/p>\n<div class=\"van_vid_carousel\">\n<div class=\"van_vid_carousel__padding\">\n<div class=\"van_vid_carousel__container\"><\/div>\n<\/div>\n<\/div>\n<blockquote class=\"tiktok-embed\" cite=\"https:\/\/www.tiktok.com\/@organizedchaos4\/video\/7421957125665983786\" data-video-id=\"7421957125665983786\" style=\"max-width: 605px; min-width: 325px;\">\n<section>\n<p>@organizedchaos4<\/p>\n<p>\u266c Originalton &#8211; Organized Chaos | Audrey<\/section>\n<\/blockquote>\n<p>Aufgrund der Art meiner Arbeit hatte ich das Bed\u00fcrfnis, mein Zuhause stets makellos zu halten. Irgendwann war ich jedoch m\u00fcde und mein Partner war kurz davor, den Verstand zu verlieren, weil ich die T\u00fcroberseiten abstaubte und darauf bestand, dass die K\u00fcchenfugen jedes Wochenende geschrubbt werden m\u00fcssten.<\/p>\n<div id=\"ad-unit-2\" class=\"ad-unit\"><\/div>\n<p>Infolgedessen habe ich es aufgegeben, alles zu versuchen, und mich auf die wichtigsten schmutzigen Stellen konzentriert. Wenn Sie nach M\u00f6glichkeiten suchen, Ihre Reinigungsroutine zu \u00e4ndern, k\u00f6nnte dieser Rat genau das Richtige f\u00fcr Sie sein.<u><\/u><\/p>\n<h3 class=\"article-body__section\" id=\"section-1-i-never-clean-spots-i-can-t-see\"><span>1. Ich reinige nie Stellen, die ich nicht sehen kann <\/span><\/h3>\n<figure class=\"van-image-figure inline-layout \" data-bordeaux-image-check>\n<div class=\"image-full-width-wrapper\">\n<div class=\"image-widthsetter\" style=\"max-width:2000px;\"><\/div>\n<\/div>\n<\/figure>\n<p>Es ist zwar sinnvoll, den Staub von den T\u00fcrrahmen zu entfernen und das Sofa herauszuziehen <u>Fu\u00dfleisten reinigen<\/u>das sind keine Aufgaben, die \u00fcber Erfolg oder Zerst\u00f6rung meines Zuhauses entscheiden. Aus diesem Grund besch\u00e4ftige ich mich mittlerweile nur noch h\u00f6chstens einmal im Jahr mit den Spots \u2013 und das auch nur, wenn ich die Energie dazu habe <u>Machen Sie einen Fr\u00fchjahrsputz, ohne sich zu \u00fcberfordern<\/u>.<\/p>\n<p>Die Realit\u00e4t ist, dass wir nicht an einer Stauballergie leiden und diese Flecken nicht sehen k\u00f6nnen, was bedeutet, dass die Zeit, die f\u00fcr die Reinigung aufgewendet wird, in der unmittelbaren Zukunft kaum etwas bringt. Das Gleiche gilt f\u00fcr <u>Fensterschienen reinigen<\/u> oder hinter dem K\u00fchlschrank putzen. Irgendwann komme ich zu ihnen, aber es sind keine Aufgaben, die mir im Vordergrund stehen \u2013 und das ist in Ordnung.<\/p>\n<h3 class=\"article-body__section\" id=\"section-2-i-always-clean-high-touchpoints\"><span>2. Ich reinige immer hohe Kontaktpunkte <\/span><\/h3>\n<figure class=\"van-image-figure inline-layout \" data-bordeaux-image-check>\n<div class=\"image-full-width-wrapper\">\n<div class=\"image-widthsetter\" style=\"max-width:2000px;\"><\/div>\n<\/div>\n<\/figure>\n<p>Obwohl ich in meiner w\u00f6chentlichen Reinigungsaufgabenliste viel weglasse, werde ich immer \u00fcben <u>Zielhygiene<\/u>. Als ich anfing, meine Reinigungsdetails einzuschr\u00e4nken, erstellte ich im Kopf eine Liste der Aufgaben, die ich immer noch f\u00fcr wichtig hielt, und f\u00fcgte sie in meinen Tagesplaner ein, wobei ich immer noch einer gek\u00fcrzten Version davon folgte <u>Anderer Tag, anderer Zimmerreinigungsplan<\/u>. <u>Aufgaben mit einem Partner teilen<\/u> tr\u00e4gt auch zur Entlastung bei.<\/p>\n<p>Das heisst <u>Badezimmer reinigen<\/u>, <u>die K\u00fcche putzen<\/u>und der Wechsel der Bettw\u00e4sche erfolgt immer routinem\u00e4\u00dfig. Nur weil ich die Reinigung nicht zu meiner obersten Priorit\u00e4t mache, hei\u00dft das nicht, dass ich zulasse, dass mein Haus verf\u00e4llt. Wie Audrey in ihrem TikTok sagt: \u201eMein Haus ist vielleicht nicht sauber, aber meine Toiletten sind es auf jeden Fall.\u201c<\/p>\n<h3 class=\"article-body__section\" id=\"section-3-i-stay-on-top-of-decluttering-and-tidying\"><span>3. Ich bleibe beim Aufr\u00e4umen und Aufr\u00e4umen auf dem Laufenden<\/span><\/h3>\n<figure class=\"van-image-figure inline-layout \" data-bordeaux-image-check>\n<div class=\"image-full-width-wrapper\">\n<div class=\"image-widthsetter\" style=\"max-width:2000px;\"><\/div>\n<\/div>\n<\/figure>\n<p>Auch wenn ich meine Reinigungst\u00e4tigkeit eingeschr\u00e4nkt habe, kann ich ein unordentliches Zuhause immer noch nicht ertragen. Ich bleibe immer noch dabei <u>Experten-Tipps zum Aufr\u00e4umen<\/u> und meinen Abend auff\u00fchren <u>Abschluss von Schichtabl\u00e4ufen<\/u> um die Unordnung zu verbergen und die Unordnung auf ein Minimum zu beschr\u00e4nken. Das Abr\u00e4umen des Couchtisches, das Aufsch\u00fctteln des Sofas und das Wegklappen von Decken tragen dazu bei, visuelle Unordnung und Unordnung zu reduzieren und mein Zuhause sauberer aussehen zu lassen \u2013 auch ohne die Notwendigkeit, jede Oberfl\u00e4che abzustauben und zu polieren. Es ist eine gro\u00dfartige M\u00f6glichkeit <u>ein Haus vort\u00e4uschen<\/u> um Ihre Stimmung zu heben und sich auf G\u00e4ste vorzubereiten.<\/p>\n<h3 class=\"article-body__section\" id=\"section-4-i-only-vacuum-when-the-carpet-needs-it\"><span>4. Ich sauge nur, wenn der Teppich es braucht <\/span><\/h3>\n<figure class=\"van-image-figure inline-layout \" data-bordeaux-image-check>\n<div class=\"image-full-width-wrapper\">\n<div class=\"image-widthsetter\" style=\"max-width:2000px;\"><\/div>\n<\/div>\n<\/figure>\n<p><u>Wie oft sollte man staubsaugen?<\/u> ist eine komplexe Frage \u2013 und ich habe beschlossen, mir den Stress zu nehmen. Anstatt zu versuchen, sich an einen strengen Zeitplan zu halten <u>Teppiche reinigen<\/u>ich habe beschlossen, einfach meine auszupeitschen <u>bester Staubsauger<\/u> wann immer die Teppiche es brauchen.<\/p>\n<p>Das Einhalten eines zweiw\u00f6chentlichen Zeitplans funktionierte einfach nicht, wenn sich auf meinem wei\u00dfen Teppich Flusen und Fusseln ansammelten oder wir mitten in der Woche mit schlammigen oder staubigen Stiefeln ankamen. Jetzt befindet sich der Staubsauger in der Ecke meines Eingangsbereichs, sodass ich bei Bedarf in den problematischen Bereichen herumlaufen kann und keinen Moment fr\u00fcher. Es erspart mir jede Woche viel Zeit und sorgt daf\u00fcr, dass mein Zuhause sauberer aussieht als zuvor.<\/p>\n<h3 class=\"article-body__section\" id=\"section-5-i-came-to-peace-with-dust\"><span>5. Ich habe Frieden mit Staub gefunden<\/span><\/h3>\n<figure class=\"van-image-figure inline-layout \" data-bordeaux-image-check>\n<div class=\"image-full-width-wrapper\">\n<div class=\"image-widthsetter\" style=\"max-width:2400px;\"><\/div>\n<\/div>\n<\/figure>\n<p>Es gibt so viele M\u00f6glichkeiten dazu <u>Staub auf M\u00f6beln verhindern<\/u> Und <u>Staub richtig entfernen<\/u>aber sie alle erfordern nahezu konstante Anstrengung. Ich habe zwei- oder dreimal pro Woche versucht, mein Zuhause abzustauben, um den \u00dcberblick zu behalten, bevor ich schlie\u00dflich zu dem Schluss kam, dass es eigentlich keine so gro\u00dfe Sache war, wenn ich besch\u00e4ftigt, m\u00fcde oder gestresst war.<\/p>\n<p>Jetzt staube ich Staub, wann immer ich Lust dazu habe, besonders seit ich meine entdeckt habe <u>Ich liebe den Scrub Daddy Damp Duster<\/u> Das macht eine Aufgabe, vor der ich mich zuvor gef\u00fcrchtet habe, zu einer, die mir jetzt (fast) Spa\u00df macht. Ja, ich fange gelegentlich den Staub auf meiner Medieneinheit ein, wenn ich vorbeigehe, aber wenn ich diese kleine Aufgabe verringere, habe ich mehr Zeit, die Spiele und Medienkonsolen dort tats\u00e4chlich zu nutzen, und ich bin viel entspannter in meiner Freizeit .<\/p>\n<hr>\n<p>Reduzieren Sie die kleinen Aufgaben, die sich summieren und aufbauen <u>Intelligente Gewohnheiten, um weniger Zeit mit Putzen zu verbringen<\/u> hat die Art und Weise, wie ich meine Freizeit verbringe, v\u00f6llig ver\u00e4ndert und macht meinen Job auch weniger eint\u00f6nig.<\/p>\n<\/div>\n<p><script async src=\"\/\/www.tiktok.com\/embed.js\"><\/script><\/p>\n","protected":false},"excerpt":{"rendered":"<p>Als H&#038;G Mit dem gel\u00f6sten Editor verbringe ich einen Gro\u00dfteil meiner Zeit damit, neue Reinigungs-Hacks zu testen und dar\u00fcber zu schreiben und zu lesen, wie<\/p>\n","protected":false},"author":1,"featured_media":596,"comment_status":"closed","ping_status":"","sticky":false,"template":"","format":"standard","meta":{"footnotes":""},"categories":[118],"tags":[1621,2306,1210,112,613,9,2305,129,15,1860,61,1402,1738,37,171],"class_list":["post-1210","post","type-post","status-publish","format-standard","has-post-thumbnail","hentry","category-haus-garten","tag-aufgeraeumt","tag-balance","tag-bin","tag-das","tag-deshalb","tag-die","tag-finde","tag-ich","tag-ist","tag-meinem","tag-nicht","tag-ordnung","tag-sauber","tag-und","tag-zuhause","generate-columns","tablet-grid-50","mobile-grid-100","grid-parent","grid-50"],"yoast_head":"<!-- This site is optimized with the Yoast SEO plugin v27.3 - https:\/\/yoast.com\/product\/yoast-seo-wordpress\/ -->\n<title>Ich bin aufger\u00e4umt, nicht sauber \u2013 deshalb ist das in Ordnung und ich finde die Balance in meinem Zuhause - Nachrichten - Stra\u00dfenweb<\/title>\n<meta name=\"robots\" content=\"index, follow, max-snippet:-1, max-image-preview:large, max-video-preview:-1\" \/>\n<link rel=\"canonical\" href=\"https:\/\/www.strassenweb.de\/nachrichten\/ich-bin-aufgeraeumt-nicht-sauber-deshalb-ist-das-in-ordnung-und-ich-finde-die-balance-in-meinem-zuhause\/\" \/>\n<meta property=\"og:locale\" content=\"de_DE\" \/>\n<meta property=\"og:type\" content=\"article\" \/>\n<meta property=\"og:title\" content=\"Ich bin aufger\u00e4umt, nicht sauber \u2013 deshalb ist das in Ordnung und ich finde die Balance in meinem Zuhause - Nachrichten - Stra\u00dfenweb\" \/>\n<meta property=\"og:description\" content=\"Als H&#038;G Mit dem gel\u00f6sten Editor verbringe ich einen Gro\u00dfteil meiner Zeit damit, neue Reinigungs-Hacks zu testen und dar\u00fcber zu schreiben und zu lesen, wie\" \/>\n<meta property=\"og:url\" content=\"https:\/\/www.strassenweb.de\/nachrichten\/ich-bin-aufgeraeumt-nicht-sauber-deshalb-ist-das-in-ordnung-und-ich-finde-die-balance-in-meinem-zuhause\/\" \/>\n<meta property=\"og:site_name\" content=\"Stra\u00dfenweb\" \/>\n<meta property=\"article:publisher\" content=\"https:\/\/www.facebook.com\/strassenweb\/\" \/>\n<meta property=\"article:published_time\" content=\"2024-10-29T00:44:12+00:00\" \/>\n<meta property=\"article:modified_time\" content=\"2024-10-29T00:44:13+00:00\" \/>\n<meta property=\"og:image\" content=\"https:\/\/www.strassenweb.de\/nachrichten\/wp-content\/uploads\/2024\/10\/Ich-miete-zum-ersten-Mal-seit-20-Jahren-und-koennte.jpg\" \/>\n\t<meta property=\"og:image:width\" content=\"1200\" \/>\n\t<meta property=\"og:image:height\" content=\"675\" \/>\n\t<meta property=\"og:image:type\" content=\"image\/jpeg\" \/>\n<meta name=\"author\" content=\"Robert Hoffmann\" \/>\n<meta name=\"twitter:card\" content=\"summary_large_image\" \/>\n<meta name=\"twitter:label1\" content=\"Verfasst von\" \/>\n\t<meta name=\"twitter:data1\" content=\"Robert Hoffmann\" \/>\n\t<meta name=\"twitter:label2\" content=\"Gesch\u00e4tzte Lesezeit\" \/>\n\t<meta name=\"twitter:data2\" content=\"5\u00a0Minuten\" \/>\n<script type=\"application\/ld+json\" class=\"yoast-schema-graph\">{\"@context\":\"https:\\\/\\\/schema.org\",\"@graph\":[{\"@type\":\"Article\",\"@id\":\"https:\\\/\\\/www.strassenweb.de\\\/nachrichten\\\/ich-bin-aufgeraeumt-nicht-sauber-deshalb-ist-das-in-ordnung-und-ich-finde-die-balance-in-meinem-zuhause\\\/#article\",\"isPartOf\":{\"@id\":\"https:\\\/\\\/www.strassenweb.de\\\/nachrichten\\\/ich-bin-aufgeraeumt-nicht-sauber-deshalb-ist-das-in-ordnung-und-ich-finde-die-balance-in-meinem-zuhause\\\/\"},\"author\":{\"name\":\"Robert Hoffmann\",\"@id\":\"https:\\\/\\\/www.strassenweb.de\\\/nachrichten\\\/#\\\/schema\\\/person\\\/87c9c9067f1211da429a744dc5a5aa41\"},\"headline\":\"Ich bin aufger\u00e4umt, nicht sauber \u2013 deshalb ist das in Ordnung und ich finde die Balance in meinem Zuhause\",\"datePublished\":\"2024-10-29T00:44:12+00:00\",\"dateModified\":\"2024-10-29T00:44:13+00:00\",\"mainEntityOfPage\":{\"@id\":\"https:\\\/\\\/www.strassenweb.de\\\/nachrichten\\\/ich-bin-aufgeraeumt-nicht-sauber-deshalb-ist-das-in-ordnung-und-ich-finde-die-balance-in-meinem-zuhause\\\/\"},\"wordCount\":1060,\"publisher\":{\"@id\":\"https:\\\/\\\/www.strassenweb.de\\\/nachrichten\\\/#organization\"},\"image\":{\"@id\":\"https:\\\/\\\/www.strassenweb.de\\\/nachrichten\\\/ich-bin-aufgeraeumt-nicht-sauber-deshalb-ist-das-in-ordnung-und-ich-finde-die-balance-in-meinem-zuhause\\\/#primaryimage\"},\"thumbnailUrl\":\"https:\\\/\\\/www.strassenweb.de\\\/nachrichten\\\/wp-content\\\/uploads\\\/2024\\\/10\\\/Ich-miete-zum-ersten-Mal-seit-20-Jahren-und-koennte.jpg\",\"keywords\":[\"aufger\u00e4umt\",\"Balance\",\"bin\",\"das\",\"deshalb\",\"die\",\"finde\",\"ich\",\"ist\",\"meinem\",\"nicht\",\"Ordnung\",\"sauber\",\"und\",\"Zuhause\"],\"articleSection\":[\"Haus &amp; Garten\"],\"inLanguage\":\"de\"},{\"@type\":\"WebPage\",\"@id\":\"https:\\\/\\\/www.strassenweb.de\\\/nachrichten\\\/ich-bin-aufgeraeumt-nicht-sauber-deshalb-ist-das-in-ordnung-und-ich-finde-die-balance-in-meinem-zuhause\\\/\",\"url\":\"https:\\\/\\\/www.strassenweb.de\\\/nachrichten\\\/ich-bin-aufgeraeumt-nicht-sauber-deshalb-ist-das-in-ordnung-und-ich-finde-die-balance-in-meinem-zuhause\\\/\",\"name\":\"Ich bin aufger\u00e4umt, nicht sauber \u2013 deshalb ist das in Ordnung und ich finde die Balance in meinem Zuhause - Nachrichten - Stra\u00dfenweb\",\"isPartOf\":{\"@id\":\"https:\\\/\\\/www.strassenweb.de\\\/nachrichten\\\/#website\"},\"primaryImageOfPage\":{\"@id\":\"https:\\\/\\\/www.strassenweb.de\\\/nachrichten\\\/ich-bin-aufgeraeumt-nicht-sauber-deshalb-ist-das-in-ordnung-und-ich-finde-die-balance-in-meinem-zuhause\\\/#primaryimage\"},\"image\":{\"@id\":\"https:\\\/\\\/www.strassenweb.de\\\/nachrichten\\\/ich-bin-aufgeraeumt-nicht-sauber-deshalb-ist-das-in-ordnung-und-ich-finde-die-balance-in-meinem-zuhause\\\/#primaryimage\"},\"thumbnailUrl\":\"https:\\\/\\\/www.strassenweb.de\\\/nachrichten\\\/wp-content\\\/uploads\\\/2024\\\/10\\\/Ich-miete-zum-ersten-Mal-seit-20-Jahren-und-koennte.jpg\",\"datePublished\":\"2024-10-29T00:44:12+00:00\",\"dateModified\":\"2024-10-29T00:44:13+00:00\",\"breadcrumb\":{\"@id\":\"https:\\\/\\\/www.strassenweb.de\\\/nachrichten\\\/ich-bin-aufgeraeumt-nicht-sauber-deshalb-ist-das-in-ordnung-und-ich-finde-die-balance-in-meinem-zuhause\\\/#breadcrumb\"},\"inLanguage\":\"de\",\"potentialAction\":[{\"@type\":\"ReadAction\",\"target\":[\"https:\\\/\\\/www.strassenweb.de\\\/nachrichten\\\/ich-bin-aufgeraeumt-nicht-sauber-deshalb-ist-das-in-ordnung-und-ich-finde-die-balance-in-meinem-zuhause\\\/\"]}]},{\"@type\":\"ImageObject\",\"inLanguage\":\"de\",\"@id\":\"https:\\\/\\\/www.strassenweb.de\\\/nachrichten\\\/ich-bin-aufgeraeumt-nicht-sauber-deshalb-ist-das-in-ordnung-und-ich-finde-die-balance-in-meinem-zuhause\\\/#primaryimage\",\"url\":\"https:\\\/\\\/www.strassenweb.de\\\/nachrichten\\\/wp-content\\\/uploads\\\/2024\\\/10\\\/Ich-miete-zum-ersten-Mal-seit-20-Jahren-und-koennte.jpg\",\"contentUrl\":\"https:\\\/\\\/www.strassenweb.de\\\/nachrichten\\\/wp-content\\\/uploads\\\/2024\\\/10\\\/Ich-miete-zum-ersten-Mal-seit-20-Jahren-und-koennte.jpg\",\"width\":1200,\"height\":675,\"caption\":\"Ich miete zum ersten Mal seit 20 Jahren und k\u00f6nnte nicht gl\u00fccklicher sein \u2013 hier ist der Grund\"},{\"@type\":\"BreadcrumbList\",\"@id\":\"https:\\\/\\\/www.strassenweb.de\\\/nachrichten\\\/ich-bin-aufgeraeumt-nicht-sauber-deshalb-ist-das-in-ordnung-und-ich-finde-die-balance-in-meinem-zuhause\\\/#breadcrumb\",\"itemListElement\":[{\"@type\":\"ListItem\",\"position\":1,\"name\":\"Home\",\"item\":\"https:\\\/\\\/www.strassenweb.de\\\/nachrichten\\\/\"},{\"@type\":\"ListItem\",\"position\":2,\"name\":\"Ich bin aufger\u00e4umt, nicht sauber \u2013 deshalb ist das in Ordnung und ich finde die Balance in meinem Zuhause\"}]},{\"@type\":\"WebSite\",\"@id\":\"https:\\\/\\\/www.strassenweb.de\\\/nachrichten\\\/#website\",\"url\":\"https:\\\/\\\/www.strassenweb.de\\\/nachrichten\\\/\",\"name\":\"Stra\u00dfenweb\",\"description\":\"Stra\u00dfenverzeichnis f\u00fcr Deutschland\",\"publisher\":{\"@id\":\"https:\\\/\\\/www.strassenweb.de\\\/nachrichten\\\/#organization\"},\"potentialAction\":[{\"@type\":\"SearchAction\",\"target\":{\"@type\":\"EntryPoint\",\"urlTemplate\":\"https:\\\/\\\/www.strassenweb.de\\\/nachrichten\\\/?s={search_term_string}\"},\"query-input\":{\"@type\":\"PropertyValueSpecification\",\"valueRequired\":true,\"valueName\":\"search_term_string\"}}],\"inLanguage\":\"de\"},{\"@type\":\"Organization\",\"@id\":\"https:\\\/\\\/www.strassenweb.de\\\/nachrichten\\\/#organization\",\"name\":\"Stra\u00dfenweb\",\"url\":\"https:\\\/\\\/www.strassenweb.de\\\/nachrichten\\\/\",\"logo\":{\"@type\":\"ImageObject\",\"inLanguage\":\"de\",\"@id\":\"https:\\\/\\\/www.strassenweb.de\\\/nachrichten\\\/#\\\/schema\\\/logo\\\/image\\\/\",\"url\":\"https:\\\/\\\/www.strassenweb.de\\\/nachrichten\\\/wp-content\\\/uploads\\\/2024\\\/09\\\/cropped-favicon.png\",\"contentUrl\":\"https:\\\/\\\/www.strassenweb.de\\\/nachrichten\\\/wp-content\\\/uploads\\\/2024\\\/09\\\/cropped-favicon.png\",\"width\":512,\"height\":512,\"caption\":\"Stra\u00dfenweb\"},\"image\":{\"@id\":\"https:\\\/\\\/www.strassenweb.de\\\/nachrichten\\\/#\\\/schema\\\/logo\\\/image\\\/\"},\"sameAs\":[\"https:\\\/\\\/www.facebook.com\\\/strassenweb\\\/\"]},{\"@type\":\"Person\",\"@id\":\"https:\\\/\\\/www.strassenweb.de\\\/nachrichten\\\/#\\\/schema\\\/person\\\/87c9c9067f1211da429a744dc5a5aa41\",\"name\":\"Robert Hoffmann\",\"image\":{\"@type\":\"ImageObject\",\"inLanguage\":\"de\",\"@id\":\"https:\\\/\\\/www.strassenweb.de\\\/nachrichten\\\/wp-content\\\/uploads\\\/2024\\\/09\\\/strassenweb-150x150.jpg\",\"url\":\"https:\\\/\\\/www.strassenweb.de\\\/nachrichten\\\/wp-content\\\/uploads\\\/2024\\\/09\\\/strassenweb-150x150.jpg\",\"contentUrl\":\"https:\\\/\\\/www.strassenweb.de\\\/nachrichten\\\/wp-content\\\/uploads\\\/2024\\\/09\\\/strassenweb-150x150.jpg\",\"caption\":\"Robert Hoffmann\"},\"description\":\"Ich hei\u00dfe Robert Hoffmann und ich bin ein leidenschaftlicher Verfechter von \u00d6kologie und Biodiversit\u00e4t. Seit meiner Kindheit in den W\u00e4ldern Bayerns f\u00fchle ich mich mit der Natur verbunden und bin entschlossen, sie zu sch\u00fctzen. Heute widme ich mein Leben der Sensibilisierung anderer f\u00fcr die Bedeutung des Umweltschutzes f\u00fcr zuk\u00fcnftige Generationen.\",\"sameAs\":[\"https:\\\/\\\/www.strassenweb.de\\\/\"]}]}<\/script>\n<!-- \/ Yoast SEO plugin. -->","yoast_head_json":{"title":"Ich bin aufger\u00e4umt, nicht sauber \u2013 deshalb ist das in Ordnung und ich finde die Balance in meinem Zuhause - Nachrichten - Stra\u00dfenweb","robots":{"index":"index","follow":"follow","max-snippet":"max-snippet:-1","max-image-preview":"max-image-preview:large","max-video-preview":"max-video-preview:-1"},"canonical":"https:\/\/www.strassenweb.de\/nachrichten\/ich-bin-aufgeraeumt-nicht-sauber-deshalb-ist-das-in-ordnung-und-ich-finde-die-balance-in-meinem-zuhause\/","og_locale":"de_DE","og_type":"article","og_title":"Ich bin aufger\u00e4umt, nicht sauber \u2013 deshalb ist das in Ordnung und ich finde die Balance in meinem Zuhause - Nachrichten - Stra\u00dfenweb","og_description":"Als H&#038;G Mit dem gel\u00f6sten Editor verbringe ich einen Gro\u00dfteil meiner Zeit damit, neue Reinigungs-Hacks zu testen und dar\u00fcber zu schreiben und zu lesen, wie","og_url":"https:\/\/www.strassenweb.de\/nachrichten\/ich-bin-aufgeraeumt-nicht-sauber-deshalb-ist-das-in-ordnung-und-ich-finde-die-balance-in-meinem-zuhause\/","og_site_name":"Stra\u00dfenweb","article_publisher":"https:\/\/www.facebook.com\/strassenweb\/","article_published_time":"2024-10-29T00:44:12+00:00","article_modified_time":"2024-10-29T00:44:13+00:00","og_image":[{"width":1200,"height":675,"url":"https:\/\/www.strassenweb.de\/nachrichten\/wp-content\/uploads\/2024\/10\/Ich-miete-zum-ersten-Mal-seit-20-Jahren-und-koennte.jpg","type":"image\/jpeg"}],"author":"Robert Hoffmann","twitter_card":"summary_large_image","twitter_misc":{"Verfasst von":"Robert Hoffmann","Gesch\u00e4tzte Lesezeit":"5\u00a0Minuten"},"schema":{"@context":"https:\/\/schema.org","@graph":[{"@type":"Article","@id":"https:\/\/www.strassenweb.de\/nachrichten\/ich-bin-aufgeraeumt-nicht-sauber-deshalb-ist-das-in-ordnung-und-ich-finde-die-balance-in-meinem-zuhause\/#article","isPartOf":{"@id":"https:\/\/www.strassenweb.de\/nachrichten\/ich-bin-aufgeraeumt-nicht-sauber-deshalb-ist-das-in-ordnung-und-ich-finde-die-balance-in-meinem-zuhause\/"},"author":{"name":"Robert Hoffmann","@id":"https:\/\/www.strassenweb.de\/nachrichten\/#\/schema\/person\/87c9c9067f1211da429a744dc5a5aa41"},"headline":"Ich bin aufger\u00e4umt, nicht sauber \u2013 deshalb ist das in Ordnung und ich finde die Balance in meinem Zuhause","datePublished":"2024-10-29T00:44:12+00:00","dateModified":"2024-10-29T00:44:13+00:00","mainEntityOfPage":{"@id":"https:\/\/www.strassenweb.de\/nachrichten\/ich-bin-aufgeraeumt-nicht-sauber-deshalb-ist-das-in-ordnung-und-ich-finde-die-balance-in-meinem-zuhause\/"},"wordCount":1060,"publisher":{"@id":"https:\/\/www.strassenweb.de\/nachrichten\/#organization"},"image":{"@id":"https:\/\/www.strassenweb.de\/nachrichten\/ich-bin-aufgeraeumt-nicht-sauber-deshalb-ist-das-in-ordnung-und-ich-finde-die-balance-in-meinem-zuhause\/#primaryimage"},"thumbnailUrl":"https:\/\/www.strassenweb.de\/nachrichten\/wp-content\/uploads\/2024\/10\/Ich-miete-zum-ersten-Mal-seit-20-Jahren-und-koennte.jpg","keywords":["aufger\u00e4umt","Balance","bin","das","deshalb","die","finde","ich","ist","meinem","nicht","Ordnung","sauber","und","Zuhause"],"articleSection":["Haus &amp; Garten"],"inLanguage":"de"},{"@type":"WebPage","@id":"https:\/\/www.strassenweb.de\/nachrichten\/ich-bin-aufgeraeumt-nicht-sauber-deshalb-ist-das-in-ordnung-und-ich-finde-die-balance-in-meinem-zuhause\/","url":"https:\/\/www.strassenweb.de\/nachrichten\/ich-bin-aufgeraeumt-nicht-sauber-deshalb-ist-das-in-ordnung-und-ich-finde-die-balance-in-meinem-zuhause\/","name":"Ich bin aufger\u00e4umt, nicht sauber \u2013 deshalb ist das in Ordnung und ich finde die Balance in meinem Zuhause - Nachrichten - Stra\u00dfenweb","isPartOf":{"@id":"https:\/\/www.strassenweb.de\/nachrichten\/#website"},"primaryImageOfPage":{"@id":"https:\/\/www.strassenweb.de\/nachrichten\/ich-bin-aufgeraeumt-nicht-sauber-deshalb-ist-das-in-ordnung-und-ich-finde-die-balance-in-meinem-zuhause\/#primaryimage"},"image":{"@id":"https:\/\/www.strassenweb.de\/nachrichten\/ich-bin-aufgeraeumt-nicht-sauber-deshalb-ist-das-in-ordnung-und-ich-finde-die-balance-in-meinem-zuhause\/#primaryimage"},"thumbnailUrl":"https:\/\/www.strassenweb.de\/nachrichten\/wp-content\/uploads\/2024\/10\/Ich-miete-zum-ersten-Mal-seit-20-Jahren-und-koennte.jpg","datePublished":"2024-10-29T00:44:12+00:00","dateModified":"2024-10-29T00:44:13+00:00","breadcrumb":{"@id":"https:\/\/www.strassenweb.de\/nachrichten\/ich-bin-aufgeraeumt-nicht-sauber-deshalb-ist-das-in-ordnung-und-ich-finde-die-balance-in-meinem-zuhause\/#breadcrumb"},"inLanguage":"de","potentialAction":[{"@type":"ReadAction","target":["https:\/\/www.strassenweb.de\/nachrichten\/ich-bin-aufgeraeumt-nicht-sauber-deshalb-ist-das-in-ordnung-und-ich-finde-die-balance-in-meinem-zuhause\/"]}]},{"@type":"ImageObject","inLanguage":"de","@id":"https:\/\/www.strassenweb.de\/nachrichten\/ich-bin-aufgeraeumt-nicht-sauber-deshalb-ist-das-in-ordnung-und-ich-finde-die-balance-in-meinem-zuhause\/#primaryimage","url":"https:\/\/www.strassenweb.de\/nachrichten\/wp-content\/uploads\/2024\/10\/Ich-miete-zum-ersten-Mal-seit-20-Jahren-und-koennte.jpg","contentUrl":"https:\/\/www.strassenweb.de\/nachrichten\/wp-content\/uploads\/2024\/10\/Ich-miete-zum-ersten-Mal-seit-20-Jahren-und-koennte.jpg","width":1200,"height":675,"caption":"Ich miete zum ersten Mal seit 20 Jahren und k\u00f6nnte nicht gl\u00fccklicher sein \u2013 hier ist der Grund"},{"@type":"BreadcrumbList","@id":"https:\/\/www.strassenweb.de\/nachrichten\/ich-bin-aufgeraeumt-nicht-sauber-deshalb-ist-das-in-ordnung-und-ich-finde-die-balance-in-meinem-zuhause\/#breadcrumb","itemListElement":[{"@type":"ListItem","position":1,"name":"Home","item":"https:\/\/www.strassenweb.de\/nachrichten\/"},{"@type":"ListItem","position":2,"name":"Ich bin aufger\u00e4umt, nicht sauber \u2013 deshalb ist das in Ordnung und ich finde die Balance in meinem Zuhause"}]},{"@type":"WebSite","@id":"https:\/\/www.strassenweb.de\/nachrichten\/#website","url":"https:\/\/www.strassenweb.de\/nachrichten\/","name":"Stra\u00dfenweb","description":"Stra\u00dfenverzeichnis f\u00fcr Deutschland","publisher":{"@id":"https:\/\/www.strassenweb.de\/nachrichten\/#organization"},"potentialAction":[{"@type":"SearchAction","target":{"@type":"EntryPoint","urlTemplate":"https:\/\/www.strassenweb.de\/nachrichten\/?s={search_term_string}"},"query-input":{"@type":"PropertyValueSpecification","valueRequired":true,"valueName":"search_term_string"}}],"inLanguage":"de"},{"@type":"Organization","@id":"https:\/\/www.strassenweb.de\/nachrichten\/#organization","name":"Stra\u00dfenweb","url":"https:\/\/www.strassenweb.de\/nachrichten\/","logo":{"@type":"ImageObject","inLanguage":"de","@id":"https:\/\/www.strassenweb.de\/nachrichten\/#\/schema\/logo\/image\/","url":"https:\/\/www.strassenweb.de\/nachrichten\/wp-content\/uploads\/2024\/09\/cropped-favicon.png","contentUrl":"https:\/\/www.strassenweb.de\/nachrichten\/wp-content\/uploads\/2024\/09\/cropped-favicon.png","width":512,"height":512,"caption":"Stra\u00dfenweb"},"image":{"@id":"https:\/\/www.strassenweb.de\/nachrichten\/#\/schema\/logo\/image\/"},"sameAs":["https:\/\/www.facebook.com\/strassenweb\/"]},{"@type":"Person","@id":"https:\/\/www.strassenweb.de\/nachrichten\/#\/schema\/person\/87c9c9067f1211da429a744dc5a5aa41","name":"Robert Hoffmann","image":{"@type":"ImageObject","inLanguage":"de","@id":"https:\/\/www.strassenweb.de\/nachrichten\/wp-content\/uploads\/2024\/09\/strassenweb-150x150.jpg","url":"https:\/\/www.strassenweb.de\/nachrichten\/wp-content\/uploads\/2024\/09\/strassenweb-150x150.jpg","contentUrl":"https:\/\/www.strassenweb.de\/nachrichten\/wp-content\/uploads\/2024\/09\/strassenweb-150x150.jpg","caption":"Robert Hoffmann"},"description":"Ich hei\u00dfe Robert Hoffmann und ich bin ein leidenschaftlicher Verfechter von \u00d6kologie und Biodiversit\u00e4t. Seit meiner Kindheit in den W\u00e4ldern Bayerns f\u00fchle ich mich mit der Natur verbunden und bin entschlossen, sie zu sch\u00fctzen. Heute widme ich mein Leben der Sensibilisierung anderer f\u00fcr die Bedeutung des Umweltschutzes f\u00fcr zuk\u00fcnftige Generationen.","sameAs":["https:\/\/www.strassenweb.de\/"]}]}},"_links":{"self":[{"href":"https:\/\/www.strassenweb.de\/nachrichten\/wp-json\/wp\/v2\/posts\/1210","targetHints":{"allow":["GET"]}}],"collection":[{"href":"https:\/\/www.strassenweb.de\/nachrichten\/wp-json\/wp\/v2\/posts"}],"about":[{"href":"https:\/\/www.strassenweb.de\/nachrichten\/wp-json\/wp\/v2\/types\/post"}],"author":[{"embeddable":true,"href":"https:\/\/www.strassenweb.de\/nachrichten\/wp-json\/wp\/v2\/users\/1"}],"replies":[{"embeddable":true,"href":"https:\/\/www.strassenweb.de\/nachrichten\/wp-json\/wp\/v2\/comments?post=1210"}],"version-history":[{"count":0,"href":"https:\/\/www.strassenweb.de\/nachrichten\/wp-json\/wp\/v2\/posts\/1210\/revisions"}],"wp:featuredmedia":[{"embeddable":true,"href":"https:\/\/www.strassenweb.de\/nachrichten\/wp-json\/wp\/v2\/media\/596"}],"wp:attachment":[{"href":"https:\/\/www.strassenweb.de\/nachrichten\/wp-json\/wp\/v2\/media?parent=1210"}],"wp:term":[{"taxonomy":"category","embeddable":true,"href":"https:\/\/www.strassenweb.de\/nachrichten\/wp-json\/wp\/v2\/categories?post=1210"},{"taxonomy":"post_tag","embeddable":true,"href":"https:\/\/www.strassenweb.de\/nachrichten\/wp-json\/wp\/v2\/tags?post=1210"}],"curies":[{"name":"wp","href":"https:\/\/api.w.org\/{rel}","templated":true}]}}