{"id":1201,"date":"2024-10-28T15:01:29","date_gmt":"2024-10-28T14:01:29","guid":{"rendered":"https:\/\/www.strassenweb.de\/nachrichten\/so-reinigen-und-lagern-sie-winterjacken-und-sorgen-laut-reinigungsprofis-dafuer-dass-sie-die-ganze-saison-ueber-schoen-aussehen\/"},"modified":"2024-10-28T15:01:30","modified_gmt":"2024-10-28T14:01:30","slug":"so-reinigen-und-lagern-sie-winterjacken-und-sorgen-laut-reinigungsprofis-dafuer-dass-sie-die-ganze-saison-ueber-schoen-aussehen","status":"publish","type":"post","link":"https:\/\/www.strassenweb.de\/nachrichten\/so-reinigen-und-lagern-sie-winterjacken-und-sorgen-laut-reinigungsprofis-dafuer-dass-sie-die-ganze-saison-ueber-schoen-aussehen\/","title":{"rendered":"So reinigen und lagern Sie Winterjacken \u2013 und sorgen laut Reinigungsprofis daf\u00fcr, dass sie die ganze Saison \u00fcber sch\u00f6n aussehen"},"content":{"rendered":"<p><\/p>\n<div id=\"article-body\" class=\"article__body \">\n<p>Wenn es ein Winter-Essential gibt, das wir den ganzen Winter \u00fcber immer wieder tragen, dann ist es eine kuschelige Jacke \u2013 aber wie w\u00e4scht man sie?<\/p>\n<div id=\"ad-unit-1\" class=\"ad-unit\"><\/div>\n<p>Durch den t\u00e4glichen Gebrauch dieser M\u00e4ntel bei k\u00e4lterem Wetter k\u00f6nnen sich schnell Schmutz und Dreck ansammeln und m\u00fcssen daher regelm\u00e4\u00dfig gepflegt werden. F\u00fcr unterschiedliche Schichten gelten jedoch unterschiedliche Waschanweisungen. Daher ist es wichtig, bei der Reinigung vorsichtig vorzugehen.<\/p>\n<aside class=\"hawk-nest\" data-block-type=\"embed\" data-render-type=\"fte\" data-skip=\"dealsy\" data-widget-type=\"seasonal\">\n<div class=\"hawk-master-widget-hawk-base-wrapper\"><\/div>\n<\/aside>\n<p>Hier haben wir mit Reinigungs- und W\u00e4scheexperten \u00fcber ihre Reinigungstipps gesprochen, damit Ihre Winterjacke die ganze Saison \u00fcber warm und sch\u00f6n bleibt.<\/p>\n<div id=\"desktop-in-article\" class=\"in-article ad-unit\">\n<div id=\"desktop-taboola-mid-article\"><\/div>\n<\/div>\n<div id=\"mobile-in-article\" class=\"in-article ad-unit\">\n<div id=\"mobile-taboola-mid-article\"><\/div>\n<\/div>\n<h2 id=\"how-to-clean-winter-jackets-3\">So reinigen Sie Winterjacken<\/h2>\n<h3 class=\"article-body__section\" id=\"section-1-spot-clean\"><span>1. Punktgenau reinigen<\/span><\/h3>\n<figure class=\"van-image-figure inline-layout \" data-bordeaux-image-check>\n<div class=\"image-full-width-wrapper\">\n<div class=\"image-widthsetter\" style=\"max-width:2000px;\"><\/div>\n<\/div>\n<\/figure>\n<p>Bei allt\u00e4glichen Ausbesserungen ist die punktuelle Reinigung die einfachste Methode, Ihre Winterjacke aufzufrischen. Ken Doty, COO von The Maids erkl\u00e4rt: \u201eDie Fleckenreinigung ist ein einfacher Vorgang. Nehmen Sie ein sauberes Tuch und befeuchten Sie es mit einer Reinigungsl\u00f6sung aus kaltem Wasser und einem milden Reinigungsmittel.<\/p>\n<div class=\"van_vid_carousel\">\n<div class=\"van_vid_carousel__padding\">\n<div class=\"van_vid_carousel__container\"><\/div>\n<\/div>\n<\/div>\n<p>Wir empfehlen dazu das beliebte fl\u00fcssige Waschmittel Woolite Delicates, das bei Walmart erh\u00e4ltlich ist, da es sowohl f\u00fcr die Hand- als auch f\u00fcr die Maschinenw\u00e4sche geeignet ist und die Textilien vor Besch\u00e4digung, Verblassen, Schrumpfen und Dehnen sch\u00fctzt.<\/p>\n<div id=\"ad-unit-2\" class=\"ad-unit\"><\/div>\n<p>Doty f\u00e4hrt fort: \u201eTupfen Sie den verschmutzten Bereich sanft ab und arbeiten Sie von au\u00dfen nach innen, um sicherzustellen, dass er sich nicht ausbreitet.\u201c Sp\u00fclen Sie den Bereich mit einem sauberen Tuch (z. B. dem bei Amazon erh\u00e4ltlichen HOMEXCEL-Mikrofaser-Reinigungstuch) ab, das nur mit Wasser angefeuchtet ist.<\/p>\n<h3 class=\"article-body__section\" id=\"section-2-hand-wash\"><span>2. Handw\u00e4sche<\/span><\/h3>\n<figure class=\"van-image-figure inline-layout \" data-bordeaux-image-check>\n<div class=\"image-full-width-wrapper\">\n<div class=\"image-widthsetter\" style=\"max-width:2000px;\"><\/div>\n<\/div>\n<\/figure>\n<p>Wenn Sie das W\u00e4schesymbol auf Ihrer Jacke \u00fcberpr\u00fcfen und dort \u201eNur von Hand waschen\u201c steht, ist dies am besten, um den Zustand Ihrer Jacke zu erhalten, und es ist auch eine relativ sichere Option.<\/p>\n<p>F\u00fcllen Sie zun\u00e4chst ein Becken mit kaltem Wasser und geben Sie eine kleine Menge umweltfreundliches Waschmittel hinzu, z. B. das bei Walmart erh\u00e4ltliche fl\u00fcssige Waschmittel ECOS Plus mit fleckenbek\u00e4mpfenden Enzymen. Tauchen Sie das Fell dann vollst\u00e4ndig ein und schwenken Sie es vorsichtig im Wasser, um gr\u00f6\u00dferen Schmutz zu l\u00f6sen. Wenn das Fell gro\u00df ist, k\u00f6nnen Sie dies in Ihrem Bad tun.<\/p>\n<p>Vanessa Terra Bossart, Inhaberin von Green Terra Clothing, sagt: \u201eKonzentrieren Sie sich auf verschmutzte Stellen, schrubben Sie sie leicht mit den Fingern und sp\u00fclen Sie sie anschlie\u00dfend gr\u00fcndlich mit kaltem Wasser ab, bis kein Waschmittel mehr vorhanden ist.\u201c<\/p>\n<p>Um \u00fcbersch\u00fcssiges Wasser zu entfernen, dr\u00fccken Sie das Wasser vorsichtig heraus, ohne es stark auszuwringen oder zu drehen. Reinigungsexperte Doty erkl\u00e4rt: \u201eZu aggressive Bewegungen k\u00f6nnten das Material besch\u00e4digen und dazu f\u00fchren, dass das Fell unproportional aussieht.\u201c Doty empfiehlt, Ihre Jacke nicht auszuwringen, sondern in ein trockenes Handtuch zu wickeln und aufzurollen, um eingeschlossenes und \u00fcbersch\u00fcssiges Wasser zu entfernen.<\/p>\n<h3 class=\"article-body__section\" id=\"section-3-machine-wash\"><span>3. Maschinenw\u00e4sche<\/span><\/h3>\n<figure class=\"van-image-figure inline-layout \" data-bordeaux-image-check>\n<div class=\"image-full-width-wrapper\">\n<div class=\"image-widthsetter\" style=\"max-width:2000px;\"><\/div>\n<\/div>\n<\/figure>\n<p>Obwohl es einige Dinge gibt, die man niemals in die Waschmaschine geben sollte, ist es <em>Ist <\/em>Es ist m\u00f6glich, M\u00e4ntel in der Maschine zu waschen, sofern Sie vorher das Pflegeetikett \u00fcberpr\u00fcfen.<\/p>\n<p>Sophie Lane von Miele empfiehlt die Verwendung von Fl\u00fcssigwaschmitteln: \u201eFl\u00fcssigwaschmittel sind im Allgemeinen schonender f\u00fcr Textilien und l\u00f6sen sich besser in Wasser, wodurch das Risiko von R\u00fcckst\u00e4nden verringert wird, die empfindliche Fasern sch\u00e4digen k\u00f6nnen.\u201c<\/p>\n<p>Wir empfehlen die Verwendung des meistverkauften ARM &#038; HAMMER Plus OxiClean Stain Fighter Fl\u00fcssigwaschmittels, das bei Walmart erh\u00e4ltlich ist, da es f\u00fcr die gr\u00fcndliche Reinigung von Textilien entwickelt wurde und f\u00fcr eine lang anhaltende Frische sorgt, damit die W\u00e4sche besser riecht. Wenn Sie jedoch einen Mantel mit Daunenf\u00fcllung waschen, achten Sie darauf, hierf\u00fcr ein Waschmittel zu verwenden, oder lassen Sie ihn chemisch reinigen, um die Funktionalit\u00e4t Ihres Mantels nicht zu beeintr\u00e4chtigen.<\/p>\n<p>Vermeiden Sie auch Weichsp\u00fcler, da diese die Funktion Ihrer Winterm\u00e4ntel beeintr\u00e4chtigen k\u00f6nnen.<\/p>\n<p>Wichtig: Wenn Sie eine Anleitung zu den Waschmaschineneinstellungen ben\u00f6tigen oder sich fragen, ob Sie Ihre Kleidung in kaltem Wasser waschen sollten, sollten Winterm\u00e4ntel immer bei niedrigen Temperaturen gewaschen werden, da dies schonender f\u00fcr den Stoff ist und au\u00dferdem eine gute M\u00f6glichkeit zum Sparen bietet Energie beim W\u00e4schewaschen und verringert so Ihren CO2-Fu\u00dfabdruck. Aus diesem Grund sollten Sie auch eine \u00dcberlastung Ihrer Maschine vermeiden, da dies zu \u00fcberm\u00e4\u00dfiger Reibung f\u00fchren und die Reinigungseffizienz verringern kann, erkl\u00e4rt Lane.<\/p>\n<p>Lane empfiehlt au\u00dferdem, sich f\u00fcr eine langsame Schleudereinstellung zu entscheiden. Sie sagt: \u201eHohe Schleudergeschwindigkeiten k\u00f6nnen Reibung verursachen und empfindliche Fasern besch\u00e4digen.\u201c Langsamere Schleuderzyklen schonen diese Materialien.<\/p>\n<p>\u201eMiele-Waschmaschinen bieten anpassbare Schleudereinstellungen f\u00fcr verschiedene Stoffarten und sorgen so f\u00fcr eine sanfte und dennoch effektive Reinigung\u201c, und sie verf\u00fcgen auch \u00fcber Programme, die auf bestimmte Stoffe oder Kleidungsarten zugeschnitten sind.<\/p>\n<p>Lane empfiehlt, die Jacke nach dem Waschen erneut impr\u00e4gnieren zu lassen, um die wasserabweisenden Eigenschaften von Outdoor-M\u00e4nteln wiederherzustellen und ihre Wirksamkeit bei N\u00e4sse aufrechtzuerhalten. Beispielsweise k\u00f6nnen Produkte wie das bei Amazon erh\u00e4ltliche Nikwax Hardshell Cleaning &#038; Waterproofing Duo-Pack zu Ihrer Waschmaschine hinzugef\u00fcgt werden, und Lane weist darauf hin, dass Miele-Waschmaschinen ein spezielles Impr\u00e4gnierprogramm bieten, das darauf ausgelegt ist, wasserabweisende Behandlungen erneut auf Ihren Au\u00dfenbereich aufzutragen Kleidungsst\u00fccke, um sicherzustellen, dass sie funktionell und sch\u00fctzend bleiben. Dies ist daher etwas, das Sie vielleicht in Betracht ziehen sollten, wenn Sie dar\u00fcber nachdenken, in eine der besten Waschmaschinen zu investieren.<\/p>\n<h3 class=\"article-body__section\" id=\"section-4-dry\"><span>4. Trocknen<\/span><\/h3>\n<figure class=\"van-image-figure inline-layout \" data-bordeaux-image-check>\n<div class=\"image-full-width-wrapper\">\n<div class=\"image-widthsetter\" style=\"max-width:2000px;\"><\/div>\n<\/div>\n<\/figure>\n<p>Nach dem Waschen gibt es je nach Material und Typ verschiedene M\u00f6glichkeiten, Ihren Mantel zu trocknen. Richtiges Trocknen beugt sowohl Sch\u00e4den als auch bleibenden Ger\u00fcchen vor, betont Reinigungsexperte Terra Bossart, daher ist es wichtig, es richtig zu machen.<\/p>\n<p>Normalerweise ist es am sichersten, die Vorteile der Lufttrocknung von W\u00e4sche zu nutzen, erkl\u00e4rt Reinigungsexperte Doty: \u201eWenn es Zeit zum Trocknen ist, ist es am besten, sie an der Luft zu trocknen.\u201c H\u00e4ngen Sie den Mantel an einem gut bel\u00fcfteten Ort auf einen Kleiderb\u00fcgel oder W\u00e4schest\u00e4nder (z. B. den bei Amazon erh\u00e4ltlichen h\u00f6lzernen W\u00e4schest\u00e4nder \u201eHome-it\u201c aus Bambus) oder legen Sie den Mantel flach auf einen W\u00e4schest\u00e4nder und formen Sie ihn, solange er noch feucht ist, damit er seine Form beh\u00e4lt bilden.<\/p>\n<p>Terra Bossart f\u00fcgt hinzu: \u201eVermeiden Sie direkte Sonneneinstrahlung oder Trocknung bei Hitze, da dies die Fasern besch\u00e4digen kann.\u201c<\/p>\n<p>Sie k\u00f6nnen Ihre Winterjacke auch mit Ihrem besten W\u00e4schetrockner trocknen, was sich gut f\u00fcr bauschige Jacken wie Daunenjacken und Steppjacken eignet. Terra Bossart sagt: \u201eLegen Sie sie mit sauberen Tennisb\u00e4llen in einen Trockner ohne Hitze, um die Flauschigkeit wiederherzustellen, ohne die Isolierung zu beeintr\u00e4chtigen.\u201c<\/p>\n<p>Sie k\u00f6nnen auch Trocknerb\u00e4lle verwenden, wie zum Beispiel die meistverkauften Woll-Trocknerb\u00e4lle bei Amazon, die Falten und statische Aufladung reduzieren und Zeit beim Trocknen sparen. Wenn Sie Ihre Daunenjacke stattdessen an der Luft trocknen lassen m\u00f6chten, empfiehlt Doty, sie regelm\u00e4\u00dfig aufzulockern und zu drehen, um ein Verklumpen beim Trocknen zu verhindern.<\/p>\n<h3 class=\"article-body__section\" id=\"section-5-store\"><span>5. Speichern<\/span><\/h3>\n<figure class=\"van-image-figure inline-layout \" data-bordeaux-image-check>\n<div class=\"image-full-width-wrapper\">\n<div class=\"image-widthsetter\" style=\"max-width:2000px;\"><\/div>\n<\/div>\n<\/figure>\n<p>Bei der richtigen Aufbewahrung von Winterkleidung kommt es auf den richtigen Ort und die richtige Aufbewahrungsart an, damit Ihre Jacken jahrelang gut aussehen. Reinigungsexperte Doty sagt: \u201eEine ordnungsgem\u00e4\u00dfe Aufbewahrung Ihrer M\u00e4ntel erh\u00f6ht nur die Chancen auf eine lange Lebensdauer\u201c und r\u00e4t, dass sie zu den Kleidungsst\u00fccken geh\u00f6ren, die Sie immer aufh\u00e4ngen sollten.<\/p>\n<p>Verwenden Sie beispielsweise einen robusten Kleiderb\u00fcgel, der stark genug ist, um Gewicht und Struktur zu tragen, wie etwa die langlebigen Utopia Home-Kleiderb\u00fcgel, die bei Amazon erh\u00e4ltlich sind, oder verwenden Sie f\u00fcr leichtere Jacken einen breiten Kleiderb\u00fcgel mit Polsterung, wie die ebenfalls bei Amazon erh\u00e4ltlichen gepolsterten Kleiderb\u00fcgel von Whitmor .<\/p>\n<p>Der Reinigungsexperte Terra Bossart f\u00fcgt hinzu: \u201eF\u00fcr eine l\u00e4ngere Lagerung sollten Sie einen atmungsaktiven Kleidersack in Betracht ziehen, der Staub abweist, ohne Feuchtigkeit einzuschlie\u00dfen\u201c, wie z. B. den bei Amazon erh\u00e4ltlichen Bestseller MISSLO 10&#8243; Gusseted All Clear Garment Bags, und f\u00fcgen Sie Zedernholzsplitter oder Lavendels\u00e4ckchen hinzu, um Motten auf nat\u00fcrliche Weise abzuwehren , insbesondere bei der Aufbewahrung von Wolljacken.<\/p>\n<p>Wir empfehlen Dr. Killigans Cedar Planks, erh\u00e4ltlich bei Walmart, die an der Reling neben Ihren M\u00e4nteln h\u00e4ngen, oder die meistverkauften MYARO Lavender Scented Sachets, die bei Amazon erh\u00e4ltlich sind.<\/p>\n<p>Abschlie\u00dfend empfiehlt Doty, die Jacken bei Gelegenheit regelm\u00e4\u00dfig auszul\u00fcften, insbesondere wenn es sich um Kleidungsst\u00fccke handelt, die Sie nicht regelm\u00e4\u00dfig tragen.<\/p>\n<h2 class=\"article-body__section\" id=\"section-faqs\"><span>FAQs<\/span><\/h2>\n<h3 class=\"article-body__section\" id=\"section-should-my-winter-coat-be-washed-inside-out\"><span>Sollte mein Wintermantel auf links gewaschen werden?<\/span><\/h3>\n<p>Sollte man Kleidung auf links waschen? Bei Winterjacken lautet die Antwort \u201eJa\u201c, denn sie sch\u00fctzen die Au\u00dfenseite vor Ausbleichen und Besch\u00e4digungen.<\/p>\n<p>Bei flauschigen M\u00e4nteln bleibt dadurch auch die Au\u00dfenseite flauschig und glatt und es wird verhindert, dass sich bei Wollartikeln Klumpen bilden.<\/p>\n<p>Vermeiden Sie den W\u00e4schefehler, Ihre Waschmaschine zu \u00fcberf\u00fcllen, damit das Waschmittel und das Wasser in der Maschine richtig zirkulieren und Schmutz, Flecken und Ger\u00fcche beseitigen k\u00f6nnen.<\/p>\n<h3 class=\"article-body__section\" id=\"section-how-often-should-i-clean-my-winter-jacket\"><span>Wie oft sollte ich meine Winterjacke reinigen?<\/span><\/h3>\n<p>Wie oft Sie Ihre Winterjacke reinigen m\u00fcssen, h\u00e4ngt davon ab, wie oft Sie sie tragen, aber es kann durchaus sein, dass Sie sie nicht ausreichend waschen.<\/p>\n<p>Erkennen Sie saubere Flecken regelm\u00e4\u00dfig, sobald sie auftreten, und waschen Sie M\u00e4ntel mindestens einmal pro Saison, bei regelm\u00e4\u00dfigem Tragen sogar zweimal.<\/p>\n<hr>\n<p>\u201eEs kann eine Herausforderung sein, die Balance zwischen Sauberkeit und der Pflege empfindlicher Stoffe zu finden, aber sobald Sie Ihre Routine gefunden haben, werden Sie Winterjacken haben, die auch in den kommenden Jahren der K\u00e4lte standhalten\u201c, sagt Doty.<\/p>\n<p>Sobald sie sauber sind, lernen Sie, wie Sie M\u00e4ntel organisieren, damit Sie auch in Eile immer finden, was Sie suchen.<\/p>\n<\/div>\n","protected":false},"excerpt":{"rendered":"<p>Wenn es ein Winter-Essential gibt, das wir den ganzen Winter \u00fcber immer wieder tragen, dann ist es eine kuschelige Jacke \u2013 aber wie w\u00e4scht man<\/p>\n","protected":false},"author":1,"featured_media":1202,"comment_status":"closed","ping_status":"","sticky":false,"template":"","format":"standard","meta":{"footnotes":""},"categories":[118],"tags":[1562,932,51,9,383,2289,329,587,2291,2292,523,165,253,260,37,2290],"class_list":["post-1201","post","type-post","status-publish","format-standard","has-post-thumbnail","hentry","category-haus-garten","tag-aussehen","tag-dafuer","tag-dass","tag-die","tag-ganze","tag-lagern","tag-laut","tag-reinigen","tag-reinigungsprofis","tag-saison","tag-schon","tag-sie","tag-sorgen","tag-ueber","tag-und","tag-winterjacken","generate-columns","tablet-grid-50","mobile-grid-100","grid-parent","grid-50"],"yoast_head":"<!-- This site is optimized with the Yoast SEO plugin v27.3 - https:\/\/yoast.com\/product\/yoast-seo-wordpress\/ -->\n<title>So reinigen und lagern Sie Winterjacken \u2013 und sorgen laut Reinigungsprofis daf\u00fcr, dass sie die ganze Saison \u00fcber sch\u00f6n aussehen - Nachrichten - Stra\u00dfenweb<\/title>\n<meta name=\"robots\" content=\"index, follow, max-snippet:-1, max-image-preview:large, max-video-preview:-1\" \/>\n<link rel=\"canonical\" href=\"https:\/\/www.strassenweb.de\/nachrichten\/so-reinigen-und-lagern-sie-winterjacken-und-sorgen-laut-reinigungsprofis-dafuer-dass-sie-die-ganze-saison-ueber-schoen-aussehen\/\" \/>\n<meta property=\"og:locale\" content=\"de_DE\" \/>\n<meta property=\"og:type\" content=\"article\" \/>\n<meta property=\"og:title\" content=\"So reinigen und lagern Sie Winterjacken \u2013 und sorgen laut Reinigungsprofis daf\u00fcr, dass sie die ganze Saison \u00fcber sch\u00f6n aussehen - Nachrichten - Stra\u00dfenweb\" \/>\n<meta property=\"og:description\" content=\"Wenn es ein Winter-Essential gibt, das wir den ganzen Winter \u00fcber immer wieder tragen, dann ist es eine kuschelige Jacke \u2013 aber wie w\u00e4scht man\" \/>\n<meta property=\"og:url\" content=\"https:\/\/www.strassenweb.de\/nachrichten\/so-reinigen-und-lagern-sie-winterjacken-und-sorgen-laut-reinigungsprofis-dafuer-dass-sie-die-ganze-saison-ueber-schoen-aussehen\/\" \/>\n<meta property=\"og:site_name\" content=\"Stra\u00dfenweb\" \/>\n<meta property=\"article:publisher\" content=\"https:\/\/www.facebook.com\/strassenweb\/\" \/>\n<meta property=\"article:published_time\" content=\"2024-10-28T14:01:29+00:00\" \/>\n<meta property=\"article:modified_time\" content=\"2024-10-28T14:01:30+00:00\" \/>\n<meta property=\"og:image\" content=\"https:\/\/www.strassenweb.de\/nachrichten\/wp-content\/uploads\/2024\/10\/So-reinigen-und-lagern-Sie-Winterjacken-\u2013-und-sorgen-laut.jpg\" \/>\n\t<meta property=\"og:image:width\" content=\"1200\" \/>\n\t<meta property=\"og:image:height\" content=\"675\" \/>\n\t<meta property=\"og:image:type\" content=\"image\/jpeg\" \/>\n<meta name=\"author\" content=\"Robert Hoffmann\" \/>\n<meta name=\"twitter:card\" content=\"summary_large_image\" \/>\n<meta name=\"twitter:label1\" content=\"Verfasst von\" \/>\n\t<meta name=\"twitter:data1\" content=\"Robert Hoffmann\" \/>\n\t<meta name=\"twitter:label2\" content=\"Gesch\u00e4tzte Lesezeit\" \/>\n\t<meta name=\"twitter:data2\" content=\"8\u00a0Minuten\" \/>\n<script type=\"application\/ld+json\" class=\"yoast-schema-graph\">{\"@context\":\"https:\\\/\\\/schema.org\",\"@graph\":[{\"@type\":\"Article\",\"@id\":\"https:\\\/\\\/www.strassenweb.de\\\/nachrichten\\\/so-reinigen-und-lagern-sie-winterjacken-und-sorgen-laut-reinigungsprofis-dafuer-dass-sie-die-ganze-saison-ueber-schoen-aussehen\\\/#article\",\"isPartOf\":{\"@id\":\"https:\\\/\\\/www.strassenweb.de\\\/nachrichten\\\/so-reinigen-und-lagern-sie-winterjacken-und-sorgen-laut-reinigungsprofis-dafuer-dass-sie-die-ganze-saison-ueber-schoen-aussehen\\\/\"},\"author\":{\"name\":\"Robert Hoffmann\",\"@id\":\"https:\\\/\\\/www.strassenweb.de\\\/nachrichten\\\/#\\\/schema\\\/person\\\/87c9c9067f1211da429a744dc5a5aa41\"},\"headline\":\"So reinigen und lagern Sie Winterjacken \u2013 und sorgen laut Reinigungsprofis daf\u00fcr, dass sie die ganze Saison \u00fcber sch\u00f6n aussehen\",\"datePublished\":\"2024-10-28T14:01:29+00:00\",\"dateModified\":\"2024-10-28T14:01:30+00:00\",\"mainEntityOfPage\":{\"@id\":\"https:\\\/\\\/www.strassenweb.de\\\/nachrichten\\\/so-reinigen-und-lagern-sie-winterjacken-und-sorgen-laut-reinigungsprofis-dafuer-dass-sie-die-ganze-saison-ueber-schoen-aussehen\\\/\"},\"wordCount\":1613,\"publisher\":{\"@id\":\"https:\\\/\\\/www.strassenweb.de\\\/nachrichten\\\/#organization\"},\"image\":{\"@id\":\"https:\\\/\\\/www.strassenweb.de\\\/nachrichten\\\/so-reinigen-und-lagern-sie-winterjacken-und-sorgen-laut-reinigungsprofis-dafuer-dass-sie-die-ganze-saison-ueber-schoen-aussehen\\\/#primaryimage\"},\"thumbnailUrl\":\"https:\\\/\\\/www.strassenweb.de\\\/nachrichten\\\/wp-content\\\/uploads\\\/2024\\\/10\\\/So-reinigen-und-lagern-Sie-Winterjacken-\u2013-und-sorgen-laut.jpg\",\"keywords\":[\"aussehen\",\"daf\u00fcr\",\"dass\",\"die\",\"ganze\",\"lagern\",\"laut\",\"reinigen\",\"Reinigungsprofis\",\"Saison\",\"schon\",\"Sie\",\"sorgen\",\"\u00fcber\",\"und\",\"Winterjacken\"],\"articleSection\":[\"Haus &amp; Garten\"],\"inLanguage\":\"de\"},{\"@type\":\"WebPage\",\"@id\":\"https:\\\/\\\/www.strassenweb.de\\\/nachrichten\\\/so-reinigen-und-lagern-sie-winterjacken-und-sorgen-laut-reinigungsprofis-dafuer-dass-sie-die-ganze-saison-ueber-schoen-aussehen\\\/\",\"url\":\"https:\\\/\\\/www.strassenweb.de\\\/nachrichten\\\/so-reinigen-und-lagern-sie-winterjacken-und-sorgen-laut-reinigungsprofis-dafuer-dass-sie-die-ganze-saison-ueber-schoen-aussehen\\\/\",\"name\":\"So reinigen und lagern Sie Winterjacken \u2013 und sorgen laut Reinigungsprofis daf\u00fcr, dass sie die ganze Saison \u00fcber sch\u00f6n aussehen - Nachrichten - Stra\u00dfenweb\",\"isPartOf\":{\"@id\":\"https:\\\/\\\/www.strassenweb.de\\\/nachrichten\\\/#website\"},\"primaryImageOfPage\":{\"@id\":\"https:\\\/\\\/www.strassenweb.de\\\/nachrichten\\\/so-reinigen-und-lagern-sie-winterjacken-und-sorgen-laut-reinigungsprofis-dafuer-dass-sie-die-ganze-saison-ueber-schoen-aussehen\\\/#primaryimage\"},\"image\":{\"@id\":\"https:\\\/\\\/www.strassenweb.de\\\/nachrichten\\\/so-reinigen-und-lagern-sie-winterjacken-und-sorgen-laut-reinigungsprofis-dafuer-dass-sie-die-ganze-saison-ueber-schoen-aussehen\\\/#primaryimage\"},\"thumbnailUrl\":\"https:\\\/\\\/www.strassenweb.de\\\/nachrichten\\\/wp-content\\\/uploads\\\/2024\\\/10\\\/So-reinigen-und-lagern-Sie-Winterjacken-\u2013-und-sorgen-laut.jpg\",\"datePublished\":\"2024-10-28T14:01:29+00:00\",\"dateModified\":\"2024-10-28T14:01:30+00:00\",\"breadcrumb\":{\"@id\":\"https:\\\/\\\/www.strassenweb.de\\\/nachrichten\\\/so-reinigen-und-lagern-sie-winterjacken-und-sorgen-laut-reinigungsprofis-dafuer-dass-sie-die-ganze-saison-ueber-schoen-aussehen\\\/#breadcrumb\"},\"inLanguage\":\"de\",\"potentialAction\":[{\"@type\":\"ReadAction\",\"target\":[\"https:\\\/\\\/www.strassenweb.de\\\/nachrichten\\\/so-reinigen-und-lagern-sie-winterjacken-und-sorgen-laut-reinigungsprofis-dafuer-dass-sie-die-ganze-saison-ueber-schoen-aussehen\\\/\"]}]},{\"@type\":\"ImageObject\",\"inLanguage\":\"de\",\"@id\":\"https:\\\/\\\/www.strassenweb.de\\\/nachrichten\\\/so-reinigen-und-lagern-sie-winterjacken-und-sorgen-laut-reinigungsprofis-dafuer-dass-sie-die-ganze-saison-ueber-schoen-aussehen\\\/#primaryimage\",\"url\":\"https:\\\/\\\/www.strassenweb.de\\\/nachrichten\\\/wp-content\\\/uploads\\\/2024\\\/10\\\/So-reinigen-und-lagern-Sie-Winterjacken-\u2013-und-sorgen-laut.jpg\",\"contentUrl\":\"https:\\\/\\\/www.strassenweb.de\\\/nachrichten\\\/wp-content\\\/uploads\\\/2024\\\/10\\\/So-reinigen-und-lagern-Sie-Winterjacken-\u2013-und-sorgen-laut.jpg\",\"width\":1200,\"height\":675,\"caption\":\"So reinigen und lagern Sie Winterjacken \u2013 und sorgen laut Reinigungsprofis daf\u00fcr, dass sie die ganze Saison \u00fcber sch\u00f6n aussehen\"},{\"@type\":\"BreadcrumbList\",\"@id\":\"https:\\\/\\\/www.strassenweb.de\\\/nachrichten\\\/so-reinigen-und-lagern-sie-winterjacken-und-sorgen-laut-reinigungsprofis-dafuer-dass-sie-die-ganze-saison-ueber-schoen-aussehen\\\/#breadcrumb\",\"itemListElement\":[{\"@type\":\"ListItem\",\"position\":1,\"name\":\"Home\",\"item\":\"https:\\\/\\\/www.strassenweb.de\\\/nachrichten\\\/\"},{\"@type\":\"ListItem\",\"position\":2,\"name\":\"So reinigen und lagern Sie Winterjacken \u2013 und sorgen laut Reinigungsprofis daf\u00fcr, dass sie die ganze Saison \u00fcber sch\u00f6n aussehen\"}]},{\"@type\":\"WebSite\",\"@id\":\"https:\\\/\\\/www.strassenweb.de\\\/nachrichten\\\/#website\",\"url\":\"https:\\\/\\\/www.strassenweb.de\\\/nachrichten\\\/\",\"name\":\"Stra\u00dfenweb\",\"description\":\"Stra\u00dfenverzeichnis f\u00fcr Deutschland\",\"publisher\":{\"@id\":\"https:\\\/\\\/www.strassenweb.de\\\/nachrichten\\\/#organization\"},\"potentialAction\":[{\"@type\":\"SearchAction\",\"target\":{\"@type\":\"EntryPoint\",\"urlTemplate\":\"https:\\\/\\\/www.strassenweb.de\\\/nachrichten\\\/?s={search_term_string}\"},\"query-input\":{\"@type\":\"PropertyValueSpecification\",\"valueRequired\":true,\"valueName\":\"search_term_string\"}}],\"inLanguage\":\"de\"},{\"@type\":\"Organization\",\"@id\":\"https:\\\/\\\/www.strassenweb.de\\\/nachrichten\\\/#organization\",\"name\":\"Stra\u00dfenweb\",\"url\":\"https:\\\/\\\/www.strassenweb.de\\\/nachrichten\\\/\",\"logo\":{\"@type\":\"ImageObject\",\"inLanguage\":\"de\",\"@id\":\"https:\\\/\\\/www.strassenweb.de\\\/nachrichten\\\/#\\\/schema\\\/logo\\\/image\\\/\",\"url\":\"https:\\\/\\\/www.strassenweb.de\\\/nachrichten\\\/wp-content\\\/uploads\\\/2024\\\/09\\\/cropped-favicon.png\",\"contentUrl\":\"https:\\\/\\\/www.strassenweb.de\\\/nachrichten\\\/wp-content\\\/uploads\\\/2024\\\/09\\\/cropped-favicon.png\",\"width\":512,\"height\":512,\"caption\":\"Stra\u00dfenweb\"},\"image\":{\"@id\":\"https:\\\/\\\/www.strassenweb.de\\\/nachrichten\\\/#\\\/schema\\\/logo\\\/image\\\/\"},\"sameAs\":[\"https:\\\/\\\/www.facebook.com\\\/strassenweb\\\/\"]},{\"@type\":\"Person\",\"@id\":\"https:\\\/\\\/www.strassenweb.de\\\/nachrichten\\\/#\\\/schema\\\/person\\\/87c9c9067f1211da429a744dc5a5aa41\",\"name\":\"Robert Hoffmann\",\"image\":{\"@type\":\"ImageObject\",\"inLanguage\":\"de\",\"@id\":\"https:\\\/\\\/www.strassenweb.de\\\/nachrichten\\\/wp-content\\\/uploads\\\/2024\\\/09\\\/strassenweb-150x150.jpg\",\"url\":\"https:\\\/\\\/www.strassenweb.de\\\/nachrichten\\\/wp-content\\\/uploads\\\/2024\\\/09\\\/strassenweb-150x150.jpg\",\"contentUrl\":\"https:\\\/\\\/www.strassenweb.de\\\/nachrichten\\\/wp-content\\\/uploads\\\/2024\\\/09\\\/strassenweb-150x150.jpg\",\"caption\":\"Robert Hoffmann\"},\"description\":\"Ich hei\u00dfe Robert Hoffmann und ich bin ein leidenschaftlicher Verfechter von \u00d6kologie und Biodiversit\u00e4t. Seit meiner Kindheit in den W\u00e4ldern Bayerns f\u00fchle ich mich mit der Natur verbunden und bin entschlossen, sie zu sch\u00fctzen. Heute widme ich mein Leben der Sensibilisierung anderer f\u00fcr die Bedeutung des Umweltschutzes f\u00fcr zuk\u00fcnftige Generationen.\",\"sameAs\":[\"https:\\\/\\\/www.strassenweb.de\\\/\"]}]}<\/script>\n<!-- \/ Yoast SEO plugin. -->","yoast_head_json":{"title":"So reinigen und lagern Sie Winterjacken \u2013 und sorgen laut Reinigungsprofis daf\u00fcr, dass sie die ganze Saison \u00fcber sch\u00f6n aussehen - Nachrichten - Stra\u00dfenweb","robots":{"index":"index","follow":"follow","max-snippet":"max-snippet:-1","max-image-preview":"max-image-preview:large","max-video-preview":"max-video-preview:-1"},"canonical":"https:\/\/www.strassenweb.de\/nachrichten\/so-reinigen-und-lagern-sie-winterjacken-und-sorgen-laut-reinigungsprofis-dafuer-dass-sie-die-ganze-saison-ueber-schoen-aussehen\/","og_locale":"de_DE","og_type":"article","og_title":"So reinigen und lagern Sie Winterjacken \u2013 und sorgen laut Reinigungsprofis daf\u00fcr, dass sie die ganze Saison \u00fcber sch\u00f6n aussehen - Nachrichten - Stra\u00dfenweb","og_description":"Wenn es ein Winter-Essential gibt, das wir den ganzen Winter \u00fcber immer wieder tragen, dann ist es eine kuschelige Jacke \u2013 aber wie w\u00e4scht man","og_url":"https:\/\/www.strassenweb.de\/nachrichten\/so-reinigen-und-lagern-sie-winterjacken-und-sorgen-laut-reinigungsprofis-dafuer-dass-sie-die-ganze-saison-ueber-schoen-aussehen\/","og_site_name":"Stra\u00dfenweb","article_publisher":"https:\/\/www.facebook.com\/strassenweb\/","article_published_time":"2024-10-28T14:01:29+00:00","article_modified_time":"2024-10-28T14:01:30+00:00","og_image":[{"width":1200,"height":675,"url":"https:\/\/www.strassenweb.de\/nachrichten\/wp-content\/uploads\/2024\/10\/So-reinigen-und-lagern-Sie-Winterjacken-\u2013-und-sorgen-laut.jpg","type":"image\/jpeg"}],"author":"Robert Hoffmann","twitter_card":"summary_large_image","twitter_misc":{"Verfasst von":"Robert Hoffmann","Gesch\u00e4tzte Lesezeit":"8\u00a0Minuten"},"schema":{"@context":"https:\/\/schema.org","@graph":[{"@type":"Article","@id":"https:\/\/www.strassenweb.de\/nachrichten\/so-reinigen-und-lagern-sie-winterjacken-und-sorgen-laut-reinigungsprofis-dafuer-dass-sie-die-ganze-saison-ueber-schoen-aussehen\/#article","isPartOf":{"@id":"https:\/\/www.strassenweb.de\/nachrichten\/so-reinigen-und-lagern-sie-winterjacken-und-sorgen-laut-reinigungsprofis-dafuer-dass-sie-die-ganze-saison-ueber-schoen-aussehen\/"},"author":{"name":"Robert Hoffmann","@id":"https:\/\/www.strassenweb.de\/nachrichten\/#\/schema\/person\/87c9c9067f1211da429a744dc5a5aa41"},"headline":"So reinigen und lagern Sie Winterjacken \u2013 und sorgen laut Reinigungsprofis daf\u00fcr, dass sie die ganze Saison \u00fcber sch\u00f6n aussehen","datePublished":"2024-10-28T14:01:29+00:00","dateModified":"2024-10-28T14:01:30+00:00","mainEntityOfPage":{"@id":"https:\/\/www.strassenweb.de\/nachrichten\/so-reinigen-und-lagern-sie-winterjacken-und-sorgen-laut-reinigungsprofis-dafuer-dass-sie-die-ganze-saison-ueber-schoen-aussehen\/"},"wordCount":1613,"publisher":{"@id":"https:\/\/www.strassenweb.de\/nachrichten\/#organization"},"image":{"@id":"https:\/\/www.strassenweb.de\/nachrichten\/so-reinigen-und-lagern-sie-winterjacken-und-sorgen-laut-reinigungsprofis-dafuer-dass-sie-die-ganze-saison-ueber-schoen-aussehen\/#primaryimage"},"thumbnailUrl":"https:\/\/www.strassenweb.de\/nachrichten\/wp-content\/uploads\/2024\/10\/So-reinigen-und-lagern-Sie-Winterjacken-\u2013-und-sorgen-laut.jpg","keywords":["aussehen","daf\u00fcr","dass","die","ganze","lagern","laut","reinigen","Reinigungsprofis","Saison","schon","Sie","sorgen","\u00fcber","und","Winterjacken"],"articleSection":["Haus &amp; Garten"],"inLanguage":"de"},{"@type":"WebPage","@id":"https:\/\/www.strassenweb.de\/nachrichten\/so-reinigen-und-lagern-sie-winterjacken-und-sorgen-laut-reinigungsprofis-dafuer-dass-sie-die-ganze-saison-ueber-schoen-aussehen\/","url":"https:\/\/www.strassenweb.de\/nachrichten\/so-reinigen-und-lagern-sie-winterjacken-und-sorgen-laut-reinigungsprofis-dafuer-dass-sie-die-ganze-saison-ueber-schoen-aussehen\/","name":"So reinigen und lagern Sie Winterjacken \u2013 und sorgen laut Reinigungsprofis daf\u00fcr, dass sie die ganze Saison \u00fcber sch\u00f6n aussehen - Nachrichten - Stra\u00dfenweb","isPartOf":{"@id":"https:\/\/www.strassenweb.de\/nachrichten\/#website"},"primaryImageOfPage":{"@id":"https:\/\/www.strassenweb.de\/nachrichten\/so-reinigen-und-lagern-sie-winterjacken-und-sorgen-laut-reinigungsprofis-dafuer-dass-sie-die-ganze-saison-ueber-schoen-aussehen\/#primaryimage"},"image":{"@id":"https:\/\/www.strassenweb.de\/nachrichten\/so-reinigen-und-lagern-sie-winterjacken-und-sorgen-laut-reinigungsprofis-dafuer-dass-sie-die-ganze-saison-ueber-schoen-aussehen\/#primaryimage"},"thumbnailUrl":"https:\/\/www.strassenweb.de\/nachrichten\/wp-content\/uploads\/2024\/10\/So-reinigen-und-lagern-Sie-Winterjacken-\u2013-und-sorgen-laut.jpg","datePublished":"2024-10-28T14:01:29+00:00","dateModified":"2024-10-28T14:01:30+00:00","breadcrumb":{"@id":"https:\/\/www.strassenweb.de\/nachrichten\/so-reinigen-und-lagern-sie-winterjacken-und-sorgen-laut-reinigungsprofis-dafuer-dass-sie-die-ganze-saison-ueber-schoen-aussehen\/#breadcrumb"},"inLanguage":"de","potentialAction":[{"@type":"ReadAction","target":["https:\/\/www.strassenweb.de\/nachrichten\/so-reinigen-und-lagern-sie-winterjacken-und-sorgen-laut-reinigungsprofis-dafuer-dass-sie-die-ganze-saison-ueber-schoen-aussehen\/"]}]},{"@type":"ImageObject","inLanguage":"de","@id":"https:\/\/www.strassenweb.de\/nachrichten\/so-reinigen-und-lagern-sie-winterjacken-und-sorgen-laut-reinigungsprofis-dafuer-dass-sie-die-ganze-saison-ueber-schoen-aussehen\/#primaryimage","url":"https:\/\/www.strassenweb.de\/nachrichten\/wp-content\/uploads\/2024\/10\/So-reinigen-und-lagern-Sie-Winterjacken-\u2013-und-sorgen-laut.jpg","contentUrl":"https:\/\/www.strassenweb.de\/nachrichten\/wp-content\/uploads\/2024\/10\/So-reinigen-und-lagern-Sie-Winterjacken-\u2013-und-sorgen-laut.jpg","width":1200,"height":675,"caption":"So reinigen und lagern Sie Winterjacken \u2013 und sorgen laut Reinigungsprofis daf\u00fcr, dass sie die ganze Saison \u00fcber sch\u00f6n aussehen"},{"@type":"BreadcrumbList","@id":"https:\/\/www.strassenweb.de\/nachrichten\/so-reinigen-und-lagern-sie-winterjacken-und-sorgen-laut-reinigungsprofis-dafuer-dass-sie-die-ganze-saison-ueber-schoen-aussehen\/#breadcrumb","itemListElement":[{"@type":"ListItem","position":1,"name":"Home","item":"https:\/\/www.strassenweb.de\/nachrichten\/"},{"@type":"ListItem","position":2,"name":"So reinigen und lagern Sie Winterjacken \u2013 und sorgen laut Reinigungsprofis daf\u00fcr, dass sie die ganze Saison \u00fcber sch\u00f6n aussehen"}]},{"@type":"WebSite","@id":"https:\/\/www.strassenweb.de\/nachrichten\/#website","url":"https:\/\/www.strassenweb.de\/nachrichten\/","name":"Stra\u00dfenweb","description":"Stra\u00dfenverzeichnis f\u00fcr Deutschland","publisher":{"@id":"https:\/\/www.strassenweb.de\/nachrichten\/#organization"},"potentialAction":[{"@type":"SearchAction","target":{"@type":"EntryPoint","urlTemplate":"https:\/\/www.strassenweb.de\/nachrichten\/?s={search_term_string}"},"query-input":{"@type":"PropertyValueSpecification","valueRequired":true,"valueName":"search_term_string"}}],"inLanguage":"de"},{"@type":"Organization","@id":"https:\/\/www.strassenweb.de\/nachrichten\/#organization","name":"Stra\u00dfenweb","url":"https:\/\/www.strassenweb.de\/nachrichten\/","logo":{"@type":"ImageObject","inLanguage":"de","@id":"https:\/\/www.strassenweb.de\/nachrichten\/#\/schema\/logo\/image\/","url":"https:\/\/www.strassenweb.de\/nachrichten\/wp-content\/uploads\/2024\/09\/cropped-favicon.png","contentUrl":"https:\/\/www.strassenweb.de\/nachrichten\/wp-content\/uploads\/2024\/09\/cropped-favicon.png","width":512,"height":512,"caption":"Stra\u00dfenweb"},"image":{"@id":"https:\/\/www.strassenweb.de\/nachrichten\/#\/schema\/logo\/image\/"},"sameAs":["https:\/\/www.facebook.com\/strassenweb\/"]},{"@type":"Person","@id":"https:\/\/www.strassenweb.de\/nachrichten\/#\/schema\/person\/87c9c9067f1211da429a744dc5a5aa41","name":"Robert Hoffmann","image":{"@type":"ImageObject","inLanguage":"de","@id":"https:\/\/www.strassenweb.de\/nachrichten\/wp-content\/uploads\/2024\/09\/strassenweb-150x150.jpg","url":"https:\/\/www.strassenweb.de\/nachrichten\/wp-content\/uploads\/2024\/09\/strassenweb-150x150.jpg","contentUrl":"https:\/\/www.strassenweb.de\/nachrichten\/wp-content\/uploads\/2024\/09\/strassenweb-150x150.jpg","caption":"Robert Hoffmann"},"description":"Ich hei\u00dfe Robert Hoffmann und ich bin ein leidenschaftlicher Verfechter von \u00d6kologie und Biodiversit\u00e4t. Seit meiner Kindheit in den W\u00e4ldern Bayerns f\u00fchle ich mich mit der Natur verbunden und bin entschlossen, sie zu sch\u00fctzen. Heute widme ich mein Leben der Sensibilisierung anderer f\u00fcr die Bedeutung des Umweltschutzes f\u00fcr zuk\u00fcnftige Generationen.","sameAs":["https:\/\/www.strassenweb.de\/"]}]}},"_links":{"self":[{"href":"https:\/\/www.strassenweb.de\/nachrichten\/wp-json\/wp\/v2\/posts\/1201","targetHints":{"allow":["GET"]}}],"collection":[{"href":"https:\/\/www.strassenweb.de\/nachrichten\/wp-json\/wp\/v2\/posts"}],"about":[{"href":"https:\/\/www.strassenweb.de\/nachrichten\/wp-json\/wp\/v2\/types\/post"}],"author":[{"embeddable":true,"href":"https:\/\/www.strassenweb.de\/nachrichten\/wp-json\/wp\/v2\/users\/1"}],"replies":[{"embeddable":true,"href":"https:\/\/www.strassenweb.de\/nachrichten\/wp-json\/wp\/v2\/comments?post=1201"}],"version-history":[{"count":0,"href":"https:\/\/www.strassenweb.de\/nachrichten\/wp-json\/wp\/v2\/posts\/1201\/revisions"}],"wp:featuredmedia":[{"embeddable":true,"href":"https:\/\/www.strassenweb.de\/nachrichten\/wp-json\/wp\/v2\/media\/1202"}],"wp:attachment":[{"href":"https:\/\/www.strassenweb.de\/nachrichten\/wp-json\/wp\/v2\/media?parent=1201"}],"wp:term":[{"taxonomy":"category","embeddable":true,"href":"https:\/\/www.strassenweb.de\/nachrichten\/wp-json\/wp\/v2\/categories?post=1201"},{"taxonomy":"post_tag","embeddable":true,"href":"https:\/\/www.strassenweb.de\/nachrichten\/wp-json\/wp\/v2\/tags?post=1201"}],"curies":[{"name":"wp","href":"https:\/\/api.w.org\/{rel}","templated":true}]}}