{"id":1198,"date":"2024-10-28T10:41:59","date_gmt":"2024-10-28T09:41:59","guid":{"rendered":"https:\/\/www.strassenweb.de\/nachrichten\/wann-sollte-man-daikon-rettich-ernten-der-ideale-zeitpunkt-um-die-wurzeln-auszuheben-und-wie-man-es-perfekt-macht\/"},"modified":"2024-10-28T10:42:01","modified_gmt":"2024-10-28T09:42:01","slug":"wann-sollte-man-daikon-rettich-ernten-der-ideale-zeitpunkt-um-die-wurzeln-auszuheben-und-wie-man-es-perfekt-macht","status":"publish","type":"post","link":"https:\/\/www.strassenweb.de\/nachrichten\/wann-sollte-man-daikon-rettich-ernten-der-ideale-zeitpunkt-um-die-wurzeln-auszuheben-und-wie-man-es-perfekt-macht\/","title":{"rendered":"Wann sollte man Daikon-Rettich ernten \u2013 der ideale Zeitpunkt, um die Wurzeln auszuheben, und wie man es perfekt macht"},"content":{"rendered":"<p><\/p>\n<div id=\"article-body\" class=\"article__body \">\n<p>Daikon-Radieschen sind Winterrettiche, die typischerweise wegen ihrer langen wei\u00dfen Wurzeln angebaut werden, die einen milderen Geschmack haben als die traditionelleren und beliebten Sommerrettiche. Die Wurzeln sind normalerweise etwa 2 bis 4 Zoll breit, 12 Zoll lang und k\u00f6nnen bis zu sechs Pfund wiegen.<\/p>\n<div id=\"ad-unit-1\" class=\"ad-unit\"><\/div>\n<p>Die Pflanze stammt aus Ostasien und wird h\u00e4ufig in der asiatischen K\u00fcche verwendet. Daikon-Radieschen erfreuen sich heutzutage bei Anbauern auf der ganzen Welt immer gr\u00f6\u00dferer Beliebtheit und ich habe sie in Gem\u00fcseg\u00e4rten im Vereinigten K\u00f6nigreich angebaut und geerntet.<\/p>\n<p>Wenn Sie lernen m\u00f6chten, wie man Daikon-Rettich anbaut, sind die Aussaat der Ernte bei k\u00fchlem Wetter zur richtigen Jahreszeit und die gleichm\u00e4\u00dfige Feuchthaltung der Pflanze w\u00e4hrend der Vegetationsperiode zwei wichtige Faktoren, die Sie richtig machen m\u00fcssen. Hinzu kommt, dass Sie wissen, wann und wie man Daikon-Radieschen erntet, damit Sie die Wurzeln zum perfekten Zeitpunkt pfl\u00fccken, um sie zu Pfannengerichten, Suppen, Eint\u00f6pfen oder Salaten hinzuzuf\u00fcgen.<\/p>\n<div id=\"desktop-in-article\" class=\"in-article ad-unit\">\n<div id=\"desktop-taboola-mid-article\"><\/div>\n<\/div>\n<div id=\"mobile-in-article\" class=\"in-article ad-unit\">\n<div id=\"mobile-taboola-mid-article\"><\/div>\n<\/div>\n<figure class=\"van-image-figure inline-layout \" data-bordeaux-image-check>\n<div class=\"image-full-width-wrapper\">\n<div class=\"image-widthsetter\" style=\"max-width:2000px;\"><\/div>\n<\/div><figcaption class=\"inline-layout \">\n<div class=\"caption-text\">\n<p><em>Beginnen Sie mit der Ernte der Daikon-Radieschen, sobald sie gro\u00df genug f\u00fcr die Verwendung sind<\/em><\/p>\n<\/div>\n<\/figcaption><\/figure>\n<h2 id=\"a-guide-to-harvesting-daikon-radish-3\">Eine Anleitung zur Ernte von Daikon-Rettich <\/h2>\n<aside class=\"hawk-nest\" data-block-type=\"embed\" data-render-type=\"fte\" data-skip=\"dealsy\" data-widget-type=\"seasonal\">\n<div class=\"hawk-master-widget-hawk-base-wrapper\"><\/div>\n<\/aside>\n<p>Daikon-Radieschen sind auch als Mooli, Wei\u00dfer Rettich, Winterrettich oder Eiszapfenrettich bekannt. Die Pflanze produziert normalerweise eine lange wei\u00dfe Pfahlwurzel, obwohl auch rote Sorten angebaut werden k\u00f6nnen. Erfahren Sie, wie Sie wissen, dass die Erntezeit f\u00fcr Daikon-Rettich gekommen ist, und erfahren Sie, wie Sie die Wurzeln am besten ernten und vorbereiten.<\/p>\n<div class=\"van_vid_carousel\">\n<div class=\"van_vid_carousel__padding\">\n<div class=\"van_vid_carousel__container\"><\/div>\n<\/div>\n<\/div>\n<h3 class=\"article-body__section\" id=\"section-when-to-harvest-daikon-radish\"><span>Wann sollte man Daikon-Rettich ernten? <\/span><\/h3>\n<figure class=\"van-image-figure inline-layout \" data-bordeaux-image-check>\n<div class=\"image-full-width-wrapper\">\n<div class=\"image-widthsetter\" style=\"max-width:2400px;\"><\/div>\n<\/div><figcaption class=\"inline-layout \">\n<div class=\"caption-text\">\n<p><em>Daikon-Radieschen werden ab Mitte Herbst geerntet<\/em><\/p>\n<\/div>\n<\/figcaption><\/figure>\n<p>Daikon-Radieschen eignen sich am besten f\u00fcr die Aussaat im Freiland im Sp\u00e4tsommer oder Fr\u00fchherbst. Eine Aussaat im Gem\u00fcsegarten zu einem fr\u00fcheren Zeitpunkt im Jahr w\u00fcrde keine gro\u00dfe Ernte bringen, da dieses k\u00fchle Wettergem\u00fcse die niedrigeren Herbsttemperaturen der Sommerhitze vorzieht.<\/p>\n<div id=\"ad-unit-2\" class=\"ad-unit\"><\/div>\n<p>Daikon-Radieschen k\u00f6nnen etwa 60 bis 70 Tage nach dem Pflanzen des Gem\u00fcses zur Ernte bereit sein. Der genaue Zeitpunkt h\u00e4ngt jedoch von der Sorte und den Wachstumsbedingungen ab. Informationen zu den Tagen bis zur Reife einer bestimmten Daikon-Sorte finden Sie immer auf der Samenpackung.<\/p>\n<p>Behalten Sie die Gr\u00f6\u00dfe der Bl\u00e4tter des Daikon-Rettichs im Auge, da diese anzeigen k\u00f6nnen, wann es Zeit f\u00fcr die Ernte ist. Sobald die Bl\u00e4tter mindestens 20 cm lang sind, haben sich die Wurzeln ausreichend entwickelt, um mit der Ernte zu beginnen.<\/p>\n<p>Daikon-Radieschen k\u00f6nnen geerntet und verwendet werden, sobald sie eine brauchbare Gr\u00f6\u00dfe erreicht haben. Ziehen Sie vorsichtig eine Wurzel aus dem Boden, um deren Gr\u00f6\u00dfe abzusch\u00e4tzen und festzustellen, ob die Pflanzen gro\u00df genug f\u00fcr Ihre Bed\u00fcrfnisse sind.<\/p>\n<p>\u201eDaikon-Rettich l\u00e4sst sich am besten ernten, wenn die Wurzeln 1 bis 2 Zoll \u00fcber dem Boden hervorragen, aber noch bevor der erste Herbstfrost einsetzt\u201c, empfiehlt Ashleigh Smith, Chefredakteurin beim True Leaf Market.<\/p>\n<p>Es ist wichtig, Daikon-Radieschen zu ernten, bevor sie zu gro\u00df werden. Die Wurzeln zu lange im Boden zu belassen, w\u00e4re ein Erntefehler, da die Ernte holzig und bitter werden kann oder das Gem\u00fcse schlechtem Wetter zum Opfer fallen kann.<\/p>\n<p>Die Ernte muss vor dem Einsetzen des Frosts erfolgen, sonst besteht die Gefahr, dass sie bei Minusgraden weich wird und im Boden verrottet. W\u00e4hrend Sie Gartenglocken oder Gartenvlies verwenden k\u00f6nnen, um Gem\u00fcse vor Frost zu sch\u00fctzen, verschlechtert sich die Qualit\u00e4t der Daikon-Radieschen nach einem Frost.<\/p>\n<h3 class=\"article-body__section\" id=\"section-how-to-harvest-daikon-radish\"><span>So ernten Sie Daikon-Rettich<\/span><\/h3>\n<figure class=\"van-image-figure inline-layout \" data-bordeaux-image-check>\n<div class=\"image-full-width-wrapper\">\n<div class=\"image-widthsetter\" style=\"max-width:2400px;\"><\/div>\n<\/div><figcaption class=\"inline-layout \">\n<div class=\"caption-text\">\n<p><em>Achten Sie beim Ernten von Daikon-Rettich darauf, die Wurzeln nicht zu besch\u00e4digen<\/em><\/p>\n<\/div>\n<\/figcaption><\/figure>\n<p>Seien Sie beim Ernten von Daikon-Rettich vorsichtig, um eine Besch\u00e4digung der essbaren Wurzeln zu vermeiden. Es ist m\u00f6glich, Daikon-Rettich von Hand zu ernten, aber einige Sorten mit l\u00e4ngeren Wurzeln ben\u00f6tigen m\u00f6glicherweise die Hilfe von Gartenger\u00e4ten, um sie erfolgreich und ohne Schaden aus dem Boden zu holen.<\/p>\n<p>Um Radieschen zu ernten, fassen Sie die Ernte vorsichtig am Blattansatz und hebeln die Wurzeln aus dem Boden. Achten Sie darauf, nicht zu stark zu ziehen und verwenden Sie eine Gabel oder einen Spaten, um den Boden um l\u00e4ngerwurzelige Sorten herum aufzulockern. Wenn Sie zu viel Kraft anwenden, besteht die Gefahr, dass die Wurzel abbricht.<\/p>\n<p>Entfernen Sie die Bl\u00e4tter von den Wurzeln, bevor Sie die Ernte lagern. Die Bl\u00e4tter sind essbar und haben einen pfeffrigen Geschmack. Wenn Sie sie nicht essen m\u00f6chten, k\u00f6nnen Sie sie auch zur Herstellung von Kompost verwenden. Die Wurzeln des Daikon-Rettichs sind ohne Bl\u00e4tter l\u00e4nger haltbar. Waschen Sie die Wurzeln nicht, bis Sie sie verwenden m\u00f6chten.<\/p>\n<p>Daikon-Radieschen k\u00f6nnen in einem atmungsaktiven Beutel oder eingewickelt in ein feuchtes Handtuch im K\u00fchlschrank bis zu einer Woche aufbewahrt werden. Um die Ernte l\u00e4nger haltbar zu machen, schneiden Sie die Wurzeln ab und blanchieren Sie sie, bevor Sie sie einfrieren oder die Radieschen fermentieren.<\/p>\n<h3 class=\"article-body__section\" id=\"section-how-to-harvest-daikon-radish-seeds\"><span>So ernten Sie Daikon-Rettichsamen<\/span><\/h3>\n<figure class=\"van-image-figure inline-layout \" data-bordeaux-image-check>\n<div class=\"image-full-width-wrapper\">\n<div class=\"image-widthsetter\" style=\"max-width:2400px;\"><\/div>\n<\/div><figcaption class=\"inline-layout \">\n<div class=\"caption-text\">\n<p><em>Ernten Sie Daikon-Radieschen nach Bedarf, bis der Frost kommt<\/em><\/p>\n<\/div>\n<\/figcaption><\/figure>\n<p>Daikon-Radieschen k\u00f6nnen im Herbst gesch\u00fctzt werden, um sie zu \u00fcberwintern und im n\u00e4chsten Jahr Samen zu sammeln. Die Verwendung von Frostt\u00fcchern oder Cloches, um das Einfrieren des Bodens zu verhindern, kann verhindern, dass die Wurzeln in den k\u00e4lteren Monaten verfaulen. Da es sich bei Daikon-Radieschen um zweij\u00e4hrige Pflanzen handelt, beginnen sie im zweiten Jahr zu bl\u00fchen und auszus\u00e4en.<\/p>\n<p>Sobald die Temperaturen im Fr\u00fchjahr steigen, beginnt die Pflanze wieder zu wachsen. Zun\u00e4chst entwickelt sich ein Bl\u00fctenstiel, gefolgt von der Bildung gr\u00fcner Samenkapseln. Diese Samenkapseln sollten an der Pflanze trocknen und braun werden. In diesem Stadium k\u00f6nnen Sie die Samenk\u00f6pfe einsammeln und die Spreu vom Samen trennen, um sie erneut auszus\u00e4en. Die Samen k\u00f6nnen bis zu f\u00fcnf Jahre gelagert werden.<\/p>\n<p>Anstatt Daikon zu \u00fcberwintern, k\u00f6nnen Sie alternativ versuchen, die Ernte im Fr\u00fchjahr auszus\u00e4en. Abh\u00e4ngig von Ihrem Klima k\u00f6nnen Sie etwa 7 bis 8 Wochen nach der Aussaat Wurzeln ernten. Wenn die Temperaturen im Sommer steigen, beginnen die Pflanzen zu bl\u00fchen und Samen zu produzieren. Lassen Sie die Schoten an der Pflanze trocknen, um die Samen aufzufangen.<\/p>\n<p>Wenn Sie Samen sammeln m\u00f6chten, empfiehlt es sich, alte Sorten anzubauen, da aus Hybridsorten gewonnene Samen m\u00f6glicherweise nicht die gleiche Radieschensorte hervorbringen.<\/p>\n<h3 class=\"article-body__section\" id=\"section-faqs\"><span>FAQs<\/span><\/h3>\n<h2 id=\"how-big-do-daikon-radishes-get-3\">Wie gro\u00df werden Daikon-Radieschen? <\/h2>\n<p>Daikon-Radieschen k\u00f6nnen normalerweise eine L\u00e4nge von bis zu 30 cm und ein Gewicht von bis zu sechs Pfund erreichen. Die Gr\u00f6\u00dfe h\u00e4ngt von der Sorte ab, und der Sakurajima-Daikon ist eine besondere Sorte, die zu Mammutgr\u00f6\u00dfen heranwachsen kann. Der Guinness-Weltrekord f\u00fcr den gr\u00f6\u00dften Daikon-Rettich ist ein Sakurajima-Daikon mit einem Gewicht von 31,1 kg.<\/p>\n<hr>\n<p>Radieschen werden normalerweise in der Erde oder in Hochbeeten angebaut. Sie k\u00f6nnen Radieschen jedoch auch in T\u00f6pfen anbauen, wenn Sie Lebensmittel in einem Gem\u00fcsegarten anbauen. F\u00fcr den Anbau von Daikon-Radieschen muss jeder Topf oder Pflanzbeutel mindestens 30 cm tief sein. Mit Sommer-Radieschen k\u00f6nnen Sie jedoch auch in flacheren T\u00f6pfen und Tr\u00f6gen Erfolg haben.<\/p>\n<\/div>\n","protected":false},"excerpt":{"rendered":"<p>Daikon-Radieschen sind Winterrettiche, die typischerweise wegen ihrer langen wei\u00dfen Wurzeln angebaut werden, die einen milderen Geschmack haben als die traditionelleren und beliebten Sommerrettiche. Die Wurzeln<\/p>\n","protected":false},"author":1,"featured_media":1199,"comment_status":"closed","ping_status":"","sticky":false,"template":"","format":"standard","meta":{"footnotes":""},"categories":[118],"tags":[2288,2286,81,9,1256,2287,939,134,393,62,37,131,26,1849,1258],"class_list":["post-1198","post","type-post","status-publish","format-standard","has-post-thumbnail","hentry","category-haus-garten","tag-auszuheben","tag-daikonrettich","tag-der","tag-die","tag-ernten","tag-ideale","tag-macht","tag-man","tag-perfekt","tag-sollte","tag-und","tag-wann","tag-wie","tag-wurzeln","tag-zeitpunkt","generate-columns","tablet-grid-50","mobile-grid-100","grid-parent","grid-50"],"yoast_head":"<!-- This site is optimized with the Yoast SEO plugin v27.3 - https:\/\/yoast.com\/product\/yoast-seo-wordpress\/ -->\n<title>Wann sollte man Daikon-Rettich ernten \u2013 der ideale Zeitpunkt, um die Wurzeln auszuheben, und wie man es perfekt macht - Nachrichten - Stra\u00dfenweb<\/title>\n<meta name=\"robots\" content=\"index, follow, max-snippet:-1, max-image-preview:large, max-video-preview:-1\" \/>\n<link rel=\"canonical\" href=\"https:\/\/www.strassenweb.de\/nachrichten\/wann-sollte-man-daikon-rettich-ernten-der-ideale-zeitpunkt-um-die-wurzeln-auszuheben-und-wie-man-es-perfekt-macht\/\" \/>\n<meta property=\"og:locale\" content=\"de_DE\" \/>\n<meta property=\"og:type\" content=\"article\" \/>\n<meta property=\"og:title\" content=\"Wann sollte man Daikon-Rettich ernten \u2013 der ideale Zeitpunkt, um die Wurzeln auszuheben, und wie man es perfekt macht - Nachrichten - Stra\u00dfenweb\" \/>\n<meta property=\"og:description\" content=\"Daikon-Radieschen sind Winterrettiche, die typischerweise wegen ihrer langen wei\u00dfen Wurzeln angebaut werden, die einen milderen Geschmack haben als die traditionelleren und beliebten Sommerrettiche. Die Wurzeln\" \/>\n<meta property=\"og:url\" content=\"https:\/\/www.strassenweb.de\/nachrichten\/wann-sollte-man-daikon-rettich-ernten-der-ideale-zeitpunkt-um-die-wurzeln-auszuheben-und-wie-man-es-perfekt-macht\/\" \/>\n<meta property=\"og:site_name\" content=\"Stra\u00dfenweb\" \/>\n<meta property=\"article:publisher\" content=\"https:\/\/www.facebook.com\/strassenweb\/\" \/>\n<meta property=\"article:published_time\" content=\"2024-10-28T09:41:59+00:00\" \/>\n<meta property=\"article:modified_time\" content=\"2024-10-28T09:42:01+00:00\" \/>\n<meta property=\"og:image\" content=\"https:\/\/www.strassenweb.de\/nachrichten\/wp-content\/uploads\/2024\/10\/Wann-sollte-man-Daikon-Rettich-ernten-\u2013-der-ideale-Zeitpunkt-um.jpg\" \/>\n\t<meta property=\"og:image:width\" content=\"1200\" \/>\n\t<meta property=\"og:image:height\" content=\"675\" \/>\n\t<meta property=\"og:image:type\" content=\"image\/jpeg\" \/>\n<meta name=\"author\" content=\"Robert Hoffmann\" \/>\n<meta name=\"twitter:card\" content=\"summary_large_image\" \/>\n<meta name=\"twitter:label1\" content=\"Verfasst von\" \/>\n\t<meta name=\"twitter:data1\" content=\"Robert Hoffmann\" \/>\n\t<meta name=\"twitter:label2\" content=\"Gesch\u00e4tzte Lesezeit\" \/>\n\t<meta name=\"twitter:data2\" content=\"6\u00a0Minuten\" \/>\n<script type=\"application\/ld+json\" class=\"yoast-schema-graph\">{\"@context\":\"https:\\\/\\\/schema.org\",\"@graph\":[{\"@type\":\"Article\",\"@id\":\"https:\\\/\\\/www.strassenweb.de\\\/nachrichten\\\/wann-sollte-man-daikon-rettich-ernten-der-ideale-zeitpunkt-um-die-wurzeln-auszuheben-und-wie-man-es-perfekt-macht\\\/#article\",\"isPartOf\":{\"@id\":\"https:\\\/\\\/www.strassenweb.de\\\/nachrichten\\\/wann-sollte-man-daikon-rettich-ernten-der-ideale-zeitpunkt-um-die-wurzeln-auszuheben-und-wie-man-es-perfekt-macht\\\/\"},\"author\":{\"name\":\"Robert Hoffmann\",\"@id\":\"https:\\\/\\\/www.strassenweb.de\\\/nachrichten\\\/#\\\/schema\\\/person\\\/87c9c9067f1211da429a744dc5a5aa41\"},\"headline\":\"Wann sollte man Daikon-Rettich ernten \u2013 der ideale Zeitpunkt, um die Wurzeln auszuheben, und wie man es perfekt macht\",\"datePublished\":\"2024-10-28T09:41:59+00:00\",\"dateModified\":\"2024-10-28T09:42:01+00:00\",\"mainEntityOfPage\":{\"@id\":\"https:\\\/\\\/www.strassenweb.de\\\/nachrichten\\\/wann-sollte-man-daikon-rettich-ernten-der-ideale-zeitpunkt-um-die-wurzeln-auszuheben-und-wie-man-es-perfekt-macht\\\/\"},\"wordCount\":1153,\"publisher\":{\"@id\":\"https:\\\/\\\/www.strassenweb.de\\\/nachrichten\\\/#organization\"},\"image\":{\"@id\":\"https:\\\/\\\/www.strassenweb.de\\\/nachrichten\\\/wann-sollte-man-daikon-rettich-ernten-der-ideale-zeitpunkt-um-die-wurzeln-auszuheben-und-wie-man-es-perfekt-macht\\\/#primaryimage\"},\"thumbnailUrl\":\"https:\\\/\\\/www.strassenweb.de\\\/nachrichten\\\/wp-content\\\/uploads\\\/2024\\\/10\\\/Wann-sollte-man-Daikon-Rettich-ernten-\u2013-der-ideale-Zeitpunkt-um.jpg\",\"keywords\":[\"auszuheben\",\"DaikonRettich\",\"der\",\"die\",\"ernten\",\"ideale\",\"macht\",\"man\",\"perfekt\",\"Sollte\",\"und\",\"Wann\",\"Wie\",\"Wurzeln\",\"Zeitpunkt\"],\"articleSection\":[\"Haus &amp; Garten\"],\"inLanguage\":\"de\"},{\"@type\":\"WebPage\",\"@id\":\"https:\\\/\\\/www.strassenweb.de\\\/nachrichten\\\/wann-sollte-man-daikon-rettich-ernten-der-ideale-zeitpunkt-um-die-wurzeln-auszuheben-und-wie-man-es-perfekt-macht\\\/\",\"url\":\"https:\\\/\\\/www.strassenweb.de\\\/nachrichten\\\/wann-sollte-man-daikon-rettich-ernten-der-ideale-zeitpunkt-um-die-wurzeln-auszuheben-und-wie-man-es-perfekt-macht\\\/\",\"name\":\"Wann sollte man Daikon-Rettich ernten \u2013 der ideale Zeitpunkt, um die Wurzeln auszuheben, und wie man es perfekt macht - Nachrichten - Stra\u00dfenweb\",\"isPartOf\":{\"@id\":\"https:\\\/\\\/www.strassenweb.de\\\/nachrichten\\\/#website\"},\"primaryImageOfPage\":{\"@id\":\"https:\\\/\\\/www.strassenweb.de\\\/nachrichten\\\/wann-sollte-man-daikon-rettich-ernten-der-ideale-zeitpunkt-um-die-wurzeln-auszuheben-und-wie-man-es-perfekt-macht\\\/#primaryimage\"},\"image\":{\"@id\":\"https:\\\/\\\/www.strassenweb.de\\\/nachrichten\\\/wann-sollte-man-daikon-rettich-ernten-der-ideale-zeitpunkt-um-die-wurzeln-auszuheben-und-wie-man-es-perfekt-macht\\\/#primaryimage\"},\"thumbnailUrl\":\"https:\\\/\\\/www.strassenweb.de\\\/nachrichten\\\/wp-content\\\/uploads\\\/2024\\\/10\\\/Wann-sollte-man-Daikon-Rettich-ernten-\u2013-der-ideale-Zeitpunkt-um.jpg\",\"datePublished\":\"2024-10-28T09:41:59+00:00\",\"dateModified\":\"2024-10-28T09:42:01+00:00\",\"breadcrumb\":{\"@id\":\"https:\\\/\\\/www.strassenweb.de\\\/nachrichten\\\/wann-sollte-man-daikon-rettich-ernten-der-ideale-zeitpunkt-um-die-wurzeln-auszuheben-und-wie-man-es-perfekt-macht\\\/#breadcrumb\"},\"inLanguage\":\"de\",\"potentialAction\":[{\"@type\":\"ReadAction\",\"target\":[\"https:\\\/\\\/www.strassenweb.de\\\/nachrichten\\\/wann-sollte-man-daikon-rettich-ernten-der-ideale-zeitpunkt-um-die-wurzeln-auszuheben-und-wie-man-es-perfekt-macht\\\/\"]}]},{\"@type\":\"ImageObject\",\"inLanguage\":\"de\",\"@id\":\"https:\\\/\\\/www.strassenweb.de\\\/nachrichten\\\/wann-sollte-man-daikon-rettich-ernten-der-ideale-zeitpunkt-um-die-wurzeln-auszuheben-und-wie-man-es-perfekt-macht\\\/#primaryimage\",\"url\":\"https:\\\/\\\/www.strassenweb.de\\\/nachrichten\\\/wp-content\\\/uploads\\\/2024\\\/10\\\/Wann-sollte-man-Daikon-Rettich-ernten-\u2013-der-ideale-Zeitpunkt-um.jpg\",\"contentUrl\":\"https:\\\/\\\/www.strassenweb.de\\\/nachrichten\\\/wp-content\\\/uploads\\\/2024\\\/10\\\/Wann-sollte-man-Daikon-Rettich-ernten-\u2013-der-ideale-Zeitpunkt-um.jpg\",\"width\":1200,\"height\":675,\"caption\":\"Wann sollte man Daikon-Rettich ernten \u2013 der ideale Zeitpunkt, um die Wurzeln auszuheben, und wie man es perfekt macht\"},{\"@type\":\"BreadcrumbList\",\"@id\":\"https:\\\/\\\/www.strassenweb.de\\\/nachrichten\\\/wann-sollte-man-daikon-rettich-ernten-der-ideale-zeitpunkt-um-die-wurzeln-auszuheben-und-wie-man-es-perfekt-macht\\\/#breadcrumb\",\"itemListElement\":[{\"@type\":\"ListItem\",\"position\":1,\"name\":\"Home\",\"item\":\"https:\\\/\\\/www.strassenweb.de\\\/nachrichten\\\/\"},{\"@type\":\"ListItem\",\"position\":2,\"name\":\"Wann sollte man Daikon-Rettich ernten \u2013 der ideale Zeitpunkt, um die Wurzeln auszuheben, und wie man es perfekt macht\"}]},{\"@type\":\"WebSite\",\"@id\":\"https:\\\/\\\/www.strassenweb.de\\\/nachrichten\\\/#website\",\"url\":\"https:\\\/\\\/www.strassenweb.de\\\/nachrichten\\\/\",\"name\":\"Stra\u00dfenweb\",\"description\":\"Stra\u00dfenverzeichnis f\u00fcr Deutschland\",\"publisher\":{\"@id\":\"https:\\\/\\\/www.strassenweb.de\\\/nachrichten\\\/#organization\"},\"potentialAction\":[{\"@type\":\"SearchAction\",\"target\":{\"@type\":\"EntryPoint\",\"urlTemplate\":\"https:\\\/\\\/www.strassenweb.de\\\/nachrichten\\\/?s={search_term_string}\"},\"query-input\":{\"@type\":\"PropertyValueSpecification\",\"valueRequired\":true,\"valueName\":\"search_term_string\"}}],\"inLanguage\":\"de\"},{\"@type\":\"Organization\",\"@id\":\"https:\\\/\\\/www.strassenweb.de\\\/nachrichten\\\/#organization\",\"name\":\"Stra\u00dfenweb\",\"url\":\"https:\\\/\\\/www.strassenweb.de\\\/nachrichten\\\/\",\"logo\":{\"@type\":\"ImageObject\",\"inLanguage\":\"de\",\"@id\":\"https:\\\/\\\/www.strassenweb.de\\\/nachrichten\\\/#\\\/schema\\\/logo\\\/image\\\/\",\"url\":\"https:\\\/\\\/www.strassenweb.de\\\/nachrichten\\\/wp-content\\\/uploads\\\/2024\\\/09\\\/cropped-favicon.png\",\"contentUrl\":\"https:\\\/\\\/www.strassenweb.de\\\/nachrichten\\\/wp-content\\\/uploads\\\/2024\\\/09\\\/cropped-favicon.png\",\"width\":512,\"height\":512,\"caption\":\"Stra\u00dfenweb\"},\"image\":{\"@id\":\"https:\\\/\\\/www.strassenweb.de\\\/nachrichten\\\/#\\\/schema\\\/logo\\\/image\\\/\"},\"sameAs\":[\"https:\\\/\\\/www.facebook.com\\\/strassenweb\\\/\"]},{\"@type\":\"Person\",\"@id\":\"https:\\\/\\\/www.strassenweb.de\\\/nachrichten\\\/#\\\/schema\\\/person\\\/87c9c9067f1211da429a744dc5a5aa41\",\"name\":\"Robert Hoffmann\",\"image\":{\"@type\":\"ImageObject\",\"inLanguage\":\"de\",\"@id\":\"https:\\\/\\\/www.strassenweb.de\\\/nachrichten\\\/wp-content\\\/uploads\\\/2024\\\/09\\\/strassenweb-150x150.jpg\",\"url\":\"https:\\\/\\\/www.strassenweb.de\\\/nachrichten\\\/wp-content\\\/uploads\\\/2024\\\/09\\\/strassenweb-150x150.jpg\",\"contentUrl\":\"https:\\\/\\\/www.strassenweb.de\\\/nachrichten\\\/wp-content\\\/uploads\\\/2024\\\/09\\\/strassenweb-150x150.jpg\",\"caption\":\"Robert Hoffmann\"},\"description\":\"Ich hei\u00dfe Robert Hoffmann und ich bin ein leidenschaftlicher Verfechter von \u00d6kologie und Biodiversit\u00e4t. Seit meiner Kindheit in den W\u00e4ldern Bayerns f\u00fchle ich mich mit der Natur verbunden und bin entschlossen, sie zu sch\u00fctzen. Heute widme ich mein Leben der Sensibilisierung anderer f\u00fcr die Bedeutung des Umweltschutzes f\u00fcr zuk\u00fcnftige Generationen.\",\"sameAs\":[\"https:\\\/\\\/www.strassenweb.de\\\/\"]}]}<\/script>\n<!-- \/ Yoast SEO plugin. -->","yoast_head_json":{"title":"Wann sollte man Daikon-Rettich ernten \u2013 der ideale Zeitpunkt, um die Wurzeln auszuheben, und wie man es perfekt macht - Nachrichten - Stra\u00dfenweb","robots":{"index":"index","follow":"follow","max-snippet":"max-snippet:-1","max-image-preview":"max-image-preview:large","max-video-preview":"max-video-preview:-1"},"canonical":"https:\/\/www.strassenweb.de\/nachrichten\/wann-sollte-man-daikon-rettich-ernten-der-ideale-zeitpunkt-um-die-wurzeln-auszuheben-und-wie-man-es-perfekt-macht\/","og_locale":"de_DE","og_type":"article","og_title":"Wann sollte man Daikon-Rettich ernten \u2013 der ideale Zeitpunkt, um die Wurzeln auszuheben, und wie man es perfekt macht - Nachrichten - Stra\u00dfenweb","og_description":"Daikon-Radieschen sind Winterrettiche, die typischerweise wegen ihrer langen wei\u00dfen Wurzeln angebaut werden, die einen milderen Geschmack haben als die traditionelleren und beliebten Sommerrettiche. Die Wurzeln","og_url":"https:\/\/www.strassenweb.de\/nachrichten\/wann-sollte-man-daikon-rettich-ernten-der-ideale-zeitpunkt-um-die-wurzeln-auszuheben-und-wie-man-es-perfekt-macht\/","og_site_name":"Stra\u00dfenweb","article_publisher":"https:\/\/www.facebook.com\/strassenweb\/","article_published_time":"2024-10-28T09:41:59+00:00","article_modified_time":"2024-10-28T09:42:01+00:00","og_image":[{"width":1200,"height":675,"url":"https:\/\/www.strassenweb.de\/nachrichten\/wp-content\/uploads\/2024\/10\/Wann-sollte-man-Daikon-Rettich-ernten-\u2013-der-ideale-Zeitpunkt-um.jpg","type":"image\/jpeg"}],"author":"Robert Hoffmann","twitter_card":"summary_large_image","twitter_misc":{"Verfasst von":"Robert Hoffmann","Gesch\u00e4tzte Lesezeit":"6\u00a0Minuten"},"schema":{"@context":"https:\/\/schema.org","@graph":[{"@type":"Article","@id":"https:\/\/www.strassenweb.de\/nachrichten\/wann-sollte-man-daikon-rettich-ernten-der-ideale-zeitpunkt-um-die-wurzeln-auszuheben-und-wie-man-es-perfekt-macht\/#article","isPartOf":{"@id":"https:\/\/www.strassenweb.de\/nachrichten\/wann-sollte-man-daikon-rettich-ernten-der-ideale-zeitpunkt-um-die-wurzeln-auszuheben-und-wie-man-es-perfekt-macht\/"},"author":{"name":"Robert Hoffmann","@id":"https:\/\/www.strassenweb.de\/nachrichten\/#\/schema\/person\/87c9c9067f1211da429a744dc5a5aa41"},"headline":"Wann sollte man Daikon-Rettich ernten \u2013 der ideale Zeitpunkt, um die Wurzeln auszuheben, und wie man es perfekt macht","datePublished":"2024-10-28T09:41:59+00:00","dateModified":"2024-10-28T09:42:01+00:00","mainEntityOfPage":{"@id":"https:\/\/www.strassenweb.de\/nachrichten\/wann-sollte-man-daikon-rettich-ernten-der-ideale-zeitpunkt-um-die-wurzeln-auszuheben-und-wie-man-es-perfekt-macht\/"},"wordCount":1153,"publisher":{"@id":"https:\/\/www.strassenweb.de\/nachrichten\/#organization"},"image":{"@id":"https:\/\/www.strassenweb.de\/nachrichten\/wann-sollte-man-daikon-rettich-ernten-der-ideale-zeitpunkt-um-die-wurzeln-auszuheben-und-wie-man-es-perfekt-macht\/#primaryimage"},"thumbnailUrl":"https:\/\/www.strassenweb.de\/nachrichten\/wp-content\/uploads\/2024\/10\/Wann-sollte-man-Daikon-Rettich-ernten-\u2013-der-ideale-Zeitpunkt-um.jpg","keywords":["auszuheben","DaikonRettich","der","die","ernten","ideale","macht","man","perfekt","Sollte","und","Wann","Wie","Wurzeln","Zeitpunkt"],"articleSection":["Haus &amp; Garten"],"inLanguage":"de"},{"@type":"WebPage","@id":"https:\/\/www.strassenweb.de\/nachrichten\/wann-sollte-man-daikon-rettich-ernten-der-ideale-zeitpunkt-um-die-wurzeln-auszuheben-und-wie-man-es-perfekt-macht\/","url":"https:\/\/www.strassenweb.de\/nachrichten\/wann-sollte-man-daikon-rettich-ernten-der-ideale-zeitpunkt-um-die-wurzeln-auszuheben-und-wie-man-es-perfekt-macht\/","name":"Wann sollte man Daikon-Rettich ernten \u2013 der ideale Zeitpunkt, um die Wurzeln auszuheben, und wie man es perfekt macht - Nachrichten - Stra\u00dfenweb","isPartOf":{"@id":"https:\/\/www.strassenweb.de\/nachrichten\/#website"},"primaryImageOfPage":{"@id":"https:\/\/www.strassenweb.de\/nachrichten\/wann-sollte-man-daikon-rettich-ernten-der-ideale-zeitpunkt-um-die-wurzeln-auszuheben-und-wie-man-es-perfekt-macht\/#primaryimage"},"image":{"@id":"https:\/\/www.strassenweb.de\/nachrichten\/wann-sollte-man-daikon-rettich-ernten-der-ideale-zeitpunkt-um-die-wurzeln-auszuheben-und-wie-man-es-perfekt-macht\/#primaryimage"},"thumbnailUrl":"https:\/\/www.strassenweb.de\/nachrichten\/wp-content\/uploads\/2024\/10\/Wann-sollte-man-Daikon-Rettich-ernten-\u2013-der-ideale-Zeitpunkt-um.jpg","datePublished":"2024-10-28T09:41:59+00:00","dateModified":"2024-10-28T09:42:01+00:00","breadcrumb":{"@id":"https:\/\/www.strassenweb.de\/nachrichten\/wann-sollte-man-daikon-rettich-ernten-der-ideale-zeitpunkt-um-die-wurzeln-auszuheben-und-wie-man-es-perfekt-macht\/#breadcrumb"},"inLanguage":"de","potentialAction":[{"@type":"ReadAction","target":["https:\/\/www.strassenweb.de\/nachrichten\/wann-sollte-man-daikon-rettich-ernten-der-ideale-zeitpunkt-um-die-wurzeln-auszuheben-und-wie-man-es-perfekt-macht\/"]}]},{"@type":"ImageObject","inLanguage":"de","@id":"https:\/\/www.strassenweb.de\/nachrichten\/wann-sollte-man-daikon-rettich-ernten-der-ideale-zeitpunkt-um-die-wurzeln-auszuheben-und-wie-man-es-perfekt-macht\/#primaryimage","url":"https:\/\/www.strassenweb.de\/nachrichten\/wp-content\/uploads\/2024\/10\/Wann-sollte-man-Daikon-Rettich-ernten-\u2013-der-ideale-Zeitpunkt-um.jpg","contentUrl":"https:\/\/www.strassenweb.de\/nachrichten\/wp-content\/uploads\/2024\/10\/Wann-sollte-man-Daikon-Rettich-ernten-\u2013-der-ideale-Zeitpunkt-um.jpg","width":1200,"height":675,"caption":"Wann sollte man Daikon-Rettich ernten \u2013 der ideale Zeitpunkt, um die Wurzeln auszuheben, und wie man es perfekt macht"},{"@type":"BreadcrumbList","@id":"https:\/\/www.strassenweb.de\/nachrichten\/wann-sollte-man-daikon-rettich-ernten-der-ideale-zeitpunkt-um-die-wurzeln-auszuheben-und-wie-man-es-perfekt-macht\/#breadcrumb","itemListElement":[{"@type":"ListItem","position":1,"name":"Home","item":"https:\/\/www.strassenweb.de\/nachrichten\/"},{"@type":"ListItem","position":2,"name":"Wann sollte man Daikon-Rettich ernten \u2013 der ideale Zeitpunkt, um die Wurzeln auszuheben, und wie man es perfekt macht"}]},{"@type":"WebSite","@id":"https:\/\/www.strassenweb.de\/nachrichten\/#website","url":"https:\/\/www.strassenweb.de\/nachrichten\/","name":"Stra\u00dfenweb","description":"Stra\u00dfenverzeichnis f\u00fcr Deutschland","publisher":{"@id":"https:\/\/www.strassenweb.de\/nachrichten\/#organization"},"potentialAction":[{"@type":"SearchAction","target":{"@type":"EntryPoint","urlTemplate":"https:\/\/www.strassenweb.de\/nachrichten\/?s={search_term_string}"},"query-input":{"@type":"PropertyValueSpecification","valueRequired":true,"valueName":"search_term_string"}}],"inLanguage":"de"},{"@type":"Organization","@id":"https:\/\/www.strassenweb.de\/nachrichten\/#organization","name":"Stra\u00dfenweb","url":"https:\/\/www.strassenweb.de\/nachrichten\/","logo":{"@type":"ImageObject","inLanguage":"de","@id":"https:\/\/www.strassenweb.de\/nachrichten\/#\/schema\/logo\/image\/","url":"https:\/\/www.strassenweb.de\/nachrichten\/wp-content\/uploads\/2024\/09\/cropped-favicon.png","contentUrl":"https:\/\/www.strassenweb.de\/nachrichten\/wp-content\/uploads\/2024\/09\/cropped-favicon.png","width":512,"height":512,"caption":"Stra\u00dfenweb"},"image":{"@id":"https:\/\/www.strassenweb.de\/nachrichten\/#\/schema\/logo\/image\/"},"sameAs":["https:\/\/www.facebook.com\/strassenweb\/"]},{"@type":"Person","@id":"https:\/\/www.strassenweb.de\/nachrichten\/#\/schema\/person\/87c9c9067f1211da429a744dc5a5aa41","name":"Robert Hoffmann","image":{"@type":"ImageObject","inLanguage":"de","@id":"https:\/\/www.strassenweb.de\/nachrichten\/wp-content\/uploads\/2024\/09\/strassenweb-150x150.jpg","url":"https:\/\/www.strassenweb.de\/nachrichten\/wp-content\/uploads\/2024\/09\/strassenweb-150x150.jpg","contentUrl":"https:\/\/www.strassenweb.de\/nachrichten\/wp-content\/uploads\/2024\/09\/strassenweb-150x150.jpg","caption":"Robert Hoffmann"},"description":"Ich hei\u00dfe Robert Hoffmann und ich bin ein leidenschaftlicher Verfechter von \u00d6kologie und Biodiversit\u00e4t. Seit meiner Kindheit in den W\u00e4ldern Bayerns f\u00fchle ich mich mit der Natur verbunden und bin entschlossen, sie zu sch\u00fctzen. Heute widme ich mein Leben der Sensibilisierung anderer f\u00fcr die Bedeutung des Umweltschutzes f\u00fcr zuk\u00fcnftige Generationen.","sameAs":["https:\/\/www.strassenweb.de\/"]}]}},"_links":{"self":[{"href":"https:\/\/www.strassenweb.de\/nachrichten\/wp-json\/wp\/v2\/posts\/1198","targetHints":{"allow":["GET"]}}],"collection":[{"href":"https:\/\/www.strassenweb.de\/nachrichten\/wp-json\/wp\/v2\/posts"}],"about":[{"href":"https:\/\/www.strassenweb.de\/nachrichten\/wp-json\/wp\/v2\/types\/post"}],"author":[{"embeddable":true,"href":"https:\/\/www.strassenweb.de\/nachrichten\/wp-json\/wp\/v2\/users\/1"}],"replies":[{"embeddable":true,"href":"https:\/\/www.strassenweb.de\/nachrichten\/wp-json\/wp\/v2\/comments?post=1198"}],"version-history":[{"count":0,"href":"https:\/\/www.strassenweb.de\/nachrichten\/wp-json\/wp\/v2\/posts\/1198\/revisions"}],"wp:featuredmedia":[{"embeddable":true,"href":"https:\/\/www.strassenweb.de\/nachrichten\/wp-json\/wp\/v2\/media\/1199"}],"wp:attachment":[{"href":"https:\/\/www.strassenweb.de\/nachrichten\/wp-json\/wp\/v2\/media?parent=1198"}],"wp:term":[{"taxonomy":"category","embeddable":true,"href":"https:\/\/www.strassenweb.de\/nachrichten\/wp-json\/wp\/v2\/categories?post=1198"},{"taxonomy":"post_tag","embeddable":true,"href":"https:\/\/www.strassenweb.de\/nachrichten\/wp-json\/wp\/v2\/tags?post=1198"}],"curies":[{"name":"wp","href":"https:\/\/api.w.org\/{rel}","templated":true}]}}