{"id":1190,"date":"2024-10-27T22:05:20","date_gmt":"2024-10-27T21:05:20","guid":{"rendered":"https:\/\/www.strassenweb.de\/nachrichten\/die-7-schnellen-arbeiten-die-ich-erledige-um-mein-gaestebad-vor-der-gastgebersaison-auf-vordermann-zu-bringen\/"},"modified":"2024-10-27T22:05:21","modified_gmt":"2024-10-27T21:05:21","slug":"die-7-schnellen-arbeiten-die-ich-erledige-um-mein-gaestebad-vor-der-gastgebersaison-auf-vordermann-zu-bringen","status":"publish","type":"post","link":"https:\/\/www.strassenweb.de\/nachrichten\/die-7-schnellen-arbeiten-die-ich-erledige-um-mein-gaestebad-vor-der-gastgebersaison-auf-vordermann-zu-bringen\/","title":{"rendered":"Die 7 schnellen Arbeiten, die ich erledige, um mein G\u00e4stebad vor der Gastgebersaison auf Vordermann zu bringen"},"content":{"rendered":"<div id=\"article-body\" class=\"article__body \">\n<p>An unserem G\u00e4stebad ist zwar alles in Ordnung, aber es gibt ein paar Aspekte, die mich in letzter Zeit beunruhigt haben. Dies hat dazu gef\u00fchrt, dass ich das Bed\u00fcrfnis versp\u00fcre, mich jedes Mal zu entschuldigen, wenn ein Gast zu Besuch kommt \u2013 \u201eignorieren Sie den fleckigen Anstrich!\u201c<\/p>\n<div id=\"ad-unit-1\" class=\"ad-unit\"><\/div>\n<p>Jetzt, da eine der geselligsten Zeiten des Jahres naht, wende ich meine Aufmerksamkeit den Bereichen des Hauses zu, die wahrscheinlich von G\u00e4sten wahrgenommen werden \u2013 dem Eingangsbereich, den G\u00e4stezimmern, dem Wohnzimmer und nat\u00fcrlich dem gesamten Bereich. wichtiges G\u00e4stebad.<\/p>\n<aside class=\"hawk-nest\" data-block-type=\"embed\" data-render-type=\"fte\" data-skip=\"dealsy\" data-widget-type=\"seasonal\">\n<div class=\"hawk-master-widget-hawk-base-wrapper\"><\/div>\n<\/aside>\n<p>Da ich nicht viel Zeit \u00fcbrig hatte und nicht zu viel f\u00fcr eine schnelle Auffrischung ausgeben wollte, beschloss ich, ein paar kleine Badezimmerideen zu recherchieren und ein paar schnelle und kosteng\u00fcnstige Heimwerkerarbeiten durchzuf\u00fchren, in der Hoffnung, dem Raum dadurch ein schickeres Aussehen zu verleihen<\/p>\n<div id=\"desktop-in-article\" class=\"in-article ad-unit\">\n<div id=\"desktop-taboola-mid-article\"><\/div>\n<\/div>\n<div id=\"mobile-in-article\" class=\"in-article ad-unit\">\n<div id=\"mobile-taboola-mid-article\"><\/div>\n<\/div>\n<h2 id=\"quick-bathroom-makeover-jobs-3\">Schnelle Renovierungsarbeiten im Badezimmer<\/h2>\n<p>Wie gesagt, ich hatte wirklich nicht viel Zeit, um meinem G\u00e4stebad den n\u00f6tigen Glanz zu verleihen, also habe ich versucht, mich auf die Dinge zu konzentrieren, die in k\u00fcrzester Zeit den gr\u00f6\u00dften Unterschied machen w\u00fcrden, um mein Badezimmer zu modernisieren ohne es zu ersetzen.<\/p>\n<div class=\"van_vid_carousel\">\n<div class=\"van_vid_carousel__padding\">\n<div class=\"van_vid_carousel__container\"><\/div>\n<\/div>\n<\/div>\n<p>Wenn Sie anfangen, ein wenig in Panik zu geraten, wie Sie Ihr Badezimmer f\u00fcr die Thanksgiving-G\u00e4ste vorbereiten k\u00f6nnen, keine Sorge, meine Tipps k\u00f6nnten Ihnen helfen.<\/p>\n<div id=\"ad-unit-2\" class=\"ad-unit\"><\/div>\n<h3 class=\"article-body__section\" id=\"section-1-cleaning-the-bathroom\"><span>1. Das Badezimmer reinigen<\/span><\/h3>\n<p>Eigentlich sind wir nicht so schlecht darin, das Badezimmer sauber zu halten, und mein Mann ist ein wenig besessen davon, die Fugen zu schrubben und die Versiegelung in Ordnung zu halten. Wenn Sie diese kleinen Arbeiten jedoch vernachl\u00e4ssigt haben, beginnen Sie mit einer gr\u00fcndlichen Reinigung des Raums und machen Sie sich mit der Reinigung von Fugenm\u00f6rtel in Bodenfliesen vertraut.<\/p>\n<p>Lana Wear, Gr\u00fcnderin und CEO von HomeWear Designs, sagt: \u201eSauberkeit ist der Schl\u00fcssel daf\u00fcr, dass sich G\u00e4ste wohl f\u00fchlen.\u201c Schrubben Sie Wasserflecken ab, waschen Sie Bettw\u00e4sche und Badematten und wischen Sie Oberfl\u00e4chen ab, bevor Ihre G\u00e4ste ankommen.\u201c<\/p>\n<p>Clint Collins, Inhaber von Houston Furniture Rental &#038; Sales, f\u00fcgt hinzu: \u201eEin Gro\u00dfteil des Fugenmaterials, das wir in unseren H\u00e4usern verwenden, ist wei\u00df, wodurch Schmutz, Schimmel und Staub deutlich sichtbar sind.\u201c Ein schneller Trick, den wir bei der Einrichtung eines Hauses anwenden, besteht darin, Backpulver (z. B. Backpulver von Arm &#038; Hammer bei Walmart) und Wasser zu mischen und die Fugen mit einem \u00e4lteren Lappen abzuschrubben. \u201eDas Backpulver ist eine leicht scheuernde Substanz, die dabei hilft, Flecken zu l\u00f6sen und Ger\u00fcche zu reduzieren.\u201c<\/p>\n<p><em>Alle Preise gelten zum Zeitpunkt der Ver\u00f6ffentlichung.<\/em><\/p>\n<h3 class=\"article-body__section\" id=\"section-2-repainting-the-walls\"><span>2. Neuanstrich der W\u00e4nde<\/span><\/h3>\n<div id=\"slice-container-imageGallery-ysZm5jKo5wiS6YndwnzUgh-9\" class=\"slice-container imageGallery-wrapper imageGallery-ysZm5jKo5wiS6YndwnzUgh-9 slice-container-imageGallery\">\n<div data-hydrate=\"true\" class=\"inline-gallery first-slide-only\">\n<div class=\"inline-gallery__count\">Bild <!-- -->1<!-- --> von <!-- -->3<\/div>\n<div class=\"inline-gallery__arrows show\">\n<div class=\"arrows__arrows-inner\">\n<div data-testid=\"arrow-click-left\" class=\"arrows__left disable\" data-analytics-id=\"gallery-see-more\"><svg xmlns=\"http:\/\/www.w3.org\/2000\/svg\" viewbox=\"0 0 32 32\" width=\"32\" height=\"32\"><path d=\"M4.2 0l25.6 16.011L4.2 32V0z\"><\/path><\/svg><\/div>\n<div data-testid=\"arrow-click-right\" class=\"arrows__right \" data-analytics-id=\"gallery-see-more\"><svg xmlns=\"http:\/\/www.w3.org\/2000\/svg\" viewbox=\"0 0 32 32\" width=\"32\" height=\"32\"><path d=\"M4.2 0l25.6 16.011L4.2 32V0z\"><\/path><\/svg><\/div>\n<\/div>\n<\/div>\n<div style=\"overflow-x:hidden\" class=\"inline-gallery__items\">\n<div style=\"-webkit-flex-direction:row;flex-direction:row;-webkit-transition:all 0s ease 0s;transition:all 0s ease 0s;-webkit-transform:translate(0%, 0);transform:translate(0%, 0);direction:ltr;display:flex;will-change:transform\" class=\"react-swipeable-view-container\">\n<div style=\"width:100%;-webkit-flex-shrink:0;flex-shrink:0;overflow:auto\" aria-hidden=\"false\" data-swipeable=\"true\">\n<div class=\"items__item\">\n<div class=\"item__image-cont\">\n<div class=\"image-cont__image\">\n<figure class=\"image-wrapped__wrapper\" data-bordeaux-image-check=\"false\">\n<div class=\"image-wrapped__widthsetter\" style=\"max-width:2400px\">\n<div class=\"image-wrapped__aspect-padding\" style=\"padding-bottom:83.33333333333334%\">\n<div style=\"display:contents\"><picture data-hydrate=\"true\"><source class=\"image-wrapped__image image__image\" type=\"image\/webp\"   data-normal=\"https:\/\/vanilla.futurecdn.net\/cyclingnews\/media\/img\/missing-image.svg\" data-original-mos=\"https:\/\/www.strassenweb.de\/nachrichten\/wp-content\/uploads\/2024\/10\/9hC7x8hK5k27EkyQLkYMKL.jpg\" data-pin-media=\"https:\/\/www.strassenweb.de\/nachrichten\/wp-content\/uploads\/2024\/10\/9hC7x8hK5k27EkyQLkYMKL.jpg\" data-pin-nopin=\"true\" data-slice-image=\"true\"><\/source><source class=\"image-wrapped__image image__image\" type=\"image\/jpeg\"   data-normal=\"https:\/\/vanilla.futurecdn.net\/cyclingnews\/media\/img\/missing-image.svg\" data-original-mos=\"https:\/\/www.strassenweb.de\/nachrichten\/wp-content\/uploads\/2024\/10\/9hC7x8hK5k27EkyQLkYMKL.jpg\" data-pin-media=\"https:\/\/www.strassenweb.de\/nachrichten\/wp-content\/uploads\/2024\/10\/9hC7x8hK5k27EkyQLkYMKL.jpg\" data-pin-nopin=\"true\" data-slice-image=\"true\"><\/source><\/picture><\/div>\n<\/div>\n<\/div>\n<\/figure>\n<\/div>\n<p><button class=\"image-cont__expand\" data-testid=\"expandButton\" data-analytics-id=\"gallery-expand-image\"><svg xmlns=\"http:\/\/www.w3.org\/2000\/svg\" width=\"32\" height=\"32\" viewbox=\"0 0 32 32\"><path d=\"M31.557 12.067L31.773 0 19.791.213l.05 3.216 6.225-.115-7.347 7.39 2.422 2.434 7.34-7.382-.108 6.213 3.184.098zM.215 19.903L0 31.97l11.984-.213-.05-3.217-6.225.113 7.348-7.388-2.42-2.436-7.34 7.383L3.402 20l-3.187-.098zM20.004 31.704L32 32.001l-.293-12.059-3.195.03.154 6.263-7.396-7.44-2.407 2.42 7.389 7.43-6.174-.148-.074 3.207zM12.213.33L.22.034l.293 12.059 3.195-.032-.152-6.26 7.394 7.438 2.404-2.418L5.967 3.39l6.174.15.072-3.209z\"><\/path><\/svg><\/button><\/div>\n<div class=\"item__description\"><\/div>\n<\/div>\n<\/div>\n<div style=\"width:100%;-webkit-flex-shrink:0;flex-shrink:0;overflow:auto\" aria-hidden=\"true\" data-swipeable=\"true\">\n<div class=\"items__item\">\n<div class=\"item__image-cont\">\n<div class=\"image-cont__image\">\n<figure class=\"image-wrapped__wrapper\" data-bordeaux-image-check=\"false\">\n<div class=\"image-wrapped__widthsetter\" style=\"max-width:2000px\">\n<div class=\"image-wrapped__aspect-padding\" style=\"padding-bottom:120%\">\n<div style=\"display:contents\"><picture data-hydrate=\"true\"><source class=\"image-wrapped__image image__image\" type=\"image\/webp\"   data-normal=\"https:\/\/vanilla.futurecdn.net\/cyclingnews\/media\/img\/missing-image.svg\" data-original-mos=\"https:\/\/www.strassenweb.de\/nachrichten\/wp-content\/uploads\/2024\/10\/JPXcR3J3wFBg7sNhUPw4tS.jpg\" data-pin-media=\"https:\/\/www.strassenweb.de\/nachrichten\/wp-content\/uploads\/2024\/10\/JPXcR3J3wFBg7sNhUPw4tS.jpg\" data-pin-nopin=\"true\" data-slice-image=\"true\"><\/source><source class=\"image-wrapped__image image__image\" type=\"image\/jpeg\"   data-normal=\"https:\/\/vanilla.futurecdn.net\/cyclingnews\/media\/img\/missing-image.svg\" data-original-mos=\"https:\/\/www.strassenweb.de\/nachrichten\/wp-content\/uploads\/2024\/10\/JPXcR3J3wFBg7sNhUPw4tS.jpg\" data-pin-media=\"https:\/\/www.strassenweb.de\/nachrichten\/wp-content\/uploads\/2024\/10\/JPXcR3J3wFBg7sNhUPw4tS.jpg\" data-pin-nopin=\"true\" data-slice-image=\"true\"><\/source><img decoding=\"async\" alt=\"Einschneiden mit dunkelgr\u00fcner Farbe auf leuchtend blauer Wand\"  class=\"image-wrapped__image image__image\" loading=\"lazy\" data-normal=\"https:\/\/vanilla.futurecdn.net\/cyclingnews\/media\/img\/missing-image.svg\" src=\"https:\/\/www.strassenweb.de\/nachrichten\/wp-content\/uploads\/2024\/10\/JPXcR3J3wFBg7sNhUPw4tS.jpg\" data-pin-media=\"https:\/\/www.strassenweb.de\/nachrichten\/wp-content\/uploads\/2024\/10\/JPXcR3J3wFBg7sNhUPw4tS.jpg\" data-pin-nopin=\"true\" data-slice-image=\"true\"><\/picture><\/div>\n<\/div>\n<\/div>\n<\/figure>\n<\/div>\n<p><button class=\"image-cont__expand\" data-testid=\"expandButton\" data-analytics-id=\"gallery-expand-image\"><svg xmlns=\"http:\/\/www.w3.org\/2000\/svg\" width=\"32\" height=\"32\" viewbox=\"0 0 32 32\"><path d=\"M31.557 12.067L31.773 0 19.791.213l.05 3.216 6.225-.115-7.347 7.39 2.422 2.434 7.34-7.382-.108 6.213 3.184.098zM.215 19.903L0 31.97l11.984-.213-.05-3.217-6.225.113 7.348-7.388-2.42-2.436-7.34 7.383L3.402 20l-3.187-.098zM20.004 31.704L32 32.001l-.293-12.059-3.195.03.154 6.263-7.396-7.44-2.407 2.42 7.389 7.43-6.174-.148-.074 3.207zM12.213.33L.22.034l.293 12.059 3.195-.032-.152-6.26 7.394 7.438 2.404-2.418L5.967 3.39l6.174.15.072-3.209z\"><\/path><\/svg><\/button><\/div>\n<div class=\"item__description\"><\/div>\n<\/div>\n<\/div>\n<div style=\"width:100%;-webkit-flex-shrink:0;flex-shrink:0;overflow:auto\" aria-hidden=\"true\" data-swipeable=\"true\">\n<div class=\"items__item\">\n<div class=\"item__image-cont\">\n<div class=\"image-cont__image\">\n<figure class=\"image-wrapped__wrapper\" data-bordeaux-image-check=\"false\">\n<div class=\"image-wrapped__widthsetter\" style=\"max-width:2000px\">\n<div class=\"image-wrapped__aspect-padding\" style=\"padding-bottom:120%\">\n<div style=\"display:contents\"><picture data-hydrate=\"true\"><source class=\"image-wrapped__image image__image\" type=\"image\/webp\"   data-normal=\"https:\/\/vanilla.futurecdn.net\/cyclingnews\/media\/img\/missing-image.svg\" data-original-mos=\"https:\/\/www.strassenweb.de\/nachrichten\/wp-content\/uploads\/2024\/10\/5r86LhEnRDpMzRjj8GL5RX.jpg\" data-pin-media=\"https:\/\/www.strassenweb.de\/nachrichten\/wp-content\/uploads\/2024\/10\/5r86LhEnRDpMzRjj8GL5RX.jpg\" data-pin-nopin=\"true\" data-slice-image=\"true\"><\/source><source class=\"image-wrapped__image image__image\" type=\"image\/jpeg\"   data-normal=\"https:\/\/vanilla.futurecdn.net\/cyclingnews\/media\/img\/missing-image.svg\" data-original-mos=\"https:\/\/www.strassenweb.de\/nachrichten\/wp-content\/uploads\/2024\/10\/5r86LhEnRDpMzRjj8GL5RX.jpg\" data-pin-media=\"https:\/\/www.strassenweb.de\/nachrichten\/wp-content\/uploads\/2024\/10\/5r86LhEnRDpMzRjj8GL5RX.jpg\" data-pin-nopin=\"true\" data-slice-image=\"true\"><\/source><img decoding=\"async\" alt=\"Nasse gr\u00fcne Farbe im kleinen Duschraum\"  class=\"image-wrapped__image image__image\" loading=\"lazy\" data-normal=\"https:\/\/vanilla.futurecdn.net\/cyclingnews\/media\/img\/missing-image.svg\" src=\"https:\/\/www.strassenweb.de\/nachrichten\/wp-content\/uploads\/2024\/10\/5r86LhEnRDpMzRjj8GL5RX.jpg\" data-pin-media=\"https:\/\/www.strassenweb.de\/nachrichten\/wp-content\/uploads\/2024\/10\/5r86LhEnRDpMzRjj8GL5RX.jpg\" data-pin-nopin=\"true\" data-slice-image=\"true\"><\/picture><\/div>\n<\/div>\n<\/div>\n<\/figure>\n<\/div>\n<p><button class=\"image-cont__expand\" data-testid=\"expandButton\" data-analytics-id=\"gallery-expand-image\"><svg xmlns=\"http:\/\/www.w3.org\/2000\/svg\" width=\"32\" height=\"32\" viewbox=\"0 0 32 32\"><path d=\"M31.557 12.067L31.773 0 19.791.213l.05 3.216 6.225-.115-7.347 7.39 2.422 2.434 7.34-7.382-.108 6.213 3.184.098zM.215 19.903L0 31.97l11.984-.213-.05-3.217-6.225.113 7.348-7.388-2.42-2.436-7.34 7.383L3.402 20l-3.187-.098zM20.004 31.704L32 32.001l-.293-12.059-3.195.03.154 6.263-7.396-7.44-2.407 2.42 7.389 7.43-6.174-.148-.074 3.207zM12.213.33L.22.034l.293 12.059 3.195-.032-.152-6.26 7.394 7.438 2.404-2.418L5.967 3.39l6.174.15.072-3.209z\"><\/path><\/svg><\/button><\/div>\n<div class=\"item__description\"><\/div>\n<\/div>\n<\/div>\n<\/div>\n<\/div>\n<\/div>\n<\/div>\n<p>Das gr\u00f6\u00dfte Problem, das ich bei unserem G\u00e4stebad hatte, war die Farbe. Es gefiel mir ganz gut, als wir uns zum ersten Mal f\u00fcr etwas entschiedeneres und dynamischeres entschieden haben als das rein wei\u00dfe Schema, f\u00fcr das wir uns urspr\u00fcnglich entschieden hatten. Mit der Zeit verlor das leuchtende Gr\u00fcnblau jedoch seinen Reiz und, wie mir klar wurde, warf beim Blick in den Spiegel einen seltsamen Grauton auf die Haut.<\/p>\n<p>Ginger Curtis, Gr\u00fcnderin und CEO von Urbanology Designs, sagt: \u201eEine schnelle und einfache M\u00f6glichkeit, ein G\u00e4stebad zu verwandeln, ist ein frischer Anstrich.\u201c Erw\u00e4gen Sie einen stimmungsvollen, satten Farbton wie tiefes Blau oder dunkles Anthrazit f\u00fcr ein luxuri\u00f6ses Gef\u00fchl oder eine sanfte, neutrale Farbe, um eine ruhige Umgebung zu schaffen.\u201c Auf jeden Fall sollten Sie dar\u00fcber nachdenken, wenn Sie \u00fcber neue Farbideen f\u00fcr Ihr Badezimmer nachdenken.<\/p>\n<p>In letzter Zeit habe ich mich nach einer waldgr\u00fcnen K\u00fcche gesehnt, aber das ist im Moment nicht m\u00f6glich, also habe ich beschlossen, stattdessen den Schatten im G\u00e4stebad zu verwenden.<\/p>\n<p>Bevor ich einen Raum strich, entfernte ich zun\u00e4chst den Spiegel, die Kunstwerke, die Kastenregale und den Sp\u00fclkasten, um eine leere Leinwand zu erhalten. Anschlie\u00dfend habe ich eine nicht unerhebliche Menge Spinnweben aufgesaugt und die W\u00e4nde gereinigt. Ich habe auch ein paar schuppige Stellen leicht abgeschliffen.<\/p>\n<p>Ich begann damit, die Decken und Einbauten einzuschneiden (eine Arbeit, die ich verabscheue), bevor ich mit der Arbeit an der Hauptwand begann.<\/p>\n<p>Ich habe mich f\u00fcr die Verwendung eines Pinsels anstelle einer Rolle entschieden, da der Platz klein ist und ich nicht wollte, dass die Farbe \u00fcberall hin spritzt. F\u00fcr eine gute Deckkraft waren zwei Anstriche erforderlich, und ich musste an anderen Stellen, an denen meine Einschnitte nicht ganz auf dem neuesten Stand waren, ein paar Stellen mit wei\u00dfer Farbe \u00fcberstreichen.<\/p>\n<p>Der Gr\u00fcnton, den ich verwendet habe, war Everglade Forest von Dulux und ich liebe den fertigen Look. Achten Sie immer darauf, die richtigen Anstriche f\u00fcr Badezimmer auszuw\u00e4hlen, um sp\u00e4ter Schimmel und Mehltau zu vermeiden.<\/p>\n<div class=\"product-container hero-product-container product-block-no-wrap\"><\/div>\n<h3 class=\"article-body__section\" id=\"section-3-giving-small-details-a-makeover\"><span>3. Kleine Details neu gestalten<\/span><\/h3>\n<div id=\"slice-container-imageGallery-ysZm5jKo5wiS6YndwnzUgh-15\" class=\"slice-container imageGallery-wrapper imageGallery-ysZm5jKo5wiS6YndwnzUgh-15 slice-container-imageGallery\">\n<div data-hydrate=\"true\" class=\"inline-gallery first-slide-only\">\n<div class=\"inline-gallery__count\">Bild <!-- -->1<!-- --> von <!-- -->2<\/div>\n<div class=\"inline-gallery__arrows show\">\n<div class=\"arrows__arrows-inner\">\n<div data-testid=\"arrow-click-left\" class=\"arrows__left disable\" data-analytics-id=\"gallery-see-more\"><svg xmlns=\"http:\/\/www.w3.org\/2000\/svg\" viewbox=\"0 0 32 32\" width=\"32\" height=\"32\"><path d=\"M4.2 0l25.6 16.011L4.2 32V0z\"><\/path><\/svg><\/div>\n<div data-testid=\"arrow-click-right\" class=\"arrows__right \" data-analytics-id=\"gallery-see-more\"><svg xmlns=\"http:\/\/www.w3.org\/2000\/svg\" viewbox=\"0 0 32 32\" width=\"32\" height=\"32\"><path d=\"M4.2 0l25.6 16.011L4.2 32V0z\"><\/path><\/svg><\/div>\n<\/div>\n<\/div>\n<div style=\"overflow-x:hidden\" class=\"inline-gallery__items\">\n<div style=\"-webkit-flex-direction:row;flex-direction:row;-webkit-transition:all 0s ease 0s;transition:all 0s ease 0s;-webkit-transform:translate(0%, 0);transform:translate(0%, 0);direction:ltr;display:flex;will-change:transform\" class=\"react-swipeable-view-container\">\n<div style=\"width:100%;-webkit-flex-shrink:0;flex-shrink:0;overflow:auto\" aria-hidden=\"false\" data-swipeable=\"true\">\n<div class=\"items__item\">\n<div class=\"item__image-cont\">\n<div class=\"image-cont__image\">\n<figure class=\"image-wrapped__wrapper\" data-bordeaux-image-check=\"false\">\n<div class=\"image-wrapped__widthsetter\" style=\"max-width:2400px\">\n<div class=\"image-wrapped__aspect-padding\" style=\"padding-bottom:83.33333333333334%\">\n<div style=\"display:contents\"><picture data-hydrate=\"true\"><source class=\"image-wrapped__image image__image\" type=\"image\/webp\"   data-normal=\"https:\/\/vanilla.futurecdn.net\/cyclingnews\/media\/img\/missing-image.svg\" data-original-mos=\"https:\/\/www.strassenweb.de\/nachrichten\/wp-content\/uploads\/2024\/10\/EGneW9ruJQ583z8Q5nxoX6.jpg\" data-pin-media=\"https:\/\/www.strassenweb.de\/nachrichten\/wp-content\/uploads\/2024\/10\/EGneW9ruJQ583z8Q5nxoX6.jpg\" data-pin-nopin=\"true\" data-slice-image=\"true\"><\/source><source class=\"image-wrapped__image image__image\" type=\"image\/jpeg\"   data-normal=\"https:\/\/vanilla.futurecdn.net\/cyclingnews\/media\/img\/missing-image.svg\" data-original-mos=\"https:\/\/www.strassenweb.de\/nachrichten\/wp-content\/uploads\/2024\/10\/EGneW9ruJQ583z8Q5nxoX6.jpg\" data-pin-media=\"https:\/\/www.strassenweb.de\/nachrichten\/wp-content\/uploads\/2024\/10\/EGneW9ruJQ583z8Q5nxoX6.jpg\" data-pin-nopin=\"true\" data-slice-image=\"true\"><\/source><img decoding=\"async\" alt=\"sch\u00e4biges Regalset aus alten Kisten\"  class=\"image-wrapped__image image__image\" loading=\"lazy\" data-normal=\"https:\/\/vanilla.futurecdn.net\/cyclingnews\/media\/img\/missing-image.svg\" src=\"https:\/\/www.strassenweb.de\/nachrichten\/wp-content\/uploads\/2024\/10\/EGneW9ruJQ583z8Q5nxoX6.jpg\" data-pin-media=\"https:\/\/www.strassenweb.de\/nachrichten\/wp-content\/uploads\/2024\/10\/EGneW9ruJQ583z8Q5nxoX6.jpg\" data-pin-nopin=\"true\" data-slice-image=\"true\"><\/picture><\/div>\n<\/div>\n<\/div>\n<\/figure>\n<\/div>\n<p><button class=\"image-cont__expand\" data-testid=\"expandButton\" data-analytics-id=\"gallery-expand-image\"><svg xmlns=\"http:\/\/www.w3.org\/2000\/svg\" width=\"32\" height=\"32\" viewbox=\"0 0 32 32\"><path d=\"M31.557 12.067L31.773 0 19.791.213l.05 3.216 6.225-.115-7.347 7.39 2.422 2.434 7.34-7.382-.108 6.213 3.184.098zM.215 19.903L0 31.97l11.984-.213-.05-3.217-6.225.113 7.348-7.388-2.42-2.436-7.34 7.383L3.402 20l-3.187-.098zM20.004 31.704L32 32.001l-.293-12.059-3.195.03.154 6.263-7.396-7.44-2.407 2.42 7.389 7.43-6.174-.148-.074 3.207zM12.213.33L.22.034l.293 12.059 3.195-.032-.152-6.26 7.394 7.438 2.404-2.418L5.967 3.39l6.174.15.072-3.209z\"><\/path><\/svg><\/button><\/div>\n<div class=\"item__description\"><\/div>\n<\/div>\n<\/div>\n<div style=\"width:100%;-webkit-flex-shrink:0;flex-shrink:0;overflow:auto\" aria-hidden=\"true\" data-swipeable=\"true\">\n<div class=\"items__item\">\n<div class=\"item__image-cont\">\n<div class=\"image-cont__image\">\n<figure class=\"image-wrapped__wrapper\" data-bordeaux-image-check=\"false\">\n<div class=\"image-wrapped__widthsetter\" style=\"max-width:2400px\">\n<div class=\"image-wrapped__aspect-padding\" style=\"padding-bottom:83.33333333333334%\">\n<div style=\"display:contents\"><picture data-hydrate=\"true\"><source class=\"image-wrapped__image image__image\" type=\"image\/webp\"   data-normal=\"https:\/\/vanilla.futurecdn.net\/cyclingnews\/media\/img\/missing-image.svg\" data-original-mos=\"https:\/\/www.strassenweb.de\/nachrichten\/wp-content\/uploads\/2024\/10\/qjbkZpLgfNccgn2Y6x3p4B.jpg\" data-pin-media=\"https:\/\/www.strassenweb.de\/nachrichten\/wp-content\/uploads\/2024\/10\/qjbkZpLgfNccgn2Y6x3p4B.jpg\" data-pin-nopin=\"true\" data-slice-image=\"true\"><\/source><source class=\"image-wrapped__image image__image\" type=\"image\/jpeg\"   data-normal=\"https:\/\/vanilla.futurecdn.net\/cyclingnews\/media\/img\/missing-image.svg\" data-original-mos=\"https:\/\/www.strassenweb.de\/nachrichten\/wp-content\/uploads\/2024\/10\/qjbkZpLgfNccgn2Y6x3p4B.jpg\" data-pin-media=\"https:\/\/www.strassenweb.de\/nachrichten\/wp-content\/uploads\/2024\/10\/qjbkZpLgfNccgn2Y6x3p4B.jpg\" data-pin-nopin=\"true\" data-slice-image=\"true\"><\/source><img decoding=\"async\" alt=\"goldene Kn\u00f6pfe an wei\u00dfen Lamellent\u00fcren\"  class=\"image-wrapped__image image__image\" loading=\"lazy\" data-normal=\"https:\/\/vanilla.futurecdn.net\/cyclingnews\/media\/img\/missing-image.svg\" src=\"https:\/\/www.strassenweb.de\/nachrichten\/wp-content\/uploads\/2024\/10\/qjbkZpLgfNccgn2Y6x3p4B.jpg\" data-pin-media=\"https:\/\/www.strassenweb.de\/nachrichten\/wp-content\/uploads\/2024\/10\/qjbkZpLgfNccgn2Y6x3p4B.jpg\" data-pin-nopin=\"true\" data-slice-image=\"true\"><\/picture><\/div>\n<\/div>\n<\/div>\n<\/figure>\n<\/div>\n<p><button class=\"image-cont__expand\" data-testid=\"expandButton\" data-analytics-id=\"gallery-expand-image\"><svg xmlns=\"http:\/\/www.w3.org\/2000\/svg\" width=\"32\" height=\"32\" viewbox=\"0 0 32 32\"><path d=\"M31.557 12.067L31.773 0 19.791.213l.05 3.216 6.225-.115-7.347 7.39 2.422 2.434 7.34-7.382-.108 6.213 3.184.098zM.215 19.903L0 31.97l11.984-.213-.05-3.217-6.225.113 7.348-7.388-2.42-2.436-7.34 7.383L3.402 20l-3.187-.098zM20.004 31.704L32 32.001l-.293-12.059-3.195.03.154 6.263-7.396-7.44-2.407 2.42 7.389 7.43-6.174-.148-.074 3.207zM12.213.33L.22.034l.293 12.059 3.195-.032-.152-6.26 7.394 7.438 2.404-2.418L5.967 3.39l6.174.15.072-3.209z\"><\/path><\/svg><\/button><\/div>\n<div class=\"item__description\"><\/div>\n<\/div>\n<\/div>\n<\/div>\n<\/div>\n<\/div>\n<\/div>\n<p>Es \u00fcberrascht mich immer wieder, wie viel Unterschied es macht, ein paar kleinere Details ein wenig aufzupeppen. Schauen Sie sich in Ihrem eigenen G\u00e4stebad um \u2013 sehen Sie mit dem Kabel-Lichtauszug etwas schmutzig aus? Der Spiegel hat angefangen zu rosten? Sind die Fu\u00dfleisten etwas abgenutzt? Es sind Kleinigkeiten, wie zum Beispiel das Vers\u00e4umnis, Fu\u00dfleisten am besten zu reinigen, die einen Raum wirklich verkleinern k\u00f6nnen.<\/p>\n<p>Im Fall meines G\u00e4stebades sahen die Kn\u00f6pfe am Putzschrank etwas abgenutzt aus, das Metallregal, das wir f\u00fcr Handseife und Lotion verwenden, war verrostet und die Holzkisten, die wir in Wandregale verwandelt haben, m\u00fcssten unbedingt gr\u00fcndlich gereinigt werden hoch.<\/p>\n<p>Ich habe das Metallregal und die Schrankkn\u00f6pfe entfernt und sie schnell mit goldener Spr\u00fchfarbe versch\u00f6nert. Sie k\u00f6nnen Rost auch mit Aluminiumfolie entfernen, wenn Ihnen die Originalfarbe gef\u00e4llt oder Sie keine Farbe zur Hand haben.<\/p>\n<p>Als n\u00e4chstes richtete ich meine Aufmerksamkeit auf die Kistenregale. Ich dachte, Gold k\u00f6nnte hier etwas \u00fcbertrieben sein, also habe ich eine Dose meines Lieblingsfarbtons aller Zeiten herausgekramt \u2013 Manna Ash von Fired Earth. Nachdem ich sie gereinigt und geschliffen habe, habe ich zwei Schichten aufgetragen und ich liebe das pudrige Rosa im Kontrast zum Waldgr\u00fcn.<\/p>\n<h3 class=\"article-body__section\" id=\"section-4-introducing-a-moisture-loving-plant\"><span>4. Einf\u00fchrung einer feuchtigkeitsliebenden Pflanze<\/span><\/h3>\n<figure class=\"van-image-figure inline-layout \" data-bordeaux-image-check>\n<div class=\"image-full-width-wrapper\">\n<div class=\"image-widthsetter\" style=\"max-width:2000px;\"><\/div>\n<\/div>\n<\/figure>\n<p>Bestimmte Pflanzen gedeihen besonders gut im Badezimmer und es gibt Zimmerpflanzen, die auch die Bildung von Kondenswasser verhindern. Da unser G\u00e4stebad kein Fenster hat, braucht es jede Hilfe, die es bekommen kann, wenn es darum geht, \u00fcbersch\u00fcssige Feuchtigkeit aufzuwischen. Deshalb habe ich ein wenig nach den besten Badezimmerpflanzen recherchiert und in etwas Gr\u00fcn investiert, das nicht nur gut aussieht, sondern auch praktisch ist Ebene.<\/p>\n<p>Lana Wear sagt: \u201ePflanzen sind eine tolle M\u00f6glichkeit, den Raum aufzuw\u00e4rmen.\u201c In einem fensterlosen Raum wirken k\u00fcnstliche Sukkulenten gut und verleihen einen modernen Touch. Wenn Sie \u00fcber nat\u00fcrliches Licht verf\u00fcgen, sind feuchtigkeitsliebende Pflanzen wie Orchideen, Pothos oder Farne ideal. F\u00fcr einen Farbtupfer reichen auch Schnittblumen in einer niedrigen Vase.\u201c<\/p>\n<p>Nach ein wenig Recherche habe ich mich f\u00fcr einen Philondendron Scandens Brasil entschieden \u2013 der auch als \u201eSweetheart Plant\u201c bekannt ist, vermutlich wegen seiner herzf\u00f6rmigen Bl\u00e4tter.<\/p>\n<p>Sie gedeiht in sehr feuchten Umgebungen und eignet sich hervorragend als Zimmerpflanze bei schwachem Licht. Allerdings muss ich die Badezimmert\u00fcr offen halten, wenn sie nicht verwendet wird, um etwas nat\u00fcrliches Licht hereinzulassen Erw\u00e4gen Sie, es in den n\u00e4chsten Wochen aufzuh\u00e4ngen.<\/p>\n<div class=\"product-container hero-product-container product-block-no-wrap\"><\/div>\n<h3 class=\"article-body__section\" id=\"section-5-cleaning-the-extractor-fan\"><span>5. Reinigung des Absaugventilators<\/span><\/h3>\n<div id=\"slice-container-imageGallery-ysZm5jKo5wiS6YndwnzUgh-25\" class=\"slice-container imageGallery-wrapper imageGallery-ysZm5jKo5wiS6YndwnzUgh-25 slice-container-imageGallery\">\n<div data-hydrate=\"true\" class=\"inline-gallery first-slide-only\">\n<div class=\"inline-gallery__count\">Bild <!-- -->1<!-- --> von <!-- -->3<\/div>\n<div class=\"inline-gallery__arrows show\">\n<div class=\"arrows__arrows-inner\">\n<div data-testid=\"arrow-click-left\" class=\"arrows__left disable\" data-analytics-id=\"gallery-see-more\"><svg xmlns=\"http:\/\/www.w3.org\/2000\/svg\" viewbox=\"0 0 32 32\" width=\"32\" height=\"32\"><path d=\"M4.2 0l25.6 16.011L4.2 32V0z\"><\/path><\/svg><\/div>\n<div data-testid=\"arrow-click-right\" class=\"arrows__right \" data-analytics-id=\"gallery-see-more\"><svg xmlns=\"http:\/\/www.w3.org\/2000\/svg\" viewbox=\"0 0 32 32\" width=\"32\" height=\"32\"><path d=\"M4.2 0l25.6 16.011L4.2 32V0z\"><\/path><\/svg><\/div>\n<\/div>\n<\/div>\n<div style=\"overflow-x:hidden\" class=\"inline-gallery__items\">\n<div style=\"-webkit-flex-direction:row;flex-direction:row;-webkit-transition:all 0s ease 0s;transition:all 0s ease 0s;-webkit-transform:translate(0%, 0);transform:translate(0%, 0);direction:ltr;display:flex;will-change:transform\" class=\"react-swipeable-view-container\">\n<div style=\"width:100%;-webkit-flex-shrink:0;flex-shrink:0;overflow:auto\" aria-hidden=\"false\" data-swipeable=\"true\">\n<div class=\"items__item\">\n<div class=\"item__image-cont\">\n<div class=\"image-cont__image\">\n<figure class=\"image-wrapped__wrapper\" data-bordeaux-image-check=\"false\">\n<div class=\"image-wrapped__widthsetter\" style=\"max-width:2000px\">\n<div class=\"image-wrapped__aspect-padding\" style=\"padding-bottom:120%\">\n<div style=\"display:contents\"><picture data-hydrate=\"true\"><source class=\"image-wrapped__image image__image\" type=\"image\/webp\"   data-normal=\"https:\/\/vanilla.futurecdn.net\/cyclingnews\/media\/img\/missing-image.svg\" data-original-mos=\"https:\/\/www.strassenweb.de\/nachrichten\/wp-content\/uploads\/2024\/10\/F6P6PCyVuoUefNFtcMrpWP.jpg\" data-pin-media=\"https:\/\/www.strassenweb.de\/nachrichten\/wp-content\/uploads\/2024\/10\/F6P6PCyVuoUefNFtcMrpWP.jpg\" data-pin-nopin=\"true\" data-slice-image=\"true\"><\/source><source class=\"image-wrapped__image image__image\" type=\"image\/jpeg\"   data-normal=\"https:\/\/vanilla.futurecdn.net\/cyclingnews\/media\/img\/missing-image.svg\" data-original-mos=\"https:\/\/www.strassenweb.de\/nachrichten\/wp-content\/uploads\/2024\/10\/F6P6PCyVuoUefNFtcMrpWP.jpg\" data-pin-media=\"https:\/\/www.strassenweb.de\/nachrichten\/wp-content\/uploads\/2024\/10\/F6P6PCyVuoUefNFtcMrpWP.jpg\" data-pin-nopin=\"true\" data-slice-image=\"true\"><\/source><img decoding=\"async\" alt=\"Schmutziger Absaugventilator voller Staub\"  class=\"image-wrapped__image image__image\" loading=\"lazy\" data-normal=\"https:\/\/vanilla.futurecdn.net\/cyclingnews\/media\/img\/missing-image.svg\" src=\"https:\/\/www.strassenweb.de\/nachrichten\/wp-content\/uploads\/2024\/10\/F6P6PCyVuoUefNFtcMrpWP.jpg\" data-pin-media=\"https:\/\/www.strassenweb.de\/nachrichten\/wp-content\/uploads\/2024\/10\/F6P6PCyVuoUefNFtcMrpWP.jpg\" data-pin-nopin=\"true\" data-slice-image=\"true\"><\/picture><\/div>\n<\/div>\n<\/div>\n<\/figure>\n<\/div>\n<p><button class=\"image-cont__expand\" data-testid=\"expandButton\" data-analytics-id=\"gallery-expand-image\"><svg xmlns=\"http:\/\/www.w3.org\/2000\/svg\" width=\"32\" height=\"32\" viewbox=\"0 0 32 32\"><path d=\"M31.557 12.067L31.773 0 19.791.213l.05 3.216 6.225-.115-7.347 7.39 2.422 2.434 7.34-7.382-.108 6.213 3.184.098zM.215 19.903L0 31.97l11.984-.213-.05-3.217-6.225.113 7.348-7.388-2.42-2.436-7.34 7.383L3.402 20l-3.187-.098zM20.004 31.704L32 32.001l-.293-12.059-3.195.03.154 6.263-7.396-7.44-2.407 2.42 7.389 7.43-6.174-.148-.074 3.207zM12.213.33L.22.034l.293 12.059 3.195-.032-.152-6.26 7.394 7.438 2.404-2.418L5.967 3.39l6.174.15.072-3.209z\"><\/path><\/svg><\/button><\/div>\n<div class=\"item__description\"><\/div>\n<\/div>\n<\/div>\n<div style=\"width:100%;-webkit-flex-shrink:0;flex-shrink:0;overflow:auto\" aria-hidden=\"true\" data-swipeable=\"true\">\n<div class=\"items__item\">\n<div class=\"item__image-cont\">\n<div class=\"image-cont__image\">\n<figure class=\"image-wrapped__wrapper\" data-bordeaux-image-check=\"false\">\n<div class=\"image-wrapped__widthsetter\" style=\"max-width:2400px\">\n<div class=\"image-wrapped__aspect-padding\" style=\"padding-bottom:83.33333333333334%\">\n<div style=\"display:contents\"><picture data-hydrate=\"true\"><source class=\"image-wrapped__image image__image\" type=\"image\/webp\"   data-normal=\"https:\/\/vanilla.futurecdn.net\/cyclingnews\/media\/img\/missing-image.svg\" data-original-mos=\"https:\/\/www.strassenweb.de\/nachrichten\/wp-content\/uploads\/2024\/10\/n82SuqietWjnE5okm2YgwT.jpg\" data-pin-media=\"https:\/\/www.strassenweb.de\/nachrichten\/wp-content\/uploads\/2024\/10\/n82SuqietWjnE5okm2YgwT.jpg\" data-pin-nopin=\"true\" data-slice-image=\"true\"><\/source><source class=\"image-wrapped__image image__image\" type=\"image\/jpeg\"   data-normal=\"https:\/\/vanilla.futurecdn.net\/cyclingnews\/media\/img\/missing-image.svg\" data-original-mos=\"https:\/\/www.strassenweb.de\/nachrichten\/wp-content\/uploads\/2024\/10\/n82SuqietWjnE5okm2YgwT.jpg\" data-pin-media=\"https:\/\/www.strassenweb.de\/nachrichten\/wp-content\/uploads\/2024\/10\/n82SuqietWjnE5okm2YgwT.jpg\" data-pin-nopin=\"true\" data-slice-image=\"true\"><\/source><img decoding=\"async\" alt=\"Reinigen eines Abluftventilators mit einer Zahnb\u00fcrste\"  class=\"image-wrapped__image image__image\" loading=\"lazy\" data-normal=\"https:\/\/vanilla.futurecdn.net\/cyclingnews\/media\/img\/missing-image.svg\" src=\"https:\/\/www.strassenweb.de\/nachrichten\/wp-content\/uploads\/2024\/10\/n82SuqietWjnE5okm2YgwT.jpg\" data-pin-media=\"https:\/\/www.strassenweb.de\/nachrichten\/wp-content\/uploads\/2024\/10\/n82SuqietWjnE5okm2YgwT.jpg\" data-pin-nopin=\"true\" data-slice-image=\"true\"><\/picture><\/div>\n<\/div>\n<\/div>\n<\/figure>\n<\/div>\n<p><button class=\"image-cont__expand\" data-testid=\"expandButton\" data-analytics-id=\"gallery-expand-image\"><svg xmlns=\"http:\/\/www.w3.org\/2000\/svg\" width=\"32\" height=\"32\" viewbox=\"0 0 32 32\"><path d=\"M31.557 12.067L31.773 0 19.791.213l.05 3.216 6.225-.115-7.347 7.39 2.422 2.434 7.34-7.382-.108 6.213 3.184.098zM.215 19.903L0 31.97l11.984-.213-.05-3.217-6.225.113 7.348-7.388-2.42-2.436-7.34 7.383L3.402 20l-3.187-.098zM20.004 31.704L32 32.001l-.293-12.059-3.195.03.154 6.263-7.396-7.44-2.407 2.42 7.389 7.43-6.174-.148-.074 3.207zM12.213.33L.22.034l.293 12.059 3.195-.032-.152-6.26 7.394 7.438 2.404-2.418L5.967 3.39l6.174.15.072-3.209z\"><\/path><\/svg><\/button><\/div>\n<div class=\"item__description\"><\/div>\n<\/div>\n<\/div>\n<div style=\"width:100%;-webkit-flex-shrink:0;flex-shrink:0;overflow:auto\" aria-hidden=\"true\" data-swipeable=\"true\">\n<div class=\"items__item\">\n<div class=\"item__image-cont\">\n<div class=\"image-cont__image\">\n<figure class=\"image-wrapped__wrapper\" data-bordeaux-image-check=\"false\">\n<div class=\"image-wrapped__widthsetter\" style=\"max-width:2400px\">\n<div class=\"image-wrapped__aspect-padding\" style=\"padding-bottom:83.33333333333334%\">\n<div style=\"display:contents\"><picture data-hydrate=\"true\"><source class=\"image-wrapped__image image__image\" type=\"image\/webp\"   data-normal=\"https:\/\/vanilla.futurecdn.net\/cyclingnews\/media\/img\/missing-image.svg\" data-original-mos=\"https:\/\/www.strassenweb.de\/nachrichten\/wp-content\/uploads\/2024\/10\/ouFKoU6LfuxduJjCsxo7SY.jpg\" data-pin-media=\"https:\/\/www.strassenweb.de\/nachrichten\/wp-content\/uploads\/2024\/10\/ouFKoU6LfuxduJjCsxo7SY.jpg\" data-pin-nopin=\"true\" data-slice-image=\"true\"><\/source><source class=\"image-wrapped__image image__image\" type=\"image\/jpeg\"   data-normal=\"https:\/\/vanilla.futurecdn.net\/cyclingnews\/media\/img\/missing-image.svg\" data-original-mos=\"https:\/\/www.strassenweb.de\/nachrichten\/wp-content\/uploads\/2024\/10\/ouFKoU6LfuxduJjCsxo7SY.jpg\" data-pin-media=\"https:\/\/www.strassenweb.de\/nachrichten\/wp-content\/uploads\/2024\/10\/ouFKoU6LfuxduJjCsxo7SY.jpg\" data-pin-nopin=\"true\" data-slice-image=\"true\"><\/source><img decoding=\"async\" alt=\"Ersetzen der Abdeckung des Abluftventilators\"  class=\"image-wrapped__image image__image\" loading=\"lazy\" data-normal=\"https:\/\/vanilla.futurecdn.net\/cyclingnews\/media\/img\/missing-image.svg\" src=\"https:\/\/www.strassenweb.de\/nachrichten\/wp-content\/uploads\/2024\/10\/ouFKoU6LfuxduJjCsxo7SY.jpg\" data-pin-media=\"https:\/\/www.strassenweb.de\/nachrichten\/wp-content\/uploads\/2024\/10\/ouFKoU6LfuxduJjCsxo7SY.jpg\" data-pin-nopin=\"true\" data-slice-image=\"true\"><\/picture><\/div>\n<\/div>\n<\/div>\n<\/figure>\n<\/div>\n<p><button class=\"image-cont__expand\" data-testid=\"expandButton\" data-analytics-id=\"gallery-expand-image\"><svg xmlns=\"http:\/\/www.w3.org\/2000\/svg\" width=\"32\" height=\"32\" viewbox=\"0 0 32 32\"><path d=\"M31.557 12.067L31.773 0 19.791.213l.05 3.216 6.225-.115-7.347 7.39 2.422 2.434 7.34-7.382-.108 6.213 3.184.098zM.215 19.903L0 31.97l11.984-.213-.05-3.217-6.225.113 7.348-7.388-2.42-2.436-7.34 7.383L3.402 20l-3.187-.098zM20.004 31.704L32 32.001l-.293-12.059-3.195.03.154 6.263-7.396-7.44-2.407 2.42 7.389 7.43-6.174-.148-.074 3.207zM12.213.33L.22.034l.293 12.059 3.195-.032-.152-6.26 7.394 7.438 2.404-2.418L5.967 3.39l6.174.15.072-3.209z\"><\/path><\/svg><\/button><\/div>\n<div class=\"item__description\"><\/div>\n<\/div>\n<\/div>\n<\/div>\n<\/div>\n<\/div>\n<\/div>\n<p>Da das G\u00e4stebad klein ist und \u00fcber keine nat\u00fcrliche Bel\u00fcftung verf\u00fcgt, muss der Dunstabzugsventilator, der sich in der Duschkabine befindet, viel leisten \u2013 und er leistet hervorragende Arbeit.<\/p>\n<p>Allerdings war ich wirklich nicht besonders gut darin, es makellos sauber zu halten, und jetzt schien es genau der richtige Zeitpunkt zu sein, es gr\u00fcndlich abzuwaschen, um die Bel\u00fcftung des Badezimmers zu verbessern. Ich muss zugeben, dass ich nicht ganz sicher war, wo ich anfangen sollte, also machte ich mich an die Arbeit, nachdem ich mir \u00fcberlegt hatte, wie man einen Badezimmer-Abzugsventilator reinigt und ersetzt.<\/p>\n<p>Nachdem ich den Schutzschalter ausgeschaltet hatte, schraubte ich das Frontgitter ab und bekam dabei ein Gesicht voller Flusen und Staub \u2013 Vorsicht. Als n\u00e4chstes saugte ich mit meinem besten Handstaubsauger so viel Schmutz und Schmutz heraus, wie ich konnte. Danach ging ich mit einer alten Zahnb\u00fcrste hinein. Ehrlich gesagt war die Zahnb\u00fcrstenmethode weitaus effektiver als der Staubsauger. Anschlie\u00dfend habe ich das Ganze mit einem feuchten Tuch abgewischt.<\/p>\n<p>Schlie\u00dflich bat ich meinen Mann, den Bezug wieder aufzusetzen (er ist gr\u00f6\u00dfer als ich) und freute mich \u00fcber das glitzernde Ergebnis.<\/p>\n<h3 class=\"article-body__section\" id=\"section-6-swapping-out-the-old-shower-curtain\"><span>6. Den alten Duschvorhang austauschen<\/span><\/h3>\n<div id=\"slice-container-imageGallery-ysZm5jKo5wiS6YndwnzUgh-28\" class=\"slice-container imageGallery-wrapper imageGallery-ysZm5jKo5wiS6YndwnzUgh-28 slice-container-imageGallery\">\n<div data-hydrate=\"true\" class=\"inline-gallery first-slide-only\">\n<div class=\"inline-gallery__count\">Bild <!-- -->1<!-- --> von <!-- -->2<\/div>\n<div class=\"inline-gallery__arrows show\">\n<div class=\"arrows__arrows-inner\">\n<div data-testid=\"arrow-click-left\" class=\"arrows__left disable\" data-analytics-id=\"gallery-see-more\"><svg xmlns=\"http:\/\/www.w3.org\/2000\/svg\" viewbox=\"0 0 32 32\" width=\"32\" height=\"32\"><path d=\"M4.2 0l25.6 16.011L4.2 32V0z\"><\/path><\/svg><\/div>\n<div data-testid=\"arrow-click-right\" class=\"arrows__right \" data-analytics-id=\"gallery-see-more\"><svg xmlns=\"http:\/\/www.w3.org\/2000\/svg\" viewbox=\"0 0 32 32\" width=\"32\" height=\"32\"><path d=\"M4.2 0l25.6 16.011L4.2 32V0z\"><\/path><\/svg><\/div>\n<\/div>\n<\/div>\n<div style=\"overflow-x:hidden\" class=\"inline-gallery__items\">\n<div style=\"-webkit-flex-direction:row;flex-direction:row;-webkit-transition:all 0s ease 0s;transition:all 0s ease 0s;-webkit-transform:translate(0%, 0);transform:translate(0%, 0);direction:ltr;display:flex;will-change:transform\" class=\"react-swipeable-view-container\">\n<div style=\"width:100%;-webkit-flex-shrink:0;flex-shrink:0;overflow:auto\" aria-hidden=\"false\" data-swipeable=\"true\">\n<div class=\"items__item\">\n<div class=\"item__image-cont\">\n<div class=\"image-cont__image\">\n<figure class=\"image-wrapped__wrapper\" data-bordeaux-image-check=\"false\">\n<div class=\"image-wrapped__widthsetter\" style=\"max-width:2000px\">\n<div class=\"image-wrapped__aspect-padding\" style=\"padding-bottom:120%\">\n<div style=\"display:contents\"><picture data-hydrate=\"true\"><source class=\"image-wrapped__image image__image\" type=\"image\/webp\"   data-normal=\"https:\/\/vanilla.futurecdn.net\/cyclingnews\/media\/img\/missing-image.svg\" data-original-mos=\"https:\/\/www.strassenweb.de\/nachrichten\/wp-content\/uploads\/2024\/10\/fWF6hMNxvzhKYsmQJm3A8.jpg\" data-pin-media=\"https:\/\/www.strassenweb.de\/nachrichten\/wp-content\/uploads\/2024\/10\/fWF6hMNxvzhKYsmQJm3A8.jpg\" data-pin-nopin=\"true\" data-slice-image=\"true\"><\/source><source class=\"image-wrapped__image image__image\" type=\"image\/jpeg\"   data-normal=\"https:\/\/vanilla.futurecdn.net\/cyclingnews\/media\/img\/missing-image.svg\" data-original-mos=\"https:\/\/www.strassenweb.de\/nachrichten\/wp-content\/uploads\/2024\/10\/fWF6hMNxvzhKYsmQJm3A8.jpg\" data-pin-media=\"https:\/\/www.strassenweb.de\/nachrichten\/wp-content\/uploads\/2024\/10\/fWF6hMNxvzhKYsmQJm3A8.jpg\" data-pin-nopin=\"true\" data-slice-image=\"true\"><\/source><img decoding=\"async\" alt=\"alter gestreifter wei\u00dfer Duschvorhang\"  class=\"image-wrapped__image image__image\" loading=\"lazy\" data-normal=\"https:\/\/vanilla.futurecdn.net\/cyclingnews\/media\/img\/missing-image.svg\" src=\"https:\/\/www.strassenweb.de\/nachrichten\/wp-content\/uploads\/2024\/10\/fWF6hMNxvzhKYsmQJm3A8.jpg\" data-pin-media=\"https:\/\/www.strassenweb.de\/nachrichten\/wp-content\/uploads\/2024\/10\/fWF6hMNxvzhKYsmQJm3A8.jpg\" data-pin-nopin=\"true\" data-slice-image=\"true\"><\/picture><\/div>\n<\/div>\n<\/div>\n<\/figure>\n<\/div>\n<p><button class=\"image-cont__expand\" data-testid=\"expandButton\" data-analytics-id=\"gallery-expand-image\"><svg xmlns=\"http:\/\/www.w3.org\/2000\/svg\" width=\"32\" height=\"32\" viewbox=\"0 0 32 32\"><path d=\"M31.557 12.067L31.773 0 19.791.213l.05 3.216 6.225-.115-7.347 7.39 2.422 2.434 7.34-7.382-.108 6.213 3.184.098zM.215 19.903L0 31.97l11.984-.213-.05-3.217-6.225.113 7.348-7.388-2.42-2.436-7.34 7.383L3.402 20l-3.187-.098zM20.004 31.704L32 32.001l-.293-12.059-3.195.03.154 6.263-7.396-7.44-2.407 2.42 7.389 7.43-6.174-.148-.074 3.207zM12.213.33L.22.034l.293 12.059 3.195-.032-.152-6.26 7.394 7.438 2.404-2.418L5.967 3.39l6.174.15.072-3.209z\"><\/path><\/svg><\/button><\/div>\n<div class=\"item__description\"><\/div>\n<\/div>\n<\/div>\n<div style=\"width:100%;-webkit-flex-shrink:0;flex-shrink:0;overflow:auto\" aria-hidden=\"true\" data-swipeable=\"true\">\n<div class=\"items__item\">\n<div class=\"item__image-cont\">\n<div class=\"image-cont__image\">\n<figure class=\"image-wrapped__wrapper\" data-bordeaux-image-check=\"false\">\n<div class=\"image-wrapped__widthsetter\" style=\"max-width:2400px\">\n<div class=\"image-wrapped__aspect-padding\" style=\"padding-bottom:83.33333333333334%\">\n<div style=\"display:contents\"><picture data-hydrate=\"true\"><source class=\"image-wrapped__image image__image\" type=\"image\/webp\"   data-normal=\"https:\/\/vanilla.futurecdn.net\/cyclingnews\/media\/img\/missing-image.svg\" data-original-mos=\"https:\/\/www.strassenweb.de\/nachrichten\/wp-content\/uploads\/2024\/10\/KuuQBB2mT5f6LeeNh7MgQ6.jpg\" data-pin-media=\"https:\/\/www.strassenweb.de\/nachrichten\/wp-content\/uploads\/2024\/10\/KuuQBB2mT5f6LeeNh7MgQ6.jpg\" data-pin-nopin=\"true\" data-slice-image=\"true\"><\/source><source class=\"image-wrapped__image image__image\" type=\"image\/jpeg\"   data-normal=\"https:\/\/vanilla.futurecdn.net\/cyclingnews\/media\/img\/missing-image.svg\" data-original-mos=\"https:\/\/www.strassenweb.de\/nachrichten\/wp-content\/uploads\/2024\/10\/KuuQBB2mT5f6LeeNh7MgQ6.jpg\" data-pin-media=\"https:\/\/www.strassenweb.de\/nachrichten\/wp-content\/uploads\/2024\/10\/KuuQBB2mT5f6LeeNh7MgQ6.jpg\" data-pin-nopin=\"true\" data-slice-image=\"true\"><\/source><img decoding=\"async\" alt=\"Entfaltung des neuen Duschvorhangs in Leinenoptik\"  class=\"image-wrapped__image image__image\" loading=\"lazy\" data-normal=\"https:\/\/vanilla.futurecdn.net\/cyclingnews\/media\/img\/missing-image.svg\" src=\"https:\/\/www.strassenweb.de\/nachrichten\/wp-content\/uploads\/2024\/10\/KuuQBB2mT5f6LeeNh7MgQ6.jpg\" data-pin-media=\"https:\/\/www.strassenweb.de\/nachrichten\/wp-content\/uploads\/2024\/10\/KuuQBB2mT5f6LeeNh7MgQ6.jpg\" data-pin-nopin=\"true\" data-slice-image=\"true\"><\/picture><\/div>\n<\/div>\n<\/div>\n<\/figure>\n<\/div>\n<p><button class=\"image-cont__expand\" data-testid=\"expandButton\" data-analytics-id=\"gallery-expand-image\"><svg xmlns=\"http:\/\/www.w3.org\/2000\/svg\" width=\"32\" height=\"32\" viewbox=\"0 0 32 32\"><path d=\"M31.557 12.067L31.773 0 19.791.213l.05 3.216 6.225-.115-7.347 7.39 2.422 2.434 7.34-7.382-.108 6.213 3.184.098zM.215 19.903L0 31.97l11.984-.213-.05-3.217-6.225.113 7.348-7.388-2.42-2.436-7.34 7.383L3.402 20l-3.187-.098zM20.004 31.704L32 32.001l-.293-12.059-3.195.03.154 6.263-7.396-7.44-2.407 2.42 7.389 7.43-6.174-.148-.074 3.207zM12.213.33L.22.034l.293 12.059 3.195-.032-.152-6.26 7.394 7.438 2.404-2.418L5.967 3.39l6.174.15.072-3.209z\"><\/path><\/svg><\/button><\/div>\n<div class=\"item__description\"><\/div>\n<\/div>\n<\/div>\n<\/div>\n<\/div>\n<\/div>\n<\/div>\n<p>Ich muss zugeben, dass ich kein gro\u00dfer Fan von Duschvorh\u00e4ngen bin. Ich bevorzuge Glasduschabtrennungen oder begehbare Duschabtrennungen, bei denen eine Wand die Barriere zwischen dem Nassbereich und dem Rest des Raumes bildet.<\/p>\n<p>Allerdings haben wir derzeit einen im G\u00e4stebad, obwohl wir nicht ausschlie\u00dfen, ihn irgendwann in der Zukunft durch einen Bildschirm zu ersetzen.<\/p>\n<p>Im Hinblick auf meine schnelle und kosteng\u00fcnstige Umgestaltung beschloss ich, dass der alte Duschvorhang in den Ruhestand gehen sollte. Stattdessen wollte ich etwas Strukturiertes, das dem Raum etwas W\u00e4rme verleiht. Ich wollte auch etwas Schwereres als unser altes Design, da ich gelesen hatte, wie man das Einblasen eines Duschvorhangs verhindert.<\/p>\n<p>Ich habe mich f\u00fcr einen cremefarbenen Vorhang mit Leineneffekt entschieden, \u00e4hnlich wie dieser BTTN-Duschvorhang aus leinenstrukturiertem Polyesterstoff von Amazon. Es wurde komplett mit allen Haken geliefert, die zum Aufh\u00e4ngen ben\u00f6tigt werden, und ist eine deutliche Verbesserung gegen\u00fcber dem d\u00fcnnen alten.<\/p>\n<h3 class=\"article-body__section\" id=\"section-7-added-in-some-finishing-touches\"><span>7. Einige letzte Handgriffe hinzugef\u00fcgt<\/span><\/h3>\n<figure class=\"van-image-figure inline-layout \" data-bordeaux-image-check>\n<div class=\"image-full-width-wrapper\">\n<div class=\"image-widthsetter\" style=\"max-width:2000px;\"><\/div>\n<\/div>\n<\/figure>\n<p>Nun zum spa\u00dfigen Teil. Ich liebe nichts mehr als den letzten dekorativen Akzent, und wenn Sie sich fragen, wie Sie ein Badezimmer luxuri\u00f6ser aussehen lassen k\u00f6nnen, machen durchdachte Details den entscheidenden Unterschied.<\/p>\n<p>Melanie Olson von der Melanie Olson Design Group sagt: \u201eBadeaccessoires sind eine gro\u00dfartige M\u00f6glichkeit, den Raum aufzupeppen.\u201c Durch die Modernisierung der Taschentuchhalter, Handtuchstangen und Ringe kann der Raum wirklich aufgewertet werden. Die meisten veralteten G\u00e4steb\u00e4der verf\u00fcgen \u00fcber verrostete Chromoberfl\u00e4chen mit wenigen oder gar keinen dekorativen Details. Wenn Sie diese durch eine frische polierte Nickel- oder Messingoberfl\u00e4che ersetzen, kann dies dazu beitragen, den Raum zusammenzufassen.\u201c<\/p>\n<p>Seit Kurzem interessiere ich mich besonders f\u00fcr batteriebetriebene Seitenleuchten \u2013 sie eignen sich perfekt f\u00fcr die Beleuchtung jener Stellen im Haus, an denen sich keine Steckdose in der N\u00e4he befindet und an denen man auch keine Kabelsalat haben m\u00f6chte.<\/p>\n<p>Der Schirm, den ich f\u00fcr das G\u00e4stebad gekauft habe, hat einen strukturierten, rauchigen Glasschirm, der einige sch\u00f6ne Schatteneffekte auf die neuen, sattgr\u00fcnen W\u00e4nde wirft.<\/p>\n<p>Ich kann der besten Duftkerze nicht widerstehen und in dieser Jahreszeit liebe ich alles, was warm und gem\u00fctlich duftet. Ich habe eine Pine &#038; Eucalyptus-Kerze von Jo Malone, die ich so lange wie m\u00f6glich behalten m\u00f6chte, aber sie passt perfekt in diesen Raum.<\/p>\n<p>Und schlie\u00dflich bemerkte ich die Anzeichen, dass Sie Ihre Handt\u00fccher ersetzen m\u00fcssen, und tauschte das abgenutzte Handtuch gegen ein flauschiges neues aus.<\/p>\n<p>Clint Collins weist darauf hin: \u201eHandt\u00fccher k\u00f6nnen ein strategisches Hilfsmittel in einem G\u00e4stebad sein.\u201c Wenn Sie Ihr Zuhause inszenieren, kann ein saisonaler Farbtupfer (w\u00e4rmere Farben f\u00fcr Herbst und Winter, k\u00fchlere Farben f\u00fcr Fr\u00fchling und Sommer) dazu beitragen, den Blick auf einen manchmal \u00fcbersehenen Raum im Haus zu lenken und ihn hervorzuheben.\u201c<\/p>\n<p>Ich habe Wei\u00df riskiert, aber ich denke, ich werde es nur hervorholen, wenn G\u00e4ste da sind, da meine beiden Kinder Handt\u00fccher anscheinend als Bodenwischer, Make-up-Entferner und sogar zum Reinigen ihrer schlammigen Turnschuhe verwenden.<\/p>\n<div class=\"product-container hero-product-container product-block-no-wrap\"><\/div>\n<h3 class=\"article-body__section\" id=\"section-the-end-result\"><span>Das Endergebnis<\/span><\/h3>\n<p>Ich bin mit dem Endergebnis wirklich zufrieden, wenn man bedenkt, dass ich von Anfang bis Ende nur einen Tag gebraucht habe. Ich h\u00e4tte gerne die Wandfliesen austauschen k\u00f6nnen, und wir haben einen der gr\u00f6\u00dften Fehler bei der Badezimmerbeleuchtung gemacht, indem wir keine Lichter in die Duschkabine eingebaut haben, aber das ist ein ganz anderes Projekt.<\/p>\n<p>Dennoch denke ich \u00fcber den Rat von Bohdan Duha, Direktor bei CreoGlass, nach: \u201eWenn der Austausch von Fliesen nicht in Frage kommt, versuchen Sie es mit tempor\u00e4ren Vinyl-Fliesenaufklebern.\u201c \u201eSie sind eine einfache und kosteng\u00fcnstige M\u00f6glichkeit, abgenutzte Fliesen abzudecken und ihnen ohne gro\u00dfen Aufwand einen Hauch von Pers\u00f6nlichkeit zu verleihen.\u201c<\/p>\n<figure class=\"van-image-figure inline-layout \" data-bordeaux-image-check>\n<div class=\"image-full-width-wrapper\">\n<div class=\"image-widthsetter\" style=\"max-width:2000px;\"><\/div>\n<\/div>\n<\/figure>\n<h2 class=\"article-body__section\" id=\"section-meet-the-experts\"><span>Treffen Sie die Experten<\/span><\/h2>\n<hr>\n<p>Da Sie nun einige Ideen haben, wie Sie Ihr Badezimmer f\u00fcr Besucher vorbereiten k\u00f6nnen, ist es an der Zeit, herauszufinden, wie Sie ein G\u00e4stezimmer gestalten, um sicherzustellen, dass Ihr Zuhause das Ziel f\u00fcr alle Ihre Freunde und Familie ist.<\/p>\n<\/div>\n","protected":false},"excerpt":{"rendered":"<p>An unserem G\u00e4stebad ist zwar alles in Ordnung, aber es gibt ein paar Aspekte, die mich in letzter Zeit beunruhigt haben. Dies hat dazu gef\u00fchrt,<\/p>\n","protected":false},"author":1,"featured_media":1191,"comment_status":"closed","ping_status":"","sticky":false,"template":"","format":"standard","meta":{"footnotes":""},"categories":[118],"tags":[310,46,625,81,9,2270,2271,2272,129,778,1128,524,2273],"class_list":["post-1190","post","type-post","status-publish","format-standard","has-post-thumbnail","hentry","category-haus-garten","tag-arbeiten","tag-auf","tag-bringen","tag-der","tag-die","tag-erledige","tag-gaestebad","tag-gastgebersaison","tag-ich","tag-mein","tag-schnellen","tag-vor","tag-vordermann","generate-columns","tablet-grid-50","mobile-grid-100","grid-parent","grid-50"],"yoast_head":"<!-- This site is optimized with the Yoast SEO plugin v27.3 - https:\/\/yoast.com\/product\/yoast-seo-wordpress\/ -->\n<title>Die 7 schnellen Arbeiten, die ich erledige, um mein G\u00e4stebad vor der Gastgebersaison auf Vordermann zu bringen - Nachrichten - Stra\u00dfenweb<\/title>\n<meta name=\"robots\" content=\"index, follow, max-snippet:-1, max-image-preview:large, max-video-preview:-1\" \/>\n<link rel=\"canonical\" href=\"https:\/\/www.strassenweb.de\/nachrichten\/die-7-schnellen-arbeiten-die-ich-erledige-um-mein-gaestebad-vor-der-gastgebersaison-auf-vordermann-zu-bringen\/\" \/>\n<meta property=\"og:locale\" content=\"de_DE\" \/>\n<meta property=\"og:type\" content=\"article\" \/>\n<meta property=\"og:title\" content=\"Die 7 schnellen Arbeiten, die ich erledige, um mein G\u00e4stebad vor der Gastgebersaison auf Vordermann zu bringen - Nachrichten - Stra\u00dfenweb\" \/>\n<meta property=\"og:description\" content=\"An unserem G\u00e4stebad ist zwar alles in Ordnung, aber es gibt ein paar Aspekte, die mich in letzter Zeit beunruhigt haben. Dies hat dazu gef\u00fchrt,\" \/>\n<meta property=\"og:url\" content=\"https:\/\/www.strassenweb.de\/nachrichten\/die-7-schnellen-arbeiten-die-ich-erledige-um-mein-gaestebad-vor-der-gastgebersaison-auf-vordermann-zu-bringen\/\" \/>\n<meta property=\"og:site_name\" content=\"Stra\u00dfenweb\" \/>\n<meta property=\"article:publisher\" content=\"https:\/\/www.facebook.com\/strassenweb\/\" \/>\n<meta property=\"article:published_time\" content=\"2024-10-27T21:05:20+00:00\" \/>\n<meta property=\"article:modified_time\" content=\"2024-10-27T21:05:21+00:00\" \/>\n<meta property=\"og:image\" content=\"https:\/\/www.strassenweb.de\/nachrichten\/wp-content\/uploads\/2024\/10\/Die-7-schnellen-Arbeiten-die-ich-erledige-um-mein-Gaestebad.jpg\" \/>\n\t<meta property=\"og:image:width\" content=\"1200\" \/>\n\t<meta property=\"og:image:height\" content=\"675\" \/>\n\t<meta property=\"og:image:type\" content=\"image\/jpeg\" \/>\n<meta name=\"author\" content=\"Robert Hoffmann\" \/>\n<meta name=\"twitter:card\" content=\"summary_large_image\" \/>\n<meta name=\"twitter:label1\" content=\"Verfasst von\" \/>\n\t<meta name=\"twitter:data1\" content=\"Robert Hoffmann\" \/>\n\t<meta name=\"twitter:label2\" content=\"Gesch\u00e4tzte Lesezeit\" \/>\n\t<meta name=\"twitter:data2\" content=\"10\u00a0Minuten\" \/>\n<script type=\"application\/ld+json\" class=\"yoast-schema-graph\">{\"@context\":\"https:\\\/\\\/schema.org\",\"@graph\":[{\"@type\":\"Article\",\"@id\":\"https:\\\/\\\/www.strassenweb.de\\\/nachrichten\\\/die-7-schnellen-arbeiten-die-ich-erledige-um-mein-gaestebad-vor-der-gastgebersaison-auf-vordermann-zu-bringen\\\/#article\",\"isPartOf\":{\"@id\":\"https:\\\/\\\/www.strassenweb.de\\\/nachrichten\\\/die-7-schnellen-arbeiten-die-ich-erledige-um-mein-gaestebad-vor-der-gastgebersaison-auf-vordermann-zu-bringen\\\/\"},\"author\":{\"name\":\"Robert Hoffmann\",\"@id\":\"https:\\\/\\\/www.strassenweb.de\\\/nachrichten\\\/#\\\/schema\\\/person\\\/87c9c9067f1211da429a744dc5a5aa41\"},\"headline\":\"Die 7 schnellen Arbeiten, die ich erledige, um mein G\u00e4stebad vor der Gastgebersaison auf Vordermann zu bringen\",\"datePublished\":\"2024-10-27T21:05:20+00:00\",\"dateModified\":\"2024-10-27T21:05:21+00:00\",\"mainEntityOfPage\":{\"@id\":\"https:\\\/\\\/www.strassenweb.de\\\/nachrichten\\\/die-7-schnellen-arbeiten-die-ich-erledige-um-mein-gaestebad-vor-der-gastgebersaison-auf-vordermann-zu-bringen\\\/\"},\"wordCount\":2077,\"publisher\":{\"@id\":\"https:\\\/\\\/www.strassenweb.de\\\/nachrichten\\\/#organization\"},\"image\":{\"@id\":\"https:\\\/\\\/www.strassenweb.de\\\/nachrichten\\\/die-7-schnellen-arbeiten-die-ich-erledige-um-mein-gaestebad-vor-der-gastgebersaison-auf-vordermann-zu-bringen\\\/#primaryimage\"},\"thumbnailUrl\":\"https:\\\/\\\/www.strassenweb.de\\\/nachrichten\\\/wp-content\\\/uploads\\\/2024\\\/10\\\/Die-7-schnellen-Arbeiten-die-ich-erledige-um-mein-Gaestebad.jpg\",\"keywords\":[\"arbeiten\",\"auf\",\"bringen\",\"der\",\"die\",\"erledige\",\"G\u00e4stebad\",\"Gastgebersaison\",\"ich\",\"mein\",\"schnellen\",\"vor\",\"Vordermann\"],\"articleSection\":[\"Haus &amp; Garten\"],\"inLanguage\":\"de\"},{\"@type\":\"WebPage\",\"@id\":\"https:\\\/\\\/www.strassenweb.de\\\/nachrichten\\\/die-7-schnellen-arbeiten-die-ich-erledige-um-mein-gaestebad-vor-der-gastgebersaison-auf-vordermann-zu-bringen\\\/\",\"url\":\"https:\\\/\\\/www.strassenweb.de\\\/nachrichten\\\/die-7-schnellen-arbeiten-die-ich-erledige-um-mein-gaestebad-vor-der-gastgebersaison-auf-vordermann-zu-bringen\\\/\",\"name\":\"Die 7 schnellen Arbeiten, die ich erledige, um mein G\u00e4stebad vor der Gastgebersaison auf Vordermann zu bringen - Nachrichten - Stra\u00dfenweb\",\"isPartOf\":{\"@id\":\"https:\\\/\\\/www.strassenweb.de\\\/nachrichten\\\/#website\"},\"primaryImageOfPage\":{\"@id\":\"https:\\\/\\\/www.strassenweb.de\\\/nachrichten\\\/die-7-schnellen-arbeiten-die-ich-erledige-um-mein-gaestebad-vor-der-gastgebersaison-auf-vordermann-zu-bringen\\\/#primaryimage\"},\"image\":{\"@id\":\"https:\\\/\\\/www.strassenweb.de\\\/nachrichten\\\/die-7-schnellen-arbeiten-die-ich-erledige-um-mein-gaestebad-vor-der-gastgebersaison-auf-vordermann-zu-bringen\\\/#primaryimage\"},\"thumbnailUrl\":\"https:\\\/\\\/www.strassenweb.de\\\/nachrichten\\\/wp-content\\\/uploads\\\/2024\\\/10\\\/Die-7-schnellen-Arbeiten-die-ich-erledige-um-mein-Gaestebad.jpg\",\"datePublished\":\"2024-10-27T21:05:20+00:00\",\"dateModified\":\"2024-10-27T21:05:21+00:00\",\"breadcrumb\":{\"@id\":\"https:\\\/\\\/www.strassenweb.de\\\/nachrichten\\\/die-7-schnellen-arbeiten-die-ich-erledige-um-mein-gaestebad-vor-der-gastgebersaison-auf-vordermann-zu-bringen\\\/#breadcrumb\"},\"inLanguage\":\"de\",\"potentialAction\":[{\"@type\":\"ReadAction\",\"target\":[\"https:\\\/\\\/www.strassenweb.de\\\/nachrichten\\\/die-7-schnellen-arbeiten-die-ich-erledige-um-mein-gaestebad-vor-der-gastgebersaison-auf-vordermann-zu-bringen\\\/\"]}]},{\"@type\":\"ImageObject\",\"inLanguage\":\"de\",\"@id\":\"https:\\\/\\\/www.strassenweb.de\\\/nachrichten\\\/die-7-schnellen-arbeiten-die-ich-erledige-um-mein-gaestebad-vor-der-gastgebersaison-auf-vordermann-zu-bringen\\\/#primaryimage\",\"url\":\"https:\\\/\\\/www.strassenweb.de\\\/nachrichten\\\/wp-content\\\/uploads\\\/2024\\\/10\\\/Die-7-schnellen-Arbeiten-die-ich-erledige-um-mein-Gaestebad.jpg\",\"contentUrl\":\"https:\\\/\\\/www.strassenweb.de\\\/nachrichten\\\/wp-content\\\/uploads\\\/2024\\\/10\\\/Die-7-schnellen-Arbeiten-die-ich-erledige-um-mein-Gaestebad.jpg\",\"width\":1200,\"height\":675,\"caption\":\"Die 7 schnellen Arbeiten, die ich erledige, um mein G\u00e4stebad vor der Gastgebersaison auf Vordermann zu bringen\"},{\"@type\":\"BreadcrumbList\",\"@id\":\"https:\\\/\\\/www.strassenweb.de\\\/nachrichten\\\/die-7-schnellen-arbeiten-die-ich-erledige-um-mein-gaestebad-vor-der-gastgebersaison-auf-vordermann-zu-bringen\\\/#breadcrumb\",\"itemListElement\":[{\"@type\":\"ListItem\",\"position\":1,\"name\":\"Home\",\"item\":\"https:\\\/\\\/www.strassenweb.de\\\/nachrichten\\\/\"},{\"@type\":\"ListItem\",\"position\":2,\"name\":\"Die 7 schnellen Arbeiten, die ich erledige, um mein G\u00e4stebad vor der Gastgebersaison auf Vordermann zu bringen\"}]},{\"@type\":\"WebSite\",\"@id\":\"https:\\\/\\\/www.strassenweb.de\\\/nachrichten\\\/#website\",\"url\":\"https:\\\/\\\/www.strassenweb.de\\\/nachrichten\\\/\",\"name\":\"Stra\u00dfenweb\",\"description\":\"Stra\u00dfenverzeichnis f\u00fcr Deutschland\",\"publisher\":{\"@id\":\"https:\\\/\\\/www.strassenweb.de\\\/nachrichten\\\/#organization\"},\"potentialAction\":[{\"@type\":\"SearchAction\",\"target\":{\"@type\":\"EntryPoint\",\"urlTemplate\":\"https:\\\/\\\/www.strassenweb.de\\\/nachrichten\\\/?s={search_term_string}\"},\"query-input\":{\"@type\":\"PropertyValueSpecification\",\"valueRequired\":true,\"valueName\":\"search_term_string\"}}],\"inLanguage\":\"de\"},{\"@type\":\"Organization\",\"@id\":\"https:\\\/\\\/www.strassenweb.de\\\/nachrichten\\\/#organization\",\"name\":\"Stra\u00dfenweb\",\"url\":\"https:\\\/\\\/www.strassenweb.de\\\/nachrichten\\\/\",\"logo\":{\"@type\":\"ImageObject\",\"inLanguage\":\"de\",\"@id\":\"https:\\\/\\\/www.strassenweb.de\\\/nachrichten\\\/#\\\/schema\\\/logo\\\/image\\\/\",\"url\":\"https:\\\/\\\/www.strassenweb.de\\\/nachrichten\\\/wp-content\\\/uploads\\\/2024\\\/09\\\/cropped-favicon.png\",\"contentUrl\":\"https:\\\/\\\/www.strassenweb.de\\\/nachrichten\\\/wp-content\\\/uploads\\\/2024\\\/09\\\/cropped-favicon.png\",\"width\":512,\"height\":512,\"caption\":\"Stra\u00dfenweb\"},\"image\":{\"@id\":\"https:\\\/\\\/www.strassenweb.de\\\/nachrichten\\\/#\\\/schema\\\/logo\\\/image\\\/\"},\"sameAs\":[\"https:\\\/\\\/www.facebook.com\\\/strassenweb\\\/\"]},{\"@type\":\"Person\",\"@id\":\"https:\\\/\\\/www.strassenweb.de\\\/nachrichten\\\/#\\\/schema\\\/person\\\/87c9c9067f1211da429a744dc5a5aa41\",\"name\":\"Robert Hoffmann\",\"image\":{\"@type\":\"ImageObject\",\"inLanguage\":\"de\",\"@id\":\"https:\\\/\\\/www.strassenweb.de\\\/nachrichten\\\/wp-content\\\/uploads\\\/2024\\\/09\\\/strassenweb-150x150.jpg\",\"url\":\"https:\\\/\\\/www.strassenweb.de\\\/nachrichten\\\/wp-content\\\/uploads\\\/2024\\\/09\\\/strassenweb-150x150.jpg\",\"contentUrl\":\"https:\\\/\\\/www.strassenweb.de\\\/nachrichten\\\/wp-content\\\/uploads\\\/2024\\\/09\\\/strassenweb-150x150.jpg\",\"caption\":\"Robert Hoffmann\"},\"description\":\"Ich hei\u00dfe Robert Hoffmann und ich bin ein leidenschaftlicher Verfechter von \u00d6kologie und Biodiversit\u00e4t. Seit meiner Kindheit in den W\u00e4ldern Bayerns f\u00fchle ich mich mit der Natur verbunden und bin entschlossen, sie zu sch\u00fctzen. Heute widme ich mein Leben der Sensibilisierung anderer f\u00fcr die Bedeutung des Umweltschutzes f\u00fcr zuk\u00fcnftige Generationen.\",\"sameAs\":[\"https:\\\/\\\/www.strassenweb.de\\\/\"]}]}<\/script>\n<!-- \/ Yoast SEO plugin. -->","yoast_head_json":{"title":"Die 7 schnellen Arbeiten, die ich erledige, um mein G\u00e4stebad vor der Gastgebersaison auf Vordermann zu bringen - Nachrichten - Stra\u00dfenweb","robots":{"index":"index","follow":"follow","max-snippet":"max-snippet:-1","max-image-preview":"max-image-preview:large","max-video-preview":"max-video-preview:-1"},"canonical":"https:\/\/www.strassenweb.de\/nachrichten\/die-7-schnellen-arbeiten-die-ich-erledige-um-mein-gaestebad-vor-der-gastgebersaison-auf-vordermann-zu-bringen\/","og_locale":"de_DE","og_type":"article","og_title":"Die 7 schnellen Arbeiten, die ich erledige, um mein G\u00e4stebad vor der Gastgebersaison auf Vordermann zu bringen - Nachrichten - Stra\u00dfenweb","og_description":"An unserem G\u00e4stebad ist zwar alles in Ordnung, aber es gibt ein paar Aspekte, die mich in letzter Zeit beunruhigt haben. Dies hat dazu gef\u00fchrt,","og_url":"https:\/\/www.strassenweb.de\/nachrichten\/die-7-schnellen-arbeiten-die-ich-erledige-um-mein-gaestebad-vor-der-gastgebersaison-auf-vordermann-zu-bringen\/","og_site_name":"Stra\u00dfenweb","article_publisher":"https:\/\/www.facebook.com\/strassenweb\/","article_published_time":"2024-10-27T21:05:20+00:00","article_modified_time":"2024-10-27T21:05:21+00:00","og_image":[{"width":1200,"height":675,"url":"https:\/\/www.strassenweb.de\/nachrichten\/wp-content\/uploads\/2024\/10\/Die-7-schnellen-Arbeiten-die-ich-erledige-um-mein-Gaestebad.jpg","type":"image\/jpeg"}],"author":"Robert Hoffmann","twitter_card":"summary_large_image","twitter_misc":{"Verfasst von":"Robert Hoffmann","Gesch\u00e4tzte Lesezeit":"10\u00a0Minuten"},"schema":{"@context":"https:\/\/schema.org","@graph":[{"@type":"Article","@id":"https:\/\/www.strassenweb.de\/nachrichten\/die-7-schnellen-arbeiten-die-ich-erledige-um-mein-gaestebad-vor-der-gastgebersaison-auf-vordermann-zu-bringen\/#article","isPartOf":{"@id":"https:\/\/www.strassenweb.de\/nachrichten\/die-7-schnellen-arbeiten-die-ich-erledige-um-mein-gaestebad-vor-der-gastgebersaison-auf-vordermann-zu-bringen\/"},"author":{"name":"Robert Hoffmann","@id":"https:\/\/www.strassenweb.de\/nachrichten\/#\/schema\/person\/87c9c9067f1211da429a744dc5a5aa41"},"headline":"Die 7 schnellen Arbeiten, die ich erledige, um mein G\u00e4stebad vor der Gastgebersaison auf Vordermann zu bringen","datePublished":"2024-10-27T21:05:20+00:00","dateModified":"2024-10-27T21:05:21+00:00","mainEntityOfPage":{"@id":"https:\/\/www.strassenweb.de\/nachrichten\/die-7-schnellen-arbeiten-die-ich-erledige-um-mein-gaestebad-vor-der-gastgebersaison-auf-vordermann-zu-bringen\/"},"wordCount":2077,"publisher":{"@id":"https:\/\/www.strassenweb.de\/nachrichten\/#organization"},"image":{"@id":"https:\/\/www.strassenweb.de\/nachrichten\/die-7-schnellen-arbeiten-die-ich-erledige-um-mein-gaestebad-vor-der-gastgebersaison-auf-vordermann-zu-bringen\/#primaryimage"},"thumbnailUrl":"https:\/\/www.strassenweb.de\/nachrichten\/wp-content\/uploads\/2024\/10\/Die-7-schnellen-Arbeiten-die-ich-erledige-um-mein-Gaestebad.jpg","keywords":["arbeiten","auf","bringen","der","die","erledige","G\u00e4stebad","Gastgebersaison","ich","mein","schnellen","vor","Vordermann"],"articleSection":["Haus &amp; Garten"],"inLanguage":"de"},{"@type":"WebPage","@id":"https:\/\/www.strassenweb.de\/nachrichten\/die-7-schnellen-arbeiten-die-ich-erledige-um-mein-gaestebad-vor-der-gastgebersaison-auf-vordermann-zu-bringen\/","url":"https:\/\/www.strassenweb.de\/nachrichten\/die-7-schnellen-arbeiten-die-ich-erledige-um-mein-gaestebad-vor-der-gastgebersaison-auf-vordermann-zu-bringen\/","name":"Die 7 schnellen Arbeiten, die ich erledige, um mein G\u00e4stebad vor der Gastgebersaison auf Vordermann zu bringen - Nachrichten - Stra\u00dfenweb","isPartOf":{"@id":"https:\/\/www.strassenweb.de\/nachrichten\/#website"},"primaryImageOfPage":{"@id":"https:\/\/www.strassenweb.de\/nachrichten\/die-7-schnellen-arbeiten-die-ich-erledige-um-mein-gaestebad-vor-der-gastgebersaison-auf-vordermann-zu-bringen\/#primaryimage"},"image":{"@id":"https:\/\/www.strassenweb.de\/nachrichten\/die-7-schnellen-arbeiten-die-ich-erledige-um-mein-gaestebad-vor-der-gastgebersaison-auf-vordermann-zu-bringen\/#primaryimage"},"thumbnailUrl":"https:\/\/www.strassenweb.de\/nachrichten\/wp-content\/uploads\/2024\/10\/Die-7-schnellen-Arbeiten-die-ich-erledige-um-mein-Gaestebad.jpg","datePublished":"2024-10-27T21:05:20+00:00","dateModified":"2024-10-27T21:05:21+00:00","breadcrumb":{"@id":"https:\/\/www.strassenweb.de\/nachrichten\/die-7-schnellen-arbeiten-die-ich-erledige-um-mein-gaestebad-vor-der-gastgebersaison-auf-vordermann-zu-bringen\/#breadcrumb"},"inLanguage":"de","potentialAction":[{"@type":"ReadAction","target":["https:\/\/www.strassenweb.de\/nachrichten\/die-7-schnellen-arbeiten-die-ich-erledige-um-mein-gaestebad-vor-der-gastgebersaison-auf-vordermann-zu-bringen\/"]}]},{"@type":"ImageObject","inLanguage":"de","@id":"https:\/\/www.strassenweb.de\/nachrichten\/die-7-schnellen-arbeiten-die-ich-erledige-um-mein-gaestebad-vor-der-gastgebersaison-auf-vordermann-zu-bringen\/#primaryimage","url":"https:\/\/www.strassenweb.de\/nachrichten\/wp-content\/uploads\/2024\/10\/Die-7-schnellen-Arbeiten-die-ich-erledige-um-mein-Gaestebad.jpg","contentUrl":"https:\/\/www.strassenweb.de\/nachrichten\/wp-content\/uploads\/2024\/10\/Die-7-schnellen-Arbeiten-die-ich-erledige-um-mein-Gaestebad.jpg","width":1200,"height":675,"caption":"Die 7 schnellen Arbeiten, die ich erledige, um mein G\u00e4stebad vor der Gastgebersaison auf Vordermann zu bringen"},{"@type":"BreadcrumbList","@id":"https:\/\/www.strassenweb.de\/nachrichten\/die-7-schnellen-arbeiten-die-ich-erledige-um-mein-gaestebad-vor-der-gastgebersaison-auf-vordermann-zu-bringen\/#breadcrumb","itemListElement":[{"@type":"ListItem","position":1,"name":"Home","item":"https:\/\/www.strassenweb.de\/nachrichten\/"},{"@type":"ListItem","position":2,"name":"Die 7 schnellen Arbeiten, die ich erledige, um mein G\u00e4stebad vor der Gastgebersaison auf Vordermann zu bringen"}]},{"@type":"WebSite","@id":"https:\/\/www.strassenweb.de\/nachrichten\/#website","url":"https:\/\/www.strassenweb.de\/nachrichten\/","name":"Stra\u00dfenweb","description":"Stra\u00dfenverzeichnis f\u00fcr Deutschland","publisher":{"@id":"https:\/\/www.strassenweb.de\/nachrichten\/#organization"},"potentialAction":[{"@type":"SearchAction","target":{"@type":"EntryPoint","urlTemplate":"https:\/\/www.strassenweb.de\/nachrichten\/?s={search_term_string}"},"query-input":{"@type":"PropertyValueSpecification","valueRequired":true,"valueName":"search_term_string"}}],"inLanguage":"de"},{"@type":"Organization","@id":"https:\/\/www.strassenweb.de\/nachrichten\/#organization","name":"Stra\u00dfenweb","url":"https:\/\/www.strassenweb.de\/nachrichten\/","logo":{"@type":"ImageObject","inLanguage":"de","@id":"https:\/\/www.strassenweb.de\/nachrichten\/#\/schema\/logo\/image\/","url":"https:\/\/www.strassenweb.de\/nachrichten\/wp-content\/uploads\/2024\/09\/cropped-favicon.png","contentUrl":"https:\/\/www.strassenweb.de\/nachrichten\/wp-content\/uploads\/2024\/09\/cropped-favicon.png","width":512,"height":512,"caption":"Stra\u00dfenweb"},"image":{"@id":"https:\/\/www.strassenweb.de\/nachrichten\/#\/schema\/logo\/image\/"},"sameAs":["https:\/\/www.facebook.com\/strassenweb\/"]},{"@type":"Person","@id":"https:\/\/www.strassenweb.de\/nachrichten\/#\/schema\/person\/87c9c9067f1211da429a744dc5a5aa41","name":"Robert Hoffmann","image":{"@type":"ImageObject","inLanguage":"de","@id":"https:\/\/www.strassenweb.de\/nachrichten\/wp-content\/uploads\/2024\/09\/strassenweb-150x150.jpg","url":"https:\/\/www.strassenweb.de\/nachrichten\/wp-content\/uploads\/2024\/09\/strassenweb-150x150.jpg","contentUrl":"https:\/\/www.strassenweb.de\/nachrichten\/wp-content\/uploads\/2024\/09\/strassenweb-150x150.jpg","caption":"Robert Hoffmann"},"description":"Ich hei\u00dfe Robert Hoffmann und ich bin ein leidenschaftlicher Verfechter von \u00d6kologie und Biodiversit\u00e4t. Seit meiner Kindheit in den W\u00e4ldern Bayerns f\u00fchle ich mich mit der Natur verbunden und bin entschlossen, sie zu sch\u00fctzen. Heute widme ich mein Leben der Sensibilisierung anderer f\u00fcr die Bedeutung des Umweltschutzes f\u00fcr zuk\u00fcnftige Generationen.","sameAs":["https:\/\/www.strassenweb.de\/"]}]}},"_links":{"self":[{"href":"https:\/\/www.strassenweb.de\/nachrichten\/wp-json\/wp\/v2\/posts\/1190","targetHints":{"allow":["GET"]}}],"collection":[{"href":"https:\/\/www.strassenweb.de\/nachrichten\/wp-json\/wp\/v2\/posts"}],"about":[{"href":"https:\/\/www.strassenweb.de\/nachrichten\/wp-json\/wp\/v2\/types\/post"}],"author":[{"embeddable":true,"href":"https:\/\/www.strassenweb.de\/nachrichten\/wp-json\/wp\/v2\/users\/1"}],"replies":[{"embeddable":true,"href":"https:\/\/www.strassenweb.de\/nachrichten\/wp-json\/wp\/v2\/comments?post=1190"}],"version-history":[{"count":0,"href":"https:\/\/www.strassenweb.de\/nachrichten\/wp-json\/wp\/v2\/posts\/1190\/revisions"}],"wp:featuredmedia":[{"embeddable":true,"href":"https:\/\/www.strassenweb.de\/nachrichten\/wp-json\/wp\/v2\/media\/1191"}],"wp:attachment":[{"href":"https:\/\/www.strassenweb.de\/nachrichten\/wp-json\/wp\/v2\/media?parent=1190"}],"wp:term":[{"taxonomy":"category","embeddable":true,"href":"https:\/\/www.strassenweb.de\/nachrichten\/wp-json\/wp\/v2\/categories?post=1190"},{"taxonomy":"post_tag","embeddable":true,"href":"https:\/\/www.strassenweb.de\/nachrichten\/wp-json\/wp\/v2\/tags?post=1190"}],"curies":[{"name":"wp","href":"https:\/\/api.w.org\/{rel}","templated":true}]}}