{"id":11862,"date":"2026-03-10T06:39:47","date_gmt":"2026-03-10T05:39:47","guid":{"rendered":"https:\/\/www.strassenweb.de\/nachrichten\/wie-dieses-geniale-wayfair-herdregal-meiner-kleinen-new-yorker-kueche-sofort-platz-auf-der-arbeitsflaeche-verschaffte\/"},"modified":"2026-03-10T06:39:49","modified_gmt":"2026-03-10T05:39:49","slug":"wie-dieses-geniale-wayfair-herdregal-meiner-kleinen-new-yorker-kueche-sofort-platz-auf-der-arbeitsflaeche-verschaffte","status":"publish","type":"post","link":"https:\/\/www.strassenweb.de\/nachrichten\/wie-dieses-geniale-wayfair-herdregal-meiner-kleinen-new-yorker-kueche-sofort-platz-auf-der-arbeitsflaeche-verschaffte\/","title":{"rendered":"Wie dieses geniale Wayfair-Herdregal meiner kleinen New Yorker K\u00fcche sofort Platz auf der Arbeitsfl\u00e4che verschaffte"},"content":{"rendered":"<div id=\"article-body\" class=\"article__body \">\n<p id=\"5a7cf415-f031-4ec6-bfb9-5be3d97102f5\">Ich bin k\u00fcrzlich aus einem Vorort von New Jersey nach New York City gezogen, und obwohl ich mich sehr darauf freue, wieder dort zu leben, wo ich das Gef\u00fchl habe, im Zentrum des Universums zu sein, musste ich daf\u00fcr einige Opfer bringen. Ich habe mich mit der Tatsache abgefunden, dass mein \u201eSchlafzimmer\u201c und mein \u201eWohnzimmer\u201c buchst\u00e4blich nur wenige Zentimeter voneinander entfernt sind, aber mit einer Sache habe ich immer noch zu k\u00e4mpfen, ist die Gr\u00f6\u00dfe meiner winzigen K\u00fcche.<\/p>\n<div id=\"ad-unit-1\" class=\"ad-unit\"><\/div>\n<p>Mein New Jersey hat mir ein oder zwei Dinge dar\u00fcber beigebracht, wie man sich in einer kleinen K\u00fcche zurechtfindet, aber nach Vorortstandards w\u00fcrde eine kleine K\u00fcche in der Stadt als absoluter Luxus gelten. In meinem neuen Raum besch\u00e4ftige ich mich mit sehr begrenzten Ablagefl\u00e4chen, und als begeisterter Koch und jemand, der eine Arbeitsplatte sowohl charakterlich als auch praktisch gestalten m\u00f6chte, war ich ratlos, wie ich bei so begrenztem Platz etwas zur Schau stellen sollte.<\/p>\n<aside data-block-type=\"embed\" data-render-type=\"fte\" data-skip=\"dealsy\" data-widget-type=\"seasonal\" class=\"hawk-root\"><\/aside>\n<p id=\"5a7cf415-f031-4ec6-bfb9-5be3d97102f5-2\" class=\"paywall\" aria-hidden=\"true\">Da stie\u00df ich auf die kleine Aufbewahrungsidee f\u00fcr die K\u00fcche, von der ich nicht wusste, dass ich sie brauchte, die himmlische Antwort auf meine Hilferufe \u2013 das Regal \u00fcber dem Herd von Wayfair.<\/p>\n<p><span class=\"article-continues-below block py-2 text-sm\">Der Artikel wird weiter unten fortgesetzt <svg aria-hidden=\"true\" class=\"inline-block w-2.5 h-2.5 ml-2\" fill=\"currentColor\" preserveaspectratio=\"xMidYMid meet\" xmlns=\"http:\/\/www.w3.org\/2000\/svg\" viewbox=\"0 0 1000 1000\"><path d=\"M1000 100L500 900 0 100h1000z\"><\/path><\/svg><\/span><\/p>\n<aside data-component-name=\"Recirculation:ArticleRiver\" data-recirculation-type=\"inline\" data-mrf-recirculation=\"Trending Bar\" data-nosnippet class=\"clear-both pb-0 pt-2 mb-4\">\n        <span class=\"\n            flex\n            after:content-('') after:flex-1 after:ml-4 after:my-(0.7rem) after:border-t after:border-solid after:border-(#333)\n            before:content-('') before:flex-1 before:mr-4 before:my-(0.7rem) before:border-t before:border-solid before:border-(#333)\n            font-article-heading pb-0 !text-base uppercase sm:text-sm font-normal\n        \"><\/p>\n<p>            Vielleicht gef\u00e4llt es Ihnen<br \/>\n        <\/span><\/p>\n<ul class=\"flex flex-col gap-0 m-0\">\n<li class=\"m-0 list-none border-b border-solid border-(#ededed) py-2.5\" data-recirculation-id=\"recirculation-card-1\" name=\"recirculation-inline\" data-analytics-id=\"recirculation-inline-1\" analytics-label=\"\" data-mrf-recirculation=\"recirculation-inline-1\">\n<picture data-new-v2-image=\"true\" class=\"aspect-square size-(85px) md:size-20 flex-shrink-0\"><source type=\"image\/webp\"  ><\/source><\/p>\n<\/picture>\n                        <span class=\"\n                            w-full font-article-heading line-clamp-3 md:line-clamp-2 text-base font-medium\">Wenn Ihre Schubladen voll und die Arbeitsplatten unordentlich sind, ben\u00f6tigen Sie diesen intelligenten Aufbewahrungsraum im japanischen Design, der den Vorbereitungsraum Ihrer K\u00fcche sofort verdoppelt<\/span><\/p>\n<\/li>\n<li class=\"m-0 list-none border-b border-solid border-(#ededed) py-2.5\" data-recirculation-id=\"recirculation-card-2\" name=\"recirculation-inline\" data-analytics-id=\"recirculation-inline-2\" analytics-label=\"\" data-mrf-recirculation=\"recirculation-inline-2\">\n<picture data-new-v2-image=\"true\" class=\"aspect-square size-(85px) md:size-20 flex-shrink-0\"><source type=\"image\/webp\"  ><\/source><br \/>\n    <img decoding=\"async\" alt=\"Martha Stewart Artikel zum Sparen\"   loading=\"lazy\" data-new-v2-image=\"true\" src=\"https:\/\/www.strassenweb.de\/nachrichten\/wp-content\/uploads\/2025\/07\/Martha-Stewarts-Coca-Cola-Float-ist-genau-das-was-Sie-in-der.jpg\" data-pin-media=\"https:\/\/www.strassenweb.de\/nachrichten\/wp-content\/uploads\/2025\/07\/Martha-Stewarts-Coca-Cola-Float-ist-genau-das-was-Sie-in-der.jpg\" data-pin-nopin=\"true\" class=\"aspect-square size-(85px) md:size-20 object-cover flex-shrink-0\">\n    <\/picture>\n                        <span class=\"\n                            w-full font-article-heading line-clamp-3 md:line-clamp-2 text-base font-medium\">Dieses Regal von Martha Stewart sieht individuell aus \u2013 kostet aber bei Wayfair tats\u00e4chlich weniger als 200 US-Dollar<\/span><\/p>\n<\/li>\n<li class=\"m-0 list-none border-b border-solid border-(#333) py-2.5\" data-recirculation-id=\"recirculation-card-3\" name=\"recirculation-inline\" data-analytics-id=\"recirculation-inline-3\" analytics-label=\"\" data-mrf-recirculation=\"recirculation-inline-3\">\n<picture data-new-v2-image=\"true\" class=\"aspect-square size-(85px) md:size-20 flex-shrink-0\"><source type=\"image\/webp\"  ><\/source><br \/>\n    <img decoding=\"async\" alt=\"Modern\"   loading=\"lazy\" data-new-v2-image=\"true\" src=\"https:\/\/www.strassenweb.de\/nachrichten\/wp-content\/uploads\/2026\/03\/6ZF44UztcDnZ57Dw4v3PeN.jpg\" data-pin-media=\"https:\/\/www.strassenweb.de\/nachrichten\/wp-content\/uploads\/2026\/03\/6ZF44UztcDnZ57Dw4v3PeN.jpg\" data-pin-nopin=\"true\" class=\"aspect-square size-(85px) md:size-20 object-cover flex-shrink-0\">\n    <\/picture>\n                        <span class=\"\n                            w-full font-article-heading line-clamp-3 md:line-clamp-2 text-base font-medium\">7 erschwingliche Funktionen, mit denen Designer kleine K\u00fcchen gr\u00f6\u00dfer wirken lassen \u2013 keine Renovierung erforderlich<\/span><\/p>\n<\/li>\n<\/ul>\n<\/aside>\n<div id=\"mid-article-leaderboard\" class=\"ad-unit sm:hidden block\" style=\"height: 100px;\"><\/div>\n<div class=\"van_vid_carousel\">\n<div class=\"van_vid_carousel__padding\">\n<div class=\"van_vid_carousel__container\"><\/div>\n<\/div>\n<\/div>\n<div class=\"product-container horizontal-product-container\">\n<div class=\"product-block-row\"><\/div>\n<\/div>\n<figure class=\"van-image-figure inline-layout \" data-bordeaux-image-check id=\"03237f53-c494-4ab7-8b72-056107ecec6f\">\n<div class=\"image-full-width-wrapper\">\n<div class=\"image-widthsetter\" style=\"max-width:2000px;\"><\/div>\n<\/div><figcaption class=\"inline-layout \">\n<div class=\"caption-text\">\n<p>Das \u00dcber-dem-Herd-Regal von Wayfair kann Ihrer K\u00fcche rustikalen Charme verleihen und gleichzeitig f\u00fcr Ordnung sorgen.<\/p>\n<\/div>\n<\/figcaption><\/figure>\n<p id=\"3186e2f5-9f68-4712-a5a8-cd8ce36a142b\">Als clevere, platzsparende Idee f\u00fcr die K\u00fcche kann dieses praktische Regal \u00fcber dem Herd selbst in der kleinsten K\u00fcche schnell mehr Ablagefl\u00e4che schaffen. Es ist perfekt, um \u00d6le, Gew\u00fcrze, Saucen und alles andere, was Sie beim Kochen ben\u00f6tigen, immer griffbereit zu haben.<\/p>\n<div id=\"ad-unit-2\" class=\"ad-unit\"><\/div>\n<p>Das sieht auch schick aus. Es verleiht meiner K\u00fcche W\u00e4rme und Struktur. Es ist kein absoluter Blickfang, aber es bleibt auch nicht unbemerkt. Ich liebe die Farbe des gemaserten Holzes und die gew\u00f6lbte R\u00fcckwand ist eine nette Geste und verleiht dem Ganzen einen rustikalen Touch.<\/p>\n<p>Obwohl dieses Regal in erster Linie daf\u00fcr gedacht ist, hinter \u00d6fen zu stehen, kann es auch in anderen Bereichen der K\u00fcche eingesetzt werden. Vielleicht platzieren Sie es \u00fcber Ihrer Sp\u00fcle, um als Ablage f\u00fcr Sp\u00fclmittel, Schw\u00e4mme und andere Reinigungsutensilien zu dienen, oder Sie stellen es auf Ihre Arbeitsplatte, um als einfache Erh\u00f6hung zu fungieren und so mehr Platz auf der Arbeitsplatte darunter zu schaffen. Wo auch immer Sie dieses Regal positionieren und wie auch immer Sie es gestalten, es wird Ihnen das Leben bei der Arbeit in Ihrer K\u00fcche mit Sicherheit erleichtern.<\/p>\n<p>Derzeit ist dieses Regal bei Wayfair mit \u00fcber 60 % Rabatt im Angebot. Betrachten Sie es als die erschwingliche, clevere und praktische K\u00fcchenerweiterung, von der Sie nicht wussten, dass Sie sie brauchen.<\/p>\n<div id=\"slice-container-newsletterForm-articleInbodyContent-dGDNtKNdsCpph5vv5XxSBi\" class=\"slice-container newsletter-inbodyContent-slice newsletterForm-articleInbodyContent-dGDNtKNdsCpph5vv5XxSBi slice-container-newsletterForm\"><\/div>\n<h2 id=\"shop-more-small-kitchen-storage-solutions-3\">Kaufen Sie weitere Aufbewahrungsl\u00f6sungen f\u00fcr kleine K\u00fcchen<\/h2>\n<p id=\"382d1fe4-c632-409b-8c6c-64578f7fb13f\">Das Regal \u00fcber dem Herd von Wayfair war nur der Anfang meiner Suche nach mehr Stauraum f\u00fcr meine kleine K\u00fcche. Wenn Sie auf der Suche nach weiteren cleveren Teilen sind, die Ihnen helfen k\u00f6nnen, Ordnung in Ihrer kleinen K\u00fcche zu halten, scrollen Sie weiter. Von freistehenden Regalen bis hin zu Schrankorganisatoren sind diese Produkte bahnbrechend f\u00fcr kleine K\u00fcchen.<\/p>\n<div class=\"product-container hero-product-container product-block-no-wrap\">\n<div class=\"product-block-row\"><\/div>\n<div class=\"product-block-row\"><\/div>\n<div class=\"product-block-row\"><\/div>\n<div class=\"product-block-row\"><\/div>\n<div class=\"product-block-row\"><\/div>\n<div class=\"product-block-row\"><\/div>\n<\/div>\n<hr id=\"6d385c04-c955-423f-80e0-29aef3391695\">\n<p id=\"ff87b674-5c32-4d9b-801f-1da4fed505cd\">Das \u00dcber-dem-Herd-Regal von Wayfair ist ein praktisches, praktisches und stilvolles Hilfsmittel, mit dem Sie Ihre kleine K\u00fcche optimal nutzen k\u00f6nnen. Indem Sie f\u00fcr Ordnung sorgen, sieht Ihre kleine K\u00fcche m\u00f6glicherweise sogar luxuri\u00f6ser aus.<\/p>\n<p>Lieben Sie die neuesten Produktneuigkeiten und hilfreiche Einkaufstipps? Melden Sie sich f\u00fcr unseren Newsletter an und erhalten Sie die neuesten Funktionen direkt in Ihren Posteingang.<\/p>\n<div class=\"block\" id=\"articleTag\" data-component-name=\"PostArticleLinks\" data-nosnippet data-mrf-recirculation=\"post-article-links\">\n<div class=\"border-b border-b-black border-solid py-2.5 text-black font-bold uppercase\">THEMEN<\/div>\n<nav class=\"py-2.5 flex gap-2.5 flex-wrap\" data-analytics-id=\"article-tag\" data-mrf-recirculation=\"article-tag\">\n<p>Wayfair<\/p>\n<\/nav>\n<\/div>\n<\/div>\n","protected":false},"excerpt":{"rendered":"<p>Ich bin k\u00fcrzlich aus einem Vorort von New Jersey nach New York City gezogen, und obwohl ich mich sehr darauf freue, wieder dort zu leben,<\/p>\n","protected":false},"author":1,"featured_media":11863,"comment_status":"closed","ping_status":"","sticky":false,"template":"","format":"standard","meta":{"footnotes":""},"categories":[118],"tags":[645,46,81,531,3336,1091,468,1666,474,197,13813,13812,26,7722],"class_list":["post-11862","post","type-post","status-publish","format-standard","has-post-thumbnail","hentry","category-haus-garten","tag-arbeitsflaeche","tag-auf","tag-der","tag-dieses","tag-geniale","tag-kleinen","tag-kueche","tag-meiner","tag-platz","tag-sofort","tag-verschaffte","tag-wayfairherdregal","tag-wie","tag-yorker","generate-columns","tablet-grid-50","mobile-grid-100","grid-parent","grid-50"],"yoast_head":"<!-- This site is optimized with the Yoast SEO plugin v27.3 - https:\/\/yoast.com\/product\/yoast-seo-wordpress\/ -->\n<title>Wie dieses geniale Wayfair-Herdregal meiner kleinen New Yorker K\u00fcche sofort Platz auf der Arbeitsfl\u00e4che verschaffte - Nachrichten - Stra\u00dfenweb<\/title>\n<meta name=\"robots\" content=\"index, follow, max-snippet:-1, max-image-preview:large, max-video-preview:-1\" \/>\n<link rel=\"canonical\" href=\"https:\/\/www.strassenweb.de\/nachrichten\/wie-dieses-geniale-wayfair-herdregal-meiner-kleinen-new-yorker-kueche-sofort-platz-auf-der-arbeitsflaeche-verschaffte\/\" \/>\n<meta property=\"og:locale\" content=\"de_DE\" \/>\n<meta property=\"og:type\" content=\"article\" \/>\n<meta property=\"og:title\" content=\"Wie dieses geniale Wayfair-Herdregal meiner kleinen New Yorker K\u00fcche sofort Platz auf der Arbeitsfl\u00e4che verschaffte - Nachrichten - Stra\u00dfenweb\" \/>\n<meta property=\"og:description\" content=\"Ich bin k\u00fcrzlich aus einem Vorort von New Jersey nach New York City gezogen, und obwohl ich mich sehr darauf freue, wieder dort zu leben,\" \/>\n<meta property=\"og:url\" content=\"https:\/\/www.strassenweb.de\/nachrichten\/wie-dieses-geniale-wayfair-herdregal-meiner-kleinen-new-yorker-kueche-sofort-platz-auf-der-arbeitsflaeche-verschaffte\/\" \/>\n<meta property=\"og:site_name\" content=\"Stra\u00dfenweb\" \/>\n<meta property=\"article:publisher\" content=\"https:\/\/www.facebook.com\/strassenweb\/\" \/>\n<meta property=\"article:published_time\" content=\"2026-03-10T05:39:47+00:00\" \/>\n<meta property=\"article:modified_time\" content=\"2026-03-10T05:39:49+00:00\" \/>\n<meta property=\"og:image\" content=\"https:\/\/www.strassenweb.de\/nachrichten\/wp-content\/uploads\/2026\/03\/Wie-dieses-geniale-Wayfair-Herdregal-meiner-kleinen-New-Yorker-Kueche-sofort-1024x576.png\" \/>\n\t<meta property=\"og:image:width\" content=\"1024\" \/>\n\t<meta property=\"og:image:height\" content=\"576\" \/>\n\t<meta property=\"og:image:type\" content=\"image\/png\" \/>\n<meta name=\"author\" content=\"Robert Hoffmann\" \/>\n<meta name=\"twitter:card\" content=\"summary_large_image\" \/>\n<meta name=\"twitter:label1\" content=\"Verfasst von\" \/>\n\t<meta name=\"twitter:data1\" content=\"Robert Hoffmann\" \/>\n\t<meta name=\"twitter:label2\" content=\"Gesch\u00e4tzte Lesezeit\" \/>\n\t<meta name=\"twitter:data2\" content=\"3\u00a0Minuten\" \/>\n<script type=\"application\/ld+json\" class=\"yoast-schema-graph\">{\"@context\":\"https:\\\/\\\/schema.org\",\"@graph\":[{\"@type\":\"Article\",\"@id\":\"https:\\\/\\\/www.strassenweb.de\\\/nachrichten\\\/wie-dieses-geniale-wayfair-herdregal-meiner-kleinen-new-yorker-kueche-sofort-platz-auf-der-arbeitsflaeche-verschaffte\\\/#article\",\"isPartOf\":{\"@id\":\"https:\\\/\\\/www.strassenweb.de\\\/nachrichten\\\/wie-dieses-geniale-wayfair-herdregal-meiner-kleinen-new-yorker-kueche-sofort-platz-auf-der-arbeitsflaeche-verschaffte\\\/\"},\"author\":{\"name\":\"Robert Hoffmann\",\"@id\":\"https:\\\/\\\/www.strassenweb.de\\\/nachrichten\\\/#\\\/schema\\\/person\\\/87c9c9067f1211da429a744dc5a5aa41\"},\"headline\":\"Wie dieses geniale Wayfair-Herdregal meiner kleinen New Yorker K\u00fcche sofort Platz auf der Arbeitsfl\u00e4che verschaffte\",\"datePublished\":\"2026-03-10T05:39:47+00:00\",\"dateModified\":\"2026-03-10T05:39:49+00:00\",\"mainEntityOfPage\":{\"@id\":\"https:\\\/\\\/www.strassenweb.de\\\/nachrichten\\\/wie-dieses-geniale-wayfair-herdregal-meiner-kleinen-new-yorker-kueche-sofort-platz-auf-der-arbeitsflaeche-verschaffte\\\/\"},\"wordCount\":672,\"publisher\":{\"@id\":\"https:\\\/\\\/www.strassenweb.de\\\/nachrichten\\\/#organization\"},\"image\":{\"@id\":\"https:\\\/\\\/www.strassenweb.de\\\/nachrichten\\\/wie-dieses-geniale-wayfair-herdregal-meiner-kleinen-new-yorker-kueche-sofort-platz-auf-der-arbeitsflaeche-verschaffte\\\/#primaryimage\"},\"thumbnailUrl\":\"https:\\\/\\\/www.strassenweb.de\\\/nachrichten\\\/wp-content\\\/uploads\\\/2026\\\/03\\\/Wie-dieses-geniale-Wayfair-Herdregal-meiner-kleinen-New-Yorker-Kueche-sofort.png\",\"keywords\":[\"Arbeitsfl\u00e4che\",\"auf\",\"der\",\"dieses\",\"geniale\",\"kleinen\",\"K\u00fcche\",\"meiner\",\"Platz\",\"sofort\",\"verschaffte\",\"WayfairHerdregal\",\"Wie\",\"Yorker\"],\"articleSection\":[\"Haus &amp; Garten\"],\"inLanguage\":\"de\"},{\"@type\":\"WebPage\",\"@id\":\"https:\\\/\\\/www.strassenweb.de\\\/nachrichten\\\/wie-dieses-geniale-wayfair-herdregal-meiner-kleinen-new-yorker-kueche-sofort-platz-auf-der-arbeitsflaeche-verschaffte\\\/\",\"url\":\"https:\\\/\\\/www.strassenweb.de\\\/nachrichten\\\/wie-dieses-geniale-wayfair-herdregal-meiner-kleinen-new-yorker-kueche-sofort-platz-auf-der-arbeitsflaeche-verschaffte\\\/\",\"name\":\"Wie dieses geniale Wayfair-Herdregal meiner kleinen New Yorker K\u00fcche sofort Platz auf der Arbeitsfl\u00e4che verschaffte - Nachrichten - Stra\u00dfenweb\",\"isPartOf\":{\"@id\":\"https:\\\/\\\/www.strassenweb.de\\\/nachrichten\\\/#website\"},\"primaryImageOfPage\":{\"@id\":\"https:\\\/\\\/www.strassenweb.de\\\/nachrichten\\\/wie-dieses-geniale-wayfair-herdregal-meiner-kleinen-new-yorker-kueche-sofort-platz-auf-der-arbeitsflaeche-verschaffte\\\/#primaryimage\"},\"image\":{\"@id\":\"https:\\\/\\\/www.strassenweb.de\\\/nachrichten\\\/wie-dieses-geniale-wayfair-herdregal-meiner-kleinen-new-yorker-kueche-sofort-platz-auf-der-arbeitsflaeche-verschaffte\\\/#primaryimage\"},\"thumbnailUrl\":\"https:\\\/\\\/www.strassenweb.de\\\/nachrichten\\\/wp-content\\\/uploads\\\/2026\\\/03\\\/Wie-dieses-geniale-Wayfair-Herdregal-meiner-kleinen-New-Yorker-Kueche-sofort.png\",\"datePublished\":\"2026-03-10T05:39:47+00:00\",\"dateModified\":\"2026-03-10T05:39:49+00:00\",\"breadcrumb\":{\"@id\":\"https:\\\/\\\/www.strassenweb.de\\\/nachrichten\\\/wie-dieses-geniale-wayfair-herdregal-meiner-kleinen-new-yorker-kueche-sofort-platz-auf-der-arbeitsflaeche-verschaffte\\\/#breadcrumb\"},\"inLanguage\":\"de\",\"potentialAction\":[{\"@type\":\"ReadAction\",\"target\":[\"https:\\\/\\\/www.strassenweb.de\\\/nachrichten\\\/wie-dieses-geniale-wayfair-herdregal-meiner-kleinen-new-yorker-kueche-sofort-platz-auf-der-arbeitsflaeche-verschaffte\\\/\"]}]},{\"@type\":\"ImageObject\",\"inLanguage\":\"de\",\"@id\":\"https:\\\/\\\/www.strassenweb.de\\\/nachrichten\\\/wie-dieses-geniale-wayfair-herdregal-meiner-kleinen-new-yorker-kueche-sofort-platz-auf-der-arbeitsflaeche-verschaffte\\\/#primaryimage\",\"url\":\"https:\\\/\\\/www.strassenweb.de\\\/nachrichten\\\/wp-content\\\/uploads\\\/2026\\\/03\\\/Wie-dieses-geniale-Wayfair-Herdregal-meiner-kleinen-New-Yorker-Kueche-sofort.png\",\"contentUrl\":\"https:\\\/\\\/www.strassenweb.de\\\/nachrichten\\\/wp-content\\\/uploads\\\/2026\\\/03\\\/Wie-dieses-geniale-Wayfair-Herdregal-meiner-kleinen-New-Yorker-Kueche-sofort.png\",\"width\":1600,\"height\":900,\"caption\":\"a kitchen with a small oven, decor on the countertops, and a vintage watercolor painting hanging on the wall\"},{\"@type\":\"BreadcrumbList\",\"@id\":\"https:\\\/\\\/www.strassenweb.de\\\/nachrichten\\\/wie-dieses-geniale-wayfair-herdregal-meiner-kleinen-new-yorker-kueche-sofort-platz-auf-der-arbeitsflaeche-verschaffte\\\/#breadcrumb\",\"itemListElement\":[{\"@type\":\"ListItem\",\"position\":1,\"name\":\"Home\",\"item\":\"https:\\\/\\\/www.strassenweb.de\\\/nachrichten\\\/\"},{\"@type\":\"ListItem\",\"position\":2,\"name\":\"Wie dieses geniale Wayfair-Herdregal meiner kleinen New Yorker K\u00fcche sofort Platz auf der Arbeitsfl\u00e4che verschaffte\"}]},{\"@type\":\"WebSite\",\"@id\":\"https:\\\/\\\/www.strassenweb.de\\\/nachrichten\\\/#website\",\"url\":\"https:\\\/\\\/www.strassenweb.de\\\/nachrichten\\\/\",\"name\":\"Stra\u00dfenweb\",\"description\":\"Stra\u00dfenverzeichnis f\u00fcr Deutschland\",\"publisher\":{\"@id\":\"https:\\\/\\\/www.strassenweb.de\\\/nachrichten\\\/#organization\"},\"potentialAction\":[{\"@type\":\"SearchAction\",\"target\":{\"@type\":\"EntryPoint\",\"urlTemplate\":\"https:\\\/\\\/www.strassenweb.de\\\/nachrichten\\\/?s={search_term_string}\"},\"query-input\":{\"@type\":\"PropertyValueSpecification\",\"valueRequired\":true,\"valueName\":\"search_term_string\"}}],\"inLanguage\":\"de\"},{\"@type\":\"Organization\",\"@id\":\"https:\\\/\\\/www.strassenweb.de\\\/nachrichten\\\/#organization\",\"name\":\"Stra\u00dfenweb\",\"url\":\"https:\\\/\\\/www.strassenweb.de\\\/nachrichten\\\/\",\"logo\":{\"@type\":\"ImageObject\",\"inLanguage\":\"de\",\"@id\":\"https:\\\/\\\/www.strassenweb.de\\\/nachrichten\\\/#\\\/schema\\\/logo\\\/image\\\/\",\"url\":\"https:\\\/\\\/www.strassenweb.de\\\/nachrichten\\\/wp-content\\\/uploads\\\/2024\\\/09\\\/cropped-favicon.png\",\"contentUrl\":\"https:\\\/\\\/www.strassenweb.de\\\/nachrichten\\\/wp-content\\\/uploads\\\/2024\\\/09\\\/cropped-favicon.png\",\"width\":512,\"height\":512,\"caption\":\"Stra\u00dfenweb\"},\"image\":{\"@id\":\"https:\\\/\\\/www.strassenweb.de\\\/nachrichten\\\/#\\\/schema\\\/logo\\\/image\\\/\"},\"sameAs\":[\"https:\\\/\\\/www.facebook.com\\\/strassenweb\\\/\"]},{\"@type\":\"Person\",\"@id\":\"https:\\\/\\\/www.strassenweb.de\\\/nachrichten\\\/#\\\/schema\\\/person\\\/87c9c9067f1211da429a744dc5a5aa41\",\"name\":\"Robert Hoffmann\",\"image\":{\"@type\":\"ImageObject\",\"inLanguage\":\"de\",\"@id\":\"https:\\\/\\\/www.strassenweb.de\\\/nachrichten\\\/wp-content\\\/uploads\\\/2024\\\/09\\\/strassenweb-150x150.jpg\",\"url\":\"https:\\\/\\\/www.strassenweb.de\\\/nachrichten\\\/wp-content\\\/uploads\\\/2024\\\/09\\\/strassenweb-150x150.jpg\",\"contentUrl\":\"https:\\\/\\\/www.strassenweb.de\\\/nachrichten\\\/wp-content\\\/uploads\\\/2024\\\/09\\\/strassenweb-150x150.jpg\",\"caption\":\"Robert Hoffmann\"},\"description\":\"Ich hei\u00dfe Robert Hoffmann und ich bin ein leidenschaftlicher Verfechter von \u00d6kologie und Biodiversit\u00e4t. Seit meiner Kindheit in den W\u00e4ldern Bayerns f\u00fchle ich mich mit der Natur verbunden und bin entschlossen, sie zu sch\u00fctzen. Heute widme ich mein Leben der Sensibilisierung anderer f\u00fcr die Bedeutung des Umweltschutzes f\u00fcr zuk\u00fcnftige Generationen.\",\"sameAs\":[\"https:\\\/\\\/www.strassenweb.de\\\/\"]}]}<\/script>\n<!-- \/ Yoast SEO plugin. -->","yoast_head_json":{"title":"Wie dieses geniale Wayfair-Herdregal meiner kleinen New Yorker K\u00fcche sofort Platz auf der Arbeitsfl\u00e4che verschaffte - Nachrichten - Stra\u00dfenweb","robots":{"index":"index","follow":"follow","max-snippet":"max-snippet:-1","max-image-preview":"max-image-preview:large","max-video-preview":"max-video-preview:-1"},"canonical":"https:\/\/www.strassenweb.de\/nachrichten\/wie-dieses-geniale-wayfair-herdregal-meiner-kleinen-new-yorker-kueche-sofort-platz-auf-der-arbeitsflaeche-verschaffte\/","og_locale":"de_DE","og_type":"article","og_title":"Wie dieses geniale Wayfair-Herdregal meiner kleinen New Yorker K\u00fcche sofort Platz auf der Arbeitsfl\u00e4che verschaffte - Nachrichten - Stra\u00dfenweb","og_description":"Ich bin k\u00fcrzlich aus einem Vorort von New Jersey nach New York City gezogen, und obwohl ich mich sehr darauf freue, wieder dort zu leben,","og_url":"https:\/\/www.strassenweb.de\/nachrichten\/wie-dieses-geniale-wayfair-herdregal-meiner-kleinen-new-yorker-kueche-sofort-platz-auf-der-arbeitsflaeche-verschaffte\/","og_site_name":"Stra\u00dfenweb","article_publisher":"https:\/\/www.facebook.com\/strassenweb\/","article_published_time":"2026-03-10T05:39:47+00:00","article_modified_time":"2026-03-10T05:39:49+00:00","og_image":[{"width":1024,"height":576,"url":"https:\/\/www.strassenweb.de\/nachrichten\/wp-content\/uploads\/2026\/03\/Wie-dieses-geniale-Wayfair-Herdregal-meiner-kleinen-New-Yorker-Kueche-sofort-1024x576.png","type":"image\/png"}],"author":"Robert Hoffmann","twitter_card":"summary_large_image","twitter_misc":{"Verfasst von":"Robert Hoffmann","Gesch\u00e4tzte Lesezeit":"3\u00a0Minuten"},"schema":{"@context":"https:\/\/schema.org","@graph":[{"@type":"Article","@id":"https:\/\/www.strassenweb.de\/nachrichten\/wie-dieses-geniale-wayfair-herdregal-meiner-kleinen-new-yorker-kueche-sofort-platz-auf-der-arbeitsflaeche-verschaffte\/#article","isPartOf":{"@id":"https:\/\/www.strassenweb.de\/nachrichten\/wie-dieses-geniale-wayfair-herdregal-meiner-kleinen-new-yorker-kueche-sofort-platz-auf-der-arbeitsflaeche-verschaffte\/"},"author":{"name":"Robert Hoffmann","@id":"https:\/\/www.strassenweb.de\/nachrichten\/#\/schema\/person\/87c9c9067f1211da429a744dc5a5aa41"},"headline":"Wie dieses geniale Wayfair-Herdregal meiner kleinen New Yorker K\u00fcche sofort Platz auf der Arbeitsfl\u00e4che verschaffte","datePublished":"2026-03-10T05:39:47+00:00","dateModified":"2026-03-10T05:39:49+00:00","mainEntityOfPage":{"@id":"https:\/\/www.strassenweb.de\/nachrichten\/wie-dieses-geniale-wayfair-herdregal-meiner-kleinen-new-yorker-kueche-sofort-platz-auf-der-arbeitsflaeche-verschaffte\/"},"wordCount":672,"publisher":{"@id":"https:\/\/www.strassenweb.de\/nachrichten\/#organization"},"image":{"@id":"https:\/\/www.strassenweb.de\/nachrichten\/wie-dieses-geniale-wayfair-herdregal-meiner-kleinen-new-yorker-kueche-sofort-platz-auf-der-arbeitsflaeche-verschaffte\/#primaryimage"},"thumbnailUrl":"https:\/\/www.strassenweb.de\/nachrichten\/wp-content\/uploads\/2026\/03\/Wie-dieses-geniale-Wayfair-Herdregal-meiner-kleinen-New-Yorker-Kueche-sofort.png","keywords":["Arbeitsfl\u00e4che","auf","der","dieses","geniale","kleinen","K\u00fcche","meiner","Platz","sofort","verschaffte","WayfairHerdregal","Wie","Yorker"],"articleSection":["Haus &amp; Garten"],"inLanguage":"de"},{"@type":"WebPage","@id":"https:\/\/www.strassenweb.de\/nachrichten\/wie-dieses-geniale-wayfair-herdregal-meiner-kleinen-new-yorker-kueche-sofort-platz-auf-der-arbeitsflaeche-verschaffte\/","url":"https:\/\/www.strassenweb.de\/nachrichten\/wie-dieses-geniale-wayfair-herdregal-meiner-kleinen-new-yorker-kueche-sofort-platz-auf-der-arbeitsflaeche-verschaffte\/","name":"Wie dieses geniale Wayfair-Herdregal meiner kleinen New Yorker K\u00fcche sofort Platz auf der Arbeitsfl\u00e4che verschaffte - Nachrichten - Stra\u00dfenweb","isPartOf":{"@id":"https:\/\/www.strassenweb.de\/nachrichten\/#website"},"primaryImageOfPage":{"@id":"https:\/\/www.strassenweb.de\/nachrichten\/wie-dieses-geniale-wayfair-herdregal-meiner-kleinen-new-yorker-kueche-sofort-platz-auf-der-arbeitsflaeche-verschaffte\/#primaryimage"},"image":{"@id":"https:\/\/www.strassenweb.de\/nachrichten\/wie-dieses-geniale-wayfair-herdregal-meiner-kleinen-new-yorker-kueche-sofort-platz-auf-der-arbeitsflaeche-verschaffte\/#primaryimage"},"thumbnailUrl":"https:\/\/www.strassenweb.de\/nachrichten\/wp-content\/uploads\/2026\/03\/Wie-dieses-geniale-Wayfair-Herdregal-meiner-kleinen-New-Yorker-Kueche-sofort.png","datePublished":"2026-03-10T05:39:47+00:00","dateModified":"2026-03-10T05:39:49+00:00","breadcrumb":{"@id":"https:\/\/www.strassenweb.de\/nachrichten\/wie-dieses-geniale-wayfair-herdregal-meiner-kleinen-new-yorker-kueche-sofort-platz-auf-der-arbeitsflaeche-verschaffte\/#breadcrumb"},"inLanguage":"de","potentialAction":[{"@type":"ReadAction","target":["https:\/\/www.strassenweb.de\/nachrichten\/wie-dieses-geniale-wayfair-herdregal-meiner-kleinen-new-yorker-kueche-sofort-platz-auf-der-arbeitsflaeche-verschaffte\/"]}]},{"@type":"ImageObject","inLanguage":"de","@id":"https:\/\/www.strassenweb.de\/nachrichten\/wie-dieses-geniale-wayfair-herdregal-meiner-kleinen-new-yorker-kueche-sofort-platz-auf-der-arbeitsflaeche-verschaffte\/#primaryimage","url":"https:\/\/www.strassenweb.de\/nachrichten\/wp-content\/uploads\/2026\/03\/Wie-dieses-geniale-Wayfair-Herdregal-meiner-kleinen-New-Yorker-Kueche-sofort.png","contentUrl":"https:\/\/www.strassenweb.de\/nachrichten\/wp-content\/uploads\/2026\/03\/Wie-dieses-geniale-Wayfair-Herdregal-meiner-kleinen-New-Yorker-Kueche-sofort.png","width":1600,"height":900,"caption":"a kitchen with a small oven, decor on the countertops, and a vintage watercolor painting hanging on the wall"},{"@type":"BreadcrumbList","@id":"https:\/\/www.strassenweb.de\/nachrichten\/wie-dieses-geniale-wayfair-herdregal-meiner-kleinen-new-yorker-kueche-sofort-platz-auf-der-arbeitsflaeche-verschaffte\/#breadcrumb","itemListElement":[{"@type":"ListItem","position":1,"name":"Home","item":"https:\/\/www.strassenweb.de\/nachrichten\/"},{"@type":"ListItem","position":2,"name":"Wie dieses geniale Wayfair-Herdregal meiner kleinen New Yorker K\u00fcche sofort Platz auf der Arbeitsfl\u00e4che verschaffte"}]},{"@type":"WebSite","@id":"https:\/\/www.strassenweb.de\/nachrichten\/#website","url":"https:\/\/www.strassenweb.de\/nachrichten\/","name":"Stra\u00dfenweb","description":"Stra\u00dfenverzeichnis f\u00fcr Deutschland","publisher":{"@id":"https:\/\/www.strassenweb.de\/nachrichten\/#organization"},"potentialAction":[{"@type":"SearchAction","target":{"@type":"EntryPoint","urlTemplate":"https:\/\/www.strassenweb.de\/nachrichten\/?s={search_term_string}"},"query-input":{"@type":"PropertyValueSpecification","valueRequired":true,"valueName":"search_term_string"}}],"inLanguage":"de"},{"@type":"Organization","@id":"https:\/\/www.strassenweb.de\/nachrichten\/#organization","name":"Stra\u00dfenweb","url":"https:\/\/www.strassenweb.de\/nachrichten\/","logo":{"@type":"ImageObject","inLanguage":"de","@id":"https:\/\/www.strassenweb.de\/nachrichten\/#\/schema\/logo\/image\/","url":"https:\/\/www.strassenweb.de\/nachrichten\/wp-content\/uploads\/2024\/09\/cropped-favicon.png","contentUrl":"https:\/\/www.strassenweb.de\/nachrichten\/wp-content\/uploads\/2024\/09\/cropped-favicon.png","width":512,"height":512,"caption":"Stra\u00dfenweb"},"image":{"@id":"https:\/\/www.strassenweb.de\/nachrichten\/#\/schema\/logo\/image\/"},"sameAs":["https:\/\/www.facebook.com\/strassenweb\/"]},{"@type":"Person","@id":"https:\/\/www.strassenweb.de\/nachrichten\/#\/schema\/person\/87c9c9067f1211da429a744dc5a5aa41","name":"Robert Hoffmann","image":{"@type":"ImageObject","inLanguage":"de","@id":"https:\/\/www.strassenweb.de\/nachrichten\/wp-content\/uploads\/2024\/09\/strassenweb-150x150.jpg","url":"https:\/\/www.strassenweb.de\/nachrichten\/wp-content\/uploads\/2024\/09\/strassenweb-150x150.jpg","contentUrl":"https:\/\/www.strassenweb.de\/nachrichten\/wp-content\/uploads\/2024\/09\/strassenweb-150x150.jpg","caption":"Robert Hoffmann"},"description":"Ich hei\u00dfe Robert Hoffmann und ich bin ein leidenschaftlicher Verfechter von \u00d6kologie und Biodiversit\u00e4t. Seit meiner Kindheit in den W\u00e4ldern Bayerns f\u00fchle ich mich mit der Natur verbunden und bin entschlossen, sie zu sch\u00fctzen. Heute widme ich mein Leben der Sensibilisierung anderer f\u00fcr die Bedeutung des Umweltschutzes f\u00fcr zuk\u00fcnftige Generationen.","sameAs":["https:\/\/www.strassenweb.de\/"]}]}},"_links":{"self":[{"href":"https:\/\/www.strassenweb.de\/nachrichten\/wp-json\/wp\/v2\/posts\/11862","targetHints":{"allow":["GET"]}}],"collection":[{"href":"https:\/\/www.strassenweb.de\/nachrichten\/wp-json\/wp\/v2\/posts"}],"about":[{"href":"https:\/\/www.strassenweb.de\/nachrichten\/wp-json\/wp\/v2\/types\/post"}],"author":[{"embeddable":true,"href":"https:\/\/www.strassenweb.de\/nachrichten\/wp-json\/wp\/v2\/users\/1"}],"replies":[{"embeddable":true,"href":"https:\/\/www.strassenweb.de\/nachrichten\/wp-json\/wp\/v2\/comments?post=11862"}],"version-history":[{"count":0,"href":"https:\/\/www.strassenweb.de\/nachrichten\/wp-json\/wp\/v2\/posts\/11862\/revisions"}],"wp:featuredmedia":[{"embeddable":true,"href":"https:\/\/www.strassenweb.de\/nachrichten\/wp-json\/wp\/v2\/media\/11863"}],"wp:attachment":[{"href":"https:\/\/www.strassenweb.de\/nachrichten\/wp-json\/wp\/v2\/media?parent=11862"}],"wp:term":[{"taxonomy":"category","embeddable":true,"href":"https:\/\/www.strassenweb.de\/nachrichten\/wp-json\/wp\/v2\/categories?post=11862"},{"taxonomy":"post_tag","embeddable":true,"href":"https:\/\/www.strassenweb.de\/nachrichten\/wp-json\/wp\/v2\/tags?post=11862"}],"curies":[{"name":"wp","href":"https:\/\/api.w.org\/{rel}","templated":true}]}}