{"id":11749,"date":"2026-03-05T10:55:02","date_gmt":"2026-03-05T09:55:02","guid":{"rendered":"https:\/\/www.strassenweb.de\/nachrichten\/?p=11749"},"modified":"2026-03-05T10:55:03","modified_gmt":"2026-03-05T09:55:03","slug":"der-meeresspiegel-im-mittelmeer-koennte-dreimal-schneller-steigen-als-erwartet","status":"publish","type":"post","link":"https:\/\/www.strassenweb.de\/nachrichten\/der-meeresspiegel-im-mittelmeer-koennte-dreimal-schneller-steigen-als-erwartet\/","title":{"rendered":"Der Meeresspiegel im Mittelmeer k\u00f6nnte dreimal schneller steigen als erwartet"},"content":{"rendered":"\n<p>Neue wissenschaftliche Analysen sorgen f\u00fcr Aufmerksamkeit in der Klimaforschung: Der <strong>Meeresspiegel im Mittelmeer<\/strong> k\u00f6nnte deutlich schneller steigen als bisher angenommen. Einige Modelle deuten darauf hin, dass die Entwicklung bis zum Ende des Jahrhunderts bis zu <strong>dreimal st\u00e4rker<\/strong> ausfallen k\u00f6nnte als fr\u00fchere Prognosen vermuten lie\u00dfen.<\/p>\n\n\n\n<p>F\u00fcr viele K\u00fcstenregionen rund um das Mittelmeer h\u00e4tte dies erhebliche Folgen.<\/p>\n\n\n\n<h2 class=\"wp-block-heading\">Neue Modelle ver\u00e4ndern die Prognosen<\/h2>\n\n\n\n<p>Forscher haben in den letzten Jahren ihre Klimamodelle deutlich verbessert. Satellitendaten, pr\u00e4zisere Temperaturmessungen und ein besseres Verst\u00e4ndnis der Dynamik der Ozeane erm\u00f6glichen heute genauere Simulationen.<\/p>\n\n\n\n<p>Die neuesten Berechnungen zeigen, dass mehrere Faktoren gleichzeitig wirken:<\/p>\n\n\n\n<ul class=\"wp-block-list\">\n<li>beschleunigtes Abschmelzen von Gletschern<\/li>\n\n\n\n<li>st\u00e4rkere Erw\u00e4rmung der Ozeane<\/li>\n\n\n\n<li>Ver\u00e4nderungen der Meeresstr\u00f6mungen<\/li>\n<\/ul>\n\n\n\n<p>Diese Kombination k\u00f6nnte den Anstieg des Meeresspiegels erheblich verst\u00e4rken.<\/p>\n\n\n\n<p>Ein Klimaforscher erkl\u00e4rt:<\/p>\n\n\n\n<blockquote class=\"wp-block-quote is-layout-flow wp-block-quote-is-layout-flow\">\n<p>\u201eUnsere aktuellen Daten zeigen, dass einige fr\u00fchere Szenarien den m\u00f6glichen Anstieg untersch\u00e4tzt haben.\u201c<\/p>\n<\/blockquote>\n\n\n\n<h2 class=\"wp-block-heading\">Besonders gef\u00e4hrdete K\u00fcsten<\/h2>\n\n\n\n<p>Die Mittelmeerregion gilt als besonders empfindlich gegen\u00fcber Ver\u00e4nderungen des Meeresspiegels. Viele gro\u00dfe St\u00e4dte liegen direkt an der K\u00fcste, und zahlreiche Str\u00e4nde befinden sich nur wenige Meter \u00fcber dem aktuellen Meeresspiegel.<\/p>\n\n\n\n<p>Zu den potenziell betroffenen Bereichen geh\u00f6ren:<\/p>\n\n\n\n<ul class=\"wp-block-list\">\n<li>niedrig gelegene K\u00fcstenabschnitte<\/li>\n\n\n\n<li>touristische Strandregionen<\/li>\n\n\n\n<li>Hafenst\u00e4dte<\/li>\n<\/ul>\n\n\n\n<p>Selbst ein moderater Anstieg kann langfristig Erosion, \u00dcberschwemmungen und Sch\u00e4den an Infrastruktur verursachen.<\/p>\n\n\n\n<h2 class=\"wp-block-heading\">Warum das Mittelmeer besonders reagiert<\/h2>\n\n\n\n<p>Das Mittelmeer ist ein relativ geschlossenes Meer mit speziellen klimatischen Eigenschaften. Ver\u00e4nderungen der Temperatur und der Wasserzirkulation k\u00f6nnen hier schneller sp\u00fcrbar werden als in gr\u00f6\u00dferen Ozeanen.<\/p>\n\n\n\n<p>Dar\u00fcber hinaus f\u00fchren steigende Temperaturen dazu, dass sich Meerwasser ausdehnt \u2013 ein Prozess, der ebenfalls zum <strong>Anstieg des Meeresspiegels<\/strong> beitr\u00e4gt.<\/p>\n\n\n\n<h2 class=\"wp-block-heading\">Zeit f\u00fcr Anpassungsstrategien<\/h2>\n\n\n\n<p>Viele K\u00fcstenregionen beginnen bereits, m\u00f6gliche Anpassungsma\u00dfnahmen zu diskutieren. Dazu geh\u00f6ren verbesserte K\u00fcstenschutzsysteme, langfristige Stadtplanung und der Schutz nat\u00fcrlicher Barrieren wie D\u00fcnen oder Feuchtgebiete.<\/p>\n\n\n\n<p>Experten betonen, dass der Zeitfaktor entscheidend ist: Je fr\u00fcher Ma\u00dfnahmen geplant werden, desto besser lassen sich Risiken reduzieren.<\/p>\n\n\n\n<h2 class=\"wp-block-heading\">Ein Warnsignal f\u00fcr die Region<\/h2>\n\n\n\n<p>Die neuen Prognosen zeigen vor allem eines: Die Entwicklung des Meeresspiegels bleibt eine der zentralen Herausforderungen f\u00fcr die Mittelmeerregion.<\/p>\n\n\n\n<p>Auch wenn Unsicherheiten in den Modellen bestehen, deutet vieles darauf hin, dass die kommenden Jahrzehnte entscheidend sein werden, um auf diese Ver\u00e4nderungen vorbereitet zu sein.<\/p>\n","protected":false},"excerpt":{"rendered":"<p>Neue wissenschaftliche Analysen sorgen f\u00fcr Aufmerksamkeit in der Klimaforschung: Der Meeresspiegel im Mittelmeer k\u00f6nnte deutlich schneller steigen als bisher angenommen. Einige Modelle deuten darauf hin,<\/p>\n","protected":false},"author":1,"featured_media":11750,"comment_status":"closed","ping_status":"closed","sticky":false,"template":"","format":"standard","meta":{"footnotes":""},"categories":[101],"tags":[],"class_list":["post-11749","post","type-post","status-publish","format-standard","has-post-thumbnail","hentry","category-oekologie","generate-columns","tablet-grid-50","mobile-grid-100","grid-parent","grid-50"],"yoast_head":"<!-- This site is optimized with the Yoast SEO plugin v27.3 - https:\/\/yoast.com\/product\/yoast-seo-wordpress\/ -->\n<title>Der Meeresspiegel im Mittelmeer k\u00f6nnte dreimal schneller steigen als erwartet - Nachrichten - Stra\u00dfenweb<\/title>\n<meta name=\"robots\" content=\"index, follow, max-snippet:-1, max-image-preview:large, max-video-preview:-1\" \/>\n<link rel=\"canonical\" href=\"https:\/\/www.strassenweb.de\/nachrichten\/der-meeresspiegel-im-mittelmeer-koennte-dreimal-schneller-steigen-als-erwartet\/\" \/>\n<meta property=\"og:locale\" content=\"de_DE\" \/>\n<meta property=\"og:type\" content=\"article\" \/>\n<meta property=\"og:title\" content=\"Der Meeresspiegel im Mittelmeer k\u00f6nnte dreimal schneller steigen als erwartet - Nachrichten - Stra\u00dfenweb\" \/>\n<meta property=\"og:description\" content=\"Neue wissenschaftliche Analysen sorgen f\u00fcr Aufmerksamkeit in der Klimaforschung: Der Meeresspiegel im Mittelmeer k\u00f6nnte deutlich schneller steigen als bisher angenommen. Einige Modelle deuten darauf hin,\" \/>\n<meta property=\"og:url\" content=\"https:\/\/www.strassenweb.de\/nachrichten\/der-meeresspiegel-im-mittelmeer-koennte-dreimal-schneller-steigen-als-erwartet\/\" \/>\n<meta property=\"og:site_name\" content=\"Stra\u00dfenweb\" \/>\n<meta property=\"article:publisher\" content=\"https:\/\/www.facebook.com\/strassenweb\/\" \/>\n<meta property=\"article:published_time\" content=\"2026-03-05T09:55:02+00:00\" \/>\n<meta property=\"article:modified_time\" content=\"2026-03-05T09:55:03+00:00\" \/>\n<meta property=\"og:image\" content=\"https:\/\/www.strassenweb.de\/nachrichten\/wp-content\/uploads\/2026\/03\/Der-Meeresspiegel-im-Mittelmeer-koennte-dreimal-schneller-steigen-als-erwartet-1.jpg\" \/>\n\t<meta property=\"og:image:width\" content=\"1980\" \/>\n\t<meta property=\"og:image:height\" content=\"1080\" \/>\n\t<meta property=\"og:image:type\" content=\"image\/jpeg\" \/>\n<meta name=\"author\" content=\"Robert Hoffmann\" \/>\n<meta name=\"twitter:card\" content=\"summary_large_image\" \/>\n<meta name=\"twitter:label1\" content=\"Verfasst von\" \/>\n\t<meta name=\"twitter:data1\" content=\"Robert Hoffmann\" \/>\n\t<meta name=\"twitter:label2\" content=\"Gesch\u00e4tzte Lesezeit\" \/>\n\t<meta name=\"twitter:data2\" content=\"2\u00a0Minuten\" \/>\n<script type=\"application\/ld+json\" class=\"yoast-schema-graph\">{\"@context\":\"https:\\\/\\\/schema.org\",\"@graph\":[{\"@type\":\"Article\",\"@id\":\"https:\\\/\\\/www.strassenweb.de\\\/nachrichten\\\/der-meeresspiegel-im-mittelmeer-koennte-dreimal-schneller-steigen-als-erwartet\\\/#article\",\"isPartOf\":{\"@id\":\"https:\\\/\\\/www.strassenweb.de\\\/nachrichten\\\/der-meeresspiegel-im-mittelmeer-koennte-dreimal-schneller-steigen-als-erwartet\\\/\"},\"author\":{\"name\":\"Robert Hoffmann\",\"@id\":\"https:\\\/\\\/www.strassenweb.de\\\/nachrichten\\\/#\\\/schema\\\/person\\\/87c9c9067f1211da429a744dc5a5aa41\"},\"headline\":\"Der Meeresspiegel im Mittelmeer k\u00f6nnte dreimal schneller steigen als erwartet\",\"datePublished\":\"2026-03-05T09:55:02+00:00\",\"dateModified\":\"2026-03-05T09:55:03+00:00\",\"mainEntityOfPage\":{\"@id\":\"https:\\\/\\\/www.strassenweb.de\\\/nachrichten\\\/der-meeresspiegel-im-mittelmeer-koennte-dreimal-schneller-steigen-als-erwartet\\\/\"},\"wordCount\":397,\"publisher\":{\"@id\":\"https:\\\/\\\/www.strassenweb.de\\\/nachrichten\\\/#organization\"},\"image\":{\"@id\":\"https:\\\/\\\/www.strassenweb.de\\\/nachrichten\\\/der-meeresspiegel-im-mittelmeer-koennte-dreimal-schneller-steigen-als-erwartet\\\/#primaryimage\"},\"thumbnailUrl\":\"https:\\\/\\\/www.strassenweb.de\\\/nachrichten\\\/wp-content\\\/uploads\\\/2026\\\/03\\\/Der-Meeresspiegel-im-Mittelmeer-koennte-dreimal-schneller-steigen-als-erwartet-1.jpg\",\"articleSection\":[\"\u00d6kologie\"],\"inLanguage\":\"de\"},{\"@type\":\"WebPage\",\"@id\":\"https:\\\/\\\/www.strassenweb.de\\\/nachrichten\\\/der-meeresspiegel-im-mittelmeer-koennte-dreimal-schneller-steigen-als-erwartet\\\/\",\"url\":\"https:\\\/\\\/www.strassenweb.de\\\/nachrichten\\\/der-meeresspiegel-im-mittelmeer-koennte-dreimal-schneller-steigen-als-erwartet\\\/\",\"name\":\"Der Meeresspiegel im Mittelmeer k\u00f6nnte dreimal schneller steigen als erwartet - Nachrichten - Stra\u00dfenweb\",\"isPartOf\":{\"@id\":\"https:\\\/\\\/www.strassenweb.de\\\/nachrichten\\\/#website\"},\"primaryImageOfPage\":{\"@id\":\"https:\\\/\\\/www.strassenweb.de\\\/nachrichten\\\/der-meeresspiegel-im-mittelmeer-koennte-dreimal-schneller-steigen-als-erwartet\\\/#primaryimage\"},\"image\":{\"@id\":\"https:\\\/\\\/www.strassenweb.de\\\/nachrichten\\\/der-meeresspiegel-im-mittelmeer-koennte-dreimal-schneller-steigen-als-erwartet\\\/#primaryimage\"},\"thumbnailUrl\":\"https:\\\/\\\/www.strassenweb.de\\\/nachrichten\\\/wp-content\\\/uploads\\\/2026\\\/03\\\/Der-Meeresspiegel-im-Mittelmeer-koennte-dreimal-schneller-steigen-als-erwartet-1.jpg\",\"datePublished\":\"2026-03-05T09:55:02+00:00\",\"dateModified\":\"2026-03-05T09:55:03+00:00\",\"breadcrumb\":{\"@id\":\"https:\\\/\\\/www.strassenweb.de\\\/nachrichten\\\/der-meeresspiegel-im-mittelmeer-koennte-dreimal-schneller-steigen-als-erwartet\\\/#breadcrumb\"},\"inLanguage\":\"de\",\"potentialAction\":[{\"@type\":\"ReadAction\",\"target\":[\"https:\\\/\\\/www.strassenweb.de\\\/nachrichten\\\/der-meeresspiegel-im-mittelmeer-koennte-dreimal-schneller-steigen-als-erwartet\\\/\"]}]},{\"@type\":\"ImageObject\",\"inLanguage\":\"de\",\"@id\":\"https:\\\/\\\/www.strassenweb.de\\\/nachrichten\\\/der-meeresspiegel-im-mittelmeer-koennte-dreimal-schneller-steigen-als-erwartet\\\/#primaryimage\",\"url\":\"https:\\\/\\\/www.strassenweb.de\\\/nachrichten\\\/wp-content\\\/uploads\\\/2026\\\/03\\\/Der-Meeresspiegel-im-Mittelmeer-koennte-dreimal-schneller-steigen-als-erwartet-1.jpg\",\"contentUrl\":\"https:\\\/\\\/www.strassenweb.de\\\/nachrichten\\\/wp-content\\\/uploads\\\/2026\\\/03\\\/Der-Meeresspiegel-im-Mittelmeer-koennte-dreimal-schneller-steigen-als-erwartet-1.jpg\",\"width\":1980,\"height\":1080},{\"@type\":\"BreadcrumbList\",\"@id\":\"https:\\\/\\\/www.strassenweb.de\\\/nachrichten\\\/der-meeresspiegel-im-mittelmeer-koennte-dreimal-schneller-steigen-als-erwartet\\\/#breadcrumb\",\"itemListElement\":[{\"@type\":\"ListItem\",\"position\":1,\"name\":\"Home\",\"item\":\"https:\\\/\\\/www.strassenweb.de\\\/nachrichten\\\/\"},{\"@type\":\"ListItem\",\"position\":2,\"name\":\"Der Meeresspiegel im Mittelmeer k\u00f6nnte dreimal schneller steigen als erwartet\"}]},{\"@type\":\"WebSite\",\"@id\":\"https:\\\/\\\/www.strassenweb.de\\\/nachrichten\\\/#website\",\"url\":\"https:\\\/\\\/www.strassenweb.de\\\/nachrichten\\\/\",\"name\":\"Stra\u00dfenweb\",\"description\":\"Stra\u00dfenverzeichnis f\u00fcr Deutschland\",\"publisher\":{\"@id\":\"https:\\\/\\\/www.strassenweb.de\\\/nachrichten\\\/#organization\"},\"potentialAction\":[{\"@type\":\"SearchAction\",\"target\":{\"@type\":\"EntryPoint\",\"urlTemplate\":\"https:\\\/\\\/www.strassenweb.de\\\/nachrichten\\\/?s={search_term_string}\"},\"query-input\":{\"@type\":\"PropertyValueSpecification\",\"valueRequired\":true,\"valueName\":\"search_term_string\"}}],\"inLanguage\":\"de\"},{\"@type\":\"Organization\",\"@id\":\"https:\\\/\\\/www.strassenweb.de\\\/nachrichten\\\/#organization\",\"name\":\"Stra\u00dfenweb\",\"url\":\"https:\\\/\\\/www.strassenweb.de\\\/nachrichten\\\/\",\"logo\":{\"@type\":\"ImageObject\",\"inLanguage\":\"de\",\"@id\":\"https:\\\/\\\/www.strassenweb.de\\\/nachrichten\\\/#\\\/schema\\\/logo\\\/image\\\/\",\"url\":\"https:\\\/\\\/www.strassenweb.de\\\/nachrichten\\\/wp-content\\\/uploads\\\/2024\\\/09\\\/cropped-favicon.png\",\"contentUrl\":\"https:\\\/\\\/www.strassenweb.de\\\/nachrichten\\\/wp-content\\\/uploads\\\/2024\\\/09\\\/cropped-favicon.png\",\"width\":512,\"height\":512,\"caption\":\"Stra\u00dfenweb\"},\"image\":{\"@id\":\"https:\\\/\\\/www.strassenweb.de\\\/nachrichten\\\/#\\\/schema\\\/logo\\\/image\\\/\"},\"sameAs\":[\"https:\\\/\\\/www.facebook.com\\\/strassenweb\\\/\"]},{\"@type\":\"Person\",\"@id\":\"https:\\\/\\\/www.strassenweb.de\\\/nachrichten\\\/#\\\/schema\\\/person\\\/87c9c9067f1211da429a744dc5a5aa41\",\"name\":\"Robert Hoffmann\",\"image\":{\"@type\":\"ImageObject\",\"inLanguage\":\"de\",\"@id\":\"https:\\\/\\\/www.strassenweb.de\\\/nachrichten\\\/wp-content\\\/uploads\\\/2024\\\/09\\\/strassenweb-150x150.jpg\",\"url\":\"https:\\\/\\\/www.strassenweb.de\\\/nachrichten\\\/wp-content\\\/uploads\\\/2024\\\/09\\\/strassenweb-150x150.jpg\",\"contentUrl\":\"https:\\\/\\\/www.strassenweb.de\\\/nachrichten\\\/wp-content\\\/uploads\\\/2024\\\/09\\\/strassenweb-150x150.jpg\",\"caption\":\"Robert Hoffmann\"},\"description\":\"Ich hei\u00dfe Robert Hoffmann und ich bin ein leidenschaftlicher Verfechter von \u00d6kologie und Biodiversit\u00e4t. Seit meiner Kindheit in den W\u00e4ldern Bayerns f\u00fchle ich mich mit der Natur verbunden und bin entschlossen, sie zu sch\u00fctzen. Heute widme ich mein Leben der Sensibilisierung anderer f\u00fcr die Bedeutung des Umweltschutzes f\u00fcr zuk\u00fcnftige Generationen.\",\"sameAs\":[\"https:\\\/\\\/www.strassenweb.de\\\/\"]}]}<\/script>\n<!-- \/ Yoast SEO plugin. -->","yoast_head_json":{"title":"Der Meeresspiegel im Mittelmeer k\u00f6nnte dreimal schneller steigen als erwartet - Nachrichten - Stra\u00dfenweb","robots":{"index":"index","follow":"follow","max-snippet":"max-snippet:-1","max-image-preview":"max-image-preview:large","max-video-preview":"max-video-preview:-1"},"canonical":"https:\/\/www.strassenweb.de\/nachrichten\/der-meeresspiegel-im-mittelmeer-koennte-dreimal-schneller-steigen-als-erwartet\/","og_locale":"de_DE","og_type":"article","og_title":"Der Meeresspiegel im Mittelmeer k\u00f6nnte dreimal schneller steigen als erwartet - Nachrichten - Stra\u00dfenweb","og_description":"Neue wissenschaftliche Analysen sorgen f\u00fcr Aufmerksamkeit in der Klimaforschung: Der Meeresspiegel im Mittelmeer k\u00f6nnte deutlich schneller steigen als bisher angenommen. Einige Modelle deuten darauf hin,","og_url":"https:\/\/www.strassenweb.de\/nachrichten\/der-meeresspiegel-im-mittelmeer-koennte-dreimal-schneller-steigen-als-erwartet\/","og_site_name":"Stra\u00dfenweb","article_publisher":"https:\/\/www.facebook.com\/strassenweb\/","article_published_time":"2026-03-05T09:55:02+00:00","article_modified_time":"2026-03-05T09:55:03+00:00","og_image":[{"width":1980,"height":1080,"url":"https:\/\/www.strassenweb.de\/nachrichten\/wp-content\/uploads\/2026\/03\/Der-Meeresspiegel-im-Mittelmeer-koennte-dreimal-schneller-steigen-als-erwartet-1.jpg","type":"image\/jpeg"}],"author":"Robert Hoffmann","twitter_card":"summary_large_image","twitter_misc":{"Verfasst von":"Robert Hoffmann","Gesch\u00e4tzte Lesezeit":"2\u00a0Minuten"},"schema":{"@context":"https:\/\/schema.org","@graph":[{"@type":"Article","@id":"https:\/\/www.strassenweb.de\/nachrichten\/der-meeresspiegel-im-mittelmeer-koennte-dreimal-schneller-steigen-als-erwartet\/#article","isPartOf":{"@id":"https:\/\/www.strassenweb.de\/nachrichten\/der-meeresspiegel-im-mittelmeer-koennte-dreimal-schneller-steigen-als-erwartet\/"},"author":{"name":"Robert Hoffmann","@id":"https:\/\/www.strassenweb.de\/nachrichten\/#\/schema\/person\/87c9c9067f1211da429a744dc5a5aa41"},"headline":"Der Meeresspiegel im Mittelmeer k\u00f6nnte dreimal schneller steigen als erwartet","datePublished":"2026-03-05T09:55:02+00:00","dateModified":"2026-03-05T09:55:03+00:00","mainEntityOfPage":{"@id":"https:\/\/www.strassenweb.de\/nachrichten\/der-meeresspiegel-im-mittelmeer-koennte-dreimal-schneller-steigen-als-erwartet\/"},"wordCount":397,"publisher":{"@id":"https:\/\/www.strassenweb.de\/nachrichten\/#organization"},"image":{"@id":"https:\/\/www.strassenweb.de\/nachrichten\/der-meeresspiegel-im-mittelmeer-koennte-dreimal-schneller-steigen-als-erwartet\/#primaryimage"},"thumbnailUrl":"https:\/\/www.strassenweb.de\/nachrichten\/wp-content\/uploads\/2026\/03\/Der-Meeresspiegel-im-Mittelmeer-koennte-dreimal-schneller-steigen-als-erwartet-1.jpg","articleSection":["\u00d6kologie"],"inLanguage":"de"},{"@type":"WebPage","@id":"https:\/\/www.strassenweb.de\/nachrichten\/der-meeresspiegel-im-mittelmeer-koennte-dreimal-schneller-steigen-als-erwartet\/","url":"https:\/\/www.strassenweb.de\/nachrichten\/der-meeresspiegel-im-mittelmeer-koennte-dreimal-schneller-steigen-als-erwartet\/","name":"Der Meeresspiegel im Mittelmeer k\u00f6nnte dreimal schneller steigen als erwartet - Nachrichten - Stra\u00dfenweb","isPartOf":{"@id":"https:\/\/www.strassenweb.de\/nachrichten\/#website"},"primaryImageOfPage":{"@id":"https:\/\/www.strassenweb.de\/nachrichten\/der-meeresspiegel-im-mittelmeer-koennte-dreimal-schneller-steigen-als-erwartet\/#primaryimage"},"image":{"@id":"https:\/\/www.strassenweb.de\/nachrichten\/der-meeresspiegel-im-mittelmeer-koennte-dreimal-schneller-steigen-als-erwartet\/#primaryimage"},"thumbnailUrl":"https:\/\/www.strassenweb.de\/nachrichten\/wp-content\/uploads\/2026\/03\/Der-Meeresspiegel-im-Mittelmeer-koennte-dreimal-schneller-steigen-als-erwartet-1.jpg","datePublished":"2026-03-05T09:55:02+00:00","dateModified":"2026-03-05T09:55:03+00:00","breadcrumb":{"@id":"https:\/\/www.strassenweb.de\/nachrichten\/der-meeresspiegel-im-mittelmeer-koennte-dreimal-schneller-steigen-als-erwartet\/#breadcrumb"},"inLanguage":"de","potentialAction":[{"@type":"ReadAction","target":["https:\/\/www.strassenweb.de\/nachrichten\/der-meeresspiegel-im-mittelmeer-koennte-dreimal-schneller-steigen-als-erwartet\/"]}]},{"@type":"ImageObject","inLanguage":"de","@id":"https:\/\/www.strassenweb.de\/nachrichten\/der-meeresspiegel-im-mittelmeer-koennte-dreimal-schneller-steigen-als-erwartet\/#primaryimage","url":"https:\/\/www.strassenweb.de\/nachrichten\/wp-content\/uploads\/2026\/03\/Der-Meeresspiegel-im-Mittelmeer-koennte-dreimal-schneller-steigen-als-erwartet-1.jpg","contentUrl":"https:\/\/www.strassenweb.de\/nachrichten\/wp-content\/uploads\/2026\/03\/Der-Meeresspiegel-im-Mittelmeer-koennte-dreimal-schneller-steigen-als-erwartet-1.jpg","width":1980,"height":1080},{"@type":"BreadcrumbList","@id":"https:\/\/www.strassenweb.de\/nachrichten\/der-meeresspiegel-im-mittelmeer-koennte-dreimal-schneller-steigen-als-erwartet\/#breadcrumb","itemListElement":[{"@type":"ListItem","position":1,"name":"Home","item":"https:\/\/www.strassenweb.de\/nachrichten\/"},{"@type":"ListItem","position":2,"name":"Der Meeresspiegel im Mittelmeer k\u00f6nnte dreimal schneller steigen als erwartet"}]},{"@type":"WebSite","@id":"https:\/\/www.strassenweb.de\/nachrichten\/#website","url":"https:\/\/www.strassenweb.de\/nachrichten\/","name":"Stra\u00dfenweb","description":"Stra\u00dfenverzeichnis f\u00fcr Deutschland","publisher":{"@id":"https:\/\/www.strassenweb.de\/nachrichten\/#organization"},"potentialAction":[{"@type":"SearchAction","target":{"@type":"EntryPoint","urlTemplate":"https:\/\/www.strassenweb.de\/nachrichten\/?s={search_term_string}"},"query-input":{"@type":"PropertyValueSpecification","valueRequired":true,"valueName":"search_term_string"}}],"inLanguage":"de"},{"@type":"Organization","@id":"https:\/\/www.strassenweb.de\/nachrichten\/#organization","name":"Stra\u00dfenweb","url":"https:\/\/www.strassenweb.de\/nachrichten\/","logo":{"@type":"ImageObject","inLanguage":"de","@id":"https:\/\/www.strassenweb.de\/nachrichten\/#\/schema\/logo\/image\/","url":"https:\/\/www.strassenweb.de\/nachrichten\/wp-content\/uploads\/2024\/09\/cropped-favicon.png","contentUrl":"https:\/\/www.strassenweb.de\/nachrichten\/wp-content\/uploads\/2024\/09\/cropped-favicon.png","width":512,"height":512,"caption":"Stra\u00dfenweb"},"image":{"@id":"https:\/\/www.strassenweb.de\/nachrichten\/#\/schema\/logo\/image\/"},"sameAs":["https:\/\/www.facebook.com\/strassenweb\/"]},{"@type":"Person","@id":"https:\/\/www.strassenweb.de\/nachrichten\/#\/schema\/person\/87c9c9067f1211da429a744dc5a5aa41","name":"Robert Hoffmann","image":{"@type":"ImageObject","inLanguage":"de","@id":"https:\/\/www.strassenweb.de\/nachrichten\/wp-content\/uploads\/2024\/09\/strassenweb-150x150.jpg","url":"https:\/\/www.strassenweb.de\/nachrichten\/wp-content\/uploads\/2024\/09\/strassenweb-150x150.jpg","contentUrl":"https:\/\/www.strassenweb.de\/nachrichten\/wp-content\/uploads\/2024\/09\/strassenweb-150x150.jpg","caption":"Robert Hoffmann"},"description":"Ich hei\u00dfe Robert Hoffmann und ich bin ein leidenschaftlicher Verfechter von \u00d6kologie und Biodiversit\u00e4t. Seit meiner Kindheit in den W\u00e4ldern Bayerns f\u00fchle ich mich mit der Natur verbunden und bin entschlossen, sie zu sch\u00fctzen. Heute widme ich mein Leben der Sensibilisierung anderer f\u00fcr die Bedeutung des Umweltschutzes f\u00fcr zuk\u00fcnftige Generationen.","sameAs":["https:\/\/www.strassenweb.de\/"]}]}},"_links":{"self":[{"href":"https:\/\/www.strassenweb.de\/nachrichten\/wp-json\/wp\/v2\/posts\/11749","targetHints":{"allow":["GET"]}}],"collection":[{"href":"https:\/\/www.strassenweb.de\/nachrichten\/wp-json\/wp\/v2\/posts"}],"about":[{"href":"https:\/\/www.strassenweb.de\/nachrichten\/wp-json\/wp\/v2\/types\/post"}],"author":[{"embeddable":true,"href":"https:\/\/www.strassenweb.de\/nachrichten\/wp-json\/wp\/v2\/users\/1"}],"replies":[{"embeddable":true,"href":"https:\/\/www.strassenweb.de\/nachrichten\/wp-json\/wp\/v2\/comments?post=11749"}],"version-history":[{"count":0,"href":"https:\/\/www.strassenweb.de\/nachrichten\/wp-json\/wp\/v2\/posts\/11749\/revisions"}],"wp:featuredmedia":[{"embeddable":true,"href":"https:\/\/www.strassenweb.de\/nachrichten\/wp-json\/wp\/v2\/media\/11750"}],"wp:attachment":[{"href":"https:\/\/www.strassenweb.de\/nachrichten\/wp-json\/wp\/v2\/media?parent=11749"}],"wp:term":[{"taxonomy":"category","embeddable":true,"href":"https:\/\/www.strassenweb.de\/nachrichten\/wp-json\/wp\/v2\/categories?post=11749"},{"taxonomy":"post_tag","embeddable":true,"href":"https:\/\/www.strassenweb.de\/nachrichten\/wp-json\/wp\/v2\/tags?post=11749"}],"curies":[{"name":"wp","href":"https:\/\/api.w.org\/{rel}","templated":true}]}}