{"id":1169,"date":"2024-10-26T19:00:29","date_gmt":"2024-10-26T17:00:29","guid":{"rendered":"https:\/\/www.strassenweb.de\/nachrichten\/moechten-sie-ihre-pflanzen-im-jahr-2025-an-ihre-lackfarben-anpassen-so-verleihen-sie-den-angesagtesten-innentoenen-eine-botanische-note\/"},"modified":"2024-10-26T19:00:30","modified_gmt":"2024-10-26T17:00:30","slug":"moechten-sie-ihre-pflanzen-im-jahr-2025-an-ihre-lackfarben-anpassen-so-verleihen-sie-den-angesagtesten-innentoenen-eine-botanische-note","status":"publish","type":"post","link":"https:\/\/www.strassenweb.de\/nachrichten\/moechten-sie-ihre-pflanzen-im-jahr-2025-an-ihre-lackfarben-anpassen-so-verleihen-sie-den-angesagtesten-innentoenen-eine-botanische-note\/","title":{"rendered":"M\u00f6chten Sie Ihre Pflanzen im Jahr 2025 an Ihre Lackfarben anpassen? So verleihen Sie den angesagtesten Innent\u00f6nen eine botanische Note"},"content":{"rendered":"<p><\/p>\n<div id=\"article-body\" class=\"article__body \">\n<p>Wenn Sie von Innenr\u00e4umen besessen sind, ist es wahrscheinlich, dass Sie es bereits sind <em>au fait<\/em> mit den Lackfarben des Jahres 2025, die k\u00fcrzlich von f\u00fchrenden US-Farbmarken wie Sherwin-Williams und Behr angek\u00fcndigt wurden. Die Farben reichen von satten, erdigen Rott\u00f6nen bis hin zu ruhigen Salbei- und Beiget\u00f6nen.<\/p>\n<div id=\"ad-unit-1\" class=\"ad-unit\"><\/div>\n<p>M\u00f6glicherweise m\u00f6chten Sie auch in Ihrem Au\u00dfenbereich mit den neuesten Farbtrends Schritt halten. Gibt es also eine bessere M\u00f6glichkeit, diese Farbt\u00f6ne zu erg\u00e4nzen, als mit passenden Pflanzen? Der Pflanzenz\u00fcchter Terra Nova Nurseries mit Sitz in Canby, Oregon, hat eine Liste von Bl\u00fctenpflanzen und Str\u00e4uchern zusammengestellt, die aufgrund ihrer trendigen Farbt\u00f6ne im n\u00e4chsten Jahr gefragt sein d\u00fcrften.<\/p>\n<p>Es wurden Pflanzenpaarungen ausgew\u00e4hlt, die zu Behrs Ger\u00fcchten passen; HGTV Home von Sherwin-Williams\u2018 Quietude; Minwax&#8217;s Violet; und Valspars Encore. Wenn Sie also nach M\u00f6glichkeiten suchen, Ihren Garten mit den angesagtesten neuen Farbt\u00f6nen zu harmonisieren, erfahren Sie hier, wie Sie Pflanzen im Jahr 2025 mit trendigen Farben kombinieren.<\/p>\n<div id=\"desktop-in-article\" class=\"in-article ad-unit\">\n<div id=\"desktop-taboola-mid-article\"><\/div>\n<\/div>\n<div id=\"mobile-in-article\" class=\"in-article ad-unit\">\n<div id=\"mobile-taboola-mid-article\"><\/div>\n<\/div>\n<figure class=\"van-image-figure inline-layout \" data-bordeaux-image-check>\n<div class=\"image-full-width-wrapper\">\n<div class=\"image-widthsetter\" style=\"max-width:2400px;\"><\/div>\n<\/div><figcaption class=\"inline-layout \">\n<div class=\"caption-text\">\n<p><em>  Artemisia Makana \u201eSilver\u201c ist eine atemberaubende botanische Anspielung auf Quietude<\/em> <\/p>\n<\/div>\n<\/figcaption><\/figure>\n<h2 id=\"how-to-pair-plants-with-on-trend-paint-colors-3\">So kombinieren Sie Pflanzen mit trendigen Lackfarben<\/h2>\n<aside class=\"hawk-nest\" data-block-type=\"embed\" data-render-type=\"fte\" data-skip=\"dealsy\" data-widget-type=\"seasonal\">\n<div class=\"hawk-master-widget-hawk-base-wrapper\"><\/div>\n<\/aside>\n<p>Diese Pflanzen wurden aufgrund ihrer Bl\u00fctent\u00f6ne, Laubt\u00f6ne, subtilen Akzente innerhalb der Blatttexturen und ihrer allgemeinen Tonharmonie mit den ausgew\u00e4hlten Farbtrends ausgew\u00e4hlt.<\/p>\n<div class=\"van_vid_carousel\">\n<div class=\"van_vid_carousel__padding\">\n<div class=\"van_vid_carousel__container\"><\/div>\n<\/div>\n<\/div>\n<p>\u201eDie Farben des Jahres 2025 bieten ein vielf\u00e4ltiges Spektrum an Farbt\u00f6nen, die sowohl anpassungsf\u00e4hig als auch ausdrucksstark sind\u201c, sagt Chuck Pavlich, Leiter der Entwicklung neuer Produkte bei Terra Nova Nurseries.<\/p>\n<div id=\"ad-unit-2\" class=\"ad-unit\"><\/div>\n<p>\u201eUnsere kuratierte Pflanzenliste passt nicht nur zu diesen Trendt\u00f6nen, sondern dient auch als Quelle kreativer Inspiration f\u00fcr G\u00e4rtner und Landschaftsgestalter, die f\u00fcr das kommende Jahr stilvolle Farben in ihre Garten- und Landschafts\u00e4sthetik integrieren m\u00f6chten.\u201c<\/p>\n<h3 class=\"article-body__section\" id=\"section-plants-to-pair-with-behr-s-rumors\"><span>Pflanzen, die zu Behr&#8217;s Rumours passen<\/span><\/h3>\n<figure class=\"van-image-figure inline-layout \" data-bordeaux-image-check>\n<div class=\"image-full-width-wrapper\">\n<div class=\"image-widthsetter\" style=\"max-width:2400px;\"><\/div>\n<\/div><figcaption class=\"inline-layout \">\n<div class=\"caption-text\">\n<p><em>Heuchera \u201eBerry Marmalade\u201c ist eine erdige Widerspiegelung von Behrs Ger\u00fcchten<\/em><\/p>\n<\/div>\n<\/figcaption><\/figure>\n<p>Rumours ist ein sattes Rubinrot, das eine moderne und dennoch warme Interpretation eines zeitlosen Klassikers bietet. <em>H&#038;G<\/em>Emily Moorman, Paint &#038; Color-Redakteurin von &#8217;s, sagt, es handele sich um einen raffinierten Farbton, der \u201edank der unerwarteten Rottheorie mit der allgemeinen Anziehungskraft \u00fcbereinstimmt, die wir in der Designwelt f\u00fcr Dekorationen mit Rot gesehen haben.\u201c<\/p>\n<div id=\"slice-container-newsletterForm-articleInbodyContent-csux9gzZHtaZLMc95Nar3k\" class=\"slice-container newsletter-inbodyContent-slice newsletterForm-articleInbodyContent-csux9gzZHtaZLMc95Nar3k slice-container-newsletterForm\"><\/div>\n<p>Die herausragende Pflanze, die die tiefroten Untert\u00f6ne von Rumours widerspiegelt, ist zweifellos Heuchera, auch Korallenglocken genannt. Das satte, samtartige Laub der Heuchera-Pflanzen passt zum warmen Gef\u00fchl dieses tiefen Rottons.<\/p>\n<p>Insbesondere nennen die Experten von Terra Nova Heuchera-Sorten wie \u201eBerry Marmalade\u201c, \u201eNorthern Exposure\u201c\u2122 und \u201eFire Alarm\u201c sowie Heucherella \u201ePeach Tea\u201c.<\/p>\n<p>Heucherella \u201eRedstone Falls\u201c zeichnet sich auch durch sein rubinrotes, schmetterlingsartiges Laub aus, das den Reichtum der Rumours-Palette erg\u00e4nzt.<\/p>\n<p>Wenn Sie Heuchera anbauen m\u00f6chten, w\u00e4hlen Sie einen schattigen Standort, da diese Stauden auch in dunkleren Ecken Ihres Gartens gedeihen. Staun\u00e4sse gef\u00e4llt ihnen nicht, also pflanzen Sie sie in Beh\u00e4lter oder sorgen Sie f\u00fcr eine gute Drainage, indem Sie etwas Splitt oder Vermiculit (erh\u00e4ltlich bei Amazon) und gut verrotteten Mist oder Kompost in den Boden geben. Sie sind robust gegen\u00fcber der USDA-Zone 4.<\/p>\n<p><strong>F\u00fcr kr\u00e4ftigere, erdige T\u00f6ne versuchen Sie Folgendes: <\/strong><\/p>\n<p><em>Coreopsis <\/em>\u201eRubinfrost\u201c<\/p>\n<p><em>Fetthenne<\/em> \u201eDunkle Magie\u201c<\/p>\n<p><em>Coreopsis <\/em>\u201eBengalischer Tiger\u201c<\/p>\n<h3 class=\"article-body__section\" id=\"section-plants-to-pair-with-hgtv-home-by-sherwin-williams-quietude\"><span>Pflanzen zur Kombination mit HGTV Home von Sherwin-Williams&#8216; Quietude <\/span><\/h3>\n<figure class=\"van-image-figure inline-layout \" data-bordeaux-image-check>\n<div class=\"image-full-width-wrapper\">\n<div class=\"image-widthsetter\" style=\"max-width:2400px;\"><\/div>\n<\/div><figcaption class=\"inline-layout \">\n<div class=\"caption-text\">\n<p><em>Pulmonaria \u201eRaspberry Frost\u201c hat eine beruhigende und entspannende Wirkung<\/em><\/p>\n<\/div>\n<\/figcaption><\/figure>\n<p>Der Farbton Quietude von HGTV Home by Sherwin-Williams ist ein sanftes Salbeigr\u00fcn, das Gef\u00fchle von Ruhe und Gelassenheit hervorruft. Die Marke beschreibt es als \u201ek\u00fchles Salbeigr\u00fcn mit einem leichten blauen Unterton\u201c.<\/p>\n<p>Es ist ein eleganter und entspannender Farbton und eignet sich m\u00fchelos f\u00fcr beruhigende Pflanzen, was praktisch sein k\u00f6nnte, wenn Sie sich f\u00fcr achtsames G\u00e4rtnern und die besten Pflanzen f\u00fcr die geistige Gesundheit interessieren.<\/p>\n<p>Terra Nova hat zwei Sorten identifiziert <em>Pulmonaria <\/em>(auch als Lungenkraut bekannt) \u2013 \u201eSilver Scimitar\u201c und \u201eRaspberry Frost\u201c \u2013 die mit ihrem weichen, gr\u00fcnen Laub die beruhigende Wirkung dieses Farbtons wunderbar zum Ausdruck bringen.<\/p>\n<p>Wie Heuchera ist auch Pulmonaria eine Pflanze, die gerne im Schatten steht. Au\u00dferdem ist es bienenfreundlich und mag feuchte, gut durchl\u00e4ssige Erde. Es w\u00e4chst am besten in den USDA-Winterh\u00e4rtezonen 3\u20139.<\/p>\n<p><strong>F\u00fcr k\u00fchlere, beruhigendere Untert\u00f6ne versuchen Sie Folgendes:<\/strong><\/p>\n<p><em>Brunnera <\/em>\u201eJack Frost<\/p>\n<p><em>Centaurea <\/em>\u201eSchneeeule\u201c<\/p>\n<p><em>Fetthenne <\/em>&#8218;Yachthafen&#8216;<\/p>\n<h3 class=\"article-body__section\" id=\"section-plants-to-pair-with-minmax-s-violet\"><span>Pflanzen, die mit Minmax&#8217;s Violet kombiniert werden k\u00f6nnen<\/span><\/h3>\n<figure class=\"van-image-figure inline-layout \" data-bordeaux-image-check>\n<div class=\"image-full-width-wrapper\">\n<div class=\"image-widthsetter\" style=\"max-width:2400px;\"><\/div>\n<\/div><figcaption class=\"inline-layout \">\n<div class=\"caption-text\">\n<p><em>Nepeta \u201eBlue Dragon\u201c erinnert an die Freude und Verspieltheit von Minmaxs Violet<\/em><\/p>\n<\/div>\n<\/figcaption><\/figure>\n<p>Violett von Minwax liefert einen einzigartigen Lilaton, der eine Balance zwischen kr\u00e4ftig und modern und klassischer Eleganz schafft. Seine juwelenfarbenen Farbt\u00f6ne sind recht verspielt und, wie Emily Moorman sagt, \u201eso gestaltet, dass es Freude ins Zuhause bringt\u201c.<\/p>\n<p>Wenn Sie im Jahr 2025 mit Lila dekorieren m\u00f6chten, spiegelt sich dieser Farbton und dieses Gef\u00fchl wunderbar in Terra Nova wider <em>Nepeta <\/em>\u201eBlauer Drache\u201c.<\/p>\n<p><em>Nepeta<\/em>auch als Katzenminze bekannt, ist einfach zu z\u00fcchten und eine herrlich duftende Staude f\u00fcr den Bauerngarten. Best\u00e4uber lieben es und es erfreut den Gro\u00dfteil des Fr\u00fchlings und Sommers mit eleganten violetten Bl\u00fcten. Es ist d\u00fcrretolerant und bevorzugt einen steinigeren Boden gegen\u00fcber schwerem Lehm. Es gedeiht in den USDA-Winterh\u00e4rtezonen 3-8.<\/p>\n<p><strong>Versuchen Sie f\u00fcr kr\u00e4ftigere, elegantere Farbt\u00f6ne: <\/strong><\/p>\n<p><em>Plectranthus <\/em>\u201eSamtiger Elvis\u201c<\/p>\n<p><em>Thalictrum <\/em>\u201eSchwarze Str\u00fcmpfe\u201c<\/p>\n<h3 class=\"article-body__section\" id=\"section-plants-to-pair-with-valspar-s-encore\"><span>  Pflanzen, die mit Valspars Encore kombiniert werden k\u00f6nnen<\/span><\/h3>\n<figure class=\"van-image-figure inline-layout \" data-bordeaux-image-check>\n<div class=\"image-full-width-wrapper\">\n<div class=\"image-widthsetter\" style=\"max-width:2400px;\"><\/div>\n<\/div><figcaption class=\"inline-layout \">\n<div class=\"caption-text\">\n<p><em>Corydalis \u201eBlue Heron\u201c emuliert den luxuri\u00f6sen Farbton von Valspars Encore<\/em><\/p>\n<\/div>\n<\/figcaption><\/figure>\n<p>Valspars Farbe des Jahres ist Encore \u2013 ein satter, luxuri\u00f6ser Tiefblauton, der unverwechselbar und kr\u00e4ftig und dennoch vielseitig ist.<\/p>\n<p>Es gibt nicht sehr viele echte blaue Blumen, aber wenn es darum geht, Pflanzen mit trendigen Farben zu kombinieren, ahmen diese den Luxus und die Raffinesse des Encore-Farbtons nach.<\/p>\n<p><em>Corydalis<\/em> \u201eBlue Heron\u201c ist ein perfektes Beispiel \u2013 eine Pflanze mit auff\u00e4lliger, opulenter Farbe und einem verspielten Unterton. Corydalis, eine weitere wertvolle Staude, die gut im Halbschatten w\u00e4chst, profitiert von einem Langzeitd\u00fcnger wie dem organischen Plant Magic-D\u00fcnger von Amazon, der im Fr\u00fchjahr ausgebracht wird, um die Bl\u00fctezeit zu verl\u00e4ngern. Winterhart in den Zonen 5\u20139<\/p>\n<p><strong>Versuchen Sie auch zeitlose, kr\u00e4ftige Farben:<\/strong><\/p>\n<p>Pulmonaria Nova\u00ae &#8218;Cobalt&#8216;<\/p>\n<p>Lithodora &#8218;Gold &#8217;n Sapphires&#8216;<\/p>\n<hr>\n<p>Wenn Sie an noch mehr Bepflanzungs- und Gartentrends interessiert sind, erfahren Sie bei uns alles \u00fcber veraltete Vorgartentrends und erfahren, was sie im Jahr 2025 ersetzen wird. Vielleicht m\u00f6chten Sie sich auch die neuesten Wintergartentrends ansehen \u2013 um Ihren Hinterhof mitzubringen Auch in der k\u00e4lteren Jahreszeit immer auf dem neuesten Stand.<\/p>\n<\/div>\n","protected":false},"excerpt":{"rendered":"<p>Wenn Sie von Innenr\u00e4umen besessen sind, ist es wahrscheinlich, dass Sie es bereits sind au fait mit den Lackfarben des Jahres 2025, die k\u00fcrzlich von<\/p>\n","protected":false},"author":1,"featured_media":1170,"comment_status":"closed","ping_status":"","sticky":false,"template":"","format":"standard","meta":{"footnotes":""},"categories":[118],"tags":[2240,2239,2242,78,74,225,2241,384,1995,647,1389,246,165,783],"class_list":["post-1169","post","type-post","status-publish","format-standard","has-post-thumbnail","hentry","category-haus-garten","tag-angesagtesten","tag-anpassen","tag-botanische","tag-den","tag-eine","tag-ihre","tag-innentoenen","tag-jahr","tag-lackfarben","tag-moechten","tag-note","tag-pflanzen","tag-sie","tag-verleihen","generate-columns","tablet-grid-50","mobile-grid-100","grid-parent","grid-50"],"yoast_head":"<!-- This site is optimized with the Yoast SEO plugin v27.3 - https:\/\/yoast.com\/product\/yoast-seo-wordpress\/ -->\n<title>M\u00f6chten Sie Ihre Pflanzen im Jahr 2025 an Ihre Lackfarben anpassen? So verleihen Sie den angesagtesten Innent\u00f6nen eine botanische Note - Nachrichten - Stra\u00dfenweb<\/title>\n<meta name=\"robots\" content=\"index, follow, max-snippet:-1, max-image-preview:large, max-video-preview:-1\" \/>\n<link rel=\"canonical\" href=\"https:\/\/www.strassenweb.de\/nachrichten\/moechten-sie-ihre-pflanzen-im-jahr-2025-an-ihre-lackfarben-anpassen-so-verleihen-sie-den-angesagtesten-innentoenen-eine-botanische-note\/\" \/>\n<meta property=\"og:locale\" content=\"de_DE\" \/>\n<meta property=\"og:type\" content=\"article\" \/>\n<meta property=\"og:title\" content=\"M\u00f6chten Sie Ihre Pflanzen im Jahr 2025 an Ihre Lackfarben anpassen? So verleihen Sie den angesagtesten Innent\u00f6nen eine botanische Note - Nachrichten - Stra\u00dfenweb\" \/>\n<meta property=\"og:description\" content=\"Wenn Sie von Innenr\u00e4umen besessen sind, ist es wahrscheinlich, dass Sie es bereits sind au fait mit den Lackfarben des Jahres 2025, die k\u00fcrzlich von\" \/>\n<meta property=\"og:url\" content=\"https:\/\/www.strassenweb.de\/nachrichten\/moechten-sie-ihre-pflanzen-im-jahr-2025-an-ihre-lackfarben-anpassen-so-verleihen-sie-den-angesagtesten-innentoenen-eine-botanische-note\/\" \/>\n<meta property=\"og:site_name\" content=\"Stra\u00dfenweb\" \/>\n<meta property=\"article:publisher\" content=\"https:\/\/www.facebook.com\/strassenweb\/\" \/>\n<meta property=\"article:published_time\" content=\"2024-10-26T17:00:29+00:00\" \/>\n<meta property=\"article:modified_time\" content=\"2024-10-26T17:00:30+00:00\" \/>\n<meta property=\"og:image\" content=\"https:\/\/www.strassenweb.de\/nachrichten\/wp-content\/uploads\/2024\/10\/Moechten-Sie-Ihre-Pflanzen-im-Jahr-2025-an-Ihre-Lackfarben.jpg\" \/>\n\t<meta property=\"og:image:width\" content=\"1200\" \/>\n\t<meta property=\"og:image:height\" content=\"675\" \/>\n\t<meta property=\"og:image:type\" content=\"image\/jpeg\" \/>\n<meta name=\"author\" content=\"Robert Hoffmann\" \/>\n<meta name=\"twitter:card\" content=\"summary_large_image\" \/>\n<meta name=\"twitter:label1\" content=\"Verfasst von\" \/>\n\t<meta name=\"twitter:data1\" content=\"Robert Hoffmann\" \/>\n\t<meta name=\"twitter:label2\" content=\"Gesch\u00e4tzte Lesezeit\" \/>\n\t<meta name=\"twitter:data2\" content=\"5\u00a0Minuten\" \/>\n<script type=\"application\/ld+json\" class=\"yoast-schema-graph\">{\"@context\":\"https:\\\/\\\/schema.org\",\"@graph\":[{\"@type\":\"Article\",\"@id\":\"https:\\\/\\\/www.strassenweb.de\\\/nachrichten\\\/moechten-sie-ihre-pflanzen-im-jahr-2025-an-ihre-lackfarben-anpassen-so-verleihen-sie-den-angesagtesten-innentoenen-eine-botanische-note\\\/#article\",\"isPartOf\":{\"@id\":\"https:\\\/\\\/www.strassenweb.de\\\/nachrichten\\\/moechten-sie-ihre-pflanzen-im-jahr-2025-an-ihre-lackfarben-anpassen-so-verleihen-sie-den-angesagtesten-innentoenen-eine-botanische-note\\\/\"},\"author\":{\"name\":\"Robert Hoffmann\",\"@id\":\"https:\\\/\\\/www.strassenweb.de\\\/nachrichten\\\/#\\\/schema\\\/person\\\/87c9c9067f1211da429a744dc5a5aa41\"},\"headline\":\"M\u00f6chten Sie Ihre Pflanzen im Jahr 2025 an Ihre Lackfarben anpassen? So verleihen Sie den angesagtesten Innent\u00f6nen eine botanische Note\",\"datePublished\":\"2024-10-26T17:00:29+00:00\",\"dateModified\":\"2024-10-26T17:00:30+00:00\",\"mainEntityOfPage\":{\"@id\":\"https:\\\/\\\/www.strassenweb.de\\\/nachrichten\\\/moechten-sie-ihre-pflanzen-im-jahr-2025-an-ihre-lackfarben-anpassen-so-verleihen-sie-den-angesagtesten-innentoenen-eine-botanische-note\\\/\"},\"wordCount\":1063,\"publisher\":{\"@id\":\"https:\\\/\\\/www.strassenweb.de\\\/nachrichten\\\/#organization\"},\"image\":{\"@id\":\"https:\\\/\\\/www.strassenweb.de\\\/nachrichten\\\/moechten-sie-ihre-pflanzen-im-jahr-2025-an-ihre-lackfarben-anpassen-so-verleihen-sie-den-angesagtesten-innentoenen-eine-botanische-note\\\/#primaryimage\"},\"thumbnailUrl\":\"https:\\\/\\\/www.strassenweb.de\\\/nachrichten\\\/wp-content\\\/uploads\\\/2024\\\/10\\\/Moechten-Sie-Ihre-Pflanzen-im-Jahr-2025-an-Ihre-Lackfarben.jpg\",\"keywords\":[\"angesagtesten\",\"anpassen\",\"botanische\",\"den\",\"eine\",\"ihre\",\"Innent\u00f6nen\",\"Jahr\",\"Lackfarben\",\"M\u00f6chten\",\"Note\",\"Pflanzen\",\"Sie\",\"verleihen\"],\"articleSection\":[\"Haus &amp; Garten\"],\"inLanguage\":\"de\"},{\"@type\":\"WebPage\",\"@id\":\"https:\\\/\\\/www.strassenweb.de\\\/nachrichten\\\/moechten-sie-ihre-pflanzen-im-jahr-2025-an-ihre-lackfarben-anpassen-so-verleihen-sie-den-angesagtesten-innentoenen-eine-botanische-note\\\/\",\"url\":\"https:\\\/\\\/www.strassenweb.de\\\/nachrichten\\\/moechten-sie-ihre-pflanzen-im-jahr-2025-an-ihre-lackfarben-anpassen-so-verleihen-sie-den-angesagtesten-innentoenen-eine-botanische-note\\\/\",\"name\":\"M\u00f6chten Sie Ihre Pflanzen im Jahr 2025 an Ihre Lackfarben anpassen? So verleihen Sie den angesagtesten Innent\u00f6nen eine botanische Note - Nachrichten - Stra\u00dfenweb\",\"isPartOf\":{\"@id\":\"https:\\\/\\\/www.strassenweb.de\\\/nachrichten\\\/#website\"},\"primaryImageOfPage\":{\"@id\":\"https:\\\/\\\/www.strassenweb.de\\\/nachrichten\\\/moechten-sie-ihre-pflanzen-im-jahr-2025-an-ihre-lackfarben-anpassen-so-verleihen-sie-den-angesagtesten-innentoenen-eine-botanische-note\\\/#primaryimage\"},\"image\":{\"@id\":\"https:\\\/\\\/www.strassenweb.de\\\/nachrichten\\\/moechten-sie-ihre-pflanzen-im-jahr-2025-an-ihre-lackfarben-anpassen-so-verleihen-sie-den-angesagtesten-innentoenen-eine-botanische-note\\\/#primaryimage\"},\"thumbnailUrl\":\"https:\\\/\\\/www.strassenweb.de\\\/nachrichten\\\/wp-content\\\/uploads\\\/2024\\\/10\\\/Moechten-Sie-Ihre-Pflanzen-im-Jahr-2025-an-Ihre-Lackfarben.jpg\",\"datePublished\":\"2024-10-26T17:00:29+00:00\",\"dateModified\":\"2024-10-26T17:00:30+00:00\",\"breadcrumb\":{\"@id\":\"https:\\\/\\\/www.strassenweb.de\\\/nachrichten\\\/moechten-sie-ihre-pflanzen-im-jahr-2025-an-ihre-lackfarben-anpassen-so-verleihen-sie-den-angesagtesten-innentoenen-eine-botanische-note\\\/#breadcrumb\"},\"inLanguage\":\"de\",\"potentialAction\":[{\"@type\":\"ReadAction\",\"target\":[\"https:\\\/\\\/www.strassenweb.de\\\/nachrichten\\\/moechten-sie-ihre-pflanzen-im-jahr-2025-an-ihre-lackfarben-anpassen-so-verleihen-sie-den-angesagtesten-innentoenen-eine-botanische-note\\\/\"]}]},{\"@type\":\"ImageObject\",\"inLanguage\":\"de\",\"@id\":\"https:\\\/\\\/www.strassenweb.de\\\/nachrichten\\\/moechten-sie-ihre-pflanzen-im-jahr-2025-an-ihre-lackfarben-anpassen-so-verleihen-sie-den-angesagtesten-innentoenen-eine-botanische-note\\\/#primaryimage\",\"url\":\"https:\\\/\\\/www.strassenweb.de\\\/nachrichten\\\/wp-content\\\/uploads\\\/2024\\\/10\\\/Moechten-Sie-Ihre-Pflanzen-im-Jahr-2025-an-Ihre-Lackfarben.jpg\",\"contentUrl\":\"https:\\\/\\\/www.strassenweb.de\\\/nachrichten\\\/wp-content\\\/uploads\\\/2024\\\/10\\\/Moechten-Sie-Ihre-Pflanzen-im-Jahr-2025-an-Ihre-Lackfarben.jpg\",\"width\":1200,\"height\":675,\"caption\":\"M\u00f6chten Sie Ihre Pflanzen im Jahr 2025 an Ihre Lackfarben anpassen? So verleihen Sie den angesagtesten Innent\u00f6nen eine botanische Note\"},{\"@type\":\"BreadcrumbList\",\"@id\":\"https:\\\/\\\/www.strassenweb.de\\\/nachrichten\\\/moechten-sie-ihre-pflanzen-im-jahr-2025-an-ihre-lackfarben-anpassen-so-verleihen-sie-den-angesagtesten-innentoenen-eine-botanische-note\\\/#breadcrumb\",\"itemListElement\":[{\"@type\":\"ListItem\",\"position\":1,\"name\":\"Home\",\"item\":\"https:\\\/\\\/www.strassenweb.de\\\/nachrichten\\\/\"},{\"@type\":\"ListItem\",\"position\":2,\"name\":\"M\u00f6chten Sie Ihre Pflanzen im Jahr 2025 an Ihre Lackfarben anpassen? So verleihen Sie den angesagtesten Innent\u00f6nen eine botanische Note\"}]},{\"@type\":\"WebSite\",\"@id\":\"https:\\\/\\\/www.strassenweb.de\\\/nachrichten\\\/#website\",\"url\":\"https:\\\/\\\/www.strassenweb.de\\\/nachrichten\\\/\",\"name\":\"Stra\u00dfenweb\",\"description\":\"Stra\u00dfenverzeichnis f\u00fcr Deutschland\",\"publisher\":{\"@id\":\"https:\\\/\\\/www.strassenweb.de\\\/nachrichten\\\/#organization\"},\"potentialAction\":[{\"@type\":\"SearchAction\",\"target\":{\"@type\":\"EntryPoint\",\"urlTemplate\":\"https:\\\/\\\/www.strassenweb.de\\\/nachrichten\\\/?s={search_term_string}\"},\"query-input\":{\"@type\":\"PropertyValueSpecification\",\"valueRequired\":true,\"valueName\":\"search_term_string\"}}],\"inLanguage\":\"de\"},{\"@type\":\"Organization\",\"@id\":\"https:\\\/\\\/www.strassenweb.de\\\/nachrichten\\\/#organization\",\"name\":\"Stra\u00dfenweb\",\"url\":\"https:\\\/\\\/www.strassenweb.de\\\/nachrichten\\\/\",\"logo\":{\"@type\":\"ImageObject\",\"inLanguage\":\"de\",\"@id\":\"https:\\\/\\\/www.strassenweb.de\\\/nachrichten\\\/#\\\/schema\\\/logo\\\/image\\\/\",\"url\":\"https:\\\/\\\/www.strassenweb.de\\\/nachrichten\\\/wp-content\\\/uploads\\\/2024\\\/09\\\/cropped-favicon.png\",\"contentUrl\":\"https:\\\/\\\/www.strassenweb.de\\\/nachrichten\\\/wp-content\\\/uploads\\\/2024\\\/09\\\/cropped-favicon.png\",\"width\":512,\"height\":512,\"caption\":\"Stra\u00dfenweb\"},\"image\":{\"@id\":\"https:\\\/\\\/www.strassenweb.de\\\/nachrichten\\\/#\\\/schema\\\/logo\\\/image\\\/\"},\"sameAs\":[\"https:\\\/\\\/www.facebook.com\\\/strassenweb\\\/\"]},{\"@type\":\"Person\",\"@id\":\"https:\\\/\\\/www.strassenweb.de\\\/nachrichten\\\/#\\\/schema\\\/person\\\/87c9c9067f1211da429a744dc5a5aa41\",\"name\":\"Robert Hoffmann\",\"image\":{\"@type\":\"ImageObject\",\"inLanguage\":\"de\",\"@id\":\"https:\\\/\\\/www.strassenweb.de\\\/nachrichten\\\/wp-content\\\/uploads\\\/2024\\\/09\\\/strassenweb-150x150.jpg\",\"url\":\"https:\\\/\\\/www.strassenweb.de\\\/nachrichten\\\/wp-content\\\/uploads\\\/2024\\\/09\\\/strassenweb-150x150.jpg\",\"contentUrl\":\"https:\\\/\\\/www.strassenweb.de\\\/nachrichten\\\/wp-content\\\/uploads\\\/2024\\\/09\\\/strassenweb-150x150.jpg\",\"caption\":\"Robert Hoffmann\"},\"description\":\"Ich hei\u00dfe Robert Hoffmann und ich bin ein leidenschaftlicher Verfechter von \u00d6kologie und Biodiversit\u00e4t. Seit meiner Kindheit in den W\u00e4ldern Bayerns f\u00fchle ich mich mit der Natur verbunden und bin entschlossen, sie zu sch\u00fctzen. Heute widme ich mein Leben der Sensibilisierung anderer f\u00fcr die Bedeutung des Umweltschutzes f\u00fcr zuk\u00fcnftige Generationen.\",\"sameAs\":[\"https:\\\/\\\/www.strassenweb.de\\\/\"]}]}<\/script>\n<!-- \/ Yoast SEO plugin. -->","yoast_head_json":{"title":"M\u00f6chten Sie Ihre Pflanzen im Jahr 2025 an Ihre Lackfarben anpassen? So verleihen Sie den angesagtesten Innent\u00f6nen eine botanische Note - Nachrichten - Stra\u00dfenweb","robots":{"index":"index","follow":"follow","max-snippet":"max-snippet:-1","max-image-preview":"max-image-preview:large","max-video-preview":"max-video-preview:-1"},"canonical":"https:\/\/www.strassenweb.de\/nachrichten\/moechten-sie-ihre-pflanzen-im-jahr-2025-an-ihre-lackfarben-anpassen-so-verleihen-sie-den-angesagtesten-innentoenen-eine-botanische-note\/","og_locale":"de_DE","og_type":"article","og_title":"M\u00f6chten Sie Ihre Pflanzen im Jahr 2025 an Ihre Lackfarben anpassen? So verleihen Sie den angesagtesten Innent\u00f6nen eine botanische Note - Nachrichten - Stra\u00dfenweb","og_description":"Wenn Sie von Innenr\u00e4umen besessen sind, ist es wahrscheinlich, dass Sie es bereits sind au fait mit den Lackfarben des Jahres 2025, die k\u00fcrzlich von","og_url":"https:\/\/www.strassenweb.de\/nachrichten\/moechten-sie-ihre-pflanzen-im-jahr-2025-an-ihre-lackfarben-anpassen-so-verleihen-sie-den-angesagtesten-innentoenen-eine-botanische-note\/","og_site_name":"Stra\u00dfenweb","article_publisher":"https:\/\/www.facebook.com\/strassenweb\/","article_published_time":"2024-10-26T17:00:29+00:00","article_modified_time":"2024-10-26T17:00:30+00:00","og_image":[{"width":1200,"height":675,"url":"https:\/\/www.strassenweb.de\/nachrichten\/wp-content\/uploads\/2024\/10\/Moechten-Sie-Ihre-Pflanzen-im-Jahr-2025-an-Ihre-Lackfarben.jpg","type":"image\/jpeg"}],"author":"Robert Hoffmann","twitter_card":"summary_large_image","twitter_misc":{"Verfasst von":"Robert Hoffmann","Gesch\u00e4tzte Lesezeit":"5\u00a0Minuten"},"schema":{"@context":"https:\/\/schema.org","@graph":[{"@type":"Article","@id":"https:\/\/www.strassenweb.de\/nachrichten\/moechten-sie-ihre-pflanzen-im-jahr-2025-an-ihre-lackfarben-anpassen-so-verleihen-sie-den-angesagtesten-innentoenen-eine-botanische-note\/#article","isPartOf":{"@id":"https:\/\/www.strassenweb.de\/nachrichten\/moechten-sie-ihre-pflanzen-im-jahr-2025-an-ihre-lackfarben-anpassen-so-verleihen-sie-den-angesagtesten-innentoenen-eine-botanische-note\/"},"author":{"name":"Robert Hoffmann","@id":"https:\/\/www.strassenweb.de\/nachrichten\/#\/schema\/person\/87c9c9067f1211da429a744dc5a5aa41"},"headline":"M\u00f6chten Sie Ihre Pflanzen im Jahr 2025 an Ihre Lackfarben anpassen? So verleihen Sie den angesagtesten Innent\u00f6nen eine botanische Note","datePublished":"2024-10-26T17:00:29+00:00","dateModified":"2024-10-26T17:00:30+00:00","mainEntityOfPage":{"@id":"https:\/\/www.strassenweb.de\/nachrichten\/moechten-sie-ihre-pflanzen-im-jahr-2025-an-ihre-lackfarben-anpassen-so-verleihen-sie-den-angesagtesten-innentoenen-eine-botanische-note\/"},"wordCount":1063,"publisher":{"@id":"https:\/\/www.strassenweb.de\/nachrichten\/#organization"},"image":{"@id":"https:\/\/www.strassenweb.de\/nachrichten\/moechten-sie-ihre-pflanzen-im-jahr-2025-an-ihre-lackfarben-anpassen-so-verleihen-sie-den-angesagtesten-innentoenen-eine-botanische-note\/#primaryimage"},"thumbnailUrl":"https:\/\/www.strassenweb.de\/nachrichten\/wp-content\/uploads\/2024\/10\/Moechten-Sie-Ihre-Pflanzen-im-Jahr-2025-an-Ihre-Lackfarben.jpg","keywords":["angesagtesten","anpassen","botanische","den","eine","ihre","Innent\u00f6nen","Jahr","Lackfarben","M\u00f6chten","Note","Pflanzen","Sie","verleihen"],"articleSection":["Haus &amp; Garten"],"inLanguage":"de"},{"@type":"WebPage","@id":"https:\/\/www.strassenweb.de\/nachrichten\/moechten-sie-ihre-pflanzen-im-jahr-2025-an-ihre-lackfarben-anpassen-so-verleihen-sie-den-angesagtesten-innentoenen-eine-botanische-note\/","url":"https:\/\/www.strassenweb.de\/nachrichten\/moechten-sie-ihre-pflanzen-im-jahr-2025-an-ihre-lackfarben-anpassen-so-verleihen-sie-den-angesagtesten-innentoenen-eine-botanische-note\/","name":"M\u00f6chten Sie Ihre Pflanzen im Jahr 2025 an Ihre Lackfarben anpassen? So verleihen Sie den angesagtesten Innent\u00f6nen eine botanische Note - Nachrichten - Stra\u00dfenweb","isPartOf":{"@id":"https:\/\/www.strassenweb.de\/nachrichten\/#website"},"primaryImageOfPage":{"@id":"https:\/\/www.strassenweb.de\/nachrichten\/moechten-sie-ihre-pflanzen-im-jahr-2025-an-ihre-lackfarben-anpassen-so-verleihen-sie-den-angesagtesten-innentoenen-eine-botanische-note\/#primaryimage"},"image":{"@id":"https:\/\/www.strassenweb.de\/nachrichten\/moechten-sie-ihre-pflanzen-im-jahr-2025-an-ihre-lackfarben-anpassen-so-verleihen-sie-den-angesagtesten-innentoenen-eine-botanische-note\/#primaryimage"},"thumbnailUrl":"https:\/\/www.strassenweb.de\/nachrichten\/wp-content\/uploads\/2024\/10\/Moechten-Sie-Ihre-Pflanzen-im-Jahr-2025-an-Ihre-Lackfarben.jpg","datePublished":"2024-10-26T17:00:29+00:00","dateModified":"2024-10-26T17:00:30+00:00","breadcrumb":{"@id":"https:\/\/www.strassenweb.de\/nachrichten\/moechten-sie-ihre-pflanzen-im-jahr-2025-an-ihre-lackfarben-anpassen-so-verleihen-sie-den-angesagtesten-innentoenen-eine-botanische-note\/#breadcrumb"},"inLanguage":"de","potentialAction":[{"@type":"ReadAction","target":["https:\/\/www.strassenweb.de\/nachrichten\/moechten-sie-ihre-pflanzen-im-jahr-2025-an-ihre-lackfarben-anpassen-so-verleihen-sie-den-angesagtesten-innentoenen-eine-botanische-note\/"]}]},{"@type":"ImageObject","inLanguage":"de","@id":"https:\/\/www.strassenweb.de\/nachrichten\/moechten-sie-ihre-pflanzen-im-jahr-2025-an-ihre-lackfarben-anpassen-so-verleihen-sie-den-angesagtesten-innentoenen-eine-botanische-note\/#primaryimage","url":"https:\/\/www.strassenweb.de\/nachrichten\/wp-content\/uploads\/2024\/10\/Moechten-Sie-Ihre-Pflanzen-im-Jahr-2025-an-Ihre-Lackfarben.jpg","contentUrl":"https:\/\/www.strassenweb.de\/nachrichten\/wp-content\/uploads\/2024\/10\/Moechten-Sie-Ihre-Pflanzen-im-Jahr-2025-an-Ihre-Lackfarben.jpg","width":1200,"height":675,"caption":"M\u00f6chten Sie Ihre Pflanzen im Jahr 2025 an Ihre Lackfarben anpassen? So verleihen Sie den angesagtesten Innent\u00f6nen eine botanische Note"},{"@type":"BreadcrumbList","@id":"https:\/\/www.strassenweb.de\/nachrichten\/moechten-sie-ihre-pflanzen-im-jahr-2025-an-ihre-lackfarben-anpassen-so-verleihen-sie-den-angesagtesten-innentoenen-eine-botanische-note\/#breadcrumb","itemListElement":[{"@type":"ListItem","position":1,"name":"Home","item":"https:\/\/www.strassenweb.de\/nachrichten\/"},{"@type":"ListItem","position":2,"name":"M\u00f6chten Sie Ihre Pflanzen im Jahr 2025 an Ihre Lackfarben anpassen? So verleihen Sie den angesagtesten Innent\u00f6nen eine botanische Note"}]},{"@type":"WebSite","@id":"https:\/\/www.strassenweb.de\/nachrichten\/#website","url":"https:\/\/www.strassenweb.de\/nachrichten\/","name":"Stra\u00dfenweb","description":"Stra\u00dfenverzeichnis f\u00fcr Deutschland","publisher":{"@id":"https:\/\/www.strassenweb.de\/nachrichten\/#organization"},"potentialAction":[{"@type":"SearchAction","target":{"@type":"EntryPoint","urlTemplate":"https:\/\/www.strassenweb.de\/nachrichten\/?s={search_term_string}"},"query-input":{"@type":"PropertyValueSpecification","valueRequired":true,"valueName":"search_term_string"}}],"inLanguage":"de"},{"@type":"Organization","@id":"https:\/\/www.strassenweb.de\/nachrichten\/#organization","name":"Stra\u00dfenweb","url":"https:\/\/www.strassenweb.de\/nachrichten\/","logo":{"@type":"ImageObject","inLanguage":"de","@id":"https:\/\/www.strassenweb.de\/nachrichten\/#\/schema\/logo\/image\/","url":"https:\/\/www.strassenweb.de\/nachrichten\/wp-content\/uploads\/2024\/09\/cropped-favicon.png","contentUrl":"https:\/\/www.strassenweb.de\/nachrichten\/wp-content\/uploads\/2024\/09\/cropped-favicon.png","width":512,"height":512,"caption":"Stra\u00dfenweb"},"image":{"@id":"https:\/\/www.strassenweb.de\/nachrichten\/#\/schema\/logo\/image\/"},"sameAs":["https:\/\/www.facebook.com\/strassenweb\/"]},{"@type":"Person","@id":"https:\/\/www.strassenweb.de\/nachrichten\/#\/schema\/person\/87c9c9067f1211da429a744dc5a5aa41","name":"Robert Hoffmann","image":{"@type":"ImageObject","inLanguage":"de","@id":"https:\/\/www.strassenweb.de\/nachrichten\/wp-content\/uploads\/2024\/09\/strassenweb-150x150.jpg","url":"https:\/\/www.strassenweb.de\/nachrichten\/wp-content\/uploads\/2024\/09\/strassenweb-150x150.jpg","contentUrl":"https:\/\/www.strassenweb.de\/nachrichten\/wp-content\/uploads\/2024\/09\/strassenweb-150x150.jpg","caption":"Robert Hoffmann"},"description":"Ich hei\u00dfe Robert Hoffmann und ich bin ein leidenschaftlicher Verfechter von \u00d6kologie und Biodiversit\u00e4t. Seit meiner Kindheit in den W\u00e4ldern Bayerns f\u00fchle ich mich mit der Natur verbunden und bin entschlossen, sie zu sch\u00fctzen. Heute widme ich mein Leben der Sensibilisierung anderer f\u00fcr die Bedeutung des Umweltschutzes f\u00fcr zuk\u00fcnftige Generationen.","sameAs":["https:\/\/www.strassenweb.de\/"]}]}},"_links":{"self":[{"href":"https:\/\/www.strassenweb.de\/nachrichten\/wp-json\/wp\/v2\/posts\/1169","targetHints":{"allow":["GET"]}}],"collection":[{"href":"https:\/\/www.strassenweb.de\/nachrichten\/wp-json\/wp\/v2\/posts"}],"about":[{"href":"https:\/\/www.strassenweb.de\/nachrichten\/wp-json\/wp\/v2\/types\/post"}],"author":[{"embeddable":true,"href":"https:\/\/www.strassenweb.de\/nachrichten\/wp-json\/wp\/v2\/users\/1"}],"replies":[{"embeddable":true,"href":"https:\/\/www.strassenweb.de\/nachrichten\/wp-json\/wp\/v2\/comments?post=1169"}],"version-history":[{"count":0,"href":"https:\/\/www.strassenweb.de\/nachrichten\/wp-json\/wp\/v2\/posts\/1169\/revisions"}],"wp:featuredmedia":[{"embeddable":true,"href":"https:\/\/www.strassenweb.de\/nachrichten\/wp-json\/wp\/v2\/media\/1170"}],"wp:attachment":[{"href":"https:\/\/www.strassenweb.de\/nachrichten\/wp-json\/wp\/v2\/media?parent=1169"}],"wp:term":[{"taxonomy":"category","embeddable":true,"href":"https:\/\/www.strassenweb.de\/nachrichten\/wp-json\/wp\/v2\/categories?post=1169"},{"taxonomy":"post_tag","embeddable":true,"href":"https:\/\/www.strassenweb.de\/nachrichten\/wp-json\/wp\/v2\/tags?post=1169"}],"curies":[{"name":"wp","href":"https:\/\/api.w.org\/{rel}","templated":true}]}}