{"id":1166,"date":"2024-10-26T14:39:35","date_gmt":"2024-10-26T12:39:35","guid":{"rendered":"https:\/\/www.strassenweb.de\/nachrichten\/beste-ziergraeser-fuer-den-winter-5-sorten-fuer-farbe-und-textur-in-den-kaelteren-monaten-des-jahres\/"},"modified":"2024-10-26T14:39:37","modified_gmt":"2024-10-26T12:39:37","slug":"beste-ziergraeser-fuer-den-winter-5-sorten-fuer-farbe-und-textur-in-den-kaelteren-monaten-des-jahres","status":"publish","type":"post","link":"https:\/\/www.strassenweb.de\/nachrichten\/beste-ziergraeser-fuer-den-winter-5-sorten-fuer-farbe-und-textur-in-den-kaelteren-monaten-des-jahres\/","title":{"rendered":"Beste Ziergr\u00e4ser f\u00fcr den Winter \u2013 5 Sorten f\u00fcr Farbe und Textur in den k\u00e4lteren Monaten des Jahres"},"content":{"rendered":"<p><\/p>\n<div id=\"article-body\" class=\"article__body \">\n<p>Ziergr\u00e4ser sind vielf\u00e4ltige und sch\u00f6ne Pflanzen. Ganz gleich, ob Sie wie ich von einheimischen Pr\u00e4riegr\u00e4sern fasziniert sind, die \u00fcberall in den Vereinigten Staaten zu finden sind, oder ob Sie vielleicht die \u00fcppigen gr\u00fcnen Halme des japanischen Waldgrases von weiter weg genie\u00dfen, Gr\u00e4ser sind ein Muss f\u00fcr jeden Raum.<\/p>\n<div id=\"ad-unit-1\" class=\"ad-unit\"><\/div>\n<p>Ziergr\u00e4ser bieten sowohl Struktur als auch Textur und k\u00f6nnen auf unterschiedliche Weise eingesetzt werden, sei es in wiesen\u00e4hnlichen Designs mit wilder Ausstrahlung oder in modernen G\u00e4rten mit aufrechtem Gefieder, das Form und Stil bietet. Welche Gr\u00e4ser auch immer angebaut und wie auch immer sie gepflanzt werden, sie bieten auch eine bemerkenswerte Saisonalit\u00e4t. Ziergr\u00e4ser erwachen im Herbst und Winter zum Leben und nehmen eine Reihe von Goldt\u00f6nen an, um die ged\u00e4mpfte Winterlandschaft zu unterstreichen.<\/p>\n<p>Wenn Sie Ihrem Grundst\u00fcck also ein wenig Winterzauber verleihen m\u00f6chten, sind Ziergr\u00e4ser m\u00f6glicherweise genau die Pflanzen, die Sie zum Wachsen brauchen. Mein Rat: Stellen Sie Gartenschere und Astschere zur\u00fcck in den Gartenschuppen und lassen Sie diese spektakul\u00e4ren Pflanzen den ganzen Dezember und Januar hindurch strahlen. Hier stelle ich f\u00fcnf von Experten empfohlene Pflanzen vor, darunter einige der besten einheimischen Gr\u00e4ser, die dazu beitragen, dass Ihre Rabatten in den Wintermonaten interessant bleiben.<\/p>\n<div id=\"desktop-in-article\" class=\"in-article ad-unit\">\n<div id=\"desktop-taboola-mid-article\"><\/div>\n<\/div>\n<div id=\"mobile-in-article\" class=\"in-article ad-unit\">\n<div id=\"mobile-taboola-mid-article\"><\/div>\n<\/div>\n<figure class=\"van-image-figure inline-layout \" data-bordeaux-image-check>\n<div class=\"image-full-width-wrapper\">\n<div class=\"image-widthsetter\" style=\"max-width:2000px;\"><\/div>\n<\/div>\n<\/figure>\n<h2 id=\"best-ornamental-grasses-for-winter-interest-3\">Beste Ziergr\u00e4ser f\u00fcr den Winter<\/h2>\n<aside class=\"hawk-nest\" data-block-type=\"embed\" data-render-type=\"fte\" data-skip=\"dealsy\" data-widget-type=\"seasonal\">\n<div class=\"hawk-master-widget-hawk-base-wrapper\"><\/div>\n<\/aside>\n<p>W\u00e4hrend goldene Grashalme und sterbende Samenk\u00f6pfe, die sich sanft im Wind bewegen, Beete und T\u00f6pfe unbestreitbar anheben k\u00f6nnen, bietet das Stehenlassen von Ziergr\u00e4sern im Winter auch Vorteile, die \u00fcber die blo\u00dfe \u00c4sthetik hinausgehen. Gr\u00e4ser sind ein Zufluchtsort f\u00fcr Wildtiere und bieten Schutz und Nahrung f\u00fcr V\u00f6gel, Insekten und kleine S\u00e4ugetiere. Wenn Sie Ideen f\u00fcr einen Wildgarten mit geringem Pflegeaufwand haben m\u00f6chten, f\u00fcgen Sie einige dieser Ziergr\u00e4ser als winterliche Attraktion zu Ihrem Grundst\u00fcck hinzu.<\/p>\n<div class=\"van_vid_carousel\">\n<div class=\"van_vid_carousel__padding\">\n<div class=\"van_vid_carousel__container\"><\/div>\n<\/div>\n<\/div>\n<h3 class=\"article-body__section\" id=\"section-1-japanese-forest-grass\"><span>1. Japanisches Waldgras<\/span><\/h3>\n<figure class=\"van-image-figure inline-layout \" data-bordeaux-image-check>\n<div class=\"image-full-width-wrapper\">\n<div class=\"image-widthsetter\" style=\"max-width:2400px;\"><\/div>\n<\/div>\n<\/figure>\n<p>Japanisches Waldgras, oder <em>Hakonechloa macra, <\/em>ist ein strukturiertes Ziergras, das in Japan endemisch ist. Diese Art gilt als eine der besten Pflanzen f\u00fcr japanische G\u00e4rten und hat dicke Bl\u00e4tter, die sanfte H\u00fcgel aus kaskadenf\u00f6rmigem Laub bilden.<\/p>\n<div id=\"ad-unit-2\" class=\"ad-unit\"><\/div>\n<p>Als ehemaliger professioneller G\u00e4rtner habe ich diese Pflanze f\u00fcr viele Kunden in ganz London angebaut und kann ihre saisonale Brillanz bezeugen. Limettengr\u00fcn im Sommer, goldbraun im Winter \u2013 eine Zierpflanze, die das ganze Jahr \u00fcber interessant sein kann. Der Schnitt erfolgt normalerweise im zeitigen Fr\u00fchjahr, bevor neues Wachstum zu sprie\u00dfen beginnt.<\/p>\n<p>Japanisches Waldgras gedeiht am besten in der US-Winterh\u00e4rtezone 5 bis zur US-Winterh\u00e4rtezone 9. Es kann in Rabatten oder T\u00f6pfen angebaut werden und bevorzugt gesprenkelte bis volle Schatten, w\u00e4chst aber auch in hellen, sonnigen G\u00e4rten. Meiner Erfahrung nach gedeiht diese Art am besten in leicht feuchten B\u00f6den, wie man sie beispielsweise in einem Waldgebiet findet.<\/p>\n<p>\u201eJapanisches Waldgras wird oft in kleinen H\u00f6fen, Terrassen oder Dachg\u00e4rten verwendet und ist ideal, um st\u00e4dtischen G\u00e4rten Farbe, Textur und Klang zu verleihen\u201c, sagt der in New York ans\u00e4ssige Gartendesigner Dima Rumiantcev. \u201eMit seiner gew\u00f6lbten Form ver\u00e4ndert sich das japanische Waldgras im Herbst und Winter von gr\u00fcnen zu goldbraunen Farbt\u00f6nen und bleibt trotz des kalten Wetters interessant.\u201c<\/p>\n<p>Japanische Waldgras-Starterpflanzen k\u00f6nnen bei Walmart bestellt werden.<\/p>\n<h3 class=\"article-body__section\" id=\"section-2-blue-grama\"><span>2. Blaues Gramm<\/span><\/h3>\n<figure class=\"van-image-figure inline-layout \" data-bordeaux-image-check>\n<div class=\"image-full-width-wrapper\">\n<div class=\"image-widthsetter\" style=\"max-width:2400px;\"><\/div>\n<\/div>\n<\/figure>\n<p><em>Bouteloua gracilis, <\/em>Allgemein bekannt als blaues Gramagras, ist eine attraktive einheimische Pr\u00e4riepflanze, die in den Great Plains und im gr\u00f6\u00dften Teil des Mittleren Westens w\u00e4chst. Ich habe diese aus Nordamerika stammende Pflanze in Gro\u00dfbritannien gez\u00fcchtet, und obwohl sie eine attraktive Sommerzierpflanze ist, sehen die ungew\u00f6hnlichen kamm- oder wimpernartigen Samenk\u00f6pfe in den Herbst- und Wintermonaten besonders beeindruckend aus.<\/p>\n<p>Dieses widerstandsf\u00e4hige Gras w\u00e4chst am besten in der US-Winterh\u00e4rtezone 3 plus, bevorzugt sonnige Standorte und ist au\u00dferdem bemerkenswert trockenheitstolerant und gedeiht in wiesen\u00e4hnlichen Umgebungen ohne zus\u00e4tzliche Bew\u00e4sserung im Sommer.<\/p>\n<p>\u201eEinheimische Gr\u00e4ser, so <em>Bouteloua<\/em>\u201eSind sicherlich eine dekorative und tierfreundliche Erg\u00e4nzung f\u00fcr jeden Garten\u201c, sagt Maya Argaman, Expertin f\u00fcr einheimische Pflanzen und Senior-Programmkoordinatorin f\u00fcr Gartenbau bei der California Native Plant Society. \u201eOb sie als Bodendecker, Unterholzpflanzen oder als ausdrucksstarke Stauden verwendet werden, Gr\u00e4ser sind Pflanzenkraftwerke.\u201c<\/p>\n<p>Blaue Grama-Grassamen k\u00f6nnen bei Walmart bestellt werden.<\/p>\n<h3 class=\"article-body__section\" id=\"section-3-needlegrass\"><span>3. Nadelgras<\/span><\/h3>\n<figure class=\"van-image-figure inline-layout \" data-bordeaux-image-check>\n<div class=\"image-full-width-wrapper\">\n<div class=\"image-widthsetter\" style=\"max-width:2400px;\"><\/div>\n<\/div>\n<\/figure>\n<p>F\u00fcr eine einheimische Pflanze, die sowohl vielseitig als auch pflegeleicht ist, <em>Stipa, <\/em>gemeinhin als Nadelgras bezeichnet, ist eine gute Art, die man in Betracht ziehen sollte. Viele einheimische Gr\u00e4ser, wie z. B. Nadelgras, k\u00f6nnen \u201ehart und vielseitig\u201c sein und hei\u00dfe Sommer und kalte Winter vertragen, \u201ewas sie zu einer widerstandsf\u00e4higen und zuverl\u00e4ssigen Erg\u00e4nzung f\u00fcr G\u00e4rten macht\u201c, f\u00fcgt Maya hinzu.<\/p>\n<p>Was den Anbau von Ziergr\u00e4sern betrifft, gedeiht das Nadelgras am besten in offenen, sonnigen G\u00e4rten mit viel Sonnenschein und gedeiht von der US-Winterh\u00e4rtezone 7 bis zur Zone 10.<\/p>\n<p>Mit \u00fcber 300 Arten von <em>Stipa<\/em>finden Sie mit Sicherheit eine, die Ihrem Geschmack und Ihren Vorlieben entspricht. Die Sorten sind in silbrigen Gr\u00fcnt\u00f6nen bis hin zu tiefen, satten Bronzet\u00f6nen erh\u00e4ltlich. Einer meiner Favoriten ist die Sorte \u201eGoldilocks\u201c, die gr\u00fcnes Laub mit goldenen hafer\u00e4hnlichen Samenk\u00f6pfen kombiniert und im Sp\u00e4tsommer genauso eindrucksvoll aussieht wie im Winter.<\/p>\n<p>Stipa-Samen k\u00f6nnen bei Amazon bestellt werden.<\/p>\n<h3 class=\"article-body__section\" id=\"section-4-switch-grass\"><span>4. Gras wechseln<\/span><\/h3>\n<figure class=\"van-image-figure inline-layout \" data-bordeaux-image-check>\n<div class=\"image-full-width-wrapper\">\n<div class=\"image-widthsetter\" style=\"max-width:2400px;\"><\/div>\n<\/div>\n<\/figure>\n<p>Switchgrass, oder <em>Panicum virgatum, <\/em>ist ein hohes, architektonisches Gras mit blaugr\u00fcnen Halmen, die im Winter purpurrot und orange werden. Sie ist in Nordamerika beheimatet und kommt in weiten Teilen der zentralen Graslandschaften und Pr\u00e4rien vor. Switchgrass ist sowohl winterhart als auch d\u00fcrretolerant und w\u00e4chst gut in den US-Winterh\u00e4rtezonen 3 bis 9.<\/p>\n<p>Wenn Sie auf der Suche nach Ziergr\u00e4sern f\u00fcr Privatsph\u00e4re sind, ist Rutenhirse eine gute Option, da viele Sorten eine H\u00f6he von \u00fcber 1,20 bis 1,50 m erreichen. Im Sommer \u00f6ffnen sich gro\u00dfe Rispen mit wei\u00dfen und rosa Bl\u00fcten, die bei einheimischen Best\u00e4ubern beliebt sind.<\/p>\n<p>Lassen Sie diese Samenk\u00f6pfe reifen, und trotz des Winterfrosts wird Rutenhirse weiterhin f\u00fcr Interesse im Garten sorgen.<\/p>\n<p>Lebende Panicum-Pflanzen sind bei Amazon erh\u00e4ltlich.<\/p>\n<h3 class=\"article-body__section\" id=\"section-5-feather-reed-grass\"><span>5. Federschilfgras<\/span><\/h3>\n<figure class=\"van-image-figure inline-layout \" data-bordeaux-image-check>\n<div class=\"image-full-width-wrapper\">\n<div class=\"image-widthsetter\" style=\"max-width:2400px;\"><\/div>\n<\/div>\n<\/figure>\n<p>Federschilfgras, oder <em>Calamagrostis, <\/em>ist bekannt f\u00fcr seinen m\u00e4chtigen, aufrechten Wuchs und eignet sich ideal, wenn Sie in Ihre vertikalen Gartenideen Pflanzen integrieren m\u00f6chten, um den Raum nach oben zu maximieren.<\/p>\n<p>Das in Europa beheimatete Federschilfgras zeigt eine bemerkenswerte saisonale Widerstandsf\u00e4higkeit und Interesse, wobei die markanten Samenk\u00f6pfe im Herbst und Winter bei starkem Wind und Regen aufrecht bleiben.<\/p>\n<p>Federschilfgras w\u00e4chst am besten in den US-Winterh\u00e4rtezonen 5 bis 9 und bevorzugt sonnige Rabatten. Es vertr\u00e4gt die meisten Bodenbedingungen, gedeiht aber in n\u00e4hrstoffreichen und feuchten Gebieten. Es kann bis zu 1,50 m hoch werden, daher w\u00fcrde ich empfehlen, es im hinteren Bereich des Beetes zu pflanzen.<\/p>\n<p>Lebende Pflanzen aus Federschilfgras sind bei Walmart erh\u00e4ltlich.<\/p>\n<h3 class=\"article-body__section\" id=\"section-faqs\"><span>FAQs<\/span><\/h3>\n<h2 id=\"when-is-a-good-time-to-plant-grasses-in-my-yard-3\">Wann ist ein guter Zeitpunkt, Gr\u00e4ser in meinem Garten zu pflanzen?<\/h2>\n<p>Der Herbst ist eine ideale Zeit zum Pflanzen von Ziergr\u00e4sern, da der Boden sowohl warm als auch feucht ist. Aus diesem Grund k\u00f6nnen sich Pflanzen schnell niederlassen und in Ihrem Garten Wurzeln schlagen, bevor das kalte Wetter einsetzt. Denken Sie daran, dass die meisten Gr\u00e4ser an sonnigen Standorten gedeihen. Pflanzen Sie Ihren Rasen daher an einem offenen Ort. Es ist auch eine gute Idee, nach dem Pflanzen eine 2,5 bis 5 cm dicke Mulchschicht aufzutragen, um Ihren neuen Gr\u00e4sern einen optimalen Start zu erm\u00f6glichen.<\/p>\n<hr>\n<p>Welche Gr\u00e4ser Sie auch anbauen m\u00f6chten, mulchen Sie sie unbedingt im Herbst und lassen Sie sie bis November, Dezember und Januar stehen. W\u00e4hrend sie anfangen k\u00f6nnen, verblasst und m\u00fcde auszusehen, werden die Samenk\u00f6pfe in den Wintermonaten f\u00fcr Interesse sorgen, und auch die heimische Tierwelt wird es Ihnen danken. Im M\u00e4rz ist es eine gute Idee, die Gr\u00e4ser bis auf einen Zentimeter \u00fcber dem Boden abzuschneiden, damit im Fr\u00fchjahr neues Wachstum entstehen kann.<\/p>\n<p>Weitere Inspirationen finden Sie in unserem Leitfaden zum Anbau von japanischem Blutgras, einer purpurroten Art, die in Ihrem Garten gl\u00e4nzt, oder in unserem Leitfaden zum Anbau von Blauschwingelgras, einer blaugr\u00fcnen Art, die in milden Regionen immergr\u00fcn und attraktiv ist und ungew\u00f6hnliches silbriges Laub.<\/p>\n<\/div>\n","protected":false},"excerpt":{"rendered":"<p>Ziergr\u00e4ser sind vielf\u00e4ltige und sch\u00f6ne Pflanzen. Ganz gleich, ob Sie wie ich von einheimischen Pr\u00e4riegr\u00e4sern fasziniert sind, die \u00fcberall in den Vereinigten Staaten zu finden<\/p>\n","protected":false},"author":1,"featured_media":1167,"comment_status":"closed","ping_status":"","sticky":false,"template":"","format":"standard","meta":{"footnotes":""},"categories":[118],"tags":[201,78,281,1202,55,282,1009,1699,247,1750,37,204,2238],"class_list":["post-1166","post","type-post","status-publish","format-standard","has-post-thumbnail","hentry","category-haus-garten","tag-beste","tag-den","tag-des","tag-farbe","tag-fuer","tag-jahres","tag-kaelteren","tag-monaten","tag-sorten","tag-textur","tag-und","tag-winter","tag-ziergraeser","generate-columns","tablet-grid-50","mobile-grid-100","grid-parent","grid-50"],"yoast_head":"<!-- This site is optimized with the Yoast SEO plugin v27.3 - https:\/\/yoast.com\/product\/yoast-seo-wordpress\/ -->\n<title>Beste Ziergr\u00e4ser f\u00fcr den Winter \u2013 5 Sorten f\u00fcr Farbe und Textur in den k\u00e4lteren Monaten des Jahres - Nachrichten - Stra\u00dfenweb<\/title>\n<meta name=\"robots\" content=\"index, follow, max-snippet:-1, max-image-preview:large, max-video-preview:-1\" \/>\n<link rel=\"canonical\" href=\"https:\/\/www.strassenweb.de\/nachrichten\/beste-ziergraeser-fuer-den-winter-5-sorten-fuer-farbe-und-textur-in-den-kaelteren-monaten-des-jahres\/\" \/>\n<meta property=\"og:locale\" content=\"de_DE\" \/>\n<meta property=\"og:type\" content=\"article\" \/>\n<meta property=\"og:title\" content=\"Beste Ziergr\u00e4ser f\u00fcr den Winter \u2013 5 Sorten f\u00fcr Farbe und Textur in den k\u00e4lteren Monaten des Jahres - Nachrichten - Stra\u00dfenweb\" \/>\n<meta property=\"og:description\" content=\"Ziergr\u00e4ser sind vielf\u00e4ltige und sch\u00f6ne Pflanzen. Ganz gleich, ob Sie wie ich von einheimischen Pr\u00e4riegr\u00e4sern fasziniert sind, die \u00fcberall in den Vereinigten Staaten zu finden\" \/>\n<meta property=\"og:url\" content=\"https:\/\/www.strassenweb.de\/nachrichten\/beste-ziergraeser-fuer-den-winter-5-sorten-fuer-farbe-und-textur-in-den-kaelteren-monaten-des-jahres\/\" \/>\n<meta property=\"og:site_name\" content=\"Stra\u00dfenweb\" \/>\n<meta property=\"article:publisher\" content=\"https:\/\/www.facebook.com\/strassenweb\/\" \/>\n<meta property=\"article:published_time\" content=\"2024-10-26T12:39:35+00:00\" \/>\n<meta property=\"article:modified_time\" content=\"2024-10-26T12:39:37+00:00\" \/>\n<meta property=\"og:image\" content=\"https:\/\/www.strassenweb.de\/nachrichten\/wp-content\/uploads\/2024\/10\/Beste-Ziergraeser-fuer-den-Winter-\u2013-5-Sorten-fuer-Farbe.jpg\" \/>\n\t<meta property=\"og:image:width\" content=\"1200\" \/>\n\t<meta property=\"og:image:height\" content=\"675\" \/>\n\t<meta property=\"og:image:type\" content=\"image\/jpeg\" \/>\n<meta name=\"author\" content=\"Robert Hoffmann\" \/>\n<meta name=\"twitter:card\" content=\"summary_large_image\" \/>\n<meta name=\"twitter:label1\" content=\"Verfasst von\" \/>\n\t<meta name=\"twitter:data1\" content=\"Robert Hoffmann\" \/>\n\t<meta name=\"twitter:label2\" content=\"Gesch\u00e4tzte Lesezeit\" \/>\n\t<meta name=\"twitter:data2\" content=\"7\u00a0Minuten\" \/>\n<script type=\"application\/ld+json\" class=\"yoast-schema-graph\">{\"@context\":\"https:\\\/\\\/schema.org\",\"@graph\":[{\"@type\":\"Article\",\"@id\":\"https:\\\/\\\/www.strassenweb.de\\\/nachrichten\\\/beste-ziergraeser-fuer-den-winter-5-sorten-fuer-farbe-und-textur-in-den-kaelteren-monaten-des-jahres\\\/#article\",\"isPartOf\":{\"@id\":\"https:\\\/\\\/www.strassenweb.de\\\/nachrichten\\\/beste-ziergraeser-fuer-den-winter-5-sorten-fuer-farbe-und-textur-in-den-kaelteren-monaten-des-jahres\\\/\"},\"author\":{\"name\":\"Robert Hoffmann\",\"@id\":\"https:\\\/\\\/www.strassenweb.de\\\/nachrichten\\\/#\\\/schema\\\/person\\\/87c9c9067f1211da429a744dc5a5aa41\"},\"headline\":\"Beste Ziergr\u00e4ser f\u00fcr den Winter \u2013 5 Sorten f\u00fcr Farbe und Textur in den k\u00e4lteren Monaten des Jahres\",\"datePublished\":\"2024-10-26T12:39:35+00:00\",\"dateModified\":\"2024-10-26T12:39:37+00:00\",\"mainEntityOfPage\":{\"@id\":\"https:\\\/\\\/www.strassenweb.de\\\/nachrichten\\\/beste-ziergraeser-fuer-den-winter-5-sorten-fuer-farbe-und-textur-in-den-kaelteren-monaten-des-jahres\\\/\"},\"wordCount\":1372,\"publisher\":{\"@id\":\"https:\\\/\\\/www.strassenweb.de\\\/nachrichten\\\/#organization\"},\"image\":{\"@id\":\"https:\\\/\\\/www.strassenweb.de\\\/nachrichten\\\/beste-ziergraeser-fuer-den-winter-5-sorten-fuer-farbe-und-textur-in-den-kaelteren-monaten-des-jahres\\\/#primaryimage\"},\"thumbnailUrl\":\"https:\\\/\\\/www.strassenweb.de\\\/nachrichten\\\/wp-content\\\/uploads\\\/2024\\\/10\\\/Beste-Ziergraeser-fuer-den-Winter-\u2013-5-Sorten-fuer-Farbe.jpg\",\"keywords\":[\"beste\",\"den\",\"des\",\"Farbe\",\"f\u00fcr\",\"Jahres\",\"k\u00e4lteren\",\"Monaten\",\"Sorten\",\"Textur\",\"und\",\"Winter\",\"Ziergr\u00e4ser\"],\"articleSection\":[\"Haus &amp; Garten\"],\"inLanguage\":\"de\"},{\"@type\":\"WebPage\",\"@id\":\"https:\\\/\\\/www.strassenweb.de\\\/nachrichten\\\/beste-ziergraeser-fuer-den-winter-5-sorten-fuer-farbe-und-textur-in-den-kaelteren-monaten-des-jahres\\\/\",\"url\":\"https:\\\/\\\/www.strassenweb.de\\\/nachrichten\\\/beste-ziergraeser-fuer-den-winter-5-sorten-fuer-farbe-und-textur-in-den-kaelteren-monaten-des-jahres\\\/\",\"name\":\"Beste Ziergr\u00e4ser f\u00fcr den Winter \u2013 5 Sorten f\u00fcr Farbe und Textur in den k\u00e4lteren Monaten des Jahres - Nachrichten - Stra\u00dfenweb\",\"isPartOf\":{\"@id\":\"https:\\\/\\\/www.strassenweb.de\\\/nachrichten\\\/#website\"},\"primaryImageOfPage\":{\"@id\":\"https:\\\/\\\/www.strassenweb.de\\\/nachrichten\\\/beste-ziergraeser-fuer-den-winter-5-sorten-fuer-farbe-und-textur-in-den-kaelteren-monaten-des-jahres\\\/#primaryimage\"},\"image\":{\"@id\":\"https:\\\/\\\/www.strassenweb.de\\\/nachrichten\\\/beste-ziergraeser-fuer-den-winter-5-sorten-fuer-farbe-und-textur-in-den-kaelteren-monaten-des-jahres\\\/#primaryimage\"},\"thumbnailUrl\":\"https:\\\/\\\/www.strassenweb.de\\\/nachrichten\\\/wp-content\\\/uploads\\\/2024\\\/10\\\/Beste-Ziergraeser-fuer-den-Winter-\u2013-5-Sorten-fuer-Farbe.jpg\",\"datePublished\":\"2024-10-26T12:39:35+00:00\",\"dateModified\":\"2024-10-26T12:39:37+00:00\",\"breadcrumb\":{\"@id\":\"https:\\\/\\\/www.strassenweb.de\\\/nachrichten\\\/beste-ziergraeser-fuer-den-winter-5-sorten-fuer-farbe-und-textur-in-den-kaelteren-monaten-des-jahres\\\/#breadcrumb\"},\"inLanguage\":\"de\",\"potentialAction\":[{\"@type\":\"ReadAction\",\"target\":[\"https:\\\/\\\/www.strassenweb.de\\\/nachrichten\\\/beste-ziergraeser-fuer-den-winter-5-sorten-fuer-farbe-und-textur-in-den-kaelteren-monaten-des-jahres\\\/\"]}]},{\"@type\":\"ImageObject\",\"inLanguage\":\"de\",\"@id\":\"https:\\\/\\\/www.strassenweb.de\\\/nachrichten\\\/beste-ziergraeser-fuer-den-winter-5-sorten-fuer-farbe-und-textur-in-den-kaelteren-monaten-des-jahres\\\/#primaryimage\",\"url\":\"https:\\\/\\\/www.strassenweb.de\\\/nachrichten\\\/wp-content\\\/uploads\\\/2024\\\/10\\\/Beste-Ziergraeser-fuer-den-Winter-\u2013-5-Sorten-fuer-Farbe.jpg\",\"contentUrl\":\"https:\\\/\\\/www.strassenweb.de\\\/nachrichten\\\/wp-content\\\/uploads\\\/2024\\\/10\\\/Beste-Ziergraeser-fuer-den-Winter-\u2013-5-Sorten-fuer-Farbe.jpg\",\"width\":1200,\"height\":675,\"caption\":\"Beste Ziergr\u00e4ser f\u00fcr den Winter \u2013 5 Sorten f\u00fcr Farbe und Textur in den k\u00e4lteren Monaten des Jahres\"},{\"@type\":\"BreadcrumbList\",\"@id\":\"https:\\\/\\\/www.strassenweb.de\\\/nachrichten\\\/beste-ziergraeser-fuer-den-winter-5-sorten-fuer-farbe-und-textur-in-den-kaelteren-monaten-des-jahres\\\/#breadcrumb\",\"itemListElement\":[{\"@type\":\"ListItem\",\"position\":1,\"name\":\"Home\",\"item\":\"https:\\\/\\\/www.strassenweb.de\\\/nachrichten\\\/\"},{\"@type\":\"ListItem\",\"position\":2,\"name\":\"Beste Ziergr\u00e4ser f\u00fcr den Winter \u2013 5 Sorten f\u00fcr Farbe und Textur in den k\u00e4lteren Monaten des Jahres\"}]},{\"@type\":\"WebSite\",\"@id\":\"https:\\\/\\\/www.strassenweb.de\\\/nachrichten\\\/#website\",\"url\":\"https:\\\/\\\/www.strassenweb.de\\\/nachrichten\\\/\",\"name\":\"Stra\u00dfenweb\",\"description\":\"Stra\u00dfenverzeichnis f\u00fcr Deutschland\",\"publisher\":{\"@id\":\"https:\\\/\\\/www.strassenweb.de\\\/nachrichten\\\/#organization\"},\"potentialAction\":[{\"@type\":\"SearchAction\",\"target\":{\"@type\":\"EntryPoint\",\"urlTemplate\":\"https:\\\/\\\/www.strassenweb.de\\\/nachrichten\\\/?s={search_term_string}\"},\"query-input\":{\"@type\":\"PropertyValueSpecification\",\"valueRequired\":true,\"valueName\":\"search_term_string\"}}],\"inLanguage\":\"de\"},{\"@type\":\"Organization\",\"@id\":\"https:\\\/\\\/www.strassenweb.de\\\/nachrichten\\\/#organization\",\"name\":\"Stra\u00dfenweb\",\"url\":\"https:\\\/\\\/www.strassenweb.de\\\/nachrichten\\\/\",\"logo\":{\"@type\":\"ImageObject\",\"inLanguage\":\"de\",\"@id\":\"https:\\\/\\\/www.strassenweb.de\\\/nachrichten\\\/#\\\/schema\\\/logo\\\/image\\\/\",\"url\":\"https:\\\/\\\/www.strassenweb.de\\\/nachrichten\\\/wp-content\\\/uploads\\\/2024\\\/09\\\/cropped-favicon.png\",\"contentUrl\":\"https:\\\/\\\/www.strassenweb.de\\\/nachrichten\\\/wp-content\\\/uploads\\\/2024\\\/09\\\/cropped-favicon.png\",\"width\":512,\"height\":512,\"caption\":\"Stra\u00dfenweb\"},\"image\":{\"@id\":\"https:\\\/\\\/www.strassenweb.de\\\/nachrichten\\\/#\\\/schema\\\/logo\\\/image\\\/\"},\"sameAs\":[\"https:\\\/\\\/www.facebook.com\\\/strassenweb\\\/\"]},{\"@type\":\"Person\",\"@id\":\"https:\\\/\\\/www.strassenweb.de\\\/nachrichten\\\/#\\\/schema\\\/person\\\/87c9c9067f1211da429a744dc5a5aa41\",\"name\":\"Robert Hoffmann\",\"image\":{\"@type\":\"ImageObject\",\"inLanguage\":\"de\",\"@id\":\"https:\\\/\\\/www.strassenweb.de\\\/nachrichten\\\/wp-content\\\/uploads\\\/2024\\\/09\\\/strassenweb-150x150.jpg\",\"url\":\"https:\\\/\\\/www.strassenweb.de\\\/nachrichten\\\/wp-content\\\/uploads\\\/2024\\\/09\\\/strassenweb-150x150.jpg\",\"contentUrl\":\"https:\\\/\\\/www.strassenweb.de\\\/nachrichten\\\/wp-content\\\/uploads\\\/2024\\\/09\\\/strassenweb-150x150.jpg\",\"caption\":\"Robert Hoffmann\"},\"description\":\"Ich hei\u00dfe Robert Hoffmann und ich bin ein leidenschaftlicher Verfechter von \u00d6kologie und Biodiversit\u00e4t. Seit meiner Kindheit in den W\u00e4ldern Bayerns f\u00fchle ich mich mit der Natur verbunden und bin entschlossen, sie zu sch\u00fctzen. Heute widme ich mein Leben der Sensibilisierung anderer f\u00fcr die Bedeutung des Umweltschutzes f\u00fcr zuk\u00fcnftige Generationen.\",\"sameAs\":[\"https:\\\/\\\/www.strassenweb.de\\\/\"]}]}<\/script>\n<!-- \/ Yoast SEO plugin. -->","yoast_head_json":{"title":"Beste Ziergr\u00e4ser f\u00fcr den Winter \u2013 5 Sorten f\u00fcr Farbe und Textur in den k\u00e4lteren Monaten des Jahres - Nachrichten - Stra\u00dfenweb","robots":{"index":"index","follow":"follow","max-snippet":"max-snippet:-1","max-image-preview":"max-image-preview:large","max-video-preview":"max-video-preview:-1"},"canonical":"https:\/\/www.strassenweb.de\/nachrichten\/beste-ziergraeser-fuer-den-winter-5-sorten-fuer-farbe-und-textur-in-den-kaelteren-monaten-des-jahres\/","og_locale":"de_DE","og_type":"article","og_title":"Beste Ziergr\u00e4ser f\u00fcr den Winter \u2013 5 Sorten f\u00fcr Farbe und Textur in den k\u00e4lteren Monaten des Jahres - Nachrichten - Stra\u00dfenweb","og_description":"Ziergr\u00e4ser sind vielf\u00e4ltige und sch\u00f6ne Pflanzen. Ganz gleich, ob Sie wie ich von einheimischen Pr\u00e4riegr\u00e4sern fasziniert sind, die \u00fcberall in den Vereinigten Staaten zu finden","og_url":"https:\/\/www.strassenweb.de\/nachrichten\/beste-ziergraeser-fuer-den-winter-5-sorten-fuer-farbe-und-textur-in-den-kaelteren-monaten-des-jahres\/","og_site_name":"Stra\u00dfenweb","article_publisher":"https:\/\/www.facebook.com\/strassenweb\/","article_published_time":"2024-10-26T12:39:35+00:00","article_modified_time":"2024-10-26T12:39:37+00:00","og_image":[{"width":1200,"height":675,"url":"https:\/\/www.strassenweb.de\/nachrichten\/wp-content\/uploads\/2024\/10\/Beste-Ziergraeser-fuer-den-Winter-\u2013-5-Sorten-fuer-Farbe.jpg","type":"image\/jpeg"}],"author":"Robert Hoffmann","twitter_card":"summary_large_image","twitter_misc":{"Verfasst von":"Robert Hoffmann","Gesch\u00e4tzte Lesezeit":"7\u00a0Minuten"},"schema":{"@context":"https:\/\/schema.org","@graph":[{"@type":"Article","@id":"https:\/\/www.strassenweb.de\/nachrichten\/beste-ziergraeser-fuer-den-winter-5-sorten-fuer-farbe-und-textur-in-den-kaelteren-monaten-des-jahres\/#article","isPartOf":{"@id":"https:\/\/www.strassenweb.de\/nachrichten\/beste-ziergraeser-fuer-den-winter-5-sorten-fuer-farbe-und-textur-in-den-kaelteren-monaten-des-jahres\/"},"author":{"name":"Robert Hoffmann","@id":"https:\/\/www.strassenweb.de\/nachrichten\/#\/schema\/person\/87c9c9067f1211da429a744dc5a5aa41"},"headline":"Beste Ziergr\u00e4ser f\u00fcr den Winter \u2013 5 Sorten f\u00fcr Farbe und Textur in den k\u00e4lteren Monaten des Jahres","datePublished":"2024-10-26T12:39:35+00:00","dateModified":"2024-10-26T12:39:37+00:00","mainEntityOfPage":{"@id":"https:\/\/www.strassenweb.de\/nachrichten\/beste-ziergraeser-fuer-den-winter-5-sorten-fuer-farbe-und-textur-in-den-kaelteren-monaten-des-jahres\/"},"wordCount":1372,"publisher":{"@id":"https:\/\/www.strassenweb.de\/nachrichten\/#organization"},"image":{"@id":"https:\/\/www.strassenweb.de\/nachrichten\/beste-ziergraeser-fuer-den-winter-5-sorten-fuer-farbe-und-textur-in-den-kaelteren-monaten-des-jahres\/#primaryimage"},"thumbnailUrl":"https:\/\/www.strassenweb.de\/nachrichten\/wp-content\/uploads\/2024\/10\/Beste-Ziergraeser-fuer-den-Winter-\u2013-5-Sorten-fuer-Farbe.jpg","keywords":["beste","den","des","Farbe","f\u00fcr","Jahres","k\u00e4lteren","Monaten","Sorten","Textur","und","Winter","Ziergr\u00e4ser"],"articleSection":["Haus &amp; Garten"],"inLanguage":"de"},{"@type":"WebPage","@id":"https:\/\/www.strassenweb.de\/nachrichten\/beste-ziergraeser-fuer-den-winter-5-sorten-fuer-farbe-und-textur-in-den-kaelteren-monaten-des-jahres\/","url":"https:\/\/www.strassenweb.de\/nachrichten\/beste-ziergraeser-fuer-den-winter-5-sorten-fuer-farbe-und-textur-in-den-kaelteren-monaten-des-jahres\/","name":"Beste Ziergr\u00e4ser f\u00fcr den Winter \u2013 5 Sorten f\u00fcr Farbe und Textur in den k\u00e4lteren Monaten des Jahres - Nachrichten - Stra\u00dfenweb","isPartOf":{"@id":"https:\/\/www.strassenweb.de\/nachrichten\/#website"},"primaryImageOfPage":{"@id":"https:\/\/www.strassenweb.de\/nachrichten\/beste-ziergraeser-fuer-den-winter-5-sorten-fuer-farbe-und-textur-in-den-kaelteren-monaten-des-jahres\/#primaryimage"},"image":{"@id":"https:\/\/www.strassenweb.de\/nachrichten\/beste-ziergraeser-fuer-den-winter-5-sorten-fuer-farbe-und-textur-in-den-kaelteren-monaten-des-jahres\/#primaryimage"},"thumbnailUrl":"https:\/\/www.strassenweb.de\/nachrichten\/wp-content\/uploads\/2024\/10\/Beste-Ziergraeser-fuer-den-Winter-\u2013-5-Sorten-fuer-Farbe.jpg","datePublished":"2024-10-26T12:39:35+00:00","dateModified":"2024-10-26T12:39:37+00:00","breadcrumb":{"@id":"https:\/\/www.strassenweb.de\/nachrichten\/beste-ziergraeser-fuer-den-winter-5-sorten-fuer-farbe-und-textur-in-den-kaelteren-monaten-des-jahres\/#breadcrumb"},"inLanguage":"de","potentialAction":[{"@type":"ReadAction","target":["https:\/\/www.strassenweb.de\/nachrichten\/beste-ziergraeser-fuer-den-winter-5-sorten-fuer-farbe-und-textur-in-den-kaelteren-monaten-des-jahres\/"]}]},{"@type":"ImageObject","inLanguage":"de","@id":"https:\/\/www.strassenweb.de\/nachrichten\/beste-ziergraeser-fuer-den-winter-5-sorten-fuer-farbe-und-textur-in-den-kaelteren-monaten-des-jahres\/#primaryimage","url":"https:\/\/www.strassenweb.de\/nachrichten\/wp-content\/uploads\/2024\/10\/Beste-Ziergraeser-fuer-den-Winter-\u2013-5-Sorten-fuer-Farbe.jpg","contentUrl":"https:\/\/www.strassenweb.de\/nachrichten\/wp-content\/uploads\/2024\/10\/Beste-Ziergraeser-fuer-den-Winter-\u2013-5-Sorten-fuer-Farbe.jpg","width":1200,"height":675,"caption":"Beste Ziergr\u00e4ser f\u00fcr den Winter \u2013 5 Sorten f\u00fcr Farbe und Textur in den k\u00e4lteren Monaten des Jahres"},{"@type":"BreadcrumbList","@id":"https:\/\/www.strassenweb.de\/nachrichten\/beste-ziergraeser-fuer-den-winter-5-sorten-fuer-farbe-und-textur-in-den-kaelteren-monaten-des-jahres\/#breadcrumb","itemListElement":[{"@type":"ListItem","position":1,"name":"Home","item":"https:\/\/www.strassenweb.de\/nachrichten\/"},{"@type":"ListItem","position":2,"name":"Beste Ziergr\u00e4ser f\u00fcr den Winter \u2013 5 Sorten f\u00fcr Farbe und Textur in den k\u00e4lteren Monaten des Jahres"}]},{"@type":"WebSite","@id":"https:\/\/www.strassenweb.de\/nachrichten\/#website","url":"https:\/\/www.strassenweb.de\/nachrichten\/","name":"Stra\u00dfenweb","description":"Stra\u00dfenverzeichnis f\u00fcr Deutschland","publisher":{"@id":"https:\/\/www.strassenweb.de\/nachrichten\/#organization"},"potentialAction":[{"@type":"SearchAction","target":{"@type":"EntryPoint","urlTemplate":"https:\/\/www.strassenweb.de\/nachrichten\/?s={search_term_string}"},"query-input":{"@type":"PropertyValueSpecification","valueRequired":true,"valueName":"search_term_string"}}],"inLanguage":"de"},{"@type":"Organization","@id":"https:\/\/www.strassenweb.de\/nachrichten\/#organization","name":"Stra\u00dfenweb","url":"https:\/\/www.strassenweb.de\/nachrichten\/","logo":{"@type":"ImageObject","inLanguage":"de","@id":"https:\/\/www.strassenweb.de\/nachrichten\/#\/schema\/logo\/image\/","url":"https:\/\/www.strassenweb.de\/nachrichten\/wp-content\/uploads\/2024\/09\/cropped-favicon.png","contentUrl":"https:\/\/www.strassenweb.de\/nachrichten\/wp-content\/uploads\/2024\/09\/cropped-favicon.png","width":512,"height":512,"caption":"Stra\u00dfenweb"},"image":{"@id":"https:\/\/www.strassenweb.de\/nachrichten\/#\/schema\/logo\/image\/"},"sameAs":["https:\/\/www.facebook.com\/strassenweb\/"]},{"@type":"Person","@id":"https:\/\/www.strassenweb.de\/nachrichten\/#\/schema\/person\/87c9c9067f1211da429a744dc5a5aa41","name":"Robert Hoffmann","image":{"@type":"ImageObject","inLanguage":"de","@id":"https:\/\/www.strassenweb.de\/nachrichten\/wp-content\/uploads\/2024\/09\/strassenweb-150x150.jpg","url":"https:\/\/www.strassenweb.de\/nachrichten\/wp-content\/uploads\/2024\/09\/strassenweb-150x150.jpg","contentUrl":"https:\/\/www.strassenweb.de\/nachrichten\/wp-content\/uploads\/2024\/09\/strassenweb-150x150.jpg","caption":"Robert Hoffmann"},"description":"Ich hei\u00dfe Robert Hoffmann und ich bin ein leidenschaftlicher Verfechter von \u00d6kologie und Biodiversit\u00e4t. Seit meiner Kindheit in den W\u00e4ldern Bayerns f\u00fchle ich mich mit der Natur verbunden und bin entschlossen, sie zu sch\u00fctzen. Heute widme ich mein Leben der Sensibilisierung anderer f\u00fcr die Bedeutung des Umweltschutzes f\u00fcr zuk\u00fcnftige Generationen.","sameAs":["https:\/\/www.strassenweb.de\/"]}]}},"_links":{"self":[{"href":"https:\/\/www.strassenweb.de\/nachrichten\/wp-json\/wp\/v2\/posts\/1166","targetHints":{"allow":["GET"]}}],"collection":[{"href":"https:\/\/www.strassenweb.de\/nachrichten\/wp-json\/wp\/v2\/posts"}],"about":[{"href":"https:\/\/www.strassenweb.de\/nachrichten\/wp-json\/wp\/v2\/types\/post"}],"author":[{"embeddable":true,"href":"https:\/\/www.strassenweb.de\/nachrichten\/wp-json\/wp\/v2\/users\/1"}],"replies":[{"embeddable":true,"href":"https:\/\/www.strassenweb.de\/nachrichten\/wp-json\/wp\/v2\/comments?post=1166"}],"version-history":[{"count":0,"href":"https:\/\/www.strassenweb.de\/nachrichten\/wp-json\/wp\/v2\/posts\/1166\/revisions"}],"wp:featuredmedia":[{"embeddable":true,"href":"https:\/\/www.strassenweb.de\/nachrichten\/wp-json\/wp\/v2\/media\/1167"}],"wp:attachment":[{"href":"https:\/\/www.strassenweb.de\/nachrichten\/wp-json\/wp\/v2\/media?parent=1166"}],"wp:term":[{"taxonomy":"category","embeddable":true,"href":"https:\/\/www.strassenweb.de\/nachrichten\/wp-json\/wp\/v2\/categories?post=1166"},{"taxonomy":"post_tag","embeddable":true,"href":"https:\/\/www.strassenweb.de\/nachrichten\/wp-json\/wp\/v2\/tags?post=1166"}],"curies":[{"name":"wp","href":"https:\/\/api.w.org\/{rel}","templated":true}]}}