{"id":1151,"date":"2024-10-25T22:42:22","date_gmt":"2024-10-25T20:42:22","guid":{"rendered":"https:\/\/www.strassenweb.de\/nachrichten\/im-jahr-2025-sollen-bewohnte-hinterhoefe-die-oberhand-gewinnen-aber-hinter-diesem-look-steckt-mehr-als-ihren-garten-einfach-der-natur-zu-ueberlassen\/"},"modified":"2024-10-25T22:42:23","modified_gmt":"2024-10-25T20:42:23","slug":"im-jahr-2025-sollen-bewohnte-hinterhoefe-die-oberhand-gewinnen-aber-hinter-diesem-look-steckt-mehr-als-ihren-garten-einfach-der-natur-zu-ueberlassen","status":"publish","type":"post","link":"https:\/\/www.strassenweb.de\/nachrichten\/im-jahr-2025-sollen-bewohnte-hinterhoefe-die-oberhand-gewinnen-aber-hinter-diesem-look-steckt-mehr-als-ihren-garten-einfach-der-natur-zu-ueberlassen\/","title":{"rendered":"Im Jahr 2025 sollen \u201ebewohnte\u201c Hinterh\u00f6fe die Oberhand gewinnen \u2013 aber hinter diesem Look steckt mehr, als Ihren Garten einfach der Natur zu \u00fcberlassen"},"content":{"rendered":"<p><\/p>\n<div id=\"article-body\" class=\"article__body \">\n<p>Auch wenn der Herbst in unseren G\u00e4rten eine ruhigere Zeit ist, ist er wohl eine der gesch\u00e4ftigsten Zeiten f\u00fcr G\u00e4rtner. Wir m\u00fcssen nicht nur wichtige Aufgaben wie das Beschneiden und die Aussaat erledigen, es ist auch an der Zeit, dar\u00fcber zu tr\u00e4umen, wie unsere Au\u00dfenlandschaften im n\u00e4chsten Jahr aussehen sollen.<\/p>\n<div id=\"ad-unit-1\" class=\"ad-unit\"><\/div>\n<p>Wenn Sie schon viele Ideen f\u00fcr den Hinterhof ausprobiert haben und immer noch unsicher sind, warum nicht etwas anderes in Betracht ziehen? Der Trendbericht 2025 der Garden Media Group hat ergeben, dass bewohnte G\u00e4rten im n\u00e4chsten Jahr die Oberhand gewinnen werden, und stellt fest, dass es sich bei der Bewegung um einen \u201eWandel vom Urspr\u00fcnglichen hin zu einer authentischeren, erfahreneren \u00c4sthetik\u201c handelt.<\/p>\n<aside class=\"hawk-nest\" data-block-type=\"embed\" data-render-type=\"fte\" data-skip=\"dealsy\" data-widget-type=\"seasonal\">\n<div class=\"hawk-master-widget-hawk-base-wrapper\"><\/div>\n<\/aside>\n<p>Wenn es also um die Wahl zwischen einem bewohnten und einem gepflegten Garten geht, wie lassen sich diese beiden sehr unterschiedlichen Stile vergleichen? Und k\u00f6nnen sie jemals in einem Raum koexistieren? Gartendesigner w\u00e4gen die Vor- und Nachteile ab und geben Tipps, wie Sie einen Garten jedes Stils planen \u2013 damit Sie Inspiration f\u00fcr Ihre perfekte Garten\u00e4sthetik im Jahr 2025 finden.<\/p>\n<div id=\"desktop-in-article\" class=\"in-article ad-unit\">\n<div id=\"desktop-taboola-mid-article\"><\/div>\n<\/div>\n<div id=\"mobile-in-article\" class=\"in-article ad-unit\">\n<div id=\"mobile-taboola-mid-article\"><\/div>\n<\/div>\n<h3 class=\"article-body__section\" id=\"section-what-is-a-lived-in-garden\"><span>Was ist ein bewohnter Garten?<\/span><\/h3>\n<figure class=\"van-image-figure inline-layout \" data-bordeaux-image-check>\n<div class=\"image-full-width-wrapper\">\n<div class=\"image-widthsetter\" style=\"max-width:2400px;\"><\/div>\n<\/div>\n<\/figure>\n<p>Laut dem Bericht der Garden Media Group spiegelt ein bewohnter Garten \u201eein breiteres gesellschaftliches Verlangen nach Authentizit\u00e4t wider\u201c. Es handelt sich um einen Raum, der \u201esorgf\u00e4ltig gestaltet wurde, um den Eindruck zu erwecken, als ob er \u00fcber Jahrzehnte gepflegt worden w\u00e4re.\u201c<\/p>\n<div class=\"van_vid_carousel\">\n<div class=\"van_vid_carousel__padding\">\n<div class=\"van_vid_carousel__container\"><\/div>\n<\/div>\n<\/div>\n<p>W\u00e4hrend man annehmen k\u00f6nnte, dass ein bewohnter Garten ohne viel Planung entstanden ist, sagen Designer, dass die Schaffung eines Raums dieses Stils sorgf\u00e4ltige \u00dcberlegungen erfordert.<\/p>\n<div id=\"ad-unit-2\" class=\"ad-unit\"><\/div>\n<p>\u201eEin bewohnter Garten ist entspannt, entspannt und nimmt sich selbst nicht zu ernst\u201c, sagt er <u>Marek Bowers<\/u>Landschaftsdesign-Experte und Gr\u00fcnder von Bolder Green. \u201eDie Pflanzen haben Freiheit, es gibt ein Gef\u00fchl von Leben und Bewegung und es geht nicht darum, dass alles perfekt ist.\u201c Ein wenig Wildheit, die sich nat\u00fcrlich anf\u00fchlt \u2013 als w\u00e4re der Garten schon immer da gewesen und h\u00e4tte einfach nur seinen Zweck erf\u00fcllt. \u201eEs ist einladend und erz\u00e4hlt eine Geschichte, und jedes Mal, wenn man darin ist, ist es ein bisschen anders\u201c, beschreibt er.<\/p>\n<p>Neben einer naturalistischen Bepflanzung geht es bei bewohnten G\u00e4rten auch darum, Ihren pers\u00f6nlichen Stil widerzuspiegeln. \u201eSie rufen Emotionen hervor und sind reich an D\u00fcften, die ein Sinneserlebnis schaffen\u201c, sagt Gartendesigner <u>Laura Janney<\/u>.<\/p>\n<p>\u201eSie umfassen oft pers\u00f6nliche Gegenst\u00e4nde und Dekoration.\u201c Es entfernt sich von der konventionellen Landschaftsgestaltung und wirkt authentischer. Sie neigen dazu, nat\u00fcrlicher, l\u00e4ssiger und organischer zu sein\u201c, f\u00fcgt sie hinzu.<\/p>\n<p>Das Sch\u00f6ne an einem bewohnten Garten ist, dass er sich an eine Reihe von \u00c4sthetiken anpassen l\u00e4sst \u2013 von klassischen G\u00e4rten bis hin zu modernen Hinterhofstilen. Der GMG-Bericht beschreibt: \u201eDieser Trend nimmt in vielen \u00f6ffentlichen G\u00e4rten unseres Landes Gestalt an.\u201c \u201eDiese Landschaften zeichnen sich durch ein naturalistisches, luxuri\u00f6ses und prestigetr\u00e4chtiges Erscheinungsbild aus und erinnern an den zeitlosen Charme jahrhundertealter europ\u00e4ischer G\u00e4rten.\u201c<\/p>\n<h2 id=\"how-to-create-a-lived-in-garden-style-3\">So schaffen Sie einen bewohnten Gartenstil<\/h2>\n<figure class=\"van-image-figure inline-layout \" data-bordeaux-image-check>\n<div class=\"image-full-width-wrapper\">\n<div class=\"image-widthsetter\" style=\"max-width:2400px;\"><\/div>\n<\/div>\n<\/figure>\n<p>Es gibt verschiedene M\u00f6glichkeiten, mit dem Look eines bewohnten Gartens zu beginnen. Wichtig ist, dass Sie nicht bei Null anfangen m\u00fcssen \u2013 dieser Gartenstil basiert auf der Idee, sich im Laufe der Zeit weiterzuentwickeln.<\/p>\n<p>\u201eKonzentrieren Sie sich auf die Pflanzen, die Sie lieben und sentimental sind.\u201c \u201eZum Beispiel eine Pflanze, die deine Gro\u00dfmutter geliebt hat\u201c, schl\u00e4gt Laura vor.<\/p>\n<p>Dies ist eine sch\u00f6ne Erg\u00e4nzung f\u00fcr Ihren Garten, um einen Erinnerungsgarten zu schaffen. ein sicherer Ort, um sich an geliebte Menschen und vergangene Zeiten zu erinnern. Verst\u00e4rken Sie dieses Gef\u00fchl, indem Sie Ihrem bewohnten Garten eine pers\u00f6nliche Note verleihen: \u201eEin bewohnter Garten f\u00fchlt sich an wie eine Erweiterung des G\u00e4rtners.\u201c F\u00fcgen Sie Details hinzu, die Ihre Pers\u00f6nlichkeit widerspiegeln, wie zum Beispiel alte St\u00fchle, wenn Sie sich f\u00fcr Antiquit\u00e4ten interessieren, oder ein Vogelh\u00e4uschen, das Sie bei einem Flohmarkt erstanden haben\u201c, schl\u00e4gt Marek vor.<\/p>\n<p>Nat\u00fcrlich k\u00f6nnen Sie bei der Pflanzenauswahl auch flexibler vorgehen: \u201eMachen Sie sich verr\u00fcckt nach Pflanzenvielfalt.\u201c Integrieren Sie eine Mischung aus Texturen, Farben und H\u00f6hen. Lassen Sie einige Pflanzen sich selbst auss\u00e4en und sich auf nat\u00fcrliche Weise im Garten zurechtfinden. \u201eEs verleiht Charakter und ein wildes Gef\u00fchl, wenn die Pflanzen nicht so aussehen, als w\u00e4ren sie \u00fcberm\u00e4\u00dfig kuratiert\u201c, sagt Marek.<\/p>\n<p>Der GMG-Bericht greift dies auf und ermutigt G\u00e4rtner, bl\u00fchende Kletterpflanzen \u201ein unerwartete Gebiete ausdehnen zu lassen\u201c und \u201ePflanzen, die nicht perfekt sind, nicht loszuwerden\u201c. \u201eZuschneiden und pflegen, um ihr etabliertes Wachstum zu zeigen\u201c, wird empfohlen.<\/p>\n<p>Integrieren Sie das Wohngef\u00fchl auch in die Wahl Ihres Gartenwegs und anderer Landschaftsgestaltungselemente. \u201eEntscheiden Sie sich f\u00fcr nat\u00fcrliche Materialien wie hellbraune Erbsenkiesel, Altholz oder grobe Steinr\u00e4nder. Vermeiden Sie zu viel Geradheit oder perfekte Kanten \u2013 lassen Sie das Design mit der Landschaft flie\u00dfen\u201c, sagt Marek.<\/p>\n<p>Kombinieren Sie diese nat\u00fcrlichen Farbt\u00f6ne mit Mooslandschaften, die Steinmauern bedecken und als Bodendecker dienen, um den Eindruck eines gealterten Raums mit Geschichte zu erzeugen.<\/p>\n<h2 id=\"get-the-lived-in-garden-look-3\">Holen Sie sich den bewohnten Garten-Look<\/h2>\n<div class=\"product-container hero-product-container product-block-no-wrap\"><\/div>\n<h3 class=\"article-body__section\" id=\"section-what-is-a-manicured-garden\"><span>Was ist ein gepflegter Garten?<\/span><\/h3>\n<figure class=\"van-image-figure inline-layout \" data-bordeaux-image-check>\n<div class=\"image-full-width-wrapper\">\n<div class=\"image-widthsetter\" style=\"max-width:2400px;\"><\/div>\n<\/div>\n<\/figure>\n<p>Am anderen Ende eines bewohnten Gartens geht es bei einem gepflegten Garten darum, ein Design zu schaffen, das perfekt zum Auge passt. Designer sagen, dass dies viel mehr mit \u00e4lteren Gartentrends \u00fcbereinstimmt, aber gleichzeitig zeitlos ist.<\/p>\n<p>\u201eEin gepflegter Garten zeichnet sich durch klare Linien, Ordnung und Symmetrie aus. Es hat eine <em>alles ist genau da, wo es sein soll<\/em> Stimmung\u201c, sagt Marek. \u201eDie Hecken sind geschnitten, das Gras ist perfekt und es hat eine feste Struktur.\u201c Wenn Sie es gerne ordentlich und ordentlich haben und jede Pflanze perfekt platziert ist, dann w\u00e4re ein gepflegter Garten genau das Richtige f\u00fcr Sie\u201c, f\u00fcgt er hinzu.<\/p>\n<p>Dieser Gartenstil bringt pr\u00e4zise Gartenideen und spezifische Gestaltungsdetails zur Geltung. Wenn Sie Gartenzonierung m\u00f6gen, bietet ein gepflegter Garten die perfekte Gelegenheit, verschiedene kuratierte R\u00e4ume in Ihrem Garten zu schaffen.<\/p>\n<p>Es gibt sicherlich formelle Gartengestaltungsideen, die auf einen gepflegten Garten angewendet werden k\u00f6nnen. Es ist auch eine gro\u00dfartige M\u00f6glichkeit, einen kleinen Garten gr\u00f6\u00dfer erscheinen zu lassen, da die wildere Bepflanzung im bewohnten Stil einen ohnehin begrenzten Raum einnehmen kann.<\/p>\n<h2 id=\"how-to-create-a-manicured-garden-style-3\">So kreieren Sie einen gepflegten Gartenstil<\/h2>\n<figure class=\"van-image-figure inline-layout \" data-bordeaux-image-check>\n<div class=\"image-full-width-wrapper\">\n<div class=\"image-widthsetter\" style=\"max-width:2400px;\"><\/div>\n<\/div>\n<\/figure>\n<p>W\u00e4hrend Sie sich vielleicht f\u00fcr eine gemischte Wildblumenwiese in einem bewohnten Garten entscheiden, ist es am besten, sich auf eine kleine Auswahl an Pflanzen zu beschr\u00e4nken, wenn Sie einen gepflegten Look anstreben.<\/p>\n<p>\u201eHalten Sie es einfach. Bleiben Sie bei einigen Pflanzenarten und wiederholen Sie diese immer wieder. \u201eDas wird ein Gef\u00fchl von Harmonie und Eleganz hervorrufen\u201c, sagt Laura. Durch die Auswahl von Staudenpaaren kann dieser harmonische Look noch verst\u00e4rkt werden, w\u00e4hrend die Anwendung von Ideen f\u00fcr Garteneinfassungen dazu beitragen kann, dass Ihre Rabatten ordentlich und aufger\u00e4umt aussehen.<\/p>\n<p>\u201eAchten Sie auch darauf, dass die Abst\u00e4nde zwischen den Pflanzen gleich bleiben und symmetrisch bleiben.\u201c \u201eDas wird ein Gef\u00fchl von Ordnung und Ausgeglichenheit hervorrufen\u201c, f\u00fcgt Laura hinzu.<\/p>\n<p>Sie k\u00f6nnen Ihren gepflegten Look auch mit einem formsch\u00f6nen Formschnitt, der Ihren Geschmack widerspiegelt, oder einer Landschaftsgestaltung mit Hecken aufpeppen: \u201eOrdnen Sie Ihre Pflanzen in geometrischen Mustern an und verwenden Sie Hecken oder Buchsbaum, um eine klare Struktur zu schaffen\u201c, schl\u00e4gt Marek vor.<\/p>\n<p>Um Ihren gepflegten Garten sauber zu halten, ist es wichtig, den \u00dcberblick \u00fcber die Schnittarbeiten zu behalten. Stellen Sie daher sicher, dass Sie mit den wichtigsten Schnittwerkzeugen ausgestattet sind.<\/p>\n<p>W\u00e4hrend man in einem bewohnten Garten einen Rasen wachsen lassen kann, ist die routinem\u00e4\u00dfige Rasenpflege f\u00fcr die Erhaltung eines gepflegten Gartens unglaublich wichtig, betont Marek. \u201eDurch regelm\u00e4\u00dfiges M\u00e4hen, Beschneiden und F\u00fcttern erhalten Sie diesen \u00fcppigen, gr\u00fcnen, teppichartigen Effekt\u201c, sagt er.<\/p>\n<p>Insgesamt geht es bei einem gepflegten Garten darum, ihn auf das Wesentliche zu reduzieren. \u201eWeniger ist mehr.\u201c \u00dcbertreiben Sie es nicht. Halten Sie es einfach\u201c, r\u00e4t Laura.<\/p>\n<h3 class=\"article-body__section\" id=\"section-faqs\"><span>FAQs<\/span><\/h3>\n<h2 id=\"is-a-lived-in-garden-good-for-wildlife-3\">Ist ein bewohnter Garten gut f\u00fcr die Tierwelt?<\/h2>\n<p>Es gibt viele M\u00f6glichkeiten, wie ein bewohnter Garten die Tierwelt unterst\u00fctzen kann. Beim Pflanzen von Wildblumen gibt es beispielsweise h\u00e4ufig viele Pflanzen f\u00fcr Best\u00e4uber, w\u00e4hrend hohe Gr\u00e4ser einer Reihe von Gartentieren Schutz bieten. Sie k\u00f6nnen in diesen Gartenstil auch verschiedene Ideen und Merkmale von Wildg\u00e4rten integrieren: \u201eSchlie\u00dfen Sie Vogeltr\u00e4nken und Futterh\u00e4uschen ein, um Wildtiere anzulocken\u201c, schl\u00e4gt der Gartendesigner vor <u>Laura Janney<\/u>.<\/p>\n<hr>\n<p>Wenn Sie den Klang sowohl des bewohnten als auch des gepflegten Gartenstils m\u00f6gen, ist es m\u00f6glich, beides im selben Raum zu integrieren \u2013 Ideen f\u00fcr Bauerng\u00e4rten vereinen beispielsweise oft Ideen von formaler und wilder Bepflanzung. \u201eExperimentieren Sie \u2013 haben Sie keine Angst, etwas Neues auszuprobieren.\u201c Das ist die Freude am G\u00e4rtnern, und das zeigt sich, wenn Ihr Garten w\u00e4chst\u201c, sagt Laura.<\/p>\n<\/div>\n<p><script async src=\"\/\/www.instagram.com\/embed.js\"><\/script><\/p>\n","protected":false},"excerpt":{"rendered":"<p>Auch wenn der Herbst in unseren G\u00e4rten eine ruhigere Zeit ist, ist er wohl eine der gesch\u00e4ftigsten Zeiten f\u00fcr G\u00e4rtner. Wir m\u00fcssen nicht nur wichtige<\/p>\n","protected":false},"author":1,"featured_media":1152,"comment_status":"closed","ping_status":"","sticky":false,"template":"","format":"standard","meta":{"footnotes":""},"categories":[118],"tags":[357,935,2202,81,9,32,355,320,492,2205,2203,325,384,301,805,2204,721,2179,2206],"class_list":["post-1151","post","type-post","status-publish","format-standard","has-post-thumbnail","hentry","category-haus-garten","tag-aber","tag-als","tag-bewohnte","tag-der","tag-die","tag-diesem","tag-einfach","tag-garten","tag-gewinnen","tag-hinter","tag-hinterhoefe","tag-ihren","tag-jahr","tag-mehr","tag-natur","tag-oberhand","tag-sollen","tag-steckt","tag-ueberlassen","generate-columns","tablet-grid-50","mobile-grid-100","grid-parent","grid-50"],"yoast_head":"<!-- This site is optimized with the Yoast SEO plugin v27.3 - https:\/\/yoast.com\/product\/yoast-seo-wordpress\/ -->\n<title>Im Jahr 2025 sollen \u201ebewohnte\u201c Hinterh\u00f6fe die Oberhand gewinnen \u2013 aber hinter diesem Look steckt mehr, als Ihren Garten einfach der Natur zu \u00fcberlassen - Nachrichten - Stra\u00dfenweb<\/title>\n<meta name=\"robots\" content=\"index, follow, max-snippet:-1, max-image-preview:large, max-video-preview:-1\" \/>\n<link rel=\"canonical\" href=\"https:\/\/www.strassenweb.de\/nachrichten\/im-jahr-2025-sollen-bewohnte-hinterhoefe-die-oberhand-gewinnen-aber-hinter-diesem-look-steckt-mehr-als-ihren-garten-einfach-der-natur-zu-ueberlassen\/\" \/>\n<meta property=\"og:locale\" content=\"de_DE\" \/>\n<meta property=\"og:type\" content=\"article\" \/>\n<meta property=\"og:title\" content=\"Im Jahr 2025 sollen \u201ebewohnte\u201c Hinterh\u00f6fe die Oberhand gewinnen \u2013 aber hinter diesem Look steckt mehr, als Ihren Garten einfach der Natur zu \u00fcberlassen - Nachrichten - Stra\u00dfenweb\" \/>\n<meta property=\"og:description\" content=\"Auch wenn der Herbst in unseren G\u00e4rten eine ruhigere Zeit ist, ist er wohl eine der gesch\u00e4ftigsten Zeiten f\u00fcr G\u00e4rtner. Wir m\u00fcssen nicht nur wichtige\" \/>\n<meta property=\"og:url\" content=\"https:\/\/www.strassenweb.de\/nachrichten\/im-jahr-2025-sollen-bewohnte-hinterhoefe-die-oberhand-gewinnen-aber-hinter-diesem-look-steckt-mehr-als-ihren-garten-einfach-der-natur-zu-ueberlassen\/\" \/>\n<meta property=\"og:site_name\" content=\"Stra\u00dfenweb\" \/>\n<meta property=\"article:publisher\" content=\"https:\/\/www.facebook.com\/strassenweb\/\" \/>\n<meta property=\"article:published_time\" content=\"2024-10-25T20:42:22+00:00\" \/>\n<meta property=\"article:modified_time\" content=\"2024-10-25T20:42:23+00:00\" \/>\n<meta property=\"og:image\" content=\"https:\/\/www.strassenweb.de\/nachrichten\/wp-content\/uploads\/2024\/10\/Im-Jahr-2025-sollen-\u201ebewohnte-Hinterhoefe-die-Oberhand-gewinnen-\u2013.jpg\" \/>\n\t<meta property=\"og:image:width\" content=\"1200\" \/>\n\t<meta property=\"og:image:height\" content=\"675\" \/>\n\t<meta property=\"og:image:type\" content=\"image\/jpeg\" \/>\n<meta name=\"author\" content=\"Robert Hoffmann\" \/>\n<meta name=\"twitter:card\" content=\"summary_large_image\" \/>\n<meta name=\"twitter:label1\" content=\"Verfasst von\" \/>\n\t<meta name=\"twitter:data1\" content=\"Robert Hoffmann\" \/>\n\t<meta name=\"twitter:label2\" content=\"Gesch\u00e4tzte Lesezeit\" \/>\n\t<meta name=\"twitter:data2\" content=\"7\u00a0Minuten\" \/>\n<script type=\"application\/ld+json\" class=\"yoast-schema-graph\">{\"@context\":\"https:\\\/\\\/schema.org\",\"@graph\":[{\"@type\":\"Article\",\"@id\":\"https:\\\/\\\/www.strassenweb.de\\\/nachrichten\\\/im-jahr-2025-sollen-bewohnte-hinterhoefe-die-oberhand-gewinnen-aber-hinter-diesem-look-steckt-mehr-als-ihren-garten-einfach-der-natur-zu-ueberlassen\\\/#article\",\"isPartOf\":{\"@id\":\"https:\\\/\\\/www.strassenweb.de\\\/nachrichten\\\/im-jahr-2025-sollen-bewohnte-hinterhoefe-die-oberhand-gewinnen-aber-hinter-diesem-look-steckt-mehr-als-ihren-garten-einfach-der-natur-zu-ueberlassen\\\/\"},\"author\":{\"name\":\"Robert Hoffmann\",\"@id\":\"https:\\\/\\\/www.strassenweb.de\\\/nachrichten\\\/#\\\/schema\\\/person\\\/87c9c9067f1211da429a744dc5a5aa41\"},\"headline\":\"Im Jahr 2025 sollen \u201ebewohnte\u201c Hinterh\u00f6fe die Oberhand gewinnen \u2013 aber hinter diesem Look steckt mehr, als Ihren Garten einfach der Natur zu \u00fcberlassen\",\"datePublished\":\"2024-10-25T20:42:22+00:00\",\"dateModified\":\"2024-10-25T20:42:23+00:00\",\"mainEntityOfPage\":{\"@id\":\"https:\\\/\\\/www.strassenweb.de\\\/nachrichten\\\/im-jahr-2025-sollen-bewohnte-hinterhoefe-die-oberhand-gewinnen-aber-hinter-diesem-look-steckt-mehr-als-ihren-garten-einfach-der-natur-zu-ueberlassen\\\/\"},\"wordCount\":1483,\"publisher\":{\"@id\":\"https:\\\/\\\/www.strassenweb.de\\\/nachrichten\\\/#organization\"},\"image\":{\"@id\":\"https:\\\/\\\/www.strassenweb.de\\\/nachrichten\\\/im-jahr-2025-sollen-bewohnte-hinterhoefe-die-oberhand-gewinnen-aber-hinter-diesem-look-steckt-mehr-als-ihren-garten-einfach-der-natur-zu-ueberlassen\\\/#primaryimage\"},\"thumbnailUrl\":\"https:\\\/\\\/www.strassenweb.de\\\/nachrichten\\\/wp-content\\\/uploads\\\/2024\\\/10\\\/Im-Jahr-2025-sollen-\u201ebewohnte-Hinterhoefe-die-Oberhand-gewinnen-\u2013.jpg\",\"keywords\":[\"aber\",\"als\",\"bewohnte\",\"der\",\"die\",\"diesem\",\"einfach\",\"Garten\",\"gewinnen\",\"hinter\",\"Hinterh\u00f6fe\",\"ihren\",\"Jahr\",\"mehr\",\"Natur\",\"Oberhand\",\"sollen\",\"steckt\",\"\u00fcberlassen\"],\"articleSection\":[\"Haus &amp; Garten\"],\"inLanguage\":\"de\"},{\"@type\":\"WebPage\",\"@id\":\"https:\\\/\\\/www.strassenweb.de\\\/nachrichten\\\/im-jahr-2025-sollen-bewohnte-hinterhoefe-die-oberhand-gewinnen-aber-hinter-diesem-look-steckt-mehr-als-ihren-garten-einfach-der-natur-zu-ueberlassen\\\/\",\"url\":\"https:\\\/\\\/www.strassenweb.de\\\/nachrichten\\\/im-jahr-2025-sollen-bewohnte-hinterhoefe-die-oberhand-gewinnen-aber-hinter-diesem-look-steckt-mehr-als-ihren-garten-einfach-der-natur-zu-ueberlassen\\\/\",\"name\":\"Im Jahr 2025 sollen \u201ebewohnte\u201c Hinterh\u00f6fe die Oberhand gewinnen \u2013 aber hinter diesem Look steckt mehr, als Ihren Garten einfach der Natur zu \u00fcberlassen - Nachrichten - Stra\u00dfenweb\",\"isPartOf\":{\"@id\":\"https:\\\/\\\/www.strassenweb.de\\\/nachrichten\\\/#website\"},\"primaryImageOfPage\":{\"@id\":\"https:\\\/\\\/www.strassenweb.de\\\/nachrichten\\\/im-jahr-2025-sollen-bewohnte-hinterhoefe-die-oberhand-gewinnen-aber-hinter-diesem-look-steckt-mehr-als-ihren-garten-einfach-der-natur-zu-ueberlassen\\\/#primaryimage\"},\"image\":{\"@id\":\"https:\\\/\\\/www.strassenweb.de\\\/nachrichten\\\/im-jahr-2025-sollen-bewohnte-hinterhoefe-die-oberhand-gewinnen-aber-hinter-diesem-look-steckt-mehr-als-ihren-garten-einfach-der-natur-zu-ueberlassen\\\/#primaryimage\"},\"thumbnailUrl\":\"https:\\\/\\\/www.strassenweb.de\\\/nachrichten\\\/wp-content\\\/uploads\\\/2024\\\/10\\\/Im-Jahr-2025-sollen-\u201ebewohnte-Hinterhoefe-die-Oberhand-gewinnen-\u2013.jpg\",\"datePublished\":\"2024-10-25T20:42:22+00:00\",\"dateModified\":\"2024-10-25T20:42:23+00:00\",\"breadcrumb\":{\"@id\":\"https:\\\/\\\/www.strassenweb.de\\\/nachrichten\\\/im-jahr-2025-sollen-bewohnte-hinterhoefe-die-oberhand-gewinnen-aber-hinter-diesem-look-steckt-mehr-als-ihren-garten-einfach-der-natur-zu-ueberlassen\\\/#breadcrumb\"},\"inLanguage\":\"de\",\"potentialAction\":[{\"@type\":\"ReadAction\",\"target\":[\"https:\\\/\\\/www.strassenweb.de\\\/nachrichten\\\/im-jahr-2025-sollen-bewohnte-hinterhoefe-die-oberhand-gewinnen-aber-hinter-diesem-look-steckt-mehr-als-ihren-garten-einfach-der-natur-zu-ueberlassen\\\/\"]}]},{\"@type\":\"ImageObject\",\"inLanguage\":\"de\",\"@id\":\"https:\\\/\\\/www.strassenweb.de\\\/nachrichten\\\/im-jahr-2025-sollen-bewohnte-hinterhoefe-die-oberhand-gewinnen-aber-hinter-diesem-look-steckt-mehr-als-ihren-garten-einfach-der-natur-zu-ueberlassen\\\/#primaryimage\",\"url\":\"https:\\\/\\\/www.strassenweb.de\\\/nachrichten\\\/wp-content\\\/uploads\\\/2024\\\/10\\\/Im-Jahr-2025-sollen-\u201ebewohnte-Hinterhoefe-die-Oberhand-gewinnen-\u2013.jpg\",\"contentUrl\":\"https:\\\/\\\/www.strassenweb.de\\\/nachrichten\\\/wp-content\\\/uploads\\\/2024\\\/10\\\/Im-Jahr-2025-sollen-\u201ebewohnte-Hinterhoefe-die-Oberhand-gewinnen-\u2013.jpg\",\"width\":1200,\"height\":675,\"caption\":\"Im Jahr 2025 sollen \u201ebewohnte\u201c Hinterh\u00f6fe die Oberhand gewinnen \u2013 aber hinter diesem Look steckt mehr, als Ihren Garten einfach der Natur zu \u00fcberlassen\"},{\"@type\":\"BreadcrumbList\",\"@id\":\"https:\\\/\\\/www.strassenweb.de\\\/nachrichten\\\/im-jahr-2025-sollen-bewohnte-hinterhoefe-die-oberhand-gewinnen-aber-hinter-diesem-look-steckt-mehr-als-ihren-garten-einfach-der-natur-zu-ueberlassen\\\/#breadcrumb\",\"itemListElement\":[{\"@type\":\"ListItem\",\"position\":1,\"name\":\"Home\",\"item\":\"https:\\\/\\\/www.strassenweb.de\\\/nachrichten\\\/\"},{\"@type\":\"ListItem\",\"position\":2,\"name\":\"Im Jahr 2025 sollen \u201ebewohnte\u201c Hinterh\u00f6fe die Oberhand gewinnen \u2013 aber hinter diesem Look steckt mehr, als Ihren Garten einfach der Natur zu \u00fcberlassen\"}]},{\"@type\":\"WebSite\",\"@id\":\"https:\\\/\\\/www.strassenweb.de\\\/nachrichten\\\/#website\",\"url\":\"https:\\\/\\\/www.strassenweb.de\\\/nachrichten\\\/\",\"name\":\"Stra\u00dfenweb\",\"description\":\"Stra\u00dfenverzeichnis f\u00fcr Deutschland\",\"publisher\":{\"@id\":\"https:\\\/\\\/www.strassenweb.de\\\/nachrichten\\\/#organization\"},\"potentialAction\":[{\"@type\":\"SearchAction\",\"target\":{\"@type\":\"EntryPoint\",\"urlTemplate\":\"https:\\\/\\\/www.strassenweb.de\\\/nachrichten\\\/?s={search_term_string}\"},\"query-input\":{\"@type\":\"PropertyValueSpecification\",\"valueRequired\":true,\"valueName\":\"search_term_string\"}}],\"inLanguage\":\"de\"},{\"@type\":\"Organization\",\"@id\":\"https:\\\/\\\/www.strassenweb.de\\\/nachrichten\\\/#organization\",\"name\":\"Stra\u00dfenweb\",\"url\":\"https:\\\/\\\/www.strassenweb.de\\\/nachrichten\\\/\",\"logo\":{\"@type\":\"ImageObject\",\"inLanguage\":\"de\",\"@id\":\"https:\\\/\\\/www.strassenweb.de\\\/nachrichten\\\/#\\\/schema\\\/logo\\\/image\\\/\",\"url\":\"https:\\\/\\\/www.strassenweb.de\\\/nachrichten\\\/wp-content\\\/uploads\\\/2024\\\/09\\\/cropped-favicon.png\",\"contentUrl\":\"https:\\\/\\\/www.strassenweb.de\\\/nachrichten\\\/wp-content\\\/uploads\\\/2024\\\/09\\\/cropped-favicon.png\",\"width\":512,\"height\":512,\"caption\":\"Stra\u00dfenweb\"},\"image\":{\"@id\":\"https:\\\/\\\/www.strassenweb.de\\\/nachrichten\\\/#\\\/schema\\\/logo\\\/image\\\/\"},\"sameAs\":[\"https:\\\/\\\/www.facebook.com\\\/strassenweb\\\/\"]},{\"@type\":\"Person\",\"@id\":\"https:\\\/\\\/www.strassenweb.de\\\/nachrichten\\\/#\\\/schema\\\/person\\\/87c9c9067f1211da429a744dc5a5aa41\",\"name\":\"Robert Hoffmann\",\"image\":{\"@type\":\"ImageObject\",\"inLanguage\":\"de\",\"@id\":\"https:\\\/\\\/www.strassenweb.de\\\/nachrichten\\\/wp-content\\\/uploads\\\/2024\\\/09\\\/strassenweb-150x150.jpg\",\"url\":\"https:\\\/\\\/www.strassenweb.de\\\/nachrichten\\\/wp-content\\\/uploads\\\/2024\\\/09\\\/strassenweb-150x150.jpg\",\"contentUrl\":\"https:\\\/\\\/www.strassenweb.de\\\/nachrichten\\\/wp-content\\\/uploads\\\/2024\\\/09\\\/strassenweb-150x150.jpg\",\"caption\":\"Robert Hoffmann\"},\"description\":\"Ich hei\u00dfe Robert Hoffmann und ich bin ein leidenschaftlicher Verfechter von \u00d6kologie und Biodiversit\u00e4t. Seit meiner Kindheit in den W\u00e4ldern Bayerns f\u00fchle ich mich mit der Natur verbunden und bin entschlossen, sie zu sch\u00fctzen. Heute widme ich mein Leben der Sensibilisierung anderer f\u00fcr die Bedeutung des Umweltschutzes f\u00fcr zuk\u00fcnftige Generationen.\",\"sameAs\":[\"https:\\\/\\\/www.strassenweb.de\\\/\"]}]}<\/script>\n<!-- \/ Yoast SEO plugin. -->","yoast_head_json":{"title":"Im Jahr 2025 sollen \u201ebewohnte\u201c Hinterh\u00f6fe die Oberhand gewinnen \u2013 aber hinter diesem Look steckt mehr, als Ihren Garten einfach der Natur zu \u00fcberlassen - Nachrichten - Stra\u00dfenweb","robots":{"index":"index","follow":"follow","max-snippet":"max-snippet:-1","max-image-preview":"max-image-preview:large","max-video-preview":"max-video-preview:-1"},"canonical":"https:\/\/www.strassenweb.de\/nachrichten\/im-jahr-2025-sollen-bewohnte-hinterhoefe-die-oberhand-gewinnen-aber-hinter-diesem-look-steckt-mehr-als-ihren-garten-einfach-der-natur-zu-ueberlassen\/","og_locale":"de_DE","og_type":"article","og_title":"Im Jahr 2025 sollen \u201ebewohnte\u201c Hinterh\u00f6fe die Oberhand gewinnen \u2013 aber hinter diesem Look steckt mehr, als Ihren Garten einfach der Natur zu \u00fcberlassen - Nachrichten - Stra\u00dfenweb","og_description":"Auch wenn der Herbst in unseren G\u00e4rten eine ruhigere Zeit ist, ist er wohl eine der gesch\u00e4ftigsten Zeiten f\u00fcr G\u00e4rtner. Wir m\u00fcssen nicht nur wichtige","og_url":"https:\/\/www.strassenweb.de\/nachrichten\/im-jahr-2025-sollen-bewohnte-hinterhoefe-die-oberhand-gewinnen-aber-hinter-diesem-look-steckt-mehr-als-ihren-garten-einfach-der-natur-zu-ueberlassen\/","og_site_name":"Stra\u00dfenweb","article_publisher":"https:\/\/www.facebook.com\/strassenweb\/","article_published_time":"2024-10-25T20:42:22+00:00","article_modified_time":"2024-10-25T20:42:23+00:00","og_image":[{"width":1200,"height":675,"url":"https:\/\/www.strassenweb.de\/nachrichten\/wp-content\/uploads\/2024\/10\/Im-Jahr-2025-sollen-\u201ebewohnte-Hinterhoefe-die-Oberhand-gewinnen-\u2013.jpg","type":"image\/jpeg"}],"author":"Robert Hoffmann","twitter_card":"summary_large_image","twitter_misc":{"Verfasst von":"Robert Hoffmann","Gesch\u00e4tzte Lesezeit":"7\u00a0Minuten"},"schema":{"@context":"https:\/\/schema.org","@graph":[{"@type":"Article","@id":"https:\/\/www.strassenweb.de\/nachrichten\/im-jahr-2025-sollen-bewohnte-hinterhoefe-die-oberhand-gewinnen-aber-hinter-diesem-look-steckt-mehr-als-ihren-garten-einfach-der-natur-zu-ueberlassen\/#article","isPartOf":{"@id":"https:\/\/www.strassenweb.de\/nachrichten\/im-jahr-2025-sollen-bewohnte-hinterhoefe-die-oberhand-gewinnen-aber-hinter-diesem-look-steckt-mehr-als-ihren-garten-einfach-der-natur-zu-ueberlassen\/"},"author":{"name":"Robert Hoffmann","@id":"https:\/\/www.strassenweb.de\/nachrichten\/#\/schema\/person\/87c9c9067f1211da429a744dc5a5aa41"},"headline":"Im Jahr 2025 sollen \u201ebewohnte\u201c Hinterh\u00f6fe die Oberhand gewinnen \u2013 aber hinter diesem Look steckt mehr, als Ihren Garten einfach der Natur zu \u00fcberlassen","datePublished":"2024-10-25T20:42:22+00:00","dateModified":"2024-10-25T20:42:23+00:00","mainEntityOfPage":{"@id":"https:\/\/www.strassenweb.de\/nachrichten\/im-jahr-2025-sollen-bewohnte-hinterhoefe-die-oberhand-gewinnen-aber-hinter-diesem-look-steckt-mehr-als-ihren-garten-einfach-der-natur-zu-ueberlassen\/"},"wordCount":1483,"publisher":{"@id":"https:\/\/www.strassenweb.de\/nachrichten\/#organization"},"image":{"@id":"https:\/\/www.strassenweb.de\/nachrichten\/im-jahr-2025-sollen-bewohnte-hinterhoefe-die-oberhand-gewinnen-aber-hinter-diesem-look-steckt-mehr-als-ihren-garten-einfach-der-natur-zu-ueberlassen\/#primaryimage"},"thumbnailUrl":"https:\/\/www.strassenweb.de\/nachrichten\/wp-content\/uploads\/2024\/10\/Im-Jahr-2025-sollen-\u201ebewohnte-Hinterhoefe-die-Oberhand-gewinnen-\u2013.jpg","keywords":["aber","als","bewohnte","der","die","diesem","einfach","Garten","gewinnen","hinter","Hinterh\u00f6fe","ihren","Jahr","mehr","Natur","Oberhand","sollen","steckt","\u00fcberlassen"],"articleSection":["Haus &amp; Garten"],"inLanguage":"de"},{"@type":"WebPage","@id":"https:\/\/www.strassenweb.de\/nachrichten\/im-jahr-2025-sollen-bewohnte-hinterhoefe-die-oberhand-gewinnen-aber-hinter-diesem-look-steckt-mehr-als-ihren-garten-einfach-der-natur-zu-ueberlassen\/","url":"https:\/\/www.strassenweb.de\/nachrichten\/im-jahr-2025-sollen-bewohnte-hinterhoefe-die-oberhand-gewinnen-aber-hinter-diesem-look-steckt-mehr-als-ihren-garten-einfach-der-natur-zu-ueberlassen\/","name":"Im Jahr 2025 sollen \u201ebewohnte\u201c Hinterh\u00f6fe die Oberhand gewinnen \u2013 aber hinter diesem Look steckt mehr, als Ihren Garten einfach der Natur zu \u00fcberlassen - Nachrichten - Stra\u00dfenweb","isPartOf":{"@id":"https:\/\/www.strassenweb.de\/nachrichten\/#website"},"primaryImageOfPage":{"@id":"https:\/\/www.strassenweb.de\/nachrichten\/im-jahr-2025-sollen-bewohnte-hinterhoefe-die-oberhand-gewinnen-aber-hinter-diesem-look-steckt-mehr-als-ihren-garten-einfach-der-natur-zu-ueberlassen\/#primaryimage"},"image":{"@id":"https:\/\/www.strassenweb.de\/nachrichten\/im-jahr-2025-sollen-bewohnte-hinterhoefe-die-oberhand-gewinnen-aber-hinter-diesem-look-steckt-mehr-als-ihren-garten-einfach-der-natur-zu-ueberlassen\/#primaryimage"},"thumbnailUrl":"https:\/\/www.strassenweb.de\/nachrichten\/wp-content\/uploads\/2024\/10\/Im-Jahr-2025-sollen-\u201ebewohnte-Hinterhoefe-die-Oberhand-gewinnen-\u2013.jpg","datePublished":"2024-10-25T20:42:22+00:00","dateModified":"2024-10-25T20:42:23+00:00","breadcrumb":{"@id":"https:\/\/www.strassenweb.de\/nachrichten\/im-jahr-2025-sollen-bewohnte-hinterhoefe-die-oberhand-gewinnen-aber-hinter-diesem-look-steckt-mehr-als-ihren-garten-einfach-der-natur-zu-ueberlassen\/#breadcrumb"},"inLanguage":"de","potentialAction":[{"@type":"ReadAction","target":["https:\/\/www.strassenweb.de\/nachrichten\/im-jahr-2025-sollen-bewohnte-hinterhoefe-die-oberhand-gewinnen-aber-hinter-diesem-look-steckt-mehr-als-ihren-garten-einfach-der-natur-zu-ueberlassen\/"]}]},{"@type":"ImageObject","inLanguage":"de","@id":"https:\/\/www.strassenweb.de\/nachrichten\/im-jahr-2025-sollen-bewohnte-hinterhoefe-die-oberhand-gewinnen-aber-hinter-diesem-look-steckt-mehr-als-ihren-garten-einfach-der-natur-zu-ueberlassen\/#primaryimage","url":"https:\/\/www.strassenweb.de\/nachrichten\/wp-content\/uploads\/2024\/10\/Im-Jahr-2025-sollen-\u201ebewohnte-Hinterhoefe-die-Oberhand-gewinnen-\u2013.jpg","contentUrl":"https:\/\/www.strassenweb.de\/nachrichten\/wp-content\/uploads\/2024\/10\/Im-Jahr-2025-sollen-\u201ebewohnte-Hinterhoefe-die-Oberhand-gewinnen-\u2013.jpg","width":1200,"height":675,"caption":"Im Jahr 2025 sollen \u201ebewohnte\u201c Hinterh\u00f6fe die Oberhand gewinnen \u2013 aber hinter diesem Look steckt mehr, als Ihren Garten einfach der Natur zu \u00fcberlassen"},{"@type":"BreadcrumbList","@id":"https:\/\/www.strassenweb.de\/nachrichten\/im-jahr-2025-sollen-bewohnte-hinterhoefe-die-oberhand-gewinnen-aber-hinter-diesem-look-steckt-mehr-als-ihren-garten-einfach-der-natur-zu-ueberlassen\/#breadcrumb","itemListElement":[{"@type":"ListItem","position":1,"name":"Home","item":"https:\/\/www.strassenweb.de\/nachrichten\/"},{"@type":"ListItem","position":2,"name":"Im Jahr 2025 sollen \u201ebewohnte\u201c Hinterh\u00f6fe die Oberhand gewinnen \u2013 aber hinter diesem Look steckt mehr, als Ihren Garten einfach der Natur zu \u00fcberlassen"}]},{"@type":"WebSite","@id":"https:\/\/www.strassenweb.de\/nachrichten\/#website","url":"https:\/\/www.strassenweb.de\/nachrichten\/","name":"Stra\u00dfenweb","description":"Stra\u00dfenverzeichnis f\u00fcr Deutschland","publisher":{"@id":"https:\/\/www.strassenweb.de\/nachrichten\/#organization"},"potentialAction":[{"@type":"SearchAction","target":{"@type":"EntryPoint","urlTemplate":"https:\/\/www.strassenweb.de\/nachrichten\/?s={search_term_string}"},"query-input":{"@type":"PropertyValueSpecification","valueRequired":true,"valueName":"search_term_string"}}],"inLanguage":"de"},{"@type":"Organization","@id":"https:\/\/www.strassenweb.de\/nachrichten\/#organization","name":"Stra\u00dfenweb","url":"https:\/\/www.strassenweb.de\/nachrichten\/","logo":{"@type":"ImageObject","inLanguage":"de","@id":"https:\/\/www.strassenweb.de\/nachrichten\/#\/schema\/logo\/image\/","url":"https:\/\/www.strassenweb.de\/nachrichten\/wp-content\/uploads\/2024\/09\/cropped-favicon.png","contentUrl":"https:\/\/www.strassenweb.de\/nachrichten\/wp-content\/uploads\/2024\/09\/cropped-favicon.png","width":512,"height":512,"caption":"Stra\u00dfenweb"},"image":{"@id":"https:\/\/www.strassenweb.de\/nachrichten\/#\/schema\/logo\/image\/"},"sameAs":["https:\/\/www.facebook.com\/strassenweb\/"]},{"@type":"Person","@id":"https:\/\/www.strassenweb.de\/nachrichten\/#\/schema\/person\/87c9c9067f1211da429a744dc5a5aa41","name":"Robert Hoffmann","image":{"@type":"ImageObject","inLanguage":"de","@id":"https:\/\/www.strassenweb.de\/nachrichten\/wp-content\/uploads\/2024\/09\/strassenweb-150x150.jpg","url":"https:\/\/www.strassenweb.de\/nachrichten\/wp-content\/uploads\/2024\/09\/strassenweb-150x150.jpg","contentUrl":"https:\/\/www.strassenweb.de\/nachrichten\/wp-content\/uploads\/2024\/09\/strassenweb-150x150.jpg","caption":"Robert Hoffmann"},"description":"Ich hei\u00dfe Robert Hoffmann und ich bin ein leidenschaftlicher Verfechter von \u00d6kologie und Biodiversit\u00e4t. Seit meiner Kindheit in den W\u00e4ldern Bayerns f\u00fchle ich mich mit der Natur verbunden und bin entschlossen, sie zu sch\u00fctzen. Heute widme ich mein Leben der Sensibilisierung anderer f\u00fcr die Bedeutung des Umweltschutzes f\u00fcr zuk\u00fcnftige Generationen.","sameAs":["https:\/\/www.strassenweb.de\/"]}]}},"_links":{"self":[{"href":"https:\/\/www.strassenweb.de\/nachrichten\/wp-json\/wp\/v2\/posts\/1151","targetHints":{"allow":["GET"]}}],"collection":[{"href":"https:\/\/www.strassenweb.de\/nachrichten\/wp-json\/wp\/v2\/posts"}],"about":[{"href":"https:\/\/www.strassenweb.de\/nachrichten\/wp-json\/wp\/v2\/types\/post"}],"author":[{"embeddable":true,"href":"https:\/\/www.strassenweb.de\/nachrichten\/wp-json\/wp\/v2\/users\/1"}],"replies":[{"embeddable":true,"href":"https:\/\/www.strassenweb.de\/nachrichten\/wp-json\/wp\/v2\/comments?post=1151"}],"version-history":[{"count":0,"href":"https:\/\/www.strassenweb.de\/nachrichten\/wp-json\/wp\/v2\/posts\/1151\/revisions"}],"wp:featuredmedia":[{"embeddable":true,"href":"https:\/\/www.strassenweb.de\/nachrichten\/wp-json\/wp\/v2\/media\/1152"}],"wp:attachment":[{"href":"https:\/\/www.strassenweb.de\/nachrichten\/wp-json\/wp\/v2\/media?parent=1151"}],"wp:term":[{"taxonomy":"category","embeddable":true,"href":"https:\/\/www.strassenweb.de\/nachrichten\/wp-json\/wp\/v2\/categories?post=1151"},{"taxonomy":"post_tag","embeddable":true,"href":"https:\/\/www.strassenweb.de\/nachrichten\/wp-json\/wp\/v2\/tags?post=1151"}],"curies":[{"name":"wp","href":"https:\/\/api.w.org\/{rel}","templated":true}]}}