{"id":1135,"date":"2024-10-25T15:54:35","date_gmt":"2024-10-25T13:54:35","guid":{"rendered":"https:\/\/www.strassenweb.de\/nachrichten\/waehrend-kolumbien-gastgeber-eines-un-biodiversitaetsgipfels-ist-steckt-sein-eigener-amazonas-regenwald-in-einer-krise\/"},"modified":"2024-10-25T15:54:35","modified_gmt":"2024-10-25T13:54:35","slug":"waehrend-kolumbien-gastgeber-eines-un-biodiversitaetsgipfels-ist-steckt-sein-eigener-amazonas-regenwald-in-einer-krise","status":"publish","type":"post","link":"https:\/\/www.strassenweb.de\/nachrichten\/waehrend-kolumbien-gastgeber-eines-un-biodiversitaetsgipfels-ist-steckt-sein-eigener-amazonas-regenwald-in-einer-krise\/","title":{"rendered":"W\u00e4hrend Kolumbien Gastgeber eines UN-Biodiversit\u00e4tsgipfels ist, steckt sein eigener Amazonas-Regenwald in einer Krise"},"content":{"rendered":"<p>Die Stadt Cali in Kolumbien ist Gastgeber des 16. Biodiversit\u00e4tsgipfels der Vereinten Nationen, bekannt als Cop16. Der Gipfel, der bis Freitag, den 1. November, l\u00e4uft, konzentriert sich darauf, wie die L\u00e4nder fr\u00fchere Zusagen erf\u00fcllen werden, bis 2030 mindestens 30 % der Land- und Wasserfl\u00e4chen der Welt zu sch\u00fctzen und 30 % der gesch\u00e4digten \u00d6kosysteme wiederherzustellen.<\/p>\n<p>Es ist ein hehres Ziel, doch Kolumbien selbst zeigt, wie weit wir gehen m\u00fcssen.<\/p>\n<p>Wenn Sie von Cali aus s\u00fcd\u00f6stlich \u00fcber die Anden reisen, gelangen Sie in das Amazonasbecken. Von dort erstreckt sich der Regenwald \u00fcber Hunderte von Kilometern bis zur Grenze zu Brasilien \u2013 und weit dar\u00fcber hinaus. Dieser Regenwald ist der Hauptgrund daf\u00fcr, dass Kolumbien das Land mit der viertgr\u00f6\u00dften Artenvielfalt der Welt ist. Nirgendwo sonst gibt es so viele Vogelarten. Nur Brasilien und China haben mehr B\u00e4ume.<\/p>\n<p>Doch die Region befindet sich in einer Umweltkrise. Ich habe k\u00fcrzlich eine Doktorarbeit \u00fcber das n\u00f6rdliche kolumbianische Amazonasgebiet abgeschlossen, in der ich verfolgt habe, wie der Regenwald schnell abgeholzt und in Weiden f\u00fcr Rinderfarmen umgewandelt wird. Ich habe mir insbesondere angeschaut, welche Auswirkungen dies auf die Hotspots des Pflanzen- und Tierlebens in zerkl\u00fcfteten T\u00e4lern auf der Amazonas-Seite der Anden hat \u2013 selbst f\u00fcr kolumbianische Verh\u00e4ltnisse spektakul\u00e4re Artenvielfalt \u2013 und habe mir angeschaut, was getan werden kann, um sie zu sch\u00fctzen.<\/p>\n<figure class=\"wp-block-image\"><\/figure>\n<p>Dies ist kein einfacher Teil der Welt, um solche Arbeit zu leisten \u2013 die NGO Global Witness stuft Kolumbien als das gef\u00e4hrlichste Land f\u00fcr Umweltsch\u00fctzer ein. Bei der Dokumentation legaler und illegaler Rinderhaltung wurde ich oft daran erinnert, genau zu wissen, wen ich kontaktierte, und vorsichtig zu sein, welche Fragen ich stellte.<\/p>\n<p>Aktivisten und Forscher sind oft mit Gewalt seitens derjenigen konfrontiert, die von der Abholzung profitieren, und ich musste eng mit Organisationen und Beh\u00f6rden zusammenarbeiten, die f\u00fcr die eigene Sicherheit sorgten. Sehr ersch\u00fctternde Erfahrungen sind keine Seltenheit.<\/p>\n<p>Trotz dieser Risiken setzen viele ihre Bem\u00fchungen fort, angetrieben von einem tiefen Engagement f\u00fcr den Schutz des Amazonas und seiner Artenvielfalt. Ihr Mut unterstreicht nur die dringende Notwendigkeit eines st\u00e4rkeren Schutzes und einer st\u00e4rkeren Durchsetzung.<\/p>\n<h2 class=\"wp-block-heading\">Frieden f\u00fchrte zu mehr Abholzung<\/h2>\n<p>Jahrzehntelang wurde die Region gr\u00f6\u00dftenteils von der Guerillaarmee Farc kontrolliert. Die Farc finanzierte sich gr\u00f6\u00dftenteils durch Entf\u00fchrungen und den Drogenhandel und war nicht an gro\u00dffl\u00e4chiger Landwirtschaft interessiert.<\/p>\n<p>All dies \u00e4nderte sich, nachdem die kolumbianische Regierung 2016 ein Friedensabkommen mit der Farc unterzeichnete. Seitdem hat die Abholzung der W\u00e4lder zugenommen, da sowohl legale als auch illegale Landp\u00e4chter durch sogenannte \u201enachhaltige Entwicklungspraktiken\u201c Land f\u00fcr die Landwirtschaft erworben haben. Dabei geht es vor allem darum, Wald in Weideland f\u00fcr Rinder umzuwandeln, was die Hauptursache f\u00fcr die Entwaldung in ganz Lateinamerika ist.<\/p>\n<figure class=\"wp-block-image\"><img decoding=\"async\" src=\"https:\/\/www.strassenweb.de\/nachrichten\/wp-content\/uploads\/2024\/10\/Waehrend-Kolumbien-Gastgeber-eines-UN-Biodiversitaetsgipfels-ist-steckt-sein-eigener-Amazonas-Regenwald.0&#038;q=45&#038;auto=format&#038;w=754&#038;fit=clip.jpeg\" alt=\"Kuh schaut in die Kamera\"><\/figure>\n<p>Der H\u00f6hepunkt war im Jahr 2018, als in Kolumbien 2.470 Quadratkilometer Wald verloren gingen \u2013 das entspricht einer kreisf\u00f6rmigen Fl\u00e4che von mehr als 50 Kilometern Durchmesser. Die Entwaldungsraten sind seitdem leicht zur\u00fcckgegangen (obwohl die Daten nicht sehr zuverl\u00e4ssig sind), scheinen aber im Jahr 2024 wieder anzusteigen.<\/p>\n<p>Der j\u00fcngste Anstieg k\u00f6nnte auf die Nachfrage nach mehr Kokaproduktion oder mehr Viehzucht sowie auf den Druck von Rohstoffindustrien wie dem Bergbau zur\u00fcckzuf\u00fchren sein. Die Ausbreitung von Stra\u00dfen und anderer Infrastruktur weiter in den Regenwald hinein hat auch neue M\u00f6glichkeiten er\u00f6ffnet.<\/p>\n<h2 class=\"wp-block-heading\">Weitere Milliarden sind n\u00f6tig, um die Abholzung zu stoppen<\/h2>\n<p>In seinem Living Forest Report 2018 hat der WWF die kolumbianischen W\u00e4lder Choc\u00f3-Dari\u00e9n und Amazonas in seine Liste der 11 \u201eEntwaldungsfronten\u201c auf der ganzen Welt aufgenommen. An diesen Fronten w\u00fcrde es voraussichtlich bis 2030 zu den gr\u00f6\u00dften Konzentrationen an Waldverlusten oder schwerer Sch\u00e4digung kommen.<\/p>\n<p>Kein Wunder also, dass die Umweltkrise Kolumbiens internationale Aufmerksamkeit erregt hat. L\u00e4nder wie Deutschland, Norwegen und das Vereinigte K\u00f6nigreich haben seine Bem\u00fchungen zur Reduzierung der Entwaldung unterst\u00fctzt und etwa 22 Millionen Euro im Rahmen des UN-Programms zur Reduzierung der Emissionen aus Entwaldung und Waldsch\u00e4digung (bekannt als REDD+) zugesagt. Das ist ein guter Anfang, aber es ist noch viel mehr n\u00f6tig.<\/p>\n<figure class=\"wp-block-image\"><img decoding=\"async\" src=\"https:\/\/www.strassenweb.de\/nachrichten\/wp-content\/uploads\/2024\/10\/1729864475_457_Waehrend-Kolumbien-Gastgeber-eines-UN-Biodiversitaetsgipfels-ist-steckt-sein-eigener-Amazonas-Regenwald.0&#038;q=45&#038;auto=format&#038;w=754&#038;fit=clip.jpeg\" alt=\"Amazonas von oben\"><\/figure>\n<p>Tats\u00e4chlich sch\u00e4tzt das Global Biodiversity Framework, der internationale Vertrag, der den Cop16-Verhandlungen in Kalifornien zugrunde liegt, dass wir jedes Jahr zus\u00e4tzliche 700 Milliarden US-Dollar ben\u00f6tigen, um die biologische Vielfalt zu sch\u00fctzen.<\/p>\n<p>Ein wichtiges Thema des Gipfels ist daher die Mobilisierung ausreichender finanzieller Ressourcen, insbesondere f\u00fcr Entwicklungsl\u00e4nder. Auf dem letzten globalen Biodiversit\u00e4tsgipfel, der 2022 in Kanada stattfand, wurde festgelegt, dass wohlhabende L\u00e4nder bis 2030 einkommensschwachen L\u00e4ndern j\u00e4hrlich 30 Milliarden US-Dollar zur Verf\u00fcgung stellen sollten.<\/p>\n<p>Vor dem diesj\u00e4hrigen Gipfel wurde von den L\u00e4ndern erwartet, dass sie neue nationale Biodiversit\u00e4tspl\u00e4ne vorlegen, in denen detailliert beschrieben wird, wie sie die 30-Prozent-Schutzziele erreichen wollen. Den meisten ist dies nicht gelungen \u2013 auch Kolumbien. Trotz dieses R\u00fcckschlags werden die Delegierten in Cali hoffentlich robuste Mechanismen entwickeln, um den Fortschritt zu \u00fcberwachen und sicherzustellen, dass die L\u00e4nder f\u00fcr die Erreichung ihrer Ziele zur Verantwortung gezogen werden.<\/p>\n<p>Weitere wichtige Themen sind Reformen zugunsten von Kleinbauern im Amazonasgebiet. Das derzeitige Wirtschaftsmodell der Region konzentriert sich auf die Umgestaltung des Landes und die Gewinnung von Ressourcen, hat diesen nachhaltigeren Landwirten jedoch keinen Wohlstand gebracht. Dasselbe Wirtschaftsmodell hat es auch nicht geschafft, den Wald selbst zu sch\u00fctzen.<\/p>\n<p>Der Gipfel sollte auch darauf hinarbeiten, die Rechte und das traditionelle Wissen der indigenen V\u00f6lker anzuerkennen und ihre Stimmen in politische Entscheidungen einzubeziehen, und muss sich mit Gewalt gegen Umweltsch\u00fctzer befassen.<\/p>\n<p>Dies sind alles gro\u00dfe Probleme in Kolumbien und in jedem Land, in dem Viehz\u00fcchter auf unber\u00fchrte Regenw\u00e4lder achten. Der Gipfel in Cali stellt eine gro\u00dfartige Gelegenheit f\u00fcr die Welt dar, die doppelte Biodiversit\u00e4ts- und Klimakrise ernsthaft anzugehen.<\/p>\n<hr class=\"wp-block-separator has-alpha-channel-opacity\">\n<p>Jesica Lopez, Doktorandin, Zentrum f\u00fcr Umwelt- und Klimaforschung, <em>Universit\u00e4t Lund<\/em><\/p>\n<p>  wird von The Conversation unter einer Creative Commons-Lizenz erneut ver\u00f6ffentlicht.<\/p>\n","protected":false},"excerpt":{"rendered":"<p>Die Stadt Cali in Kolumbien ist Gastgeber des 16. Biodiversit\u00e4tsgipfels der Vereinten Nationen, bekannt als Cop16. Der Gipfel, der bis Freitag, den 1. November, l\u00e4uft,<\/p>\n","protected":false},"author":1,"featured_media":1136,"comment_status":"closed","ping_status":"","sticky":false,"template":"","format":"standard","meta":{"footnotes":""},"categories":[101],"tags":[2181,2180,303,827,2177,15,2176,235,306,2179,2178,1500],"class_list":["post-1135","post","type-post","status-publish","format-standard","has-post-thumbnail","hentry","category-oekologie","tag-amazonasregenwald","tag-eigener","tag-einer","tag-eines","tag-gastgeber","tag-ist","tag-kolumbien","tag-krise","tag-sein","tag-steckt","tag-unbiodiversitaetsgipfels","tag-waehrend","generate-columns","tablet-grid-50","mobile-grid-100","grid-parent","grid-50"],"yoast_head":"<!-- This site is optimized with the Yoast SEO plugin v27.3 - https:\/\/yoast.com\/product\/yoast-seo-wordpress\/ -->\n<title>W\u00e4hrend Kolumbien Gastgeber eines UN-Biodiversit\u00e4tsgipfels ist, steckt sein eigener Amazonas-Regenwald in einer Krise - Nachrichten - Stra\u00dfenweb<\/title>\n<meta name=\"robots\" content=\"index, follow, max-snippet:-1, max-image-preview:large, max-video-preview:-1\" \/>\n<link rel=\"canonical\" href=\"https:\/\/www.strassenweb.de\/nachrichten\/waehrend-kolumbien-gastgeber-eines-un-biodiversitaetsgipfels-ist-steckt-sein-eigener-amazonas-regenwald-in-einer-krise\/\" \/>\n<meta property=\"og:locale\" content=\"de_DE\" \/>\n<meta property=\"og:type\" content=\"article\" \/>\n<meta property=\"og:title\" content=\"W\u00e4hrend Kolumbien Gastgeber eines UN-Biodiversit\u00e4tsgipfels ist, steckt sein eigener Amazonas-Regenwald in einer Krise - Nachrichten - Stra\u00dfenweb\" \/>\n<meta property=\"og:description\" content=\"Die Stadt Cali in Kolumbien ist Gastgeber des 16. Biodiversit\u00e4tsgipfels der Vereinten Nationen, bekannt als Cop16. Der Gipfel, der bis Freitag, den 1. November, l\u00e4uft,\" \/>\n<meta property=\"og:url\" content=\"https:\/\/www.strassenweb.de\/nachrichten\/waehrend-kolumbien-gastgeber-eines-un-biodiversitaetsgipfels-ist-steckt-sein-eigener-amazonas-regenwald-in-einer-krise\/\" \/>\n<meta property=\"og:site_name\" content=\"Stra\u00dfenweb\" \/>\n<meta property=\"article:publisher\" content=\"https:\/\/www.facebook.com\/strassenweb\/\" \/>\n<meta property=\"article:published_time\" content=\"2024-10-25T13:54:35+00:00\" \/>\n<meta property=\"og:image\" content=\"https:\/\/www.strassenweb.de\/nachrichten\/wp-content\/uploads\/2024\/10\/Waehrend-Kolumbien-Gastgeber-eines-UN-Biodiversitaetsgipfels-ist-steckt-sein-eigener-Amazonas-Regenwald.jpg\" \/>\n\t<meta property=\"og:image:width\" content=\"752\" \/>\n\t<meta property=\"og:image:height\" content=\"539\" \/>\n\t<meta property=\"og:image:type\" content=\"image\/jpeg\" \/>\n<meta name=\"author\" content=\"Robert Hoffmann\" \/>\n<meta name=\"twitter:card\" content=\"summary_large_image\" \/>\n<meta name=\"twitter:label1\" content=\"Verfasst von\" \/>\n\t<meta name=\"twitter:data1\" content=\"Robert Hoffmann\" \/>\n\t<meta name=\"twitter:label2\" content=\"Gesch\u00e4tzte Lesezeit\" \/>\n\t<meta name=\"twitter:data2\" content=\"5\u00a0Minuten\" \/>\n<script type=\"application\/ld+json\" class=\"yoast-schema-graph\">{\"@context\":\"https:\\\/\\\/schema.org\",\"@graph\":[{\"@type\":\"Article\",\"@id\":\"https:\\\/\\\/www.strassenweb.de\\\/nachrichten\\\/waehrend-kolumbien-gastgeber-eines-un-biodiversitaetsgipfels-ist-steckt-sein-eigener-amazonas-regenwald-in-einer-krise\\\/#article\",\"isPartOf\":{\"@id\":\"https:\\\/\\\/www.strassenweb.de\\\/nachrichten\\\/waehrend-kolumbien-gastgeber-eines-un-biodiversitaetsgipfels-ist-steckt-sein-eigener-amazonas-regenwald-in-einer-krise\\\/\"},\"author\":{\"name\":\"Robert Hoffmann\",\"@id\":\"https:\\\/\\\/www.strassenweb.de\\\/nachrichten\\\/#\\\/schema\\\/person\\\/87c9c9067f1211da429a744dc5a5aa41\"},\"headline\":\"W\u00e4hrend Kolumbien Gastgeber eines UN-Biodiversit\u00e4tsgipfels ist, steckt sein eigener Amazonas-Regenwald in einer Krise\",\"datePublished\":\"2024-10-25T13:54:35+00:00\",\"mainEntityOfPage\":{\"@id\":\"https:\\\/\\\/www.strassenweb.de\\\/nachrichten\\\/waehrend-kolumbien-gastgeber-eines-un-biodiversitaetsgipfels-ist-steckt-sein-eigener-amazonas-regenwald-in-einer-krise\\\/\"},\"wordCount\":997,\"publisher\":{\"@id\":\"https:\\\/\\\/www.strassenweb.de\\\/nachrichten\\\/#organization\"},\"image\":{\"@id\":\"https:\\\/\\\/www.strassenweb.de\\\/nachrichten\\\/waehrend-kolumbien-gastgeber-eines-un-biodiversitaetsgipfels-ist-steckt-sein-eigener-amazonas-regenwald-in-einer-krise\\\/#primaryimage\"},\"thumbnailUrl\":\"https:\\\/\\\/www.strassenweb.de\\\/nachrichten\\\/wp-content\\\/uploads\\\/2024\\\/10\\\/Waehrend-Kolumbien-Gastgeber-eines-UN-Biodiversitaetsgipfels-ist-steckt-sein-eigener-Amazonas-Regenwald.jpg\",\"keywords\":[\"AmazonasRegenwald\",\"eigener\",\"einer\",\"eines\",\"Gastgeber\",\"ist\",\"Kolumbien\",\"Krise\",\"sein\",\"steckt\",\"UNBiodiversit\u00e4tsgipfels\",\"w\u00e4hrend\"],\"articleSection\":[\"\u00d6kologie\"],\"inLanguage\":\"de\"},{\"@type\":\"WebPage\",\"@id\":\"https:\\\/\\\/www.strassenweb.de\\\/nachrichten\\\/waehrend-kolumbien-gastgeber-eines-un-biodiversitaetsgipfels-ist-steckt-sein-eigener-amazonas-regenwald-in-einer-krise\\\/\",\"url\":\"https:\\\/\\\/www.strassenweb.de\\\/nachrichten\\\/waehrend-kolumbien-gastgeber-eines-un-biodiversitaetsgipfels-ist-steckt-sein-eigener-amazonas-regenwald-in-einer-krise\\\/\",\"name\":\"W\u00e4hrend Kolumbien Gastgeber eines UN-Biodiversit\u00e4tsgipfels ist, steckt sein eigener Amazonas-Regenwald in einer Krise - Nachrichten - Stra\u00dfenweb\",\"isPartOf\":{\"@id\":\"https:\\\/\\\/www.strassenweb.de\\\/nachrichten\\\/#website\"},\"primaryImageOfPage\":{\"@id\":\"https:\\\/\\\/www.strassenweb.de\\\/nachrichten\\\/waehrend-kolumbien-gastgeber-eines-un-biodiversitaetsgipfels-ist-steckt-sein-eigener-amazonas-regenwald-in-einer-krise\\\/#primaryimage\"},\"image\":{\"@id\":\"https:\\\/\\\/www.strassenweb.de\\\/nachrichten\\\/waehrend-kolumbien-gastgeber-eines-un-biodiversitaetsgipfels-ist-steckt-sein-eigener-amazonas-regenwald-in-einer-krise\\\/#primaryimage\"},\"thumbnailUrl\":\"https:\\\/\\\/www.strassenweb.de\\\/nachrichten\\\/wp-content\\\/uploads\\\/2024\\\/10\\\/Waehrend-Kolumbien-Gastgeber-eines-UN-Biodiversitaetsgipfels-ist-steckt-sein-eigener-Amazonas-Regenwald.jpg\",\"datePublished\":\"2024-10-25T13:54:35+00:00\",\"breadcrumb\":{\"@id\":\"https:\\\/\\\/www.strassenweb.de\\\/nachrichten\\\/waehrend-kolumbien-gastgeber-eines-un-biodiversitaetsgipfels-ist-steckt-sein-eigener-amazonas-regenwald-in-einer-krise\\\/#breadcrumb\"},\"inLanguage\":\"de\",\"potentialAction\":[{\"@type\":\"ReadAction\",\"target\":[\"https:\\\/\\\/www.strassenweb.de\\\/nachrichten\\\/waehrend-kolumbien-gastgeber-eines-un-biodiversitaetsgipfels-ist-steckt-sein-eigener-amazonas-regenwald-in-einer-krise\\\/\"]}]},{\"@type\":\"ImageObject\",\"inLanguage\":\"de\",\"@id\":\"https:\\\/\\\/www.strassenweb.de\\\/nachrichten\\\/waehrend-kolumbien-gastgeber-eines-un-biodiversitaetsgipfels-ist-steckt-sein-eigener-amazonas-regenwald-in-einer-krise\\\/#primaryimage\",\"url\":\"https:\\\/\\\/www.strassenweb.de\\\/nachrichten\\\/wp-content\\\/uploads\\\/2024\\\/10\\\/Waehrend-Kolumbien-Gastgeber-eines-UN-Biodiversitaetsgipfels-ist-steckt-sein-eigener-Amazonas-Regenwald.jpg\",\"contentUrl\":\"https:\\\/\\\/www.strassenweb.de\\\/nachrichten\\\/wp-content\\\/uploads\\\/2024\\\/10\\\/Waehrend-Kolumbien-Gastgeber-eines-UN-Biodiversitaetsgipfels-ist-steckt-sein-eigener-Amazonas-Regenwald.jpg\",\"width\":752,\"height\":539,\"caption\":\"As Colombia hosts a UN biodiversity summit, its own Amazonian rainforest is in\u00a0crisis\"},{\"@type\":\"BreadcrumbList\",\"@id\":\"https:\\\/\\\/www.strassenweb.de\\\/nachrichten\\\/waehrend-kolumbien-gastgeber-eines-un-biodiversitaetsgipfels-ist-steckt-sein-eigener-amazonas-regenwald-in-einer-krise\\\/#breadcrumb\",\"itemListElement\":[{\"@type\":\"ListItem\",\"position\":1,\"name\":\"Home\",\"item\":\"https:\\\/\\\/www.strassenweb.de\\\/nachrichten\\\/\"},{\"@type\":\"ListItem\",\"position\":2,\"name\":\"W\u00e4hrend Kolumbien Gastgeber eines UN-Biodiversit\u00e4tsgipfels ist, steckt sein eigener Amazonas-Regenwald in einer Krise\"}]},{\"@type\":\"WebSite\",\"@id\":\"https:\\\/\\\/www.strassenweb.de\\\/nachrichten\\\/#website\",\"url\":\"https:\\\/\\\/www.strassenweb.de\\\/nachrichten\\\/\",\"name\":\"Stra\u00dfenweb\",\"description\":\"Stra\u00dfenverzeichnis f\u00fcr Deutschland\",\"publisher\":{\"@id\":\"https:\\\/\\\/www.strassenweb.de\\\/nachrichten\\\/#organization\"},\"potentialAction\":[{\"@type\":\"SearchAction\",\"target\":{\"@type\":\"EntryPoint\",\"urlTemplate\":\"https:\\\/\\\/www.strassenweb.de\\\/nachrichten\\\/?s={search_term_string}\"},\"query-input\":{\"@type\":\"PropertyValueSpecification\",\"valueRequired\":true,\"valueName\":\"search_term_string\"}}],\"inLanguage\":\"de\"},{\"@type\":\"Organization\",\"@id\":\"https:\\\/\\\/www.strassenweb.de\\\/nachrichten\\\/#organization\",\"name\":\"Stra\u00dfenweb\",\"url\":\"https:\\\/\\\/www.strassenweb.de\\\/nachrichten\\\/\",\"logo\":{\"@type\":\"ImageObject\",\"inLanguage\":\"de\",\"@id\":\"https:\\\/\\\/www.strassenweb.de\\\/nachrichten\\\/#\\\/schema\\\/logo\\\/image\\\/\",\"url\":\"https:\\\/\\\/www.strassenweb.de\\\/nachrichten\\\/wp-content\\\/uploads\\\/2024\\\/09\\\/cropped-favicon.png\",\"contentUrl\":\"https:\\\/\\\/www.strassenweb.de\\\/nachrichten\\\/wp-content\\\/uploads\\\/2024\\\/09\\\/cropped-favicon.png\",\"width\":512,\"height\":512,\"caption\":\"Stra\u00dfenweb\"},\"image\":{\"@id\":\"https:\\\/\\\/www.strassenweb.de\\\/nachrichten\\\/#\\\/schema\\\/logo\\\/image\\\/\"},\"sameAs\":[\"https:\\\/\\\/www.facebook.com\\\/strassenweb\\\/\"]},{\"@type\":\"Person\",\"@id\":\"https:\\\/\\\/www.strassenweb.de\\\/nachrichten\\\/#\\\/schema\\\/person\\\/87c9c9067f1211da429a744dc5a5aa41\",\"name\":\"Robert Hoffmann\",\"image\":{\"@type\":\"ImageObject\",\"inLanguage\":\"de\",\"@id\":\"https:\\\/\\\/www.strassenweb.de\\\/nachrichten\\\/wp-content\\\/uploads\\\/2024\\\/09\\\/strassenweb-150x150.jpg\",\"url\":\"https:\\\/\\\/www.strassenweb.de\\\/nachrichten\\\/wp-content\\\/uploads\\\/2024\\\/09\\\/strassenweb-150x150.jpg\",\"contentUrl\":\"https:\\\/\\\/www.strassenweb.de\\\/nachrichten\\\/wp-content\\\/uploads\\\/2024\\\/09\\\/strassenweb-150x150.jpg\",\"caption\":\"Robert Hoffmann\"},\"description\":\"Ich hei\u00dfe Robert Hoffmann und ich bin ein leidenschaftlicher Verfechter von \u00d6kologie und Biodiversit\u00e4t. Seit meiner Kindheit in den W\u00e4ldern Bayerns f\u00fchle ich mich mit der Natur verbunden und bin entschlossen, sie zu sch\u00fctzen. Heute widme ich mein Leben der Sensibilisierung anderer f\u00fcr die Bedeutung des Umweltschutzes f\u00fcr zuk\u00fcnftige Generationen.\",\"sameAs\":[\"https:\\\/\\\/www.strassenweb.de\\\/\"]}]}<\/script>\n<!-- \/ Yoast SEO plugin. -->","yoast_head_json":{"title":"W\u00e4hrend Kolumbien Gastgeber eines UN-Biodiversit\u00e4tsgipfels ist, steckt sein eigener Amazonas-Regenwald in einer Krise - Nachrichten - Stra\u00dfenweb","robots":{"index":"index","follow":"follow","max-snippet":"max-snippet:-1","max-image-preview":"max-image-preview:large","max-video-preview":"max-video-preview:-1"},"canonical":"https:\/\/www.strassenweb.de\/nachrichten\/waehrend-kolumbien-gastgeber-eines-un-biodiversitaetsgipfels-ist-steckt-sein-eigener-amazonas-regenwald-in-einer-krise\/","og_locale":"de_DE","og_type":"article","og_title":"W\u00e4hrend Kolumbien Gastgeber eines UN-Biodiversit\u00e4tsgipfels ist, steckt sein eigener Amazonas-Regenwald in einer Krise - Nachrichten - Stra\u00dfenweb","og_description":"Die Stadt Cali in Kolumbien ist Gastgeber des 16. Biodiversit\u00e4tsgipfels der Vereinten Nationen, bekannt als Cop16. Der Gipfel, der bis Freitag, den 1. November, l\u00e4uft,","og_url":"https:\/\/www.strassenweb.de\/nachrichten\/waehrend-kolumbien-gastgeber-eines-un-biodiversitaetsgipfels-ist-steckt-sein-eigener-amazonas-regenwald-in-einer-krise\/","og_site_name":"Stra\u00dfenweb","article_publisher":"https:\/\/www.facebook.com\/strassenweb\/","article_published_time":"2024-10-25T13:54:35+00:00","og_image":[{"width":752,"height":539,"url":"https:\/\/www.strassenweb.de\/nachrichten\/wp-content\/uploads\/2024\/10\/Waehrend-Kolumbien-Gastgeber-eines-UN-Biodiversitaetsgipfels-ist-steckt-sein-eigener-Amazonas-Regenwald.jpg","type":"image\/jpeg"}],"author":"Robert Hoffmann","twitter_card":"summary_large_image","twitter_misc":{"Verfasst von":"Robert Hoffmann","Gesch\u00e4tzte Lesezeit":"5\u00a0Minuten"},"schema":{"@context":"https:\/\/schema.org","@graph":[{"@type":"Article","@id":"https:\/\/www.strassenweb.de\/nachrichten\/waehrend-kolumbien-gastgeber-eines-un-biodiversitaetsgipfels-ist-steckt-sein-eigener-amazonas-regenwald-in-einer-krise\/#article","isPartOf":{"@id":"https:\/\/www.strassenweb.de\/nachrichten\/waehrend-kolumbien-gastgeber-eines-un-biodiversitaetsgipfels-ist-steckt-sein-eigener-amazonas-regenwald-in-einer-krise\/"},"author":{"name":"Robert Hoffmann","@id":"https:\/\/www.strassenweb.de\/nachrichten\/#\/schema\/person\/87c9c9067f1211da429a744dc5a5aa41"},"headline":"W\u00e4hrend Kolumbien Gastgeber eines UN-Biodiversit\u00e4tsgipfels ist, steckt sein eigener Amazonas-Regenwald in einer Krise","datePublished":"2024-10-25T13:54:35+00:00","mainEntityOfPage":{"@id":"https:\/\/www.strassenweb.de\/nachrichten\/waehrend-kolumbien-gastgeber-eines-un-biodiversitaetsgipfels-ist-steckt-sein-eigener-amazonas-regenwald-in-einer-krise\/"},"wordCount":997,"publisher":{"@id":"https:\/\/www.strassenweb.de\/nachrichten\/#organization"},"image":{"@id":"https:\/\/www.strassenweb.de\/nachrichten\/waehrend-kolumbien-gastgeber-eines-un-biodiversitaetsgipfels-ist-steckt-sein-eigener-amazonas-regenwald-in-einer-krise\/#primaryimage"},"thumbnailUrl":"https:\/\/www.strassenweb.de\/nachrichten\/wp-content\/uploads\/2024\/10\/Waehrend-Kolumbien-Gastgeber-eines-UN-Biodiversitaetsgipfels-ist-steckt-sein-eigener-Amazonas-Regenwald.jpg","keywords":["AmazonasRegenwald","eigener","einer","eines","Gastgeber","ist","Kolumbien","Krise","sein","steckt","UNBiodiversit\u00e4tsgipfels","w\u00e4hrend"],"articleSection":["\u00d6kologie"],"inLanguage":"de"},{"@type":"WebPage","@id":"https:\/\/www.strassenweb.de\/nachrichten\/waehrend-kolumbien-gastgeber-eines-un-biodiversitaetsgipfels-ist-steckt-sein-eigener-amazonas-regenwald-in-einer-krise\/","url":"https:\/\/www.strassenweb.de\/nachrichten\/waehrend-kolumbien-gastgeber-eines-un-biodiversitaetsgipfels-ist-steckt-sein-eigener-amazonas-regenwald-in-einer-krise\/","name":"W\u00e4hrend Kolumbien Gastgeber eines UN-Biodiversit\u00e4tsgipfels ist, steckt sein eigener Amazonas-Regenwald in einer Krise - Nachrichten - Stra\u00dfenweb","isPartOf":{"@id":"https:\/\/www.strassenweb.de\/nachrichten\/#website"},"primaryImageOfPage":{"@id":"https:\/\/www.strassenweb.de\/nachrichten\/waehrend-kolumbien-gastgeber-eines-un-biodiversitaetsgipfels-ist-steckt-sein-eigener-amazonas-regenwald-in-einer-krise\/#primaryimage"},"image":{"@id":"https:\/\/www.strassenweb.de\/nachrichten\/waehrend-kolumbien-gastgeber-eines-un-biodiversitaetsgipfels-ist-steckt-sein-eigener-amazonas-regenwald-in-einer-krise\/#primaryimage"},"thumbnailUrl":"https:\/\/www.strassenweb.de\/nachrichten\/wp-content\/uploads\/2024\/10\/Waehrend-Kolumbien-Gastgeber-eines-UN-Biodiversitaetsgipfels-ist-steckt-sein-eigener-Amazonas-Regenwald.jpg","datePublished":"2024-10-25T13:54:35+00:00","breadcrumb":{"@id":"https:\/\/www.strassenweb.de\/nachrichten\/waehrend-kolumbien-gastgeber-eines-un-biodiversitaetsgipfels-ist-steckt-sein-eigener-amazonas-regenwald-in-einer-krise\/#breadcrumb"},"inLanguage":"de","potentialAction":[{"@type":"ReadAction","target":["https:\/\/www.strassenweb.de\/nachrichten\/waehrend-kolumbien-gastgeber-eines-un-biodiversitaetsgipfels-ist-steckt-sein-eigener-amazonas-regenwald-in-einer-krise\/"]}]},{"@type":"ImageObject","inLanguage":"de","@id":"https:\/\/www.strassenweb.de\/nachrichten\/waehrend-kolumbien-gastgeber-eines-un-biodiversitaetsgipfels-ist-steckt-sein-eigener-amazonas-regenwald-in-einer-krise\/#primaryimage","url":"https:\/\/www.strassenweb.de\/nachrichten\/wp-content\/uploads\/2024\/10\/Waehrend-Kolumbien-Gastgeber-eines-UN-Biodiversitaetsgipfels-ist-steckt-sein-eigener-Amazonas-Regenwald.jpg","contentUrl":"https:\/\/www.strassenweb.de\/nachrichten\/wp-content\/uploads\/2024\/10\/Waehrend-Kolumbien-Gastgeber-eines-UN-Biodiversitaetsgipfels-ist-steckt-sein-eigener-Amazonas-Regenwald.jpg","width":752,"height":539,"caption":"As Colombia hosts a UN biodiversity summit, its own Amazonian rainforest is in\u00a0crisis"},{"@type":"BreadcrumbList","@id":"https:\/\/www.strassenweb.de\/nachrichten\/waehrend-kolumbien-gastgeber-eines-un-biodiversitaetsgipfels-ist-steckt-sein-eigener-amazonas-regenwald-in-einer-krise\/#breadcrumb","itemListElement":[{"@type":"ListItem","position":1,"name":"Home","item":"https:\/\/www.strassenweb.de\/nachrichten\/"},{"@type":"ListItem","position":2,"name":"W\u00e4hrend Kolumbien Gastgeber eines UN-Biodiversit\u00e4tsgipfels ist, steckt sein eigener Amazonas-Regenwald in einer Krise"}]},{"@type":"WebSite","@id":"https:\/\/www.strassenweb.de\/nachrichten\/#website","url":"https:\/\/www.strassenweb.de\/nachrichten\/","name":"Stra\u00dfenweb","description":"Stra\u00dfenverzeichnis f\u00fcr Deutschland","publisher":{"@id":"https:\/\/www.strassenweb.de\/nachrichten\/#organization"},"potentialAction":[{"@type":"SearchAction","target":{"@type":"EntryPoint","urlTemplate":"https:\/\/www.strassenweb.de\/nachrichten\/?s={search_term_string}"},"query-input":{"@type":"PropertyValueSpecification","valueRequired":true,"valueName":"search_term_string"}}],"inLanguage":"de"},{"@type":"Organization","@id":"https:\/\/www.strassenweb.de\/nachrichten\/#organization","name":"Stra\u00dfenweb","url":"https:\/\/www.strassenweb.de\/nachrichten\/","logo":{"@type":"ImageObject","inLanguage":"de","@id":"https:\/\/www.strassenweb.de\/nachrichten\/#\/schema\/logo\/image\/","url":"https:\/\/www.strassenweb.de\/nachrichten\/wp-content\/uploads\/2024\/09\/cropped-favicon.png","contentUrl":"https:\/\/www.strassenweb.de\/nachrichten\/wp-content\/uploads\/2024\/09\/cropped-favicon.png","width":512,"height":512,"caption":"Stra\u00dfenweb"},"image":{"@id":"https:\/\/www.strassenweb.de\/nachrichten\/#\/schema\/logo\/image\/"},"sameAs":["https:\/\/www.facebook.com\/strassenweb\/"]},{"@type":"Person","@id":"https:\/\/www.strassenweb.de\/nachrichten\/#\/schema\/person\/87c9c9067f1211da429a744dc5a5aa41","name":"Robert Hoffmann","image":{"@type":"ImageObject","inLanguage":"de","@id":"https:\/\/www.strassenweb.de\/nachrichten\/wp-content\/uploads\/2024\/09\/strassenweb-150x150.jpg","url":"https:\/\/www.strassenweb.de\/nachrichten\/wp-content\/uploads\/2024\/09\/strassenweb-150x150.jpg","contentUrl":"https:\/\/www.strassenweb.de\/nachrichten\/wp-content\/uploads\/2024\/09\/strassenweb-150x150.jpg","caption":"Robert Hoffmann"},"description":"Ich hei\u00dfe Robert Hoffmann und ich bin ein leidenschaftlicher Verfechter von \u00d6kologie und Biodiversit\u00e4t. Seit meiner Kindheit in den W\u00e4ldern Bayerns f\u00fchle ich mich mit der Natur verbunden und bin entschlossen, sie zu sch\u00fctzen. Heute widme ich mein Leben der Sensibilisierung anderer f\u00fcr die Bedeutung des Umweltschutzes f\u00fcr zuk\u00fcnftige Generationen.","sameAs":["https:\/\/www.strassenweb.de\/"]}]}},"_links":{"self":[{"href":"https:\/\/www.strassenweb.de\/nachrichten\/wp-json\/wp\/v2\/posts\/1135","targetHints":{"allow":["GET"]}}],"collection":[{"href":"https:\/\/www.strassenweb.de\/nachrichten\/wp-json\/wp\/v2\/posts"}],"about":[{"href":"https:\/\/www.strassenweb.de\/nachrichten\/wp-json\/wp\/v2\/types\/post"}],"author":[{"embeddable":true,"href":"https:\/\/www.strassenweb.de\/nachrichten\/wp-json\/wp\/v2\/users\/1"}],"replies":[{"embeddable":true,"href":"https:\/\/www.strassenweb.de\/nachrichten\/wp-json\/wp\/v2\/comments?post=1135"}],"version-history":[{"count":0,"href":"https:\/\/www.strassenweb.de\/nachrichten\/wp-json\/wp\/v2\/posts\/1135\/revisions"}],"wp:featuredmedia":[{"embeddable":true,"href":"https:\/\/www.strassenweb.de\/nachrichten\/wp-json\/wp\/v2\/media\/1136"}],"wp:attachment":[{"href":"https:\/\/www.strassenweb.de\/nachrichten\/wp-json\/wp\/v2\/media?parent=1135"}],"wp:term":[{"taxonomy":"category","embeddable":true,"href":"https:\/\/www.strassenweb.de\/nachrichten\/wp-json\/wp\/v2\/categories?post=1135"},{"taxonomy":"post_tag","embeddable":true,"href":"https:\/\/www.strassenweb.de\/nachrichten\/wp-json\/wp\/v2\/tags?post=1135"}],"curies":[{"name":"wp","href":"https:\/\/api.w.org\/{rel}","templated":true}]}}