{"id":1129,"date":"2024-10-25T10:57:03","date_gmt":"2024-10-25T08:57:03","guid":{"rendered":"https:\/\/www.strassenweb.de\/nachrichten\/5-anzeichen-dafuer-dass-sie-ihr-besteck-ersetzen-muessen-laut-einem-erfahrenen-veranstaltungsplaner\/"},"modified":"2024-10-25T10:57:04","modified_gmt":"2024-10-25T08:57:04","slug":"5-anzeichen-dafuer-dass-sie-ihr-besteck-ersetzen-muessen-laut-einem-erfahrenen-veranstaltungsplaner","status":"publish","type":"post","link":"https:\/\/www.strassenweb.de\/nachrichten\/5-anzeichen-dafuer-dass-sie-ihr-besteck-ersetzen-muessen-laut-einem-erfahrenen-veranstaltungsplaner\/","title":{"rendered":"5 Anzeichen daf\u00fcr, dass Sie Ihr Besteck ersetzen m\u00fcssen \u2013 laut einem erfahrenen Veranstaltungsplaner"},"content":{"rendered":"<p><\/p>\n<div id=\"article-body\" class=\"article__body \">\n<p>Da wir sie jeden Tag benutzen, sind unsere Bestecksets durchzuhalten <em>eine Menge<\/em>. Vom Essen bis zum Sp\u00fclgang (bis hin zum gelegentlichen Einsatz eines Messers als provisorischer Schraubenzieher) ist es kein Wunder, dass sie mit der Zeit eine gewisse Abnutzung aufweisen.<\/p>\n<div id=\"ad-unit-1\" class=\"ad-unit\"><\/div>\n<p>W\u00e4hrend viele Bestecksets im Allgemeinen robust sind, kann es bei K\u00fcchenartikeln, die Sie aufr\u00fcsten m\u00fcssen, irgendwann vorkommen, dass eine Sammlung ersetzt werden muss, sagen Gastgeber-Experten.<\/p>\n<aside class=\"hawk-nest\" data-block-type=\"embed\" data-render-type=\"fte\" data-skip=\"dealsy\" data-widget-type=\"seasonal\">\n<div class=\"hawk-master-widget-hawk-base-wrapper\"><\/div>\n<\/aside>\n<p>Von Verf\u00e4rbungen bis hin zu Besch\u00e4digungen: Dies sind die f\u00fcnf Anzeichen daf\u00fcr, dass Sie Ihr altes Besteck durch neues Besteck ersetzen sollten, und warum es so wichtig ist, es scharf zu halten.<\/p>\n<div id=\"desktop-in-article\" class=\"in-article ad-unit\">\n<div id=\"desktop-taboola-mid-article\"><\/div>\n<\/div>\n<div id=\"mobile-in-article\" class=\"in-article ad-unit\">\n<div id=\"mobile-taboola-mid-article\"><\/div>\n<\/div>\n<h2 id=\"signs-you-need-to-replace-your-flatware-3\">Anzeichen daf\u00fcr, dass Sie Ihr Besteck ersetzen m\u00fcssen<\/h2>\n<p>Das Polieren von Besteck kann bei einem alten rostigen oder stumpfen Besteckset nur begrenzt helfen. Das sind die f\u00fcnf unwiderlegbaren Zeichen, die Sie zum Einkaufen brauchen.<\/p>\n<div class=\"van_vid_carousel\">\n<div class=\"van_vid_carousel__padding\">\n<div class=\"van_vid_carousel__container\"><\/div>\n<\/div>\n<\/div>\n<figure class=\"van-image-figure inline-layout \" data-bordeaux-image-check>\n<div class=\"image-full-width-wrapper\">\n<div class=\"image-widthsetter\" style=\"max-width:2000px;\"><\/div>\n<\/div>\n<\/figure>\n<h3 class=\"article-body__section\" id=\"section-1-they-have-rusted-or-discolored\"><span>1. Sie sind verrostet oder verf\u00e4rbt<\/span><\/h3>\n<p>Eines der offensichtlichsten Anzeichen daf\u00fcr, dass Ihr Besteck ausgetauscht werden muss, sind Anzeichen von Rost und Verf\u00e4rbungen, die nicht verschwinden, selbst wenn Sie versuchen, Rost mit Aluminiumfolie zu entfernen.<\/p>\n<div id=\"ad-unit-2\" class=\"ad-unit\"><\/div>\n<p>Cameron Forbes, Veranstaltungsplaner und Gr\u00fcnder von Forbes Functions sagt: \u201eWenn Ihr Besteck Rostflecken oder unsch\u00f6ne Verf\u00e4rbungen aufweist, ist es an der Zeit, dar\u00fcber nachzudenken, es auszutauschen.\u201c Auch bei Edelstahl kann es zu Rost kommen, wenn dieser zu lange Feuchtigkeit ausgesetzt ist oder zu oft in der Sp\u00fclmaschine l\u00e4uft, ohne richtig getrocknet zu werden. Damit Ihre Utensilien immer sch\u00f6n aussehen, waschen Sie sie mit der Hand und trocknen Sie sie sofort ab. Aber wenn der Rost nicht verschwindet oder die Verf\u00e4rbung dauerhaft ist, ist es an der Zeit, in ein neues Set zu investieren.\u201c<\/p>\n<p>Es ist jedoch wichtig, zwischen Anlaufen und Rost zu unterscheiden, bevor Sie Ihre alten Ger\u00e4te wegwerfen. W\u00e4hrend rauer, roter Rost ein todsicheres Zeichen f\u00fcr Sch\u00e4den ist, sind mattgraue oder regenbogenfarbene Anlauffarben meist nur ein Zeichen von Oberfl\u00e4chenoxidation und k\u00f6nnen in der Regel durch Reinigen mit Essig wegpoliert werden.<\/p>\n<p>Kombinieren Sie eine Tasse wei\u00dfen Essig, erh\u00e4ltlich bei Walmart, mit einem Liter hei\u00dfem Wasser und lassen Sie das Besteck 30 Minuten in der Mischung einweichen. Zum Abschluss mit warmem Seifenwasser waschen und gr\u00fcndlich trocknen.<\/p>\n<p><em>Alle Preise gelten zum Zeitpunkt der Ver\u00f6ffentlichung.<\/em><\/p>\n<h3 class=\"article-body__section\" id=\"section-2-they-are-scratched-or-broken\"><span>2. Sie sind zerkratzt oder kaputt<\/span><\/h3>\n<p>Ein weiterer Grund, warum Sie Ihr Besteck ersetzen m\u00f6chten, sind starke Kratzer oder abgebrochene Messerspitzen. Diese entstehen meist dadurch, dass Besteck falsch gelagert wird oder wenn man es in der Sp\u00fclmaschine sp\u00fclt, obwohl man es lieber von Hand pflegt.<\/p>\n<p>W\u00e4hrend leichte Kratzer m\u00f6glicherweise nicht ausreichen, um ein vollst\u00e4ndiges Austauschset zu rechtfertigen, k\u00f6nnen starke Kratzer, die die Oberfl\u00e4che des Bestecks \u200b\u200boptisch stumpf machen, unansehnlich sein. Ganz zu schweigen davon, dass sehr tiefe Kratzer die Reinigung Ihres Bestecks \u200b\u200berschweren k\u00f6nnen, was zu einer Ansammlung von Bakterien f\u00fchrt, die zu einer Verunreinigung der Lebensmittel f\u00fchren k\u00f6nnen.<\/p>\n<p>Bevor Sie alles wegwerfen, probieren Sie unseren Experten-Hack zum Polieren von Silberbesteck aus, um zu sehen, ob dadurch eventuelle Kratzer auf der Oberfl\u00e4che gemildert werden. Wenn dies nicht der Fall ist, k\u00f6nnen Sie erw\u00e4gen, die fehlerhaften Teile zu werfen.<\/p>\n<h3 class=\"article-body__section\" id=\"section-3-they-are-blunt-or-bent\"><span>3. Sie sind stumpf oder gebogen<\/span><\/h3>\n<p>Stumpfe oder verbogene Bestecke beeintr\u00e4chtigen nicht nur das Aussehen Ihres Tisches, sondern k\u00f6nnen auch das Essen erschweren (und m\u00f6glicherweise gef\u00e4hrlicher machen).<\/p>\n<p>Cameron Forbes, Veranstaltungsplaner, sagt: \u201eMesser werden mit der Zeit von Natur aus stumpf und Gabeln oder L\u00f6ffel k\u00f6nnen sich unter Druck verbiegen \u2013 insbesondere, wenn Sie sie f\u00fcr Aufgaben verwenden, f\u00fcr die sie nicht konzipiert sind.\u201c<\/p>\n<p>\u201eWenn Ihre Messer nicht mehr scharf sind oder sich Ihre Gabeln d\u00fcnn anf\u00fchlen, ist das ein klares Zeichen daf\u00fcr, dass sie bessere Tage gesehen haben.\u201c Sie k\u00f6nnen die besten Methoden zum Sch\u00e4rfen von K\u00fcchenmessern zu Hause ausprobieren, aber wenn die Stumpfheit bestehen bleibt oder die Klingen verbogen sind, ist es kl\u00fcger, sie auszutauschen. \u201eEin gutes Besteckset sollte sich ausgewogen und stabil in der Hand anf\u00fchlen.\u201c<\/p>\n<p>Stumpfe Messer und Gabeln sind mehr als nur eine Unannehmlichkeit. Sie k\u00f6nnen das Schneiden und Durchstechen von Lebensmitteln erschweren, was bedeutet, dass Sie mehr Druck aus\u00fcben m\u00fcssen, was dazu f\u00fchren kann, dass Ihr Geschirr zerbricht oder besch\u00e4digt wird oder dass Lebensmittel wegfliegen. In diesem Stadium ist die Investition in einen Ersatz mehr als wert.<\/p>\n<h3 class=\"article-body__section\" id=\"section-4-the-handles-are-loose-or-damaged\"><span>4. Die Griffe sind locker oder besch\u00e4digt<\/span><\/h3>\n<p>\u00c4hnlich wie bei den Schildern ist es an der Zeit, Ihre T\u00f6pfe und Pfannen auszutauschen. Wenn die Griffe Ihres Bestecks \u200b\u200blocker sind, sollten Sie sich wahrscheinlich verabschieden.<\/p>\n<p>Cameron Forbes, Veranstaltungsplaner, stimmt zu: \u201eWenn die Griffe Ihrer Utensilien locker oder wackelig sind, kann das ein Sicherheitsrisiko darstellen.\u201c Wenn das Anziehen der Schrauben oder Bolzen nicht funktioniert, ist es an der Zeit, auf ein neues, zusammenh\u00e4ngendes Set umzusteigen.\u201c<\/p>\n<h3 class=\"article-body__section\" id=\"section-5-they-are-mismatched\"><span>5. Sie stimmen nicht \u00fcberein <\/span><\/h3>\n<p>Cameron Forbes weist darauf hin: \u201eHaben Sie schon einmal den Tisch gedeckt und festgestellt, dass Ihnen wichtige Teile fehlten?\u201c \u201eEine verschwindende Gabel oder ein verlorener L\u00f6ffel ist frustrierend und ein Zeichen daf\u00fcr, dass Ihr Besteckset m\u00f6glicherweise eine Auffrischung braucht.\u201c<\/p>\n<p>W\u00e4hrend Sie sich f\u00fcr einen unpassenden Look entscheiden k\u00f6nnten, um Ihre skurrilen Ideen f\u00fcr die Tischgestaltung im Sommer aufzupeppen, ist ein komplettes Set f\u00fcr Ihre G\u00e4ste in der Regel einfacher zu verwenden und f\u00fchlt sich ausgewogener an, insbesondere wenn Sie zu Hause formelle Partys veranstalten. Komplettsets machen es viel einfacher, einen Tisch f\u00fcr jeden Anlass zu decken.<\/p>\n<h2 class=\"article-body__section\" id=\"section-faqs\"><span>FAQs<\/span><\/h2>\n<h3 class=\"article-body__section\" id=\"section-how-do-you-make-flatware-last-longer\"><span>Wie h\u00e4lt Besteck l\u00e4nger?<\/span><\/h3>\n<p>Da Ihr Besteck gut verarbeitet ist, ist es relativ einfach, es in Top-Zustand zu halten und die Lebensdauer des Bestecks \u200b\u200bzu verl\u00e4ngern.<\/p>\n<p>Der erste Schritt besteht darin, Ihre Tischdekoration zu perfektionieren und Ihr Besteck nach Typ zu unterteilen, sodass L\u00f6ffel und Gabeln aneinander anliegen k\u00f6nnen, um Kratzer zu vermeiden, und Messer gestapelt werden k\u00f6nnen, um ein Verbiegen oder Absplittern zu verhindern.<\/p>\n<p>Befolgen Sie dann einige Expertentipps zum Geschirrsp\u00fclen von Hand, damit Ihr Besteck in der Sp\u00fclmaschine nicht stumpf wird. Stellen Sie sicher, dass jedes St\u00fcck schnell und gr\u00fcndlich getrocknet wird, um Anlaufen und Rost zu verhindern.<\/p>\n<h2 class=\"article-body__section\" id=\"section-meet-the-expert\"><span>Treffen Sie den Experten<\/span><\/h2>\n<hr>\n<p>Wenn Sie Ihr Besteck in Top-Zustand halten, wird dies Ihren Tisch nur dann aufwerten, wenn Sie nicht auch auf die verr\u00e4terischen Anzeichen daf\u00fcr achten, dass Sie auch neues Geschirr ben\u00f6tigen.<\/p>\n<\/div>\n","protected":false},"excerpt":{"rendered":"<p>Da wir sie jeden Tag benutzen, sind unsere Bestecksets durchzuhalten eine Menge. Vom Essen bis zum Sp\u00fclgang (bis hin zum gelegentlichen Einsatz eines Messers als<\/p>\n","protected":false},"author":1,"featured_media":1130,"comment_status":"closed","ping_status":"","sticky":false,"template":"","format":"standard","meta":{"footnotes":""},"categories":[118],"tags":[813,2171,932,51,22,2097,2172,170,329,594,165,2173],"class_list":["post-1129","post","type-post","status-publish","format-standard","has-post-thumbnail","hentry","category-haus-garten","tag-anzeichen","tag-besteck","tag-dafuer","tag-dass","tag-einem","tag-erfahrenen","tag-ersetzen","tag-ihr","tag-laut","tag-muessen","tag-sie","tag-veranstaltungsplaner","generate-columns","tablet-grid-50","mobile-grid-100","grid-parent","grid-50"],"yoast_head":"<!-- This site is optimized with the Yoast SEO plugin v27.3 - https:\/\/yoast.com\/product\/yoast-seo-wordpress\/ -->\n<title>5 Anzeichen daf\u00fcr, dass Sie Ihr Besteck ersetzen m\u00fcssen \u2013 laut einem erfahrenen Veranstaltungsplaner - Nachrichten - Stra\u00dfenweb<\/title>\n<meta name=\"robots\" content=\"index, follow, max-snippet:-1, max-image-preview:large, max-video-preview:-1\" \/>\n<link rel=\"canonical\" href=\"https:\/\/www.strassenweb.de\/nachrichten\/5-anzeichen-dafuer-dass-sie-ihr-besteck-ersetzen-muessen-laut-einem-erfahrenen-veranstaltungsplaner\/\" \/>\n<meta property=\"og:locale\" content=\"de_DE\" \/>\n<meta property=\"og:type\" content=\"article\" \/>\n<meta property=\"og:title\" content=\"5 Anzeichen daf\u00fcr, dass Sie Ihr Besteck ersetzen m\u00fcssen \u2013 laut einem erfahrenen Veranstaltungsplaner - Nachrichten - Stra\u00dfenweb\" \/>\n<meta property=\"og:description\" content=\"Da wir sie jeden Tag benutzen, sind unsere Bestecksets durchzuhalten eine Menge. Vom Essen bis zum Sp\u00fclgang (bis hin zum gelegentlichen Einsatz eines Messers als\" \/>\n<meta property=\"og:url\" content=\"https:\/\/www.strassenweb.de\/nachrichten\/5-anzeichen-dafuer-dass-sie-ihr-besteck-ersetzen-muessen-laut-einem-erfahrenen-veranstaltungsplaner\/\" \/>\n<meta property=\"og:site_name\" content=\"Stra\u00dfenweb\" \/>\n<meta property=\"article:publisher\" content=\"https:\/\/www.facebook.com\/strassenweb\/\" \/>\n<meta property=\"article:published_time\" content=\"2024-10-25T08:57:03+00:00\" \/>\n<meta property=\"article:modified_time\" content=\"2024-10-25T08:57:04+00:00\" \/>\n<meta property=\"og:image\" content=\"https:\/\/www.strassenweb.de\/nachrichten\/wp-content\/uploads\/2024\/10\/5-Anzeichen-dafuer-dass-Sie-Ihr-Besteck-ersetzen-muessen-\u2013.jpg\" \/>\n\t<meta property=\"og:image:width\" content=\"1200\" \/>\n\t<meta property=\"og:image:height\" content=\"675\" \/>\n\t<meta property=\"og:image:type\" content=\"image\/jpeg\" \/>\n<meta name=\"author\" content=\"Robert Hoffmann\" \/>\n<meta name=\"twitter:card\" content=\"summary_large_image\" \/>\n<meta name=\"twitter:label1\" content=\"Verfasst von\" \/>\n\t<meta name=\"twitter:data1\" content=\"Robert Hoffmann\" \/>\n\t<meta name=\"twitter:label2\" content=\"Gesch\u00e4tzte Lesezeit\" \/>\n\t<meta name=\"twitter:data2\" content=\"5\u00a0Minuten\" \/>\n<script type=\"application\/ld+json\" class=\"yoast-schema-graph\">{\"@context\":\"https:\\\/\\\/schema.org\",\"@graph\":[{\"@type\":\"Article\",\"@id\":\"https:\\\/\\\/www.strassenweb.de\\\/nachrichten\\\/5-anzeichen-dafuer-dass-sie-ihr-besteck-ersetzen-muessen-laut-einem-erfahrenen-veranstaltungsplaner\\\/#article\",\"isPartOf\":{\"@id\":\"https:\\\/\\\/www.strassenweb.de\\\/nachrichten\\\/5-anzeichen-dafuer-dass-sie-ihr-besteck-ersetzen-muessen-laut-einem-erfahrenen-veranstaltungsplaner\\\/\"},\"author\":{\"name\":\"Robert Hoffmann\",\"@id\":\"https:\\\/\\\/www.strassenweb.de\\\/nachrichten\\\/#\\\/schema\\\/person\\\/87c9c9067f1211da429a744dc5a5aa41\"},\"headline\":\"5 Anzeichen daf\u00fcr, dass Sie Ihr Besteck ersetzen m\u00fcssen \u2013 laut einem erfahrenen Veranstaltungsplaner\",\"datePublished\":\"2024-10-25T08:57:03+00:00\",\"dateModified\":\"2024-10-25T08:57:04+00:00\",\"mainEntityOfPage\":{\"@id\":\"https:\\\/\\\/www.strassenweb.de\\\/nachrichten\\\/5-anzeichen-dafuer-dass-sie-ihr-besteck-ersetzen-muessen-laut-einem-erfahrenen-veranstaltungsplaner\\\/\"},\"wordCount\":1081,\"publisher\":{\"@id\":\"https:\\\/\\\/www.strassenweb.de\\\/nachrichten\\\/#organization\"},\"image\":{\"@id\":\"https:\\\/\\\/www.strassenweb.de\\\/nachrichten\\\/5-anzeichen-dafuer-dass-sie-ihr-besteck-ersetzen-muessen-laut-einem-erfahrenen-veranstaltungsplaner\\\/#primaryimage\"},\"thumbnailUrl\":\"https:\\\/\\\/www.strassenweb.de\\\/nachrichten\\\/wp-content\\\/uploads\\\/2024\\\/10\\\/5-Anzeichen-dafuer-dass-Sie-Ihr-Besteck-ersetzen-muessen-\u2013.jpg\",\"keywords\":[\"Anzeichen\",\"Besteck\",\"daf\u00fcr\",\"dass\",\"einem\",\"erfahrenen\",\"ersetzen\",\"Ihr\",\"laut\",\"m\u00fcssen\",\"Sie\",\"Veranstaltungsplaner\"],\"articleSection\":[\"Haus &amp; Garten\"],\"inLanguage\":\"de\"},{\"@type\":\"WebPage\",\"@id\":\"https:\\\/\\\/www.strassenweb.de\\\/nachrichten\\\/5-anzeichen-dafuer-dass-sie-ihr-besteck-ersetzen-muessen-laut-einem-erfahrenen-veranstaltungsplaner\\\/\",\"url\":\"https:\\\/\\\/www.strassenweb.de\\\/nachrichten\\\/5-anzeichen-dafuer-dass-sie-ihr-besteck-ersetzen-muessen-laut-einem-erfahrenen-veranstaltungsplaner\\\/\",\"name\":\"5 Anzeichen daf\u00fcr, dass Sie Ihr Besteck ersetzen m\u00fcssen \u2013 laut einem erfahrenen Veranstaltungsplaner - Nachrichten - Stra\u00dfenweb\",\"isPartOf\":{\"@id\":\"https:\\\/\\\/www.strassenweb.de\\\/nachrichten\\\/#website\"},\"primaryImageOfPage\":{\"@id\":\"https:\\\/\\\/www.strassenweb.de\\\/nachrichten\\\/5-anzeichen-dafuer-dass-sie-ihr-besteck-ersetzen-muessen-laut-einem-erfahrenen-veranstaltungsplaner\\\/#primaryimage\"},\"image\":{\"@id\":\"https:\\\/\\\/www.strassenweb.de\\\/nachrichten\\\/5-anzeichen-dafuer-dass-sie-ihr-besteck-ersetzen-muessen-laut-einem-erfahrenen-veranstaltungsplaner\\\/#primaryimage\"},\"thumbnailUrl\":\"https:\\\/\\\/www.strassenweb.de\\\/nachrichten\\\/wp-content\\\/uploads\\\/2024\\\/10\\\/5-Anzeichen-dafuer-dass-Sie-Ihr-Besteck-ersetzen-muessen-\u2013.jpg\",\"datePublished\":\"2024-10-25T08:57:03+00:00\",\"dateModified\":\"2024-10-25T08:57:04+00:00\",\"breadcrumb\":{\"@id\":\"https:\\\/\\\/www.strassenweb.de\\\/nachrichten\\\/5-anzeichen-dafuer-dass-sie-ihr-besteck-ersetzen-muessen-laut-einem-erfahrenen-veranstaltungsplaner\\\/#breadcrumb\"},\"inLanguage\":\"de\",\"potentialAction\":[{\"@type\":\"ReadAction\",\"target\":[\"https:\\\/\\\/www.strassenweb.de\\\/nachrichten\\\/5-anzeichen-dafuer-dass-sie-ihr-besteck-ersetzen-muessen-laut-einem-erfahrenen-veranstaltungsplaner\\\/\"]}]},{\"@type\":\"ImageObject\",\"inLanguage\":\"de\",\"@id\":\"https:\\\/\\\/www.strassenweb.de\\\/nachrichten\\\/5-anzeichen-dafuer-dass-sie-ihr-besteck-ersetzen-muessen-laut-einem-erfahrenen-veranstaltungsplaner\\\/#primaryimage\",\"url\":\"https:\\\/\\\/www.strassenweb.de\\\/nachrichten\\\/wp-content\\\/uploads\\\/2024\\\/10\\\/5-Anzeichen-dafuer-dass-Sie-Ihr-Besteck-ersetzen-muessen-\u2013.jpg\",\"contentUrl\":\"https:\\\/\\\/www.strassenweb.de\\\/nachrichten\\\/wp-content\\\/uploads\\\/2024\\\/10\\\/5-Anzeichen-dafuer-dass-Sie-Ihr-Besteck-ersetzen-muessen-\u2013.jpg\",\"width\":1200,\"height\":675,\"caption\":\"5 Anzeichen daf\u00fcr, dass Sie Ihr Besteck ersetzen m\u00fcssen \u2013 laut einem erfahrenen Veranstaltungsplaner\"},{\"@type\":\"BreadcrumbList\",\"@id\":\"https:\\\/\\\/www.strassenweb.de\\\/nachrichten\\\/5-anzeichen-dafuer-dass-sie-ihr-besteck-ersetzen-muessen-laut-einem-erfahrenen-veranstaltungsplaner\\\/#breadcrumb\",\"itemListElement\":[{\"@type\":\"ListItem\",\"position\":1,\"name\":\"Home\",\"item\":\"https:\\\/\\\/www.strassenweb.de\\\/nachrichten\\\/\"},{\"@type\":\"ListItem\",\"position\":2,\"name\":\"5 Anzeichen daf\u00fcr, dass Sie Ihr Besteck ersetzen m\u00fcssen \u2013 laut einem erfahrenen Veranstaltungsplaner\"}]},{\"@type\":\"WebSite\",\"@id\":\"https:\\\/\\\/www.strassenweb.de\\\/nachrichten\\\/#website\",\"url\":\"https:\\\/\\\/www.strassenweb.de\\\/nachrichten\\\/\",\"name\":\"Stra\u00dfenweb\",\"description\":\"Stra\u00dfenverzeichnis f\u00fcr Deutschland\",\"publisher\":{\"@id\":\"https:\\\/\\\/www.strassenweb.de\\\/nachrichten\\\/#organization\"},\"potentialAction\":[{\"@type\":\"SearchAction\",\"target\":{\"@type\":\"EntryPoint\",\"urlTemplate\":\"https:\\\/\\\/www.strassenweb.de\\\/nachrichten\\\/?s={search_term_string}\"},\"query-input\":{\"@type\":\"PropertyValueSpecification\",\"valueRequired\":true,\"valueName\":\"search_term_string\"}}],\"inLanguage\":\"de\"},{\"@type\":\"Organization\",\"@id\":\"https:\\\/\\\/www.strassenweb.de\\\/nachrichten\\\/#organization\",\"name\":\"Stra\u00dfenweb\",\"url\":\"https:\\\/\\\/www.strassenweb.de\\\/nachrichten\\\/\",\"logo\":{\"@type\":\"ImageObject\",\"inLanguage\":\"de\",\"@id\":\"https:\\\/\\\/www.strassenweb.de\\\/nachrichten\\\/#\\\/schema\\\/logo\\\/image\\\/\",\"url\":\"https:\\\/\\\/www.strassenweb.de\\\/nachrichten\\\/wp-content\\\/uploads\\\/2024\\\/09\\\/cropped-favicon.png\",\"contentUrl\":\"https:\\\/\\\/www.strassenweb.de\\\/nachrichten\\\/wp-content\\\/uploads\\\/2024\\\/09\\\/cropped-favicon.png\",\"width\":512,\"height\":512,\"caption\":\"Stra\u00dfenweb\"},\"image\":{\"@id\":\"https:\\\/\\\/www.strassenweb.de\\\/nachrichten\\\/#\\\/schema\\\/logo\\\/image\\\/\"},\"sameAs\":[\"https:\\\/\\\/www.facebook.com\\\/strassenweb\\\/\"]},{\"@type\":\"Person\",\"@id\":\"https:\\\/\\\/www.strassenweb.de\\\/nachrichten\\\/#\\\/schema\\\/person\\\/87c9c9067f1211da429a744dc5a5aa41\",\"name\":\"Robert Hoffmann\",\"image\":{\"@type\":\"ImageObject\",\"inLanguage\":\"de\",\"@id\":\"https:\\\/\\\/www.strassenweb.de\\\/nachrichten\\\/wp-content\\\/uploads\\\/2024\\\/09\\\/strassenweb-150x150.jpg\",\"url\":\"https:\\\/\\\/www.strassenweb.de\\\/nachrichten\\\/wp-content\\\/uploads\\\/2024\\\/09\\\/strassenweb-150x150.jpg\",\"contentUrl\":\"https:\\\/\\\/www.strassenweb.de\\\/nachrichten\\\/wp-content\\\/uploads\\\/2024\\\/09\\\/strassenweb-150x150.jpg\",\"caption\":\"Robert Hoffmann\"},\"description\":\"Ich hei\u00dfe Robert Hoffmann und ich bin ein leidenschaftlicher Verfechter von \u00d6kologie und Biodiversit\u00e4t. Seit meiner Kindheit in den W\u00e4ldern Bayerns f\u00fchle ich mich mit der Natur verbunden und bin entschlossen, sie zu sch\u00fctzen. Heute widme ich mein Leben der Sensibilisierung anderer f\u00fcr die Bedeutung des Umweltschutzes f\u00fcr zuk\u00fcnftige Generationen.\",\"sameAs\":[\"https:\\\/\\\/www.strassenweb.de\\\/\"]}]}<\/script>\n<!-- \/ Yoast SEO plugin. -->","yoast_head_json":{"title":"5 Anzeichen daf\u00fcr, dass Sie Ihr Besteck ersetzen m\u00fcssen \u2013 laut einem erfahrenen Veranstaltungsplaner - Nachrichten - Stra\u00dfenweb","robots":{"index":"index","follow":"follow","max-snippet":"max-snippet:-1","max-image-preview":"max-image-preview:large","max-video-preview":"max-video-preview:-1"},"canonical":"https:\/\/www.strassenweb.de\/nachrichten\/5-anzeichen-dafuer-dass-sie-ihr-besteck-ersetzen-muessen-laut-einem-erfahrenen-veranstaltungsplaner\/","og_locale":"de_DE","og_type":"article","og_title":"5 Anzeichen daf\u00fcr, dass Sie Ihr Besteck ersetzen m\u00fcssen \u2013 laut einem erfahrenen Veranstaltungsplaner - Nachrichten - Stra\u00dfenweb","og_description":"Da wir sie jeden Tag benutzen, sind unsere Bestecksets durchzuhalten eine Menge. Vom Essen bis zum Sp\u00fclgang (bis hin zum gelegentlichen Einsatz eines Messers als","og_url":"https:\/\/www.strassenweb.de\/nachrichten\/5-anzeichen-dafuer-dass-sie-ihr-besteck-ersetzen-muessen-laut-einem-erfahrenen-veranstaltungsplaner\/","og_site_name":"Stra\u00dfenweb","article_publisher":"https:\/\/www.facebook.com\/strassenweb\/","article_published_time":"2024-10-25T08:57:03+00:00","article_modified_time":"2024-10-25T08:57:04+00:00","og_image":[{"width":1200,"height":675,"url":"https:\/\/www.strassenweb.de\/nachrichten\/wp-content\/uploads\/2024\/10\/5-Anzeichen-dafuer-dass-Sie-Ihr-Besteck-ersetzen-muessen-\u2013.jpg","type":"image\/jpeg"}],"author":"Robert Hoffmann","twitter_card":"summary_large_image","twitter_misc":{"Verfasst von":"Robert Hoffmann","Gesch\u00e4tzte Lesezeit":"5\u00a0Minuten"},"schema":{"@context":"https:\/\/schema.org","@graph":[{"@type":"Article","@id":"https:\/\/www.strassenweb.de\/nachrichten\/5-anzeichen-dafuer-dass-sie-ihr-besteck-ersetzen-muessen-laut-einem-erfahrenen-veranstaltungsplaner\/#article","isPartOf":{"@id":"https:\/\/www.strassenweb.de\/nachrichten\/5-anzeichen-dafuer-dass-sie-ihr-besteck-ersetzen-muessen-laut-einem-erfahrenen-veranstaltungsplaner\/"},"author":{"name":"Robert Hoffmann","@id":"https:\/\/www.strassenweb.de\/nachrichten\/#\/schema\/person\/87c9c9067f1211da429a744dc5a5aa41"},"headline":"5 Anzeichen daf\u00fcr, dass Sie Ihr Besteck ersetzen m\u00fcssen \u2013 laut einem erfahrenen Veranstaltungsplaner","datePublished":"2024-10-25T08:57:03+00:00","dateModified":"2024-10-25T08:57:04+00:00","mainEntityOfPage":{"@id":"https:\/\/www.strassenweb.de\/nachrichten\/5-anzeichen-dafuer-dass-sie-ihr-besteck-ersetzen-muessen-laut-einem-erfahrenen-veranstaltungsplaner\/"},"wordCount":1081,"publisher":{"@id":"https:\/\/www.strassenweb.de\/nachrichten\/#organization"},"image":{"@id":"https:\/\/www.strassenweb.de\/nachrichten\/5-anzeichen-dafuer-dass-sie-ihr-besteck-ersetzen-muessen-laut-einem-erfahrenen-veranstaltungsplaner\/#primaryimage"},"thumbnailUrl":"https:\/\/www.strassenweb.de\/nachrichten\/wp-content\/uploads\/2024\/10\/5-Anzeichen-dafuer-dass-Sie-Ihr-Besteck-ersetzen-muessen-\u2013.jpg","keywords":["Anzeichen","Besteck","daf\u00fcr","dass","einem","erfahrenen","ersetzen","Ihr","laut","m\u00fcssen","Sie","Veranstaltungsplaner"],"articleSection":["Haus &amp; Garten"],"inLanguage":"de"},{"@type":"WebPage","@id":"https:\/\/www.strassenweb.de\/nachrichten\/5-anzeichen-dafuer-dass-sie-ihr-besteck-ersetzen-muessen-laut-einem-erfahrenen-veranstaltungsplaner\/","url":"https:\/\/www.strassenweb.de\/nachrichten\/5-anzeichen-dafuer-dass-sie-ihr-besteck-ersetzen-muessen-laut-einem-erfahrenen-veranstaltungsplaner\/","name":"5 Anzeichen daf\u00fcr, dass Sie Ihr Besteck ersetzen m\u00fcssen \u2013 laut einem erfahrenen Veranstaltungsplaner - Nachrichten - Stra\u00dfenweb","isPartOf":{"@id":"https:\/\/www.strassenweb.de\/nachrichten\/#website"},"primaryImageOfPage":{"@id":"https:\/\/www.strassenweb.de\/nachrichten\/5-anzeichen-dafuer-dass-sie-ihr-besteck-ersetzen-muessen-laut-einem-erfahrenen-veranstaltungsplaner\/#primaryimage"},"image":{"@id":"https:\/\/www.strassenweb.de\/nachrichten\/5-anzeichen-dafuer-dass-sie-ihr-besteck-ersetzen-muessen-laut-einem-erfahrenen-veranstaltungsplaner\/#primaryimage"},"thumbnailUrl":"https:\/\/www.strassenweb.de\/nachrichten\/wp-content\/uploads\/2024\/10\/5-Anzeichen-dafuer-dass-Sie-Ihr-Besteck-ersetzen-muessen-\u2013.jpg","datePublished":"2024-10-25T08:57:03+00:00","dateModified":"2024-10-25T08:57:04+00:00","breadcrumb":{"@id":"https:\/\/www.strassenweb.de\/nachrichten\/5-anzeichen-dafuer-dass-sie-ihr-besteck-ersetzen-muessen-laut-einem-erfahrenen-veranstaltungsplaner\/#breadcrumb"},"inLanguage":"de","potentialAction":[{"@type":"ReadAction","target":["https:\/\/www.strassenweb.de\/nachrichten\/5-anzeichen-dafuer-dass-sie-ihr-besteck-ersetzen-muessen-laut-einem-erfahrenen-veranstaltungsplaner\/"]}]},{"@type":"ImageObject","inLanguage":"de","@id":"https:\/\/www.strassenweb.de\/nachrichten\/5-anzeichen-dafuer-dass-sie-ihr-besteck-ersetzen-muessen-laut-einem-erfahrenen-veranstaltungsplaner\/#primaryimage","url":"https:\/\/www.strassenweb.de\/nachrichten\/wp-content\/uploads\/2024\/10\/5-Anzeichen-dafuer-dass-Sie-Ihr-Besteck-ersetzen-muessen-\u2013.jpg","contentUrl":"https:\/\/www.strassenweb.de\/nachrichten\/wp-content\/uploads\/2024\/10\/5-Anzeichen-dafuer-dass-Sie-Ihr-Besteck-ersetzen-muessen-\u2013.jpg","width":1200,"height":675,"caption":"5 Anzeichen daf\u00fcr, dass Sie Ihr Besteck ersetzen m\u00fcssen \u2013 laut einem erfahrenen Veranstaltungsplaner"},{"@type":"BreadcrumbList","@id":"https:\/\/www.strassenweb.de\/nachrichten\/5-anzeichen-dafuer-dass-sie-ihr-besteck-ersetzen-muessen-laut-einem-erfahrenen-veranstaltungsplaner\/#breadcrumb","itemListElement":[{"@type":"ListItem","position":1,"name":"Home","item":"https:\/\/www.strassenweb.de\/nachrichten\/"},{"@type":"ListItem","position":2,"name":"5 Anzeichen daf\u00fcr, dass Sie Ihr Besteck ersetzen m\u00fcssen \u2013 laut einem erfahrenen Veranstaltungsplaner"}]},{"@type":"WebSite","@id":"https:\/\/www.strassenweb.de\/nachrichten\/#website","url":"https:\/\/www.strassenweb.de\/nachrichten\/","name":"Stra\u00dfenweb","description":"Stra\u00dfenverzeichnis f\u00fcr Deutschland","publisher":{"@id":"https:\/\/www.strassenweb.de\/nachrichten\/#organization"},"potentialAction":[{"@type":"SearchAction","target":{"@type":"EntryPoint","urlTemplate":"https:\/\/www.strassenweb.de\/nachrichten\/?s={search_term_string}"},"query-input":{"@type":"PropertyValueSpecification","valueRequired":true,"valueName":"search_term_string"}}],"inLanguage":"de"},{"@type":"Organization","@id":"https:\/\/www.strassenweb.de\/nachrichten\/#organization","name":"Stra\u00dfenweb","url":"https:\/\/www.strassenweb.de\/nachrichten\/","logo":{"@type":"ImageObject","inLanguage":"de","@id":"https:\/\/www.strassenweb.de\/nachrichten\/#\/schema\/logo\/image\/","url":"https:\/\/www.strassenweb.de\/nachrichten\/wp-content\/uploads\/2024\/09\/cropped-favicon.png","contentUrl":"https:\/\/www.strassenweb.de\/nachrichten\/wp-content\/uploads\/2024\/09\/cropped-favicon.png","width":512,"height":512,"caption":"Stra\u00dfenweb"},"image":{"@id":"https:\/\/www.strassenweb.de\/nachrichten\/#\/schema\/logo\/image\/"},"sameAs":["https:\/\/www.facebook.com\/strassenweb\/"]},{"@type":"Person","@id":"https:\/\/www.strassenweb.de\/nachrichten\/#\/schema\/person\/87c9c9067f1211da429a744dc5a5aa41","name":"Robert Hoffmann","image":{"@type":"ImageObject","inLanguage":"de","@id":"https:\/\/www.strassenweb.de\/nachrichten\/wp-content\/uploads\/2024\/09\/strassenweb-150x150.jpg","url":"https:\/\/www.strassenweb.de\/nachrichten\/wp-content\/uploads\/2024\/09\/strassenweb-150x150.jpg","contentUrl":"https:\/\/www.strassenweb.de\/nachrichten\/wp-content\/uploads\/2024\/09\/strassenweb-150x150.jpg","caption":"Robert Hoffmann"},"description":"Ich hei\u00dfe Robert Hoffmann und ich bin ein leidenschaftlicher Verfechter von \u00d6kologie und Biodiversit\u00e4t. Seit meiner Kindheit in den W\u00e4ldern Bayerns f\u00fchle ich mich mit der Natur verbunden und bin entschlossen, sie zu sch\u00fctzen. Heute widme ich mein Leben der Sensibilisierung anderer f\u00fcr die Bedeutung des Umweltschutzes f\u00fcr zuk\u00fcnftige Generationen.","sameAs":["https:\/\/www.strassenweb.de\/"]}]}},"_links":{"self":[{"href":"https:\/\/www.strassenweb.de\/nachrichten\/wp-json\/wp\/v2\/posts\/1129","targetHints":{"allow":["GET"]}}],"collection":[{"href":"https:\/\/www.strassenweb.de\/nachrichten\/wp-json\/wp\/v2\/posts"}],"about":[{"href":"https:\/\/www.strassenweb.de\/nachrichten\/wp-json\/wp\/v2\/types\/post"}],"author":[{"embeddable":true,"href":"https:\/\/www.strassenweb.de\/nachrichten\/wp-json\/wp\/v2\/users\/1"}],"replies":[{"embeddable":true,"href":"https:\/\/www.strassenweb.de\/nachrichten\/wp-json\/wp\/v2\/comments?post=1129"}],"version-history":[{"count":0,"href":"https:\/\/www.strassenweb.de\/nachrichten\/wp-json\/wp\/v2\/posts\/1129\/revisions"}],"wp:featuredmedia":[{"embeddable":true,"href":"https:\/\/www.strassenweb.de\/nachrichten\/wp-json\/wp\/v2\/media\/1130"}],"wp:attachment":[{"href":"https:\/\/www.strassenweb.de\/nachrichten\/wp-json\/wp\/v2\/media?parent=1129"}],"wp:term":[{"taxonomy":"category","embeddable":true,"href":"https:\/\/www.strassenweb.de\/nachrichten\/wp-json\/wp\/v2\/categories?post=1129"},{"taxonomy":"post_tag","embeddable":true,"href":"https:\/\/www.strassenweb.de\/nachrichten\/wp-json\/wp\/v2\/tags?post=1129"}],"curies":[{"name":"wp","href":"https:\/\/api.w.org\/{rel}","templated":true}]}}