{"id":1123,"date":"2024-10-25T02:14:46","date_gmt":"2024-10-25T00:14:46","guid":{"rendered":"https:\/\/www.strassenweb.de\/nachrichten\/die-tipps-dieses-designers-zum-stylen-jeder-oberflaeche-fuer-den-herbst-haben-mich-inspiriert-das-sind-die-tricks-die-ich-kopiere\/"},"modified":"2024-10-25T02:14:47","modified_gmt":"2024-10-25T00:14:47","slug":"die-tipps-dieses-designers-zum-stylen-jeder-oberflaeche-fuer-den-herbst-haben-mich-inspiriert-das-sind-die-tricks-die-ich-kopiere","status":"publish","type":"post","link":"https:\/\/www.strassenweb.de\/nachrichten\/die-tipps-dieses-designers-zum-stylen-jeder-oberflaeche-fuer-den-herbst-haben-mich-inspiriert-das-sind-die-tricks-die-ich-kopiere\/","title":{"rendered":"Die Tipps dieses Designers zum Stylen jeder Oberfl\u00e4che f\u00fcr den Herbst haben mich inspiriert \u2013 das sind die Tricks, die ich kopiere"},"content":{"rendered":"<p><\/p>\n<div id=\"article-body\" class=\"article__body \">\n<p>Ich bin ein zwanghafter Umgestalter. Ich liebe es, an meinem Zuhause herumzubasteln, Dinge zu bewegen und Displays zu schaffen, die meiner Meinung nach meinen R\u00e4umen Charakter und Charme verleihen \u2013 stilvolles Durcheinander, wenn man so will. Und ein Saisonwechsel gibt mir umso mehr Anlass, diesen Ausstellungen eine Auffrischung zu verpassen.<\/p>\n<div id=\"ad-unit-1\" class=\"ad-unit\"><\/div>\n<p>Die Anrichte in meinem Wohnzimmer ist ein Ort, der mir beim Umgestalten viel Aufmerksamkeit schenkt. Es ist der perfekte Ort, um mit B\u00fcchern, Ornamenten, Blumen und Blattwerk kreativ zu werden, und es ist ein Bereich, der viel B\u00fchnenzeit einnimmt. Viele Leute sehen diese Fl\u00e4che, daher ist es sch\u00f6n, sie ab und zu zu ver\u00e4ndern.<\/p>\n<aside class=\"hawk-nest\" data-block-type=\"embed\" data-render-type=\"fte\" data-skip=\"dealsy\" data-widget-type=\"seasonal\">\n<div class=\"hawk-master-widget-hawk-base-wrapper\"><\/div>\n<\/aside>\n<p>Ich hatte bereits das Gef\u00fchl, dass es an der Zeit w\u00e4re, mich wirklich auf die Herbstdekoration einzulassen und die Pr\u00e4sentation zu \u00e4ndern, aber ich habe gerade den Designer Drew Micheal Scott (alias Lone Fox) dabei erwischt, wie er genau das in seinem eigenen Zuhause tat. Sein Video ist voller einfacher und wirkungsvoller Tipps, die ich auf jeden Fall verwenden werde, wenn ich dieses Wochenende eine Umgestaltungstour mache.<\/p>\n<div id=\"desktop-in-article\" class=\"in-article ad-unit\">\n<div id=\"desktop-taboola-mid-article\"><\/div>\n<\/div>\n<div id=\"mobile-in-article\" class=\"in-article ad-unit\">\n<div id=\"mobile-taboola-mid-article\"><\/div>\n<\/div>\n<div class=\"instagram-embed\">\n<blockquote class=\"instagram-media\" data-instgrm-captioned data-instgrm-version=\"6\" style=\"width:99.375%; width:-webkit-calc(100% - 2px); width:calc(100% - 2px);\">\n<p>Ein von Lone Fox geteilter Beitrag von Drew Michael Scott (@lonefoxhome)<\/p>\n<p>Ein Foto gepostet von am <\/p>\n<\/blockquote>\n<\/div>\n<p>Drew hat freundlicherweise viele Styling-Tipps in sein 60-Sekunden-Video gepackt, also sind dies die Lektionen, die ich mitnehme, um meine eigenen Umstellungen im Herbst zu beeinflussen. Und diese Tipps gelten nicht nur f\u00fcr eine Anrichte, sondern sollten beim Austausch von Regalen, Tischen, K\u00fccheninseln und allen Oberfl\u00e4chen, denen Sie eine herbstliche Auffrischung verleihen m\u00f6chten, beachtet werden.<\/p>\n<div class=\"van_vid_carousel\">\n<div class=\"van_vid_carousel__padding\">\n<div class=\"van_vid_carousel__container\"><\/div>\n<\/div>\n<\/div>\n<h3 class=\"article-body__section\" id=\"section-thrifted-pieces-are-always-better\"><span>Gebrauchte St\u00fccke sind immer besser <\/span><\/h3>\n<p>Das wussten wir alle, aber wenn Sie auf der Suche nach der einfachsten M\u00f6glichkeit sind, Ihrer Vignette unabh\u00e4ngig von der Jahreszeit Charakter zu verleihen, ist die Dekoration im Vintage-Stil die richtige Wahl.<\/p>\n<div id=\"ad-unit-2\" class=\"ad-unit\"><\/div>\n<p>Drew beginnt sein Video mit der Erkl\u00e4rung: \u201eHeute m\u00f6chte ich mit Ihnen teilen, wie ich meine wirklich gro\u00dfe Anrichte in meinem Wohnzimmer f\u00fcr den Herbst gestalte.\u201c Die Anrichte selbst stammt von Olive Ateliers, es ist ein Vintage-St\u00fcck. Und dann das Kunstwerk, das habe ich tats\u00e4chlich auf einem Flohmarkt f\u00fcr 30 Dollar gefunden und dann habe ich es in etwas Holz aus dem Baumarkt gerahmt, das ich gebeizt habe.\u201c<\/p>\n<p>Secondhand-L\u00e4den und Flohm\u00e4rkte eignen sich perfekt, um kleine Deko-Akzente zu finden, die f\u00fcr mehr Interesse und Tiefe sorgen. Der Schl\u00fcssel zu einer guten Pr\u00e4sentation liegt darin, dass Sie nicht m\u00f6chten, dass es zu stilvoll oder zu zweckm\u00e4\u00dfig aussieht, und ein charaktervolles Second-Hand-St\u00fcck hilft dabei immer.<\/p>\n<div id=\"slice-container-newsletterForm-articleInbodyContent-h37UkiNCqSXf5syxMpEqca\" class=\"slice-container newsletter-inbodyContent-slice newsletterForm-articleInbodyContent-h37UkiNCqSXf5syxMpEqca slice-container-newsletterForm\"><\/div>\n<h3 class=\"article-body__section\" id=\"section-use-foliage-for-texture\"><span>Verwenden Sie Laub als Textur<\/span><\/h3>\n<p>Das erste, was auf die Anrichte kommt, sind die T\u00f6pfe. Drew sagt: \u201eDas Schwarz gef\u00e4llt mir.\u201c Aber auch dieser braune Topf gef\u00e4llt mir sehr gut\u201c, bevor ich mich f\u00fcr Letzteres entscheide. Das hier ist eine Lektion f\u00fcr sich: Braun ist das neue Schwarz. Es ist weicher, weniger dominant, wirkt aber dennoch bodenst\u00e4ndig und f\u00fcgt die stimmungsvollen Farbt\u00f6ne hinzu, die derzeit an der Spitze der Herbstfarbtrends stehen.<\/p>\n<p>Dann geht es ans Laub. \u201eIch habe diese getrockneten Bl\u00e4tter tats\u00e4chlich vom letzten Jahr aufbewahrt.\u201c \u201eSie sind echt, aber ich glaube, sie werden im Flower District gef\u00e4rbt\u201c, erkl\u00e4rt Drew. Dann verschiebt er das Blattwerk leicht nach rechts und sagt: \u201eIch werde es etwas mehr gegen das Wei\u00df setzen.\u201c<\/p>\n<p>So ein einfacher Styling-Tipp \u2013 Sie m\u00f6chten einen Kontrast schaffen. Dass das dunklere Blattwerk vor dem dunkleren Kunstwerk stand, bedeutete, dass es einfach verloren ging, es gab keine Definition. Durch diese einfache Bewegung konnten Sie die organischen Formen des Blattwerks erkennen.<\/p>\n<p>F\u00fcr meine Ausstellungen werde ich wahrscheinlich drau\u00dfen auf Nahrungssuche gehen, da die Bl\u00e4tter gerade so sch\u00f6n aussehen. Aber Drew hat tats\u00e4chlich eine ganze Seite mit Herbstlaub auf seinem Amazon-Shop, gef\u00fcllt mit langlebigeren M\u00f6glichkeiten, den gleichen Look zu kreieren.<\/p>\n<h3 class=\"article-body__section\" id=\"section-height-and-repetition-are-musts\"><span>H\u00f6he und Wiederholung sind ein Muss<\/span><\/h3>\n<p>\u201eIch mag Wiederholungen in der Dekoration wirklich\u201c, sagt Drew, w\u00e4hrend er zwei passende Kerzenst\u00e4nder abstellt. Wenn Sie sicherstellen m\u00f6chten, dass Ihre Pr\u00e4sentationen immer zusammenh\u00e4ngend aussehen, auch wenn sie etwas chaotisch sind, ist Wiederholung der richtige Weg.<\/p>\n<p>Kerzenst\u00e4nder sind eine gute Option, da sie auch f\u00fcr mehr H\u00f6he und etwas Struktur sorgen, sodass sich das Auge darauf konzentrieren kann. Das ist Drews n\u00e4chster Ratschlag: H\u00f6henvariationen sind immer der Schl\u00fcssel zu einer guten Pr\u00e4sentation.<\/p>\n<h3 class=\"article-body__section\" id=\"section-add-pumpkins-for-an-extra-nod-to-fall\"><span>F\u00fcgen Sie K\u00fcrbisse hinzu, um dem Herbst eine besondere Note zu verleihen<\/span><\/h3>\n<p>Wir haben also Herbstlaub, aber wir sind noch nicht wirklich saisonal. Drew hat eine entz\u00fcckende h\u00f6lzerne Geisterdekoration von Home Goods, die er der Ausstellung hinzuf\u00fcgt, aber f\u00fcr mich sind K\u00fcrbisse die perfekte Anspielung auf den Herbst, da sie, wie Drew betont, den Look nur abrunden.<\/p>\n<p>Ich mag den uneinheitlichen Look beim Dekorieren mit echten K\u00fcrbissen, aber dieses Jahr habe ich so viele tolle Faux-Varianten gesehen, die man jedes Jahr aufs Neue ausprobieren kann. Wieder einmal hat Drew in seinem Schaufenster viele Optionen geteilt. Gruppieren Sie verschiedene Gr\u00f6\u00dfen und Formen f\u00fcr mehr Wirkung, und dann verteile ich gerne ein paar wirklich kleine K\u00fcrbisse \u00fcber den Rest des Displays, um den Look zusammenzufassen.<\/p>\n<\/div>\n<p><script async src=\"\/\/www.instagram.com\/embed.js\"><\/script><\/p>\n","protected":false},"excerpt":{"rendered":"<p>Ich bin ein zwanghafter Umgestalter. Ich liebe es, an meinem Zuhause herumzubasteln, Dinge zu bewegen und Displays zu schaffen, die meiner Meinung nach meinen R\u00e4umen<\/p>\n","protected":false},"author":1,"featured_media":1124,"comment_status":"closed","ping_status":"","sticky":false,"template":"","format":"standard","meta":{"footnotes":""},"categories":[118],"tags":[112,78,784,9,531,55,469,203,129,1215,2162,2164,1122,2163,58,2161,1701,1129,67],"class_list":["post-1123","post","type-post","status-publish","format-standard","has-post-thumbnail","hentry","category-haus-garten","tag-das","tag-den","tag-designers","tag-die","tag-dieses","tag-fuer","tag-haben","tag-herbst","tag-ich","tag-inspiriert","tag-jeder","tag-kopiere","tag-mich","tag-oberflaeche","tag-sind","tag-stylen","tag-tipps","tag-tricks","tag-zum","generate-columns","tablet-grid-50","mobile-grid-100","grid-parent","grid-50"],"yoast_head":"<!-- This site is optimized with the Yoast SEO plugin v27.3 - https:\/\/yoast.com\/product\/yoast-seo-wordpress\/ -->\n<title>Die Tipps dieses Designers zum Stylen jeder Oberfl\u00e4che f\u00fcr den Herbst haben mich inspiriert \u2013 das sind die Tricks, die ich kopiere - Nachrichten - Stra\u00dfenweb<\/title>\n<meta name=\"robots\" content=\"index, follow, max-snippet:-1, max-image-preview:large, max-video-preview:-1\" \/>\n<link rel=\"canonical\" href=\"https:\/\/www.strassenweb.de\/nachrichten\/die-tipps-dieses-designers-zum-stylen-jeder-oberflaeche-fuer-den-herbst-haben-mich-inspiriert-das-sind-die-tricks-die-ich-kopiere\/\" \/>\n<meta property=\"og:locale\" content=\"de_DE\" \/>\n<meta property=\"og:type\" content=\"article\" \/>\n<meta property=\"og:title\" content=\"Die Tipps dieses Designers zum Stylen jeder Oberfl\u00e4che f\u00fcr den Herbst haben mich inspiriert \u2013 das sind die Tricks, die ich kopiere - Nachrichten - Stra\u00dfenweb\" \/>\n<meta property=\"og:description\" content=\"Ich bin ein zwanghafter Umgestalter. Ich liebe es, an meinem Zuhause herumzubasteln, Dinge zu bewegen und Displays zu schaffen, die meiner Meinung nach meinen R\u00e4umen\" \/>\n<meta property=\"og:url\" content=\"https:\/\/www.strassenweb.de\/nachrichten\/die-tipps-dieses-designers-zum-stylen-jeder-oberflaeche-fuer-den-herbst-haben-mich-inspiriert-das-sind-die-tricks-die-ich-kopiere\/\" \/>\n<meta property=\"og:site_name\" content=\"Stra\u00dfenweb\" \/>\n<meta property=\"article:publisher\" content=\"https:\/\/www.facebook.com\/strassenweb\/\" \/>\n<meta property=\"article:published_time\" content=\"2024-10-25T00:14:46+00:00\" \/>\n<meta property=\"article:modified_time\" content=\"2024-10-25T00:14:47+00:00\" \/>\n<meta property=\"og:image\" content=\"https:\/\/www.strassenweb.de\/nachrichten\/wp-content\/uploads\/2024\/10\/Die-Tipps-dieses-Designers-zum-Stylen-jeder-Oberflaeche-fuer-den.jpg\" \/>\n\t<meta property=\"og:image:width\" content=\"1200\" \/>\n\t<meta property=\"og:image:height\" content=\"675\" \/>\n\t<meta property=\"og:image:type\" content=\"image\/jpeg\" \/>\n<meta name=\"author\" content=\"Robert Hoffmann\" \/>\n<meta name=\"twitter:card\" content=\"summary_large_image\" \/>\n<meta name=\"twitter:label1\" content=\"Verfasst von\" \/>\n\t<meta name=\"twitter:data1\" content=\"Robert Hoffmann\" \/>\n\t<meta name=\"twitter:label2\" content=\"Gesch\u00e4tzte Lesezeit\" \/>\n\t<meta name=\"twitter:data2\" content=\"4\u00a0Minuten\" \/>\n<script type=\"application\/ld+json\" class=\"yoast-schema-graph\">{\"@context\":\"https:\\\/\\\/schema.org\",\"@graph\":[{\"@type\":\"Article\",\"@id\":\"https:\\\/\\\/www.strassenweb.de\\\/nachrichten\\\/die-tipps-dieses-designers-zum-stylen-jeder-oberflaeche-fuer-den-herbst-haben-mich-inspiriert-das-sind-die-tricks-die-ich-kopiere\\\/#article\",\"isPartOf\":{\"@id\":\"https:\\\/\\\/www.strassenweb.de\\\/nachrichten\\\/die-tipps-dieses-designers-zum-stylen-jeder-oberflaeche-fuer-den-herbst-haben-mich-inspiriert-das-sind-die-tricks-die-ich-kopiere\\\/\"},\"author\":{\"name\":\"Robert Hoffmann\",\"@id\":\"https:\\\/\\\/www.strassenweb.de\\\/nachrichten\\\/#\\\/schema\\\/person\\\/87c9c9067f1211da429a744dc5a5aa41\"},\"headline\":\"Die Tipps dieses Designers zum Stylen jeder Oberfl\u00e4che f\u00fcr den Herbst haben mich inspiriert \u2013 das sind die Tricks, die ich kopiere\",\"datePublished\":\"2024-10-25T00:14:46+00:00\",\"dateModified\":\"2024-10-25T00:14:47+00:00\",\"mainEntityOfPage\":{\"@id\":\"https:\\\/\\\/www.strassenweb.de\\\/nachrichten\\\/die-tipps-dieses-designers-zum-stylen-jeder-oberflaeche-fuer-den-herbst-haben-mich-inspiriert-das-sind-die-tricks-die-ich-kopiere\\\/\"},\"wordCount\":885,\"publisher\":{\"@id\":\"https:\\\/\\\/www.strassenweb.de\\\/nachrichten\\\/#organization\"},\"image\":{\"@id\":\"https:\\\/\\\/www.strassenweb.de\\\/nachrichten\\\/die-tipps-dieses-designers-zum-stylen-jeder-oberflaeche-fuer-den-herbst-haben-mich-inspiriert-das-sind-die-tricks-die-ich-kopiere\\\/#primaryimage\"},\"thumbnailUrl\":\"https:\\\/\\\/www.strassenweb.de\\\/nachrichten\\\/wp-content\\\/uploads\\\/2024\\\/10\\\/Die-Tipps-dieses-Designers-zum-Stylen-jeder-Oberflaeche-fuer-den.jpg\",\"keywords\":[\"das\",\"den\",\"Designers\",\"die\",\"dieses\",\"f\u00fcr\",\"haben\",\"Herbst\",\"ich\",\"inspiriert\",\"jeder\",\"kopiere\",\"mich\",\"Oberfl\u00e4che\",\"sind\",\"Stylen\",\"Tipps\",\"Tricks\",\"zum\"],\"articleSection\":[\"Haus &amp; Garten\"],\"inLanguage\":\"de\"},{\"@type\":\"WebPage\",\"@id\":\"https:\\\/\\\/www.strassenweb.de\\\/nachrichten\\\/die-tipps-dieses-designers-zum-stylen-jeder-oberflaeche-fuer-den-herbst-haben-mich-inspiriert-das-sind-die-tricks-die-ich-kopiere\\\/\",\"url\":\"https:\\\/\\\/www.strassenweb.de\\\/nachrichten\\\/die-tipps-dieses-designers-zum-stylen-jeder-oberflaeche-fuer-den-herbst-haben-mich-inspiriert-das-sind-die-tricks-die-ich-kopiere\\\/\",\"name\":\"Die Tipps dieses Designers zum Stylen jeder Oberfl\u00e4che f\u00fcr den Herbst haben mich inspiriert \u2013 das sind die Tricks, die ich kopiere - Nachrichten - Stra\u00dfenweb\",\"isPartOf\":{\"@id\":\"https:\\\/\\\/www.strassenweb.de\\\/nachrichten\\\/#website\"},\"primaryImageOfPage\":{\"@id\":\"https:\\\/\\\/www.strassenweb.de\\\/nachrichten\\\/die-tipps-dieses-designers-zum-stylen-jeder-oberflaeche-fuer-den-herbst-haben-mich-inspiriert-das-sind-die-tricks-die-ich-kopiere\\\/#primaryimage\"},\"image\":{\"@id\":\"https:\\\/\\\/www.strassenweb.de\\\/nachrichten\\\/die-tipps-dieses-designers-zum-stylen-jeder-oberflaeche-fuer-den-herbst-haben-mich-inspiriert-das-sind-die-tricks-die-ich-kopiere\\\/#primaryimage\"},\"thumbnailUrl\":\"https:\\\/\\\/www.strassenweb.de\\\/nachrichten\\\/wp-content\\\/uploads\\\/2024\\\/10\\\/Die-Tipps-dieses-Designers-zum-Stylen-jeder-Oberflaeche-fuer-den.jpg\",\"datePublished\":\"2024-10-25T00:14:46+00:00\",\"dateModified\":\"2024-10-25T00:14:47+00:00\",\"breadcrumb\":{\"@id\":\"https:\\\/\\\/www.strassenweb.de\\\/nachrichten\\\/die-tipps-dieses-designers-zum-stylen-jeder-oberflaeche-fuer-den-herbst-haben-mich-inspiriert-das-sind-die-tricks-die-ich-kopiere\\\/#breadcrumb\"},\"inLanguage\":\"de\",\"potentialAction\":[{\"@type\":\"ReadAction\",\"target\":[\"https:\\\/\\\/www.strassenweb.de\\\/nachrichten\\\/die-tipps-dieses-designers-zum-stylen-jeder-oberflaeche-fuer-den-herbst-haben-mich-inspiriert-das-sind-die-tricks-die-ich-kopiere\\\/\"]}]},{\"@type\":\"ImageObject\",\"inLanguage\":\"de\",\"@id\":\"https:\\\/\\\/www.strassenweb.de\\\/nachrichten\\\/die-tipps-dieses-designers-zum-stylen-jeder-oberflaeche-fuer-den-herbst-haben-mich-inspiriert-das-sind-die-tricks-die-ich-kopiere\\\/#primaryimage\",\"url\":\"https:\\\/\\\/www.strassenweb.de\\\/nachrichten\\\/wp-content\\\/uploads\\\/2024\\\/10\\\/Die-Tipps-dieses-Designers-zum-Stylen-jeder-Oberflaeche-fuer-den.jpg\",\"contentUrl\":\"https:\\\/\\\/www.strassenweb.de\\\/nachrichten\\\/wp-content\\\/uploads\\\/2024\\\/10\\\/Die-Tipps-dieses-Designers-zum-Stylen-jeder-Oberflaeche-fuer-den.jpg\",\"width\":1200,\"height\":675,\"caption\":\"Die Tipps dieses Designers zum Stylen jeder Oberfl\u00e4che f\u00fcr den Herbst haben mich inspiriert \u2013 das sind die Tricks, die ich kopiere\"},{\"@type\":\"BreadcrumbList\",\"@id\":\"https:\\\/\\\/www.strassenweb.de\\\/nachrichten\\\/die-tipps-dieses-designers-zum-stylen-jeder-oberflaeche-fuer-den-herbst-haben-mich-inspiriert-das-sind-die-tricks-die-ich-kopiere\\\/#breadcrumb\",\"itemListElement\":[{\"@type\":\"ListItem\",\"position\":1,\"name\":\"Home\",\"item\":\"https:\\\/\\\/www.strassenweb.de\\\/nachrichten\\\/\"},{\"@type\":\"ListItem\",\"position\":2,\"name\":\"Die Tipps dieses Designers zum Stylen jeder Oberfl\u00e4che f\u00fcr den Herbst haben mich inspiriert \u2013 das sind die Tricks, die ich kopiere\"}]},{\"@type\":\"WebSite\",\"@id\":\"https:\\\/\\\/www.strassenweb.de\\\/nachrichten\\\/#website\",\"url\":\"https:\\\/\\\/www.strassenweb.de\\\/nachrichten\\\/\",\"name\":\"Stra\u00dfenweb\",\"description\":\"Stra\u00dfenverzeichnis f\u00fcr Deutschland\",\"publisher\":{\"@id\":\"https:\\\/\\\/www.strassenweb.de\\\/nachrichten\\\/#organization\"},\"potentialAction\":[{\"@type\":\"SearchAction\",\"target\":{\"@type\":\"EntryPoint\",\"urlTemplate\":\"https:\\\/\\\/www.strassenweb.de\\\/nachrichten\\\/?s={search_term_string}\"},\"query-input\":{\"@type\":\"PropertyValueSpecification\",\"valueRequired\":true,\"valueName\":\"search_term_string\"}}],\"inLanguage\":\"de\"},{\"@type\":\"Organization\",\"@id\":\"https:\\\/\\\/www.strassenweb.de\\\/nachrichten\\\/#organization\",\"name\":\"Stra\u00dfenweb\",\"url\":\"https:\\\/\\\/www.strassenweb.de\\\/nachrichten\\\/\",\"logo\":{\"@type\":\"ImageObject\",\"inLanguage\":\"de\",\"@id\":\"https:\\\/\\\/www.strassenweb.de\\\/nachrichten\\\/#\\\/schema\\\/logo\\\/image\\\/\",\"url\":\"https:\\\/\\\/www.strassenweb.de\\\/nachrichten\\\/wp-content\\\/uploads\\\/2024\\\/09\\\/cropped-favicon.png\",\"contentUrl\":\"https:\\\/\\\/www.strassenweb.de\\\/nachrichten\\\/wp-content\\\/uploads\\\/2024\\\/09\\\/cropped-favicon.png\",\"width\":512,\"height\":512,\"caption\":\"Stra\u00dfenweb\"},\"image\":{\"@id\":\"https:\\\/\\\/www.strassenweb.de\\\/nachrichten\\\/#\\\/schema\\\/logo\\\/image\\\/\"},\"sameAs\":[\"https:\\\/\\\/www.facebook.com\\\/strassenweb\\\/\"]},{\"@type\":\"Person\",\"@id\":\"https:\\\/\\\/www.strassenweb.de\\\/nachrichten\\\/#\\\/schema\\\/person\\\/87c9c9067f1211da429a744dc5a5aa41\",\"name\":\"Robert Hoffmann\",\"image\":{\"@type\":\"ImageObject\",\"inLanguage\":\"de\",\"@id\":\"https:\\\/\\\/www.strassenweb.de\\\/nachrichten\\\/wp-content\\\/uploads\\\/2024\\\/09\\\/strassenweb-150x150.jpg\",\"url\":\"https:\\\/\\\/www.strassenweb.de\\\/nachrichten\\\/wp-content\\\/uploads\\\/2024\\\/09\\\/strassenweb-150x150.jpg\",\"contentUrl\":\"https:\\\/\\\/www.strassenweb.de\\\/nachrichten\\\/wp-content\\\/uploads\\\/2024\\\/09\\\/strassenweb-150x150.jpg\",\"caption\":\"Robert Hoffmann\"},\"description\":\"Ich hei\u00dfe Robert Hoffmann und ich bin ein leidenschaftlicher Verfechter von \u00d6kologie und Biodiversit\u00e4t. Seit meiner Kindheit in den W\u00e4ldern Bayerns f\u00fchle ich mich mit der Natur verbunden und bin entschlossen, sie zu sch\u00fctzen. Heute widme ich mein Leben der Sensibilisierung anderer f\u00fcr die Bedeutung des Umweltschutzes f\u00fcr zuk\u00fcnftige Generationen.\",\"sameAs\":[\"https:\\\/\\\/www.strassenweb.de\\\/\"]}]}<\/script>\n<!-- \/ Yoast SEO plugin. -->","yoast_head_json":{"title":"Die Tipps dieses Designers zum Stylen jeder Oberfl\u00e4che f\u00fcr den Herbst haben mich inspiriert \u2013 das sind die Tricks, die ich kopiere - Nachrichten - Stra\u00dfenweb","robots":{"index":"index","follow":"follow","max-snippet":"max-snippet:-1","max-image-preview":"max-image-preview:large","max-video-preview":"max-video-preview:-1"},"canonical":"https:\/\/www.strassenweb.de\/nachrichten\/die-tipps-dieses-designers-zum-stylen-jeder-oberflaeche-fuer-den-herbst-haben-mich-inspiriert-das-sind-die-tricks-die-ich-kopiere\/","og_locale":"de_DE","og_type":"article","og_title":"Die Tipps dieses Designers zum Stylen jeder Oberfl\u00e4che f\u00fcr den Herbst haben mich inspiriert \u2013 das sind die Tricks, die ich kopiere - Nachrichten - Stra\u00dfenweb","og_description":"Ich bin ein zwanghafter Umgestalter. Ich liebe es, an meinem Zuhause herumzubasteln, Dinge zu bewegen und Displays zu schaffen, die meiner Meinung nach meinen R\u00e4umen","og_url":"https:\/\/www.strassenweb.de\/nachrichten\/die-tipps-dieses-designers-zum-stylen-jeder-oberflaeche-fuer-den-herbst-haben-mich-inspiriert-das-sind-die-tricks-die-ich-kopiere\/","og_site_name":"Stra\u00dfenweb","article_publisher":"https:\/\/www.facebook.com\/strassenweb\/","article_published_time":"2024-10-25T00:14:46+00:00","article_modified_time":"2024-10-25T00:14:47+00:00","og_image":[{"width":1200,"height":675,"url":"https:\/\/www.strassenweb.de\/nachrichten\/wp-content\/uploads\/2024\/10\/Die-Tipps-dieses-Designers-zum-Stylen-jeder-Oberflaeche-fuer-den.jpg","type":"image\/jpeg"}],"author":"Robert Hoffmann","twitter_card":"summary_large_image","twitter_misc":{"Verfasst von":"Robert Hoffmann","Gesch\u00e4tzte Lesezeit":"4\u00a0Minuten"},"schema":{"@context":"https:\/\/schema.org","@graph":[{"@type":"Article","@id":"https:\/\/www.strassenweb.de\/nachrichten\/die-tipps-dieses-designers-zum-stylen-jeder-oberflaeche-fuer-den-herbst-haben-mich-inspiriert-das-sind-die-tricks-die-ich-kopiere\/#article","isPartOf":{"@id":"https:\/\/www.strassenweb.de\/nachrichten\/die-tipps-dieses-designers-zum-stylen-jeder-oberflaeche-fuer-den-herbst-haben-mich-inspiriert-das-sind-die-tricks-die-ich-kopiere\/"},"author":{"name":"Robert Hoffmann","@id":"https:\/\/www.strassenweb.de\/nachrichten\/#\/schema\/person\/87c9c9067f1211da429a744dc5a5aa41"},"headline":"Die Tipps dieses Designers zum Stylen jeder Oberfl\u00e4che f\u00fcr den Herbst haben mich inspiriert \u2013 das sind die Tricks, die ich kopiere","datePublished":"2024-10-25T00:14:46+00:00","dateModified":"2024-10-25T00:14:47+00:00","mainEntityOfPage":{"@id":"https:\/\/www.strassenweb.de\/nachrichten\/die-tipps-dieses-designers-zum-stylen-jeder-oberflaeche-fuer-den-herbst-haben-mich-inspiriert-das-sind-die-tricks-die-ich-kopiere\/"},"wordCount":885,"publisher":{"@id":"https:\/\/www.strassenweb.de\/nachrichten\/#organization"},"image":{"@id":"https:\/\/www.strassenweb.de\/nachrichten\/die-tipps-dieses-designers-zum-stylen-jeder-oberflaeche-fuer-den-herbst-haben-mich-inspiriert-das-sind-die-tricks-die-ich-kopiere\/#primaryimage"},"thumbnailUrl":"https:\/\/www.strassenweb.de\/nachrichten\/wp-content\/uploads\/2024\/10\/Die-Tipps-dieses-Designers-zum-Stylen-jeder-Oberflaeche-fuer-den.jpg","keywords":["das","den","Designers","die","dieses","f\u00fcr","haben","Herbst","ich","inspiriert","jeder","kopiere","mich","Oberfl\u00e4che","sind","Stylen","Tipps","Tricks","zum"],"articleSection":["Haus &amp; Garten"],"inLanguage":"de"},{"@type":"WebPage","@id":"https:\/\/www.strassenweb.de\/nachrichten\/die-tipps-dieses-designers-zum-stylen-jeder-oberflaeche-fuer-den-herbst-haben-mich-inspiriert-das-sind-die-tricks-die-ich-kopiere\/","url":"https:\/\/www.strassenweb.de\/nachrichten\/die-tipps-dieses-designers-zum-stylen-jeder-oberflaeche-fuer-den-herbst-haben-mich-inspiriert-das-sind-die-tricks-die-ich-kopiere\/","name":"Die Tipps dieses Designers zum Stylen jeder Oberfl\u00e4che f\u00fcr den Herbst haben mich inspiriert \u2013 das sind die Tricks, die ich kopiere - Nachrichten - Stra\u00dfenweb","isPartOf":{"@id":"https:\/\/www.strassenweb.de\/nachrichten\/#website"},"primaryImageOfPage":{"@id":"https:\/\/www.strassenweb.de\/nachrichten\/die-tipps-dieses-designers-zum-stylen-jeder-oberflaeche-fuer-den-herbst-haben-mich-inspiriert-das-sind-die-tricks-die-ich-kopiere\/#primaryimage"},"image":{"@id":"https:\/\/www.strassenweb.de\/nachrichten\/die-tipps-dieses-designers-zum-stylen-jeder-oberflaeche-fuer-den-herbst-haben-mich-inspiriert-das-sind-die-tricks-die-ich-kopiere\/#primaryimage"},"thumbnailUrl":"https:\/\/www.strassenweb.de\/nachrichten\/wp-content\/uploads\/2024\/10\/Die-Tipps-dieses-Designers-zum-Stylen-jeder-Oberflaeche-fuer-den.jpg","datePublished":"2024-10-25T00:14:46+00:00","dateModified":"2024-10-25T00:14:47+00:00","breadcrumb":{"@id":"https:\/\/www.strassenweb.de\/nachrichten\/die-tipps-dieses-designers-zum-stylen-jeder-oberflaeche-fuer-den-herbst-haben-mich-inspiriert-das-sind-die-tricks-die-ich-kopiere\/#breadcrumb"},"inLanguage":"de","potentialAction":[{"@type":"ReadAction","target":["https:\/\/www.strassenweb.de\/nachrichten\/die-tipps-dieses-designers-zum-stylen-jeder-oberflaeche-fuer-den-herbst-haben-mich-inspiriert-das-sind-die-tricks-die-ich-kopiere\/"]}]},{"@type":"ImageObject","inLanguage":"de","@id":"https:\/\/www.strassenweb.de\/nachrichten\/die-tipps-dieses-designers-zum-stylen-jeder-oberflaeche-fuer-den-herbst-haben-mich-inspiriert-das-sind-die-tricks-die-ich-kopiere\/#primaryimage","url":"https:\/\/www.strassenweb.de\/nachrichten\/wp-content\/uploads\/2024\/10\/Die-Tipps-dieses-Designers-zum-Stylen-jeder-Oberflaeche-fuer-den.jpg","contentUrl":"https:\/\/www.strassenweb.de\/nachrichten\/wp-content\/uploads\/2024\/10\/Die-Tipps-dieses-Designers-zum-Stylen-jeder-Oberflaeche-fuer-den.jpg","width":1200,"height":675,"caption":"Die Tipps dieses Designers zum Stylen jeder Oberfl\u00e4che f\u00fcr den Herbst haben mich inspiriert \u2013 das sind die Tricks, die ich kopiere"},{"@type":"BreadcrumbList","@id":"https:\/\/www.strassenweb.de\/nachrichten\/die-tipps-dieses-designers-zum-stylen-jeder-oberflaeche-fuer-den-herbst-haben-mich-inspiriert-das-sind-die-tricks-die-ich-kopiere\/#breadcrumb","itemListElement":[{"@type":"ListItem","position":1,"name":"Home","item":"https:\/\/www.strassenweb.de\/nachrichten\/"},{"@type":"ListItem","position":2,"name":"Die Tipps dieses Designers zum Stylen jeder Oberfl\u00e4che f\u00fcr den Herbst haben mich inspiriert \u2013 das sind die Tricks, die ich kopiere"}]},{"@type":"WebSite","@id":"https:\/\/www.strassenweb.de\/nachrichten\/#website","url":"https:\/\/www.strassenweb.de\/nachrichten\/","name":"Stra\u00dfenweb","description":"Stra\u00dfenverzeichnis f\u00fcr Deutschland","publisher":{"@id":"https:\/\/www.strassenweb.de\/nachrichten\/#organization"},"potentialAction":[{"@type":"SearchAction","target":{"@type":"EntryPoint","urlTemplate":"https:\/\/www.strassenweb.de\/nachrichten\/?s={search_term_string}"},"query-input":{"@type":"PropertyValueSpecification","valueRequired":true,"valueName":"search_term_string"}}],"inLanguage":"de"},{"@type":"Organization","@id":"https:\/\/www.strassenweb.de\/nachrichten\/#organization","name":"Stra\u00dfenweb","url":"https:\/\/www.strassenweb.de\/nachrichten\/","logo":{"@type":"ImageObject","inLanguage":"de","@id":"https:\/\/www.strassenweb.de\/nachrichten\/#\/schema\/logo\/image\/","url":"https:\/\/www.strassenweb.de\/nachrichten\/wp-content\/uploads\/2024\/09\/cropped-favicon.png","contentUrl":"https:\/\/www.strassenweb.de\/nachrichten\/wp-content\/uploads\/2024\/09\/cropped-favicon.png","width":512,"height":512,"caption":"Stra\u00dfenweb"},"image":{"@id":"https:\/\/www.strassenweb.de\/nachrichten\/#\/schema\/logo\/image\/"},"sameAs":["https:\/\/www.facebook.com\/strassenweb\/"]},{"@type":"Person","@id":"https:\/\/www.strassenweb.de\/nachrichten\/#\/schema\/person\/87c9c9067f1211da429a744dc5a5aa41","name":"Robert Hoffmann","image":{"@type":"ImageObject","inLanguage":"de","@id":"https:\/\/www.strassenweb.de\/nachrichten\/wp-content\/uploads\/2024\/09\/strassenweb-150x150.jpg","url":"https:\/\/www.strassenweb.de\/nachrichten\/wp-content\/uploads\/2024\/09\/strassenweb-150x150.jpg","contentUrl":"https:\/\/www.strassenweb.de\/nachrichten\/wp-content\/uploads\/2024\/09\/strassenweb-150x150.jpg","caption":"Robert Hoffmann"},"description":"Ich hei\u00dfe Robert Hoffmann und ich bin ein leidenschaftlicher Verfechter von \u00d6kologie und Biodiversit\u00e4t. Seit meiner Kindheit in den W\u00e4ldern Bayerns f\u00fchle ich mich mit der Natur verbunden und bin entschlossen, sie zu sch\u00fctzen. Heute widme ich mein Leben der Sensibilisierung anderer f\u00fcr die Bedeutung des Umweltschutzes f\u00fcr zuk\u00fcnftige Generationen.","sameAs":["https:\/\/www.strassenweb.de\/"]}]}},"_links":{"self":[{"href":"https:\/\/www.strassenweb.de\/nachrichten\/wp-json\/wp\/v2\/posts\/1123","targetHints":{"allow":["GET"]}}],"collection":[{"href":"https:\/\/www.strassenweb.de\/nachrichten\/wp-json\/wp\/v2\/posts"}],"about":[{"href":"https:\/\/www.strassenweb.de\/nachrichten\/wp-json\/wp\/v2\/types\/post"}],"author":[{"embeddable":true,"href":"https:\/\/www.strassenweb.de\/nachrichten\/wp-json\/wp\/v2\/users\/1"}],"replies":[{"embeddable":true,"href":"https:\/\/www.strassenweb.de\/nachrichten\/wp-json\/wp\/v2\/comments?post=1123"}],"version-history":[{"count":0,"href":"https:\/\/www.strassenweb.de\/nachrichten\/wp-json\/wp\/v2\/posts\/1123\/revisions"}],"wp:featuredmedia":[{"embeddable":true,"href":"https:\/\/www.strassenweb.de\/nachrichten\/wp-json\/wp\/v2\/media\/1124"}],"wp:attachment":[{"href":"https:\/\/www.strassenweb.de\/nachrichten\/wp-json\/wp\/v2\/media?parent=1123"}],"wp:term":[{"taxonomy":"category","embeddable":true,"href":"https:\/\/www.strassenweb.de\/nachrichten\/wp-json\/wp\/v2\/categories?post=1123"},{"taxonomy":"post_tag","embeddable":true,"href":"https:\/\/www.strassenweb.de\/nachrichten\/wp-json\/wp\/v2\/tags?post=1123"}],"curies":[{"name":"wp","href":"https:\/\/api.w.org\/{rel}","templated":true}]}}