{"id":1111,"date":"2024-10-24T16:46:08","date_gmt":"2024-10-24T14:46:08","guid":{"rendered":"https:\/\/www.strassenweb.de\/nachrichten\/kann-man-waesche-im-winter-draussen-trocknen-wir-erkunden-die-vor-und-nachteile\/"},"modified":"2024-10-24T16:46:09","modified_gmt":"2024-10-24T14:46:09","slug":"kann-man-waesche-im-winter-draussen-trocknen-wir-erkunden-die-vor-und-nachteile","status":"publish","type":"post","link":"https:\/\/www.strassenweb.de\/nachrichten\/kann-man-waesche-im-winter-draussen-trocknen-wir-erkunden-die-vor-und-nachteile\/","title":{"rendered":"Kann man W\u00e4sche im Winter drau\u00dfen trocknen? Wir erkunden die Vor- und Nachteile"},"content":{"rendered":"<p><\/p>\n<div id=\"article-body\" class=\"article__body \">\n<p>Wenn es darum geht, W\u00e4sche zu trocknen, werfen viele von uns sie in den W\u00e4schetrockner und machen Feierabend, besonders im tiefsten Winter, wenn es drau\u00dfen kalt und st\u00fcrmisch ist.<\/p>\n<div id=\"ad-unit-1\" class=\"ad-unit\"><\/div>\n<p>Am richtigen Tag ist es jedoch vielleicht keine schlechte Idee, die W\u00e4sche im Freien zu trocknen, wenn man sich mit dem W\u00e4schewaschen im Winter besch\u00e4ftigt \u2013 auch wenn es wie alles seine Vor- und Nachteile hat.<\/p>\n<aside class=\"hawk-nest\" data-block-type=\"embed\" data-render-type=\"fte\" data-skip=\"dealsy\" data-widget-type=\"seasonal\">\n<div class=\"hawk-master-widget-hawk-base-wrapper\"><\/div>\n<\/aside>\n<p>Hier erl\u00e4utern Experten die Vorteile des Lufttrocknens von W\u00e4sche drau\u00dfen im Winter und helfen Ihnen, die richtige Entscheidung f\u00fcr Ihre Kleidung und Bettw\u00e4sche zu treffen.<\/p>\n<div id=\"desktop-in-article\" class=\"in-article ad-unit\">\n<div id=\"desktop-taboola-mid-article\"><\/div>\n<\/div>\n<div id=\"mobile-in-article\" class=\"in-article ad-unit\">\n<div id=\"mobile-taboola-mid-article\"><\/div>\n<\/div>\n<h2 id=\"can-you-dry-laundry-outside-in-winter-3\">Kann man W\u00e4sche im Winter drau\u00dfen trocknen?<\/h2>\n<p>Es gibt zwar einige Gr\u00fcnde, warum Sie Ihre W\u00e4sche im Winter nicht drau\u00dfen trocknen sollten, aber das richtige Klima k\u00f6nnte es zur besseren Option machen, die Lebensdauer Ihrer Kleidungsst\u00fccke zu verl\u00e4ngern und beim W\u00e4schewaschen Energie zu sparen.<\/p>\n<div class=\"van_vid_carousel\">\n<div class=\"van_vid_carousel__padding\">\n<div class=\"van_vid_carousel__container\"><\/div>\n<\/div>\n<\/div>\n<p>So sehen die Experten dieses R\u00e4tsel.<\/p>\n<div id=\"ad-unit-2\" class=\"ad-unit\"><\/div>\n<h3 class=\"article-body__section\" id=\"section-the-pros-of-drying-laundry-outside-in-winter\"><span>Die Vorteile des W\u00e4schetrocknens drau\u00dfen im Winter<\/span><\/h3>\n<figure class=\"van-image-figure inline-layout \" data-bordeaux-image-check>\n<div class=\"image-full-width-wrapper\">\n<div class=\"image-widthsetter\" style=\"max-width:2000px;\"><\/div>\n<\/div>\n<\/figure>\n<p>Im Allgemeinen bietet das Trocknen von Kleidung im Freien beim W\u00e4schewaschen im Winter vier Hauptvorteile, sofern das Wetter hell, sonnig und windig ist \u2013 auch wenn es kalt ist.<\/p>\n<p>Ken Doty, Reinigungsexperte und COO bei The Maids erkl\u00e4rt: \u201eDie wichtigsten Faktoren sind Sonnenlicht, Wind und Luftfeuchtigkeit.\u201c Sonnenlicht ist die wichtigste Ressource zum Trocknen von Kleidung, da die Sonnenstrahlen das Wasser verdunsten lassen. Es kann sogar desinfizieren und ist dabei 100 % umweltfreundlich. Wind spielt eine unglaublich wichtige Rolle beim Trocknen Ihrer Kleidung, indem er feuchte Luft transportiert, die dabei hilft, \u00fcbersch\u00fcssiges Wasser zu verdunsten. Der Wind ist der Grund daf\u00fcr, dass Kleidung getrocknet werden kann, da die Kraft des Windes sogar Temperaturen unter dem Gefrierpunkt oder unter dem Gefrierpunkt \u00fcberwinden kann. Solange es weder schneit noch regnet, sorgt der Wind daf\u00fcr, dass Ihre Kleidung trocknet.\u201c<\/p>\n<p><strong>Es spart Geld. <\/strong>Im Winter sind die Rechnungen oft am h\u00f6chsten, wenn wir die Heizung aufdrehen, mehr Zeit drinnen verbringen und unsere Beleuchtung l\u00e4nger nutzen. Jede M\u00f6glichkeit, zu Hause Geld zu sparen, ist ein Gewinn.<\/p>\n<p>Ken Doty, ein Reinigungsexperte, f\u00fcgt hinzu: \u201eIm Winter ist es durchaus m\u00f6glich, Kleidung drau\u00dfen zu trocknen.\u201c Der Verzicht auf energiesaugende Trockner tr\u00e4gt dazu bei, die Stromkosten zu senken. \u201eEs ist eine gro\u00dfartige umweltfreundliche und geldbeutelfreundliche Methode, Kleidung zu trocknen, ohne den Trockner zu benutzen.\u201c<\/p>\n<p><strong>Es tr\u00e4gt dazu bei, dass Ihre Kleidung l\u00e4nger h\u00e4lt. <\/strong>Einer der Hauptvorteile des Trocknens von Kleidung ohne W\u00e4schetrockner besteht darin, dass die Lebensdauer Ihrer Kleidung verl\u00e4ngert wird. Phillip Twigg, Ger\u00e4teexperte bei Reliant Direct, sagt: \u201eEs ist auch viel sicherer, insbesondere wenn es um empfindliche Textilien geht, die in Ihrem Trockner versehentlich besch\u00e4digt oder verzogen werden k\u00f6nnten.\u201c<\/p>\n<p>Dies ist besonders in den k\u00fchleren Monaten wichtig, wenn wir eher nat\u00fcrliche Materialien wie Wolle waschen, sodass Sie nicht \u00fcberlegen m\u00fcssen, was zu tun ist, wenn Ihre Kleidung im Trockner eingelaufen ist.<\/p>\n<p><strong>Es h\u00e4lt sie faltenfrei und frisch. <\/strong>Das Trocknen von W\u00e4sche drau\u00dfen auf einer Leine ist eine einfache M\u00f6glichkeit, die W\u00e4sche besser riechen zu lassen und die Kleidung ohne B\u00fcgeleisen zu gl\u00e4tten \u2013 sogar im Winter, f\u00fcgt Ken Doty, Reinigungsexperte, hinzu. \u201eKalte Luft kann Ihrer W\u00e4sche einen klaren und frischen Duft verleihen\u201c, sagt er.<\/p>\n<p><strong>Es verhindert Feuchtigkeit in Ihrem Zuhause. <\/strong>Wenn Sie den Einsatz eines W\u00e4schetrockners reduzieren m\u00f6chten, um Geld f\u00fcr die W\u00e4sche zu sparen, kann das Trocknen von Kleidung im Freien dazu beitragen, Feuchtigkeit in Ihrem Zuhause zu vermeiden, wenn Sie Kleidung auf einem W\u00e4schest\u00e4nder trocknen. Dies kann durch den Einsatz eines beheizten W\u00e4schetrockners oder des besten Luftentfeuchters gemildert werden, aber die Vorabkosten k\u00f6nnen genauso hoch sein wie der Betrieb Ihres besten W\u00e4schetrockners.<\/p>\n<h3 class=\"article-body__section\" id=\"section-the-cons-of-drying-laundry-outside-in-winter\"><span>Die Nachteile des W\u00e4schetrocknens drau\u00dfen im Winter<\/span><\/h3>\n<figure class=\"van-image-figure inline-layout \" data-bordeaux-image-check>\n<div class=\"image-full-width-wrapper\">\n<div class=\"image-widthsetter\" style=\"max-width:2400px;\"><\/div>\n<\/div>\n<\/figure>\n<p>Allerdings ist es im Winter nicht immer einfach, W\u00e4sche im Freien zu trocknen \u2013 es ist windig. Bevor Sie sich dazu entschlie\u00dfen, Ihre W\u00e4sche auf einer Leine aufzuh\u00e4ngen, m\u00fcssen mehrere \u00dcberlegungen angestellt werden.<\/p>\n<p><strong>W\u00e4sche braucht l\u00e4nger zum Trocknen. <\/strong>Wenn Sie Kleidung schnell trocknen m\u00f6chten, ist das Trocknen auf der Leine im Winter nicht die richtige Methode f\u00fcr Sie, sagt Reinigungsexperte Ken Doty. \u201eWie bereits erw\u00e4hnt, verlangsamen kalte Temperaturen den durch Wind und Sonne verursachten Verdunstungsprozess.\u201c &#8218;<\/p>\n<p>Obwohl Wind die Trocknungszeiten etwas beschleunigen kann, ist er nicht so effektiv wie an einem st\u00fcrmischen Sommertag. Durch die langsameren Trocknungszeiten kann es manchmal auch zu leicht muffigen Ger\u00fcchen kommen. Wir empfehlen daher, den Trocknungsfortschritt alle paar Stunden zu \u00fcberpr\u00fcfen und die Kleidung nach drinnen zu bringen, wenn sie am Ende des Tages noch nicht trocken ist.<\/p>\n<p><strong>Das Wetter kann sich schnell \u00e4ndern. <\/strong>Salvador Villarreal, Reinigungsexperte bei VIP Cleaners Delivery, sagt: \u201eEine besondere Herausforderung beim Trocknen im Freien ist die Unvorhersehbarkeit des Wetters.\u201c Schnelle Wetterumschw\u00fcnge k\u00f6nnten eine schnelle Umstellung auf das Trocknen in Innenr\u00e4umen erfordern, um Feuchtigkeit und Schimmel zu verhindern, was meiner Erfahrung nach zu Verf\u00e4rbungen der Kleidungsst\u00fccke oder einem muffigen Geruch f\u00fchrt, insbesondere bei Stoffen wie Seide.\u201c<\/p>\n<p>Ein guter W\u00e4sche-Tipp ist, die Wettervorhersage zu pr\u00fcfen, bevor Sie die Kleidung drau\u00dfen zum Trocknen aufh\u00e4ngen, aber in der N\u00e4he bleiben, falls unerwarteter Regen hereinbricht.<\/p>\n<p><strong>Die Platzierung muss perfekt sein. <\/strong>Damit Ihre Kleidung im Winter \u00fcberhaupt drau\u00dfen trocknet, muss sie sowohl dem Wind als auch der Sonne direkt ausgesetzt sein. Daher muss Ihre W\u00e4scheleine oder Ihr W\u00e4schest\u00e4nder perfekt platziert sein, sagt Ken Doty, Reinigungsexperte. Dies kann das Trocknen von Kleidung im Freien zu umst\u00e4ndlich machen, insbesondere wenn Sie den W\u00e4schest\u00e4nder bewegen m\u00fcssen, um ihn so lange wie m\u00f6glich im Sonnenlicht zu halten, insbesondere beim Trocknen von Kleidung auf kleinem Raum.<\/p>\n<h2 class=\"article-body__section\" id=\"section-faqs\"><span>FAQs<\/span><\/h2>\n<h3 class=\"article-body__section\" id=\"section-what-temperature-is-too-cold-to-dry-clothes-outside\"><span>Welche Temperatur ist zu kalt, um Kleidung drau\u00dfen zu trocknen?<\/span><\/h3>\n<p>Solange das Wetter trocken, sonnig und windig ist, gibt es technisch gesehen keine Mindesttemperatur, bei der die Kleidung trocknen muss. Beachten Sie jedoch, dass das Trocknen der Gegenst\u00e4nde umso l\u00e4nger dauert, je niedriger die Temperatur ist. Bei Temperaturen unter dem Gefrierpunkt k\u00f6nnen einige Gegenst\u00e4nde auch gefrieren und steif werden, bevor sie vollst\u00e4ndig trocknen.<\/p>\n<p>Aus diesem Grund ist es ratsam, die Kleidung aufzuh\u00e4ngen, wenn die Temperatur nicht k\u00e4lter als 12 Grad Celsius ist, um die besten Ergebnisse zu erzielen.<\/p>\n<hr>\n<p>Alles in allem h\u00e4ngt es von Ihren pers\u00f6nlichen Vorlieben ab, von der W\u00e4schemenge, die Sie haben, und davon, wie schnell die W\u00e4sche trocknen soll, ob Sie Ihre W\u00e4sche im Winter drau\u00dfen trocknen oder lieber drinnen trocknen.<\/p>\n<\/div>\n","protected":false},"excerpt":{"rendered":"<p>Wenn es darum geht, W\u00e4sche zu trocknen, werfen viele von uns sie in den W\u00e4schetrockner und machen Feierabend, besonders im tiefsten Winter, wenn es drau\u00dfen<\/p>\n","protected":false},"author":1,"featured_media":1112,"comment_status":"closed","ping_status":"","sticky":false,"template":"","format":"standard","meta":{"footnotes":""},"categories":[118],"tags":[9,432,2150,781,134,2151,2149,37,524,1157,204,411],"class_list":["post-1111","post","type-post","status-publish","format-standard","has-post-thumbnail","hentry","category-haus-garten","tag-die","tag-draussen","tag-erkunden","tag-kann","tag-man","tag-nachteile","tag-trocknen","tag-und","tag-vor","tag-waesche","tag-winter","tag-wir","generate-columns","tablet-grid-50","mobile-grid-100","grid-parent","grid-50"],"yoast_head":"<!-- This site is optimized with the Yoast SEO plugin v27.3 - https:\/\/yoast.com\/product\/yoast-seo-wordpress\/ -->\n<title>Kann man W\u00e4sche im Winter drau\u00dfen trocknen? Wir erkunden die Vor- und Nachteile - Nachrichten - Stra\u00dfenweb<\/title>\n<meta name=\"robots\" content=\"index, follow, max-snippet:-1, max-image-preview:large, max-video-preview:-1\" \/>\n<link rel=\"canonical\" href=\"https:\/\/www.strassenweb.de\/nachrichten\/kann-man-waesche-im-winter-draussen-trocknen-wir-erkunden-die-vor-und-nachteile\/\" \/>\n<meta property=\"og:locale\" content=\"de_DE\" \/>\n<meta property=\"og:type\" content=\"article\" \/>\n<meta property=\"og:title\" content=\"Kann man W\u00e4sche im Winter drau\u00dfen trocknen? Wir erkunden die Vor- und Nachteile - Nachrichten - Stra\u00dfenweb\" \/>\n<meta property=\"og:description\" content=\"Wenn es darum geht, W\u00e4sche zu trocknen, werfen viele von uns sie in den W\u00e4schetrockner und machen Feierabend, besonders im tiefsten Winter, wenn es drau\u00dfen\" \/>\n<meta property=\"og:url\" content=\"https:\/\/www.strassenweb.de\/nachrichten\/kann-man-waesche-im-winter-draussen-trocknen-wir-erkunden-die-vor-und-nachteile\/\" \/>\n<meta property=\"og:site_name\" content=\"Stra\u00dfenweb\" \/>\n<meta property=\"article:publisher\" content=\"https:\/\/www.facebook.com\/strassenweb\/\" \/>\n<meta property=\"article:published_time\" content=\"2024-10-24T14:46:08+00:00\" \/>\n<meta property=\"article:modified_time\" content=\"2024-10-24T14:46:09+00:00\" \/>\n<meta property=\"og:image\" content=\"https:\/\/www.strassenweb.de\/nachrichten\/wp-content\/uploads\/2024\/10\/Kann-man-Waesche-im-Winter-draussen-trocknen-Wir-erkunden-die.jpg\" \/>\n\t<meta property=\"og:image:width\" content=\"1200\" \/>\n\t<meta property=\"og:image:height\" content=\"675\" \/>\n\t<meta property=\"og:image:type\" content=\"image\/jpeg\" \/>\n<meta name=\"author\" content=\"Robert Hoffmann\" \/>\n<meta name=\"twitter:card\" content=\"summary_large_image\" \/>\n<meta name=\"twitter:label1\" content=\"Verfasst von\" \/>\n\t<meta name=\"twitter:data1\" content=\"Robert Hoffmann\" \/>\n\t<meta name=\"twitter:label2\" content=\"Gesch\u00e4tzte Lesezeit\" \/>\n\t<meta name=\"twitter:data2\" content=\"6\u00a0Minuten\" \/>\n<script type=\"application\/ld+json\" class=\"yoast-schema-graph\">{\"@context\":\"https:\\\/\\\/schema.org\",\"@graph\":[{\"@type\":\"Article\",\"@id\":\"https:\\\/\\\/www.strassenweb.de\\\/nachrichten\\\/kann-man-waesche-im-winter-draussen-trocknen-wir-erkunden-die-vor-und-nachteile\\\/#article\",\"isPartOf\":{\"@id\":\"https:\\\/\\\/www.strassenweb.de\\\/nachrichten\\\/kann-man-waesche-im-winter-draussen-trocknen-wir-erkunden-die-vor-und-nachteile\\\/\"},\"author\":{\"name\":\"Robert Hoffmann\",\"@id\":\"https:\\\/\\\/www.strassenweb.de\\\/nachrichten\\\/#\\\/schema\\\/person\\\/87c9c9067f1211da429a744dc5a5aa41\"},\"headline\":\"Kann man W\u00e4sche im Winter drau\u00dfen trocknen? Wir erkunden die Vor- und Nachteile\",\"datePublished\":\"2024-10-24T14:46:08+00:00\",\"dateModified\":\"2024-10-24T14:46:09+00:00\",\"mainEntityOfPage\":{\"@id\":\"https:\\\/\\\/www.strassenweb.de\\\/nachrichten\\\/kann-man-waesche-im-winter-draussen-trocknen-wir-erkunden-die-vor-und-nachteile\\\/\"},\"wordCount\":1121,\"publisher\":{\"@id\":\"https:\\\/\\\/www.strassenweb.de\\\/nachrichten\\\/#organization\"},\"image\":{\"@id\":\"https:\\\/\\\/www.strassenweb.de\\\/nachrichten\\\/kann-man-waesche-im-winter-draussen-trocknen-wir-erkunden-die-vor-und-nachteile\\\/#primaryimage\"},\"thumbnailUrl\":\"https:\\\/\\\/www.strassenweb.de\\\/nachrichten\\\/wp-content\\\/uploads\\\/2024\\\/10\\\/Kann-man-Waesche-im-Winter-draussen-trocknen-Wir-erkunden-die.jpg\",\"keywords\":[\"die\",\"drau\u00dfen\",\"erkunden\",\"kann\",\"man\",\"Nachteile\",\"trocknen\",\"und\",\"vor\",\"W\u00e4sche\",\"Winter\",\"wir\"],\"articleSection\":[\"Haus &amp; Garten\"],\"inLanguage\":\"de\"},{\"@type\":\"WebPage\",\"@id\":\"https:\\\/\\\/www.strassenweb.de\\\/nachrichten\\\/kann-man-waesche-im-winter-draussen-trocknen-wir-erkunden-die-vor-und-nachteile\\\/\",\"url\":\"https:\\\/\\\/www.strassenweb.de\\\/nachrichten\\\/kann-man-waesche-im-winter-draussen-trocknen-wir-erkunden-die-vor-und-nachteile\\\/\",\"name\":\"Kann man W\u00e4sche im Winter drau\u00dfen trocknen? Wir erkunden die Vor- und Nachteile - Nachrichten - Stra\u00dfenweb\",\"isPartOf\":{\"@id\":\"https:\\\/\\\/www.strassenweb.de\\\/nachrichten\\\/#website\"},\"primaryImageOfPage\":{\"@id\":\"https:\\\/\\\/www.strassenweb.de\\\/nachrichten\\\/kann-man-waesche-im-winter-draussen-trocknen-wir-erkunden-die-vor-und-nachteile\\\/#primaryimage\"},\"image\":{\"@id\":\"https:\\\/\\\/www.strassenweb.de\\\/nachrichten\\\/kann-man-waesche-im-winter-draussen-trocknen-wir-erkunden-die-vor-und-nachteile\\\/#primaryimage\"},\"thumbnailUrl\":\"https:\\\/\\\/www.strassenweb.de\\\/nachrichten\\\/wp-content\\\/uploads\\\/2024\\\/10\\\/Kann-man-Waesche-im-Winter-draussen-trocknen-Wir-erkunden-die.jpg\",\"datePublished\":\"2024-10-24T14:46:08+00:00\",\"dateModified\":\"2024-10-24T14:46:09+00:00\",\"breadcrumb\":{\"@id\":\"https:\\\/\\\/www.strassenweb.de\\\/nachrichten\\\/kann-man-waesche-im-winter-draussen-trocknen-wir-erkunden-die-vor-und-nachteile\\\/#breadcrumb\"},\"inLanguage\":\"de\",\"potentialAction\":[{\"@type\":\"ReadAction\",\"target\":[\"https:\\\/\\\/www.strassenweb.de\\\/nachrichten\\\/kann-man-waesche-im-winter-draussen-trocknen-wir-erkunden-die-vor-und-nachteile\\\/\"]}]},{\"@type\":\"ImageObject\",\"inLanguage\":\"de\",\"@id\":\"https:\\\/\\\/www.strassenweb.de\\\/nachrichten\\\/kann-man-waesche-im-winter-draussen-trocknen-wir-erkunden-die-vor-und-nachteile\\\/#primaryimage\",\"url\":\"https:\\\/\\\/www.strassenweb.de\\\/nachrichten\\\/wp-content\\\/uploads\\\/2024\\\/10\\\/Kann-man-Waesche-im-Winter-draussen-trocknen-Wir-erkunden-die.jpg\",\"contentUrl\":\"https:\\\/\\\/www.strassenweb.de\\\/nachrichten\\\/wp-content\\\/uploads\\\/2024\\\/10\\\/Kann-man-Waesche-im-Winter-draussen-trocknen-Wir-erkunden-die.jpg\",\"width\":1200,\"height\":675,\"caption\":\"Kann man W\u00e4sche im Winter drau\u00dfen trocknen? Wir erkunden die Vor- und Nachteile\"},{\"@type\":\"BreadcrumbList\",\"@id\":\"https:\\\/\\\/www.strassenweb.de\\\/nachrichten\\\/kann-man-waesche-im-winter-draussen-trocknen-wir-erkunden-die-vor-und-nachteile\\\/#breadcrumb\",\"itemListElement\":[{\"@type\":\"ListItem\",\"position\":1,\"name\":\"Home\",\"item\":\"https:\\\/\\\/www.strassenweb.de\\\/nachrichten\\\/\"},{\"@type\":\"ListItem\",\"position\":2,\"name\":\"Kann man W\u00e4sche im Winter drau\u00dfen trocknen? Wir erkunden die Vor- und Nachteile\"}]},{\"@type\":\"WebSite\",\"@id\":\"https:\\\/\\\/www.strassenweb.de\\\/nachrichten\\\/#website\",\"url\":\"https:\\\/\\\/www.strassenweb.de\\\/nachrichten\\\/\",\"name\":\"Stra\u00dfenweb\",\"description\":\"Stra\u00dfenverzeichnis f\u00fcr Deutschland\",\"publisher\":{\"@id\":\"https:\\\/\\\/www.strassenweb.de\\\/nachrichten\\\/#organization\"},\"potentialAction\":[{\"@type\":\"SearchAction\",\"target\":{\"@type\":\"EntryPoint\",\"urlTemplate\":\"https:\\\/\\\/www.strassenweb.de\\\/nachrichten\\\/?s={search_term_string}\"},\"query-input\":{\"@type\":\"PropertyValueSpecification\",\"valueRequired\":true,\"valueName\":\"search_term_string\"}}],\"inLanguage\":\"de\"},{\"@type\":\"Organization\",\"@id\":\"https:\\\/\\\/www.strassenweb.de\\\/nachrichten\\\/#organization\",\"name\":\"Stra\u00dfenweb\",\"url\":\"https:\\\/\\\/www.strassenweb.de\\\/nachrichten\\\/\",\"logo\":{\"@type\":\"ImageObject\",\"inLanguage\":\"de\",\"@id\":\"https:\\\/\\\/www.strassenweb.de\\\/nachrichten\\\/#\\\/schema\\\/logo\\\/image\\\/\",\"url\":\"https:\\\/\\\/www.strassenweb.de\\\/nachrichten\\\/wp-content\\\/uploads\\\/2024\\\/09\\\/cropped-favicon.png\",\"contentUrl\":\"https:\\\/\\\/www.strassenweb.de\\\/nachrichten\\\/wp-content\\\/uploads\\\/2024\\\/09\\\/cropped-favicon.png\",\"width\":512,\"height\":512,\"caption\":\"Stra\u00dfenweb\"},\"image\":{\"@id\":\"https:\\\/\\\/www.strassenweb.de\\\/nachrichten\\\/#\\\/schema\\\/logo\\\/image\\\/\"},\"sameAs\":[\"https:\\\/\\\/www.facebook.com\\\/strassenweb\\\/\"]},{\"@type\":\"Person\",\"@id\":\"https:\\\/\\\/www.strassenweb.de\\\/nachrichten\\\/#\\\/schema\\\/person\\\/87c9c9067f1211da429a744dc5a5aa41\",\"name\":\"Robert Hoffmann\",\"image\":{\"@type\":\"ImageObject\",\"inLanguage\":\"de\",\"@id\":\"https:\\\/\\\/www.strassenweb.de\\\/nachrichten\\\/wp-content\\\/uploads\\\/2024\\\/09\\\/strassenweb-150x150.jpg\",\"url\":\"https:\\\/\\\/www.strassenweb.de\\\/nachrichten\\\/wp-content\\\/uploads\\\/2024\\\/09\\\/strassenweb-150x150.jpg\",\"contentUrl\":\"https:\\\/\\\/www.strassenweb.de\\\/nachrichten\\\/wp-content\\\/uploads\\\/2024\\\/09\\\/strassenweb-150x150.jpg\",\"caption\":\"Robert Hoffmann\"},\"description\":\"Ich hei\u00dfe Robert Hoffmann und ich bin ein leidenschaftlicher Verfechter von \u00d6kologie und Biodiversit\u00e4t. Seit meiner Kindheit in den W\u00e4ldern Bayerns f\u00fchle ich mich mit der Natur verbunden und bin entschlossen, sie zu sch\u00fctzen. Heute widme ich mein Leben der Sensibilisierung anderer f\u00fcr die Bedeutung des Umweltschutzes f\u00fcr zuk\u00fcnftige Generationen.\",\"sameAs\":[\"https:\\\/\\\/www.strassenweb.de\\\/\"]}]}<\/script>\n<!-- \/ Yoast SEO plugin. -->","yoast_head_json":{"title":"Kann man W\u00e4sche im Winter drau\u00dfen trocknen? Wir erkunden die Vor- und Nachteile - Nachrichten - Stra\u00dfenweb","robots":{"index":"index","follow":"follow","max-snippet":"max-snippet:-1","max-image-preview":"max-image-preview:large","max-video-preview":"max-video-preview:-1"},"canonical":"https:\/\/www.strassenweb.de\/nachrichten\/kann-man-waesche-im-winter-draussen-trocknen-wir-erkunden-die-vor-und-nachteile\/","og_locale":"de_DE","og_type":"article","og_title":"Kann man W\u00e4sche im Winter drau\u00dfen trocknen? Wir erkunden die Vor- und Nachteile - Nachrichten - Stra\u00dfenweb","og_description":"Wenn es darum geht, W\u00e4sche zu trocknen, werfen viele von uns sie in den W\u00e4schetrockner und machen Feierabend, besonders im tiefsten Winter, wenn es drau\u00dfen","og_url":"https:\/\/www.strassenweb.de\/nachrichten\/kann-man-waesche-im-winter-draussen-trocknen-wir-erkunden-die-vor-und-nachteile\/","og_site_name":"Stra\u00dfenweb","article_publisher":"https:\/\/www.facebook.com\/strassenweb\/","article_published_time":"2024-10-24T14:46:08+00:00","article_modified_time":"2024-10-24T14:46:09+00:00","og_image":[{"width":1200,"height":675,"url":"https:\/\/www.strassenweb.de\/nachrichten\/wp-content\/uploads\/2024\/10\/Kann-man-Waesche-im-Winter-draussen-trocknen-Wir-erkunden-die.jpg","type":"image\/jpeg"}],"author":"Robert Hoffmann","twitter_card":"summary_large_image","twitter_misc":{"Verfasst von":"Robert Hoffmann","Gesch\u00e4tzte Lesezeit":"6\u00a0Minuten"},"schema":{"@context":"https:\/\/schema.org","@graph":[{"@type":"Article","@id":"https:\/\/www.strassenweb.de\/nachrichten\/kann-man-waesche-im-winter-draussen-trocknen-wir-erkunden-die-vor-und-nachteile\/#article","isPartOf":{"@id":"https:\/\/www.strassenweb.de\/nachrichten\/kann-man-waesche-im-winter-draussen-trocknen-wir-erkunden-die-vor-und-nachteile\/"},"author":{"name":"Robert Hoffmann","@id":"https:\/\/www.strassenweb.de\/nachrichten\/#\/schema\/person\/87c9c9067f1211da429a744dc5a5aa41"},"headline":"Kann man W\u00e4sche im Winter drau\u00dfen trocknen? Wir erkunden die Vor- und Nachteile","datePublished":"2024-10-24T14:46:08+00:00","dateModified":"2024-10-24T14:46:09+00:00","mainEntityOfPage":{"@id":"https:\/\/www.strassenweb.de\/nachrichten\/kann-man-waesche-im-winter-draussen-trocknen-wir-erkunden-die-vor-und-nachteile\/"},"wordCount":1121,"publisher":{"@id":"https:\/\/www.strassenweb.de\/nachrichten\/#organization"},"image":{"@id":"https:\/\/www.strassenweb.de\/nachrichten\/kann-man-waesche-im-winter-draussen-trocknen-wir-erkunden-die-vor-und-nachteile\/#primaryimage"},"thumbnailUrl":"https:\/\/www.strassenweb.de\/nachrichten\/wp-content\/uploads\/2024\/10\/Kann-man-Waesche-im-Winter-draussen-trocknen-Wir-erkunden-die.jpg","keywords":["die","drau\u00dfen","erkunden","kann","man","Nachteile","trocknen","und","vor","W\u00e4sche","Winter","wir"],"articleSection":["Haus &amp; Garten"],"inLanguage":"de"},{"@type":"WebPage","@id":"https:\/\/www.strassenweb.de\/nachrichten\/kann-man-waesche-im-winter-draussen-trocknen-wir-erkunden-die-vor-und-nachteile\/","url":"https:\/\/www.strassenweb.de\/nachrichten\/kann-man-waesche-im-winter-draussen-trocknen-wir-erkunden-die-vor-und-nachteile\/","name":"Kann man W\u00e4sche im Winter drau\u00dfen trocknen? Wir erkunden die Vor- und Nachteile - Nachrichten - Stra\u00dfenweb","isPartOf":{"@id":"https:\/\/www.strassenweb.de\/nachrichten\/#website"},"primaryImageOfPage":{"@id":"https:\/\/www.strassenweb.de\/nachrichten\/kann-man-waesche-im-winter-draussen-trocknen-wir-erkunden-die-vor-und-nachteile\/#primaryimage"},"image":{"@id":"https:\/\/www.strassenweb.de\/nachrichten\/kann-man-waesche-im-winter-draussen-trocknen-wir-erkunden-die-vor-und-nachteile\/#primaryimage"},"thumbnailUrl":"https:\/\/www.strassenweb.de\/nachrichten\/wp-content\/uploads\/2024\/10\/Kann-man-Waesche-im-Winter-draussen-trocknen-Wir-erkunden-die.jpg","datePublished":"2024-10-24T14:46:08+00:00","dateModified":"2024-10-24T14:46:09+00:00","breadcrumb":{"@id":"https:\/\/www.strassenweb.de\/nachrichten\/kann-man-waesche-im-winter-draussen-trocknen-wir-erkunden-die-vor-und-nachteile\/#breadcrumb"},"inLanguage":"de","potentialAction":[{"@type":"ReadAction","target":["https:\/\/www.strassenweb.de\/nachrichten\/kann-man-waesche-im-winter-draussen-trocknen-wir-erkunden-die-vor-und-nachteile\/"]}]},{"@type":"ImageObject","inLanguage":"de","@id":"https:\/\/www.strassenweb.de\/nachrichten\/kann-man-waesche-im-winter-draussen-trocknen-wir-erkunden-die-vor-und-nachteile\/#primaryimage","url":"https:\/\/www.strassenweb.de\/nachrichten\/wp-content\/uploads\/2024\/10\/Kann-man-Waesche-im-Winter-draussen-trocknen-Wir-erkunden-die.jpg","contentUrl":"https:\/\/www.strassenweb.de\/nachrichten\/wp-content\/uploads\/2024\/10\/Kann-man-Waesche-im-Winter-draussen-trocknen-Wir-erkunden-die.jpg","width":1200,"height":675,"caption":"Kann man W\u00e4sche im Winter drau\u00dfen trocknen? Wir erkunden die Vor- und Nachteile"},{"@type":"BreadcrumbList","@id":"https:\/\/www.strassenweb.de\/nachrichten\/kann-man-waesche-im-winter-draussen-trocknen-wir-erkunden-die-vor-und-nachteile\/#breadcrumb","itemListElement":[{"@type":"ListItem","position":1,"name":"Home","item":"https:\/\/www.strassenweb.de\/nachrichten\/"},{"@type":"ListItem","position":2,"name":"Kann man W\u00e4sche im Winter drau\u00dfen trocknen? Wir erkunden die Vor- und Nachteile"}]},{"@type":"WebSite","@id":"https:\/\/www.strassenweb.de\/nachrichten\/#website","url":"https:\/\/www.strassenweb.de\/nachrichten\/","name":"Stra\u00dfenweb","description":"Stra\u00dfenverzeichnis f\u00fcr Deutschland","publisher":{"@id":"https:\/\/www.strassenweb.de\/nachrichten\/#organization"},"potentialAction":[{"@type":"SearchAction","target":{"@type":"EntryPoint","urlTemplate":"https:\/\/www.strassenweb.de\/nachrichten\/?s={search_term_string}"},"query-input":{"@type":"PropertyValueSpecification","valueRequired":true,"valueName":"search_term_string"}}],"inLanguage":"de"},{"@type":"Organization","@id":"https:\/\/www.strassenweb.de\/nachrichten\/#organization","name":"Stra\u00dfenweb","url":"https:\/\/www.strassenweb.de\/nachrichten\/","logo":{"@type":"ImageObject","inLanguage":"de","@id":"https:\/\/www.strassenweb.de\/nachrichten\/#\/schema\/logo\/image\/","url":"https:\/\/www.strassenweb.de\/nachrichten\/wp-content\/uploads\/2024\/09\/cropped-favicon.png","contentUrl":"https:\/\/www.strassenweb.de\/nachrichten\/wp-content\/uploads\/2024\/09\/cropped-favicon.png","width":512,"height":512,"caption":"Stra\u00dfenweb"},"image":{"@id":"https:\/\/www.strassenweb.de\/nachrichten\/#\/schema\/logo\/image\/"},"sameAs":["https:\/\/www.facebook.com\/strassenweb\/"]},{"@type":"Person","@id":"https:\/\/www.strassenweb.de\/nachrichten\/#\/schema\/person\/87c9c9067f1211da429a744dc5a5aa41","name":"Robert Hoffmann","image":{"@type":"ImageObject","inLanguage":"de","@id":"https:\/\/www.strassenweb.de\/nachrichten\/wp-content\/uploads\/2024\/09\/strassenweb-150x150.jpg","url":"https:\/\/www.strassenweb.de\/nachrichten\/wp-content\/uploads\/2024\/09\/strassenweb-150x150.jpg","contentUrl":"https:\/\/www.strassenweb.de\/nachrichten\/wp-content\/uploads\/2024\/09\/strassenweb-150x150.jpg","caption":"Robert Hoffmann"},"description":"Ich hei\u00dfe Robert Hoffmann und ich bin ein leidenschaftlicher Verfechter von \u00d6kologie und Biodiversit\u00e4t. Seit meiner Kindheit in den W\u00e4ldern Bayerns f\u00fchle ich mich mit der Natur verbunden und bin entschlossen, sie zu sch\u00fctzen. Heute widme ich mein Leben der Sensibilisierung anderer f\u00fcr die Bedeutung des Umweltschutzes f\u00fcr zuk\u00fcnftige Generationen.","sameAs":["https:\/\/www.strassenweb.de\/"]}]}},"_links":{"self":[{"href":"https:\/\/www.strassenweb.de\/nachrichten\/wp-json\/wp\/v2\/posts\/1111","targetHints":{"allow":["GET"]}}],"collection":[{"href":"https:\/\/www.strassenweb.de\/nachrichten\/wp-json\/wp\/v2\/posts"}],"about":[{"href":"https:\/\/www.strassenweb.de\/nachrichten\/wp-json\/wp\/v2\/types\/post"}],"author":[{"embeddable":true,"href":"https:\/\/www.strassenweb.de\/nachrichten\/wp-json\/wp\/v2\/users\/1"}],"replies":[{"embeddable":true,"href":"https:\/\/www.strassenweb.de\/nachrichten\/wp-json\/wp\/v2\/comments?post=1111"}],"version-history":[{"count":0,"href":"https:\/\/www.strassenweb.de\/nachrichten\/wp-json\/wp\/v2\/posts\/1111\/revisions"}],"wp:featuredmedia":[{"embeddable":true,"href":"https:\/\/www.strassenweb.de\/nachrichten\/wp-json\/wp\/v2\/media\/1112"}],"wp:attachment":[{"href":"https:\/\/www.strassenweb.de\/nachrichten\/wp-json\/wp\/v2\/media?parent=1111"}],"wp:term":[{"taxonomy":"category","embeddable":true,"href":"https:\/\/www.strassenweb.de\/nachrichten\/wp-json\/wp\/v2\/categories?post=1111"},{"taxonomy":"post_tag","embeddable":true,"href":"https:\/\/www.strassenweb.de\/nachrichten\/wp-json\/wp\/v2\/tags?post=1111"}],"curies":[{"name":"wp","href":"https:\/\/api.w.org\/{rel}","templated":true}]}}