{"id":1096,"date":"2024-10-24T00:49:16","date_gmt":"2024-10-23T22:49:16","guid":{"rendered":"https:\/\/www.strassenweb.de\/nachrichten\/die-dritte-ruggable-kollektion-von-iris-apfel-ist-da-und-es-ist-ihre-bisher-skurrilste-und-farbenfrohste\/"},"modified":"2024-10-24T00:49:17","modified_gmt":"2024-10-23T22:49:17","slug":"die-dritte-ruggable-kollektion-von-iris-apfel-ist-da-und-es-ist-ihre-bisher-skurrilste-und-farbenfrohste","status":"publish","type":"post","link":"https:\/\/www.strassenweb.de\/nachrichten\/die-dritte-ruggable-kollektion-von-iris-apfel-ist-da-und-es-ist-ihre-bisher-skurrilste-und-farbenfrohste\/","title":{"rendered":"Die dritte Ruggable-Kollektion von Iris Apfel ist da und es ist ihre bisher skurrilste und farbenfrohste"},"content":{"rendered":"<p><\/p>\n<div id=\"article-body\" class=\"article__body \">\n<p>Wenn Sie an Iris Apfel denken, f\u00e4llt Ihnen wahrscheinlich ein Element ein: Farbe. Die renommierte Mode-\/Innenarchitektin und Gesch\u00e4ftsfrau, die Anfang des Jahres verstorben ist, hinterl\u00e4sst eine lebendige Spur an Designs, von denen einige posthum weiterhin ver\u00f6ffentlicht werden.<\/p>\n<div id=\"ad-unit-1\" class=\"ad-unit\"><\/div>\n<p>Nach der Zusammenarbeit mit Ruggable f\u00fcr zwei fr\u00fchere Kollektionen ist Apfels dritte Reihe heute erh\u00e4ltlich und vielleicht die skurrilste, die es je gab.<\/p>\n<aside class=\"hawk-nest\" data-block-type=\"embed\" data-render-type=\"fte\" data-skip=\"dealsy\" data-widget-type=\"seasonal\">\n<div class=\"hawk-master-widget-hawk-base-wrapper\"><\/div>\n<\/aside>\n<p>Die Marke (die unserer Meinung nach einer der besten Orte zum Kauf von Teppichen ist) k\u00fcndigte die neue Kollektion bereits im August an, mit zwei mehrfarbigen Designs, die in limitierter Auflage auf den Markt kamen. Jetzt sind die Teppiche (der Ambroeus Royal Plum Rug bzw. der Protea Forest Green Rug) zur\u00fcckgekehrt und umfassen nur einige der 11 neuen Designs.<\/p>\n<div id=\"desktop-in-article\" class=\"in-article ad-unit\">\n<div id=\"desktop-taboola-mid-article\"><\/div>\n<\/div>\n<div id=\"mobile-in-article\" class=\"in-article ad-unit\">\n<div id=\"mobile-taboola-mid-article\"><\/div>\n<\/div>\n<p>Nat\u00fcrlich zieht sich der Maximalismus durch die verschiedenen Designs, die Tierillustrationen und komplizierte Blumenmuster aufweisen (ganz zu schweigen von den herrlichen Farben \u2013 goldene Ocker, Mitternachtsblau und W\u00fcstengr\u00fcn bilden die Palette). Die Designs sind von Apfels Affinit\u00e4t zu Textilien und ihrer umfangreichen Sammlung an antiken Schmuckst\u00fccken inspiriert.<\/p>\n<div class=\"van_vid_carousel\">\n<div class=\"van_vid_carousel__padding\">\n<div class=\"van_vid_carousel__container\"><\/div>\n<\/div>\n<\/div>\n<p>Da Dopamin-Dekor weiterhin die Designtrends durchdringt, ist die Kollektion eine willkommene Erg\u00e4nzung f\u00fcr jedes Zuhause, das einen kleinen Muntermacher braucht.<\/p>\n<div id=\"ad-unit-2\" class=\"ad-unit\"><\/div>\n<p>Wie alle ihre Teppiche sind auch alle Teppiche der Iris Apfel 3.0-Kollektion maschinenwaschbar, was die Fleckenentfernung erheblich erleichtert. Sie sind au\u00dferdem in einer gro\u00dfen Auswahl an Gr\u00f6\u00dfen erh\u00e4ltlich, von K\u00fcchenl\u00e4ufern bis hin zu gro\u00dfen Schlafzimmerteppichen.<\/p>\n<p>Insbesondere die Fu\u00dfmatten sind eine willkommene Erg\u00e4nzung und verleihen der Vorderseite des Hauses Apfels charakteristischen Sinn f\u00fcr Spiel, Humor und Eigenart. Sie sind die perfekte M\u00f6glichkeit, einen ersten Eindruck zu hinterlassen, der einer Design-Ikone w\u00fcrdig ist.<\/p>\n<div id=\"slice-container-newsletterForm-articleInbodyContent-r82Dg4uJRALNMtYWUJmsrL\" class=\"slice-container newsletter-inbodyContent-slice newsletterForm-articleInbodyContent-r82Dg4uJRALNMtYWUJmsrL slice-container-newsletterForm\"><\/div>\n<p>Die Preise f\u00fcr die Teppiche beginnen bei 129 $. Kaufen Sie unten unsere Auswahl und st\u00f6bern Sie hier in der gesamten Kollektion.<\/p>\n<div class=\"product-container hero-product-container product-block-no-wrap\"><\/div>\n<hr>\n<\/div>\n","protected":false},"excerpt":{"rendered":"<p>Wenn Sie an Iris Apfel denken, f\u00e4llt Ihnen wahrscheinlich ein Element ein: Farbe. Die renommierte Mode-\/Innenarchitektin und Gesch\u00e4ftsfrau, die Anfang des Jahres verstorben ist, hinterl\u00e4sst<\/p>\n","protected":false},"author":1,"featured_media":1097,"comment_status":"closed","ping_status":"","sticky":false,"template":"","format":"standard","meta":{"footnotes":""},"categories":[118],"tags":[2123,2124,9,2120,2126,225,2122,15,2121,2125,37,21],"class_list":["post-1096","post","type-post","status-publish","format-standard","has-post-thumbnail","hentry","category-haus-garten","tag-apfel","tag-bisher","tag-die","tag-dritte","tag-farbenfrohste","tag-ihre","tag-iris","tag-ist","tag-ruggablekollektion","tag-skurrilste","tag-und","tag-von","generate-columns","tablet-grid-50","mobile-grid-100","grid-parent","grid-50"],"yoast_head":"<!-- This site is optimized with the Yoast SEO plugin v27.3 - https:\/\/yoast.com\/product\/yoast-seo-wordpress\/ -->\n<title>Die dritte Ruggable-Kollektion von Iris Apfel ist da und es ist ihre bisher skurrilste und farbenfrohste - Nachrichten - Stra\u00dfenweb<\/title>\n<meta name=\"robots\" content=\"index, follow, max-snippet:-1, max-image-preview:large, max-video-preview:-1\" \/>\n<link rel=\"canonical\" href=\"https:\/\/www.strassenweb.de\/nachrichten\/die-dritte-ruggable-kollektion-von-iris-apfel-ist-da-und-es-ist-ihre-bisher-skurrilste-und-farbenfrohste\/\" \/>\n<meta property=\"og:locale\" content=\"de_DE\" \/>\n<meta property=\"og:type\" content=\"article\" \/>\n<meta property=\"og:title\" content=\"Die dritte Ruggable-Kollektion von Iris Apfel ist da und es ist ihre bisher skurrilste und farbenfrohste - Nachrichten - Stra\u00dfenweb\" \/>\n<meta property=\"og:description\" content=\"Wenn Sie an Iris Apfel denken, f\u00e4llt Ihnen wahrscheinlich ein Element ein: Farbe. Die renommierte Mode-\/Innenarchitektin und Gesch\u00e4ftsfrau, die Anfang des Jahres verstorben ist, hinterl\u00e4sst\" \/>\n<meta property=\"og:url\" content=\"https:\/\/www.strassenweb.de\/nachrichten\/die-dritte-ruggable-kollektion-von-iris-apfel-ist-da-und-es-ist-ihre-bisher-skurrilste-und-farbenfrohste\/\" \/>\n<meta property=\"og:site_name\" content=\"Stra\u00dfenweb\" \/>\n<meta property=\"article:publisher\" content=\"https:\/\/www.facebook.com\/strassenweb\/\" \/>\n<meta property=\"article:published_time\" content=\"2024-10-23T22:49:16+00:00\" \/>\n<meta property=\"article:modified_time\" content=\"2024-10-23T22:49:17+00:00\" \/>\n<meta property=\"og:image\" content=\"https:\/\/www.strassenweb.de\/nachrichten\/wp-content\/uploads\/2024\/10\/Die-dritte-Ruggable-Kollektion-von-Iris-Apfel-ist-da-und-es.jpg\" \/>\n\t<meta property=\"og:image:width\" content=\"1200\" \/>\n\t<meta property=\"og:image:height\" content=\"675\" \/>\n\t<meta property=\"og:image:type\" content=\"image\/jpeg\" \/>\n<meta name=\"author\" content=\"Robert Hoffmann\" \/>\n<meta name=\"twitter:card\" content=\"summary_large_image\" \/>\n<meta name=\"twitter:label1\" content=\"Verfasst von\" \/>\n\t<meta name=\"twitter:data1\" content=\"Robert Hoffmann\" \/>\n\t<meta name=\"twitter:label2\" content=\"Gesch\u00e4tzte Lesezeit\" \/>\n\t<meta name=\"twitter:data2\" content=\"2\u00a0Minuten\" \/>\n<script type=\"application\/ld+json\" class=\"yoast-schema-graph\">{\"@context\":\"https:\\\/\\\/schema.org\",\"@graph\":[{\"@type\":\"Article\",\"@id\":\"https:\\\/\\\/www.strassenweb.de\\\/nachrichten\\\/die-dritte-ruggable-kollektion-von-iris-apfel-ist-da-und-es-ist-ihre-bisher-skurrilste-und-farbenfrohste\\\/#article\",\"isPartOf\":{\"@id\":\"https:\\\/\\\/www.strassenweb.de\\\/nachrichten\\\/die-dritte-ruggable-kollektion-von-iris-apfel-ist-da-und-es-ist-ihre-bisher-skurrilste-und-farbenfrohste\\\/\"},\"author\":{\"name\":\"Robert Hoffmann\",\"@id\":\"https:\\\/\\\/www.strassenweb.de\\\/nachrichten\\\/#\\\/schema\\\/person\\\/87c9c9067f1211da429a744dc5a5aa41\"},\"headline\":\"Die dritte Ruggable-Kollektion von Iris Apfel ist da und es ist ihre bisher skurrilste und farbenfrohste\",\"datePublished\":\"2024-10-23T22:49:16+00:00\",\"dateModified\":\"2024-10-23T22:49:17+00:00\",\"mainEntityOfPage\":{\"@id\":\"https:\\\/\\\/www.strassenweb.de\\\/nachrichten\\\/die-dritte-ruggable-kollektion-von-iris-apfel-ist-da-und-es-ist-ihre-bisher-skurrilste-und-farbenfrohste\\\/\"},\"wordCount\":322,\"publisher\":{\"@id\":\"https:\\\/\\\/www.strassenweb.de\\\/nachrichten\\\/#organization\"},\"image\":{\"@id\":\"https:\\\/\\\/www.strassenweb.de\\\/nachrichten\\\/die-dritte-ruggable-kollektion-von-iris-apfel-ist-da-und-es-ist-ihre-bisher-skurrilste-und-farbenfrohste\\\/#primaryimage\"},\"thumbnailUrl\":\"https:\\\/\\\/www.strassenweb.de\\\/nachrichten\\\/wp-content\\\/uploads\\\/2024\\\/10\\\/Die-dritte-Ruggable-Kollektion-von-Iris-Apfel-ist-da-und-es.jpg\",\"keywords\":[\"Apfel\",\"bisher\",\"die\",\"dritte\",\"farbenfrohste\",\"ihre\",\"Iris\",\"ist\",\"RuggableKollektion\",\"skurrilste\",\"und\",\"von\"],\"articleSection\":[\"Haus &amp; Garten\"],\"inLanguage\":\"de\"},{\"@type\":\"WebPage\",\"@id\":\"https:\\\/\\\/www.strassenweb.de\\\/nachrichten\\\/die-dritte-ruggable-kollektion-von-iris-apfel-ist-da-und-es-ist-ihre-bisher-skurrilste-und-farbenfrohste\\\/\",\"url\":\"https:\\\/\\\/www.strassenweb.de\\\/nachrichten\\\/die-dritte-ruggable-kollektion-von-iris-apfel-ist-da-und-es-ist-ihre-bisher-skurrilste-und-farbenfrohste\\\/\",\"name\":\"Die dritte Ruggable-Kollektion von Iris Apfel ist da und es ist ihre bisher skurrilste und farbenfrohste - Nachrichten - Stra\u00dfenweb\",\"isPartOf\":{\"@id\":\"https:\\\/\\\/www.strassenweb.de\\\/nachrichten\\\/#website\"},\"primaryImageOfPage\":{\"@id\":\"https:\\\/\\\/www.strassenweb.de\\\/nachrichten\\\/die-dritte-ruggable-kollektion-von-iris-apfel-ist-da-und-es-ist-ihre-bisher-skurrilste-und-farbenfrohste\\\/#primaryimage\"},\"image\":{\"@id\":\"https:\\\/\\\/www.strassenweb.de\\\/nachrichten\\\/die-dritte-ruggable-kollektion-von-iris-apfel-ist-da-und-es-ist-ihre-bisher-skurrilste-und-farbenfrohste\\\/#primaryimage\"},\"thumbnailUrl\":\"https:\\\/\\\/www.strassenweb.de\\\/nachrichten\\\/wp-content\\\/uploads\\\/2024\\\/10\\\/Die-dritte-Ruggable-Kollektion-von-Iris-Apfel-ist-da-und-es.jpg\",\"datePublished\":\"2024-10-23T22:49:16+00:00\",\"dateModified\":\"2024-10-23T22:49:17+00:00\",\"breadcrumb\":{\"@id\":\"https:\\\/\\\/www.strassenweb.de\\\/nachrichten\\\/die-dritte-ruggable-kollektion-von-iris-apfel-ist-da-und-es-ist-ihre-bisher-skurrilste-und-farbenfrohste\\\/#breadcrumb\"},\"inLanguage\":\"de\",\"potentialAction\":[{\"@type\":\"ReadAction\",\"target\":[\"https:\\\/\\\/www.strassenweb.de\\\/nachrichten\\\/die-dritte-ruggable-kollektion-von-iris-apfel-ist-da-und-es-ist-ihre-bisher-skurrilste-und-farbenfrohste\\\/\"]}]},{\"@type\":\"ImageObject\",\"inLanguage\":\"de\",\"@id\":\"https:\\\/\\\/www.strassenweb.de\\\/nachrichten\\\/die-dritte-ruggable-kollektion-von-iris-apfel-ist-da-und-es-ist-ihre-bisher-skurrilste-und-farbenfrohste\\\/#primaryimage\",\"url\":\"https:\\\/\\\/www.strassenweb.de\\\/nachrichten\\\/wp-content\\\/uploads\\\/2024\\\/10\\\/Die-dritte-Ruggable-Kollektion-von-Iris-Apfel-ist-da-und-es.jpg\",\"contentUrl\":\"https:\\\/\\\/www.strassenweb.de\\\/nachrichten\\\/wp-content\\\/uploads\\\/2024\\\/10\\\/Die-dritte-Ruggable-Kollektion-von-Iris-Apfel-ist-da-und-es.jpg\",\"width\":1200,\"height\":675,\"caption\":\"Die dritte Ruggable-Kollektion von Iris Apfel ist da und es ist ihre bisher skurrilste und farbenfrohste\"},{\"@type\":\"BreadcrumbList\",\"@id\":\"https:\\\/\\\/www.strassenweb.de\\\/nachrichten\\\/die-dritte-ruggable-kollektion-von-iris-apfel-ist-da-und-es-ist-ihre-bisher-skurrilste-und-farbenfrohste\\\/#breadcrumb\",\"itemListElement\":[{\"@type\":\"ListItem\",\"position\":1,\"name\":\"Home\",\"item\":\"https:\\\/\\\/www.strassenweb.de\\\/nachrichten\\\/\"},{\"@type\":\"ListItem\",\"position\":2,\"name\":\"Die dritte Ruggable-Kollektion von Iris Apfel ist da und es ist ihre bisher skurrilste und farbenfrohste\"}]},{\"@type\":\"WebSite\",\"@id\":\"https:\\\/\\\/www.strassenweb.de\\\/nachrichten\\\/#website\",\"url\":\"https:\\\/\\\/www.strassenweb.de\\\/nachrichten\\\/\",\"name\":\"Stra\u00dfenweb\",\"description\":\"Stra\u00dfenverzeichnis f\u00fcr Deutschland\",\"publisher\":{\"@id\":\"https:\\\/\\\/www.strassenweb.de\\\/nachrichten\\\/#organization\"},\"potentialAction\":[{\"@type\":\"SearchAction\",\"target\":{\"@type\":\"EntryPoint\",\"urlTemplate\":\"https:\\\/\\\/www.strassenweb.de\\\/nachrichten\\\/?s={search_term_string}\"},\"query-input\":{\"@type\":\"PropertyValueSpecification\",\"valueRequired\":true,\"valueName\":\"search_term_string\"}}],\"inLanguage\":\"de\"},{\"@type\":\"Organization\",\"@id\":\"https:\\\/\\\/www.strassenweb.de\\\/nachrichten\\\/#organization\",\"name\":\"Stra\u00dfenweb\",\"url\":\"https:\\\/\\\/www.strassenweb.de\\\/nachrichten\\\/\",\"logo\":{\"@type\":\"ImageObject\",\"inLanguage\":\"de\",\"@id\":\"https:\\\/\\\/www.strassenweb.de\\\/nachrichten\\\/#\\\/schema\\\/logo\\\/image\\\/\",\"url\":\"https:\\\/\\\/www.strassenweb.de\\\/nachrichten\\\/wp-content\\\/uploads\\\/2024\\\/09\\\/cropped-favicon.png\",\"contentUrl\":\"https:\\\/\\\/www.strassenweb.de\\\/nachrichten\\\/wp-content\\\/uploads\\\/2024\\\/09\\\/cropped-favicon.png\",\"width\":512,\"height\":512,\"caption\":\"Stra\u00dfenweb\"},\"image\":{\"@id\":\"https:\\\/\\\/www.strassenweb.de\\\/nachrichten\\\/#\\\/schema\\\/logo\\\/image\\\/\"},\"sameAs\":[\"https:\\\/\\\/www.facebook.com\\\/strassenweb\\\/\"]},{\"@type\":\"Person\",\"@id\":\"https:\\\/\\\/www.strassenweb.de\\\/nachrichten\\\/#\\\/schema\\\/person\\\/87c9c9067f1211da429a744dc5a5aa41\",\"name\":\"Robert Hoffmann\",\"image\":{\"@type\":\"ImageObject\",\"inLanguage\":\"de\",\"@id\":\"https:\\\/\\\/www.strassenweb.de\\\/nachrichten\\\/wp-content\\\/uploads\\\/2024\\\/09\\\/strassenweb-150x150.jpg\",\"url\":\"https:\\\/\\\/www.strassenweb.de\\\/nachrichten\\\/wp-content\\\/uploads\\\/2024\\\/09\\\/strassenweb-150x150.jpg\",\"contentUrl\":\"https:\\\/\\\/www.strassenweb.de\\\/nachrichten\\\/wp-content\\\/uploads\\\/2024\\\/09\\\/strassenweb-150x150.jpg\",\"caption\":\"Robert Hoffmann\"},\"description\":\"Ich hei\u00dfe Robert Hoffmann und ich bin ein leidenschaftlicher Verfechter von \u00d6kologie und Biodiversit\u00e4t. Seit meiner Kindheit in den W\u00e4ldern Bayerns f\u00fchle ich mich mit der Natur verbunden und bin entschlossen, sie zu sch\u00fctzen. Heute widme ich mein Leben der Sensibilisierung anderer f\u00fcr die Bedeutung des Umweltschutzes f\u00fcr zuk\u00fcnftige Generationen.\",\"sameAs\":[\"https:\\\/\\\/www.strassenweb.de\\\/\"]}]}<\/script>\n<!-- \/ Yoast SEO plugin. -->","yoast_head_json":{"title":"Die dritte Ruggable-Kollektion von Iris Apfel ist da und es ist ihre bisher skurrilste und farbenfrohste - Nachrichten - Stra\u00dfenweb","robots":{"index":"index","follow":"follow","max-snippet":"max-snippet:-1","max-image-preview":"max-image-preview:large","max-video-preview":"max-video-preview:-1"},"canonical":"https:\/\/www.strassenweb.de\/nachrichten\/die-dritte-ruggable-kollektion-von-iris-apfel-ist-da-und-es-ist-ihre-bisher-skurrilste-und-farbenfrohste\/","og_locale":"de_DE","og_type":"article","og_title":"Die dritte Ruggable-Kollektion von Iris Apfel ist da und es ist ihre bisher skurrilste und farbenfrohste - Nachrichten - Stra\u00dfenweb","og_description":"Wenn Sie an Iris Apfel denken, f\u00e4llt Ihnen wahrscheinlich ein Element ein: Farbe. Die renommierte Mode-\/Innenarchitektin und Gesch\u00e4ftsfrau, die Anfang des Jahres verstorben ist, hinterl\u00e4sst","og_url":"https:\/\/www.strassenweb.de\/nachrichten\/die-dritte-ruggable-kollektion-von-iris-apfel-ist-da-und-es-ist-ihre-bisher-skurrilste-und-farbenfrohste\/","og_site_name":"Stra\u00dfenweb","article_publisher":"https:\/\/www.facebook.com\/strassenweb\/","article_published_time":"2024-10-23T22:49:16+00:00","article_modified_time":"2024-10-23T22:49:17+00:00","og_image":[{"width":1200,"height":675,"url":"https:\/\/www.strassenweb.de\/nachrichten\/wp-content\/uploads\/2024\/10\/Die-dritte-Ruggable-Kollektion-von-Iris-Apfel-ist-da-und-es.jpg","type":"image\/jpeg"}],"author":"Robert Hoffmann","twitter_card":"summary_large_image","twitter_misc":{"Verfasst von":"Robert Hoffmann","Gesch\u00e4tzte Lesezeit":"2\u00a0Minuten"},"schema":{"@context":"https:\/\/schema.org","@graph":[{"@type":"Article","@id":"https:\/\/www.strassenweb.de\/nachrichten\/die-dritte-ruggable-kollektion-von-iris-apfel-ist-da-und-es-ist-ihre-bisher-skurrilste-und-farbenfrohste\/#article","isPartOf":{"@id":"https:\/\/www.strassenweb.de\/nachrichten\/die-dritte-ruggable-kollektion-von-iris-apfel-ist-da-und-es-ist-ihre-bisher-skurrilste-und-farbenfrohste\/"},"author":{"name":"Robert Hoffmann","@id":"https:\/\/www.strassenweb.de\/nachrichten\/#\/schema\/person\/87c9c9067f1211da429a744dc5a5aa41"},"headline":"Die dritte Ruggable-Kollektion von Iris Apfel ist da und es ist ihre bisher skurrilste und farbenfrohste","datePublished":"2024-10-23T22:49:16+00:00","dateModified":"2024-10-23T22:49:17+00:00","mainEntityOfPage":{"@id":"https:\/\/www.strassenweb.de\/nachrichten\/die-dritte-ruggable-kollektion-von-iris-apfel-ist-da-und-es-ist-ihre-bisher-skurrilste-und-farbenfrohste\/"},"wordCount":322,"publisher":{"@id":"https:\/\/www.strassenweb.de\/nachrichten\/#organization"},"image":{"@id":"https:\/\/www.strassenweb.de\/nachrichten\/die-dritte-ruggable-kollektion-von-iris-apfel-ist-da-und-es-ist-ihre-bisher-skurrilste-und-farbenfrohste\/#primaryimage"},"thumbnailUrl":"https:\/\/www.strassenweb.de\/nachrichten\/wp-content\/uploads\/2024\/10\/Die-dritte-Ruggable-Kollektion-von-Iris-Apfel-ist-da-und-es.jpg","keywords":["Apfel","bisher","die","dritte","farbenfrohste","ihre","Iris","ist","RuggableKollektion","skurrilste","und","von"],"articleSection":["Haus &amp; Garten"],"inLanguage":"de"},{"@type":"WebPage","@id":"https:\/\/www.strassenweb.de\/nachrichten\/die-dritte-ruggable-kollektion-von-iris-apfel-ist-da-und-es-ist-ihre-bisher-skurrilste-und-farbenfrohste\/","url":"https:\/\/www.strassenweb.de\/nachrichten\/die-dritte-ruggable-kollektion-von-iris-apfel-ist-da-und-es-ist-ihre-bisher-skurrilste-und-farbenfrohste\/","name":"Die dritte Ruggable-Kollektion von Iris Apfel ist da und es ist ihre bisher skurrilste und farbenfrohste - Nachrichten - Stra\u00dfenweb","isPartOf":{"@id":"https:\/\/www.strassenweb.de\/nachrichten\/#website"},"primaryImageOfPage":{"@id":"https:\/\/www.strassenweb.de\/nachrichten\/die-dritte-ruggable-kollektion-von-iris-apfel-ist-da-und-es-ist-ihre-bisher-skurrilste-und-farbenfrohste\/#primaryimage"},"image":{"@id":"https:\/\/www.strassenweb.de\/nachrichten\/die-dritte-ruggable-kollektion-von-iris-apfel-ist-da-und-es-ist-ihre-bisher-skurrilste-und-farbenfrohste\/#primaryimage"},"thumbnailUrl":"https:\/\/www.strassenweb.de\/nachrichten\/wp-content\/uploads\/2024\/10\/Die-dritte-Ruggable-Kollektion-von-Iris-Apfel-ist-da-und-es.jpg","datePublished":"2024-10-23T22:49:16+00:00","dateModified":"2024-10-23T22:49:17+00:00","breadcrumb":{"@id":"https:\/\/www.strassenweb.de\/nachrichten\/die-dritte-ruggable-kollektion-von-iris-apfel-ist-da-und-es-ist-ihre-bisher-skurrilste-und-farbenfrohste\/#breadcrumb"},"inLanguage":"de","potentialAction":[{"@type":"ReadAction","target":["https:\/\/www.strassenweb.de\/nachrichten\/die-dritte-ruggable-kollektion-von-iris-apfel-ist-da-und-es-ist-ihre-bisher-skurrilste-und-farbenfrohste\/"]}]},{"@type":"ImageObject","inLanguage":"de","@id":"https:\/\/www.strassenweb.de\/nachrichten\/die-dritte-ruggable-kollektion-von-iris-apfel-ist-da-und-es-ist-ihre-bisher-skurrilste-und-farbenfrohste\/#primaryimage","url":"https:\/\/www.strassenweb.de\/nachrichten\/wp-content\/uploads\/2024\/10\/Die-dritte-Ruggable-Kollektion-von-Iris-Apfel-ist-da-und-es.jpg","contentUrl":"https:\/\/www.strassenweb.de\/nachrichten\/wp-content\/uploads\/2024\/10\/Die-dritte-Ruggable-Kollektion-von-Iris-Apfel-ist-da-und-es.jpg","width":1200,"height":675,"caption":"Die dritte Ruggable-Kollektion von Iris Apfel ist da und es ist ihre bisher skurrilste und farbenfrohste"},{"@type":"BreadcrumbList","@id":"https:\/\/www.strassenweb.de\/nachrichten\/die-dritte-ruggable-kollektion-von-iris-apfel-ist-da-und-es-ist-ihre-bisher-skurrilste-und-farbenfrohste\/#breadcrumb","itemListElement":[{"@type":"ListItem","position":1,"name":"Home","item":"https:\/\/www.strassenweb.de\/nachrichten\/"},{"@type":"ListItem","position":2,"name":"Die dritte Ruggable-Kollektion von Iris Apfel ist da und es ist ihre bisher skurrilste und farbenfrohste"}]},{"@type":"WebSite","@id":"https:\/\/www.strassenweb.de\/nachrichten\/#website","url":"https:\/\/www.strassenweb.de\/nachrichten\/","name":"Stra\u00dfenweb","description":"Stra\u00dfenverzeichnis f\u00fcr Deutschland","publisher":{"@id":"https:\/\/www.strassenweb.de\/nachrichten\/#organization"},"potentialAction":[{"@type":"SearchAction","target":{"@type":"EntryPoint","urlTemplate":"https:\/\/www.strassenweb.de\/nachrichten\/?s={search_term_string}"},"query-input":{"@type":"PropertyValueSpecification","valueRequired":true,"valueName":"search_term_string"}}],"inLanguage":"de"},{"@type":"Organization","@id":"https:\/\/www.strassenweb.de\/nachrichten\/#organization","name":"Stra\u00dfenweb","url":"https:\/\/www.strassenweb.de\/nachrichten\/","logo":{"@type":"ImageObject","inLanguage":"de","@id":"https:\/\/www.strassenweb.de\/nachrichten\/#\/schema\/logo\/image\/","url":"https:\/\/www.strassenweb.de\/nachrichten\/wp-content\/uploads\/2024\/09\/cropped-favicon.png","contentUrl":"https:\/\/www.strassenweb.de\/nachrichten\/wp-content\/uploads\/2024\/09\/cropped-favicon.png","width":512,"height":512,"caption":"Stra\u00dfenweb"},"image":{"@id":"https:\/\/www.strassenweb.de\/nachrichten\/#\/schema\/logo\/image\/"},"sameAs":["https:\/\/www.facebook.com\/strassenweb\/"]},{"@type":"Person","@id":"https:\/\/www.strassenweb.de\/nachrichten\/#\/schema\/person\/87c9c9067f1211da429a744dc5a5aa41","name":"Robert Hoffmann","image":{"@type":"ImageObject","inLanguage":"de","@id":"https:\/\/www.strassenweb.de\/nachrichten\/wp-content\/uploads\/2024\/09\/strassenweb-150x150.jpg","url":"https:\/\/www.strassenweb.de\/nachrichten\/wp-content\/uploads\/2024\/09\/strassenweb-150x150.jpg","contentUrl":"https:\/\/www.strassenweb.de\/nachrichten\/wp-content\/uploads\/2024\/09\/strassenweb-150x150.jpg","caption":"Robert Hoffmann"},"description":"Ich hei\u00dfe Robert Hoffmann und ich bin ein leidenschaftlicher Verfechter von \u00d6kologie und Biodiversit\u00e4t. Seit meiner Kindheit in den W\u00e4ldern Bayerns f\u00fchle ich mich mit der Natur verbunden und bin entschlossen, sie zu sch\u00fctzen. Heute widme ich mein Leben der Sensibilisierung anderer f\u00fcr die Bedeutung des Umweltschutzes f\u00fcr zuk\u00fcnftige Generationen.","sameAs":["https:\/\/www.strassenweb.de\/"]}]}},"_links":{"self":[{"href":"https:\/\/www.strassenweb.de\/nachrichten\/wp-json\/wp\/v2\/posts\/1096","targetHints":{"allow":["GET"]}}],"collection":[{"href":"https:\/\/www.strassenweb.de\/nachrichten\/wp-json\/wp\/v2\/posts"}],"about":[{"href":"https:\/\/www.strassenweb.de\/nachrichten\/wp-json\/wp\/v2\/types\/post"}],"author":[{"embeddable":true,"href":"https:\/\/www.strassenweb.de\/nachrichten\/wp-json\/wp\/v2\/users\/1"}],"replies":[{"embeddable":true,"href":"https:\/\/www.strassenweb.de\/nachrichten\/wp-json\/wp\/v2\/comments?post=1096"}],"version-history":[{"count":0,"href":"https:\/\/www.strassenweb.de\/nachrichten\/wp-json\/wp\/v2\/posts\/1096\/revisions"}],"wp:featuredmedia":[{"embeddable":true,"href":"https:\/\/www.strassenweb.de\/nachrichten\/wp-json\/wp\/v2\/media\/1097"}],"wp:attachment":[{"href":"https:\/\/www.strassenweb.de\/nachrichten\/wp-json\/wp\/v2\/media?parent=1096"}],"wp:term":[{"taxonomy":"category","embeddable":true,"href":"https:\/\/www.strassenweb.de\/nachrichten\/wp-json\/wp\/v2\/categories?post=1096"},{"taxonomy":"post_tag","embeddable":true,"href":"https:\/\/www.strassenweb.de\/nachrichten\/wp-json\/wp\/v2\/tags?post=1096"}],"curies":[{"name":"wp","href":"https:\/\/api.w.org\/{rel}","templated":true}]}}