{"id":1046,"date":"2024-10-22T08:01:47","date_gmt":"2024-10-22T06:01:47","guid":{"rendered":"https:\/\/www.strassenweb.de\/nachrichten\/so-schneiden-sie-coleus-fuer-den-winter-zurueck-zum-wohle-der-pflanzen-die-drinnen-und-draussen-wachsen\/"},"modified":"2024-10-22T08:01:48","modified_gmt":"2024-10-22T06:01:48","slug":"so-schneiden-sie-coleus-fuer-den-winter-zurueck-zum-wohle-der-pflanzen-die-drinnen-und-draussen-wachsen","status":"publish","type":"post","link":"https:\/\/www.strassenweb.de\/nachrichten\/so-schneiden-sie-coleus-fuer-den-winter-zurueck-zum-wohle-der-pflanzen-die-drinnen-und-draussen-wachsen\/","title":{"rendered":"So schneiden Sie Coleus f\u00fcr den Winter zur\u00fcck \u2013 zum Wohle der Pflanzen, die drinnen und drau\u00dfen wachsen"},"content":{"rendered":"<p><\/p>\n<div id=\"article-body\" class=\"article__body \">\n<p>Coleus sind beliebte Pflanzen, die im Sommer jedem Raum atemberaubende Farbtupfer verleihen. Die Bl\u00e4tter werden wegen ihres leuchtenden Laubs in einem Regenbogen von Schattierungen geliebt und k\u00f6nnen mehrfarbig sein und ausgepr\u00e4gte Muster oder gezackte Kanten aufweisen. Die einfach zu z\u00fcchtenden und vielseitigen Pflanzen verleihen jedem Au\u00dfen- und Innenbereich ein tropisches Gef\u00fchl.<\/p>\n<div id=\"ad-unit-1\" class=\"ad-unit\"><\/div>\n<p>Coleus wird oft als einj\u00e4hrige Pflanze angebaut und kann in w\u00e4rmeren Klimazonen auch zu mehrj\u00e4hrigen Pflanzen werden. Coleus profitiert von einem R\u00fcckschnitt, wenn sie \u00fcber den Winter im Freien bleibt. Es gibt aber auch gute Gr\u00fcnde, Coleus zur\u00fcckzuschneiden, wenn Sie Pflanzen im Haus \u00fcberwintern m\u00f6chten.<\/p>\n<p>Wenn Sie Pflanzen ins Haus bringen und sie f\u00fcr den Winter beschneiden, k\u00f6nnen Sie Coleus auch f\u00fcr das n\u00e4chste Jahr vermehren, indem Sie Stecklinge nehmen. Diese Stecklinge k\u00f6nnen \u00fcberwintert werden und Sie haben neue Pflanzen f\u00fcr den n\u00e4chsten Fr\u00fchling.<\/p>\n<div id=\"desktop-in-article\" class=\"in-article ad-unit\">\n<div id=\"desktop-taboola-mid-article\"><\/div>\n<\/div>\n<div id=\"mobile-in-article\" class=\"in-article ad-unit\">\n<div id=\"mobile-taboola-mid-article\"><\/div>\n<\/div>\n<figure class=\"van-image-figure inline-layout \" data-bordeaux-image-check>\n<div class=\"image-full-width-wrapper\">\n<div class=\"image-widthsetter\" style=\"max-width:2400px;\"><\/div>\n<\/div><figcaption class=\"inline-layout \">\n<div class=\"caption-text\">\n<p><em>Schneiden Sie Coleus im Herbst zur\u00fcck? Es kann von Ihrem Klima abh\u00e4ngen<\/em><\/p>\n<\/div>\n<\/figcaption><\/figure>\n<h2 id=\"should-i-cut-back-my-coleus-for-winter-3\">Sollte ich meine Coleus f\u00fcr den Winter zur\u00fcckschneiden? <\/h2>\n<aside class=\"hawk-nest\" data-block-type=\"embed\" data-render-type=\"fte\" data-skip=\"dealsy\" data-widget-type=\"seasonal\">\n<div class=\"hawk-master-widget-hawk-base-wrapper\"><\/div>\n<\/aside>\n<p>Coleus eignen sich hervorragend f\u00fcr tropische Gartenideen und k\u00f6nnen sogar als Schattenpflanzen verwendet werden, um dunklere Ecken eines Hinterhofs aufzuhellen. Wir schauen uns genau an, wann und wie man Coleus f\u00fcr den Winter zur\u00fcckschneidet, unabh\u00e4ngig davon, ob man Coleus drinnen oder drau\u00dfen \u00fcberwintern m\u00f6chte.<\/p>\n<div class=\"van_vid_carousel\">\n<div class=\"van_vid_carousel__padding\">\n<div class=\"van_vid_carousel__container\"><\/div>\n<\/div>\n<\/div>\n<h3 class=\"article-body__section\" id=\"section-cutting-back-coleus-for-winter-is-it-necessary\"><span>Coleus f\u00fcr den Winter zur\u00fcckschneiden \u2013 ist das notwendig?<\/span><\/h3>\n<figure class=\"van-image-figure inline-layout \" data-bordeaux-image-check>\n<div class=\"image-full-width-wrapper\">\n<div class=\"image-widthsetter\" style=\"max-width:2000px;\"><\/div>\n<\/div><figcaption class=\"inline-layout \">\n<div class=\"caption-text\">\n<p><em>Wenn Sie wissen, wie man Coleus f\u00fcr den Winter schneidet, bleiben die Pflanzen bis zum n\u00e4chsten Fr\u00fchjahr kompakt<\/em><\/p>\n<\/div>\n<\/figcaption><\/figure>\n<p>Coleus sind tropische Pflanzen und k\u00f6nnen das ganze Jahr \u00fcber nur in den US-Winterh\u00e4rtezonen 10 und 11 wachsen. Bei Temperaturen unter 50 \u00b0F beginnen die Pflanzen zu leiden und werden durch Frost abget\u00f6tet. Dies bedeutet, dass Buntlippen h\u00e4ufig als einj\u00e4hrige Pflanzen in Klimazonen angebaut werden, in denen die Temperaturen im Winter unter 32 \u00b0F fallen.<\/p>\n<div id=\"ad-unit-2\" class=\"ad-unit\"><\/div>\n<p>Da die Pflanze Hitze liebt und K\u00e4lte nicht mag, wird Ihr Klima einen Einfluss darauf haben, ob Sie Coleus vor dem Winter zur\u00fcckschneiden sollten. Wenn Sie in k\u00e4lteren Zonen leben, besteht m\u00f6glicherweise keine Notwendigkeit. Es kann jedoch davon abh\u00e4ngen, ob Sie Pflanzen im Haus \u00fcberwintern m\u00f6chten, um sie \u00fcber den Winter warm und gesch\u00fctzt zu halten.<\/p>\n<p>\u201eWenn Sie sich in einer Region mit Frost befinden, ist es im Allgemeinen nicht empfehlenswert, Coleus f\u00fcr den Winter zur\u00fcckzuschneiden\u201c, sagt Kiersten Rankel, Pflanzenexperte der Greg-App. \u201eStattdessen k\u00f6nnen Sie Ihre Coleus beim ersten Frost auf nat\u00fcrliche Weise absterben lassen oder sie ins Haus bringen, um sie \u00fcber den Winter warm zu halten.\u201c<\/p>\n<p>\u201eWenn Sie sich in einem frostfreien Gebiet befinden, in dem Coleus als mehrj\u00e4hrige Pflanze wachsen kann, oder wenn Sie sie drinnen \u00fcberwintern, kann ein Beschneiden von Vorteil sein.\u201c<\/p>\n<p>Coleus in T\u00f6pfen als Teil von Container-Gartenideen k\u00f6nnen ins Haus gebracht werden, w\u00e4hrend Pflanzen in Blumenbeeten oder Rabatten f\u00fcr den Winter ausgegraben und in einen Topf gesetzt werden m\u00fcssen. Eine weitere beliebte M\u00f6glichkeit, Coleus zu \u00fcberwintern, besteht darin, Pflanzenstecklinge vor dem ersten Frost zu nehmen, um sie drinnen zu z\u00fcchten, und sie im Freien zu pflanzen, nachdem alle Frostgefahr im Fr\u00fchjahr vor\u00fcber ist.<\/p>\n<h3 class=\"article-body__section\" id=\"section-how-to-cut-back-coleus-for-winter\"><span>So schneiden Sie Coleus f\u00fcr den Winter zur\u00fcck<\/span><\/h3>\n<figure class=\"van-image-figure inline-layout \" data-bordeaux-image-check>\n<div class=\"image-full-width-wrapper\">\n<div class=\"image-widthsetter\" style=\"max-width:2400px;\"><\/div>\n<\/div><figcaption class=\"inline-layout \">\n<div class=\"caption-text\">\n<p><em>Das Zur\u00fcckschneiden von Buntlippen f\u00fcr den Winter bietet mehrere potenzielle Vorteile<\/em><\/p>\n<\/div>\n<\/figcaption><\/figure>\n<p>Das Zur\u00fcckschneiden von Buntlippen f\u00fcr den Winter hat mehrere Vorteile und kann schnell und einfach durchgef\u00fchrt werden. Es kann der Pflanze helfen, \u00fcber den Winter Energie zu sparen und sie f\u00fcr das n\u00e4chste Fr\u00fchjahr mit neuem Wachstum zu versorgen.<\/p>\n<p>Kiersten Rankel behauptet, dass das Zur\u00fcckschneiden von Buntlippen f\u00fcr den Winter \u201edazu beitr\u00e4gt, eine kompakte Form beizubehalten\u201c und \u201eein buschigeres Wachstum f\u00f6rdert\u201c f\u00fcr die n\u00e4chste Vegetationsperiode. Sie empfiehlt: \u201eSchneiden Sie die St\u00e4ngel um etwa ein Drittel bis die H\u00e4lfte ihrer H\u00f6he zur\u00fcck und achten Sie darauf, dass an jedem St\u00e4ngel mehrere Blattpaare verbleiben.\u201c<\/p>\n<p>Wenn Sie die Coleus zur\u00fcckschneiden, bevor Sie die Pflanze f\u00fcr den Winter ins Haus bringen, stellt dies sicher, dass die neue Zimmerpflanze eine angemessenere Gr\u00f6\u00dfe hat und nicht zu gro\u00df f\u00fcr den Innenbereich ist.<\/p>\n<p>Coleus-Pflanzen k\u00f6nnen je nach Sorte zwischen 15 cm und 90 cm hoch und breit werden. Daher ist es von Vorteil, sie auf einer handlicheren Gr\u00f6\u00dfe zu halten, wenn man sie drinnen als tropische Zimmerpflanze \u00fcberwintert. Ein guter Schnitt sorgt daf\u00fcr, dass die Coleus ordentlich und kompakt aussieht.<\/p>\n<p>Der erste Schritt beim Zur\u00fcckschneiden von Coleus besteht darin, abgestorbene oder kranke Zweige und vergilbte Bl\u00e4tter zu entfernen. Beurteilen Sie dann die Form der Pflanze und entscheiden Sie, auf welche Gr\u00f6\u00dfe und Form Sie die Coleus zur\u00fcckschneiden m\u00f6chten.<\/p>\n<p>Schneiden Sie jeden Stiel einzeln mit einer sauberen und scharfen Astschere um etwa ein Drittel bis die H\u00e4lfte ab und schneiden Sie ihn in eine Reihe von Bl\u00e4ttern, um die Verzweigung zu f\u00f6rdern. Es wird au\u00dferdem empfohlen, den Schnitt aufzubewahren, da er zur Vermehrung von Coleus aus Stecklingen verwendet werden kann.<\/p>\n<p>Nach dem Zur\u00fcckschneiden von Buntlippen, die im Freien \u00fcberwintern, empfiehlt es sich, sie zus\u00e4tzlich zu sch\u00fctzen \u2013 vor allem, wenn Sie in einem Klima leben, in dem die Temperaturen m\u00f6glicherweise Werte erreichen, die Buntlippen sch\u00e4digen.<\/p>\n<p>Ward Dilmore, leitender Landschaftsarchitekt bei Petrus, empfiehlt: \u201eDas Anbringen einer Mulchschicht auf einem zur\u00fcckgeschnittenen Coleus w\u00fcrde dazu beitragen, ihn deutlich vor Sch\u00e4den zu sch\u00fctzen.\u201c \u201eIn Kombination mit einer Frostdecke w\u00e4re das ideal.\u201c<\/p>\n<p>Verwenden Sie entweder ein dickes Frosttuch, um die Pflanzen vor Frost zu sch\u00fctzen, oder besorgen Sie sich Pflanzenabdeckungen, die einzelne Pflanzen vor m\u00f6glichen K\u00e4lteeinbr\u00fcchen sch\u00fctzen, die Ihrer Coleus schaden k\u00f6nnten.<\/p>\n<h3 class=\"article-body__section\" id=\"section-faqs\"><span>FAQs<\/span><\/h3>\n<h2 id=\"what-do-you-do-with-coleus-in-the-winter-3\">Was macht man im Winter mit Coleus? <\/h2>\n<p>Wenn Sie in einer warmen US-Winterh\u00e4rtezone leben, in der es keine Winterfr\u00f6ste gibt, kann Coleus \u00fcber den Winter im Freien bleiben und als mehrj\u00e4hrige Pflanze wachsen. Wenn Sie in einem Klima leben, in dem es zu Fr\u00f6sten kommt, haben Sie die M\u00f6glichkeit, einj\u00e4hrige Buntlippen zu z\u00fcchten und sie bei Frost absterben zu lassen oder die Pflanzen f\u00fcr den Winter ins Haus zu bringen.<\/p>\n<hr>\n<p>Wenn Sie Coleus-Pflanzen drinnen \u00fcberwintern oder Stecklinge nehmen, um neue Pflanzen zu vermehren, k\u00f6nnen Sie die kr\u00e4ftigen Pflanzen im Fr\u00fchjahr wieder nach drau\u00dfen bringen. Sie eignen sich hervorragend als Schatten spendende Terrassen- und K\u00fcbelpflanzen, die Ecken des Hinterhofs aufhellen und R\u00e4umen jeder Gr\u00f6\u00dfe etwas Dramatik verleihen.<\/p>\n<\/div>\n","protected":false},"excerpt":{"rendered":"<p>Coleus sind beliebte Pflanzen, die im Sommer jedem Raum atemberaubende Farbtupfer verleihen. Die Bl\u00e4tter werden wegen ihres leuchtenden Laubs in einem Regenbogen von Schattierungen geliebt<\/p>\n","protected":false},"author":1,"featured_media":1047,"comment_status":"closed","ping_status":"","sticky":false,"template":"","format":"standard","meta":{"footnotes":""},"categories":[118],"tags":[2032,78,81,9,432,2034,55,246,2031,165,37,2035,204,2033,67,309],"class_list":["post-1046","post","type-post","status-publish","format-standard","has-post-thumbnail","hentry","category-haus-garten","tag-coleus","tag-den","tag-der","tag-die","tag-draussen","tag-drinnen","tag-fuer","tag-pflanzen","tag-schneiden","tag-sie","tag-und","tag-wachsen","tag-winter","tag-wohle","tag-zum","tag-zurueck","generate-columns","tablet-grid-50","mobile-grid-100","grid-parent","grid-50"],"yoast_head":"<!-- This site is optimized with the Yoast SEO plugin v27.3 - https:\/\/yoast.com\/product\/yoast-seo-wordpress\/ -->\n<title>So schneiden Sie Coleus f\u00fcr den Winter zur\u00fcck \u2013 zum Wohle der Pflanzen, die drinnen und drau\u00dfen wachsen - Nachrichten - Stra\u00dfenweb<\/title>\n<meta name=\"robots\" content=\"index, follow, max-snippet:-1, max-image-preview:large, max-video-preview:-1\" \/>\n<link rel=\"canonical\" href=\"https:\/\/www.strassenweb.de\/nachrichten\/so-schneiden-sie-coleus-fuer-den-winter-zurueck-zum-wohle-der-pflanzen-die-drinnen-und-draussen-wachsen\/\" \/>\n<meta property=\"og:locale\" content=\"de_DE\" \/>\n<meta property=\"og:type\" content=\"article\" \/>\n<meta property=\"og:title\" content=\"So schneiden Sie Coleus f\u00fcr den Winter zur\u00fcck \u2013 zum Wohle der Pflanzen, die drinnen und drau\u00dfen wachsen - Nachrichten - Stra\u00dfenweb\" \/>\n<meta property=\"og:description\" content=\"Coleus sind beliebte Pflanzen, die im Sommer jedem Raum atemberaubende Farbtupfer verleihen. Die Bl\u00e4tter werden wegen ihres leuchtenden Laubs in einem Regenbogen von Schattierungen geliebt\" \/>\n<meta property=\"og:url\" content=\"https:\/\/www.strassenweb.de\/nachrichten\/so-schneiden-sie-coleus-fuer-den-winter-zurueck-zum-wohle-der-pflanzen-die-drinnen-und-draussen-wachsen\/\" \/>\n<meta property=\"og:site_name\" content=\"Stra\u00dfenweb\" \/>\n<meta property=\"article:publisher\" content=\"https:\/\/www.facebook.com\/strassenweb\/\" \/>\n<meta property=\"article:published_time\" content=\"2024-10-22T06:01:47+00:00\" \/>\n<meta property=\"article:modified_time\" content=\"2024-10-22T06:01:48+00:00\" \/>\n<meta property=\"og:image\" content=\"https:\/\/www.strassenweb.de\/nachrichten\/wp-content\/uploads\/2024\/10\/So-schneiden-Sie-Coleus-fuer-den-Winter-zurueck-\u2013-zum.jpg\" \/>\n\t<meta property=\"og:image:width\" content=\"1200\" \/>\n\t<meta property=\"og:image:height\" content=\"675\" \/>\n\t<meta property=\"og:image:type\" content=\"image\/jpeg\" \/>\n<meta name=\"author\" content=\"Robert Hoffmann\" \/>\n<meta name=\"twitter:card\" content=\"summary_large_image\" \/>\n<meta name=\"twitter:label1\" content=\"Verfasst von\" \/>\n\t<meta name=\"twitter:data1\" content=\"Robert Hoffmann\" \/>\n\t<meta name=\"twitter:label2\" content=\"Gesch\u00e4tzte Lesezeit\" \/>\n\t<meta name=\"twitter:data2\" content=\"5\u00a0Minuten\" \/>\n<script type=\"application\/ld+json\" class=\"yoast-schema-graph\">{\"@context\":\"https:\\\/\\\/schema.org\",\"@graph\":[{\"@type\":\"Article\",\"@id\":\"https:\\\/\\\/www.strassenweb.de\\\/nachrichten\\\/so-schneiden-sie-coleus-fuer-den-winter-zurueck-zum-wohle-der-pflanzen-die-drinnen-und-draussen-wachsen\\\/#article\",\"isPartOf\":{\"@id\":\"https:\\\/\\\/www.strassenweb.de\\\/nachrichten\\\/so-schneiden-sie-coleus-fuer-den-winter-zurueck-zum-wohle-der-pflanzen-die-drinnen-und-draussen-wachsen\\\/\"},\"author\":{\"name\":\"Robert Hoffmann\",\"@id\":\"https:\\\/\\\/www.strassenweb.de\\\/nachrichten\\\/#\\\/schema\\\/person\\\/87c9c9067f1211da429a744dc5a5aa41\"},\"headline\":\"So schneiden Sie Coleus f\u00fcr den Winter zur\u00fcck \u2013 zum Wohle der Pflanzen, die drinnen und drau\u00dfen wachsen\",\"datePublished\":\"2024-10-22T06:01:47+00:00\",\"dateModified\":\"2024-10-22T06:01:48+00:00\",\"mainEntityOfPage\":{\"@id\":\"https:\\\/\\\/www.strassenweb.de\\\/nachrichten\\\/so-schneiden-sie-coleus-fuer-den-winter-zurueck-zum-wohle-der-pflanzen-die-drinnen-und-draussen-wachsen\\\/\"},\"wordCount\":1118,\"publisher\":{\"@id\":\"https:\\\/\\\/www.strassenweb.de\\\/nachrichten\\\/#organization\"},\"image\":{\"@id\":\"https:\\\/\\\/www.strassenweb.de\\\/nachrichten\\\/so-schneiden-sie-coleus-fuer-den-winter-zurueck-zum-wohle-der-pflanzen-die-drinnen-und-draussen-wachsen\\\/#primaryimage\"},\"thumbnailUrl\":\"https:\\\/\\\/www.strassenweb.de\\\/nachrichten\\\/wp-content\\\/uploads\\\/2024\\\/10\\\/So-schneiden-Sie-Coleus-fuer-den-Winter-zurueck-\u2013-zum.jpg\",\"keywords\":[\"Coleus\",\"den\",\"der\",\"die\",\"drau\u00dfen\",\"drinnen\",\"f\u00fcr\",\"Pflanzen\",\"schneiden\",\"Sie\",\"und\",\"wachsen\",\"Winter\",\"Wohle\",\"zum\",\"zur\u00fcck\"],\"articleSection\":[\"Haus &amp; Garten\"],\"inLanguage\":\"de\"},{\"@type\":\"WebPage\",\"@id\":\"https:\\\/\\\/www.strassenweb.de\\\/nachrichten\\\/so-schneiden-sie-coleus-fuer-den-winter-zurueck-zum-wohle-der-pflanzen-die-drinnen-und-draussen-wachsen\\\/\",\"url\":\"https:\\\/\\\/www.strassenweb.de\\\/nachrichten\\\/so-schneiden-sie-coleus-fuer-den-winter-zurueck-zum-wohle-der-pflanzen-die-drinnen-und-draussen-wachsen\\\/\",\"name\":\"So schneiden Sie Coleus f\u00fcr den Winter zur\u00fcck \u2013 zum Wohle der Pflanzen, die drinnen und drau\u00dfen wachsen - Nachrichten - Stra\u00dfenweb\",\"isPartOf\":{\"@id\":\"https:\\\/\\\/www.strassenweb.de\\\/nachrichten\\\/#website\"},\"primaryImageOfPage\":{\"@id\":\"https:\\\/\\\/www.strassenweb.de\\\/nachrichten\\\/so-schneiden-sie-coleus-fuer-den-winter-zurueck-zum-wohle-der-pflanzen-die-drinnen-und-draussen-wachsen\\\/#primaryimage\"},\"image\":{\"@id\":\"https:\\\/\\\/www.strassenweb.de\\\/nachrichten\\\/so-schneiden-sie-coleus-fuer-den-winter-zurueck-zum-wohle-der-pflanzen-die-drinnen-und-draussen-wachsen\\\/#primaryimage\"},\"thumbnailUrl\":\"https:\\\/\\\/www.strassenweb.de\\\/nachrichten\\\/wp-content\\\/uploads\\\/2024\\\/10\\\/So-schneiden-Sie-Coleus-fuer-den-Winter-zurueck-\u2013-zum.jpg\",\"datePublished\":\"2024-10-22T06:01:47+00:00\",\"dateModified\":\"2024-10-22T06:01:48+00:00\",\"breadcrumb\":{\"@id\":\"https:\\\/\\\/www.strassenweb.de\\\/nachrichten\\\/so-schneiden-sie-coleus-fuer-den-winter-zurueck-zum-wohle-der-pflanzen-die-drinnen-und-draussen-wachsen\\\/#breadcrumb\"},\"inLanguage\":\"de\",\"potentialAction\":[{\"@type\":\"ReadAction\",\"target\":[\"https:\\\/\\\/www.strassenweb.de\\\/nachrichten\\\/so-schneiden-sie-coleus-fuer-den-winter-zurueck-zum-wohle-der-pflanzen-die-drinnen-und-draussen-wachsen\\\/\"]}]},{\"@type\":\"ImageObject\",\"inLanguage\":\"de\",\"@id\":\"https:\\\/\\\/www.strassenweb.de\\\/nachrichten\\\/so-schneiden-sie-coleus-fuer-den-winter-zurueck-zum-wohle-der-pflanzen-die-drinnen-und-draussen-wachsen\\\/#primaryimage\",\"url\":\"https:\\\/\\\/www.strassenweb.de\\\/nachrichten\\\/wp-content\\\/uploads\\\/2024\\\/10\\\/So-schneiden-Sie-Coleus-fuer-den-Winter-zurueck-\u2013-zum.jpg\",\"contentUrl\":\"https:\\\/\\\/www.strassenweb.de\\\/nachrichten\\\/wp-content\\\/uploads\\\/2024\\\/10\\\/So-schneiden-Sie-Coleus-fuer-den-Winter-zurueck-\u2013-zum.jpg\",\"width\":1200,\"height\":675,\"caption\":\"So schneiden Sie Coleus f\u00fcr den Winter zur\u00fcck \u2013 zum Wohle der Pflanzen, die drinnen und drau\u00dfen wachsen\"},{\"@type\":\"BreadcrumbList\",\"@id\":\"https:\\\/\\\/www.strassenweb.de\\\/nachrichten\\\/so-schneiden-sie-coleus-fuer-den-winter-zurueck-zum-wohle-der-pflanzen-die-drinnen-und-draussen-wachsen\\\/#breadcrumb\",\"itemListElement\":[{\"@type\":\"ListItem\",\"position\":1,\"name\":\"Home\",\"item\":\"https:\\\/\\\/www.strassenweb.de\\\/nachrichten\\\/\"},{\"@type\":\"ListItem\",\"position\":2,\"name\":\"So schneiden Sie Coleus f\u00fcr den Winter zur\u00fcck \u2013 zum Wohle der Pflanzen, die drinnen und drau\u00dfen wachsen\"}]},{\"@type\":\"WebSite\",\"@id\":\"https:\\\/\\\/www.strassenweb.de\\\/nachrichten\\\/#website\",\"url\":\"https:\\\/\\\/www.strassenweb.de\\\/nachrichten\\\/\",\"name\":\"Stra\u00dfenweb\",\"description\":\"Stra\u00dfenverzeichnis f\u00fcr Deutschland\",\"publisher\":{\"@id\":\"https:\\\/\\\/www.strassenweb.de\\\/nachrichten\\\/#organization\"},\"potentialAction\":[{\"@type\":\"SearchAction\",\"target\":{\"@type\":\"EntryPoint\",\"urlTemplate\":\"https:\\\/\\\/www.strassenweb.de\\\/nachrichten\\\/?s={search_term_string}\"},\"query-input\":{\"@type\":\"PropertyValueSpecification\",\"valueRequired\":true,\"valueName\":\"search_term_string\"}}],\"inLanguage\":\"de\"},{\"@type\":\"Organization\",\"@id\":\"https:\\\/\\\/www.strassenweb.de\\\/nachrichten\\\/#organization\",\"name\":\"Stra\u00dfenweb\",\"url\":\"https:\\\/\\\/www.strassenweb.de\\\/nachrichten\\\/\",\"logo\":{\"@type\":\"ImageObject\",\"inLanguage\":\"de\",\"@id\":\"https:\\\/\\\/www.strassenweb.de\\\/nachrichten\\\/#\\\/schema\\\/logo\\\/image\\\/\",\"url\":\"https:\\\/\\\/www.strassenweb.de\\\/nachrichten\\\/wp-content\\\/uploads\\\/2024\\\/09\\\/cropped-favicon.png\",\"contentUrl\":\"https:\\\/\\\/www.strassenweb.de\\\/nachrichten\\\/wp-content\\\/uploads\\\/2024\\\/09\\\/cropped-favicon.png\",\"width\":512,\"height\":512,\"caption\":\"Stra\u00dfenweb\"},\"image\":{\"@id\":\"https:\\\/\\\/www.strassenweb.de\\\/nachrichten\\\/#\\\/schema\\\/logo\\\/image\\\/\"},\"sameAs\":[\"https:\\\/\\\/www.facebook.com\\\/strassenweb\\\/\"]},{\"@type\":\"Person\",\"@id\":\"https:\\\/\\\/www.strassenweb.de\\\/nachrichten\\\/#\\\/schema\\\/person\\\/87c9c9067f1211da429a744dc5a5aa41\",\"name\":\"Robert Hoffmann\",\"image\":{\"@type\":\"ImageObject\",\"inLanguage\":\"de\",\"@id\":\"https:\\\/\\\/www.strassenweb.de\\\/nachrichten\\\/wp-content\\\/uploads\\\/2024\\\/09\\\/strassenweb-150x150.jpg\",\"url\":\"https:\\\/\\\/www.strassenweb.de\\\/nachrichten\\\/wp-content\\\/uploads\\\/2024\\\/09\\\/strassenweb-150x150.jpg\",\"contentUrl\":\"https:\\\/\\\/www.strassenweb.de\\\/nachrichten\\\/wp-content\\\/uploads\\\/2024\\\/09\\\/strassenweb-150x150.jpg\",\"caption\":\"Robert Hoffmann\"},\"description\":\"Ich hei\u00dfe Robert Hoffmann und ich bin ein leidenschaftlicher Verfechter von \u00d6kologie und Biodiversit\u00e4t. Seit meiner Kindheit in den W\u00e4ldern Bayerns f\u00fchle ich mich mit der Natur verbunden und bin entschlossen, sie zu sch\u00fctzen. Heute widme ich mein Leben der Sensibilisierung anderer f\u00fcr die Bedeutung des Umweltschutzes f\u00fcr zuk\u00fcnftige Generationen.\",\"sameAs\":[\"https:\\\/\\\/www.strassenweb.de\\\/\"]}]}<\/script>\n<!-- \/ Yoast SEO plugin. -->","yoast_head_json":{"title":"So schneiden Sie Coleus f\u00fcr den Winter zur\u00fcck \u2013 zum Wohle der Pflanzen, die drinnen und drau\u00dfen wachsen - Nachrichten - Stra\u00dfenweb","robots":{"index":"index","follow":"follow","max-snippet":"max-snippet:-1","max-image-preview":"max-image-preview:large","max-video-preview":"max-video-preview:-1"},"canonical":"https:\/\/www.strassenweb.de\/nachrichten\/so-schneiden-sie-coleus-fuer-den-winter-zurueck-zum-wohle-der-pflanzen-die-drinnen-und-draussen-wachsen\/","og_locale":"de_DE","og_type":"article","og_title":"So schneiden Sie Coleus f\u00fcr den Winter zur\u00fcck \u2013 zum Wohle der Pflanzen, die drinnen und drau\u00dfen wachsen - Nachrichten - Stra\u00dfenweb","og_description":"Coleus sind beliebte Pflanzen, die im Sommer jedem Raum atemberaubende Farbtupfer verleihen. Die Bl\u00e4tter werden wegen ihres leuchtenden Laubs in einem Regenbogen von Schattierungen geliebt","og_url":"https:\/\/www.strassenweb.de\/nachrichten\/so-schneiden-sie-coleus-fuer-den-winter-zurueck-zum-wohle-der-pflanzen-die-drinnen-und-draussen-wachsen\/","og_site_name":"Stra\u00dfenweb","article_publisher":"https:\/\/www.facebook.com\/strassenweb\/","article_published_time":"2024-10-22T06:01:47+00:00","article_modified_time":"2024-10-22T06:01:48+00:00","og_image":[{"width":1200,"height":675,"url":"https:\/\/www.strassenweb.de\/nachrichten\/wp-content\/uploads\/2024\/10\/So-schneiden-Sie-Coleus-fuer-den-Winter-zurueck-\u2013-zum.jpg","type":"image\/jpeg"}],"author":"Robert Hoffmann","twitter_card":"summary_large_image","twitter_misc":{"Verfasst von":"Robert Hoffmann","Gesch\u00e4tzte Lesezeit":"5\u00a0Minuten"},"schema":{"@context":"https:\/\/schema.org","@graph":[{"@type":"Article","@id":"https:\/\/www.strassenweb.de\/nachrichten\/so-schneiden-sie-coleus-fuer-den-winter-zurueck-zum-wohle-der-pflanzen-die-drinnen-und-draussen-wachsen\/#article","isPartOf":{"@id":"https:\/\/www.strassenweb.de\/nachrichten\/so-schneiden-sie-coleus-fuer-den-winter-zurueck-zum-wohle-der-pflanzen-die-drinnen-und-draussen-wachsen\/"},"author":{"name":"Robert Hoffmann","@id":"https:\/\/www.strassenweb.de\/nachrichten\/#\/schema\/person\/87c9c9067f1211da429a744dc5a5aa41"},"headline":"So schneiden Sie Coleus f\u00fcr den Winter zur\u00fcck \u2013 zum Wohle der Pflanzen, die drinnen und drau\u00dfen wachsen","datePublished":"2024-10-22T06:01:47+00:00","dateModified":"2024-10-22T06:01:48+00:00","mainEntityOfPage":{"@id":"https:\/\/www.strassenweb.de\/nachrichten\/so-schneiden-sie-coleus-fuer-den-winter-zurueck-zum-wohle-der-pflanzen-die-drinnen-und-draussen-wachsen\/"},"wordCount":1118,"publisher":{"@id":"https:\/\/www.strassenweb.de\/nachrichten\/#organization"},"image":{"@id":"https:\/\/www.strassenweb.de\/nachrichten\/so-schneiden-sie-coleus-fuer-den-winter-zurueck-zum-wohle-der-pflanzen-die-drinnen-und-draussen-wachsen\/#primaryimage"},"thumbnailUrl":"https:\/\/www.strassenweb.de\/nachrichten\/wp-content\/uploads\/2024\/10\/So-schneiden-Sie-Coleus-fuer-den-Winter-zurueck-\u2013-zum.jpg","keywords":["Coleus","den","der","die","drau\u00dfen","drinnen","f\u00fcr","Pflanzen","schneiden","Sie","und","wachsen","Winter","Wohle","zum","zur\u00fcck"],"articleSection":["Haus &amp; Garten"],"inLanguage":"de"},{"@type":"WebPage","@id":"https:\/\/www.strassenweb.de\/nachrichten\/so-schneiden-sie-coleus-fuer-den-winter-zurueck-zum-wohle-der-pflanzen-die-drinnen-und-draussen-wachsen\/","url":"https:\/\/www.strassenweb.de\/nachrichten\/so-schneiden-sie-coleus-fuer-den-winter-zurueck-zum-wohle-der-pflanzen-die-drinnen-und-draussen-wachsen\/","name":"So schneiden Sie Coleus f\u00fcr den Winter zur\u00fcck \u2013 zum Wohle der Pflanzen, die drinnen und drau\u00dfen wachsen - Nachrichten - Stra\u00dfenweb","isPartOf":{"@id":"https:\/\/www.strassenweb.de\/nachrichten\/#website"},"primaryImageOfPage":{"@id":"https:\/\/www.strassenweb.de\/nachrichten\/so-schneiden-sie-coleus-fuer-den-winter-zurueck-zum-wohle-der-pflanzen-die-drinnen-und-draussen-wachsen\/#primaryimage"},"image":{"@id":"https:\/\/www.strassenweb.de\/nachrichten\/so-schneiden-sie-coleus-fuer-den-winter-zurueck-zum-wohle-der-pflanzen-die-drinnen-und-draussen-wachsen\/#primaryimage"},"thumbnailUrl":"https:\/\/www.strassenweb.de\/nachrichten\/wp-content\/uploads\/2024\/10\/So-schneiden-Sie-Coleus-fuer-den-Winter-zurueck-\u2013-zum.jpg","datePublished":"2024-10-22T06:01:47+00:00","dateModified":"2024-10-22T06:01:48+00:00","breadcrumb":{"@id":"https:\/\/www.strassenweb.de\/nachrichten\/so-schneiden-sie-coleus-fuer-den-winter-zurueck-zum-wohle-der-pflanzen-die-drinnen-und-draussen-wachsen\/#breadcrumb"},"inLanguage":"de","potentialAction":[{"@type":"ReadAction","target":["https:\/\/www.strassenweb.de\/nachrichten\/so-schneiden-sie-coleus-fuer-den-winter-zurueck-zum-wohle-der-pflanzen-die-drinnen-und-draussen-wachsen\/"]}]},{"@type":"ImageObject","inLanguage":"de","@id":"https:\/\/www.strassenweb.de\/nachrichten\/so-schneiden-sie-coleus-fuer-den-winter-zurueck-zum-wohle-der-pflanzen-die-drinnen-und-draussen-wachsen\/#primaryimage","url":"https:\/\/www.strassenweb.de\/nachrichten\/wp-content\/uploads\/2024\/10\/So-schneiden-Sie-Coleus-fuer-den-Winter-zurueck-\u2013-zum.jpg","contentUrl":"https:\/\/www.strassenweb.de\/nachrichten\/wp-content\/uploads\/2024\/10\/So-schneiden-Sie-Coleus-fuer-den-Winter-zurueck-\u2013-zum.jpg","width":1200,"height":675,"caption":"So schneiden Sie Coleus f\u00fcr den Winter zur\u00fcck \u2013 zum Wohle der Pflanzen, die drinnen und drau\u00dfen wachsen"},{"@type":"BreadcrumbList","@id":"https:\/\/www.strassenweb.de\/nachrichten\/so-schneiden-sie-coleus-fuer-den-winter-zurueck-zum-wohle-der-pflanzen-die-drinnen-und-draussen-wachsen\/#breadcrumb","itemListElement":[{"@type":"ListItem","position":1,"name":"Home","item":"https:\/\/www.strassenweb.de\/nachrichten\/"},{"@type":"ListItem","position":2,"name":"So schneiden Sie Coleus f\u00fcr den Winter zur\u00fcck \u2013 zum Wohle der Pflanzen, die drinnen und drau\u00dfen wachsen"}]},{"@type":"WebSite","@id":"https:\/\/www.strassenweb.de\/nachrichten\/#website","url":"https:\/\/www.strassenweb.de\/nachrichten\/","name":"Stra\u00dfenweb","description":"Stra\u00dfenverzeichnis f\u00fcr Deutschland","publisher":{"@id":"https:\/\/www.strassenweb.de\/nachrichten\/#organization"},"potentialAction":[{"@type":"SearchAction","target":{"@type":"EntryPoint","urlTemplate":"https:\/\/www.strassenweb.de\/nachrichten\/?s={search_term_string}"},"query-input":{"@type":"PropertyValueSpecification","valueRequired":true,"valueName":"search_term_string"}}],"inLanguage":"de"},{"@type":"Organization","@id":"https:\/\/www.strassenweb.de\/nachrichten\/#organization","name":"Stra\u00dfenweb","url":"https:\/\/www.strassenweb.de\/nachrichten\/","logo":{"@type":"ImageObject","inLanguage":"de","@id":"https:\/\/www.strassenweb.de\/nachrichten\/#\/schema\/logo\/image\/","url":"https:\/\/www.strassenweb.de\/nachrichten\/wp-content\/uploads\/2024\/09\/cropped-favicon.png","contentUrl":"https:\/\/www.strassenweb.de\/nachrichten\/wp-content\/uploads\/2024\/09\/cropped-favicon.png","width":512,"height":512,"caption":"Stra\u00dfenweb"},"image":{"@id":"https:\/\/www.strassenweb.de\/nachrichten\/#\/schema\/logo\/image\/"},"sameAs":["https:\/\/www.facebook.com\/strassenweb\/"]},{"@type":"Person","@id":"https:\/\/www.strassenweb.de\/nachrichten\/#\/schema\/person\/87c9c9067f1211da429a744dc5a5aa41","name":"Robert Hoffmann","image":{"@type":"ImageObject","inLanguage":"de","@id":"https:\/\/www.strassenweb.de\/nachrichten\/wp-content\/uploads\/2024\/09\/strassenweb-150x150.jpg","url":"https:\/\/www.strassenweb.de\/nachrichten\/wp-content\/uploads\/2024\/09\/strassenweb-150x150.jpg","contentUrl":"https:\/\/www.strassenweb.de\/nachrichten\/wp-content\/uploads\/2024\/09\/strassenweb-150x150.jpg","caption":"Robert Hoffmann"},"description":"Ich hei\u00dfe Robert Hoffmann und ich bin ein leidenschaftlicher Verfechter von \u00d6kologie und Biodiversit\u00e4t. Seit meiner Kindheit in den W\u00e4ldern Bayerns f\u00fchle ich mich mit der Natur verbunden und bin entschlossen, sie zu sch\u00fctzen. Heute widme ich mein Leben der Sensibilisierung anderer f\u00fcr die Bedeutung des Umweltschutzes f\u00fcr zuk\u00fcnftige Generationen.","sameAs":["https:\/\/www.strassenweb.de\/"]}]}},"_links":{"self":[{"href":"https:\/\/www.strassenweb.de\/nachrichten\/wp-json\/wp\/v2\/posts\/1046","targetHints":{"allow":["GET"]}}],"collection":[{"href":"https:\/\/www.strassenweb.de\/nachrichten\/wp-json\/wp\/v2\/posts"}],"about":[{"href":"https:\/\/www.strassenweb.de\/nachrichten\/wp-json\/wp\/v2\/types\/post"}],"author":[{"embeddable":true,"href":"https:\/\/www.strassenweb.de\/nachrichten\/wp-json\/wp\/v2\/users\/1"}],"replies":[{"embeddable":true,"href":"https:\/\/www.strassenweb.de\/nachrichten\/wp-json\/wp\/v2\/comments?post=1046"}],"version-history":[{"count":0,"href":"https:\/\/www.strassenweb.de\/nachrichten\/wp-json\/wp\/v2\/posts\/1046\/revisions"}],"wp:featuredmedia":[{"embeddable":true,"href":"https:\/\/www.strassenweb.de\/nachrichten\/wp-json\/wp\/v2\/media\/1047"}],"wp:attachment":[{"href":"https:\/\/www.strassenweb.de\/nachrichten\/wp-json\/wp\/v2\/media?parent=1046"}],"wp:term":[{"taxonomy":"category","embeddable":true,"href":"https:\/\/www.strassenweb.de\/nachrichten\/wp-json\/wp\/v2\/categories?post=1046"},{"taxonomy":"post_tag","embeddable":true,"href":"https:\/\/www.strassenweb.de\/nachrichten\/wp-json\/wp\/v2\/tags?post=1046"}],"curies":[{"name":"wp","href":"https:\/\/api.w.org\/{rel}","templated":true}]}}