{"id":1037,"date":"2024-10-21T19:48:53","date_gmt":"2024-10-21T17:48:53","guid":{"rendered":"https:\/\/www.strassenweb.de\/nachrichten\/eva-mendes-setzt-kleine-farbakzente-ein-um-eine-graue-kueche-zu-beleben-eine-gelungene-kombination\/"},"modified":"2024-10-21T19:48:58","modified_gmt":"2024-10-21T17:48:58","slug":"eva-mendes-setzt-kleine-farbakzente-ein-um-eine-graue-kueche-zu-beleben-eine-gelungene-kombination","status":"publish","type":"post","link":"https:\/\/www.strassenweb.de\/nachrichten\/eva-mendes-setzt-kleine-farbakzente-ein-um-eine-graue-kueche-zu-beleben-eine-gelungene-kombination\/","title":{"rendered":"Eva Mendes setzt kleine Farbakzente ein, um eine graue K\u00fcche zu beleben \u2013 eine gelungene Kombination"},"content":{"rendered":"<p><\/p>\n<div id=\"article-body\" class=\"article__body \">\n<p>Lieben Sie es oder hassen Sie es, Grau ist vielleicht eine der am h\u00e4ufigsten verwendeten Farben im Haus, und es sieht so aus, als ob es keine Anzeichen daf\u00fcr gibt, dass es in absehbarer Zeit verblasst. Wir haben eine Vorliebe f\u00fcr eine graue K\u00fcche, und es gibt eine, die uns in letzter Zeit besonders aufgefallen ist.<\/p>\n<div id=\"ad-unit-1\" class=\"ad-unit\"><\/div>\n<p>Eva Mendes, Schauspielerin und Star von <em>Der Ort, hinter den Kiefern <\/em>Und <em>Geisterreiter<\/em>hat gerade ein Foto ihrer modernen K\u00fcche auf Instagram geteilt und wir konnten nicht umhin, die Art und Weise zu bewundern, wie sie ihre W\u00e4nde gestaltet und uns einige graue K\u00fcchenideen gegeben hat.<\/p>\n<aside class=\"hawk-nest\" data-block-type=\"embed\" data-render-type=\"fte\" data-skip=\"dealsy\" data-widget-type=\"seasonal\">\n<div class=\"hawk-master-widget-hawk-base-wrapper\"><\/div>\n<\/aside>\n<p>Der unscheinbare Hintergrund wird durch Farbtupfer akzentuiert, dank eines wundersch\u00f6nen Blumenstrau\u00dfes, goldener Akzente an den W\u00e4nden und Schr\u00e4nken und hellgr\u00fcnen Schalen, die auf einem schwebenden Regal stehen. Es ist der Beweis, dass Grau dazu passt <em>irgendetwas<\/em>.<\/p>\n<div id=\"desktop-in-article\" class=\"in-article ad-unit\">\n<div id=\"desktop-taboola-mid-article\"><\/div>\n<\/div>\n<div id=\"mobile-in-article\" class=\"in-article ad-unit\">\n<div id=\"mobile-taboola-mid-article\"><\/div>\n<\/div>\n<div class=\"instagram-embed\">\n<blockquote class=\"instagram-media\" data-instgrm-captioned data-instgrm-version=\"6\" style=\"width:99.375%; width:-webkit-calc(100% - 2px); width:calc(100% - 2px);\">\n<p>Ein von Eva Mendes (@evamendes) geteilter Beitrag<\/p>\n<p>Ein Foto gepostet von am <\/p>\n<\/blockquote>\n<\/div>\n<p>Laut Experten ist Mendes\u2018 Strategie, farbenfrohe Gegenst\u00e4nde in ihren neutralen Raum einzuf\u00fchren, eine sehr empfehlenswerte Strategie f\u00fcr jeden, der einen Raum aufhellen m\u00f6chte.<\/p>\n<div class=\"van_vid_carousel\">\n<div class=\"van_vid_carousel__padding\">\n<div class=\"van_vid_carousel__container\"><\/div>\n<\/div>\n<\/div>\n<p>\u201eDurch die Einbeziehung heller, fr\u00f6hlicher Farbt\u00f6ne wie Sonnengelb oder Himmelblau kann Ihr Raum energiegeladener und fr\u00f6hlicher wirken\u201c, sagt Hannah Prescott, Innenarchitektin bei Diamond Interiors. \u201eDie Farbwahl spielt eine gro\u00dfe Rolle bei der Atmosph\u00e4re eines Raums.\u201c<\/p>\n<div id=\"ad-unit-2\" class=\"ad-unit\"><\/div>\n<p>Sie f\u00e4hrt fort: \u201eEin unausgewogenes Farbschema kann dazu f\u00fchren, dass ein Raum aus dem Gleichgewicht ger\u00e4t.\u201c Zu viel Grau kann dazu f\u00fchren, dass einem kalt wird, w\u00e4hrend ein \u00dcberma\u00df an Gelb \u00fcberw\u00e4ltigend wirken kann. Eine ausgewogene Farbpalette hilft, Emotionen zu regulieren. Die Verwendung von mehr als drei Farben in einem Raum kann zu visueller Verwirrung f\u00fchren und es dem Gehirn erschweren, sich auszuruhen. Versuchen Sie ein harmonisches Gleichgewicht, indem Sie die 60-30-10-Regel f\u00fcr die Farbverteilung befolgen.\u201c<\/p>\n<figure class=\"van-image-figure inline-layout \" data-bordeaux-image-check>\n<div class=\"image-full-width-wrapper\">\n<div class=\"image-widthsetter\" style=\"max-width:2000px;\"><\/div>\n<\/div>\n<\/figure>\n<p>Prescott erkl\u00e4rt weiter, dass diese Regel ein Vorschlag ist, um ein Gleichgewicht innerhalb eines Raums zu schaffen, damit dieser nicht zu neutral oder farbenfroh wirkt.<\/p>\n<div id=\"slice-container-newsletterForm-articleInbodyContent-soiSHKxRvA9cKxSqss88Z8\" class=\"slice-container newsletter-inbodyContent-slice newsletterForm-articleInbodyContent-soiSHKxRvA9cKxSqss88Z8 slice-container-newsletterForm\"><\/div>\n<p>\u201eDie 60-30-10-Regel ist eine traditionelle Dekorationsrichtlinie f\u00fcr die Gestaltung einer Farbpalette in einem Raum\u201c, f\u00fchrt sie aus. \u201eEs wird vorgeschlagen, dass 60 % des Raums eine dominierende Farbe aufweisen sollten, 30 % eine sekund\u00e4re Farbe oder Textur enthalten sollten und die restlichen 10 % f\u00fcr Akzente verwendet werden sollten.\u201c<\/p>\n<p>Wir k\u00f6nnen sehen, dass Mendes diesen Auftrag gut umgesetzt hat: Die h\u00e4ngenden Kunstwerke f\u00fcgen sich nahtlos in die grauen W\u00e4nde ein, w\u00e4hrend die dunkel gestrichenen Schr\u00e4nke f\u00fcr Kontrast sorgen und die farbenfrohen Accessoires den Raum beleben.<\/p>\n<p>Nachfolgend finden Sie einige farbenfrohe Accessoires, die zu jedem K\u00fcchenraum passen.<\/p>\n<hr>\n<h2 id=\"shop-h-g-s-gray-kitchen-edit-3\">Kaufen Sie H&#038;Gs Grey Kitchen Edit<\/h2>\n<div class=\"product-container hero-product-container product-block-no-wrap\"><\/div>\n<hr>\n<p>W\u00e4hrend die Farbkombinationen mit Grau endlos sind, empfehlen wir die Kombination von Grau mit blauen Accessoires f\u00fcr einen K\u00fcstenlook oder einem hellen Farbtupfer aus Rot, Gelb, Orange oder Pink f\u00fcr einen Hauch von Dopamin-Dekor.<\/p>\n<\/div>\n<p><script async src=\"\/\/www.instagram.com\/embed.js\"><\/script><\/p>\n","protected":false},"excerpt":{"rendered":"<p>Lieben Sie es oder hassen Sie es, Grau ist vielleicht eine der am h\u00e4ufigsten verwendeten Farben im Haus, und es sieht so aus, als ob<\/p>\n","protected":false},"author":1,"featured_media":1038,"comment_status":"closed","ping_status":"","sticky":false,"template":"","format":"standard","meta":{"footnotes":""},"categories":[118],"tags":[2021,43,74,2016,2019,2022,2020,1672,1791,468,2017,2018],"class_list":["post-1037","post","type-post","status-publish","format-standard","has-post-thumbnail","hentry","category-haus-garten","tag-beleben","tag-ein","tag-eine","tag-eva","tag-farbakzente","tag-gelungene","tag-graue","tag-kleine","tag-kombination","tag-kueche","tag-mendes","tag-setzt","generate-columns","tablet-grid-50","mobile-grid-100","grid-parent","grid-50"],"yoast_head":"<!-- This site is optimized with the Yoast SEO plugin v27.3 - https:\/\/yoast.com\/product\/yoast-seo-wordpress\/ -->\n<title>Eva Mendes setzt kleine Farbakzente ein, um eine graue K\u00fcche zu beleben \u2013 eine gelungene Kombination - Nachrichten - Stra\u00dfenweb<\/title>\n<meta name=\"robots\" content=\"index, follow, max-snippet:-1, max-image-preview:large, max-video-preview:-1\" \/>\n<link rel=\"canonical\" href=\"https:\/\/www.strassenweb.de\/nachrichten\/eva-mendes-setzt-kleine-farbakzente-ein-um-eine-graue-kueche-zu-beleben-eine-gelungene-kombination\/\" \/>\n<meta property=\"og:locale\" content=\"de_DE\" \/>\n<meta property=\"og:type\" content=\"article\" \/>\n<meta property=\"og:title\" content=\"Eva Mendes setzt kleine Farbakzente ein, um eine graue K\u00fcche zu beleben \u2013 eine gelungene Kombination - Nachrichten - Stra\u00dfenweb\" \/>\n<meta property=\"og:description\" content=\"Lieben Sie es oder hassen Sie es, Grau ist vielleicht eine der am h\u00e4ufigsten verwendeten Farben im Haus, und es sieht so aus, als ob\" \/>\n<meta property=\"og:url\" content=\"https:\/\/www.strassenweb.de\/nachrichten\/eva-mendes-setzt-kleine-farbakzente-ein-um-eine-graue-kueche-zu-beleben-eine-gelungene-kombination\/\" \/>\n<meta property=\"og:site_name\" content=\"Stra\u00dfenweb\" \/>\n<meta property=\"article:publisher\" content=\"https:\/\/www.facebook.com\/strassenweb\/\" \/>\n<meta property=\"article:published_time\" content=\"2024-10-21T17:48:53+00:00\" \/>\n<meta property=\"article:modified_time\" content=\"2024-10-21T17:48:58+00:00\" \/>\n<meta property=\"og:image\" content=\"https:\/\/www.strassenweb.de\/nachrichten\/wp-content\/uploads\/2024\/10\/Eva-Mendes-setzt-kleine-Farbakzente-ein-um-eine-graue-Kueche.png\" \/>\n\t<meta property=\"og:image:width\" content=\"1200\" \/>\n\t<meta property=\"og:image:height\" content=\"675\" \/>\n\t<meta property=\"og:image:type\" content=\"image\/png\" \/>\n<meta name=\"author\" content=\"Robert Hoffmann\" \/>\n<meta name=\"twitter:card\" content=\"summary_large_image\" \/>\n<meta name=\"twitter:label1\" content=\"Verfasst von\" \/>\n\t<meta name=\"twitter:data1\" content=\"Robert Hoffmann\" \/>\n\t<meta name=\"twitter:label2\" content=\"Gesch\u00e4tzte Lesezeit\" \/>\n\t<meta name=\"twitter:data2\" content=\"2\u00a0Minuten\" \/>\n<script type=\"application\/ld+json\" class=\"yoast-schema-graph\">{\"@context\":\"https:\\\/\\\/schema.org\",\"@graph\":[{\"@type\":\"Article\",\"@id\":\"https:\\\/\\\/www.strassenweb.de\\\/nachrichten\\\/eva-mendes-setzt-kleine-farbakzente-ein-um-eine-graue-kueche-zu-beleben-eine-gelungene-kombination\\\/#article\",\"isPartOf\":{\"@id\":\"https:\\\/\\\/www.strassenweb.de\\\/nachrichten\\\/eva-mendes-setzt-kleine-farbakzente-ein-um-eine-graue-kueche-zu-beleben-eine-gelungene-kombination\\\/\"},\"author\":{\"name\":\"Robert Hoffmann\",\"@id\":\"https:\\\/\\\/www.strassenweb.de\\\/nachrichten\\\/#\\\/schema\\\/person\\\/87c9c9067f1211da429a744dc5a5aa41\"},\"headline\":\"Eva Mendes setzt kleine Farbakzente ein, um eine graue K\u00fcche zu beleben \u2013 eine gelungene Kombination\",\"datePublished\":\"2024-10-21T17:48:53+00:00\",\"dateModified\":\"2024-10-21T17:48:58+00:00\",\"mainEntityOfPage\":{\"@id\":\"https:\\\/\\\/www.strassenweb.de\\\/nachrichten\\\/eva-mendes-setzt-kleine-farbakzente-ein-um-eine-graue-kueche-zu-beleben-eine-gelungene-kombination\\\/\"},\"wordCount\":505,\"publisher\":{\"@id\":\"https:\\\/\\\/www.strassenweb.de\\\/nachrichten\\\/#organization\"},\"image\":{\"@id\":\"https:\\\/\\\/www.strassenweb.de\\\/nachrichten\\\/eva-mendes-setzt-kleine-farbakzente-ein-um-eine-graue-kueche-zu-beleben-eine-gelungene-kombination\\\/#primaryimage\"},\"thumbnailUrl\":\"https:\\\/\\\/www.strassenweb.de\\\/nachrichten\\\/wp-content\\\/uploads\\\/2024\\\/10\\\/Eva-Mendes-setzt-kleine-Farbakzente-ein-um-eine-graue-Kueche.png\",\"keywords\":[\"beleben\",\"ein\",\"eine\",\"Eva\",\"Farbakzente\",\"gelungene\",\"graue\",\"kleine\",\"Kombination\",\"K\u00fcche\",\"Mendes\",\"setzt\"],\"articleSection\":[\"Haus &amp; Garten\"],\"inLanguage\":\"de\"},{\"@type\":\"WebPage\",\"@id\":\"https:\\\/\\\/www.strassenweb.de\\\/nachrichten\\\/eva-mendes-setzt-kleine-farbakzente-ein-um-eine-graue-kueche-zu-beleben-eine-gelungene-kombination\\\/\",\"url\":\"https:\\\/\\\/www.strassenweb.de\\\/nachrichten\\\/eva-mendes-setzt-kleine-farbakzente-ein-um-eine-graue-kueche-zu-beleben-eine-gelungene-kombination\\\/\",\"name\":\"Eva Mendes setzt kleine Farbakzente ein, um eine graue K\u00fcche zu beleben \u2013 eine gelungene Kombination - Nachrichten - Stra\u00dfenweb\",\"isPartOf\":{\"@id\":\"https:\\\/\\\/www.strassenweb.de\\\/nachrichten\\\/#website\"},\"primaryImageOfPage\":{\"@id\":\"https:\\\/\\\/www.strassenweb.de\\\/nachrichten\\\/eva-mendes-setzt-kleine-farbakzente-ein-um-eine-graue-kueche-zu-beleben-eine-gelungene-kombination\\\/#primaryimage\"},\"image\":{\"@id\":\"https:\\\/\\\/www.strassenweb.de\\\/nachrichten\\\/eva-mendes-setzt-kleine-farbakzente-ein-um-eine-graue-kueche-zu-beleben-eine-gelungene-kombination\\\/#primaryimage\"},\"thumbnailUrl\":\"https:\\\/\\\/www.strassenweb.de\\\/nachrichten\\\/wp-content\\\/uploads\\\/2024\\\/10\\\/Eva-Mendes-setzt-kleine-Farbakzente-ein-um-eine-graue-Kueche.png\",\"datePublished\":\"2024-10-21T17:48:53+00:00\",\"dateModified\":\"2024-10-21T17:48:58+00:00\",\"breadcrumb\":{\"@id\":\"https:\\\/\\\/www.strassenweb.de\\\/nachrichten\\\/eva-mendes-setzt-kleine-farbakzente-ein-um-eine-graue-kueche-zu-beleben-eine-gelungene-kombination\\\/#breadcrumb\"},\"inLanguage\":\"de\",\"potentialAction\":[{\"@type\":\"ReadAction\",\"target\":[\"https:\\\/\\\/www.strassenweb.de\\\/nachrichten\\\/eva-mendes-setzt-kleine-farbakzente-ein-um-eine-graue-kueche-zu-beleben-eine-gelungene-kombination\\\/\"]}]},{\"@type\":\"ImageObject\",\"inLanguage\":\"de\",\"@id\":\"https:\\\/\\\/www.strassenweb.de\\\/nachrichten\\\/eva-mendes-setzt-kleine-farbakzente-ein-um-eine-graue-kueche-zu-beleben-eine-gelungene-kombination\\\/#primaryimage\",\"url\":\"https:\\\/\\\/www.strassenweb.de\\\/nachrichten\\\/wp-content\\\/uploads\\\/2024\\\/10\\\/Eva-Mendes-setzt-kleine-Farbakzente-ein-um-eine-graue-Kueche.png\",\"contentUrl\":\"https:\\\/\\\/www.strassenweb.de\\\/nachrichten\\\/wp-content\\\/uploads\\\/2024\\\/10\\\/Eva-Mendes-setzt-kleine-Farbakzente-ein-um-eine-graue-Kueche.png\",\"width\":1200,\"height\":675,\"caption\":\"Eva Mendes setzt kleine Farbakzente ein, um eine graue K\u00fcche zu beleben \u2013 eine gelungene Kombination\"},{\"@type\":\"BreadcrumbList\",\"@id\":\"https:\\\/\\\/www.strassenweb.de\\\/nachrichten\\\/eva-mendes-setzt-kleine-farbakzente-ein-um-eine-graue-kueche-zu-beleben-eine-gelungene-kombination\\\/#breadcrumb\",\"itemListElement\":[{\"@type\":\"ListItem\",\"position\":1,\"name\":\"Home\",\"item\":\"https:\\\/\\\/www.strassenweb.de\\\/nachrichten\\\/\"},{\"@type\":\"ListItem\",\"position\":2,\"name\":\"Eva Mendes setzt kleine Farbakzente ein, um eine graue K\u00fcche zu beleben \u2013 eine gelungene Kombination\"}]},{\"@type\":\"WebSite\",\"@id\":\"https:\\\/\\\/www.strassenweb.de\\\/nachrichten\\\/#website\",\"url\":\"https:\\\/\\\/www.strassenweb.de\\\/nachrichten\\\/\",\"name\":\"Stra\u00dfenweb\",\"description\":\"Stra\u00dfenverzeichnis f\u00fcr Deutschland\",\"publisher\":{\"@id\":\"https:\\\/\\\/www.strassenweb.de\\\/nachrichten\\\/#organization\"},\"potentialAction\":[{\"@type\":\"SearchAction\",\"target\":{\"@type\":\"EntryPoint\",\"urlTemplate\":\"https:\\\/\\\/www.strassenweb.de\\\/nachrichten\\\/?s={search_term_string}\"},\"query-input\":{\"@type\":\"PropertyValueSpecification\",\"valueRequired\":true,\"valueName\":\"search_term_string\"}}],\"inLanguage\":\"de\"},{\"@type\":\"Organization\",\"@id\":\"https:\\\/\\\/www.strassenweb.de\\\/nachrichten\\\/#organization\",\"name\":\"Stra\u00dfenweb\",\"url\":\"https:\\\/\\\/www.strassenweb.de\\\/nachrichten\\\/\",\"logo\":{\"@type\":\"ImageObject\",\"inLanguage\":\"de\",\"@id\":\"https:\\\/\\\/www.strassenweb.de\\\/nachrichten\\\/#\\\/schema\\\/logo\\\/image\\\/\",\"url\":\"https:\\\/\\\/www.strassenweb.de\\\/nachrichten\\\/wp-content\\\/uploads\\\/2024\\\/09\\\/cropped-favicon.png\",\"contentUrl\":\"https:\\\/\\\/www.strassenweb.de\\\/nachrichten\\\/wp-content\\\/uploads\\\/2024\\\/09\\\/cropped-favicon.png\",\"width\":512,\"height\":512,\"caption\":\"Stra\u00dfenweb\"},\"image\":{\"@id\":\"https:\\\/\\\/www.strassenweb.de\\\/nachrichten\\\/#\\\/schema\\\/logo\\\/image\\\/\"},\"sameAs\":[\"https:\\\/\\\/www.facebook.com\\\/strassenweb\\\/\"]},{\"@type\":\"Person\",\"@id\":\"https:\\\/\\\/www.strassenweb.de\\\/nachrichten\\\/#\\\/schema\\\/person\\\/87c9c9067f1211da429a744dc5a5aa41\",\"name\":\"Robert Hoffmann\",\"image\":{\"@type\":\"ImageObject\",\"inLanguage\":\"de\",\"@id\":\"https:\\\/\\\/www.strassenweb.de\\\/nachrichten\\\/wp-content\\\/uploads\\\/2024\\\/09\\\/strassenweb-150x150.jpg\",\"url\":\"https:\\\/\\\/www.strassenweb.de\\\/nachrichten\\\/wp-content\\\/uploads\\\/2024\\\/09\\\/strassenweb-150x150.jpg\",\"contentUrl\":\"https:\\\/\\\/www.strassenweb.de\\\/nachrichten\\\/wp-content\\\/uploads\\\/2024\\\/09\\\/strassenweb-150x150.jpg\",\"caption\":\"Robert Hoffmann\"},\"description\":\"Ich hei\u00dfe Robert Hoffmann und ich bin ein leidenschaftlicher Verfechter von \u00d6kologie und Biodiversit\u00e4t. Seit meiner Kindheit in den W\u00e4ldern Bayerns f\u00fchle ich mich mit der Natur verbunden und bin entschlossen, sie zu sch\u00fctzen. Heute widme ich mein Leben der Sensibilisierung anderer f\u00fcr die Bedeutung des Umweltschutzes f\u00fcr zuk\u00fcnftige Generationen.\",\"sameAs\":[\"https:\\\/\\\/www.strassenweb.de\\\/\"]}]}<\/script>\n<!-- \/ Yoast SEO plugin. -->","yoast_head_json":{"title":"Eva Mendes setzt kleine Farbakzente ein, um eine graue K\u00fcche zu beleben \u2013 eine gelungene Kombination - Nachrichten - Stra\u00dfenweb","robots":{"index":"index","follow":"follow","max-snippet":"max-snippet:-1","max-image-preview":"max-image-preview:large","max-video-preview":"max-video-preview:-1"},"canonical":"https:\/\/www.strassenweb.de\/nachrichten\/eva-mendes-setzt-kleine-farbakzente-ein-um-eine-graue-kueche-zu-beleben-eine-gelungene-kombination\/","og_locale":"de_DE","og_type":"article","og_title":"Eva Mendes setzt kleine Farbakzente ein, um eine graue K\u00fcche zu beleben \u2013 eine gelungene Kombination - Nachrichten - Stra\u00dfenweb","og_description":"Lieben Sie es oder hassen Sie es, Grau ist vielleicht eine der am h\u00e4ufigsten verwendeten Farben im Haus, und es sieht so aus, als ob","og_url":"https:\/\/www.strassenweb.de\/nachrichten\/eva-mendes-setzt-kleine-farbakzente-ein-um-eine-graue-kueche-zu-beleben-eine-gelungene-kombination\/","og_site_name":"Stra\u00dfenweb","article_publisher":"https:\/\/www.facebook.com\/strassenweb\/","article_published_time":"2024-10-21T17:48:53+00:00","article_modified_time":"2024-10-21T17:48:58+00:00","og_image":[{"width":1200,"height":675,"url":"https:\/\/www.strassenweb.de\/nachrichten\/wp-content\/uploads\/2024\/10\/Eva-Mendes-setzt-kleine-Farbakzente-ein-um-eine-graue-Kueche.png","type":"image\/png"}],"author":"Robert Hoffmann","twitter_card":"summary_large_image","twitter_misc":{"Verfasst von":"Robert Hoffmann","Gesch\u00e4tzte Lesezeit":"2\u00a0Minuten"},"schema":{"@context":"https:\/\/schema.org","@graph":[{"@type":"Article","@id":"https:\/\/www.strassenweb.de\/nachrichten\/eva-mendes-setzt-kleine-farbakzente-ein-um-eine-graue-kueche-zu-beleben-eine-gelungene-kombination\/#article","isPartOf":{"@id":"https:\/\/www.strassenweb.de\/nachrichten\/eva-mendes-setzt-kleine-farbakzente-ein-um-eine-graue-kueche-zu-beleben-eine-gelungene-kombination\/"},"author":{"name":"Robert Hoffmann","@id":"https:\/\/www.strassenweb.de\/nachrichten\/#\/schema\/person\/87c9c9067f1211da429a744dc5a5aa41"},"headline":"Eva Mendes setzt kleine Farbakzente ein, um eine graue K\u00fcche zu beleben \u2013 eine gelungene Kombination","datePublished":"2024-10-21T17:48:53+00:00","dateModified":"2024-10-21T17:48:58+00:00","mainEntityOfPage":{"@id":"https:\/\/www.strassenweb.de\/nachrichten\/eva-mendes-setzt-kleine-farbakzente-ein-um-eine-graue-kueche-zu-beleben-eine-gelungene-kombination\/"},"wordCount":505,"publisher":{"@id":"https:\/\/www.strassenweb.de\/nachrichten\/#organization"},"image":{"@id":"https:\/\/www.strassenweb.de\/nachrichten\/eva-mendes-setzt-kleine-farbakzente-ein-um-eine-graue-kueche-zu-beleben-eine-gelungene-kombination\/#primaryimage"},"thumbnailUrl":"https:\/\/www.strassenweb.de\/nachrichten\/wp-content\/uploads\/2024\/10\/Eva-Mendes-setzt-kleine-Farbakzente-ein-um-eine-graue-Kueche.png","keywords":["beleben","ein","eine","Eva","Farbakzente","gelungene","graue","kleine","Kombination","K\u00fcche","Mendes","setzt"],"articleSection":["Haus &amp; Garten"],"inLanguage":"de"},{"@type":"WebPage","@id":"https:\/\/www.strassenweb.de\/nachrichten\/eva-mendes-setzt-kleine-farbakzente-ein-um-eine-graue-kueche-zu-beleben-eine-gelungene-kombination\/","url":"https:\/\/www.strassenweb.de\/nachrichten\/eva-mendes-setzt-kleine-farbakzente-ein-um-eine-graue-kueche-zu-beleben-eine-gelungene-kombination\/","name":"Eva Mendes setzt kleine Farbakzente ein, um eine graue K\u00fcche zu beleben \u2013 eine gelungene Kombination - Nachrichten - Stra\u00dfenweb","isPartOf":{"@id":"https:\/\/www.strassenweb.de\/nachrichten\/#website"},"primaryImageOfPage":{"@id":"https:\/\/www.strassenweb.de\/nachrichten\/eva-mendes-setzt-kleine-farbakzente-ein-um-eine-graue-kueche-zu-beleben-eine-gelungene-kombination\/#primaryimage"},"image":{"@id":"https:\/\/www.strassenweb.de\/nachrichten\/eva-mendes-setzt-kleine-farbakzente-ein-um-eine-graue-kueche-zu-beleben-eine-gelungene-kombination\/#primaryimage"},"thumbnailUrl":"https:\/\/www.strassenweb.de\/nachrichten\/wp-content\/uploads\/2024\/10\/Eva-Mendes-setzt-kleine-Farbakzente-ein-um-eine-graue-Kueche.png","datePublished":"2024-10-21T17:48:53+00:00","dateModified":"2024-10-21T17:48:58+00:00","breadcrumb":{"@id":"https:\/\/www.strassenweb.de\/nachrichten\/eva-mendes-setzt-kleine-farbakzente-ein-um-eine-graue-kueche-zu-beleben-eine-gelungene-kombination\/#breadcrumb"},"inLanguage":"de","potentialAction":[{"@type":"ReadAction","target":["https:\/\/www.strassenweb.de\/nachrichten\/eva-mendes-setzt-kleine-farbakzente-ein-um-eine-graue-kueche-zu-beleben-eine-gelungene-kombination\/"]}]},{"@type":"ImageObject","inLanguage":"de","@id":"https:\/\/www.strassenweb.de\/nachrichten\/eva-mendes-setzt-kleine-farbakzente-ein-um-eine-graue-kueche-zu-beleben-eine-gelungene-kombination\/#primaryimage","url":"https:\/\/www.strassenweb.de\/nachrichten\/wp-content\/uploads\/2024\/10\/Eva-Mendes-setzt-kleine-Farbakzente-ein-um-eine-graue-Kueche.png","contentUrl":"https:\/\/www.strassenweb.de\/nachrichten\/wp-content\/uploads\/2024\/10\/Eva-Mendes-setzt-kleine-Farbakzente-ein-um-eine-graue-Kueche.png","width":1200,"height":675,"caption":"Eva Mendes setzt kleine Farbakzente ein, um eine graue K\u00fcche zu beleben \u2013 eine gelungene Kombination"},{"@type":"BreadcrumbList","@id":"https:\/\/www.strassenweb.de\/nachrichten\/eva-mendes-setzt-kleine-farbakzente-ein-um-eine-graue-kueche-zu-beleben-eine-gelungene-kombination\/#breadcrumb","itemListElement":[{"@type":"ListItem","position":1,"name":"Home","item":"https:\/\/www.strassenweb.de\/nachrichten\/"},{"@type":"ListItem","position":2,"name":"Eva Mendes setzt kleine Farbakzente ein, um eine graue K\u00fcche zu beleben \u2013 eine gelungene Kombination"}]},{"@type":"WebSite","@id":"https:\/\/www.strassenweb.de\/nachrichten\/#website","url":"https:\/\/www.strassenweb.de\/nachrichten\/","name":"Stra\u00dfenweb","description":"Stra\u00dfenverzeichnis f\u00fcr Deutschland","publisher":{"@id":"https:\/\/www.strassenweb.de\/nachrichten\/#organization"},"potentialAction":[{"@type":"SearchAction","target":{"@type":"EntryPoint","urlTemplate":"https:\/\/www.strassenweb.de\/nachrichten\/?s={search_term_string}"},"query-input":{"@type":"PropertyValueSpecification","valueRequired":true,"valueName":"search_term_string"}}],"inLanguage":"de"},{"@type":"Organization","@id":"https:\/\/www.strassenweb.de\/nachrichten\/#organization","name":"Stra\u00dfenweb","url":"https:\/\/www.strassenweb.de\/nachrichten\/","logo":{"@type":"ImageObject","inLanguage":"de","@id":"https:\/\/www.strassenweb.de\/nachrichten\/#\/schema\/logo\/image\/","url":"https:\/\/www.strassenweb.de\/nachrichten\/wp-content\/uploads\/2024\/09\/cropped-favicon.png","contentUrl":"https:\/\/www.strassenweb.de\/nachrichten\/wp-content\/uploads\/2024\/09\/cropped-favicon.png","width":512,"height":512,"caption":"Stra\u00dfenweb"},"image":{"@id":"https:\/\/www.strassenweb.de\/nachrichten\/#\/schema\/logo\/image\/"},"sameAs":["https:\/\/www.facebook.com\/strassenweb\/"]},{"@type":"Person","@id":"https:\/\/www.strassenweb.de\/nachrichten\/#\/schema\/person\/87c9c9067f1211da429a744dc5a5aa41","name":"Robert Hoffmann","image":{"@type":"ImageObject","inLanguage":"de","@id":"https:\/\/www.strassenweb.de\/nachrichten\/wp-content\/uploads\/2024\/09\/strassenweb-150x150.jpg","url":"https:\/\/www.strassenweb.de\/nachrichten\/wp-content\/uploads\/2024\/09\/strassenweb-150x150.jpg","contentUrl":"https:\/\/www.strassenweb.de\/nachrichten\/wp-content\/uploads\/2024\/09\/strassenweb-150x150.jpg","caption":"Robert Hoffmann"},"description":"Ich hei\u00dfe Robert Hoffmann und ich bin ein leidenschaftlicher Verfechter von \u00d6kologie und Biodiversit\u00e4t. Seit meiner Kindheit in den W\u00e4ldern Bayerns f\u00fchle ich mich mit der Natur verbunden und bin entschlossen, sie zu sch\u00fctzen. Heute widme ich mein Leben der Sensibilisierung anderer f\u00fcr die Bedeutung des Umweltschutzes f\u00fcr zuk\u00fcnftige Generationen.","sameAs":["https:\/\/www.strassenweb.de\/"]}]}},"_links":{"self":[{"href":"https:\/\/www.strassenweb.de\/nachrichten\/wp-json\/wp\/v2\/posts\/1037","targetHints":{"allow":["GET"]}}],"collection":[{"href":"https:\/\/www.strassenweb.de\/nachrichten\/wp-json\/wp\/v2\/posts"}],"about":[{"href":"https:\/\/www.strassenweb.de\/nachrichten\/wp-json\/wp\/v2\/types\/post"}],"author":[{"embeddable":true,"href":"https:\/\/www.strassenweb.de\/nachrichten\/wp-json\/wp\/v2\/users\/1"}],"replies":[{"embeddable":true,"href":"https:\/\/www.strassenweb.de\/nachrichten\/wp-json\/wp\/v2\/comments?post=1037"}],"version-history":[{"count":0,"href":"https:\/\/www.strassenweb.de\/nachrichten\/wp-json\/wp\/v2\/posts\/1037\/revisions"}],"wp:featuredmedia":[{"embeddable":true,"href":"https:\/\/www.strassenweb.de\/nachrichten\/wp-json\/wp\/v2\/media\/1038"}],"wp:attachment":[{"href":"https:\/\/www.strassenweb.de\/nachrichten\/wp-json\/wp\/v2\/media?parent=1037"}],"wp:term":[{"taxonomy":"category","embeddable":true,"href":"https:\/\/www.strassenweb.de\/nachrichten\/wp-json\/wp\/v2\/categories?post=1037"},{"taxonomy":"post_tag","embeddable":true,"href":"https:\/\/www.strassenweb.de\/nachrichten\/wp-json\/wp\/v2\/tags?post=1037"}],"curies":[{"name":"wp","href":"https:\/\/api.w.org\/{rel}","templated":true}]}}