{"id":1035,"date":"2024-10-21T17:10:46","date_gmt":"2024-10-21T15:10:46","guid":{"rendered":"https:\/\/www.strassenweb.de\/nachrichten\/lokale-dachsesterben-sind-in-somerset-als-einem-der-fuenf-dachse-nahezu-unvermeidlich\/"},"modified":"2024-10-21T17:10:46","modified_gmt":"2024-10-21T15:10:46","slug":"lokale-dachsesterben-sind-in-somerset-als-einem-der-fuenf-dachse-nahezu-unvermeidlich","status":"publish","type":"post","link":"https:\/\/www.strassenweb.de\/nachrichten\/lokale-dachsesterben-sind-in-somerset-als-einem-der-fuenf-dachse-nahezu-unvermeidlich\/","title":{"rendered":"Lokale Dachsesterben sind in Somerset als einem der f\u00fcnf Dachse nahezu unvermeidlich."},"content":{"rendered":"<p id=\"m_-6580389065273686696m_-3755298410608927341m_2862979398990041289gmail-viewer-9j4wj520\">Neue von der Regierung ver\u00f6ffentlichte Zahlen zeigen, dass in England im Rahmen der umstrittenen und ineffektiven intensiven Dachskeulung, die am 30. August 2024 begann, \u00fcber 10.501 Dachse zum Schlachten markiert wurden.  <\/p>\n<p id=\"m_-6580389065273686696m_-3755298410608927341m_2862979398990041289gmail-viewer-kisr6523\">Addiert man diese Zahl zu den erwarteten T\u00f6tungszahlen f\u00fcr die bestehende zus\u00e4tzliche Dachskeulung im Jahr 2024, bedeutet dies, dass die Gesamtzahl der Dachse, die in diesem Jahr in England zur Schlachtung vorgesehen sind, nun bei bis zu 38.300 liegt. In Somerset wurden im Jahr 2024 insgesamt 1.795 Dachse zur Schlachtung bestimmt.<\/p>\n<p id=\"m_-6580389065273686696m_-3755298410608927341m_2862979398990041289gmail-viewer-fmukm526\">Die erstaunliche politische Entscheidung der Regierung, die Keulung in f\u00fcnf Gebieten fortzusetzen, in denen die Dachspopulationen bekannterma\u00dfen unter 30 % der Werte vor der Keulung liegen, macht das Aussterben vor Ort nahezu unvermeidlich.  Eines dieser Gebiete (Gebiet 70) liegt in Somerset \u2013 was bedeutet, dass Dachse in diesen Gebieten zum ersten Mal seit 250.000 Jahren verschwinden k\u00f6nnten.<br \/>Peter Hambly, Gesch\u00e4ftsf\u00fchrer von Badger Trust, sagte:<br \/>\u201eDas T\u00f6ten wilder, einheimischer Dachse in dieser Zahl ist der gr\u00f6\u00dfte Angriff auf die Natur und der unethischste Ansatz zum Tierschutz, den es je gab.\u201c  <\/p>\n<p>Im Gegensatz zu Schottland und Wales konzentriert sich England zu Unrecht auf den Dachs und f\u00fchrt eine ungerechtfertigte, grausame und wirkungslose T\u00f6tung durch.  Im Gegensatz zu Rindern werden Dachse vor der Schlachtung nicht einmal auf bTB getestet. Die j\u00fcngste staatliche Studie ergab, dass Rinder 800-mal h\u00e4ufiger bTB an Dachse \u00fcbertragen als Dachse an Rinder. Die Regierung muss das Vieh ordnungsgem\u00e4\u00df testen und impfen und darf nicht die Dachse t\u00f6ten, die nicht f\u00fcr die Ausbreitung verantwortlich sind.\u201c<\/p>\n<p>Die Situation in Somerset ist besonders besorgniserregend \u2013 diese Regierung, die in ihrem Manifest sagte, dass die Dachs-Keulung wirkungslos sei, k\u00f6nnte diejenige sein, die lokale Ausrottungsereignisse von Dachsen verursacht. Dies ist ein tragischer Tag f\u00fcr die Natur in Somerset \u2013 250.000 Jahre Dachse k\u00f6nnten in einigen Gebieten zu Ende gehen.\u201c<\/p>\n","protected":false},"excerpt":{"rendered":"<p>Neue von der Regierung ver\u00f6ffentlichte Zahlen zeigen, dass in England im Rahmen der umstrittenen und ineffektiven intensiven Dachskeulung, die am 30. August 2024 begann, \u00fcber<\/p>\n","protected":false},"author":1,"featured_media":96,"comment_status":"closed","ping_status":"","sticky":false,"template":"","format":"standard","meta":{"footnotes":""},"categories":[101],"tags":[935,1139,2012,81,22,1127,2011,2014,58,2013,2015],"class_list":["post-1035","post","type-post","status-publish","format-standard","has-post-thumbnail","hentry","category-oekologie","tag-als","tag-dachse","tag-dachsesterben","tag-der","tag-einem","tag-fuenf","tag-lokale","tag-nahezu","tag-sind","tag-somerset","tag-unvermeidlich","generate-columns","tablet-grid-50","mobile-grid-100","grid-parent","grid-50"],"yoast_head":"<!-- This site is optimized with the Yoast SEO plugin v27.3 - https:\/\/yoast.com\/product\/yoast-seo-wordpress\/ -->\n<title>Lokale Dachsesterben sind in Somerset als einem der f\u00fcnf Dachse nahezu unvermeidlich. - Nachrichten - Stra\u00dfenweb<\/title>\n<meta name=\"robots\" content=\"index, follow, max-snippet:-1, max-image-preview:large, max-video-preview:-1\" \/>\n<link rel=\"canonical\" href=\"https:\/\/www.strassenweb.de\/nachrichten\/lokale-dachsesterben-sind-in-somerset-als-einem-der-fuenf-dachse-nahezu-unvermeidlich\/\" \/>\n<meta property=\"og:locale\" content=\"de_DE\" \/>\n<meta property=\"og:type\" content=\"article\" \/>\n<meta property=\"og:title\" content=\"Lokale Dachsesterben sind in Somerset als einem der f\u00fcnf Dachse nahezu unvermeidlich. - Nachrichten - Stra\u00dfenweb\" \/>\n<meta property=\"og:description\" content=\"Neue von der Regierung ver\u00f6ffentlichte Zahlen zeigen, dass in England im Rahmen der umstrittenen und ineffektiven intensiven Dachskeulung, die am 30. August 2024 begann, \u00fcber\" \/>\n<meta property=\"og:url\" content=\"https:\/\/www.strassenweb.de\/nachrichten\/lokale-dachsesterben-sind-in-somerset-als-einem-der-fuenf-dachse-nahezu-unvermeidlich\/\" \/>\n<meta property=\"og:site_name\" content=\"Stra\u00dfenweb\" \/>\n<meta property=\"article:publisher\" content=\"https:\/\/www.facebook.com\/strassenweb\/\" \/>\n<meta property=\"article:published_time\" content=\"2024-10-21T15:10:46+00:00\" \/>\n<meta property=\"og:image\" content=\"https:\/\/www.strassenweb.de\/nachrichten\/wp-content\/uploads\/2024\/09\/Die-britische-Regierung-muss-sich-diese-Woche-erneut-mit-der.jpg\" \/>\n\t<meta property=\"og:image:width\" content=\"900\" \/>\n\t<meta property=\"og:image:height\" content=\"600\" \/>\n\t<meta property=\"og:image:type\" content=\"image\/jpeg\" \/>\n<meta name=\"author\" content=\"Robert Hoffmann\" \/>\n<meta name=\"twitter:card\" content=\"summary_large_image\" \/>\n<meta name=\"twitter:label1\" content=\"Verfasst von\" \/>\n\t<meta name=\"twitter:data1\" content=\"Robert Hoffmann\" \/>\n\t<meta name=\"twitter:label2\" content=\"Gesch\u00e4tzte Lesezeit\" \/>\n\t<meta name=\"twitter:data2\" content=\"2\u00a0Minuten\" \/>\n<script type=\"application\/ld+json\" class=\"yoast-schema-graph\">{\"@context\":\"https:\\\/\\\/schema.org\",\"@graph\":[{\"@type\":\"Article\",\"@id\":\"https:\\\/\\\/www.strassenweb.de\\\/nachrichten\\\/lokale-dachsesterben-sind-in-somerset-als-einem-der-fuenf-dachse-nahezu-unvermeidlich\\\/#article\",\"isPartOf\":{\"@id\":\"https:\\\/\\\/www.strassenweb.de\\\/nachrichten\\\/lokale-dachsesterben-sind-in-somerset-als-einem-der-fuenf-dachse-nahezu-unvermeidlich\\\/\"},\"author\":{\"name\":\"Robert Hoffmann\",\"@id\":\"https:\\\/\\\/www.strassenweb.de\\\/nachrichten\\\/#\\\/schema\\\/person\\\/87c9c9067f1211da429a744dc5a5aa41\"},\"headline\":\"Lokale Dachsesterben sind in Somerset als einem der f\u00fcnf Dachse nahezu unvermeidlich.\",\"datePublished\":\"2024-10-21T15:10:46+00:00\",\"mainEntityOfPage\":{\"@id\":\"https:\\\/\\\/www.strassenweb.de\\\/nachrichten\\\/lokale-dachsesterben-sind-in-somerset-als-einem-der-fuenf-dachse-nahezu-unvermeidlich\\\/\"},\"wordCount\":315,\"publisher\":{\"@id\":\"https:\\\/\\\/www.strassenweb.de\\\/nachrichten\\\/#organization\"},\"image\":{\"@id\":\"https:\\\/\\\/www.strassenweb.de\\\/nachrichten\\\/lokale-dachsesterben-sind-in-somerset-als-einem-der-fuenf-dachse-nahezu-unvermeidlich\\\/#primaryimage\"},\"thumbnailUrl\":\"https:\\\/\\\/www.strassenweb.de\\\/nachrichten\\\/wp-content\\\/uploads\\\/2024\\\/09\\\/Die-britische-Regierung-muss-sich-diese-Woche-erneut-mit-der.jpg\",\"keywords\":[\"als\",\"Dachse\",\"Dachsesterben\",\"der\",\"einem\",\"f\u00fcnf\",\"Lokale\",\"nahezu\",\"sind\",\"Somerset\",\"unvermeidlich\"],\"articleSection\":[\"\u00d6kologie\"],\"inLanguage\":\"de\"},{\"@type\":\"WebPage\",\"@id\":\"https:\\\/\\\/www.strassenweb.de\\\/nachrichten\\\/lokale-dachsesterben-sind-in-somerset-als-einem-der-fuenf-dachse-nahezu-unvermeidlich\\\/\",\"url\":\"https:\\\/\\\/www.strassenweb.de\\\/nachrichten\\\/lokale-dachsesterben-sind-in-somerset-als-einem-der-fuenf-dachse-nahezu-unvermeidlich\\\/\",\"name\":\"Lokale Dachsesterben sind in Somerset als einem der f\u00fcnf Dachse nahezu unvermeidlich. - Nachrichten - Stra\u00dfenweb\",\"isPartOf\":{\"@id\":\"https:\\\/\\\/www.strassenweb.de\\\/nachrichten\\\/#website\"},\"primaryImageOfPage\":{\"@id\":\"https:\\\/\\\/www.strassenweb.de\\\/nachrichten\\\/lokale-dachsesterben-sind-in-somerset-als-einem-der-fuenf-dachse-nahezu-unvermeidlich\\\/#primaryimage\"},\"image\":{\"@id\":\"https:\\\/\\\/www.strassenweb.de\\\/nachrichten\\\/lokale-dachsesterben-sind-in-somerset-als-einem-der-fuenf-dachse-nahezu-unvermeidlich\\\/#primaryimage\"},\"thumbnailUrl\":\"https:\\\/\\\/www.strassenweb.de\\\/nachrichten\\\/wp-content\\\/uploads\\\/2024\\\/09\\\/Die-britische-Regierung-muss-sich-diese-Woche-erneut-mit-der.jpg\",\"datePublished\":\"2024-10-21T15:10:46+00:00\",\"breadcrumb\":{\"@id\":\"https:\\\/\\\/www.strassenweb.de\\\/nachrichten\\\/lokale-dachsesterben-sind-in-somerset-als-einem-der-fuenf-dachse-nahezu-unvermeidlich\\\/#breadcrumb\"},\"inLanguage\":\"de\",\"potentialAction\":[{\"@type\":\"ReadAction\",\"target\":[\"https:\\\/\\\/www.strassenweb.de\\\/nachrichten\\\/lokale-dachsesterben-sind-in-somerset-als-einem-der-fuenf-dachse-nahezu-unvermeidlich\\\/\"]}]},{\"@type\":\"ImageObject\",\"inLanguage\":\"de\",\"@id\":\"https:\\\/\\\/www.strassenweb.de\\\/nachrichten\\\/lokale-dachsesterben-sind-in-somerset-als-einem-der-fuenf-dachse-nahezu-unvermeidlich\\\/#primaryimage\",\"url\":\"https:\\\/\\\/www.strassenweb.de\\\/nachrichten\\\/wp-content\\\/uploads\\\/2024\\\/09\\\/Die-britische-Regierung-muss-sich-diese-Woche-erneut-mit-der.jpg\",\"contentUrl\":\"https:\\\/\\\/www.strassenweb.de\\\/nachrichten\\\/wp-content\\\/uploads\\\/2024\\\/09\\\/Die-britische-Regierung-muss-sich-diese-Woche-erneut-mit-der.jpg\",\"width\":900,\"height\":600,\"caption\":\"The UK Government is back in front of the Bern Convention this week about its badger cull policy\"},{\"@type\":\"BreadcrumbList\",\"@id\":\"https:\\\/\\\/www.strassenweb.de\\\/nachrichten\\\/lokale-dachsesterben-sind-in-somerset-als-einem-der-fuenf-dachse-nahezu-unvermeidlich\\\/#breadcrumb\",\"itemListElement\":[{\"@type\":\"ListItem\",\"position\":1,\"name\":\"Home\",\"item\":\"https:\\\/\\\/www.strassenweb.de\\\/nachrichten\\\/\"},{\"@type\":\"ListItem\",\"position\":2,\"name\":\"Lokale Dachsesterben sind in Somerset als einem der f\u00fcnf Dachse nahezu unvermeidlich.\"}]},{\"@type\":\"WebSite\",\"@id\":\"https:\\\/\\\/www.strassenweb.de\\\/nachrichten\\\/#website\",\"url\":\"https:\\\/\\\/www.strassenweb.de\\\/nachrichten\\\/\",\"name\":\"Stra\u00dfenweb\",\"description\":\"Stra\u00dfenverzeichnis f\u00fcr Deutschland\",\"publisher\":{\"@id\":\"https:\\\/\\\/www.strassenweb.de\\\/nachrichten\\\/#organization\"},\"potentialAction\":[{\"@type\":\"SearchAction\",\"target\":{\"@type\":\"EntryPoint\",\"urlTemplate\":\"https:\\\/\\\/www.strassenweb.de\\\/nachrichten\\\/?s={search_term_string}\"},\"query-input\":{\"@type\":\"PropertyValueSpecification\",\"valueRequired\":true,\"valueName\":\"search_term_string\"}}],\"inLanguage\":\"de\"},{\"@type\":\"Organization\",\"@id\":\"https:\\\/\\\/www.strassenweb.de\\\/nachrichten\\\/#organization\",\"name\":\"Stra\u00dfenweb\",\"url\":\"https:\\\/\\\/www.strassenweb.de\\\/nachrichten\\\/\",\"logo\":{\"@type\":\"ImageObject\",\"inLanguage\":\"de\",\"@id\":\"https:\\\/\\\/www.strassenweb.de\\\/nachrichten\\\/#\\\/schema\\\/logo\\\/image\\\/\",\"url\":\"https:\\\/\\\/www.strassenweb.de\\\/nachrichten\\\/wp-content\\\/uploads\\\/2024\\\/09\\\/cropped-favicon.png\",\"contentUrl\":\"https:\\\/\\\/www.strassenweb.de\\\/nachrichten\\\/wp-content\\\/uploads\\\/2024\\\/09\\\/cropped-favicon.png\",\"width\":512,\"height\":512,\"caption\":\"Stra\u00dfenweb\"},\"image\":{\"@id\":\"https:\\\/\\\/www.strassenweb.de\\\/nachrichten\\\/#\\\/schema\\\/logo\\\/image\\\/\"},\"sameAs\":[\"https:\\\/\\\/www.facebook.com\\\/strassenweb\\\/\"]},{\"@type\":\"Person\",\"@id\":\"https:\\\/\\\/www.strassenweb.de\\\/nachrichten\\\/#\\\/schema\\\/person\\\/87c9c9067f1211da429a744dc5a5aa41\",\"name\":\"Robert Hoffmann\",\"image\":{\"@type\":\"ImageObject\",\"inLanguage\":\"de\",\"@id\":\"https:\\\/\\\/www.strassenweb.de\\\/nachrichten\\\/wp-content\\\/uploads\\\/2024\\\/09\\\/strassenweb-150x150.jpg\",\"url\":\"https:\\\/\\\/www.strassenweb.de\\\/nachrichten\\\/wp-content\\\/uploads\\\/2024\\\/09\\\/strassenweb-150x150.jpg\",\"contentUrl\":\"https:\\\/\\\/www.strassenweb.de\\\/nachrichten\\\/wp-content\\\/uploads\\\/2024\\\/09\\\/strassenweb-150x150.jpg\",\"caption\":\"Robert Hoffmann\"},\"description\":\"Ich hei\u00dfe Robert Hoffmann und ich bin ein leidenschaftlicher Verfechter von \u00d6kologie und Biodiversit\u00e4t. Seit meiner Kindheit in den W\u00e4ldern Bayerns f\u00fchle ich mich mit der Natur verbunden und bin entschlossen, sie zu sch\u00fctzen. Heute widme ich mein Leben der Sensibilisierung anderer f\u00fcr die Bedeutung des Umweltschutzes f\u00fcr zuk\u00fcnftige Generationen.\",\"sameAs\":[\"https:\\\/\\\/www.strassenweb.de\\\/\"]}]}<\/script>\n<!-- \/ Yoast SEO plugin. -->","yoast_head_json":{"title":"Lokale Dachsesterben sind in Somerset als einem der f\u00fcnf Dachse nahezu unvermeidlich. - Nachrichten - Stra\u00dfenweb","robots":{"index":"index","follow":"follow","max-snippet":"max-snippet:-1","max-image-preview":"max-image-preview:large","max-video-preview":"max-video-preview:-1"},"canonical":"https:\/\/www.strassenweb.de\/nachrichten\/lokale-dachsesterben-sind-in-somerset-als-einem-der-fuenf-dachse-nahezu-unvermeidlich\/","og_locale":"de_DE","og_type":"article","og_title":"Lokale Dachsesterben sind in Somerset als einem der f\u00fcnf Dachse nahezu unvermeidlich. - Nachrichten - Stra\u00dfenweb","og_description":"Neue von der Regierung ver\u00f6ffentlichte Zahlen zeigen, dass in England im Rahmen der umstrittenen und ineffektiven intensiven Dachskeulung, die am 30. August 2024 begann, \u00fcber","og_url":"https:\/\/www.strassenweb.de\/nachrichten\/lokale-dachsesterben-sind-in-somerset-als-einem-der-fuenf-dachse-nahezu-unvermeidlich\/","og_site_name":"Stra\u00dfenweb","article_publisher":"https:\/\/www.facebook.com\/strassenweb\/","article_published_time":"2024-10-21T15:10:46+00:00","og_image":[{"width":900,"height":600,"url":"https:\/\/www.strassenweb.de\/nachrichten\/wp-content\/uploads\/2024\/09\/Die-britische-Regierung-muss-sich-diese-Woche-erneut-mit-der.jpg","type":"image\/jpeg"}],"author":"Robert Hoffmann","twitter_card":"summary_large_image","twitter_misc":{"Verfasst von":"Robert Hoffmann","Gesch\u00e4tzte Lesezeit":"2\u00a0Minuten"},"schema":{"@context":"https:\/\/schema.org","@graph":[{"@type":"Article","@id":"https:\/\/www.strassenweb.de\/nachrichten\/lokale-dachsesterben-sind-in-somerset-als-einem-der-fuenf-dachse-nahezu-unvermeidlich\/#article","isPartOf":{"@id":"https:\/\/www.strassenweb.de\/nachrichten\/lokale-dachsesterben-sind-in-somerset-als-einem-der-fuenf-dachse-nahezu-unvermeidlich\/"},"author":{"name":"Robert Hoffmann","@id":"https:\/\/www.strassenweb.de\/nachrichten\/#\/schema\/person\/87c9c9067f1211da429a744dc5a5aa41"},"headline":"Lokale Dachsesterben sind in Somerset als einem der f\u00fcnf Dachse nahezu unvermeidlich.","datePublished":"2024-10-21T15:10:46+00:00","mainEntityOfPage":{"@id":"https:\/\/www.strassenweb.de\/nachrichten\/lokale-dachsesterben-sind-in-somerset-als-einem-der-fuenf-dachse-nahezu-unvermeidlich\/"},"wordCount":315,"publisher":{"@id":"https:\/\/www.strassenweb.de\/nachrichten\/#organization"},"image":{"@id":"https:\/\/www.strassenweb.de\/nachrichten\/lokale-dachsesterben-sind-in-somerset-als-einem-der-fuenf-dachse-nahezu-unvermeidlich\/#primaryimage"},"thumbnailUrl":"https:\/\/www.strassenweb.de\/nachrichten\/wp-content\/uploads\/2024\/09\/Die-britische-Regierung-muss-sich-diese-Woche-erneut-mit-der.jpg","keywords":["als","Dachse","Dachsesterben","der","einem","f\u00fcnf","Lokale","nahezu","sind","Somerset","unvermeidlich"],"articleSection":["\u00d6kologie"],"inLanguage":"de"},{"@type":"WebPage","@id":"https:\/\/www.strassenweb.de\/nachrichten\/lokale-dachsesterben-sind-in-somerset-als-einem-der-fuenf-dachse-nahezu-unvermeidlich\/","url":"https:\/\/www.strassenweb.de\/nachrichten\/lokale-dachsesterben-sind-in-somerset-als-einem-der-fuenf-dachse-nahezu-unvermeidlich\/","name":"Lokale Dachsesterben sind in Somerset als einem der f\u00fcnf Dachse nahezu unvermeidlich. - Nachrichten - Stra\u00dfenweb","isPartOf":{"@id":"https:\/\/www.strassenweb.de\/nachrichten\/#website"},"primaryImageOfPage":{"@id":"https:\/\/www.strassenweb.de\/nachrichten\/lokale-dachsesterben-sind-in-somerset-als-einem-der-fuenf-dachse-nahezu-unvermeidlich\/#primaryimage"},"image":{"@id":"https:\/\/www.strassenweb.de\/nachrichten\/lokale-dachsesterben-sind-in-somerset-als-einem-der-fuenf-dachse-nahezu-unvermeidlich\/#primaryimage"},"thumbnailUrl":"https:\/\/www.strassenweb.de\/nachrichten\/wp-content\/uploads\/2024\/09\/Die-britische-Regierung-muss-sich-diese-Woche-erneut-mit-der.jpg","datePublished":"2024-10-21T15:10:46+00:00","breadcrumb":{"@id":"https:\/\/www.strassenweb.de\/nachrichten\/lokale-dachsesterben-sind-in-somerset-als-einem-der-fuenf-dachse-nahezu-unvermeidlich\/#breadcrumb"},"inLanguage":"de","potentialAction":[{"@type":"ReadAction","target":["https:\/\/www.strassenweb.de\/nachrichten\/lokale-dachsesterben-sind-in-somerset-als-einem-der-fuenf-dachse-nahezu-unvermeidlich\/"]}]},{"@type":"ImageObject","inLanguage":"de","@id":"https:\/\/www.strassenweb.de\/nachrichten\/lokale-dachsesterben-sind-in-somerset-als-einem-der-fuenf-dachse-nahezu-unvermeidlich\/#primaryimage","url":"https:\/\/www.strassenweb.de\/nachrichten\/wp-content\/uploads\/2024\/09\/Die-britische-Regierung-muss-sich-diese-Woche-erneut-mit-der.jpg","contentUrl":"https:\/\/www.strassenweb.de\/nachrichten\/wp-content\/uploads\/2024\/09\/Die-britische-Regierung-muss-sich-diese-Woche-erneut-mit-der.jpg","width":900,"height":600,"caption":"The UK Government is back in front of the Bern Convention this week about its badger cull policy"},{"@type":"BreadcrumbList","@id":"https:\/\/www.strassenweb.de\/nachrichten\/lokale-dachsesterben-sind-in-somerset-als-einem-der-fuenf-dachse-nahezu-unvermeidlich\/#breadcrumb","itemListElement":[{"@type":"ListItem","position":1,"name":"Home","item":"https:\/\/www.strassenweb.de\/nachrichten\/"},{"@type":"ListItem","position":2,"name":"Lokale Dachsesterben sind in Somerset als einem der f\u00fcnf Dachse nahezu unvermeidlich."}]},{"@type":"WebSite","@id":"https:\/\/www.strassenweb.de\/nachrichten\/#website","url":"https:\/\/www.strassenweb.de\/nachrichten\/","name":"Stra\u00dfenweb","description":"Stra\u00dfenverzeichnis f\u00fcr Deutschland","publisher":{"@id":"https:\/\/www.strassenweb.de\/nachrichten\/#organization"},"potentialAction":[{"@type":"SearchAction","target":{"@type":"EntryPoint","urlTemplate":"https:\/\/www.strassenweb.de\/nachrichten\/?s={search_term_string}"},"query-input":{"@type":"PropertyValueSpecification","valueRequired":true,"valueName":"search_term_string"}}],"inLanguage":"de"},{"@type":"Organization","@id":"https:\/\/www.strassenweb.de\/nachrichten\/#organization","name":"Stra\u00dfenweb","url":"https:\/\/www.strassenweb.de\/nachrichten\/","logo":{"@type":"ImageObject","inLanguage":"de","@id":"https:\/\/www.strassenweb.de\/nachrichten\/#\/schema\/logo\/image\/","url":"https:\/\/www.strassenweb.de\/nachrichten\/wp-content\/uploads\/2024\/09\/cropped-favicon.png","contentUrl":"https:\/\/www.strassenweb.de\/nachrichten\/wp-content\/uploads\/2024\/09\/cropped-favicon.png","width":512,"height":512,"caption":"Stra\u00dfenweb"},"image":{"@id":"https:\/\/www.strassenweb.de\/nachrichten\/#\/schema\/logo\/image\/"},"sameAs":["https:\/\/www.facebook.com\/strassenweb\/"]},{"@type":"Person","@id":"https:\/\/www.strassenweb.de\/nachrichten\/#\/schema\/person\/87c9c9067f1211da429a744dc5a5aa41","name":"Robert Hoffmann","image":{"@type":"ImageObject","inLanguage":"de","@id":"https:\/\/www.strassenweb.de\/nachrichten\/wp-content\/uploads\/2024\/09\/strassenweb-150x150.jpg","url":"https:\/\/www.strassenweb.de\/nachrichten\/wp-content\/uploads\/2024\/09\/strassenweb-150x150.jpg","contentUrl":"https:\/\/www.strassenweb.de\/nachrichten\/wp-content\/uploads\/2024\/09\/strassenweb-150x150.jpg","caption":"Robert Hoffmann"},"description":"Ich hei\u00dfe Robert Hoffmann und ich bin ein leidenschaftlicher Verfechter von \u00d6kologie und Biodiversit\u00e4t. Seit meiner Kindheit in den W\u00e4ldern Bayerns f\u00fchle ich mich mit der Natur verbunden und bin entschlossen, sie zu sch\u00fctzen. Heute widme ich mein Leben der Sensibilisierung anderer f\u00fcr die Bedeutung des Umweltschutzes f\u00fcr zuk\u00fcnftige Generationen.","sameAs":["https:\/\/www.strassenweb.de\/"]}]}},"_links":{"self":[{"href":"https:\/\/www.strassenweb.de\/nachrichten\/wp-json\/wp\/v2\/posts\/1035","targetHints":{"allow":["GET"]}}],"collection":[{"href":"https:\/\/www.strassenweb.de\/nachrichten\/wp-json\/wp\/v2\/posts"}],"about":[{"href":"https:\/\/www.strassenweb.de\/nachrichten\/wp-json\/wp\/v2\/types\/post"}],"author":[{"embeddable":true,"href":"https:\/\/www.strassenweb.de\/nachrichten\/wp-json\/wp\/v2\/users\/1"}],"replies":[{"embeddable":true,"href":"https:\/\/www.strassenweb.de\/nachrichten\/wp-json\/wp\/v2\/comments?post=1035"}],"version-history":[{"count":0,"href":"https:\/\/www.strassenweb.de\/nachrichten\/wp-json\/wp\/v2\/posts\/1035\/revisions"}],"wp:featuredmedia":[{"embeddable":true,"href":"https:\/\/www.strassenweb.de\/nachrichten\/wp-json\/wp\/v2\/media\/96"}],"wp:attachment":[{"href":"https:\/\/www.strassenweb.de\/nachrichten\/wp-json\/wp\/v2\/media?parent=1035"}],"wp:term":[{"taxonomy":"category","embeddable":true,"href":"https:\/\/www.strassenweb.de\/nachrichten\/wp-json\/wp\/v2\/categories?post=1035"},{"taxonomy":"post_tag","embeddable":true,"href":"https:\/\/www.strassenweb.de\/nachrichten\/wp-json\/wp\/v2\/tags?post=1035"}],"curies":[{"name":"wp","href":"https:\/\/api.w.org\/{rel}","templated":true}]}}