{"id":10328,"date":"2026-01-03T09:39:48","date_gmt":"2026-01-03T08:39:48","guid":{"rendered":"https:\/\/www.strassenweb.de\/nachrichten\/beschneiden-sie-diese-obstbaeume-niemals-im-winter-sonst-gefaehrden-sie-ihre-zukunft-7-arten-von-denen-sie-im-januar-die-gartenschere-fernhalten-sollten\/"},"modified":"2026-01-03T09:39:49","modified_gmt":"2026-01-03T08:39:49","slug":"beschneiden-sie-diese-obstbaeume-niemals-im-winter-sonst-gefaehrden-sie-ihre-zukunft-7-arten-von-denen-sie-im-januar-die-gartenschere-fernhalten-sollten","status":"publish","type":"post","link":"https:\/\/www.strassenweb.de\/nachrichten\/beschneiden-sie-diese-obstbaeume-niemals-im-winter-sonst-gefaehrden-sie-ihre-zukunft-7-arten-von-denen-sie-im-januar-die-gartenschere-fernhalten-sollten\/","title":{"rendered":"Beschneiden Sie diese Obstb\u00e4ume niemals im Winter, sonst gef\u00e4hrden Sie ihre Zukunft \u2013 7 Arten, von denen Sie im Januar die Gartenschere fernhalten sollten"},"content":{"rendered":"<p><\/p>\n<div id=\"article-body\" class=\"article__body \">\n<div data-analytics-id=\"utility-bar\" analytics-name=\"utility-bar\" id=\"utility-bar\" class=\"flex justify-between items-center py-2 border-t border-b border-gray-300 border-solid mb-5 mx-auto min-(1024px):max-w-(670px)\" data-component-name=\"UtilityBar\" data-mrf-recirculation=\"utility-bar\">\n<div class=\"flex gap-2 text-(#333) subcontainer\">\n<div class=\"relative tooltip-container\" role=\"tooltip\">\n<button id=\"utilitybar__button--share\" type=\"button\" aria-label=\"Share this article\" aria-expanded=\"false\" aria-controls=\"utilitybar__dropdown--share\" aria-haspopup=\"true\" data-analytics-id=\"article-social\" analytics-label=\"utility-bar-share\" analytics-name=\"utility-bar\" data-component-name=\"UtilityBar:ShareArticle:Button\" class=\"relative text-inherit leading-none text-xs flex items-center gap-1\" data-mrf-recirculation=\"article-social\"><br \/>\n<svg class=\"m-auto size-5 text-inherit\" data-component-name=\"Icon\" aria-hidden=\"true\" width=\"23\" height=\"21\" viewbox=\"0 0 23 21\" fill=\"none\" xmlns=\"http:\/\/www.w3.org\/2000\/svg\">\n<path d=\"M13.8583 1.82131L18.7293 6.12806C20.6528 7.82875 21.6146 8.67912 21.6146 9.77454C21.6146 10.8701 20.6528 11.7204 18.7293 13.4211L13.8583 17.7279C12.9803 18.5041 12.5414 18.8923 12.1794 18.7306C11.8174 18.5689 11.8174 17.9847 11.8174 16.8162V13.9565C7.40295 13.9565 2.62061 16.0475 0.78125 19.5323C0.78125 8.38058 7.3212 5.59268 11.8174 5.59268V2.73294C11.8174 1.56445 11.8174 0.980213 12.1794 0.818536C12.5414 0.656859 12.9803 1.045 13.8583 1.82131Z\" stroke=\"#1B1B1B\" stroke-width=\"1.5625\" stroke-linecap=\"round\" stroke-linejoin=\"round\"><\/path>\n<\/svg><\/p>\n<p>Aktie<br \/>\n<\/button><\/p>\n<div data-component-name=\"Social:Dropdown\" role=\"menu\" id=\"utilitybar__dropdown--share\" aria-labelledby=\"utilitybar__button--share\" class=\"absolute left-0 top-full w-44 bg-white rounded-md shadow-md border border-neutral-200 z-(9996) list-none m-0 py-2 px-3 border-solid\" style=\"grid-area: social-icons;\">\n<span class=\"block px-3 py-2 text-sm font-bold border-b border-gray-300 border-solid text-neutral-900\">Teilen durch:<\/span><\/p>\n<ul class=\"!m-0\">\n<li class=\"!p-0 !m-0 list-none border-b border-gray-200 border-solid\">\n<button type=\"button\" onclick=\"navigator.clipboard.writeText(window.location.href).then(() =&gt; alert(Copy link)).catch(err =&gt; console.error('Failed to copy: ', err))\" data-platform=\"copy_link\" data-action=\"\" class=\"py-2 text-sm text-neutral-700 hover:bg-neutral-100 transition-colors no-underline block cursor-pointer border-0 bg-transparent hover:(&amp;_svg):filter-none w-full text-left normal-case\" aria-label=\"Copy link\" role=\"menuitem\" data-analytics-id=\"article-social\" analytics-label=\"utility-bar-social-share-copy-link\" analytics-name=\"utility-bar-secondary\" data-mrf-recirculation=\"article-social\"><br \/>\n<svg class=\"text-black size-8 w-6 h-6 inline-block mr-1.5\" data-component-name=\"Icon\" aria-hidden=\"true\" xmlns=\"http:\/\/www.w3.org\/2000\/svg\" fill=\"none\" viewbox=\"0 0 24 24\" stroke-width=\"1.5\" stroke=\"currentColor\" data-slot=\"icon\">\n<path stroke-linecap=\"round\" stroke-linejoin=\"round\" d=\"M13.19 8.688a4.5 4.5 0 0 1 1.242 7.244l-4.5 4.5a4.5 4.5 0 0 1-6.364-6.364l1.757-1.757m13.35-.622 1.757-1.757a4.5 4.5 0 0 0-6.364-6.364l-4.5 4.5a4.5 4.5 0 0 0 1.242 7.244\"><\/path>\n<\/svg><\/p>\n<p>Link kopieren<br \/>\n<\/button>\n<\/li>\n<li class=\"!p-0 !m-0 list-none border-b border-gray-200 border-solid\">\n<p><svg class=\"size-8 w-6 h-6 inline-block mr-1.5 text-primary-500\" data-component-name=\"Icon\" aria-hidden=\"true\" style=\"filter: grayscale(100%) brightness(60%) contrast(1000%)\" width=\"24\" height=\"24\" viewbox=\"0 0 24 24\" fill=\"none\" xmlns=\"http:\/\/www.w3.org\/2000\/svg\">\n<path fill-rule=\"evenodd\" clip-rule=\"evenodd\" d=\"M12 24C5.372 24 0 18.627 0 12C0 5.373 5.372 0 12 0C18.627 0 24 5.373 24 12C24 18.627 18.627 24 12 24Z\" fill=\"#3C5999\"><\/path>\n<path fill-rule=\"evenodd\" clip-rule=\"evenodd\" d=\"M13.0764 19H10.1804V12H8.73242V9.588H10.1804V8.141C10.1804 6.172 10.9964 5 13.3184 5H15.2504V7.414H14.0434C13.1384 7.414 13.0784 7.75 13.0784 8.379L13.0764 9.588H15.2654L15.0084 12H13.0764V19Z\" fill=\"white\"><\/path>\n<\/svg><\/p>\n<p>Facebook<\/p>\n<\/li>\n<li class=\"!p-0 !m-0 list-none border-b border-gray-200 border-solid\">\n<a rel=\"nofollow\" href=\"https:\/\/twitter.com\/intent\/tweet?text=Never+Prune+These+Fruit+Trees+in+Winter%2C+or+You%E2%80%99ll+Put+Their+Future+at+Risk+%E2%80%93+7+Species+to+Keep+the+Pruners+Away+From+This+January&amp;url=https%3A%2F%2Fwww.homesandgardens.com%2Fgardens%2Ffruit-trees-to-never-prune-in-january\" data-platform=\"X\" class=\"py-2 text-sm text-neutral-700 hover:bg-neutral-100 transition-colors no-underline block cursor-pointer border-0 bg-transparent hover:(&amp;_svg):filter-none\" aria-label=\"Share this page on X\" role=\"menuitem\" data-analytics-id=\"article-social\" analytics-label=\"utility-bar-social-share-X\" analytics-name=\"utility-bar-secondary\" target=\"_blank\" data-mrf-recirculation=\"article-social\"><br \/>\n<svg class=\"size-8 w-6 h-6 inline-block mr-1.5 text-primary-500\" data-component-name=\"Icon\" aria-hidden=\"true\" style=\"none\" width=\"24\" height=\"24\" viewbox=\"0 0 24 24\" fill=\"none\" xmlns=\"http:\/\/www.w3.org\/2000\/svg\">\n<path fill-rule=\"evenodd\" clip-rule=\"evenodd\" d=\"M12 24C5.372 24 0 18.627 0 12C0 5.373 5.372 0 12 0C18.627 0 24 5.373 24 12C24 18.627 18.627 24 12 24Z\" fill=\"black\"><\/path>\n<path d=\"M13.1403 11.0842L17.6068 6H16.5488L12.6689 10.4137L9.57237 6H6L10.6836 12.6749L6 18.0059H7.05804L11.1526 13.3439L14.4235 18.0059H17.9959M7.4399 6.78133H9.06534L16.548 17.2629H14.9221\" fill=\"white\"><\/path>\n<\/svg><\/p>\n<p>X<br \/>\n<\/a>\n<\/li>\n<li class=\"!p-0 !m-0 list-none border-b border-gray-200 border-solid sm:hidden\">\n<p><svg class=\"size-8 w-6 h-6 inline-block mr-1.5 text-primary-500\" data-component-name=\"Icon\" aria-hidden=\"true\" style=\"filter: grayscale(100%) brightness(60%) contrast(1000%)\" width=\"24\" height=\"24\" viewbox=\"0 0 24 24\" fill=\"none\" xmlns=\"http:\/\/www.w3.org\/2000\/svg\">\n<g clip-path=\"url(#clip0_7607_1303)\">\n<path d=\"M12 24C18.6274 24 24 18.6274 24 12C24 5.37258 18.6274 0 12 0C5.37258 0 0 5.37258 0 12C0 18.6274 5.37258 24 12 24Z\" fill=\"#25D366\"><\/path>\n<path d=\"M16.9074 7.03131C16.2656 6.38465 15.5016 5.87206 14.6599 5.52334C13.8182 5.17462 12.9155 4.99674 12.0044 5.00005C10.7864 5.00124 9.59004 5.32242 8.53521 5.93143C7.48037 6.54045 6.60407 7.41592 5.99404 8.47015C5.38402 9.5244 5.06169 10.7204 5.05933 11.9384C5.05697 13.1565 5.37467 14.3537 5.98061 15.4103L5 19.0088L8.6773 18.0457C9.69271 18.6106 10.8337 18.9117 11.9956 18.9213C13.8428 18.9213 15.6151 18.1917 16.9269 16.8914C18.2387 15.5911 18.9838 13.8252 19 11.9782C18.9939 11.0565 18.8058 10.1451 18.4467 9.29619C18.0877 8.4473 17.5645 7.67764 16.9074 7.03131ZM12.0044 17.7218C10.9692 17.7225 9.95298 17.4442 9.06254 16.9163L8.85241 16.7849L6.6723 17.3628L7.25016 15.2352L7.11007 15.0163C6.3652 13.8139 6.0872 12.38 6.32875 10.9863C6.57029 9.59269 7.31461 8.33602 8.42068 7.4544C9.52675 6.57278 10.9177 6.12745 12.3302 6.20278C13.7426 6.27809 15.0784 6.86883 16.0844 7.86308C17.1841 8.93842 17.8136 10.4052 17.8355 11.9431C17.8217 13.4805 17.2012 14.9502 16.1091 16.0325C15.0171 17.1146 13.5418 17.7218 12.0044 17.7218ZM15.1651 13.3966C14.99 13.309 14.1407 12.8887 13.9831 12.8362C13.8255 12.7837 13.7029 12.7486 13.5891 12.9238C13.4179 13.1585 13.2336 13.3835 13.0375 13.5979C12.9412 13.7205 12.8361 13.7293 12.661 13.5979C11.6627 13.2034 10.8309 12.4767 10.3058 11.5404C10.122 11.2339 10.4809 11.2515 10.8136 10.5948C10.8382 10.5474 10.851 10.4949 10.851 10.4416C10.851 10.3883 10.8382 10.3357 10.8136 10.2884C10.8136 10.2008 10.4196 9.34276 10.2795 9.0013C10.1395 8.65983 9.99937 8.71236 9.88555 8.70361H9.54409C9.45562 8.70497 9.36846 8.7252 9.28843 8.76295C9.20841 8.80069 9.13736 8.85509 9.08005 8.9225C8.88359 9.11352 8.73037 9.34444 8.63068 9.59968C8.531 9.85492 8.48719 10.1286 8.50219 10.4022C8.55709 11.0572 8.80375 11.6814 9.21138 12.1971C9.95752 13.3141 10.9801 14.219 12.1795 14.8237C12.8086 15.1909 13.5396 15.3445 14.2633 15.2615C14.5042 15.2137 14.7325 15.1157 14.9331 14.9738C15.1338 14.8321 15.3023 14.6496 15.4278 14.4385C15.544 14.1807 15.5806 13.8941 15.5328 13.6154C15.454 13.5279 15.3402 13.4841 15.1651 13.3966Z\" fill=\"white\"><\/path>\n<\/g>\n<defs>\n<clippath id=\"clip0_7607_1303\">\n<rect width=\"24\" height=\"24\" fill=\"white\"><\/rect>\n<\/clippath>\n<\/defs>\n<\/svg><\/p>\n<p>WhatsApp<\/p>\n<\/li>\n<li class=\"!p-0 !m-0 list-none border-b border-gray-200 border-solid\">\n<p><svg class=\"size-8 w-6 h-6 inline-block mr-1.5 text-primary-500\" data-component-name=\"Icon\" aria-hidden=\"true\" style=\"filter: grayscale(100%) brightness(60%) contrast(1000%)\" width=\"24\" height=\"24\" viewbox=\"0 0 24 24\" fill=\"none\" xmlns=\"http:\/\/www.w3.org\/2000\/svg\">\n<path fill-rule=\"evenodd\" clip-rule=\"evenodd\" d=\"M24 12C24 18.627 18.627 24 12 24C5.373 24 0 18.627 0 12C0 5.373 5.373 0 12 0C18.627 0 24 5.373 24 12\" fill=\"#BD091C\"><\/path>\n<path fill-rule=\"evenodd\" clip-rule=\"evenodd\" d=\"M12.33 6C8.51003 6 6.58203 8.739 6.58203 11.023C6.58203 12.406 7.10503 13.637 8.23003 14.096C8.41403 14.171 8.57803 14.099 8.63303 13.895C8.67003 13.753 8.75803 13.397 8.79703 13.249C8.85003 13.048 8.83003 12.977 8.68003 12.801C8.35703 12.419 8.15003 11.924 8.15003 11.224C8.15003 9.191 9.67003 7.372 12.109 7.372C14.267 7.372 15.455 8.692 15.455 10.454C15.455 12.772 14.43 14.729 12.906 14.729C12.064 14.729 11.434 14.034 11.637 13.181C11.879 12.162 12.346 11.062 12.346 10.327C12.346 9.669 11.992 9.12 11.262 9.12C10.402 9.12 9.71103 10.01 9.71103 11.201C9.71103 11.96 9.96703 12.474 9.96703 12.474C9.96703 12.474 9.08803 16.202 8.93403 16.855C8.62503 18.156 8.88703 19.751 8.90803 19.911C8.92203 20.007 9.04503 20.029 9.10003 19.958C9.18003 19.854 10.203 18.589 10.553 17.326C10.65 16.969 11.117 15.115 11.117 15.115C11.396 15.648 12.213 16.118 13.082 16.118C15.666 16.118 17.42 13.762 17.42 10.606C17.42 8.222 15.4 6 12.33 6\" fill=\"white\"><\/path>\n<\/svg><\/p>\n<p>Pinterest<\/p>\n<\/li>\n<li class=\"!p-0 !m-0 list-none border-b border-gray-200 border-solid\">\n<p><svg class=\"size-8 w-6 h-6 inline-block mr-1.5 text-primary-500\" data-component-name=\"Icon\" aria-hidden=\"true\" style=\"filter: grayscale(100%) brightness(60%) contrast(1000%)\" width=\"24\" height=\"24\" viewbox=\"0 0 24 24\" fill=\"none\" xmlns=\"http:\/\/www.w3.org\/2000\/svg\">\n<path fill-rule=\"evenodd\" clip-rule=\"evenodd\" d=\"M12 24C5.372 24 0 18.627 0 12C0 5.373 5.372 0 12 0C18.627 0 24 5.373 24 12C24 18.627 18.627 24 12 24Z\" fill=\"#F52929\"><\/path>\n<path d=\"M12.0007 5.99988H18V7.99823V9.9918H16.0066H14.0086L13.9936 11.9854L13.9836 13.9837L11.9855 13.9937L9.99214 14.0083L9.97714 16.0067L9.96714 18.0002H7.98367H6V12.0002V6.00024H11.9992L12.0007 5.99988Z\" fill=\"white\"><\/path>\n<\/svg><\/p>\n<p>Flipboard<\/p>\n<\/li>\n<\/ul>\n<\/div>\n<div class=\"max-sm:hidden tooltip absolute left-1\/2 bg-gray-900 text-white text-xs leading-none px-3 py-1.5 rounded-md z-(10001) whitespace-nowrap\" id=\"tooltip-share-this-article\" role=\"tooltip\" aria-hidden=\"true\">\n<p>Teilen Sie diesen Artikel\n<\/p><\/div>\n<\/div>\n<div class=\"relative tooltip-container\" role=\"tooltip\">\n<div class=\"max-sm:hidden tooltip absolute left-1\/2 bg-gray-900 text-white text-xs leading-none px-3 py-1.5 rounded-md z-(10001) whitespace-nowrap\" id=\"tooltip-join-the-conversation\" role=\"tooltip\" aria-hidden=\"true\">\n<p>Beteiligen Sie sich an der Unterhaltung\n<\/p><\/div>\n<\/div>\n<\/div>\n<div class=\"flex gap-2 text-(#333) subcontainer\">\n<div class=\"relative tooltip-container\" role=\"tooltip\">\n<p><svg class=\"inline-block m-auto size-5 text-inherit filter grayscale brightness-0 contrast-100\" data-component-name=\"Icon\" aria-hidden=\"true\" xmlns=\"http:\/\/www.w3.org\/2000\/svg\" width=\"20\" height=\"20\" fill=\"none\" viewbox=\"0 0 20 20\">\n<path fill=\"#4285F4\" d=\"M18.8 10.208c0-.65-.058-1.275-.167-1.875H10v3.55h4.933a4.226 4.226 0 0 1-1.841 2.759v2.308h2.975C17.8 15.35 18.8 13 18.8 10.208Z\"><\/path>\n<path fill=\"#34A853\" d=\"M10 19.167c2.475 0 4.55-.817 6.066-2.217l-2.975-2.308c-.816.55-1.858.883-3.091.883-2.384 0-4.409-1.608-5.134-3.775h-3.05v2.367c1.509 2.991 4.6 5.05 8.184 5.05Z\"><\/path>\n<path fill=\"#FBBC05\" d=\"M4.865 11.742A5.493 5.493 0 0 1 4.574 10c0-.608.108-1.192.291-1.742V5.892h-3.05A9.054 9.054 0 0 0 .832 10c0 1.483.358 2.875.983 4.108l2.375-1.85.675-.516Z\"><\/path>\n<path fill=\"#EA4335\" d=\"M10 4.483c1.35 0 2.55.467 3.508 1.367l2.625-2.625C14.541 1.742 12.475.833 10 .833c-3.584 0-6.675 2.059-8.184 5.059l3.05 2.366C5.591 6.092 7.616 4.483 10 4.483Z\"><\/path>\n<\/svg><\/p>\n<p>Folgen Sie uns<\/p>\n<div class=\"max-sm:hidden tooltip absolute left-1\/2 bg-gray-900 text-white text-xs leading-none px-3 py-1.5 rounded-md z-(10001) whitespace-nowrap\" id=\"tooltip-add-us-as-a-preferred-source-on-google\" role=\"tooltip\" aria-hidden=\"true\">\nF\u00fcgen Sie uns als bevorzugte Quelle bei Google hinzu\n<\/div>\n<\/div>\n<div class=\"relative tooltip-container\" role=\"tooltip\">\n<p><svg class=\"inline-block m-auto size-5 text-inherit\" data-component-name=\"Icon\" aria-hidden=\"true\" xmlns=\"http:\/\/www.w3.org\/2000\/svg\" fill=\"none\" viewbox=\"0 0 24 24\" stroke-width=\"1.5\" stroke=\"currentColor\" data-slot=\"icon\">\n<path stroke-linecap=\"round\" stroke-linejoin=\"round\" d=\"M21.75 6.75v10.5a2.25 2.25 0 0 1-2.25 2.25h-15a2.25 2.25 0 0 1-2.25-2.25V6.75m19.5 0A2.25 2.25 0 0 0 19.5 4.5h-15a2.25 2.25 0 0 0-2.25 2.25m19.5 0v.243a2.25 2.25 0 0 1-1.07 1.916l-7.5 4.615a2.25 2.25 0 0 1-2.36 0L3.32 8.91a2.25 2.25 0 0 1-1.07-1.916V6.75\"><\/path>\n<\/svg><\/p>\n<p>Newsletter<\/p>\n<div class=\"max-sm:hidden tooltip absolute left-1\/2 bg-gray-900 text-white text-xs leading-none px-3 py-1.5 rounded-md z-(10001) whitespace-nowrap\" id=\"tooltip-subscribe-to-our-newsletter\" role=\"tooltip\" aria-hidden=\"true\">\nAbonnieren Sie unseren Newsletter\n<\/div>\n<\/div>\n<\/div>\n<\/div>\n<p id=\"316ddb98-4b57-45ab-9adc-1e1b25dce7b6\">Ein heller Januartag bietet eine ideale Gelegenheit f\u00fcr einen Schnitt. Vorausgesetzt, es liegt weder Frost noch Schnee, gibt es Obstb\u00e4ume, die von einem Schnitt in diesem Monat profitieren k\u00f6nnen, aber nicht alle. Bestimmte Obstb\u00e4ume sollten im Januar niemals beschnitten werden, und hier verraten wir, welche auf dieser No-Go-Liste stehen.<\/p>\n<div id=\"ad-unit-1\" class=\"ad-unit\"><\/div>\n<p>F\u00fcr die Erhaltung hochwertiger Obstb\u00e4ume ist es wichtig zu wissen, wann Obstb\u00e4ume beschnitten werden m\u00fcssen und wann auf den Einsatz von Schnittwerkzeugen zu verzichten ist. Wenn Sie es richtig machen, haben Sie gesunde, wohlgeformte B\u00e4ume, die Rekordernten bringen. Wenn Sie jedoch etwas falsch machen, riskieren Sie, dass Obstb\u00e4ume anf\u00e4llig f\u00fcr Sch\u00e4dlinge und Krankheiten werden.<\/p>\n<p class=\"paywall\" aria-hidden=\"true\">Wir m\u00f6chten Ihnen helfen, Fehler beim Beschneiden von Obstb\u00e4umen zu vermeiden. Als professioneller G\u00e4rtner habe ich mich um eine Vielzahl von Obstb\u00e4umen gek\u00fcmmert, und hier verrate ich Ihnen sieben Obstb\u00e4ume, die Sie im Winter niemals beschneiden sollten. Wenn Sie diesen Januar einen Schnitt durchf\u00fchren m\u00f6chten, k\u00f6nnen Sie sicher sein, dass Sie die richtigen B\u00e4ume ausw\u00e4hlen.<\/p>\n<div class=\"van_vid_carousel\">\n<div class=\"van_vid_carousel__padding\">\n<div class=\"van_vid_carousel__container\"><\/div>\n<\/div>\n<\/div>\n<figure class=\"van-image-figure inline-layout \" data-bordeaux-image-check id=\"116bbbac-9b6c-4118-961a-6ec7d105af34\">\n<div class=\"image-full-width-wrapper\">\n<div class=\"image-widthsetter\" style=\"max-width:2400px;\"><\/div>\n<\/div>\n<\/figure>\n<h2 id=\"fruit-trees-never-to-prune-in-january-7-to-avoid-3\">Obstb\u00e4ume sollten im Januar niemals beschnitten werden \u2013 7. sollten Sie vermeiden<\/h2>\n<aside data-block-type=\"embed\" data-render-type=\"fte\" data-skip=\"dealsy\" data-widget-type=\"seasonal\" class=\"hawk-root\"><\/aside>\n<p id=\"15621556-c8a7-473e-9958-bb47857b9de8-0\">Man kann sich leicht daran erinnern, dass Obstb\u00e4ume mit Kernen im Winter routinem\u00e4\u00dfig beschnitten werden. Das bedeutet, dass Obstb\u00e4ume wie \u00c4pfel, Birnen und Quitten im Winter beschnitten werden m\u00fcssen, obwohl es zugegebenerma\u00dfen auch \u201ekernlose\u201c Obstb\u00e4ume gibt, die Sie w\u00e4hrend der Saison beschneiden k\u00f6nnen, darunter Maulbeeren, Mispeln und Jujubeb\u00e4ume. Halten Sie Ihre Schnittwerkzeuge vor dem Trimmen mit einem Werkzeugsch\u00e4rfer im Taschenformat wie diesem bei Amazon scharf.<\/p>\n<div id=\"ad-unit-2\" class=\"ad-unit\"><\/div>\n<p>Allerdings sollten Sie Steinfr\u00fcchte niemals im Winter beschneiden, da diese idealerweise bis zum sp\u00e4ten Fr\u00fchjahr belassen werden. Die Gr\u00fcnde daf\u00fcr werde ich sp\u00e4ter erl\u00e4utern. Aber es gibt neben Steinfr\u00fcchten auch andere, die man meiden sollte.<\/p>\n<p>In diesem Sinne sind die folgenden Obstb\u00e4ume aufgef\u00fchrt, die im Januar niemals beschnitten werden sollten. Ich verrate Ihnen, wann Sie die einzelnen Obstb\u00e4ume beschneiden m\u00fcssen, und gebe Ihnen ein paar Tipps zum Beschneiden der Obstb\u00e4ume.<\/p>\n<h3 class=\"article-body__section\" id=\"section-1-apricots\"><span>1. Aprikosen<\/span><\/h3>\n<figure class=\"van-image-figure inline-layout \" data-bordeaux-image-check id=\"7f4a6ffe-b5d2-42cf-9bd4-4e04ec8b6b65\">\n<div class=\"image-full-width-wrapper\">\n<div class=\"image-widthsetter\" style=\"max-width:2400px;\"><\/div>\n<\/div>\n<\/figure>\n<p id=\"fa4ca7df-7acb-4bb8-af56-ff21391f4780\">Aprikosenb\u00e4ume sind sonnenliebende Obstb\u00e4ume und viele G\u00e4rtner genie\u00dfen die k\u00f6stlichen, aromatischen Fr\u00fcchte frisch vom Baum. Sie k\u00f6nnen als eigenst\u00e4ndige Exemplare, als ausgebildete F\u00e4cher- oder Spalierb\u00e4ume wachsen und sind ideale Obstb\u00e4ume f\u00fcr den Anbau in T\u00f6pfen.<\/p>\n<div id=\"slice-container-newsletterForm-articleInbodyContent-WWCXmmWozZqTDWDggyxZH\" class=\"slice-container newsletter-inbodyContent-slice newsletterForm-articleInbodyContent-WWCXmmWozZqTDWDggyxZH slice-container-newsletterForm\"><\/div>\n<p>Wo auch immer Sie Aprikosenb\u00e4ume anbauen, sie m\u00fcssen regelm\u00e4\u00dfig beschnitten werden, da es sich um schnell wachsende Obstb\u00e4ume handelt. Wenn es darum geht, einen Aprikosenbaum zu beschneiden, tun Sie dies niemals im Winter, da er sonst anf\u00e4llig f\u00fcr Blattsilber und Krebs ist. Silberblatt ist eine Pilzkrankheit, die B\u00e4ume durch Schnittwunden bef\u00e4llt, und die Bakterien, die sie verursachen, treten im Winter h\u00e4ufiger auf.<\/p>\n<p>Die beste Vorgehensweise besteht darin, junge B\u00e4ume im Fr\u00fchjahr und etablierte Aprikosenb\u00e4ume im Sommer nach der Fruchtbildung zu beschneiden. Dieser Zeitpunkt beugt nicht nur Krankheiten vor, sondern tr\u00e4gt auch dazu bei, dass ein Aprikosenbaum reichlich Fr\u00fcchte tr\u00e4gt. Da Aprikosen Bl\u00fcten und Fr\u00fcchte an einj\u00e4hrigem Holz produzieren, gibt dieser Zeitpunkt dem Baum viel Zeit, Holz f\u00fcr die Ernte im n\u00e4chsten Jahr zu entwickeln.<\/p>\n<h3 class=\"article-body__section\" id=\"section-2-cherries\"><span>2. Kirschen<\/span><\/h3>\n<figure class=\"van-image-figure inline-layout \" data-bordeaux-image-check id=\"afc0eb3e-6289-4c7a-83bc-ade3dac62c62\">\n<div class=\"image-full-width-wrapper\">\n<div class=\"image-widthsetter\" style=\"max-width:2400px;\"><\/div>\n<\/div>\n<\/figure>\n<p id=\"44a05f10-f700-4742-ac4d-c2c01fbe1c05\">Wenn Sie einen Kirschbaum z\u00fcchten, wird es entweder eine S\u00fc\u00dfkirsche oder eine Sauerkirsche sein, und die Gruppe, zu der sie geh\u00f6ren, macht einen Unterschied beim Beschneiden eines Kirschbaums.<\/p>\n<p>Was sich jedoch nicht \u00e4ndert, ist der beste Zeitpunkt zum Trimmen. Dies ist der mittlere bis sp\u00e4te Sommer, Juli oder August, nachdem der Baum seine Fr\u00fcchte geerntet hat. Genau wie bei Aprikosen hilft dies, Blattsilber und Krebs vorzubeugen.<\/p>\n<p>Bakterienkrebs ist eine Krankheit, die alle Steinobstb\u00e4ume befallen kann, besonders aber Pflaumen und Kirschen bef\u00e4llt. Der Baum ist am resistentesten gegen die Bakterien, die ihn verursachen, wenn er im Sommer beschnitten wird, und am anf\u00e4lligsten, wenn er im Winter beschnitten wird.<\/p>\n<p>Der Unterschied beim Beschneiden besteht darin, dass S\u00fc\u00dfkirschen auf \u00e4lterem Holz und Sauerkirschen auf dem Wachstum der letzten Saison Fr\u00fcchte tragen. S\u00fc\u00dfkirschen m\u00fcssen leicht beschnitten und die Spitzen gek\u00fcrzt werden, um Fruchttriebe und Knospen zu f\u00f6rdern, w\u00e4hrend bei Sauerkirschen bis zu einem Viertel des \u00e4lteren Holzes zur\u00fcckgeschnitten und junge Triebe beschnitten werden m\u00fcssen, um die Verzweigung zu f\u00f6rdern.<\/p>\n<h3 class=\"article-body__section\" id=\"section-3-peaches\"><span>3. Pfirsiche <\/span><\/h3>\n<figure class=\"van-image-figure inline-layout \" data-bordeaux-image-check id=\"7295a4e1-59a1-4d05-9c49-7185e52bd402\">\n<div class=\"image-full-width-wrapper\">\n<div class=\"image-widthsetter\" style=\"max-width:2000px;\"><\/div>\n<\/div>\n<\/figure>\n<p id=\"46fc5bc2-0881-4cf9-aed8-fb8951493330\">Pfirsich- und Nektarinenb\u00e4ume lieben Sonne und W\u00e4rme und brauchen beides im \u00dcberfluss, um viele Fr\u00fcchte zu produzieren. Wenn Sie jedoch den Ehrgeiz hegen, einen bl\u00fchenden Pfirsichbaum zu haben, der kr\u00e4ftige Fr\u00fcchte tr\u00e4gt und gesund bleibt, k\u00f6nnen Sie sicherstellen, dass dieser Traum Wirklichkeit wird, wenn Sie wissen, wann Sie einen Pfirsichbaum beschneiden m\u00fcssen.<\/p>\n<p>Unabh\u00e4ngig davon, ob Sie das Gl\u00fcck haben, Pfirsichb\u00e4ume in w\u00e4rmeren Klimazonen im Freien oder in einem Gew\u00e4chshaus in milderen Zonen anzubauen und zu pflegen, sollten Sie sie im Fr\u00fchling oder Sommer beschneiden, jedoch niemals im Winter.<\/p>\n<p>Ein guter Zeitpunkt ist kurz bevor sie im Fr\u00fchling zu wachsen beginnen oder wenn sich die Knospen zum ersten Mal \u00f6ffnen. Wenn sie fr\u00fcher im Winter beschnitten werden, besteht bei Pfirsichen (und Nektarinen, die mit Pfirsichen verwandt sind und denselben Schnittrichtlinien unterliegen) die Gefahr von Blattsilber. Sie k\u00f6nnen sie auch nach der Fruchtbildung im Sommer beschneiden, um die Gr\u00f6\u00dfe zu kontrollieren und zu verhindern, dass der Baum zu kopflastig wird. Dies ist besonders wichtig, wenn Sie den Baum als F\u00e4cher- oder Spalierbaum kultivieren.<\/p>\n<p>Was den Schnitt eines Pfirsichbaums betrifft, so tr\u00e4gt er Fr\u00fcchte auf dem Holz der vorherigen Saison. Entfernen Sie daher abgestorbene, besch\u00e4digte und kranke \u00c4ste und reduzieren Sie das Wachstum der letzten Saison um etwa die H\u00e4lfte, damit die Knospen eine gro\u00dfe Ernte an Pfirsichen hervorbringen k\u00f6nnen.<\/p>\n<h3 class=\"article-body__section\" id=\"section-4-plums\"><span>4. Pflaumen <\/span><\/h3>\n<figure class=\"van-image-figure inline-layout \" data-bordeaux-image-check id=\"17d25901-97d6-43a9-a859-8921f62b0672\">\n<div class=\"image-full-width-wrapper\">\n<div class=\"image-widthsetter\" style=\"max-width:2000px;\"><\/div>\n<\/div>\n<\/figure>\n<p id=\"abaddf15-69b9-4f08-9d58-791318e06b74\">Es gibt viele Arten von Pflaumenb\u00e4umen, die in Dessert-, K\u00fcchen- und Mehrzweckfr\u00fcchte eingeteilt werden. Trotz aller Variationen, die es gibt, wenn Sie einen Pflaumenbaum z\u00fcchten m\u00f6chten, handelt es sich bei allen um Obstb\u00e4ume, die Sie niemals im Januar beschneiden sollten, vor allem wegen der ernsthaften Gefahr f\u00fcr ihre Gesundheit durch Blattsilber und Bakterienkrebs.<\/p>\n<p>Wann Pflaumenb\u00e4ume beschnitten werden m\u00fcssen, h\u00e4ngt von ihrem Alter ab. Junge Pflaumenb\u00e4ume, die bis zu drei Jahre alt sind, werden am besten im Fr\u00fchjahr geschnitten, wenn die Knospen zu brechen beginnen. W\u00e4hrend etablierte Pflaumenb\u00e4ume am besten im Hochsommer beschnitten werden.<\/p>\n<p>Was den Schnitt von Pflaumenb\u00e4umen angeht, ist die gute Nachricht, dass sie nach der Etablierung nicht viel Aufmerksamkeit ben\u00f6tigen. Entfernen Sie abgestorbene, kranke und besch\u00e4digte \u00c4ste sowie alle sich kreuzenden oder nach innen zum Stamm hin wachsenden \u00c4ste. Das Zur\u00fcckschneiden neuer Triebe auf 15 bis 20 cm f\u00f6rdert auch die Fruchtbildung und die vielen Knospen, wodurch ein Pflaumenbaum Fr\u00fcchte tragen kann.<\/p>\n<h3 class=\"article-body__section\" id=\"section-5-damsons\"><span>5. Zwetschgen<\/span><\/h3>\n<figure class=\"van-image-figure inline-layout \" data-bordeaux-image-check id=\"2f3e875c-ba13-4e81-a6bb-cc94545b2f13\">\n<div class=\"image-full-width-wrapper\">\n<div class=\"image-widthsetter\" style=\"max-width:2400px;\"><\/div>\n<\/div>\n<\/figure>\n<p id=\"52f17353-1ecd-43a9-b73d-4a48953886f8\">Zwetschgen sind eine Pflaumensorte, die h\u00e4rtere und kleinere Fr\u00fcchte hervorbringt als andere Sorten, die sich perfekt zum Kochen, zur Herstellung von Marmeladen und Gelees und sogar Lik\u00f6ren eignen. Das Beschneiden ist eine wichtige Aufgabe, um jedes Exemplar gesund zu halten und daf\u00fcr zu sorgen, dass ein Zwetschgenbaum reichlich Fr\u00fcchte tr\u00e4gt.<\/p>\n<p>Wenn Sie einen Zwetschgenbaum z\u00fcchten, erfolgt dieser R\u00fcckschnitt am besten im Sp\u00e4tfr\u00fchling oder Fr\u00fchsommer bei etablierten B\u00e4umen, um Blattsilber und Krebs vorzubeugen. Junge B\u00e4ume, die j\u00fcnger als drei Jahre sind, k\u00f6nnen im Fr\u00fchjahr jedoch leicht geformt werden.<\/p>\n<h3 class=\"article-body__section\" id=\"section-6-jackfruit\"><span>6. Jackfrucht<\/span><\/h3>\n<figure class=\"van-image-figure inline-layout \" data-bordeaux-image-check id=\"bba5b7a8-ef31-4b47-97b2-5288f7fee580\">\n<div class=\"image-full-width-wrapper\">\n<div class=\"image-widthsetter\" style=\"max-width:2400px;\"><\/div>\n<\/div>\n<\/figure>\n<p id=\"295575c7-92cb-4a3a-92f4-503957ed6280\">Es sind nicht nur Steinobstpflanzen, die man im Januar niemals beschneiden sollte; Es gibt andere Obstb\u00e4ume, die man nicht beschneiden sollte. Dazu geh\u00f6rt der Jackfruchtbaum, die gr\u00f6\u00dfte Baumfrucht der Welt, die bis zu 80 Pfund wiegen kann.<\/p>\n<p>Da Jackfr\u00fcchte heutzutage als Fleischersatz \u00e4u\u00dferst beliebt sind, bedeutet dies, dass viel mehr G\u00e4rtner daran interessiert sein k\u00f6nnten, diese tropischen Fr\u00fcchte zu Hause anzubauen. Und bei Fast Growing Trees k\u00f6nnen Sie einen lebenden Jackfruchtbaum erwerben. Jackfr\u00fcchte brauchen warmes Klima, um das ganze Jahr \u00fcber im Freien zu wachsen, k\u00f6nnen aber auch in Beh\u00e4ltern als Terrassenb\u00e4ume angebaut und f\u00fcr den Winter ins Haus gebracht werden.<\/p>\n<p>Regelm\u00e4\u00dfiges Beschneiden h\u00e4lt die Jackfrucht in Schach und sorgt daf\u00fcr, dass sie auf einer angemessenen H\u00f6he w\u00e4chst. Da sie an der Basis Fr\u00fcchte tragen, ist dieser Schnitt sinnvoll und stellt sicher, dass sie produktiv und handlich sind. Der beste Zeitpunkt zum Beschneiden ist nach der Fruchtbildung, oft im Sommer oder Fr\u00fchherbst, insbesondere wenn Sie den Baum in subtropischen oder milderen Klimazonen anbauen.<\/p>\n<h3 class=\"article-body__section\" id=\"section-7-mango\"><span>7. Mango<\/span><\/h3>\n<figure class=\"van-image-figure inline-layout \" data-bordeaux-image-check id=\"e7e146f5-4421-472d-93ad-18ce256869b5\">\n<div class=\"image-full-width-wrapper\">\n<div class=\"image-widthsetter\" style=\"max-width:2400px;\"><\/div>\n<\/div>\n<\/figure>\n<p id=\"4e56a91f-3654-444f-94a6-8dff2511a34e\">Mangob\u00e4ume gibt es in verschiedenen Gr\u00f6\u00dfen und bringen Fr\u00fcchte mit unterschiedlichen Geschmacksrichtungen hervor. Es ist vielleicht nicht notwendig, einen Mangobaum jedes Jahr zu beschneiden, aber er erfordert alle paar Jahre etwas Aufmerksamkeit, um zu verhindern, dass er au\u00dfer Kontrolle ger\u00e4t.<\/p>\n<p>Wenn Sie vorhaben, den Baum zu beschneiden, tragen Sie immer Handschuhe und lang\u00e4rmelige Kleidung (z. B. diese floralen Garten\u00e4rmel bei Amazon), um Ihre Haut vor Chemikalien im Baum zu sch\u00fctzen, die bekannterma\u00dfen Kontaktdermatitis verursachen.<\/p>\n<p>Wenn Sie Mangob\u00e4ume in w\u00e4rmeren Klimazonen in den USA anbauen, ist es am besten, sie nach der Ernte zu beschneiden und die Aufgabe vor Beginn des Winters abzuschlie\u00dfen. G\u00e4rtner in k\u00fchleren Klimazonen (und Mangos sind winterhart genug, um im Freien bis zur US-Winterh\u00e4rtezone 9 zu wachsen) schneiden die Mangos am besten im zeitigen Fr\u00fchjahr.<\/p>\n<p>Junge Mangob\u00e4ume m\u00fcssen beschnitten werden, um ein starkes Zweigger\u00fcst und eine offene Struktur zu entwickeln. Entfernen Sie nach der Etablierung abgestorbene, besch\u00e4digte und kranke \u00c4ste sowie alle \u00fcberf\u00fcllten St\u00e4mme in der Mitte des Baumes. Durch das Ausd\u00fcnnen einiger Zweige pro Jahr k\u00f6nnen Sie die Pflanze unter Kontrolle halten und Fr\u00fcchte tragen.<\/p>\n<hr id=\"d7743a1f-45a0-46cb-95bf-48e60ded0fd4\">\n<p id=\"1eef21cd-1645-4662-9828-b7bae8f2948a\">Wir haben hier \u00fcber Pflanzen gesprochen, die man im Januar niemals beschneiden sollte, aber was ist mit denen, die definitiv von einem Schnitt in diesem Monat profitieren werden? Nun, in diesem Leitfaden f\u00fcr Pflanzen, die im Januar beschnitten werden m\u00fcssen, werden Str\u00e4ucher und Weinreben vorgestellt, die Sie in diesem Monat beschneiden k\u00f6nnen und die Sie sp\u00e4ter in der Saison mit einer atemberaubenden Pracht belohnen werden.<\/p>\n<h2 id=\"shop-pruning-tools-3\">Kaufen Sie Schnittwerkzeuge<\/h2>\n<div class=\"product-container hero-product-container product-block-no-wrap\">\n<div class=\"product-block-row\"><\/div>\n<div class=\"product-block-row\"><\/div>\n<div class=\"product-block-row\"><\/div>\n<\/div>\n<div class=\"block\" id=\"articleTag\" data-component-name=\"PostArticleLinks\" data-nosnippet data-mrf-recirculation=\"post-article-links\">\n<div class=\"border-b border-b-black border-solid py-2.5 text-black font-bold uppercase\">THEMEN<\/div>\n<nav class=\"py-2.5 flex gap-2.5 flex-wrap\" data-analytics-id=\"article-tag\" data-mrf-recirculation=\"article-tag\">\n<p>Beschneidung<\/p>\n<\/nav>\n<\/div>\n<\/div>\n<p><script async src=\"https:\/\/platform.twitter.com\/widgets.js\" charset=\"utf-8\"><\/script><\/p>\n","protected":false},"excerpt":{"rendered":"<p>Aktie Teilen durch: Link kopieren Facebook X WhatsApp Pinterest Flipboard Teilen Sie diesen Artikel Beteiligen Sie sich an der Unterhaltung Folgen Sie uns F\u00fcgen Sie<\/p>\n","protected":false},"author":1,"featured_media":10329,"comment_status":"closed","ping_status":"","sticky":false,"template":"","format":"standard","meta":{"footnotes":""},"categories":[118],"tags":[228,445,2718,9,143,2801,701,4187,225,2639,444,2167,165,560,4827,21,204,1228],"class_list":["post-10328","post","type-post","status-publish","format-standard","has-post-thumbnail","hentry","category-haus-garten","tag-arten","tag-beschneiden","tag-denen","tag-die","tag-diese","tag-fernhalten","tag-gartenschere","tag-gefaehrden","tag-ihre","tag-januar","tag-niemals","tag-obstbaeume","tag-sie","tag-sollten","tag-sonst","tag-von","tag-winter","tag-zukunft","generate-columns","tablet-grid-50","mobile-grid-100","grid-parent","grid-50"],"yoast_head":"<!-- This site is optimized with the Yoast SEO plugin v27.3 - https:\/\/yoast.com\/product\/yoast-seo-wordpress\/ -->\n<title>Beschneiden Sie diese Obstb\u00e4ume niemals im Winter, sonst gef\u00e4hrden Sie ihre Zukunft \u2013 7 Arten, von denen Sie im Januar die Gartenschere fernhalten sollten - Nachrichten - Stra\u00dfenweb<\/title>\n<meta name=\"robots\" content=\"index, follow, max-snippet:-1, max-image-preview:large, max-video-preview:-1\" \/>\n<link rel=\"canonical\" href=\"https:\/\/www.strassenweb.de\/nachrichten\/beschneiden-sie-diese-obstbaeume-niemals-im-winter-sonst-gefaehrden-sie-ihre-zukunft-7-arten-von-denen-sie-im-januar-die-gartenschere-fernhalten-sollten\/\" \/>\n<meta property=\"og:locale\" content=\"de_DE\" \/>\n<meta property=\"og:type\" content=\"article\" \/>\n<meta property=\"og:title\" content=\"Beschneiden Sie diese Obstb\u00e4ume niemals im Winter, sonst gef\u00e4hrden Sie ihre Zukunft \u2013 7 Arten, von denen Sie im Januar die Gartenschere fernhalten sollten - Nachrichten - Stra\u00dfenweb\" \/>\n<meta property=\"og:description\" content=\"Aktie Teilen durch: Link kopieren Facebook X WhatsApp Pinterest Flipboard Teilen Sie diesen Artikel Beteiligen Sie sich an der Unterhaltung Folgen Sie uns F\u00fcgen Sie\" \/>\n<meta property=\"og:url\" content=\"https:\/\/www.strassenweb.de\/nachrichten\/beschneiden-sie-diese-obstbaeume-niemals-im-winter-sonst-gefaehrden-sie-ihre-zukunft-7-arten-von-denen-sie-im-januar-die-gartenschere-fernhalten-sollten\/\" \/>\n<meta property=\"og:site_name\" content=\"Stra\u00dfenweb\" \/>\n<meta property=\"article:publisher\" content=\"https:\/\/www.facebook.com\/strassenweb\/\" \/>\n<meta property=\"article:published_time\" content=\"2026-01-03T08:39:48+00:00\" \/>\n<meta property=\"article:modified_time\" content=\"2026-01-03T08:39:49+00:00\" \/>\n<meta property=\"og:image\" content=\"https:\/\/www.strassenweb.de\/nachrichten\/wp-content\/uploads\/2026\/01\/Beschneiden-Sie-diese-Obstbaeume-niemals-im-Winter-sonst-gefaehrden-Sie.jpg\" \/>\n\t<meta property=\"og:image:width\" content=\"1600\" \/>\n\t<meta property=\"og:image:height\" content=\"900\" \/>\n\t<meta property=\"og:image:type\" content=\"image\/jpeg\" \/>\n<meta name=\"author\" content=\"Robert Hoffmann\" \/>\n<meta name=\"twitter:card\" content=\"summary_large_image\" \/>\n<meta name=\"twitter:label1\" content=\"Verfasst von\" \/>\n\t<meta name=\"twitter:data1\" content=\"Robert Hoffmann\" \/>\n\t<meta name=\"twitter:label2\" content=\"Gesch\u00e4tzte Lesezeit\" \/>\n\t<meta name=\"twitter:data2\" content=\"9\u00a0Minuten\" \/>\n<script type=\"application\/ld+json\" class=\"yoast-schema-graph\">{\"@context\":\"https:\\\/\\\/schema.org\",\"@graph\":[{\"@type\":\"Article\",\"@id\":\"https:\\\/\\\/www.strassenweb.de\\\/nachrichten\\\/beschneiden-sie-diese-obstbaeume-niemals-im-winter-sonst-gefaehrden-sie-ihre-zukunft-7-arten-von-denen-sie-im-januar-die-gartenschere-fernhalten-sollten\\\/#article\",\"isPartOf\":{\"@id\":\"https:\\\/\\\/www.strassenweb.de\\\/nachrichten\\\/beschneiden-sie-diese-obstbaeume-niemals-im-winter-sonst-gefaehrden-sie-ihre-zukunft-7-arten-von-denen-sie-im-januar-die-gartenschere-fernhalten-sollten\\\/\"},\"author\":{\"name\":\"Robert Hoffmann\",\"@id\":\"https:\\\/\\\/www.strassenweb.de\\\/nachrichten\\\/#\\\/schema\\\/person\\\/87c9c9067f1211da429a744dc5a5aa41\"},\"headline\":\"Beschneiden Sie diese Obstb\u00e4ume niemals im Winter, sonst gef\u00e4hrden Sie ihre Zukunft \u2013 7 Arten, von denen Sie im Januar die Gartenschere fernhalten sollten\",\"datePublished\":\"2026-01-03T08:39:48+00:00\",\"dateModified\":\"2026-01-03T08:39:49+00:00\",\"mainEntityOfPage\":{\"@id\":\"https:\\\/\\\/www.strassenweb.de\\\/nachrichten\\\/beschneiden-sie-diese-obstbaeume-niemals-im-winter-sonst-gefaehrden-sie-ihre-zukunft-7-arten-von-denen-sie-im-januar-die-gartenschere-fernhalten-sollten\\\/\"},\"wordCount\":1774,\"publisher\":{\"@id\":\"https:\\\/\\\/www.strassenweb.de\\\/nachrichten\\\/#organization\"},\"image\":{\"@id\":\"https:\\\/\\\/www.strassenweb.de\\\/nachrichten\\\/beschneiden-sie-diese-obstbaeume-niemals-im-winter-sonst-gefaehrden-sie-ihre-zukunft-7-arten-von-denen-sie-im-januar-die-gartenschere-fernhalten-sollten\\\/#primaryimage\"},\"thumbnailUrl\":\"https:\\\/\\\/www.strassenweb.de\\\/nachrichten\\\/wp-content\\\/uploads\\\/2026\\\/01\\\/Beschneiden-Sie-diese-Obstbaeume-niemals-im-Winter-sonst-gefaehrden-Sie.jpg\",\"keywords\":[\"Arten\",\"beschneiden\",\"denen\",\"die\",\"diese\",\"fernhalten\",\"Gartenschere\",\"gef\u00e4hrden\",\"ihre\",\"Januar\",\"niemals\",\"Obstb\u00e4ume\",\"Sie\",\"sollten\",\"sonst\",\"von\",\"Winter\",\"Zukunft\"],\"articleSection\":[\"Haus &amp; Garten\"],\"inLanguage\":\"de\"},{\"@type\":\"WebPage\",\"@id\":\"https:\\\/\\\/www.strassenweb.de\\\/nachrichten\\\/beschneiden-sie-diese-obstbaeume-niemals-im-winter-sonst-gefaehrden-sie-ihre-zukunft-7-arten-von-denen-sie-im-januar-die-gartenschere-fernhalten-sollten\\\/\",\"url\":\"https:\\\/\\\/www.strassenweb.de\\\/nachrichten\\\/beschneiden-sie-diese-obstbaeume-niemals-im-winter-sonst-gefaehrden-sie-ihre-zukunft-7-arten-von-denen-sie-im-januar-die-gartenschere-fernhalten-sollten\\\/\",\"name\":\"Beschneiden Sie diese Obstb\u00e4ume niemals im Winter, sonst gef\u00e4hrden Sie ihre Zukunft \u2013 7 Arten, von denen Sie im Januar die Gartenschere fernhalten sollten - Nachrichten - Stra\u00dfenweb\",\"isPartOf\":{\"@id\":\"https:\\\/\\\/www.strassenweb.de\\\/nachrichten\\\/#website\"},\"primaryImageOfPage\":{\"@id\":\"https:\\\/\\\/www.strassenweb.de\\\/nachrichten\\\/beschneiden-sie-diese-obstbaeume-niemals-im-winter-sonst-gefaehrden-sie-ihre-zukunft-7-arten-von-denen-sie-im-januar-die-gartenschere-fernhalten-sollten\\\/#primaryimage\"},\"image\":{\"@id\":\"https:\\\/\\\/www.strassenweb.de\\\/nachrichten\\\/beschneiden-sie-diese-obstbaeume-niemals-im-winter-sonst-gefaehrden-sie-ihre-zukunft-7-arten-von-denen-sie-im-januar-die-gartenschere-fernhalten-sollten\\\/#primaryimage\"},\"thumbnailUrl\":\"https:\\\/\\\/www.strassenweb.de\\\/nachrichten\\\/wp-content\\\/uploads\\\/2026\\\/01\\\/Beschneiden-Sie-diese-Obstbaeume-niemals-im-Winter-sonst-gefaehrden-Sie.jpg\",\"datePublished\":\"2026-01-03T08:39:48+00:00\",\"dateModified\":\"2026-01-03T08:39:49+00:00\",\"breadcrumb\":{\"@id\":\"https:\\\/\\\/www.strassenweb.de\\\/nachrichten\\\/beschneiden-sie-diese-obstbaeume-niemals-im-winter-sonst-gefaehrden-sie-ihre-zukunft-7-arten-von-denen-sie-im-januar-die-gartenschere-fernhalten-sollten\\\/#breadcrumb\"},\"inLanguage\":\"de\",\"potentialAction\":[{\"@type\":\"ReadAction\",\"target\":[\"https:\\\/\\\/www.strassenweb.de\\\/nachrichten\\\/beschneiden-sie-diese-obstbaeume-niemals-im-winter-sonst-gefaehrden-sie-ihre-zukunft-7-arten-von-denen-sie-im-januar-die-gartenschere-fernhalten-sollten\\\/\"]}]},{\"@type\":\"ImageObject\",\"inLanguage\":\"de\",\"@id\":\"https:\\\/\\\/www.strassenweb.de\\\/nachrichten\\\/beschneiden-sie-diese-obstbaeume-niemals-im-winter-sonst-gefaehrden-sie-ihre-zukunft-7-arten-von-denen-sie-im-januar-die-gartenschere-fernhalten-sollten\\\/#primaryimage\",\"url\":\"https:\\\/\\\/www.strassenweb.de\\\/nachrichten\\\/wp-content\\\/uploads\\\/2026\\\/01\\\/Beschneiden-Sie-diese-Obstbaeume-niemals-im-Winter-sonst-gefaehrden-Sie.jpg\",\"contentUrl\":\"https:\\\/\\\/www.strassenweb.de\\\/nachrichten\\\/wp-content\\\/uploads\\\/2026\\\/01\\\/Beschneiden-Sie-diese-Obstbaeume-niemals-im-Winter-sonst-gefaehrden-Sie.jpg\",\"width\":1600,\"height\":900,\"caption\":\"A cluster of yellow apricots growing on a branch of a tree trained against a brick wall\"},{\"@type\":\"BreadcrumbList\",\"@id\":\"https:\\\/\\\/www.strassenweb.de\\\/nachrichten\\\/beschneiden-sie-diese-obstbaeume-niemals-im-winter-sonst-gefaehrden-sie-ihre-zukunft-7-arten-von-denen-sie-im-januar-die-gartenschere-fernhalten-sollten\\\/#breadcrumb\",\"itemListElement\":[{\"@type\":\"ListItem\",\"position\":1,\"name\":\"Home\",\"item\":\"https:\\\/\\\/www.strassenweb.de\\\/nachrichten\\\/\"},{\"@type\":\"ListItem\",\"position\":2,\"name\":\"Beschneiden Sie diese Obstb\u00e4ume niemals im Winter, sonst gef\u00e4hrden Sie ihre Zukunft \u2013 7 Arten, von denen Sie im Januar die Gartenschere fernhalten sollten\"}]},{\"@type\":\"WebSite\",\"@id\":\"https:\\\/\\\/www.strassenweb.de\\\/nachrichten\\\/#website\",\"url\":\"https:\\\/\\\/www.strassenweb.de\\\/nachrichten\\\/\",\"name\":\"Stra\u00dfenweb\",\"description\":\"Stra\u00dfenverzeichnis f\u00fcr Deutschland\",\"publisher\":{\"@id\":\"https:\\\/\\\/www.strassenweb.de\\\/nachrichten\\\/#organization\"},\"potentialAction\":[{\"@type\":\"SearchAction\",\"target\":{\"@type\":\"EntryPoint\",\"urlTemplate\":\"https:\\\/\\\/www.strassenweb.de\\\/nachrichten\\\/?s={search_term_string}\"},\"query-input\":{\"@type\":\"PropertyValueSpecification\",\"valueRequired\":true,\"valueName\":\"search_term_string\"}}],\"inLanguage\":\"de\"},{\"@type\":\"Organization\",\"@id\":\"https:\\\/\\\/www.strassenweb.de\\\/nachrichten\\\/#organization\",\"name\":\"Stra\u00dfenweb\",\"url\":\"https:\\\/\\\/www.strassenweb.de\\\/nachrichten\\\/\",\"logo\":{\"@type\":\"ImageObject\",\"inLanguage\":\"de\",\"@id\":\"https:\\\/\\\/www.strassenweb.de\\\/nachrichten\\\/#\\\/schema\\\/logo\\\/image\\\/\",\"url\":\"https:\\\/\\\/www.strassenweb.de\\\/nachrichten\\\/wp-content\\\/uploads\\\/2024\\\/09\\\/cropped-favicon.png\",\"contentUrl\":\"https:\\\/\\\/www.strassenweb.de\\\/nachrichten\\\/wp-content\\\/uploads\\\/2024\\\/09\\\/cropped-favicon.png\",\"width\":512,\"height\":512,\"caption\":\"Stra\u00dfenweb\"},\"image\":{\"@id\":\"https:\\\/\\\/www.strassenweb.de\\\/nachrichten\\\/#\\\/schema\\\/logo\\\/image\\\/\"},\"sameAs\":[\"https:\\\/\\\/www.facebook.com\\\/strassenweb\\\/\"]},{\"@type\":\"Person\",\"@id\":\"https:\\\/\\\/www.strassenweb.de\\\/nachrichten\\\/#\\\/schema\\\/person\\\/87c9c9067f1211da429a744dc5a5aa41\",\"name\":\"Robert Hoffmann\",\"image\":{\"@type\":\"ImageObject\",\"inLanguage\":\"de\",\"@id\":\"https:\\\/\\\/www.strassenweb.de\\\/nachrichten\\\/wp-content\\\/uploads\\\/2024\\\/09\\\/strassenweb-150x150.jpg\",\"url\":\"https:\\\/\\\/www.strassenweb.de\\\/nachrichten\\\/wp-content\\\/uploads\\\/2024\\\/09\\\/strassenweb-150x150.jpg\",\"contentUrl\":\"https:\\\/\\\/www.strassenweb.de\\\/nachrichten\\\/wp-content\\\/uploads\\\/2024\\\/09\\\/strassenweb-150x150.jpg\",\"caption\":\"Robert Hoffmann\"},\"description\":\"Ich hei\u00dfe Robert Hoffmann und ich bin ein leidenschaftlicher Verfechter von \u00d6kologie und Biodiversit\u00e4t. Seit meiner Kindheit in den W\u00e4ldern Bayerns f\u00fchle ich mich mit der Natur verbunden und bin entschlossen, sie zu sch\u00fctzen. Heute widme ich mein Leben der Sensibilisierung anderer f\u00fcr die Bedeutung des Umweltschutzes f\u00fcr zuk\u00fcnftige Generationen.\",\"sameAs\":[\"https:\\\/\\\/www.strassenweb.de\\\/\"]}]}<\/script>\n<!-- \/ Yoast SEO plugin. -->","yoast_head_json":{"title":"Beschneiden Sie diese Obstb\u00e4ume niemals im Winter, sonst gef\u00e4hrden Sie ihre Zukunft \u2013 7 Arten, von denen Sie im Januar die Gartenschere fernhalten sollten - Nachrichten - Stra\u00dfenweb","robots":{"index":"index","follow":"follow","max-snippet":"max-snippet:-1","max-image-preview":"max-image-preview:large","max-video-preview":"max-video-preview:-1"},"canonical":"https:\/\/www.strassenweb.de\/nachrichten\/beschneiden-sie-diese-obstbaeume-niemals-im-winter-sonst-gefaehrden-sie-ihre-zukunft-7-arten-von-denen-sie-im-januar-die-gartenschere-fernhalten-sollten\/","og_locale":"de_DE","og_type":"article","og_title":"Beschneiden Sie diese Obstb\u00e4ume niemals im Winter, sonst gef\u00e4hrden Sie ihre Zukunft \u2013 7 Arten, von denen Sie im Januar die Gartenschere fernhalten sollten - Nachrichten - Stra\u00dfenweb","og_description":"Aktie Teilen durch: Link kopieren Facebook X WhatsApp Pinterest Flipboard Teilen Sie diesen Artikel Beteiligen Sie sich an der Unterhaltung Folgen Sie uns F\u00fcgen Sie","og_url":"https:\/\/www.strassenweb.de\/nachrichten\/beschneiden-sie-diese-obstbaeume-niemals-im-winter-sonst-gefaehrden-sie-ihre-zukunft-7-arten-von-denen-sie-im-januar-die-gartenschere-fernhalten-sollten\/","og_site_name":"Stra\u00dfenweb","article_publisher":"https:\/\/www.facebook.com\/strassenweb\/","article_published_time":"2026-01-03T08:39:48+00:00","article_modified_time":"2026-01-03T08:39:49+00:00","og_image":[{"width":1600,"height":900,"url":"https:\/\/www.strassenweb.de\/nachrichten\/wp-content\/uploads\/2026\/01\/Beschneiden-Sie-diese-Obstbaeume-niemals-im-Winter-sonst-gefaehrden-Sie.jpg","type":"image\/jpeg"}],"author":"Robert Hoffmann","twitter_card":"summary_large_image","twitter_misc":{"Verfasst von":"Robert Hoffmann","Gesch\u00e4tzte Lesezeit":"9\u00a0Minuten"},"schema":{"@context":"https:\/\/schema.org","@graph":[{"@type":"Article","@id":"https:\/\/www.strassenweb.de\/nachrichten\/beschneiden-sie-diese-obstbaeume-niemals-im-winter-sonst-gefaehrden-sie-ihre-zukunft-7-arten-von-denen-sie-im-januar-die-gartenschere-fernhalten-sollten\/#article","isPartOf":{"@id":"https:\/\/www.strassenweb.de\/nachrichten\/beschneiden-sie-diese-obstbaeume-niemals-im-winter-sonst-gefaehrden-sie-ihre-zukunft-7-arten-von-denen-sie-im-januar-die-gartenschere-fernhalten-sollten\/"},"author":{"name":"Robert Hoffmann","@id":"https:\/\/www.strassenweb.de\/nachrichten\/#\/schema\/person\/87c9c9067f1211da429a744dc5a5aa41"},"headline":"Beschneiden Sie diese Obstb\u00e4ume niemals im Winter, sonst gef\u00e4hrden Sie ihre Zukunft \u2013 7 Arten, von denen Sie im Januar die Gartenschere fernhalten sollten","datePublished":"2026-01-03T08:39:48+00:00","dateModified":"2026-01-03T08:39:49+00:00","mainEntityOfPage":{"@id":"https:\/\/www.strassenweb.de\/nachrichten\/beschneiden-sie-diese-obstbaeume-niemals-im-winter-sonst-gefaehrden-sie-ihre-zukunft-7-arten-von-denen-sie-im-januar-die-gartenschere-fernhalten-sollten\/"},"wordCount":1774,"publisher":{"@id":"https:\/\/www.strassenweb.de\/nachrichten\/#organization"},"image":{"@id":"https:\/\/www.strassenweb.de\/nachrichten\/beschneiden-sie-diese-obstbaeume-niemals-im-winter-sonst-gefaehrden-sie-ihre-zukunft-7-arten-von-denen-sie-im-januar-die-gartenschere-fernhalten-sollten\/#primaryimage"},"thumbnailUrl":"https:\/\/www.strassenweb.de\/nachrichten\/wp-content\/uploads\/2026\/01\/Beschneiden-Sie-diese-Obstbaeume-niemals-im-Winter-sonst-gefaehrden-Sie.jpg","keywords":["Arten","beschneiden","denen","die","diese","fernhalten","Gartenschere","gef\u00e4hrden","ihre","Januar","niemals","Obstb\u00e4ume","Sie","sollten","sonst","von","Winter","Zukunft"],"articleSection":["Haus &amp; Garten"],"inLanguage":"de"},{"@type":"WebPage","@id":"https:\/\/www.strassenweb.de\/nachrichten\/beschneiden-sie-diese-obstbaeume-niemals-im-winter-sonst-gefaehrden-sie-ihre-zukunft-7-arten-von-denen-sie-im-januar-die-gartenschere-fernhalten-sollten\/","url":"https:\/\/www.strassenweb.de\/nachrichten\/beschneiden-sie-diese-obstbaeume-niemals-im-winter-sonst-gefaehrden-sie-ihre-zukunft-7-arten-von-denen-sie-im-januar-die-gartenschere-fernhalten-sollten\/","name":"Beschneiden Sie diese Obstb\u00e4ume niemals im Winter, sonst gef\u00e4hrden Sie ihre Zukunft \u2013 7 Arten, von denen Sie im Januar die Gartenschere fernhalten sollten - Nachrichten - Stra\u00dfenweb","isPartOf":{"@id":"https:\/\/www.strassenweb.de\/nachrichten\/#website"},"primaryImageOfPage":{"@id":"https:\/\/www.strassenweb.de\/nachrichten\/beschneiden-sie-diese-obstbaeume-niemals-im-winter-sonst-gefaehrden-sie-ihre-zukunft-7-arten-von-denen-sie-im-januar-die-gartenschere-fernhalten-sollten\/#primaryimage"},"image":{"@id":"https:\/\/www.strassenweb.de\/nachrichten\/beschneiden-sie-diese-obstbaeume-niemals-im-winter-sonst-gefaehrden-sie-ihre-zukunft-7-arten-von-denen-sie-im-januar-die-gartenschere-fernhalten-sollten\/#primaryimage"},"thumbnailUrl":"https:\/\/www.strassenweb.de\/nachrichten\/wp-content\/uploads\/2026\/01\/Beschneiden-Sie-diese-Obstbaeume-niemals-im-Winter-sonst-gefaehrden-Sie.jpg","datePublished":"2026-01-03T08:39:48+00:00","dateModified":"2026-01-03T08:39:49+00:00","breadcrumb":{"@id":"https:\/\/www.strassenweb.de\/nachrichten\/beschneiden-sie-diese-obstbaeume-niemals-im-winter-sonst-gefaehrden-sie-ihre-zukunft-7-arten-von-denen-sie-im-januar-die-gartenschere-fernhalten-sollten\/#breadcrumb"},"inLanguage":"de","potentialAction":[{"@type":"ReadAction","target":["https:\/\/www.strassenweb.de\/nachrichten\/beschneiden-sie-diese-obstbaeume-niemals-im-winter-sonst-gefaehrden-sie-ihre-zukunft-7-arten-von-denen-sie-im-januar-die-gartenschere-fernhalten-sollten\/"]}]},{"@type":"ImageObject","inLanguage":"de","@id":"https:\/\/www.strassenweb.de\/nachrichten\/beschneiden-sie-diese-obstbaeume-niemals-im-winter-sonst-gefaehrden-sie-ihre-zukunft-7-arten-von-denen-sie-im-januar-die-gartenschere-fernhalten-sollten\/#primaryimage","url":"https:\/\/www.strassenweb.de\/nachrichten\/wp-content\/uploads\/2026\/01\/Beschneiden-Sie-diese-Obstbaeume-niemals-im-Winter-sonst-gefaehrden-Sie.jpg","contentUrl":"https:\/\/www.strassenweb.de\/nachrichten\/wp-content\/uploads\/2026\/01\/Beschneiden-Sie-diese-Obstbaeume-niemals-im-Winter-sonst-gefaehrden-Sie.jpg","width":1600,"height":900,"caption":"A cluster of yellow apricots growing on a branch of a tree trained against a brick wall"},{"@type":"BreadcrumbList","@id":"https:\/\/www.strassenweb.de\/nachrichten\/beschneiden-sie-diese-obstbaeume-niemals-im-winter-sonst-gefaehrden-sie-ihre-zukunft-7-arten-von-denen-sie-im-januar-die-gartenschere-fernhalten-sollten\/#breadcrumb","itemListElement":[{"@type":"ListItem","position":1,"name":"Home","item":"https:\/\/www.strassenweb.de\/nachrichten\/"},{"@type":"ListItem","position":2,"name":"Beschneiden Sie diese Obstb\u00e4ume niemals im Winter, sonst gef\u00e4hrden Sie ihre Zukunft \u2013 7 Arten, von denen Sie im Januar die Gartenschere fernhalten sollten"}]},{"@type":"WebSite","@id":"https:\/\/www.strassenweb.de\/nachrichten\/#website","url":"https:\/\/www.strassenweb.de\/nachrichten\/","name":"Stra\u00dfenweb","description":"Stra\u00dfenverzeichnis f\u00fcr Deutschland","publisher":{"@id":"https:\/\/www.strassenweb.de\/nachrichten\/#organization"},"potentialAction":[{"@type":"SearchAction","target":{"@type":"EntryPoint","urlTemplate":"https:\/\/www.strassenweb.de\/nachrichten\/?s={search_term_string}"},"query-input":{"@type":"PropertyValueSpecification","valueRequired":true,"valueName":"search_term_string"}}],"inLanguage":"de"},{"@type":"Organization","@id":"https:\/\/www.strassenweb.de\/nachrichten\/#organization","name":"Stra\u00dfenweb","url":"https:\/\/www.strassenweb.de\/nachrichten\/","logo":{"@type":"ImageObject","inLanguage":"de","@id":"https:\/\/www.strassenweb.de\/nachrichten\/#\/schema\/logo\/image\/","url":"https:\/\/www.strassenweb.de\/nachrichten\/wp-content\/uploads\/2024\/09\/cropped-favicon.png","contentUrl":"https:\/\/www.strassenweb.de\/nachrichten\/wp-content\/uploads\/2024\/09\/cropped-favicon.png","width":512,"height":512,"caption":"Stra\u00dfenweb"},"image":{"@id":"https:\/\/www.strassenweb.de\/nachrichten\/#\/schema\/logo\/image\/"},"sameAs":["https:\/\/www.facebook.com\/strassenweb\/"]},{"@type":"Person","@id":"https:\/\/www.strassenweb.de\/nachrichten\/#\/schema\/person\/87c9c9067f1211da429a744dc5a5aa41","name":"Robert Hoffmann","image":{"@type":"ImageObject","inLanguage":"de","@id":"https:\/\/www.strassenweb.de\/nachrichten\/wp-content\/uploads\/2024\/09\/strassenweb-150x150.jpg","url":"https:\/\/www.strassenweb.de\/nachrichten\/wp-content\/uploads\/2024\/09\/strassenweb-150x150.jpg","contentUrl":"https:\/\/www.strassenweb.de\/nachrichten\/wp-content\/uploads\/2024\/09\/strassenweb-150x150.jpg","caption":"Robert Hoffmann"},"description":"Ich hei\u00dfe Robert Hoffmann und ich bin ein leidenschaftlicher Verfechter von \u00d6kologie und Biodiversit\u00e4t. Seit meiner Kindheit in den W\u00e4ldern Bayerns f\u00fchle ich mich mit der Natur verbunden und bin entschlossen, sie zu sch\u00fctzen. Heute widme ich mein Leben der Sensibilisierung anderer f\u00fcr die Bedeutung des Umweltschutzes f\u00fcr zuk\u00fcnftige Generationen.","sameAs":["https:\/\/www.strassenweb.de\/"]}]}},"_links":{"self":[{"href":"https:\/\/www.strassenweb.de\/nachrichten\/wp-json\/wp\/v2\/posts\/10328","targetHints":{"allow":["GET"]}}],"collection":[{"href":"https:\/\/www.strassenweb.de\/nachrichten\/wp-json\/wp\/v2\/posts"}],"about":[{"href":"https:\/\/www.strassenweb.de\/nachrichten\/wp-json\/wp\/v2\/types\/post"}],"author":[{"embeddable":true,"href":"https:\/\/www.strassenweb.de\/nachrichten\/wp-json\/wp\/v2\/users\/1"}],"replies":[{"embeddable":true,"href":"https:\/\/www.strassenweb.de\/nachrichten\/wp-json\/wp\/v2\/comments?post=10328"}],"version-history":[{"count":0,"href":"https:\/\/www.strassenweb.de\/nachrichten\/wp-json\/wp\/v2\/posts\/10328\/revisions"}],"wp:featuredmedia":[{"embeddable":true,"href":"https:\/\/www.strassenweb.de\/nachrichten\/wp-json\/wp\/v2\/media\/10329"}],"wp:attachment":[{"href":"https:\/\/www.strassenweb.de\/nachrichten\/wp-json\/wp\/v2\/media?parent=10328"}],"wp:term":[{"taxonomy":"category","embeddable":true,"href":"https:\/\/www.strassenweb.de\/nachrichten\/wp-json\/wp\/v2\/categories?post=10328"},{"taxonomy":"post_tag","embeddable":true,"href":"https:\/\/www.strassenweb.de\/nachrichten\/wp-json\/wp\/v2\/tags?post=10328"}],"curies":[{"name":"wp","href":"https:\/\/api.w.org\/{rel}","templated":true}]}}