{"id":1029,"date":"2024-10-21T11:46:16","date_gmt":"2024-10-21T09:46:16","guid":{"rendered":"https:\/\/www.strassenweb.de\/nachrichten\/claudia-schiffer-hat-ihre-neue-geschirrkollektion-nach-ihrer-mutter-benannt-die-sentimentalen-stuecke-eignen-sich-perfekt-fuer-den-herbstlichen-tischgedeck\/"},"modified":"2024-10-21T11:46:17","modified_gmt":"2024-10-21T09:46:17","slug":"claudia-schiffer-hat-ihre-neue-geschirrkollektion-nach-ihrer-mutter-benannt-die-sentimentalen-stuecke-eignen-sich-perfekt-fuer-den-herbstlichen-tischgedeck","status":"publish","type":"post","link":"https:\/\/www.strassenweb.de\/nachrichten\/claudia-schiffer-hat-ihre-neue-geschirrkollektion-nach-ihrer-mutter-benannt-die-sentimentalen-stuecke-eignen-sich-perfekt-fuer-den-herbstlichen-tischgedeck\/","title":{"rendered":"Claudia Schiffer hat ihre neue Geschirrkollektion nach ihrer Mutter benannt \u2013 die sentimentalen St\u00fccke eignen sich perfekt f\u00fcr den herbstlichen Tischgedeck"},"content":{"rendered":"<p><\/p>\n<div id=\"article-body\" class=\"article__body \">\n<p>Claudia Schiffers wichtigstes Accessoire auf dem roten Teppich ist zwar ihre entz\u00fcckende Katze Chip, aber der Argyle-Star hat k\u00fcrzlich den Herbst mit einer neuen Kollektion von K\u00fcchenartikeln er\u00f6ffnet.<\/p>\n<div id=\"ad-unit-1\" class=\"ad-unit\"><\/div>\n<p>Der Schauspieler und Model, der in der Vergangenheit mit Bordallo Pinheiro zusammengearbeitet hat, hat gerade die Gudrun-Kollektion vorgestellt, die sich auf wundersch\u00f6ne Herbstdekoration in saisonalen Farben und gl\u00e4nzenden Oberfl\u00e4chen konzentriert.<\/p>\n<aside class=\"hawk-nest\" data-block-type=\"embed\" data-render-type=\"fte\" data-skip=\"dealsy\" data-widget-type=\"seasonal\">\n<div class=\"hawk-master-widget-hawk-base-wrapper\"><\/div>\n<\/aside>\n<p>Herbstdekoration kann in vielen Formen auftreten, und w\u00e4hrend Schiffers Kollektion mit blatt- und eichelf\u00f6rmigen Accessoires einen w\u00f6rtlichen Ansatz verfolgt, sind wir davon \u00fcberzeugt, dass Farben, Materialien und sogar D\u00fcfte die Herbststimmung hervorrufen k\u00f6nnen. Satte Braunt\u00f6ne, weiche Samtstoffe und D\u00fcfte, die an Backwaren und frische Luft erinnern, sind bei der Herbstdekoration unerl\u00e4sslich. Deshalb k\u00f6nnen es viele von uns kaum erwarten, f\u00fcr die Saison zu dekorieren. Schiffer selbst ist ein Fan dieser Jahreszeit.<\/p>\n<div id=\"desktop-in-article\" class=\"in-article ad-unit\">\n<div id=\"desktop-taboola-mid-article\"><\/div>\n<\/div>\n<div id=\"mobile-in-article\" class=\"in-article ad-unit\">\n<div id=\"mobile-taboola-mid-article\"><\/div>\n<\/div>\n<div class=\"instagram-embed\">\n<blockquote class=\"instagram-media\" data-instgrm-captioned data-instgrm-version=\"6\" style=\"width:99.375%; width:-webkit-calc(100% - 2px); width:calc(100% - 2px);\">\n<p>Ein Beitrag geteilt von Claudia Schiffer (@claudiaschiffer)<\/p>\n<p>Ein Foto gepostet von am <\/p>\n<\/blockquote>\n<\/div>\n<p>\u201eDer Herbst mit seinen fallenden Bl\u00e4ttern und Eicheln hat einen besonderen Platz in meinem Herzen\u201c, erkl\u00e4rt Schiffer auf der Website von Bordallo Pinheiro. \u201eAls ich aufwuchs, habe ich es genossen, die Verwandlung der Farben mitzuerleben und in Bl\u00e4tterhaufen zu springen, die meine Mutter in unserem Garten sorgf\u00e4ltig gesammelt hat. Anschlie\u00dfend trockneten wir diese Bl\u00e4tter, um wundersch\u00f6ne Kunstwerke zu schaffen. Die von mir gefertigten Keramiken sind f\u00fcr meine Holztische aus der Mitte des Jahrhunderts entworfen und tragen dazu bei, meinem Zuhause die warmen Herbstt\u00f6ne zu verleihen. Sie finden auch einen Platz in meinen Wochenendausfl\u00fcgen auf dem Land, wo sie neben einem knisternden Feuer f\u00fcr gem\u00fctliche Farben sorgen. \u201eIch freue mich dar\u00fcber, wie diese Keramik dem Wohnraum eine subtile Note verleiht und wunderbar mit gr\u00fcnen Hortensien, einem Herbstklassiker, harmoniert.\u201c<\/p>\n<div class=\"van_vid_carousel\">\n<div class=\"van_vid_carousel__padding\">\n<div class=\"van_vid_carousel__container\"><\/div>\n<\/div>\n<\/div>\n<h2 id=\"shop-h-g-s-fall-tablescape-picks-3\">Kaufen Sie H&#038;Gs Tischdekorationen f\u00fcr den Herbst<\/h2>\n<p>Nachfolgend haben wir einige unserer beliebtesten Tischst\u00fccke f\u00fcr den Herbst zusammengestellt, darunter den Blattteller (erh\u00e4ltlich bei eBay) aus Schiffers neuer Kollektion.<\/p>\n<div id=\"ad-unit-2\" class=\"ad-unit\"><\/div>\n<hr>\n<h2 id=\"shop-h-g-s-fall-decor-edit-3\">Kaufen Sie H&#038;Gs Herbstdekor-Edit<\/h2>\n<div class=\"product-container hero-product-container product-block-no-wrap\"><\/div>\n<hr>\n<div id=\"slice-container-newsletterForm-articleInbodyContent-bToqMxqRMx4gCgcbZKsCeK\" class=\"slice-container newsletter-inbodyContent-slice newsletterForm-articleInbodyContent-bToqMxqRMx4gCgcbZKsCeK slice-container-newsletterForm\"><\/div>\n<\/div>\n<p><script async src=\"\/\/www.instagram.com\/embed.js\"><\/script><\/p>\n","protected":false},"excerpt":{"rendered":"<p>Claudia Schiffers wichtigstes Accessoire auf dem roten Teppich ist zwar ihre entz\u00fcckende Katze Chip, aber der Argyle-Star hat k\u00fcrzlich den Herbst mit einer neuen Kollektion<\/p>\n","protected":false},"author":1,"featured_media":1030,"comment_status":"closed","ping_status":"","sticky":false,"template":"","format":"standard","meta":{"footnotes":""},"categories":[118],"tags":[2001,1997,78,9,2003,55,1999,189,1141,225,11,2000,341,108,393,1998,2002,142,1596,2004],"class_list":["post-1029","post","type-post","status-publish","format-standard","has-post-thumbnail","hentry","category-haus-garten","tag-benannt","tag-claudia","tag-den","tag-die","tag-eignen","tag-fuer","tag-geschirrkollektion","tag-hat","tag-herbstlichen","tag-ihre","tag-ihrer","tag-mutter","tag-nach","tag-neue","tag-perfekt","tag-schiffer","tag-sentimentalen","tag-sich","tag-stuecke","tag-tischgedeck","generate-columns","tablet-grid-50","mobile-grid-100","grid-parent","grid-50"],"yoast_head":"<!-- This site is optimized with the Yoast SEO plugin v27.3 - https:\/\/yoast.com\/product\/yoast-seo-wordpress\/ -->\n<title>Claudia Schiffer hat ihre neue Geschirrkollektion nach ihrer Mutter benannt \u2013 die sentimentalen St\u00fccke eignen sich perfekt f\u00fcr den herbstlichen Tischgedeck - Nachrichten - Stra\u00dfenweb<\/title>\n<meta name=\"robots\" content=\"index, follow, max-snippet:-1, max-image-preview:large, max-video-preview:-1\" \/>\n<link rel=\"canonical\" href=\"https:\/\/www.strassenweb.de\/nachrichten\/claudia-schiffer-hat-ihre-neue-geschirrkollektion-nach-ihrer-mutter-benannt-die-sentimentalen-stuecke-eignen-sich-perfekt-fuer-den-herbstlichen-tischgedeck\/\" \/>\n<meta property=\"og:locale\" content=\"de_DE\" \/>\n<meta property=\"og:type\" content=\"article\" \/>\n<meta property=\"og:title\" content=\"Claudia Schiffer hat ihre neue Geschirrkollektion nach ihrer Mutter benannt \u2013 die sentimentalen St\u00fccke eignen sich perfekt f\u00fcr den herbstlichen Tischgedeck - Nachrichten - Stra\u00dfenweb\" \/>\n<meta property=\"og:description\" content=\"Claudia Schiffers wichtigstes Accessoire auf dem roten Teppich ist zwar ihre entz\u00fcckende Katze Chip, aber der Argyle-Star hat k\u00fcrzlich den Herbst mit einer neuen Kollektion\" \/>\n<meta property=\"og:url\" content=\"https:\/\/www.strassenweb.de\/nachrichten\/claudia-schiffer-hat-ihre-neue-geschirrkollektion-nach-ihrer-mutter-benannt-die-sentimentalen-stuecke-eignen-sich-perfekt-fuer-den-herbstlichen-tischgedeck\/\" \/>\n<meta property=\"og:site_name\" content=\"Stra\u00dfenweb\" \/>\n<meta property=\"article:publisher\" content=\"https:\/\/www.facebook.com\/strassenweb\/\" \/>\n<meta property=\"article:published_time\" content=\"2024-10-21T09:46:16+00:00\" \/>\n<meta property=\"article:modified_time\" content=\"2024-10-21T09:46:17+00:00\" \/>\n<meta property=\"og:image\" content=\"https:\/\/www.strassenweb.de\/nachrichten\/wp-content\/uploads\/2024\/10\/Claudia-Schiffer-hat-ihre-neue-Geschirrkollektion-nach-ihrer-Mutter-benannt.jpg\" \/>\n\t<meta property=\"og:image:width\" content=\"1200\" \/>\n\t<meta property=\"og:image:height\" content=\"675\" \/>\n\t<meta property=\"og:image:type\" content=\"image\/jpeg\" \/>\n<meta name=\"author\" content=\"Robert Hoffmann\" \/>\n<meta name=\"twitter:card\" content=\"summary_large_image\" \/>\n<meta name=\"twitter:label1\" content=\"Verfasst von\" \/>\n\t<meta name=\"twitter:data1\" content=\"Robert Hoffmann\" \/>\n\t<meta name=\"twitter:label2\" content=\"Gesch\u00e4tzte Lesezeit\" \/>\n\t<meta name=\"twitter:data2\" content=\"2\u00a0Minuten\" \/>\n<script type=\"application\/ld+json\" class=\"yoast-schema-graph\">{\"@context\":\"https:\\\/\\\/schema.org\",\"@graph\":[{\"@type\":\"Article\",\"@id\":\"https:\\\/\\\/www.strassenweb.de\\\/nachrichten\\\/claudia-schiffer-hat-ihre-neue-geschirrkollektion-nach-ihrer-mutter-benannt-die-sentimentalen-stuecke-eignen-sich-perfekt-fuer-den-herbstlichen-tischgedeck\\\/#article\",\"isPartOf\":{\"@id\":\"https:\\\/\\\/www.strassenweb.de\\\/nachrichten\\\/claudia-schiffer-hat-ihre-neue-geschirrkollektion-nach-ihrer-mutter-benannt-die-sentimentalen-stuecke-eignen-sich-perfekt-fuer-den-herbstlichen-tischgedeck\\\/\"},\"author\":{\"name\":\"Robert Hoffmann\",\"@id\":\"https:\\\/\\\/www.strassenweb.de\\\/nachrichten\\\/#\\\/schema\\\/person\\\/87c9c9067f1211da429a744dc5a5aa41\"},\"headline\":\"Claudia Schiffer hat ihre neue Geschirrkollektion nach ihrer Mutter benannt \u2013 die sentimentalen St\u00fccke eignen sich perfekt f\u00fcr den herbstlichen Tischgedeck\",\"datePublished\":\"2024-10-21T09:46:16+00:00\",\"dateModified\":\"2024-10-21T09:46:17+00:00\",\"mainEntityOfPage\":{\"@id\":\"https:\\\/\\\/www.strassenweb.de\\\/nachrichten\\\/claudia-schiffer-hat-ihre-neue-geschirrkollektion-nach-ihrer-mutter-benannt-die-sentimentalen-stuecke-eignen-sich-perfekt-fuer-den-herbstlichen-tischgedeck\\\/\"},\"wordCount\":359,\"publisher\":{\"@id\":\"https:\\\/\\\/www.strassenweb.de\\\/nachrichten\\\/#organization\"},\"image\":{\"@id\":\"https:\\\/\\\/www.strassenweb.de\\\/nachrichten\\\/claudia-schiffer-hat-ihre-neue-geschirrkollektion-nach-ihrer-mutter-benannt-die-sentimentalen-stuecke-eignen-sich-perfekt-fuer-den-herbstlichen-tischgedeck\\\/#primaryimage\"},\"thumbnailUrl\":\"https:\\\/\\\/www.strassenweb.de\\\/nachrichten\\\/wp-content\\\/uploads\\\/2024\\\/10\\\/Claudia-Schiffer-hat-ihre-neue-Geschirrkollektion-nach-ihrer-Mutter-benannt.jpg\",\"keywords\":[\"benannt\",\"Claudia\",\"den\",\"die\",\"eignen\",\"f\u00fcr\",\"Geschirrkollektion\",\"hat\",\"herbstlichen\",\"ihre\",\"ihrer\",\"Mutter\",\"Nach\",\"Neue\",\"perfekt\",\"Schiffer\",\"sentimentalen\",\"sich\",\"St\u00fccke\",\"Tischgedeck\"],\"articleSection\":[\"Haus &amp; Garten\"],\"inLanguage\":\"de\"},{\"@type\":\"WebPage\",\"@id\":\"https:\\\/\\\/www.strassenweb.de\\\/nachrichten\\\/claudia-schiffer-hat-ihre-neue-geschirrkollektion-nach-ihrer-mutter-benannt-die-sentimentalen-stuecke-eignen-sich-perfekt-fuer-den-herbstlichen-tischgedeck\\\/\",\"url\":\"https:\\\/\\\/www.strassenweb.de\\\/nachrichten\\\/claudia-schiffer-hat-ihre-neue-geschirrkollektion-nach-ihrer-mutter-benannt-die-sentimentalen-stuecke-eignen-sich-perfekt-fuer-den-herbstlichen-tischgedeck\\\/\",\"name\":\"Claudia Schiffer hat ihre neue Geschirrkollektion nach ihrer Mutter benannt \u2013 die sentimentalen St\u00fccke eignen sich perfekt f\u00fcr den herbstlichen Tischgedeck - Nachrichten - Stra\u00dfenweb\",\"isPartOf\":{\"@id\":\"https:\\\/\\\/www.strassenweb.de\\\/nachrichten\\\/#website\"},\"primaryImageOfPage\":{\"@id\":\"https:\\\/\\\/www.strassenweb.de\\\/nachrichten\\\/claudia-schiffer-hat-ihre-neue-geschirrkollektion-nach-ihrer-mutter-benannt-die-sentimentalen-stuecke-eignen-sich-perfekt-fuer-den-herbstlichen-tischgedeck\\\/#primaryimage\"},\"image\":{\"@id\":\"https:\\\/\\\/www.strassenweb.de\\\/nachrichten\\\/claudia-schiffer-hat-ihre-neue-geschirrkollektion-nach-ihrer-mutter-benannt-die-sentimentalen-stuecke-eignen-sich-perfekt-fuer-den-herbstlichen-tischgedeck\\\/#primaryimage\"},\"thumbnailUrl\":\"https:\\\/\\\/www.strassenweb.de\\\/nachrichten\\\/wp-content\\\/uploads\\\/2024\\\/10\\\/Claudia-Schiffer-hat-ihre-neue-Geschirrkollektion-nach-ihrer-Mutter-benannt.jpg\",\"datePublished\":\"2024-10-21T09:46:16+00:00\",\"dateModified\":\"2024-10-21T09:46:17+00:00\",\"breadcrumb\":{\"@id\":\"https:\\\/\\\/www.strassenweb.de\\\/nachrichten\\\/claudia-schiffer-hat-ihre-neue-geschirrkollektion-nach-ihrer-mutter-benannt-die-sentimentalen-stuecke-eignen-sich-perfekt-fuer-den-herbstlichen-tischgedeck\\\/#breadcrumb\"},\"inLanguage\":\"de\",\"potentialAction\":[{\"@type\":\"ReadAction\",\"target\":[\"https:\\\/\\\/www.strassenweb.de\\\/nachrichten\\\/claudia-schiffer-hat-ihre-neue-geschirrkollektion-nach-ihrer-mutter-benannt-die-sentimentalen-stuecke-eignen-sich-perfekt-fuer-den-herbstlichen-tischgedeck\\\/\"]}]},{\"@type\":\"ImageObject\",\"inLanguage\":\"de\",\"@id\":\"https:\\\/\\\/www.strassenweb.de\\\/nachrichten\\\/claudia-schiffer-hat-ihre-neue-geschirrkollektion-nach-ihrer-mutter-benannt-die-sentimentalen-stuecke-eignen-sich-perfekt-fuer-den-herbstlichen-tischgedeck\\\/#primaryimage\",\"url\":\"https:\\\/\\\/www.strassenweb.de\\\/nachrichten\\\/wp-content\\\/uploads\\\/2024\\\/10\\\/Claudia-Schiffer-hat-ihre-neue-Geschirrkollektion-nach-ihrer-Mutter-benannt.jpg\",\"contentUrl\":\"https:\\\/\\\/www.strassenweb.de\\\/nachrichten\\\/wp-content\\\/uploads\\\/2024\\\/10\\\/Claudia-Schiffer-hat-ihre-neue-Geschirrkollektion-nach-ihrer-Mutter-benannt.jpg\",\"width\":1200,\"height\":675,\"caption\":\"Claudia Schiffer hat ihre neue Geschirrkollektion nach ihrer Mutter benannt \u2013 die sentimentalen St\u00fccke eignen sich perfekt f\u00fcr den herbstlichen Tischgedeck\"},{\"@type\":\"BreadcrumbList\",\"@id\":\"https:\\\/\\\/www.strassenweb.de\\\/nachrichten\\\/claudia-schiffer-hat-ihre-neue-geschirrkollektion-nach-ihrer-mutter-benannt-die-sentimentalen-stuecke-eignen-sich-perfekt-fuer-den-herbstlichen-tischgedeck\\\/#breadcrumb\",\"itemListElement\":[{\"@type\":\"ListItem\",\"position\":1,\"name\":\"Home\",\"item\":\"https:\\\/\\\/www.strassenweb.de\\\/nachrichten\\\/\"},{\"@type\":\"ListItem\",\"position\":2,\"name\":\"Claudia Schiffer hat ihre neue Geschirrkollektion nach ihrer Mutter benannt \u2013 die sentimentalen St\u00fccke eignen sich perfekt f\u00fcr den herbstlichen Tischgedeck\"}]},{\"@type\":\"WebSite\",\"@id\":\"https:\\\/\\\/www.strassenweb.de\\\/nachrichten\\\/#website\",\"url\":\"https:\\\/\\\/www.strassenweb.de\\\/nachrichten\\\/\",\"name\":\"Stra\u00dfenweb\",\"description\":\"Stra\u00dfenverzeichnis f\u00fcr Deutschland\",\"publisher\":{\"@id\":\"https:\\\/\\\/www.strassenweb.de\\\/nachrichten\\\/#organization\"},\"potentialAction\":[{\"@type\":\"SearchAction\",\"target\":{\"@type\":\"EntryPoint\",\"urlTemplate\":\"https:\\\/\\\/www.strassenweb.de\\\/nachrichten\\\/?s={search_term_string}\"},\"query-input\":{\"@type\":\"PropertyValueSpecification\",\"valueRequired\":true,\"valueName\":\"search_term_string\"}}],\"inLanguage\":\"de\"},{\"@type\":\"Organization\",\"@id\":\"https:\\\/\\\/www.strassenweb.de\\\/nachrichten\\\/#organization\",\"name\":\"Stra\u00dfenweb\",\"url\":\"https:\\\/\\\/www.strassenweb.de\\\/nachrichten\\\/\",\"logo\":{\"@type\":\"ImageObject\",\"inLanguage\":\"de\",\"@id\":\"https:\\\/\\\/www.strassenweb.de\\\/nachrichten\\\/#\\\/schema\\\/logo\\\/image\\\/\",\"url\":\"https:\\\/\\\/www.strassenweb.de\\\/nachrichten\\\/wp-content\\\/uploads\\\/2024\\\/09\\\/cropped-favicon.png\",\"contentUrl\":\"https:\\\/\\\/www.strassenweb.de\\\/nachrichten\\\/wp-content\\\/uploads\\\/2024\\\/09\\\/cropped-favicon.png\",\"width\":512,\"height\":512,\"caption\":\"Stra\u00dfenweb\"},\"image\":{\"@id\":\"https:\\\/\\\/www.strassenweb.de\\\/nachrichten\\\/#\\\/schema\\\/logo\\\/image\\\/\"},\"sameAs\":[\"https:\\\/\\\/www.facebook.com\\\/strassenweb\\\/\"]},{\"@type\":\"Person\",\"@id\":\"https:\\\/\\\/www.strassenweb.de\\\/nachrichten\\\/#\\\/schema\\\/person\\\/87c9c9067f1211da429a744dc5a5aa41\",\"name\":\"Robert Hoffmann\",\"image\":{\"@type\":\"ImageObject\",\"inLanguage\":\"de\",\"@id\":\"https:\\\/\\\/www.strassenweb.de\\\/nachrichten\\\/wp-content\\\/uploads\\\/2024\\\/09\\\/strassenweb-150x150.jpg\",\"url\":\"https:\\\/\\\/www.strassenweb.de\\\/nachrichten\\\/wp-content\\\/uploads\\\/2024\\\/09\\\/strassenweb-150x150.jpg\",\"contentUrl\":\"https:\\\/\\\/www.strassenweb.de\\\/nachrichten\\\/wp-content\\\/uploads\\\/2024\\\/09\\\/strassenweb-150x150.jpg\",\"caption\":\"Robert Hoffmann\"},\"description\":\"Ich hei\u00dfe Robert Hoffmann und ich bin ein leidenschaftlicher Verfechter von \u00d6kologie und Biodiversit\u00e4t. Seit meiner Kindheit in den W\u00e4ldern Bayerns f\u00fchle ich mich mit der Natur verbunden und bin entschlossen, sie zu sch\u00fctzen. Heute widme ich mein Leben der Sensibilisierung anderer f\u00fcr die Bedeutung des Umweltschutzes f\u00fcr zuk\u00fcnftige Generationen.\",\"sameAs\":[\"https:\\\/\\\/www.strassenweb.de\\\/\"]}]}<\/script>\n<!-- \/ Yoast SEO plugin. -->","yoast_head_json":{"title":"Claudia Schiffer hat ihre neue Geschirrkollektion nach ihrer Mutter benannt \u2013 die sentimentalen St\u00fccke eignen sich perfekt f\u00fcr den herbstlichen Tischgedeck - Nachrichten - Stra\u00dfenweb","robots":{"index":"index","follow":"follow","max-snippet":"max-snippet:-1","max-image-preview":"max-image-preview:large","max-video-preview":"max-video-preview:-1"},"canonical":"https:\/\/www.strassenweb.de\/nachrichten\/claudia-schiffer-hat-ihre-neue-geschirrkollektion-nach-ihrer-mutter-benannt-die-sentimentalen-stuecke-eignen-sich-perfekt-fuer-den-herbstlichen-tischgedeck\/","og_locale":"de_DE","og_type":"article","og_title":"Claudia Schiffer hat ihre neue Geschirrkollektion nach ihrer Mutter benannt \u2013 die sentimentalen St\u00fccke eignen sich perfekt f\u00fcr den herbstlichen Tischgedeck - Nachrichten - Stra\u00dfenweb","og_description":"Claudia Schiffers wichtigstes Accessoire auf dem roten Teppich ist zwar ihre entz\u00fcckende Katze Chip, aber der Argyle-Star hat k\u00fcrzlich den Herbst mit einer neuen Kollektion","og_url":"https:\/\/www.strassenweb.de\/nachrichten\/claudia-schiffer-hat-ihre-neue-geschirrkollektion-nach-ihrer-mutter-benannt-die-sentimentalen-stuecke-eignen-sich-perfekt-fuer-den-herbstlichen-tischgedeck\/","og_site_name":"Stra\u00dfenweb","article_publisher":"https:\/\/www.facebook.com\/strassenweb\/","article_published_time":"2024-10-21T09:46:16+00:00","article_modified_time":"2024-10-21T09:46:17+00:00","og_image":[{"width":1200,"height":675,"url":"https:\/\/www.strassenweb.de\/nachrichten\/wp-content\/uploads\/2024\/10\/Claudia-Schiffer-hat-ihre-neue-Geschirrkollektion-nach-ihrer-Mutter-benannt.jpg","type":"image\/jpeg"}],"author":"Robert Hoffmann","twitter_card":"summary_large_image","twitter_misc":{"Verfasst von":"Robert Hoffmann","Gesch\u00e4tzte Lesezeit":"2\u00a0Minuten"},"schema":{"@context":"https:\/\/schema.org","@graph":[{"@type":"Article","@id":"https:\/\/www.strassenweb.de\/nachrichten\/claudia-schiffer-hat-ihre-neue-geschirrkollektion-nach-ihrer-mutter-benannt-die-sentimentalen-stuecke-eignen-sich-perfekt-fuer-den-herbstlichen-tischgedeck\/#article","isPartOf":{"@id":"https:\/\/www.strassenweb.de\/nachrichten\/claudia-schiffer-hat-ihre-neue-geschirrkollektion-nach-ihrer-mutter-benannt-die-sentimentalen-stuecke-eignen-sich-perfekt-fuer-den-herbstlichen-tischgedeck\/"},"author":{"name":"Robert Hoffmann","@id":"https:\/\/www.strassenweb.de\/nachrichten\/#\/schema\/person\/87c9c9067f1211da429a744dc5a5aa41"},"headline":"Claudia Schiffer hat ihre neue Geschirrkollektion nach ihrer Mutter benannt \u2013 die sentimentalen St\u00fccke eignen sich perfekt f\u00fcr den herbstlichen Tischgedeck","datePublished":"2024-10-21T09:46:16+00:00","dateModified":"2024-10-21T09:46:17+00:00","mainEntityOfPage":{"@id":"https:\/\/www.strassenweb.de\/nachrichten\/claudia-schiffer-hat-ihre-neue-geschirrkollektion-nach-ihrer-mutter-benannt-die-sentimentalen-stuecke-eignen-sich-perfekt-fuer-den-herbstlichen-tischgedeck\/"},"wordCount":359,"publisher":{"@id":"https:\/\/www.strassenweb.de\/nachrichten\/#organization"},"image":{"@id":"https:\/\/www.strassenweb.de\/nachrichten\/claudia-schiffer-hat-ihre-neue-geschirrkollektion-nach-ihrer-mutter-benannt-die-sentimentalen-stuecke-eignen-sich-perfekt-fuer-den-herbstlichen-tischgedeck\/#primaryimage"},"thumbnailUrl":"https:\/\/www.strassenweb.de\/nachrichten\/wp-content\/uploads\/2024\/10\/Claudia-Schiffer-hat-ihre-neue-Geschirrkollektion-nach-ihrer-Mutter-benannt.jpg","keywords":["benannt","Claudia","den","die","eignen","f\u00fcr","Geschirrkollektion","hat","herbstlichen","ihre","ihrer","Mutter","Nach","Neue","perfekt","Schiffer","sentimentalen","sich","St\u00fccke","Tischgedeck"],"articleSection":["Haus &amp; Garten"],"inLanguage":"de"},{"@type":"WebPage","@id":"https:\/\/www.strassenweb.de\/nachrichten\/claudia-schiffer-hat-ihre-neue-geschirrkollektion-nach-ihrer-mutter-benannt-die-sentimentalen-stuecke-eignen-sich-perfekt-fuer-den-herbstlichen-tischgedeck\/","url":"https:\/\/www.strassenweb.de\/nachrichten\/claudia-schiffer-hat-ihre-neue-geschirrkollektion-nach-ihrer-mutter-benannt-die-sentimentalen-stuecke-eignen-sich-perfekt-fuer-den-herbstlichen-tischgedeck\/","name":"Claudia Schiffer hat ihre neue Geschirrkollektion nach ihrer Mutter benannt \u2013 die sentimentalen St\u00fccke eignen sich perfekt f\u00fcr den herbstlichen Tischgedeck - Nachrichten - Stra\u00dfenweb","isPartOf":{"@id":"https:\/\/www.strassenweb.de\/nachrichten\/#website"},"primaryImageOfPage":{"@id":"https:\/\/www.strassenweb.de\/nachrichten\/claudia-schiffer-hat-ihre-neue-geschirrkollektion-nach-ihrer-mutter-benannt-die-sentimentalen-stuecke-eignen-sich-perfekt-fuer-den-herbstlichen-tischgedeck\/#primaryimage"},"image":{"@id":"https:\/\/www.strassenweb.de\/nachrichten\/claudia-schiffer-hat-ihre-neue-geschirrkollektion-nach-ihrer-mutter-benannt-die-sentimentalen-stuecke-eignen-sich-perfekt-fuer-den-herbstlichen-tischgedeck\/#primaryimage"},"thumbnailUrl":"https:\/\/www.strassenweb.de\/nachrichten\/wp-content\/uploads\/2024\/10\/Claudia-Schiffer-hat-ihre-neue-Geschirrkollektion-nach-ihrer-Mutter-benannt.jpg","datePublished":"2024-10-21T09:46:16+00:00","dateModified":"2024-10-21T09:46:17+00:00","breadcrumb":{"@id":"https:\/\/www.strassenweb.de\/nachrichten\/claudia-schiffer-hat-ihre-neue-geschirrkollektion-nach-ihrer-mutter-benannt-die-sentimentalen-stuecke-eignen-sich-perfekt-fuer-den-herbstlichen-tischgedeck\/#breadcrumb"},"inLanguage":"de","potentialAction":[{"@type":"ReadAction","target":["https:\/\/www.strassenweb.de\/nachrichten\/claudia-schiffer-hat-ihre-neue-geschirrkollektion-nach-ihrer-mutter-benannt-die-sentimentalen-stuecke-eignen-sich-perfekt-fuer-den-herbstlichen-tischgedeck\/"]}]},{"@type":"ImageObject","inLanguage":"de","@id":"https:\/\/www.strassenweb.de\/nachrichten\/claudia-schiffer-hat-ihre-neue-geschirrkollektion-nach-ihrer-mutter-benannt-die-sentimentalen-stuecke-eignen-sich-perfekt-fuer-den-herbstlichen-tischgedeck\/#primaryimage","url":"https:\/\/www.strassenweb.de\/nachrichten\/wp-content\/uploads\/2024\/10\/Claudia-Schiffer-hat-ihre-neue-Geschirrkollektion-nach-ihrer-Mutter-benannt.jpg","contentUrl":"https:\/\/www.strassenweb.de\/nachrichten\/wp-content\/uploads\/2024\/10\/Claudia-Schiffer-hat-ihre-neue-Geschirrkollektion-nach-ihrer-Mutter-benannt.jpg","width":1200,"height":675,"caption":"Claudia Schiffer hat ihre neue Geschirrkollektion nach ihrer Mutter benannt \u2013 die sentimentalen St\u00fccke eignen sich perfekt f\u00fcr den herbstlichen Tischgedeck"},{"@type":"BreadcrumbList","@id":"https:\/\/www.strassenweb.de\/nachrichten\/claudia-schiffer-hat-ihre-neue-geschirrkollektion-nach-ihrer-mutter-benannt-die-sentimentalen-stuecke-eignen-sich-perfekt-fuer-den-herbstlichen-tischgedeck\/#breadcrumb","itemListElement":[{"@type":"ListItem","position":1,"name":"Home","item":"https:\/\/www.strassenweb.de\/nachrichten\/"},{"@type":"ListItem","position":2,"name":"Claudia Schiffer hat ihre neue Geschirrkollektion nach ihrer Mutter benannt \u2013 die sentimentalen St\u00fccke eignen sich perfekt f\u00fcr den herbstlichen Tischgedeck"}]},{"@type":"WebSite","@id":"https:\/\/www.strassenweb.de\/nachrichten\/#website","url":"https:\/\/www.strassenweb.de\/nachrichten\/","name":"Stra\u00dfenweb","description":"Stra\u00dfenverzeichnis f\u00fcr Deutschland","publisher":{"@id":"https:\/\/www.strassenweb.de\/nachrichten\/#organization"},"potentialAction":[{"@type":"SearchAction","target":{"@type":"EntryPoint","urlTemplate":"https:\/\/www.strassenweb.de\/nachrichten\/?s={search_term_string}"},"query-input":{"@type":"PropertyValueSpecification","valueRequired":true,"valueName":"search_term_string"}}],"inLanguage":"de"},{"@type":"Organization","@id":"https:\/\/www.strassenweb.de\/nachrichten\/#organization","name":"Stra\u00dfenweb","url":"https:\/\/www.strassenweb.de\/nachrichten\/","logo":{"@type":"ImageObject","inLanguage":"de","@id":"https:\/\/www.strassenweb.de\/nachrichten\/#\/schema\/logo\/image\/","url":"https:\/\/www.strassenweb.de\/nachrichten\/wp-content\/uploads\/2024\/09\/cropped-favicon.png","contentUrl":"https:\/\/www.strassenweb.de\/nachrichten\/wp-content\/uploads\/2024\/09\/cropped-favicon.png","width":512,"height":512,"caption":"Stra\u00dfenweb"},"image":{"@id":"https:\/\/www.strassenweb.de\/nachrichten\/#\/schema\/logo\/image\/"},"sameAs":["https:\/\/www.facebook.com\/strassenweb\/"]},{"@type":"Person","@id":"https:\/\/www.strassenweb.de\/nachrichten\/#\/schema\/person\/87c9c9067f1211da429a744dc5a5aa41","name":"Robert Hoffmann","image":{"@type":"ImageObject","inLanguage":"de","@id":"https:\/\/www.strassenweb.de\/nachrichten\/wp-content\/uploads\/2024\/09\/strassenweb-150x150.jpg","url":"https:\/\/www.strassenweb.de\/nachrichten\/wp-content\/uploads\/2024\/09\/strassenweb-150x150.jpg","contentUrl":"https:\/\/www.strassenweb.de\/nachrichten\/wp-content\/uploads\/2024\/09\/strassenweb-150x150.jpg","caption":"Robert Hoffmann"},"description":"Ich hei\u00dfe Robert Hoffmann und ich bin ein leidenschaftlicher Verfechter von \u00d6kologie und Biodiversit\u00e4t. Seit meiner Kindheit in den W\u00e4ldern Bayerns f\u00fchle ich mich mit der Natur verbunden und bin entschlossen, sie zu sch\u00fctzen. Heute widme ich mein Leben der Sensibilisierung anderer f\u00fcr die Bedeutung des Umweltschutzes f\u00fcr zuk\u00fcnftige Generationen.","sameAs":["https:\/\/www.strassenweb.de\/"]}]}},"_links":{"self":[{"href":"https:\/\/www.strassenweb.de\/nachrichten\/wp-json\/wp\/v2\/posts\/1029","targetHints":{"allow":["GET"]}}],"collection":[{"href":"https:\/\/www.strassenweb.de\/nachrichten\/wp-json\/wp\/v2\/posts"}],"about":[{"href":"https:\/\/www.strassenweb.de\/nachrichten\/wp-json\/wp\/v2\/types\/post"}],"author":[{"embeddable":true,"href":"https:\/\/www.strassenweb.de\/nachrichten\/wp-json\/wp\/v2\/users\/1"}],"replies":[{"embeddable":true,"href":"https:\/\/www.strassenweb.de\/nachrichten\/wp-json\/wp\/v2\/comments?post=1029"}],"version-history":[{"count":0,"href":"https:\/\/www.strassenweb.de\/nachrichten\/wp-json\/wp\/v2\/posts\/1029\/revisions"}],"wp:featuredmedia":[{"embeddable":true,"href":"https:\/\/www.strassenweb.de\/nachrichten\/wp-json\/wp\/v2\/media\/1030"}],"wp:attachment":[{"href":"https:\/\/www.strassenweb.de\/nachrichten\/wp-json\/wp\/v2\/media?parent=1029"}],"wp:term":[{"taxonomy":"category","embeddable":true,"href":"https:\/\/www.strassenweb.de\/nachrichten\/wp-json\/wp\/v2\/categories?post=1029"},{"taxonomy":"post_tag","embeddable":true,"href":"https:\/\/www.strassenweb.de\/nachrichten\/wp-json\/wp\/v2\/tags?post=1029"}],"curies":[{"name":"wp","href":"https:\/\/api.w.org\/{rel}","templated":true}]}}